{"id":1745,"date":"2016-05-28T18:03:40","date_gmt":"2016-05-28T17:03:40","guid":{"rendered":"http:\/\/leregardlibre.com\/?p=1745"},"modified":"2025-09-22T15:15:17","modified_gmt":"2025-09-22T13:15:17","slug":"on-ira-tous-au-paradis-fiscal","status":"publish","type":"post","link":"https:\/\/leregardlibre.com\/en\/economy\/on-ira-tous-au-paradis-fiscal\/","title":{"rendered":"We'll all go to tax heaven..."},"content":{"rendered":"<p><em>Le Regard Libre N\u00b0 16 &#8211;&nbsp;Nicolas Jutzet<\/em><\/p>\n\n\n\n<p class=\"has-drop-cap\">Le m\u00e9tier de journaliste fait partie des m\u00e9tiers les plus importants dans un monde qui se veut libre. Il lui incombe d\u2019informer son prochain, de relayer des faits au grand public, bref de t\u00e9moigner de la vie de la cit\u00e9, soit une t\u00e2che cruciale, qui repr\u00e9sente une responsabilit\u00e9 non n\u00e9gligeable. Pour \u00eatre cr\u00e9dible, le journaliste doit faire preuve d\u2019une honn\u00eatet\u00e9 intellectuelle \u00e0 toute \u00e9preuve rigoureuse. Car finalement, c\u2019est l\u2019ensemble de la presse qui en p\u00e2tit quand une brebis galeuse s\u2019\u00e9gare sur le chemin du mensonge, de la propagande. Et c\u2019est l\u00e0 que commence mon reproche. Revenons sur le scandale des \u00abpanama papers\u00bb.<\/p>\n\n\n\n<!--more-->\n\n\n\n<h3 class=\"wp-block-heading\">Les \u00abpanama papers\u00bb<\/h3>\n\n\n\n<p>Cette affaire, vendue comme le scoop du si\u00e8cle, est une vaste fumisterie. C\u2019est tout au plus une nouvelle occasion pour le grand public, dans un \u00e9lan cathartique abject, de cracher sa haine du poss\u00e9dant. L\u2019affaire est chapeaut\u00e9e par l\u2019organisation des journalistes d\u2019investigation (ICIJ) qui, aid\u00e9e par un \u00ablanceur d\u2019alerte\u00bb, a eu acc\u00e8s \u00e0 11,5 millions de documents confidentiels d\u2019un cabinet panam\u00e9en.<\/p>\n\n\n\n\n\n<p>L\u2019ICIJ, qui se donne pour but de \u00abd\u00e9voiler les abus de pouvoir, la corruption et les manquements au devoir des institutions publiques ou priv\u00e9es, dans le but de les pousser \u00e0 agir avec honn\u00eatet\u00e9, <a href=\"https:\/\/fr.wiktionary.org\/wiki\/int%C3%A8gre\">int\u00e9grit\u00e9<\/a>, responsabilit\u00e9, afin de faire pr\u00e9valoir l&#8217;int\u00e9r\u00eat public\u00bb, fait donc ses r\u00e9v\u00e9lations gr\u00e2ce \u00e0 des donn\u00e9es d\u00e9rob\u00e9es.&nbsp;Ce qui n\u2019\u00e9meut personne, ou du moins qu\u2019une faible minorit\u00e9 du monde m\u00e9diatique, tr\u00e8s vite marginalis\u00e9e.<\/p>\n\n\n\n<figure class=\"wp-block-image\"><img decoding=\"async\" src=\"http:\/\/leregardlibre.com\/wp-content\/uploads\/2016\/05\/dessin-c3a9vasion-fiscale1-1.jpg\" alt=\"Dessin e\u0301vasion fiscale.jpg\" class=\"wp-image-1757\"\/><\/figure>\n\n\n\n<p>Soit. Revenons-en au sujet: le fait reproch\u00e9 \u00e0 ces personnes dont le nom est jet\u00e9 en p\u00e2ture, est de d\u00e9tenir, ou d\u2019avoir d\u00e9tenu dans le pass\u00e9, une soci\u00e9t\u00e9 offshore (soci\u00e9t\u00e9 \u00e9tablie dans une juridiction qui offre des avantages fiscaux aux non-r\u00e9sidents en \u00e9change de frais annuels pour s\u2019\u00e9tablir chez eux). Mince, on a un deuxi\u00e8me probl\u00e8me: d\u00e9tenir une offshore n\u2019est PAS ill\u00e9gal en soi. \u00c7a l\u2019est seulement si cette structure sert \u00e0 faire de l\u2019\u00e9vasion (fraude) fiscale. Mais c\u2019est tout \u00e0 fait r\u00e8glementaire pour de l\u2019optimisation fiscale.<\/p>\n\n\n\n<p>De fait, les m\u00e9dias, parfois qualifi\u00e9s de \u00abquatri\u00e8me pouvoir\u00bb (en plus du pouvoir l\u00e9gislatif, ex\u00e9cutif et judicaire), ont gravement manqu\u00e9 \u00e0 leur devoir dans cette affaire. Faisant fi de la pr\u00e9somption d\u2019innocence, ils ont livr\u00e9 des noms sans raison \u00e0 une populace assoiff\u00e9e de sang. Jug\u00e9s sur la place publique, ces horribles tra\u00eetres \u00e0 la nation m\u00e9riteraient, \u00e0 entendre la vindicte populaire, tout le malheur du monde. Car&nbsp;pour le citoyen lambda, m\u00eame l\u2019optimisation fiscale, pourtant l\u00e9gale, semble inacceptable. Il a l\u2019impression que ces personnalit\u00e9s ne participent point au \u00abbien commun\u00bb que financerait l\u2019imp\u00f4t.<\/p>\n\n\n\n\n\n<h3 class=\"wp-block-heading\">L\u2019imp\u00f4t est un vol<\/h3>\n\n\n\n<p>On reproche donc non pas un comportement \u00abill\u00e9gal\u00bb, mais \u00abimmoral\u00bb. Un bel exemple de sophisme collectiviste. Je regrette que dans la croyance g\u00e9n\u00e9rale, pr\u00e9sente dans les m\u00e9dias comme dans l\u2019enseignement, l\u2019imp\u00f4t soit vu comme une chose fonci\u00e8rement positive. Comme une dette envers la soci\u00e9t\u00e9. Alors que l\u2019imp\u00f4t est un vol, une spoliation, l\u00e9gitim\u00e9e par le \u00abbesoin collectif\u00bb, sur le dos de la propri\u00e9t\u00e9 priv\u00e9e! Fr\u00e9d\u00e9ric Bastiat disait que<em> \u00abla<span style=\"color:#000000;\">&nbsp;<\/span>spoliation<span style=\"color:#000000;\">&nbsp;<\/span>est un principe de haine et de d\u00e9sordre, et si elle rev\u00eat une forme plus particuli\u00e8rement odieuse, c&#8217;est surtout la forme l\u00e9gale\u00bb<\/em>. De facto, l\u2019optimisation fiscale, en plus d\u2019\u00eatre un droit, devient un devoir! Et si au lieu de stigmatiser les \u00abparadis fiscaux\u00bb, on se demandait pourquoi nous avons fait de nos pays de v\u00e9ritables enfers fiscaux? pourquoi nous avons \u00e9tendu les tentacules de l\u2019Etat au del\u00e0 des pouvoirs r\u00e9galiens<\/p>\n\n\n\n<p>Pendant que toute entreprise priv\u00e9e fonctionne gr\u00e2ce aux recettes re\u00e7ues sous forme de donation ou de paiement \u00e9chang\u00e9 contre un service voulu, l\u2019Etat obtient les siennes par la force (coercition). Que ceux qui s\u2019opposent \u00e0 cette vision r\u00e9pondent \u00e0 Murray Rothbard: <em>\u00abLes apologistes de l&#8217;Etat soutiennent que l&#8217;imp\u00f4t serait en fait volontaire. Il suffit, pour r\u00e9futer cette th\u00e8se, de se&nbsp;demander ce qui arriverait si les hommes de l&#8217;\u00c9tat renon\u00e7aient \u00e0 l&#8217;imposition et se contentaient de demander des contributions volontaires\u2026\u00bb.<\/em> Par ailleurs, j\u2019observe avec sarcasme l\u2019ing\u00e9niosit\u00e9 de mes concitoyens (de toutes conditions), au moment de remplir la d\u00e9claration d\u2019imp\u00f4t. Chacun cherche \u00e0 payer le moins possible, mais aucun ne remet en cause le syst\u00e8me. Le planisme a fait son \u0153uvre, il a gagn\u00e9. Il a annihil\u00e9 toute r\u00e9volte.<\/p>\n\n\n\n<p>Au lieu de regretter cet \u00e9tat de fait, nous en avons fait une fatalit\u00e9. D\u00e9cr\u00e9tant que seul l\u2019Etat pouvait s\u2019occuper de certaines t\u00e2ches, nous en avons perdu la ma\u00eetrise. Et comme l\u2019app\u00e9tit vient en mangeant, l\u2019Etat n\u2019a cess\u00e9 d\u2019\u00e9tendre son pouvoir. Dans cette spirale sans fin, <em>\u00abl&#8217;\u00e9vasion fiscale pr\u00e9serve la libert\u00e9 des citoyens en asphyxiant le budget de l&#8217;\u00c9tat. Ceux qui la pratiquent n&#8217;en profitent pas seulement eux-m\u00eames, ils rendent service \u00e0 toute la collectivit\u00e9 en freinant la prolif\u00e9ration des bureaucraties.\u00bb<\/em> (Christian Michel). En oubliant que l\u2019Etat ne pouvait r\u00e9pondre que de mani\u00e8re insatisfaisante \u00e0 la demande du march\u00e9 (vous et moi), nous lui avons, par paresse, abandonn\u00e9 une partie de notre libert\u00e9 individuelle. En retirant du pouvoir \u00e0 l\u2019Etat, nous r\u00e9duisons la part d\u2019arbitraire. En rendant sa libert\u00e9 au march\u00e9, nous laissons le consentement mutuel op\u00e9rer.<\/p>\n\n\n\n<p>Il est important de rappeler que, contrairement \u00e0 ce que l&#8217;on pourrait croire, \u00eatre oppos\u00e9 \u00e0 un financement \u00e9tatique ne revient pas \u00e0 \u00eatre oppos\u00e9 \u00e0 l&#8217;existence m\u00eame de l&#8217;activit\u00e9 financ\u00e9e. Prenons l&#8217;exemple des prestations sociales. Mon opposition au financement \u00e9tatique ne fait pas de moi un affreux sans-c\u0153ur qui souhaite voir mourir les gens mis\u00e9reux dans les rues. Non, ma solution serait de retourner \u00e0 la charit\u00e9 et \u00e0 la libre association (assurances) et de jeter aux oubliettes l\u2019absurde solidarit\u00e9 obligatoire que nous connaissons actuellement.<\/p>\n\n\n\n<form method=\"post\" action=\"https:\/\/newsletter.infomaniak.com\/external\/submit\" class=\"inf-form\" target=\"_blank\"><input type=\"email\" name=\"email\" style=\"display:none\" \/><input type=\"hidden\" name=\"key\" value=\"eyJpdiI6IlZXRVJGMlRGQUU2alNqUE81bitIUk5adnNVa0c4MllFTStzOHdHT1FQZ3c9IiwidmFsdWUiOiJIYzhwMUVCK1pTNnlhY3MyMmhuZlhReWJqemEwNk93blMxTjFHc0s2VHZrPSIsIm1hYyI6ImVhYTQ5N2I1M2NiYWE4NzBmNjk2NzgzYjliM2Y5NmYzM2E2ZmU3NGQxNTU1ZDFkMTU1MzY5NTdjYjE3ZTJmNTUifQ==\"><input type=\"hidden\" name=\"webform_id\" value=\"7291\"><style> .inf-main_3000311ca56a1cb93397bc676c0b7fff{ background-color:#f5f5f5; padding:25px 20px; margin:25px auto; } .inf-main_3000311ca56a1cb93397bc676c0b7fff .inf-content { margin-top:13px;} .inf-main_3000311ca56a1cb93397bc676c0b7fff h4, .inf-main_3000311ca56a1cb93397bc676c0b7fff span, .inf-main_3000311ca56a1cb93397bc676c0b7fff label, .inf-main_3000311ca56a1cb93397bc676c0b7fff input, .inf-main_3000311ca56a1cb93397bc676c0b7fff .inf-submit, .inf-main_3000311ca56a1cb93397bc676c0b7fff .inf-success p a { color:#555555; font-size:14px; } .inf-main_3000311ca56a1cb93397bc676c0b7fff h4{ font-size:18px; margin:0px 0px 13px 0px; } .inf-main_3000311ca56a1cb93397bc676c0b7fff h4, .inf-main_3000311ca56a1cb93397bc676c0b7fff label{ font-weight:bold; } .inf-main_3000311ca56a1cb93397bc676c0b7fff .inf-input { margin-bottom:7px; } .inf-main_3000311ca56a1cb93397bc676c0b7fff label { display:block;} .inf-main_3000311ca56a1cb93397bc676c0b7fff input{ height:35px; color:#999999; border: 1px solid #E9E9E9; border:none; padding-left:7px; } .inf-main_3000311ca56a1cb93397bc676c0b7fff .inf-input.inf-error label, .inf-main_3000311ca56a1cb93397bc676c0b7fff .inf-input.inf-error span.inf-message{ color: #cc0033; } .inf-main_3000311ca56a1cb93397bc676c0b7fff .inf-input.inf-error input{ border: 1px solid #cc0033; } .inf-main_3000311ca56a1cb93397bc676c0b7fff .inf-input input { width:100%;} .inf-main_3000311ca56a1cb93397bc676c0b7fff .inf-input.inf-error span.inf-message { display: block; } .inf-main_3000311ca56a1cb93397bc676c0b7fff .inf-submit { text-align:right;} .inf-main_3000311ca56a1cb93397bc676c0b7fff .inf-submit input{ background-color:#777777; color:#ffffff; border:none; font-weight: normal; height:auto; padding:7px; } .inf-main_3000311ca56a1cb93397bc676c0b7fff .inf-submit input.disabled{ opacity: 0.4; } .inf-btn { color: rgb(85, 85, 85); border: medium none; font-weight: normal; height: auto; padding: 7px; display: inline-block; background-color: white; box-shadow: 0px 1px 1px rgba(0, 0, 0, 0.24); border-radius: 2px; line-height: 1em; } .inf-rgpd { margin:25px 0px 15px 0px; color:#555555; } <\/style> <div class=\"inf-main_3000311ca56a1cb93397bc676c0b7fff\"> <h4>NEWSLETTER DU REGARD LIBRE<\/h4> <span>Receive our articles every Sunday.<\/span> <div class=\"inf-success\" style=\"display:none\"> <h4>Your subscription to our weekly newsletter has been successfully registered!<\/h4> <p> <a href=\"#\" class=\"inf-btn\">\u00ab<\/a> <\/p> <\/div> <div class=\"inf-content\"> <div class=\"inf-input inf-input-text\"> <input type=\"text\" name=\"inf[1]\" data-inf-meta = \"1\" data-inf-error = \"Merci de renseigner une adresse email\" required=\"required\" placeholder=\"Email\" > <\/div> <div class=\"inf-submit\"> <input type=\"submit\" name=\"\" value=\"Sign up\"> <\/div> <\/div> <\/div> <\/form>\n\n\n\n<p>Dans l\u2019attente d\u2019un hypoth\u00e9tique changement de paradigme, et tant qu\u2019en Suisse, il existera des pr\u00e9l\u00e8vements absurdes du type \u00abimp\u00f4ts d\u2019orientation\u00bb (tabacs, alcool, et peut-\u00eatre bient\u00f4t le sucre), cens\u00e9s prot\u00e9ger les citoyens\u2026 d\u2019eux m\u00eames, j\u2019\u00e9prouverai une certaine compassion pour les contribuables en d\u00e9licatesse avec le fisc. Et si au final, c\u2019\u00e9taient eux les moins dangereux?<\/p>\n\n\n\n<p><em>Write to the author: <a href=\"mailto:nicolas.jutzet@leregardlibre.com\">nicolas.jutzet@leregardlibre.com<\/a><\/em><\/p>\n\n\n\n<p>Cr\u00e9dit photo: \u00a9 Newsfirst<\/p>","protected":false},"excerpt":{"rendered":"<p>Le Regard Libre N\u00b0 16 &#8211;&nbsp;Nicolas Jutzet Le m\u00e9tier de journaliste fait partie des m\u00e9tiers les plus importants dans un&#8230;<\/p>","protected":false},"author":314,"featured_media":13519,"comment_status":"open","ping_status":"open","sticky":false,"template":"","format":"standard","meta":{"_acf_changed":false,"footnotes":""},"categories":[27371],"tags":[644358470,678911,535111,479910780],"class_list":["post-1745","post","type-post","status-publish","format-standard","has-post-thumbnail","hentry","category-economie","tag-fiscalite","tag-frederic-bastiat","tag-murray-rothbard","tag-panama-papers"],"acf":[],"yoast_head":"<!-- This site is optimized with the Yoast SEO Premium plugin v27.4 (Yoast SEO v27.4) - https:\/\/yoast.com\/product\/yoast-seo-premium-wordpress\/ -->\n<title>On ira tous au paradis... fiscal<\/title>\n<meta name=\"robots\" content=\"index, follow, max-snippet:-1, max-image-preview:large, max-video-preview:-1\" \/>\n<link rel=\"canonical\" href=\"https:\/\/leregardlibre.com\/en\/economy\/on-ira-tous-au-paradis-fiscal\/\" \/>\n<meta property=\"og:locale\" content=\"en_US\" \/>\n<meta property=\"og:type\" content=\"article\" \/>\n<meta property=\"og:title\" content=\"On ira tous au paradis... fiscal\" \/>\n<meta property=\"og:description\" content=\"Le Regard Libre N\u00b0 16 -&nbsp;Nicolas Jutzet Le m\u00e9tier de journaliste fait partie des m\u00e9tiers les plus importants dans un...\" \/>\n<meta property=\"og:url\" content=\"https:\/\/leregardlibre.com\/en\/economy\/on-ira-tous-au-paradis-fiscal\/\" \/>\n<meta property=\"og:site_name\" content=\"Le Regard Libre\" \/>\n<meta property=\"article:publisher\" content=\"https:\/\/www.facebook.com\/leregardlibre\/\" \/>\n<meta property=\"article:published_time\" content=\"2016-05-28T17:03:40+00:00\" \/>\n<meta property=\"article:modified_time\" content=\"2025-09-22T13:15:17+00:00\" \/>\n<meta property=\"og:image\" content=\"https:\/\/leregardlibre.com\/wp-content\/uploads\/2016\/05\/panama-papers.jpg\" \/>\n\t<meta property=\"og:image:width\" content=\"2480\" \/>\n\t<meta property=\"og:image:height\" content=\"1543\" \/>\n\t<meta property=\"og:image:type\" content=\"image\/jpeg\" \/>\n<meta name=\"author\" content=\"Nicolas Jutzet\" \/>\n<meta name=\"twitter:card\" content=\"summary_large_image\" \/>\n<meta name=\"twitter:creator\" content=\"@LeRegardLibre\" \/>\n<meta name=\"twitter:site\" content=\"@LeRegardLibre\" \/>\n<meta name=\"twitter:label1\" content=\"Written by\" \/>\n\t<meta name=\"twitter:data1\" content=\"Nicolas Jutzet\" \/>\n\t<meta name=\"twitter:label2\" content=\"Est. reading time\" \/>\n\t<meta name=\"twitter:data2\" content=\"6 minutes\" \/>\n<script type=\"application\/ld+json\" class=\"yoast-schema-graph\">{\"@context\":\"https:\\\/\\\/schema.org\",\"@graph\":[{\"@type\":\"Article\",\"@id\":\"https:\\\/\\\/leregardlibre.com\\\/economie\\\/on-ira-tous-au-paradis-fiscal\\\/#article\",\"isPartOf\":{\"@id\":\"https:\\\/\\\/leregardlibre.com\\\/economie\\\/on-ira-tous-au-paradis-fiscal\\\/\"},\"author\":{\"name\":\"Nicolas Jutzet\",\"@id\":\"https:\\\/\\\/leregardlibre.com\\\/#\\\/schema\\\/person\\\/3446d3a78b45211305188d4401e7719a\"},\"headline\":\"On ira tous au paradis&#8230; fiscal\",\"datePublished\":\"2016-05-28T17:03:40+00:00\",\"dateModified\":\"2025-09-22T13:15:17+00:00\",\"mainEntityOfPage\":{\"@id\":\"https:\\\/\\\/leregardlibre.com\\\/economie\\\/on-ira-tous-au-paradis-fiscal\\\/\"},\"wordCount\":1175,\"commentCount\":0,\"publisher\":{\"@id\":\"https:\\\/\\\/leregardlibre.com\\\/#organization\"},\"image\":{\"@id\":\"https:\\\/\\\/leregardlibre.com\\\/economie\\\/on-ira-tous-au-paradis-fiscal\\\/#primaryimage\"},\"thumbnailUrl\":\"https:\\\/\\\/leregardlibre.com\\\/wp-content\\\/uploads\\\/2016\\\/05\\\/panama-papers.jpg\",\"keywords\":[\"Fiscalit\u00e9\",\"Fr\u00e9d\u00e9ric Bastiat\",\"Murray Rothbard\",\"Panama Papers\"],\"articleSection\":[\"Economie\"],\"inLanguage\":\"en-US\",\"potentialAction\":[{\"@type\":\"CommentAction\",\"name\":\"Comment\",\"target\":[\"https:\\\/\\\/leregardlibre.com\\\/economie\\\/on-ira-tous-au-paradis-fiscal\\\/#respond\"]}]},{\"@type\":\"WebPage\",\"@id\":\"https:\\\/\\\/leregardlibre.com\\\/economie\\\/on-ira-tous-au-paradis-fiscal\\\/\",\"url\":\"https:\\\/\\\/leregardlibre.com\\\/economie\\\/on-ira-tous-au-paradis-fiscal\\\/\",\"name\":\"On ira tous au paradis... fiscal\",\"isPartOf\":{\"@id\":\"https:\\\/\\\/leregardlibre.com\\\/#website\"},\"primaryImageOfPage\":{\"@id\":\"https:\\\/\\\/leregardlibre.com\\\/economie\\\/on-ira-tous-au-paradis-fiscal\\\/#primaryimage\"},\"image\":{\"@id\":\"https:\\\/\\\/leregardlibre.com\\\/economie\\\/on-ira-tous-au-paradis-fiscal\\\/#primaryimage\"},\"thumbnailUrl\":\"https:\\\/\\\/leregardlibre.com\\\/wp-content\\\/uploads\\\/2016\\\/05\\\/panama-papers.jpg\",\"datePublished\":\"2016-05-28T17:03:40+00:00\",\"dateModified\":\"2025-09-22T13:15:17+00:00\",\"breadcrumb\":{\"@id\":\"https:\\\/\\\/leregardlibre.com\\\/economie\\\/on-ira-tous-au-paradis-fiscal\\\/#breadcrumb\"},\"inLanguage\":\"en-US\",\"potentialAction\":[{\"@type\":\"ReadAction\",\"target\":[\"https:\\\/\\\/leregardlibre.com\\\/economie\\\/on-ira-tous-au-paradis-fiscal\\\/\"]}]},{\"@type\":\"ImageObject\",\"inLanguage\":\"en-US\",\"@id\":\"https:\\\/\\\/leregardlibre.com\\\/economie\\\/on-ira-tous-au-paradis-fiscal\\\/#primaryimage\",\"url\":\"https:\\\/\\\/leregardlibre.com\\\/wp-content\\\/uploads\\\/2016\\\/05\\\/panama-papers.jpg\",\"contentUrl\":\"https:\\\/\\\/leregardlibre.com\\\/wp-content\\\/uploads\\\/2016\\\/05\\\/panama-papers.jpg\",\"width\":2480,\"height\":1543},{\"@type\":\"BreadcrumbList\",\"@id\":\"https:\\\/\\\/leregardlibre.com\\\/economie\\\/on-ira-tous-au-paradis-fiscal\\\/#breadcrumb\",\"itemListElement\":[{\"@type\":\"ListItem\",\"position\":1,\"name\":\"Accueil\",\"item\":\"https:\\\/\\\/leregardlibre.com\\\/\"},{\"@type\":\"ListItem\",\"position\":2,\"name\":\"On ira tous au paradis&#8230; fiscal\"}]},{\"@type\":\"WebSite\",\"@id\":\"https:\\\/\\\/leregardlibre.com\\\/#website\",\"url\":\"https:\\\/\\\/leregardlibre.com\\\/\",\"name\":\"Le Regard Libre\",\"description\":\"Premier mensuel suisse de d\u00e9bat\",\"publisher\":{\"@id\":\"https:\\\/\\\/leregardlibre.com\\\/#organization\"},\"potentialAction\":[{\"@type\":\"SearchAction\",\"target\":{\"@type\":\"EntryPoint\",\"urlTemplate\":\"https:\\\/\\\/leregardlibre.com\\\/?s={search_term_string}\"},\"query-input\":{\"@type\":\"PropertyValueSpecification\",\"valueRequired\":true,\"valueName\":\"search_term_string\"}}],\"inLanguage\":\"en-US\"},{\"@type\":\"Organization\",\"@id\":\"https:\\\/\\\/leregardlibre.com\\\/#organization\",\"name\":\"Le Regard Libre\",\"url\":\"https:\\\/\\\/leregardlibre.com\\\/\",\"logo\":{\"@type\":\"ImageObject\",\"inLanguage\":\"en-US\",\"@id\":\"https:\\\/\\\/leregardlibre.com\\\/#\\\/schema\\\/logo\\\/image\\\/\",\"url\":\"https:\\\/\\\/leregardlibre.com\\\/wp-content\\\/uploads\\\/2025\\\/08\\\/logo-rl-icone-neg.jpeg\",\"contentUrl\":\"https:\\\/\\\/leregardlibre.com\\\/wp-content\\\/uploads\\\/2025\\\/08\\\/logo-rl-icone-neg.jpeg\",\"width\":557,\"height\":556,\"caption\":\"Le Regard Libre\"},\"image\":{\"@id\":\"https:\\\/\\\/leregardlibre.com\\\/#\\\/schema\\\/logo\\\/image\\\/\"},\"sameAs\":[\"https:\\\/\\\/www.facebook.com\\\/leregardlibre\\\/\",\"https:\\\/\\\/x.com\\\/LeRegardLibre\",\"https:\\\/\\\/www.linkedin.com\\\/company\\\/le-regard-libre\",\"https:\\\/\\\/www.instagram.com\\\/leregardlibre\\\/\",\"http:\\\/\\\/t.me\\\/leregardlibre\",\"https:\\\/\\\/youtube.com\\\/channel\\\/UC6HzGPomj1LsUmlz-sJtITQ\"],\"description\":\"Le Regard Libre est un mensuel suisse de d\u00e9bat intellectuel et culturel. Sa r\u00e9daction est jeune, b\u00e9n\u00e9vole, lib\u00e9rale et pluraliste. Le magazine para\u00eet en ligne et sous forme papier. Sa langue est le fran\u00e7ais.\",\"email\":\"redaction@leregardlibre.com\",\"legalName\":\"Le Regard Libre\",\"foundingDate\":\"2014-01-01\",\"numberOfEmployees\":{\"@type\":\"QuantitativeValue\",\"minValue\":\"11\",\"maxValue\":\"50\"},\"publishingPrinciples\":\"https:\\\/\\\/leregardlibre.com\\\/a-propos\\\/notre-manifeste\\\/\",\"ownershipFundingInfo\":\"https:\\\/\\\/leregardlibre.com\\\/mentions-legales\\\/\",\"actionableFeedbackPolicy\":\"https:\\\/\\\/leregardlibre.com\\\/conditions-generales-de-vente\\\/\"},{\"@type\":\"Person\",\"@id\":\"https:\\\/\\\/leregardlibre.com\\\/#\\\/schema\\\/person\\\/3446d3a78b45211305188d4401e7719a\",\"name\":\"Nicolas Jutzet\",\"image\":{\"@type\":\"ImageObject\",\"inLanguage\":\"en-US\",\"@id\":\"https:\\\/\\\/secure.gravatar.com\\\/avatar\\\/0051d940078d390e50a5e700a6c653e3776f3a164b8878a91d3c09ee3a174239?s=96&d=identicon&r=g\",\"url\":\"https:\\\/\\\/secure.gravatar.com\\\/avatar\\\/0051d940078d390e50a5e700a6c653e3776f3a164b8878a91d3c09ee3a174239?s=96&d=identicon&r=g\",\"contentUrl\":\"https:\\\/\\\/secure.gravatar.com\\\/avatar\\\/0051d940078d390e50a5e700a6c653e3776f3a164b8878a91d3c09ee3a174239?s=96&d=identicon&r=g\",\"caption\":\"Nicolas Jutzet\"},\"description\":\"Co-fondateur du m\u00e9dia Liber-th\u00e9, Nicolas Jutzet est vice-directeur de l\u2019Institut lib\u00e9ral, en Suisse.\",\"sameAs\":[\"https:\\\/\\\/nicolasjutzet.ch\\\/a-propos\\\/\",\"https:\\\/\\\/fr.wikipedia.org\\\/wiki\\\/Le_Regard_libre\"],\"url\":\"https:\\\/\\\/leregardlibre.com\\\/en\\\/author\\\/nicolas-jutzet\\\/\"}]}<\/script>\n<!-- \/ Yoast SEO Premium plugin. -->","yoast_head_json":{"title":"On ira tous au paradis... fiscal","robots":{"index":"index","follow":"follow","max-snippet":"max-snippet:-1","max-image-preview":"max-image-preview:large","max-video-preview":"max-video-preview:-1"},"canonical":"https:\/\/leregardlibre.com\/en\/economy\/on-ira-tous-au-paradis-fiscal\/","og_locale":"en_US","og_type":"article","og_title":"On ira tous au paradis... fiscal","og_description":"Le Regard Libre N\u00b0 16 -&nbsp;Nicolas Jutzet Le m\u00e9tier de journaliste fait partie des m\u00e9tiers les plus importants dans un...","og_url":"https:\/\/leregardlibre.com\/en\/economy\/on-ira-tous-au-paradis-fiscal\/","og_site_name":"Le Regard Libre","article_publisher":"https:\/\/www.facebook.com\/leregardlibre\/","article_published_time":"2016-05-28T17:03:40+00:00","article_modified_time":"2025-09-22T13:15:17+00:00","og_image":[{"width":2480,"height":1543,"url":"https:\/\/leregardlibre.com\/wp-content\/uploads\/2016\/05\/panama-papers.jpg","type":"image\/jpeg"}],"author":"Nicolas Jutzet","twitter_card":"summary_large_image","twitter_creator":"@LeRegardLibre","twitter_site":"@LeRegardLibre","twitter_misc":{"Written by":"Nicolas Jutzet","Est. reading time":"6 minutes"},"schema":{"@context":"https:\/\/schema.org","@graph":[{"@type":"Article","@id":"https:\/\/leregardlibre.com\/economie\/on-ira-tous-au-paradis-fiscal\/#article","isPartOf":{"@id":"https:\/\/leregardlibre.com\/economie\/on-ira-tous-au-paradis-fiscal\/"},"author":{"name":"Nicolas Jutzet","@id":"https:\/\/leregardlibre.com\/#\/schema\/person\/3446d3a78b45211305188d4401e7719a"},"headline":"On ira tous au paradis&#8230; fiscal","datePublished":"2016-05-28T17:03:40+00:00","dateModified":"2025-09-22T13:15:17+00:00","mainEntityOfPage":{"@id":"https:\/\/leregardlibre.com\/economie\/on-ira-tous-au-paradis-fiscal\/"},"wordCount":1175,"commentCount":0,"publisher":{"@id":"https:\/\/leregardlibre.com\/#organization"},"image":{"@id":"https:\/\/leregardlibre.com\/economie\/on-ira-tous-au-paradis-fiscal\/#primaryimage"},"thumbnailUrl":"https:\/\/leregardlibre.com\/wp-content\/uploads\/2016\/05\/panama-papers.jpg","keywords":["Fiscalit\u00e9","Fr\u00e9d\u00e9ric Bastiat","Murray Rothbard","Panama Papers"],"articleSection":["Economie"],"inLanguage":"en-US","potentialAction":[{"@type":"CommentAction","name":"Comment","target":["https:\/\/leregardlibre.com\/economie\/on-ira-tous-au-paradis-fiscal\/#respond"]}]},{"@type":"WebPage","@id":"https:\/\/leregardlibre.com\/economie\/on-ira-tous-au-paradis-fiscal\/","url":"https:\/\/leregardlibre.com\/economie\/on-ira-tous-au-paradis-fiscal\/","name":"On ira tous au paradis... fiscal","isPartOf":{"@id":"https:\/\/leregardlibre.com\/#website"},"primaryImageOfPage":{"@id":"https:\/\/leregardlibre.com\/economie\/on-ira-tous-au-paradis-fiscal\/#primaryimage"},"image":{"@id":"https:\/\/leregardlibre.com\/economie\/on-ira-tous-au-paradis-fiscal\/#primaryimage"},"thumbnailUrl":"https:\/\/leregardlibre.com\/wp-content\/uploads\/2016\/05\/panama-papers.jpg","datePublished":"2016-05-28T17:03:40+00:00","dateModified":"2025-09-22T13:15:17+00:00","breadcrumb":{"@id":"https:\/\/leregardlibre.com\/economie\/on-ira-tous-au-paradis-fiscal\/#breadcrumb"},"inLanguage":"en-US","potentialAction":[{"@type":"ReadAction","target":["https:\/\/leregardlibre.com\/economie\/on-ira-tous-au-paradis-fiscal\/"]}]},{"@type":"ImageObject","inLanguage":"en-US","@id":"https:\/\/leregardlibre.com\/economie\/on-ira-tous-au-paradis-fiscal\/#primaryimage","url":"https:\/\/leregardlibre.com\/wp-content\/uploads\/2016\/05\/panama-papers.jpg","contentUrl":"https:\/\/leregardlibre.com\/wp-content\/uploads\/2016\/05\/panama-papers.jpg","width":2480,"height":1543},{"@type":"BreadcrumbList","@id":"https:\/\/leregardlibre.com\/economie\/on-ira-tous-au-paradis-fiscal\/#breadcrumb","itemListElement":[{"@type":"ListItem","position":1,"name":"Accueil","item":"https:\/\/leregardlibre.com\/"},{"@type":"ListItem","position":2,"name":"On ira tous au paradis&#8230; fiscal"}]},{"@type":"WebSite","@id":"https:\/\/leregardlibre.com\/#website","url":"https:\/\/leregardlibre.com\/","name":"Le Regard Libre","description":"Switzerland's first monthly debate magazine","publisher":{"@id":"https:\/\/leregardlibre.com\/#organization"},"potentialAction":[{"@type":"SearchAction","target":{"@type":"EntryPoint","urlTemplate":"https:\/\/leregardlibre.com\/?s={search_term_string}"},"query-input":{"@type":"PropertyValueSpecification","valueRequired":true,"valueName":"search_term_string"}}],"inLanguage":"en-US"},{"@type":"Organization","@id":"https:\/\/leregardlibre.com\/#organization","name":"Le Regard Libre","url":"https:\/\/leregardlibre.com\/","logo":{"@type":"ImageObject","inLanguage":"en-US","@id":"https:\/\/leregardlibre.com\/#\/schema\/logo\/image\/","url":"https:\/\/leregardlibre.com\/wp-content\/uploads\/2025\/08\/logo-rl-icone-neg.jpeg","contentUrl":"https:\/\/leregardlibre.com\/wp-content\/uploads\/2025\/08\/logo-rl-icone-neg.jpeg","width":557,"height":556,"caption":"Le Regard Libre"},"image":{"@id":"https:\/\/leregardlibre.com\/#\/schema\/logo\/image\/"},"sameAs":["https:\/\/www.facebook.com\/leregardlibre\/","https:\/\/x.com\/LeRegardLibre","https:\/\/www.linkedin.com\/company\/le-regard-libre","https:\/\/www.instagram.com\/leregardlibre\/","http:\/\/t.me\/leregardlibre","https:\/\/youtube.com\/channel\/UC6HzGPomj1LsUmlz-sJtITQ"],"description":"Le Regard Libre is a Swiss monthly magazine for intellectual and cultural debate. Its editorial team is young, voluntary, liberal and pluralist. The magazine appears online and in print. Its language is French.","email":"redaction@leregardlibre.com","legalName":"Le Regard Libre","foundingDate":"2014-01-01","numberOfEmployees":{"@type":"QuantitativeValue","minValue":"11","maxValue":"50"},"publishingPrinciples":"https:\/\/leregardlibre.com\/a-propos\/notre-manifeste\/","ownershipFundingInfo":"https:\/\/leregardlibre.com\/mentions-legales\/","actionableFeedbackPolicy":"https:\/\/leregardlibre.com\/conditions-generales-de-vente\/"},{"@type":"Person","@id":"https:\/\/leregardlibre.com\/#\/schema\/person\/3446d3a78b45211305188d4401e7719a","name":"Nicolas Jutzet","image":{"@type":"ImageObject","inLanguage":"en-US","@id":"https:\/\/secure.gravatar.com\/avatar\/0051d940078d390e50a5e700a6c653e3776f3a164b8878a91d3c09ee3a174239?s=96&d=identicon&r=g","url":"https:\/\/secure.gravatar.com\/avatar\/0051d940078d390e50a5e700a6c653e3776f3a164b8878a91d3c09ee3a174239?s=96&d=identicon&r=g","contentUrl":"https:\/\/secure.gravatar.com\/avatar\/0051d940078d390e50a5e700a6c653e3776f3a164b8878a91d3c09ee3a174239?s=96&d=identicon&r=g","caption":"Nicolas Jutzet"},"description":"Co-founder of the Liber-th\u00e9 media, Nicolas Jutzet is vice-director of the Institut lib\u00e9ral in Switzerland.","sameAs":["https:\/\/nicolasjutzet.ch\/a-propos\/","https:\/\/fr.wikipedia.org\/wiki\/Le_Regard_libre"],"url":"https:\/\/leregardlibre.com\/en\/author\/nicolas-jutzet\/"}]}},"_links":{"self":[{"href":"https:\/\/leregardlibre.com\/en\/wp-json\/wp\/v2\/posts\/1745","targetHints":{"allow":["GET"]}}],"collection":[{"href":"https:\/\/leregardlibre.com\/en\/wp-json\/wp\/v2\/posts"}],"about":[{"href":"https:\/\/leregardlibre.com\/en\/wp-json\/wp\/v2\/types\/post"}],"author":[{"embeddable":true,"href":"https:\/\/leregardlibre.com\/en\/wp-json\/wp\/v2\/users\/314"}],"replies":[{"embeddable":true,"href":"https:\/\/leregardlibre.com\/en\/wp-json\/wp\/v2\/comments?post=1745"}],"version-history":[{"count":2,"href":"https:\/\/leregardlibre.com\/en\/wp-json\/wp\/v2\/posts\/1745\/revisions"}],"predecessor-version":[{"id":509668,"href":"https:\/\/leregardlibre.com\/en\/wp-json\/wp\/v2\/posts\/1745\/revisions\/509668"}],"wp:featuredmedia":[{"embeddable":true,"href":"https:\/\/leregardlibre.com\/en\/wp-json\/wp\/v2\/media\/13519"}],"wp:attachment":[{"href":"https:\/\/leregardlibre.com\/en\/wp-json\/wp\/v2\/media?parent=1745"}],"wp:term":[{"taxonomy":"category","embeddable":true,"href":"https:\/\/leregardlibre.com\/en\/wp-json\/wp\/v2\/categories?post=1745"},{"taxonomy":"post_tag","embeddable":true,"href":"https:\/\/leregardlibre.com\/en\/wp-json\/wp\/v2\/tags?post=1745"}],"curies":[{"name":"wp","href":"https:\/\/api.w.org\/{rel}","templated":true}]}}