{"id":17450,"date":"2018-10-26T16:23:12","date_gmt":"2018-10-26T15:23:12","guid":{"rendered":"https:\/\/leregardlibre.com\/?p=17450"},"modified":"2022-09-04T10:32:35","modified_gmt":"2022-09-04T08:32:35","slug":"la-nostra-a-la-votre-ou-pas","status":"publish","type":"post","link":"https:\/\/leregardlibre.com\/en\/gastronomy\/la-nostra-a-la-votre-ou-pas\/","title":{"rendered":"La Nostra, here's to you (or not!)"},"content":{"rendered":"<p><em>Microbrewery Fridays - Jonas Follonier<\/em><\/p>\n<p>An evening when, you know, it's thirsty. An evening when you think: \u00abOh, what a great invention, the SBB dining cars! And then, comfortably seated at one of these beautiful work and tasting tables, alone - without children, without noise, without sun, the dream - you discover, interested, that the new menu indicates the possibility of ordering Swiss craft beers. Please consult the second menu dedicated to these beverages.<\/p>\n<p>But there's no second map. There's only a little sign, telling us about a craft beer called \u00abLa Nostra\u00bb, from the most Italian of our cantons, Ticino, and more specifically from the San Martino microbrewery. The friendly waitress - almost all SBB restaurant car staff are, and it's a real pleasure - seems to confirm that this is in fact the only craft beer currently available to order in these half-lit places reserved for the hungriest of travelers. Well, I'd be delighted to, ma'am.<\/p>\n<p><!--more--><\/p>\n<p>Parbleu, sacrebleu, pardi. Quelle horreur! De type allemande\u00a0\u2013 ce n\u2019est pas <em>necessarily<\/em> un mauvais d\u00e9but, mais attendez le reste\u00a0\u2013 ce breuvage-poison n\u2019aura pas convaincu un palais qui pourtant fait la r\u00e9putation du plus \u00abgrand public\u00bb de notre r\u00e9daction. Quelques exemples de d\u00e9fauts rel\u00e9guant d\u00e9finitivement cette 5,2% de volume au rang des bi\u00e8res \u00e0 \u00e9viter: une amertume sans complexit\u00e9, une robe fruit\u00e9e tout droit sortie du royaume de l\u2019\u00e0-peu-pr\u00e8s, et surtout une l\u00e9g\u00e8ret\u00e9 apparente qui n\u2019est en r\u00e9alit\u00e9 qu\u2019une absence de caract\u00e8re.<\/p>\n<p>Alors, que les CFF suivent la mode, on ne leur en tiendra pas rigueur; qu\u2019ils mettent en valeur les produits suisses, on ne peut que l\u2019approuver; mais, par piti\u00e9, qu\u2019ils nous \u00e9pargnent cette farce que l\u2019on peine \u00e0 finir, honteux de laisser croire ses compagnons de voyage \u00e0 une soif limit\u00e9e, et qu\u2019ils nous laissent ne serait-ce qu\u2019un <em>choice<\/em>! Sinon, il ne faudra pas s\u2019\u00e9tonner que les clients continuent \u00e0 descendre des litres de bi\u00e8res industrielles, au final pas si mauvaises que cela.<\/p>\n<p><em>Write to the author: <a href=\"mailto:jonas.follonier@leregardlibre.com\">jonas.follonier@leregardlibre.com<\/a><\/em><\/p>\n<p>Cr\u00e9dit photo: \u00a9 Jonas Follonier pour Le Regard Libre<\/p>","protected":false},"excerpt":{"rendered":"<p>Les vendredis de la microbrasserie\u00a0\u2013 Jonas Follonier Un soir o\u00f9, vous savez, il fait soif. Un soir o\u00f9 l\u2019on se&#8230;<\/p>","protected":false},"author":138,"featured_media":17451,"comment_status":"open","ping_status":"open","sticky":false,"template":"","format":"standard","meta":{"_acf_changed":false,"footnotes":""},"categories":[42546],"tags":[241857,3079770,962816,644340148,644340149,644340146],"class_list":["post-17450","post","type-post","status-publish","format-standard","has-post-thumbnail","hentry","category-gastronomie","tag-biere","tag-biere-artisanale","tag-cff","tag-la-nostra","tag-san-martino","tag-wagon-restaurant"],"acf":[],"yoast_head":"<!-- This site is optimized with the Yoast SEO Premium plugin v27.4 (Yoast SEO v27.4) - https:\/\/yoast.com\/product\/yoast-seo-premium-wordpress\/ -->\n<title>La Nostra, \u00e0 la v\u00f4tre (ou pas!)<\/title>\n<meta name=\"robots\" content=\"index, follow, max-snippet:-1, max-image-preview:large, max-video-preview:-1\" \/>\n<link rel=\"canonical\" href=\"https:\/\/leregardlibre.com\/en\/gastronomy\/la-nostra-a-la-votre-ou-pas\/\" \/>\n<meta property=\"og:locale\" content=\"en_US\" \/>\n<meta property=\"og:type\" content=\"article\" \/>\n<meta property=\"og:title\" content=\"La Nostra, \u00e0 la v\u00f4tre (ou pas!)\" \/>\n<meta property=\"og:description\" content=\"Les vendredis de la microbrasserie\u00a0\u2013 Jonas Follonier Un soir o\u00f9, vous savez, il fait soif. Un soir o\u00f9 l\u2019on se...\" \/>\n<meta property=\"og:url\" content=\"https:\/\/leregardlibre.com\/en\/gastronomy\/la-nostra-a-la-votre-ou-pas\/\" \/>\n<meta property=\"og:site_name\" content=\"Le Regard Libre\" \/>\n<meta property=\"article:publisher\" content=\"https:\/\/www.facebook.com\/leregardlibre\/\" \/>\n<meta property=\"article:author\" content=\"https:\/\/www.facebook.com\/jonas.follonier\/\" \/>\n<meta property=\"article:published_time\" content=\"2018-10-26T15:23:12+00:00\" \/>\n<meta property=\"article:modified_time\" content=\"2022-09-04T08:32:35+00:00\" \/>\n<meta property=\"og:image\" content=\"https:\/\/leregardlibre.com\/wp-content\/uploads\/2018\/10\/La-Nostra-\u00a9-Jonas-Follonier-pour-Le-Regard-Libre.jpg\" \/>\n\t<meta property=\"og:image:width\" content=\"1195\" \/>\n\t<meta property=\"og:image:height\" content=\"560\" \/>\n\t<meta property=\"og:image:type\" content=\"image\/jpeg\" \/>\n<meta name=\"author\" content=\"Jonas Follonier\" \/>\n<meta name=\"twitter:card\" content=\"summary_large_image\" \/>\n<meta name=\"twitter:creator\" content=\"@LeRegardLibre\" \/>\n<meta name=\"twitter:site\" content=\"@LeRegardLibre\" \/>\n<meta name=\"twitter:label1\" content=\"Written by\" \/>\n\t<meta name=\"twitter:data1\" content=\"Jonas Follonier\" \/>\n\t<meta name=\"twitter:label2\" content=\"Est. reading time\" \/>\n\t<meta name=\"twitter:data2\" content=\"2 minutes\" \/>\n<script type=\"application\/ld+json\" class=\"yoast-schema-graph\">{\"@context\":\"https:\\\/\\\/schema.org\",\"@graph\":[{\"@type\":\"Article\",\"@id\":\"https:\\\/\\\/leregardlibre.com\\\/gastronomie\\\/la-nostra-a-la-votre-ou-pas\\\/#article\",\"isPartOf\":{\"@id\":\"https:\\\/\\\/leregardlibre.com\\\/gastronomie\\\/la-nostra-a-la-votre-ou-pas\\\/\"},\"author\":{\"name\":\"Jonas Follonier\",\"@id\":\"https:\\\/\\\/leregardlibre.com\\\/#\\\/schema\\\/person\\\/bfe5aa794a23be71485d60e2d93ec0d2\"},\"headline\":\"La Nostra, \u00e0 la v\u00f4tre (ou pas!)\",\"datePublished\":\"2018-10-26T15:23:12+00:00\",\"dateModified\":\"2022-09-04T08:32:35+00:00\",\"mainEntityOfPage\":{\"@id\":\"https:\\\/\\\/leregardlibre.com\\\/gastronomie\\\/la-nostra-a-la-votre-ou-pas\\\/\"},\"wordCount\":409,\"commentCount\":0,\"publisher\":{\"@id\":\"https:\\\/\\\/leregardlibre.com\\\/#organization\"},\"image\":{\"@id\":\"https:\\\/\\\/leregardlibre.com\\\/gastronomie\\\/la-nostra-a-la-votre-ou-pas\\\/#primaryimage\"},\"thumbnailUrl\":\"https:\\\/\\\/leregardlibre.com\\\/wp-content\\\/uploads\\\/2018\\\/10\\\/La-Nostra-\u00a9-Jonas-Follonier-pour-Le-Regard-Libre.jpg\",\"keywords\":[\"Bi\u00e8re\",\"Bi\u00e8re artisanale\",\"CFF\",\"la nostra\",\"san martino\",\"wagon restaurant\"],\"articleSection\":[\"Gastronomie\"],\"inLanguage\":\"en-US\",\"potentialAction\":[{\"@type\":\"CommentAction\",\"name\":\"Comment\",\"target\":[\"https:\\\/\\\/leregardlibre.com\\\/gastronomie\\\/la-nostra-a-la-votre-ou-pas\\\/#respond\"]}]},{\"@type\":\"WebPage\",\"@id\":\"https:\\\/\\\/leregardlibre.com\\\/gastronomie\\\/la-nostra-a-la-votre-ou-pas\\\/\",\"url\":\"https:\\\/\\\/leregardlibre.com\\\/gastronomie\\\/la-nostra-a-la-votre-ou-pas\\\/\",\"name\":\"La Nostra, \u00e0 la v\u00f4tre (ou pas!)\",\"isPartOf\":{\"@id\":\"https:\\\/\\\/leregardlibre.com\\\/#website\"},\"primaryImageOfPage\":{\"@id\":\"https:\\\/\\\/leregardlibre.com\\\/gastronomie\\\/la-nostra-a-la-votre-ou-pas\\\/#primaryimage\"},\"image\":{\"@id\":\"https:\\\/\\\/leregardlibre.com\\\/gastronomie\\\/la-nostra-a-la-votre-ou-pas\\\/#primaryimage\"},\"thumbnailUrl\":\"https:\\\/\\\/leregardlibre.com\\\/wp-content\\\/uploads\\\/2018\\\/10\\\/La-Nostra-\u00a9-Jonas-Follonier-pour-Le-Regard-Libre.jpg\",\"datePublished\":\"2018-10-26T15:23:12+00:00\",\"dateModified\":\"2022-09-04T08:32:35+00:00\",\"breadcrumb\":{\"@id\":\"https:\\\/\\\/leregardlibre.com\\\/gastronomie\\\/la-nostra-a-la-votre-ou-pas\\\/#breadcrumb\"},\"inLanguage\":\"en-US\",\"potentialAction\":[{\"@type\":\"ReadAction\",\"target\":[\"https:\\\/\\\/leregardlibre.com\\\/gastronomie\\\/la-nostra-a-la-votre-ou-pas\\\/\"]}]},{\"@type\":\"ImageObject\",\"inLanguage\":\"en-US\",\"@id\":\"https:\\\/\\\/leregardlibre.com\\\/gastronomie\\\/la-nostra-a-la-votre-ou-pas\\\/#primaryimage\",\"url\":\"https:\\\/\\\/leregardlibre.com\\\/wp-content\\\/uploads\\\/2018\\\/10\\\/La-Nostra-\u00a9-Jonas-Follonier-pour-Le-Regard-Libre.jpg\",\"contentUrl\":\"https:\\\/\\\/leregardlibre.com\\\/wp-content\\\/uploads\\\/2018\\\/10\\\/La-Nostra-\u00a9-Jonas-Follonier-pour-Le-Regard-Libre.jpg\",\"width\":1195,\"height\":560},{\"@type\":\"BreadcrumbList\",\"@id\":\"https:\\\/\\\/leregardlibre.com\\\/gastronomie\\\/la-nostra-a-la-votre-ou-pas\\\/#breadcrumb\",\"itemListElement\":[{\"@type\":\"ListItem\",\"position\":1,\"name\":\"Accueil\",\"item\":\"https:\\\/\\\/leregardlibre.com\\\/\"},{\"@type\":\"ListItem\",\"position\":2,\"name\":\"La Nostra, \u00e0 la v\u00f4tre (ou pas!)\"}]},{\"@type\":\"WebSite\",\"@id\":\"https:\\\/\\\/leregardlibre.com\\\/#website\",\"url\":\"https:\\\/\\\/leregardlibre.com\\\/\",\"name\":\"Le Regard Libre\",\"description\":\"Premier mensuel suisse de d\u00e9bat\",\"publisher\":{\"@id\":\"https:\\\/\\\/leregardlibre.com\\\/#organization\"},\"potentialAction\":[{\"@type\":\"SearchAction\",\"target\":{\"@type\":\"EntryPoint\",\"urlTemplate\":\"https:\\\/\\\/leregardlibre.com\\\/?s={search_term_string}\"},\"query-input\":{\"@type\":\"PropertyValueSpecification\",\"valueRequired\":true,\"valueName\":\"search_term_string\"}}],\"inLanguage\":\"en-US\"},{\"@type\":\"Organization\",\"@id\":\"https:\\\/\\\/leregardlibre.com\\\/#organization\",\"name\":\"Le Regard Libre\",\"url\":\"https:\\\/\\\/leregardlibre.com\\\/\",\"logo\":{\"@type\":\"ImageObject\",\"inLanguage\":\"en-US\",\"@id\":\"https:\\\/\\\/leregardlibre.com\\\/#\\\/schema\\\/logo\\\/image\\\/\",\"url\":\"https:\\\/\\\/leregardlibre.com\\\/wp-content\\\/uploads\\\/2025\\\/08\\\/logo-rl-icone-neg.jpeg\",\"contentUrl\":\"https:\\\/\\\/leregardlibre.com\\\/wp-content\\\/uploads\\\/2025\\\/08\\\/logo-rl-icone-neg.jpeg\",\"width\":557,\"height\":556,\"caption\":\"Le Regard Libre\"},\"image\":{\"@id\":\"https:\\\/\\\/leregardlibre.com\\\/#\\\/schema\\\/logo\\\/image\\\/\"},\"sameAs\":[\"https:\\\/\\\/www.facebook.com\\\/leregardlibre\\\/\",\"https:\\\/\\\/x.com\\\/LeRegardLibre\",\"https:\\\/\\\/www.linkedin.com\\\/company\\\/le-regard-libre\",\"https:\\\/\\\/www.instagram.com\\\/leregardlibre\\\/\",\"http:\\\/\\\/t.me\\\/leregardlibre\",\"https:\\\/\\\/youtube.com\\\/channel\\\/UC6HzGPomj1LsUmlz-sJtITQ\"],\"description\":\"Le Regard Libre est un mensuel suisse de d\u00e9bat intellectuel et culturel. Sa r\u00e9daction est jeune, b\u00e9n\u00e9vole, lib\u00e9rale et pluraliste. Le magazine para\u00eet en ligne et sous forme papier. Sa langue est le fran\u00e7ais.\",\"email\":\"redaction@leregardlibre.com\",\"legalName\":\"Le Regard Libre\",\"foundingDate\":\"2014-01-01\",\"numberOfEmployees\":{\"@type\":\"QuantitativeValue\",\"minValue\":\"11\",\"maxValue\":\"50\"},\"publishingPrinciples\":\"https:\\\/\\\/leregardlibre.com\\\/a-propos\\\/notre-manifeste\\\/\",\"ownershipFundingInfo\":\"https:\\\/\\\/leregardlibre.com\\\/mentions-legales\\\/\",\"actionableFeedbackPolicy\":\"https:\\\/\\\/leregardlibre.com\\\/conditions-generales-de-vente\\\/\"},{\"@type\":\"Person\",\"@id\":\"https:\\\/\\\/leregardlibre.com\\\/#\\\/schema\\\/person\\\/bfe5aa794a23be71485d60e2d93ec0d2\",\"name\":\"Jonas Follonier\",\"image\":{\"@type\":\"ImageObject\",\"inLanguage\":\"en-US\",\"@id\":\"https:\\\/\\\/secure.gravatar.com\\\/avatar\\\/602060b40f6a458420c2d140f49b6caea99152ce6704f2c332e5a0c5aad80303?s=96&d=identicon&r=g\",\"url\":\"https:\\\/\\\/secure.gravatar.com\\\/avatar\\\/602060b40f6a458420c2d140f49b6caea99152ce6704f2c332e5a0c5aad80303?s=96&d=identicon&r=g\",\"contentUrl\":\"https:\\\/\\\/secure.gravatar.com\\\/avatar\\\/602060b40f6a458420c2d140f49b6caea99152ce6704f2c332e5a0c5aad80303?s=96&d=identicon&r=g\",\"caption\":\"Jonas Follonier\"},\"description\":\"Correspondant au Palais f\u00e9d\u00e9ral pour \u00abL\u2019Agefi\u00bb, auteur-compositeur-interpr\u00e8te et essayiste, Jonas Follonier est le fondateur et r\u00e9dacteur en chef du \u00abRegard Libre\u00bb.\",\"sameAs\":[\"https:\\\/\\\/www.facebook.com\\\/jonas.follonier\\\/\",\"https:\\\/\\\/www.instagram.com\\\/jonasfollonier\\\/\",\"https:\\\/\\\/www.linkedin.com\\\/in\\\/jonasfollonier\\\/\",\"https:\\\/\\\/fr.wikipedia.org\\\/wiki\\\/Le_Regard_libre\"],\"url\":\"https:\\\/\\\/leregardlibre.com\\\/en\\\/author\\\/jonas-follonier\\\/\"}]}<\/script>\n<!-- \/ Yoast SEO Premium plugin. -->","yoast_head_json":{"title":"La Nostra, here's to you (or not!)","robots":{"index":"index","follow":"follow","max-snippet":"max-snippet:-1","max-image-preview":"max-image-preview:large","max-video-preview":"max-video-preview:-1"},"canonical":"https:\/\/leregardlibre.com\/en\/gastronomy\/la-nostra-a-la-votre-ou-pas\/","og_locale":"en_US","og_type":"article","og_title":"La Nostra, \u00e0 la v\u00f4tre (ou pas!)","og_description":"Les vendredis de la microbrasserie\u00a0\u2013 Jonas Follonier Un soir o\u00f9, vous savez, il fait soif. Un soir o\u00f9 l\u2019on se...","og_url":"https:\/\/leregardlibre.com\/en\/gastronomy\/la-nostra-a-la-votre-ou-pas\/","og_site_name":"Le Regard Libre","article_publisher":"https:\/\/www.facebook.com\/leregardlibre\/","article_author":"https:\/\/www.facebook.com\/jonas.follonier\/","article_published_time":"2018-10-26T15:23:12+00:00","article_modified_time":"2022-09-04T08:32:35+00:00","og_image":[{"width":1195,"height":560,"url":"https:\/\/leregardlibre.com\/wp-content\/uploads\/2018\/10\/La-Nostra-\u00a9-Jonas-Follonier-pour-Le-Regard-Libre.jpg","type":"image\/jpeg"}],"author":"Jonas Follonier","twitter_card":"summary_large_image","twitter_creator":"@LeRegardLibre","twitter_site":"@LeRegardLibre","twitter_misc":{"Written by":"Jonas Follonier","Est. reading time":"2 minutes"},"schema":{"@context":"https:\/\/schema.org","@graph":[{"@type":"Article","@id":"https:\/\/leregardlibre.com\/gastronomie\/la-nostra-a-la-votre-ou-pas\/#article","isPartOf":{"@id":"https:\/\/leregardlibre.com\/gastronomie\/la-nostra-a-la-votre-ou-pas\/"},"author":{"name":"Jonas Follonier","@id":"https:\/\/leregardlibre.com\/#\/schema\/person\/bfe5aa794a23be71485d60e2d93ec0d2"},"headline":"La Nostra, \u00e0 la v\u00f4tre (ou pas!)","datePublished":"2018-10-26T15:23:12+00:00","dateModified":"2022-09-04T08:32:35+00:00","mainEntityOfPage":{"@id":"https:\/\/leregardlibre.com\/gastronomie\/la-nostra-a-la-votre-ou-pas\/"},"wordCount":409,"commentCount":0,"publisher":{"@id":"https:\/\/leregardlibre.com\/#organization"},"image":{"@id":"https:\/\/leregardlibre.com\/gastronomie\/la-nostra-a-la-votre-ou-pas\/#primaryimage"},"thumbnailUrl":"https:\/\/leregardlibre.com\/wp-content\/uploads\/2018\/10\/La-Nostra-\u00a9-Jonas-Follonier-pour-Le-Regard-Libre.jpg","keywords":["Bi\u00e8re","Bi\u00e8re artisanale","CFF","la nostra","san martino","wagon restaurant"],"articleSection":["Gastronomie"],"inLanguage":"en-US","potentialAction":[{"@type":"CommentAction","name":"Comment","target":["https:\/\/leregardlibre.com\/gastronomie\/la-nostra-a-la-votre-ou-pas\/#respond"]}]},{"@type":"WebPage","@id":"https:\/\/leregardlibre.com\/gastronomie\/la-nostra-a-la-votre-ou-pas\/","url":"https:\/\/leregardlibre.com\/gastronomie\/la-nostra-a-la-votre-ou-pas\/","name":"La Nostra, here's to you (or not!)","isPartOf":{"@id":"https:\/\/leregardlibre.com\/#website"},"primaryImageOfPage":{"@id":"https:\/\/leregardlibre.com\/gastronomie\/la-nostra-a-la-votre-ou-pas\/#primaryimage"},"image":{"@id":"https:\/\/leregardlibre.com\/gastronomie\/la-nostra-a-la-votre-ou-pas\/#primaryimage"},"thumbnailUrl":"https:\/\/leregardlibre.com\/wp-content\/uploads\/2018\/10\/La-Nostra-\u00a9-Jonas-Follonier-pour-Le-Regard-Libre.jpg","datePublished":"2018-10-26T15:23:12+00:00","dateModified":"2022-09-04T08:32:35+00:00","breadcrumb":{"@id":"https:\/\/leregardlibre.com\/gastronomie\/la-nostra-a-la-votre-ou-pas\/#breadcrumb"},"inLanguage":"en-US","potentialAction":[{"@type":"ReadAction","target":["https:\/\/leregardlibre.com\/gastronomie\/la-nostra-a-la-votre-ou-pas\/"]}]},{"@type":"ImageObject","inLanguage":"en-US","@id":"https:\/\/leregardlibre.com\/gastronomie\/la-nostra-a-la-votre-ou-pas\/#primaryimage","url":"https:\/\/leregardlibre.com\/wp-content\/uploads\/2018\/10\/La-Nostra-\u00a9-Jonas-Follonier-pour-Le-Regard-Libre.jpg","contentUrl":"https:\/\/leregardlibre.com\/wp-content\/uploads\/2018\/10\/La-Nostra-\u00a9-Jonas-Follonier-pour-Le-Regard-Libre.jpg","width":1195,"height":560},{"@type":"BreadcrumbList","@id":"https:\/\/leregardlibre.com\/gastronomie\/la-nostra-a-la-votre-ou-pas\/#breadcrumb","itemListElement":[{"@type":"ListItem","position":1,"name":"Accueil","item":"https:\/\/leregardlibre.com\/"},{"@type":"ListItem","position":2,"name":"La Nostra, \u00e0 la v\u00f4tre (ou pas!)"}]},{"@type":"WebSite","@id":"https:\/\/leregardlibre.com\/#website","url":"https:\/\/leregardlibre.com\/","name":"Le Regard Libre","description":"Switzerland's first monthly debate magazine","publisher":{"@id":"https:\/\/leregardlibre.com\/#organization"},"potentialAction":[{"@type":"SearchAction","target":{"@type":"EntryPoint","urlTemplate":"https:\/\/leregardlibre.com\/?s={search_term_string}"},"query-input":{"@type":"PropertyValueSpecification","valueRequired":true,"valueName":"search_term_string"}}],"inLanguage":"en-US"},{"@type":"Organization","@id":"https:\/\/leregardlibre.com\/#organization","name":"Le Regard Libre","url":"https:\/\/leregardlibre.com\/","logo":{"@type":"ImageObject","inLanguage":"en-US","@id":"https:\/\/leregardlibre.com\/#\/schema\/logo\/image\/","url":"https:\/\/leregardlibre.com\/wp-content\/uploads\/2025\/08\/logo-rl-icone-neg.jpeg","contentUrl":"https:\/\/leregardlibre.com\/wp-content\/uploads\/2025\/08\/logo-rl-icone-neg.jpeg","width":557,"height":556,"caption":"Le Regard Libre"},"image":{"@id":"https:\/\/leregardlibre.com\/#\/schema\/logo\/image\/"},"sameAs":["https:\/\/www.facebook.com\/leregardlibre\/","https:\/\/x.com\/LeRegardLibre","https:\/\/www.linkedin.com\/company\/le-regard-libre","https:\/\/www.instagram.com\/leregardlibre\/","http:\/\/t.me\/leregardlibre","https:\/\/youtube.com\/channel\/UC6HzGPomj1LsUmlz-sJtITQ"],"description":"Le Regard Libre is a Swiss monthly magazine for intellectual and cultural debate. Its editorial team is young, voluntary, liberal and pluralist. The magazine appears online and in print. Its language is French.","email":"redaction@leregardlibre.com","legalName":"Le Regard Libre","foundingDate":"2014-01-01","numberOfEmployees":{"@type":"QuantitativeValue","minValue":"11","maxValue":"50"},"publishingPrinciples":"https:\/\/leregardlibre.com\/a-propos\/notre-manifeste\/","ownershipFundingInfo":"https:\/\/leregardlibre.com\/mentions-legales\/","actionableFeedbackPolicy":"https:\/\/leregardlibre.com\/conditions-generales-de-vente\/"},{"@type":"Person","@id":"https:\/\/leregardlibre.com\/#\/schema\/person\/bfe5aa794a23be71485d60e2d93ec0d2","name":"Jonas Follonier","image":{"@type":"ImageObject","inLanguage":"en-US","@id":"https:\/\/secure.gravatar.com\/avatar\/602060b40f6a458420c2d140f49b6caea99152ce6704f2c332e5a0c5aad80303?s=96&d=identicon&r=g","url":"https:\/\/secure.gravatar.com\/avatar\/602060b40f6a458420c2d140f49b6caea99152ce6704f2c332e5a0c5aad80303?s=96&d=identicon&r=g","contentUrl":"https:\/\/secure.gravatar.com\/avatar\/602060b40f6a458420c2d140f49b6caea99152ce6704f2c332e5a0c5aad80303?s=96&d=identicon&r=g","caption":"Jonas Follonier"},"description":"Federal Palace correspondent for \u00abL'Agefi\u00bb, singer-songwriter Jonas Follonier is the founder and editor-in-chief of \u00abRegard Libre\u00bb.","sameAs":["https:\/\/www.facebook.com\/jonas.follonier\/","https:\/\/www.instagram.com\/jonasfollonier\/","https:\/\/www.linkedin.com\/in\/jonasfollonier\/","https:\/\/fr.wikipedia.org\/wiki\/Le_Regard_libre"],"url":"https:\/\/leregardlibre.com\/en\/author\/jonas-follonier\/"}]}},"_links":{"self":[{"href":"https:\/\/leregardlibre.com\/en\/wp-json\/wp\/v2\/posts\/17450","targetHints":{"allow":["GET"]}}],"collection":[{"href":"https:\/\/leregardlibre.com\/en\/wp-json\/wp\/v2\/posts"}],"about":[{"href":"https:\/\/leregardlibre.com\/en\/wp-json\/wp\/v2\/types\/post"}],"author":[{"embeddable":true,"href":"https:\/\/leregardlibre.com\/en\/wp-json\/wp\/v2\/users\/138"}],"replies":[{"embeddable":true,"href":"https:\/\/leregardlibre.com\/en\/wp-json\/wp\/v2\/comments?post=17450"}],"version-history":[{"count":1,"href":"https:\/\/leregardlibre.com\/en\/wp-json\/wp\/v2\/posts\/17450\/revisions"}],"predecessor-version":[{"id":510150,"href":"https:\/\/leregardlibre.com\/en\/wp-json\/wp\/v2\/posts\/17450\/revisions\/510150"}],"wp:featuredmedia":[{"embeddable":true,"href":"https:\/\/leregardlibre.com\/en\/wp-json\/wp\/v2\/media\/17451"}],"wp:attachment":[{"href":"https:\/\/leregardlibre.com\/en\/wp-json\/wp\/v2\/media?parent=17450"}],"wp:term":[{"taxonomy":"category","embeddable":true,"href":"https:\/\/leregardlibre.com\/en\/wp-json\/wp\/v2\/categories?post=17450"},{"taxonomy":"post_tag","embeddable":true,"href":"https:\/\/leregardlibre.com\/en\/wp-json\/wp\/v2\/tags?post=17450"}],"curies":[{"name":"wp","href":"https:\/\/api.w.org\/{rel}","templated":true}]}}