{"id":17562,"date":"2018-11-06T13:00:23","date_gmt":"2018-11-06T12:00:23","guid":{"rendered":"https:\/\/leregardlibre.com\/?p=17562"},"modified":"2022-11-13T14:49:11","modified_gmt":"2022-11-13T13:49:11","slug":"the-pachinko-balls-an-inner-journey","status":"publish","type":"post","link":"https:\/\/leregardlibre.com\/en\/literature\/the-pachinko-balls-an-inner-journey\/","title":{"rendered":"\u00abLes Billes du Pachinko\u00bb - An inner journey"},"content":{"rendered":"<p class=\"has-text-align-left\"><em>Les lettres romandes du mardi - Nicolas Jutzet<\/em><\/p>\n\n\n\n<p class=\"has-drop-cap has-text-align-left\"><em>Le Regard Libre<\/em> and its readers discovered Elisa Shua Dusapin through her first book <em>Winter in Sokcho<\/em>. A <a href=\"https:\/\/leregardlibre.com\/en\/2017\/07\/31\/meeting-with-elisa-shua-dusapin-a-metissee-revelation-of-french-literature\/\" target=\"_blank\" rel=\"noopener noreferrer\">meeting<\/a> reported in our twenty-ninth edition (July 2017). In the meantime, the book has become a real success, making its author a promise now eagerly awaited. <!--Continuer la lecture de-->Recently, Elisa Shua Dusapin was even <a href=\"https:\/\/www.rfj.ch\/rfj\/Actualite\/Region\/20181018-Elisa-Shua-Dusapin-invitee-de-l-Elysee.html\" target=\"_blank\" rel=\"noopener noreferrer\">guest at the Elys\u00e9e Palace<\/a>,invited to the Elys\u00e9e Palace by French President Emmanuel Macron, in the presence of his South Korean counterpart, Moon Jae-In. What a long way we've come!<\/p>\n\n\n\n<!--more-->\n\n\n\n<h3 class=\"has-text-align-left wp-block-heading\">Japan, Korea, a call to travel<\/h3>\n\n\n\n<p class=\"has-text-align-left\">Elisa Shua Dusapin's second novel, <em>Pachinko Marbles<\/em>, takes up the main elements of his first book. Japan replaces South Korea as the setting for the story. As the pages turn, we discover the same light-hearted writing style that makes it easy to slip into the skin of the heroine, Claire, a young woman on vacation with her maternal grandparents. A visiting European. We find ourselves dreaming, feeling Japan under our feet, the particular smells of crab cooked in all sorts of sauces and the taste of the <em>royal milk tea<\/em>.<\/p>\n\n\n\n\n\n<p class=\"has-text-align-left\">The novel focuses on the world of the <a href=\"https:\/\/www.youtube.com\/watch?v=p_GlrIinPa4\" target=\"_blank\" rel=\"noopener noreferrer\">Pachinko<\/a>,a cross between a <em>pinball<\/em> and a slot machine, the <a href=\"https:\/\/www.loterie-electronique.ch\/fr\/la-loterie-electronique\" target=\"_blank\" rel=\"noopener noreferrer\">tactilo<\/a>&nbsp;Japanese. Having fled unified Korea during the war, the protagonist's grandparents run a gambling establishment, centered on the famous Pachinko, in the capital. They benefit from a tax advantage reserved for foreigners; they don't pay exorbitant taxes on their business, which is still frowned upon by the locals, but widely practiced.<\/p>\n\n\n\n<blockquote class=\"wp-block-quote is-layout-flow wp-block-quote-is-layout-flow\"><p>Pachinko takes its name from the noise made by the marbles in the machine. They clatter against the glass, rattle in the plastic casings, rattle in the studs, chirp in the steel and then make a final impact in the basket.<\/p><\/blockquote>\n\n\n\n<p class=\"has-text-align-left\">The story follows a number of threads, from the break-up of Korea and the subsequent forced exile of some of its inhabitants, to Claire's complicated parentage and the budding relationship with the surly daughter of a French teacher, Mrs. Ogawa, Mieko. Hired to help her progress in the language of Moli\u00e8re, Claire spends long days trying to understand the enigmatic Japanese girl. Ahead of her peers, she never ceases to amaze. Perhaps the absence of her missing father. He was a successful engineer, notably of the world-famous Shinkansen, the high-speed train with the sharp snout that is the pride of the country. Claire's grandparents don't really fit into their new country, but they work hard. Relentlessly. They had to flee Korea, but seem never to have left completely and never to have arrived in Japan.<\/p>\n\n\n\n<blockquote class=\"wp-block-quote is-layout-flow wp-block-quote-is-layout-flow\"><p>They don't mix with the community of Koreans from Japan, the Zainichis, deported under the Japanese occupation or exiled like them to escape the Korean War.<\/p><\/blockquote>\n\n\n\n\n\n<p class=\"has-text-align-left\">After long years of exile and a grueling working life, Claire wants to take her grandparents back to their native land, now split in two. They agree, with no great show of impatience. A steely phlegm. This is the common thread running through the story. She'll have to fight. Against herself, against those around her.<\/p>\n\n\n\n<p>I love the fog. It prevents me from seeing far. It blocks the horizon. It gives the impression that we have time, that we have the right to see nothing. To see nothing coming.<\/p>\n\n\n\n<div class=\"wp-block-media-text alignwide is-stacked-on-mobile\" style=\"grid-template-columns:38% auto\"><figure class=\"wp-block-media-text__media\"><img fetchpriority=\"high\" decoding=\"async\" width=\"500\" height=\"750\" src=\"http:\/\/leregardlibre.com\/wp-content\/uploads\/2020\/10\/thumb-large_dusapin_billes_140x210_112.jpg\" alt=\"\" class=\"wp-image-36403\" srcset=\"https:\/\/leregardlibre.com\/wp-content\/uploads\/2020\/10\/thumb-large_dusapin_billes_140x210_112.jpg 500w, https:\/\/leregardlibre.com\/wp-content\/uploads\/2020\/10\/thumb-large_dusapin_billes_140x210_112-200x300.jpg 200w, https:\/\/leregardlibre.com\/wp-content\/uploads\/2020\/10\/thumb-large_dusapin_billes_140x210_112-100x150.jpg 100w, https:\/\/leregardlibre.com\/wp-content\/uploads\/2020\/10\/thumb-large_dusapin_billes_140x210_112-300x450.jpg 300w\" sizes=\"(max-width: 500px) 100vw, 500px\" \/><\/figure><div class=\"wp-block-media-text__content\">\n<p><strong>Elisa Shua Dusapin<br><em>Pachinko Marbles<\/em><br>Edition Zo\u00e9<br>2018<br>144 pages<\/strong><\/p>\n\n\n\n<div class=\"wp-block-buttons is-layout-flex wp-block-buttons-is-layout-flex\">\n<div class=\"wp-block-button\"><a class=\"wp-block-button__link\" href=\"https:\/\/www.editionszoe.ch\/livre\/les-billes-du-pachinko\">Order<\/a><\/div>\n<\/div>\n<\/div><\/div>\n\n\n\n<p class=\"has-text-align-left\">Photo credit: \u00a9 Pixabay<\/p>\n\n\n\n<p class=\"has-text-align-left\"><strong><em>To find out more:<\/em><\/strong><\/p>\n\n\n\n<p class=\"has-text-align-left\"><span><a rel=\"noopener noreferrer\" style=\"font-style: italic;\" href=\"https:\/\/www.rts.ch\/info\/culture\/livres\/9824306-elisa-shua-dusapin-ecrire-un-deuxieme-roman-n-a-pas-ete-simple-.html\" target=\"_blank\">\u00abCulture au point\u00bb: Elisa Shua Dusapin: \u00abWriting a second novel wasn't easy\u00bb.\u00bb<\/a><\/span><br><em><a href=\"https:\/\/www.rts.ch\/info\/culture\/livres\/9824306-elisa-shua-dusapin-ecrire-un-deuxieme-roman-n-a-pas-ete-simple-.html\">\u00abVersus lire:\u00a0<\/a><\/em><a href=\"https:\/\/www.rts.ch\/info\/culture\/livres\/9824306-elisa-shua-dusapin-ecrire-un-deuxieme-roman-n-a-pas-ete-simple-.html\">Pachinko Balls<\/a><em><a href=\"https:\/\/www.rts.ch\/info\/culture\/livres\/9824306-elisa-shua-dusapin-ecrire-un-deuxieme-roman-n-a-pas-ete-simple-.html\"> by Elisa Shua Dusapin<\/a><\/em><\/p>\n\n\n\n<div class=\"sharedaddy sd-sharing-enabled\">\n<div class=\"robots-nocontent sd-block sd-social sd-social-icon-text sd-sharing\">\n<div class=\"sd-content\" style=\"text-align: left;\">\u00a0<\/div>\n<\/div>\n<\/div>","protected":false},"excerpt":{"rendered":"<p>Les lettres romandes du mardi \u2013&nbsp;Nicolas Jutzet Le Regard Libre et ses lecteurs ont d\u00e9couvert Elisa Shua Dusapin gr\u00e2ce \u00e0&#8230;<\/p>","protected":false},"author":314,"featured_media":17563,"comment_status":"open","ping_status":"closed","sticky":false,"template":"","format":"standard","meta":{"_acf_changed":false,"footnotes":""},"categories":[20663],"tags":[120342,54879,506484651,644340258,74619484,29268,644340260,1532851,193275253],"class_list":["post-17562","post","type-post","status-publish","format-standard","has-post-thumbnail","hentry","category-litterature","tag-coree-du-sud","tag-critiques-litteraires","tag-elisa-shua-dusapin","tag-elysee","tag-emmanuel-macron","tag-japon","tag-les-billes-du-pachinko","tag-litterature-francophone","tag-litterature-romande"],"acf":[],"yoast_head":"<!-- This site is optimized with the Yoast SEO Premium plugin v27.4 (Yoast SEO v27.4) - https:\/\/yoast.com\/product\/yoast-seo-premium-wordpress\/ -->\n<title>\u00abLes Billes du Pachinko\u00bb \u2013 Un voyage int\u00e9rieur<\/title>\n<meta name=\"robots\" content=\"index, follow, max-snippet:-1, max-image-preview:large, max-video-preview:-1\" \/>\n<link rel=\"canonical\" href=\"https:\/\/leregardlibre.com\/en\/literature\/the-pachinko-balls-an-inner-journey\/\" \/>\n<meta property=\"og:locale\" content=\"en_US\" \/>\n<meta property=\"og:type\" content=\"article\" \/>\n<meta property=\"og:title\" content=\"\u00abLes Billes du Pachinko\u00bb \u2013 Un voyage int\u00e9rieur\" \/>\n<meta property=\"og:description\" content=\"Les lettres romandes du mardi \u2013&nbsp;Nicolas Jutzet Le Regard Libre et ses lecteurs ont d\u00e9couvert Elisa Shua Dusapin gr\u00e2ce \u00e0...\" \/>\n<meta property=\"og:url\" content=\"https:\/\/leregardlibre.com\/en\/literature\/the-pachinko-balls-an-inner-journey\/\" \/>\n<meta property=\"og:site_name\" content=\"Le Regard Libre\" \/>\n<meta property=\"article:publisher\" content=\"https:\/\/www.facebook.com\/leregardlibre\/\" \/>\n<meta property=\"article:published_time\" content=\"2018-11-06T12:00:23+00:00\" \/>\n<meta property=\"article:modified_time\" content=\"2022-11-13T13:49:11+00:00\" \/>\n<meta property=\"og:image\" content=\"https:\/\/leregardlibre.com\/wp-content\/uploads\/2018\/11\/mt-fuji-1898711_1920.jpg\" \/>\n\t<meta property=\"og:image:width\" content=\"1920\" \/>\n\t<meta property=\"og:image:height\" content=\"1280\" \/>\n\t<meta property=\"og:image:type\" content=\"image\/jpeg\" \/>\n<meta name=\"author\" content=\"Nicolas Jutzet\" \/>\n<meta name=\"twitter:card\" content=\"summary_large_image\" \/>\n<meta name=\"twitter:creator\" content=\"@LeRegardLibre\" \/>\n<meta name=\"twitter:site\" content=\"@LeRegardLibre\" \/>\n<meta name=\"twitter:label1\" content=\"Written by\" \/>\n\t<meta name=\"twitter:data1\" content=\"Nicolas Jutzet\" \/>\n\t<meta name=\"twitter:label2\" content=\"Est. reading time\" \/>\n\t<meta name=\"twitter:data2\" content=\"3 minutes\" \/>\n<script type=\"application\/ld+json\" class=\"yoast-schema-graph\">{\"@context\":\"https:\\\/\\\/schema.org\",\"@graph\":[{\"@type\":\"Article\",\"@id\":\"https:\\\/\\\/leregardlibre.com\\\/litterature\\\/les-billes-du-pachinko-un-voyage-interieur\\\/#article\",\"isPartOf\":{\"@id\":\"https:\\\/\\\/leregardlibre.com\\\/litterature\\\/les-billes-du-pachinko-un-voyage-interieur\\\/\"},\"author\":{\"name\":\"Nicolas Jutzet\",\"@id\":\"https:\\\/\\\/leregardlibre.com\\\/#\\\/schema\\\/person\\\/3446d3a78b45211305188d4401e7719a\"},\"headline\":\"\u00abLes Billes du Pachinko\u00bb \u2013 Un voyage int\u00e9rieur\",\"datePublished\":\"2018-11-06T12:00:23+00:00\",\"dateModified\":\"2022-11-13T13:49:11+00:00\",\"mainEntityOfPage\":{\"@id\":\"https:\\\/\\\/leregardlibre.com\\\/litterature\\\/les-billes-du-pachinko-un-voyage-interieur\\\/\"},\"wordCount\":720,\"commentCount\":0,\"publisher\":{\"@id\":\"https:\\\/\\\/leregardlibre.com\\\/#organization\"},\"image\":{\"@id\":\"https:\\\/\\\/leregardlibre.com\\\/litterature\\\/les-billes-du-pachinko-un-voyage-interieur\\\/#primaryimage\"},\"thumbnailUrl\":\"https:\\\/\\\/leregardlibre.com\\\/wp-content\\\/uploads\\\/2018\\\/11\\\/mt-fuji-1898711_1920.jpg\",\"keywords\":[\"Cor\u00e9e du Sud\",\"Critique litt\u00e9raire\",\"Elisa Shua Dusapin\",\"Elys\u00e9e\",\"Emmanuel Macron\",\"Japon\",\"les billes du pachinko\",\"Litt\u00e9rature francophone\",\"Litt\u00e9rature romande\"],\"articleSection\":[\"Litt\u00e9rature\"],\"inLanguage\":\"en-US\",\"potentialAction\":[{\"@type\":\"CommentAction\",\"name\":\"Comment\",\"target\":[\"https:\\\/\\\/leregardlibre.com\\\/litterature\\\/les-billes-du-pachinko-un-voyage-interieur\\\/#respond\"]}]},{\"@type\":\"WebPage\",\"@id\":\"https:\\\/\\\/leregardlibre.com\\\/litterature\\\/les-billes-du-pachinko-un-voyage-interieur\\\/\",\"url\":\"https:\\\/\\\/leregardlibre.com\\\/litterature\\\/les-billes-du-pachinko-un-voyage-interieur\\\/\",\"name\":\"\u00abLes Billes du Pachinko\u00bb \u2013 Un voyage int\u00e9rieur\",\"isPartOf\":{\"@id\":\"https:\\\/\\\/leregardlibre.com\\\/#website\"},\"primaryImageOfPage\":{\"@id\":\"https:\\\/\\\/leregardlibre.com\\\/litterature\\\/les-billes-du-pachinko-un-voyage-interieur\\\/#primaryimage\"},\"image\":{\"@id\":\"https:\\\/\\\/leregardlibre.com\\\/litterature\\\/les-billes-du-pachinko-un-voyage-interieur\\\/#primaryimage\"},\"thumbnailUrl\":\"https:\\\/\\\/leregardlibre.com\\\/wp-content\\\/uploads\\\/2018\\\/11\\\/mt-fuji-1898711_1920.jpg\",\"datePublished\":\"2018-11-06T12:00:23+00:00\",\"dateModified\":\"2022-11-13T13:49:11+00:00\",\"breadcrumb\":{\"@id\":\"https:\\\/\\\/leregardlibre.com\\\/litterature\\\/les-billes-du-pachinko-un-voyage-interieur\\\/#breadcrumb\"},\"inLanguage\":\"en-US\",\"potentialAction\":[{\"@type\":\"ReadAction\",\"target\":[\"https:\\\/\\\/leregardlibre.com\\\/litterature\\\/les-billes-du-pachinko-un-voyage-interieur\\\/\"]}]},{\"@type\":\"ImageObject\",\"inLanguage\":\"en-US\",\"@id\":\"https:\\\/\\\/leregardlibre.com\\\/litterature\\\/les-billes-du-pachinko-un-voyage-interieur\\\/#primaryimage\",\"url\":\"https:\\\/\\\/leregardlibre.com\\\/wp-content\\\/uploads\\\/2018\\\/11\\\/mt-fuji-1898711_1920.jpg\",\"contentUrl\":\"https:\\\/\\\/leregardlibre.com\\\/wp-content\\\/uploads\\\/2018\\\/11\\\/mt-fuji-1898711_1920.jpg\",\"width\":1920,\"height\":1280},{\"@type\":\"BreadcrumbList\",\"@id\":\"https:\\\/\\\/leregardlibre.com\\\/litterature\\\/les-billes-du-pachinko-un-voyage-interieur\\\/#breadcrumb\",\"itemListElement\":[{\"@type\":\"ListItem\",\"position\":1,\"name\":\"Accueil\",\"item\":\"https:\\\/\\\/leregardlibre.com\\\/\"},{\"@type\":\"ListItem\",\"position\":2,\"name\":\"\u00abLes Billes du Pachinko\u00bb \u2013 Un voyage int\u00e9rieur\"}]},{\"@type\":\"WebSite\",\"@id\":\"https:\\\/\\\/leregardlibre.com\\\/#website\",\"url\":\"https:\\\/\\\/leregardlibre.com\\\/\",\"name\":\"Le Regard Libre\",\"description\":\"Premier mensuel suisse de d\u00e9bat\",\"publisher\":{\"@id\":\"https:\\\/\\\/leregardlibre.com\\\/#organization\"},\"potentialAction\":[{\"@type\":\"SearchAction\",\"target\":{\"@type\":\"EntryPoint\",\"urlTemplate\":\"https:\\\/\\\/leregardlibre.com\\\/?s={search_term_string}\"},\"query-input\":{\"@type\":\"PropertyValueSpecification\",\"valueRequired\":true,\"valueName\":\"search_term_string\"}}],\"inLanguage\":\"en-US\"},{\"@type\":\"Organization\",\"@id\":\"https:\\\/\\\/leregardlibre.com\\\/#organization\",\"name\":\"Le Regard Libre\",\"url\":\"https:\\\/\\\/leregardlibre.com\\\/\",\"logo\":{\"@type\":\"ImageObject\",\"inLanguage\":\"en-US\",\"@id\":\"https:\\\/\\\/leregardlibre.com\\\/#\\\/schema\\\/logo\\\/image\\\/\",\"url\":\"https:\\\/\\\/leregardlibre.com\\\/wp-content\\\/uploads\\\/2025\\\/08\\\/logo-rl-icone-neg.jpeg\",\"contentUrl\":\"https:\\\/\\\/leregardlibre.com\\\/wp-content\\\/uploads\\\/2025\\\/08\\\/logo-rl-icone-neg.jpeg\",\"width\":557,\"height\":556,\"caption\":\"Le Regard Libre\"},\"image\":{\"@id\":\"https:\\\/\\\/leregardlibre.com\\\/#\\\/schema\\\/logo\\\/image\\\/\"},\"sameAs\":[\"https:\\\/\\\/www.facebook.com\\\/leregardlibre\\\/\",\"https:\\\/\\\/x.com\\\/LeRegardLibre\",\"https:\\\/\\\/www.linkedin.com\\\/company\\\/le-regard-libre\",\"https:\\\/\\\/www.instagram.com\\\/leregardlibre\\\/\",\"http:\\\/\\\/t.me\\\/leregardlibre\",\"https:\\\/\\\/youtube.com\\\/channel\\\/UC6HzGPomj1LsUmlz-sJtITQ\"],\"description\":\"Le Regard Libre est un mensuel suisse de d\u00e9bat intellectuel et culturel. Sa r\u00e9daction est jeune, b\u00e9n\u00e9vole, lib\u00e9rale et pluraliste. Le magazine para\u00eet en ligne et sous forme papier. Sa langue est le fran\u00e7ais.\",\"email\":\"redaction@leregardlibre.com\",\"legalName\":\"Le Regard Libre\",\"foundingDate\":\"2014-01-01\",\"numberOfEmployees\":{\"@type\":\"QuantitativeValue\",\"minValue\":\"11\",\"maxValue\":\"50\"},\"publishingPrinciples\":\"https:\\\/\\\/leregardlibre.com\\\/a-propos\\\/notre-manifeste\\\/\",\"ownershipFundingInfo\":\"https:\\\/\\\/leregardlibre.com\\\/mentions-legales\\\/\",\"actionableFeedbackPolicy\":\"https:\\\/\\\/leregardlibre.com\\\/conditions-generales-de-vente\\\/\"},{\"@type\":\"Person\",\"@id\":\"https:\\\/\\\/leregardlibre.com\\\/#\\\/schema\\\/person\\\/3446d3a78b45211305188d4401e7719a\",\"name\":\"Nicolas Jutzet\",\"image\":{\"@type\":\"ImageObject\",\"inLanguage\":\"en-US\",\"@id\":\"https:\\\/\\\/secure.gravatar.com\\\/avatar\\\/0051d940078d390e50a5e700a6c653e3776f3a164b8878a91d3c09ee3a174239?s=96&d=identicon&r=g\",\"url\":\"https:\\\/\\\/secure.gravatar.com\\\/avatar\\\/0051d940078d390e50a5e700a6c653e3776f3a164b8878a91d3c09ee3a174239?s=96&d=identicon&r=g\",\"contentUrl\":\"https:\\\/\\\/secure.gravatar.com\\\/avatar\\\/0051d940078d390e50a5e700a6c653e3776f3a164b8878a91d3c09ee3a174239?s=96&d=identicon&r=g\",\"caption\":\"Nicolas Jutzet\"},\"description\":\"Co-fondateur du m\u00e9dia Liber-th\u00e9, Nicolas Jutzet est vice-directeur de l\u2019Institut lib\u00e9ral, en Suisse.\",\"sameAs\":[\"https:\\\/\\\/nicolasjutzet.ch\\\/a-propos\\\/\",\"https:\\\/\\\/fr.wikipedia.org\\\/wiki\\\/Le_Regard_libre\"],\"url\":\"https:\\\/\\\/leregardlibre.com\\\/en\\\/author\\\/nicolas-jutzet\\\/\"}]}<\/script>\n<!-- \/ Yoast SEO Premium plugin. -->","yoast_head_json":{"title":"\u00abLes Billes du Pachinko\u00bb - An inner journey","robots":{"index":"index","follow":"follow","max-snippet":"max-snippet:-1","max-image-preview":"max-image-preview:large","max-video-preview":"max-video-preview:-1"},"canonical":"https:\/\/leregardlibre.com\/en\/literature\/the-pachinko-balls-an-inner-journey\/","og_locale":"en_US","og_type":"article","og_title":"\u00abLes Billes du Pachinko\u00bb \u2013 Un voyage int\u00e9rieur","og_description":"Les lettres romandes du mardi \u2013&nbsp;Nicolas Jutzet Le Regard Libre et ses lecteurs ont d\u00e9couvert Elisa Shua Dusapin gr\u00e2ce \u00e0...","og_url":"https:\/\/leregardlibre.com\/en\/literature\/the-pachinko-balls-an-inner-journey\/","og_site_name":"Le Regard Libre","article_publisher":"https:\/\/www.facebook.com\/leregardlibre\/","article_published_time":"2018-11-06T12:00:23+00:00","article_modified_time":"2022-11-13T13:49:11+00:00","og_image":[{"width":1920,"height":1280,"url":"https:\/\/leregardlibre.com\/wp-content\/uploads\/2018\/11\/mt-fuji-1898711_1920.jpg","type":"image\/jpeg"}],"author":"Nicolas Jutzet","twitter_card":"summary_large_image","twitter_creator":"@LeRegardLibre","twitter_site":"@LeRegardLibre","twitter_misc":{"Written by":"Nicolas Jutzet","Est. reading time":"3 minutes"},"schema":{"@context":"https:\/\/schema.org","@graph":[{"@type":"Article","@id":"https:\/\/leregardlibre.com\/litterature\/les-billes-du-pachinko-un-voyage-interieur\/#article","isPartOf":{"@id":"https:\/\/leregardlibre.com\/litterature\/les-billes-du-pachinko-un-voyage-interieur\/"},"author":{"name":"Nicolas Jutzet","@id":"https:\/\/leregardlibre.com\/#\/schema\/person\/3446d3a78b45211305188d4401e7719a"},"headline":"\u00abLes Billes du Pachinko\u00bb \u2013 Un voyage int\u00e9rieur","datePublished":"2018-11-06T12:00:23+00:00","dateModified":"2022-11-13T13:49:11+00:00","mainEntityOfPage":{"@id":"https:\/\/leregardlibre.com\/litterature\/les-billes-du-pachinko-un-voyage-interieur\/"},"wordCount":720,"commentCount":0,"publisher":{"@id":"https:\/\/leregardlibre.com\/#organization"},"image":{"@id":"https:\/\/leregardlibre.com\/litterature\/les-billes-du-pachinko-un-voyage-interieur\/#primaryimage"},"thumbnailUrl":"https:\/\/leregardlibre.com\/wp-content\/uploads\/2018\/11\/mt-fuji-1898711_1920.jpg","keywords":["Cor\u00e9e du Sud","Critique litt\u00e9raire","Elisa Shua Dusapin","Elys\u00e9e","Emmanuel Macron","Japon","les billes du pachinko","Litt\u00e9rature francophone","Litt\u00e9rature romande"],"articleSection":["Litt\u00e9rature"],"inLanguage":"en-US","potentialAction":[{"@type":"CommentAction","name":"Comment","target":["https:\/\/leregardlibre.com\/litterature\/les-billes-du-pachinko-un-voyage-interieur\/#respond"]}]},{"@type":"WebPage","@id":"https:\/\/leregardlibre.com\/litterature\/les-billes-du-pachinko-un-voyage-interieur\/","url":"https:\/\/leregardlibre.com\/litterature\/les-billes-du-pachinko-un-voyage-interieur\/","name":"\u00abLes Billes du Pachinko\u00bb - An inner journey","isPartOf":{"@id":"https:\/\/leregardlibre.com\/#website"},"primaryImageOfPage":{"@id":"https:\/\/leregardlibre.com\/litterature\/les-billes-du-pachinko-un-voyage-interieur\/#primaryimage"},"image":{"@id":"https:\/\/leregardlibre.com\/litterature\/les-billes-du-pachinko-un-voyage-interieur\/#primaryimage"},"thumbnailUrl":"https:\/\/leregardlibre.com\/wp-content\/uploads\/2018\/11\/mt-fuji-1898711_1920.jpg","datePublished":"2018-11-06T12:00:23+00:00","dateModified":"2022-11-13T13:49:11+00:00","breadcrumb":{"@id":"https:\/\/leregardlibre.com\/litterature\/les-billes-du-pachinko-un-voyage-interieur\/#breadcrumb"},"inLanguage":"en-US","potentialAction":[{"@type":"ReadAction","target":["https:\/\/leregardlibre.com\/litterature\/les-billes-du-pachinko-un-voyage-interieur\/"]}]},{"@type":"ImageObject","inLanguage":"en-US","@id":"https:\/\/leregardlibre.com\/litterature\/les-billes-du-pachinko-un-voyage-interieur\/#primaryimage","url":"https:\/\/leregardlibre.com\/wp-content\/uploads\/2018\/11\/mt-fuji-1898711_1920.jpg","contentUrl":"https:\/\/leregardlibre.com\/wp-content\/uploads\/2018\/11\/mt-fuji-1898711_1920.jpg","width":1920,"height":1280},{"@type":"BreadcrumbList","@id":"https:\/\/leregardlibre.com\/litterature\/les-billes-du-pachinko-un-voyage-interieur\/#breadcrumb","itemListElement":[{"@type":"ListItem","position":1,"name":"Accueil","item":"https:\/\/leregardlibre.com\/"},{"@type":"ListItem","position":2,"name":"\u00abLes Billes du Pachinko\u00bb \u2013 Un voyage int\u00e9rieur"}]},{"@type":"WebSite","@id":"https:\/\/leregardlibre.com\/#website","url":"https:\/\/leregardlibre.com\/","name":"Le Regard Libre","description":"Switzerland's first monthly debate magazine","publisher":{"@id":"https:\/\/leregardlibre.com\/#organization"},"potentialAction":[{"@type":"SearchAction","target":{"@type":"EntryPoint","urlTemplate":"https:\/\/leregardlibre.com\/?s={search_term_string}"},"query-input":{"@type":"PropertyValueSpecification","valueRequired":true,"valueName":"search_term_string"}}],"inLanguage":"en-US"},{"@type":"Organization","@id":"https:\/\/leregardlibre.com\/#organization","name":"Le Regard Libre","url":"https:\/\/leregardlibre.com\/","logo":{"@type":"ImageObject","inLanguage":"en-US","@id":"https:\/\/leregardlibre.com\/#\/schema\/logo\/image\/","url":"https:\/\/leregardlibre.com\/wp-content\/uploads\/2025\/08\/logo-rl-icone-neg.jpeg","contentUrl":"https:\/\/leregardlibre.com\/wp-content\/uploads\/2025\/08\/logo-rl-icone-neg.jpeg","width":557,"height":556,"caption":"Le Regard Libre"},"image":{"@id":"https:\/\/leregardlibre.com\/#\/schema\/logo\/image\/"},"sameAs":["https:\/\/www.facebook.com\/leregardlibre\/","https:\/\/x.com\/LeRegardLibre","https:\/\/www.linkedin.com\/company\/le-regard-libre","https:\/\/www.instagram.com\/leregardlibre\/","http:\/\/t.me\/leregardlibre","https:\/\/youtube.com\/channel\/UC6HzGPomj1LsUmlz-sJtITQ"],"description":"Le Regard Libre is a Swiss monthly magazine for intellectual and cultural debate. Its editorial team is young, voluntary, liberal and pluralist. The magazine appears online and in print. Its language is French.","email":"redaction@leregardlibre.com","legalName":"Le Regard Libre","foundingDate":"2014-01-01","numberOfEmployees":{"@type":"QuantitativeValue","minValue":"11","maxValue":"50"},"publishingPrinciples":"https:\/\/leregardlibre.com\/a-propos\/notre-manifeste\/","ownershipFundingInfo":"https:\/\/leregardlibre.com\/mentions-legales\/","actionableFeedbackPolicy":"https:\/\/leregardlibre.com\/conditions-generales-de-vente\/"},{"@type":"Person","@id":"https:\/\/leregardlibre.com\/#\/schema\/person\/3446d3a78b45211305188d4401e7719a","name":"Nicolas Jutzet","image":{"@type":"ImageObject","inLanguage":"en-US","@id":"https:\/\/secure.gravatar.com\/avatar\/0051d940078d390e50a5e700a6c653e3776f3a164b8878a91d3c09ee3a174239?s=96&d=identicon&r=g","url":"https:\/\/secure.gravatar.com\/avatar\/0051d940078d390e50a5e700a6c653e3776f3a164b8878a91d3c09ee3a174239?s=96&d=identicon&r=g","contentUrl":"https:\/\/secure.gravatar.com\/avatar\/0051d940078d390e50a5e700a6c653e3776f3a164b8878a91d3c09ee3a174239?s=96&d=identicon&r=g","caption":"Nicolas Jutzet"},"description":"Co-founder of the Liber-th\u00e9 media, Nicolas Jutzet is vice-director of the Institut lib\u00e9ral in Switzerland.","sameAs":["https:\/\/nicolasjutzet.ch\/a-propos\/","https:\/\/fr.wikipedia.org\/wiki\/Le_Regard_libre"],"url":"https:\/\/leregardlibre.com\/en\/author\/nicolas-jutzet\/"}]}},"_links":{"self":[{"href":"https:\/\/leregardlibre.com\/en\/wp-json\/wp\/v2\/posts\/17562","targetHints":{"allow":["GET"]}}],"collection":[{"href":"https:\/\/leregardlibre.com\/en\/wp-json\/wp\/v2\/posts"}],"about":[{"href":"https:\/\/leregardlibre.com\/en\/wp-json\/wp\/v2\/types\/post"}],"author":[{"embeddable":true,"href":"https:\/\/leregardlibre.com\/en\/wp-json\/wp\/v2\/users\/314"}],"replies":[{"embeddable":true,"href":"https:\/\/leregardlibre.com\/en\/wp-json\/wp\/v2\/comments?post=17562"}],"version-history":[{"count":1,"href":"https:\/\/leregardlibre.com\/en\/wp-json\/wp\/v2\/posts\/17562\/revisions"}],"predecessor-version":[{"id":510166,"href":"https:\/\/leregardlibre.com\/en\/wp-json\/wp\/v2\/posts\/17562\/revisions\/510166"}],"wp:featuredmedia":[{"embeddable":true,"href":"https:\/\/leregardlibre.com\/en\/wp-json\/wp\/v2\/media\/17563"}],"wp:attachment":[{"href":"https:\/\/leregardlibre.com\/en\/wp-json\/wp\/v2\/media?parent=17562"}],"wp:term":[{"taxonomy":"category","embeddable":true,"href":"https:\/\/leregardlibre.com\/en\/wp-json\/wp\/v2\/categories?post=17562"},{"taxonomy":"post_tag","embeddable":true,"href":"https:\/\/leregardlibre.com\/en\/wp-json\/wp\/v2\/tags?post=17562"}],"curies":[{"name":"wp","href":"https:\/\/api.w.org\/{rel}","templated":true}]}}