{"id":17655,"date":"2018-11-10T11:46:12","date_gmt":"2018-11-10T10:46:12","guid":{"rendered":"https:\/\/leregardlibre.com\/?p=17655"},"modified":"2025-08-18T11:42:56","modified_gmt":"2025-08-18T09:42:56","slug":"indignation-de-philip-roth","status":"publish","type":"post","link":"https:\/\/leregardlibre.com\/en\/literature\/indignation-de-philip-roth\/","title":{"rendered":"Philip Roth's \u2019Indignation"},"content":{"rendered":"<p class=\"has-drop-cap\"><strong>Mourir b\u00eatement d\u2019un coup de ba\u00efonnette par refus de subordination \u00e0 n\u2019importe quel ordre moral. Finir d\u00e9chiquet\u00e9 sur le champ de bataille comme un bout de viande parce qu\u2019on a refus\u00e9 l\u2019inculcation d\u2019une quelconque tradition. Est-ce que cela en vaut la peine? La question fait \u00e9cho au terme \u00ab<\/strong><strong>indignation\u00bb \u2013&nbsp;le sentiment de col\u00e8re qui soul\u00e8ve une action qui heurte la conscience morale, le sentiment de la justice&nbsp;\u2013 titre du roman de feu Philip Roth.<\/strong><\/p>\n\n\n\n<!--more-->\n\n\n\n<p>Une \u00e9criture parfois sarcastique, grave aussi; une plume toujours pr\u00e9cise et aiguis\u00e9e \u00e0 l\u2019affuteuse au moment de d\u00e9peindre la soci\u00e9t\u00e9 am\u00e9ricaine et ses communautarismes. Voil\u00e0 l\u2019impression qui domine au moment de tourner la derni\u00e8re page du roman et de commenter l\u2019ouvrage. Il y a aussi une r\u00e9flexion qui surgit.<\/p>\n\n\n\n<p>Dire non s\u2019il le faut, si nos valeurs l\u2019exigent. Ne pas oublier cette n\u00e9cessit\u00e9 indispensable au changement. Ne pas oublier d\u2019entrer en discussion avec celui ou celle qui nous insupporte, de r\u00e9fl\u00e9chir \u00e0 ce qui nous froisse intimement. Ne pas oublier de remettre en question tout ce qui nous entoure. Ne pas foncer droit et comme un bulldozer avec une seule id\u00e9e en t\u00eate. C\u2019est en partie ce qui tiraille Marcus, fils de boucher, \u00e9tudiant brillant, jeune homme tortur\u00e9 par son \u00e9poque, protagoniste principal du roman <i>Indignation<\/i>. Il vit par ailleurs un contexte particulier de l\u2019histoire des Etats-Unis, de 1951 \u00e0 1953. Quand la guerre de Cor\u00e9e faisait rage et que la guerre froide balbutiait d\u00e9j\u00e0.<\/p>\n\n\n\n<h3 class=\"wp-block-heading\" id=\"h-indignation-photographie-contradictoire-d-une-epoque\"><i>Indignation<\/i>, photographie contradictoire d\u2019une \u00e9poque<\/h3>\n\n\n\n<p>Le roman de l\u2019\u00e9crivain am\u00e9ricain contient le soufre et les \u00e9tincelles n\u00e9cessaires pour consumer compl\u00e8tement le lecteur dans les contradictions des personnages. Ces derniers d\u00e9filent sous l\u2019\u0153il souvent angoiss\u00e9 et parfois fonceur de Marcus, peut-\u00eatre simplement perdu, ou \u00abMarkie\u00bb comme l\u2019appelle sa m\u00e8re, femme au caract\u00e8re bien tremp\u00e9, supportant, m\u00eame tr\u00e8s difficilement, la folie naissante de son mari cinquantenaire d\u00e8s le d\u00e9part de leur fils au tr\u00e8s conservateur Winesburg College, dans le fin fond de l\u2019Ohio. L\u00e0-bas, le fils prodige d\u00e9couvre l\u2019univers des fraternit\u00e9s, clubs ferm\u00e9s et r\u00e9serv\u00e9s \u00e0 une certaine cat\u00e9gorie d\u2019\u00e9tudiants.<\/p>\n\n\n\n<blockquote class=\"wp-block-quote is-layout-flow wp-block-quote-is-layout-flow\">\n<p>\u00abIl y avait douze fraternit\u00e9s sur le campus, mais deux d\u2019entre elles seulement admettaient les Juifs: l\u2019une \u00e9tait une petite fraternit\u00e9 exclusivement juive qui comptait une cinquantaine de membres, et l\u2019autre une fraternit\u00e9 sans exclusive, deux fois plus petite, fond\u00e9e localement par un groupe d\u2019\u00e9tudiants id\u00e9alistes qui cherchaient \u00e0 enr\u00f4ler tous ceux sur qui ils pouvaient mettre la main. Les dix autres \u00e9taient r\u00e9serv\u00e9s \u00e0 des \u00e9tudiants blancs, chr\u00e9tiens et de sexe masculin, ensemble de conditions que personne n\u2019aurait eu l\u2019id\u00e9e de remettre en cause sur un campus s\u2019appuyant si fortement sur le respect des traditions.\u00bb<\/p>\n<\/blockquote>\n\n\n\n<p>Marcus lui-m\u00eame est une contradiction ambulante. Il ment quand cela l\u2019arrange, ou plut\u00f4t ne dit pas toute la v\u00e9rit\u00e9 pour sauver, d\u2019une certaine mani\u00e8re, sa face, ou pire, sa fiert\u00e9. C\u2019est le cas quand il est convoqu\u00e9 dans le bureau de Caudwell, doyen des \u00e9tudiants du Winesburg College tr\u00e8s \u00e0 cheval sur les r\u00e8gles et ayant v\u00e9ritablement exist\u00e9. Dans ce passage, Philip Roth s\u2019amuse avec talent des tensions intellectuelles et personnelles. Il \u00e9crit avec allant le <i>crescendo<\/i> enflamm\u00e9 qui part d\u2019un d\u00e9saccord majeur entre les deux personnages: l\u2019obligation d\u2019assister au culte pour tous les \u00e9tudiants.<\/p>\n\n\n\n<h6 class=\"wp-block-heading\" id=\"h-a-lire-aussi-pastorale-americaine-un-ouvrage-qui-dit-tout\">Read also | <a href=\"https:\/\/leregardlibre.com\/en\/literature\/pastorale-americaine-review\/\"><em>American pastoral care<\/em>, a book that says it all<\/a><\/h6>\n\n\n\n<p>Marcus s\u2019indigne vivement contre l\u2019autoritarisme de l\u2019\u00e9glise tout en subissant l\u2019autorit\u00e9 du plus haut dignitaire du College. Ce dernier l\u2019interroge notamment avec insistance sur les relations qu\u2019il entretient avec les autres \u00e9tudiants et \u00e9tudiantes. Marcus r\u00e9pond en attaquant sans jamais \u00e9voquer sa liaison dangereuse avec Olivia, comme pour garder un peu d\u2019intimit\u00e9. La fille de m\u00e9decin, jeune femme au pass\u00e9 d\u2019alcoolique, intern\u00e9e en h\u00f4pital psychiatrique apr\u00e8s une tentative de suicide et dont Marcus est tomb\u00e9 follement amoureux sans vraiment comprendre pourquoi. On ignore s\u2019il cache cela au doyen dans le but d\u2019\u00e9viter l\u2019exclusion ou juste par provocation.<\/p>\n\n\n\n<p>L\u2019histoire d\u2019amour compliqu\u00e9e entre Marcus et Olivia ainsi que les tensions du jeune homme avec son p\u00e8re tiennent le lecteur en haleine. Par ailleurs, l\u2019\u00e9crivain noue et d\u00e9noue de nombreux n\u0153uds et ce sans discontinuer. Deux cents pages dans lesquelles un \u00e9pisode perturbe tout le sens du roman: \u00abla Grande Razzia sur les petites culottes du campus de Winesburg\u00bb. Une nuit enneig\u00e9e o\u00f9 les \u00e9tudiants se sont oppos\u00e9s de mani\u00e8re vive, surprenante et presque comique \u00e0 la raideur des r\u00e8gles du Winesburg College. Un tournant similaire \u00e0 ceux qui apparaissent souvent dans l\u2019\u00e9criture de Philip Roth.<\/p>\n\n\n\n<h6 class=\"wp-block-heading\" id=\"h-a-lire-aussi-portnoy-et-son-complexe-l-art-de-la-touche\">Read also | <a href=\"https:\/\/leregardlibre.com\/en\/literature\/portnoy-et-son-complexe-critique\/\"><em>Portnoy and his complex<\/em>, the art of the touch<\/a><\/h6>\n\n\n\n<p>Quand l\u2019\u00e9crivain embarque ses personnages sur la montagne russe des \u00e9motions. Quand la col\u00e8re, propre \u00e0 l\u2019indignation, fait exploser des carcans, les renforce ou provoque le changement. Quand on passe, d\u2019un paragraphe \u00e0 l\u2019autre, d\u2019un jeune homme intelligent et apais\u00e9 \u00e0 un homme \u00e9nerv\u00e9 contre des id\u00e9aux qu\u2019il refuse d\u2019accepter sans protester.<\/p>\n\n\n\n<h3 class=\"wp-block-heading\" id=\"h-roth-libre-penseur-ou-tortionnaire\">Roth, libre-penseur ou tortionnaire?<\/h3>\n\n\n\n<p>Vous l\u2019aurez compris, les personnages d\u2019<i>Indignation <\/i>sont constamment mis sous pression par ce qu\u2019ils vivent mais aussi par les situations contradictoires que Philip Roth tisse. Il les torture autant qu\u2019ils sont eux-m\u00eames tortur\u00e9s par ce qui les entoure, des grands id\u00e9aux aux modestes valeurs familiales. Il leur laisse toutefois la chance de refuser sa main-mise d\u2019\u00e9crivain, de la combattre. L\u2019auteur d\u00e9ploie ainsi ses capacit\u00e9s litt\u00e9raires pour toujours faire r\u00e9fl\u00e9chir le lecteur.<\/p>\n\n\n\n<p>Qu\u2019il s\u2019agisse d\u2019une arme ou des pressions psychologiques que la vie nous impose, la lutte est ardue pour rester un tant soit peu indign\u00e9 comme Marcus. Indign\u00e9 par ce qui se passe en Allemagne. Indign\u00e9 par ce qui arrive sur la route des migrants. Indign\u00e9 par l\u2019autoritarisme grandissant. S\u2019indigner, donc, pour ne pas nous laisser faire, peu importent les risques \u00e0 prendre.<\/p>\n\n\n\n<h6 class=\"wp-block-heading\" id=\"h-vous-venez-de-lire-un-article-tire-de-notre-dossier-special-philip-roth-publie-dans-notre-edition-papier-le-regard-libre-n-43-debats-analyses-actualites-culturelles-abonnez-vous-a-notre-media-de-reflexion-pour-nous-soutenir-et-avoir-acces-a-tous-nos-contenus\">You have just read an article from our <a href=\"https:\/\/leregardlibre.com\/en\/tag\/dossier-special-philip-roth\/\">Philip Roth special report<\/a>, published in our print edition (<em><a href=\"https:\/\/leregardlibre.com\/en\/cpt-editions\/le-regard-libre-n-43\/\">Le Regard Libre<\/a><\/em><a href=\"https:\/\/leregardlibre.com\/en\/cpt-editions\/le-regard-libre-n-43\/\"> N\u00b0 43<\/a>). Debates, analyses, cultural news:\u00a0<a href=\"https:\/\/leregardlibre.com\/en\/subscription\/\">subscribe<\/a>\u00a0to support us and access all our content.<\/h6>","protected":false},"excerpt":{"rendered":"<p>Dying stupidly from a bayonet wound because you refuse to submit to any moral order. To end up shredded on the battlefield like a piece of meat because you refused the inculcation of any tradition. Is it worth it? The question echoes the term \u00abindignation\u00bb - the feeling of anger that arises from an action that offends the moral conscience, the sense of justice - the title of the late Philip Roth's novel.<\/p>","protected":false},"author":335,"featured_media":510178,"comment_status":"open","ping_status":"open","sticky":false,"template":"","format":"standard","meta":{"_acf_changed":false,"footnotes":""},"categories":[20663],"tags":[644340277,17675948,1095978,5915737,12415890,644340275,38542],"class_list":["post-17655","post","type-post","status-publish","format-standard","has-post-thumbnail","hentry","category-litterature","tag-dossier-special-philip-roth","tag-guerre-de-coree","tag-guerre-froide","tag-litterature-americaine","tag-litterature-anglophone","tag-philip-roth","tag-roman"],"acf":[],"yoast_head":"<!-- This site is optimized with the Yoast SEO Premium plugin v27.4 (Yoast SEO v27.4) - https:\/\/yoast.com\/product\/yoast-seo-premium-wordpress\/ -->\n<title>L\u2019\u00abIndignation\u00bb de Philip Roth<\/title>\n<meta name=\"description\" content=\"L&#039;indignation comme moteur d&#039;action, une r\u00e9flexion sur le roman de Philip Roth et sur la soci\u00e9t\u00e9 am\u00e9ricaine.\" \/>\n<meta name=\"robots\" content=\"index, follow, max-snippet:-1, max-image-preview:large, max-video-preview:-1\" \/>\n<link rel=\"canonical\" href=\"https:\/\/leregardlibre.com\/en\/literature\/indignation-de-philip-roth\/\" \/>\n<meta property=\"og:locale\" content=\"en_US\" \/>\n<meta property=\"og:type\" content=\"article\" \/>\n<meta property=\"og:title\" content=\"L\u2019\u00abIndignation\u00bb de Philip Roth\" \/>\n<meta property=\"og:description\" content=\"L&#039;indignation comme moteur d&#039;action, une r\u00e9flexion sur le roman de Philip Roth et sur la soci\u00e9t\u00e9 am\u00e9ricaine.\" \/>\n<meta property=\"og:url\" content=\"https:\/\/leregardlibre.com\/en\/literature\/indignation-de-philip-roth\/\" \/>\n<meta property=\"og:site_name\" content=\"Le Regard Libre\" \/>\n<meta property=\"article:publisher\" content=\"https:\/\/www.facebook.com\/leregardlibre\/\" \/>\n<meta property=\"article:published_time\" content=\"2018-11-10T10:46:12+00:00\" \/>\n<meta property=\"article:modified_time\" content=\"2025-08-18T09:42:56+00:00\" \/>\n<meta property=\"og:image\" content=\"https:\/\/leregardlibre.com\/wp-content\/uploads\/2018\/11\/Philip-Roth-\u00a9-Jonas-Follonier-pour-Le-Regard-Libre-rotated-1-e1755509903928.jpg\" \/>\n\t<meta property=\"og:image:width\" content=\"1920\" \/>\n\t<meta property=\"og:image:height\" content=\"1459\" \/>\n\t<meta property=\"og:image:type\" content=\"image\/jpeg\" \/>\n<meta name=\"author\" content=\"Alexandre W\u00e4lti\" \/>\n<meta name=\"twitter:card\" content=\"summary_large_image\" \/>\n<meta name=\"twitter:creator\" content=\"@LeRegardLibre\" \/>\n<meta name=\"twitter:site\" content=\"@LeRegardLibre\" \/>\n<meta name=\"twitter:label1\" content=\"Written by\" \/>\n\t<meta name=\"twitter:data1\" content=\"Alexandre W\u00e4lti\" \/>\n\t<meta name=\"twitter:label2\" content=\"Est. reading time\" \/>\n\t<meta name=\"twitter:data2\" content=\"5 minutes\" \/>\n<script type=\"application\/ld+json\" class=\"yoast-schema-graph\">{\"@context\":\"https:\\\/\\\/schema.org\",\"@graph\":[{\"@type\":\"Article\",\"@id\":\"https:\\\/\\\/leregardlibre.com\\\/litterature\\\/indignation-de-philip-roth\\\/#article\",\"isPartOf\":{\"@id\":\"https:\\\/\\\/leregardlibre.com\\\/litterature\\\/indignation-de-philip-roth\\\/\"},\"author\":{\"name\":\"Alexandre W\u00e4lti\",\"@id\":\"https:\\\/\\\/leregardlibre.com\\\/#\\\/schema\\\/person\\\/634006bb230566361a27c65cfd0aaf24\"},\"headline\":\"L\u2019\u00abIndignation\u00bb de Philip Roth\",\"datePublished\":\"2018-11-10T10:46:12+00:00\",\"dateModified\":\"2025-08-18T09:42:56+00:00\",\"mainEntityOfPage\":{\"@id\":\"https:\\\/\\\/leregardlibre.com\\\/litterature\\\/indignation-de-philip-roth\\\/\"},\"wordCount\":1114,\"commentCount\":0,\"publisher\":{\"@id\":\"https:\\\/\\\/leregardlibre.com\\\/#organization\"},\"image\":{\"@id\":\"https:\\\/\\\/leregardlibre.com\\\/litterature\\\/indignation-de-philip-roth\\\/#primaryimage\"},\"thumbnailUrl\":\"https:\\\/\\\/leregardlibre.com\\\/wp-content\\\/uploads\\\/2018\\\/11\\\/Philip-Roth-\u00a9-Jonas-Follonier-pour-Le-Regard-Libre-rotated-1-e1755509903928.jpg\",\"keywords\":[\"Dossier PHILIP ROTH\",\"Guerre de Cor\u00e9e\",\"Guerre froide\",\"Litt\u00e9rature am\u00e9ricaine\",\"Litt\u00e9rature anglophone\",\"Philip Roth\",\"Roman\"],\"articleSection\":[\"Litt\u00e9rature\"],\"inLanguage\":\"en-US\",\"potentialAction\":[{\"@type\":\"CommentAction\",\"name\":\"Comment\",\"target\":[\"https:\\\/\\\/leregardlibre.com\\\/litterature\\\/indignation-de-philip-roth\\\/#respond\"]}]},{\"@type\":\"WebPage\",\"@id\":\"https:\\\/\\\/leregardlibre.com\\\/litterature\\\/indignation-de-philip-roth\\\/\",\"url\":\"https:\\\/\\\/leregardlibre.com\\\/litterature\\\/indignation-de-philip-roth\\\/\",\"name\":\"L\u2019\u00abIndignation\u00bb de Philip Roth\",\"isPartOf\":{\"@id\":\"https:\\\/\\\/leregardlibre.com\\\/#website\"},\"primaryImageOfPage\":{\"@id\":\"https:\\\/\\\/leregardlibre.com\\\/litterature\\\/indignation-de-philip-roth\\\/#primaryimage\"},\"image\":{\"@id\":\"https:\\\/\\\/leregardlibre.com\\\/litterature\\\/indignation-de-philip-roth\\\/#primaryimage\"},\"thumbnailUrl\":\"https:\\\/\\\/leregardlibre.com\\\/wp-content\\\/uploads\\\/2018\\\/11\\\/Philip-Roth-\u00a9-Jonas-Follonier-pour-Le-Regard-Libre-rotated-1-e1755509903928.jpg\",\"datePublished\":\"2018-11-10T10:46:12+00:00\",\"dateModified\":\"2025-08-18T09:42:56+00:00\",\"description\":\"L'indignation comme moteur d'action, une r\u00e9flexion sur le roman de Philip Roth et sur la soci\u00e9t\u00e9 am\u00e9ricaine.\",\"breadcrumb\":{\"@id\":\"https:\\\/\\\/leregardlibre.com\\\/litterature\\\/indignation-de-philip-roth\\\/#breadcrumb\"},\"inLanguage\":\"en-US\",\"potentialAction\":[{\"@type\":\"ReadAction\",\"target\":[\"https:\\\/\\\/leregardlibre.com\\\/litterature\\\/indignation-de-philip-roth\\\/\"]}]},{\"@type\":\"ImageObject\",\"inLanguage\":\"en-US\",\"@id\":\"https:\\\/\\\/leregardlibre.com\\\/litterature\\\/indignation-de-philip-roth\\\/#primaryimage\",\"url\":\"https:\\\/\\\/leregardlibre.com\\\/wp-content\\\/uploads\\\/2018\\\/11\\\/Philip-Roth-\u00a9-Jonas-Follonier-pour-Le-Regard-Libre-rotated-1-e1755509903928.jpg\",\"contentUrl\":\"https:\\\/\\\/leregardlibre.com\\\/wp-content\\\/uploads\\\/2018\\\/11\\\/Philip-Roth-\u00a9-Jonas-Follonier-pour-Le-Regard-Libre-rotated-1-e1755509903928.jpg\",\"width\":1920,\"height\":1459,\"caption\":\"Photo: Jonas Follonier pour Le Regard Libre\"},{\"@type\":\"BreadcrumbList\",\"@id\":\"https:\\\/\\\/leregardlibre.com\\\/litterature\\\/indignation-de-philip-roth\\\/#breadcrumb\",\"itemListElement\":[{\"@type\":\"ListItem\",\"position\":1,\"name\":\"Accueil\",\"item\":\"https:\\\/\\\/leregardlibre.com\\\/\"},{\"@type\":\"ListItem\",\"position\":2,\"name\":\"L\u2019\u00abIndignation\u00bb de Philip Roth\"}]},{\"@type\":\"WebSite\",\"@id\":\"https:\\\/\\\/leregardlibre.com\\\/#website\",\"url\":\"https:\\\/\\\/leregardlibre.com\\\/\",\"name\":\"Le Regard Libre\",\"description\":\"Premier mensuel suisse de d\u00e9bat\",\"publisher\":{\"@id\":\"https:\\\/\\\/leregardlibre.com\\\/#organization\"},\"potentialAction\":[{\"@type\":\"SearchAction\",\"target\":{\"@type\":\"EntryPoint\",\"urlTemplate\":\"https:\\\/\\\/leregardlibre.com\\\/?s={search_term_string}\"},\"query-input\":{\"@type\":\"PropertyValueSpecification\",\"valueRequired\":true,\"valueName\":\"search_term_string\"}}],\"inLanguage\":\"en-US\"},{\"@type\":\"Organization\",\"@id\":\"https:\\\/\\\/leregardlibre.com\\\/#organization\",\"name\":\"Le Regard Libre\",\"url\":\"https:\\\/\\\/leregardlibre.com\\\/\",\"logo\":{\"@type\":\"ImageObject\",\"inLanguage\":\"en-US\",\"@id\":\"https:\\\/\\\/leregardlibre.com\\\/#\\\/schema\\\/logo\\\/image\\\/\",\"url\":\"https:\\\/\\\/leregardlibre.com\\\/wp-content\\\/uploads\\\/2025\\\/08\\\/logo-rl-icone-neg.jpeg\",\"contentUrl\":\"https:\\\/\\\/leregardlibre.com\\\/wp-content\\\/uploads\\\/2025\\\/08\\\/logo-rl-icone-neg.jpeg\",\"width\":557,\"height\":556,\"caption\":\"Le Regard Libre\"},\"image\":{\"@id\":\"https:\\\/\\\/leregardlibre.com\\\/#\\\/schema\\\/logo\\\/image\\\/\"},\"sameAs\":[\"https:\\\/\\\/www.facebook.com\\\/leregardlibre\\\/\",\"https:\\\/\\\/x.com\\\/LeRegardLibre\",\"https:\\\/\\\/www.linkedin.com\\\/company\\\/le-regard-libre\",\"https:\\\/\\\/www.instagram.com\\\/leregardlibre\\\/\",\"http:\\\/\\\/t.me\\\/leregardlibre\",\"https:\\\/\\\/youtube.com\\\/channel\\\/UC6HzGPomj1LsUmlz-sJtITQ\"],\"description\":\"Le Regard Libre est un mensuel suisse de d\u00e9bat intellectuel et culturel. Sa r\u00e9daction est jeune, b\u00e9n\u00e9vole, lib\u00e9rale et pluraliste. Le magazine para\u00eet en ligne et sous forme papier. Sa langue est le fran\u00e7ais.\",\"email\":\"redaction@leregardlibre.com\",\"legalName\":\"Le Regard Libre\",\"foundingDate\":\"2014-01-01\",\"numberOfEmployees\":{\"@type\":\"QuantitativeValue\",\"minValue\":\"11\",\"maxValue\":\"50\"},\"publishingPrinciples\":\"https:\\\/\\\/leregardlibre.com\\\/a-propos\\\/notre-manifeste\\\/\",\"ownershipFundingInfo\":\"https:\\\/\\\/leregardlibre.com\\\/mentions-legales\\\/\",\"actionableFeedbackPolicy\":\"https:\\\/\\\/leregardlibre.com\\\/conditions-generales-de-vente\\\/\"},{\"@type\":\"Person\",\"@id\":\"https:\\\/\\\/leregardlibre.com\\\/#\\\/schema\\\/person\\\/634006bb230566361a27c65cfd0aaf24\",\"name\":\"Alexandre W\u00e4lti\",\"image\":{\"@type\":\"ImageObject\",\"inLanguage\":\"en-US\",\"@id\":\"https:\\\/\\\/secure.gravatar.com\\\/avatar\\\/f7336d62d9c120955b2d7027964ca5a2e0245c0903661056e2e625d561f30fef?s=96&d=identicon&r=g\",\"url\":\"https:\\\/\\\/secure.gravatar.com\\\/avatar\\\/f7336d62d9c120955b2d7027964ca5a2e0245c0903661056e2e625d561f30fef?s=96&d=identicon&r=g\",\"contentUrl\":\"https:\\\/\\\/secure.gravatar.com\\\/avatar\\\/f7336d62d9c120955b2d7027964ca5a2e0245c0903661056e2e625d561f30fef?s=96&d=identicon&r=g\",\"caption\":\"Alexandre W\u00e4lti\"},\"sameAs\":[\"https:\\\/\\\/leregardlibre.com\\\/\"],\"url\":\"https:\\\/\\\/leregardlibre.com\\\/en\\\/author\\\/alexandre-waelti\\\/\"}]}<\/script>\n<!-- \/ Yoast SEO Premium plugin. -->","yoast_head_json":{"title":"Philip Roth's \u2019Indignation","description":"L'indignation comme moteur d'action, une r\u00e9flexion sur le roman de Philip Roth et sur la soci\u00e9t\u00e9 am\u00e9ricaine.","robots":{"index":"index","follow":"follow","max-snippet":"max-snippet:-1","max-image-preview":"max-image-preview:large","max-video-preview":"max-video-preview:-1"},"canonical":"https:\/\/leregardlibre.com\/en\/literature\/indignation-de-philip-roth\/","og_locale":"en_US","og_type":"article","og_title":"L\u2019\u00abIndignation\u00bb de Philip Roth","og_description":"L'indignation comme moteur d'action, une r\u00e9flexion sur le roman de Philip Roth et sur la soci\u00e9t\u00e9 am\u00e9ricaine.","og_url":"https:\/\/leregardlibre.com\/en\/literature\/indignation-de-philip-roth\/","og_site_name":"Le Regard Libre","article_publisher":"https:\/\/www.facebook.com\/leregardlibre\/","article_published_time":"2018-11-10T10:46:12+00:00","article_modified_time":"2025-08-18T09:42:56+00:00","og_image":[{"width":1920,"height":1459,"url":"https:\/\/leregardlibre.com\/wp-content\/uploads\/2018\/11\/Philip-Roth-\u00a9-Jonas-Follonier-pour-Le-Regard-Libre-rotated-1-e1755509903928.jpg","type":"image\/jpeg"}],"author":"Alexandre W\u00e4lti","twitter_card":"summary_large_image","twitter_creator":"@LeRegardLibre","twitter_site":"@LeRegardLibre","twitter_misc":{"Written by":"Alexandre W\u00e4lti","Est. reading time":"5 minutes"},"schema":{"@context":"https:\/\/schema.org","@graph":[{"@type":"Article","@id":"https:\/\/leregardlibre.com\/litterature\/indignation-de-philip-roth\/#article","isPartOf":{"@id":"https:\/\/leregardlibre.com\/litterature\/indignation-de-philip-roth\/"},"author":{"name":"Alexandre W\u00e4lti","@id":"https:\/\/leregardlibre.com\/#\/schema\/person\/634006bb230566361a27c65cfd0aaf24"},"headline":"L\u2019\u00abIndignation\u00bb de Philip Roth","datePublished":"2018-11-10T10:46:12+00:00","dateModified":"2025-08-18T09:42:56+00:00","mainEntityOfPage":{"@id":"https:\/\/leregardlibre.com\/litterature\/indignation-de-philip-roth\/"},"wordCount":1114,"commentCount":0,"publisher":{"@id":"https:\/\/leregardlibre.com\/#organization"},"image":{"@id":"https:\/\/leregardlibre.com\/litterature\/indignation-de-philip-roth\/#primaryimage"},"thumbnailUrl":"https:\/\/leregardlibre.com\/wp-content\/uploads\/2018\/11\/Philip-Roth-\u00a9-Jonas-Follonier-pour-Le-Regard-Libre-rotated-1-e1755509903928.jpg","keywords":["Dossier PHILIP ROTH","Guerre de Cor\u00e9e","Guerre froide","Litt\u00e9rature am\u00e9ricaine","Litt\u00e9rature anglophone","Philip Roth","Roman"],"articleSection":["Litt\u00e9rature"],"inLanguage":"en-US","potentialAction":[{"@type":"CommentAction","name":"Comment","target":["https:\/\/leregardlibre.com\/litterature\/indignation-de-philip-roth\/#respond"]}]},{"@type":"WebPage","@id":"https:\/\/leregardlibre.com\/litterature\/indignation-de-philip-roth\/","url":"https:\/\/leregardlibre.com\/litterature\/indignation-de-philip-roth\/","name":"Philip Roth's \u2019Indignation","isPartOf":{"@id":"https:\/\/leregardlibre.com\/#website"},"primaryImageOfPage":{"@id":"https:\/\/leregardlibre.com\/litterature\/indignation-de-philip-roth\/#primaryimage"},"image":{"@id":"https:\/\/leregardlibre.com\/litterature\/indignation-de-philip-roth\/#primaryimage"},"thumbnailUrl":"https:\/\/leregardlibre.com\/wp-content\/uploads\/2018\/11\/Philip-Roth-\u00a9-Jonas-Follonier-pour-Le-Regard-Libre-rotated-1-e1755509903928.jpg","datePublished":"2018-11-10T10:46:12+00:00","dateModified":"2025-08-18T09:42:56+00:00","description":"L'indignation comme moteur d'action, une r\u00e9flexion sur le roman de Philip Roth et sur la soci\u00e9t\u00e9 am\u00e9ricaine.","breadcrumb":{"@id":"https:\/\/leregardlibre.com\/litterature\/indignation-de-philip-roth\/#breadcrumb"},"inLanguage":"en-US","potentialAction":[{"@type":"ReadAction","target":["https:\/\/leregardlibre.com\/litterature\/indignation-de-philip-roth\/"]}]},{"@type":"ImageObject","inLanguage":"en-US","@id":"https:\/\/leregardlibre.com\/litterature\/indignation-de-philip-roth\/#primaryimage","url":"https:\/\/leregardlibre.com\/wp-content\/uploads\/2018\/11\/Philip-Roth-\u00a9-Jonas-Follonier-pour-Le-Regard-Libre-rotated-1-e1755509903928.jpg","contentUrl":"https:\/\/leregardlibre.com\/wp-content\/uploads\/2018\/11\/Philip-Roth-\u00a9-Jonas-Follonier-pour-Le-Regard-Libre-rotated-1-e1755509903928.jpg","width":1920,"height":1459,"caption":"Photo: Jonas Follonier pour Le Regard Libre"},{"@type":"BreadcrumbList","@id":"https:\/\/leregardlibre.com\/litterature\/indignation-de-philip-roth\/#breadcrumb","itemListElement":[{"@type":"ListItem","position":1,"name":"Accueil","item":"https:\/\/leregardlibre.com\/"},{"@type":"ListItem","position":2,"name":"L\u2019\u00abIndignation\u00bb de Philip Roth"}]},{"@type":"WebSite","@id":"https:\/\/leregardlibre.com\/#website","url":"https:\/\/leregardlibre.com\/","name":"Le Regard Libre","description":"Switzerland's first monthly debate magazine","publisher":{"@id":"https:\/\/leregardlibre.com\/#organization"},"potentialAction":[{"@type":"SearchAction","target":{"@type":"EntryPoint","urlTemplate":"https:\/\/leregardlibre.com\/?s={search_term_string}"},"query-input":{"@type":"PropertyValueSpecification","valueRequired":true,"valueName":"search_term_string"}}],"inLanguage":"en-US"},{"@type":"Organization","@id":"https:\/\/leregardlibre.com\/#organization","name":"Le Regard Libre","url":"https:\/\/leregardlibre.com\/","logo":{"@type":"ImageObject","inLanguage":"en-US","@id":"https:\/\/leregardlibre.com\/#\/schema\/logo\/image\/","url":"https:\/\/leregardlibre.com\/wp-content\/uploads\/2025\/08\/logo-rl-icone-neg.jpeg","contentUrl":"https:\/\/leregardlibre.com\/wp-content\/uploads\/2025\/08\/logo-rl-icone-neg.jpeg","width":557,"height":556,"caption":"Le Regard Libre"},"image":{"@id":"https:\/\/leregardlibre.com\/#\/schema\/logo\/image\/"},"sameAs":["https:\/\/www.facebook.com\/leregardlibre\/","https:\/\/x.com\/LeRegardLibre","https:\/\/www.linkedin.com\/company\/le-regard-libre","https:\/\/www.instagram.com\/leregardlibre\/","http:\/\/t.me\/leregardlibre","https:\/\/youtube.com\/channel\/UC6HzGPomj1LsUmlz-sJtITQ"],"description":"Le Regard Libre is a Swiss monthly magazine for intellectual and cultural debate. Its editorial team is young, voluntary, liberal and pluralist. The magazine appears online and in print. Its language is French.","email":"redaction@leregardlibre.com","legalName":"Le Regard Libre","foundingDate":"2014-01-01","numberOfEmployees":{"@type":"QuantitativeValue","minValue":"11","maxValue":"50"},"publishingPrinciples":"https:\/\/leregardlibre.com\/a-propos\/notre-manifeste\/","ownershipFundingInfo":"https:\/\/leregardlibre.com\/mentions-legales\/","actionableFeedbackPolicy":"https:\/\/leregardlibre.com\/conditions-generales-de-vente\/"},{"@type":"Person","@id":"https:\/\/leregardlibre.com\/#\/schema\/person\/634006bb230566361a27c65cfd0aaf24","name":"Alexandre W\u00e4lti","image":{"@type":"ImageObject","inLanguage":"en-US","@id":"https:\/\/secure.gravatar.com\/avatar\/f7336d62d9c120955b2d7027964ca5a2e0245c0903661056e2e625d561f30fef?s=96&d=identicon&r=g","url":"https:\/\/secure.gravatar.com\/avatar\/f7336d62d9c120955b2d7027964ca5a2e0245c0903661056e2e625d561f30fef?s=96&d=identicon&r=g","contentUrl":"https:\/\/secure.gravatar.com\/avatar\/f7336d62d9c120955b2d7027964ca5a2e0245c0903661056e2e625d561f30fef?s=96&d=identicon&r=g","caption":"Alexandre W\u00e4lti"},"sameAs":["https:\/\/leregardlibre.com\/"],"url":"https:\/\/leregardlibre.com\/en\/author\/alexandre-waelti\/"}]}},"_links":{"self":[{"href":"https:\/\/leregardlibre.com\/en\/wp-json\/wp\/v2\/posts\/17655","targetHints":{"allow":["GET"]}}],"collection":[{"href":"https:\/\/leregardlibre.com\/en\/wp-json\/wp\/v2\/posts"}],"about":[{"href":"https:\/\/leregardlibre.com\/en\/wp-json\/wp\/v2\/types\/post"}],"author":[{"embeddable":true,"href":"https:\/\/leregardlibre.com\/en\/wp-json\/wp\/v2\/users\/335"}],"replies":[{"embeddable":true,"href":"https:\/\/leregardlibre.com\/en\/wp-json\/wp\/v2\/comments?post=17655"}],"version-history":[{"count":2,"href":"https:\/\/leregardlibre.com\/en\/wp-json\/wp\/v2\/posts\/17655\/revisions"}],"predecessor-version":[{"id":528687,"href":"https:\/\/leregardlibre.com\/en\/wp-json\/wp\/v2\/posts\/17655\/revisions\/528687"}],"wp:featuredmedia":[{"embeddable":true,"href":"https:\/\/leregardlibre.com\/en\/wp-json\/wp\/v2\/media\/510178"}],"wp:attachment":[{"href":"https:\/\/leregardlibre.com\/en\/wp-json\/wp\/v2\/media?parent=17655"}],"wp:term":[{"taxonomy":"category","embeddable":true,"href":"https:\/\/leregardlibre.com\/en\/wp-json\/wp\/v2\/categories?post=17655"},{"taxonomy":"post_tag","embeddable":true,"href":"https:\/\/leregardlibre.com\/en\/wp-json\/wp\/v2\/tags?post=17655"}],"curies":[{"name":"wp","href":"https:\/\/api.w.org\/{rel}","templated":true}]}}