{"id":17673,"date":"2018-11-13T18:00:23","date_gmt":"2018-11-13T17:00:23","guid":{"rendered":"https:\/\/leregardlibre.com\/?p=17673"},"modified":"2022-09-25T16:22:52","modified_gmt":"2022-09-25T14:22:52","slug":"suzanne-or-never-stop-smiling","status":"publish","type":"post","link":"https:\/\/leregardlibre.com\/en\/literature\/suzanne-or-never-stop-smiling\/","title":{"rendered":"\u00abSuzanne\u00bb, or never stop \u00absmiling all the same\u00bb.\u00bb"},"content":{"rendered":"<p><em>Tuesday's books - Am\u00e9lie Wauthier<\/em><\/p>\n\n\n\n<p class=\"has-drop-cap\">Suzanne is ninety-five years old and has suffered numerous falls, which is why she has been forced to move from her retirement home to an Ehpad, an establishment for dependent elderly people. The understaffed staff are overworked and not always kind or caring towards their residents. Every gesture is counted, and everything is calculated so that not a second is wasted. <em>burn-out<\/em> the key. The proposed activities are infantilizing and Suzanne refuses to participate. It has to be said that blind obedience is not in her nature.<\/p>\n\n\n\n<!--more Lire la suite de la critique (en libre acc\u00e8s)-->\n\n\n\n<p>When she was younger, she dreamed of being an actress in New York, a lawyer, a journalist or even a cosmonaut, at a time when women were learning to be good housewives. The story is punctuated by analepses that take us back in time alongside this child born in 1922 into a household composed of Joseph, a passionate artist, and Louise, a diligent housewife. Growing up in Le Havre, Suzanne experiences the frustration of not having the little sister she so desires, nor the tenderness of a cold, strict mother. From an early age, Suzanne was confronted with death, as her bedroom window overlooked the river where the local drunks drowned. She lived through the century, the Second World War and all kinds of bereavements. Her motto: \u00abSQM: Sourire Quand M\u00eame\u00bb. We discover a strong young woman with a strong character, who loves books, tennis, travel and having fun.<\/p>\n\n\n\n<p>This is the story of a grandson, Fr\u00e9d\u00e9ric Pommier, who paints a portrait of his grandmother, a woman who was sometimes extravagant, often generous and touching. This gripping tale is full of love and gentleness to describe events of extreme violence. The violence is that of retirement homes. The violence suffered by the elderly who are confined there, sometimes abandoned, forgotten. The food is disgusting, the weekly showers too cold to last more than five minutes, broken shutters take weeks to repair, clothes and personal items disappear, medications are reversed. One night, one of Suzanne's neighbors fell out of bed, but no one came to his aid until seven in the morning. As for Madame Martin, \u00absince no one comes to see her, and they're short-staffed, they only take her out of bed three days a week!\u00bb<\/p>\n\n\n\n<p>In this hospice, it's not just the elderly who have it tough, as several employees are on long-term sick leave, and those who speak out against the conditions in which the residents are held are fired.<\/p>\n\n\n\n<blockquote class=\"wp-block-quote is-layout-flow wp-block-quote-is-layout-flow\"><p><i>\u00abI call \u2018the establishment\u2018 to let them know I won't be in for dinner. I let it ring. No one answers. I try again, in vain, three times. Suzanne is not surprised. They're overwhelmed. And not enough of them. You have to pity them, the people who work in that house...\u2019\u2019 Soon, she'll be moving to another house where a vacancy has opened up. The rent is more expensive. We don't know if it will be better. Suzanne just said: \u2018\u2018It can't get any worse.\u2019\u2019<\/i><\/p><\/blockquote>\n\n\n\n<p>This alarming picture calls our humanity into question. Have we denied our elders, the people to whom we claim to owe respect? Does life lose its value the closer it gets to the end? Why is it that the comfort of our parents, grandparents and their carers is less important than the savings we can make on their backs? Is it out of guilt or unconsciousness that we allow our elderly to be treated this way? These are the questions we might ask ourselves after reading this deeply moving account, and they send us back to the end of our own lives. Because the elderly, before being confined to room numbers, have also lived their share of stories and adventures, like Suzanne, like all of us.<\/p>\n\n\n\n<p>\u00abSince she left home, she's lost twenty kilos and I've lost a few grams of humor, because Suzanne is my grandmother.\u00bb<\/p>\n\n\n\n<hr class=\"wp-block-separator\"\/>\n\n\n\n<p><strong>Fr\u00e9d\u00e9ric Pommier<br><em>Suzanne<br><\/em>Editions des Equateurs<br>2018<br>234 pages<\/strong><\/p>\n\n\n\n<p><em>Write to the author:\u00a0<a href=\"mailto:ameliewauthier@gmail.com\">ameliewauthier@gmail.com<\/a><\/em><\/p>\n\n\n\n<p>Photo credit: \u00a9 Am\u00e9lie Wauthier for&nbsp;<em>Le Regard Libre<\/em><\/p>","protected":false},"excerpt":{"rendered":"<p>Les bouquins du mardi &#8211; Am\u00e9lie Wauthier Suzanne a nonante-cinq ans et de nombreuses chutes \u00e0 son actif, c\u2019est pourquoi&#8230;<\/p>","protected":false},"author":1,"featured_media":17695,"comment_status":"open","ping_status":"open","sticky":false,"template":"","format":"standard","meta":{"_acf_changed":false,"footnotes":""},"categories":[20663],"tags":[54879,644340357,644340358,84929,644340356,644340359,21928355,815160,644340355],"class_list":["post-17673","post","type-post","status-publish","format-standard","has-post-thumbnail","hentry","category-litterature","tag-critiques-litteraires","tag-ehpad","tag-ems","tag-ethique","tag-frederic-pommier","tag-home","tag-relations-familiales","tag-retraites","tag-suzanne"],"acf":[],"yoast_head":"<!-- This site is optimized with the Yoast SEO Premium plugin v27.4 (Yoast SEO v27.4) - https:\/\/yoast.com\/product\/yoast-seo-premium-wordpress\/ -->\n<title>\u00abSuzanne\u00bb, ou ne jamais cesser de \u00absourire quand m\u00eame\u00bb<\/title>\n<meta name=\"robots\" content=\"index, follow, max-snippet:-1, max-image-preview:large, max-video-preview:-1\" \/>\n<link rel=\"canonical\" href=\"https:\/\/leregardlibre.com\/en\/literature\/suzanne-or-never-stop-smiling\/\" \/>\n<meta property=\"og:locale\" content=\"en_US\" \/>\n<meta property=\"og:type\" content=\"article\" \/>\n<meta property=\"og:title\" content=\"\u00abSuzanne\u00bb, ou ne jamais cesser de \u00absourire quand m\u00eame\u00bb\" \/>\n<meta property=\"og:description\" content=\"Les bouquins du mardi - Am\u00e9lie Wauthier Suzanne a nonante-cinq ans et de nombreuses chutes \u00e0 son actif, c\u2019est pourquoi...\" \/>\n<meta property=\"og:url\" content=\"https:\/\/leregardlibre.com\/en\/literature\/suzanne-or-never-stop-smiling\/\" \/>\n<meta property=\"og:site_name\" content=\"Le Regard Libre\" \/>\n<meta property=\"article:publisher\" content=\"https:\/\/www.facebook.com\/leregardlibre\/\" \/>\n<meta property=\"article:published_time\" content=\"2018-11-13T17:00:23+00:00\" \/>\n<meta property=\"article:modified_time\" content=\"2022-09-25T14:22:52+00:00\" \/>\n<meta property=\"og:image\" content=\"https:\/\/leregardlibre.com\/wp-content\/uploads\/2018\/11\/IMG-20181113-WA0004.jpg\" \/>\n\t<meta property=\"og:image:width\" content=\"1600\" \/>\n\t<meta property=\"og:image:height\" content=\"1200\" \/>\n\t<meta property=\"og:image:type\" content=\"image\/jpeg\" \/>\n<meta name=\"author\" content=\"Le Regard Libre\" \/>\n<meta name=\"twitter:card\" content=\"summary_large_image\" \/>\n<meta name=\"twitter:creator\" content=\"@LeRegardLibre\" \/>\n<meta name=\"twitter:site\" content=\"@LeRegardLibre\" \/>\n<meta name=\"twitter:label1\" content=\"Written by\" \/>\n\t<meta name=\"twitter:data1\" content=\"Le Regard Libre\" \/>\n\t<meta name=\"twitter:label2\" content=\"Est. reading time\" \/>\n\t<meta name=\"twitter:data2\" content=\"4 minutes\" \/>\n<script type=\"application\/ld+json\" class=\"yoast-schema-graph\">{\"@context\":\"https:\\\/\\\/schema.org\",\"@graph\":[{\"@type\":\"Article\",\"@id\":\"https:\\\/\\\/leregardlibre.com\\\/litterature\\\/suzanne-ou-ne-jamais-cesser-de-sourire-quand-meme\\\/#article\",\"isPartOf\":{\"@id\":\"https:\\\/\\\/leregardlibre.com\\\/litterature\\\/suzanne-ou-ne-jamais-cesser-de-sourire-quand-meme\\\/\"},\"author\":{\"name\":\"Le Regard Libre\",\"@id\":\"https:\\\/\\\/leregardlibre.com\\\/#\\\/schema\\\/person\\\/68aceea2de84966d0928b49556d54101\"},\"headline\":\"\u00abSuzanne\u00bb, ou ne jamais cesser de \u00absourire quand m\u00eame\u00bb\",\"datePublished\":\"2018-11-13T17:00:23+00:00\",\"dateModified\":\"2022-09-25T14:22:52+00:00\",\"mainEntityOfPage\":{\"@id\":\"https:\\\/\\\/leregardlibre.com\\\/litterature\\\/suzanne-ou-ne-jamais-cesser-de-sourire-quand-meme\\\/\"},\"wordCount\":829,\"commentCount\":0,\"publisher\":{\"@id\":\"https:\\\/\\\/leregardlibre.com\\\/#organization\"},\"image\":{\"@id\":\"https:\\\/\\\/leregardlibre.com\\\/litterature\\\/suzanne-ou-ne-jamais-cesser-de-sourire-quand-meme\\\/#primaryimage\"},\"thumbnailUrl\":\"https:\\\/\\\/leregardlibre.com\\\/wp-content\\\/uploads\\\/2018\\\/11\\\/IMG-20181113-WA0004.jpg\",\"keywords\":[\"Critique litt\u00e9raire\",\"ehpad\",\"ems\",\"Ethique\",\"fr\u00e9d\u00e9ric pommier\",\"h\u00f4me\",\"Relations familiales\",\"Retraites\",\"suzanne\"],\"articleSection\":[\"Litt\u00e9rature\"],\"inLanguage\":\"en-US\",\"potentialAction\":[{\"@type\":\"CommentAction\",\"name\":\"Comment\",\"target\":[\"https:\\\/\\\/leregardlibre.com\\\/litterature\\\/suzanne-ou-ne-jamais-cesser-de-sourire-quand-meme\\\/#respond\"]}]},{\"@type\":\"WebPage\",\"@id\":\"https:\\\/\\\/leregardlibre.com\\\/litterature\\\/suzanne-ou-ne-jamais-cesser-de-sourire-quand-meme\\\/\",\"url\":\"https:\\\/\\\/leregardlibre.com\\\/litterature\\\/suzanne-ou-ne-jamais-cesser-de-sourire-quand-meme\\\/\",\"name\":\"\u00abSuzanne\u00bb, ou ne jamais cesser de \u00absourire quand m\u00eame\u00bb\",\"isPartOf\":{\"@id\":\"https:\\\/\\\/leregardlibre.com\\\/#website\"},\"primaryImageOfPage\":{\"@id\":\"https:\\\/\\\/leregardlibre.com\\\/litterature\\\/suzanne-ou-ne-jamais-cesser-de-sourire-quand-meme\\\/#primaryimage\"},\"image\":{\"@id\":\"https:\\\/\\\/leregardlibre.com\\\/litterature\\\/suzanne-ou-ne-jamais-cesser-de-sourire-quand-meme\\\/#primaryimage\"},\"thumbnailUrl\":\"https:\\\/\\\/leregardlibre.com\\\/wp-content\\\/uploads\\\/2018\\\/11\\\/IMG-20181113-WA0004.jpg\",\"datePublished\":\"2018-11-13T17:00:23+00:00\",\"dateModified\":\"2022-09-25T14:22:52+00:00\",\"breadcrumb\":{\"@id\":\"https:\\\/\\\/leregardlibre.com\\\/litterature\\\/suzanne-ou-ne-jamais-cesser-de-sourire-quand-meme\\\/#breadcrumb\"},\"inLanguage\":\"en-US\",\"potentialAction\":[{\"@type\":\"ReadAction\",\"target\":[\"https:\\\/\\\/leregardlibre.com\\\/litterature\\\/suzanne-ou-ne-jamais-cesser-de-sourire-quand-meme\\\/\"]}]},{\"@type\":\"ImageObject\",\"inLanguage\":\"en-US\",\"@id\":\"https:\\\/\\\/leregardlibre.com\\\/litterature\\\/suzanne-ou-ne-jamais-cesser-de-sourire-quand-meme\\\/#primaryimage\",\"url\":\"https:\\\/\\\/leregardlibre.com\\\/wp-content\\\/uploads\\\/2018\\\/11\\\/IMG-20181113-WA0004.jpg\",\"contentUrl\":\"https:\\\/\\\/leregardlibre.com\\\/wp-content\\\/uploads\\\/2018\\\/11\\\/IMG-20181113-WA0004.jpg\",\"width\":1600,\"height\":1200},{\"@type\":\"BreadcrumbList\",\"@id\":\"https:\\\/\\\/leregardlibre.com\\\/litterature\\\/suzanne-ou-ne-jamais-cesser-de-sourire-quand-meme\\\/#breadcrumb\",\"itemListElement\":[{\"@type\":\"ListItem\",\"position\":1,\"name\":\"Accueil\",\"item\":\"https:\\\/\\\/leregardlibre.com\\\/\"},{\"@type\":\"ListItem\",\"position\":2,\"name\":\"\u00abSuzanne\u00bb, ou ne jamais cesser de \u00absourire quand m\u00eame\u00bb\"}]},{\"@type\":\"WebSite\",\"@id\":\"https:\\\/\\\/leregardlibre.com\\\/#website\",\"url\":\"https:\\\/\\\/leregardlibre.com\\\/\",\"name\":\"Le Regard Libre\",\"description\":\"Premier mensuel suisse de d\u00e9bat\",\"publisher\":{\"@id\":\"https:\\\/\\\/leregardlibre.com\\\/#organization\"},\"potentialAction\":[{\"@type\":\"SearchAction\",\"target\":{\"@type\":\"EntryPoint\",\"urlTemplate\":\"https:\\\/\\\/leregardlibre.com\\\/?s={search_term_string}\"},\"query-input\":{\"@type\":\"PropertyValueSpecification\",\"valueRequired\":true,\"valueName\":\"search_term_string\"}}],\"inLanguage\":\"en-US\"},{\"@type\":\"Organization\",\"@id\":\"https:\\\/\\\/leregardlibre.com\\\/#organization\",\"name\":\"Le Regard Libre\",\"url\":\"https:\\\/\\\/leregardlibre.com\\\/\",\"logo\":{\"@type\":\"ImageObject\",\"inLanguage\":\"en-US\",\"@id\":\"https:\\\/\\\/leregardlibre.com\\\/#\\\/schema\\\/logo\\\/image\\\/\",\"url\":\"https:\\\/\\\/leregardlibre.com\\\/wp-content\\\/uploads\\\/2025\\\/08\\\/logo-rl-icone-neg.jpeg\",\"contentUrl\":\"https:\\\/\\\/leregardlibre.com\\\/wp-content\\\/uploads\\\/2025\\\/08\\\/logo-rl-icone-neg.jpeg\",\"width\":557,\"height\":556,\"caption\":\"Le Regard Libre\"},\"image\":{\"@id\":\"https:\\\/\\\/leregardlibre.com\\\/#\\\/schema\\\/logo\\\/image\\\/\"},\"sameAs\":[\"https:\\\/\\\/www.facebook.com\\\/leregardlibre\\\/\",\"https:\\\/\\\/x.com\\\/LeRegardLibre\",\"https:\\\/\\\/www.linkedin.com\\\/company\\\/le-regard-libre\",\"https:\\\/\\\/www.instagram.com\\\/leregardlibre\\\/\",\"http:\\\/\\\/t.me\\\/leregardlibre\",\"https:\\\/\\\/youtube.com\\\/channel\\\/UC6HzGPomj1LsUmlz-sJtITQ\"],\"description\":\"Le Regard Libre est un mensuel suisse de d\u00e9bat intellectuel et culturel. Sa r\u00e9daction est jeune, b\u00e9n\u00e9vole, lib\u00e9rale et pluraliste. Le magazine para\u00eet en ligne et sous forme papier. Sa langue est le fran\u00e7ais.\",\"email\":\"redaction@leregardlibre.com\",\"legalName\":\"Le Regard Libre\",\"foundingDate\":\"2014-01-01\",\"numberOfEmployees\":{\"@type\":\"QuantitativeValue\",\"minValue\":\"11\",\"maxValue\":\"50\"},\"publishingPrinciples\":\"https:\\\/\\\/leregardlibre.com\\\/a-propos\\\/notre-manifeste\\\/\",\"ownershipFundingInfo\":\"https:\\\/\\\/leregardlibre.com\\\/mentions-legales\\\/\",\"actionableFeedbackPolicy\":\"https:\\\/\\\/leregardlibre.com\\\/conditions-generales-de-vente\\\/\"},{\"@type\":\"Person\",\"@id\":\"https:\\\/\\\/leregardlibre.com\\\/#\\\/schema\\\/person\\\/68aceea2de84966d0928b49556d54101\",\"name\":\"Le Regard Libre\",\"image\":{\"@type\":\"ImageObject\",\"inLanguage\":\"en-US\",\"@id\":\"https:\\\/\\\/secure.gravatar.com\\\/avatar\\\/ccf13a262e399e026577c8158b11cbdef98921ac28fa06bc0d43a2d0e2a4a1c0?s=96&d=identicon&r=g\",\"url\":\"https:\\\/\\\/secure.gravatar.com\\\/avatar\\\/ccf13a262e399e026577c8158b11cbdef98921ac28fa06bc0d43a2d0e2a4a1c0?s=96&d=identicon&r=g\",\"contentUrl\":\"https:\\\/\\\/secure.gravatar.com\\\/avatar\\\/ccf13a262e399e026577c8158b11cbdef98921ac28fa06bc0d43a2d0e2a4a1c0?s=96&d=identicon&r=g\",\"caption\":\"Le Regard Libre\"},\"description\":\"Premier mensuel suisse de d\u00e9bat\",\"sameAs\":[\"https:\\\/\\\/fr.wikipedia.org\\\/wiki\\\/Le_Regard_libre\"],\"url\":\"https:\\\/\\\/leregardlibre.com\\\/en\\\/author\\\/leregardlibre\\\/\"}]}<\/script>\n<!-- \/ Yoast SEO Premium plugin. -->","yoast_head_json":{"title":"\u00abSuzanne\u00bb, or never stop \u00absmiling all the same\u00bb.\u00bb","robots":{"index":"index","follow":"follow","max-snippet":"max-snippet:-1","max-image-preview":"max-image-preview:large","max-video-preview":"max-video-preview:-1"},"canonical":"https:\/\/leregardlibre.com\/en\/literature\/suzanne-or-never-stop-smiling\/","og_locale":"en_US","og_type":"article","og_title":"\u00abSuzanne\u00bb, ou ne jamais cesser de \u00absourire quand m\u00eame\u00bb","og_description":"Les bouquins du mardi - Am\u00e9lie Wauthier Suzanne a nonante-cinq ans et de nombreuses chutes \u00e0 son actif, c\u2019est pourquoi...","og_url":"https:\/\/leregardlibre.com\/en\/literature\/suzanne-or-never-stop-smiling\/","og_site_name":"Le Regard Libre","article_publisher":"https:\/\/www.facebook.com\/leregardlibre\/","article_published_time":"2018-11-13T17:00:23+00:00","article_modified_time":"2022-09-25T14:22:52+00:00","og_image":[{"width":1600,"height":1200,"url":"https:\/\/leregardlibre.com\/wp-content\/uploads\/2018\/11\/IMG-20181113-WA0004.jpg","type":"image\/jpeg"}],"author":"Le Regard Libre","twitter_card":"summary_large_image","twitter_creator":"@LeRegardLibre","twitter_site":"@LeRegardLibre","twitter_misc":{"Written by":"Le Regard Libre","Est. reading time":"4 minutes"},"schema":{"@context":"https:\/\/schema.org","@graph":[{"@type":"Article","@id":"https:\/\/leregardlibre.com\/litterature\/suzanne-ou-ne-jamais-cesser-de-sourire-quand-meme\/#article","isPartOf":{"@id":"https:\/\/leregardlibre.com\/litterature\/suzanne-ou-ne-jamais-cesser-de-sourire-quand-meme\/"},"author":{"name":"Le Regard Libre","@id":"https:\/\/leregardlibre.com\/#\/schema\/person\/68aceea2de84966d0928b49556d54101"},"headline":"\u00abSuzanne\u00bb, ou ne jamais cesser de \u00absourire quand m\u00eame\u00bb","datePublished":"2018-11-13T17:00:23+00:00","dateModified":"2022-09-25T14:22:52+00:00","mainEntityOfPage":{"@id":"https:\/\/leregardlibre.com\/litterature\/suzanne-ou-ne-jamais-cesser-de-sourire-quand-meme\/"},"wordCount":829,"commentCount":0,"publisher":{"@id":"https:\/\/leregardlibre.com\/#organization"},"image":{"@id":"https:\/\/leregardlibre.com\/litterature\/suzanne-ou-ne-jamais-cesser-de-sourire-quand-meme\/#primaryimage"},"thumbnailUrl":"https:\/\/leregardlibre.com\/wp-content\/uploads\/2018\/11\/IMG-20181113-WA0004.jpg","keywords":["Critique litt\u00e9raire","ehpad","ems","Ethique","fr\u00e9d\u00e9ric pommier","h\u00f4me","Relations familiales","Retraites","suzanne"],"articleSection":["Litt\u00e9rature"],"inLanguage":"en-US","potentialAction":[{"@type":"CommentAction","name":"Comment","target":["https:\/\/leregardlibre.com\/litterature\/suzanne-ou-ne-jamais-cesser-de-sourire-quand-meme\/#respond"]}]},{"@type":"WebPage","@id":"https:\/\/leregardlibre.com\/litterature\/suzanne-ou-ne-jamais-cesser-de-sourire-quand-meme\/","url":"https:\/\/leregardlibre.com\/litterature\/suzanne-ou-ne-jamais-cesser-de-sourire-quand-meme\/","name":"\u00abSuzanne\u00bb, or never stop \u00absmiling all the same\u00bb.\u00bb","isPartOf":{"@id":"https:\/\/leregardlibre.com\/#website"},"primaryImageOfPage":{"@id":"https:\/\/leregardlibre.com\/litterature\/suzanne-ou-ne-jamais-cesser-de-sourire-quand-meme\/#primaryimage"},"image":{"@id":"https:\/\/leregardlibre.com\/litterature\/suzanne-ou-ne-jamais-cesser-de-sourire-quand-meme\/#primaryimage"},"thumbnailUrl":"https:\/\/leregardlibre.com\/wp-content\/uploads\/2018\/11\/IMG-20181113-WA0004.jpg","datePublished":"2018-11-13T17:00:23+00:00","dateModified":"2022-09-25T14:22:52+00:00","breadcrumb":{"@id":"https:\/\/leregardlibre.com\/litterature\/suzanne-ou-ne-jamais-cesser-de-sourire-quand-meme\/#breadcrumb"},"inLanguage":"en-US","potentialAction":[{"@type":"ReadAction","target":["https:\/\/leregardlibre.com\/litterature\/suzanne-ou-ne-jamais-cesser-de-sourire-quand-meme\/"]}]},{"@type":"ImageObject","inLanguage":"en-US","@id":"https:\/\/leregardlibre.com\/litterature\/suzanne-ou-ne-jamais-cesser-de-sourire-quand-meme\/#primaryimage","url":"https:\/\/leregardlibre.com\/wp-content\/uploads\/2018\/11\/IMG-20181113-WA0004.jpg","contentUrl":"https:\/\/leregardlibre.com\/wp-content\/uploads\/2018\/11\/IMG-20181113-WA0004.jpg","width":1600,"height":1200},{"@type":"BreadcrumbList","@id":"https:\/\/leregardlibre.com\/litterature\/suzanne-ou-ne-jamais-cesser-de-sourire-quand-meme\/#breadcrumb","itemListElement":[{"@type":"ListItem","position":1,"name":"Accueil","item":"https:\/\/leregardlibre.com\/"},{"@type":"ListItem","position":2,"name":"\u00abSuzanne\u00bb, ou ne jamais cesser de \u00absourire quand m\u00eame\u00bb"}]},{"@type":"WebSite","@id":"https:\/\/leregardlibre.com\/#website","url":"https:\/\/leregardlibre.com\/","name":"Le Regard Libre","description":"Switzerland's first monthly debate magazine","publisher":{"@id":"https:\/\/leregardlibre.com\/#organization"},"potentialAction":[{"@type":"SearchAction","target":{"@type":"EntryPoint","urlTemplate":"https:\/\/leregardlibre.com\/?s={search_term_string}"},"query-input":{"@type":"PropertyValueSpecification","valueRequired":true,"valueName":"search_term_string"}}],"inLanguage":"en-US"},{"@type":"Organization","@id":"https:\/\/leregardlibre.com\/#organization","name":"Le Regard Libre","url":"https:\/\/leregardlibre.com\/","logo":{"@type":"ImageObject","inLanguage":"en-US","@id":"https:\/\/leregardlibre.com\/#\/schema\/logo\/image\/","url":"https:\/\/leregardlibre.com\/wp-content\/uploads\/2025\/08\/logo-rl-icone-neg.jpeg","contentUrl":"https:\/\/leregardlibre.com\/wp-content\/uploads\/2025\/08\/logo-rl-icone-neg.jpeg","width":557,"height":556,"caption":"Le Regard Libre"},"image":{"@id":"https:\/\/leregardlibre.com\/#\/schema\/logo\/image\/"},"sameAs":["https:\/\/www.facebook.com\/leregardlibre\/","https:\/\/x.com\/LeRegardLibre","https:\/\/www.linkedin.com\/company\/le-regard-libre","https:\/\/www.instagram.com\/leregardlibre\/","http:\/\/t.me\/leregardlibre","https:\/\/youtube.com\/channel\/UC6HzGPomj1LsUmlz-sJtITQ"],"description":"Le Regard Libre is a Swiss monthly magazine for intellectual and cultural debate. Its editorial team is young, voluntary, liberal and pluralist. The magazine appears online and in print. Its language is French.","email":"redaction@leregardlibre.com","legalName":"Le Regard Libre","foundingDate":"2014-01-01","numberOfEmployees":{"@type":"QuantitativeValue","minValue":"11","maxValue":"50"},"publishingPrinciples":"https:\/\/leregardlibre.com\/a-propos\/notre-manifeste\/","ownershipFundingInfo":"https:\/\/leregardlibre.com\/mentions-legales\/","actionableFeedbackPolicy":"https:\/\/leregardlibre.com\/conditions-generales-de-vente\/"},{"@type":"Person","@id":"https:\/\/leregardlibre.com\/#\/schema\/person\/68aceea2de84966d0928b49556d54101","name":"Le Regard Libre","image":{"@type":"ImageObject","inLanguage":"en-US","@id":"https:\/\/secure.gravatar.com\/avatar\/ccf13a262e399e026577c8158b11cbdef98921ac28fa06bc0d43a2d0e2a4a1c0?s=96&d=identicon&r=g","url":"https:\/\/secure.gravatar.com\/avatar\/ccf13a262e399e026577c8158b11cbdef98921ac28fa06bc0d43a2d0e2a4a1c0?s=96&d=identicon&r=g","contentUrl":"https:\/\/secure.gravatar.com\/avatar\/ccf13a262e399e026577c8158b11cbdef98921ac28fa06bc0d43a2d0e2a4a1c0?s=96&d=identicon&r=g","caption":"Le Regard Libre"},"description":"Switzerland's first monthly debate magazine","sameAs":["https:\/\/fr.wikipedia.org\/wiki\/Le_Regard_libre"],"url":"https:\/\/leregardlibre.com\/en\/author\/leregardlibre\/"}]}},"_links":{"self":[{"href":"https:\/\/leregardlibre.com\/en\/wp-json\/wp\/v2\/posts\/17673","targetHints":{"allow":["GET"]}}],"collection":[{"href":"https:\/\/leregardlibre.com\/en\/wp-json\/wp\/v2\/posts"}],"about":[{"href":"https:\/\/leregardlibre.com\/en\/wp-json\/wp\/v2\/types\/post"}],"author":[{"embeddable":true,"href":"https:\/\/leregardlibre.com\/en\/wp-json\/wp\/v2\/users\/1"}],"replies":[{"embeddable":true,"href":"https:\/\/leregardlibre.com\/en\/wp-json\/wp\/v2\/comments?post=17673"}],"version-history":[{"count":1,"href":"https:\/\/leregardlibre.com\/en\/wp-json\/wp\/v2\/posts\/17673\/revisions"}],"predecessor-version":[{"id":510182,"href":"https:\/\/leregardlibre.com\/en\/wp-json\/wp\/v2\/posts\/17673\/revisions\/510182"}],"wp:featuredmedia":[{"embeddable":true,"href":"https:\/\/leregardlibre.com\/en\/wp-json\/wp\/v2\/media\/17695"}],"wp:attachment":[{"href":"https:\/\/leregardlibre.com\/en\/wp-json\/wp\/v2\/media?parent=17673"}],"wp:term":[{"taxonomy":"category","embeddable":true,"href":"https:\/\/leregardlibre.com\/en\/wp-json\/wp\/v2\/categories?post=17673"},{"taxonomy":"post_tag","embeddable":true,"href":"https:\/\/leregardlibre.com\/en\/wp-json\/wp\/v2\/tags?post=17673"}],"curies":[{"name":"wp","href":"https:\/\/api.w.org\/{rel}","templated":true}]}}