{"id":17747,"date":"2018-11-16T17:14:53","date_gmt":"2018-11-16T16:14:53","guid":{"rendered":"https:\/\/leregardlibre.com\/?p=17747"},"modified":"2025-11-12T19:16:25","modified_gmt":"2025-11-12T18:16:25","slug":"grandis-pas-quand-polnareff-transforms-words-into-gold","status":"publish","type":"post","link":"https:\/\/leregardlibre.com\/en\/music\/grandis-pas-quand-polnareff-transforms-words-into-gold\/","title":{"rendered":"\u00abGrandis pas\u00bb: Michel Polnareff delivers a song more sensitive than ever"},"content":{"rendered":"<p class=\"has-drop-cap\">For those who have been waiting so long for Michel Polnareff's new studio album - his latest, <em>K\u00e2ma-S\u00fbtra<\/em>, a company that has been around since 1990 - the presence on the iTunes Store and in pre-order at FNAC of this new opus, brilliantly entitled <em>Finally<\/em>! is sure to stir the emotions. Yes, this time it's not a joke, or even a lie. Polnareff had been saying the same thing from the start: \u00abthe record will be released when it's perfect and finished.\u00bb Far from mocking his public, he prepared for them what would first satisfy them, for whom only the final result counts.<\/p>\n\n\n\n<!--more Lire la suite de l\u2019article (en libre acc\u00e8s)-->\n\n\n\n<p class=\"has-black-color has-text-color\"><span style=\"color: #003366;\" class=\"tadv-format-panel\"><strong>Read also | <\/strong><a style=\"color: #003366;\" href=\"https:\/\/leregardlibre.com\/en\/2018\/01\/06\/meeting-with-philippe-manoeuvre-je-me-fats-pour-la-musique-sans-arret\/\"><strong>Philippe Man\u0153uvre: \u00abThe Polnareff album exists, because I listened to it\u00bb.\u00bb<\/strong><\/a><\/span><\/p>\n\n\n\n<p>Tonight, at 00:01, <em>Don't grow up<\/em> was magically released on download platforms as the first single from this new album of original songs. Of course, there were&nbsp;<em>The Man in Red<\/em>, released in December 2015, when the album was \u00abalmost finished\u00bb, but rumor has it that this grandiloquent lament about loneliness at Christmas has been arranged in a new version for the album to be released in two weeks' time. <em>Don't grow up<\/em> is therefore the first extract we're sure to find its way into our hands, or ears, so to speak.<\/p>\n\n\n\n<h3 class=\"wp-block-heading\">A return to its golden age<\/h3>\n\n\n\n<p>And then we listen, and we cry. Such emotion in Michel Polnareff's voice, perhaps never before heard in a studio creation. With lyrics co-written with Doriand, who also contributes three other tracks to the album due for release on November 30, music composed entirely by Polnareff and directed by the great Ryan Freeland, <em>Don't grow up<\/em> is a long piano-vocal ballad that reconnects the singer with his golden age, marked by such gems as <em>Our words of love<\/em>, <em>Who killed Grandma?<\/em> or&nbsp;<em>It only happens to others<\/em>, but without strings or drums. A foretaste of\u2019<em>Finally!<\/em> delivered tonight by the artist is breathtakingly sober.<\/p>\n\n\n\n<figure class=\"wp-block-embed is-type-video is-provider-youtube wp-block-embed-youtube wp-embed-aspect-4-3 wp-has-aspect-ratio\"><div class=\"wp-block-embed__wrapper\">\n<iframe title=\"Don&#039;t grow up\" width=\"1000\" height=\"750\" src=\"https:\/\/www.youtube.com\/embed\/POJUDQ6kCJY?feature=oembed\" frameborder=\"0\" allow=\"accelerometer; autoplay; clipboard-write; encrypted-media; gyroscope; picture-in-picture; web-share\" referrerpolicy=\"strict-origin-when-cross-origin\" allowfullscreen><\/iframe>\n<\/div><\/figure>\n\n\n\n<p>The choice of these minimalist arrangements is all the more astounding given that Michel Polnareff had accustomed his public to large, thundering orchestrations, in the vein of <em>Gloria<\/em> (1970), one of the most striking marks of his genius. <em>The Man in Red<\/em> was in that style. Perhaps the singer-songwriter has learned his lesson from the relative disappointment of some of his fans and the media when this track was released three years ago, which despite the unanimously recognized quality of its instrumentation and - as always - its melody, featured a very smooth pop voice.<\/p>\n\n\n\n<p><span style=\"color: #003366;\" class=\"tadv-format-panel\"><strong>Read also | <\/strong><a style=\"color: #003366;\" href=\"https:\/\/leregardlibre.com\/en\/2015\/01\/15\/les-polnarevolutions\/\"><strong>Polnarevolutions<\/strong><\/a><\/span><\/p>\n\n\n\n<p>On <em>Don't grow up<\/em>, We hear Polnareff as if he were performing in front of us, live, behind his piano. With a tear in his eye and his heart uncovered. This is a father speaking to the world, a father who doesn't want his little boy to grow up, and who expresses this in a tenderness that's bare and assumed. This sensitive Polnareff, this Admiral who navigates between singing and whispering at certain moments of this 5\u201910\u2019\u2019 song, this voice that goes into an emotional tailspin, is the one we love the most, and who has certainly given birth to a new masterpiece.<\/p>\n\n\n\n<h3 class=\"wp-block-heading\">Polnareff's courage<\/h3>\n\n\n\n<p>Paradoxically, it is Michel Polnareff's courage that we will remember on this important day in his career. The courage to assume his timbre, which is obviously no longer the same as the one we hear on <em>Love Me Please Love Me<\/em> (1966) and&nbsp;<em>I love you<\/em> (1981), but with a different, equally bewitching charm. The courage to put forward what is known as an \u00abalbum song\u00bb, a track that has nothing in common with a radio hit, but which testifies to an album polished in its every melancholy corner. The courage to address her son in this way. And the courage to publish this intimate, filial letter to the general public.<\/p>\n\n\n\n<blockquote class=\"wp-block-quote is-layout-flow wp-block-quote-is-layout-flow\"><p>\u00abKeep the age of clouds<br>Tender and light<br>This face, landscape<br>So perfect<br>Make this man wait<br>That man inside you<br>Who will keep us apart<br>In spite of you, in spite of us<br>In spite of myself<\/p><p>And when you stood<br>To me, facing the unknown<br>I liked so much to reassure you<br>Now I'm the one who's lost.\u00bb<\/p><\/blockquote>\n\n\n\n<p>We too will need courage to wait for the album. <em>Finally!<\/em> which will be released in two weeks to the day. And without giving in to impatience.<\/p>\n\n\n\n<h6 class=\"wp-block-heading\">Great article on the album <em>Finally!<\/em> in its entirety, with an in-depth analysis of each song in our January issue, <a href=\"https:\/\/leregardlibre.com\/en\/product\/le-regard-libre-n-46\/\">Order here.<\/a><\/h6>\n\n\n\n<hr class=\"wp-block-separator has-css-opacity\"\/>\n\n\n\n<p><em>Write to the author: <a href=\"mailto:jonas.follonier@leregardlibre.com\">jonas.follonier@leregardlibre.com<\/a><\/em><\/p>\n\n\n\n<p>Photo credit: \u00a9 Wikimedia CC BY 4.0 - <a title=\"User:El pitareio\" href=\"https:\/\/commons.wikimedia.org\/wiki\/User:El_pitareio\">El pitareio<\/a><\/p>\n\n\n\n<form method=\"post\" action=\"https:\/\/newsletter.infomaniak.com\/external\/submit\" class=\"inf-form\" target=\"_blank\"><input type=\"email\" name=\"email\" style=\"display:none\" \/><input type=\"hidden\" name=\"key\" value=\"eyJpdiI6IlZXRVJGMlRGQUU2alNqUE81bitIUk5adnNVa0c4MllFTStzOHdHT1FQZ3c9IiwidmFsdWUiOiJIYzhwMUVCK1pTNnlhY3MyMmhuZlhReWJqemEwNk93blMxTjFHc0s2VHZrPSIsIm1hYyI6ImVhYTQ5N2I1M2NiYWE4NzBmNjk2NzgzYjliM2Y5NmYzM2E2ZmU3NGQxNTU1ZDFkMTU1MzY5NTdjYjE3ZTJmNTUifQ==\"><input type=\"hidden\" name=\"webform_id\" value=\"7291\"><style> .inf-main_3000311ca56a1cb93397bc676c0b7fff{ background-color:#f5f5f5; padding:25px 20px; margin:25px auto; } .inf-main_3000311ca56a1cb93397bc676c0b7fff .inf-content { margin-top:13px;} .inf-main_3000311ca56a1cb93397bc676c0b7fff h4, .inf-main_3000311ca56a1cb93397bc676c0b7fff span, .inf-main_3000311ca56a1cb93397bc676c0b7fff label, .inf-main_3000311ca56a1cb93397bc676c0b7fff input, .inf-main_3000311ca56a1cb93397bc676c0b7fff .inf-submit, .inf-main_3000311ca56a1cb93397bc676c0b7fff .inf-success p a { color:#555555; font-size:14px; } .inf-main_3000311ca56a1cb93397bc676c0b7fff h4{ font-size:18px; margin:0px 0px 13px 0px; } .inf-main_3000311ca56a1cb93397bc676c0b7fff h4, .inf-main_3000311ca56a1cb93397bc676c0b7fff label{ font-weight:bold; } .inf-main_3000311ca56a1cb93397bc676c0b7fff .inf-input { margin-bottom:7px; } .inf-main_3000311ca56a1cb93397bc676c0b7fff label { display:block;} .inf-main_3000311ca56a1cb93397bc676c0b7fff input{ height:35px; color:#999999; border: 1px solid #E9E9E9; border:none; padding-left:7px; } .inf-main_3000311ca56a1cb93397bc676c0b7fff .inf-input.inf-error label, .inf-main_3000311ca56a1cb93397bc676c0b7fff .inf-input.inf-error span.inf-message{ color: #cc0033; } .inf-main_3000311ca56a1cb93397bc676c0b7fff .inf-input.inf-error input{ border: 1px solid #cc0033; } .inf-main_3000311ca56a1cb93397bc676c0b7fff .inf-input input { width:100%;} .inf-main_3000311ca56a1cb93397bc676c0b7fff .inf-input.inf-error span.inf-message { display: block; } .inf-main_3000311ca56a1cb93397bc676c0b7fff .inf-submit { text-align:right;} .inf-main_3000311ca56a1cb93397bc676c0b7fff .inf-submit input{ background-color:#777777; color:#ffffff; border:none; font-weight: normal; height:auto; padding:7px; } .inf-main_3000311ca56a1cb93397bc676c0b7fff .inf-submit input.disabled{ opacity: 0.4; } .inf-btn { color: rgb(85, 85, 85); border: medium none; font-weight: normal; height: auto; padding: 7px; display: inline-block; background-color: white; box-shadow: 0px 1px 1px rgba(0, 0, 0, 0.24); border-radius: 2px; line-height: 1em; } .inf-rgpd { margin:25px 0px 15px 0px; color:#555555; } <\/style> <div class=\"inf-main_3000311ca56a1cb93397bc676c0b7fff\"> <h4>NEWSLETTER DU REGARD LIBRE<\/h4> <span>Receive our articles every Sunday.<\/span> <div class=\"inf-success\" style=\"display:none\"> <h4>Your subscription to our weekly newsletter has been successfully registered!<\/h4> <p> <a href=\"#\" class=\"inf-btn\">\u00ab<\/a> <\/p> <\/div> <div class=\"inf-content\"> <div class=\"inf-input inf-input-text\"> <input type=\"text\" name=\"inf[1]\" data-inf-meta = \"1\" data-inf-error = \"Merci de renseigner une adresse email\" required=\"required\" placeholder=\"Email\" > <\/div> <div class=\"inf-submit\"> <input type=\"submit\" name=\"\" value=\"Sign up\"> <\/div> <\/div> <\/div> <\/form>","protected":false},"excerpt":{"rendered":"<p>With \u00abGrandis pas\u00bb, Michel Polnareff delivers a song more sensitive than ever and announces - at last - the release of his album \u00abEnfin!.<\/p>","protected":false},"author":138,"featured_media":510189,"comment_status":"open","ping_status":"open","sticky":false,"template":"","format":"standard","meta":{"_acf_changed":false,"footnotes":""},"categories":[6460],"tags":[644339057,488322,671541,1153441,2092400,644340411,3991],"class_list":["post-17747","post","type-post","status-publish","format-standard","has-post-thumbnail","hentry","category-musique","tag-chanson","tag-chanson-francaise","tag-melancolie","tag-michel-polnareff","tag-paternite","tag-piano-voix","tag-pop"],"acf":[],"yoast_head":"<!-- This site is optimized with the Yoast SEO Premium plugin v27.4 (Yoast SEO v27.4) - https:\/\/yoast.com\/product\/yoast-seo-premium-wordpress\/ -->\n<title>\u00abGrandis pas\u00bb: Polnareff livre une chanson sur son fils<\/title>\n<meta name=\"description\" content=\"Avec \u00abGrandis pas\u00bb, Michel Polnareff livre une chanson plus sensible que jamais et annonce \u2013 enfin\u00a0\u2013 la sortie de son album \u00abEnfin!\u00bb.\" \/>\n<meta name=\"robots\" content=\"index, follow, max-snippet:-1, max-image-preview:large, max-video-preview:-1\" \/>\n<link rel=\"canonical\" href=\"https:\/\/leregardlibre.com\/en\/music\/grandis-pas-quand-polnareff-transforms-words-into-gold\/\" \/>\n<meta property=\"og:locale\" content=\"en_US\" \/>\n<meta property=\"og:type\" content=\"article\" \/>\n<meta property=\"og:title\" content=\"\u00abGrandis pas\u00bb: Michel Polnareff livre une chanson plus sensible que jamais\" \/>\n<meta property=\"og:description\" content=\"Avec \u00abGrandis pas\u00bb, Michel Polnareff livre une chanson plus sensible que jamais et annonce \u2013 enfin\u00a0\u2013 la sortie de son album \u00abEnfin!\u00bb.\" \/>\n<meta property=\"og:url\" content=\"https:\/\/leregardlibre.com\/en\/music\/grandis-pas-quand-polnareff-transforms-words-into-gold\/\" \/>\n<meta property=\"og:site_name\" content=\"Le Regard Libre\" \/>\n<meta property=\"article:publisher\" content=\"https:\/\/www.facebook.com\/leregardlibre\/\" \/>\n<meta property=\"article:author\" content=\"https:\/\/www.facebook.com\/jonas.follonier\/\" \/>\n<meta property=\"article:published_time\" content=\"2018-11-16T16:14:53+00:00\" \/>\n<meta property=\"article:modified_time\" content=\"2025-11-12T18:16:25+00:00\" \/>\n<meta property=\"og:image\" content=\"https:\/\/leregardlibre.com\/wp-content\/uploads\/2018\/11\/Une-Polnareff-Paleo-2016-2108784078-1542381964718-1024x488.jpg\" \/>\n\t<meta property=\"og:image:width\" content=\"1024\" \/>\n\t<meta property=\"og:image:height\" content=\"488\" \/>\n\t<meta property=\"og:image:type\" content=\"image\/jpeg\" \/>\n<meta name=\"author\" content=\"Jonas Follonier\" \/>\n<meta name=\"twitter:card\" content=\"summary_large_image\" \/>\n<meta name=\"twitter:creator\" content=\"@LeRegardLibre\" \/>\n<meta name=\"twitter:site\" content=\"@LeRegardLibre\" \/>\n<meta name=\"twitter:label1\" content=\"Written by\" \/>\n\t<meta name=\"twitter:data1\" content=\"Jonas Follonier\" \/>\n\t<meta name=\"twitter:label2\" content=\"Est. reading time\" \/>\n\t<meta name=\"twitter:data2\" content=\"5 minutes\" \/>\n<script type=\"application\/ld+json\" class=\"yoast-schema-graph\">{\"@context\":\"https:\\\/\\\/schema.org\",\"@graph\":[{\"@type\":\"Article\",\"@id\":\"https:\\\/\\\/leregardlibre.com\\\/musique\\\/grandis-pas-quand-polnareff-transforme-les-mots-en-or\\\/#article\",\"isPartOf\":{\"@id\":\"https:\\\/\\\/leregardlibre.com\\\/musique\\\/grandis-pas-quand-polnareff-transforme-les-mots-en-or\\\/\"},\"author\":{\"name\":\"Jonas Follonier\",\"@id\":\"https:\\\/\\\/leregardlibre.com\\\/#\\\/schema\\\/person\\\/bfe5aa794a23be71485d60e2d93ec0d2\"},\"headline\":\"\u00abGrandis pas\u00bb: Michel Polnareff livre une chanson plus sensible que jamais\",\"datePublished\":\"2018-11-16T16:14:53+00:00\",\"dateModified\":\"2025-11-12T18:16:25+00:00\",\"mainEntityOfPage\":{\"@id\":\"https:\\\/\\\/leregardlibre.com\\\/musique\\\/grandis-pas-quand-polnareff-transforme-les-mots-en-or\\\/\"},\"wordCount\":874,\"commentCount\":0,\"publisher\":{\"@id\":\"https:\\\/\\\/leregardlibre.com\\\/#organization\"},\"image\":{\"@id\":\"https:\\\/\\\/leregardlibre.com\\\/musique\\\/grandis-pas-quand-polnareff-transforme-les-mots-en-or\\\/#primaryimage\"},\"thumbnailUrl\":\"https:\\\/\\\/leregardlibre.com\\\/wp-content\\\/uploads\\\/2018\\\/11\\\/Une-Polnareff-Paleo-2016-2108784078-1542381964718.jpg\",\"keywords\":[\"Chanson\",\"Chanson fran\u00e7aise\",\"M\u00e9lancolie\",\"Michel Polnareff\",\"Paternit\u00e9\",\"Piano voix\",\"Pop\"],\"articleSection\":[\"Musique\"],\"inLanguage\":\"en-US\",\"potentialAction\":[{\"@type\":\"CommentAction\",\"name\":\"Comment\",\"target\":[\"https:\\\/\\\/leregardlibre.com\\\/musique\\\/grandis-pas-quand-polnareff-transforme-les-mots-en-or\\\/#respond\"]}]},{\"@type\":\"WebPage\",\"@id\":\"https:\\\/\\\/leregardlibre.com\\\/musique\\\/grandis-pas-quand-polnareff-transforme-les-mots-en-or\\\/\",\"url\":\"https:\\\/\\\/leregardlibre.com\\\/musique\\\/grandis-pas-quand-polnareff-transforme-les-mots-en-or\\\/\",\"name\":\"\u00abGrandis pas\u00bb: Polnareff livre une chanson sur son fils\",\"isPartOf\":{\"@id\":\"https:\\\/\\\/leregardlibre.com\\\/#website\"},\"primaryImageOfPage\":{\"@id\":\"https:\\\/\\\/leregardlibre.com\\\/musique\\\/grandis-pas-quand-polnareff-transforme-les-mots-en-or\\\/#primaryimage\"},\"image\":{\"@id\":\"https:\\\/\\\/leregardlibre.com\\\/musique\\\/grandis-pas-quand-polnareff-transforme-les-mots-en-or\\\/#primaryimage\"},\"thumbnailUrl\":\"https:\\\/\\\/leregardlibre.com\\\/wp-content\\\/uploads\\\/2018\\\/11\\\/Une-Polnareff-Paleo-2016-2108784078-1542381964718.jpg\",\"datePublished\":\"2018-11-16T16:14:53+00:00\",\"dateModified\":\"2025-11-12T18:16:25+00:00\",\"description\":\"Avec \u00abGrandis pas\u00bb, Michel Polnareff livre une chanson plus sensible que jamais et annonce \u2013 enfin\u00a0\u2013 la sortie de son album \u00abEnfin!\u00bb.\",\"breadcrumb\":{\"@id\":\"https:\\\/\\\/leregardlibre.com\\\/musique\\\/grandis-pas-quand-polnareff-transforme-les-mots-en-or\\\/#breadcrumb\"},\"inLanguage\":\"en-US\",\"potentialAction\":[{\"@type\":\"ReadAction\",\"target\":[\"https:\\\/\\\/leregardlibre.com\\\/musique\\\/grandis-pas-quand-polnareff-transforme-les-mots-en-or\\\/\"]}]},{\"@type\":\"ImageObject\",\"inLanguage\":\"en-US\",\"@id\":\"https:\\\/\\\/leregardlibre.com\\\/musique\\\/grandis-pas-quand-polnareff-transforme-les-mots-en-or\\\/#primaryimage\",\"url\":\"https:\\\/\\\/leregardlibre.com\\\/wp-content\\\/uploads\\\/2018\\\/11\\\/Une-Polnareff-Paleo-2016-2108784078-1542381964718.jpg\",\"contentUrl\":\"https:\\\/\\\/leregardlibre.com\\\/wp-content\\\/uploads\\\/2018\\\/11\\\/Une-Polnareff-Paleo-2016-2108784078-1542381964718.jpg\",\"width\":3051,\"height\":1453,\"caption\":\"Michel Polnareff au Pal\u00e9o Festival 2016, \u00e0 Nyon (Suisse)\"},{\"@type\":\"BreadcrumbList\",\"@id\":\"https:\\\/\\\/leregardlibre.com\\\/musique\\\/grandis-pas-quand-polnareff-transforme-les-mots-en-or\\\/#breadcrumb\",\"itemListElement\":[{\"@type\":\"ListItem\",\"position\":1,\"name\":\"Accueil\",\"item\":\"https:\\\/\\\/leregardlibre.com\\\/\"},{\"@type\":\"ListItem\",\"position\":2,\"name\":\"\u00abGrandis pas\u00bb: Michel Polnareff livre une chanson plus sensible que jamais\"}]},{\"@type\":\"WebSite\",\"@id\":\"https:\\\/\\\/leregardlibre.com\\\/#website\",\"url\":\"https:\\\/\\\/leregardlibre.com\\\/\",\"name\":\"Le Regard Libre\",\"description\":\"Premier mensuel suisse de d\u00e9bat\",\"publisher\":{\"@id\":\"https:\\\/\\\/leregardlibre.com\\\/#organization\"},\"potentialAction\":[{\"@type\":\"SearchAction\",\"target\":{\"@type\":\"EntryPoint\",\"urlTemplate\":\"https:\\\/\\\/leregardlibre.com\\\/?s={search_term_string}\"},\"query-input\":{\"@type\":\"PropertyValueSpecification\",\"valueRequired\":true,\"valueName\":\"search_term_string\"}}],\"inLanguage\":\"en-US\"},{\"@type\":\"Organization\",\"@id\":\"https:\\\/\\\/leregardlibre.com\\\/#organization\",\"name\":\"Le Regard Libre\",\"url\":\"https:\\\/\\\/leregardlibre.com\\\/\",\"logo\":{\"@type\":\"ImageObject\",\"inLanguage\":\"en-US\",\"@id\":\"https:\\\/\\\/leregardlibre.com\\\/#\\\/schema\\\/logo\\\/image\\\/\",\"url\":\"https:\\\/\\\/leregardlibre.com\\\/wp-content\\\/uploads\\\/2025\\\/08\\\/logo-rl-icone-neg.jpeg\",\"contentUrl\":\"https:\\\/\\\/leregardlibre.com\\\/wp-content\\\/uploads\\\/2025\\\/08\\\/logo-rl-icone-neg.jpeg\",\"width\":557,\"height\":556,\"caption\":\"Le Regard Libre\"},\"image\":{\"@id\":\"https:\\\/\\\/leregardlibre.com\\\/#\\\/schema\\\/logo\\\/image\\\/\"},\"sameAs\":[\"https:\\\/\\\/www.facebook.com\\\/leregardlibre\\\/\",\"https:\\\/\\\/x.com\\\/LeRegardLibre\",\"https:\\\/\\\/www.linkedin.com\\\/company\\\/le-regard-libre\",\"https:\\\/\\\/www.instagram.com\\\/leregardlibre\\\/\",\"http:\\\/\\\/t.me\\\/leregardlibre\",\"https:\\\/\\\/youtube.com\\\/channel\\\/UC6HzGPomj1LsUmlz-sJtITQ\"],\"description\":\"Le Regard Libre est un mensuel suisse de d\u00e9bat intellectuel et culturel. Sa r\u00e9daction est jeune, b\u00e9n\u00e9vole, lib\u00e9rale et pluraliste. Le magazine para\u00eet en ligne et sous forme papier. Sa langue est le fran\u00e7ais.\",\"email\":\"redaction@leregardlibre.com\",\"legalName\":\"Le Regard Libre\",\"foundingDate\":\"2014-01-01\",\"numberOfEmployees\":{\"@type\":\"QuantitativeValue\",\"minValue\":\"11\",\"maxValue\":\"50\"},\"publishingPrinciples\":\"https:\\\/\\\/leregardlibre.com\\\/a-propos\\\/notre-manifeste\\\/\",\"ownershipFundingInfo\":\"https:\\\/\\\/leregardlibre.com\\\/mentions-legales\\\/\",\"actionableFeedbackPolicy\":\"https:\\\/\\\/leregardlibre.com\\\/conditions-generales-de-vente\\\/\"},{\"@type\":\"Person\",\"@id\":\"https:\\\/\\\/leregardlibre.com\\\/#\\\/schema\\\/person\\\/bfe5aa794a23be71485d60e2d93ec0d2\",\"name\":\"Jonas Follonier\",\"image\":{\"@type\":\"ImageObject\",\"inLanguage\":\"en-US\",\"@id\":\"https:\\\/\\\/secure.gravatar.com\\\/avatar\\\/602060b40f6a458420c2d140f49b6caea99152ce6704f2c332e5a0c5aad80303?s=96&d=identicon&r=g\",\"url\":\"https:\\\/\\\/secure.gravatar.com\\\/avatar\\\/602060b40f6a458420c2d140f49b6caea99152ce6704f2c332e5a0c5aad80303?s=96&d=identicon&r=g\",\"contentUrl\":\"https:\\\/\\\/secure.gravatar.com\\\/avatar\\\/602060b40f6a458420c2d140f49b6caea99152ce6704f2c332e5a0c5aad80303?s=96&d=identicon&r=g\",\"caption\":\"Jonas Follonier\"},\"description\":\"Correspondant au Palais f\u00e9d\u00e9ral pour \u00abL\u2019Agefi\u00bb, auteur-compositeur-interpr\u00e8te et essayiste, Jonas Follonier est le fondateur et r\u00e9dacteur en chef du \u00abRegard Libre\u00bb.\",\"sameAs\":[\"https:\\\/\\\/www.facebook.com\\\/jonas.follonier\\\/\",\"https:\\\/\\\/www.instagram.com\\\/jonasfollonier\\\/\",\"https:\\\/\\\/www.linkedin.com\\\/in\\\/jonasfollonier\\\/\",\"https:\\\/\\\/fr.wikipedia.org\\\/wiki\\\/Le_Regard_libre\"],\"url\":\"https:\\\/\\\/leregardlibre.com\\\/en\\\/author\\\/jonas-follonier\\\/\"}]}<\/script>\n<!-- \/ Yoast SEO Premium plugin. -->","yoast_head_json":{"title":"\u00abGrandis pas\u00bb: Polnareff delivers a song about his son","description":"With \u00abGrandis pas\u00bb, Michel Polnareff delivers a song more sensitive than ever and announces - at last - the release of his album \u00abEnfin!.","robots":{"index":"index","follow":"follow","max-snippet":"max-snippet:-1","max-image-preview":"max-image-preview:large","max-video-preview":"max-video-preview:-1"},"canonical":"https:\/\/leregardlibre.com\/en\/music\/grandis-pas-quand-polnareff-transforms-words-into-gold\/","og_locale":"en_US","og_type":"article","og_title":"\u00abGrandis pas\u00bb: Michel Polnareff livre une chanson plus sensible que jamais","og_description":"Avec \u00abGrandis pas\u00bb, Michel Polnareff livre une chanson plus sensible que jamais et annonce \u2013 enfin\u00a0\u2013 la sortie de son album \u00abEnfin!\u00bb.","og_url":"https:\/\/leregardlibre.com\/en\/music\/grandis-pas-quand-polnareff-transforms-words-into-gold\/","og_site_name":"Le Regard Libre","article_publisher":"https:\/\/www.facebook.com\/leregardlibre\/","article_author":"https:\/\/www.facebook.com\/jonas.follonier\/","article_published_time":"2018-11-16T16:14:53+00:00","article_modified_time":"2025-11-12T18:16:25+00:00","og_image":[{"width":1024,"height":488,"url":"https:\/\/leregardlibre.com\/wp-content\/uploads\/2018\/11\/Une-Polnareff-Paleo-2016-2108784078-1542381964718-1024x488.jpg","type":"image\/jpeg"}],"author":"Jonas Follonier","twitter_card":"summary_large_image","twitter_creator":"@LeRegardLibre","twitter_site":"@LeRegardLibre","twitter_misc":{"Written by":"Jonas Follonier","Est. reading time":"5 minutes"},"schema":{"@context":"https:\/\/schema.org","@graph":[{"@type":"Article","@id":"https:\/\/leregardlibre.com\/musique\/grandis-pas-quand-polnareff-transforme-les-mots-en-or\/#article","isPartOf":{"@id":"https:\/\/leregardlibre.com\/musique\/grandis-pas-quand-polnareff-transforme-les-mots-en-or\/"},"author":{"name":"Jonas Follonier","@id":"https:\/\/leregardlibre.com\/#\/schema\/person\/bfe5aa794a23be71485d60e2d93ec0d2"},"headline":"\u00abGrandis pas\u00bb: Michel Polnareff livre une chanson plus sensible que jamais","datePublished":"2018-11-16T16:14:53+00:00","dateModified":"2025-11-12T18:16:25+00:00","mainEntityOfPage":{"@id":"https:\/\/leregardlibre.com\/musique\/grandis-pas-quand-polnareff-transforme-les-mots-en-or\/"},"wordCount":874,"commentCount":0,"publisher":{"@id":"https:\/\/leregardlibre.com\/#organization"},"image":{"@id":"https:\/\/leregardlibre.com\/musique\/grandis-pas-quand-polnareff-transforme-les-mots-en-or\/#primaryimage"},"thumbnailUrl":"https:\/\/leregardlibre.com\/wp-content\/uploads\/2018\/11\/Une-Polnareff-Paleo-2016-2108784078-1542381964718.jpg","keywords":["Chanson","Chanson fran\u00e7aise","M\u00e9lancolie","Michel Polnareff","Paternit\u00e9","Piano voix","Pop"],"articleSection":["Musique"],"inLanguage":"en-US","potentialAction":[{"@type":"CommentAction","name":"Comment","target":["https:\/\/leregardlibre.com\/musique\/grandis-pas-quand-polnareff-transforme-les-mots-en-or\/#respond"]}]},{"@type":"WebPage","@id":"https:\/\/leregardlibre.com\/musique\/grandis-pas-quand-polnareff-transforme-les-mots-en-or\/","url":"https:\/\/leregardlibre.com\/musique\/grandis-pas-quand-polnareff-transforme-les-mots-en-or\/","name":"\u00abGrandis pas\u00bb: Polnareff delivers a song about his son","isPartOf":{"@id":"https:\/\/leregardlibre.com\/#website"},"primaryImageOfPage":{"@id":"https:\/\/leregardlibre.com\/musique\/grandis-pas-quand-polnareff-transforme-les-mots-en-or\/#primaryimage"},"image":{"@id":"https:\/\/leregardlibre.com\/musique\/grandis-pas-quand-polnareff-transforme-les-mots-en-or\/#primaryimage"},"thumbnailUrl":"https:\/\/leregardlibre.com\/wp-content\/uploads\/2018\/11\/Une-Polnareff-Paleo-2016-2108784078-1542381964718.jpg","datePublished":"2018-11-16T16:14:53+00:00","dateModified":"2025-11-12T18:16:25+00:00","description":"With \u00abGrandis pas\u00bb, Michel Polnareff delivers a song more sensitive than ever and announces - at last - the release of his album \u00abEnfin!.","breadcrumb":{"@id":"https:\/\/leregardlibre.com\/musique\/grandis-pas-quand-polnareff-transforme-les-mots-en-or\/#breadcrumb"},"inLanguage":"en-US","potentialAction":[{"@type":"ReadAction","target":["https:\/\/leregardlibre.com\/musique\/grandis-pas-quand-polnareff-transforme-les-mots-en-or\/"]}]},{"@type":"ImageObject","inLanguage":"en-US","@id":"https:\/\/leregardlibre.com\/musique\/grandis-pas-quand-polnareff-transforme-les-mots-en-or\/#primaryimage","url":"https:\/\/leregardlibre.com\/wp-content\/uploads\/2018\/11\/Une-Polnareff-Paleo-2016-2108784078-1542381964718.jpg","contentUrl":"https:\/\/leregardlibre.com\/wp-content\/uploads\/2018\/11\/Une-Polnareff-Paleo-2016-2108784078-1542381964718.jpg","width":3051,"height":1453,"caption":"Michel Polnareff au Pal\u00e9o Festival 2016, \u00e0 Nyon (Suisse)"},{"@type":"BreadcrumbList","@id":"https:\/\/leregardlibre.com\/musique\/grandis-pas-quand-polnareff-transforme-les-mots-en-or\/#breadcrumb","itemListElement":[{"@type":"ListItem","position":1,"name":"Accueil","item":"https:\/\/leregardlibre.com\/"},{"@type":"ListItem","position":2,"name":"\u00abGrandis pas\u00bb: Michel Polnareff livre une chanson plus sensible que jamais"}]},{"@type":"WebSite","@id":"https:\/\/leregardlibre.com\/#website","url":"https:\/\/leregardlibre.com\/","name":"Le Regard Libre","description":"Switzerland's first monthly debate magazine","publisher":{"@id":"https:\/\/leregardlibre.com\/#organization"},"potentialAction":[{"@type":"SearchAction","target":{"@type":"EntryPoint","urlTemplate":"https:\/\/leregardlibre.com\/?s={search_term_string}"},"query-input":{"@type":"PropertyValueSpecification","valueRequired":true,"valueName":"search_term_string"}}],"inLanguage":"en-US"},{"@type":"Organization","@id":"https:\/\/leregardlibre.com\/#organization","name":"Le Regard Libre","url":"https:\/\/leregardlibre.com\/","logo":{"@type":"ImageObject","inLanguage":"en-US","@id":"https:\/\/leregardlibre.com\/#\/schema\/logo\/image\/","url":"https:\/\/leregardlibre.com\/wp-content\/uploads\/2025\/08\/logo-rl-icone-neg.jpeg","contentUrl":"https:\/\/leregardlibre.com\/wp-content\/uploads\/2025\/08\/logo-rl-icone-neg.jpeg","width":557,"height":556,"caption":"Le Regard Libre"},"image":{"@id":"https:\/\/leregardlibre.com\/#\/schema\/logo\/image\/"},"sameAs":["https:\/\/www.facebook.com\/leregardlibre\/","https:\/\/x.com\/LeRegardLibre","https:\/\/www.linkedin.com\/company\/le-regard-libre","https:\/\/www.instagram.com\/leregardlibre\/","http:\/\/t.me\/leregardlibre","https:\/\/youtube.com\/channel\/UC6HzGPomj1LsUmlz-sJtITQ"],"description":"Le Regard Libre is a Swiss monthly magazine for intellectual and cultural debate. Its editorial team is young, voluntary, liberal and pluralist. The magazine appears online and in print. Its language is French.","email":"redaction@leregardlibre.com","legalName":"Le Regard Libre","foundingDate":"2014-01-01","numberOfEmployees":{"@type":"QuantitativeValue","minValue":"11","maxValue":"50"},"publishingPrinciples":"https:\/\/leregardlibre.com\/a-propos\/notre-manifeste\/","ownershipFundingInfo":"https:\/\/leregardlibre.com\/mentions-legales\/","actionableFeedbackPolicy":"https:\/\/leregardlibre.com\/conditions-generales-de-vente\/"},{"@type":"Person","@id":"https:\/\/leregardlibre.com\/#\/schema\/person\/bfe5aa794a23be71485d60e2d93ec0d2","name":"Jonas Follonier","image":{"@type":"ImageObject","inLanguage":"en-US","@id":"https:\/\/secure.gravatar.com\/avatar\/602060b40f6a458420c2d140f49b6caea99152ce6704f2c332e5a0c5aad80303?s=96&d=identicon&r=g","url":"https:\/\/secure.gravatar.com\/avatar\/602060b40f6a458420c2d140f49b6caea99152ce6704f2c332e5a0c5aad80303?s=96&d=identicon&r=g","contentUrl":"https:\/\/secure.gravatar.com\/avatar\/602060b40f6a458420c2d140f49b6caea99152ce6704f2c332e5a0c5aad80303?s=96&d=identicon&r=g","caption":"Jonas Follonier"},"description":"Federal Palace correspondent for \u00abL'Agefi\u00bb, singer-songwriter Jonas Follonier is the founder and editor-in-chief of \u00abRegard Libre\u00bb.","sameAs":["https:\/\/www.facebook.com\/jonas.follonier\/","https:\/\/www.instagram.com\/jonasfollonier\/","https:\/\/www.linkedin.com\/in\/jonasfollonier\/","https:\/\/fr.wikipedia.org\/wiki\/Le_Regard_libre"],"url":"https:\/\/leregardlibre.com\/en\/author\/jonas-follonier\/"}]}},"_links":{"self":[{"href":"https:\/\/leregardlibre.com\/en\/wp-json\/wp\/v2\/posts\/17747","targetHints":{"allow":["GET"]}}],"collection":[{"href":"https:\/\/leregardlibre.com\/en\/wp-json\/wp\/v2\/posts"}],"about":[{"href":"https:\/\/leregardlibre.com\/en\/wp-json\/wp\/v2\/types\/post"}],"author":[{"embeddable":true,"href":"https:\/\/leregardlibre.com\/en\/wp-json\/wp\/v2\/users\/138"}],"replies":[{"embeddable":true,"href":"https:\/\/leregardlibre.com\/en\/wp-json\/wp\/v2\/comments?post=17747"}],"version-history":[{"count":2,"href":"https:\/\/leregardlibre.com\/en\/wp-json\/wp\/v2\/posts\/17747\/revisions"}],"predecessor-version":[{"id":514556,"href":"https:\/\/leregardlibre.com\/en\/wp-json\/wp\/v2\/posts\/17747\/revisions\/514556"}],"wp:featuredmedia":[{"embeddable":true,"href":"https:\/\/leregardlibre.com\/en\/wp-json\/wp\/v2\/media\/510189"}],"wp:attachment":[{"href":"https:\/\/leregardlibre.com\/en\/wp-json\/wp\/v2\/media?parent=17747"}],"wp:term":[{"taxonomy":"category","embeddable":true,"href":"https:\/\/leregardlibre.com\/en\/wp-json\/wp\/v2\/categories?post=17747"},{"taxonomy":"post_tag","embeddable":true,"href":"https:\/\/leregardlibre.com\/en\/wp-json\/wp\/v2\/tags?post=17747"}],"curies":[{"name":"wp","href":"https:\/\/api.w.org\/{rel}","templated":true}]}}