{"id":17817,"date":"2018-11-21T12:53:34","date_gmt":"2018-11-21T11:53:34","guid":{"rendered":"https:\/\/leregardlibre.com\/?p=17817"},"modified":"2025-12-04T22:39:07","modified_gmt":"2025-12-04T21:39:07","slug":"amanda-de-langoisse-a-lesperance","status":"publish","type":"post","link":"https:\/\/leregardlibre.com\/en\/cinema\/films\/amanda-de-langoisse-a-lesperance\/","title":{"rendered":"\u00abAmanda\u00bb, from anguish to hope"},"content":{"rendered":"<p><em>Cinema Wednesdays - Loris S. Musumeci<\/em><\/p>\n<p>\u00ab- Is Mom still asleep?<br \/>\n- She's not here.\u00bb<\/p>\n<p>Parisian life, happy life. Amanda spends a normal childhood with her mom. David, her twenty-four-year-old uncle, makes the most of seeing his sister and niece, who adores him. Despite his hectic life, always in a hurry, between odd jobs and arrangements, David maintains a close relationship with his sister. Since she's on her own to raise her daughter, he lends a hand as best he can. But one day everything falls apart. The terror of a terrorist attack hits Paris. Amanda no longer has a mother, and David is forced to become a father prematurely. Uncle and niece learn to live together, despite the difficulties, and the wounds of the past still open.<\/p>\n<p><!--more--><\/p>\n<p><em>Amanda\u00a0<\/em>is an eminently touching story, given its synopsis. However, the film is not just about sentiment. Above all, it creates a very Parisian atmosphere, with bicycles parading from one end of the city to the other. Symbolizing the carefree spirit of a free-spirited existence, full of adventure and surprises, where people are always on the run, but still have time for leisure and conviviality. Mikha\u00ebl Hers's direction also shows a battered Paris, an empty city in which the characters are filmed with more distance between them. Defiance and fear are the order of the day.<\/p>\n<p>The film still extracts what everyday life is like for people, in both normality and drama. From \u00abBah, yeah\u00bb to \u00abO.K.\u00bb, the script immerses the viewer in a bath of everyday life, leaving it up to the excellent actors - including a remarkable Vincent Lacoste - to make their reality and banality shine through on screen.<\/p>\n<p>And there's more to come. <em>Amanda<\/em>, is also the story of the perhaps impossible love between David and L\u00e9na. She's played by Stacy Martin, who never fails to combine her natural sensuality with the depth of a character who suffers and goes on despite it all. It's a story of a love between David and his niece that is still very much needed. The diminutive actress Isaure Multrier doesn't let up either, taking on the role of Amanda, who goes through all states of mind, from generous gratitude to weary caprice.<\/p>\n<p>Finally, the film delivers a real lesson in practical philosophy, asking questions as obvious as they are difficult, such as what it is to be a father, what it is to be a son, what it is to choose to love, what it is to never be ready. A final compliment to the cinematography, whose pronounced grain, image modesty and ambient sobriety create a deeply moving framework that eschews sentimentality in favor of authentic emotion. <em>Amanda<\/em>, In short, it tells us without restraint that while anguish remains, hope surpasses all.<\/p>\n<p>\u00ab- And how do you see things?<br \/>\n- I don't know.\u00bb<\/p>\n<p><em>Write to the author : <a href=\"mailto:loris.musumeci@leregardlibre.com\">loris.musumeci@leregardlibre.com<\/a><\/em><\/p>\n<p>Photo credit: \u00a9 JMH Distributions<\/p>\n<p>[table id=36 \/]<\/p>\n<p>&nbsp;<\/p>","protected":false},"excerpt":{"rendered":"<p>Les mercredis du cin\u00e9ma \u2013 Loris S. Musumeci \u00ab\u2013 Maman elle dort encore? \u2013 Elle est pas l\u00e0.\u00bb Vie parisienne,&#8230;<\/p>","protected":false},"author":18,"featured_media":0,"comment_status":"open","ping_status":"open","sticky":false,"template":"","format":"standard","meta":{"_acf_changed":false,"footnotes":""},"categories":[644355829],"tags":[644340448,31254,410438,644340450,357966,1928561,644340452,644340451,644340449,1686925,8610,2092400,310221,23589162,20499485],"class_list":["post-17817","post","type-post","status-publish","format-standard","hentry","category-films","tag-amanda","tag-amour","tag-angoisse","tag-attentat","tag-enfance","tag-esperance","tag-fille","tag-lena","tag-mikhael-hers","tag-oncle","tag-paris","tag-paternite","tag-pere","tag-stacy-martin","tag-vincent-lacoste"],"acf":[],"yoast_head":"<!-- This site is optimized with the Yoast SEO Premium plugin v27.4 (Yoast SEO v27.4) - https:\/\/yoast.com\/product\/yoast-seo-premium-wordpress\/ -->\n<title>\u00abAmanda\u00bb, de l\u2019angoisse \u00e0 l\u2019esp\u00e9rance<\/title>\n<meta name=\"robots\" content=\"index, follow, max-snippet:-1, max-image-preview:large, max-video-preview:-1\" \/>\n<link rel=\"canonical\" href=\"https:\/\/leregardlibre.com\/en\/cinema\/films\/amanda-de-langoisse-a-lesperance\/\" \/>\n<meta property=\"og:locale\" content=\"en_US\" \/>\n<meta property=\"og:type\" content=\"article\" \/>\n<meta property=\"og:title\" content=\"\u00abAmanda\u00bb, de l\u2019angoisse \u00e0 l\u2019esp\u00e9rance\" \/>\n<meta property=\"og:description\" content=\"Les mercredis du cin\u00e9ma \u2013 Loris S. Musumeci \u00ab\u2013 Maman elle dort encore? \u2013 Elle est pas l\u00e0.\u00bb Vie parisienne,...\" \/>\n<meta property=\"og:url\" content=\"https:\/\/leregardlibre.com\/en\/cinema\/films\/amanda-de-langoisse-a-lesperance\/\" \/>\n<meta property=\"og:site_name\" content=\"Le Regard Libre\" \/>\n<meta property=\"article:publisher\" content=\"https:\/\/www.facebook.com\/leregardlibre\/\" \/>\n<meta property=\"article:published_time\" content=\"2018-11-21T11:53:34+00:00\" \/>\n<meta property=\"article:modified_time\" content=\"2025-12-04T21:39:07+00:00\" \/>\n<meta property=\"og:image\" content=\"https:\/\/leregardlibre.com\/wp-content\/uploads\/2025\/11\/rl_logo_1a-e1762609033480.jpg\" \/>\n\t<meta property=\"og:image:width\" content=\"2154\" \/>\n\t<meta property=\"og:image:height\" content=\"1264\" \/>\n\t<meta property=\"og:image:type\" content=\"image\/jpeg\" \/>\n<meta name=\"author\" content=\"Loris S. Musumeci\" \/>\n<meta name=\"twitter:card\" content=\"summary_large_image\" \/>\n<meta name=\"twitter:creator\" content=\"@LeRegardLibre\" \/>\n<meta name=\"twitter:site\" content=\"@LeRegardLibre\" \/>\n<meta name=\"twitter:label1\" content=\"Written by\" \/>\n\t<meta name=\"twitter:data1\" content=\"Loris S. Musumeci\" \/>\n\t<meta name=\"twitter:label2\" content=\"Est. reading time\" \/>\n\t<meta name=\"twitter:data2\" content=\"3 minutes\" \/>\n<script type=\"application\/ld+json\" class=\"yoast-schema-graph\">{\"@context\":\"https:\\\/\\\/schema.org\",\"@graph\":[{\"@type\":\"Article\",\"@id\":\"https:\\\/\\\/leregardlibre.com\\\/cinema\\\/films\\\/amanda-de-langoisse-a-lesperance\\\/#article\",\"isPartOf\":{\"@id\":\"https:\\\/\\\/leregardlibre.com\\\/cinema\\\/films\\\/amanda-de-langoisse-a-lesperance\\\/\"},\"author\":{\"name\":\"Loris S. Musumeci\",\"@id\":\"https:\\\/\\\/leregardlibre.com\\\/#\\\/schema\\\/person\\\/04d80ec47094bca6b1fa22dffad24005\"},\"headline\":\"\u00abAmanda\u00bb, de l\u2019angoisse \u00e0 l\u2019esp\u00e9rance\",\"datePublished\":\"2018-11-21T11:53:34+00:00\",\"dateModified\":\"2025-12-04T21:39:07+00:00\",\"mainEntityOfPage\":{\"@id\":\"https:\\\/\\\/leregardlibre.com\\\/cinema\\\/films\\\/amanda-de-langoisse-a-lesperance\\\/\"},\"wordCount\":562,\"commentCount\":0,\"publisher\":{\"@id\":\"https:\\\/\\\/leregardlibre.com\\\/#organization\"},\"keywords\":[\"amanda\",\"Amour\",\"angoisse\",\"attentat\",\"Enfance\",\"Esp\u00e9rance\",\"fille\",\"l\u00e9na\",\"mikha\u00ebl hers\",\"oncle\",\"Paris\",\"Paternit\u00e9\",\"P\u00e8re\",\"Stacy Martin\",\"Vincent Lacoste\"],\"articleSection\":[\"Films\"],\"inLanguage\":\"en-US\",\"potentialAction\":[{\"@type\":\"CommentAction\",\"name\":\"Comment\",\"target\":[\"https:\\\/\\\/leregardlibre.com\\\/cinema\\\/films\\\/amanda-de-langoisse-a-lesperance\\\/#respond\"]}]},{\"@type\":\"WebPage\",\"@id\":\"https:\\\/\\\/leregardlibre.com\\\/cinema\\\/films\\\/amanda-de-langoisse-a-lesperance\\\/\",\"url\":\"https:\\\/\\\/leregardlibre.com\\\/cinema\\\/films\\\/amanda-de-langoisse-a-lesperance\\\/\",\"name\":\"\u00abAmanda\u00bb, de l\u2019angoisse \u00e0 l\u2019esp\u00e9rance\",\"isPartOf\":{\"@id\":\"https:\\\/\\\/leregardlibre.com\\\/#website\"},\"datePublished\":\"2018-11-21T11:53:34+00:00\",\"dateModified\":\"2025-12-04T21:39:07+00:00\",\"breadcrumb\":{\"@id\":\"https:\\\/\\\/leregardlibre.com\\\/cinema\\\/films\\\/amanda-de-langoisse-a-lesperance\\\/#breadcrumb\"},\"inLanguage\":\"en-US\",\"potentialAction\":[{\"@type\":\"ReadAction\",\"target\":[\"https:\\\/\\\/leregardlibre.com\\\/cinema\\\/films\\\/amanda-de-langoisse-a-lesperance\\\/\"]}]},{\"@type\":\"BreadcrumbList\",\"@id\":\"https:\\\/\\\/leregardlibre.com\\\/cinema\\\/films\\\/amanda-de-langoisse-a-lesperance\\\/#breadcrumb\",\"itemListElement\":[{\"@type\":\"ListItem\",\"position\":1,\"name\":\"Accueil\",\"item\":\"https:\\\/\\\/leregardlibre.com\\\/\"},{\"@type\":\"ListItem\",\"position\":2,\"name\":\"\u00abAmanda\u00bb, de l\u2019angoisse \u00e0 l\u2019esp\u00e9rance\"}]},{\"@type\":\"WebSite\",\"@id\":\"https:\\\/\\\/leregardlibre.com\\\/#website\",\"url\":\"https:\\\/\\\/leregardlibre.com\\\/\",\"name\":\"Le Regard Libre\",\"description\":\"Premier mensuel suisse de d\u00e9bat\",\"publisher\":{\"@id\":\"https:\\\/\\\/leregardlibre.com\\\/#organization\"},\"potentialAction\":[{\"@type\":\"SearchAction\",\"target\":{\"@type\":\"EntryPoint\",\"urlTemplate\":\"https:\\\/\\\/leregardlibre.com\\\/?s={search_term_string}\"},\"query-input\":{\"@type\":\"PropertyValueSpecification\",\"valueRequired\":true,\"valueName\":\"search_term_string\"}}],\"inLanguage\":\"en-US\"},{\"@type\":\"Organization\",\"@id\":\"https:\\\/\\\/leregardlibre.com\\\/#organization\",\"name\":\"Le Regard Libre\",\"url\":\"https:\\\/\\\/leregardlibre.com\\\/\",\"logo\":{\"@type\":\"ImageObject\",\"inLanguage\":\"en-US\",\"@id\":\"https:\\\/\\\/leregardlibre.com\\\/#\\\/schema\\\/logo\\\/image\\\/\",\"url\":\"https:\\\/\\\/leregardlibre.com\\\/wp-content\\\/uploads\\\/2025\\\/08\\\/logo-rl-icone-neg.jpeg\",\"contentUrl\":\"https:\\\/\\\/leregardlibre.com\\\/wp-content\\\/uploads\\\/2025\\\/08\\\/logo-rl-icone-neg.jpeg\",\"width\":557,\"height\":556,\"caption\":\"Le Regard Libre\"},\"image\":{\"@id\":\"https:\\\/\\\/leregardlibre.com\\\/#\\\/schema\\\/logo\\\/image\\\/\"},\"sameAs\":[\"https:\\\/\\\/www.facebook.com\\\/leregardlibre\\\/\",\"https:\\\/\\\/x.com\\\/LeRegardLibre\",\"https:\\\/\\\/www.linkedin.com\\\/company\\\/le-regard-libre\",\"https:\\\/\\\/www.instagram.com\\\/leregardlibre\\\/\",\"http:\\\/\\\/t.me\\\/leregardlibre\",\"https:\\\/\\\/youtube.com\\\/channel\\\/UC6HzGPomj1LsUmlz-sJtITQ\"],\"description\":\"Le Regard Libre est un mensuel suisse de d\u00e9bat intellectuel et culturel. Sa r\u00e9daction est jeune, b\u00e9n\u00e9vole, lib\u00e9rale et pluraliste. Le magazine para\u00eet en ligne et sous forme papier. Sa langue est le fran\u00e7ais.\",\"email\":\"redaction@leregardlibre.com\",\"legalName\":\"Le Regard Libre\",\"foundingDate\":\"2014-01-01\",\"numberOfEmployees\":{\"@type\":\"QuantitativeValue\",\"minValue\":\"11\",\"maxValue\":\"50\"},\"publishingPrinciples\":\"https:\\\/\\\/leregardlibre.com\\\/a-propos\\\/notre-manifeste\\\/\",\"ownershipFundingInfo\":\"https:\\\/\\\/leregardlibre.com\\\/mentions-legales\\\/\",\"actionableFeedbackPolicy\":\"https:\\\/\\\/leregardlibre.com\\\/conditions-generales-de-vente\\\/\"},{\"@type\":\"Person\",\"@id\":\"https:\\\/\\\/leregardlibre.com\\\/#\\\/schema\\\/person\\\/04d80ec47094bca6b1fa22dffad24005\",\"name\":\"Loris S. Musumeci\",\"image\":{\"@type\":\"ImageObject\",\"inLanguage\":\"en-US\",\"@id\":\"https:\\\/\\\/secure.gravatar.com\\\/avatar\\\/fa476654dadfee0d962e80160d0303549febb2769f8fa26c7a1ebe037f7c7c54?s=96&d=identicon&r=g\",\"url\":\"https:\\\/\\\/secure.gravatar.com\\\/avatar\\\/fa476654dadfee0d962e80160d0303549febb2769f8fa26c7a1ebe037f7c7c54?s=96&d=identicon&r=g\",\"contentUrl\":\"https:\\\/\\\/secure.gravatar.com\\\/avatar\\\/fa476654dadfee0d962e80160d0303549febb2769f8fa26c7a1ebe037f7c7c54?s=96&d=identicon&r=g\",\"caption\":\"Loris S. Musumeci\"},\"sameAs\":[\"https:\\\/\\\/leregardlibre.com\\\/\",\"https:\\\/\\\/fr.wikipedia.org\\\/wiki\\\/Le_Regard_libre\"],\"url\":\"https:\\\/\\\/leregardlibre.com\\\/en\\\/author\\\/loris-musumeci\\\/\"}]}<\/script>\n<!-- \/ Yoast SEO Premium plugin. -->","yoast_head_json":{"title":"\u00abAmanda\u00bb, from anguish to hope","robots":{"index":"index","follow":"follow","max-snippet":"max-snippet:-1","max-image-preview":"max-image-preview:large","max-video-preview":"max-video-preview:-1"},"canonical":"https:\/\/leregardlibre.com\/en\/cinema\/films\/amanda-de-langoisse-a-lesperance\/","og_locale":"en_US","og_type":"article","og_title":"\u00abAmanda\u00bb, de l\u2019angoisse \u00e0 l\u2019esp\u00e9rance","og_description":"Les mercredis du cin\u00e9ma \u2013 Loris S. Musumeci \u00ab\u2013 Maman elle dort encore? \u2013 Elle est pas l\u00e0.\u00bb Vie parisienne,...","og_url":"https:\/\/leregardlibre.com\/en\/cinema\/films\/amanda-de-langoisse-a-lesperance\/","og_site_name":"Le Regard Libre","article_publisher":"https:\/\/www.facebook.com\/leregardlibre\/","article_published_time":"2018-11-21T11:53:34+00:00","article_modified_time":"2025-12-04T21:39:07+00:00","og_image":[{"width":2154,"height":1264,"url":"https:\/\/leregardlibre.com\/wp-content\/uploads\/2025\/11\/rl_logo_1a-e1762609033480.jpg","type":"image\/jpeg"}],"author":"Loris S. Musumeci","twitter_card":"summary_large_image","twitter_creator":"@LeRegardLibre","twitter_site":"@LeRegardLibre","twitter_misc":{"Written by":"Loris S. Musumeci","Est. reading time":"3 minutes"},"schema":{"@context":"https:\/\/schema.org","@graph":[{"@type":"Article","@id":"https:\/\/leregardlibre.com\/cinema\/films\/amanda-de-langoisse-a-lesperance\/#article","isPartOf":{"@id":"https:\/\/leregardlibre.com\/cinema\/films\/amanda-de-langoisse-a-lesperance\/"},"author":{"name":"Loris S. Musumeci","@id":"https:\/\/leregardlibre.com\/#\/schema\/person\/04d80ec47094bca6b1fa22dffad24005"},"headline":"\u00abAmanda\u00bb, de l\u2019angoisse \u00e0 l\u2019esp\u00e9rance","datePublished":"2018-11-21T11:53:34+00:00","dateModified":"2025-12-04T21:39:07+00:00","mainEntityOfPage":{"@id":"https:\/\/leregardlibre.com\/cinema\/films\/amanda-de-langoisse-a-lesperance\/"},"wordCount":562,"commentCount":0,"publisher":{"@id":"https:\/\/leregardlibre.com\/#organization"},"keywords":["amanda","Amour","angoisse","attentat","Enfance","Esp\u00e9rance","fille","l\u00e9na","mikha\u00ebl hers","oncle","Paris","Paternit\u00e9","P\u00e8re","Stacy Martin","Vincent Lacoste"],"articleSection":["Films"],"inLanguage":"en-US","potentialAction":[{"@type":"CommentAction","name":"Comment","target":["https:\/\/leregardlibre.com\/cinema\/films\/amanda-de-langoisse-a-lesperance\/#respond"]}]},{"@type":"WebPage","@id":"https:\/\/leregardlibre.com\/cinema\/films\/amanda-de-langoisse-a-lesperance\/","url":"https:\/\/leregardlibre.com\/cinema\/films\/amanda-de-langoisse-a-lesperance\/","name":"\u00abAmanda\u00bb, from anguish to hope","isPartOf":{"@id":"https:\/\/leregardlibre.com\/#website"},"datePublished":"2018-11-21T11:53:34+00:00","dateModified":"2025-12-04T21:39:07+00:00","breadcrumb":{"@id":"https:\/\/leregardlibre.com\/cinema\/films\/amanda-de-langoisse-a-lesperance\/#breadcrumb"},"inLanguage":"en-US","potentialAction":[{"@type":"ReadAction","target":["https:\/\/leregardlibre.com\/cinema\/films\/amanda-de-langoisse-a-lesperance\/"]}]},{"@type":"BreadcrumbList","@id":"https:\/\/leregardlibre.com\/cinema\/films\/amanda-de-langoisse-a-lesperance\/#breadcrumb","itemListElement":[{"@type":"ListItem","position":1,"name":"Accueil","item":"https:\/\/leregardlibre.com\/"},{"@type":"ListItem","position":2,"name":"\u00abAmanda\u00bb, de l\u2019angoisse \u00e0 l\u2019esp\u00e9rance"}]},{"@type":"WebSite","@id":"https:\/\/leregardlibre.com\/#website","url":"https:\/\/leregardlibre.com\/","name":"Le Regard Libre","description":"Switzerland's first monthly debate magazine","publisher":{"@id":"https:\/\/leregardlibre.com\/#organization"},"potentialAction":[{"@type":"SearchAction","target":{"@type":"EntryPoint","urlTemplate":"https:\/\/leregardlibre.com\/?s={search_term_string}"},"query-input":{"@type":"PropertyValueSpecification","valueRequired":true,"valueName":"search_term_string"}}],"inLanguage":"en-US"},{"@type":"Organization","@id":"https:\/\/leregardlibre.com\/#organization","name":"Le Regard Libre","url":"https:\/\/leregardlibre.com\/","logo":{"@type":"ImageObject","inLanguage":"en-US","@id":"https:\/\/leregardlibre.com\/#\/schema\/logo\/image\/","url":"https:\/\/leregardlibre.com\/wp-content\/uploads\/2025\/08\/logo-rl-icone-neg.jpeg","contentUrl":"https:\/\/leregardlibre.com\/wp-content\/uploads\/2025\/08\/logo-rl-icone-neg.jpeg","width":557,"height":556,"caption":"Le Regard Libre"},"image":{"@id":"https:\/\/leregardlibre.com\/#\/schema\/logo\/image\/"},"sameAs":["https:\/\/www.facebook.com\/leregardlibre\/","https:\/\/x.com\/LeRegardLibre","https:\/\/www.linkedin.com\/company\/le-regard-libre","https:\/\/www.instagram.com\/leregardlibre\/","http:\/\/t.me\/leregardlibre","https:\/\/youtube.com\/channel\/UC6HzGPomj1LsUmlz-sJtITQ"],"description":"Le Regard Libre is a Swiss monthly magazine for intellectual and cultural debate. Its editorial team is young, voluntary, liberal and pluralist. The magazine appears online and in print. Its language is French.","email":"redaction@leregardlibre.com","legalName":"Le Regard Libre","foundingDate":"2014-01-01","numberOfEmployees":{"@type":"QuantitativeValue","minValue":"11","maxValue":"50"},"publishingPrinciples":"https:\/\/leregardlibre.com\/a-propos\/notre-manifeste\/","ownershipFundingInfo":"https:\/\/leregardlibre.com\/mentions-legales\/","actionableFeedbackPolicy":"https:\/\/leregardlibre.com\/conditions-generales-de-vente\/"},{"@type":"Person","@id":"https:\/\/leregardlibre.com\/#\/schema\/person\/04d80ec47094bca6b1fa22dffad24005","name":"Loris S. Musumeci","image":{"@type":"ImageObject","inLanguage":"en-US","@id":"https:\/\/secure.gravatar.com\/avatar\/fa476654dadfee0d962e80160d0303549febb2769f8fa26c7a1ebe037f7c7c54?s=96&d=identicon&r=g","url":"https:\/\/secure.gravatar.com\/avatar\/fa476654dadfee0d962e80160d0303549febb2769f8fa26c7a1ebe037f7c7c54?s=96&d=identicon&r=g","contentUrl":"https:\/\/secure.gravatar.com\/avatar\/fa476654dadfee0d962e80160d0303549febb2769f8fa26c7a1ebe037f7c7c54?s=96&d=identicon&r=g","caption":"Loris S. Musumeci"},"sameAs":["https:\/\/leregardlibre.com\/","https:\/\/fr.wikipedia.org\/wiki\/Le_Regard_libre"],"url":"https:\/\/leregardlibre.com\/en\/author\/loris-musumeci\/"}]}},"_links":{"self":[{"href":"https:\/\/leregardlibre.com\/en\/wp-json\/wp\/v2\/posts\/17817","targetHints":{"allow":["GET"]}}],"collection":[{"href":"https:\/\/leregardlibre.com\/en\/wp-json\/wp\/v2\/posts"}],"about":[{"href":"https:\/\/leregardlibre.com\/en\/wp-json\/wp\/v2\/types\/post"}],"author":[{"embeddable":true,"href":"https:\/\/leregardlibre.com\/en\/wp-json\/wp\/v2\/users\/18"}],"replies":[{"embeddable":true,"href":"https:\/\/leregardlibre.com\/en\/wp-json\/wp\/v2\/comments?post=17817"}],"version-history":[{"count":1,"href":"https:\/\/leregardlibre.com\/en\/wp-json\/wp\/v2\/posts\/17817\/revisions"}],"predecessor-version":[{"id":510197,"href":"https:\/\/leregardlibre.com\/en\/wp-json\/wp\/v2\/posts\/17817\/revisions\/510197"}],"wp:attachment":[{"href":"https:\/\/leregardlibre.com\/en\/wp-json\/wp\/v2\/media?parent=17817"}],"wp:term":[{"taxonomy":"category","embeddable":true,"href":"https:\/\/leregardlibre.com\/en\/wp-json\/wp\/v2\/categories?post=17817"},{"taxonomy":"post_tag","embeddable":true,"href":"https:\/\/leregardlibre.com\/en\/wp-json\/wp\/v2\/tags?post=17817"}],"curies":[{"name":"wp","href":"https:\/\/api.w.org\/{rel}","templated":true}]}}