{"id":17898,"date":"2018-11-27T20:00:36","date_gmt":"2018-11-27T19:00:36","guid":{"rendered":"https:\/\/leregardlibre.com\/?p=17898"},"modified":"2022-11-13T14:49:11","modified_gmt":"2022-11-13T13:49:11","slug":"17898","status":"publish","type":"post","link":"https:\/\/leregardlibre.com\/en\/literature\/17898\/","title":{"rendered":"\u00abis there anything to say?"},"content":{"rendered":"<p><em>Tuesday's books - Jonas Follonier<\/em><\/p>\n<p><strong><em>This column will be accompanied by a contradictory article and two poems from the collection <\/em>ciao scales<em> in our February issue, <a href=\"https:\/\/leregardlibre.com\/en\/product\/le-regard-libre-n-47\/\">Order here<\/a>. You, dear readers, will be invited to give your own opinion on this poetry.<\/em><\/strong><\/p>\n<p>What's on your mind? Should I lie? <em>Le Regard Libre<\/em>, the bearer of French-language literature? The bearer of what speaks to us, above all, both good and bad. For my part, there have been many times when I've found myself disappointed by works that I'd either considered in the mishmash of bobo-helvetic-serious globalization, or that I'd appreciated \u00abin spite of myself\u00bb. This time, there's no need to be picky. What we have here is pseudo-poetry of no real interest.<\/p>\n<p>Andr\u00e9 Petitat tells us <em>basclues ciao<\/em> (no capital letters in the title! yes, it's not me), his collection of poems recently published by Editions de l'Aire, which are nonetheless appreciable and even exemplary in our country's publishing landscape. I read it. I cried. What qualities must a text possess to be considered a poem? Rhyme, a classic would say. Rhythm, would say a laxist. Soul, says a metaphor enthusiast.<\/p>\n<p><!--more--><\/p>\n<blockquote><p>\u00abje suis tu es<br \/>\nplusieurs dans le m\u00eame<br \/>\nun m\u00e9li-m\u00e9lo<br \/>\nun fil d\u00e9gag\u00e9 dans le labyrinthe<br \/>\ndes coupures et des n\u0153uds\u00bb<\/p><\/blockquote>\n<p>Et toi, litt\u00e9rature romande, qu\u2019es-tu? De la m\u00e9diocrit\u00e9, dans ta grande majorit\u00e9. Tout comme la peinture romande. Tout comme la musique romande. Quel m\u00e9dia pour dire ce qui doit \u00eatre dit? Quelle revue pour \u00e9tablir la v\u00e9rit\u00e9? Assez de fadeur, assez de lisse, assez de caresses. Osons affirmer que ce qui nous est pr\u00e9sent\u00e9 la plupart du temps est \u00e0 jeter. Il ne suffit pas de s\u2019autoproclamer auteur pour l\u2019\u00eatre. Il faut un savoir-faire. Il faut un savoir-\u00eatre. Il faut ne serait-ce qu\u2019un savoir.<\/p>\n<blockquote><p>Je suis l\u2019unique et le pr\u00eat-\u00e0-penser.<br \/>\nle singulier et la s\u00e9rie<br \/>\nla madeleine industrielle<\/p><\/blockquote>\n<p>Je suis tout, je suis rien, je suis la litt\u00e9rature romande contemporaine dans toute ma splendeur. Je suis m\u00e9diocre. Ah! On s\u2019indigne! Quelle audace! Oui, il est facile d\u2019aligner des mots. Mais inventer une histoire, agencer des phrases, programmer des sons, jouer avec un genre, voil\u00e0 qui demande plus de travail. Du travail qui existe en France, qui existe parfois dans nos contr\u00e9es. Mais que je n\u2019ai pas constat\u00e9 cette fois-ci. Et inutile de dire que je n\u2019avais pas d\u2019<em>a priori<\/em>: j\u2019en avais, et ils se sont confirm\u00e9s.<\/p>\n<blockquote><p>Un silence de falaise.<br \/>\nMon croire est mon crime<br \/>\nmanivelle, cervelle, eau de javelle.<\/p><\/blockquote>\n<p>Cervelle? Au-del\u00e0 du probl\u00e8me de compr\u00e9hension que pose un tel recueil, et qui je pense est son d\u00e9faut majeur, il convient de se questionner sur la forme et, plus encore, sur les volont\u00e9s de l\u2019auteur. Apr\u00e8s tout, la po\u00e9sie de Rimbaud tend vers un herm\u00e9tisme incontestable, mais il en demeure quelque chose de fondamentalement <em>beau<\/em>, en un sens beaucoup plus large que la simple esth\u00e9tique: une \u0153uvre litt\u00e9raire doit <em>speak<\/em> au lecteur, lui procurer quelque chose. Voil\u00e0 la grande absente de <em>ciao scales<\/em>. Ou alors, je suis pass\u00e9 \u00e0 c\u00f4t\u00e9 et, si c\u2019est le cas, il ne faudra pas h\u00e9siter \u00e0 \u00eatre cl\u00e9ment vis-\u00e0-vis de mon coup de gueule.<\/p>\n<p><em>Write to the author: <a href=\"mailto:jonas.follonier@leregardlibre.com\">jonas.follonier@leregardlibre.com<\/a><\/em><\/p>\n<p>Photo credit: \u00a9 Jonas Follonier for <em>Le Regard Libre<\/em><\/p>","protected":false},"excerpt":{"rendered":"<p>Les bouquins du mardi &#8211; Jonas Follonier Cette chronique sera accompagn\u00e9e d\u2019un article contradictoire ainsi que de deux po\u00e8mes extraits&#8230;<\/p>","protected":false},"author":138,"featured_media":510211,"comment_status":"open","ping_status":"open","sticky":false,"template":"","format":"standard","meta":{"_acf_changed":false,"footnotes":""},"categories":[20663],"tags":[644340543,644340542,54879,1532851,193275253,14831,644340529,644340527],"class_list":["post-17898","post","type-post","status-publish","format-standard","has-post-thumbnail","hentry","category-litterature","tag-andre-petitat","tag-bascules-ciao","tag-critiques-litteraires","tag-litterature-francophone","tag-litterature-romande","tag-poesie","tag-recueil","tag-recueil-de-poemes"],"acf":[],"yoast_head":"<!-- This site is optimized with the Yoast SEO Premium plugin v27.4 (Yoast SEO v27.4) - https:\/\/yoast.com\/product\/yoast-seo-premium-wordpress\/ -->\n<title>\u00abbascules ciao\u00bb, y a-t-il quelque chose \u00e0 dire?<\/title>\n<meta name=\"robots\" content=\"index, follow, max-snippet:-1, max-image-preview:large, max-video-preview:-1\" \/>\n<link rel=\"canonical\" href=\"https:\/\/leregardlibre.com\/en\/literature\/17898\/\" \/>\n<meta property=\"og:locale\" content=\"en_US\" \/>\n<meta property=\"og:type\" content=\"article\" \/>\n<meta property=\"og:title\" content=\"\u00abbascules ciao\u00bb, y a-t-il quelque chose \u00e0 dire?\" \/>\n<meta property=\"og:description\" content=\"Les bouquins du mardi - Jonas Follonier Cette chronique sera accompagn\u00e9e d\u2019un article contradictoire ainsi que de deux po\u00e8mes extraits...\" \/>\n<meta property=\"og:url\" content=\"https:\/\/leregardlibre.com\/en\/literature\/17898\/\" \/>\n<meta property=\"og:site_name\" content=\"Le Regard Libre\" \/>\n<meta property=\"article:publisher\" content=\"https:\/\/www.facebook.com\/leregardlibre\/\" \/>\n<meta property=\"article:author\" content=\"https:\/\/www.facebook.com\/jonas.follonier\/\" \/>\n<meta property=\"article:published_time\" content=\"2018-11-27T19:00:36+00:00\" \/>\n<meta property=\"article:modified_time\" content=\"2022-11-13T13:49:11+00:00\" \/>\n<meta property=\"og:image\" content=\"https:\/\/leregardlibre.com\/wp-content\/uploads\/2018\/11\/IMG_2984-2575423139-1543355489891-1-1024x566.jpg\" \/>\n\t<meta property=\"og:image:width\" content=\"1024\" \/>\n\t<meta property=\"og:image:height\" content=\"566\" \/>\n\t<meta property=\"og:image:type\" content=\"image\/jpeg\" \/>\n<meta name=\"author\" content=\"Jonas Follonier\" \/>\n<meta name=\"twitter:card\" content=\"summary_large_image\" \/>\n<meta name=\"twitter:creator\" content=\"@LeRegardLibre\" \/>\n<meta name=\"twitter:site\" content=\"@LeRegardLibre\" \/>\n<meta name=\"twitter:label1\" content=\"Written by\" \/>\n\t<meta name=\"twitter:data1\" content=\"Jonas Follonier\" \/>\n\t<meta name=\"twitter:label2\" content=\"Est. reading time\" \/>\n\t<meta name=\"twitter:data2\" content=\"3 minutes\" \/>\n<script type=\"application\/ld+json\" class=\"yoast-schema-graph\">{\"@context\":\"https:\\\/\\\/schema.org\",\"@graph\":[{\"@type\":\"Article\",\"@id\":\"https:\\\/\\\/leregardlibre.com\\\/litterature\\\/17898\\\/#article\",\"isPartOf\":{\"@id\":\"https:\\\/\\\/leregardlibre.com\\\/litterature\\\/17898\\\/\"},\"author\":{\"name\":\"Jonas Follonier\",\"@id\":\"https:\\\/\\\/leregardlibre.com\\\/#\\\/schema\\\/person\\\/bfe5aa794a23be71485d60e2d93ec0d2\"},\"headline\":\"\u00abbascules ciao\u00bb, y a-t-il quelque chose \u00e0 dire?\",\"datePublished\":\"2018-11-27T19:00:36+00:00\",\"dateModified\":\"2022-11-13T13:49:11+00:00\",\"mainEntityOfPage\":{\"@id\":\"https:\\\/\\\/leregardlibre.com\\\/litterature\\\/17898\\\/\"},\"wordCount\":622,\"commentCount\":2,\"publisher\":{\"@id\":\"https:\\\/\\\/leregardlibre.com\\\/#organization\"},\"image\":{\"@id\":\"https:\\\/\\\/leregardlibre.com\\\/litterature\\\/17898\\\/#primaryimage\"},\"thumbnailUrl\":\"https:\\\/\\\/leregardlibre.com\\\/wp-content\\\/uploads\\\/2018\\\/11\\\/IMG_2984-2575423139-1543355489891-1.jpg\",\"keywords\":[\"andr\u00e9 petitat\",\"bascules ciao\",\"Critique litt\u00e9raire\",\"Litt\u00e9rature francophone\",\"Litt\u00e9rature romande\",\"Po\u00e9sie\",\"recueil\",\"recueil de po\u00e8mes\"],\"articleSection\":[\"Litt\u00e9rature\"],\"inLanguage\":\"en-US\",\"potentialAction\":[{\"@type\":\"CommentAction\",\"name\":\"Comment\",\"target\":[\"https:\\\/\\\/leregardlibre.com\\\/litterature\\\/17898\\\/#respond\"]}]},{\"@type\":\"WebPage\",\"@id\":\"https:\\\/\\\/leregardlibre.com\\\/litterature\\\/17898\\\/\",\"url\":\"https:\\\/\\\/leregardlibre.com\\\/litterature\\\/17898\\\/\",\"name\":\"\u00abbascules ciao\u00bb, y a-t-il quelque chose \u00e0 dire?\",\"isPartOf\":{\"@id\":\"https:\\\/\\\/leregardlibre.com\\\/#website\"},\"primaryImageOfPage\":{\"@id\":\"https:\\\/\\\/leregardlibre.com\\\/litterature\\\/17898\\\/#primaryimage\"},\"image\":{\"@id\":\"https:\\\/\\\/leregardlibre.com\\\/litterature\\\/17898\\\/#primaryimage\"},\"thumbnailUrl\":\"https:\\\/\\\/leregardlibre.com\\\/wp-content\\\/uploads\\\/2018\\\/11\\\/IMG_2984-2575423139-1543355489891-1.jpg\",\"datePublished\":\"2018-11-27T19:00:36+00:00\",\"dateModified\":\"2022-11-13T13:49:11+00:00\",\"breadcrumb\":{\"@id\":\"https:\\\/\\\/leregardlibre.com\\\/litterature\\\/17898\\\/#breadcrumb\"},\"inLanguage\":\"en-US\",\"potentialAction\":[{\"@type\":\"ReadAction\",\"target\":[\"https:\\\/\\\/leregardlibre.com\\\/litterature\\\/17898\\\/\"]}]},{\"@type\":\"ImageObject\",\"inLanguage\":\"en-US\",\"@id\":\"https:\\\/\\\/leregardlibre.com\\\/litterature\\\/17898\\\/#primaryimage\",\"url\":\"https:\\\/\\\/leregardlibre.com\\\/wp-content\\\/uploads\\\/2018\\\/11\\\/IMG_2984-2575423139-1543355489891-1.jpg\",\"contentUrl\":\"https:\\\/\\\/leregardlibre.com\\\/wp-content\\\/uploads\\\/2018\\\/11\\\/IMG_2984-2575423139-1543355489891-1.jpg\",\"width\":4032,\"height\":2228},{\"@type\":\"BreadcrumbList\",\"@id\":\"https:\\\/\\\/leregardlibre.com\\\/litterature\\\/17898\\\/#breadcrumb\",\"itemListElement\":[{\"@type\":\"ListItem\",\"position\":1,\"name\":\"Accueil\",\"item\":\"https:\\\/\\\/leregardlibre.com\\\/\"},{\"@type\":\"ListItem\",\"position\":2,\"name\":\"\u00abbascules ciao\u00bb, y a-t-il quelque chose \u00e0 dire?\"}]},{\"@type\":\"WebSite\",\"@id\":\"https:\\\/\\\/leregardlibre.com\\\/#website\",\"url\":\"https:\\\/\\\/leregardlibre.com\\\/\",\"name\":\"Le Regard Libre\",\"description\":\"Premier mensuel suisse de d\u00e9bat\",\"publisher\":{\"@id\":\"https:\\\/\\\/leregardlibre.com\\\/#organization\"},\"potentialAction\":[{\"@type\":\"SearchAction\",\"target\":{\"@type\":\"EntryPoint\",\"urlTemplate\":\"https:\\\/\\\/leregardlibre.com\\\/?s={search_term_string}\"},\"query-input\":{\"@type\":\"PropertyValueSpecification\",\"valueRequired\":true,\"valueName\":\"search_term_string\"}}],\"inLanguage\":\"en-US\"},{\"@type\":\"Organization\",\"@id\":\"https:\\\/\\\/leregardlibre.com\\\/#organization\",\"name\":\"Le Regard Libre\",\"url\":\"https:\\\/\\\/leregardlibre.com\\\/\",\"logo\":{\"@type\":\"ImageObject\",\"inLanguage\":\"en-US\",\"@id\":\"https:\\\/\\\/leregardlibre.com\\\/#\\\/schema\\\/logo\\\/image\\\/\",\"url\":\"https:\\\/\\\/leregardlibre.com\\\/wp-content\\\/uploads\\\/2025\\\/08\\\/logo-rl-icone-neg.jpeg\",\"contentUrl\":\"https:\\\/\\\/leregardlibre.com\\\/wp-content\\\/uploads\\\/2025\\\/08\\\/logo-rl-icone-neg.jpeg\",\"width\":557,\"height\":556,\"caption\":\"Le Regard Libre\"},\"image\":{\"@id\":\"https:\\\/\\\/leregardlibre.com\\\/#\\\/schema\\\/logo\\\/image\\\/\"},\"sameAs\":[\"https:\\\/\\\/www.facebook.com\\\/leregardlibre\\\/\",\"https:\\\/\\\/x.com\\\/LeRegardLibre\",\"https:\\\/\\\/www.linkedin.com\\\/company\\\/le-regard-libre\",\"https:\\\/\\\/www.instagram.com\\\/leregardlibre\\\/\",\"http:\\\/\\\/t.me\\\/leregardlibre\",\"https:\\\/\\\/youtube.com\\\/channel\\\/UC6HzGPomj1LsUmlz-sJtITQ\"],\"description\":\"Le Regard Libre est un mensuel suisse de d\u00e9bat intellectuel et culturel. Sa r\u00e9daction est jeune, b\u00e9n\u00e9vole, lib\u00e9rale et pluraliste. Le magazine para\u00eet en ligne et sous forme papier. Sa langue est le fran\u00e7ais.\",\"email\":\"redaction@leregardlibre.com\",\"legalName\":\"Le Regard Libre\",\"foundingDate\":\"2014-01-01\",\"numberOfEmployees\":{\"@type\":\"QuantitativeValue\",\"minValue\":\"11\",\"maxValue\":\"50\"},\"publishingPrinciples\":\"https:\\\/\\\/leregardlibre.com\\\/a-propos\\\/notre-manifeste\\\/\",\"ownershipFundingInfo\":\"https:\\\/\\\/leregardlibre.com\\\/mentions-legales\\\/\",\"actionableFeedbackPolicy\":\"https:\\\/\\\/leregardlibre.com\\\/conditions-generales-de-vente\\\/\"},{\"@type\":\"Person\",\"@id\":\"https:\\\/\\\/leregardlibre.com\\\/#\\\/schema\\\/person\\\/bfe5aa794a23be71485d60e2d93ec0d2\",\"name\":\"Jonas Follonier\",\"image\":{\"@type\":\"ImageObject\",\"inLanguage\":\"en-US\",\"@id\":\"https:\\\/\\\/secure.gravatar.com\\\/avatar\\\/602060b40f6a458420c2d140f49b6caea99152ce6704f2c332e5a0c5aad80303?s=96&d=identicon&r=g\",\"url\":\"https:\\\/\\\/secure.gravatar.com\\\/avatar\\\/602060b40f6a458420c2d140f49b6caea99152ce6704f2c332e5a0c5aad80303?s=96&d=identicon&r=g\",\"contentUrl\":\"https:\\\/\\\/secure.gravatar.com\\\/avatar\\\/602060b40f6a458420c2d140f49b6caea99152ce6704f2c332e5a0c5aad80303?s=96&d=identicon&r=g\",\"caption\":\"Jonas Follonier\"},\"description\":\"Correspondant au Palais f\u00e9d\u00e9ral pour \u00abL\u2019Agefi\u00bb, auteur-compositeur-interpr\u00e8te et essayiste, Jonas Follonier est le fondateur et r\u00e9dacteur en chef du \u00abRegard Libre\u00bb.\",\"sameAs\":[\"https:\\\/\\\/www.facebook.com\\\/jonas.follonier\\\/\",\"https:\\\/\\\/www.instagram.com\\\/jonasfollonier\\\/\",\"https:\\\/\\\/www.linkedin.com\\\/in\\\/jonasfollonier\\\/\",\"https:\\\/\\\/fr.wikipedia.org\\\/wiki\\\/Le_Regard_libre\"],\"url\":\"https:\\\/\\\/leregardlibre.com\\\/en\\\/author\\\/jonas-follonier\\\/\"}]}<\/script>\n<!-- \/ Yoast SEO Premium plugin. -->","yoast_head_json":{"title":"\u00abis there anything to say?","robots":{"index":"index","follow":"follow","max-snippet":"max-snippet:-1","max-image-preview":"max-image-preview:large","max-video-preview":"max-video-preview:-1"},"canonical":"https:\/\/leregardlibre.com\/en\/literature\/17898\/","og_locale":"en_US","og_type":"article","og_title":"\u00abbascules ciao\u00bb, y a-t-il quelque chose \u00e0 dire?","og_description":"Les bouquins du mardi - Jonas Follonier Cette chronique sera accompagn\u00e9e d\u2019un article contradictoire ainsi que de deux po\u00e8mes extraits...","og_url":"https:\/\/leregardlibre.com\/en\/literature\/17898\/","og_site_name":"Le Regard Libre","article_publisher":"https:\/\/www.facebook.com\/leregardlibre\/","article_author":"https:\/\/www.facebook.com\/jonas.follonier\/","article_published_time":"2018-11-27T19:00:36+00:00","article_modified_time":"2022-11-13T13:49:11+00:00","og_image":[{"width":1024,"height":566,"url":"https:\/\/leregardlibre.com\/wp-content\/uploads\/2018\/11\/IMG_2984-2575423139-1543355489891-1-1024x566.jpg","type":"image\/jpeg"}],"author":"Jonas Follonier","twitter_card":"summary_large_image","twitter_creator":"@LeRegardLibre","twitter_site":"@LeRegardLibre","twitter_misc":{"Written by":"Jonas Follonier","Est. reading time":"3 minutes"},"schema":{"@context":"https:\/\/schema.org","@graph":[{"@type":"Article","@id":"https:\/\/leregardlibre.com\/litterature\/17898\/#article","isPartOf":{"@id":"https:\/\/leregardlibre.com\/litterature\/17898\/"},"author":{"name":"Jonas Follonier","@id":"https:\/\/leregardlibre.com\/#\/schema\/person\/bfe5aa794a23be71485d60e2d93ec0d2"},"headline":"\u00abbascules ciao\u00bb, y a-t-il quelque chose \u00e0 dire?","datePublished":"2018-11-27T19:00:36+00:00","dateModified":"2022-11-13T13:49:11+00:00","mainEntityOfPage":{"@id":"https:\/\/leregardlibre.com\/litterature\/17898\/"},"wordCount":622,"commentCount":2,"publisher":{"@id":"https:\/\/leregardlibre.com\/#organization"},"image":{"@id":"https:\/\/leregardlibre.com\/litterature\/17898\/#primaryimage"},"thumbnailUrl":"https:\/\/leregardlibre.com\/wp-content\/uploads\/2018\/11\/IMG_2984-2575423139-1543355489891-1.jpg","keywords":["andr\u00e9 petitat","bascules ciao","Critique litt\u00e9raire","Litt\u00e9rature francophone","Litt\u00e9rature romande","Po\u00e9sie","recueil","recueil de po\u00e8mes"],"articleSection":["Litt\u00e9rature"],"inLanguage":"en-US","potentialAction":[{"@type":"CommentAction","name":"Comment","target":["https:\/\/leregardlibre.com\/litterature\/17898\/#respond"]}]},{"@type":"WebPage","@id":"https:\/\/leregardlibre.com\/litterature\/17898\/","url":"https:\/\/leregardlibre.com\/litterature\/17898\/","name":"\u00abis there anything to say?","isPartOf":{"@id":"https:\/\/leregardlibre.com\/#website"},"primaryImageOfPage":{"@id":"https:\/\/leregardlibre.com\/litterature\/17898\/#primaryimage"},"image":{"@id":"https:\/\/leregardlibre.com\/litterature\/17898\/#primaryimage"},"thumbnailUrl":"https:\/\/leregardlibre.com\/wp-content\/uploads\/2018\/11\/IMG_2984-2575423139-1543355489891-1.jpg","datePublished":"2018-11-27T19:00:36+00:00","dateModified":"2022-11-13T13:49:11+00:00","breadcrumb":{"@id":"https:\/\/leregardlibre.com\/litterature\/17898\/#breadcrumb"},"inLanguage":"en-US","potentialAction":[{"@type":"ReadAction","target":["https:\/\/leregardlibre.com\/litterature\/17898\/"]}]},{"@type":"ImageObject","inLanguage":"en-US","@id":"https:\/\/leregardlibre.com\/litterature\/17898\/#primaryimage","url":"https:\/\/leregardlibre.com\/wp-content\/uploads\/2018\/11\/IMG_2984-2575423139-1543355489891-1.jpg","contentUrl":"https:\/\/leregardlibre.com\/wp-content\/uploads\/2018\/11\/IMG_2984-2575423139-1543355489891-1.jpg","width":4032,"height":2228},{"@type":"BreadcrumbList","@id":"https:\/\/leregardlibre.com\/litterature\/17898\/#breadcrumb","itemListElement":[{"@type":"ListItem","position":1,"name":"Accueil","item":"https:\/\/leregardlibre.com\/"},{"@type":"ListItem","position":2,"name":"\u00abbascules ciao\u00bb, y a-t-il quelque chose \u00e0 dire?"}]},{"@type":"WebSite","@id":"https:\/\/leregardlibre.com\/#website","url":"https:\/\/leregardlibre.com\/","name":"Le Regard Libre","description":"Switzerland's first monthly debate magazine","publisher":{"@id":"https:\/\/leregardlibre.com\/#organization"},"potentialAction":[{"@type":"SearchAction","target":{"@type":"EntryPoint","urlTemplate":"https:\/\/leregardlibre.com\/?s={search_term_string}"},"query-input":{"@type":"PropertyValueSpecification","valueRequired":true,"valueName":"search_term_string"}}],"inLanguage":"en-US"},{"@type":"Organization","@id":"https:\/\/leregardlibre.com\/#organization","name":"Le Regard Libre","url":"https:\/\/leregardlibre.com\/","logo":{"@type":"ImageObject","inLanguage":"en-US","@id":"https:\/\/leregardlibre.com\/#\/schema\/logo\/image\/","url":"https:\/\/leregardlibre.com\/wp-content\/uploads\/2025\/08\/logo-rl-icone-neg.jpeg","contentUrl":"https:\/\/leregardlibre.com\/wp-content\/uploads\/2025\/08\/logo-rl-icone-neg.jpeg","width":557,"height":556,"caption":"Le Regard Libre"},"image":{"@id":"https:\/\/leregardlibre.com\/#\/schema\/logo\/image\/"},"sameAs":["https:\/\/www.facebook.com\/leregardlibre\/","https:\/\/x.com\/LeRegardLibre","https:\/\/www.linkedin.com\/company\/le-regard-libre","https:\/\/www.instagram.com\/leregardlibre\/","http:\/\/t.me\/leregardlibre","https:\/\/youtube.com\/channel\/UC6HzGPomj1LsUmlz-sJtITQ"],"description":"Le Regard Libre is a Swiss monthly magazine for intellectual and cultural debate. Its editorial team is young, voluntary, liberal and pluralist. The magazine appears online and in print. Its language is French.","email":"redaction@leregardlibre.com","legalName":"Le Regard Libre","foundingDate":"2014-01-01","numberOfEmployees":{"@type":"QuantitativeValue","minValue":"11","maxValue":"50"},"publishingPrinciples":"https:\/\/leregardlibre.com\/a-propos\/notre-manifeste\/","ownershipFundingInfo":"https:\/\/leregardlibre.com\/mentions-legales\/","actionableFeedbackPolicy":"https:\/\/leregardlibre.com\/conditions-generales-de-vente\/"},{"@type":"Person","@id":"https:\/\/leregardlibre.com\/#\/schema\/person\/bfe5aa794a23be71485d60e2d93ec0d2","name":"Jonas Follonier","image":{"@type":"ImageObject","inLanguage":"en-US","@id":"https:\/\/secure.gravatar.com\/avatar\/602060b40f6a458420c2d140f49b6caea99152ce6704f2c332e5a0c5aad80303?s=96&d=identicon&r=g","url":"https:\/\/secure.gravatar.com\/avatar\/602060b40f6a458420c2d140f49b6caea99152ce6704f2c332e5a0c5aad80303?s=96&d=identicon&r=g","contentUrl":"https:\/\/secure.gravatar.com\/avatar\/602060b40f6a458420c2d140f49b6caea99152ce6704f2c332e5a0c5aad80303?s=96&d=identicon&r=g","caption":"Jonas Follonier"},"description":"Federal Palace correspondent for \u00abL'Agefi\u00bb, singer-songwriter Jonas Follonier is the founder and editor-in-chief of \u00abRegard Libre\u00bb.","sameAs":["https:\/\/www.facebook.com\/jonas.follonier\/","https:\/\/www.instagram.com\/jonasfollonier\/","https:\/\/www.linkedin.com\/in\/jonasfollonier\/","https:\/\/fr.wikipedia.org\/wiki\/Le_Regard_libre"],"url":"https:\/\/leregardlibre.com\/en\/author\/jonas-follonier\/"}]}},"_links":{"self":[{"href":"https:\/\/leregardlibre.com\/en\/wp-json\/wp\/v2\/posts\/17898","targetHints":{"allow":["GET"]}}],"collection":[{"href":"https:\/\/leregardlibre.com\/en\/wp-json\/wp\/v2\/posts"}],"about":[{"href":"https:\/\/leregardlibre.com\/en\/wp-json\/wp\/v2\/types\/post"}],"author":[{"embeddable":true,"href":"https:\/\/leregardlibre.com\/en\/wp-json\/wp\/v2\/users\/138"}],"replies":[{"embeddable":true,"href":"https:\/\/leregardlibre.com\/en\/wp-json\/wp\/v2\/comments?post=17898"}],"version-history":[{"count":1,"href":"https:\/\/leregardlibre.com\/en\/wp-json\/wp\/v2\/posts\/17898\/revisions"}],"predecessor-version":[{"id":510210,"href":"https:\/\/leregardlibre.com\/en\/wp-json\/wp\/v2\/posts\/17898\/revisions\/510210"}],"wp:featuredmedia":[{"embeddable":true,"href":"https:\/\/leregardlibre.com\/en\/wp-json\/wp\/v2\/media\/510211"}],"wp:attachment":[{"href":"https:\/\/leregardlibre.com\/en\/wp-json\/wp\/v2\/media?parent=17898"}],"wp:term":[{"taxonomy":"category","embeddable":true,"href":"https:\/\/leregardlibre.com\/en\/wp-json\/wp\/v2\/categories?post=17898"},{"taxonomy":"post_tag","embeddable":true,"href":"https:\/\/leregardlibre.com\/en\/wp-json\/wp\/v2\/tags?post=17898"}],"curies":[{"name":"wp","href":"https:\/\/api.w.org\/{rel}","templated":true}]}}