{"id":17979,"date":"2018-11-30T18:00:50","date_gmt":"2018-11-30T17:00:50","guid":{"rendered":"https:\/\/leregardlibre.com\/?p=17979"},"modified":"2026-02-08T21:27:25","modified_gmt":"2026-02-08T20:27:25","slug":"the-lago-lodge-a-seeland-mumument","status":"publish","type":"post","link":"https:\/\/leregardlibre.com\/en\/gastronomy\/the-lago-lodge-a-seeland-mumument\/","title":{"rendered":"The Lago Lodge, a Seeland monument"},"content":{"rendered":"<p><em>Fridays of the\u00a0<\/em><i>microbrewery - Max Moeschler<\/i><\/p>\n<p><strong>In Biel, on the shores of the lake of the same name, the Lago Lodge has established itself as a must-visit venue for beer lovers, but not only. By bringing together a youth hostel, restaurant and craft brewery under the same roof, the establishment has found the recipe for success it has enjoyed for almost twenty years.<\/strong><!--more--><\/p>\n<p>Ideally located on the shores of Lake Biel, close to the railway station, the town center and the busy port of Nidau, the Lago Lodge could hardly dream of a better location. Founded in 1999, it enjoys an ideal setting and is popular with an extremely diverse clientele. Indeed, while its reputation is built primarily around its famous beers (to which I'll return in a moment), its youth hostel attracts many tourists, both Swiss and foreign, as well as school classes. The restaurant offers excellent seasonal dishes and local produce.<\/p>\n<p>The brasserie, located just behind the bar and in full view of the public, has been the pride of the establishment since its inception. All year round, it offers its now classic German beers: blonde, brunette and the \u00absp\u00e9ciale\u00bb, a surprising hemp-flavored amber that has become one of the most popular beers in the world. <em>bestsellers<\/em> of the premises. Numerous special beers, all original and distinctive, punctuate the year. These include, among many others, \u00abl'abeille\u00bb, a popular honey-flavored blonde, \u00abla cascade\u00bb, an amber beer named after the highly aromatic hops used to create it, and \u00abginger\u00bb, with its strong ginger aroma. All beers are made from organic and local ingredients.<\/p>\n<p>Finally, its proximity to Biel's gymnasiums is certainly no stranger to the almost mythical status conferred on the establishment by many locals. Indeed, it was here that many of them first dipped their still hesitant lips in a beer (craft or otherwise). These hoppy escapades with their forbidden taste and sometimes tinged with excess are still engraved in many memories in the region, adding the inimitable taste of nostalgia to that of the coveted Lago Lodge beers.<\/p>\n<p><em>Write to the author: <a href=\"mailto:max.moeschler@leregardlibre.com\">max.moeschler@leregardlibre.com<\/a><\/em><\/p>\n<p>Photo credit: \u00a9 Lago Lodge<\/p>","protected":false},"excerpt":{"rendered":"<p>Les vendredis de la\u00a0microbrasserie &#8211; Max Moeschler A Bienne, au bord du lac du m\u00eame nom, le Lago Lodge s\u2019impose&#8230;<\/p>","protected":false},"author":100,"featured_media":17980,"comment_status":"open","ping_status":"open","sticky":false,"template":"","format":"standard","meta":{"_acf_changed":false,"footnotes":""},"categories":[42546],"tags":[2385984,241857,644358370,3079770,2821424,644340564,644340565,2846757,644340563],"class_list":["post-17979","post","type-post","status-publish","format-standard","has-post-thumbnail","hentry","category-gastronomie","tag-bienne","tag-biere","tag-biere-ambree","tag-biere-artisanale","tag-brasserie-artisanale","tag-lago","tag-lago-lodge","tag-microbrasserie","tag-nidau"],"acf":[],"yoast_head":"<!-- This site is optimized with the Yoast SEO Premium plugin v27.4 (Yoast SEO v27.4) - https:\/\/yoast.com\/product\/yoast-seo-premium-wordpress\/ -->\n<title>Le Lago Lodge, un monument seelandais<\/title>\n<meta name=\"robots\" content=\"index, follow, max-snippet:-1, max-image-preview:large, max-video-preview:-1\" \/>\n<link rel=\"canonical\" href=\"https:\/\/leregardlibre.com\/en\/gastronomy\/the-lago-lodge-a-seeland-mumument\/\" \/>\n<meta property=\"og:locale\" content=\"en_US\" \/>\n<meta property=\"og:type\" content=\"article\" \/>\n<meta property=\"og:title\" content=\"Le Lago Lodge, un monument seelandais\" \/>\n<meta property=\"og:description\" content=\"Les vendredis de la\u00a0microbrasserie - Max Moeschler A Bienne, au bord du lac du m\u00eame nom, le Lago Lodge s\u2019impose...\" \/>\n<meta property=\"og:url\" content=\"https:\/\/leregardlibre.com\/en\/gastronomy\/the-lago-lodge-a-seeland-mumument\/\" \/>\n<meta property=\"og:site_name\" content=\"Le Regard Libre\" \/>\n<meta property=\"article:publisher\" content=\"https:\/\/www.facebook.com\/leregardlibre\/\" \/>\n<meta property=\"article:published_time\" content=\"2018-11-30T17:00:50+00:00\" \/>\n<meta property=\"article:modified_time\" content=\"2026-02-08T20:27:25+00:00\" \/>\n<meta property=\"og:image\" content=\"https:\/\/leregardlibre.com\/wp-content\/uploads\/2018\/11\/dialodge03.jpg__1560x800_q85_crop-1_subsampling-2_upscale-1.jpg\" \/>\n\t<meta property=\"og:image:width\" content=\"1560\" \/>\n\t<meta property=\"og:image:height\" content=\"800\" \/>\n\t<meta property=\"og:image:type\" content=\"image\/jpeg\" \/>\n<meta name=\"author\" content=\"Max Moeschler\" \/>\n<meta name=\"twitter:card\" content=\"summary_large_image\" \/>\n<meta name=\"twitter:creator\" content=\"@LeRegardLibre\" \/>\n<meta name=\"twitter:site\" content=\"@LeRegardLibre\" \/>\n<meta name=\"twitter:label1\" content=\"Written by\" \/>\n\t<meta name=\"twitter:data1\" content=\"Max Moeschler\" \/>\n\t<meta name=\"twitter:label2\" content=\"Est. reading time\" \/>\n\t<meta name=\"twitter:data2\" content=\"2 minutes\" \/>\n<script type=\"application\/ld+json\" class=\"yoast-schema-graph\">{\"@context\":\"https:\\\/\\\/schema.org\",\"@graph\":[{\"@type\":\"Article\",\"@id\":\"https:\\\/\\\/leregardlibre.com\\\/gastronomie\\\/le-lago-lodge-un-momument-seelandais\\\/#article\",\"isPartOf\":{\"@id\":\"https:\\\/\\\/leregardlibre.com\\\/gastronomie\\\/le-lago-lodge-un-momument-seelandais\\\/\"},\"author\":{\"name\":\"Max Moeschler\",\"@id\":\"https:\\\/\\\/leregardlibre.com\\\/#\\\/schema\\\/person\\\/439e8d2dc64266e912da6f674b0b2c4b\"},\"headline\":\"Le Lago Lodge, un monument seelandais\",\"datePublished\":\"2018-11-30T17:00:50+00:00\",\"dateModified\":\"2026-02-08T20:27:25+00:00\",\"mainEntityOfPage\":{\"@id\":\"https:\\\/\\\/leregardlibre.com\\\/gastronomie\\\/le-lago-lodge-un-momument-seelandais\\\/\"},\"wordCount\":438,\"commentCount\":0,\"publisher\":{\"@id\":\"https:\\\/\\\/leregardlibre.com\\\/#organization\"},\"image\":{\"@id\":\"https:\\\/\\\/leregardlibre.com\\\/gastronomie\\\/le-lago-lodge-un-momument-seelandais\\\/#primaryimage\"},\"thumbnailUrl\":\"https:\\\/\\\/leregardlibre.com\\\/wp-content\\\/uploads\\\/2018\\\/11\\\/dialodge03.jpg__1560x800_q85_crop-1_subsampling-2_upscale-1.jpg\",\"keywords\":[\"Bienne\",\"Bi\u00e8re\",\"Bi\u00e8re ambr\u00e9e\",\"Bi\u00e8re artisanale\",\"Brasseries artisanales\",\"lago\",\"lago lodge\",\"Microbrasseries\",\"nidau\"],\"articleSection\":[\"Gastronomie\"],\"inLanguage\":\"en-US\",\"potentialAction\":[{\"@type\":\"CommentAction\",\"name\":\"Comment\",\"target\":[\"https:\\\/\\\/leregardlibre.com\\\/gastronomie\\\/le-lago-lodge-un-momument-seelandais\\\/#respond\"]}]},{\"@type\":\"WebPage\",\"@id\":\"https:\\\/\\\/leregardlibre.com\\\/gastronomie\\\/le-lago-lodge-un-momument-seelandais\\\/\",\"url\":\"https:\\\/\\\/leregardlibre.com\\\/gastronomie\\\/le-lago-lodge-un-momument-seelandais\\\/\",\"name\":\"Le Lago Lodge, un monument seelandais\",\"isPartOf\":{\"@id\":\"https:\\\/\\\/leregardlibre.com\\\/#website\"},\"primaryImageOfPage\":{\"@id\":\"https:\\\/\\\/leregardlibre.com\\\/gastronomie\\\/le-lago-lodge-un-momument-seelandais\\\/#primaryimage\"},\"image\":{\"@id\":\"https:\\\/\\\/leregardlibre.com\\\/gastronomie\\\/le-lago-lodge-un-momument-seelandais\\\/#primaryimage\"},\"thumbnailUrl\":\"https:\\\/\\\/leregardlibre.com\\\/wp-content\\\/uploads\\\/2018\\\/11\\\/dialodge03.jpg__1560x800_q85_crop-1_subsampling-2_upscale-1.jpg\",\"datePublished\":\"2018-11-30T17:00:50+00:00\",\"dateModified\":\"2026-02-08T20:27:25+00:00\",\"breadcrumb\":{\"@id\":\"https:\\\/\\\/leregardlibre.com\\\/gastronomie\\\/le-lago-lodge-un-momument-seelandais\\\/#breadcrumb\"},\"inLanguage\":\"en-US\",\"potentialAction\":[{\"@type\":\"ReadAction\",\"target\":[\"https:\\\/\\\/leregardlibre.com\\\/gastronomie\\\/le-lago-lodge-un-momument-seelandais\\\/\"]}]},{\"@type\":\"ImageObject\",\"inLanguage\":\"en-US\",\"@id\":\"https:\\\/\\\/leregardlibre.com\\\/gastronomie\\\/le-lago-lodge-un-momument-seelandais\\\/#primaryimage\",\"url\":\"https:\\\/\\\/leregardlibre.com\\\/wp-content\\\/uploads\\\/2018\\\/11\\\/dialodge03.jpg__1560x800_q85_crop-1_subsampling-2_upscale-1.jpg\",\"contentUrl\":\"https:\\\/\\\/leregardlibre.com\\\/wp-content\\\/uploads\\\/2018\\\/11\\\/dialodge03.jpg__1560x800_q85_crop-1_subsampling-2_upscale-1.jpg\",\"width\":1560,\"height\":800},{\"@type\":\"BreadcrumbList\",\"@id\":\"https:\\\/\\\/leregardlibre.com\\\/gastronomie\\\/le-lago-lodge-un-momument-seelandais\\\/#breadcrumb\",\"itemListElement\":[{\"@type\":\"ListItem\",\"position\":1,\"name\":\"Accueil\",\"item\":\"https:\\\/\\\/leregardlibre.com\\\/\"},{\"@type\":\"ListItem\",\"position\":2,\"name\":\"Le Lago Lodge, un monument seelandais\"}]},{\"@type\":\"WebSite\",\"@id\":\"https:\\\/\\\/leregardlibre.com\\\/#website\",\"url\":\"https:\\\/\\\/leregardlibre.com\\\/\",\"name\":\"Le Regard Libre\",\"description\":\"Premier mensuel suisse de d\u00e9bat\",\"publisher\":{\"@id\":\"https:\\\/\\\/leregardlibre.com\\\/#organization\"},\"potentialAction\":[{\"@type\":\"SearchAction\",\"target\":{\"@type\":\"EntryPoint\",\"urlTemplate\":\"https:\\\/\\\/leregardlibre.com\\\/?s={search_term_string}\"},\"query-input\":{\"@type\":\"PropertyValueSpecification\",\"valueRequired\":true,\"valueName\":\"search_term_string\"}}],\"inLanguage\":\"en-US\"},{\"@type\":\"Organization\",\"@id\":\"https:\\\/\\\/leregardlibre.com\\\/#organization\",\"name\":\"Le Regard Libre\",\"url\":\"https:\\\/\\\/leregardlibre.com\\\/\",\"logo\":{\"@type\":\"ImageObject\",\"inLanguage\":\"en-US\",\"@id\":\"https:\\\/\\\/leregardlibre.com\\\/#\\\/schema\\\/logo\\\/image\\\/\",\"url\":\"https:\\\/\\\/leregardlibre.com\\\/wp-content\\\/uploads\\\/2025\\\/08\\\/logo-rl-icone-neg.jpeg\",\"contentUrl\":\"https:\\\/\\\/leregardlibre.com\\\/wp-content\\\/uploads\\\/2025\\\/08\\\/logo-rl-icone-neg.jpeg\",\"width\":557,\"height\":556,\"caption\":\"Le Regard Libre\"},\"image\":{\"@id\":\"https:\\\/\\\/leregardlibre.com\\\/#\\\/schema\\\/logo\\\/image\\\/\"},\"sameAs\":[\"https:\\\/\\\/www.facebook.com\\\/leregardlibre\\\/\",\"https:\\\/\\\/x.com\\\/LeRegardLibre\",\"https:\\\/\\\/www.linkedin.com\\\/company\\\/le-regard-libre\",\"https:\\\/\\\/www.instagram.com\\\/leregardlibre\\\/\",\"http:\\\/\\\/t.me\\\/leregardlibre\",\"https:\\\/\\\/youtube.com\\\/channel\\\/UC6HzGPomj1LsUmlz-sJtITQ\"],\"description\":\"Le Regard Libre est un mensuel suisse de d\u00e9bat intellectuel et culturel. Sa r\u00e9daction est jeune, b\u00e9n\u00e9vole, lib\u00e9rale et pluraliste. Le magazine para\u00eet en ligne et sous forme papier. Sa langue est le fran\u00e7ais.\",\"email\":\"redaction@leregardlibre.com\",\"legalName\":\"Le Regard Libre\",\"foundingDate\":\"2014-01-01\",\"numberOfEmployees\":{\"@type\":\"QuantitativeValue\",\"minValue\":\"11\",\"maxValue\":\"50\"},\"publishingPrinciples\":\"https:\\\/\\\/leregardlibre.com\\\/a-propos\\\/notre-manifeste\\\/\",\"ownershipFundingInfo\":\"https:\\\/\\\/leregardlibre.com\\\/mentions-legales\\\/\",\"actionableFeedbackPolicy\":\"https:\\\/\\\/leregardlibre.com\\\/conditions-generales-de-vente\\\/\"},{\"@type\":\"Person\",\"@id\":\"https:\\\/\\\/leregardlibre.com\\\/#\\\/schema\\\/person\\\/439e8d2dc64266e912da6f674b0b2c4b\",\"name\":\"Max Moeschler\",\"image\":{\"@type\":\"ImageObject\",\"inLanguage\":\"en-US\",\"@id\":\"https:\\\/\\\/secure.gravatar.com\\\/avatar\\\/a68b78ce98e86136d3956bc6f17e4879a7897c9744bef17da17a56ef38a02555?s=96&d=identicon&r=g\",\"url\":\"https:\\\/\\\/secure.gravatar.com\\\/avatar\\\/a68b78ce98e86136d3956bc6f17e4879a7897c9744bef17da17a56ef38a02555?s=96&d=identicon&r=g\",\"contentUrl\":\"https:\\\/\\\/secure.gravatar.com\\\/avatar\\\/a68b78ce98e86136d3956bc6f17e4879a7897c9744bef17da17a56ef38a02555?s=96&d=identicon&r=g\",\"caption\":\"Max Moeschler\"},\"sameAs\":[\"https:\\\/\\\/leregardlibre.com\\\/\",\"https:\\\/\\\/fr.wikipedia.org\\\/wiki\\\/Le_Regard_libre\"],\"url\":\"https:\\\/\\\/leregardlibre.com\\\/en\\\/author\\\/max-moeschler\\\/\"}]}<\/script>\n<!-- \/ Yoast SEO Premium plugin. -->","yoast_head_json":{"title":"The Lago Lodge, a Seeland monument","robots":{"index":"index","follow":"follow","max-snippet":"max-snippet:-1","max-image-preview":"max-image-preview:large","max-video-preview":"max-video-preview:-1"},"canonical":"https:\/\/leregardlibre.com\/en\/gastronomy\/the-lago-lodge-a-seeland-mumument\/","og_locale":"en_US","og_type":"article","og_title":"Le Lago Lodge, un monument seelandais","og_description":"Les vendredis de la\u00a0microbrasserie - Max Moeschler A Bienne, au bord du lac du m\u00eame nom, le Lago Lodge s\u2019impose...","og_url":"https:\/\/leregardlibre.com\/en\/gastronomy\/the-lago-lodge-a-seeland-mumument\/","og_site_name":"Le Regard Libre","article_publisher":"https:\/\/www.facebook.com\/leregardlibre\/","article_published_time":"2018-11-30T17:00:50+00:00","article_modified_time":"2026-02-08T20:27:25+00:00","og_image":[{"width":1560,"height":800,"url":"https:\/\/leregardlibre.com\/wp-content\/uploads\/2018\/11\/dialodge03.jpg__1560x800_q85_crop-1_subsampling-2_upscale-1.jpg","type":"image\/jpeg"}],"author":"Max Moeschler","twitter_card":"summary_large_image","twitter_creator":"@LeRegardLibre","twitter_site":"@LeRegardLibre","twitter_misc":{"Written by":"Max Moeschler","Est. reading time":"2 minutes"},"schema":{"@context":"https:\/\/schema.org","@graph":[{"@type":"Article","@id":"https:\/\/leregardlibre.com\/gastronomie\/le-lago-lodge-un-momument-seelandais\/#article","isPartOf":{"@id":"https:\/\/leregardlibre.com\/gastronomie\/le-lago-lodge-un-momument-seelandais\/"},"author":{"name":"Max Moeschler","@id":"https:\/\/leregardlibre.com\/#\/schema\/person\/439e8d2dc64266e912da6f674b0b2c4b"},"headline":"Le Lago Lodge, un monument seelandais","datePublished":"2018-11-30T17:00:50+00:00","dateModified":"2026-02-08T20:27:25+00:00","mainEntityOfPage":{"@id":"https:\/\/leregardlibre.com\/gastronomie\/le-lago-lodge-un-momument-seelandais\/"},"wordCount":438,"commentCount":0,"publisher":{"@id":"https:\/\/leregardlibre.com\/#organization"},"image":{"@id":"https:\/\/leregardlibre.com\/gastronomie\/le-lago-lodge-un-momument-seelandais\/#primaryimage"},"thumbnailUrl":"https:\/\/leregardlibre.com\/wp-content\/uploads\/2018\/11\/dialodge03.jpg__1560x800_q85_crop-1_subsampling-2_upscale-1.jpg","keywords":["Bienne","Bi\u00e8re","Bi\u00e8re ambr\u00e9e","Bi\u00e8re artisanale","Brasseries artisanales","lago","lago lodge","Microbrasseries","nidau"],"articleSection":["Gastronomie"],"inLanguage":"en-US","potentialAction":[{"@type":"CommentAction","name":"Comment","target":["https:\/\/leregardlibre.com\/gastronomie\/le-lago-lodge-un-momument-seelandais\/#respond"]}]},{"@type":"WebPage","@id":"https:\/\/leregardlibre.com\/gastronomie\/le-lago-lodge-un-momument-seelandais\/","url":"https:\/\/leregardlibre.com\/gastronomie\/le-lago-lodge-un-momument-seelandais\/","name":"The Lago Lodge, a Seeland monument","isPartOf":{"@id":"https:\/\/leregardlibre.com\/#website"},"primaryImageOfPage":{"@id":"https:\/\/leregardlibre.com\/gastronomie\/le-lago-lodge-un-momument-seelandais\/#primaryimage"},"image":{"@id":"https:\/\/leregardlibre.com\/gastronomie\/le-lago-lodge-un-momument-seelandais\/#primaryimage"},"thumbnailUrl":"https:\/\/leregardlibre.com\/wp-content\/uploads\/2018\/11\/dialodge03.jpg__1560x800_q85_crop-1_subsampling-2_upscale-1.jpg","datePublished":"2018-11-30T17:00:50+00:00","dateModified":"2026-02-08T20:27:25+00:00","breadcrumb":{"@id":"https:\/\/leregardlibre.com\/gastronomie\/le-lago-lodge-un-momument-seelandais\/#breadcrumb"},"inLanguage":"en-US","potentialAction":[{"@type":"ReadAction","target":["https:\/\/leregardlibre.com\/gastronomie\/le-lago-lodge-un-momument-seelandais\/"]}]},{"@type":"ImageObject","inLanguage":"en-US","@id":"https:\/\/leregardlibre.com\/gastronomie\/le-lago-lodge-un-momument-seelandais\/#primaryimage","url":"https:\/\/leregardlibre.com\/wp-content\/uploads\/2018\/11\/dialodge03.jpg__1560x800_q85_crop-1_subsampling-2_upscale-1.jpg","contentUrl":"https:\/\/leregardlibre.com\/wp-content\/uploads\/2018\/11\/dialodge03.jpg__1560x800_q85_crop-1_subsampling-2_upscale-1.jpg","width":1560,"height":800},{"@type":"BreadcrumbList","@id":"https:\/\/leregardlibre.com\/gastronomie\/le-lago-lodge-un-momument-seelandais\/#breadcrumb","itemListElement":[{"@type":"ListItem","position":1,"name":"Accueil","item":"https:\/\/leregardlibre.com\/"},{"@type":"ListItem","position":2,"name":"Le Lago Lodge, un monument seelandais"}]},{"@type":"WebSite","@id":"https:\/\/leregardlibre.com\/#website","url":"https:\/\/leregardlibre.com\/","name":"Le Regard Libre","description":"Switzerland's first monthly debate magazine","publisher":{"@id":"https:\/\/leregardlibre.com\/#organization"},"potentialAction":[{"@type":"SearchAction","target":{"@type":"EntryPoint","urlTemplate":"https:\/\/leregardlibre.com\/?s={search_term_string}"},"query-input":{"@type":"PropertyValueSpecification","valueRequired":true,"valueName":"search_term_string"}}],"inLanguage":"en-US"},{"@type":"Organization","@id":"https:\/\/leregardlibre.com\/#organization","name":"Le Regard Libre","url":"https:\/\/leregardlibre.com\/","logo":{"@type":"ImageObject","inLanguage":"en-US","@id":"https:\/\/leregardlibre.com\/#\/schema\/logo\/image\/","url":"https:\/\/leregardlibre.com\/wp-content\/uploads\/2025\/08\/logo-rl-icone-neg.jpeg","contentUrl":"https:\/\/leregardlibre.com\/wp-content\/uploads\/2025\/08\/logo-rl-icone-neg.jpeg","width":557,"height":556,"caption":"Le Regard Libre"},"image":{"@id":"https:\/\/leregardlibre.com\/#\/schema\/logo\/image\/"},"sameAs":["https:\/\/www.facebook.com\/leregardlibre\/","https:\/\/x.com\/LeRegardLibre","https:\/\/www.linkedin.com\/company\/le-regard-libre","https:\/\/www.instagram.com\/leregardlibre\/","http:\/\/t.me\/leregardlibre","https:\/\/youtube.com\/channel\/UC6HzGPomj1LsUmlz-sJtITQ"],"description":"Le Regard Libre is a Swiss monthly magazine for intellectual and cultural debate. Its editorial team is young, voluntary, liberal and pluralist. The magazine appears online and in print. Its language is French.","email":"redaction@leregardlibre.com","legalName":"Le Regard Libre","foundingDate":"2014-01-01","numberOfEmployees":{"@type":"QuantitativeValue","minValue":"11","maxValue":"50"},"publishingPrinciples":"https:\/\/leregardlibre.com\/a-propos\/notre-manifeste\/","ownershipFundingInfo":"https:\/\/leregardlibre.com\/mentions-legales\/","actionableFeedbackPolicy":"https:\/\/leregardlibre.com\/conditions-generales-de-vente\/"},{"@type":"Person","@id":"https:\/\/leregardlibre.com\/#\/schema\/person\/439e8d2dc64266e912da6f674b0b2c4b","name":"Max Moeschler","image":{"@type":"ImageObject","inLanguage":"en-US","@id":"https:\/\/secure.gravatar.com\/avatar\/a68b78ce98e86136d3956bc6f17e4879a7897c9744bef17da17a56ef38a02555?s=96&d=identicon&r=g","url":"https:\/\/secure.gravatar.com\/avatar\/a68b78ce98e86136d3956bc6f17e4879a7897c9744bef17da17a56ef38a02555?s=96&d=identicon&r=g","contentUrl":"https:\/\/secure.gravatar.com\/avatar\/a68b78ce98e86136d3956bc6f17e4879a7897c9744bef17da17a56ef38a02555?s=96&d=identicon&r=g","caption":"Max Moeschler"},"sameAs":["https:\/\/leregardlibre.com\/","https:\/\/fr.wikipedia.org\/wiki\/Le_Regard_libre"],"url":"https:\/\/leregardlibre.com\/en\/author\/max-moeschler\/"}]}},"_links":{"self":[{"href":"https:\/\/leregardlibre.com\/en\/wp-json\/wp\/v2\/posts\/17979","targetHints":{"allow":["GET"]}}],"collection":[{"href":"https:\/\/leregardlibre.com\/en\/wp-json\/wp\/v2\/posts"}],"about":[{"href":"https:\/\/leregardlibre.com\/en\/wp-json\/wp\/v2\/types\/post"}],"author":[{"embeddable":true,"href":"https:\/\/leregardlibre.com\/en\/wp-json\/wp\/v2\/users\/100"}],"replies":[{"embeddable":true,"href":"https:\/\/leregardlibre.com\/en\/wp-json\/wp\/v2\/comments?post=17979"}],"version-history":[{"count":1,"href":"https:\/\/leregardlibre.com\/en\/wp-json\/wp\/v2\/posts\/17979\/revisions"}],"predecessor-version":[{"id":510221,"href":"https:\/\/leregardlibre.com\/en\/wp-json\/wp\/v2\/posts\/17979\/revisions\/510221"}],"wp:featuredmedia":[{"embeddable":true,"href":"https:\/\/leregardlibre.com\/en\/wp-json\/wp\/v2\/media\/17980"}],"wp:attachment":[{"href":"https:\/\/leregardlibre.com\/en\/wp-json\/wp\/v2\/media?parent=17979"}],"wp:term":[{"taxonomy":"category","embeddable":true,"href":"https:\/\/leregardlibre.com\/en\/wp-json\/wp\/v2\/categories?post=17979"},{"taxonomy":"post_tag","embeddable":true,"href":"https:\/\/leregardlibre.com\/en\/wp-json\/wp\/v2\/tags?post=17979"}],"curies":[{"name":"wp","href":"https:\/\/api.w.org\/{rel}","templated":true}]}}