{"id":18171,"date":"2018-12-12T09:05:13","date_gmt":"2018-12-12T08:05:13","guid":{"rendered":"https:\/\/leregardlibre.com\/?p=18171"},"modified":"2025-12-04T22:38:58","modified_gmt":"2025-12-04T21:38:58","slug":"los-fantasmas-del-caribe-ou-lidentite-parcellaire","status":"publish","type":"post","link":"https:\/\/leregardlibre.com\/en\/cinema\/films\/los-fantasmas-del-caribe-ou-lidentite-parcellaire\/","title":{"rendered":"\u00abLos Fantasmas Del Caribe\u00bb or fragmented identity"},"content":{"rendered":"<p><em>Cinema Wednesdays - Alexandre W\u00e4lti<\/em><\/p>\n\n\n\n<p>Le pass\u00e9 fait que le pr\u00e9sent est diff\u00e9rent. Quelque part entre deux temps verbaux, deux \u00e9poques, deux r\u00e9alit\u00e9s, l\u2019identit\u00e9 trouve malgr\u00e9 tout un fil fragile sur lequel progresser en \u00e9quilibriste.<br><\/p>\n\n\n\n<!--more-->\n\n\n\n<p>Il y a souvent un \u00e9trange d\u00e9calage entre ce que nous avons v\u00e9cu et ce que nous souhaitons vivre. Entre deux, parfois, comme dans le cas du documentariste Felipe Monroy, la n\u00e9cessit\u00e9 de revenir \u00e0 ses origines s\u2019impose malgr\u00e9 tout et cette d\u00e9marche d\u00e9bouche sur le surgissement progressif des fant\u00f4mes de l\u2019enfance.<\/p>\n\n\n\n<p><em>Los Fantasmas Del Caribe <\/em>est \u00e0 la fois l\u2019histoire intime d\u2019une famille \u00e9clat\u00e9e par la drogue et la violence tout comme le portrait d\u2019un Colombien, h\u00e9ritier des affrontements de son pays et d\u2019un homme tentant de recoller les morceaux.<\/p>\n\n\n\n<p>Tout commence simplement. Felipe Monroy revient sur le quotidien de sa m\u00e8re et sa force d\u2019avoir \u00e9lev\u00e9 deux enfants toute seule dans le contexte de la guerre des narcotrafiquants \u00e0 Bogota. Une femme qui les frappait sans explication. Une femme qui a perturb\u00e9 l\u2019\u00e9ducation de ses enfants sans s\u2019en rendre compte, peut-\u00eatre victime de la violence dans laquelle ils ont tous grandi ou en r\u00e9action \u00e0 l&#8217;abandon de la famille par le p\u00e8re.<\/p>\n\n\n\n<p>Le documentariste filme d\u2019abord sa m\u00e8re sur le chemin du travail. Il \u00e9voque rapidement l\u2019angoisse qui est li\u00e9e au fait d\u2019avoir grandi dans un pays o\u00f9, durant l\u2019enfance, Pablo Escobar a fait la loi dans les rues. Ce n\u2019est pas un film sur les narcos, m\u00eame l\u2019antith\u00e8se de la s\u00e9rie du m\u00eame nom; plut\u00f4t sur l\u2019influence qu&#8217;un contexte politique et social peut avoir sur le quotidien familial. C\u2019est le regard presque na\u00eff d\u2019un homme sur sa vie. Une d\u00e9marche qui, il faut l\u2019avouer, semble <em>a priori<\/em> banale et sans r\u00e9el int\u00e9r\u00eat puisque cette r\u00e9alit\u00e9 colombienne nous est tr\u00e8s lointaine. <\/p>\n\n\n\n<p>Toutefois, Felipe Monroy parvient \u00e0 rendre le cas particulier de sa famille plus universel qu\u2019il n\u2019y para\u00eet. Il identifie l\u2019humanit\u00e9 derri\u00e8re les erreurs de jeunesse et le pardon indispensable pour avancer dans une relation compliqu\u00e9e avec ses parents. Pardonner comme les FARC face au gouvernement et aux Colombiens.<br><\/p>\n\n\n\n<p>Une volont\u00e9 intime de recoller des morceaux qui ont \u00e9t\u00e9 \u00e9parpill\u00e9s par le destin, comme le diraient certains, ou par la vie, comme en seraient convaincus les autres. Cette exp\u00e9rience de revenir sur une p\u00e9riode r\u00e9volue pour tenter de reconstruire avec les parcelles d&#8217;\u00eatre que nous poss\u00e9dons, et plus sereinement qu&#8217;en temps de guerre.<br><\/p>\n\n\n\n<p><em>Write to the author : <a href=\"\/en\/alexandre.waelti@leregardlibre.com\/\">alexandre.waelti@leregardlibre.com<\/a><\/em><\/p>\n\n\n\n<p>Cr\u00e9dit photo: \u00a9 Adokfilms<\/p>\n\n\n\n<table class=\"wp-block-table\"><thead><tr><th>Los fantasmas del caribe<br><\/th><\/tr><\/thead><tbody><tr><td>Suisse, 2018<\/td><\/tr><tr><td><em>Production:<\/em> Felipe Monroy<br><\/td><\/tr><tr><td><em>Documentary<br><\/em><\/td><\/tr><tr><td><em>Production:<\/em> Adokfilms<br><\/td><\/tr><tr><td><em>Distribution:<\/em> Adokfilms<\/td><\/tr><tr><td><em>Duration:<\/em> 1h29<\/td><\/tr><tr><td><em>Output:<\/em><strong> December 5, 2018<\/strong><\/td><\/tr><\/tbody><\/table>\n\n\n\n<p><br><\/p>","protected":false},"excerpt":{"rendered":"<p>Les mercredis du cin\u00e9ma &#8211; Alexandre W\u00e4lti Le pass\u00e9 fait que le pr\u00e9sent est diff\u00e9rent. Quelque part entre deux temps&#8230;<\/p>","protected":false},"author":335,"featured_media":18172,"comment_status":"open","ping_status":"open","sticky":false,"template":"","format":"standard","meta":{"_acf_changed":false,"footnotes":""},"categories":[644355829],"tags":[644339562,21948,446782,11239,61091,548159],"class_list":["post-18171","post","type-post","status-publish","format-standard","has-post-thumbnail","hentry","category-films","tag-colombie","tag-documentaires","tag-drogue","tag-famille","tag-guerre","tag-pardon"],"acf":[],"yoast_head":"<!-- This site is optimized with the Yoast SEO Premium plugin v27.4 (Yoast SEO v27.4) - https:\/\/yoast.com\/product\/yoast-seo-premium-wordpress\/ -->\n<title>\u00abLos Fantasmas Del Caribe\u00bb ou l&#039;identit\u00e9 fragment\u00e9e<\/title>\n<meta name=\"robots\" content=\"index, follow, max-snippet:-1, max-image-preview:large, max-video-preview:-1\" \/>\n<link rel=\"canonical\" href=\"https:\/\/leregardlibre.com\/en\/cinema\/films\/los-fantasmas-del-caribe-ou-lidentite-parcellaire\/\" \/>\n<meta property=\"og:locale\" content=\"en_US\" \/>\n<meta property=\"og:type\" content=\"article\" \/>\n<meta property=\"og:title\" content=\"\u00abLos Fantasmas Del Caribe\u00bb ou l&#039;identit\u00e9 fragment\u00e9e\" \/>\n<meta property=\"og:description\" content=\"Les mercredis du cin\u00e9ma - Alexandre W\u00e4lti Le pass\u00e9 fait que le pr\u00e9sent est diff\u00e9rent. Quelque part entre deux temps...\" \/>\n<meta property=\"og:url\" content=\"https:\/\/leregardlibre.com\/en\/cinema\/films\/los-fantasmas-del-caribe-ou-lidentite-parcellaire\/\" \/>\n<meta property=\"og:site_name\" content=\"Le Regard Libre\" \/>\n<meta property=\"article:publisher\" content=\"https:\/\/www.facebook.com\/leregardlibre\/\" \/>\n<meta property=\"article:published_time\" content=\"2018-12-12T08:05:13+00:00\" \/>\n<meta property=\"article:modified_time\" content=\"2025-12-04T21:38:58+00:00\" \/>\n<meta property=\"og:image\" content=\"https:\/\/leregardlibre.com\/wp-content\/uploads\/2018\/12\/\u00a9-Adok-Films-2.jpg\" \/>\n\t<meta property=\"og:image:width\" content=\"1998\" \/>\n\t<meta property=\"og:image:height\" content=\"1080\" \/>\n\t<meta property=\"og:image:type\" content=\"image\/jpeg\" \/>\n<meta name=\"author\" content=\"Alexandre W\u00e4lti\" \/>\n<meta name=\"twitter:card\" content=\"summary_large_image\" \/>\n<meta name=\"twitter:creator\" content=\"@LeRegardLibre\" \/>\n<meta name=\"twitter:site\" content=\"@LeRegardLibre\" \/>\n<meta name=\"twitter:label1\" content=\"Written by\" \/>\n\t<meta name=\"twitter:data1\" content=\"Alexandre W\u00e4lti\" \/>\n\t<meta name=\"twitter:label2\" content=\"Est. reading time\" \/>\n\t<meta name=\"twitter:data2\" content=\"2 minutes\" \/>\n<script type=\"application\/ld+json\" class=\"yoast-schema-graph\">{\"@context\":\"https:\\\/\\\/schema.org\",\"@graph\":[{\"@type\":\"Article\",\"@id\":\"https:\\\/\\\/leregardlibre.com\\\/cinema\\\/films\\\/los-fantasmas-del-caribe-ou-lidentite-parcellaire\\\/#article\",\"isPartOf\":{\"@id\":\"https:\\\/\\\/leregardlibre.com\\\/cinema\\\/films\\\/los-fantasmas-del-caribe-ou-lidentite-parcellaire\\\/\"},\"author\":{\"name\":\"Alexandre W\u00e4lti\",\"@id\":\"https:\\\/\\\/leregardlibre.com\\\/#\\\/schema\\\/person\\\/634006bb230566361a27c65cfd0aaf24\"},\"headline\":\"\u00abLos Fantasmas Del Caribe\u00bb ou l&#8217;identit\u00e9 fragment\u00e9e\",\"datePublished\":\"2018-12-12T08:05:13+00:00\",\"dateModified\":\"2025-12-04T21:38:58+00:00\",\"mainEntityOfPage\":{\"@id\":\"https:\\\/\\\/leregardlibre.com\\\/cinema\\\/films\\\/los-fantasmas-del-caribe-ou-lidentite-parcellaire\\\/\"},\"wordCount\":504,\"commentCount\":0,\"publisher\":{\"@id\":\"https:\\\/\\\/leregardlibre.com\\\/#organization\"},\"image\":{\"@id\":\"https:\\\/\\\/leregardlibre.com\\\/cinema\\\/films\\\/los-fantasmas-del-caribe-ou-lidentite-parcellaire\\\/#primaryimage\"},\"thumbnailUrl\":\"https:\\\/\\\/leregardlibre.com\\\/wp-content\\\/uploads\\\/2018\\\/12\\\/\u00a9-Adok-Films-2.jpg\",\"keywords\":[\"Colombie\",\"Documentaire\",\"Drogue\",\"Famille\",\"Guerre\",\"Pardon\"],\"articleSection\":[\"Films\"],\"inLanguage\":\"en-US\",\"potentialAction\":[{\"@type\":\"CommentAction\",\"name\":\"Comment\",\"target\":[\"https:\\\/\\\/leregardlibre.com\\\/cinema\\\/films\\\/los-fantasmas-del-caribe-ou-lidentite-parcellaire\\\/#respond\"]}]},{\"@type\":\"WebPage\",\"@id\":\"https:\\\/\\\/leregardlibre.com\\\/cinema\\\/films\\\/los-fantasmas-del-caribe-ou-lidentite-parcellaire\\\/\",\"url\":\"https:\\\/\\\/leregardlibre.com\\\/cinema\\\/films\\\/los-fantasmas-del-caribe-ou-lidentite-parcellaire\\\/\",\"name\":\"\u00abLos Fantasmas Del Caribe\u00bb ou l'identit\u00e9 fragment\u00e9e\",\"isPartOf\":{\"@id\":\"https:\\\/\\\/leregardlibre.com\\\/#website\"},\"primaryImageOfPage\":{\"@id\":\"https:\\\/\\\/leregardlibre.com\\\/cinema\\\/films\\\/los-fantasmas-del-caribe-ou-lidentite-parcellaire\\\/#primaryimage\"},\"image\":{\"@id\":\"https:\\\/\\\/leregardlibre.com\\\/cinema\\\/films\\\/los-fantasmas-del-caribe-ou-lidentite-parcellaire\\\/#primaryimage\"},\"thumbnailUrl\":\"https:\\\/\\\/leregardlibre.com\\\/wp-content\\\/uploads\\\/2018\\\/12\\\/\u00a9-Adok-Films-2.jpg\",\"datePublished\":\"2018-12-12T08:05:13+00:00\",\"dateModified\":\"2025-12-04T21:38:58+00:00\",\"breadcrumb\":{\"@id\":\"https:\\\/\\\/leregardlibre.com\\\/cinema\\\/films\\\/los-fantasmas-del-caribe-ou-lidentite-parcellaire\\\/#breadcrumb\"},\"inLanguage\":\"en-US\",\"potentialAction\":[{\"@type\":\"ReadAction\",\"target\":[\"https:\\\/\\\/leregardlibre.com\\\/cinema\\\/films\\\/los-fantasmas-del-caribe-ou-lidentite-parcellaire\\\/\"]}]},{\"@type\":\"ImageObject\",\"inLanguage\":\"en-US\",\"@id\":\"https:\\\/\\\/leregardlibre.com\\\/cinema\\\/films\\\/los-fantasmas-del-caribe-ou-lidentite-parcellaire\\\/#primaryimage\",\"url\":\"https:\\\/\\\/leregardlibre.com\\\/wp-content\\\/uploads\\\/2018\\\/12\\\/\u00a9-Adok-Films-2.jpg\",\"contentUrl\":\"https:\\\/\\\/leregardlibre.com\\\/wp-content\\\/uploads\\\/2018\\\/12\\\/\u00a9-Adok-Films-2.jpg\",\"width\":1998,\"height\":1080},{\"@type\":\"BreadcrumbList\",\"@id\":\"https:\\\/\\\/leregardlibre.com\\\/cinema\\\/films\\\/los-fantasmas-del-caribe-ou-lidentite-parcellaire\\\/#breadcrumb\",\"itemListElement\":[{\"@type\":\"ListItem\",\"position\":1,\"name\":\"Accueil\",\"item\":\"https:\\\/\\\/leregardlibre.com\\\/\"},{\"@type\":\"ListItem\",\"position\":2,\"name\":\"\u00abLos Fantasmas Del Caribe\u00bb ou l&#8217;identit\u00e9 fragment\u00e9e\"}]},{\"@type\":\"WebSite\",\"@id\":\"https:\\\/\\\/leregardlibre.com\\\/#website\",\"url\":\"https:\\\/\\\/leregardlibre.com\\\/\",\"name\":\"Le Regard Libre\",\"description\":\"Premier mensuel suisse de d\u00e9bat\",\"publisher\":{\"@id\":\"https:\\\/\\\/leregardlibre.com\\\/#organization\"},\"potentialAction\":[{\"@type\":\"SearchAction\",\"target\":{\"@type\":\"EntryPoint\",\"urlTemplate\":\"https:\\\/\\\/leregardlibre.com\\\/?s={search_term_string}\"},\"query-input\":{\"@type\":\"PropertyValueSpecification\",\"valueRequired\":true,\"valueName\":\"search_term_string\"}}],\"inLanguage\":\"en-US\"},{\"@type\":\"Organization\",\"@id\":\"https:\\\/\\\/leregardlibre.com\\\/#organization\",\"name\":\"Le Regard Libre\",\"url\":\"https:\\\/\\\/leregardlibre.com\\\/\",\"logo\":{\"@type\":\"ImageObject\",\"inLanguage\":\"en-US\",\"@id\":\"https:\\\/\\\/leregardlibre.com\\\/#\\\/schema\\\/logo\\\/image\\\/\",\"url\":\"https:\\\/\\\/leregardlibre.com\\\/wp-content\\\/uploads\\\/2025\\\/08\\\/logo-rl-icone-neg.jpeg\",\"contentUrl\":\"https:\\\/\\\/leregardlibre.com\\\/wp-content\\\/uploads\\\/2025\\\/08\\\/logo-rl-icone-neg.jpeg\",\"width\":557,\"height\":556,\"caption\":\"Le Regard Libre\"},\"image\":{\"@id\":\"https:\\\/\\\/leregardlibre.com\\\/#\\\/schema\\\/logo\\\/image\\\/\"},\"sameAs\":[\"https:\\\/\\\/www.facebook.com\\\/leregardlibre\\\/\",\"https:\\\/\\\/x.com\\\/LeRegardLibre\",\"https:\\\/\\\/www.linkedin.com\\\/company\\\/le-regard-libre\",\"https:\\\/\\\/www.instagram.com\\\/leregardlibre\\\/\",\"http:\\\/\\\/t.me\\\/leregardlibre\",\"https:\\\/\\\/youtube.com\\\/channel\\\/UC6HzGPomj1LsUmlz-sJtITQ\"],\"description\":\"Le Regard Libre est un mensuel suisse de d\u00e9bat intellectuel et culturel. Sa r\u00e9daction est jeune, b\u00e9n\u00e9vole, lib\u00e9rale et pluraliste. Le magazine para\u00eet en ligne et sous forme papier. Sa langue est le fran\u00e7ais.\",\"email\":\"redaction@leregardlibre.com\",\"legalName\":\"Le Regard Libre\",\"foundingDate\":\"2014-01-01\",\"numberOfEmployees\":{\"@type\":\"QuantitativeValue\",\"minValue\":\"11\",\"maxValue\":\"50\"},\"publishingPrinciples\":\"https:\\\/\\\/leregardlibre.com\\\/a-propos\\\/notre-manifeste\\\/\",\"ownershipFundingInfo\":\"https:\\\/\\\/leregardlibre.com\\\/mentions-legales\\\/\",\"actionableFeedbackPolicy\":\"https:\\\/\\\/leregardlibre.com\\\/conditions-generales-de-vente\\\/\"},{\"@type\":\"Person\",\"@id\":\"https:\\\/\\\/leregardlibre.com\\\/#\\\/schema\\\/person\\\/634006bb230566361a27c65cfd0aaf24\",\"name\":\"Alexandre W\u00e4lti\",\"image\":{\"@type\":\"ImageObject\",\"inLanguage\":\"en-US\",\"@id\":\"https:\\\/\\\/secure.gravatar.com\\\/avatar\\\/f7336d62d9c120955b2d7027964ca5a2e0245c0903661056e2e625d561f30fef?s=96&d=identicon&r=g\",\"url\":\"https:\\\/\\\/secure.gravatar.com\\\/avatar\\\/f7336d62d9c120955b2d7027964ca5a2e0245c0903661056e2e625d561f30fef?s=96&d=identicon&r=g\",\"contentUrl\":\"https:\\\/\\\/secure.gravatar.com\\\/avatar\\\/f7336d62d9c120955b2d7027964ca5a2e0245c0903661056e2e625d561f30fef?s=96&d=identicon&r=g\",\"caption\":\"Alexandre W\u00e4lti\"},\"sameAs\":[\"https:\\\/\\\/leregardlibre.com\\\/\"],\"url\":\"https:\\\/\\\/leregardlibre.com\\\/en\\\/author\\\/alexandre-waelti\\\/\"}]}<\/script>\n<!-- \/ Yoast SEO Premium plugin. -->","yoast_head_json":{"title":"\u00abLos Fantasmas Del Caribe\u00bb ou l'identit\u00e9 fragment\u00e9e","robots":{"index":"index","follow":"follow","max-snippet":"max-snippet:-1","max-image-preview":"max-image-preview:large","max-video-preview":"max-video-preview:-1"},"canonical":"https:\/\/leregardlibre.com\/en\/cinema\/films\/los-fantasmas-del-caribe-ou-lidentite-parcellaire\/","og_locale":"en_US","og_type":"article","og_title":"\u00abLos Fantasmas Del Caribe\u00bb ou l'identit\u00e9 fragment\u00e9e","og_description":"Les mercredis du cin\u00e9ma - Alexandre W\u00e4lti Le pass\u00e9 fait que le pr\u00e9sent est diff\u00e9rent. Quelque part entre deux temps...","og_url":"https:\/\/leregardlibre.com\/en\/cinema\/films\/los-fantasmas-del-caribe-ou-lidentite-parcellaire\/","og_site_name":"Le Regard Libre","article_publisher":"https:\/\/www.facebook.com\/leregardlibre\/","article_published_time":"2018-12-12T08:05:13+00:00","article_modified_time":"2025-12-04T21:38:58+00:00","og_image":[{"width":1998,"height":1080,"url":"https:\/\/leregardlibre.com\/wp-content\/uploads\/2018\/12\/\u00a9-Adok-Films-2.jpg","type":"image\/jpeg"}],"author":"Alexandre W\u00e4lti","twitter_card":"summary_large_image","twitter_creator":"@LeRegardLibre","twitter_site":"@LeRegardLibre","twitter_misc":{"Written by":"Alexandre W\u00e4lti","Est. reading time":"2 minutes"},"schema":{"@context":"https:\/\/schema.org","@graph":[{"@type":"Article","@id":"https:\/\/leregardlibre.com\/cinema\/films\/los-fantasmas-del-caribe-ou-lidentite-parcellaire\/#article","isPartOf":{"@id":"https:\/\/leregardlibre.com\/cinema\/films\/los-fantasmas-del-caribe-ou-lidentite-parcellaire\/"},"author":{"name":"Alexandre W\u00e4lti","@id":"https:\/\/leregardlibre.com\/#\/schema\/person\/634006bb230566361a27c65cfd0aaf24"},"headline":"\u00abLos Fantasmas Del Caribe\u00bb ou l&#8217;identit\u00e9 fragment\u00e9e","datePublished":"2018-12-12T08:05:13+00:00","dateModified":"2025-12-04T21:38:58+00:00","mainEntityOfPage":{"@id":"https:\/\/leregardlibre.com\/cinema\/films\/los-fantasmas-del-caribe-ou-lidentite-parcellaire\/"},"wordCount":504,"commentCount":0,"publisher":{"@id":"https:\/\/leregardlibre.com\/#organization"},"image":{"@id":"https:\/\/leregardlibre.com\/cinema\/films\/los-fantasmas-del-caribe-ou-lidentite-parcellaire\/#primaryimage"},"thumbnailUrl":"https:\/\/leregardlibre.com\/wp-content\/uploads\/2018\/12\/\u00a9-Adok-Films-2.jpg","keywords":["Colombie","Documentaire","Drogue","Famille","Guerre","Pardon"],"articleSection":["Films"],"inLanguage":"en-US","potentialAction":[{"@type":"CommentAction","name":"Comment","target":["https:\/\/leregardlibre.com\/cinema\/films\/los-fantasmas-del-caribe-ou-lidentite-parcellaire\/#respond"]}]},{"@type":"WebPage","@id":"https:\/\/leregardlibre.com\/cinema\/films\/los-fantasmas-del-caribe-ou-lidentite-parcellaire\/","url":"https:\/\/leregardlibre.com\/cinema\/films\/los-fantasmas-del-caribe-ou-lidentite-parcellaire\/","name":"\u00abLos Fantasmas Del Caribe\u00bb ou l'identit\u00e9 fragment\u00e9e","isPartOf":{"@id":"https:\/\/leregardlibre.com\/#website"},"primaryImageOfPage":{"@id":"https:\/\/leregardlibre.com\/cinema\/films\/los-fantasmas-del-caribe-ou-lidentite-parcellaire\/#primaryimage"},"image":{"@id":"https:\/\/leregardlibre.com\/cinema\/films\/los-fantasmas-del-caribe-ou-lidentite-parcellaire\/#primaryimage"},"thumbnailUrl":"https:\/\/leregardlibre.com\/wp-content\/uploads\/2018\/12\/\u00a9-Adok-Films-2.jpg","datePublished":"2018-12-12T08:05:13+00:00","dateModified":"2025-12-04T21:38:58+00:00","breadcrumb":{"@id":"https:\/\/leregardlibre.com\/cinema\/films\/los-fantasmas-del-caribe-ou-lidentite-parcellaire\/#breadcrumb"},"inLanguage":"en-US","potentialAction":[{"@type":"ReadAction","target":["https:\/\/leregardlibre.com\/cinema\/films\/los-fantasmas-del-caribe-ou-lidentite-parcellaire\/"]}]},{"@type":"ImageObject","inLanguage":"en-US","@id":"https:\/\/leregardlibre.com\/cinema\/films\/los-fantasmas-del-caribe-ou-lidentite-parcellaire\/#primaryimage","url":"https:\/\/leregardlibre.com\/wp-content\/uploads\/2018\/12\/\u00a9-Adok-Films-2.jpg","contentUrl":"https:\/\/leregardlibre.com\/wp-content\/uploads\/2018\/12\/\u00a9-Adok-Films-2.jpg","width":1998,"height":1080},{"@type":"BreadcrumbList","@id":"https:\/\/leregardlibre.com\/cinema\/films\/los-fantasmas-del-caribe-ou-lidentite-parcellaire\/#breadcrumb","itemListElement":[{"@type":"ListItem","position":1,"name":"Accueil","item":"https:\/\/leregardlibre.com\/"},{"@type":"ListItem","position":2,"name":"\u00abLos Fantasmas Del Caribe\u00bb ou l&#8217;identit\u00e9 fragment\u00e9e"}]},{"@type":"WebSite","@id":"https:\/\/leregardlibre.com\/#website","url":"https:\/\/leregardlibre.com\/","name":"Le Regard Libre","description":"Switzerland's first monthly debate magazine","publisher":{"@id":"https:\/\/leregardlibre.com\/#organization"},"potentialAction":[{"@type":"SearchAction","target":{"@type":"EntryPoint","urlTemplate":"https:\/\/leregardlibre.com\/?s={search_term_string}"},"query-input":{"@type":"PropertyValueSpecification","valueRequired":true,"valueName":"search_term_string"}}],"inLanguage":"en-US"},{"@type":"Organization","@id":"https:\/\/leregardlibre.com\/#organization","name":"Le Regard Libre","url":"https:\/\/leregardlibre.com\/","logo":{"@type":"ImageObject","inLanguage":"en-US","@id":"https:\/\/leregardlibre.com\/#\/schema\/logo\/image\/","url":"https:\/\/leregardlibre.com\/wp-content\/uploads\/2025\/08\/logo-rl-icone-neg.jpeg","contentUrl":"https:\/\/leregardlibre.com\/wp-content\/uploads\/2025\/08\/logo-rl-icone-neg.jpeg","width":557,"height":556,"caption":"Le Regard Libre"},"image":{"@id":"https:\/\/leregardlibre.com\/#\/schema\/logo\/image\/"},"sameAs":["https:\/\/www.facebook.com\/leregardlibre\/","https:\/\/x.com\/LeRegardLibre","https:\/\/www.linkedin.com\/company\/le-regard-libre","https:\/\/www.instagram.com\/leregardlibre\/","http:\/\/t.me\/leregardlibre","https:\/\/youtube.com\/channel\/UC6HzGPomj1LsUmlz-sJtITQ"],"description":"Le Regard Libre is a Swiss monthly magazine for intellectual and cultural debate. Its editorial team is young, voluntary, liberal and pluralist. The magazine appears online and in print. Its language is French.","email":"redaction@leregardlibre.com","legalName":"Le Regard Libre","foundingDate":"2014-01-01","numberOfEmployees":{"@type":"QuantitativeValue","minValue":"11","maxValue":"50"},"publishingPrinciples":"https:\/\/leregardlibre.com\/a-propos\/notre-manifeste\/","ownershipFundingInfo":"https:\/\/leregardlibre.com\/mentions-legales\/","actionableFeedbackPolicy":"https:\/\/leregardlibre.com\/conditions-generales-de-vente\/"},{"@type":"Person","@id":"https:\/\/leregardlibre.com\/#\/schema\/person\/634006bb230566361a27c65cfd0aaf24","name":"Alexandre W\u00e4lti","image":{"@type":"ImageObject","inLanguage":"en-US","@id":"https:\/\/secure.gravatar.com\/avatar\/f7336d62d9c120955b2d7027964ca5a2e0245c0903661056e2e625d561f30fef?s=96&d=identicon&r=g","url":"https:\/\/secure.gravatar.com\/avatar\/f7336d62d9c120955b2d7027964ca5a2e0245c0903661056e2e625d561f30fef?s=96&d=identicon&r=g","contentUrl":"https:\/\/secure.gravatar.com\/avatar\/f7336d62d9c120955b2d7027964ca5a2e0245c0903661056e2e625d561f30fef?s=96&d=identicon&r=g","caption":"Alexandre W\u00e4lti"},"sameAs":["https:\/\/leregardlibre.com\/"],"url":"https:\/\/leregardlibre.com\/en\/author\/alexandre-waelti\/"}]}},"_links":{"self":[{"href":"https:\/\/leregardlibre.com\/en\/wp-json\/wp\/v2\/posts\/18171","targetHints":{"allow":["GET"]}}],"collection":[{"href":"https:\/\/leregardlibre.com\/en\/wp-json\/wp\/v2\/posts"}],"about":[{"href":"https:\/\/leregardlibre.com\/en\/wp-json\/wp\/v2\/types\/post"}],"author":[{"embeddable":true,"href":"https:\/\/leregardlibre.com\/en\/wp-json\/wp\/v2\/users\/335"}],"replies":[{"embeddable":true,"href":"https:\/\/leregardlibre.com\/en\/wp-json\/wp\/v2\/comments?post=18171"}],"version-history":[{"count":1,"href":"https:\/\/leregardlibre.com\/en\/wp-json\/wp\/v2\/posts\/18171\/revisions"}],"predecessor-version":[{"id":510241,"href":"https:\/\/leregardlibre.com\/en\/wp-json\/wp\/v2\/posts\/18171\/revisions\/510241"}],"wp:featuredmedia":[{"embeddable":true,"href":"https:\/\/leregardlibre.com\/en\/wp-json\/wp\/v2\/media\/18172"}],"wp:attachment":[{"href":"https:\/\/leregardlibre.com\/en\/wp-json\/wp\/v2\/media?parent=18171"}],"wp:term":[{"taxonomy":"category","embeddable":true,"href":"https:\/\/leregardlibre.com\/en\/wp-json\/wp\/v2\/categories?post=18171"},{"taxonomy":"post_tag","embeddable":true,"href":"https:\/\/leregardlibre.com\/en\/wp-json\/wp\/v2\/tags?post=18171"}],"curies":[{"name":"wp","href":"https:\/\/api.w.org\/{rel}","templated":true}]}}