{"id":18302,"date":"2018-12-17T20:00:50","date_gmt":"2018-12-17T19:00:50","guid":{"rendered":"https:\/\/leregardlibre.com\/?p=18302"},"modified":"2025-12-13T23:00:49","modified_gmt":"2025-12-13T22:00:49","slug":"and-if-employees-revolted","status":"publish","type":"post","link":"https:\/\/leregardlibre.com\/en\/economy\/and-if-employees-revolted\/","title":{"rendered":"\u00abWhat if employees revolted?\u00bb"},"content":{"rendered":"<p><em>News Mondays - J\u00e9r\u00e9mie Bongiovanni<\/em><\/p>\n\n\n\n<p><strong>Last spring, Patrick Artus and Marie-Paule Virard published a book entitled&nbsp;<em>What if employees revolted?.&nbsp;<\/em>The authors' analysis of the forgotten class occupying the streets of France in recent weeks is disturbingly topical, and shows that their discontent is not just a passing uprising, but has deep roots. Diagnosis of a worrying situation.&nbsp;<\/strong><\/p>\n\n\n\n<!--more Lire la suite ...-->\n\n\n\n<p><strong>From bad to worse<\/strong><\/p>\n\n\n\n<p>The authors paint a bleak picture of the current situation. They note that incomes stagnated for 70% of households in developed countries between 2005 and 2014, while property prices rose. Industrial jobs have disappeared and been replaced by low-skilled jobs. The changing labor market, for its part, has driven 17% of unskilled and low-skilled workers into unemployment. Last but not least, the mediocrity of the French education system does not give cause for hope. In the PIRLS 2016 assessment, which measures the mathematical skills of fifty countries around the world, French CM1 pupils - aged between eight and ten - came in thirty-fifth, which is worrying for the world's tenth-largest economy.<\/p>\n\n\n\n<p><strong>Unfair distribution of risk<\/strong><\/p>\n\n\n\n<p>The first phenomenon described by the authors is the evolution of salaried employment in recent years. In theory, the employee should benefit from a fixed income, while the shareholder should assume the company's risks and therefore have a variable income - in the form of dividends. The authors note, however, that in recent years, the risk has been borne by employees, who have seen their incomes put under pressure, while shareholders, bearing less risk, have benefited from abnormally high rents. The importance of a flexible labor market, and therefore of a share of risk for employees, is emphasized in the book. What the authors regret is the asymmetry that accompanies it. They raise an interesting point here, given that a more flexible, and therefore riskier, labor market should, according to a fundamental principle of the market economy, be accompanied by remuneration for this risk.&nbsp;<\/p>\n\n\n\n<p><strong>The \u00abbipolarization\u00bb of the job market<\/strong><\/p>\n\n\n\n<p>A second fundamental trend analyzed in the book is the changing structure of jobs on the labor market. According to the authors, this change is leading to the disappearance of many industrial jobs and the emergence of low-skilled service jobs. On the basis of this observation, they question Schumpeter's theory of \u00abcreative destruction\u00bb, since according to this theory, activities destined to disappear should be transformed into more productive activities.&nbsp;<\/p>\n\n\n\n<p>Nevertheless, we remain sceptical on this point. It is indeed a worrying question to know how and when the jobs destroyed today will be replaced. The idea of the end of work is unfounded nonsense (see also:&nbsp;<em><a href=\"https:\/\/leregardlibre.com\/en\/2018\/06\/23\/a-full-employment-society-is-essential\/#more-15848\">A full employment society is essential<\/a><\/em>). However, it would be equally foolish to deny that this development will have repercussions in the short to medium term. The jobs destroyed can be recreated elsewhere or in other sectors, making immediate adjustments impossible. As a result, periods of friction to allow this transition to take place seem, like the anxieties that accompany them, inevitable. The theory of \u00abcreative destruction\u00bb is therefore not wrong, but should be observed over the long term.<\/p>\n\n\n\n<p>More worrying is the observation that the labor market is characterized by a gulf between the most sophisticated jobs, particularly in the technology sector, and the least sophisticated, such as in distribution. This \u00abbipolarization\u00bb of the market raises real questions about the future of these low-skilled classes, who risk being marginalized and condemned to poverty.  What's more, this concentration of jobs at the extremes of the spectrum will increase with the automation of many intermediate jobs.<\/p>\n\n\n\n<p><strong>Solutions<\/strong><\/p>\n\n\n\n<p>Although less convincing in its proposed answers, the book has the merit of developing hitherto little-used theses, and of raising awareness of this deleterious economic and - if not above all - social evolution. Faced with a phenomenon of this magnitude, we need to be able to take substantive measures and tackle this challenge head-on, without giving in to patronizing measures. The solutions lie in a long-term vision, encouraging work, mobility and above all training to enable these strata, trapped in their precariousness, to take their destiny into their own hands.<\/p>\n\n\n\n<p>In the case of the \u00abgilets jaunes\u00bb, although his position is incredibly complex, Emmanuel Macron's address to the nation will have been disappointing. All he offered was a sticking plaster, a toxic plaster, for a much deeper evil. However, the crowd that had cast its opprobrium on the State, wailing like a toddler, calmed down as soon as a bottle - sweet but short-lived - was given to it. The protest movement will probably continue to lose steam over the coming weeks, but we definitely need to take a closer look at the diagnosis of this middle class before we find ourselves performing an autopsy on it in a few years' time.<\/p>\n\n\n\n<p><em>Write to the author: <a","protected":false},"excerpt":{"rendered":"<p>Les lundis de l&#8217;actualit\u00e9 \u2013 J\u00e9r\u00e9mie Bongiovanni Au printemps dernier paraissait l\u2019ouvrage de Patrick Artus et Marie-Paule Virard intitul\u00e9&nbsp;Et si&#8230;<\/p>","protected":false},"author":334,"featured_media":18304,"comment_status":"open","ping_status":"open","sticky":false,"template":"","format":"standard","meta":{"_acf_changed":false,"footnotes":""},"categories":[27371],"tags":[17849,2278721,74619484,644340666,644340668,644340667,644340665],"class_list":["post-18302","post","type-post","status-publish","format-standard","has-post-thumbnail","hentry","category-economie","tag-chomage","tag-classe-moyenne","tag-emmanuel-macron","tag-gilets-jaunes","tag-marie-paule-virard","tag-patrick-artus","tag-salariat"],"acf":[],"yoast_head":"<!-- This site is optimized with the Yoast SEO Premium plugin v27.4 (Yoast SEO v27.4) - https:\/\/yoast.com\/product\/yoast-seo-premium-wordpress\/ -->\n<title>\u00abEt si les salari\u00e9s se r\u00e9voltaient?\u00bb<\/title>\n<meta name=\"robots\" content=\"index, follow, max-snippet:-1, max-image-preview:large, max-video-preview:-1\" \/>\n<link rel=\"canonical\" href=\"https:\/\/leregardlibre.com\/en\/economy\/and-if-employees-revolted\/\" \/>\n<meta property=\"og:locale\" content=\"en_US\" \/>\n<meta property=\"og:type\" content=\"article\" \/>\n<meta property=\"og:title\" content=\"\u00abEt si les salari\u00e9s se r\u00e9voltaient?\u00bb\" \/>\n<meta property=\"og:description\" content=\"Les lundis de l&#039;actualit\u00e9 \u2013 J\u00e9r\u00e9mie Bongiovanni Au printemps dernier paraissait l\u2019ouvrage de Patrick Artus et Marie-Paule Virard intitul\u00e9&nbsp;Et si...\" \/>\n<meta property=\"og:url\" content=\"https:\/\/leregardlibre.com\/en\/economy\/and-if-employees-revolted\/\" \/>\n<meta property=\"og:site_name\" content=\"Le Regard Libre\" \/>\n<meta property=\"article:publisher\" content=\"https:\/\/www.facebook.com\/leregardlibre\/\" \/>\n<meta property=\"article:published_time\" content=\"2018-12-17T19:00:50+00:00\" \/>\n<meta property=\"article:modified_time\" content=\"2025-12-13T22:00:49+00:00\" \/>\n<meta property=\"og:image\" content=\"https:\/\/leregardlibre.com\/wp-content\/uploads\/2018\/12\/2018-12-01_14-36-04_manif-GJ-Belfort-1024x499.jpg\" \/>\n\t<meta property=\"og:image:width\" content=\"1024\" \/>\n\t<meta property=\"og:image:height\" content=\"499\" \/>\n\t<meta property=\"og:image:type\" content=\"image\/jpeg\" \/>\n<meta name=\"author\" content=\"J\u00e9r\u00e9mie Bongiovanni\" \/>\n<meta name=\"twitter:card\" content=\"summary_large_image\" \/>\n<meta name=\"twitter:creator\" content=\"@LeRegardLibre\" \/>\n<meta name=\"twitter:site\" content=\"@LeRegardLibre\" \/>\n<meta name=\"twitter:label1\" content=\"Written by\" \/>\n\t<meta name=\"twitter:data1\" content=\"J\u00e9r\u00e9mie Bongiovanni\" \/>\n\t<meta name=\"twitter:label2\" content=\"Est. reading time\" \/>\n\t<meta name=\"twitter:data2\" content=\"5 minutes\" \/>\n<script type=\"application\/ld+json\" class=\"yoast-schema-graph\">{\"@context\":\"https:\\\/\\\/schema.org\",\"@graph\":[{\"@type\":\"Article\",\"@id\":\"https:\\\/\\\/leregardlibre.com\\\/economie\\\/et-si-les-salaries-se-revoltaient\\\/#article\",\"isPartOf\":{\"@id\":\"https:\\\/\\\/leregardlibre.com\\\/economie\\\/et-si-les-salaries-se-revoltaient\\\/\"},\"author\":{\"name\":\"J\u00e9r\u00e9mie Bongiovanni\",\"@id\":\"https:\\\/\\\/leregardlibre.com\\\/#\\\/schema\\\/person\\\/f3e6319b17f74b61ee1cbeab93efd96b\"},\"headline\":\"\u00abEt si les salari\u00e9s se r\u00e9voltaient?\u00bb\",\"datePublished\":\"2018-12-17T19:00:50+00:00\",\"dateModified\":\"2025-12-13T22:00:49+00:00\",\"mainEntityOfPage\":{\"@id\":\"https:\\\/\\\/leregardlibre.com\\\/economie\\\/et-si-les-salaries-se-revoltaient\\\/\"},\"wordCount\":1005,\"commentCount\":0,\"publisher\":{\"@id\":\"https:\\\/\\\/leregardlibre.com\\\/#organization\"},\"image\":{\"@id\":\"https:\\\/\\\/leregardlibre.com\\\/economie\\\/et-si-les-salaries-se-revoltaient\\\/#primaryimage\"},\"thumbnailUrl\":\"https:\\\/\\\/leregardlibre.com\\\/wp-content\\\/uploads\\\/2018\\\/12\\\/2018-12-01_14-36-04_manif-GJ-Belfort-scaled.jpg\",\"keywords\":[\"Ch\u00f4mage\",\"Classe moyenne\",\"Emmanuel Macron\",\"Gilets jaunes\",\"marie-paule virard\",\"patrick artus\",\"salariat\"],\"articleSection\":[\"Economie\"],\"inLanguage\":\"en-US\",\"potentialAction\":[{\"@type\":\"CommentAction\",\"name\":\"Comment\",\"target\":[\"https:\\\/\\\/leregardlibre.com\\\/economie\\\/et-si-les-salaries-se-revoltaient\\\/#respond\"]}]},{\"@type\":\"WebPage\",\"@id\":\"https:\\\/\\\/leregardlibre.com\\\/economie\\\/et-si-les-salaries-se-revoltaient\\\/\",\"url\":\"https:\\\/\\\/leregardlibre.com\\\/economie\\\/et-si-les-salaries-se-revoltaient\\\/\",\"name\":\"\u00abEt si les salari\u00e9s se r\u00e9voltaient?\u00bb\",\"isPartOf\":{\"@id\":\"https:\\\/\\\/leregardlibre.com\\\/#website\"},\"primaryImageOfPage\":{\"@id\":\"https:\\\/\\\/leregardlibre.com\\\/economie\\\/et-si-les-salaries-se-revoltaient\\\/#primaryimage\"},\"image\":{\"@id\":\"https:\\\/\\\/leregardlibre.com\\\/economie\\\/et-si-les-salaries-se-revoltaient\\\/#primaryimage\"},\"thumbnailUrl\":\"https:\\\/\\\/leregardlibre.com\\\/wp-content\\\/uploads\\\/2018\\\/12\\\/2018-12-01_14-36-04_manif-GJ-Belfort-scaled.jpg\",\"datePublished\":\"2018-12-17T19:00:50+00:00\",\"dateModified\":\"2025-12-13T22:00:49+00:00\",\"breadcrumb\":{\"@id\":\"https:\\\/\\\/leregardlibre.com\\\/economie\\\/et-si-les-salaries-se-revoltaient\\\/#breadcrumb\"},\"inLanguage\":\"en-US\",\"potentialAction\":[{\"@type\":\"ReadAction\",\"target\":[\"https:\\\/\\\/leregardlibre.com\\\/economie\\\/et-si-les-salaries-se-revoltaient\\\/\"]}]},{\"@type\":\"ImageObject\",\"inLanguage\":\"en-US\",\"@id\":\"https:\\\/\\\/leregardlibre.com\\\/economie\\\/et-si-les-salaries-se-revoltaient\\\/#primaryimage\",\"url\":\"https:\\\/\\\/leregardlibre.com\\\/wp-content\\\/uploads\\\/2018\\\/12\\\/2018-12-01_14-36-04_manif-GJ-Belfort-scaled.jpg\",\"contentUrl\":\"https:\\\/\\\/leregardlibre.com\\\/wp-content\\\/uploads\\\/2018\\\/12\\\/2018-12-01_14-36-04_manif-GJ-Belfort-scaled.jpg\",\"width\":5265,\"height\":2564,\"caption\":\"Manifestation du mouvement des gilets jaunes, \u00e0 Belfort, le 01 d\u00e9cembre 2018.\"},{\"@type\":\"BreadcrumbList\",\"@id\":\"https:\\\/\\\/leregardlibre.com\\\/economie\\\/et-si-les-salaries-se-revoltaient\\\/#breadcrumb\",\"itemListElement\":[{\"@type\":\"ListItem\",\"position\":1,\"name\":\"Accueil\",\"item\":\"https:\\\/\\\/leregardlibre.com\\\/\"},{\"@type\":\"ListItem\",\"position\":2,\"name\":\"\u00abEt si les salari\u00e9s se r\u00e9voltaient?\u00bb\"}]},{\"@type\":\"WebSite\",\"@id\":\"https:\\\/\\\/leregardlibre.com\\\/#website\",\"url\":\"https:\\\/\\\/leregardlibre.com\\\/\",\"name\":\"Le Regard Libre\",\"description\":\"Premier mensuel suisse de d\u00e9bat\",\"publisher\":{\"@id\":\"https:\\\/\\\/leregardlibre.com\\\/#organization\"},\"potentialAction\":[{\"@type\":\"SearchAction\",\"target\":{\"@type\":\"EntryPoint\",\"urlTemplate\":\"https:\\\/\\\/leregardlibre.com\\\/?s={search_term_string}\"},\"query-input\":{\"@type\":\"PropertyValueSpecification\",\"valueRequired\":true,\"valueName\":\"search_term_string\"}}],\"inLanguage\":\"en-US\"},{\"@type\":\"Organization\",\"@id\":\"https:\\\/\\\/leregardlibre.com\\\/#organization\",\"name\":\"Le Regard Libre\",\"url\":\"https:\\\/\\\/leregardlibre.com\\\/\",\"logo\":{\"@type\":\"ImageObject\",\"inLanguage\":\"en-US\",\"@id\":\"https:\\\/\\\/leregardlibre.com\\\/#\\\/schema\\\/logo\\\/image\\\/\",\"url\":\"https:\\\/\\\/leregardlibre.com\\\/wp-content\\\/uploads\\\/2025\\\/08\\\/logo-rl-icone-neg.jpeg\",\"contentUrl\":\"https:\\\/\\\/leregardlibre.com\\\/wp-content\\\/uploads\\\/2025\\\/08\\\/logo-rl-icone-neg.jpeg\",\"width\":557,\"height\":556,\"caption\":\"Le Regard Libre\"},\"image\":{\"@id\":\"https:\\\/\\\/leregardlibre.com\\\/#\\\/schema\\\/logo\\\/image\\\/\"},\"sameAs\":[\"https:\\\/\\\/www.facebook.com\\\/leregardlibre\\\/\",\"https:\\\/\\\/x.com\\\/LeRegardLibre\",\"https:\\\/\\\/www.linkedin.com\\\/company\\\/le-regard-libre\",\"https:\\\/\\\/www.instagram.com\\\/leregardlibre\\\/\",\"http:\\\/\\\/t.me\\\/leregardlibre\",\"https:\\\/\\\/youtube.com\\\/channel\\\/UC6HzGPomj1LsUmlz-sJtITQ\"],\"description\":\"Le Regard Libre est un mensuel suisse de d\u00e9bat intellectuel et culturel. Sa r\u00e9daction est jeune, b\u00e9n\u00e9vole, lib\u00e9rale et pluraliste. Le magazine para\u00eet en ligne et sous forme papier. Sa langue est le fran\u00e7ais.\",\"email\":\"redaction@leregardlibre.com\",\"legalName\":\"Le Regard Libre\",\"foundingDate\":\"2014-01-01\",\"numberOfEmployees\":{\"@type\":\"QuantitativeValue\",\"minValue\":\"11\",\"maxValue\":\"50\"},\"publishingPrinciples\":\"https:\\\/\\\/leregardlibre.com\\\/a-propos\\\/notre-manifeste\\\/\",\"ownershipFundingInfo\":\"https:\\\/\\\/leregardlibre.com\\\/mentions-legales\\\/\",\"actionableFeedbackPolicy\":\"https:\\\/\\\/leregardlibre.com\\\/conditions-generales-de-vente\\\/\"},{\"@type\":\"Person\",\"@id\":\"https:\\\/\\\/leregardlibre.com\\\/#\\\/schema\\\/person\\\/f3e6319b17f74b61ee1cbeab93efd96b\",\"name\":\"J\u00e9r\u00e9mie Bongiovanni\",\"image\":{\"@type\":\"ImageObject\",\"inLanguage\":\"en-US\",\"@id\":\"https:\\\/\\\/secure.gravatar.com\\\/avatar\\\/4b3435964c432c0e6b6d18c4ede3fbda14221b9972e7c161f47c78f6cfb96299?s=96&d=identicon&r=g\",\"url\":\"https:\\\/\\\/secure.gravatar.com\\\/avatar\\\/4b3435964c432c0e6b6d18c4ede3fbda14221b9972e7c161f47c78f6cfb96299?s=96&d=identicon&r=g\",\"contentUrl\":\"https:\\\/\\\/secure.gravatar.com\\\/avatar\\\/4b3435964c432c0e6b6d18c4ede3fbda14221b9972e7c161f47c78f6cfb96299?s=96&d=identicon&r=g\",\"caption\":\"J\u00e9r\u00e9mie Bongiovanni\"},\"sameAs\":[\"https:\\\/\\\/leregardlibre.com\\\/\"],\"url\":\"https:\\\/\\\/leregardlibre.com\\\/en\\\/author\\\/jeremie-bongiovanni\\\/\"}]}<\/script>\n<!-- \/ Yoast SEO Premium plugin. -->","yoast_head_json":{"title":"\u00abWhat if employees revolted?\u00bb","robots":{"index":"index","follow":"follow","max-snippet":"max-snippet:-1","max-image-preview":"max-image-preview:large","max-video-preview":"max-video-preview:-1"},"canonical":"https:\/\/leregardlibre.com\/en\/economy\/and-if-employees-revolted\/","og_locale":"en_US","og_type":"article","og_title":"\u00abEt si les salari\u00e9s se r\u00e9voltaient?\u00bb","og_description":"Les lundis de l'actualit\u00e9 \u2013 J\u00e9r\u00e9mie Bongiovanni Au printemps dernier paraissait l\u2019ouvrage de Patrick Artus et Marie-Paule Virard intitul\u00e9&nbsp;Et si...","og_url":"https:\/\/leregardlibre.com\/en\/economy\/and-if-employees-revolted\/","og_site_name":"Le Regard Libre","article_publisher":"https:\/\/www.facebook.com\/leregardlibre\/","article_published_time":"2018-12-17T19:00:50+00:00","article_modified_time":"2025-12-13T22:00:49+00:00","og_image":[{"width":1024,"height":499,"url":"https:\/\/leregardlibre.com\/wp-content\/uploads\/2018\/12\/2018-12-01_14-36-04_manif-GJ-Belfort-1024x499.jpg","type":"image\/jpeg"}],"author":"J\u00e9r\u00e9mie Bongiovanni","twitter_card":"summary_large_image","twitter_creator":"@LeRegardLibre","twitter_site":"@LeRegardLibre","twitter_misc":{"Written by":"J\u00e9r\u00e9mie Bongiovanni","Est. reading time":"5 minutes"},"schema":{"@context":"https:\/\/schema.org","@graph":[{"@type":"Article","@id":"https:\/\/leregardlibre.com\/economie\/et-si-les-salaries-se-revoltaient\/#article","isPartOf":{"@id":"https:\/\/leregardlibre.com\/economie\/et-si-les-salaries-se-revoltaient\/"},"author":{"name":"J\u00e9r\u00e9mie Bongiovanni","@id":"https:\/\/leregardlibre.com\/#\/schema\/person\/f3e6319b17f74b61ee1cbeab93efd96b"},"headline":"\u00abEt si les salari\u00e9s se r\u00e9voltaient?\u00bb","datePublished":"2018-12-17T19:00:50+00:00","dateModified":"2025-12-13T22:00:49+00:00","mainEntityOfPage":{"@id":"https:\/\/leregardlibre.com\/economie\/et-si-les-salaries-se-revoltaient\/"},"wordCount":1005,"commentCount":0,"publisher":{"@id":"https:\/\/leregardlibre.com\/#organization"},"image":{"@id":"https:\/\/leregardlibre.com\/economie\/et-si-les-salaries-se-revoltaient\/#primaryimage"},"thumbnailUrl":"https:\/\/leregardlibre.com\/wp-content\/uploads\/2018\/12\/2018-12-01_14-36-04_manif-GJ-Belfort-scaled.jpg","keywords":["Ch\u00f4mage","Classe moyenne","Emmanuel Macron","Gilets jaunes","marie-paule virard","patrick artus","salariat"],"articleSection":["Economie"],"inLanguage":"en-US","potentialAction":[{"@type":"CommentAction","name":"Comment","target":["https:\/\/leregardlibre.com\/economie\/et-si-les-salaries-se-revoltaient\/#respond"]}]},{"@type":"WebPage","@id":"https:\/\/leregardlibre.com\/economie\/et-si-les-salaries-se-revoltaient\/","url":"https:\/\/leregardlibre.com\/economie\/et-si-les-salaries-se-revoltaient\/","name":"\u00abWhat if employees revolted?\u00bb","isPartOf":{"@id":"https:\/\/leregardlibre.com\/#website"},"primaryImageOfPage":{"@id":"https:\/\/leregardlibre.com\/economie\/et-si-les-salaries-se-revoltaient\/#primaryimage"},"image":{"@id":"https:\/\/leregardlibre.com\/economie\/et-si-les-salaries-se-revoltaient\/#primaryimage"},"thumbnailUrl":"https:\/\/leregardlibre.com\/wp-content\/uploads\/2018\/12\/2018-12-01_14-36-04_manif-GJ-Belfort-scaled.jpg","datePublished":"2018-12-17T19:00:50+00:00","dateModified":"2025-12-13T22:00:49+00:00","breadcrumb":{"@id":"https:\/\/leregardlibre.com\/economie\/et-si-les-salaries-se-revoltaient\/#breadcrumb"},"inLanguage":"en-US","potentialAction":[{"@type":"ReadAction","target":["https:\/\/leregardlibre.com\/economie\/et-si-les-salaries-se-revoltaient\/"]}]},{"@type":"ImageObject","inLanguage":"en-US","@id":"https:\/\/leregardlibre.com\/economie\/et-si-les-salaries-se-revoltaient\/#primaryimage","url":"https:\/\/leregardlibre.com\/wp-content\/uploads\/2018\/12\/2018-12-01_14-36-04_manif-GJ-Belfort-scaled.jpg","contentUrl":"https:\/\/leregardlibre.com\/wp-content\/uploads\/2018\/12\/2018-12-01_14-36-04_manif-GJ-Belfort-scaled.jpg","width":5265,"height":2564,"caption":"Manifestation du mouvement des gilets jaunes, \u00e0 Belfort, le 01 d\u00e9cembre 2018."},{"@type":"BreadcrumbList","@id":"https:\/\/leregardlibre.com\/economie\/et-si-les-salaries-se-revoltaient\/#breadcrumb","itemListElement":[{"@type":"ListItem","position":1,"name":"Accueil","item":"https:\/\/leregardlibre.com\/"},{"@type":"ListItem","position":2,"name":"\u00abEt si les salari\u00e9s se r\u00e9voltaient?\u00bb"}]},{"@type":"WebSite","@id":"https:\/\/leregardlibre.com\/#website","url":"https:\/\/leregardlibre.com\/","name":"Le Regard Libre","description":"Switzerland's first monthly debate magazine","publisher":{"@id":"https:\/\/leregardlibre.com\/#organization"},"potentialAction":[{"@type":"SearchAction","target":{"@type":"EntryPoint","urlTemplate":"https:\/\/leregardlibre.com\/?s={search_term_string}"},"query-input":{"@type":"PropertyValueSpecification","valueRequired":true,"valueName":"search_term_string"}}],"inLanguage":"en-US"},{"@type":"Organization","@id":"https:\/\/leregardlibre.com\/#organization","name":"Le Regard Libre","url":"https:\/\/leregardlibre.com\/","logo":{"@type":"ImageObject","inLanguage":"en-US","@id":"https:\/\/leregardlibre.com\/#\/schema\/logo\/image\/","url":"https:\/\/leregardlibre.com\/wp-content\/uploads\/2025\/08\/logo-rl-icone-neg.jpeg","contentUrl":"https:\/\/leregardlibre.com\/wp-content\/uploads\/2025\/08\/logo-rl-icone-neg.jpeg","width":557,"height":556,"caption":"Le Regard Libre"},"image":{"@id":"https:\/\/leregardlibre.com\/#\/schema\/logo\/image\/"},"sameAs":["https:\/\/www.facebook.com\/leregardlibre\/","https:\/\/x.com\/LeRegardLibre","https:\/\/www.linkedin.com\/company\/le-regard-libre","https:\/\/www.instagram.com\/leregardlibre\/","http:\/\/t.me\/leregardlibre","https:\/\/youtube.com\/channel\/UC6HzGPomj1LsUmlz-sJtITQ"],"description":"Le Regard Libre is a Swiss monthly magazine for intellectual and cultural debate. Its editorial team is young, voluntary, liberal and pluralist. The magazine appears online and in print. Its language is French.","email":"redaction@leregardlibre.com","legalName":"Le Regard Libre","foundingDate":"2014-01-01","numberOfEmployees":{"@type":"QuantitativeValue","minValue":"11","maxValue":"50"},"publishingPrinciples":"https:\/\/leregardlibre.com\/a-propos\/notre-manifeste\/","ownershipFundingInfo":"https:\/\/leregardlibre.com\/mentions-legales\/","actionableFeedbackPolicy":"https:\/\/leregardlibre.com\/conditions-generales-de-vente\/"},{"@type":"Person","@id":"https:\/\/leregardlibre.com\/#\/schema\/person\/f3e6319b17f74b61ee1cbeab93efd96b","name":"J\u00e9r\u00e9mie Bongiovanni","image":{"@type":"ImageObject","inLanguage":"en-US","@id":"https:\/\/secure.gravatar.com\/avatar\/4b3435964c432c0e6b6d18c4ede3fbda14221b9972e7c161f47c78f6cfb96299?s=96&d=identicon&r=g","url":"https:\/\/secure.gravatar.com\/avatar\/4b3435964c432c0e6b6d18c4ede3fbda14221b9972e7c161f47c78f6cfb96299?s=96&d=identicon&r=g","contentUrl":"https:\/\/secure.gravatar.com\/avatar\/4b3435964c432c0e6b6d18c4ede3fbda14221b9972e7c161f47c78f6cfb96299?s=96&d=identicon&r=g","caption":"J\u00e9r\u00e9mie Bongiovanni"},"sameAs":["https:\/\/leregardlibre.com\/"],"url":"https:\/\/leregardlibre.com\/en\/author\/jeremie-bongiovanni\/"}]}},"_links":{"self":[{"href":"https:\/\/leregardlibre.com\/en\/wp-json\/wp\/v2\/posts\/18302","targetHints":{"allow":["GET"]}}],"collection":[{"href":"https:\/\/leregardlibre.com\/en\/wp-json\/wp\/v2\/posts"}],"about":[{"href":"https:\/\/leregardlibre.com\/en\/wp-json\/wp\/v2\/types\/post"}],"author":[{"embeddable":true,"href":"https:\/\/leregardlibre.com\/en\/wp-json\/wp\/v2\/users\/334"}],"replies":[{"embeddable":true,"href":"https:\/\/leregardlibre.com\/en\/wp-json\/wp\/v2\/comments?post=18302"}],"version-history":[{"count":1,"href":"https:\/\/leregardlibre.com\/en\/wp-json\/wp\/v2\/posts\/18302\/revisions"}],"predecessor-version":[{"id":510248,"href":"https:\/\/leregardlibre.com\/en\/wp-json\/wp\/v2\/posts\/18302\/revisions\/510248"}],"wp:featuredmedia":[{"embeddable":true,"href":"https:\/\/leregardlibre.com\/en\/wp-json\/wp\/v2\/media\/18304"}],"wp:attachment":[{"href":"https:\/\/leregardlibre.com\/en\/wp-json\/wp\/v2\/media?parent=18302"}],"wp:term":[{"taxonomy":"category","embeddable":true,"href":"https:\/\/leregardlibre.com\/en\/wp-json\/wp\/v2\/categories?post=18302"},{"taxonomy":"post_tag","embeddable":true,"href":"https:\/\/leregardlibre.com\/en\/wp-json\/wp\/v2\/tags?post=18302"}],"curies":[{"name":"wp","href":"https:\/\/api.w.org\/{rel}","templated":true}]}}