{"id":18763,"date":"2019-01-21T20:00:36","date_gmt":"2019-01-21T19:00:36","guid":{"rendered":"https:\/\/leregardlibre.com\/?p=18763"},"modified":"2025-12-13T22:54:48","modified_gmt":"2025-12-13T21:54:48","slug":"people-are-dangerous","status":"publish","type":"post","link":"https:\/\/leregardlibre.com\/en\/policy\/france\/people-are-dangerous\/","title":{"rendered":"Are people dangerous?"},"content":{"rendered":"<p><em>News Mondays - Cl\u00e9ment Guntern<\/em><\/p>\n\n\n\n<p class=\"has-drop-cap\">In this month of January 2019, in France, the popular \u00abgilets jaunes\u00bb movement tends to take two different forms. On the one hand, those who continue to demonstrate more or less violently and, on the other, those who wish to take part in the debate inaugurated by President Macron. For the latter, it's a question of debating the thousand and one issues tormenting the country and discussing democracy. Or even reinventing it.<\/p>\n\n\n\n<!--more-->\n\n\n\n<p>Let's not go that far. Reinventing democracy, certainly not, but reshaping representative democracy, perhaps. The great debate called for by the President could take the form of participatory roundtables. Or, simply put, a debate around a table. Many among the \u00abgilets jaunes\u00bb regret the attitude of the government, which, during certain pronouncements, sometimes excluded certain reforms from the debates, sometimes admitted all the themes. Indeed, the modalities of a nationwide debate are complex. In fact, the first meetings in the communes of France revolved around the modalities of the debate. Where should it take place? With whom? When should it take place? How many people? Having rules to frame a discussion is essential to a productive approach, and those who take offense at this are not clear about what democracy is all about.<\/p>\n\n\n\n<p>The French seem to be waking up to the fact, or perhaps asking more strongly, that democracy is more than just elections. The definition of a democracy is so complex and varied that not a single one on this earth has its exact counterpart in any other country. The ways in which institutions, parliaments, governments and citizens are organized are as numerous as the states themselves. The same vagueness reigns and the same field of possibilities opens up when we ask ourselves where democracy begins and ends. Is the election of a parliament enough? Certainly not. It needs conditions that frame it: impartial justice, freedom of expression, freedom of movement, meaningful participation, an accurate vote count and a multitude of rules that we no longer necessarily equate with the exercise of democracy.<\/p>\n\n\n\n<p>The same applies to citizen participation, which can take more or less extensive forms. In the \u00abyellow vests\u00bb movement, one demand quickly emerged: the citizens' initiative referendum, or RIC. The latter have presented it as a miracle cure for France, even though some, mostly members of the political or intellectual elite, see it more as a threat to democracy; arguing that the people would risk demolishing progressive legislative constructs such as the death penalty, marriage for all and many others.<\/p>\n\n\n\n<p>Doesn't this reaction justify the very demand for the RIC? For it is this paternalistic, elitist attitude of politicians, denying the opinion of many in order to impose what is really good for the people, that is disturbing. This is the disconnect between the people and their leaders that the RIC aims to combat. Are referendums, and by extension the people, dangerous? No. On the contrary, more or less regular elections help to impose a degree of confidence and serenity in the political system, and can regulate it. A party that finds itself disavowed at the ballot box will have to question itself and accept the result. There's no need to hear \u00abwhat the French want\u00bb from politicians from all parties who think they know what's best for the country. Why not simply ask them?<\/p>\n\n\n\n<p>But, as with all democratic bodies, referendums need to be framed by rules and institutions. The aim is to avoid becoming a meaningless system where decisions are not implemented. All these questions about democracy in France need to be followed closely from Switzerland. After all, we're not perfect with our semi-direct democracy. Interesting ideas on referendums and popular initiatives could be taken up by us if they go in the direction of a fairer and more impartial regulation of the right to vote. This is still lacking in Switzerland.<\/p>\n\n\n\n<p><em>Write to the author: <\/em><a href=\"mailto:clement.guntern@leregardlibre.com\"><em>clement.guntern@leregardlibre.com<\/em><\/a><em> <\/em><\/p>\n\n\n\n<p>Photo credit: Wikimedia Commons, CC 2.0<\/p>","protected":false},"excerpt":{"rendered":"<p>Les lundis de l&#8217;actualit\u00e9 &#8211; Cl\u00e9ment Guntern En ce mois de janvier 2019, en France, le mouvement populaire des \u00abgilets&#8230;<\/p>","protected":false},"author":325,"featured_media":510292,"comment_status":"open","ping_status":"open","sticky":false,"template":"","format":"standard","meta":{"_acf_changed":false,"footnotes":""},"categories":[644357280],"tags":[61440,74619484,644340666,644340856],"class_list":["post-18763","post","type-post","status-publish","format-standard","has-post-thumbnail","hentry","category-france","tag-democratie","tag-emmanuel-macron","tag-gilets-jaunes","tag-ric"],"acf":[],"yoast_head":"<!-- This site is optimized with the Yoast SEO Premium plugin v27.4 (Yoast SEO v27.4) - https:\/\/yoast.com\/product\/yoast-seo-premium-wordpress\/ -->\n<title>Le peuple est-il dangereux?<\/title>\n<meta name=\"robots\" content=\"index, follow, max-snippet:-1, max-image-preview:large, max-video-preview:-1\" \/>\n<link rel=\"canonical\" href=\"https:\/\/leregardlibre.com\/en\/policy\/france\/people-are-dangerous\/\" \/>\n<meta property=\"og:locale\" content=\"en_US\" \/>\n<meta property=\"og:type\" content=\"article\" \/>\n<meta property=\"og:title\" content=\"Le peuple est-il dangereux?\" \/>\n<meta property=\"og:description\" content=\"Les lundis de l&#039;actualit\u00e9 - Cl\u00e9ment Guntern En ce mois de janvier 2019, en France, le mouvement populaire des \u00abgilets...\" \/>\n<meta property=\"og:url\" content=\"https:\/\/leregardlibre.com\/en\/policy\/france\/people-are-dangerous\/\" \/>\n<meta property=\"og:site_name\" content=\"Le Regard Libre\" \/>\n<meta property=\"article:publisher\" content=\"https:\/\/www.facebook.com\/leregardlibre\/\" \/>\n<meta property=\"article:published_time\" content=\"2019-01-21T19:00:36+00:00\" \/>\n<meta property=\"article:modified_time\" content=\"2025-12-13T21:54:48+00:00\" \/>\n<meta property=\"og:image\" content=\"https:\/\/leregardlibre.com\/wp-content\/uploads\/2019\/01\/Paris_Gilets_Jaunes_-_Acte_IX_45808613485-1-1024x683.jpg\" \/>\n\t<meta property=\"og:image:width\" content=\"1024\" \/>\n\t<meta property=\"og:image:height\" content=\"683\" \/>\n\t<meta property=\"og:image:type\" content=\"image\/jpeg\" \/>\n<meta name=\"author\" content=\"Cl\u00e9ment Guntern\" \/>\n<meta name=\"twitter:card\" content=\"summary_large_image\" \/>\n<meta name=\"twitter:creator\" content=\"@LeRegardLibre\" \/>\n<meta name=\"twitter:site\" content=\"@LeRegardLibre\" \/>\n<meta name=\"twitter:label1\" content=\"Written by\" \/>\n\t<meta name=\"twitter:data1\" content=\"Cl\u00e9ment Guntern\" \/>\n\t<meta name=\"twitter:label2\" content=\"Est. reading time\" \/>\n\t<meta name=\"twitter:data2\" content=\"4 minutes\" \/>\n<script type=\"application\/ld+json\" class=\"yoast-schema-graph\">{\"@context\":\"https:\\\/\\\/schema.org\",\"@graph\":[{\"@type\":\"Article\",\"@id\":\"https:\\\/\\\/leregardlibre.com\\\/politique\\\/france\\\/le-peuple-est-il-dangereux\\\/#article\",\"isPartOf\":{\"@id\":\"https:\\\/\\\/leregardlibre.com\\\/politique\\\/france\\\/le-peuple-est-il-dangereux\\\/\"},\"author\":{\"name\":\"Cl\u00e9ment Guntern\",\"@id\":\"https:\\\/\\\/leregardlibre.com\\\/#\\\/schema\\\/person\\\/30daacd8c04cd92ec59532d74a7b18f8\"},\"headline\":\"Le peuple est-il dangereux?\",\"datePublished\":\"2019-01-21T19:00:36+00:00\",\"dateModified\":\"2025-12-13T21:54:48+00:00\",\"mainEntityOfPage\":{\"@id\":\"https:\\\/\\\/leregardlibre.com\\\/politique\\\/france\\\/le-peuple-est-il-dangereux\\\/\"},\"wordCount\":817,\"commentCount\":0,\"publisher\":{\"@id\":\"https:\\\/\\\/leregardlibre.com\\\/#organization\"},\"image\":{\"@id\":\"https:\\\/\\\/leregardlibre.com\\\/politique\\\/france\\\/le-peuple-est-il-dangereux\\\/#primaryimage\"},\"thumbnailUrl\":\"https:\\\/\\\/leregardlibre.com\\\/wp-content\\\/uploads\\\/2019\\\/01\\\/Paris_Gilets_Jaunes_-_Acte_IX_45808613485-1.jpg\",\"keywords\":[\"D\u00e9mocratie\",\"Emmanuel Macron\",\"Gilets jaunes\",\"ric\"],\"articleSection\":[\"France\"],\"inLanguage\":\"en-US\",\"potentialAction\":[{\"@type\":\"CommentAction\",\"name\":\"Comment\",\"target\":[\"https:\\\/\\\/leregardlibre.com\\\/politique\\\/france\\\/le-peuple-est-il-dangereux\\\/#respond\"]}]},{\"@type\":\"WebPage\",\"@id\":\"https:\\\/\\\/leregardlibre.com\\\/politique\\\/france\\\/le-peuple-est-il-dangereux\\\/\",\"url\":\"https:\\\/\\\/leregardlibre.com\\\/politique\\\/france\\\/le-peuple-est-il-dangereux\\\/\",\"name\":\"Le peuple est-il dangereux?\",\"isPartOf\":{\"@id\":\"https:\\\/\\\/leregardlibre.com\\\/#website\"},\"primaryImageOfPage\":{\"@id\":\"https:\\\/\\\/leregardlibre.com\\\/politique\\\/france\\\/le-peuple-est-il-dangereux\\\/#primaryimage\"},\"image\":{\"@id\":\"https:\\\/\\\/leregardlibre.com\\\/politique\\\/france\\\/le-peuple-est-il-dangereux\\\/#primaryimage\"},\"thumbnailUrl\":\"https:\\\/\\\/leregardlibre.com\\\/wp-content\\\/uploads\\\/2019\\\/01\\\/Paris_Gilets_Jaunes_-_Acte_IX_45808613485-1.jpg\",\"datePublished\":\"2019-01-21T19:00:36+00:00\",\"dateModified\":\"2025-12-13T21:54:48+00:00\",\"breadcrumb\":{\"@id\":\"https:\\\/\\\/leregardlibre.com\\\/politique\\\/france\\\/le-peuple-est-il-dangereux\\\/#breadcrumb\"},\"inLanguage\":\"en-US\",\"potentialAction\":[{\"@type\":\"ReadAction\",\"target\":[\"https:\\\/\\\/leregardlibre.com\\\/politique\\\/france\\\/le-peuple-est-il-dangereux\\\/\"]}]},{\"@type\":\"ImageObject\",\"inLanguage\":\"en-US\",\"@id\":\"https:\\\/\\\/leregardlibre.com\\\/politique\\\/france\\\/le-peuple-est-il-dangereux\\\/#primaryimage\",\"url\":\"https:\\\/\\\/leregardlibre.com\\\/wp-content\\\/uploads\\\/2019\\\/01\\\/Paris_Gilets_Jaunes_-_Acte_IX_45808613485-1.jpg\",\"contentUrl\":\"https:\\\/\\\/leregardlibre.com\\\/wp-content\\\/uploads\\\/2019\\\/01\\\/Paris_Gilets_Jaunes_-_Acte_IX_45808613485-1.jpg\",\"width\":5638,\"height\":3759},{\"@type\":\"BreadcrumbList\",\"@id\":\"https:\\\/\\\/leregardlibre.com\\\/politique\\\/france\\\/le-peuple-est-il-dangereux\\\/#breadcrumb\",\"itemListElement\":[{\"@type\":\"ListItem\",\"position\":1,\"name\":\"Accueil\",\"item\":\"https:\\\/\\\/leregardlibre.com\\\/\"},{\"@type\":\"ListItem\",\"position\":2,\"name\":\"Le peuple est-il dangereux?\"}]},{\"@type\":\"WebSite\",\"@id\":\"https:\\\/\\\/leregardlibre.com\\\/#website\",\"url\":\"https:\\\/\\\/leregardlibre.com\\\/\",\"name\":\"Le Regard Libre\",\"description\":\"Premier mensuel suisse de d\u00e9bat\",\"publisher\":{\"@id\":\"https:\\\/\\\/leregardlibre.com\\\/#organization\"},\"potentialAction\":[{\"@type\":\"SearchAction\",\"target\":{\"@type\":\"EntryPoint\",\"urlTemplate\":\"https:\\\/\\\/leregardlibre.com\\\/?s={search_term_string}\"},\"query-input\":{\"@type\":\"PropertyValueSpecification\",\"valueRequired\":true,\"valueName\":\"search_term_string\"}}],\"inLanguage\":\"en-US\"},{\"@type\":\"Organization\",\"@id\":\"https:\\\/\\\/leregardlibre.com\\\/#organization\",\"name\":\"Le Regard Libre\",\"url\":\"https:\\\/\\\/leregardlibre.com\\\/\",\"logo\":{\"@type\":\"ImageObject\",\"inLanguage\":\"en-US\",\"@id\":\"https:\\\/\\\/leregardlibre.com\\\/#\\\/schema\\\/logo\\\/image\\\/\",\"url\":\"https:\\\/\\\/leregardlibre.com\\\/wp-content\\\/uploads\\\/2025\\\/08\\\/logo-rl-icone-neg.jpeg\",\"contentUrl\":\"https:\\\/\\\/leregardlibre.com\\\/wp-content\\\/uploads\\\/2025\\\/08\\\/logo-rl-icone-neg.jpeg\",\"width\":557,\"height\":556,\"caption\":\"Le Regard Libre\"},\"image\":{\"@id\":\"https:\\\/\\\/leregardlibre.com\\\/#\\\/schema\\\/logo\\\/image\\\/\"},\"sameAs\":[\"https:\\\/\\\/www.facebook.com\\\/leregardlibre\\\/\",\"https:\\\/\\\/x.com\\\/LeRegardLibre\",\"https:\\\/\\\/www.linkedin.com\\\/company\\\/le-regard-libre\",\"https:\\\/\\\/www.instagram.com\\\/leregardlibre\\\/\",\"http:\\\/\\\/t.me\\\/leregardlibre\",\"https:\\\/\\\/youtube.com\\\/channel\\\/UC6HzGPomj1LsUmlz-sJtITQ\"],\"description\":\"Le Regard Libre est un mensuel suisse de d\u00e9bat intellectuel et culturel. Sa r\u00e9daction est jeune, b\u00e9n\u00e9vole, lib\u00e9rale et pluraliste. Le magazine para\u00eet en ligne et sous forme papier. Sa langue est le fran\u00e7ais.\",\"email\":\"redaction@leregardlibre.com\",\"legalName\":\"Le Regard Libre\",\"foundingDate\":\"2014-01-01\",\"numberOfEmployees\":{\"@type\":\"QuantitativeValue\",\"minValue\":\"11\",\"maxValue\":\"50\"},\"publishingPrinciples\":\"https:\\\/\\\/leregardlibre.com\\\/a-propos\\\/notre-manifeste\\\/\",\"ownershipFundingInfo\":\"https:\\\/\\\/leregardlibre.com\\\/mentions-legales\\\/\",\"actionableFeedbackPolicy\":\"https:\\\/\\\/leregardlibre.com\\\/conditions-generales-de-vente\\\/\"},{\"@type\":\"Person\",\"@id\":\"https:\\\/\\\/leregardlibre.com\\\/#\\\/schema\\\/person\\\/30daacd8c04cd92ec59532d74a7b18f8\",\"name\":\"Cl\u00e9ment Guntern\",\"image\":{\"@type\":\"ImageObject\",\"inLanguage\":\"en-US\",\"@id\":\"https:\\\/\\\/secure.gravatar.com\\\/avatar\\\/79a3aae9b5ce6c4dcd8890bc4d3171c7198fe739971f91e509b3f8b98aa66d64?s=96&d=identicon&r=g\",\"url\":\"https:\\\/\\\/secure.gravatar.com\\\/avatar\\\/79a3aae9b5ce6c4dcd8890bc4d3171c7198fe739971f91e509b3f8b98aa66d64?s=96&d=identicon&r=g\",\"contentUrl\":\"https:\\\/\\\/secure.gravatar.com\\\/avatar\\\/79a3aae9b5ce6c4dcd8890bc4d3171c7198fe739971f91e509b3f8b98aa66d64?s=96&d=identicon&r=g\",\"caption\":\"Cl\u00e9ment Guntern\"},\"sameAs\":[\"https:\\\/\\\/leregardlibre.com\\\/\"],\"url\":\"https:\\\/\\\/leregardlibre.com\\\/en\\\/author\\\/clement-guntern\\\/\"}]}<\/script>\n<!-- \/ Yoast SEO Premium plugin. -->","yoast_head_json":{"title":"Are people dangerous?","robots":{"index":"index","follow":"follow","max-snippet":"max-snippet:-1","max-image-preview":"max-image-preview:large","max-video-preview":"max-video-preview:-1"},"canonical":"https:\/\/leregardlibre.com\/en\/policy\/france\/people-are-dangerous\/","og_locale":"en_US","og_type":"article","og_title":"Le peuple est-il dangereux?","og_description":"Les lundis de l'actualit\u00e9 - Cl\u00e9ment Guntern En ce mois de janvier 2019, en France, le mouvement populaire des \u00abgilets...","og_url":"https:\/\/leregardlibre.com\/en\/policy\/france\/people-are-dangerous\/","og_site_name":"Le Regard Libre","article_publisher":"https:\/\/www.facebook.com\/leregardlibre\/","article_published_time":"2019-01-21T19:00:36+00:00","article_modified_time":"2025-12-13T21:54:48+00:00","og_image":[{"width":1024,"height":683,"url":"https:\/\/leregardlibre.com\/wp-content\/uploads\/2019\/01\/Paris_Gilets_Jaunes_-_Acte_IX_45808613485-1-1024x683.jpg","type":"image\/jpeg"}],"author":"Cl\u00e9ment Guntern","twitter_card":"summary_large_image","twitter_creator":"@LeRegardLibre","twitter_site":"@LeRegardLibre","twitter_misc":{"Written by":"Cl\u00e9ment Guntern","Est. reading time":"4 minutes"},"schema":{"@context":"https:\/\/schema.org","@graph":[{"@type":"Article","@id":"https:\/\/leregardlibre.com\/politique\/france\/le-peuple-est-il-dangereux\/#article","isPartOf":{"@id":"https:\/\/leregardlibre.com\/politique\/france\/le-peuple-est-il-dangereux\/"},"author":{"name":"Cl\u00e9ment Guntern","@id":"https:\/\/leregardlibre.com\/#\/schema\/person\/30daacd8c04cd92ec59532d74a7b18f8"},"headline":"Le peuple est-il dangereux?","datePublished":"2019-01-21T19:00:36+00:00","dateModified":"2025-12-13T21:54:48+00:00","mainEntityOfPage":{"@id":"https:\/\/leregardlibre.com\/politique\/france\/le-peuple-est-il-dangereux\/"},"wordCount":817,"commentCount":0,"publisher":{"@id":"https:\/\/leregardlibre.com\/#organization"},"image":{"@id":"https:\/\/leregardlibre.com\/politique\/france\/le-peuple-est-il-dangereux\/#primaryimage"},"thumbnailUrl":"https:\/\/leregardlibre.com\/wp-content\/uploads\/2019\/01\/Paris_Gilets_Jaunes_-_Acte_IX_45808613485-1.jpg","keywords":["D\u00e9mocratie","Emmanuel Macron","Gilets jaunes","ric"],"articleSection":["France"],"inLanguage":"en-US","potentialAction":[{"@type":"CommentAction","name":"Comment","target":["https:\/\/leregardlibre.com\/politique\/france\/le-peuple-est-il-dangereux\/#respond"]}]},{"@type":"WebPage","@id":"https:\/\/leregardlibre.com\/politique\/france\/le-peuple-est-il-dangereux\/","url":"https:\/\/leregardlibre.com\/politique\/france\/le-peuple-est-il-dangereux\/","name":"Are people dangerous?","isPartOf":{"@id":"https:\/\/leregardlibre.com\/#website"},"primaryImageOfPage":{"@id":"https:\/\/leregardlibre.com\/politique\/france\/le-peuple-est-il-dangereux\/#primaryimage"},"image":{"@id":"https:\/\/leregardlibre.com\/politique\/france\/le-peuple-est-il-dangereux\/#primaryimage"},"thumbnailUrl":"https:\/\/leregardlibre.com\/wp-content\/uploads\/2019\/01\/Paris_Gilets_Jaunes_-_Acte_IX_45808613485-1.jpg","datePublished":"2019-01-21T19:00:36+00:00","dateModified":"2025-12-13T21:54:48+00:00","breadcrumb":{"@id":"https:\/\/leregardlibre.com\/politique\/france\/le-peuple-est-il-dangereux\/#breadcrumb"},"inLanguage":"en-US","potentialAction":[{"@type":"ReadAction","target":["https:\/\/leregardlibre.com\/politique\/france\/le-peuple-est-il-dangereux\/"]}]},{"@type":"ImageObject","inLanguage":"en-US","@id":"https:\/\/leregardlibre.com\/politique\/france\/le-peuple-est-il-dangereux\/#primaryimage","url":"https:\/\/leregardlibre.com\/wp-content\/uploads\/2019\/01\/Paris_Gilets_Jaunes_-_Acte_IX_45808613485-1.jpg","contentUrl":"https:\/\/leregardlibre.com\/wp-content\/uploads\/2019\/01\/Paris_Gilets_Jaunes_-_Acte_IX_45808613485-1.jpg","width":5638,"height":3759},{"@type":"BreadcrumbList","@id":"https:\/\/leregardlibre.com\/politique\/france\/le-peuple-est-il-dangereux\/#breadcrumb","itemListElement":[{"@type":"ListItem","position":1,"name":"Accueil","item":"https:\/\/leregardlibre.com\/"},{"@type":"ListItem","position":2,"name":"Le peuple est-il dangereux?"}]},{"@type":"WebSite","@id":"https:\/\/leregardlibre.com\/#website","url":"https:\/\/leregardlibre.com\/","name":"Le Regard Libre","description":"Switzerland's first monthly debate magazine","publisher":{"@id":"https:\/\/leregardlibre.com\/#organization"},"potentialAction":[{"@type":"SearchAction","target":{"@type":"EntryPoint","urlTemplate":"https:\/\/leregardlibre.com\/?s={search_term_string}"},"query-input":{"@type":"PropertyValueSpecification","valueRequired":true,"valueName":"search_term_string"}}],"inLanguage":"en-US"},{"@type":"Organization","@id":"https:\/\/leregardlibre.com\/#organization","name":"Le Regard Libre","url":"https:\/\/leregardlibre.com\/","logo":{"@type":"ImageObject","inLanguage":"en-US","@id":"https:\/\/leregardlibre.com\/#\/schema\/logo\/image\/","url":"https:\/\/leregardlibre.com\/wp-content\/uploads\/2025\/08\/logo-rl-icone-neg.jpeg","contentUrl":"https:\/\/leregardlibre.com\/wp-content\/uploads\/2025\/08\/logo-rl-icone-neg.jpeg","width":557,"height":556,"caption":"Le Regard Libre"},"image":{"@id":"https:\/\/leregardlibre.com\/#\/schema\/logo\/image\/"},"sameAs":["https:\/\/www.facebook.com\/leregardlibre\/","https:\/\/x.com\/LeRegardLibre","https:\/\/www.linkedin.com\/company\/le-regard-libre","https:\/\/www.instagram.com\/leregardlibre\/","http:\/\/t.me\/leregardlibre","https:\/\/youtube.com\/channel\/UC6HzGPomj1LsUmlz-sJtITQ"],"description":"Le Regard Libre is a Swiss monthly magazine for intellectual and cultural debate. Its editorial team is young, voluntary, liberal and pluralist. The magazine appears online and in print. Its language is French.","email":"redaction@leregardlibre.com","legalName":"Le Regard Libre","foundingDate":"2014-01-01","numberOfEmployees":{"@type":"QuantitativeValue","minValue":"11","maxValue":"50"},"publishingPrinciples":"https:\/\/leregardlibre.com\/a-propos\/notre-manifeste\/","ownershipFundingInfo":"https:\/\/leregardlibre.com\/mentions-legales\/","actionableFeedbackPolicy":"https:\/\/leregardlibre.com\/conditions-generales-de-vente\/"},{"@type":"Person","@id":"https:\/\/leregardlibre.com\/#\/schema\/person\/30daacd8c04cd92ec59532d74a7b18f8","name":"Cl\u00e9ment Guntern","image":{"@type":"ImageObject","inLanguage":"en-US","@id":"https:\/\/secure.gravatar.com\/avatar\/79a3aae9b5ce6c4dcd8890bc4d3171c7198fe739971f91e509b3f8b98aa66d64?s=96&d=identicon&r=g","url":"https:\/\/secure.gravatar.com\/avatar\/79a3aae9b5ce6c4dcd8890bc4d3171c7198fe739971f91e509b3f8b98aa66d64?s=96&d=identicon&r=g","contentUrl":"https:\/\/secure.gravatar.com\/avatar\/79a3aae9b5ce6c4dcd8890bc4d3171c7198fe739971f91e509b3f8b98aa66d64?s=96&d=identicon&r=g","caption":"Cl\u00e9ment Guntern"},"sameAs":["https:\/\/leregardlibre.com\/"],"url":"https:\/\/leregardlibre.com\/en\/author\/clement-guntern\/"}]}},"_links":{"self":[{"href":"https:\/\/leregardlibre.com\/en\/wp-json\/wp\/v2\/posts\/18763","targetHints":{"allow":["GET"]}}],"collection":[{"href":"https:\/\/leregardlibre.com\/en\/wp-json\/wp\/v2\/posts"}],"about":[{"href":"https:\/\/leregardlibre.com\/en\/wp-json\/wp\/v2\/types\/post"}],"author":[{"embeddable":true,"href":"https:\/\/leregardlibre.com\/en\/wp-json\/wp\/v2\/users\/325"}],"replies":[{"embeddable":true,"href":"https:\/\/leregardlibre.com\/en\/wp-json\/wp\/v2\/comments?post=18763"}],"version-history":[{"count":1,"href":"https:\/\/leregardlibre.com\/en\/wp-json\/wp\/v2\/posts\/18763\/revisions"}],"predecessor-version":[{"id":510291,"href":"https:\/\/leregardlibre.com\/en\/wp-json\/wp\/v2\/posts\/18763\/revisions\/510291"}],"wp:featuredmedia":[{"embeddable":true,"href":"https:\/\/leregardlibre.com\/en\/wp-json\/wp\/v2\/media\/510292"}],"wp:attachment":[{"href":"https:\/\/leregardlibre.com\/en\/wp-json\/wp\/v2\/media?parent=18763"}],"wp:term":[{"taxonomy":"category","embeddable":true,"href":"https:\/\/leregardlibre.com\/en\/wp-json\/wp\/v2\/categories?post=18763"},{"taxonomy":"post_tag","embeddable":true,"href":"https:\/\/leregardlibre.com\/en\/wp-json\/wp\/v2\/tags?post=18763"}],"curies":[{"name":"wp","href":"https:\/\/api.w.org\/{rel}","templated":true}]}}