{"id":19243,"date":"2019-02-13T12:30:03","date_gmt":"2019-02-13T11:30:03","guid":{"rendered":"https:\/\/leregardlibre.com\/?p=19243"},"modified":"2025-12-04T22:37:29","modified_gmt":"2025-12-04T21:37:29","slug":"not-my-favourite","status":"publish","type":"post","link":"https:\/\/leregardlibre.com\/en\/cinema\/films\/not-my-favourite\/","title":{"rendered":"Not my Favourite"},"content":{"rendered":"<p><em>Cinema Wednesdays - Lauriane Pipoz<\/em><\/p>\n\n\n\n<p class=\"has-drop-cap\"><em>La Favorite <\/em>takes place in the early 18th century<sup>th <\/sup>century at the English court. While the Franco-English war rages on, fun is had at court with duck races and pineapple tastings. Queen Anne of England occupies the throne. Behind the scenes, however, Lady Sarah, her favorite, holds the reins. The latter's cousin, Abigail Hill, is rising to court. Power-hungry, the new maid soon makes herself known to the queen through treacherous stratagems. A perverse game of manipulation ensues between the two cousins.<\/p>\n\n\n\n<!--more Lire la suite de la critique-->\n\n\n\n<h3 class=\"wp-block-heading\"><strong>Les femmes au premier\nplan<\/strong><\/h3>\n\n\n\n<p>Le r\u00e9alisateur, Y\u00f2rgos L\u00e0nthimos, a soign\u00e9 ses d\u00e9cors et ses costumes.&nbsp;C\u2019est \u00e9galement le cas de ses dialogues, tr\u00e8s bien construits. Notons par exemple l\u2019\u00e9change entre la reine et Sarah, au d\u00e9but du film: <\/p>\n\n\n\n<blockquote class=\"wp-block-quote is-layout-flow wp-block-quote-is-layout-flow\"><p>\u00abC\u2019est quoi, ce maquillage?<\/p><p>&#8211; On voulait un effet th\u00e9\u00e2tral. Vous aimez?<\/p><p>&#8211; On dirait un blaireau. Oh non, vous n\u2019allez pas pleurer, quand m\u00eame? A quoi ressemblez-vous alors?<\/p><p>&#8211; \u2026 A un blaireau.\u00bb<\/p><\/blockquote>\n\n\n\n<p>Dans son environnement grandiose, L\u00e0nthimos a d\u00e9tourn\u00e9 les codes du film historique. Les hommes ne sont vus que comme des personnages secondaires, manipul\u00e9s par les servantes. A l\u2019instar de Robert Harley, qui sous-estime Abaigail et tente de faire pression sur elle. S\u2019il semble y parvenir au d\u00e9part, elle lui montrera rapidement qu\u2019elle est un fin strat\u00e8ge et retournera tr\u00e8s rapidement la situation. <\/p>\n\n\n\n<h3 class=\"wp-block-heading\"><strong>Du sexe, beaucoup de\nsexe<\/strong><\/h3>\n\n\n\n<blockquote class=\"wp-block-quote is-layout-flow wp-block-quote-is-layout-flow\"><p>\u00abDois-je comprendre que vous \u00eates intelligente?<\/p><p>&#8211; Vous voulez me baiser?<\/p><p>&#8211; Non, j\u2019en laisse le soin \u00e0 Masham, qui est compl\u00e8tement obs\u00e9d\u00e9 par votre cul.\u00bb<\/p><\/blockquote>\n\n\n\n<p>Si Abigail se sert du sexe comme d\u2019une arme (elle \u00e9pousera ledit Masham afin d\u2019acc\u00e9der \u00e0 un statut aristocratique), ce dernier est <em>par-tout<\/em>. Ainsi, le bras de fer entre les deux servantes se joue \u00e9galement dans la couche de la reine. En m\u00eame temps qu\u2019Abigail, on comprend que Sarah est l\u2019amante d\u2019Anne d\u2019Angleterre. La nouvelle servante ne tardera pas \u00e0 s\u2019y glisser \u00e9galement.<\/p>\n\n\n\n<p>Si cette id\u00e9e peut \u00eatre int\u00e9ressante puisque originale, d\u2019autres sc\u00e8nes peuvent para\u00eetre superflues. Par exemple, Sarah se r\u00e9veille dans un bordel apr\u00e8s avoir fait une chute de cheval suite \u00e0 une ruse particuli\u00e8rement vile de sa concurrente. C\u2019est ici l\u2019occasion pour le r\u00e9alisateur de montrer des sc\u00e8nes de sexe particuli\u00e8rement animales. Etait-ce r\u00e9ellement n\u00e9cessaire?<\/p>\n\n\n\n<h3 class=\"wp-block-heading\"><strong>De la manipulation,\ndu ridicule et du grotesque<\/strong><\/h3>\n\n\n\n<p>Vous l\u2019aurez peut-\u00eatre compris, si trois femmes sont install\u00e9es au c\u0153ur de son intrigue, elles ne sont pas pour autant mises en valeur. On voit les crises de col\u00e8re r\u00e9p\u00e9t\u00e9es et caprices de la reine immature, tout comme sa grande stupidit\u00e9:<\/p>\n\n\n\n<blockquote class=\"wp-block-quote is-layout-flow wp-block-quote-is-layout-flow\"><p>\u00abAi-je z\u00e9zay\u00e9?<\/p><p>&#8211; Non, vous ne z\u00e9zayez pas.<\/p><p>C\u2019est justement ce qui m\u2019a fait peur,&nbsp;l\u2019id\u00e9e que j\u2019aurais pu le faire.\u00bb<\/p><\/blockquote>\n\n\n\n<p>Quant \u00e0 l\u2019aspect manipulateur extr\u00eame des servantes, il est mis en lumi\u00e8re dans plusieurs sc\u00e8nes. Citons celle de la nuit de noces de Masham et d\u2019Abigail, durant laquelle la servante r\u00e9fl\u00e9chit \u00e0 son prochain stratag\u00e8me tout en d\u00e9livrant sans soin aucun une g\u00e2terie \u00e0 son nouveau mari. Quant \u00e0 la superficialit\u00e9 des gens de cour, qui semble \u00eatre l\u2019un des sujets principaux du film, elle se d\u00e9cline en de nombreux exemples. Evoquons notamment une sc\u00e8ne dans laquelle des convives s\u2019amusent \u00e0 lancer des fruits sur un homme nu et hilare. Les personnages, grotesques, sont ainsi tous stupides ou vils: personne n\u2019est \u00e9pargn\u00e9. Ces d\u00e9fauts sont mis en exergue par de la musique anxiog\u00e8ne, des ralentis th\u00e9\u00e2traux ou encore des arr\u00eats sur image.<\/p>\n\n\n\n<figure class=\"wp-block-image\"><img fetchpriority=\"high\" decoding=\"async\" width=\"934\" height=\"1400\" src=\"http:\/\/leregardlibre.com\/wp-content\/uploads\/2019\/02\/Favourite-Artwork-chf-03-Synchro-1-Sheet.jpg\" alt=\"\" class=\"wp-image-19256\" srcset=\"https:\/\/leregardlibre.com\/wp-content\/uploads\/2019\/02\/Favourite-Artwork-chf-03-Synchro-1-Sheet.jpg 934w, https:\/\/leregardlibre.com\/wp-content\/uploads\/2019\/02\/Favourite-Artwork-chf-03-Synchro-1-Sheet-200x300.jpg 200w, https:\/\/leregardlibre.com\/wp-content\/uploads\/2019\/02\/Favourite-Artwork-chf-03-Synchro-1-Sheet-683x1024.jpg 683w, https:\/\/leregardlibre.com\/wp-content\/uploads\/2019\/02\/Favourite-Artwork-chf-03-Synchro-1-Sheet-100x150.jpg 100w, https:\/\/leregardlibre.com\/wp-content\/uploads\/2019\/02\/Favourite-Artwork-chf-03-Synchro-1-Sheet-768x1151.jpg 768w, https:\/\/leregardlibre.com\/wp-content\/uploads\/2019\/02\/Favourite-Artwork-chf-03-Synchro-1-Sheet-585x877.jpg 585w, https:\/\/leregardlibre.com\/wp-content\/uploads\/2019\/02\/Favourite-Artwork-chf-03-Synchro-1-Sheet-300x450.jpg 300w, https:\/\/leregardlibre.com\/wp-content\/uploads\/2019\/02\/Favourite-Artwork-chf-03-Synchro-1-Sheet-600x899.jpg 600w\" sizes=\"(max-width: 934px) 100vw, 934px\" \/><\/figure>\n\n\n\n<p>Si ces sc\u00e8nes sont amusantes au d\u00e9but, elles deviennent progressivement tr\u00e8s lourdes. A force, on en a le tournis, ce qui est montr\u00e9 \u00e0 l\u2019\u00e9cran par l\u2019ultime sc\u00e8ne du film. Dans cette derni\u00e8re se superposent Anne d\u2019Angleterre, Abigail et &#8211; comble du ridicule &#8211; les lapins de la reine, qu\u2019elle appelle ses \u00abenfants\u00bb. L\u2019effet, souhait\u00e9, est donc r\u00e9ussi, tout comme la magnifique prestation des actrices principales du film &#8211; en t\u00e9moigne la horde de prix pour lesquels le film est nomin\u00e9. Ce qui n\u2019emp\u00eache pas que la grosse sensation de malaise qui s\u2019empare du spectateur au sortir de <em>La Favorite <\/em>n\u2019est pas agr\u00e9able pour tout le monde. <\/p>\n\n\n\n<p><em><strong>Pour vous faire votre propre avis, rendez-vous par exemple \u00e0 <\/strong><\/em><a href=\"https:\/\/www.cinepel.ch\/fr\/neuchatel\/film\/122347.html\"><em><strong>Cinepel<\/strong><\/em><\/a><em><strong>.<\/strong><\/em><\/p>\n\n\n\n<p><em>Write to the author: <a href=\"mailto:lauriane.pipoz@gmail.com\">lauriane.pipoz@gmail.com<\/a><\/em><\/p>\n\n\n\n<p>Photo credit: \u00a9 Twentieth Century Fox<\/p>\n\n\n\n<table class=\"wp-block-table\"><thead><tr><th>La favorite<\/th><\/tr><\/thead><tbody><tr><td>IRLANDE, 2018<\/td><\/tr><tr><td><em>Production:<\/em> Y\u00f2rgos L\u00e0nthimos<\/td><\/tr><tr><td><em>Screenplay:<\/em>&nbsp;Deborah Davi, Tony McNamara<\/td><\/tr><tr><td><em>Image:<\/em>&nbsp;Robbie Ryan<\/td><\/tr><tr><td><em>Production:<\/em>&nbsp;Element Pictures, Scarlet Films<\/td><\/tr><tr><td><em>Distribution:<\/em>&nbsp;Fox-Warner<\/td><\/tr><tr><td><em>Duration:<\/em>&nbsp;2h<\/td><\/tr><tr><td><em>Output:<\/em><strong>&nbsp;February 6, 2019<\/strong><\/td><\/tr><\/tbody><\/table>","protected":false},"excerpt":{"rendered":"<p>Les mercredis du cin\u00e9ma &#8211; Lauriane Pipoz La Favorite se d\u00e9roule au d\u00e9but du XVIIIe si\u00e8cle \u00e0 la cour d\u2019Angleterre&#8230;.<\/p>","protected":false},"author":102,"featured_media":19255,"comment_status":"open","ping_status":"open","sticky":false,"template":"","format":"standard","meta":{"_acf_changed":false,"footnotes":""},"categories":[644355829],"tags":[48028,644341054,2474554,644341051,644341058,644341060,644341055,20588215],"class_list":["post-19243","post","type-post","status-publish","format-standard","has-post-thumbnail","hentry","category-films","tag-angleterre","tag-cinema-irlandais","tag-emma-stone","tag-la-favorite","tag-lady-sarah","tag-robert-harley","tag-xviiie-siecle","tag-yorgos-lanthimos"],"acf":[],"yoast_head":"<!-- This site is optimized with the Yoast SEO Premium plugin v27.4 (Yoast SEO v27.4) - https:\/\/yoast.com\/product\/yoast-seo-premium-wordpress\/ -->\n<title>Not my Favourite<\/title>\n<meta name=\"robots\" content=\"index, follow, max-snippet:-1, max-image-preview:large, max-video-preview:-1\" \/>\n<link rel=\"canonical\" href=\"https:\/\/leregardlibre.com\/en\/cinema\/films\/not-my-favourite\/\" \/>\n<meta property=\"og:locale\" content=\"en_US\" \/>\n<meta property=\"og:type\" content=\"article\" \/>\n<meta property=\"og:title\" content=\"Not my Favourite\" \/>\n<meta property=\"og:description\" content=\"Les mercredis du cin\u00e9ma - Lauriane Pipoz La Favorite se d\u00e9roule au d\u00e9but du XVIIIe si\u00e8cle \u00e0 la cour d\u2019Angleterre....\" \/>\n<meta property=\"og:url\" content=\"https:\/\/leregardlibre.com\/en\/cinema\/films\/not-my-favourite\/\" \/>\n<meta property=\"og:site_name\" content=\"Le Regard Libre\" \/>\n<meta property=\"article:publisher\" content=\"https:\/\/www.facebook.com\/leregardlibre\/\" \/>\n<meta property=\"article:published_time\" content=\"2019-02-13T11:30:03+00:00\" \/>\n<meta property=\"article:modified_time\" content=\"2025-12-04T21:37:29+00:00\" \/>\n<meta property=\"og:image\" content=\"https:\/\/leregardlibre.com\/wp-content\/uploads\/2019\/02\/Favourite-Szenen-ov-02-Abigail-Emma-Stone.jpg\" \/>\n\t<meta property=\"og:image:width\" content=\"1400\" \/>\n\t<meta property=\"og:image:height\" content=\"755\" \/>\n\t<meta property=\"og:image:type\" content=\"image\/jpeg\" \/>\n<meta name=\"author\" content=\"Lauriane Pipoz\" \/>\n<meta name=\"twitter:card\" content=\"summary_large_image\" \/>\n<meta name=\"twitter:creator\" content=\"@LeRegardLibre\" \/>\n<meta name=\"twitter:site\" content=\"@LeRegardLibre\" \/>\n<meta name=\"twitter:label1\" content=\"Written by\" \/>\n\t<meta name=\"twitter:data1\" content=\"Lauriane Pipoz\" \/>\n\t<meta name=\"twitter:label2\" content=\"Est. reading time\" \/>\n\t<meta name=\"twitter:data2\" content=\"4 minutes\" \/>\n<script type=\"application\/ld+json\" class=\"yoast-schema-graph\">{\"@context\":\"https:\\\/\\\/schema.org\",\"@graph\":[{\"@type\":\"Article\",\"@id\":\"https:\\\/\\\/leregardlibre.com\\\/cinema\\\/films\\\/not-my-favourite\\\/#article\",\"isPartOf\":{\"@id\":\"https:\\\/\\\/leregardlibre.com\\\/cinema\\\/films\\\/not-my-favourite\\\/\"},\"author\":{\"name\":\"Lauriane Pipoz\",\"@id\":\"https:\\\/\\\/leregardlibre.com\\\/#\\\/schema\\\/person\\\/4a90f0c5c8d33c0d6228249a2f2d37f5\"},\"headline\":\"Not my Favourite\",\"datePublished\":\"2019-02-13T11:30:03+00:00\",\"dateModified\":\"2025-12-04T21:37:29+00:00\",\"mainEntityOfPage\":{\"@id\":\"https:\\\/\\\/leregardlibre.com\\\/cinema\\\/films\\\/not-my-favourite\\\/\"},\"wordCount\":851,\"commentCount\":0,\"publisher\":{\"@id\":\"https:\\\/\\\/leregardlibre.com\\\/#organization\"},\"image\":{\"@id\":\"https:\\\/\\\/leregardlibre.com\\\/cinema\\\/films\\\/not-my-favourite\\\/#primaryimage\"},\"thumbnailUrl\":\"https:\\\/\\\/leregardlibre.com\\\/wp-content\\\/uploads\\\/2019\\\/02\\\/Favourite-Szenen-ov-02-Abigail-Emma-Stone.jpg\",\"keywords\":[\"Angleterre\",\"Cin\u00e9ma irlandais\",\"Emma Stone\",\"la favorite\",\"lady sarah\",\"robert harley\",\"XVIIe si\u00e8cle\",\"yorgos lanthimos\"],\"articleSection\":[\"Films\"],\"inLanguage\":\"en-US\",\"potentialAction\":[{\"@type\":\"CommentAction\",\"name\":\"Comment\",\"target\":[\"https:\\\/\\\/leregardlibre.com\\\/cinema\\\/films\\\/not-my-favourite\\\/#respond\"]}]},{\"@type\":\"WebPage\",\"@id\":\"https:\\\/\\\/leregardlibre.com\\\/cinema\\\/films\\\/not-my-favourite\\\/\",\"url\":\"https:\\\/\\\/leregardlibre.com\\\/cinema\\\/films\\\/not-my-favourite\\\/\",\"name\":\"Not my Favourite\",\"isPartOf\":{\"@id\":\"https:\\\/\\\/leregardlibre.com\\\/#website\"},\"primaryImageOfPage\":{\"@id\":\"https:\\\/\\\/leregardlibre.com\\\/cinema\\\/films\\\/not-my-favourite\\\/#primaryimage\"},\"image\":{\"@id\":\"https:\\\/\\\/leregardlibre.com\\\/cinema\\\/films\\\/not-my-favourite\\\/#primaryimage\"},\"thumbnailUrl\":\"https:\\\/\\\/leregardlibre.com\\\/wp-content\\\/uploads\\\/2019\\\/02\\\/Favourite-Szenen-ov-02-Abigail-Emma-Stone.jpg\",\"datePublished\":\"2019-02-13T11:30:03+00:00\",\"dateModified\":\"2025-12-04T21:37:29+00:00\",\"breadcrumb\":{\"@id\":\"https:\\\/\\\/leregardlibre.com\\\/cinema\\\/films\\\/not-my-favourite\\\/#breadcrumb\"},\"inLanguage\":\"en-US\",\"potentialAction\":[{\"@type\":\"ReadAction\",\"target\":[\"https:\\\/\\\/leregardlibre.com\\\/cinema\\\/films\\\/not-my-favourite\\\/\"]}]},{\"@type\":\"ImageObject\",\"inLanguage\":\"en-US\",\"@id\":\"https:\\\/\\\/leregardlibre.com\\\/cinema\\\/films\\\/not-my-favourite\\\/#primaryimage\",\"url\":\"https:\\\/\\\/leregardlibre.com\\\/wp-content\\\/uploads\\\/2019\\\/02\\\/Favourite-Szenen-ov-02-Abigail-Emma-Stone.jpg\",\"contentUrl\":\"https:\\\/\\\/leregardlibre.com\\\/wp-content\\\/uploads\\\/2019\\\/02\\\/Favourite-Szenen-ov-02-Abigail-Emma-Stone.jpg\",\"width\":1400,\"height\":755},{\"@type\":\"BreadcrumbList\",\"@id\":\"https:\\\/\\\/leregardlibre.com\\\/cinema\\\/films\\\/not-my-favourite\\\/#breadcrumb\",\"itemListElement\":[{\"@type\":\"ListItem\",\"position\":1,\"name\":\"Accueil\",\"item\":\"https:\\\/\\\/leregardlibre.com\\\/\"},{\"@type\":\"ListItem\",\"position\":2,\"name\":\"Not my Favourite\"}]},{\"@type\":\"WebSite\",\"@id\":\"https:\\\/\\\/leregardlibre.com\\\/#website\",\"url\":\"https:\\\/\\\/leregardlibre.com\\\/\",\"name\":\"Le Regard Libre\",\"description\":\"Premier mensuel suisse de d\u00e9bat\",\"publisher\":{\"@id\":\"https:\\\/\\\/leregardlibre.com\\\/#organization\"},\"potentialAction\":[{\"@type\":\"SearchAction\",\"target\":{\"@type\":\"EntryPoint\",\"urlTemplate\":\"https:\\\/\\\/leregardlibre.com\\\/?s={search_term_string}\"},\"query-input\":{\"@type\":\"PropertyValueSpecification\",\"valueRequired\":true,\"valueName\":\"search_term_string\"}}],\"inLanguage\":\"en-US\"},{\"@type\":\"Organization\",\"@id\":\"https:\\\/\\\/leregardlibre.com\\\/#organization\",\"name\":\"Le Regard Libre\",\"url\":\"https:\\\/\\\/leregardlibre.com\\\/\",\"logo\":{\"@type\":\"ImageObject\",\"inLanguage\":\"en-US\",\"@id\":\"https:\\\/\\\/leregardlibre.com\\\/#\\\/schema\\\/logo\\\/image\\\/\",\"url\":\"https:\\\/\\\/leregardlibre.com\\\/wp-content\\\/uploads\\\/2025\\\/08\\\/logo-rl-icone-neg.jpeg\",\"contentUrl\":\"https:\\\/\\\/leregardlibre.com\\\/wp-content\\\/uploads\\\/2025\\\/08\\\/logo-rl-icone-neg.jpeg\",\"width\":557,\"height\":556,\"caption\":\"Le Regard Libre\"},\"image\":{\"@id\":\"https:\\\/\\\/leregardlibre.com\\\/#\\\/schema\\\/logo\\\/image\\\/\"},\"sameAs\":[\"https:\\\/\\\/www.facebook.com\\\/leregardlibre\\\/\",\"https:\\\/\\\/x.com\\\/LeRegardLibre\",\"https:\\\/\\\/www.linkedin.com\\\/company\\\/le-regard-libre\",\"https:\\\/\\\/www.instagram.com\\\/leregardlibre\\\/\",\"http:\\\/\\\/t.me\\\/leregardlibre\",\"https:\\\/\\\/youtube.com\\\/channel\\\/UC6HzGPomj1LsUmlz-sJtITQ\"],\"description\":\"Le Regard Libre est un mensuel suisse de d\u00e9bat intellectuel et culturel. Sa r\u00e9daction est jeune, b\u00e9n\u00e9vole, lib\u00e9rale et pluraliste. Le magazine para\u00eet en ligne et sous forme papier. Sa langue est le fran\u00e7ais.\",\"email\":\"redaction@leregardlibre.com\",\"legalName\":\"Le Regard Libre\",\"foundingDate\":\"2014-01-01\",\"numberOfEmployees\":{\"@type\":\"QuantitativeValue\",\"minValue\":\"11\",\"maxValue\":\"50\"},\"publishingPrinciples\":\"https:\\\/\\\/leregardlibre.com\\\/a-propos\\\/notre-manifeste\\\/\",\"ownershipFundingInfo\":\"https:\\\/\\\/leregardlibre.com\\\/mentions-legales\\\/\",\"actionableFeedbackPolicy\":\"https:\\\/\\\/leregardlibre.com\\\/conditions-generales-de-vente\\\/\"},{\"@type\":\"Person\",\"@id\":\"https:\\\/\\\/leregardlibre.com\\\/#\\\/schema\\\/person\\\/4a90f0c5c8d33c0d6228249a2f2d37f5\",\"name\":\"Lauriane Pipoz\",\"image\":{\"@type\":\"ImageObject\",\"inLanguage\":\"en-US\",\"@id\":\"https:\\\/\\\/secure.gravatar.com\\\/avatar\\\/9a20095942ede01d828f2fc30b63370b5d10612b2f5f1b4099e9dd868b95749d?s=96&d=identicon&r=g\",\"url\":\"https:\\\/\\\/secure.gravatar.com\\\/avatar\\\/9a20095942ede01d828f2fc30b63370b5d10612b2f5f1b4099e9dd868b95749d?s=96&d=identicon&r=g\",\"contentUrl\":\"https:\\\/\\\/secure.gravatar.com\\\/avatar\\\/9a20095942ede01d828f2fc30b63370b5d10612b2f5f1b4099e9dd868b95749d?s=96&d=identicon&r=g\",\"caption\":\"Lauriane Pipoz\"},\"sameAs\":[\"https:\\\/\\\/leregardlibre.com\\\/\",\"https:\\\/\\\/fr.wikipedia.org\\\/wiki\\\/Le_Regard_libre\"],\"url\":\"https:\\\/\\\/leregardlibre.com\\\/en\\\/author\\\/lauriane00\\\/\"}]}<\/script>\n<!-- \/ Yoast SEO Premium plugin. -->","yoast_head_json":{"title":"Not my Favourite","robots":{"index":"index","follow":"follow","max-snippet":"max-snippet:-1","max-image-preview":"max-image-preview:large","max-video-preview":"max-video-preview:-1"},"canonical":"https:\/\/leregardlibre.com\/en\/cinema\/films\/not-my-favourite\/","og_locale":"en_US","og_type":"article","og_title":"Not my Favourite","og_description":"Les mercredis du cin\u00e9ma - Lauriane Pipoz La Favorite se d\u00e9roule au d\u00e9but du XVIIIe si\u00e8cle \u00e0 la cour d\u2019Angleterre....","og_url":"https:\/\/leregardlibre.com\/en\/cinema\/films\/not-my-favourite\/","og_site_name":"Le Regard Libre","article_publisher":"https:\/\/www.facebook.com\/leregardlibre\/","article_published_time":"2019-02-13T11:30:03+00:00","article_modified_time":"2025-12-04T21:37:29+00:00","og_image":[{"width":1400,"height":755,"url":"https:\/\/leregardlibre.com\/wp-content\/uploads\/2019\/02\/Favourite-Szenen-ov-02-Abigail-Emma-Stone.jpg","type":"image\/jpeg"}],"author":"Lauriane Pipoz","twitter_card":"summary_large_image","twitter_creator":"@LeRegardLibre","twitter_site":"@LeRegardLibre","twitter_misc":{"Written by":"Lauriane Pipoz","Est. reading time":"4 minutes"},"schema":{"@context":"https:\/\/schema.org","@graph":[{"@type":"Article","@id":"https:\/\/leregardlibre.com\/cinema\/films\/not-my-favourite\/#article","isPartOf":{"@id":"https:\/\/leregardlibre.com\/cinema\/films\/not-my-favourite\/"},"author":{"name":"Lauriane Pipoz","@id":"https:\/\/leregardlibre.com\/#\/schema\/person\/4a90f0c5c8d33c0d6228249a2f2d37f5"},"headline":"Not my Favourite","datePublished":"2019-02-13T11:30:03+00:00","dateModified":"2025-12-04T21:37:29+00:00","mainEntityOfPage":{"@id":"https:\/\/leregardlibre.com\/cinema\/films\/not-my-favourite\/"},"wordCount":851,"commentCount":0,"publisher":{"@id":"https:\/\/leregardlibre.com\/#organization"},"image":{"@id":"https:\/\/leregardlibre.com\/cinema\/films\/not-my-favourite\/#primaryimage"},"thumbnailUrl":"https:\/\/leregardlibre.com\/wp-content\/uploads\/2019\/02\/Favourite-Szenen-ov-02-Abigail-Emma-Stone.jpg","keywords":["Angleterre","Cin\u00e9ma irlandais","Emma Stone","la favorite","lady sarah","robert harley","XVIIe si\u00e8cle","yorgos lanthimos"],"articleSection":["Films"],"inLanguage":"en-US","potentialAction":[{"@type":"CommentAction","name":"Comment","target":["https:\/\/leregardlibre.com\/cinema\/films\/not-my-favourite\/#respond"]}]},{"@type":"WebPage","@id":"https:\/\/leregardlibre.com\/cinema\/films\/not-my-favourite\/","url":"https:\/\/leregardlibre.com\/cinema\/films\/not-my-favourite\/","name":"Not my Favourite","isPartOf":{"@id":"https:\/\/leregardlibre.com\/#website"},"primaryImageOfPage":{"@id":"https:\/\/leregardlibre.com\/cinema\/films\/not-my-favourite\/#primaryimage"},"image":{"@id":"https:\/\/leregardlibre.com\/cinema\/films\/not-my-favourite\/#primaryimage"},"thumbnailUrl":"https:\/\/leregardlibre.com\/wp-content\/uploads\/2019\/02\/Favourite-Szenen-ov-02-Abigail-Emma-Stone.jpg","datePublished":"2019-02-13T11:30:03+00:00","dateModified":"2025-12-04T21:37:29+00:00","breadcrumb":{"@id":"https:\/\/leregardlibre.com\/cinema\/films\/not-my-favourite\/#breadcrumb"},"inLanguage":"en-US","potentialAction":[{"@type":"ReadAction","target":["https:\/\/leregardlibre.com\/cinema\/films\/not-my-favourite\/"]}]},{"@type":"ImageObject","inLanguage":"en-US","@id":"https:\/\/leregardlibre.com\/cinema\/films\/not-my-favourite\/#primaryimage","url":"https:\/\/leregardlibre.com\/wp-content\/uploads\/2019\/02\/Favourite-Szenen-ov-02-Abigail-Emma-Stone.jpg","contentUrl":"https:\/\/leregardlibre.com\/wp-content\/uploads\/2019\/02\/Favourite-Szenen-ov-02-Abigail-Emma-Stone.jpg","width":1400,"height":755},{"@type":"BreadcrumbList","@id":"https:\/\/leregardlibre.com\/cinema\/films\/not-my-favourite\/#breadcrumb","itemListElement":[{"@type":"ListItem","position":1,"name":"Accueil","item":"https:\/\/leregardlibre.com\/"},{"@type":"ListItem","position":2,"name":"Not my Favourite"}]},{"@type":"WebSite","@id":"https:\/\/leregardlibre.com\/#website","url":"https:\/\/leregardlibre.com\/","name":"Le Regard Libre","description":"Switzerland's first monthly debate magazine","publisher":{"@id":"https:\/\/leregardlibre.com\/#organization"},"potentialAction":[{"@type":"SearchAction","target":{"@type":"EntryPoint","urlTemplate":"https:\/\/leregardlibre.com\/?s={search_term_string}"},"query-input":{"@type":"PropertyValueSpecification","valueRequired":true,"valueName":"search_term_string"}}],"inLanguage":"en-US"},{"@type":"Organization","@id":"https:\/\/leregardlibre.com\/#organization","name":"Le Regard Libre","url":"https:\/\/leregardlibre.com\/","logo":{"@type":"ImageObject","inLanguage":"en-US","@id":"https:\/\/leregardlibre.com\/#\/schema\/logo\/image\/","url":"https:\/\/leregardlibre.com\/wp-content\/uploads\/2025\/08\/logo-rl-icone-neg.jpeg","contentUrl":"https:\/\/leregardlibre.com\/wp-content\/uploads\/2025\/08\/logo-rl-icone-neg.jpeg","width":557,"height":556,"caption":"Le Regard Libre"},"image":{"@id":"https:\/\/leregardlibre.com\/#\/schema\/logo\/image\/"},"sameAs":["https:\/\/www.facebook.com\/leregardlibre\/","https:\/\/x.com\/LeRegardLibre","https:\/\/www.linkedin.com\/company\/le-regard-libre","https:\/\/www.instagram.com\/leregardlibre\/","http:\/\/t.me\/leregardlibre","https:\/\/youtube.com\/channel\/UC6HzGPomj1LsUmlz-sJtITQ"],"description":"Le Regard Libre is a Swiss monthly magazine for intellectual and cultural debate. Its editorial team is young, voluntary, liberal and pluralist. The magazine appears online and in print. Its language is French.","email":"redaction@leregardlibre.com","legalName":"Le Regard Libre","foundingDate":"2014-01-01","numberOfEmployees":{"@type":"QuantitativeValue","minValue":"11","maxValue":"50"},"publishingPrinciples":"https:\/\/leregardlibre.com\/a-propos\/notre-manifeste\/","ownershipFundingInfo":"https:\/\/leregardlibre.com\/mentions-legales\/","actionableFeedbackPolicy":"https:\/\/leregardlibre.com\/conditions-generales-de-vente\/"},{"@type":"Person","@id":"https:\/\/leregardlibre.com\/#\/schema\/person\/4a90f0c5c8d33c0d6228249a2f2d37f5","name":"Lauriane Pipoz","image":{"@type":"ImageObject","inLanguage":"en-US","@id":"https:\/\/secure.gravatar.com\/avatar\/9a20095942ede01d828f2fc30b63370b5d10612b2f5f1b4099e9dd868b95749d?s=96&d=identicon&r=g","url":"https:\/\/secure.gravatar.com\/avatar\/9a20095942ede01d828f2fc30b63370b5d10612b2f5f1b4099e9dd868b95749d?s=96&d=identicon&r=g","contentUrl":"https:\/\/secure.gravatar.com\/avatar\/9a20095942ede01d828f2fc30b63370b5d10612b2f5f1b4099e9dd868b95749d?s=96&d=identicon&r=g","caption":"Lauriane Pipoz"},"sameAs":["https:\/\/leregardlibre.com\/","https:\/\/fr.wikipedia.org\/wiki\/Le_Regard_libre"],"url":"https:\/\/leregardlibre.com\/en\/author\/lauriane00\/"}]}},"_links":{"self":[{"href":"https:\/\/leregardlibre.com\/en\/wp-json\/wp\/v2\/posts\/19243","targetHints":{"allow":["GET"]}}],"collection":[{"href":"https:\/\/leregardlibre.com\/en\/wp-json\/wp\/v2\/posts"}],"about":[{"href":"https:\/\/leregardlibre.com\/en\/wp-json\/wp\/v2\/types\/post"}],"author":[{"embeddable":true,"href":"https:\/\/leregardlibre.com\/en\/wp-json\/wp\/v2\/users\/102"}],"replies":[{"embeddable":true,"href":"https:\/\/leregardlibre.com\/en\/wp-json\/wp\/v2\/comments?post=19243"}],"version-history":[{"count":1,"href":"https:\/\/leregardlibre.com\/en\/wp-json\/wp\/v2\/posts\/19243\/revisions"}],"predecessor-version":[{"id":510341,"href":"https:\/\/leregardlibre.com\/en\/wp-json\/wp\/v2\/posts\/19243\/revisions\/510341"}],"wp:featuredmedia":[{"embeddable":true,"href":"https:\/\/leregardlibre.com\/en\/wp-json\/wp\/v2\/media\/19255"}],"wp:attachment":[{"href":"https:\/\/leregardlibre.com\/en\/wp-json\/wp\/v2\/media?parent=19243"}],"wp:term":[{"taxonomy":"category","embeddable":true,"href":"https:\/\/leregardlibre.com\/en\/wp-json\/wp\/v2\/categories?post=19243"},{"taxonomy":"post_tag","embeddable":true,"href":"https:\/\/leregardlibre.com\/en\/wp-json\/wp\/v2\/tags?post=19243"}],"curies":[{"name":"wp","href":"https:\/\/api.w.org\/{rel}","templated":true}]}}