{"id":19478,"date":"2019-02-19T21:00:01","date_gmt":"2019-02-19T20:00:01","guid":{"rendered":"https:\/\/leregardlibre.com\/?p=19478"},"modified":"2022-09-25T16:21:58","modified_gmt":"2022-09-25T14:21:58","slug":"a-son-image-un-roman-en-funerailles","status":"publish","type":"post","link":"https:\/\/leregardlibre.com\/en\/literature\/a-son-image-un-roman-en-funerailles\/","title":{"rendered":"\u00abA son image\u00bb: a funeral novel"},"content":{"rendered":"<p><em>Tuesday books - Loris S. Musumeci<\/em><\/p>\n\n\n\n<blockquote class=\"wp-block-quote is-layout-flow wp-block-quote-is-layout-flow\"><p>\u00abOf all the songs in the funeral Mass, the&nbsp;<em>Sanctus&nbsp;<\/em>is the only one whose words remain unchanged, because it is not about men, their birth and death, but only about the Lord, the God of Hosts.&nbsp;<em>Heaven and earth are full of Your glory<\/em>- the caress of his fingertips on her eyelids, the pulp of his forefinger. Simon watches the candle flame dance, always on the lookout for Antonia's smile, and closes his eyes. In the mass sung today, as it has been elaborated over the centuries in a tiny village in central Corsica, it's not just the words of the Mass that are important.&nbsp;<em>Sanctus<\/em> which are unchanging, but also its melody, so that when you listen to it with your eyes closed, it's impossible to know whether the service you're attending is that of the dead or that of the living.\u00bb<\/p><\/blockquote>\n\n\n\n<p class=\"has-drop-cap\">Corsica, 2003: Antonia is found at the bottom of a ravine. On the Ostriconi road, dazzled by the rays of a mild August sun, her car had let itself fall into the void. The family heard the news and were devastated. Especially his uncle and godfather, who, in addition to the sadness that overwhelms him, has to face the ordeal of celebrating the funeral. He is a priest, in spite of himself. It's too hard to recount the young woman's life. He wants to stick to simple, strict liturgy. Nevertheless, we learn that Antonia was a passionate but bitter photographer. All her life, she dreamed of covering the world's major events, such as wars. She did it, in Yugoslavia. To no avail. For the rest, her photos consisted in telling the story of local life; covering weddings with her lens.&nbsp;<\/p>\n\n\n\n<!--more Lire la suite de l\u2019article-->\n\n\n\n<p>J\u00e9r\u00f4me Ferrari ne nous emm\u00e8ne pas bien loin, contrairement \u00e0 ce que l\u2019on pourrait croire. Il \u00e9voque la guerre de Yougoslavie, sans en faire son th\u00e8me central. Il rappelle la guerre italo-turque en Lybie au d\u00e9but du si\u00e8cle dernier, sous forme d\u2019anecdote. L\u2019\u00e9crivain, laur\u00e9at du Goncourt en 2012, manie ses r\u00e9f\u00e9rences avec talent. Parce qu\u2019il ancre son r\u00e9cit dans la profondeur de la Corse, durant ses ann\u00e9es les plus chaudes politiquement; dans la profondeur des m\u00e9lodies tragiques des cultures m\u00e9diterran\u00e9ennes; dans la profondeur de la foi catholique et de ses rites; dans la profondeur des r\u00eaves d\u2019une jeune femme; dans la profondeur de la terre o\u00f9 on l\u2019enterre.<\/p>\n\n\n\n<p><em>A son image<\/em> n\u2019est pas le roman le plus facile d\u2019acc\u00e8s. Il n\u2019en demeure pas moins un r\u00e9cit fort de questions philosophiques, de r\u00e9flexions historiques et d\u2019un int\u00e9r\u00eat saisissant. Quel est notre rapport \u00e0 l\u2019image? Que dit la photographie? Traite-t-elle du r\u00e9el? Est-elle obsc\u00e8ne? Surtout quand elle montre la guerre, des hommes humili\u00e9s, des humbles d\u00e9combres, des cadavres sans humilit\u00e9? Ou quand le sujet n\u2019est que supercherie, comme lorsqu\u2019Antonia se rend \u00e0 une conf\u00e9rence du FLNC (Front de lib\u00e9ration nationale corse) et y reconna\u00eet tous ses copains d\u2019enfance derri\u00e8re leurs vulgaires cagoules? Ou quand le sujet semble \u00eatre bien trop grave pour s\u2019exprimer \u00e0 travers une image? La photographie est-elle une idole, insulte \u00e0 Celui qui nous a cr\u00e9\u00e9s \u00e0 Son image?<\/p>\n\n\n\n<p>Du c\u00f4t\u00e9 du style, m\u00eame s\u2019il aurait m\u00e9rit\u00e9 plus de sobri\u00e9t\u00e9, en livrant des phrases plus courtes et plus s\u00e8ches, il faut reconna\u00eetre que sa beaut\u00e9 est v\u00e9ritable. Il en va de m\u00eame pour la structure du roman: un peu plus de simplicit\u00e9 n\u2019aurait pas fait de mal aux titres des chapitres. Si l\u2019id\u00e9e de les nommer par les diff\u00e9rentes \u00e9tapes successives de la liturgie fun\u00e9raire est excellente, les titres de photos qui les accompagnent entre parenth\u00e8ses sont, \u00e0 mon sens, de trop. N\u00e9anmoins, J\u00e9r\u00f4me Ferrari r\u00e9ussit \u00e0 fournir son chapitrage d\u2019une authentique construction, sans para\u00eetre scolaire ni futile. Aussi, le c\u00f4t\u00e9 compulsif et de l\u2019\u00e9criture et de la coupure des chapitres entre dans un contraste stup\u00e9fiant avec la lourdeur et la lenteur qui si\u00e9ent \u00e0 un enterrement.<\/p>\n\n\n\n<p>Enfin, c\u2019est une ambiance toute particuli\u00e8re qui nous est offerte avec\u00a0<em>A son image<\/em>. Alors que le roman ne fait que de br\u00e8ves allusions \u00e0 la musique, celle-ci est sous-entendue par un texte qui donne \u00e0 la Corse toute la fascination qu\u2019elle suscite et le d\u00e9sespoir qu\u2019elle laisse entendre. Comme toutes les \u00eeles, confin\u00e9es \u00e0 leurs propres c\u00f4tes, si \u00e9troites. On entend en effet les voix tremblotantes et graves des chants corses. Les chants religieux rendent un hommage quelque peu maladroit \u00e0 la m\u00e9moire d\u2019Antonia. Mais pas ce roman, qui dresse un portrait de la photographe\u00a0<em>\u00e0 son image<\/em>, et cela suffit.\u00a0<\/p>\n\n\n\n<p><strong>J\u00e9r\u00f4me Ferrari<br><em>A son image<\/em><br>Editions Actes Sud<br>2018<br>219 pages<\/strong><\/p>\n\n\n\n<p><em>Write to the author:&nbsp;<a href=\"mailto:loris.musumeci@leregardlibre.com\">loris.musumeci@leregardlibre.com<\/a><\/em><\/p>\n\n\n\n<p>Photo credit: \u00a9 Loris S. Musumeci for&nbsp;<em>Le Regard Libre<\/em><\/p>","protected":false},"excerpt":{"rendered":"<p>Les bouquins du mardi&nbsp;\u2013 Loris S. Musumeci \u00abDe tous les chants de la messe de fun\u00e9railles, le&nbsp;Sanctus&nbsp;est le seul dont&#8230;<\/p>","protected":false},"author":18,"featured_media":510358,"comment_status":"open","ping_status":"open","sticky":false,"template":"","format":"standard","meta":{"_acf_changed":false,"footnotes":""},"categories":[20663],"tags":[644341130,644341126,54879,241342,644341132,6038641,2093127,61091,686,644341128,211032,165194],"class_list":["post-19478","post","type-post","status-publish","format-standard","has-post-thumbnail","hentry","category-litterature","tag-antonia","tag-corse","tag-critiques-litteraires","tag-dieu","tag-flnc","tag-funerailles","tag-goncourt","tag-guerre","tag-image","tag-liturgie","tag-mort","tag-yougoslavie"],"acf":[],"yoast_head":"<!-- This site is optimized with the Yoast SEO Premium plugin v27.4 (Yoast SEO v27.4) - https:\/\/yoast.com\/product\/yoast-seo-premium-wordpress\/ -->\n<title>\u00abA son image\u00bb: un roman en fun\u00e9railles<\/title>\n<meta name=\"robots\" content=\"index, follow, max-snippet:-1, max-image-preview:large, max-video-preview:-1\" \/>\n<link rel=\"canonical\" href=\"https:\/\/leregardlibre.com\/en\/literature\/a-son-image-un-roman-en-funerailles\/\" \/>\n<meta property=\"og:locale\" content=\"en_US\" \/>\n<meta property=\"og:type\" content=\"article\" \/>\n<meta property=\"og:title\" content=\"\u00abA son image\u00bb: un roman en fun\u00e9railles\" \/>\n<meta property=\"og:description\" content=\"Les bouquins du mardi&nbsp;\u2013 Loris S. Musumeci \u00abDe tous les chants de la messe de fun\u00e9railles, le&nbsp;Sanctus&nbsp;est le seul dont...\" \/>\n<meta property=\"og:url\" content=\"https:\/\/leregardlibre.com\/en\/literature\/a-son-image-un-roman-en-funerailles\/\" \/>\n<meta property=\"og:site_name\" content=\"Le Regard Libre\" \/>\n<meta property=\"article:publisher\" content=\"https:\/\/www.facebook.com\/leregardlibre\/\" \/>\n<meta property=\"article:published_time\" content=\"2019-02-19T20:00:01+00:00\" \/>\n<meta property=\"article:modified_time\" content=\"2022-09-25T14:21:58+00:00\" \/>\n<meta property=\"og:image\" content=\"https:\/\/leregardlibre.com\/wp-content\/uploads\/2019\/02\/P2190253-1-1024x768.jpg\" \/>\n\t<meta property=\"og:image:width\" content=\"1024\" \/>\n\t<meta property=\"og:image:height\" content=\"768\" \/>\n\t<meta property=\"og:image:type\" content=\"image\/jpeg\" \/>\n<meta name=\"author\" content=\"Loris S. Musumeci\" \/>\n<meta name=\"twitter:card\" content=\"summary_large_image\" \/>\n<meta name=\"twitter:creator\" content=\"@LeRegardLibre\" \/>\n<meta name=\"twitter:site\" content=\"@LeRegardLibre\" \/>\n<meta name=\"twitter:label1\" content=\"Written by\" \/>\n\t<meta name=\"twitter:data1\" content=\"Loris S. Musumeci\" \/>\n\t<meta name=\"twitter:label2\" content=\"Est. reading time\" \/>\n\t<meta name=\"twitter:data2\" content=\"4 minutes\" \/>\n<script type=\"application\/ld+json\" class=\"yoast-schema-graph\">{\"@context\":\"https:\\\/\\\/schema.org\",\"@graph\":[{\"@type\":\"Article\",\"@id\":\"https:\\\/\\\/leregardlibre.com\\\/litterature\\\/a-son-image-un-roman-en-funerailles\\\/#article\",\"isPartOf\":{\"@id\":\"https:\\\/\\\/leregardlibre.com\\\/litterature\\\/a-son-image-un-roman-en-funerailles\\\/\"},\"author\":{\"name\":\"Loris S. Musumeci\",\"@id\":\"https:\\\/\\\/leregardlibre.com\\\/#\\\/schema\\\/person\\\/04d80ec47094bca6b1fa22dffad24005\"},\"headline\":\"\u00abA son image\u00bb: un roman en fun\u00e9railles\",\"datePublished\":\"2019-02-19T20:00:01+00:00\",\"dateModified\":\"2022-09-25T14:21:58+00:00\",\"mainEntityOfPage\":{\"@id\":\"https:\\\/\\\/leregardlibre.com\\\/litterature\\\/a-son-image-un-roman-en-funerailles\\\/\"},\"wordCount\":904,\"commentCount\":0,\"publisher\":{\"@id\":\"https:\\\/\\\/leregardlibre.com\\\/#organization\"},\"image\":{\"@id\":\"https:\\\/\\\/leregardlibre.com\\\/litterature\\\/a-son-image-un-roman-en-funerailles\\\/#primaryimage\"},\"thumbnailUrl\":\"https:\\\/\\\/leregardlibre.com\\\/wp-content\\\/uploads\\\/2019\\\/02\\\/P2190253-1.jpg\",\"keywords\":[\"antonia\",\"Corse\",\"Critique litt\u00e9raire\",\"Dieu\",\"flnc\",\"fun\u00e9railles\",\"Goncourt\",\"Guerre\",\"image\",\"liturgie\",\"Mort\",\"Yougoslavie\"],\"articleSection\":[\"Litt\u00e9rature\"],\"inLanguage\":\"en-US\",\"potentialAction\":[{\"@type\":\"CommentAction\",\"name\":\"Comment\",\"target\":[\"https:\\\/\\\/leregardlibre.com\\\/litterature\\\/a-son-image-un-roman-en-funerailles\\\/#respond\"]}]},{\"@type\":\"WebPage\",\"@id\":\"https:\\\/\\\/leregardlibre.com\\\/litterature\\\/a-son-image-un-roman-en-funerailles\\\/\",\"url\":\"https:\\\/\\\/leregardlibre.com\\\/litterature\\\/a-son-image-un-roman-en-funerailles\\\/\",\"name\":\"\u00abA son image\u00bb: un roman en fun\u00e9railles\",\"isPartOf\":{\"@id\":\"https:\\\/\\\/leregardlibre.com\\\/#website\"},\"primaryImageOfPage\":{\"@id\":\"https:\\\/\\\/leregardlibre.com\\\/litterature\\\/a-son-image-un-roman-en-funerailles\\\/#primaryimage\"},\"image\":{\"@id\":\"https:\\\/\\\/leregardlibre.com\\\/litterature\\\/a-son-image-un-roman-en-funerailles\\\/#primaryimage\"},\"thumbnailUrl\":\"https:\\\/\\\/leregardlibre.com\\\/wp-content\\\/uploads\\\/2019\\\/02\\\/P2190253-1.jpg\",\"datePublished\":\"2019-02-19T20:00:01+00:00\",\"dateModified\":\"2022-09-25T14:21:58+00:00\",\"breadcrumb\":{\"@id\":\"https:\\\/\\\/leregardlibre.com\\\/litterature\\\/a-son-image-un-roman-en-funerailles\\\/#breadcrumb\"},\"inLanguage\":\"en-US\",\"potentialAction\":[{\"@type\":\"ReadAction\",\"target\":[\"https:\\\/\\\/leregardlibre.com\\\/litterature\\\/a-son-image-un-roman-en-funerailles\\\/\"]}]},{\"@type\":\"ImageObject\",\"inLanguage\":\"en-US\",\"@id\":\"https:\\\/\\\/leregardlibre.com\\\/litterature\\\/a-son-image-un-roman-en-funerailles\\\/#primaryimage\",\"url\":\"https:\\\/\\\/leregardlibre.com\\\/wp-content\\\/uploads\\\/2019\\\/02\\\/P2190253-1.jpg\",\"contentUrl\":\"https:\\\/\\\/leregardlibre.com\\\/wp-content\\\/uploads\\\/2019\\\/02\\\/P2190253-1.jpg\",\"width\":4608,\"height\":3456,\"caption\":\"OLYMPUS DIGITAL CAMERA\"},{\"@type\":\"BreadcrumbList\",\"@id\":\"https:\\\/\\\/leregardlibre.com\\\/litterature\\\/a-son-image-un-roman-en-funerailles\\\/#breadcrumb\",\"itemListElement\":[{\"@type\":\"ListItem\",\"position\":1,\"name\":\"Accueil\",\"item\":\"https:\\\/\\\/leregardlibre.com\\\/\"},{\"@type\":\"ListItem\",\"position\":2,\"name\":\"\u00abA son image\u00bb: un roman en fun\u00e9railles\"}]},{\"@type\":\"WebSite\",\"@id\":\"https:\\\/\\\/leregardlibre.com\\\/#website\",\"url\":\"https:\\\/\\\/leregardlibre.com\\\/\",\"name\":\"Le Regard Libre\",\"description\":\"Premier mensuel suisse de d\u00e9bat\",\"publisher\":{\"@id\":\"https:\\\/\\\/leregardlibre.com\\\/#organization\"},\"potentialAction\":[{\"@type\":\"SearchAction\",\"target\":{\"@type\":\"EntryPoint\",\"urlTemplate\":\"https:\\\/\\\/leregardlibre.com\\\/?s={search_term_string}\"},\"query-input\":{\"@type\":\"PropertyValueSpecification\",\"valueRequired\":true,\"valueName\":\"search_term_string\"}}],\"inLanguage\":\"en-US\"},{\"@type\":\"Organization\",\"@id\":\"https:\\\/\\\/leregardlibre.com\\\/#organization\",\"name\":\"Le Regard Libre\",\"url\":\"https:\\\/\\\/leregardlibre.com\\\/\",\"logo\":{\"@type\":\"ImageObject\",\"inLanguage\":\"en-US\",\"@id\":\"https:\\\/\\\/leregardlibre.com\\\/#\\\/schema\\\/logo\\\/image\\\/\",\"url\":\"https:\\\/\\\/leregardlibre.com\\\/wp-content\\\/uploads\\\/2025\\\/08\\\/logo-rl-icone-neg.jpeg\",\"contentUrl\":\"https:\\\/\\\/leregardlibre.com\\\/wp-content\\\/uploads\\\/2025\\\/08\\\/logo-rl-icone-neg.jpeg\",\"width\":557,\"height\":556,\"caption\":\"Le Regard Libre\"},\"image\":{\"@id\":\"https:\\\/\\\/leregardlibre.com\\\/#\\\/schema\\\/logo\\\/image\\\/\"},\"sameAs\":[\"https:\\\/\\\/www.facebook.com\\\/leregardlibre\\\/\",\"https:\\\/\\\/x.com\\\/LeRegardLibre\",\"https:\\\/\\\/www.linkedin.com\\\/company\\\/le-regard-libre\",\"https:\\\/\\\/www.instagram.com\\\/leregardlibre\\\/\",\"http:\\\/\\\/t.me\\\/leregardlibre\",\"https:\\\/\\\/youtube.com\\\/channel\\\/UC6HzGPomj1LsUmlz-sJtITQ\"],\"description\":\"Le Regard Libre est un mensuel suisse de d\u00e9bat intellectuel et culturel. Sa r\u00e9daction est jeune, b\u00e9n\u00e9vole, lib\u00e9rale et pluraliste. Le magazine para\u00eet en ligne et sous forme papier. Sa langue est le fran\u00e7ais.\",\"email\":\"redaction@leregardlibre.com\",\"legalName\":\"Le Regard Libre\",\"foundingDate\":\"2014-01-01\",\"numberOfEmployees\":{\"@type\":\"QuantitativeValue\",\"minValue\":\"11\",\"maxValue\":\"50\"},\"publishingPrinciples\":\"https:\\\/\\\/leregardlibre.com\\\/a-propos\\\/notre-manifeste\\\/\",\"ownershipFundingInfo\":\"https:\\\/\\\/leregardlibre.com\\\/mentions-legales\\\/\",\"actionableFeedbackPolicy\":\"https:\\\/\\\/leregardlibre.com\\\/conditions-generales-de-vente\\\/\"},{\"@type\":\"Person\",\"@id\":\"https:\\\/\\\/leregardlibre.com\\\/#\\\/schema\\\/person\\\/04d80ec47094bca6b1fa22dffad24005\",\"name\":\"Loris S. Musumeci\",\"image\":{\"@type\":\"ImageObject\",\"inLanguage\":\"en-US\",\"@id\":\"https:\\\/\\\/secure.gravatar.com\\\/avatar\\\/fa476654dadfee0d962e80160d0303549febb2769f8fa26c7a1ebe037f7c7c54?s=96&d=identicon&r=g\",\"url\":\"https:\\\/\\\/secure.gravatar.com\\\/avatar\\\/fa476654dadfee0d962e80160d0303549febb2769f8fa26c7a1ebe037f7c7c54?s=96&d=identicon&r=g\",\"contentUrl\":\"https:\\\/\\\/secure.gravatar.com\\\/avatar\\\/fa476654dadfee0d962e80160d0303549febb2769f8fa26c7a1ebe037f7c7c54?s=96&d=identicon&r=g\",\"caption\":\"Loris S. Musumeci\"},\"sameAs\":[\"https:\\\/\\\/leregardlibre.com\\\/\",\"https:\\\/\\\/fr.wikipedia.org\\\/wiki\\\/Le_Regard_libre\"],\"url\":\"https:\\\/\\\/leregardlibre.com\\\/en\\\/author\\\/loris-musumeci\\\/\"}]}<\/script>\n<!-- \/ Yoast SEO Premium plugin. -->","yoast_head_json":{"title":"\u00abA son image\u00bb: a funeral novel","robots":{"index":"index","follow":"follow","max-snippet":"max-snippet:-1","max-image-preview":"max-image-preview:large","max-video-preview":"max-video-preview:-1"},"canonical":"https:\/\/leregardlibre.com\/en\/literature\/a-son-image-un-roman-en-funerailles\/","og_locale":"en_US","og_type":"article","og_title":"\u00abA son image\u00bb: un roman en fun\u00e9railles","og_description":"Les bouquins du mardi&nbsp;\u2013 Loris S. Musumeci \u00abDe tous les chants de la messe de fun\u00e9railles, le&nbsp;Sanctus&nbsp;est le seul dont...","og_url":"https:\/\/leregardlibre.com\/en\/literature\/a-son-image-un-roman-en-funerailles\/","og_site_name":"Le Regard Libre","article_publisher":"https:\/\/www.facebook.com\/leregardlibre\/","article_published_time":"2019-02-19T20:00:01+00:00","article_modified_time":"2022-09-25T14:21:58+00:00","og_image":[{"width":1024,"height":768,"url":"https:\/\/leregardlibre.com\/wp-content\/uploads\/2019\/02\/P2190253-1-1024x768.jpg","type":"image\/jpeg"}],"author":"Loris S. Musumeci","twitter_card":"summary_large_image","twitter_creator":"@LeRegardLibre","twitter_site":"@LeRegardLibre","twitter_misc":{"Written by":"Loris S. Musumeci","Est. reading time":"4 minutes"},"schema":{"@context":"https:\/\/schema.org","@graph":[{"@type":"Article","@id":"https:\/\/leregardlibre.com\/litterature\/a-son-image-un-roman-en-funerailles\/#article","isPartOf":{"@id":"https:\/\/leregardlibre.com\/litterature\/a-son-image-un-roman-en-funerailles\/"},"author":{"name":"Loris S. Musumeci","@id":"https:\/\/leregardlibre.com\/#\/schema\/person\/04d80ec47094bca6b1fa22dffad24005"},"headline":"\u00abA son image\u00bb: un roman en fun\u00e9railles","datePublished":"2019-02-19T20:00:01+00:00","dateModified":"2022-09-25T14:21:58+00:00","mainEntityOfPage":{"@id":"https:\/\/leregardlibre.com\/litterature\/a-son-image-un-roman-en-funerailles\/"},"wordCount":904,"commentCount":0,"publisher":{"@id":"https:\/\/leregardlibre.com\/#organization"},"image":{"@id":"https:\/\/leregardlibre.com\/litterature\/a-son-image-un-roman-en-funerailles\/#primaryimage"},"thumbnailUrl":"https:\/\/leregardlibre.com\/wp-content\/uploads\/2019\/02\/P2190253-1.jpg","keywords":["antonia","Corse","Critique litt\u00e9raire","Dieu","flnc","fun\u00e9railles","Goncourt","Guerre","image","liturgie","Mort","Yougoslavie"],"articleSection":["Litt\u00e9rature"],"inLanguage":"en-US","potentialAction":[{"@type":"CommentAction","name":"Comment","target":["https:\/\/leregardlibre.com\/litterature\/a-son-image-un-roman-en-funerailles\/#respond"]}]},{"@type":"WebPage","@id":"https:\/\/leregardlibre.com\/litterature\/a-son-image-un-roman-en-funerailles\/","url":"https:\/\/leregardlibre.com\/litterature\/a-son-image-un-roman-en-funerailles\/","name":"\u00abA son image\u00bb: a funeral novel","isPartOf":{"@id":"https:\/\/leregardlibre.com\/#website"},"primaryImageOfPage":{"@id":"https:\/\/leregardlibre.com\/litterature\/a-son-image-un-roman-en-funerailles\/#primaryimage"},"image":{"@id":"https:\/\/leregardlibre.com\/litterature\/a-son-image-un-roman-en-funerailles\/#primaryimage"},"thumbnailUrl":"https:\/\/leregardlibre.com\/wp-content\/uploads\/2019\/02\/P2190253-1.jpg","datePublished":"2019-02-19T20:00:01+00:00","dateModified":"2022-09-25T14:21:58+00:00","breadcrumb":{"@id":"https:\/\/leregardlibre.com\/litterature\/a-son-image-un-roman-en-funerailles\/#breadcrumb"},"inLanguage":"en-US","potentialAction":[{"@type":"ReadAction","target":["https:\/\/leregardlibre.com\/litterature\/a-son-image-un-roman-en-funerailles\/"]}]},{"@type":"ImageObject","inLanguage":"en-US","@id":"https:\/\/leregardlibre.com\/litterature\/a-son-image-un-roman-en-funerailles\/#primaryimage","url":"https:\/\/leregardlibre.com\/wp-content\/uploads\/2019\/02\/P2190253-1.jpg","contentUrl":"https:\/\/leregardlibre.com\/wp-content\/uploads\/2019\/02\/P2190253-1.jpg","width":4608,"height":3456,"caption":"OLYMPUS DIGITAL CAMERA"},{"@type":"BreadcrumbList","@id":"https:\/\/leregardlibre.com\/litterature\/a-son-image-un-roman-en-funerailles\/#breadcrumb","itemListElement":[{"@type":"ListItem","position":1,"name":"Accueil","item":"https:\/\/leregardlibre.com\/"},{"@type":"ListItem","position":2,"name":"\u00abA son image\u00bb: un roman en fun\u00e9railles"}]},{"@type":"WebSite","@id":"https:\/\/leregardlibre.com\/#website","url":"https:\/\/leregardlibre.com\/","name":"Le Regard Libre","description":"Switzerland's first monthly debate magazine","publisher":{"@id":"https:\/\/leregardlibre.com\/#organization"},"potentialAction":[{"@type":"SearchAction","target":{"@type":"EntryPoint","urlTemplate":"https:\/\/leregardlibre.com\/?s={search_term_string}"},"query-input":{"@type":"PropertyValueSpecification","valueRequired":true,"valueName":"search_term_string"}}],"inLanguage":"en-US"},{"@type":"Organization","@id":"https:\/\/leregardlibre.com\/#organization","name":"Le Regard Libre","url":"https:\/\/leregardlibre.com\/","logo":{"@type":"ImageObject","inLanguage":"en-US","@id":"https:\/\/leregardlibre.com\/#\/schema\/logo\/image\/","url":"https:\/\/leregardlibre.com\/wp-content\/uploads\/2025\/08\/logo-rl-icone-neg.jpeg","contentUrl":"https:\/\/leregardlibre.com\/wp-content\/uploads\/2025\/08\/logo-rl-icone-neg.jpeg","width":557,"height":556,"caption":"Le Regard Libre"},"image":{"@id":"https:\/\/leregardlibre.com\/#\/schema\/logo\/image\/"},"sameAs":["https:\/\/www.facebook.com\/leregardlibre\/","https:\/\/x.com\/LeRegardLibre","https:\/\/www.linkedin.com\/company\/le-regard-libre","https:\/\/www.instagram.com\/leregardlibre\/","http:\/\/t.me\/leregardlibre","https:\/\/youtube.com\/channel\/UC6HzGPomj1LsUmlz-sJtITQ"],"description":"Le Regard Libre is a Swiss monthly magazine for intellectual and cultural debate. Its editorial team is young, voluntary, liberal and pluralist. The magazine appears online and in print. Its language is French.","email":"redaction@leregardlibre.com","legalName":"Le Regard Libre","foundingDate":"2014-01-01","numberOfEmployees":{"@type":"QuantitativeValue","minValue":"11","maxValue":"50"},"publishingPrinciples":"https:\/\/leregardlibre.com\/a-propos\/notre-manifeste\/","ownershipFundingInfo":"https:\/\/leregardlibre.com\/mentions-legales\/","actionableFeedbackPolicy":"https:\/\/leregardlibre.com\/conditions-generales-de-vente\/"},{"@type":"Person","@id":"https:\/\/leregardlibre.com\/#\/schema\/person\/04d80ec47094bca6b1fa22dffad24005","name":"Loris S. Musumeci","image":{"@type":"ImageObject","inLanguage":"en-US","@id":"https:\/\/secure.gravatar.com\/avatar\/fa476654dadfee0d962e80160d0303549febb2769f8fa26c7a1ebe037f7c7c54?s=96&d=identicon&r=g","url":"https:\/\/secure.gravatar.com\/avatar\/fa476654dadfee0d962e80160d0303549febb2769f8fa26c7a1ebe037f7c7c54?s=96&d=identicon&r=g","contentUrl":"https:\/\/secure.gravatar.com\/avatar\/fa476654dadfee0d962e80160d0303549febb2769f8fa26c7a1ebe037f7c7c54?s=96&d=identicon&r=g","caption":"Loris S. Musumeci"},"sameAs":["https:\/\/leregardlibre.com\/","https:\/\/fr.wikipedia.org\/wiki\/Le_Regard_libre"],"url":"https:\/\/leregardlibre.com\/en\/author\/loris-musumeci\/"}]}},"_links":{"self":[{"href":"https:\/\/leregardlibre.com\/en\/wp-json\/wp\/v2\/posts\/19478","targetHints":{"allow":["GET"]}}],"collection":[{"href":"https:\/\/leregardlibre.com\/en\/wp-json\/wp\/v2\/posts"}],"about":[{"href":"https:\/\/leregardlibre.com\/en\/wp-json\/wp\/v2\/types\/post"}],"author":[{"embeddable":true,"href":"https:\/\/leregardlibre.com\/en\/wp-json\/wp\/v2\/users\/18"}],"replies":[{"embeddable":true,"href":"https:\/\/leregardlibre.com\/en\/wp-json\/wp\/v2\/comments?post=19478"}],"version-history":[{"count":1,"href":"https:\/\/leregardlibre.com\/en\/wp-json\/wp\/v2\/posts\/19478\/revisions"}],"predecessor-version":[{"id":510357,"href":"https:\/\/leregardlibre.com\/en\/wp-json\/wp\/v2\/posts\/19478\/revisions\/510357"}],"wp:featuredmedia":[{"embeddable":true,"href":"https:\/\/leregardlibre.com\/en\/wp-json\/wp\/v2\/media\/510358"}],"wp:attachment":[{"href":"https:\/\/leregardlibre.com\/en\/wp-json\/wp\/v2\/media?parent=19478"}],"wp:term":[{"taxonomy":"category","embeddable":true,"href":"https:\/\/leregardlibre.com\/en\/wp-json\/wp\/v2\/categories?post=19478"},{"taxonomy":"post_tag","embeddable":true,"href":"https:\/\/leregardlibre.com\/en\/wp-json\/wp\/v2\/tags?post=19478"}],"curies":[{"name":"wp","href":"https:\/\/api.w.org\/{rel}","templated":true}]}}