{"id":19492,"date":"2019-02-20T12:18:33","date_gmt":"2019-02-20T11:18:33","guid":{"rendered":"https:\/\/leregardlibre.com\/?p=19492"},"modified":"2025-12-04T22:37:24","modified_gmt":"2025-12-04T21:37:24","slug":"franck-dubosc-the-most-handsome-of-the-handsome-in-all-inclusive","status":"publish","type":"post","link":"https:\/\/leregardlibre.com\/en\/cinema\/films\/franck-dubosc-the-most-handsome-of-the-handsome-in-all-inclusive\/","title":{"rendered":"Franck Dubosc, the most handsome of the handsome, in \u00abAll Inclusive\u00bb.\u00bb"},"content":{"rendered":"<p><em>Cinema Wednesdays - Jonas Follonier<\/em><\/p>\n\n\n\n<p class=\"has-drop-cap\"><strong>In <\/strong><em><strong>All inclusive<\/strong><\/em><strong>, Franck Dubosc more than ever embodies the redneck character he has become. The film, with its flaws, marries the beaufude to perfection and gives viewers a great time. A great success.<\/strong><\/p>\n\n\n\n<!--more Lire la critique-->\n\n\n\n<p>Bruno (Fran\u00e7ois-Xavier Demaison) is the winner of the \u00abLune 2 Miel\u00bb competition and wins a week's vacation in a Caribbean hotel. <em>all inclusive<\/em>. At the airport, his wife realizes that her passport has expired, which causes the couple to quarrel. She won't be boarding. Bruno can leave alone. So much the better, says the audience. It's just as well, he'll be able to enjoy a week in total freedom. But that's without taking into account Jean-Paul Cisse (Franck Dubosc), who witnessed the scene and who Bruno will have to put up with for the whole stay.<\/p>\n\n\n\n<figure class=\"wp-block-embed-youtube wp-block-embed is-type-video is-provider-youtube wp-embed-aspect-16-9 wp-has-aspect-ratio\"><div class=\"wp-block-embed__wrapper\">\n<iframe title=\"ALL INCLUSIVE Trailer (Comedy, 2019) Franck Dubosc, Mister V\" width=\"1000\" height=\"563\" src=\"https:\/\/www.youtube.com\/embed\/E72vQy3nmCU?feature=oembed\" frameborder=\"0\" allow=\"accelerometer; autoplay; clipboard-write; encrypted-media; gyroscope; picture-in-picture; web-share\" referrerpolicy=\"strict-origin-when-cross-origin\" allowfullscreen><\/iframe>\n<\/div><\/figure>\n\n\n\n<p>Honestly, the film is well-crafted, and we'd like to tell anyone who wants to see Franck Dubosc in a different guise to look elsewhere - expression <em>typical redneck<\/em>. Like our audience, the film doesn't take the piss. It's a register. And it has to be said that the dialogue penned by Fabien Onteniente (the director), Guy Laurent and Franck Dubosc confirms the repetitive - and therefore funny - nature of this proudly French cinema. Here's a small selection:<\/p>\n\n\n\n<blockquote class=\"wp-block-quote is-layout-flow wp-block-quote-is-layout-flow\"><p>\u00abRight now, your wife is The Voice: you turned around without knowing her.\u00bb (Jean-Paul Cisse, <em>All inclusive<\/em>, Paris, 2019)<\/p><\/blockquote>\n\n\n\n<blockquote class=\"wp-block-quote is-layout-flow wp-block-quote-is-layout-flow\"><p>\u00abJean-Paul, he farted in the water.\u00bb<em> (Caroline, Manon, Sonia <\/em>et. al.<em>, <\/em>op. cit.<em>)<\/em><\/p><\/blockquote>\n\n\n\n<blockquote class=\"wp-block-quote is-layout-flow wp-block-quote-is-layout-flow\"><p>\u00abYou're kidding, angel.\u00bb<em> (Bruno, <\/em>op. cit<em>.)<\/em><\/p><\/blockquote>\n\n\n\n<p><em>All inclusive<\/em>, It's also a Josiane Balasko \u00abretired and a widow, and above all a widow, and therefore free, and when I say free, I mean really free, <em>genre<\/em> libre de chez libre\u00bb with ACDC on her breasts - <em>typical redneck<\/em>. It's Thierry Lhermitte playing a repressed homosexual principal in \u00abplus nerard tu meurs\u00bb mode. It's Franck Dubosc as a beaufitude genius and Fran\u00e7ois-Xavier Demaison who doesn't play it very well. But \u00abon s'bat les steaks\u00bb, as they say.<\/p>\n\n\n\n<p>What's great is to see all this ridiculousness shown on screen, embraced and magnified, in the form of fancy dress parties and <em>pool bar<\/em>, and free cocktails. In the picture, as in the movie theater, there are rednecks of every generation. And what makes them so endearing? Quite simply, they're real people. Middle-class people, victims of an age they don't always understand. People with many imperfections, just like this film, and who are therefore fully human. Without artifice.<\/p>\n\n\n\n<p><em>Write to the author: <a href=\"mailto:jonas.follonier@leregardlibre.com\">jonas.follonier@leregardlibre.com<\/a><\/em><\/p>\n\n\n\n<p>Photo credit: \u00a9 Prasens-Film<\/p>\n\n\n\n<table class=\"wp-block-table\"><thead><tr><th>All Inclusive<\/th><\/tr><\/thead><tbody><tr><td>FRANCE, 2019<\/td><\/tr><tr><td><em>Production:<\/em> Fabien Onteniente<\/td><\/tr><tr><td><em>Screenplay:<\/em>&nbsp;Fabien Onteniente, Guy Laurent, Franck Dubosc<\/td><\/tr><tr><td><em>Image:<\/em>&nbsp;Vincent Gallot<\/td><\/tr><tr><td><em>Production:<\/em>&nbsp;Olivier Delbosc<\/td><\/tr><tr><td><em>Distribution:<\/em>&nbsp;Franck Dubosc, Fran\u00e7ois-Xavier Demaison, Josiane Balasko<\/td><\/tr><tr><td><em>Duration:<\/em>&nbsp;1h35<\/td><\/tr><tr><td><em>Output:<\/em><strong>&nbsp;January 30, 2019<\/strong><\/td><\/tr><\/tbody><\/table>","protected":false},"excerpt":{"rendered":"<p>Les mercredis du cin\u00e9ma &#8211; Jonas Follonier Dans All inclusive, Franck Dubosc incarne plus que jamais le personnage de beauf&#8230;<\/p>","protected":false},"author":138,"featured_media":19507,"comment_status":"open","ping_status":"open","sticky":false,"template":"","format":"standard","meta":{"_acf_changed":false,"footnotes":""},"categories":[644355829],"tags":[61026,14227,322478,3147900,644341145],"class_list":["post-19492","post","type-post","status-publish","format-standard","has-post-thumbnail","hentry","category-films","tag-cinema-francais","tag-comedie","tag-franck-dubosc","tag-josiane-balasko","tag-thierry-lhermitte"],"acf":[],"yoast_head":"<!-- This site is optimized with the Yoast SEO Premium plugin v27.4 (Yoast SEO v27.4) - https:\/\/yoast.com\/product\/yoast-seo-premium-wordpress\/ -->\n<title>Franck Dubosc, le plus beauf des beaufs, dans \u00abAll Inclusive\u00bb<\/title>\n<meta name=\"robots\" content=\"index, follow, max-snippet:-1, max-image-preview:large, max-video-preview:-1\" \/>\n<link rel=\"canonical\" href=\"https:\/\/leregardlibre.com\/en\/cinema\/films\/franck-dubosc-the-most-handsome-of-the-handsome-in-all-inclusive\/\" \/>\n<meta property=\"og:locale\" content=\"en_US\" \/>\n<meta property=\"og:type\" content=\"article\" \/>\n<meta property=\"og:title\" content=\"Franck Dubosc, le plus beauf des beaufs, dans \u00abAll Inclusive\u00bb\" \/>\n<meta property=\"og:description\" content=\"Les mercredis du cin\u00e9ma - Jonas Follonier Dans All inclusive, Franck Dubosc incarne plus que jamais le personnage de beauf...\" \/>\n<meta property=\"og:url\" content=\"https:\/\/leregardlibre.com\/en\/cinema\/films\/franck-dubosc-the-most-handsome-of-the-handsome-in-all-inclusive\/\" \/>\n<meta property=\"og:site_name\" content=\"Le Regard Libre\" \/>\n<meta property=\"article:publisher\" content=\"https:\/\/www.facebook.com\/leregardlibre\/\" \/>\n<meta property=\"article:author\" content=\"https:\/\/www.facebook.com\/jonas.follonier\/\" \/>\n<meta property=\"article:published_time\" content=\"2019-02-20T11:18:33+00:00\" \/>\n<meta property=\"article:modified_time\" content=\"2025-12-04T21:37:24+00:00\" \/>\n<meta property=\"og:image\" content=\"https:\/\/leregardlibre.com\/wp-content\/uploads\/2019\/02\/All-Inclusive-1.jpg\" \/>\n\t<meta property=\"og:image:width\" content=\"1920\" \/>\n\t<meta property=\"og:image:height\" content=\"807\" \/>\n\t<meta property=\"og:image:type\" content=\"image\/jpeg\" \/>\n<meta name=\"author\" content=\"Jonas Follonier\" \/>\n<meta name=\"twitter:card\" content=\"summary_large_image\" \/>\n<meta name=\"twitter:creator\" content=\"@LeRegardLibre\" \/>\n<meta name=\"twitter:site\" content=\"@LeRegardLibre\" \/>\n<meta name=\"twitter:label1\" content=\"Written by\" \/>\n\t<meta name=\"twitter:data1\" content=\"Jonas Follonier\" \/>\n\t<meta name=\"twitter:label2\" content=\"Est. reading time\" \/>\n\t<meta name=\"twitter:data2\" content=\"3 minutes\" \/>\n<script type=\"application\/ld+json\" class=\"yoast-schema-graph\">{\"@context\":\"https:\\\/\\\/schema.org\",\"@graph\":[{\"@type\":\"Article\",\"@id\":\"https:\\\/\\\/leregardlibre.com\\\/cinema\\\/films\\\/franck-dubosc-le-plus-beauf-des-beaufs-dans-all-inclusive\\\/#article\",\"isPartOf\":{\"@id\":\"https:\\\/\\\/leregardlibre.com\\\/cinema\\\/films\\\/franck-dubosc-le-plus-beauf-des-beaufs-dans-all-inclusive\\\/\"},\"author\":{\"name\":\"Jonas Follonier\",\"@id\":\"https:\\\/\\\/leregardlibre.com\\\/#\\\/schema\\\/person\\\/bfe5aa794a23be71485d60e2d93ec0d2\"},\"headline\":\"Franck Dubosc, le plus beauf des beaufs, dans \u00abAll Inclusive\u00bb\",\"datePublished\":\"2019-02-20T11:18:33+00:00\",\"dateModified\":\"2025-12-04T21:37:24+00:00\",\"mainEntityOfPage\":{\"@id\":\"https:\\\/\\\/leregardlibre.com\\\/cinema\\\/films\\\/franck-dubosc-le-plus-beauf-des-beaufs-dans-all-inclusive\\\/\"},\"wordCount\":576,\"commentCount\":0,\"publisher\":{\"@id\":\"https:\\\/\\\/leregardlibre.com\\\/#organization\"},\"image\":{\"@id\":\"https:\\\/\\\/leregardlibre.com\\\/cinema\\\/films\\\/franck-dubosc-le-plus-beauf-des-beaufs-dans-all-inclusive\\\/#primaryimage\"},\"thumbnailUrl\":\"https:\\\/\\\/leregardlibre.com\\\/wp-content\\\/uploads\\\/2019\\\/02\\\/All-Inclusive-1.jpg\",\"keywords\":[\"Cin\u00e9ma fran\u00e7ais\",\"Com\u00e9die\",\"Franck Dubosc\",\"Josiane Balasko\",\"Thierry Lhermitte\"],\"articleSection\":[\"Films\"],\"inLanguage\":\"en-US\",\"potentialAction\":[{\"@type\":\"CommentAction\",\"name\":\"Comment\",\"target\":[\"https:\\\/\\\/leregardlibre.com\\\/cinema\\\/films\\\/franck-dubosc-le-plus-beauf-des-beaufs-dans-all-inclusive\\\/#respond\"]}]},{\"@type\":\"WebPage\",\"@id\":\"https:\\\/\\\/leregardlibre.com\\\/cinema\\\/films\\\/franck-dubosc-le-plus-beauf-des-beaufs-dans-all-inclusive\\\/\",\"url\":\"https:\\\/\\\/leregardlibre.com\\\/cinema\\\/films\\\/franck-dubosc-le-plus-beauf-des-beaufs-dans-all-inclusive\\\/\",\"name\":\"Franck Dubosc, le plus beauf des beaufs, dans \u00abAll Inclusive\u00bb\",\"isPartOf\":{\"@id\":\"https:\\\/\\\/leregardlibre.com\\\/#website\"},\"primaryImageOfPage\":{\"@id\":\"https:\\\/\\\/leregardlibre.com\\\/cinema\\\/films\\\/franck-dubosc-le-plus-beauf-des-beaufs-dans-all-inclusive\\\/#primaryimage\"},\"image\":{\"@id\":\"https:\\\/\\\/leregardlibre.com\\\/cinema\\\/films\\\/franck-dubosc-le-plus-beauf-des-beaufs-dans-all-inclusive\\\/#primaryimage\"},\"thumbnailUrl\":\"https:\\\/\\\/leregardlibre.com\\\/wp-content\\\/uploads\\\/2019\\\/02\\\/All-Inclusive-1.jpg\",\"datePublished\":\"2019-02-20T11:18:33+00:00\",\"dateModified\":\"2025-12-04T21:37:24+00:00\",\"breadcrumb\":{\"@id\":\"https:\\\/\\\/leregardlibre.com\\\/cinema\\\/films\\\/franck-dubosc-le-plus-beauf-des-beaufs-dans-all-inclusive\\\/#breadcrumb\"},\"inLanguage\":\"en-US\",\"potentialAction\":[{\"@type\":\"ReadAction\",\"target\":[\"https:\\\/\\\/leregardlibre.com\\\/cinema\\\/films\\\/franck-dubosc-le-plus-beauf-des-beaufs-dans-all-inclusive\\\/\"]}]},{\"@type\":\"ImageObject\",\"inLanguage\":\"en-US\",\"@id\":\"https:\\\/\\\/leregardlibre.com\\\/cinema\\\/films\\\/franck-dubosc-le-plus-beauf-des-beaufs-dans-all-inclusive\\\/#primaryimage\",\"url\":\"https:\\\/\\\/leregardlibre.com\\\/wp-content\\\/uploads\\\/2019\\\/02\\\/All-Inclusive-1.jpg\",\"contentUrl\":\"https:\\\/\\\/leregardlibre.com\\\/wp-content\\\/uploads\\\/2019\\\/02\\\/All-Inclusive-1.jpg\",\"width\":1920,\"height\":807},{\"@type\":\"BreadcrumbList\",\"@id\":\"https:\\\/\\\/leregardlibre.com\\\/cinema\\\/films\\\/franck-dubosc-le-plus-beauf-des-beaufs-dans-all-inclusive\\\/#breadcrumb\",\"itemListElement\":[{\"@type\":\"ListItem\",\"position\":1,\"name\":\"Accueil\",\"item\":\"https:\\\/\\\/leregardlibre.com\\\/\"},{\"@type\":\"ListItem\",\"position\":2,\"name\":\"Franck Dubosc, le plus beauf des beaufs, dans \u00abAll Inclusive\u00bb\"}]},{\"@type\":\"WebSite\",\"@id\":\"https:\\\/\\\/leregardlibre.com\\\/#website\",\"url\":\"https:\\\/\\\/leregardlibre.com\\\/\",\"name\":\"Le Regard Libre\",\"description\":\"Premier mensuel suisse de d\u00e9bat\",\"publisher\":{\"@id\":\"https:\\\/\\\/leregardlibre.com\\\/#organization\"},\"potentialAction\":[{\"@type\":\"SearchAction\",\"target\":{\"@type\":\"EntryPoint\",\"urlTemplate\":\"https:\\\/\\\/leregardlibre.com\\\/?s={search_term_string}\"},\"query-input\":{\"@type\":\"PropertyValueSpecification\",\"valueRequired\":true,\"valueName\":\"search_term_string\"}}],\"inLanguage\":\"en-US\"},{\"@type\":\"Organization\",\"@id\":\"https:\\\/\\\/leregardlibre.com\\\/#organization\",\"name\":\"Le Regard Libre\",\"url\":\"https:\\\/\\\/leregardlibre.com\\\/\",\"logo\":{\"@type\":\"ImageObject\",\"inLanguage\":\"en-US\",\"@id\":\"https:\\\/\\\/leregardlibre.com\\\/#\\\/schema\\\/logo\\\/image\\\/\",\"url\":\"https:\\\/\\\/leregardlibre.com\\\/wp-content\\\/uploads\\\/2025\\\/08\\\/logo-rl-icone-neg.jpeg\",\"contentUrl\":\"https:\\\/\\\/leregardlibre.com\\\/wp-content\\\/uploads\\\/2025\\\/08\\\/logo-rl-icone-neg.jpeg\",\"width\":557,\"height\":556,\"caption\":\"Le Regard Libre\"},\"image\":{\"@id\":\"https:\\\/\\\/leregardlibre.com\\\/#\\\/schema\\\/logo\\\/image\\\/\"},\"sameAs\":[\"https:\\\/\\\/www.facebook.com\\\/leregardlibre\\\/\",\"https:\\\/\\\/x.com\\\/LeRegardLibre\",\"https:\\\/\\\/www.linkedin.com\\\/company\\\/le-regard-libre\",\"https:\\\/\\\/www.instagram.com\\\/leregardlibre\\\/\",\"http:\\\/\\\/t.me\\\/leregardlibre\",\"https:\\\/\\\/youtube.com\\\/channel\\\/UC6HzGPomj1LsUmlz-sJtITQ\"],\"description\":\"Le Regard Libre est un mensuel suisse de d\u00e9bat intellectuel et culturel. Sa r\u00e9daction est jeune, b\u00e9n\u00e9vole, lib\u00e9rale et pluraliste. Le magazine para\u00eet en ligne et sous forme papier. Sa langue est le fran\u00e7ais.\",\"email\":\"redaction@leregardlibre.com\",\"legalName\":\"Le Regard Libre\",\"foundingDate\":\"2014-01-01\",\"numberOfEmployees\":{\"@type\":\"QuantitativeValue\",\"minValue\":\"11\",\"maxValue\":\"50\"},\"publishingPrinciples\":\"https:\\\/\\\/leregardlibre.com\\\/a-propos\\\/notre-manifeste\\\/\",\"ownershipFundingInfo\":\"https:\\\/\\\/leregardlibre.com\\\/mentions-legales\\\/\",\"actionableFeedbackPolicy\":\"https:\\\/\\\/leregardlibre.com\\\/conditions-generales-de-vente\\\/\"},{\"@type\":\"Person\",\"@id\":\"https:\\\/\\\/leregardlibre.com\\\/#\\\/schema\\\/person\\\/bfe5aa794a23be71485d60e2d93ec0d2\",\"name\":\"Jonas Follonier\",\"image\":{\"@type\":\"ImageObject\",\"inLanguage\":\"en-US\",\"@id\":\"https:\\\/\\\/secure.gravatar.com\\\/avatar\\\/602060b40f6a458420c2d140f49b6caea99152ce6704f2c332e5a0c5aad80303?s=96&d=identicon&r=g\",\"url\":\"https:\\\/\\\/secure.gravatar.com\\\/avatar\\\/602060b40f6a458420c2d140f49b6caea99152ce6704f2c332e5a0c5aad80303?s=96&d=identicon&r=g\",\"contentUrl\":\"https:\\\/\\\/secure.gravatar.com\\\/avatar\\\/602060b40f6a458420c2d140f49b6caea99152ce6704f2c332e5a0c5aad80303?s=96&d=identicon&r=g\",\"caption\":\"Jonas Follonier\"},\"description\":\"Correspondant au Palais f\u00e9d\u00e9ral pour \u00abL\u2019Agefi\u00bb, auteur-compositeur-interpr\u00e8te et essayiste, Jonas Follonier est le fondateur et r\u00e9dacteur en chef du \u00abRegard Libre\u00bb.\",\"sameAs\":[\"https:\\\/\\\/www.facebook.com\\\/jonas.follonier\\\/\",\"https:\\\/\\\/www.instagram.com\\\/jonasfollonier\\\/\",\"https:\\\/\\\/www.linkedin.com\\\/in\\\/jonasfollonier\\\/\",\"https:\\\/\\\/fr.wikipedia.org\\\/wiki\\\/Le_Regard_libre\"],\"url\":\"https:\\\/\\\/leregardlibre.com\\\/en\\\/author\\\/jonas-follonier\\\/\"}]}<\/script>\n<!-- \/ Yoast SEO Premium plugin. -->","yoast_head_json":{"title":"Franck Dubosc, the most handsome of the handsome, in \u00abAll Inclusive\u00bb.\u00bb","robots":{"index":"index","follow":"follow","max-snippet":"max-snippet:-1","max-image-preview":"max-image-preview:large","max-video-preview":"max-video-preview:-1"},"canonical":"https:\/\/leregardlibre.com\/en\/cinema\/films\/franck-dubosc-the-most-handsome-of-the-handsome-in-all-inclusive\/","og_locale":"en_US","og_type":"article","og_title":"Franck Dubosc, le plus beauf des beaufs, dans \u00abAll Inclusive\u00bb","og_description":"Les mercredis du cin\u00e9ma - Jonas Follonier Dans All inclusive, Franck Dubosc incarne plus que jamais le personnage de beauf...","og_url":"https:\/\/leregardlibre.com\/en\/cinema\/films\/franck-dubosc-the-most-handsome-of-the-handsome-in-all-inclusive\/","og_site_name":"Le Regard Libre","article_publisher":"https:\/\/www.facebook.com\/leregardlibre\/","article_author":"https:\/\/www.facebook.com\/jonas.follonier\/","article_published_time":"2019-02-20T11:18:33+00:00","article_modified_time":"2025-12-04T21:37:24+00:00","og_image":[{"width":1920,"height":807,"url":"https:\/\/leregardlibre.com\/wp-content\/uploads\/2019\/02\/All-Inclusive-1.jpg","type":"image\/jpeg"}],"author":"Jonas Follonier","twitter_card":"summary_large_image","twitter_creator":"@LeRegardLibre","twitter_site":"@LeRegardLibre","twitter_misc":{"Written by":"Jonas Follonier","Est. reading time":"3 minutes"},"schema":{"@context":"https:\/\/schema.org","@graph":[{"@type":"Article","@id":"https:\/\/leregardlibre.com\/cinema\/films\/franck-dubosc-le-plus-beauf-des-beaufs-dans-all-inclusive\/#article","isPartOf":{"@id":"https:\/\/leregardlibre.com\/cinema\/films\/franck-dubosc-le-plus-beauf-des-beaufs-dans-all-inclusive\/"},"author":{"name":"Jonas Follonier","@id":"https:\/\/leregardlibre.com\/#\/schema\/person\/bfe5aa794a23be71485d60e2d93ec0d2"},"headline":"Franck Dubosc, le plus beauf des beaufs, dans \u00abAll Inclusive\u00bb","datePublished":"2019-02-20T11:18:33+00:00","dateModified":"2025-12-04T21:37:24+00:00","mainEntityOfPage":{"@id":"https:\/\/leregardlibre.com\/cinema\/films\/franck-dubosc-le-plus-beauf-des-beaufs-dans-all-inclusive\/"},"wordCount":576,"commentCount":0,"publisher":{"@id":"https:\/\/leregardlibre.com\/#organization"},"image":{"@id":"https:\/\/leregardlibre.com\/cinema\/films\/franck-dubosc-le-plus-beauf-des-beaufs-dans-all-inclusive\/#primaryimage"},"thumbnailUrl":"https:\/\/leregardlibre.com\/wp-content\/uploads\/2019\/02\/All-Inclusive-1.jpg","keywords":["Cin\u00e9ma fran\u00e7ais","Com\u00e9die","Franck Dubosc","Josiane Balasko","Thierry Lhermitte"],"articleSection":["Films"],"inLanguage":"en-US","potentialAction":[{"@type":"CommentAction","name":"Comment","target":["https:\/\/leregardlibre.com\/cinema\/films\/franck-dubosc-le-plus-beauf-des-beaufs-dans-all-inclusive\/#respond"]}]},{"@type":"WebPage","@id":"https:\/\/leregardlibre.com\/cinema\/films\/franck-dubosc-le-plus-beauf-des-beaufs-dans-all-inclusive\/","url":"https:\/\/leregardlibre.com\/cinema\/films\/franck-dubosc-le-plus-beauf-des-beaufs-dans-all-inclusive\/","name":"Franck Dubosc, the most handsome of the handsome, in \u00abAll Inclusive\u00bb.\u00bb","isPartOf":{"@id":"https:\/\/leregardlibre.com\/#website"},"primaryImageOfPage":{"@id":"https:\/\/leregardlibre.com\/cinema\/films\/franck-dubosc-le-plus-beauf-des-beaufs-dans-all-inclusive\/#primaryimage"},"image":{"@id":"https:\/\/leregardlibre.com\/cinema\/films\/franck-dubosc-le-plus-beauf-des-beaufs-dans-all-inclusive\/#primaryimage"},"thumbnailUrl":"https:\/\/leregardlibre.com\/wp-content\/uploads\/2019\/02\/All-Inclusive-1.jpg","datePublished":"2019-02-20T11:18:33+00:00","dateModified":"2025-12-04T21:37:24+00:00","breadcrumb":{"@id":"https:\/\/leregardlibre.com\/cinema\/films\/franck-dubosc-le-plus-beauf-des-beaufs-dans-all-inclusive\/#breadcrumb"},"inLanguage":"en-US","potentialAction":[{"@type":"ReadAction","target":["https:\/\/leregardlibre.com\/cinema\/films\/franck-dubosc-le-plus-beauf-des-beaufs-dans-all-inclusive\/"]}]},{"@type":"ImageObject","inLanguage":"en-US","@id":"https:\/\/leregardlibre.com\/cinema\/films\/franck-dubosc-le-plus-beauf-des-beaufs-dans-all-inclusive\/#primaryimage","url":"https:\/\/leregardlibre.com\/wp-content\/uploads\/2019\/02\/All-Inclusive-1.jpg","contentUrl":"https:\/\/leregardlibre.com\/wp-content\/uploads\/2019\/02\/All-Inclusive-1.jpg","width":1920,"height":807},{"@type":"BreadcrumbList","@id":"https:\/\/leregardlibre.com\/cinema\/films\/franck-dubosc-le-plus-beauf-des-beaufs-dans-all-inclusive\/#breadcrumb","itemListElement":[{"@type":"ListItem","position":1,"name":"Accueil","item":"https:\/\/leregardlibre.com\/"},{"@type":"ListItem","position":2,"name":"Franck Dubosc, le plus beauf des beaufs, dans \u00abAll Inclusive\u00bb"}]},{"@type":"WebSite","@id":"https:\/\/leregardlibre.com\/#website","url":"https:\/\/leregardlibre.com\/","name":"Le Regard Libre","description":"Switzerland's first monthly debate magazine","publisher":{"@id":"https:\/\/leregardlibre.com\/#organization"},"potentialAction":[{"@type":"SearchAction","target":{"@type":"EntryPoint","urlTemplate":"https:\/\/leregardlibre.com\/?s={search_term_string}"},"query-input":{"@type":"PropertyValueSpecification","valueRequired":true,"valueName":"search_term_string"}}],"inLanguage":"en-US"},{"@type":"Organization","@id":"https:\/\/leregardlibre.com\/#organization","name":"Le Regard Libre","url":"https:\/\/leregardlibre.com\/","logo":{"@type":"ImageObject","inLanguage":"en-US","@id":"https:\/\/leregardlibre.com\/#\/schema\/logo\/image\/","url":"https:\/\/leregardlibre.com\/wp-content\/uploads\/2025\/08\/logo-rl-icone-neg.jpeg","contentUrl":"https:\/\/leregardlibre.com\/wp-content\/uploads\/2025\/08\/logo-rl-icone-neg.jpeg","width":557,"height":556,"caption":"Le Regard Libre"},"image":{"@id":"https:\/\/leregardlibre.com\/#\/schema\/logo\/image\/"},"sameAs":["https:\/\/www.facebook.com\/leregardlibre\/","https:\/\/x.com\/LeRegardLibre","https:\/\/www.linkedin.com\/company\/le-regard-libre","https:\/\/www.instagram.com\/leregardlibre\/","http:\/\/t.me\/leregardlibre","https:\/\/youtube.com\/channel\/UC6HzGPomj1LsUmlz-sJtITQ"],"description":"Le Regard Libre is a Swiss monthly magazine for intellectual and cultural debate. Its editorial team is young, voluntary, liberal and pluralist. The magazine appears online and in print. Its language is French.","email":"redaction@leregardlibre.com","legalName":"Le Regard Libre","foundingDate":"2014-01-01","numberOfEmployees":{"@type":"QuantitativeValue","minValue":"11","maxValue":"50"},"publishingPrinciples":"https:\/\/leregardlibre.com\/a-propos\/notre-manifeste\/","ownershipFundingInfo":"https:\/\/leregardlibre.com\/mentions-legales\/","actionableFeedbackPolicy":"https:\/\/leregardlibre.com\/conditions-generales-de-vente\/"},{"@type":"Person","@id":"https:\/\/leregardlibre.com\/#\/schema\/person\/bfe5aa794a23be71485d60e2d93ec0d2","name":"Jonas Follonier","image":{"@type":"ImageObject","inLanguage":"en-US","@id":"https:\/\/secure.gravatar.com\/avatar\/602060b40f6a458420c2d140f49b6caea99152ce6704f2c332e5a0c5aad80303?s=96&d=identicon&r=g","url":"https:\/\/secure.gravatar.com\/avatar\/602060b40f6a458420c2d140f49b6caea99152ce6704f2c332e5a0c5aad80303?s=96&d=identicon&r=g","contentUrl":"https:\/\/secure.gravatar.com\/avatar\/602060b40f6a458420c2d140f49b6caea99152ce6704f2c332e5a0c5aad80303?s=96&d=identicon&r=g","caption":"Jonas Follonier"},"description":"Federal Palace correspondent for \u00abL'Agefi\u00bb, singer-songwriter Jonas Follonier is the founder and editor-in-chief of \u00abRegard Libre\u00bb.","sameAs":["https:\/\/www.facebook.com\/jonas.follonier\/","https:\/\/www.instagram.com\/jonasfollonier\/","https:\/\/www.linkedin.com\/in\/jonasfollonier\/","https:\/\/fr.wikipedia.org\/wiki\/Le_Regard_libre"],"url":"https:\/\/leregardlibre.com\/en\/author\/jonas-follonier\/"}]}},"_links":{"self":[{"href":"https:\/\/leregardlibre.com\/en\/wp-json\/wp\/v2\/posts\/19492","targetHints":{"allow":["GET"]}}],"collection":[{"href":"https:\/\/leregardlibre.com\/en\/wp-json\/wp\/v2\/posts"}],"about":[{"href":"https:\/\/leregardlibre.com\/en\/wp-json\/wp\/v2\/types\/post"}],"author":[{"embeddable":true,"href":"https:\/\/leregardlibre.com\/en\/wp-json\/wp\/v2\/users\/138"}],"replies":[{"embeddable":true,"href":"https:\/\/leregardlibre.com\/en\/wp-json\/wp\/v2\/comments?post=19492"}],"version-history":[{"count":1,"href":"https:\/\/leregardlibre.com\/en\/wp-json\/wp\/v2\/posts\/19492\/revisions"}],"predecessor-version":[{"id":510360,"href":"https:\/\/leregardlibre.com\/en\/wp-json\/wp\/v2\/posts\/19492\/revisions\/510360"}],"wp:featuredmedia":[{"embeddable":true,"href":"https:\/\/leregardlibre.com\/en\/wp-json\/wp\/v2\/media\/19507"}],"wp:attachment":[{"href":"https:\/\/leregardlibre.com\/en\/wp-json\/wp\/v2\/media?parent=19492"}],"wp:term":[{"taxonomy":"category","embeddable":true,"href":"https:\/\/leregardlibre.com\/en\/wp-json\/wp\/v2\/categories?post=19492"},{"taxonomy":"post_tag","embeddable":true,"href":"https:\/\/leregardlibre.com\/en\/wp-json\/wp\/v2\/tags?post=19492"}],"curies":[{"name":"wp","href":"https:\/\/api.w.org\/{rel}","templated":true}]}}