{"id":19711,"date":"2019-03-01T18:57:33","date_gmt":"2019-03-01T17:57:33","guid":{"rendered":"https:\/\/leregardlibre.com\/?p=19711"},"modified":"2022-09-04T10:32:58","modified_gmt":"2022-09-04T08:32:58","slug":"beers-take-wines-place-in-restaurants","status":"publish","type":"post","link":"https:\/\/leregardlibre.com\/en\/gastronomy\/beers-take-wines-place-in-restaurants\/","title":{"rendered":"Beers take the place of wine in restaurants"},"content":{"rendered":"<p><em>Microbrewery Fridays - Jonas Follonier<\/em><\/p>\n\n\n\n<p class=\"has-drop-cap\"><strong>More and more restaurants are offering an interesting choice of beers, responding to a growing demand from customers to accompany their meal with beer. And not wine. A small gastronomic revolution.<\/strong><\/p>\n\n\n\n<!--more Lire la chronique-->\n\n\n\n\n\n<p>You've probably experienced it yourself a few times when eating out with family or friends. \u00abWhy not try a beer?\u00bb It's true, why limit yourself to the admittedly infinite world of wine when it comes to accompanying dishes, from meat to fish, savory or sweet, aperitif to cheese, gourmet cuisine to brasserie fare?<\/p>\n\n\n\n<p><strong>Read also | <a href=\"https:\/\/leregardlibre.com\/en\/gastronomy\/la-biere-artisanale-un-phenomene-de-mode-mais-aussi-de-gout\/\" data-type=\"post\" data-id=\"15560\">Beer, a fashion phenomenon, but also a taste phenomenon<\/a><\/strong><\/p>\n\n\n\n<p>That's what more and more people are thinking - not statistics, just experience and hearsay, sources of knowledge as respectable as numbers, which can say anything and everything. This change in practice is easily explained by the phenomenon of craft beers, which we've decided to take seriously by telling you about every Friday. It's a phenomenon that has the merit of restoring beer's richness of flavour, and highlighting the magic that surrounds its production.<\/p>\n\n\n\n<form method=\"post\" action=\"https:\/\/newsletter.infomaniak.com\/external\/submit\" class=\"inf-form\" target=\"_blank\"><input type=\"email\" name=\"email\" style=\"display:none\" \/><input type=\"hidden\" name=\"key\" value=\"eyJpdiI6IlZXRVJGMlRGQUU2alNqUE81bitIUk5adnNVa0c4MllFTStzOHdHT1FQZ3c9IiwidmFsdWUiOiJIYzhwMUVCK1pTNnlhY3MyMmhuZlhReWJqemEwNk93blMxTjFHc0s2VHZrPSIsIm1hYyI6ImVhYTQ5N2I1M2NiYWE4NzBmNjk2NzgzYjliM2Y5NmYzM2E2ZmU3NGQxNTU1ZDFkMTU1MzY5NTdjYjE3ZTJmNTUifQ==\"><input type=\"hidden\" name=\"webform_id\" value=\"7291\"><style> .inf-main_3000311ca56a1cb93397bc676c0b7fff{ background-color:#f5f5f5; padding:25px 20px; margin:25px auto; } .inf-main_3000311ca56a1cb93397bc676c0b7fff .inf-content { margin-top:13px;} .inf-main_3000311ca56a1cb93397bc676c0b7fff h4, .inf-main_3000311ca56a1cb93397bc676c0b7fff span, .inf-main_3000311ca56a1cb93397bc676c0b7fff label, .inf-main_3000311ca56a1cb93397bc676c0b7fff input, .inf-main_3000311ca56a1cb93397bc676c0b7fff .inf-submit, .inf-main_3000311ca56a1cb93397bc676c0b7fff .inf-success p a { color:#555555; font-size:14px; } .inf-main_3000311ca56a1cb93397bc676c0b7fff h4{ font-size:18px; margin:0px 0px 13px 0px; } .inf-main_3000311ca56a1cb93397bc676c0b7fff h4, .inf-main_3000311ca56a1cb93397bc676c0b7fff label{ font-weight:bold; } .inf-main_3000311ca56a1cb93397bc676c0b7fff .inf-input { margin-bottom:7px; } .inf-main_3000311ca56a1cb93397bc676c0b7fff label { display:block;} .inf-main_3000311ca56a1cb93397bc676c0b7fff input{ height:35px; color:#999999; border: 1px solid #E9E9E9; border:none; padding-left:7px; } .inf-main_3000311ca56a1cb93397bc676c0b7fff .inf-input.inf-error label, .inf-main_3000311ca56a1cb93397bc676c0b7fff .inf-input.inf-error span.inf-message{ color: #cc0033; } .inf-main_3000311ca56a1cb93397bc676c0b7fff .inf-input.inf-error input{ border: 1px solid #cc0033; } .inf-main_3000311ca56a1cb93397bc676c0b7fff .inf-input input { width:100%;} .inf-main_3000311ca56a1cb93397bc676c0b7fff .inf-input.inf-error span.inf-message { display: block; } .inf-main_3000311ca56a1cb93397bc676c0b7fff .inf-submit { text-align:right;} .inf-main_3000311ca56a1cb93397bc676c0b7fff .inf-submit input{ background-color:#777777; color:#ffffff; border:none; font-weight: normal; height:auto; padding:7px; } .inf-main_3000311ca56a1cb93397bc676c0b7fff .inf-submit input.disabled{ opacity: 0.4; } .inf-btn { color: rgb(85, 85, 85); border: medium none; font-weight: normal; height: auto; padding: 7px; display: inline-block; background-color: white; box-shadow: 0px 1px 1px rgba(0, 0, 0, 0.24); border-radius: 2px; line-height: 1em; } .inf-rgpd { margin:25px 0px 15px 0px; color:#555555; } <\/style> <div class=\"inf-main_3000311ca56a1cb93397bc676c0b7fff\"> <h4>NEWSLETTER DU REGARD LIBRE<\/h4> <span>Receive our articles every Sunday.<\/span> <div class=\"inf-success\" style=\"display:none\"> <h4>Your subscription to our weekly newsletter has been successfully registered!<\/h4> <p> <a href=\"#\" class=\"inf-btn\">\u00ab<\/a> <\/p> <\/div> <div class=\"inf-content\"> <div class=\"inf-input inf-input-text\"> <input type=\"text\" name=\"inf[1]\" data-inf-meta = \"1\" data-inf-error = \"Merci de renseigner une adresse email\" required=\"required\" placeholder=\"Email\" > <\/div> <div class=\"inf-submit\"> <input type=\"submit\" name=\"\" value=\"Sign up\"> <\/div> <\/div> <\/div> <\/form>\n\n\n\n<p>This little gastronomic novelty, beyond the fact that it's easy to explain, is to be welcomed. Far from competing with wine, beer also has gastronomic virtues. It already has a quality that makes it complementary to wine: like champagne, beer is a carbonated beverage. Bubbles can dramatically change the way you enjoy smoked trout, for example. Another obvious characteristic is bitterness, which is virtually absent from wine.<\/p>\n\n\n\n<p>The game of contrasts in the realm of tastes has been strengthened by the arrival of a newcomer. Once reserved for the boozy, then accepted as an aperitif to the point of becoming a favorite guest, the hop-flavored dive beverage has undergone a process of debauching, much to our delight. Once a redneck, now chic, beer doesn't have to play into the hands of a trendy elite who swear by novelty. Let's embrace it as one of the many beverages that make up a successful meal.<\/p>\n\n\n\n<p><em>Write to the author: <a href=\"mailto:jonas.follonier@leregardlibre.com\">jonas.follonier@leregardlibre.com<\/a><\/em><\/p>\n\n\n\n<p><em><strong>To find out more:<\/strong><\/em><\/p>\n\n\n\n<p><a href=\"https:\/\/www.gaultmillau.ch\/fr\/le-bar\/la-biere-pour-accompagner-vos-meilleurs-repas\">https:\/\/www.gaultmillau.ch\/fr\/le-bar\/la-biere-pour-accompagner-vos-meilleurs-repas<\/a><\/p>\n\n\n\n<p><a href=\"http:\/\/www.plurielles.fr\/recettes-cuisine\/fiche-pratique\/quelle-biere-associee-avec-quel-plat-7086799-402.html\">http:\/\/www.plurielles.fr\/recettes-cuisine\/fiche-pratique\/quelle-biere-associee-avec-quel-plat-7086799-402.html<\/a><\/p>\n\n\n\n<p><a href=\"https:\/\/www.lepoint.fr\/vin\/guides\/la-biere-a-table-03-07-2014-1842936_585.php\">https:\/\/www.lepoint.fr\/vin\/guides\/la-biere-a-table-03-07-2014-1842936_585.php<\/a><\/p>","protected":false},"excerpt":{"rendered":"<p>Les vendredis de la microbrasserie &#8211; Jonas Follonier De plus en plus de restaurants proposent un choix de bi\u00e8res int\u00e9ressant,&#8230;<\/p>","protected":false},"author":138,"featured_media":510377,"comment_status":"open","ping_status":"open","sticky":false,"template":"","format":"standard","meta":{"_acf_changed":false,"footnotes":""},"categories":[42546],"tags":[241857,3079770,136433,62044],"class_list":["post-19711","post","type-post","status-publish","format-standard","has-post-thumbnail","hentry","category-gastronomie","tag-biere","tag-biere-artisanale","tag-gaz","tag-vin"],"acf":[],"yoast_head":"<!-- This site is optimized with the Yoast SEO Premium plugin v27.4 (Yoast SEO v27.4) - https:\/\/yoast.com\/product\/yoast-seo-premium-wordpress\/ -->\n<title>Les bi\u00e8res prennent la place du vin au restaurant!<\/title>\n<meta name=\"robots\" content=\"index, follow, max-snippet:-1, max-image-preview:large, max-video-preview:-1\" \/>\n<link rel=\"canonical\" href=\"https:\/\/leregardlibre.com\/en\/gastronomy\/beers-take-wines-place-in-restaurants\/\" \/>\n<meta property=\"og:locale\" content=\"en_US\" \/>\n<meta property=\"og:type\" content=\"article\" \/>\n<meta property=\"og:title\" content=\"Les bi\u00e8res prennent la place du vin au restaurant!\" \/>\n<meta property=\"og:description\" content=\"Les vendredis de la microbrasserie - Jonas Follonier De plus en plus de restaurants proposent un choix de bi\u00e8res int\u00e9ressant,...\" \/>\n<meta property=\"og:url\" content=\"https:\/\/leregardlibre.com\/en\/gastronomy\/beers-take-wines-place-in-restaurants\/\" \/>\n<meta property=\"og:site_name\" content=\"Le Regard Libre\" \/>\n<meta property=\"article:publisher\" content=\"https:\/\/www.facebook.com\/leregardlibre\/\" \/>\n<meta property=\"article:author\" content=\"https:\/\/www.facebook.com\/jonas.follonier\/\" \/>\n<meta property=\"article:published_time\" content=\"2019-03-01T17:57:33+00:00\" \/>\n<meta property=\"article:modified_time\" content=\"2022-09-04T08:32:58+00:00\" \/>\n<meta property=\"og:image\" content=\"https:\/\/leregardlibre.com\/wp-content\/uploads\/2019\/03\/AdobeStock_191884874-1-1024x683.jpeg\" \/>\n\t<meta property=\"og:image:width\" content=\"1024\" \/>\n\t<meta property=\"og:image:height\" content=\"683\" \/>\n\t<meta property=\"og:image:type\" content=\"image\/jpeg\" \/>\n<meta name=\"author\" content=\"Jonas Follonier\" \/>\n<meta name=\"twitter:card\" content=\"summary_large_image\" \/>\n<meta name=\"twitter:creator\" content=\"@LeRegardLibre\" \/>\n<meta name=\"twitter:site\" content=\"@LeRegardLibre\" \/>\n<meta name=\"twitter:label1\" content=\"Written by\" \/>\n\t<meta name=\"twitter:data1\" content=\"Jonas Follonier\" \/>\n\t<meta name=\"twitter:label2\" content=\"Est. reading time\" \/>\n\t<meta name=\"twitter:data2\" content=\"2 minutes\" \/>\n<script type=\"application\/ld+json\" class=\"yoast-schema-graph\">{\"@context\":\"https:\\\/\\\/schema.org\",\"@graph\":[{\"@type\":\"Article\",\"@id\":\"https:\\\/\\\/leregardlibre.com\\\/gastronomie\\\/les-bieres-prennent-la-place-du-vin-au-restaurant\\\/#article\",\"isPartOf\":{\"@id\":\"https:\\\/\\\/leregardlibre.com\\\/gastronomie\\\/les-bieres-prennent-la-place-du-vin-au-restaurant\\\/\"},\"author\":{\"name\":\"Jonas Follonier\",\"@id\":\"https:\\\/\\\/leregardlibre.com\\\/#\\\/schema\\\/person\\\/bfe5aa794a23be71485d60e2d93ec0d2\"},\"headline\":\"Les bi\u00e8res prennent la place du vin au restaurant!\",\"datePublished\":\"2019-03-01T17:57:33+00:00\",\"dateModified\":\"2022-09-04T08:32:58+00:00\",\"mainEntityOfPage\":{\"@id\":\"https:\\\/\\\/leregardlibre.com\\\/gastronomie\\\/les-bieres-prennent-la-place-du-vin-au-restaurant\\\/\"},\"wordCount\":489,\"commentCount\":0,\"publisher\":{\"@id\":\"https:\\\/\\\/leregardlibre.com\\\/#organization\"},\"image\":{\"@id\":\"https:\\\/\\\/leregardlibre.com\\\/gastronomie\\\/les-bieres-prennent-la-place-du-vin-au-restaurant\\\/#primaryimage\"},\"thumbnailUrl\":\"https:\\\/\\\/leregardlibre.com\\\/wp-content\\\/uploads\\\/2019\\\/03\\\/AdobeStock_191884874-1.jpeg\",\"keywords\":[\"Bi\u00e8re\",\"Bi\u00e8re artisanale\",\"gaz\",\"Vin\"],\"articleSection\":[\"Gastronomie\"],\"inLanguage\":\"en-US\",\"potentialAction\":[{\"@type\":\"CommentAction\",\"name\":\"Comment\",\"target\":[\"https:\\\/\\\/leregardlibre.com\\\/gastronomie\\\/les-bieres-prennent-la-place-du-vin-au-restaurant\\\/#respond\"]}]},{\"@type\":\"WebPage\",\"@id\":\"https:\\\/\\\/leregardlibre.com\\\/gastronomie\\\/les-bieres-prennent-la-place-du-vin-au-restaurant\\\/\",\"url\":\"https:\\\/\\\/leregardlibre.com\\\/gastronomie\\\/les-bieres-prennent-la-place-du-vin-au-restaurant\\\/\",\"name\":\"Les bi\u00e8res prennent la place du vin au restaurant!\",\"isPartOf\":{\"@id\":\"https:\\\/\\\/leregardlibre.com\\\/#website\"},\"primaryImageOfPage\":{\"@id\":\"https:\\\/\\\/leregardlibre.com\\\/gastronomie\\\/les-bieres-prennent-la-place-du-vin-au-restaurant\\\/#primaryimage\"},\"image\":{\"@id\":\"https:\\\/\\\/leregardlibre.com\\\/gastronomie\\\/les-bieres-prennent-la-place-du-vin-au-restaurant\\\/#primaryimage\"},\"thumbnailUrl\":\"https:\\\/\\\/leregardlibre.com\\\/wp-content\\\/uploads\\\/2019\\\/03\\\/AdobeStock_191884874-1.jpeg\",\"datePublished\":\"2019-03-01T17:57:33+00:00\",\"dateModified\":\"2022-09-04T08:32:58+00:00\",\"breadcrumb\":{\"@id\":\"https:\\\/\\\/leregardlibre.com\\\/gastronomie\\\/les-bieres-prennent-la-place-du-vin-au-restaurant\\\/#breadcrumb\"},\"inLanguage\":\"en-US\",\"potentialAction\":[{\"@type\":\"ReadAction\",\"target\":[\"https:\\\/\\\/leregardlibre.com\\\/gastronomie\\\/les-bieres-prennent-la-place-du-vin-au-restaurant\\\/\"]}]},{\"@type\":\"ImageObject\",\"inLanguage\":\"en-US\",\"@id\":\"https:\\\/\\\/leregardlibre.com\\\/gastronomie\\\/les-bieres-prennent-la-place-du-vin-au-restaurant\\\/#primaryimage\",\"url\":\"https:\\\/\\\/leregardlibre.com\\\/wp-content\\\/uploads\\\/2019\\\/03\\\/AdobeStock_191884874-1.jpeg\",\"contentUrl\":\"https:\\\/\\\/leregardlibre.com\\\/wp-content\\\/uploads\\\/2019\\\/03\\\/AdobeStock_191884874-1.jpeg\",\"width\":7952,\"height\":5304,\"caption\":\"Group of Asian friends or coworkers cheering with beer, celebrating together at restaurant or night club. Young people toasting at party event after work. Success or friendship concept. Focus on glass\"},{\"@type\":\"BreadcrumbList\",\"@id\":\"https:\\\/\\\/leregardlibre.com\\\/gastronomie\\\/les-bieres-prennent-la-place-du-vin-au-restaurant\\\/#breadcrumb\",\"itemListElement\":[{\"@type\":\"ListItem\",\"position\":1,\"name\":\"Accueil\",\"item\":\"https:\\\/\\\/leregardlibre.com\\\/\"},{\"@type\":\"ListItem\",\"position\":2,\"name\":\"Les bi\u00e8res prennent la place du vin au restaurant!\"}]},{\"@type\":\"WebSite\",\"@id\":\"https:\\\/\\\/leregardlibre.com\\\/#website\",\"url\":\"https:\\\/\\\/leregardlibre.com\\\/\",\"name\":\"Le Regard Libre\",\"description\":\"Premier mensuel suisse de d\u00e9bat\",\"publisher\":{\"@id\":\"https:\\\/\\\/leregardlibre.com\\\/#organization\"},\"potentialAction\":[{\"@type\":\"SearchAction\",\"target\":{\"@type\":\"EntryPoint\",\"urlTemplate\":\"https:\\\/\\\/leregardlibre.com\\\/?s={search_term_string}\"},\"query-input\":{\"@type\":\"PropertyValueSpecification\",\"valueRequired\":true,\"valueName\":\"search_term_string\"}}],\"inLanguage\":\"en-US\"},{\"@type\":\"Organization\",\"@id\":\"https:\\\/\\\/leregardlibre.com\\\/#organization\",\"name\":\"Le Regard Libre\",\"url\":\"https:\\\/\\\/leregardlibre.com\\\/\",\"logo\":{\"@type\":\"ImageObject\",\"inLanguage\":\"en-US\",\"@id\":\"https:\\\/\\\/leregardlibre.com\\\/#\\\/schema\\\/logo\\\/image\\\/\",\"url\":\"https:\\\/\\\/leregardlibre.com\\\/wp-content\\\/uploads\\\/2025\\\/08\\\/logo-rl-icone-neg.jpeg\",\"contentUrl\":\"https:\\\/\\\/leregardlibre.com\\\/wp-content\\\/uploads\\\/2025\\\/08\\\/logo-rl-icone-neg.jpeg\",\"width\":557,\"height\":556,\"caption\":\"Le Regard Libre\"},\"image\":{\"@id\":\"https:\\\/\\\/leregardlibre.com\\\/#\\\/schema\\\/logo\\\/image\\\/\"},\"sameAs\":[\"https:\\\/\\\/www.facebook.com\\\/leregardlibre\\\/\",\"https:\\\/\\\/x.com\\\/LeRegardLibre\",\"https:\\\/\\\/www.linkedin.com\\\/company\\\/le-regard-libre\",\"https:\\\/\\\/www.instagram.com\\\/leregardlibre\\\/\",\"http:\\\/\\\/t.me\\\/leregardlibre\",\"https:\\\/\\\/youtube.com\\\/channel\\\/UC6HzGPomj1LsUmlz-sJtITQ\"],\"description\":\"Le Regard Libre est un mensuel suisse de d\u00e9bat intellectuel et culturel. Sa r\u00e9daction est jeune, b\u00e9n\u00e9vole, lib\u00e9rale et pluraliste. Le magazine para\u00eet en ligne et sous forme papier. Sa langue est le fran\u00e7ais.\",\"email\":\"redaction@leregardlibre.com\",\"legalName\":\"Le Regard Libre\",\"foundingDate\":\"2014-01-01\",\"numberOfEmployees\":{\"@type\":\"QuantitativeValue\",\"minValue\":\"11\",\"maxValue\":\"50\"},\"publishingPrinciples\":\"https:\\\/\\\/leregardlibre.com\\\/a-propos\\\/notre-manifeste\\\/\",\"ownershipFundingInfo\":\"https:\\\/\\\/leregardlibre.com\\\/mentions-legales\\\/\",\"actionableFeedbackPolicy\":\"https:\\\/\\\/leregardlibre.com\\\/conditions-generales-de-vente\\\/\"},{\"@type\":\"Person\",\"@id\":\"https:\\\/\\\/leregardlibre.com\\\/#\\\/schema\\\/person\\\/bfe5aa794a23be71485d60e2d93ec0d2\",\"name\":\"Jonas Follonier\",\"image\":{\"@type\":\"ImageObject\",\"inLanguage\":\"en-US\",\"@id\":\"https:\\\/\\\/secure.gravatar.com\\\/avatar\\\/602060b40f6a458420c2d140f49b6caea99152ce6704f2c332e5a0c5aad80303?s=96&d=identicon&r=g\",\"url\":\"https:\\\/\\\/secure.gravatar.com\\\/avatar\\\/602060b40f6a458420c2d140f49b6caea99152ce6704f2c332e5a0c5aad80303?s=96&d=identicon&r=g\",\"contentUrl\":\"https:\\\/\\\/secure.gravatar.com\\\/avatar\\\/602060b40f6a458420c2d140f49b6caea99152ce6704f2c332e5a0c5aad80303?s=96&d=identicon&r=g\",\"caption\":\"Jonas Follonier\"},\"description\":\"Correspondant au Palais f\u00e9d\u00e9ral pour \u00abL\u2019Agefi\u00bb, auteur-compositeur-interpr\u00e8te et essayiste, Jonas Follonier est le fondateur et r\u00e9dacteur en chef du \u00abRegard Libre\u00bb.\",\"sameAs\":[\"https:\\\/\\\/www.facebook.com\\\/jonas.follonier\\\/\",\"https:\\\/\\\/www.instagram.com\\\/jonasfollonier\\\/\",\"https:\\\/\\\/www.linkedin.com\\\/in\\\/jonasfollonier\\\/\",\"https:\\\/\\\/fr.wikipedia.org\\\/wiki\\\/Le_Regard_libre\"],\"url\":\"https:\\\/\\\/leregardlibre.com\\\/en\\\/author\\\/jonas-follonier\\\/\"}]}<\/script>\n<!-- \/ Yoast SEO Premium plugin. -->","yoast_head_json":{"title":"Beers take the place of wine in restaurants","robots":{"index":"index","follow":"follow","max-snippet":"max-snippet:-1","max-image-preview":"max-image-preview:large","max-video-preview":"max-video-preview:-1"},"canonical":"https:\/\/leregardlibre.com\/en\/gastronomy\/beers-take-wines-place-in-restaurants\/","og_locale":"en_US","og_type":"article","og_title":"Les bi\u00e8res prennent la place du vin au restaurant!","og_description":"Les vendredis de la microbrasserie - Jonas Follonier De plus en plus de restaurants proposent un choix de bi\u00e8res int\u00e9ressant,...","og_url":"https:\/\/leregardlibre.com\/en\/gastronomy\/beers-take-wines-place-in-restaurants\/","og_site_name":"Le Regard Libre","article_publisher":"https:\/\/www.facebook.com\/leregardlibre\/","article_author":"https:\/\/www.facebook.com\/jonas.follonier\/","article_published_time":"2019-03-01T17:57:33+00:00","article_modified_time":"2022-09-04T08:32:58+00:00","og_image":[{"width":1024,"height":683,"url":"https:\/\/leregardlibre.com\/wp-content\/uploads\/2019\/03\/AdobeStock_191884874-1-1024x683.jpeg","type":"image\/jpeg"}],"author":"Jonas Follonier","twitter_card":"summary_large_image","twitter_creator":"@LeRegardLibre","twitter_site":"@LeRegardLibre","twitter_misc":{"Written by":"Jonas Follonier","Est. reading time":"2 minutes"},"schema":{"@context":"https:\/\/schema.org","@graph":[{"@type":"Article","@id":"https:\/\/leregardlibre.com\/gastronomie\/les-bieres-prennent-la-place-du-vin-au-restaurant\/#article","isPartOf":{"@id":"https:\/\/leregardlibre.com\/gastronomie\/les-bieres-prennent-la-place-du-vin-au-restaurant\/"},"author":{"name":"Jonas Follonier","@id":"https:\/\/leregardlibre.com\/#\/schema\/person\/bfe5aa794a23be71485d60e2d93ec0d2"},"headline":"Les bi\u00e8res prennent la place du vin au restaurant!","datePublished":"2019-03-01T17:57:33+00:00","dateModified":"2022-09-04T08:32:58+00:00","mainEntityOfPage":{"@id":"https:\/\/leregardlibre.com\/gastronomie\/les-bieres-prennent-la-place-du-vin-au-restaurant\/"},"wordCount":489,"commentCount":0,"publisher":{"@id":"https:\/\/leregardlibre.com\/#organization"},"image":{"@id":"https:\/\/leregardlibre.com\/gastronomie\/les-bieres-prennent-la-place-du-vin-au-restaurant\/#primaryimage"},"thumbnailUrl":"https:\/\/leregardlibre.com\/wp-content\/uploads\/2019\/03\/AdobeStock_191884874-1.jpeg","keywords":["Bi\u00e8re","Bi\u00e8re artisanale","gaz","Vin"],"articleSection":["Gastronomie"],"inLanguage":"en-US","potentialAction":[{"@type":"CommentAction","name":"Comment","target":["https:\/\/leregardlibre.com\/gastronomie\/les-bieres-prennent-la-place-du-vin-au-restaurant\/#respond"]}]},{"@type":"WebPage","@id":"https:\/\/leregardlibre.com\/gastronomie\/les-bieres-prennent-la-place-du-vin-au-restaurant\/","url":"https:\/\/leregardlibre.com\/gastronomie\/les-bieres-prennent-la-place-du-vin-au-restaurant\/","name":"Beers take the place of wine in restaurants","isPartOf":{"@id":"https:\/\/leregardlibre.com\/#website"},"primaryImageOfPage":{"@id":"https:\/\/leregardlibre.com\/gastronomie\/les-bieres-prennent-la-place-du-vin-au-restaurant\/#primaryimage"},"image":{"@id":"https:\/\/leregardlibre.com\/gastronomie\/les-bieres-prennent-la-place-du-vin-au-restaurant\/#primaryimage"},"thumbnailUrl":"https:\/\/leregardlibre.com\/wp-content\/uploads\/2019\/03\/AdobeStock_191884874-1.jpeg","datePublished":"2019-03-01T17:57:33+00:00","dateModified":"2022-09-04T08:32:58+00:00","breadcrumb":{"@id":"https:\/\/leregardlibre.com\/gastronomie\/les-bieres-prennent-la-place-du-vin-au-restaurant\/#breadcrumb"},"inLanguage":"en-US","potentialAction":[{"@type":"ReadAction","target":["https:\/\/leregardlibre.com\/gastronomie\/les-bieres-prennent-la-place-du-vin-au-restaurant\/"]}]},{"@type":"ImageObject","inLanguage":"en-US","@id":"https:\/\/leregardlibre.com\/gastronomie\/les-bieres-prennent-la-place-du-vin-au-restaurant\/#primaryimage","url":"https:\/\/leregardlibre.com\/wp-content\/uploads\/2019\/03\/AdobeStock_191884874-1.jpeg","contentUrl":"https:\/\/leregardlibre.com\/wp-content\/uploads\/2019\/03\/AdobeStock_191884874-1.jpeg","width":7952,"height":5304,"caption":"Group of Asian friends or coworkers cheering with beer, celebrating together at restaurant or night club. Young people toasting at party event after work. Success or friendship concept. Focus on glass"},{"@type":"BreadcrumbList","@id":"https:\/\/leregardlibre.com\/gastronomie\/les-bieres-prennent-la-place-du-vin-au-restaurant\/#breadcrumb","itemListElement":[{"@type":"ListItem","position":1,"name":"Accueil","item":"https:\/\/leregardlibre.com\/"},{"@type":"ListItem","position":2,"name":"Les bi\u00e8res prennent la place du vin au restaurant!"}]},{"@type":"WebSite","@id":"https:\/\/leregardlibre.com\/#website","url":"https:\/\/leregardlibre.com\/","name":"Le Regard Libre","description":"Switzerland's first monthly debate magazine","publisher":{"@id":"https:\/\/leregardlibre.com\/#organization"},"potentialAction":[{"@type":"SearchAction","target":{"@type":"EntryPoint","urlTemplate":"https:\/\/leregardlibre.com\/?s={search_term_string}"},"query-input":{"@type":"PropertyValueSpecification","valueRequired":true,"valueName":"search_term_string"}}],"inLanguage":"en-US"},{"@type":"Organization","@id":"https:\/\/leregardlibre.com\/#organization","name":"Le Regard Libre","url":"https:\/\/leregardlibre.com\/","logo":{"@type":"ImageObject","inLanguage":"en-US","@id":"https:\/\/leregardlibre.com\/#\/schema\/logo\/image\/","url":"https:\/\/leregardlibre.com\/wp-content\/uploads\/2025\/08\/logo-rl-icone-neg.jpeg","contentUrl":"https:\/\/leregardlibre.com\/wp-content\/uploads\/2025\/08\/logo-rl-icone-neg.jpeg","width":557,"height":556,"caption":"Le Regard Libre"},"image":{"@id":"https:\/\/leregardlibre.com\/#\/schema\/logo\/image\/"},"sameAs":["https:\/\/www.facebook.com\/leregardlibre\/","https:\/\/x.com\/LeRegardLibre","https:\/\/www.linkedin.com\/company\/le-regard-libre","https:\/\/www.instagram.com\/leregardlibre\/","http:\/\/t.me\/leregardlibre","https:\/\/youtube.com\/channel\/UC6HzGPomj1LsUmlz-sJtITQ"],"description":"Le Regard Libre is a Swiss monthly magazine for intellectual and cultural debate. Its editorial team is young, voluntary, liberal and pluralist. The magazine appears online and in print. Its language is French.","email":"redaction@leregardlibre.com","legalName":"Le Regard Libre","foundingDate":"2014-01-01","numberOfEmployees":{"@type":"QuantitativeValue","minValue":"11","maxValue":"50"},"publishingPrinciples":"https:\/\/leregardlibre.com\/a-propos\/notre-manifeste\/","ownershipFundingInfo":"https:\/\/leregardlibre.com\/mentions-legales\/","actionableFeedbackPolicy":"https:\/\/leregardlibre.com\/conditions-generales-de-vente\/"},{"@type":"Person","@id":"https:\/\/leregardlibre.com\/#\/schema\/person\/bfe5aa794a23be71485d60e2d93ec0d2","name":"Jonas Follonier","image":{"@type":"ImageObject","inLanguage":"en-US","@id":"https:\/\/secure.gravatar.com\/avatar\/602060b40f6a458420c2d140f49b6caea99152ce6704f2c332e5a0c5aad80303?s=96&d=identicon&r=g","url":"https:\/\/secure.gravatar.com\/avatar\/602060b40f6a458420c2d140f49b6caea99152ce6704f2c332e5a0c5aad80303?s=96&d=identicon&r=g","contentUrl":"https:\/\/secure.gravatar.com\/avatar\/602060b40f6a458420c2d140f49b6caea99152ce6704f2c332e5a0c5aad80303?s=96&d=identicon&r=g","caption":"Jonas Follonier"},"description":"Federal Palace correspondent for \u00abL'Agefi\u00bb, singer-songwriter Jonas Follonier is the founder and editor-in-chief of \u00abRegard Libre\u00bb.","sameAs":["https:\/\/www.facebook.com\/jonas.follonier\/","https:\/\/www.instagram.com\/jonasfollonier\/","https:\/\/www.linkedin.com\/in\/jonasfollonier\/","https:\/\/fr.wikipedia.org\/wiki\/Le_Regard_libre"],"url":"https:\/\/leregardlibre.com\/en\/author\/jonas-follonier\/"}]}},"_links":{"self":[{"href":"https:\/\/leregardlibre.com\/en\/wp-json\/wp\/v2\/posts\/19711","targetHints":{"allow":["GET"]}}],"collection":[{"href":"https:\/\/leregardlibre.com\/en\/wp-json\/wp\/v2\/posts"}],"about":[{"href":"https:\/\/leregardlibre.com\/en\/wp-json\/wp\/v2\/types\/post"}],"author":[{"embeddable":true,"href":"https:\/\/leregardlibre.com\/en\/wp-json\/wp\/v2\/users\/138"}],"replies":[{"embeddable":true,"href":"https:\/\/leregardlibre.com\/en\/wp-json\/wp\/v2\/comments?post=19711"}],"version-history":[{"count":1,"href":"https:\/\/leregardlibre.com\/en\/wp-json\/wp\/v2\/posts\/19711\/revisions"}],"predecessor-version":[{"id":510376,"href":"https:\/\/leregardlibre.com\/en\/wp-json\/wp\/v2\/posts\/19711\/revisions\/510376"}],"wp:featuredmedia":[{"embeddable":true,"href":"https:\/\/leregardlibre.com\/en\/wp-json\/wp\/v2\/media\/510377"}],"wp:attachment":[{"href":"https:\/\/leregardlibre.com\/en\/wp-json\/wp\/v2\/media?parent=19711"}],"wp:term":[{"taxonomy":"category","embeddable":true,"href":"https:\/\/leregardlibre.com\/en\/wp-json\/wp\/v2\/categories?post=19711"},{"taxonomy":"post_tag","embeddable":true,"href":"https:\/\/leregardlibre.com\/en\/wp-json\/wp\/v2\/tags?post=19711"}],"curies":[{"name":"wp","href":"https:\/\/api.w.org\/{rel}","templated":true}]}}