{"id":20240,"date":"2019-04-12T19:15:01","date_gmt":"2019-04-12T18:15:01","guid":{"rendered":"https:\/\/leregardlibre.com\/?p=20240"},"modified":"2026-02-08T21:27:23","modified_gmt":"2026-02-08T20:27:23","slug":"la-fee-maltee-takes-up-residence-in-echallens","status":"publish","type":"post","link":"https:\/\/leregardlibre.com\/en\/gastronomy\/la-fee-maltee-takes-up-residence-in-echallens\/","title":{"rendered":"La F\u00e9e Malt\u00e9e takes up residence in Echallens"},"content":{"rendered":"<p><em>Microbrewery Fridays - Max Moeschler<\/em><\/p>\n\n\n\n<p class=\"has-drop-cap\"><strong>Active for several years now, the F\u00e9e Malt\u00e9e brewery is moving up a gear in its new premises, located in the La Clopette industrial zone in Echallens. Here's a look back at the inauguration of a promising newcomer. <\/strong><\/p>\n\n\n\n<!--more Lire la chronique-->\n\n\n\n<p> It was in Yvonand that Yannick Scherrer and Patrick Schuler, long-time friends and beer enthusiasts, began brewing their own beer in Yannick's bathroom. Their first vintage, a <em>pale ale<\/em>, was a big hit with their friends. The machine was off to a flying start, and the local soccer club and regional bars were quick to place orders.<\/p>\n\n\n\n<p>The need for new, more spacious premises dedicated entirely to brewing soon became apparent. This has now been done in Echallens, where La F\u00e9e Malt\u00e9e has added to an already well-stocked brewing scene in the Vaud region. However, the two partners are not worried about the competition: \u00abBeer lovers like us are curious and always on the lookout for something new, so there's still room for newcomers,\u00bb says Yannick Scherrer.<\/p>\n\n\n\n<p>The premises, now capable of producing two to three hundred liters a week, were inaugurated on April 6. This is an opportunity to taste the beers produced by the brewery. There are five of them, each with its own distinctive character, in keeping with the two brewers' commitment to quality over quantity, who take particular care with their product, from the choice of malts to bottling, even if the process takes longer.<\/p>\n\n\n\n<p>Tasting is done in a precise order, to create a crescendo of bitterness and highlight each of the flavors. The white oat, first on the list, seduces with its freshness and surprises with a welcome slightly acidic finish.<\/p>\n\n\n\n<p>Visit <em>pale ale<\/em> ambr\u00e9e brings out the best in the two classics from which it is derived: the woody, caramelized flavors of ambr\u00e9e blend perfectly with the fresh, hoppy attack of <em>pale ale<\/em>.<\/p>\n\n\n\n<p>This is followed by Hop Blonde, a refreshing blonde ale with a clean bitterness that comes through on the finish.<\/p>\n\n\n\n<p>The creator's pet peeve, triple blonde does justice to its big Belgian sisters: roundness, strength, powerful and diverse aromas; the balance is perfect.<\/p>\n\n\n\n<p>Finally, the tasting ends with a powerful&nbsp;<em>indian pale ale, <\/em>which seduces with its avalanche of bitterness immediately followed by rich pine and fruit flavors, and augurs very fine things for the Echallens fairy.<\/p>\n\n\n\n<p><em>Write to the author: <a href=\"\/en\/max.moeschler@leregardlibre.com\/\">max.moeschler@leregardlibre.com<\/a><\/em><\/p>\n\n\n\n<p>Photo credit: \u00a9\ufe0f La F\u00e9e Malt\u00e9e<\/p>","protected":false},"excerpt":{"rendered":"<p>Les vendredis de la microbrasserie &#8211; Max Moeschler Active depuis plusieurs ann\u00e9es d\u00e9j\u00e0, la brasserie de la F\u00e9e Malt\u00e9e passe&#8230;<\/p>","protected":false},"author":100,"featured_media":20241,"comment_status":"open","ping_status":"open","sticky":false,"template":"","format":"standard","meta":{"_acf_changed":false,"footnotes":""},"categories":[42546],"tags":[241857,3079770,2821424,644339487,2846757,888650],"class_list":["post-20240","post","type-post","status-publish","format-standard","has-post-thumbnail","hentry","category-gastronomie","tag-biere","tag-biere-artisanale","tag-brasserie-artisanale","tag-houblon","tag-microbrasserie","tag-vaud"],"acf":[],"yoast_head":"<!-- This site is optimized with the Yoast SEO Premium plugin v27.4 (Yoast SEO v27.4) - https:\/\/yoast.com\/product\/yoast-seo-premium-wordpress\/ -->\n<title>La F\u00e9e Malt\u00e9e prend ses quartiers \u00e0 Echallens<\/title>\n<meta name=\"robots\" content=\"index, follow, max-snippet:-1, max-image-preview:large, max-video-preview:-1\" \/>\n<link rel=\"canonical\" href=\"https:\/\/leregardlibre.com\/en\/gastronomy\/la-fee-maltee-takes-up-residence-in-echallens\/\" \/>\n<meta property=\"og:locale\" content=\"en_US\" \/>\n<meta property=\"og:type\" content=\"article\" \/>\n<meta property=\"og:title\" content=\"La F\u00e9e Malt\u00e9e prend ses quartiers \u00e0 Echallens\" \/>\n<meta property=\"og:description\" content=\"Les vendredis de la microbrasserie - Max Moeschler Active depuis plusieurs ann\u00e9es d\u00e9j\u00e0, la brasserie de la F\u00e9e Malt\u00e9e passe...\" \/>\n<meta property=\"og:url\" content=\"https:\/\/leregardlibre.com\/en\/gastronomy\/la-fee-maltee-takes-up-residence-in-echallens\/\" \/>\n<meta property=\"og:site_name\" content=\"Le Regard Libre\" \/>\n<meta property=\"article:publisher\" content=\"https:\/\/www.facebook.com\/leregardlibre\/\" \/>\n<meta property=\"article:published_time\" content=\"2019-04-12T18:15:01+00:00\" \/>\n<meta property=\"article:modified_time\" content=\"2026-02-08T20:27:23+00:00\" \/>\n<meta property=\"og:image\" content=\"https:\/\/leregardlibre.com\/wp-content\/uploads\/2019\/04\/52778804_1976203299353142_1059943069035528192_o.jpg\" \/>\n\t<meta property=\"og:image:width\" content=\"1952\" \/>\n\t<meta property=\"og:image:height\" content=\"1600\" \/>\n\t<meta property=\"og:image:type\" content=\"image\/jpeg\" \/>\n<meta name=\"author\" content=\"Max Moeschler\" \/>\n<meta name=\"twitter:card\" content=\"summary_large_image\" \/>\n<meta name=\"twitter:creator\" content=\"@LeRegardLibre\" \/>\n<meta name=\"twitter:site\" content=\"@LeRegardLibre\" \/>\n<meta name=\"twitter:label1\" content=\"Written by\" \/>\n\t<meta name=\"twitter:data1\" content=\"Max Moeschler\" \/>\n\t<meta name=\"twitter:label2\" content=\"Est. reading time\" \/>\n\t<meta name=\"twitter:data2\" content=\"3 minutes\" \/>\n<script type=\"application\/ld+json\" class=\"yoast-schema-graph\">{\"@context\":\"https:\\\/\\\/schema.org\",\"@graph\":[{\"@type\":\"Article\",\"@id\":\"https:\\\/\\\/leregardlibre.com\\\/gastronomie\\\/la-fee-maltee-prend-ses-quartiers-a-echallens\\\/#article\",\"isPartOf\":{\"@id\":\"https:\\\/\\\/leregardlibre.com\\\/gastronomie\\\/la-fee-maltee-prend-ses-quartiers-a-echallens\\\/\"},\"author\":{\"name\":\"Max Moeschler\",\"@id\":\"https:\\\/\\\/leregardlibre.com\\\/#\\\/schema\\\/person\\\/439e8d2dc64266e912da6f674b0b2c4b\"},\"headline\":\"La F\u00e9e Malt\u00e9e prend ses quartiers \u00e0 Echallens\",\"datePublished\":\"2019-04-12T18:15:01+00:00\",\"dateModified\":\"2026-02-08T20:27:23+00:00\",\"mainEntityOfPage\":{\"@id\":\"https:\\\/\\\/leregardlibre.com\\\/gastronomie\\\/la-fee-maltee-prend-ses-quartiers-a-echallens\\\/\"},\"wordCount\":526,\"commentCount\":0,\"publisher\":{\"@id\":\"https:\\\/\\\/leregardlibre.com\\\/#organization\"},\"image\":{\"@id\":\"https:\\\/\\\/leregardlibre.com\\\/gastronomie\\\/la-fee-maltee-prend-ses-quartiers-a-echallens\\\/#primaryimage\"},\"thumbnailUrl\":\"https:\\\/\\\/leregardlibre.com\\\/wp-content\\\/uploads\\\/2019\\\/04\\\/52778804_1976203299353142_1059943069035528192_o.jpg\",\"keywords\":[\"Bi\u00e8re\",\"Bi\u00e8re artisanale\",\"Brasseries artisanales\",\"houblon\",\"Microbrasseries\",\"Vaud\"],\"articleSection\":[\"Gastronomie\"],\"inLanguage\":\"en-US\",\"potentialAction\":[{\"@type\":\"CommentAction\",\"name\":\"Comment\",\"target\":[\"https:\\\/\\\/leregardlibre.com\\\/gastronomie\\\/la-fee-maltee-prend-ses-quartiers-a-echallens\\\/#respond\"]}]},{\"@type\":\"WebPage\",\"@id\":\"https:\\\/\\\/leregardlibre.com\\\/gastronomie\\\/la-fee-maltee-prend-ses-quartiers-a-echallens\\\/\",\"url\":\"https:\\\/\\\/leregardlibre.com\\\/gastronomie\\\/la-fee-maltee-prend-ses-quartiers-a-echallens\\\/\",\"name\":\"La F\u00e9e Malt\u00e9e prend ses quartiers \u00e0 Echallens\",\"isPartOf\":{\"@id\":\"https:\\\/\\\/leregardlibre.com\\\/#website\"},\"primaryImageOfPage\":{\"@id\":\"https:\\\/\\\/leregardlibre.com\\\/gastronomie\\\/la-fee-maltee-prend-ses-quartiers-a-echallens\\\/#primaryimage\"},\"image\":{\"@id\":\"https:\\\/\\\/leregardlibre.com\\\/gastronomie\\\/la-fee-maltee-prend-ses-quartiers-a-echallens\\\/#primaryimage\"},\"thumbnailUrl\":\"https:\\\/\\\/leregardlibre.com\\\/wp-content\\\/uploads\\\/2019\\\/04\\\/52778804_1976203299353142_1059943069035528192_o.jpg\",\"datePublished\":\"2019-04-12T18:15:01+00:00\",\"dateModified\":\"2026-02-08T20:27:23+00:00\",\"breadcrumb\":{\"@id\":\"https:\\\/\\\/leregardlibre.com\\\/gastronomie\\\/la-fee-maltee-prend-ses-quartiers-a-echallens\\\/#breadcrumb\"},\"inLanguage\":\"en-US\",\"potentialAction\":[{\"@type\":\"ReadAction\",\"target\":[\"https:\\\/\\\/leregardlibre.com\\\/gastronomie\\\/la-fee-maltee-prend-ses-quartiers-a-echallens\\\/\"]}]},{\"@type\":\"ImageObject\",\"inLanguage\":\"en-US\",\"@id\":\"https:\\\/\\\/leregardlibre.com\\\/gastronomie\\\/la-fee-maltee-prend-ses-quartiers-a-echallens\\\/#primaryimage\",\"url\":\"https:\\\/\\\/leregardlibre.com\\\/wp-content\\\/uploads\\\/2019\\\/04\\\/52778804_1976203299353142_1059943069035528192_o.jpg\",\"contentUrl\":\"https:\\\/\\\/leregardlibre.com\\\/wp-content\\\/uploads\\\/2019\\\/04\\\/52778804_1976203299353142_1059943069035528192_o.jpg\",\"width\":1952,\"height\":1600},{\"@type\":\"BreadcrumbList\",\"@id\":\"https:\\\/\\\/leregardlibre.com\\\/gastronomie\\\/la-fee-maltee-prend-ses-quartiers-a-echallens\\\/#breadcrumb\",\"itemListElement\":[{\"@type\":\"ListItem\",\"position\":1,\"name\":\"Accueil\",\"item\":\"https:\\\/\\\/leregardlibre.com\\\/\"},{\"@type\":\"ListItem\",\"position\":2,\"name\":\"La F\u00e9e Malt\u00e9e prend ses quartiers \u00e0 Echallens\"}]},{\"@type\":\"WebSite\",\"@id\":\"https:\\\/\\\/leregardlibre.com\\\/#website\",\"url\":\"https:\\\/\\\/leregardlibre.com\\\/\",\"name\":\"Le Regard Libre\",\"description\":\"Premier mensuel suisse de d\u00e9bat\",\"publisher\":{\"@id\":\"https:\\\/\\\/leregardlibre.com\\\/#organization\"},\"potentialAction\":[{\"@type\":\"SearchAction\",\"target\":{\"@type\":\"EntryPoint\",\"urlTemplate\":\"https:\\\/\\\/leregardlibre.com\\\/?s={search_term_string}\"},\"query-input\":{\"@type\":\"PropertyValueSpecification\",\"valueRequired\":true,\"valueName\":\"search_term_string\"}}],\"inLanguage\":\"en-US\"},{\"@type\":\"Organization\",\"@id\":\"https:\\\/\\\/leregardlibre.com\\\/#organization\",\"name\":\"Le Regard Libre\",\"url\":\"https:\\\/\\\/leregardlibre.com\\\/\",\"logo\":{\"@type\":\"ImageObject\",\"inLanguage\":\"en-US\",\"@id\":\"https:\\\/\\\/leregardlibre.com\\\/#\\\/schema\\\/logo\\\/image\\\/\",\"url\":\"https:\\\/\\\/leregardlibre.com\\\/wp-content\\\/uploads\\\/2025\\\/08\\\/logo-rl-icone-neg.jpeg\",\"contentUrl\":\"https:\\\/\\\/leregardlibre.com\\\/wp-content\\\/uploads\\\/2025\\\/08\\\/logo-rl-icone-neg.jpeg\",\"width\":557,\"height\":556,\"caption\":\"Le Regard Libre\"},\"image\":{\"@id\":\"https:\\\/\\\/leregardlibre.com\\\/#\\\/schema\\\/logo\\\/image\\\/\"},\"sameAs\":[\"https:\\\/\\\/www.facebook.com\\\/leregardlibre\\\/\",\"https:\\\/\\\/x.com\\\/LeRegardLibre\",\"https:\\\/\\\/www.linkedin.com\\\/company\\\/le-regard-libre\",\"https:\\\/\\\/www.instagram.com\\\/leregardlibre\\\/\",\"http:\\\/\\\/t.me\\\/leregardlibre\",\"https:\\\/\\\/youtube.com\\\/channel\\\/UC6HzGPomj1LsUmlz-sJtITQ\"],\"description\":\"Le Regard Libre est un mensuel suisse de d\u00e9bat intellectuel et culturel. Sa r\u00e9daction est jeune, b\u00e9n\u00e9vole, lib\u00e9rale et pluraliste. Le magazine para\u00eet en ligne et sous forme papier. Sa langue est le fran\u00e7ais.\",\"email\":\"redaction@leregardlibre.com\",\"legalName\":\"Le Regard Libre\",\"foundingDate\":\"2014-01-01\",\"numberOfEmployees\":{\"@type\":\"QuantitativeValue\",\"minValue\":\"11\",\"maxValue\":\"50\"},\"publishingPrinciples\":\"https:\\\/\\\/leregardlibre.com\\\/a-propos\\\/notre-manifeste\\\/\",\"ownershipFundingInfo\":\"https:\\\/\\\/leregardlibre.com\\\/mentions-legales\\\/\",\"actionableFeedbackPolicy\":\"https:\\\/\\\/leregardlibre.com\\\/conditions-generales-de-vente\\\/\"},{\"@type\":\"Person\",\"@id\":\"https:\\\/\\\/leregardlibre.com\\\/#\\\/schema\\\/person\\\/439e8d2dc64266e912da6f674b0b2c4b\",\"name\":\"Max Moeschler\",\"image\":{\"@type\":\"ImageObject\",\"inLanguage\":\"en-US\",\"@id\":\"https:\\\/\\\/secure.gravatar.com\\\/avatar\\\/a68b78ce98e86136d3956bc6f17e4879a7897c9744bef17da17a56ef38a02555?s=96&d=identicon&r=g\",\"url\":\"https:\\\/\\\/secure.gravatar.com\\\/avatar\\\/a68b78ce98e86136d3956bc6f17e4879a7897c9744bef17da17a56ef38a02555?s=96&d=identicon&r=g\",\"contentUrl\":\"https:\\\/\\\/secure.gravatar.com\\\/avatar\\\/a68b78ce98e86136d3956bc6f17e4879a7897c9744bef17da17a56ef38a02555?s=96&d=identicon&r=g\",\"caption\":\"Max Moeschler\"},\"sameAs\":[\"https:\\\/\\\/leregardlibre.com\\\/\",\"https:\\\/\\\/fr.wikipedia.org\\\/wiki\\\/Le_Regard_libre\"],\"url\":\"https:\\\/\\\/leregardlibre.com\\\/en\\\/author\\\/max-moeschler\\\/\"}]}<\/script>\n<!-- \/ Yoast SEO Premium plugin. -->","yoast_head_json":{"title":"La F\u00e9e Malt\u00e9e takes up residence in Echallens","robots":{"index":"index","follow":"follow","max-snippet":"max-snippet:-1","max-image-preview":"max-image-preview:large","max-video-preview":"max-video-preview:-1"},"canonical":"https:\/\/leregardlibre.com\/en\/gastronomy\/la-fee-maltee-takes-up-residence-in-echallens\/","og_locale":"en_US","og_type":"article","og_title":"La F\u00e9e Malt\u00e9e prend ses quartiers \u00e0 Echallens","og_description":"Les vendredis de la microbrasserie - Max Moeschler Active depuis plusieurs ann\u00e9es d\u00e9j\u00e0, la brasserie de la F\u00e9e Malt\u00e9e passe...","og_url":"https:\/\/leregardlibre.com\/en\/gastronomy\/la-fee-maltee-takes-up-residence-in-echallens\/","og_site_name":"Le Regard Libre","article_publisher":"https:\/\/www.facebook.com\/leregardlibre\/","article_published_time":"2019-04-12T18:15:01+00:00","article_modified_time":"2026-02-08T20:27:23+00:00","og_image":[{"width":1952,"height":1600,"url":"https:\/\/leregardlibre.com\/wp-content\/uploads\/2019\/04\/52778804_1976203299353142_1059943069035528192_o.jpg","type":"image\/jpeg"}],"author":"Max Moeschler","twitter_card":"summary_large_image","twitter_creator":"@LeRegardLibre","twitter_site":"@LeRegardLibre","twitter_misc":{"Written by":"Max Moeschler","Est. reading time":"3 minutes"},"schema":{"@context":"https:\/\/schema.org","@graph":[{"@type":"Article","@id":"https:\/\/leregardlibre.com\/gastronomie\/la-fee-maltee-prend-ses-quartiers-a-echallens\/#article","isPartOf":{"@id":"https:\/\/leregardlibre.com\/gastronomie\/la-fee-maltee-prend-ses-quartiers-a-echallens\/"},"author":{"name":"Max Moeschler","@id":"https:\/\/leregardlibre.com\/#\/schema\/person\/439e8d2dc64266e912da6f674b0b2c4b"},"headline":"La F\u00e9e Malt\u00e9e prend ses quartiers \u00e0 Echallens","datePublished":"2019-04-12T18:15:01+00:00","dateModified":"2026-02-08T20:27:23+00:00","mainEntityOfPage":{"@id":"https:\/\/leregardlibre.com\/gastronomie\/la-fee-maltee-prend-ses-quartiers-a-echallens\/"},"wordCount":526,"commentCount":0,"publisher":{"@id":"https:\/\/leregardlibre.com\/#organization"},"image":{"@id":"https:\/\/leregardlibre.com\/gastronomie\/la-fee-maltee-prend-ses-quartiers-a-echallens\/#primaryimage"},"thumbnailUrl":"https:\/\/leregardlibre.com\/wp-content\/uploads\/2019\/04\/52778804_1976203299353142_1059943069035528192_o.jpg","keywords":["Bi\u00e8re","Bi\u00e8re artisanale","Brasseries artisanales","houblon","Microbrasseries","Vaud"],"articleSection":["Gastronomie"],"inLanguage":"en-US","potentialAction":[{"@type":"CommentAction","name":"Comment","target":["https:\/\/leregardlibre.com\/gastronomie\/la-fee-maltee-prend-ses-quartiers-a-echallens\/#respond"]}]},{"@type":"WebPage","@id":"https:\/\/leregardlibre.com\/gastronomie\/la-fee-maltee-prend-ses-quartiers-a-echallens\/","url":"https:\/\/leregardlibre.com\/gastronomie\/la-fee-maltee-prend-ses-quartiers-a-echallens\/","name":"La F\u00e9e Malt\u00e9e takes up residence in Echallens","isPartOf":{"@id":"https:\/\/leregardlibre.com\/#website"},"primaryImageOfPage":{"@id":"https:\/\/leregardlibre.com\/gastronomie\/la-fee-maltee-prend-ses-quartiers-a-echallens\/#primaryimage"},"image":{"@id":"https:\/\/leregardlibre.com\/gastronomie\/la-fee-maltee-prend-ses-quartiers-a-echallens\/#primaryimage"},"thumbnailUrl":"https:\/\/leregardlibre.com\/wp-content\/uploads\/2019\/04\/52778804_1976203299353142_1059943069035528192_o.jpg","datePublished":"2019-04-12T18:15:01+00:00","dateModified":"2026-02-08T20:27:23+00:00","breadcrumb":{"@id":"https:\/\/leregardlibre.com\/gastronomie\/la-fee-maltee-prend-ses-quartiers-a-echallens\/#breadcrumb"},"inLanguage":"en-US","potentialAction":[{"@type":"ReadAction","target":["https:\/\/leregardlibre.com\/gastronomie\/la-fee-maltee-prend-ses-quartiers-a-echallens\/"]}]},{"@type":"ImageObject","inLanguage":"en-US","@id":"https:\/\/leregardlibre.com\/gastronomie\/la-fee-maltee-prend-ses-quartiers-a-echallens\/#primaryimage","url":"https:\/\/leregardlibre.com\/wp-content\/uploads\/2019\/04\/52778804_1976203299353142_1059943069035528192_o.jpg","contentUrl":"https:\/\/leregardlibre.com\/wp-content\/uploads\/2019\/04\/52778804_1976203299353142_1059943069035528192_o.jpg","width":1952,"height":1600},{"@type":"BreadcrumbList","@id":"https:\/\/leregardlibre.com\/gastronomie\/la-fee-maltee-prend-ses-quartiers-a-echallens\/#breadcrumb","itemListElement":[{"@type":"ListItem","position":1,"name":"Accueil","item":"https:\/\/leregardlibre.com\/"},{"@type":"ListItem","position":2,"name":"La F\u00e9e Malt\u00e9e prend ses quartiers \u00e0 Echallens"}]},{"@type":"WebSite","@id":"https:\/\/leregardlibre.com\/#website","url":"https:\/\/leregardlibre.com\/","name":"Le Regard Libre","description":"Switzerland's first monthly debate magazine","publisher":{"@id":"https:\/\/leregardlibre.com\/#organization"},"potentialAction":[{"@type":"SearchAction","target":{"@type":"EntryPoint","urlTemplate":"https:\/\/leregardlibre.com\/?s={search_term_string}"},"query-input":{"@type":"PropertyValueSpecification","valueRequired":true,"valueName":"search_term_string"}}],"inLanguage":"en-US"},{"@type":"Organization","@id":"https:\/\/leregardlibre.com\/#organization","name":"Le Regard Libre","url":"https:\/\/leregardlibre.com\/","logo":{"@type":"ImageObject","inLanguage":"en-US","@id":"https:\/\/leregardlibre.com\/#\/schema\/logo\/image\/","url":"https:\/\/leregardlibre.com\/wp-content\/uploads\/2025\/08\/logo-rl-icone-neg.jpeg","contentUrl":"https:\/\/leregardlibre.com\/wp-content\/uploads\/2025\/08\/logo-rl-icone-neg.jpeg","width":557,"height":556,"caption":"Le Regard Libre"},"image":{"@id":"https:\/\/leregardlibre.com\/#\/schema\/logo\/image\/"},"sameAs":["https:\/\/www.facebook.com\/leregardlibre\/","https:\/\/x.com\/LeRegardLibre","https:\/\/www.linkedin.com\/company\/le-regard-libre","https:\/\/www.instagram.com\/leregardlibre\/","http:\/\/t.me\/leregardlibre","https:\/\/youtube.com\/channel\/UC6HzGPomj1LsUmlz-sJtITQ"],"description":"Le Regard Libre is a Swiss monthly magazine for intellectual and cultural debate. Its editorial team is young, voluntary, liberal and pluralist. The magazine appears online and in print. Its language is French.","email":"redaction@leregardlibre.com","legalName":"Le Regard Libre","foundingDate":"2014-01-01","numberOfEmployees":{"@type":"QuantitativeValue","minValue":"11","maxValue":"50"},"publishingPrinciples":"https:\/\/leregardlibre.com\/a-propos\/notre-manifeste\/","ownershipFundingInfo":"https:\/\/leregardlibre.com\/mentions-legales\/","actionableFeedbackPolicy":"https:\/\/leregardlibre.com\/conditions-generales-de-vente\/"},{"@type":"Person","@id":"https:\/\/leregardlibre.com\/#\/schema\/person\/439e8d2dc64266e912da6f674b0b2c4b","name":"Max Moeschler","image":{"@type":"ImageObject","inLanguage":"en-US","@id":"https:\/\/secure.gravatar.com\/avatar\/a68b78ce98e86136d3956bc6f17e4879a7897c9744bef17da17a56ef38a02555?s=96&d=identicon&r=g","url":"https:\/\/secure.gravatar.com\/avatar\/a68b78ce98e86136d3956bc6f17e4879a7897c9744bef17da17a56ef38a02555?s=96&d=identicon&r=g","contentUrl":"https:\/\/secure.gravatar.com\/avatar\/a68b78ce98e86136d3956bc6f17e4879a7897c9744bef17da17a56ef38a02555?s=96&d=identicon&r=g","caption":"Max Moeschler"},"sameAs":["https:\/\/leregardlibre.com\/","https:\/\/fr.wikipedia.org\/wiki\/Le_Regard_libre"],"url":"https:\/\/leregardlibre.com\/en\/author\/max-moeschler\/"}]}},"_links":{"self":[{"href":"https:\/\/leregardlibre.com\/en\/wp-json\/wp\/v2\/posts\/20240","targetHints":{"allow":["GET"]}}],"collection":[{"href":"https:\/\/leregardlibre.com\/en\/wp-json\/wp\/v2\/posts"}],"about":[{"href":"https:\/\/leregardlibre.com\/en\/wp-json\/wp\/v2\/types\/post"}],"author":[{"embeddable":true,"href":"https:\/\/leregardlibre.com\/en\/wp-json\/wp\/v2\/users\/100"}],"replies":[{"embeddable":true,"href":"https:\/\/leregardlibre.com\/en\/wp-json\/wp\/v2\/comments?post=20240"}],"version-history":[{"count":1,"href":"https:\/\/leregardlibre.com\/en\/wp-json\/wp\/v2\/posts\/20240\/revisions"}],"predecessor-version":[{"id":510448,"href":"https:\/\/leregardlibre.com\/en\/wp-json\/wp\/v2\/posts\/20240\/revisions\/510448"}],"wp:featuredmedia":[{"embeddable":true,"href":"https:\/\/leregardlibre.com\/en\/wp-json\/wp\/v2\/media\/20241"}],"wp:attachment":[{"href":"https:\/\/leregardlibre.com\/en\/wp-json\/wp\/v2\/media?parent=20240"}],"wp:term":[{"taxonomy":"category","embeddable":true,"href":"https:\/\/leregardlibre.com\/en\/wp-json\/wp\/v2\/categories?post=20240"},{"taxonomy":"post_tag","embeddable":true,"href":"https:\/\/leregardlibre.com\/en\/wp-json\/wp\/v2\/tags?post=20240"}],"curies":[{"name":"wp","href":"https:\/\/api.w.org\/{rel}","templated":true}]}}