{"id":20451,"date":"2019-05-01T09:09:51","date_gmt":"2019-05-01T08:09:51","guid":{"rendered":"https:\/\/leregardlibre.com\/?p=20451"},"modified":"2025-12-04T22:36:43","modified_gmt":"2025-12-04T21:36:43","slug":"what-they-had-lalzheimer-qui-morcelle","status":"publish","type":"post","link":"https:\/\/leregardlibre.com\/en\/cinema\/films\/what-they-had-lalzheimer-qui-morcelle\/","title":{"rendered":"\u00abWhat they had\u00bb: Alzheimer's disease that fragments"},"content":{"rendered":"<p><em>Cinema Wednesdays - Lauriane Pipoz<\/em><\/p>\n\n\n\n<p class=\"has-drop-cap\"><strong>Bridget's mother, who has Alzheimer's, goes out and gets lost in the city one blizzardy evening. Worried, Bridget's father calls her brother, who then joins them. Her mother is soon found, but the decision of whether or not to put her in hospital hangs over the family. And reawakening resentments, Bridget sets out to tear her apart. <\/strong><\/p>\n\n\n\n<!--more Lire la critique-->\n\n\n\n<p>Elizabeth Chomko's first film is based on the story of her own family: she calls it a \u00ablove poem\u00bb for her family. And it succeeds: the characters are touching, and the story is told with great skill.<\/p>\n\n\n\n<h3 class=\"wp-block-heading\">In search of happiness<\/h3>\n\n\n\n<p>The main plot revolves around the opposition between Bridget's brother Nicki and their father: while the former is convinced that his mother needs to be put in a specialist hospital, the latter has absolutely no intention of doing so. We quickly fall in love with the old man who refuses to abandon his wife. We can't help but agree with him when we hear him repeat that love is a commitment, and we share his distress. <\/p>\n\n\n\n<p>But there are other issues at stake. The old patriarch seems to have retained a clear tendency to control and judge his children's lives. Each of them has adopted a different response to this attitude. This creates new conflicts and makes them question their own outlook on life.<\/p>\n\n\n\n<p>These characters, in search of happiness, are faced with questions that beset us every day. So touching, because so banal. None of them seem idealized: we can see that they're all trying to do the right thing, but can't quite manage it. Bridget, the main protagonist, seems particularly walled in by her solitude. <\/p>\n\n\n\n<h3 class=\"wp-block-heading\">A very fine film<\/h3>\n\n\n\n<p>While some feelings are verbalized in dialogue, others are also suggested by slower shots or ellipses. This latter element lends the film a great deal of finesse, helping it to escape from a story that drags on and on. The pace is alternating, with numerous events taking place that don't make the viewer feel rushed. On the contrary: at times, they seem to be suspended in the story, before being caught up in a new scene. <\/p>\n\n\n\n<p>The music is soft and sober, and the film is also punctuated by shades of lightness. The family laughs on numerous occasions, showing that not everything has to be taken so seriously. These scenes are among the most touching. They reflect the dissensions between the characters, since they don't all laugh at the same time, but also provide a positive touch despite the heaviness of the theme. A very tough theme, but handled with great class. <\/p>\n\n\n\n<p><em>Write to the author:&nbsp;<a href=\"mailto:lauriane.pipoz@leregardlibre.com\">lauriane.pipoz@leregardlibre.com<\/a><\/em><\/p>\n\n\n\n<p>Photo credit: \u00a9 Impuls Pictures<\/p>\n\n\n\n<table class=\"wp-block-table\"><thead><tr><th>What they had<\/th><\/tr><\/thead><tbody><tr><td>United States, 2018<\/td><\/tr><tr><td><em>Production:<\/em> Elizabeth Chomko<\/td><\/tr><tr><td><em>Screenplay:<\/em> Elizabeth Chomko<\/td><\/tr><tr><td><em>Interpretation:<\/em> Hilary Swank, Michael Shannon, Robert Forster<\/td><\/tr><tr><td><em>Production:<\/em> Bill Holderman, Unified Film Fund II <\/td><\/tr><tr><td><em>Distribution: <\/em>Bleecker Street<\/td><\/tr><tr><td><em>Duration:<\/em> 1h41<\/td><\/tr><tr><td><em>Output:<\/em><strong> April 24, 2019<\/strong><\/td><\/tr><\/tbody><\/table>","protected":false},"excerpt":{"rendered":"<p>Les mercredis du cin\u00e9ma &#8211; Lauriane Pipoz La m\u00e8re de Bridget, atteinte d&#8217;alzheimer, sort et se perd dans la ville&#8230;<\/p>","protected":false},"author":102,"featured_media":20454,"comment_status":"open","ping_status":"open","sticky":false,"template":"","format":"standard","meta":{"_acf_changed":false,"footnotes":""},"categories":[644355829],"tags":[14228,644341789,644341790,644341791,644341792,644341788],"class_list":["post-20451","post","type-post","status-publish","format-standard","has-post-thumbnail","hentry","category-films","tag-drame","tag-elizabeth-chomko","tag-hilary-swank","tag-michael-shannon","tag-robert-forster","tag-what-they-had"],"acf":[],"yoast_head":"<!-- This site is optimized with the Yoast SEO Premium plugin v27.4 (Yoast SEO v27.4) - https:\/\/yoast.com\/product\/yoast-seo-premium-wordpress\/ -->\n<title>\u00abWhat they had\u00bb: l&#039;alzheimer qui morcelle<\/title>\n<meta name=\"robots\" content=\"index, follow, max-snippet:-1, max-image-preview:large, max-video-preview:-1\" \/>\n<link rel=\"canonical\" href=\"https:\/\/leregardlibre.com\/en\/cinema\/films\/what-they-had-lalzheimer-qui-morcelle\/\" \/>\n<meta property=\"og:locale\" content=\"en_US\" \/>\n<meta property=\"og:type\" content=\"article\" \/>\n<meta property=\"og:title\" content=\"\u00abWhat they had\u00bb: l&#039;alzheimer qui morcelle\" \/>\n<meta property=\"og:description\" content=\"Les mercredis du cin\u00e9ma - Lauriane Pipoz La m\u00e8re de Bridget, atteinte d&#039;alzheimer, sort et se perd dans la ville...\" \/>\n<meta property=\"og:url\" content=\"https:\/\/leregardlibre.com\/en\/cinema\/films\/what-they-had-lalzheimer-qui-morcelle\/\" \/>\n<meta property=\"og:site_name\" content=\"Le Regard Libre\" \/>\n<meta property=\"article:publisher\" content=\"https:\/\/www.facebook.com\/leregardlibre\/\" \/>\n<meta property=\"article:published_time\" content=\"2019-05-01T08:09:51+00:00\" \/>\n<meta property=\"article:modified_time\" content=\"2025-12-04T21:36:43+00:00\" \/>\n<meta property=\"og:image\" content=\"https:\/\/leregardlibre.com\/wp-content\/uploads\/2019\/05\/Attachment-1-scaled.jpeg\" \/>\n\t<meta property=\"og:image:width\" content=\"6500\" \/>\n\t<meta property=\"og:image:height\" content=\"2708\" \/>\n\t<meta property=\"og:image:type\" content=\"image\/jpeg\" \/>\n<meta name=\"author\" content=\"Lauriane Pipoz\" \/>\n<meta name=\"twitter:card\" content=\"summary_large_image\" \/>\n<meta name=\"twitter:creator\" content=\"@LeRegardLibre\" \/>\n<meta name=\"twitter:site\" content=\"@LeRegardLibre\" \/>\n<meta name=\"twitter:label1\" content=\"Written by\" \/>\n\t<meta name=\"twitter:data1\" content=\"Lauriane Pipoz\" \/>\n\t<meta name=\"twitter:label2\" content=\"Est. reading time\" \/>\n\t<meta name=\"twitter:data2\" content=\"3 minutes\" \/>\n<script type=\"application\/ld+json\" class=\"yoast-schema-graph\">{\"@context\":\"https:\\\/\\\/schema.org\",\"@graph\":[{\"@type\":\"Article\",\"@id\":\"https:\\\/\\\/leregardlibre.com\\\/cinema\\\/films\\\/what-they-had-lalzheimer-qui-morcelle\\\/#article\",\"isPartOf\":{\"@id\":\"https:\\\/\\\/leregardlibre.com\\\/cinema\\\/films\\\/what-they-had-lalzheimer-qui-morcelle\\\/\"},\"author\":{\"name\":\"Lauriane Pipoz\",\"@id\":\"https:\\\/\\\/leregardlibre.com\\\/#\\\/schema\\\/person\\\/4a90f0c5c8d33c0d6228249a2f2d37f5\"},\"headline\":\"\u00abWhat they had\u00bb: l&#8217;alzheimer qui morcelle\",\"datePublished\":\"2019-05-01T08:09:51+00:00\",\"dateModified\":\"2025-12-04T21:36:43+00:00\",\"mainEntityOfPage\":{\"@id\":\"https:\\\/\\\/leregardlibre.com\\\/cinema\\\/films\\\/what-they-had-lalzheimer-qui-morcelle\\\/\"},\"wordCount\":575,\"commentCount\":0,\"publisher\":{\"@id\":\"https:\\\/\\\/leregardlibre.com\\\/#organization\"},\"image\":{\"@id\":\"https:\\\/\\\/leregardlibre.com\\\/cinema\\\/films\\\/what-they-had-lalzheimer-qui-morcelle\\\/#primaryimage\"},\"thumbnailUrl\":\"https:\\\/\\\/leregardlibre.com\\\/wp-content\\\/uploads\\\/2019\\\/05\\\/Attachment-1-scaled.jpeg\",\"keywords\":[\"Drame\",\"elizabeth chomko\",\"hilary swank\",\"michael shannon\",\"robert forster\",\"what they had\"],\"articleSection\":[\"Films\"],\"inLanguage\":\"en-US\",\"potentialAction\":[{\"@type\":\"CommentAction\",\"name\":\"Comment\",\"target\":[\"https:\\\/\\\/leregardlibre.com\\\/cinema\\\/films\\\/what-they-had-lalzheimer-qui-morcelle\\\/#respond\"]}]},{\"@type\":\"WebPage\",\"@id\":\"https:\\\/\\\/leregardlibre.com\\\/cinema\\\/films\\\/what-they-had-lalzheimer-qui-morcelle\\\/\",\"url\":\"https:\\\/\\\/leregardlibre.com\\\/cinema\\\/films\\\/what-they-had-lalzheimer-qui-morcelle\\\/\",\"name\":\"\u00abWhat they had\u00bb: l'alzheimer qui morcelle\",\"isPartOf\":{\"@id\":\"https:\\\/\\\/leregardlibre.com\\\/#website\"},\"primaryImageOfPage\":{\"@id\":\"https:\\\/\\\/leregardlibre.com\\\/cinema\\\/films\\\/what-they-had-lalzheimer-qui-morcelle\\\/#primaryimage\"},\"image\":{\"@id\":\"https:\\\/\\\/leregardlibre.com\\\/cinema\\\/films\\\/what-they-had-lalzheimer-qui-morcelle\\\/#primaryimage\"},\"thumbnailUrl\":\"https:\\\/\\\/leregardlibre.com\\\/wp-content\\\/uploads\\\/2019\\\/05\\\/Attachment-1-scaled.jpeg\",\"datePublished\":\"2019-05-01T08:09:51+00:00\",\"dateModified\":\"2025-12-04T21:36:43+00:00\",\"breadcrumb\":{\"@id\":\"https:\\\/\\\/leregardlibre.com\\\/cinema\\\/films\\\/what-they-had-lalzheimer-qui-morcelle\\\/#breadcrumb\"},\"inLanguage\":\"en-US\",\"potentialAction\":[{\"@type\":\"ReadAction\",\"target\":[\"https:\\\/\\\/leregardlibre.com\\\/cinema\\\/films\\\/what-they-had-lalzheimer-qui-morcelle\\\/\"]}]},{\"@type\":\"ImageObject\",\"inLanguage\":\"en-US\",\"@id\":\"https:\\\/\\\/leregardlibre.com\\\/cinema\\\/films\\\/what-they-had-lalzheimer-qui-morcelle\\\/#primaryimage\",\"url\":\"https:\\\/\\\/leregardlibre.com\\\/wp-content\\\/uploads\\\/2019\\\/05\\\/Attachment-1-scaled.jpeg\",\"contentUrl\":\"https:\\\/\\\/leregardlibre.com\\\/wp-content\\\/uploads\\\/2019\\\/05\\\/Attachment-1-scaled.jpeg\",\"width\":6500,\"height\":2708,\"caption\":\"WTH_STILLS_PULL.00000300_R Blythe Danner (left) stars as \u201cRuth\u201d and Robert Forster (right) stars as \u201cBert\u201d in Elizabeth Chomko\u2019s WHAT THEY HAD, a Bleecker Street release. Credit: Bleecker Street\"},{\"@type\":\"BreadcrumbList\",\"@id\":\"https:\\\/\\\/leregardlibre.com\\\/cinema\\\/films\\\/what-they-had-lalzheimer-qui-morcelle\\\/#breadcrumb\",\"itemListElement\":[{\"@type\":\"ListItem\",\"position\":1,\"name\":\"Accueil\",\"item\":\"https:\\\/\\\/leregardlibre.com\\\/\"},{\"@type\":\"ListItem\",\"position\":2,\"name\":\"\u00abWhat they had\u00bb: l&#8217;alzheimer qui morcelle\"}]},{\"@type\":\"WebSite\",\"@id\":\"https:\\\/\\\/leregardlibre.com\\\/#website\",\"url\":\"https:\\\/\\\/leregardlibre.com\\\/\",\"name\":\"Le Regard Libre\",\"description\":\"Premier mensuel suisse de d\u00e9bat\",\"publisher\":{\"@id\":\"https:\\\/\\\/leregardlibre.com\\\/#organization\"},\"potentialAction\":[{\"@type\":\"SearchAction\",\"target\":{\"@type\":\"EntryPoint\",\"urlTemplate\":\"https:\\\/\\\/leregardlibre.com\\\/?s={search_term_string}\"},\"query-input\":{\"@type\":\"PropertyValueSpecification\",\"valueRequired\":true,\"valueName\":\"search_term_string\"}}],\"inLanguage\":\"en-US\"},{\"@type\":\"Organization\",\"@id\":\"https:\\\/\\\/leregardlibre.com\\\/#organization\",\"name\":\"Le Regard Libre\",\"url\":\"https:\\\/\\\/leregardlibre.com\\\/\",\"logo\":{\"@type\":\"ImageObject\",\"inLanguage\":\"en-US\",\"@id\":\"https:\\\/\\\/leregardlibre.com\\\/#\\\/schema\\\/logo\\\/image\\\/\",\"url\":\"https:\\\/\\\/leregardlibre.com\\\/wp-content\\\/uploads\\\/2025\\\/08\\\/logo-rl-icone-neg.jpeg\",\"contentUrl\":\"https:\\\/\\\/leregardlibre.com\\\/wp-content\\\/uploads\\\/2025\\\/08\\\/logo-rl-icone-neg.jpeg\",\"width\":557,\"height\":556,\"caption\":\"Le Regard Libre\"},\"image\":{\"@id\":\"https:\\\/\\\/leregardlibre.com\\\/#\\\/schema\\\/logo\\\/image\\\/\"},\"sameAs\":[\"https:\\\/\\\/www.facebook.com\\\/leregardlibre\\\/\",\"https:\\\/\\\/x.com\\\/LeRegardLibre\",\"https:\\\/\\\/www.linkedin.com\\\/company\\\/le-regard-libre\",\"https:\\\/\\\/www.instagram.com\\\/leregardlibre\\\/\",\"http:\\\/\\\/t.me\\\/leregardlibre\",\"https:\\\/\\\/youtube.com\\\/channel\\\/UC6HzGPomj1LsUmlz-sJtITQ\"],\"description\":\"Le Regard Libre est un mensuel suisse de d\u00e9bat intellectuel et culturel. Sa r\u00e9daction est jeune, b\u00e9n\u00e9vole, lib\u00e9rale et pluraliste. Le magazine para\u00eet en ligne et sous forme papier. Sa langue est le fran\u00e7ais.\",\"email\":\"redaction@leregardlibre.com\",\"legalName\":\"Le Regard Libre\",\"foundingDate\":\"2014-01-01\",\"numberOfEmployees\":{\"@type\":\"QuantitativeValue\",\"minValue\":\"11\",\"maxValue\":\"50\"},\"publishingPrinciples\":\"https:\\\/\\\/leregardlibre.com\\\/a-propos\\\/notre-manifeste\\\/\",\"ownershipFundingInfo\":\"https:\\\/\\\/leregardlibre.com\\\/mentions-legales\\\/\",\"actionableFeedbackPolicy\":\"https:\\\/\\\/leregardlibre.com\\\/conditions-generales-de-vente\\\/\"},{\"@type\":\"Person\",\"@id\":\"https:\\\/\\\/leregardlibre.com\\\/#\\\/schema\\\/person\\\/4a90f0c5c8d33c0d6228249a2f2d37f5\",\"name\":\"Lauriane Pipoz\",\"image\":{\"@type\":\"ImageObject\",\"inLanguage\":\"en-US\",\"@id\":\"https:\\\/\\\/secure.gravatar.com\\\/avatar\\\/9a20095942ede01d828f2fc30b63370b5d10612b2f5f1b4099e9dd868b95749d?s=96&d=identicon&r=g\",\"url\":\"https:\\\/\\\/secure.gravatar.com\\\/avatar\\\/9a20095942ede01d828f2fc30b63370b5d10612b2f5f1b4099e9dd868b95749d?s=96&d=identicon&r=g\",\"contentUrl\":\"https:\\\/\\\/secure.gravatar.com\\\/avatar\\\/9a20095942ede01d828f2fc30b63370b5d10612b2f5f1b4099e9dd868b95749d?s=96&d=identicon&r=g\",\"caption\":\"Lauriane Pipoz\"},\"sameAs\":[\"https:\\\/\\\/leregardlibre.com\\\/\",\"https:\\\/\\\/fr.wikipedia.org\\\/wiki\\\/Le_Regard_libre\"],\"url\":\"https:\\\/\\\/leregardlibre.com\\\/en\\\/author\\\/lauriane00\\\/\"}]}<\/script>\n<!-- \/ Yoast SEO Premium plugin. -->","yoast_head_json":{"title":"\u00abWhat they had\u00bb: Alzheimer's disease that fragments","robots":{"index":"index","follow":"follow","max-snippet":"max-snippet:-1","max-image-preview":"max-image-preview:large","max-video-preview":"max-video-preview:-1"},"canonical":"https:\/\/leregardlibre.com\/en\/cinema\/films\/what-they-had-lalzheimer-qui-morcelle\/","og_locale":"en_US","og_type":"article","og_title":"\u00abWhat they had\u00bb: l'alzheimer qui morcelle","og_description":"Les mercredis du cin\u00e9ma - Lauriane Pipoz La m\u00e8re de Bridget, atteinte d'alzheimer, sort et se perd dans la ville...","og_url":"https:\/\/leregardlibre.com\/en\/cinema\/films\/what-they-had-lalzheimer-qui-morcelle\/","og_site_name":"Le Regard Libre","article_publisher":"https:\/\/www.facebook.com\/leregardlibre\/","article_published_time":"2019-05-01T08:09:51+00:00","article_modified_time":"2025-12-04T21:36:43+00:00","og_image":[{"width":6500,"height":2708,"url":"https:\/\/leregardlibre.com\/wp-content\/uploads\/2019\/05\/Attachment-1-scaled.jpeg","type":"image\/jpeg"}],"author":"Lauriane Pipoz","twitter_card":"summary_large_image","twitter_creator":"@LeRegardLibre","twitter_site":"@LeRegardLibre","twitter_misc":{"Written by":"Lauriane Pipoz","Est. reading time":"3 minutes"},"schema":{"@context":"https:\/\/schema.org","@graph":[{"@type":"Article","@id":"https:\/\/leregardlibre.com\/cinema\/films\/what-they-had-lalzheimer-qui-morcelle\/#article","isPartOf":{"@id":"https:\/\/leregardlibre.com\/cinema\/films\/what-they-had-lalzheimer-qui-morcelle\/"},"author":{"name":"Lauriane Pipoz","@id":"https:\/\/leregardlibre.com\/#\/schema\/person\/4a90f0c5c8d33c0d6228249a2f2d37f5"},"headline":"\u00abWhat they had\u00bb: l&#8217;alzheimer qui morcelle","datePublished":"2019-05-01T08:09:51+00:00","dateModified":"2025-12-04T21:36:43+00:00","mainEntityOfPage":{"@id":"https:\/\/leregardlibre.com\/cinema\/films\/what-they-had-lalzheimer-qui-morcelle\/"},"wordCount":575,"commentCount":0,"publisher":{"@id":"https:\/\/leregardlibre.com\/#organization"},"image":{"@id":"https:\/\/leregardlibre.com\/cinema\/films\/what-they-had-lalzheimer-qui-morcelle\/#primaryimage"},"thumbnailUrl":"https:\/\/leregardlibre.com\/wp-content\/uploads\/2019\/05\/Attachment-1-scaled.jpeg","keywords":["Drame","elizabeth chomko","hilary swank","michael shannon","robert forster","what they had"],"articleSection":["Films"],"inLanguage":"en-US","potentialAction":[{"@type":"CommentAction","name":"Comment","target":["https:\/\/leregardlibre.com\/cinema\/films\/what-they-had-lalzheimer-qui-morcelle\/#respond"]}]},{"@type":"WebPage","@id":"https:\/\/leregardlibre.com\/cinema\/films\/what-they-had-lalzheimer-qui-morcelle\/","url":"https:\/\/leregardlibre.com\/cinema\/films\/what-they-had-lalzheimer-qui-morcelle\/","name":"\u00abWhat they had\u00bb: Alzheimer's disease that fragments","isPartOf":{"@id":"https:\/\/leregardlibre.com\/#website"},"primaryImageOfPage":{"@id":"https:\/\/leregardlibre.com\/cinema\/films\/what-they-had-lalzheimer-qui-morcelle\/#primaryimage"},"image":{"@id":"https:\/\/leregardlibre.com\/cinema\/films\/what-they-had-lalzheimer-qui-morcelle\/#primaryimage"},"thumbnailUrl":"https:\/\/leregardlibre.com\/wp-content\/uploads\/2019\/05\/Attachment-1-scaled.jpeg","datePublished":"2019-05-01T08:09:51+00:00","dateModified":"2025-12-04T21:36:43+00:00","breadcrumb":{"@id":"https:\/\/leregardlibre.com\/cinema\/films\/what-they-had-lalzheimer-qui-morcelle\/#breadcrumb"},"inLanguage":"en-US","potentialAction":[{"@type":"ReadAction","target":["https:\/\/leregardlibre.com\/cinema\/films\/what-they-had-lalzheimer-qui-morcelle\/"]}]},{"@type":"ImageObject","inLanguage":"en-US","@id":"https:\/\/leregardlibre.com\/cinema\/films\/what-they-had-lalzheimer-qui-morcelle\/#primaryimage","url":"https:\/\/leregardlibre.com\/wp-content\/uploads\/2019\/05\/Attachment-1-scaled.jpeg","contentUrl":"https:\/\/leregardlibre.com\/wp-content\/uploads\/2019\/05\/Attachment-1-scaled.jpeg","width":6500,"height":2708,"caption":"WTH_STILLS_PULL.00000300_R Blythe Danner (left) stars as \u201cRuth\u201d and Robert Forster (right) stars as \u201cBert\u201d in Elizabeth Chomko\u2019s WHAT THEY HAD, a Bleecker Street release. Credit: Bleecker Street"},{"@type":"BreadcrumbList","@id":"https:\/\/leregardlibre.com\/cinema\/films\/what-they-had-lalzheimer-qui-morcelle\/#breadcrumb","itemListElement":[{"@type":"ListItem","position":1,"name":"Accueil","item":"https:\/\/leregardlibre.com\/"},{"@type":"ListItem","position":2,"name":"\u00abWhat they had\u00bb: l&#8217;alzheimer qui morcelle"}]},{"@type":"WebSite","@id":"https:\/\/leregardlibre.com\/#website","url":"https:\/\/leregardlibre.com\/","name":"Le Regard Libre","description":"Switzerland's first monthly debate magazine","publisher":{"@id":"https:\/\/leregardlibre.com\/#organization"},"potentialAction":[{"@type":"SearchAction","target":{"@type":"EntryPoint","urlTemplate":"https:\/\/leregardlibre.com\/?s={search_term_string}"},"query-input":{"@type":"PropertyValueSpecification","valueRequired":true,"valueName":"search_term_string"}}],"inLanguage":"en-US"},{"@type":"Organization","@id":"https:\/\/leregardlibre.com\/#organization","name":"Le Regard Libre","url":"https:\/\/leregardlibre.com\/","logo":{"@type":"ImageObject","inLanguage":"en-US","@id":"https:\/\/leregardlibre.com\/#\/schema\/logo\/image\/","url":"https:\/\/leregardlibre.com\/wp-content\/uploads\/2025\/08\/logo-rl-icone-neg.jpeg","contentUrl":"https:\/\/leregardlibre.com\/wp-content\/uploads\/2025\/08\/logo-rl-icone-neg.jpeg","width":557,"height":556,"caption":"Le Regard Libre"},"image":{"@id":"https:\/\/leregardlibre.com\/#\/schema\/logo\/image\/"},"sameAs":["https:\/\/www.facebook.com\/leregardlibre\/","https:\/\/x.com\/LeRegardLibre","https:\/\/www.linkedin.com\/company\/le-regard-libre","https:\/\/www.instagram.com\/leregardlibre\/","http:\/\/t.me\/leregardlibre","https:\/\/youtube.com\/channel\/UC6HzGPomj1LsUmlz-sJtITQ"],"description":"Le Regard Libre is a Swiss monthly magazine for intellectual and cultural debate. Its editorial team is young, voluntary, liberal and pluralist. The magazine appears online and in print. Its language is French.","email":"redaction@leregardlibre.com","legalName":"Le Regard Libre","foundingDate":"2014-01-01","numberOfEmployees":{"@type":"QuantitativeValue","minValue":"11","maxValue":"50"},"publishingPrinciples":"https:\/\/leregardlibre.com\/a-propos\/notre-manifeste\/","ownershipFundingInfo":"https:\/\/leregardlibre.com\/mentions-legales\/","actionableFeedbackPolicy":"https:\/\/leregardlibre.com\/conditions-generales-de-vente\/"},{"@type":"Person","@id":"https:\/\/leregardlibre.com\/#\/schema\/person\/4a90f0c5c8d33c0d6228249a2f2d37f5","name":"Lauriane Pipoz","image":{"@type":"ImageObject","inLanguage":"en-US","@id":"https:\/\/secure.gravatar.com\/avatar\/9a20095942ede01d828f2fc30b63370b5d10612b2f5f1b4099e9dd868b95749d?s=96&d=identicon&r=g","url":"https:\/\/secure.gravatar.com\/avatar\/9a20095942ede01d828f2fc30b63370b5d10612b2f5f1b4099e9dd868b95749d?s=96&d=identicon&r=g","contentUrl":"https:\/\/secure.gravatar.com\/avatar\/9a20095942ede01d828f2fc30b63370b5d10612b2f5f1b4099e9dd868b95749d?s=96&d=identicon&r=g","caption":"Lauriane Pipoz"},"sameAs":["https:\/\/leregardlibre.com\/","https:\/\/fr.wikipedia.org\/wiki\/Le_Regard_libre"],"url":"https:\/\/leregardlibre.com\/en\/author\/lauriane00\/"}]}},"_links":{"self":[{"href":"https:\/\/leregardlibre.com\/en\/wp-json\/wp\/v2\/posts\/20451","targetHints":{"allow":["GET"]}}],"collection":[{"href":"https:\/\/leregardlibre.com\/en\/wp-json\/wp\/v2\/posts"}],"about":[{"href":"https:\/\/leregardlibre.com\/en\/wp-json\/wp\/v2\/types\/post"}],"author":[{"embeddable":true,"href":"https:\/\/leregardlibre.com\/en\/wp-json\/wp\/v2\/users\/102"}],"replies":[{"embeddable":true,"href":"https:\/\/leregardlibre.com\/en\/wp-json\/wp\/v2\/comments?post=20451"}],"version-history":[{"count":1,"href":"https:\/\/leregardlibre.com\/en\/wp-json\/wp\/v2\/posts\/20451\/revisions"}],"predecessor-version":[{"id":510476,"href":"https:\/\/leregardlibre.com\/en\/wp-json\/wp\/v2\/posts\/20451\/revisions\/510476"}],"wp:featuredmedia":[{"embeddable":true,"href":"https:\/\/leregardlibre.com\/en\/wp-json\/wp\/v2\/media\/20454"}],"wp:attachment":[{"href":"https:\/\/leregardlibre.com\/en\/wp-json\/wp\/v2\/media?parent=20451"}],"wp:term":[{"taxonomy":"category","embeddable":true,"href":"https:\/\/leregardlibre.com\/en\/wp-json\/wp\/v2\/categories?post=20451"},{"taxonomy":"post_tag","embeddable":true,"href":"https:\/\/leregardlibre.com\/en\/wp-json\/wp\/v2\/tags?post=20451"}],"curies":[{"name":"wp","href":"https:\/\/api.w.org\/{rel}","templated":true}]}}