{"id":20593,"date":"2019-05-12T10:00:22","date_gmt":"2019-05-12T09:00:22","guid":{"rendered":"https:\/\/leregardlibre.com\/?p=20593"},"modified":"2025-10-18T16:16:12","modified_gmt":"2025-10-18T14:16:12","slug":"the-warriors-lament","status":"publish","type":"post","link":"https:\/\/leregardlibre.com\/en\/performing-arts\/theater\/the-warriors-lament\/","title":{"rendered":"The warrior's lament"},"content":{"rendered":"<p class=\"p1\"><em><a href=\"https:\/\/leregardlibre.com\/en\/product\/le-regard-libre-n-49\/\">Le Regard Libre N\u00b0 49<\/a>&nbsp;- Ivan Garcia<\/em><\/p>\n\n\n\n<p class=\"has-drop-cap\"><strong>The new creation by Fr\u00e9d\u00e9ric Fisbach and Dieudonn\u00e9 Niangouna, <em>And God didn't weigh much...<\/em>, was presented at the Th\u00e9\u00e2tre de Vidy between February 19 and 21, 2019. Composed of energetic rantings, the drama stages one man's sweeping indictment of a corrupt world.<\/strong><\/p>\n\n\n\n<!--more Lire l'article-->\n\n\n\n<p class=\"p1\">On Wednesday, February 20, 2019, in the pavilion of the Th\u00e9\u00e2tre de Vidy, the auditorium exudes a strange atmosphere. Shortly before the start of the show, spectators murmur their impatience at the return of Dieudonn\u00e9 Niangouna, who - last time - caused some controversy with his play entitled <em>Nkengu\u00e9gi<\/em>, a complex work that lasted over three hours and saw the audience leave before half-time. This time, however, there were no rollerblades, no rafts, no costume parties and too many changes of scene.<\/p>\n\n\n\n<p><em>And God didn't weigh much...<\/em> features a man, played by Fr\u00e9d\u00e9ric Fisbach. The man, alone on stage, wears a <em>jeans<\/em>, a hooded jacket and a <em>T-shirt<\/em>; he says his name is Anton. He quickly describes his experiences, because he doesn't see himself as an ordinary protagonist. And with good reason: he comes from a suburb of Paris, and has been locked up for 23 years in various prisons around the world, from the CIA to a jihadist group to a rebel's cellar. This is the story of a vagabond, or rather a rebel, that Anton decides to tell us. <em>maelstrom<\/em> the protagonist wants to get it off his chest, to spit out his ugliness, stupidity and mediocrity to the world.<\/p>\n\n\n\n<h3 class=\"wp-block-heading\"><strong>An anger in an unknown place<\/strong><\/h3>\n\n\n\n<p>To tell the truth, the viewer doesn't really know where Anton is. He seems to be locked in a cell, spied on by a surveillance camera. Exposed to the spotlight, he rants, he reasons, he moans, and when he exceeds the limits imposed by his jailer, a shrill ultrasound sounds. Faced with his keeper's denial of freedom of thought and expression, Anton, in a powerful, chilling voice, sometimes howls, sometimes debates what makes him feel heavy in this universe: wars, world hunger, selfishness, corrupt politicians, and other burning issues of the day.<\/p>\n\n\n\n<p>The protagonist's life story - as it relates to these themes - fluctuates, with various narrative devices used to explain events and encounters. We oscillate between analepsis, mise en abyme and reported speech. Trapped on a stage as tightly bound as a prison, the actor spins around in circles, engaging in cyclical reasoning.<\/p>\n\n\n\n<p>Come to think of it, there's one character who stands out in this play. And it's not Anton, nor the leader of the jihadists, nor the man who's supposed to be keeping an eye on him, but a certain Saoul Atman, a guru and composer of electronic music; through a dialogue with himself, the protagonist explains how, in Seattle, he came to know this preceptor in one of the greatest <em>clubs<\/em> of the city.<\/p>\n\n\n\n<p>As the story of this encounter begins, the atmosphere becomes electric. The light, previously white, is transformed into scarlet rays, the smoke machines go wild and the electronic music is in full swing. Saoul Atman reveals himself to be a <em>dandy<\/em> who, at night, mixes in the best of the best <em>club<\/em> of Seattle and, by day, slips away to his underground library to work on \u00abThe Work\u00bb, the one that will subvert the world. While befriending Saoul, Anton is fascinated by this esoteric universe and decides to take part in the project.<\/p>\n\n\n\n<h3 class=\"wp-block-heading\"><strong>Adapting a commissioned text&nbsp;<\/strong><\/h3>\n\n\n\n<p>The piece was commissioned by Fr\u00e9d\u00e9ric Fisbach from Dieudonn\u00e9 Niangouna. If you listen carefully, you'll recognize Niangouna's powerful, trenchant voice, his fiery verbiage, his acerbic criticism and his destroyed illusions. This reveals a daring decision: to have Fisbach perform a text, composed orally for the sake of it, by someone who didn't write it - and, at times, you can hear it. We might have preferred Niangouna - with his Congolese accent - and his one-liners. But Fisbach's masterful alternation of body language and spoken word convinces the audience of the sincerity of the subject and its reappropriation.<\/p>\n\n\n\n<p>In fact, when we look at the original text, published by Editions Les Solitaires Intempestifs, we see that the director chose not to adapt Niangouna's text in its entirety, no doubt so as not to repeat the blunder of <em>Nkengu\u00e9gi<\/em>, which lasted approximately three hours and thirty minutes. Niangouna has the logorrhea of a warrior. Eternally dissatisfied, never defeated, this man takes it upon himself to spit in the face of the world - sometimes even too much - which can guarantee him success as well as disappointment.<\/p>\n\n\n\n<p><em>And God didn't weigh much<\/em>... belongs to an undefined genre, somewhere between a statement of intent and a rebellious soliloquy. When they attend a performance, spectators are not faced with a classic play, nor with an established playwright. They are the only judges in the room. Fisbach and Niangouna deliver a heartfelt drama that allows <em>catharsis<\/em> of emotions, guilt and stress, yet they quickly fall into clich\u00e9 and excess. We move from an era when \u00abGod didn't weigh much\u00bb to one of transcendent heaviness, from the consumer's lament to the warrior's lament.<\/p>\n\n\n\n<p><em>Write to the author: <a href=\"mailto:ivan.garcia@leregardlibre.com\">ivan.garcia@leregardlibre.com<\/a><\/em><\/p>\n\n\n<div data-block-name=\"woocommerce\/handpicked-products\" data-edit-mode=\"false\" data-orderby=\"price_asc\" data-products=\"[19953,19241,17631]\" class=\"wc-block-grid wp-block-handpicked-products wp-block-woocommerce-handpicked-products wc-block-handpicked-products has-3-columns has-multiple-rows\"><ul class=\"wc-block-grid__products\"><li class=\"wc-block-grid__product\">\n\t\t\t\t<a href=\"https:\/\/leregardlibre.com\/en\/product\/le-regard-libre-n-49\/\" class=\"wc-block-grid__product-link\">\n\t\t\t\t\t\n\t\t\t\t\t<div class=\"wc-block-grid__product-image\"><img fetchpriority=\"high\" decoding=\"async\" width=\"300\" height=\"424\" src=\"https:\/\/leregardlibre.com\/wp-content\/uploads\/2019\/03\/Une-RL-N\u00b0-49-300x424.jpg\" class=\"attachment-woocommerce_thumbnail size-woocommerce_thumbnail\" alt=\"Le Regard Libre - N\u00b0 49\" srcset=\"https:\/\/leregardlibre.com\/wp-content\/uploads\/2019\/03\/Une-RL-N\u00b0-49-300x424.jpg 300w, https:\/\/leregardlibre.com\/wp-content\/uploads\/2019\/03\/Une-RL-N\u00b0-49-106x150.jpg 106w, https:\/\/leregardlibre.com\/wp-content\/uploads\/2019\/03\/Une-RL-N\u00b0-49-212x300.jpg 212w, https:\/\/leregardlibre.com\/wp-content\/uploads\/2019\/03\/Une-RL-N\u00b0-49-768x1086.jpg 768w, https:\/\/leregardlibre.com\/wp-content\/uploads\/2019\/03\/Une-RL-N\u00b0-49-724x1024.jpg 724w, https:\/\/leregardlibre.com\/wp-content\/uploads\/2019\/03\/Une-RL-N\u00b0-49-1086x1536.jpg 1086w, https:\/\/leregardlibre.com\/wp-content\/uploads\/2019\/03\/Une-RL-N\u00b0-49-1448x2048.jpg 1448w, https:\/\/leregardlibre.com\/wp-content\/uploads\/2019\/03\/Une-RL-N\u00b0-49-1200x1697.jpg 1200w, https:\/\/leregardlibre.com\/wp-content\/uploads\/2019\/03\/Une-RL-N\u00b0-49-1920x2715.jpg 1920w, https:\/\/leregardlibre.com\/wp-content\/uploads\/2019\/03\/Une-RL-N\u00b0-49-1170x1655.jpg 1170w, https:\/\/leregardlibre.com\/wp-content\/uploads\/2019\/03\/Une-RL-N\u00b0-49-585x827.jpg 585w, https:\/\/leregardlibre.com\/wp-content\/uploads\/2019\/03\/Une-RL-N\u00b0-49-600x849.jpg 600w\" sizes=\"(max-width: 300px) 100vw, 300px\" \/><\/div>\n\t\t\t\t\t<div class=\"wc-block-grid__product-title\">Le Regard Libre - N\u00b0 49<\/div>\n\t\t\t\t<\/a>\n\t\t\t\t<div class=\"wc-block-grid__product-price price\"><span class=\"woocommerce-Price-amount amount\"><span class=\"woocommerce-Price-currencySymbol\">CHF<\/span>10.00<\/span><\/div>\n\t\t\t\t\n\t\t\t\t<div class=\"wp-block-button wc-block-grid__product-add-to-cart\"><a href=\"\/en\/wp-json\/wp\/v2\/posts\/20593?add-to-cart=19953\" aria-label=\"Add to cart: \u201cLe Regard Libre - N\u00b0 49\u201d\" data-quantity=\"1\" data-product_id=\"19953\" data-product_sku=\"\" data-price=\"10\" rel=\"nofollow\" class=\"wp-block-button__link  add_to_cart_button ajax_add_to_cart\">Add to cart<\/a><\/div>\n\t\t\t<\/li><li class=\"wc-block-grid__product\">\n\t\t\t\t<a href=\"https:\/\/leregardlibre.com\/en\/product\/le-regard-libre-abonnement-annuel-a-la-version-papier\/\" class=\"wc-block-grid__product-link\">\n\t\t\t\t\t\n\t\t\t\t\t<div class=\"wc-block-grid__product-image\"><img decoding=\"async\" width=\"300\" height=\"300\" src=\"https:\/\/leregardlibre.com\/wp-content\/uploads\/woocommerce-placeholder.webp\" class=\"woocommerce-placeholder wp-post-image\" alt=\"\" srcset=\"https:\/\/leregardlibre.com\/wp-content\/uploads\/woocommerce-placeholder.webp 1200w, https:\/\/leregardlibre.com\/wp-content\/uploads\/woocommerce-placeholder-300x300.webp 300w, https:\/\/leregardlibre.com\/wp-content\/uploads\/woocommerce-placeholder-1024x1024.webp 1024w, https:\/\/leregardlibre.com\/wp-content\/uploads\/woocommerce-placeholder-150x150.webp 150w, https:\/\/leregardlibre.com\/wp-content\/uploads\/woocommerce-placeholder-768x768.webp 768w, https:\/\/leregardlibre.com\/wp-content\/uploads\/woocommerce-placeholder-1170x1170.webp 1170w, https:\/\/leregardlibre.com\/wp-content\/uploads\/woocommerce-placeholder-585x585.webp 585w\" sizes=\"(max-width: 300px) 100vw, 300px\" \/><\/div>\n\t\t\t\t\t<div class=\"wc-block-grid__product-title\">Standard subscription (Switzerland)<\/div>\n\t\t\t\t<\/a>\n\t\t\t\t<div class=\"wc-block-grid__product-price price\"><span class=\"woocommerce-Price-amount amount\"><span class=\"woocommerce-Price-currencySymbol\">CHF<\/span>100.00<\/span> <span class=\"subscription-details\"> \/ year<\/span><\/div>\n\t\t\t\t\n\t\t\t\t<div class=\"wp-block-button wc-block-grid__product-add-to-cart\"><a href=\"\/en\/wp-json\/wp\/v2\/posts\/20593?add-to-cart=17631\" aria-label=\"Subscribe now: \u201cStandard subscription (Switzerland)\u201d.\u201d\" data-quantity=\"1\" data-product_id=\"17631\" data-product_sku=\"\" data-price=\"100\" rel=\"nofollow\" class=\"wp-block-button__link  add_to_cart_button ajax_add_to_cart\">Subscribe now<\/a><\/div>\n\t\t\t<\/li><li class=\"wc-block-grid__product\">\n\t\t\t\t<a href=\"https:\/\/leregardlibre.com\/en\/product\/support-subscription\/\" class=\"wc-block-grid__product-link\">\n\t\t\t\t\t\n\t\t\t\t\t<div class=\"wc-block-grid__product-image\"><img decoding=\"async\" width=\"300\" height=\"300\" src=\"https:\/\/leregardlibre.com\/wp-content\/uploads\/woocommerce-placeholder.webp\" class=\"woocommerce-placeholder wp-post-image\" alt=\"\" srcset=\"https:\/\/leregardlibre.com\/wp-content\/uploads\/woocommerce-placeholder.webp 1200w, https:\/\/leregardlibre.com\/wp-content\/uploads\/woocommerce-placeholder-300x300.webp 300w, https:\/\/leregardlibre.com\/wp-content\/uploads\/woocommerce-placeholder-1024x1024.webp 1024w, https:\/\/leregardlibre.com\/wp-content\/uploads\/woocommerce-placeholder-150x150.webp 150w, https:\/\/leregardlibre.com\/wp-content\/uploads\/woocommerce-placeholder-768x768.webp 768w, https:\/\/leregardlibre.com\/wp-content\/uploads\/woocommerce-placeholder-1170x1170.webp 1170w, https:\/\/leregardlibre.com\/wp-content\/uploads\/woocommerce-placeholder-585x585.webp 585w\" sizes=\"(max-width: 300px) 100vw, 300px\" \/><\/div>\n\t\t\t\t\t<div class=\"wc-block-grid__product-title\">Support subscription<\/div>\n\t\t\t\t<\/a>\n\t\t\t\t<div class=\"wc-block-grid__product-price price\"><span class=\"woocommerce-Price-amount amount\"><span class=\"woocommerce-Price-currencySymbol\">CHF<\/span>200.00<\/span> <span class=\"subscription-details\"> \/ year<\/span><\/div>\n\t\t\t\t\n\t\t\t\t<div class=\"wp-block-button wc-block-grid__product-add-to-cart\"><a href=\"https:\/\/leregardlibre.com\/en\/product\/support-subscription\/\" aria-label=\"Read more about \u201cSupport subscription\u201d\" data-quantity=\"1\" data-product_id=\"19241\" data-product_sku=\"\" data-price=\"200\" rel=\"nofollow\" class=\"wp-block-button__link  add_to_cart_button\">Read more<\/a><\/div>\n\t\t\t<\/li><\/ul><\/div>","protected":false},"excerpt":{"rendered":"<p>Le Regard Libre N\u00b0&nbsp;49&nbsp;\u2013 Ivan Garcia La nouvelle cr\u00e9ation de Fr\u00e9d\u00e9ric Fisbach et Dieudonn\u00e9 Niangouna, Et Dieu ne pesait pas&#8230;<\/p>","protected":false},"author":53,"featured_media":510491,"comment_status":"open","ping_status":"open","sticky":false,"template":"","format":"standard","meta":{"_acf_changed":false,"footnotes":""},"categories":[5386],"tags":[644341911,2048247,14228,644341915,644341921,644341914,644341920,644341918,90484],"class_list":["post-20593","post","type-post","status-publish","format-standard","has-post-thumbnail","hentry","category-theatre","tag-complainte-du-guerrier","tag-djihad","tag-drame","tag-frederic-fisbach","tag-lieu-inconnu","tag-niangouna","tag-rage","tag-requisitoire","tag-spectacle"],"acf":[],"yoast_head":"<!-- This site is optimized with the Yoast SEO Premium plugin v27.4 (Yoast SEO v27.4) - https:\/\/yoast.com\/product\/yoast-seo-premium-wordpress\/ -->\n<title>La complainte du guerrier<\/title>\n<meta name=\"robots\" content=\"index, follow, max-snippet:-1, max-image-preview:large, max-video-preview:-1\" \/>\n<link rel=\"canonical\" href=\"https:\/\/leregardlibre.com\/en\/performing-arts\/theater\/the-warriors-lament\/\" \/>\n<meta property=\"og:locale\" content=\"en_US\" \/>\n<meta property=\"og:type\" content=\"article\" \/>\n<meta property=\"og:title\" content=\"La complainte du guerrier\" \/>\n<meta property=\"og:description\" content=\"Le Regard Libre N\u00b0&nbsp;49&nbsp;\u2013 Ivan Garcia La nouvelle cr\u00e9ation de Fr\u00e9d\u00e9ric Fisbach et Dieudonn\u00e9 Niangouna, Et Dieu ne pesait pas...\" \/>\n<meta property=\"og:url\" content=\"https:\/\/leregardlibre.com\/en\/performing-arts\/theater\/the-warriors-lament\/\" \/>\n<meta property=\"og:site_name\" content=\"Le Regard Libre\" \/>\n<meta property=\"article:publisher\" content=\"https:\/\/www.facebook.com\/leregardlibre\/\" \/>\n<meta property=\"article:published_time\" content=\"2019-05-12T09:00:22+00:00\" \/>\n<meta property=\"article:modified_time\" content=\"2025-10-18T14:16:12+00:00\" \/>\n<meta property=\"og:image\" content=\"https:\/\/leregardlibre.com\/wp-content\/uploads\/2019\/05\/Et-dieu-ne-pesait-pas-lourd-10-01-18-Simon-Gosselin-40-1-1024x576.jpg\" \/>\n\t<meta property=\"og:image:width\" content=\"1024\" \/>\n\t<meta property=\"og:image:height\" content=\"576\" \/>\n\t<meta property=\"og:image:type\" content=\"image\/jpeg\" \/>\n<meta name=\"author\" content=\"Ivan Garcia\" \/>\n<meta name=\"twitter:card\" content=\"summary_large_image\" \/>\n<meta name=\"twitter:creator\" content=\"@LeRegardLibre\" \/>\n<meta name=\"twitter:site\" content=\"@LeRegardLibre\" \/>\n<meta name=\"twitter:label1\" content=\"Written by\" \/>\n\t<meta name=\"twitter:data1\" content=\"Ivan Garcia\" \/>\n\t<meta name=\"twitter:label2\" content=\"Est. reading time\" \/>\n\t<meta name=\"twitter:data2\" content=\"5 minutes\" \/>\n<script type=\"application\/ld+json\" class=\"yoast-schema-graph\">{\"@context\":\"https:\\\/\\\/schema.org\",\"@graph\":[{\"@type\":\"Article\",\"@id\":\"https:\\\/\\\/leregardlibre.com\\\/arts-vivants\\\/theatre\\\/la-complainte-du-guerrier\\\/#article\",\"isPartOf\":{\"@id\":\"https:\\\/\\\/leregardlibre.com\\\/arts-vivants\\\/theatre\\\/la-complainte-du-guerrier\\\/\"},\"author\":{\"name\":\"Ivan Garcia\",\"@id\":\"https:\\\/\\\/leregardlibre.com\\\/#\\\/schema\\\/person\\\/d80dd0028be8739b0c3bed60e131e94a\"},\"headline\":\"La complainte du guerrier\",\"datePublished\":\"2019-05-12T09:00:22+00:00\",\"dateModified\":\"2025-10-18T14:16:12+00:00\",\"mainEntityOfPage\":{\"@id\":\"https:\\\/\\\/leregardlibre.com\\\/arts-vivants\\\/theatre\\\/la-complainte-du-guerrier\\\/\"},\"wordCount\":1052,\"commentCount\":0,\"publisher\":{\"@id\":\"https:\\\/\\\/leregardlibre.com\\\/#organization\"},\"image\":{\"@id\":\"https:\\\/\\\/leregardlibre.com\\\/arts-vivants\\\/theatre\\\/la-complainte-du-guerrier\\\/#primaryimage\"},\"thumbnailUrl\":\"https:\\\/\\\/leregardlibre.com\\\/wp-content\\\/uploads\\\/2019\\\/05\\\/Et-dieu-ne-pesait-pas-lourd-10-01-18-Simon-Gosselin-40-1.jpg\",\"keywords\":[\"complainte du guerrier\",\"Djihad\",\"Drame\",\"fr\u00e9d\u00e9ric fisbach\",\"lieu inconnu\",\"niangouna\",\"rage\",\"r\u00e9quisitoire\",\"Spectacle\"],\"articleSection\":[\"Th\u00e9\u00e2tre\"],\"inLanguage\":\"en-US\",\"potentialAction\":[{\"@type\":\"CommentAction\",\"name\":\"Comment\",\"target\":[\"https:\\\/\\\/leregardlibre.com\\\/arts-vivants\\\/theatre\\\/la-complainte-du-guerrier\\\/#respond\"]}]},{\"@type\":\"WebPage\",\"@id\":\"https:\\\/\\\/leregardlibre.com\\\/arts-vivants\\\/theatre\\\/la-complainte-du-guerrier\\\/\",\"url\":\"https:\\\/\\\/leregardlibre.com\\\/arts-vivants\\\/theatre\\\/la-complainte-du-guerrier\\\/\",\"name\":\"La complainte du guerrier\",\"isPartOf\":{\"@id\":\"https:\\\/\\\/leregardlibre.com\\\/#website\"},\"primaryImageOfPage\":{\"@id\":\"https:\\\/\\\/leregardlibre.com\\\/arts-vivants\\\/theatre\\\/la-complainte-du-guerrier\\\/#primaryimage\"},\"image\":{\"@id\":\"https:\\\/\\\/leregardlibre.com\\\/arts-vivants\\\/theatre\\\/la-complainte-du-guerrier\\\/#primaryimage\"},\"thumbnailUrl\":\"https:\\\/\\\/leregardlibre.com\\\/wp-content\\\/uploads\\\/2019\\\/05\\\/Et-dieu-ne-pesait-pas-lourd-10-01-18-Simon-Gosselin-40-1.jpg\",\"datePublished\":\"2019-05-12T09:00:22+00:00\",\"dateModified\":\"2025-10-18T14:16:12+00:00\",\"breadcrumb\":{\"@id\":\"https:\\\/\\\/leregardlibre.com\\\/arts-vivants\\\/theatre\\\/la-complainte-du-guerrier\\\/#breadcrumb\"},\"inLanguage\":\"en-US\",\"potentialAction\":[{\"@type\":\"ReadAction\",\"target\":[\"https:\\\/\\\/leregardlibre.com\\\/arts-vivants\\\/theatre\\\/la-complainte-du-guerrier\\\/\"]}]},{\"@type\":\"ImageObject\",\"inLanguage\":\"en-US\",\"@id\":\"https:\\\/\\\/leregardlibre.com\\\/arts-vivants\\\/theatre\\\/la-complainte-du-guerrier\\\/#primaryimage\",\"url\":\"https:\\\/\\\/leregardlibre.com\\\/wp-content\\\/uploads\\\/2019\\\/05\\\/Et-dieu-ne-pesait-pas-lourd-10-01-18-Simon-Gosselin-40-1.jpg\",\"contentUrl\":\"https:\\\/\\\/leregardlibre.com\\\/wp-content\\\/uploads\\\/2019\\\/05\\\/Et-dieu-ne-pesait-pas-lourd-10-01-18-Simon-Gosselin-40-1.jpg\",\"width\":6683,\"height\":3759},{\"@type\":\"BreadcrumbList\",\"@id\":\"https:\\\/\\\/leregardlibre.com\\\/arts-vivants\\\/theatre\\\/la-complainte-du-guerrier\\\/#breadcrumb\",\"itemListElement\":[{\"@type\":\"ListItem\",\"position\":1,\"name\":\"Accueil\",\"item\":\"https:\\\/\\\/leregardlibre.com\\\/\"},{\"@type\":\"ListItem\",\"position\":2,\"name\":\"La complainte du guerrier\"}]},{\"@type\":\"WebSite\",\"@id\":\"https:\\\/\\\/leregardlibre.com\\\/#website\",\"url\":\"https:\\\/\\\/leregardlibre.com\\\/\",\"name\":\"Le Regard Libre\",\"description\":\"Premier mensuel suisse de d\u00e9bat\",\"publisher\":{\"@id\":\"https:\\\/\\\/leregardlibre.com\\\/#organization\"},\"potentialAction\":[{\"@type\":\"SearchAction\",\"target\":{\"@type\":\"EntryPoint\",\"urlTemplate\":\"https:\\\/\\\/leregardlibre.com\\\/?s={search_term_string}\"},\"query-input\":{\"@type\":\"PropertyValueSpecification\",\"valueRequired\":true,\"valueName\":\"search_term_string\"}}],\"inLanguage\":\"en-US\"},{\"@type\":\"Organization\",\"@id\":\"https:\\\/\\\/leregardlibre.com\\\/#organization\",\"name\":\"Le Regard Libre\",\"url\":\"https:\\\/\\\/leregardlibre.com\\\/\",\"logo\":{\"@type\":\"ImageObject\",\"inLanguage\":\"en-US\",\"@id\":\"https:\\\/\\\/leregardlibre.com\\\/#\\\/schema\\\/logo\\\/image\\\/\",\"url\":\"https:\\\/\\\/leregardlibre.com\\\/wp-content\\\/uploads\\\/2025\\\/08\\\/logo-rl-icone-neg.jpeg\",\"contentUrl\":\"https:\\\/\\\/leregardlibre.com\\\/wp-content\\\/uploads\\\/2025\\\/08\\\/logo-rl-icone-neg.jpeg\",\"width\":557,\"height\":556,\"caption\":\"Le Regard Libre\"},\"image\":{\"@id\":\"https:\\\/\\\/leregardlibre.com\\\/#\\\/schema\\\/logo\\\/image\\\/\"},\"sameAs\":[\"https:\\\/\\\/www.facebook.com\\\/leregardlibre\\\/\",\"https:\\\/\\\/x.com\\\/LeRegardLibre\",\"https:\\\/\\\/www.linkedin.com\\\/company\\\/le-regard-libre\",\"https:\\\/\\\/www.instagram.com\\\/leregardlibre\\\/\",\"http:\\\/\\\/t.me\\\/leregardlibre\",\"https:\\\/\\\/youtube.com\\\/channel\\\/UC6HzGPomj1LsUmlz-sJtITQ\"],\"description\":\"Le Regard Libre est un mensuel suisse de d\u00e9bat intellectuel et culturel. Sa r\u00e9daction est jeune, b\u00e9n\u00e9vole, lib\u00e9rale et pluraliste. Le magazine para\u00eet en ligne et sous forme papier. Sa langue est le fran\u00e7ais.\",\"email\":\"redaction@leregardlibre.com\",\"legalName\":\"Le Regard Libre\",\"foundingDate\":\"2014-01-01\",\"numberOfEmployees\":{\"@type\":\"QuantitativeValue\",\"minValue\":\"11\",\"maxValue\":\"50\"},\"publishingPrinciples\":\"https:\\\/\\\/leregardlibre.com\\\/a-propos\\\/notre-manifeste\\\/\",\"ownershipFundingInfo\":\"https:\\\/\\\/leregardlibre.com\\\/mentions-legales\\\/\",\"actionableFeedbackPolicy\":\"https:\\\/\\\/leregardlibre.com\\\/conditions-generales-de-vente\\\/\"},{\"@type\":\"Person\",\"@id\":\"https:\\\/\\\/leregardlibre.com\\\/#\\\/schema\\\/person\\\/d80dd0028be8739b0c3bed60e131e94a\",\"name\":\"Ivan Garcia\",\"image\":{\"@type\":\"ImageObject\",\"inLanguage\":\"en-US\",\"@id\":\"https:\\\/\\\/secure.gravatar.com\\\/avatar\\\/8d1951260e83d4b801d564ae27e751dece8ced40a4256105c3a960ddb6c32ee8?s=96&d=identicon&r=g\",\"url\":\"https:\\\/\\\/secure.gravatar.com\\\/avatar\\\/8d1951260e83d4b801d564ae27e751dece8ced40a4256105c3a960ddb6c32ee8?s=96&d=identicon&r=g\",\"contentUrl\":\"https:\\\/\\\/secure.gravatar.com\\\/avatar\\\/8d1951260e83d4b801d564ae27e751dece8ced40a4256105c3a960ddb6c32ee8?s=96&d=identicon&r=g\",\"caption\":\"Ivan Garcia\"},\"description\":\"Editeur Web au journal Le Temps et stagiaire en enseignement, Ivan Garcia est le responsable de la rubrique Litt\u00e9rature du Regard Libre, o\u00f9 il \u00e9crit r\u00e9guli\u00e8rement.\",\"sameAs\":[\"https:\\\/\\\/leregardlibre.com\\\/\",\"https:\\\/\\\/fr.wikipedia.org\\\/wiki\\\/Le_Regard_libre\"],\"url\":\"https:\\\/\\\/leregardlibre.com\\\/en\\\/author\\\/ivan-garcia-ig89\\\/\"}]}<\/script>\n<!-- \/ Yoast SEO Premium plugin. -->","yoast_head_json":{"title":"The warrior's lament","robots":{"index":"index","follow":"follow","max-snippet":"max-snippet:-1","max-image-preview":"max-image-preview:large","max-video-preview":"max-video-preview:-1"},"canonical":"https:\/\/leregardlibre.com\/en\/performing-arts\/theater\/the-warriors-lament\/","og_locale":"en_US","og_type":"article","og_title":"La complainte du guerrier","og_description":"Le Regard Libre N\u00b0&nbsp;49&nbsp;\u2013 Ivan Garcia La nouvelle cr\u00e9ation de Fr\u00e9d\u00e9ric Fisbach et Dieudonn\u00e9 Niangouna, Et Dieu ne pesait pas...","og_url":"https:\/\/leregardlibre.com\/en\/performing-arts\/theater\/the-warriors-lament\/","og_site_name":"Le Regard Libre","article_publisher":"https:\/\/www.facebook.com\/leregardlibre\/","article_published_time":"2019-05-12T09:00:22+00:00","article_modified_time":"2025-10-18T14:16:12+00:00","og_image":[{"width":1024,"height":576,"url":"https:\/\/leregardlibre.com\/wp-content\/uploads\/2019\/05\/Et-dieu-ne-pesait-pas-lourd-10-01-18-Simon-Gosselin-40-1-1024x576.jpg","type":"image\/jpeg"}],"author":"Ivan Garcia","twitter_card":"summary_large_image","twitter_creator":"@LeRegardLibre","twitter_site":"@LeRegardLibre","twitter_misc":{"Written by":"Ivan Garcia","Est. reading time":"5 minutes"},"schema":{"@context":"https:\/\/schema.org","@graph":[{"@type":"Article","@id":"https:\/\/leregardlibre.com\/arts-vivants\/theatre\/la-complainte-du-guerrier\/#article","isPartOf":{"@id":"https:\/\/leregardlibre.com\/arts-vivants\/theatre\/la-complainte-du-guerrier\/"},"author":{"name":"Ivan Garcia","@id":"https:\/\/leregardlibre.com\/#\/schema\/person\/d80dd0028be8739b0c3bed60e131e94a"},"headline":"La complainte du guerrier","datePublished":"2019-05-12T09:00:22+00:00","dateModified":"2025-10-18T14:16:12+00:00","mainEntityOfPage":{"@id":"https:\/\/leregardlibre.com\/arts-vivants\/theatre\/la-complainte-du-guerrier\/"},"wordCount":1052,"commentCount":0,"publisher":{"@id":"https:\/\/leregardlibre.com\/#organization"},"image":{"@id":"https:\/\/leregardlibre.com\/arts-vivants\/theatre\/la-complainte-du-guerrier\/#primaryimage"},"thumbnailUrl":"https:\/\/leregardlibre.com\/wp-content\/uploads\/2019\/05\/Et-dieu-ne-pesait-pas-lourd-10-01-18-Simon-Gosselin-40-1.jpg","keywords":["complainte du guerrier","Djihad","Drame","fr\u00e9d\u00e9ric fisbach","lieu inconnu","niangouna","rage","r\u00e9quisitoire","Spectacle"],"articleSection":["Th\u00e9\u00e2tre"],"inLanguage":"en-US","potentialAction":[{"@type":"CommentAction","name":"Comment","target":["https:\/\/leregardlibre.com\/arts-vivants\/theatre\/la-complainte-du-guerrier\/#respond"]}]},{"@type":"WebPage","@id":"https:\/\/leregardlibre.com\/arts-vivants\/theatre\/la-complainte-du-guerrier\/","url":"https:\/\/leregardlibre.com\/arts-vivants\/theatre\/la-complainte-du-guerrier\/","name":"The warrior's lament","isPartOf":{"@id":"https:\/\/leregardlibre.com\/#website"},"primaryImageOfPage":{"@id":"https:\/\/leregardlibre.com\/arts-vivants\/theatre\/la-complainte-du-guerrier\/#primaryimage"},"image":{"@id":"https:\/\/leregardlibre.com\/arts-vivants\/theatre\/la-complainte-du-guerrier\/#primaryimage"},"thumbnailUrl":"https:\/\/leregardlibre.com\/wp-content\/uploads\/2019\/05\/Et-dieu-ne-pesait-pas-lourd-10-01-18-Simon-Gosselin-40-1.jpg","datePublished":"2019-05-12T09:00:22+00:00","dateModified":"2025-10-18T14:16:12+00:00","breadcrumb":{"@id":"https:\/\/leregardlibre.com\/arts-vivants\/theatre\/la-complainte-du-guerrier\/#breadcrumb"},"inLanguage":"en-US","potentialAction":[{"@type":"ReadAction","target":["https:\/\/leregardlibre.com\/arts-vivants\/theatre\/la-complainte-du-guerrier\/"]}]},{"@type":"ImageObject","inLanguage":"en-US","@id":"https:\/\/leregardlibre.com\/arts-vivants\/theatre\/la-complainte-du-guerrier\/#primaryimage","url":"https:\/\/leregardlibre.com\/wp-content\/uploads\/2019\/05\/Et-dieu-ne-pesait-pas-lourd-10-01-18-Simon-Gosselin-40-1.jpg","contentUrl":"https:\/\/leregardlibre.com\/wp-content\/uploads\/2019\/05\/Et-dieu-ne-pesait-pas-lourd-10-01-18-Simon-Gosselin-40-1.jpg","width":6683,"height":3759},{"@type":"BreadcrumbList","@id":"https:\/\/leregardlibre.com\/arts-vivants\/theatre\/la-complainte-du-guerrier\/#breadcrumb","itemListElement":[{"@type":"ListItem","position":1,"name":"Accueil","item":"https:\/\/leregardlibre.com\/"},{"@type":"ListItem","position":2,"name":"La complainte du guerrier"}]},{"@type":"WebSite","@id":"https:\/\/leregardlibre.com\/#website","url":"https:\/\/leregardlibre.com\/","name":"Le Regard Libre","description":"Switzerland's first monthly debate magazine","publisher":{"@id":"https:\/\/leregardlibre.com\/#organization"},"potentialAction":[{"@type":"SearchAction","target":{"@type":"EntryPoint","urlTemplate":"https:\/\/leregardlibre.com\/?s={search_term_string}"},"query-input":{"@type":"PropertyValueSpecification","valueRequired":true,"valueName":"search_term_string"}}],"inLanguage":"en-US"},{"@type":"Organization","@id":"https:\/\/leregardlibre.com\/#organization","name":"Le Regard Libre","url":"https:\/\/leregardlibre.com\/","logo":{"@type":"ImageObject","inLanguage":"en-US","@id":"https:\/\/leregardlibre.com\/#\/schema\/logo\/image\/","url":"https:\/\/leregardlibre.com\/wp-content\/uploads\/2025\/08\/logo-rl-icone-neg.jpeg","contentUrl":"https:\/\/leregardlibre.com\/wp-content\/uploads\/2025\/08\/logo-rl-icone-neg.jpeg","width":557,"height":556,"caption":"Le Regard Libre"},"image":{"@id":"https:\/\/leregardlibre.com\/#\/schema\/logo\/image\/"},"sameAs":["https:\/\/www.facebook.com\/leregardlibre\/","https:\/\/x.com\/LeRegardLibre","https:\/\/www.linkedin.com\/company\/le-regard-libre","https:\/\/www.instagram.com\/leregardlibre\/","http:\/\/t.me\/leregardlibre","https:\/\/youtube.com\/channel\/UC6HzGPomj1LsUmlz-sJtITQ"],"description":"Le Regard Libre is a Swiss monthly magazine for intellectual and cultural debate. Its editorial team is young, voluntary, liberal and pluralist. The magazine appears online and in print. Its language is French.","email":"redaction@leregardlibre.com","legalName":"Le Regard Libre","foundingDate":"2014-01-01","numberOfEmployees":{"@type":"QuantitativeValue","minValue":"11","maxValue":"50"},"publishingPrinciples":"https:\/\/leregardlibre.com\/a-propos\/notre-manifeste\/","ownershipFundingInfo":"https:\/\/leregardlibre.com\/mentions-legales\/","actionableFeedbackPolicy":"https:\/\/leregardlibre.com\/conditions-generales-de-vente\/"},{"@type":"Person","@id":"https:\/\/leregardlibre.com\/#\/schema\/person\/d80dd0028be8739b0c3bed60e131e94a","name":"Ivan Garcia","image":{"@type":"ImageObject","inLanguage":"en-US","@id":"https:\/\/secure.gravatar.com\/avatar\/8d1951260e83d4b801d564ae27e751dece8ced40a4256105c3a960ddb6c32ee8?s=96&d=identicon&r=g","url":"https:\/\/secure.gravatar.com\/avatar\/8d1951260e83d4b801d564ae27e751dece8ced40a4256105c3a960ddb6c32ee8?s=96&d=identicon&r=g","contentUrl":"https:\/\/secure.gravatar.com\/avatar\/8d1951260e83d4b801d564ae27e751dece8ced40a4256105c3a960ddb6c32ee8?s=96&d=identicon&r=g","caption":"Ivan Garcia"},"description":"Web editor at Le Temps newspaper and teaching trainee, Ivan Garcia is in charge of the Literature section at Regard Libre, where he writes regularly.","sameAs":["https:\/\/leregardlibre.com\/","https:\/\/fr.wikipedia.org\/wiki\/Le_Regard_libre"],"url":"https:\/\/leregardlibre.com\/en\/author\/ivan-garcia-ig89\/"}]}},"_links":{"self":[{"href":"https:\/\/leregardlibre.com\/en\/wp-json\/wp\/v2\/posts\/20593","targetHints":{"allow":["GET"]}}],"collection":[{"href":"https:\/\/leregardlibre.com\/en\/wp-json\/wp\/v2\/posts"}],"about":[{"href":"https:\/\/leregardlibre.com\/en\/wp-json\/wp\/v2\/types\/post"}],"author":[{"embeddable":true,"href":"https:\/\/leregardlibre.com\/en\/wp-json\/wp\/v2\/users\/53"}],"replies":[{"embeddable":true,"href":"https:\/\/leregardlibre.com\/en\/wp-json\/wp\/v2\/comments?post=20593"}],"version-history":[{"count":1,"href":"https:\/\/leregardlibre.com\/en\/wp-json\/wp\/v2\/posts\/20593\/revisions"}],"predecessor-version":[{"id":510490,"href":"https:\/\/leregardlibre.com\/en\/wp-json\/wp\/v2\/posts\/20593\/revisions\/510490"}],"wp:featuredmedia":[{"embeddable":true,"href":"https:\/\/leregardlibre.com\/en\/wp-json\/wp\/v2\/media\/510491"}],"wp:attachment":[{"href":"https:\/\/leregardlibre.com\/en\/wp-json\/wp\/v2\/media?parent=20593"}],"wp:term":[{"taxonomy":"category","embeddable":true,"href":"https:\/\/leregardlibre.com\/en\/wp-json\/wp\/v2\/categories?post=20593"},{"taxonomy":"post_tag","embeddable":true,"href":"https:\/\/leregardlibre.com\/en\/wp-json\/wp\/v2\/tags?post=20593"}],"curies":[{"name":"wp","href":"https:\/\/api.w.org\/{rel}","templated":true}]}}