{"id":20680,"date":"2019-05-21T19:00:19","date_gmt":"2019-05-21T17:00:19","guid":{"rendered":"https:\/\/leregardlibre.com\/?p=20680"},"modified":"2025-12-22T22:16:52","modified_gmt":"2025-12-22T21:16:52","slug":"pop-corn-girl-or-american-ardor","status":"publish","type":"post","link":"https:\/\/leregardlibre.com\/en\/literature\/pop-corn-girl-or-american-ardor\/","title":{"rendered":"\u00abPop-Corn Girl\u00bb or the American spirit"},"content":{"rendered":"<p class=\"has-drop-cap\"><strong>\u00abMicroroman\u00bb with a full-bodied flavour between <em>teen movies<\/em> and Voltairian irony, <em>Popcorn girl<\/em> is an enjoyable and funny read about the (mis-)adventures of a young Genevan exchange student in a Chicago suburb. A mocking ode that appeals to our adolescent fantasies revisited through a slightly cynical adult prism. And it takes a hammer to our illusions, as well as those of the protagonist, which turns out to be very sympathetic.<\/strong><\/p>\n\n\n\n<!--more-->\n\n\n\n<p>The story's protagonist, Emma, is a sixteen-year-old teenager from Geneva. As a junior in high school, she leaves to study for a year in the United States, at a high school in the suburbs of Chicago. Of course, Emma, <em>teenager <\/em>at sixteen, considers herself the luckiest girl in the world: the United States, the American dream within her grasp...<\/p>\n\n\n\n<p>But our dear teenager, a little silly but sympathetic, has a few expectations, one of which is to join the <em>cheerleaders <\/em>her school and lose her virginity in the arms of the famous captain of the <em>soccer<\/em> American.&nbsp; <em>Challenge accepted<\/em>. And so it is that Emma will go from discovery to discovery and disappointment to disappointment, in pursuit of her dream: to become a <em>cheerleader<\/em>. <\/p>\n\n\n\n<blockquote class=\"wp-block-quote is-layout-flow wp-block-quote-is-layout-flow\">\n<p>\u00abThe charm of the deer, the impromptu flea markets, the little restaurants that didn't seem to have changed since the fifties vanished the instant she understood that in Uncle Sam's country, we ate Tic and Tac.\u00bb <\/p>\n<\/blockquote>\n\n\n\n<h3 class=\"wp-block-heading\"><em>Cheerlading <\/em>and a change of scenery<\/h3>\n\n\n\n<p>Published in BSN's \u00abUppercut\u00bb collection, <em>Popcorn<\/em> <em>girl <\/em>pushes the overstereotyped middle of the 19th century to the forefront of the novelistic scene <em>cheerleading<\/em> with its procession of mythical figures and pre-established narrative patterns. This is the effect sought by author Laure Mi Hyun Croset, who for the occasion immersed herself in our idealizations, straight out of American TV series. <\/p>\n\n\n\n<p>References to\nto popular culture anchor the reading in a particular referential universe:\nthat of our own adolescence, a youth between the end of the <em>nineties<\/em> and the 2000's, fed\nto electro, American TV series and the <em>junk\nfood<\/em>. The title and intertitles of the novel are in Shakespeare's language, not Moli\u00e8re's.\nShakespeare's language rather than Moli\u00e8re's: a strong narrative and aesthetic choice\nand aesthetic choice, which suggests that the book could be considered\nas a kind of diary. A diary in which Emma, hiding behind a third-party narrator\nbehind a third-person narrator, writes about her exchange experience\nexchange experience in the United States from an adult perspective. <\/p>\n\n\n\n<blockquote class=\"wp-block-quote is-layout-flow wp-block-quote-is-layout-flow\">\n<p>\u00abShe waited for her hosts to get up, thinking about what she hoped this year abroad would bring. As is often the case, what had prompted her to go away was less the desire to discover something else than the boredom that had overcome her in Geneva.\u00bb <\/p>\n<\/blockquote>\n\n\n\n<h3 class=\"wp-block-heading\">Travel and boredom <\/h3>\n\n\n\n<p>Welcomed by two obese American couples, Mary and Bob, then Bea and Bob, Emma quickly integrates into the American Way of Life and finds an irresistible charm. But this only seems to be the solution to exorcise - temporarily - that eternal ghost that haunts the Western traveler: boredom. In many respects, Laure Mi Hyun Croset makes her protagonist the very antithesis of what the Swiss literary tradition, inspired in particular by the figure of Nicolas Bouvier, erects as the archetypal traveler: Emma is consumerist, na\u00efve, an admirer of artifice, a tad superficial and so on. <\/p>\n\n\n\n<p>Yet this one perhaps possesses more humanity than these great figures of travel. Probably because it reminds us of the place we occupied in this world just a few years ago: we don't set off on an exchange to find ourselves or our otherness, but rather to get away from what we already know too closely. <\/p>\n\n\n\n<p>Extending\nreflection, Emma also reflects the opposite of the mentality of the <em>Beat Generation<\/em>, embodied by Jack\nKerouac, Allen Ginsberg and William S. Burroughs, writers and artists who\nand artists who advocated a return to real life in opposition to the lifestyle\nof sixties America. While the <em>beats <\/em>of a corrupt world, our protagonist, bored in the city of Calvin\nprotagonist, bored in the city of Calvin, lands in the crazy America\nAmerica she's been dreaming of. What turns her head, even before the first\nfirst exercises in <em>cheerleading<\/em>. <\/p>\n\n\n\n<blockquote class=\"wp-block-quote is-layout-flow wp-block-quote-is-layout-flow\">\n<p>\u00abAlas, if the students came from more privileged social classes than in the schools she had previously attended, their main preoccupation was neither figures of speech nor the meaning of existence. On the contrary, they were trying to escape any metaphysical questioning, trying to get farted on as often as possible and, in rare moments of lucidity, figuring out how to make the most of their bodies, which had recently become objects of desire and pleasure. <\/p>\n<\/blockquote>\n\n\n\n<h3 class=\"wp-block-heading\">The ecstasy\nsport<\/h3>\n\n\n\n<p>The strong point of\nof this work lies in its depiction of the <em>cheerleading<\/em> which, to my mind, reflects a kind of contemporary ritual\na kind of contemporary ritual that serves to bond the American community. Visit <em>cheerleaders <\/em>are given goddess status\nthroughout the novel. True modern Aphrodites, their dances\nbodies occupy a central place in the fable, at once a source of desire\nsource of desire, envy and lust. <\/p>\n\n\n\n<p>Like\nGreek tragedy in antiquity, they reflect a certain image of society and help\nand also help to shape it, which of course leaves neither the audience\nwhich leaves neither the public, the protagonist nor the reader indifferent.\nFor Emma, they embody success, beauty and everything we dream of becoming\nwhen you're in your prime.&nbsp;\n<\/p>\n\n\n\n<blockquote class=\"wp-block-quote is-layout-flow wp-block-quote-is-layout-flow\">\n<p>\u00abThe <em>cheerleaders<\/em> finally arrived. Cheered on by the crowd, they began a sophisticated choreography in their short, flamboyant skirts. They performed a lascivious dance followed by increasingly perilous figures. These spectacular moves showcased their ample breasts and perfect legs. It was as if they wanted to show the public that they were young and desirable.\u00bb <\/p>\n<\/blockquote>\n\n\n\n<p>Within his\nnovel, the author holds a double discourse on these American social phenomena\nthat we Europeans tend to idealize through fiction. By\nmanipulating archetypes and clich\u00e9s, Laure Mi Hyun Croset\ndoesn't hesitate to crush them, with irony and cynicism, against the cruel wall of reality.\nreality that sooner or later catches up with us. So Emma doesn't realize\nher dreams: she's Swiss and not Swiss enough. <em>cool<\/em>. But our heroine doesn't let it get her down, and her company\nends up charming us. Finally, we wonder whether, in view of the story's open ending\nend of the story, we'll soon find her in volume two, once again setting out to conquer\nonce again set out to conquer the elusive Jeff Preston Wilkinson.\neludes her.<\/p>\n\n\n\n<p>On reading this short but tasty <em>Popcorn girl<\/em>, the reader can't help but smile and recall his childhood fantasies. <em>teenager<\/em> attracted by all things related to <em>Made in USA<\/em> and wonder if it wasn't better before, when we were sixteen. Emma, like the book's cover and title, evokes that kernel of corn that, when heated, explodes and becomes popcorn. A real firework of passion.<\/p>\n\n\n\n<p>Write to <em>the author: <a href=\"mailto:ivan.garcia@leregardlibre.com\">ivan.garcia@leregardlibre.com<\/a><\/em><\/p>\n\n\n\n<div class=\"wp-block-media-text alignwide is-stacked-on-mobile\" style=\"grid-template-columns:19% auto\"><figure class=\"wp-block-media-text__media\"><img fetchpriority=\"high\" decoding=\"async\" width=\"721\" height=\"1024\" src=\"https:\/\/leregardlibre.com\/wp-content\/uploads\/2023\/10\/pop-corn-girl-721x1024.jpg\" alt=\"\" class=\"wp-image-520657 size-full\" srcset=\"https:\/\/leregardlibre.com\/wp-content\/uploads\/2023\/10\/pop-corn-girl-721x1024.jpg 721w, https:\/\/leregardlibre.com\/wp-content\/uploads\/2023\/10\/pop-corn-girl-211x300.jpg 211w, https:\/\/leregardlibre.com\/wp-content\/uploads\/2023\/10\/pop-corn-girl-106x150.jpg 106w, https:\/\/leregardlibre.com\/wp-content\/uploads\/2023\/10\/pop-corn-girl-585x831.jpg 585w, https:\/\/leregardlibre.com\/wp-content\/uploads\/2023\/10\/pop-corn-girl-300x426.jpg 300w, https:\/\/leregardlibre.com\/wp-content\/uploads\/2023\/10\/pop-corn-girl-600x852.jpg 600w, https:\/\/leregardlibre.com\/wp-content\/uploads\/2023\/10\/pop-corn-girl.jpg 767w\" sizes=\"(max-width: 721px) 100vw, 721px\" \/><\/figure><div class=\"wp-block-media-text__content\">\n<p><strong>Laure Mi Hyun Croset<br><em>Popcorn girl<br><\/em>BSN Press, \u00abUppercut\u00bb series\u00bb<br>May 2019<br>80 pages<\/strong><\/p>\n\n\n\n<div class=\"wp-block-buttons is-layout-flex wp-block-buttons-is-layout-flex\">\n<div class=\"wp-block-button\"><a class=\"wp-block-button__link wp-element-button\" href=\"https:\/\/www.payot.ch\/Detail\/pop_corn_girl-laure_mi_hyun_croset-9782940516674\">Order the book<\/a><\/div>\n<\/div>\n<\/div><\/div>","protected":false},"excerpt":{"rendered":"<p>\u00abA \u00bbmicroroman\" with a full-bodied flavor of teen movies and Voltairean irony, Pop-corn girl is a pleasant, funny read about the (mis)adventures of a young Genevan exchange student in a Chicago suburb. A mocking ode that appeals to our adolescent fantasies, revisited through a slightly cynical adult prism. And with a hammer blow, it shatters our illusions as well as those of the protagonist, which turns out to be very sympathetic. \u00a0<\/p>","protected":false},"author":53,"featured_media":20684,"comment_status":"open","ping_status":"open","sticky":false,"template":"","format":"standard","meta":{"_acf_changed":false,"footnotes":""},"categories":[20663],"tags":[67439,54879,699,57220,644341975,1532851,193275253,644341977,38542],"class_list":["post-20680","post","type-post","status-publish","format-standard","has-post-thumbnail","hentry","category-litterature","tag-adolescence","tag-critiques-litteraires","tag-etats-unis","tag-geneve","tag-laure-mi-hyun-croset","tag-litterature-francophone","tag-litterature-romande","tag-microroman","tag-roman"],"acf":[],"yoast_head":"<!-- This site is optimized with the Yoast SEO Premium plugin v27.4 (Yoast SEO v27.4) - https:\/\/yoast.com\/product\/yoast-seo-premium-wordpress\/ -->\n<title>\u00abPop-Corn Girl\u00bb\u00a0ou la fougue am\u00e9ricaine<\/title>\n<meta name=\"description\" content=\"\u00abMicroroman\u00bb \u00e0 la saveur cors\u00e9e, \u00abPop-corn girl\u00bb conte les (m\u00e9s-)aventures d\u2019une jeune Genevoise en \u00e9change dans une banlieue de Chicago.\" \/>\n<meta name=\"robots\" content=\"index, follow, max-snippet:-1, max-image-preview:large, max-video-preview:-1\" \/>\n<link rel=\"canonical\" href=\"https:\/\/leregardlibre.com\/en\/literature\/pop-corn-girl-or-american-ardor\/\" \/>\n<meta property=\"og:locale\" content=\"en_US\" \/>\n<meta property=\"og:type\" content=\"article\" \/>\n<meta property=\"og:title\" content=\"\u00abPop-Corn Girl\u00bb\u00a0ou la fougue am\u00e9ricaine\" \/>\n<meta property=\"og:description\" content=\"\u00abMicroroman\u00bb \u00e0 la saveur cors\u00e9e, \u00abPop-corn girl\u00bb conte les (m\u00e9s-)aventures d\u2019une jeune Genevoise en \u00e9change dans une banlieue de Chicago.\" \/>\n<meta property=\"og:url\" content=\"https:\/\/leregardlibre.com\/en\/literature\/pop-corn-girl-or-american-ardor\/\" \/>\n<meta property=\"og:site_name\" content=\"Le Regard Libre\" \/>\n<meta property=\"article:publisher\" content=\"https:\/\/www.facebook.com\/leregardlibre\/\" \/>\n<meta property=\"article:published_time\" content=\"2019-05-21T17:00:19+00:00\" \/>\n<meta property=\"article:modified_time\" content=\"2025-12-22T21:16:52+00:00\" \/>\n<meta property=\"og:image\" content=\"https:\/\/leregardlibre.com\/wp-content\/uploads\/2019\/05\/a47f1254-69d6-450c-8395-d25c9e8a0269.jpg\" \/>\n\t<meta property=\"og:image:width\" content=\"1919\" \/>\n\t<meta property=\"og:image:height\" content=\"1439\" \/>\n\t<meta property=\"og:image:type\" content=\"image\/jpeg\" \/>\n<meta name=\"author\" content=\"Ivan Garcia\" \/>\n<meta name=\"twitter:card\" content=\"summary_large_image\" \/>\n<meta name=\"twitter:creator\" content=\"@LeRegardLibre\" \/>\n<meta name=\"twitter:site\" content=\"@LeRegardLibre\" \/>\n<meta name=\"twitter:label1\" content=\"Written by\" \/>\n\t<meta name=\"twitter:data1\" content=\"Ivan Garcia\" \/>\n\t<meta name=\"twitter:label2\" content=\"Est. reading time\" \/>\n\t<meta name=\"twitter:data2\" content=\"6 minutes\" \/>\n<script type=\"application\/ld+json\" class=\"yoast-schema-graph\">{\"@context\":\"https:\\\/\\\/schema.org\",\"@graph\":[{\"@type\":\"Article\",\"@id\":\"https:\\\/\\\/leregardlibre.com\\\/litterature\\\/pop-corn-girl-ou-la-fougue-americaine\\\/#article\",\"isPartOf\":{\"@id\":\"https:\\\/\\\/leregardlibre.com\\\/litterature\\\/pop-corn-girl-ou-la-fougue-americaine\\\/\"},\"author\":{\"name\":\"Ivan Garcia\",\"@id\":\"https:\\\/\\\/leregardlibre.com\\\/#\\\/schema\\\/person\\\/d80dd0028be8739b0c3bed60e131e94a\"},\"headline\":\"\u00abPop-Corn Girl\u00bb\u00a0ou la fougue am\u00e9ricaine\",\"datePublished\":\"2019-05-21T17:00:19+00:00\",\"dateModified\":\"2025-12-22T21:16:52+00:00\",\"mainEntityOfPage\":{\"@id\":\"https:\\\/\\\/leregardlibre.com\\\/litterature\\\/pop-corn-girl-ou-la-fougue-americaine\\\/\"},\"wordCount\":1397,\"commentCount\":0,\"publisher\":{\"@id\":\"https:\\\/\\\/leregardlibre.com\\\/#organization\"},\"image\":{\"@id\":\"https:\\\/\\\/leregardlibre.com\\\/litterature\\\/pop-corn-girl-ou-la-fougue-americaine\\\/#primaryimage\"},\"thumbnailUrl\":\"https:\\\/\\\/leregardlibre.com\\\/wp-content\\\/uploads\\\/2019\\\/05\\\/a47f1254-69d6-450c-8395-d25c9e8a0269.jpg\",\"keywords\":[\"Adolescence\",\"Critique litt\u00e9raire\",\"Etats-Unis\",\"Gen\u00e8ve\",\"Laure Mi Hyun Croset\",\"Litt\u00e9rature francophone\",\"Litt\u00e9rature romande\",\"Microroman\",\"Roman\"],\"articleSection\":[\"Litt\u00e9rature\"],\"inLanguage\":\"en-US\",\"potentialAction\":[{\"@type\":\"CommentAction\",\"name\":\"Comment\",\"target\":[\"https:\\\/\\\/leregardlibre.com\\\/litterature\\\/pop-corn-girl-ou-la-fougue-americaine\\\/#respond\"]}]},{\"@type\":\"WebPage\",\"@id\":\"https:\\\/\\\/leregardlibre.com\\\/litterature\\\/pop-corn-girl-ou-la-fougue-americaine\\\/\",\"url\":\"https:\\\/\\\/leregardlibre.com\\\/litterature\\\/pop-corn-girl-ou-la-fougue-americaine\\\/\",\"name\":\"\u00abPop-Corn Girl\u00bb\u00a0ou la fougue am\u00e9ricaine\",\"isPartOf\":{\"@id\":\"https:\\\/\\\/leregardlibre.com\\\/#website\"},\"primaryImageOfPage\":{\"@id\":\"https:\\\/\\\/leregardlibre.com\\\/litterature\\\/pop-corn-girl-ou-la-fougue-americaine\\\/#primaryimage\"},\"image\":{\"@id\":\"https:\\\/\\\/leregardlibre.com\\\/litterature\\\/pop-corn-girl-ou-la-fougue-americaine\\\/#primaryimage\"},\"thumbnailUrl\":\"https:\\\/\\\/leregardlibre.com\\\/wp-content\\\/uploads\\\/2019\\\/05\\\/a47f1254-69d6-450c-8395-d25c9e8a0269.jpg\",\"datePublished\":\"2019-05-21T17:00:19+00:00\",\"dateModified\":\"2025-12-22T21:16:52+00:00\",\"description\":\"\u00abMicroroman\u00bb \u00e0 la saveur cors\u00e9e, \u00abPop-corn girl\u00bb conte les (m\u00e9s-)aventures d\u2019une jeune Genevoise en \u00e9change dans une banlieue de Chicago.\",\"breadcrumb\":{\"@id\":\"https:\\\/\\\/leregardlibre.com\\\/litterature\\\/pop-corn-girl-ou-la-fougue-americaine\\\/#breadcrumb\"},\"inLanguage\":\"en-US\",\"potentialAction\":[{\"@type\":\"ReadAction\",\"target\":[\"https:\\\/\\\/leregardlibre.com\\\/litterature\\\/pop-corn-girl-ou-la-fougue-americaine\\\/\"]}]},{\"@type\":\"ImageObject\",\"inLanguage\":\"en-US\",\"@id\":\"https:\\\/\\\/leregardlibre.com\\\/litterature\\\/pop-corn-girl-ou-la-fougue-americaine\\\/#primaryimage\",\"url\":\"https:\\\/\\\/leregardlibre.com\\\/wp-content\\\/uploads\\\/2019\\\/05\\\/a47f1254-69d6-450c-8395-d25c9e8a0269.jpg\",\"contentUrl\":\"https:\\\/\\\/leregardlibre.com\\\/wp-content\\\/uploads\\\/2019\\\/05\\\/a47f1254-69d6-450c-8395-d25c9e8a0269.jpg\",\"width\":1919,\"height\":1439,\"caption\":\"\u00a9 Ivan Garcia pour Le Regard Libre\"},{\"@type\":\"BreadcrumbList\",\"@id\":\"https:\\\/\\\/leregardlibre.com\\\/litterature\\\/pop-corn-girl-ou-la-fougue-americaine\\\/#breadcrumb\",\"itemListElement\":[{\"@type\":\"ListItem\",\"position\":1,\"name\":\"Accueil\",\"item\":\"https:\\\/\\\/leregardlibre.com\\\/\"},{\"@type\":\"ListItem\",\"position\":2,\"name\":\"\u00abPop-Corn Girl\u00bb\u00a0ou la fougue am\u00e9ricaine\"}]},{\"@type\":\"WebSite\",\"@id\":\"https:\\\/\\\/leregardlibre.com\\\/#website\",\"url\":\"https:\\\/\\\/leregardlibre.com\\\/\",\"name\":\"Le Regard Libre\",\"description\":\"Premier mensuel suisse de d\u00e9bat\",\"publisher\":{\"@id\":\"https:\\\/\\\/leregardlibre.com\\\/#organization\"},\"potentialAction\":[{\"@type\":\"SearchAction\",\"target\":{\"@type\":\"EntryPoint\",\"urlTemplate\":\"https:\\\/\\\/leregardlibre.com\\\/?s={search_term_string}\"},\"query-input\":{\"@type\":\"PropertyValueSpecification\",\"valueRequired\":true,\"valueName\":\"search_term_string\"}}],\"inLanguage\":\"en-US\"},{\"@type\":\"Organization\",\"@id\":\"https:\\\/\\\/leregardlibre.com\\\/#organization\",\"name\":\"Le Regard Libre\",\"url\":\"https:\\\/\\\/leregardlibre.com\\\/\",\"logo\":{\"@type\":\"ImageObject\",\"inLanguage\":\"en-US\",\"@id\":\"https:\\\/\\\/leregardlibre.com\\\/#\\\/schema\\\/logo\\\/image\\\/\",\"url\":\"https:\\\/\\\/leregardlibre.com\\\/wp-content\\\/uploads\\\/2025\\\/08\\\/logo-rl-icone-neg.jpeg\",\"contentUrl\":\"https:\\\/\\\/leregardlibre.com\\\/wp-content\\\/uploads\\\/2025\\\/08\\\/logo-rl-icone-neg.jpeg\",\"width\":557,\"height\":556,\"caption\":\"Le Regard Libre\"},\"image\":{\"@id\":\"https:\\\/\\\/leregardlibre.com\\\/#\\\/schema\\\/logo\\\/image\\\/\"},\"sameAs\":[\"https:\\\/\\\/www.facebook.com\\\/leregardlibre\\\/\",\"https:\\\/\\\/x.com\\\/LeRegardLibre\",\"https:\\\/\\\/www.linkedin.com\\\/company\\\/le-regard-libre\",\"https:\\\/\\\/www.instagram.com\\\/leregardlibre\\\/\",\"http:\\\/\\\/t.me\\\/leregardlibre\",\"https:\\\/\\\/youtube.com\\\/channel\\\/UC6HzGPomj1LsUmlz-sJtITQ\"],\"description\":\"Le Regard Libre est un mensuel suisse de d\u00e9bat intellectuel et culturel. Sa r\u00e9daction est jeune, b\u00e9n\u00e9vole, lib\u00e9rale et pluraliste. Le magazine para\u00eet en ligne et sous forme papier. Sa langue est le fran\u00e7ais.\",\"email\":\"redaction@leregardlibre.com\",\"legalName\":\"Le Regard Libre\",\"foundingDate\":\"2014-01-01\",\"numberOfEmployees\":{\"@type\":\"QuantitativeValue\",\"minValue\":\"11\",\"maxValue\":\"50\"},\"publishingPrinciples\":\"https:\\\/\\\/leregardlibre.com\\\/a-propos\\\/notre-manifeste\\\/\",\"ownershipFundingInfo\":\"https:\\\/\\\/leregardlibre.com\\\/mentions-legales\\\/\",\"actionableFeedbackPolicy\":\"https:\\\/\\\/leregardlibre.com\\\/conditions-generales-de-vente\\\/\"},{\"@type\":\"Person\",\"@id\":\"https:\\\/\\\/leregardlibre.com\\\/#\\\/schema\\\/person\\\/d80dd0028be8739b0c3bed60e131e94a\",\"name\":\"Ivan Garcia\",\"image\":{\"@type\":\"ImageObject\",\"inLanguage\":\"en-US\",\"@id\":\"https:\\\/\\\/secure.gravatar.com\\\/avatar\\\/8d1951260e83d4b801d564ae27e751dece8ced40a4256105c3a960ddb6c32ee8?s=96&d=identicon&r=g\",\"url\":\"https:\\\/\\\/secure.gravatar.com\\\/avatar\\\/8d1951260e83d4b801d564ae27e751dece8ced40a4256105c3a960ddb6c32ee8?s=96&d=identicon&r=g\",\"contentUrl\":\"https:\\\/\\\/secure.gravatar.com\\\/avatar\\\/8d1951260e83d4b801d564ae27e751dece8ced40a4256105c3a960ddb6c32ee8?s=96&d=identicon&r=g\",\"caption\":\"Ivan Garcia\"},\"description\":\"Editeur Web au journal Le Temps et stagiaire en enseignement, Ivan Garcia est le responsable de la rubrique Litt\u00e9rature du Regard Libre, o\u00f9 il \u00e9crit r\u00e9guli\u00e8rement.\",\"sameAs\":[\"https:\\\/\\\/leregardlibre.com\\\/\",\"https:\\\/\\\/fr.wikipedia.org\\\/wiki\\\/Le_Regard_libre\"],\"url\":\"https:\\\/\\\/leregardlibre.com\\\/en\\\/author\\\/ivan-garcia-ig89\\\/\"}]}<\/script>\n<!-- \/ Yoast SEO Premium plugin. -->","yoast_head_json":{"title":"\u00abPop-Corn Girl\u00bb or the American spirit","description":"\u00abA \u00bbMicroroman\u00ab with a full-bodied flavor, \u00bbPop-corn girl\" recounts the (mis)adventures of a young Genevan on exchange in a Chicago suburb.","robots":{"index":"index","follow":"follow","max-snippet":"max-snippet:-1","max-image-preview":"max-image-preview:large","max-video-preview":"max-video-preview:-1"},"canonical":"https:\/\/leregardlibre.com\/en\/literature\/pop-corn-girl-or-american-ardor\/","og_locale":"en_US","og_type":"article","og_title":"\u00abPop-Corn Girl\u00bb\u00a0ou la fougue am\u00e9ricaine","og_description":"\u00abMicroroman\u00bb \u00e0 la saveur cors\u00e9e, \u00abPop-corn girl\u00bb conte les (m\u00e9s-)aventures d\u2019une jeune Genevoise en \u00e9change dans une banlieue de Chicago.","og_url":"https:\/\/leregardlibre.com\/en\/literature\/pop-corn-girl-or-american-ardor\/","og_site_name":"Le Regard Libre","article_publisher":"https:\/\/www.facebook.com\/leregardlibre\/","article_published_time":"2019-05-21T17:00:19+00:00","article_modified_time":"2025-12-22T21:16:52+00:00","og_image":[{"width":1919,"height":1439,"url":"https:\/\/leregardlibre.com\/wp-content\/uploads\/2019\/05\/a47f1254-69d6-450c-8395-d25c9e8a0269.jpg","type":"image\/jpeg"}],"author":"Ivan Garcia","twitter_card":"summary_large_image","twitter_creator":"@LeRegardLibre","twitter_site":"@LeRegardLibre","twitter_misc":{"Written by":"Ivan Garcia","Est. reading time":"6 minutes"},"schema":{"@context":"https:\/\/schema.org","@graph":[{"@type":"Article","@id":"https:\/\/leregardlibre.com\/litterature\/pop-corn-girl-ou-la-fougue-americaine\/#article","isPartOf":{"@id":"https:\/\/leregardlibre.com\/litterature\/pop-corn-girl-ou-la-fougue-americaine\/"},"author":{"name":"Ivan Garcia","@id":"https:\/\/leregardlibre.com\/#\/schema\/person\/d80dd0028be8739b0c3bed60e131e94a"},"headline":"\u00abPop-Corn Girl\u00bb\u00a0ou la fougue am\u00e9ricaine","datePublished":"2019-05-21T17:00:19+00:00","dateModified":"2025-12-22T21:16:52+00:00","mainEntityOfPage":{"@id":"https:\/\/leregardlibre.com\/litterature\/pop-corn-girl-ou-la-fougue-americaine\/"},"wordCount":1397,"commentCount":0,"publisher":{"@id":"https:\/\/leregardlibre.com\/#organization"},"image":{"@id":"https:\/\/leregardlibre.com\/litterature\/pop-corn-girl-ou-la-fougue-americaine\/#primaryimage"},"thumbnailUrl":"https:\/\/leregardlibre.com\/wp-content\/uploads\/2019\/05\/a47f1254-69d6-450c-8395-d25c9e8a0269.jpg","keywords":["Adolescence","Critique litt\u00e9raire","Etats-Unis","Gen\u00e8ve","Laure Mi Hyun Croset","Litt\u00e9rature francophone","Litt\u00e9rature romande","Microroman","Roman"],"articleSection":["Litt\u00e9rature"],"inLanguage":"en-US","potentialAction":[{"@type":"CommentAction","name":"Comment","target":["https:\/\/leregardlibre.com\/litterature\/pop-corn-girl-ou-la-fougue-americaine\/#respond"]}]},{"@type":"WebPage","@id":"https:\/\/leregardlibre.com\/litterature\/pop-corn-girl-ou-la-fougue-americaine\/","url":"https:\/\/leregardlibre.com\/litterature\/pop-corn-girl-ou-la-fougue-americaine\/","name":"\u00abPop-Corn Girl\u00bb or the American spirit","isPartOf":{"@id":"https:\/\/leregardlibre.com\/#website"},"primaryImageOfPage":{"@id":"https:\/\/leregardlibre.com\/litterature\/pop-corn-girl-ou-la-fougue-americaine\/#primaryimage"},"image":{"@id":"https:\/\/leregardlibre.com\/litterature\/pop-corn-girl-ou-la-fougue-americaine\/#primaryimage"},"thumbnailUrl":"https:\/\/leregardlibre.com\/wp-content\/uploads\/2019\/05\/a47f1254-69d6-450c-8395-d25c9e8a0269.jpg","datePublished":"2019-05-21T17:00:19+00:00","dateModified":"2025-12-22T21:16:52+00:00","description":"\u00abA \u00bbMicroroman\u00ab with a full-bodied flavor, \u00bbPop-corn girl\" recounts the (mis)adventures of a young Genevan on exchange in a Chicago suburb.","breadcrumb":{"@id":"https:\/\/leregardlibre.com\/litterature\/pop-corn-girl-ou-la-fougue-americaine\/#breadcrumb"},"inLanguage":"en-US","potentialAction":[{"@type":"ReadAction","target":["https:\/\/leregardlibre.com\/litterature\/pop-corn-girl-ou-la-fougue-americaine\/"]}]},{"@type":"ImageObject","inLanguage":"en-US","@id":"https:\/\/leregardlibre.com\/litterature\/pop-corn-girl-ou-la-fougue-americaine\/#primaryimage","url":"https:\/\/leregardlibre.com\/wp-content\/uploads\/2019\/05\/a47f1254-69d6-450c-8395-d25c9e8a0269.jpg","contentUrl":"https:\/\/leregardlibre.com\/wp-content\/uploads\/2019\/05\/a47f1254-69d6-450c-8395-d25c9e8a0269.jpg","width":1919,"height":1439,"caption":"\u00a9 Ivan Garcia pour Le Regard Libre"},{"@type":"BreadcrumbList","@id":"https:\/\/leregardlibre.com\/litterature\/pop-corn-girl-ou-la-fougue-americaine\/#breadcrumb","itemListElement":[{"@type":"ListItem","position":1,"name":"Accueil","item":"https:\/\/leregardlibre.com\/"},{"@type":"ListItem","position":2,"name":"\u00abPop-Corn Girl\u00bb\u00a0ou la fougue am\u00e9ricaine"}]},{"@type":"WebSite","@id":"https:\/\/leregardlibre.com\/#website","url":"https:\/\/leregardlibre.com\/","name":"Le Regard Libre","description":"Switzerland's first monthly debate magazine","publisher":{"@id":"https:\/\/leregardlibre.com\/#organization"},"potentialAction":[{"@type":"SearchAction","target":{"@type":"EntryPoint","urlTemplate":"https:\/\/leregardlibre.com\/?s={search_term_string}"},"query-input":{"@type":"PropertyValueSpecification","valueRequired":true,"valueName":"search_term_string"}}],"inLanguage":"en-US"},{"@type":"Organization","@id":"https:\/\/leregardlibre.com\/#organization","name":"Le Regard Libre","url":"https:\/\/leregardlibre.com\/","logo":{"@type":"ImageObject","inLanguage":"en-US","@id":"https:\/\/leregardlibre.com\/#\/schema\/logo\/image\/","url":"https:\/\/leregardlibre.com\/wp-content\/uploads\/2025\/08\/logo-rl-icone-neg.jpeg","contentUrl":"https:\/\/leregardlibre.com\/wp-content\/uploads\/2025\/08\/logo-rl-icone-neg.jpeg","width":557,"height":556,"caption":"Le Regard Libre"},"image":{"@id":"https:\/\/leregardlibre.com\/#\/schema\/logo\/image\/"},"sameAs":["https:\/\/www.facebook.com\/leregardlibre\/","https:\/\/x.com\/LeRegardLibre","https:\/\/www.linkedin.com\/company\/le-regard-libre","https:\/\/www.instagram.com\/leregardlibre\/","http:\/\/t.me\/leregardlibre","https:\/\/youtube.com\/channel\/UC6HzGPomj1LsUmlz-sJtITQ"],"description":"Le Regard Libre is a Swiss monthly magazine for intellectual and cultural debate. Its editorial team is young, voluntary, liberal and pluralist. The magazine appears online and in print. Its language is French.","email":"redaction@leregardlibre.com","legalName":"Le Regard Libre","foundingDate":"2014-01-01","numberOfEmployees":{"@type":"QuantitativeValue","minValue":"11","maxValue":"50"},"publishingPrinciples":"https:\/\/leregardlibre.com\/a-propos\/notre-manifeste\/","ownershipFundingInfo":"https:\/\/leregardlibre.com\/mentions-legales\/","actionableFeedbackPolicy":"https:\/\/leregardlibre.com\/conditions-generales-de-vente\/"},{"@type":"Person","@id":"https:\/\/leregardlibre.com\/#\/schema\/person\/d80dd0028be8739b0c3bed60e131e94a","name":"Ivan Garcia","image":{"@type":"ImageObject","inLanguage":"en-US","@id":"https:\/\/secure.gravatar.com\/avatar\/8d1951260e83d4b801d564ae27e751dece8ced40a4256105c3a960ddb6c32ee8?s=96&d=identicon&r=g","url":"https:\/\/secure.gravatar.com\/avatar\/8d1951260e83d4b801d564ae27e751dece8ced40a4256105c3a960ddb6c32ee8?s=96&d=identicon&r=g","contentUrl":"https:\/\/secure.gravatar.com\/avatar\/8d1951260e83d4b801d564ae27e751dece8ced40a4256105c3a960ddb6c32ee8?s=96&d=identicon&r=g","caption":"Ivan Garcia"},"description":"Web editor at Le Temps newspaper and teaching trainee, Ivan Garcia is in charge of the Literature section at Regard Libre, where he writes regularly.","sameAs":["https:\/\/leregardlibre.com\/","https:\/\/fr.wikipedia.org\/wiki\/Le_Regard_libre"],"url":"https:\/\/leregardlibre.com\/en\/author\/ivan-garcia-ig89\/"}]}},"_links":{"self":[{"href":"https:\/\/leregardlibre.com\/en\/wp-json\/wp\/v2\/posts\/20680","targetHints":{"allow":["GET"]}}],"collection":[{"href":"https:\/\/leregardlibre.com\/en\/wp-json\/wp\/v2\/posts"}],"about":[{"href":"https:\/\/leregardlibre.com\/en\/wp-json\/wp\/v2\/types\/post"}],"author":[{"embeddable":true,"href":"https:\/\/leregardlibre.com\/en\/wp-json\/wp\/v2\/users\/53"}],"replies":[{"embeddable":true,"href":"https:\/\/leregardlibre.com\/en\/wp-json\/wp\/v2\/comments?post=20680"}],"version-history":[{"count":2,"href":"https:\/\/leregardlibre.com\/en\/wp-json\/wp\/v2\/posts\/20680\/revisions"}],"predecessor-version":[{"id":520660,"href":"https:\/\/leregardlibre.com\/en\/wp-json\/wp\/v2\/posts\/20680\/revisions\/520660"}],"wp:featuredmedia":[{"embeddable":true,"href":"https:\/\/leregardlibre.com\/en\/wp-json\/wp\/v2\/media\/20684"}],"wp:attachment":[{"href":"https:\/\/leregardlibre.com\/en\/wp-json\/wp\/v2\/media?parent=20680"}],"wp:term":[{"taxonomy":"category","embeddable":true,"href":"https:\/\/leregardlibre.com\/en\/wp-json\/wp\/v2\/categories?post=20680"},{"taxonomy":"post_tag","embeddable":true,"href":"https:\/\/leregardlibre.com\/en\/wp-json\/wp\/v2\/tags?post=20680"}],"curies":[{"name":"wp","href":"https:\/\/api.w.org\/{rel}","templated":true}]}}