{"id":20924,"date":"2019-06-06T18:00:58","date_gmt":"2019-06-06T16:00:58","guid":{"rendered":"https:\/\/leregardlibre.com\/?p=20924"},"modified":"2022-12-04T11:22:00","modified_gmt":"2022-12-04T10:22:00","slug":"interview-with-guillaume-poisson-president-of-the-cercle-litteraire-de-lausanne","status":"publish","type":"post","link":"https:\/\/leregardlibre.com\/en\/literature\/interview-with-guillaume-poisson-president-of-the-cercle-litteraire-de-lausanne\/","title":{"rendered":"A look inside the Cercle litt\u00e9raire de Lausanne with its president"},"content":{"rendered":"<div class='content_excerpt'>\n<p class=\"has-drop-cap\">The Cercle litt\u00e9raire de Lausanne is a true Lausanne institution. But what does it do? What role does it play in society? Interview with its president, Guillaume Poisson, professional historian and scientific director of a book recently published by Editions Slatkine, Les tr\u00e9sors du Cercle litt\u00e9raire de Lausanne.<\/p>\n\n\n\n Read the interview (subscribers)\n    <div class='restricted_content_fade'><\/div>\n    <\/div>\n  <style>\n    .content_excerpt{\n      position: relative;\n    }\n    .content_excerpt .restricted_content_fade{\n      position: absolute;\n      bottom: 0;\n      left: 0;\n      right: 0;\n      height: 75px;\n\t  margin-bottom: 0px;\n      background-image: linear-gradient(#ffffff2e, white);\n    }\n\n    .restricted_content{\n      margin-top: 30px;\n      border: solid #dddddd 1px;\n      border-radius: 7px;\n      padding: 30px;\n    }\n    \n    .restricted_content .restricted_content_title{\n      font-size: 22px;\n      font-weight: 600;\n    }\n    .restricted_content .restricted_content_flex_row{\n      display: flex;\n      flex-direction: row;\n    }\n    .restricted_content .restricted_content_image_container{\n      flex: 3;\n    }\n    .restricted_content .restricted_content_flex_column{\n      flex: 4;\n      display: flex;\n      flex-direction: column;\n      margin-left: 40px;\n      justify-content: center;\n    }\n\n\n    .restricted_content_buttons{\n      display: flex;\n      flex-direction: column;\n      width: min-content;\n    }\n    .restricted_content_button{\n      background-color: #f2f2f2;\n      text-transform: uppercase;\n      font-weight: 600;\n      padding: 8px 40px;\n      text-align: center;\n      font-size: 13px;\n      margin-top: 10px;\n      width: max-content;\n      width: 100%;\n      white-space: nowrap;\n    }\n    .restricted_content_button:hover {\n      background-color: #111111;\n      color: white;\n      text-decoration: none !important;\n    }\n\n    .restricted_content_primary_button{\n      background-color: #1F2A68 !important;\n      color: white !important;\n    }\n    .restricted_content_primary_button:hover {\n      background-color: #111111;\n    }\n\n    .restricted_content_text{\n      margin-bottom: 10px;\n      line-height: 1.2;\n      font-weight: 500;\n      font-size: 16px;\n    }\n\n  \n  <\/style>\n  <div class='restricted_content'>\n    <h3 class='restricted_content_title'>This content is reserved for our subscribers.<\/h3>\n    <div class='restricted_content_flex_row'>\n      <div class='restricted_content_image_container'>\n        <img class='restricted_content_image' src='\/wp-content\/uploads\/2025\/08\/abo_physique.png' \/>\n      <\/div>\n      <div class='restricted_content_flex_column'>\n        <div class='restricted_content_text'>If you have an account, please log in. Otherwise, discover our different subscription packages and create an account from CHF 2.50 for the first month.<\/div>\n        <div class='restricted_content_buttons'>\n          <a href='\/en\/subscription\/' class='restricted_content_button restricted_content_primary_button'>See subscriptions<\/a><a href='\/en\/my-account\/?redirect_to=https:\/\/leregardlibre.com\/en\/literature\/interview-with-guillaume-poisson-president-of-the-cercle-litteraire-de-lausanne\/'class='restricted_content_button'>Login<\/a><\/div>\n      <\/div>\n    <\/div>\n  <\/div>","protected":false},"excerpt":{"rendered":"<div class='content_excerpt'>\n<p class=\"has-drop-cap\">The Cercle litt\u00e9raire de Lausanne is a true Lausanne institution. But what does it do? What role does it play in society? Interview with its president, Guillaume Poisson, professional historian and scientific director of a book recently published by Editions Slatkine, Les tr\u00e9sors du Cercle litt\u00e9raire de Lausanne.<\/p>\n<p> Read the interview (subscribers)<\/p>\n<div class='restricted_content_fade'><\/div>\n<\/p><\/div>\n<style>\n    .content_excerpt{\n      position: relative;\n    }\n    .content_excerpt .restricted_content_fade{\n      position: absolute;\n      bottom: 0;\n      left: 0;\n      right: 0;\n      height: 75px;\n\t  margin-bottom: 0px;\n      background-image: linear-gradient(#ffffff2e, white);\n    }<\/p>\n<p>    .restricted_content{\n      margin-top: 30px;\n      border: solid #dddddd 1px;\n      border-radius: 7px;\n      padding: 30px;\n    }<\/p>\n<p>    .restricted_content .restricted_content_title{\n      font-size: 22px;\n      font-weight: 600;\n    }\n    .restricted_content .restricted_content_flex_row{\n      display: flex;\n      flex-direction: row;\n    }\n    .restricted_content .restricted_content_image_container{\n      flex: 3;\n    }\n    .restricted_content .restricted_content_flex_column{\n      flex: 4;\n      display: flex;\n      flex-direction: column;\n      margin-left: 40px;\n      justify-content: center;\n    }<\/p>\n<p>    .restricted_content_buttons{\n      display: flex;\n      flex-direction: column;\n      width: min-content;\n    }\n    .restricted_content_button{\n      background-color: #f2f2f2;\n      text-transform: uppercase;\n      font-weight: 600;\n      padding: 8px 40px;\n      text-align: center;\n      font-size: 13px;\n      margin-top: 10px;\n      width: max-content;\n      width: 100%;\n      white-space: nowrap;\n    }\n    .restricted_content_button:hover {\n      background-color: #111111;\n      color: white;\n      text-decoration: none !important;\n    }<\/p>\n<p>    .restricted_content_primary_button{\n      background-color: #1F2A68 !important;\n      color: white !important;\n    }\n    .restricted_content_primary_button:hover {\n      background-color: #111111;\n    }<\/p>\n<p>    .restricted_content_text{\n      margin-bottom: 10px;\n      line-height: 1.2;\n      font-weight: 500;\n      font-size: 16px;\n    }<\/p>\n<\/style>\n<div class='restricted_content'>\n<h3 class='restricted_content_title'>This content is reserved for our subscribers.<\/h3>\n<div class='restricted_content_flex_row'>\n<div class='restricted_content_image_container'>\n        <img class='restricted_content_image' src='\/wp-content\/uploads\/2025\/08\/abo_physique.png' \/>\n      <\/div>\n<div class='restricted_content_flex_column'>\n<div class='restricted_content_text'>If you have an account, please log in. Otherwise, discover our different subscription packages and create an account from CHF 2.50 for the first month.<\/div>\n<div class='restricted_content_buttons'>\n          <a href='\/en\/subscription\/' class='restricted_content_button restricted_content_primary_button'>See subscriptions<\/a><a href='\/en\/my-account\/?redirect_to=https:\/\/leregardlibre.com\/en\/literature\/interview-with-guillaume-poisson-president-of-the-cercle-litteraire-de-lausanne\/'class='restricted_content_button'>Login<\/a><\/div>\n<\/p><\/div>\n<\/p><\/div>\n<\/p><\/div>","protected":false},"author":53,"featured_media":510523,"comment_status":"open","ping_status":"open","sticky":false,"template":"","format":"standard","meta":{"_acf_changed":false,"footnotes":""},"categories":[20663],"tags":[644342102,644342101,644342103,644342105,644342092,11788,8118,644342093,33225,644342098,644342100,644339614,644342097],"class_list":["post-20924","post","type-post","status-publish","format-standard","has-post-thumbnail","hentry","category-litterature","tag-cercle-de-la-palud","tag-cercle-du-commerce","tag-club","tag-clubs-anglosaxons","tag-guillaume-poisson","tag-interviews","tag-lausanne","tag-les-tresors-du-cercle-litteraire-de-lausanne","tag-liberalisme","tag-ouvrage-collectif","tag-revues","tag-sociabilite","tag-societe-du-jardin","membership-content","access-restricted"],"acf":[],"yoast_head":"<!-- This site is optimized with the Yoast SEO Premium plugin v27.4 (Yoast SEO v27.4) - https:\/\/yoast.com\/product\/yoast-seo-premium-wordpress\/ -->\n<title>Plong\u00e9e dans le Cercle litt\u00e9raire de Lausanne avec son pr\u00e9sident<\/title>\n<meta name=\"description\" content=\"Le Cercle litt\u00e9raire de Lausanne est une v\u00e9ritable institution lausannoise. Mais qu\u2019y fait-on? Quel est son r\u00f4le? Interview de son pr\u00e9sident.\" \/>\n<meta name=\"robots\" content=\"index, follow, max-snippet:-1, max-image-preview:large, max-video-preview:-1\" \/>\n<link rel=\"canonical\" href=\"https:\/\/leregardlibre.com\/en\/literature\/interview-with-guillaume-poisson-president-of-the-cercle-litteraire-de-lausanne\/\" \/>\n<meta property=\"og:locale\" content=\"en_US\" \/>\n<meta property=\"og:type\" content=\"article\" \/>\n<meta property=\"og:title\" content=\"Plong\u00e9e dans le Cercle litt\u00e9raire de Lausanne avec son pr\u00e9sident\" \/>\n<meta property=\"og:description\" content=\"Le Cercle litt\u00e9raire de Lausanne est une v\u00e9ritable institution lausannoise. Mais qu\u2019y fait-on? Quel est son r\u00f4le? Interview de son pr\u00e9sident.\" \/>\n<meta property=\"og:url\" content=\"https:\/\/leregardlibre.com\/en\/literature\/interview-with-guillaume-poisson-president-of-the-cercle-litteraire-de-lausanne\/\" \/>\n<meta property=\"og:site_name\" content=\"Le Regard Libre\" \/>\n<meta property=\"article:publisher\" content=\"https:\/\/www.facebook.com\/leregardlibre\/\" \/>\n<meta property=\"article:published_time\" content=\"2019-06-06T16:00:58+00:00\" \/>\n<meta property=\"article:modified_time\" content=\"2022-12-04T10:22:00+00:00\" \/>\n<meta property=\"og:image\" content=\"https:\/\/leregardlibre.com\/wp-content\/uploads\/2019\/06\/Guillaume-Poisson-\u00a9-Indra-Crittin-pour-le-Regard-Libre-04-1-1024x683.jpg\" \/>\n\t<meta property=\"og:image:width\" content=\"1024\" \/>\n\t<meta property=\"og:image:height\" content=\"683\" \/>\n\t<meta property=\"og:image:type\" content=\"image\/jpeg\" \/>\n<meta name=\"author\" content=\"Ivan Garcia\" \/>\n<meta name=\"twitter:card\" content=\"summary_large_image\" \/>\n<meta name=\"twitter:creator\" content=\"@LeRegardLibre\" \/>\n<meta name=\"twitter:site\" content=\"@LeRegardLibre\" \/>\n<meta name=\"twitter:label1\" content=\"Written by\" \/>\n\t<meta name=\"twitter:data1\" content=\"Ivan Garcia\" \/>\n\t<meta name=\"twitter:label2\" content=\"Est. reading time\" \/>\n\t<meta name=\"twitter:data2\" content=\"12 minutes\" \/>\n<script type=\"application\/ld+json\" class=\"yoast-schema-graph\">{\"@context\":\"https:\\\/\\\/schema.org\",\"@graph\":[{\"@type\":\"Article\",\"@id\":\"https:\\\/\\\/leregardlibre.com\\\/litterature\\\/entretien-avec-guillaume-poisson-president-du-cercle-litteraire-de-lausanne\\\/#article\",\"isPartOf\":{\"@id\":\"https:\\\/\\\/leregardlibre.com\\\/litterature\\\/entretien-avec-guillaume-poisson-president-du-cercle-litteraire-de-lausanne\\\/\"},\"author\":{\"name\":\"Ivan Garcia\",\"@id\":\"https:\\\/\\\/leregardlibre.com\\\/#\\\/schema\\\/person\\\/d80dd0028be8739b0c3bed60e131e94a\"},\"headline\":\"Plong\u00e9e dans le Cercle litt\u00e9raire de Lausanne avec son pr\u00e9sident\",\"datePublished\":\"2019-06-06T16:00:58+00:00\",\"dateModified\":\"2022-12-04T10:22:00+00:00\",\"mainEntityOfPage\":{\"@id\":\"https:\\\/\\\/leregardlibre.com\\\/litterature\\\/entretien-avec-guillaume-poisson-president-du-cercle-litteraire-de-lausanne\\\/\"},\"wordCount\":2439,\"commentCount\":0,\"publisher\":{\"@id\":\"https:\\\/\\\/leregardlibre.com\\\/#organization\"},\"image\":{\"@id\":\"https:\\\/\\\/leregardlibre.com\\\/litterature\\\/entretien-avec-guillaume-poisson-president-du-cercle-litteraire-de-lausanne\\\/#primaryimage\"},\"thumbnailUrl\":\"https:\\\/\\\/leregardlibre.com\\\/wp-content\\\/uploads\\\/2019\\\/06\\\/Guillaume-Poisson-\u00a9-Indra-Crittin-pour-le-Regard-Libre-04-1.jpg\",\"keywords\":[\"cercle de la palud\",\"cercle du commerce\",\"club\",\"clubs anglosaxons\",\"guillaume poisson\",\"Interview\",\"Lausanne\",\"les tr\u00e9sors du cercle litt\u00e9raire de lausanne\",\"Lib\u00e9ralisme\",\"Ouvrage collectif\",\"revues\",\"sociabilit\u00e9\",\"soci\u00e9t\u00e9 du jardin\"],\"articleSection\":[\"Litt\u00e9rature\"],\"inLanguage\":\"en-US\",\"potentialAction\":[{\"@type\":\"CommentAction\",\"name\":\"Comment\",\"target\":[\"https:\\\/\\\/leregardlibre.com\\\/litterature\\\/entretien-avec-guillaume-poisson-president-du-cercle-litteraire-de-lausanne\\\/#respond\"]}]},{\"@type\":\"WebPage\",\"@id\":\"https:\\\/\\\/leregardlibre.com\\\/litterature\\\/entretien-avec-guillaume-poisson-president-du-cercle-litteraire-de-lausanne\\\/\",\"url\":\"https:\\\/\\\/leregardlibre.com\\\/litterature\\\/entretien-avec-guillaume-poisson-president-du-cercle-litteraire-de-lausanne\\\/\",\"name\":\"Plong\u00e9e dans le Cercle litt\u00e9raire de Lausanne avec son pr\u00e9sident\",\"isPartOf\":{\"@id\":\"https:\\\/\\\/leregardlibre.com\\\/#website\"},\"primaryImageOfPage\":{\"@id\":\"https:\\\/\\\/leregardlibre.com\\\/litterature\\\/entretien-avec-guillaume-poisson-president-du-cercle-litteraire-de-lausanne\\\/#primaryimage\"},\"image\":{\"@id\":\"https:\\\/\\\/leregardlibre.com\\\/litterature\\\/entretien-avec-guillaume-poisson-president-du-cercle-litteraire-de-lausanne\\\/#primaryimage\"},\"thumbnailUrl\":\"https:\\\/\\\/leregardlibre.com\\\/wp-content\\\/uploads\\\/2019\\\/06\\\/Guillaume-Poisson-\u00a9-Indra-Crittin-pour-le-Regard-Libre-04-1.jpg\",\"datePublished\":\"2019-06-06T16:00:58+00:00\",\"dateModified\":\"2022-12-04T10:22:00+00:00\",\"description\":\"Le Cercle litt\u00e9raire de Lausanne est une v\u00e9ritable institution lausannoise. Mais qu\u2019y fait-on? Quel est son r\u00f4le? Interview de son pr\u00e9sident.\",\"breadcrumb\":{\"@id\":\"https:\\\/\\\/leregardlibre.com\\\/litterature\\\/entretien-avec-guillaume-poisson-president-du-cercle-litteraire-de-lausanne\\\/#breadcrumb\"},\"inLanguage\":\"en-US\",\"potentialAction\":[{\"@type\":\"ReadAction\",\"target\":[\"https:\\\/\\\/leregardlibre.com\\\/litterature\\\/entretien-avec-guillaume-poisson-president-du-cercle-litteraire-de-lausanne\\\/\"]}]},{\"@type\":\"ImageObject\",\"inLanguage\":\"en-US\",\"@id\":\"https:\\\/\\\/leregardlibre.com\\\/litterature\\\/entretien-avec-guillaume-poisson-president-du-cercle-litteraire-de-lausanne\\\/#primaryimage\",\"url\":\"https:\\\/\\\/leregardlibre.com\\\/wp-content\\\/uploads\\\/2019\\\/06\\\/Guillaume-Poisson-\u00a9-Indra-Crittin-pour-le-Regard-Libre-04-1.jpg\",\"contentUrl\":\"https:\\\/\\\/leregardlibre.com\\\/wp-content\\\/uploads\\\/2019\\\/06\\\/Guillaume-Poisson-\u00a9-Indra-Crittin-pour-le-Regard-Libre-04-1.jpg\",\"width\":5527,\"height\":3685},{\"@type\":\"BreadcrumbList\",\"@id\":\"https:\\\/\\\/leregardlibre.com\\\/litterature\\\/entretien-avec-guillaume-poisson-president-du-cercle-litteraire-de-lausanne\\\/#breadcrumb\",\"itemListElement\":[{\"@type\":\"ListItem\",\"position\":1,\"name\":\"Accueil\",\"item\":\"https:\\\/\\\/leregardlibre.com\\\/\"},{\"@type\":\"ListItem\",\"position\":2,\"name\":\"Plong\u00e9e dans le Cercle litt\u00e9raire de Lausanne avec son pr\u00e9sident\"}]},{\"@type\":\"WebSite\",\"@id\":\"https:\\\/\\\/leregardlibre.com\\\/#website\",\"url\":\"https:\\\/\\\/leregardlibre.com\\\/\",\"name\":\"Le Regard Libre\",\"description\":\"Premier mensuel suisse de d\u00e9bat\",\"publisher\":{\"@id\":\"https:\\\/\\\/leregardlibre.com\\\/#organization\"},\"potentialAction\":[{\"@type\":\"SearchAction\",\"target\":{\"@type\":\"EntryPoint\",\"urlTemplate\":\"https:\\\/\\\/leregardlibre.com\\\/?s={search_term_string}\"},\"query-input\":{\"@type\":\"PropertyValueSpecification\",\"valueRequired\":true,\"valueName\":\"search_term_string\"}}],\"inLanguage\":\"en-US\"},{\"@type\":\"Organization\",\"@id\":\"https:\\\/\\\/leregardlibre.com\\\/#organization\",\"name\":\"Le Regard Libre\",\"url\":\"https:\\\/\\\/leregardlibre.com\\\/\",\"logo\":{\"@type\":\"ImageObject\",\"inLanguage\":\"en-US\",\"@id\":\"https:\\\/\\\/leregardlibre.com\\\/#\\\/schema\\\/logo\\\/image\\\/\",\"url\":\"https:\\\/\\\/leregardlibre.com\\\/wp-content\\\/uploads\\\/2025\\\/08\\\/logo-rl-icone-neg.jpeg\",\"contentUrl\":\"https:\\\/\\\/leregardlibre.com\\\/wp-content\\\/uploads\\\/2025\\\/08\\\/logo-rl-icone-neg.jpeg\",\"width\":557,\"height\":556,\"caption\":\"Le Regard Libre\"},\"image\":{\"@id\":\"https:\\\/\\\/leregardlibre.com\\\/#\\\/schema\\\/logo\\\/image\\\/\"},\"sameAs\":[\"https:\\\/\\\/www.facebook.com\\\/leregardlibre\\\/\",\"https:\\\/\\\/x.com\\\/LeRegardLibre\",\"https:\\\/\\\/www.linkedin.com\\\/company\\\/le-regard-libre\",\"https:\\\/\\\/www.instagram.com\\\/leregardlibre\\\/\",\"http:\\\/\\\/t.me\\\/leregardlibre\",\"https:\\\/\\\/youtube.com\\\/channel\\\/UC6HzGPomj1LsUmlz-sJtITQ\"],\"description\":\"Le Regard Libre est un mensuel suisse de d\u00e9bat intellectuel et culturel. Sa r\u00e9daction est jeune, b\u00e9n\u00e9vole, lib\u00e9rale et pluraliste. Le magazine para\u00eet en ligne et sous forme papier. Sa langue est le fran\u00e7ais.\",\"email\":\"redaction@leregardlibre.com\",\"legalName\":\"Le Regard Libre\",\"foundingDate\":\"2014-01-01\",\"numberOfEmployees\":{\"@type\":\"QuantitativeValue\",\"minValue\":\"11\",\"maxValue\":\"50\"},\"publishingPrinciples\":\"https:\\\/\\\/leregardlibre.com\\\/a-propos\\\/notre-manifeste\\\/\",\"ownershipFundingInfo\":\"https:\\\/\\\/leregardlibre.com\\\/mentions-legales\\\/\",\"actionableFeedbackPolicy\":\"https:\\\/\\\/leregardlibre.com\\\/conditions-generales-de-vente\\\/\"},{\"@type\":\"Person\",\"@id\":\"https:\\\/\\\/leregardlibre.com\\\/#\\\/schema\\\/person\\\/d80dd0028be8739b0c3bed60e131e94a\",\"name\":\"Ivan Garcia\",\"image\":{\"@type\":\"ImageObject\",\"inLanguage\":\"en-US\",\"@id\":\"https:\\\/\\\/secure.gravatar.com\\\/avatar\\\/8d1951260e83d4b801d564ae27e751dece8ced40a4256105c3a960ddb6c32ee8?s=96&d=identicon&r=g\",\"url\":\"https:\\\/\\\/secure.gravatar.com\\\/avatar\\\/8d1951260e83d4b801d564ae27e751dece8ced40a4256105c3a960ddb6c32ee8?s=96&d=identicon&r=g\",\"contentUrl\":\"https:\\\/\\\/secure.gravatar.com\\\/avatar\\\/8d1951260e83d4b801d564ae27e751dece8ced40a4256105c3a960ddb6c32ee8?s=96&d=identicon&r=g\",\"caption\":\"Ivan Garcia\"},\"description\":\"Editeur Web au journal Le Temps et stagiaire en enseignement, Ivan Garcia est le responsable de la rubrique Litt\u00e9rature du Regard Libre, o\u00f9 il \u00e9crit r\u00e9guli\u00e8rement.\",\"sameAs\":[\"https:\\\/\\\/leregardlibre.com\\\/\",\"https:\\\/\\\/fr.wikipedia.org\\\/wiki\\\/Le_Regard_libre\"],\"url\":\"https:\\\/\\\/leregardlibre.com\\\/en\\\/author\\\/ivan-garcia-ig89\\\/\"}]}<\/script>\n<!-- \/ Yoast SEO Premium plugin. -->","yoast_head_json":{"title":"A look inside the Cercle litt\u00e9raire de Lausanne with its president","description":"The Cercle litt\u00e9raire de Lausanne is a true Lausanne institution. But what does it do? What role does it play? Interview with its president.","robots":{"index":"index","follow":"follow","max-snippet":"max-snippet:-1","max-image-preview":"max-image-preview:large","max-video-preview":"max-video-preview:-1"},"canonical":"https:\/\/leregardlibre.com\/en\/literature\/interview-with-guillaume-poisson-president-of-the-cercle-litteraire-de-lausanne\/","og_locale":"en_US","og_type":"article","og_title":"Plong\u00e9e dans le Cercle litt\u00e9raire de Lausanne avec son pr\u00e9sident","og_description":"Le Cercle litt\u00e9raire de Lausanne est une v\u00e9ritable institution lausannoise. Mais qu\u2019y fait-on? Quel est son r\u00f4le? Interview de son pr\u00e9sident.","og_url":"https:\/\/leregardlibre.com\/en\/literature\/interview-with-guillaume-poisson-president-of-the-cercle-litteraire-de-lausanne\/","og_site_name":"Le Regard Libre","article_publisher":"https:\/\/www.facebook.com\/leregardlibre\/","article_published_time":"2019-06-06T16:00:58+00:00","article_modified_time":"2022-12-04T10:22:00+00:00","og_image":[{"width":1024,"height":683,"url":"https:\/\/leregardlibre.com\/wp-content\/uploads\/2019\/06\/Guillaume-Poisson-\u00a9-Indra-Crittin-pour-le-Regard-Libre-04-1-1024x683.jpg","type":"image\/jpeg"}],"author":"Ivan Garcia","twitter_card":"summary_large_image","twitter_creator":"@LeRegardLibre","twitter_site":"@LeRegardLibre","twitter_misc":{"Written by":"Ivan Garcia","Est. reading time":"12 minutes"},"schema":{"@context":"https:\/\/schema.org","@graph":[{"@type":"Article","@id":"https:\/\/leregardlibre.com\/litterature\/entretien-avec-guillaume-poisson-president-du-cercle-litteraire-de-lausanne\/#article","isPartOf":{"@id":"https:\/\/leregardlibre.com\/litterature\/entretien-avec-guillaume-poisson-president-du-cercle-litteraire-de-lausanne\/"},"author":{"name":"Ivan Garcia","@id":"https:\/\/leregardlibre.com\/#\/schema\/person\/d80dd0028be8739b0c3bed60e131e94a"},"headline":"Plong\u00e9e dans le Cercle litt\u00e9raire de Lausanne avec son pr\u00e9sident","datePublished":"2019-06-06T16:00:58+00:00","dateModified":"2022-12-04T10:22:00+00:00","mainEntityOfPage":{"@id":"https:\/\/leregardlibre.com\/litterature\/entretien-avec-guillaume-poisson-president-du-cercle-litteraire-de-lausanne\/"},"wordCount":2439,"commentCount":0,"publisher":{"@id":"https:\/\/leregardlibre.com\/#organization"},"image":{"@id":"https:\/\/leregardlibre.com\/litterature\/entretien-avec-guillaume-poisson-president-du-cercle-litteraire-de-lausanne\/#primaryimage"},"thumbnailUrl":"https:\/\/leregardlibre.com\/wp-content\/uploads\/2019\/06\/Guillaume-Poisson-\u00a9-Indra-Crittin-pour-le-Regard-Libre-04-1.jpg","keywords":["cercle de la palud","cercle du commerce","club","clubs anglosaxons","guillaume poisson","Interview","Lausanne","les tr\u00e9sors du cercle litt\u00e9raire de lausanne","Lib\u00e9ralisme","Ouvrage collectif","revues","sociabilit\u00e9","soci\u00e9t\u00e9 du jardin"],"articleSection":["Litt\u00e9rature"],"inLanguage":"en-US","potentialAction":[{"@type":"CommentAction","name":"Comment","target":["https:\/\/leregardlibre.com\/litterature\/entretien-avec-guillaume-poisson-president-du-cercle-litteraire-de-lausanne\/#respond"]}]},{"@type":"WebPage","@id":"https:\/\/leregardlibre.com\/litterature\/entretien-avec-guillaume-poisson-president-du-cercle-litteraire-de-lausanne\/","url":"https:\/\/leregardlibre.com\/litterature\/entretien-avec-guillaume-poisson-president-du-cercle-litteraire-de-lausanne\/","name":"A look inside the Cercle litt\u00e9raire de Lausanne with its president","isPartOf":{"@id":"https:\/\/leregardlibre.com\/#website"},"primaryImageOfPage":{"@id":"https:\/\/leregardlibre.com\/litterature\/entretien-avec-guillaume-poisson-president-du-cercle-litteraire-de-lausanne\/#primaryimage"},"image":{"@id":"https:\/\/leregardlibre.com\/litterature\/entretien-avec-guillaume-poisson-president-du-cercle-litteraire-de-lausanne\/#primaryimage"},"thumbnailUrl":"https:\/\/leregardlibre.com\/wp-content\/uploads\/2019\/06\/Guillaume-Poisson-\u00a9-Indra-Crittin-pour-le-Regard-Libre-04-1.jpg","datePublished":"2019-06-06T16:00:58+00:00","dateModified":"2022-12-04T10:22:00+00:00","description":"The Cercle litt\u00e9raire de Lausanne is a true Lausanne institution. But what does it do? What role does it play? Interview with its president.","breadcrumb":{"@id":"https:\/\/leregardlibre.com\/litterature\/entretien-avec-guillaume-poisson-president-du-cercle-litteraire-de-lausanne\/#breadcrumb"},"inLanguage":"en-US","potentialAction":[{"@type":"ReadAction","target":["https:\/\/leregardlibre.com\/litterature\/entretien-avec-guillaume-poisson-president-du-cercle-litteraire-de-lausanne\/"]}]},{"@type":"ImageObject","inLanguage":"en-US","@id":"https:\/\/leregardlibre.com\/litterature\/entretien-avec-guillaume-poisson-president-du-cercle-litteraire-de-lausanne\/#primaryimage","url":"https:\/\/leregardlibre.com\/wp-content\/uploads\/2019\/06\/Guillaume-Poisson-\u00a9-Indra-Crittin-pour-le-Regard-Libre-04-1.jpg","contentUrl":"https:\/\/leregardlibre.com\/wp-content\/uploads\/2019\/06\/Guillaume-Poisson-\u00a9-Indra-Crittin-pour-le-Regard-Libre-04-1.jpg","width":5527,"height":3685},{"@type":"BreadcrumbList","@id":"https:\/\/leregardlibre.com\/litterature\/entretien-avec-guillaume-poisson-president-du-cercle-litteraire-de-lausanne\/#breadcrumb","itemListElement":[{"@type":"ListItem","position":1,"name":"Accueil","item":"https:\/\/leregardlibre.com\/"},{"@type":"ListItem","position":2,"name":"Plong\u00e9e dans le Cercle litt\u00e9raire de Lausanne avec son pr\u00e9sident"}]},{"@type":"WebSite","@id":"https:\/\/leregardlibre.com\/#website","url":"https:\/\/leregardlibre.com\/","name":"Le Regard Libre","description":"Switzerland's first monthly debate magazine","publisher":{"@id":"https:\/\/leregardlibre.com\/#organization"},"potentialAction":[{"@type":"SearchAction","target":{"@type":"EntryPoint","urlTemplate":"https:\/\/leregardlibre.com\/?s={search_term_string}"},"query-input":{"@type":"PropertyValueSpecification","valueRequired":true,"valueName":"search_term_string"}}],"inLanguage":"en-US"},{"@type":"Organization","@id":"https:\/\/leregardlibre.com\/#organization","name":"Le Regard Libre","url":"https:\/\/leregardlibre.com\/","logo":{"@type":"ImageObject","inLanguage":"en-US","@id":"https:\/\/leregardlibre.com\/#\/schema\/logo\/image\/","url":"https:\/\/leregardlibre.com\/wp-content\/uploads\/2025\/08\/logo-rl-icone-neg.jpeg","contentUrl":"https:\/\/leregardlibre.com\/wp-content\/uploads\/2025\/08\/logo-rl-icone-neg.jpeg","width":557,"height":556,"caption":"Le Regard Libre"},"image":{"@id":"https:\/\/leregardlibre.com\/#\/schema\/logo\/image\/"},"sameAs":["https:\/\/www.facebook.com\/leregardlibre\/","https:\/\/x.com\/LeRegardLibre","https:\/\/www.linkedin.com\/company\/le-regard-libre","https:\/\/www.instagram.com\/leregardlibre\/","http:\/\/t.me\/leregardlibre","https:\/\/youtube.com\/channel\/UC6HzGPomj1LsUmlz-sJtITQ"],"description":"Le Regard Libre is a Swiss monthly magazine for intellectual and cultural debate. Its editorial team is young, voluntary, liberal and pluralist. The magazine appears online and in print. Its language is French.","email":"redaction@leregardlibre.com","legalName":"Le Regard Libre","foundingDate":"2014-01-01","numberOfEmployees":{"@type":"QuantitativeValue","minValue":"11","maxValue":"50"},"publishingPrinciples":"https:\/\/leregardlibre.com\/a-propos\/notre-manifeste\/","ownershipFundingInfo":"https:\/\/leregardlibre.com\/mentions-legales\/","actionableFeedbackPolicy":"https:\/\/leregardlibre.com\/conditions-generales-de-vente\/"},{"@type":"Person","@id":"https:\/\/leregardlibre.com\/#\/schema\/person\/d80dd0028be8739b0c3bed60e131e94a","name":"Ivan Garcia","image":{"@type":"ImageObject","inLanguage":"en-US","@id":"https:\/\/secure.gravatar.com\/avatar\/8d1951260e83d4b801d564ae27e751dece8ced40a4256105c3a960ddb6c32ee8?s=96&d=identicon&r=g","url":"https:\/\/secure.gravatar.com\/avatar\/8d1951260e83d4b801d564ae27e751dece8ced40a4256105c3a960ddb6c32ee8?s=96&d=identicon&r=g","contentUrl":"https:\/\/secure.gravatar.com\/avatar\/8d1951260e83d4b801d564ae27e751dece8ced40a4256105c3a960ddb6c32ee8?s=96&d=identicon&r=g","caption":"Ivan Garcia"},"description":"Web editor at Le Temps newspaper and teaching trainee, Ivan Garcia is in charge of the Literature section at Regard Libre, where he writes regularly.","sameAs":["https:\/\/leregardlibre.com\/","https:\/\/fr.wikipedia.org\/wiki\/Le_Regard_libre"],"url":"https:\/\/leregardlibre.com\/en\/author\/ivan-garcia-ig89\/"}]}},"_links":{"self":[{"href":"https:\/\/leregardlibre.com\/en\/wp-json\/wp\/v2\/posts\/20924","targetHints":{"allow":["GET"]}}],"collection":[{"href":"https:\/\/leregardlibre.com\/en\/wp-json\/wp\/v2\/posts"}],"about":[{"href":"https:\/\/leregardlibre.com\/en\/wp-json\/wp\/v2\/types\/post"}],"author":[{"embeddable":true,"href":"https:\/\/leregardlibre.com\/en\/wp-json\/wp\/v2\/users\/53"}],"replies":[{"embeddable":true,"href":"https:\/\/leregardlibre.com\/en\/wp-json\/wp\/v2\/comments?post=20924"}],"version-history":[{"count":2,"href":"https:\/\/leregardlibre.com\/en\/wp-json\/wp\/v2\/posts\/20924\/revisions"}],"predecessor-version":[{"id":514364,"href":"https:\/\/leregardlibre.com\/en\/wp-json\/wp\/v2\/posts\/20924\/revisions\/514364"}],"wp:featuredmedia":[{"embeddable":true,"href":"https:\/\/leregardlibre.com\/en\/wp-json\/wp\/v2\/media\/510523"}],"wp:attachment":[{"href":"https:\/\/leregardlibre.com\/en\/wp-json\/wp\/v2\/media?parent=20924"}],"wp:term":[{"taxonomy":"category","embeddable":true,"href":"https:\/\/leregardlibre.com\/en\/wp-json\/wp\/v2\/categories?post=20924"},{"taxonomy":"post_tag","embeddable":true,"href":"https:\/\/leregardlibre.com\/en\/wp-json\/wp\/v2\/tags?post=20924"}],"curies":[{"name":"wp","href":"https:\/\/api.w.org\/{rel}","templated":true}]}}