{"id":22742,"date":"2019-07-26T14:00:15","date_gmt":"2019-07-26T12:00:15","guid":{"rendered":"https:\/\/leregardlibre.com\/?p=22742"},"modified":"2022-09-04T10:35:31","modified_gmt":"2022-09-04T08:35:31","slug":"the-cure-we-love-them-even-if-theyre-ugly-and-dont-smile-at-us","status":"publish","type":"post","link":"https:\/\/leregardlibre.com\/en\/music\/the-cure-we-love-them-even-if-theyre-ugly-and-dont-smile-at-us\/","title":{"rendered":"We love The Cure even if they're ugly and don't smile at us"},"content":{"rendered":"<p><em>Pal\u00e9o Festival 2019 - Jonas Follonier<\/em><\/p>\n\n\n\n<p class=\"has-drop-cap\"><strong>The legendary band The Cure took to the Pal\u00e9o stage on Thursday, July 25, 2019. Audiences will remember three things from this two-hour concert: their music, including vocals, is always top-notch; they don't like to communicate much with the audience; and they're ugly.<\/strong><\/p>\n\n\n\n<!--more Lire l'article-->\n\n\n\n<p>Who were the many people who had flocked to see The Cure? Such was the question I asked myself, under my hat that had turned into an umbrella. There's always something in The Cure's music that just doesn't cut it. <em>\u00abI like it, but...\u00bb<\/em> is followed by <em>\u00abit's always the same\u00bb <\/em>or<em> \u00abthe atmosphere is too dark\u00bb<\/em> or <em>\u00abit hasn't aged well\u00bb<\/em> or other absolute nonsense such as <em>\u00abI prefer Green Day\u00bb<\/em>. Too soft for some, too gothic for others, The Cure are by no means unanimous, and seem to find themselves in a restricted corner of the rock planet.<\/p>\n\n\n\n<p><em>\u00abAnd yet\u00bb<\/em>, Charles Aznavour would say. <em>\u00abThey came, they're all here\u00bb<\/em>, he would say. The Plaine de l'Asse is filled to the brim with people who have come early enough to see The Cure. And there are fans of all ages, codes and genres. It's mind-boggling. When I ask a drummer friend on my left what he thinks in general of the drum rhythms on the band's albums, I realize that we don't feel the same way, even though we've listened to the same albums over and over again. <em>best of<\/em> before coming, and much more besides. The Cure, part post-punk, part melodramatic pop rock. An elusive phenomenon.<\/p>\n\n\n\n<figure class=\"wp-block-image\"><img decoding=\"async\" src=\"http:\/\/leregardlibre.com\/wp-content\/uploads\/2019\/07\/The_Cure_je25_nicolas_patault_01-1.jpg\" alt=\"\" class=\"wp-image-22765\"\/><figcaption>The Cure, Pal\u00e9o Festival Nyon 2019 \u00a9 Pal\u00e9o \/ Nicolas Patault<\/figcaption><\/figure>\n\n\n\n<p>But it's already 11.30pm. Here they come. My sidekicks and I were wondering how the band was going to get on stage. The answer: none at all. Even though The Cure took the stage, there was no entrance. Just five guys taking the stage with no show at all. A bit like <a href=\"https:\/\/leregardlibre.com\/en\/2018\/07\/05\/deep-purple-the-montreux-legend\/\">Deep Purple in Montreux last year<\/a>, Even if they had set aside an afternoon to create some semblance of a staging. <em>\u00abTake care of your entrances and exits; in the middle, do your job\u00bb.\u00bb<\/em>, said Maurice Chevalier to Johnny Hallyday, advice he followed to the letter. The British apparently take a different approach.<\/p>\n\n\n\n<p style=\"color:#1d296c\" class=\"has-text-color\"><strong>Read also: <\/strong><a href=\"https:\/\/leregardlibre.com\/en\/2017\/12\/11\/hommage-a-jean-philippe-smet\/\"><strong>Tribute to Jean-Philippe Smet<\/strong><\/a><\/p>\n\n\n\n<p>So now it's time for the music. And here, thank you and hats off. Band leader Robert Smith's vocal retention is remarkable.  The musicians' instrumental ease, unquestionable. Their pleasure in playing music, obvious. The concert's sonic atmosphere, unexpectedly coherent even though the repertoire varies greatly. And this is perhaps the strength of this group: unity in diversity, which the Irish philosopher Francis Hutcheson defined as the very condition of beauty. The half-teen, half-sado - and masochistic, it goes without saying - vocals of the <em>specimen<\/em> Robert Smith is enough to keep this progressive rock journey constant, from the darkness of the latest albums to the pop of <em>nineties<\/em>.<\/p>\n\n\n\n<figure class=\"wp-block-embed-youtube wp-block-embed is-type-video is-provider-youtube wp-embed-aspect-4-3 wp-has-aspect-ratio\"><div class=\"wp-block-embed__wrapper\">\n<iframe title=\"The Cure - Friday I&#039;m In Love\" width=\"1000\" height=\"750\" src=\"https:\/\/www.youtube.com\/embed\/mGgMZpGYiy8?feature=oembed\" frameborder=\"0\" allow=\"accelerometer; autoplay; clipboard-write; encrypted-media; gyroscope; picture-in-picture; web-share\" referrerpolicy=\"strict-origin-when-cross-origin\" allowfullscreen><\/iframe>\n<\/div><figcaption>And when they play it, it's a party at Pal\u00e9o!<\/figcaption><\/figure>\n\n\n\n<p>The only downside to this year's Pal\u00e9o 2019 headliner, THE band to perform for two hours on the main stage: their lack - or rather, their absence - of communication with the audience. Smile at us sometimes, please! Talk to us a little. Okay, I'm being harsh: Robert Smith said <em>Thank you<\/em> twice, and Roger O'Donnell, who looks like a cute zombie, grinned for two and a half seconds when he got to do the circus with his keyboard. More than that, you didn't have to ask them. And that's a shame, because we all know that rock and pop are cultural cements that have long transcended linguistic borders. The Cure, whom I adore precisely because I don't think they're old-fashioned, but pioneering - yes, I do! -so forgive me for attacking their disgusting faces, for their strength that evening was precisely to make us love them anyway. Through their music alone. <\/p>\n\n\n\n<figure class=\"wp-block-embed-youtube wp-block-embed is-type-video is-provider-youtube wp-embed-aspect-4-3 wp-has-aspect-ratio\"><div class=\"wp-block-embed__wrapper\">\n<iframe title=\"The Cure - A Forest\" width=\"1000\" height=\"750\" src=\"https:\/\/www.youtube.com\/embed\/xik-y0xlpZ0?feature=oembed\" frameborder=\"0\" allow=\"accelerometer; autoplay; clipboard-write; encrypted-media; gyroscope; picture-in-picture; web-share\" referrerpolicy=\"strict-origin-when-cross-origin\" allowfullscreen><\/iframe>\n<\/div><figcaption>\u00abA forest\u00bb (1980), one of The Cure's first big hits. In particular, we hear the importance of the melodic bass notes that make the band's sound universe so distinctive.<\/figcaption><\/figure>\n\n\n\n<p><em>Write to the author: <a href=\"mailto:jonas.follonier@leregardlibre.com\">jonas.follonier@leregardlibre.com<\/a><\/em><\/p>\n\n\n\n<p>Photo credits: \u00a9 Pal\u00e9o \/ Nicolas Patault<\/p>\n\n\n<div data-block-name=\"woocommerce\/handpicked-products\" data-edit-mode=\"false\" data-orderby=\"price_asc\" data-products=\"[19241,17631]\" class=\"wc-block-grid wp-block-handpicked-products wp-block-woocommerce-handpicked-products wc-block-handpicked-products has-3-columns has-multiple-rows\"><ul class=\"wc-block-grid__products\"><li class=\"wc-block-grid__product\">\n\t\t\t\t<a href=\"https:\/\/leregardlibre.com\/en\/product\/le-regard-libre-abonnement-annuel-a-la-version-papier\/\" class=\"wc-block-grid__product-link\">\n\t\t\t\t\t\n\t\t\t\t\t<div class=\"wc-block-grid__product-image\"><img fetchpriority=\"high\" decoding=\"async\" width=\"300\" height=\"300\" src=\"https:\/\/leregardlibre.com\/wp-content\/uploads\/woocommerce-placeholder.webp\" class=\"woocommerce-placeholder wp-post-image\" alt=\"\" srcset=\"https:\/\/leregardlibre.com\/wp-content\/uploads\/woocommerce-placeholder.webp 1200w, https:\/\/leregardlibre.com\/wp-content\/uploads\/woocommerce-placeholder-300x300.webp 300w, https:\/\/leregardlibre.com\/wp-content\/uploads\/woocommerce-placeholder-1024x1024.webp 1024w, https:\/\/leregardlibre.com\/wp-content\/uploads\/woocommerce-placeholder-150x150.webp 150w, https:\/\/leregardlibre.com\/wp-content\/uploads\/woocommerce-placeholder-768x768.webp 768w, https:\/\/leregardlibre.com\/wp-content\/uploads\/woocommerce-placeholder-1170x1170.webp 1170w, https:\/\/leregardlibre.com\/wp-content\/uploads\/woocommerce-placeholder-585x585.webp 585w\" sizes=\"(max-width: 300px) 100vw, 300px\" \/><\/div>\n\t\t\t\t\t<div class=\"wc-block-grid__product-title\">Standard subscription (Switzerland)<\/div>\n\t\t\t\t<\/a>\n\t\t\t\t<div class=\"wc-block-grid__product-price price\"><span class=\"woocommerce-Price-amount amount\"><span class=\"woocommerce-Price-currencySymbol\">CHF<\/span>100.00<\/span> <span class=\"subscription-details\"> \/ year<\/span><\/div>\n\t\t\t\t\n\t\t\t\t<div class=\"wp-block-button wc-block-grid__product-add-to-cart\"><a href=\"\/en\/wp-json\/wp\/v2\/posts\/22742?add-to-cart=17631\" aria-label=\"Subscribe now: \u201cStandard subscription (Switzerland)\u201d.\u201d\" data-quantity=\"1\" data-product_id=\"17631\" data-product_sku=\"\" data-price=\"100\" rel=\"nofollow\" class=\"wp-block-button__link  add_to_cart_button ajax_add_to_cart\">Subscribe now<\/a><\/div>\n\t\t\t<\/li><li class=\"wc-block-grid__product\">\n\t\t\t\t<a href=\"https:\/\/leregardlibre.com\/en\/product\/support-subscription\/\" class=\"wc-block-grid__product-link\">\n\t\t\t\t\t\n\t\t\t\t\t<div class=\"wc-block-grid__product-image\"><img fetchpriority=\"high\" decoding=\"async\" width=\"300\" height=\"300\" src=\"https:\/\/leregardlibre.com\/wp-content\/uploads\/woocommerce-placeholder.webp\" class=\"woocommerce-placeholder wp-post-image\" alt=\"\" srcset=\"https:\/\/leregardlibre.com\/wp-content\/uploads\/woocommerce-placeholder.webp 1200w, https:\/\/leregardlibre.com\/wp-content\/uploads\/woocommerce-placeholder-300x300.webp 300w, https:\/\/leregardlibre.com\/wp-content\/uploads\/woocommerce-placeholder-1024x1024.webp 1024w, https:\/\/leregardlibre.com\/wp-content\/uploads\/woocommerce-placeholder-150x150.webp 150w, https:\/\/leregardlibre.com\/wp-content\/uploads\/woocommerce-placeholder-768x768.webp 768w, https:\/\/leregardlibre.com\/wp-content\/uploads\/woocommerce-placeholder-1170x1170.webp 1170w, https:\/\/leregardlibre.com\/wp-content\/uploads\/woocommerce-placeholder-585x585.webp 585w\" sizes=\"(max-width: 300px) 100vw, 300px\" \/><\/div>\n\t\t\t\t\t<div class=\"wc-block-grid__product-title\">Support subscription<\/div>\n\t\t\t\t<\/a>\n\t\t\t\t<div class=\"wc-block-grid__product-price price\"><span class=\"woocommerce-Price-amount amount\"><span class=\"woocommerce-Price-currencySymbol\">CHF<\/span>200.00<\/span> <span class=\"subscription-details\"> \/ year<\/span><\/div>\n\t\t\t\t\n\t\t\t\t<div class=\"wp-block-button wc-block-grid__product-add-to-cart\"><a href=\"https:\/\/leregardlibre.com\/en\/product\/support-subscription\/\" aria-label=\"Read more about \u201cSupport subscription\u201d\" data-quantity=\"1\" data-product_id=\"19241\" data-product_sku=\"\" data-price=\"200\" rel=\"nofollow\" class=\"wp-block-button__link  add_to_cart_button\">Read more<\/a><\/div>\n\t\t\t<\/li><\/ul><\/div>","protected":false},"excerpt":{"rendered":"<p>Specimen Robert Smith's half-teen, half-sado - and masochistic, needless to say - vocals are enough to keep this progressive rock journey constant, from the darkness of the latest albums to the pop of the nineties.<\/p>","protected":false},"author":138,"featured_media":510600,"comment_status":"open","ping_status":"open","sticky":false,"template":"","format":"standard","meta":{"_acf_changed":false,"footnotes":""},"categories":[6460],"tags":[29263,644342394,644342396,1433,644342436,644341835,116656],"class_list":["post-22742","post","type-post","status-publish","format-standard","has-post-thumbnail","hentry","category-musique","tag-festivals","tag-paleo","tag-paleo-2019","tag-rock","tag-rock-britannique","tag-rock-progressif","tag-the-cure"],"acf":[],"yoast_head":"<!-- This site is optimized with the Yoast SEO Premium plugin v27.4 (Yoast SEO v27.4) - https:\/\/yoast.com\/product\/yoast-seo-premium-wordpress\/ -->\n<title>On aime The Cure m\u00eame s&#039;ils sont laids et qu&#039;ils ne nous sourient pas<\/title>\n<meta name=\"robots\" content=\"index, follow, max-snippet:-1, max-image-preview:large, max-video-preview:-1\" \/>\n<link rel=\"canonical\" href=\"https:\/\/leregardlibre.com\/en\/music\/the-cure-we-love-them-even-if-theyre-ugly-and-dont-smile-at-us\/\" \/>\n<meta property=\"og:locale\" content=\"en_US\" \/>\n<meta property=\"og:type\" content=\"article\" \/>\n<meta property=\"og:title\" content=\"On aime The Cure m\u00eame s&#039;ils sont laids et qu&#039;ils ne nous sourient pas\" \/>\n<meta property=\"og:description\" content=\"Le chant mi-ado mi-sado \u2013 et maso, il va sans dire \u2013 du sp\u00e9cimen Robert Smith suffit \u00e0 assurer une constante \u00e0 ce voyage de rock progressif qui va de la noirceur des derniers albums \u00e0 la pop des nineties.\" \/>\n<meta property=\"og:url\" content=\"https:\/\/leregardlibre.com\/en\/music\/the-cure-we-love-them-even-if-theyre-ugly-and-dont-smile-at-us\/\" \/>\n<meta property=\"og:site_name\" content=\"Le Regard Libre\" \/>\n<meta property=\"article:publisher\" content=\"https:\/\/www.facebook.com\/leregardlibre\/\" \/>\n<meta property=\"article:author\" content=\"https:\/\/www.facebook.com\/jonas.follonier\/\" \/>\n<meta property=\"article:published_time\" content=\"2019-07-26T12:00:15+00:00\" \/>\n<meta property=\"article:modified_time\" content=\"2022-09-04T08:35:31+00:00\" \/>\n<meta property=\"og:image\" content=\"https:\/\/leregardlibre.com\/wp-content\/uploads\/2019\/07\/The_Cure_je25_nicolas_patault_10-1-1024x683.jpg\" \/>\n\t<meta property=\"og:image:width\" content=\"1024\" \/>\n\t<meta property=\"og:image:height\" content=\"683\" \/>\n\t<meta property=\"og:image:type\" content=\"image\/jpeg\" \/>\n<meta name=\"author\" content=\"Jonas Follonier\" \/>\n<meta name=\"twitter:card\" content=\"summary_large_image\" \/>\n<meta name=\"twitter:creator\" content=\"@LeRegardLibre\" \/>\n<meta name=\"twitter:site\" content=\"@LeRegardLibre\" \/>\n<meta name=\"twitter:label1\" content=\"Written by\" \/>\n\t<meta name=\"twitter:data1\" content=\"Jonas Follonier\" \/>\n\t<meta name=\"twitter:label2\" content=\"Est. reading time\" \/>\n\t<meta name=\"twitter:data2\" content=\"4 minutes\" \/>\n<script type=\"application\/ld+json\" class=\"yoast-schema-graph\">{\"@context\":\"https:\\\/\\\/schema.org\",\"@graph\":[{\"@type\":\"Article\",\"@id\":\"https:\\\/\\\/leregardlibre.com\\\/musique\\\/the-cure-on-les-aime-meme-sils-sont-moches-et-quils-ne-nous-sourient-pas\\\/#article\",\"isPartOf\":{\"@id\":\"https:\\\/\\\/leregardlibre.com\\\/musique\\\/the-cure-on-les-aime-meme-sils-sont-moches-et-quils-ne-nous-sourient-pas\\\/\"},\"author\":{\"name\":\"Jonas Follonier\",\"@id\":\"https:\\\/\\\/leregardlibre.com\\\/#\\\/schema\\\/person\\\/bfe5aa794a23be71485d60e2d93ec0d2\"},\"headline\":\"On aime The Cure m\u00eame s&#8217;ils sont laids et qu&#8217;ils ne nous sourient pas\",\"datePublished\":\"2019-07-26T12:00:15+00:00\",\"dateModified\":\"2022-09-04T08:35:31+00:00\",\"mainEntityOfPage\":{\"@id\":\"https:\\\/\\\/leregardlibre.com\\\/musique\\\/the-cure-on-les-aime-meme-sils-sont-moches-et-quils-ne-nous-sourient-pas\\\/\"},\"wordCount\":866,\"commentCount\":0,\"publisher\":{\"@id\":\"https:\\\/\\\/leregardlibre.com\\\/#organization\"},\"image\":{\"@id\":\"https:\\\/\\\/leregardlibre.com\\\/musique\\\/the-cure-on-les-aime-meme-sils-sont-moches-et-quils-ne-nous-sourient-pas\\\/#primaryimage\"},\"thumbnailUrl\":\"https:\\\/\\\/leregardlibre.com\\\/wp-content\\\/uploads\\\/2019\\\/07\\\/The_Cure_je25_nicolas_patault_10-1.jpg\",\"keywords\":[\"Festivals\",\"Pal\u00e9o\",\"Pal\u00e9o 2019\",\"Rock\",\"Rock britannique\",\"Rock progressif\",\"the cure\"],\"articleSection\":[\"Musique\"],\"inLanguage\":\"en-US\",\"potentialAction\":[{\"@type\":\"CommentAction\",\"name\":\"Comment\",\"target\":[\"https:\\\/\\\/leregardlibre.com\\\/musique\\\/the-cure-on-les-aime-meme-sils-sont-moches-et-quils-ne-nous-sourient-pas\\\/#respond\"]}]},{\"@type\":\"WebPage\",\"@id\":\"https:\\\/\\\/leregardlibre.com\\\/musique\\\/the-cure-on-les-aime-meme-sils-sont-moches-et-quils-ne-nous-sourient-pas\\\/\",\"url\":\"https:\\\/\\\/leregardlibre.com\\\/musique\\\/the-cure-on-les-aime-meme-sils-sont-moches-et-quils-ne-nous-sourient-pas\\\/\",\"name\":\"On aime The Cure m\u00eame s'ils sont laids et qu'ils ne nous sourient pas\",\"isPartOf\":{\"@id\":\"https:\\\/\\\/leregardlibre.com\\\/#website\"},\"primaryImageOfPage\":{\"@id\":\"https:\\\/\\\/leregardlibre.com\\\/musique\\\/the-cure-on-les-aime-meme-sils-sont-moches-et-quils-ne-nous-sourient-pas\\\/#primaryimage\"},\"image\":{\"@id\":\"https:\\\/\\\/leregardlibre.com\\\/musique\\\/the-cure-on-les-aime-meme-sils-sont-moches-et-quils-ne-nous-sourient-pas\\\/#primaryimage\"},\"thumbnailUrl\":\"https:\\\/\\\/leregardlibre.com\\\/wp-content\\\/uploads\\\/2019\\\/07\\\/The_Cure_je25_nicolas_patault_10-1.jpg\",\"datePublished\":\"2019-07-26T12:00:15+00:00\",\"dateModified\":\"2022-09-04T08:35:31+00:00\",\"breadcrumb\":{\"@id\":\"https:\\\/\\\/leregardlibre.com\\\/musique\\\/the-cure-on-les-aime-meme-sils-sont-moches-et-quils-ne-nous-sourient-pas\\\/#breadcrumb\"},\"inLanguage\":\"en-US\",\"potentialAction\":[{\"@type\":\"ReadAction\",\"target\":[\"https:\\\/\\\/leregardlibre.com\\\/musique\\\/the-cure-on-les-aime-meme-sils-sont-moches-et-quils-ne-nous-sourient-pas\\\/\"]}]},{\"@type\":\"ImageObject\",\"inLanguage\":\"en-US\",\"@id\":\"https:\\\/\\\/leregardlibre.com\\\/musique\\\/the-cure-on-les-aime-meme-sils-sont-moches-et-quils-ne-nous-sourient-pas\\\/#primaryimage\",\"url\":\"https:\\\/\\\/leregardlibre.com\\\/wp-content\\\/uploads\\\/2019\\\/07\\\/The_Cure_je25_nicolas_patault_10-1.jpg\",\"contentUrl\":\"https:\\\/\\\/leregardlibre.com\\\/wp-content\\\/uploads\\\/2019\\\/07\\\/The_Cure_je25_nicolas_patault_10-1.jpg\",\"width\":3872,\"height\":2581},{\"@type\":\"BreadcrumbList\",\"@id\":\"https:\\\/\\\/leregardlibre.com\\\/musique\\\/the-cure-on-les-aime-meme-sils-sont-moches-et-quils-ne-nous-sourient-pas\\\/#breadcrumb\",\"itemListElement\":[{\"@type\":\"ListItem\",\"position\":1,\"name\":\"Accueil\",\"item\":\"https:\\\/\\\/leregardlibre.com\\\/\"},{\"@type\":\"ListItem\",\"position\":2,\"name\":\"On aime The Cure m\u00eame s&#8217;ils sont laids et qu&#8217;ils ne nous sourient pas\"}]},{\"@type\":\"WebSite\",\"@id\":\"https:\\\/\\\/leregardlibre.com\\\/#website\",\"url\":\"https:\\\/\\\/leregardlibre.com\\\/\",\"name\":\"Le Regard Libre\",\"description\":\"Premier mensuel suisse de d\u00e9bat\",\"publisher\":{\"@id\":\"https:\\\/\\\/leregardlibre.com\\\/#organization\"},\"potentialAction\":[{\"@type\":\"SearchAction\",\"target\":{\"@type\":\"EntryPoint\",\"urlTemplate\":\"https:\\\/\\\/leregardlibre.com\\\/?s={search_term_string}\"},\"query-input\":{\"@type\":\"PropertyValueSpecification\",\"valueRequired\":true,\"valueName\":\"search_term_string\"}}],\"inLanguage\":\"en-US\"},{\"@type\":\"Organization\",\"@id\":\"https:\\\/\\\/leregardlibre.com\\\/#organization\",\"name\":\"Le Regard Libre\",\"url\":\"https:\\\/\\\/leregardlibre.com\\\/\",\"logo\":{\"@type\":\"ImageObject\",\"inLanguage\":\"en-US\",\"@id\":\"https:\\\/\\\/leregardlibre.com\\\/#\\\/schema\\\/logo\\\/image\\\/\",\"url\":\"https:\\\/\\\/leregardlibre.com\\\/wp-content\\\/uploads\\\/2025\\\/08\\\/logo-rl-icone-neg.jpeg\",\"contentUrl\":\"https:\\\/\\\/leregardlibre.com\\\/wp-content\\\/uploads\\\/2025\\\/08\\\/logo-rl-icone-neg.jpeg\",\"width\":557,\"height\":556,\"caption\":\"Le Regard Libre\"},\"image\":{\"@id\":\"https:\\\/\\\/leregardlibre.com\\\/#\\\/schema\\\/logo\\\/image\\\/\"},\"sameAs\":[\"https:\\\/\\\/www.facebook.com\\\/leregardlibre\\\/\",\"https:\\\/\\\/x.com\\\/LeRegardLibre\",\"https:\\\/\\\/www.linkedin.com\\\/company\\\/le-regard-libre\",\"https:\\\/\\\/www.instagram.com\\\/leregardlibre\\\/\",\"http:\\\/\\\/t.me\\\/leregardlibre\",\"https:\\\/\\\/youtube.com\\\/channel\\\/UC6HzGPomj1LsUmlz-sJtITQ\"],\"description\":\"Le Regard Libre est un mensuel suisse de d\u00e9bat intellectuel et culturel. Sa r\u00e9daction est jeune, b\u00e9n\u00e9vole, lib\u00e9rale et pluraliste. Le magazine para\u00eet en ligne et sous forme papier. Sa langue est le fran\u00e7ais.\",\"email\":\"redaction@leregardlibre.com\",\"legalName\":\"Le Regard Libre\",\"foundingDate\":\"2014-01-01\",\"numberOfEmployees\":{\"@type\":\"QuantitativeValue\",\"minValue\":\"11\",\"maxValue\":\"50\"},\"publishingPrinciples\":\"https:\\\/\\\/leregardlibre.com\\\/a-propos\\\/notre-manifeste\\\/\",\"ownershipFundingInfo\":\"https:\\\/\\\/leregardlibre.com\\\/mentions-legales\\\/\",\"actionableFeedbackPolicy\":\"https:\\\/\\\/leregardlibre.com\\\/conditions-generales-de-vente\\\/\"},{\"@type\":\"Person\",\"@id\":\"https:\\\/\\\/leregardlibre.com\\\/#\\\/schema\\\/person\\\/bfe5aa794a23be71485d60e2d93ec0d2\",\"name\":\"Jonas Follonier\",\"image\":{\"@type\":\"ImageObject\",\"inLanguage\":\"en-US\",\"@id\":\"https:\\\/\\\/secure.gravatar.com\\\/avatar\\\/602060b40f6a458420c2d140f49b6caea99152ce6704f2c332e5a0c5aad80303?s=96&d=identicon&r=g\",\"url\":\"https:\\\/\\\/secure.gravatar.com\\\/avatar\\\/602060b40f6a458420c2d140f49b6caea99152ce6704f2c332e5a0c5aad80303?s=96&d=identicon&r=g\",\"contentUrl\":\"https:\\\/\\\/secure.gravatar.com\\\/avatar\\\/602060b40f6a458420c2d140f49b6caea99152ce6704f2c332e5a0c5aad80303?s=96&d=identicon&r=g\",\"caption\":\"Jonas Follonier\"},\"description\":\"Correspondant au Palais f\u00e9d\u00e9ral pour \u00abL\u2019Agefi\u00bb, auteur-compositeur-interpr\u00e8te et essayiste, Jonas Follonier est le fondateur et r\u00e9dacteur en chef du \u00abRegard Libre\u00bb.\",\"sameAs\":[\"https:\\\/\\\/www.facebook.com\\\/jonas.follonier\\\/\",\"https:\\\/\\\/www.instagram.com\\\/jonasfollonier\\\/\",\"https:\\\/\\\/www.linkedin.com\\\/in\\\/jonasfollonier\\\/\",\"https:\\\/\\\/fr.wikipedia.org\\\/wiki\\\/Le_Regard_libre\"],\"url\":\"https:\\\/\\\/leregardlibre.com\\\/en\\\/author\\\/jonas-follonier\\\/\"}]}<\/script>\n<!-- \/ Yoast SEO Premium plugin. -->","yoast_head_json":{"title":"We love The Cure even if they're ugly and don't smile at us","robots":{"index":"index","follow":"follow","max-snippet":"max-snippet:-1","max-image-preview":"max-image-preview:large","max-video-preview":"max-video-preview:-1"},"canonical":"https:\/\/leregardlibre.com\/en\/music\/the-cure-we-love-them-even-if-theyre-ugly-and-dont-smile-at-us\/","og_locale":"en_US","og_type":"article","og_title":"On aime The Cure m\u00eame s'ils sont laids et qu'ils ne nous sourient pas","og_description":"Le chant mi-ado mi-sado \u2013 et maso, il va sans dire \u2013 du sp\u00e9cimen Robert Smith suffit \u00e0 assurer une constante \u00e0 ce voyage de rock progressif qui va de la noirceur des derniers albums \u00e0 la pop des nineties.","og_url":"https:\/\/leregardlibre.com\/en\/music\/the-cure-we-love-them-even-if-theyre-ugly-and-dont-smile-at-us\/","og_site_name":"Le Regard Libre","article_publisher":"https:\/\/www.facebook.com\/leregardlibre\/","article_author":"https:\/\/www.facebook.com\/jonas.follonier\/","article_published_time":"2019-07-26T12:00:15+00:00","article_modified_time":"2022-09-04T08:35:31+00:00","og_image":[{"width":1024,"height":683,"url":"https:\/\/leregardlibre.com\/wp-content\/uploads\/2019\/07\/The_Cure_je25_nicolas_patault_10-1-1024x683.jpg","type":"image\/jpeg"}],"author":"Jonas Follonier","twitter_card":"summary_large_image","twitter_creator":"@LeRegardLibre","twitter_site":"@LeRegardLibre","twitter_misc":{"Written by":"Jonas Follonier","Est. reading time":"4 minutes"},"schema":{"@context":"https:\/\/schema.org","@graph":[{"@type":"Article","@id":"https:\/\/leregardlibre.com\/musique\/the-cure-on-les-aime-meme-sils-sont-moches-et-quils-ne-nous-sourient-pas\/#article","isPartOf":{"@id":"https:\/\/leregardlibre.com\/musique\/the-cure-on-les-aime-meme-sils-sont-moches-et-quils-ne-nous-sourient-pas\/"},"author":{"name":"Jonas Follonier","@id":"https:\/\/leregardlibre.com\/#\/schema\/person\/bfe5aa794a23be71485d60e2d93ec0d2"},"headline":"On aime The Cure m\u00eame s&#8217;ils sont laids et qu&#8217;ils ne nous sourient pas","datePublished":"2019-07-26T12:00:15+00:00","dateModified":"2022-09-04T08:35:31+00:00","mainEntityOfPage":{"@id":"https:\/\/leregardlibre.com\/musique\/the-cure-on-les-aime-meme-sils-sont-moches-et-quils-ne-nous-sourient-pas\/"},"wordCount":866,"commentCount":0,"publisher":{"@id":"https:\/\/leregardlibre.com\/#organization"},"image":{"@id":"https:\/\/leregardlibre.com\/musique\/the-cure-on-les-aime-meme-sils-sont-moches-et-quils-ne-nous-sourient-pas\/#primaryimage"},"thumbnailUrl":"https:\/\/leregardlibre.com\/wp-content\/uploads\/2019\/07\/The_Cure_je25_nicolas_patault_10-1.jpg","keywords":["Festivals","Pal\u00e9o","Pal\u00e9o 2019","Rock","Rock britannique","Rock progressif","the cure"],"articleSection":["Musique"],"inLanguage":"en-US","potentialAction":[{"@type":"CommentAction","name":"Comment","target":["https:\/\/leregardlibre.com\/musique\/the-cure-on-les-aime-meme-sils-sont-moches-et-quils-ne-nous-sourient-pas\/#respond"]}]},{"@type":"WebPage","@id":"https:\/\/leregardlibre.com\/musique\/the-cure-on-les-aime-meme-sils-sont-moches-et-quils-ne-nous-sourient-pas\/","url":"https:\/\/leregardlibre.com\/musique\/the-cure-on-les-aime-meme-sils-sont-moches-et-quils-ne-nous-sourient-pas\/","name":"We love The Cure even if they're ugly and don't smile at us","isPartOf":{"@id":"https:\/\/leregardlibre.com\/#website"},"primaryImageOfPage":{"@id":"https:\/\/leregardlibre.com\/musique\/the-cure-on-les-aime-meme-sils-sont-moches-et-quils-ne-nous-sourient-pas\/#primaryimage"},"image":{"@id":"https:\/\/leregardlibre.com\/musique\/the-cure-on-les-aime-meme-sils-sont-moches-et-quils-ne-nous-sourient-pas\/#primaryimage"},"thumbnailUrl":"https:\/\/leregardlibre.com\/wp-content\/uploads\/2019\/07\/The_Cure_je25_nicolas_patault_10-1.jpg","datePublished":"2019-07-26T12:00:15+00:00","dateModified":"2022-09-04T08:35:31+00:00","breadcrumb":{"@id":"https:\/\/leregardlibre.com\/musique\/the-cure-on-les-aime-meme-sils-sont-moches-et-quils-ne-nous-sourient-pas\/#breadcrumb"},"inLanguage":"en-US","potentialAction":[{"@type":"ReadAction","target":["https:\/\/leregardlibre.com\/musique\/the-cure-on-les-aime-meme-sils-sont-moches-et-quils-ne-nous-sourient-pas\/"]}]},{"@type":"ImageObject","inLanguage":"en-US","@id":"https:\/\/leregardlibre.com\/musique\/the-cure-on-les-aime-meme-sils-sont-moches-et-quils-ne-nous-sourient-pas\/#primaryimage","url":"https:\/\/leregardlibre.com\/wp-content\/uploads\/2019\/07\/The_Cure_je25_nicolas_patault_10-1.jpg","contentUrl":"https:\/\/leregardlibre.com\/wp-content\/uploads\/2019\/07\/The_Cure_je25_nicolas_patault_10-1.jpg","width":3872,"height":2581},{"@type":"BreadcrumbList","@id":"https:\/\/leregardlibre.com\/musique\/the-cure-on-les-aime-meme-sils-sont-moches-et-quils-ne-nous-sourient-pas\/#breadcrumb","itemListElement":[{"@type":"ListItem","position":1,"name":"Accueil","item":"https:\/\/leregardlibre.com\/"},{"@type":"ListItem","position":2,"name":"On aime The Cure m\u00eame s&#8217;ils sont laids et qu&#8217;ils ne nous sourient pas"}]},{"@type":"WebSite","@id":"https:\/\/leregardlibre.com\/#website","url":"https:\/\/leregardlibre.com\/","name":"Le Regard Libre","description":"Switzerland's first monthly debate magazine","publisher":{"@id":"https:\/\/leregardlibre.com\/#organization"},"potentialAction":[{"@type":"SearchAction","target":{"@type":"EntryPoint","urlTemplate":"https:\/\/leregardlibre.com\/?s={search_term_string}"},"query-input":{"@type":"PropertyValueSpecification","valueRequired":true,"valueName":"search_term_string"}}],"inLanguage":"en-US"},{"@type":"Organization","@id":"https:\/\/leregardlibre.com\/#organization","name":"Le Regard Libre","url":"https:\/\/leregardlibre.com\/","logo":{"@type":"ImageObject","inLanguage":"en-US","@id":"https:\/\/leregardlibre.com\/#\/schema\/logo\/image\/","url":"https:\/\/leregardlibre.com\/wp-content\/uploads\/2025\/08\/logo-rl-icone-neg.jpeg","contentUrl":"https:\/\/leregardlibre.com\/wp-content\/uploads\/2025\/08\/logo-rl-icone-neg.jpeg","width":557,"height":556,"caption":"Le Regard Libre"},"image":{"@id":"https:\/\/leregardlibre.com\/#\/schema\/logo\/image\/"},"sameAs":["https:\/\/www.facebook.com\/leregardlibre\/","https:\/\/x.com\/LeRegardLibre","https:\/\/www.linkedin.com\/company\/le-regard-libre","https:\/\/www.instagram.com\/leregardlibre\/","http:\/\/t.me\/leregardlibre","https:\/\/youtube.com\/channel\/UC6HzGPomj1LsUmlz-sJtITQ"],"description":"Le Regard Libre is a Swiss monthly magazine for intellectual and cultural debate. Its editorial team is young, voluntary, liberal and pluralist. The magazine appears online and in print. Its language is French.","email":"redaction@leregardlibre.com","legalName":"Le Regard Libre","foundingDate":"2014-01-01","numberOfEmployees":{"@type":"QuantitativeValue","minValue":"11","maxValue":"50"},"publishingPrinciples":"https:\/\/leregardlibre.com\/a-propos\/notre-manifeste\/","ownershipFundingInfo":"https:\/\/leregardlibre.com\/mentions-legales\/","actionableFeedbackPolicy":"https:\/\/leregardlibre.com\/conditions-generales-de-vente\/"},{"@type":"Person","@id":"https:\/\/leregardlibre.com\/#\/schema\/person\/bfe5aa794a23be71485d60e2d93ec0d2","name":"Jonas Follonier","image":{"@type":"ImageObject","inLanguage":"en-US","@id":"https:\/\/secure.gravatar.com\/avatar\/602060b40f6a458420c2d140f49b6caea99152ce6704f2c332e5a0c5aad80303?s=96&d=identicon&r=g","url":"https:\/\/secure.gravatar.com\/avatar\/602060b40f6a458420c2d140f49b6caea99152ce6704f2c332e5a0c5aad80303?s=96&d=identicon&r=g","contentUrl":"https:\/\/secure.gravatar.com\/avatar\/602060b40f6a458420c2d140f49b6caea99152ce6704f2c332e5a0c5aad80303?s=96&d=identicon&r=g","caption":"Jonas Follonier"},"description":"Federal Palace correspondent for \u00abL'Agefi\u00bb, singer-songwriter Jonas Follonier is the founder and editor-in-chief of \u00abRegard Libre\u00bb.","sameAs":["https:\/\/www.facebook.com\/jonas.follonier\/","https:\/\/www.instagram.com\/jonasfollonier\/","https:\/\/www.linkedin.com\/in\/jonasfollonier\/","https:\/\/fr.wikipedia.org\/wiki\/Le_Regard_libre"],"url":"https:\/\/leregardlibre.com\/en\/author\/jonas-follonier\/"}]}},"_links":{"self":[{"href":"https:\/\/leregardlibre.com\/en\/wp-json\/wp\/v2\/posts\/22742","targetHints":{"allow":["GET"]}}],"collection":[{"href":"https:\/\/leregardlibre.com\/en\/wp-json\/wp\/v2\/posts"}],"about":[{"href":"https:\/\/leregardlibre.com\/en\/wp-json\/wp\/v2\/types\/post"}],"author":[{"embeddable":true,"href":"https:\/\/leregardlibre.com\/en\/wp-json\/wp\/v2\/users\/138"}],"replies":[{"embeddable":true,"href":"https:\/\/leregardlibre.com\/en\/wp-json\/wp\/v2\/comments?post=22742"}],"version-history":[{"count":1,"href":"https:\/\/leregardlibre.com\/en\/wp-json\/wp\/v2\/posts\/22742\/revisions"}],"predecessor-version":[{"id":510599,"href":"https:\/\/leregardlibre.com\/en\/wp-json\/wp\/v2\/posts\/22742\/revisions\/510599"}],"wp:featuredmedia":[{"embeddable":true,"href":"https:\/\/leregardlibre.com\/en\/wp-json\/wp\/v2\/media\/510600"}],"wp:attachment":[{"href":"https:\/\/leregardlibre.com\/en\/wp-json\/wp\/v2\/media?parent=22742"}],"wp:term":[{"taxonomy":"category","embeddable":true,"href":"https:\/\/leregardlibre.com\/en\/wp-json\/wp\/v2\/categories?post=22742"},{"taxonomy":"post_tag","embeddable":true,"href":"https:\/\/leregardlibre.com\/en\/wp-json\/wp\/v2\/tags?post=22742"}],"curies":[{"name":"wp","href":"https:\/\/api.w.org\/{rel}","templated":true}]}}