{"id":25736,"date":"2019-10-04T17:00:15","date_gmt":"2019-10-04T15:00:15","guid":{"rendered":"https:\/\/leregardlibre.com\/?p=25736"},"modified":"2022-09-04T10:35:48","modified_gmt":"2022-09-04T08:35:48","slug":"le-festymalt-a-souffle-sa-quatrieme-bougie","status":"publish","type":"post","link":"https:\/\/leregardlibre.com\/en\/gastronomy\/le-festymalt-a-souffle-sa-quatrieme-bougie\/","title":{"rendered":"FestYmalt blows out its fourth candle"},"content":{"rendered":"<p><em>Microbrewery Fridays - Max Moeschler<\/em><\/p>\n\n\n\n<p class=\"has-drop-cap\"><strong>Since its inception in 2016, the Yverdon-based FestYmalt association has worked tirelessly to promote the Swiss brewing scene, with the ambition of delighting both confirmed enthusiasts and curious neophytes alike <\/strong><em><strong>\u00abwho, after this day, will never drink a beer in the same way again\u00bb.\u00bb<\/strong><\/em><strong>, announced the organizers. Here's a look back at the 2019 edition.<\/strong><\/p>\n\n\n\n<!--more Lire la chronique-->\n\n\n\n<p>En ce bel apr\u00e8s-midi du samedi 21\nseptembre, tous les \u00e9l\u00e9ments semblent converger vers la r\u00e9ussite de cette tr\u00e8s\nattendue cuv\u00e9e 2019: la m\u00e9t\u00e9o est cl\u00e9mente, et la bonne humeur au rendez-vous\npendant que connaisseurs et fl\u00e2neurs convergent vers le kiosque \u00e0 musique, o\u00f9 les\nattend le tant convoit\u00e9 breuvage. Les tests sonores d\u2019un groupe rock \u00e9manant de\nla sc\u00e8ne pr\u00e9alablement mont\u00e9e accompagnent ce joyeux cort\u00e8ge, et pr\u00e9sagent d\u00e9j\u00e0\nle meilleur pour la suite.<\/p>\n\n\n\n<p>Ce quatri\u00e8me anniversaire est aussi l\u2019occasion de voir plus grand: le festival a en effet chang\u00e9 de lieu en prenant ses quartiers au jardin du th\u00e9\u00e2tre Benno Besson, afin d\u2019offrir une meilleure accessibilit\u00e9 et de favoriser la venue d\u2019un public plus large. Et force est de constater que le pari est r\u00e9ussi: les lieux sont agr\u00e9ables et l\u2019ambiance y est chaleureuse et conviviale. Rien n\u2019est laiss\u00e9 au hasard: une sc\u00e8ne accueille des animations musicales d\u00e8s l\u2019apr\u00e8s-midi, des robinets permettant de rincer son verre sont install\u00e9s, et un fumet app\u00e9tissant annonce la pr\u00e9sence des incontournables <em>food-trucks<\/em>.<\/p>\n\n\n\n<p style=\"color:#1d296c\" class=\"has-text-color\"><strong>Read also: <\/strong><a href=\"https:\/\/leregardlibre.com\/en\/2018\/07\/20\/au-coeur-de-la-premiere-sour-ale-congregation-a-saignelegier\/\"><strong>At the heart of the first Sour Ale Congregation in Saignel\u00e9gier<\/strong><\/a><\/p>\n\n\n\n<p>Quant aux brasseries invit\u00e9es, elles sont au nombre de treize, viennent de (presque) toute la Suisse et ont de quoi faire tourner la t\u00eate \u00e0 tout bi\u00e8rophile qui se respecte: la vari\u00e9t\u00e9 des bi\u00e8res propos\u00e9es \u00e0 la d\u00e9gustation est impressionnante, et leur nombre beaucoup trop \u00e9lev\u00e9 pour un foie normalement constitu\u00e9. Les bi\u00e8res sp\u00e9ciales, cuv\u00e9es limit\u00e9es et autres fantaisies houblonn\u00e9es sont ici particuli\u00e8rement mises \u00e0 l\u2019honneur, bien qu\u2019il y en ait \u00e9videmment pour tous les go\u00fbts. Des versions revisit\u00e9es des traditionnelles blondes, blanches, brunes et autres ambr\u00e9es aux <em>pales ales<\/em> les plus exp\u00e9rimentales en passant par les puissantes <em>stouts<\/em> et les \u00e9tonnantes bi\u00e8res acides, il est plus ais\u00e9 de s\u2019y perdre que de ne pas y trouver son bonheur.<\/p>\n\n\n\n<p>De cette journ\u00e9e remplie de surprises, de bonne humeur et relev\u00e9e par un soup\u00e7on d\u2019exc\u00e8s, on retiendra tout particuli\u00e8rement la New England IPA de la brasserie Dystopian Brewing, v\u00e9ritable bombe de fruit et de houblon, la tr\u00e8s surprenante Sour de la brasserie Sirius Beer et l\u2019impressionnante Albinos, une <em>white stout<\/em> unique concoct\u00e9e par la <a href=\"https:\/\/leregardlibre.com\/en\/2018\/05\/25\/la-brasserie-du-dzo-une-perle-houblonnee-au-coeur-du-terroir-fribourgeois\/\">Brasserie du Dz\u00f4<\/a>. De quoi bien dig\u00e9rer et se r\u00e9jouir des surprises r\u00e9serv\u00e9es par la prochaine \u00e9dition.<\/p>\n\n\n\n<p><em>Write to the author: <a href=\"mailto:max.moeschler@leregardlibre.com\">max.moeschler@leregardlibre.com<\/a><\/em><\/p>\n\n\n\n<p>Cr\u00e9dit photo: \u00a9\ufe0f FestYmalt<\/p>\n\n\n<div data-block-name=\"woocommerce\/handpicked-products\" data-columns=\"2\" data-edit-mode=\"false\" data-orderby=\"price_asc\" data-products=\"[17631,19241]\" class=\"wc-block-grid wp-block-handpicked-products wp-block-woocommerce-handpicked-products wc-block-handpicked-products has-2-columns has-multiple-rows\"><ul class=\"wc-block-grid__products\"><li class=\"wc-block-grid__product\">\n\t\t\t\t<a href=\"https:\/\/leregardlibre.com\/en\/product\/le-regard-libre-abonnement-annuel-a-la-version-papier\/\" class=\"wc-block-grid__product-link\">\n\t\t\t\t\t\n\t\t\t\t\t<div class=\"wc-block-grid__product-image\"><img fetchpriority=\"high\" decoding=\"async\" width=\"300\" height=\"300\" src=\"https:\/\/leregardlibre.com\/wp-content\/uploads\/woocommerce-placeholder.webp\" class=\"woocommerce-placeholder wp-post-image\" alt=\"\" srcset=\"https:\/\/leregardlibre.com\/wp-content\/uploads\/woocommerce-placeholder.webp 1200w, https:\/\/leregardlibre.com\/wp-content\/uploads\/woocommerce-placeholder-300x300.webp 300w, https:\/\/leregardlibre.com\/wp-content\/uploads\/woocommerce-placeholder-1024x1024.webp 1024w, https:\/\/leregardlibre.com\/wp-content\/uploads\/woocommerce-placeholder-150x150.webp 150w, https:\/\/leregardlibre.com\/wp-content\/uploads\/woocommerce-placeholder-768x768.webp 768w, https:\/\/leregardlibre.com\/wp-content\/uploads\/woocommerce-placeholder-1170x1170.webp 1170w, https:\/\/leregardlibre.com\/wp-content\/uploads\/woocommerce-placeholder-585x585.webp 585w\" sizes=\"(max-width: 300px) 100vw, 300px\" \/><\/div>\n\t\t\t\t\t<div class=\"wc-block-grid__product-title\">Standard subscription (Switzerland)<\/div>\n\t\t\t\t<\/a>\n\t\t\t\t<div class=\"wc-block-grid__product-price price\"><span class=\"woocommerce-Price-amount amount\"><span class=\"woocommerce-Price-currencySymbol\">CHF<\/span>100.00<\/span> <span class=\"subscription-details\"> \/ year<\/span><\/div>\n\t\t\t\t\n\t\t\t\t<div class=\"wp-block-button wc-block-grid__product-add-to-cart\"><a href=\"\/en\/wp-json\/wp\/v2\/posts\/25736?add-to-cart=17631\" aria-label=\"Subscribe now: \u201cStandard subscription (Switzerland)\u201d.\u201d\" data-quantity=\"1\" data-product_id=\"17631\" data-product_sku=\"\" data-price=\"100\" rel=\"nofollow\" class=\"wp-block-button__link  add_to_cart_button ajax_add_to_cart\">Subscribe now<\/a><\/div>\n\t\t\t<\/li><li class=\"wc-block-grid__product\">\n\t\t\t\t<a href=\"https:\/\/leregardlibre.com\/en\/product\/support-subscription\/\" class=\"wc-block-grid__product-link\">\n\t\t\t\t\t\n\t\t\t\t\t<div class=\"wc-block-grid__product-image\"><img fetchpriority=\"high\" decoding=\"async\" width=\"300\" height=\"300\" src=\"https:\/\/leregardlibre.com\/wp-content\/uploads\/woocommerce-placeholder.webp\" class=\"woocommerce-placeholder wp-post-image\" alt=\"\" srcset=\"https:\/\/leregardlibre.com\/wp-content\/uploads\/woocommerce-placeholder.webp 1200w, https:\/\/leregardlibre.com\/wp-content\/uploads\/woocommerce-placeholder-300x300.webp 300w, https:\/\/leregardlibre.com\/wp-content\/uploads\/woocommerce-placeholder-1024x1024.webp 1024w, https:\/\/leregardlibre.com\/wp-content\/uploads\/woocommerce-placeholder-150x150.webp 150w, https:\/\/leregardlibre.com\/wp-content\/uploads\/woocommerce-placeholder-768x768.webp 768w, https:\/\/leregardlibre.com\/wp-content\/uploads\/woocommerce-placeholder-1170x1170.webp 1170w, https:\/\/leregardlibre.com\/wp-content\/uploads\/woocommerce-placeholder-585x585.webp 585w\" sizes=\"(max-width: 300px) 100vw, 300px\" \/><\/div>\n\t\t\t\t\t<div class=\"wc-block-grid__product-title\">Support subscription<\/div>\n\t\t\t\t<\/a>\n\t\t\t\t<div class=\"wc-block-grid__product-price price\"><span class=\"woocommerce-Price-amount amount\"><span class=\"woocommerce-Price-currencySymbol\">CHF<\/span>200.00<\/span> <span class=\"subscription-details\"> \/ year<\/span><\/div>\n\t\t\t\t\n\t\t\t\t<div class=\"wp-block-button wc-block-grid__product-add-to-cart\"><a href=\"https:\/\/leregardlibre.com\/en\/product\/support-subscription\/\" aria-label=\"Read more about \u201cSupport subscription\u201d\" data-quantity=\"1\" data-product_id=\"19241\" data-product_sku=\"\" data-price=\"200\" rel=\"nofollow\" class=\"wp-block-button__link  add_to_cart_button\">Read more<\/a><\/div>\n\t\t\t<\/li><\/ul><\/div>","protected":false},"excerpt":{"rendered":"<p>Since its inception in 2016, the Yverdon-based FestYmalt association has never ceased to promote the Swiss brewing scene, with the ambition of delighting both confirmed enthusiasts and curious neophytes \u00abwho, after this day, will never drink a beer in the same way again\u00bb, announce the organizers. Here's a look back at the 2019 edition.<\/p>","protected":false},"author":100,"featured_media":25744,"comment_status":"open","ping_status":"open","sticky":false,"template":"","format":"standard","meta":{"_acf_changed":false,"footnotes":""},"categories":[42546],"tags":[241857,3079770,2821424,644342974,644342975,644342977,644342976],"class_list":["post-25736","post","type-post","status-publish","format-standard","has-post-thumbnail","hentry","category-gastronomie","tag-biere","tag-biere-artisanale","tag-brasserie-artisanale","tag-dystopian-brewing","tag-england-ipa","tag-sirius-beer","tag-sour"],"acf":[],"yoast_head":"<!-- This site is optimized with the Yoast SEO Premium plugin v27.4 (Yoast SEO v27.4) - https:\/\/yoast.com\/product\/yoast-seo-premium-wordpress\/ -->\n<title>Le FestYmalt a souffl\u00e9 sa quatri\u00e8me bougie<\/title>\n<meta name=\"robots\" content=\"index, follow, max-snippet:-1, max-image-preview:large, max-video-preview:-1\" \/>\n<link rel=\"canonical\" href=\"https:\/\/leregardlibre.com\/en\/gastronomy\/le-festymalt-a-souffle-sa-quatrieme-bougie\/\" \/>\n<meta property=\"og:locale\" content=\"en_US\" \/>\n<meta property=\"og:type\" content=\"article\" \/>\n<meta property=\"og:title\" content=\"Le FestYmalt a souffl\u00e9 sa quatri\u00e8me bougie\" \/>\n<meta property=\"og:description\" content=\"Depuis ses d\u00e9buts en 2016, l\u2019association FestYmalt, bas\u00e9e \u00e0 Yverdon, n\u2019a eu de cesse de promouvoir la sc\u00e8ne brassicole suisse, avec l\u2019ambition de combler aussi bien les amateurs confirm\u00e9s que les n\u00e9ophytes curieux \u00abqui, apr\u00e8s cette journ\u00e9e, ne boiront plus jamais une bi\u00e8re de la m\u00eame fa\u00e7on\u00bb, annoncent les organisateurs. Retour sur une \u00e9dition 2019 des plus savoureuses.\" \/>\n<meta property=\"og:url\" content=\"https:\/\/leregardlibre.com\/en\/gastronomy\/le-festymalt-a-souffle-sa-quatrieme-bougie\/\" \/>\n<meta property=\"og:site_name\" content=\"Le Regard Libre\" \/>\n<meta property=\"article:publisher\" content=\"https:\/\/www.facebook.com\/leregardlibre\/\" \/>\n<meta property=\"article:published_time\" content=\"2019-10-04T15:00:15+00:00\" \/>\n<meta property=\"article:modified_time\" content=\"2022-09-04T08:35:48+00:00\" \/>\n<meta property=\"og:image\" content=\"https:\/\/leregardlibre.com\/wp-content\/uploads\/2019\/10\/FestYmalt.jpeg\" \/>\n\t<meta property=\"og:image:width\" content=\"2048\" \/>\n\t<meta property=\"og:image:height\" content=\"1501\" \/>\n\t<meta property=\"og:image:type\" content=\"image\/jpeg\" \/>\n<meta name=\"author\" content=\"Max Moeschler\" \/>\n<meta name=\"twitter:card\" content=\"summary_large_image\" \/>\n<meta name=\"twitter:creator\" content=\"@LeRegardLibre\" \/>\n<meta name=\"twitter:site\" content=\"@LeRegardLibre\" \/>\n<meta name=\"twitter:label1\" content=\"Written by\" \/>\n\t<meta name=\"twitter:data1\" content=\"Max Moeschler\" \/>\n\t<meta name=\"twitter:label2\" content=\"Est. reading time\" \/>\n\t<meta name=\"twitter:data2\" content=\"3 minutes\" \/>\n<script type=\"application\/ld+json\" class=\"yoast-schema-graph\">{\"@context\":\"https:\\\/\\\/schema.org\",\"@graph\":[{\"@type\":\"Article\",\"@id\":\"https:\\\/\\\/leregardlibre.com\\\/gastronomie\\\/le-festymalt-a-souffle-sa-quatrieme-bougie\\\/#article\",\"isPartOf\":{\"@id\":\"https:\\\/\\\/leregardlibre.com\\\/gastronomie\\\/le-festymalt-a-souffle-sa-quatrieme-bougie\\\/\"},\"author\":{\"name\":\"Max Moeschler\",\"@id\":\"https:\\\/\\\/leregardlibre.com\\\/#\\\/schema\\\/person\\\/439e8d2dc64266e912da6f674b0b2c4b\"},\"headline\":\"Le FestYmalt a souffl\u00e9 sa quatri\u00e8me bougie\",\"datePublished\":\"2019-10-04T15:00:15+00:00\",\"dateModified\":\"2022-09-04T08:35:48+00:00\",\"mainEntityOfPage\":{\"@id\":\"https:\\\/\\\/leregardlibre.com\\\/gastronomie\\\/le-festymalt-a-souffle-sa-quatrieme-bougie\\\/\"},\"wordCount\":530,\"commentCount\":0,\"publisher\":{\"@id\":\"https:\\\/\\\/leregardlibre.com\\\/#organization\"},\"image\":{\"@id\":\"https:\\\/\\\/leregardlibre.com\\\/gastronomie\\\/le-festymalt-a-souffle-sa-quatrieme-bougie\\\/#primaryimage\"},\"thumbnailUrl\":\"https:\\\/\\\/leregardlibre.com\\\/wp-content\\\/uploads\\\/2019\\\/10\\\/FestYmalt.jpeg\",\"keywords\":[\"Bi\u00e8re\",\"Bi\u00e8re artisanale\",\"Brasseries artisanales\",\"dystopian brewing\",\"england ipa\",\"sirius beer\",\"sour\"],\"articleSection\":[\"Gastronomie\"],\"inLanguage\":\"en-US\",\"potentialAction\":[{\"@type\":\"CommentAction\",\"name\":\"Comment\",\"target\":[\"https:\\\/\\\/leregardlibre.com\\\/gastronomie\\\/le-festymalt-a-souffle-sa-quatrieme-bougie\\\/#respond\"]}]},{\"@type\":\"WebPage\",\"@id\":\"https:\\\/\\\/leregardlibre.com\\\/gastronomie\\\/le-festymalt-a-souffle-sa-quatrieme-bougie\\\/\",\"url\":\"https:\\\/\\\/leregardlibre.com\\\/gastronomie\\\/le-festymalt-a-souffle-sa-quatrieme-bougie\\\/\",\"name\":\"Le FestYmalt a souffl\u00e9 sa quatri\u00e8me bougie\",\"isPartOf\":{\"@id\":\"https:\\\/\\\/leregardlibre.com\\\/#website\"},\"primaryImageOfPage\":{\"@id\":\"https:\\\/\\\/leregardlibre.com\\\/gastronomie\\\/le-festymalt-a-souffle-sa-quatrieme-bougie\\\/#primaryimage\"},\"image\":{\"@id\":\"https:\\\/\\\/leregardlibre.com\\\/gastronomie\\\/le-festymalt-a-souffle-sa-quatrieme-bougie\\\/#primaryimage\"},\"thumbnailUrl\":\"https:\\\/\\\/leregardlibre.com\\\/wp-content\\\/uploads\\\/2019\\\/10\\\/FestYmalt.jpeg\",\"datePublished\":\"2019-10-04T15:00:15+00:00\",\"dateModified\":\"2022-09-04T08:35:48+00:00\",\"breadcrumb\":{\"@id\":\"https:\\\/\\\/leregardlibre.com\\\/gastronomie\\\/le-festymalt-a-souffle-sa-quatrieme-bougie\\\/#breadcrumb\"},\"inLanguage\":\"en-US\",\"potentialAction\":[{\"@type\":\"ReadAction\",\"target\":[\"https:\\\/\\\/leregardlibre.com\\\/gastronomie\\\/le-festymalt-a-souffle-sa-quatrieme-bougie\\\/\"]}]},{\"@type\":\"ImageObject\",\"inLanguage\":\"en-US\",\"@id\":\"https:\\\/\\\/leregardlibre.com\\\/gastronomie\\\/le-festymalt-a-souffle-sa-quatrieme-bougie\\\/#primaryimage\",\"url\":\"https:\\\/\\\/leregardlibre.com\\\/wp-content\\\/uploads\\\/2019\\\/10\\\/FestYmalt.jpeg\",\"contentUrl\":\"https:\\\/\\\/leregardlibre.com\\\/wp-content\\\/uploads\\\/2019\\\/10\\\/FestYmalt.jpeg\",\"width\":2048,\"height\":1501},{\"@type\":\"BreadcrumbList\",\"@id\":\"https:\\\/\\\/leregardlibre.com\\\/gastronomie\\\/le-festymalt-a-souffle-sa-quatrieme-bougie\\\/#breadcrumb\",\"itemListElement\":[{\"@type\":\"ListItem\",\"position\":1,\"name\":\"Accueil\",\"item\":\"https:\\\/\\\/leregardlibre.com\\\/\"},{\"@type\":\"ListItem\",\"position\":2,\"name\":\"Le FestYmalt a souffl\u00e9 sa quatri\u00e8me bougie\"}]},{\"@type\":\"WebSite\",\"@id\":\"https:\\\/\\\/leregardlibre.com\\\/#website\",\"url\":\"https:\\\/\\\/leregardlibre.com\\\/\",\"name\":\"Le Regard Libre\",\"description\":\"Premier mensuel suisse de d\u00e9bat\",\"publisher\":{\"@id\":\"https:\\\/\\\/leregardlibre.com\\\/#organization\"},\"potentialAction\":[{\"@type\":\"SearchAction\",\"target\":{\"@type\":\"EntryPoint\",\"urlTemplate\":\"https:\\\/\\\/leregardlibre.com\\\/?s={search_term_string}\"},\"query-input\":{\"@type\":\"PropertyValueSpecification\",\"valueRequired\":true,\"valueName\":\"search_term_string\"}}],\"inLanguage\":\"en-US\"},{\"@type\":\"Organization\",\"@id\":\"https:\\\/\\\/leregardlibre.com\\\/#organization\",\"name\":\"Le Regard Libre\",\"url\":\"https:\\\/\\\/leregardlibre.com\\\/\",\"logo\":{\"@type\":\"ImageObject\",\"inLanguage\":\"en-US\",\"@id\":\"https:\\\/\\\/leregardlibre.com\\\/#\\\/schema\\\/logo\\\/image\\\/\",\"url\":\"https:\\\/\\\/leregardlibre.com\\\/wp-content\\\/uploads\\\/2025\\\/08\\\/logo-rl-icone-neg.jpeg\",\"contentUrl\":\"https:\\\/\\\/leregardlibre.com\\\/wp-content\\\/uploads\\\/2025\\\/08\\\/logo-rl-icone-neg.jpeg\",\"width\":557,\"height\":556,\"caption\":\"Le Regard Libre\"},\"image\":{\"@id\":\"https:\\\/\\\/leregardlibre.com\\\/#\\\/schema\\\/logo\\\/image\\\/\"},\"sameAs\":[\"https:\\\/\\\/www.facebook.com\\\/leregardlibre\\\/\",\"https:\\\/\\\/x.com\\\/LeRegardLibre\",\"https:\\\/\\\/www.linkedin.com\\\/company\\\/le-regard-libre\",\"https:\\\/\\\/www.instagram.com\\\/leregardlibre\\\/\",\"http:\\\/\\\/t.me\\\/leregardlibre\",\"https:\\\/\\\/youtube.com\\\/channel\\\/UC6HzGPomj1LsUmlz-sJtITQ\"],\"description\":\"Le Regard Libre est un mensuel suisse de d\u00e9bat intellectuel et culturel. Sa r\u00e9daction est jeune, b\u00e9n\u00e9vole, lib\u00e9rale et pluraliste. Le magazine para\u00eet en ligne et sous forme papier. Sa langue est le fran\u00e7ais.\",\"email\":\"redaction@leregardlibre.com\",\"legalName\":\"Le Regard Libre\",\"foundingDate\":\"2014-01-01\",\"numberOfEmployees\":{\"@type\":\"QuantitativeValue\",\"minValue\":\"11\",\"maxValue\":\"50\"},\"publishingPrinciples\":\"https:\\\/\\\/leregardlibre.com\\\/a-propos\\\/notre-manifeste\\\/\",\"ownershipFundingInfo\":\"https:\\\/\\\/leregardlibre.com\\\/mentions-legales\\\/\",\"actionableFeedbackPolicy\":\"https:\\\/\\\/leregardlibre.com\\\/conditions-generales-de-vente\\\/\"},{\"@type\":\"Person\",\"@id\":\"https:\\\/\\\/leregardlibre.com\\\/#\\\/schema\\\/person\\\/439e8d2dc64266e912da6f674b0b2c4b\",\"name\":\"Max Moeschler\",\"image\":{\"@type\":\"ImageObject\",\"inLanguage\":\"en-US\",\"@id\":\"https:\\\/\\\/secure.gravatar.com\\\/avatar\\\/a68b78ce98e86136d3956bc6f17e4879a7897c9744bef17da17a56ef38a02555?s=96&d=identicon&r=g\",\"url\":\"https:\\\/\\\/secure.gravatar.com\\\/avatar\\\/a68b78ce98e86136d3956bc6f17e4879a7897c9744bef17da17a56ef38a02555?s=96&d=identicon&r=g\",\"contentUrl\":\"https:\\\/\\\/secure.gravatar.com\\\/avatar\\\/a68b78ce98e86136d3956bc6f17e4879a7897c9744bef17da17a56ef38a02555?s=96&d=identicon&r=g\",\"caption\":\"Max Moeschler\"},\"sameAs\":[\"https:\\\/\\\/leregardlibre.com\\\/\",\"https:\\\/\\\/fr.wikipedia.org\\\/wiki\\\/Le_Regard_libre\"],\"url\":\"https:\\\/\\\/leregardlibre.com\\\/en\\\/author\\\/max-moeschler\\\/\"}]}<\/script>\n<!-- \/ Yoast SEO Premium plugin. -->","yoast_head_json":{"title":"FestYmalt blows out its fourth candle","robots":{"index":"index","follow":"follow","max-snippet":"max-snippet:-1","max-image-preview":"max-image-preview:large","max-video-preview":"max-video-preview:-1"},"canonical":"https:\/\/leregardlibre.com\/en\/gastronomy\/le-festymalt-a-souffle-sa-quatrieme-bougie\/","og_locale":"en_US","og_type":"article","og_title":"Le FestYmalt a souffl\u00e9 sa quatri\u00e8me bougie","og_description":"Depuis ses d\u00e9buts en 2016, l\u2019association FestYmalt, bas\u00e9e \u00e0 Yverdon, n\u2019a eu de cesse de promouvoir la sc\u00e8ne brassicole suisse, avec l\u2019ambition de combler aussi bien les amateurs confirm\u00e9s que les n\u00e9ophytes curieux \u00abqui, apr\u00e8s cette journ\u00e9e, ne boiront plus jamais une bi\u00e8re de la m\u00eame fa\u00e7on\u00bb, annoncent les organisateurs. Retour sur une \u00e9dition 2019 des plus savoureuses.","og_url":"https:\/\/leregardlibre.com\/en\/gastronomy\/le-festymalt-a-souffle-sa-quatrieme-bougie\/","og_site_name":"Le Regard Libre","article_publisher":"https:\/\/www.facebook.com\/leregardlibre\/","article_published_time":"2019-10-04T15:00:15+00:00","article_modified_time":"2022-09-04T08:35:48+00:00","og_image":[{"width":2048,"height":1501,"url":"https:\/\/leregardlibre.com\/wp-content\/uploads\/2019\/10\/FestYmalt.jpeg","type":"image\/jpeg"}],"author":"Max Moeschler","twitter_card":"summary_large_image","twitter_creator":"@LeRegardLibre","twitter_site":"@LeRegardLibre","twitter_misc":{"Written by":"Max Moeschler","Est. reading time":"3 minutes"},"schema":{"@context":"https:\/\/schema.org","@graph":[{"@type":"Article","@id":"https:\/\/leregardlibre.com\/gastronomie\/le-festymalt-a-souffle-sa-quatrieme-bougie\/#article","isPartOf":{"@id":"https:\/\/leregardlibre.com\/gastronomie\/le-festymalt-a-souffle-sa-quatrieme-bougie\/"},"author":{"name":"Max Moeschler","@id":"https:\/\/leregardlibre.com\/#\/schema\/person\/439e8d2dc64266e912da6f674b0b2c4b"},"headline":"Le FestYmalt a souffl\u00e9 sa quatri\u00e8me bougie","datePublished":"2019-10-04T15:00:15+00:00","dateModified":"2022-09-04T08:35:48+00:00","mainEntityOfPage":{"@id":"https:\/\/leregardlibre.com\/gastronomie\/le-festymalt-a-souffle-sa-quatrieme-bougie\/"},"wordCount":530,"commentCount":0,"publisher":{"@id":"https:\/\/leregardlibre.com\/#organization"},"image":{"@id":"https:\/\/leregardlibre.com\/gastronomie\/le-festymalt-a-souffle-sa-quatrieme-bougie\/#primaryimage"},"thumbnailUrl":"https:\/\/leregardlibre.com\/wp-content\/uploads\/2019\/10\/FestYmalt.jpeg","keywords":["Bi\u00e8re","Bi\u00e8re artisanale","Brasseries artisanales","dystopian brewing","england ipa","sirius beer","sour"],"articleSection":["Gastronomie"],"inLanguage":"en-US","potentialAction":[{"@type":"CommentAction","name":"Comment","target":["https:\/\/leregardlibre.com\/gastronomie\/le-festymalt-a-souffle-sa-quatrieme-bougie\/#respond"]}]},{"@type":"WebPage","@id":"https:\/\/leregardlibre.com\/gastronomie\/le-festymalt-a-souffle-sa-quatrieme-bougie\/","url":"https:\/\/leregardlibre.com\/gastronomie\/le-festymalt-a-souffle-sa-quatrieme-bougie\/","name":"FestYmalt blows out its fourth candle","isPartOf":{"@id":"https:\/\/leregardlibre.com\/#website"},"primaryImageOfPage":{"@id":"https:\/\/leregardlibre.com\/gastronomie\/le-festymalt-a-souffle-sa-quatrieme-bougie\/#primaryimage"},"image":{"@id":"https:\/\/leregardlibre.com\/gastronomie\/le-festymalt-a-souffle-sa-quatrieme-bougie\/#primaryimage"},"thumbnailUrl":"https:\/\/leregardlibre.com\/wp-content\/uploads\/2019\/10\/FestYmalt.jpeg","datePublished":"2019-10-04T15:00:15+00:00","dateModified":"2022-09-04T08:35:48+00:00","breadcrumb":{"@id":"https:\/\/leregardlibre.com\/gastronomie\/le-festymalt-a-souffle-sa-quatrieme-bougie\/#breadcrumb"},"inLanguage":"en-US","potentialAction":[{"@type":"ReadAction","target":["https:\/\/leregardlibre.com\/gastronomie\/le-festymalt-a-souffle-sa-quatrieme-bougie\/"]}]},{"@type":"ImageObject","inLanguage":"en-US","@id":"https:\/\/leregardlibre.com\/gastronomie\/le-festymalt-a-souffle-sa-quatrieme-bougie\/#primaryimage","url":"https:\/\/leregardlibre.com\/wp-content\/uploads\/2019\/10\/FestYmalt.jpeg","contentUrl":"https:\/\/leregardlibre.com\/wp-content\/uploads\/2019\/10\/FestYmalt.jpeg","width":2048,"height":1501},{"@type":"BreadcrumbList","@id":"https:\/\/leregardlibre.com\/gastronomie\/le-festymalt-a-souffle-sa-quatrieme-bougie\/#breadcrumb","itemListElement":[{"@type":"ListItem","position":1,"name":"Accueil","item":"https:\/\/leregardlibre.com\/"},{"@type":"ListItem","position":2,"name":"Le FestYmalt a souffl\u00e9 sa quatri\u00e8me bougie"}]},{"@type":"WebSite","@id":"https:\/\/leregardlibre.com\/#website","url":"https:\/\/leregardlibre.com\/","name":"Le Regard Libre","description":"Switzerland's first monthly debate magazine","publisher":{"@id":"https:\/\/leregardlibre.com\/#organization"},"potentialAction":[{"@type":"SearchAction","target":{"@type":"EntryPoint","urlTemplate":"https:\/\/leregardlibre.com\/?s={search_term_string}"},"query-input":{"@type":"PropertyValueSpecification","valueRequired":true,"valueName":"search_term_string"}}],"inLanguage":"en-US"},{"@type":"Organization","@id":"https:\/\/leregardlibre.com\/#organization","name":"Le Regard Libre","url":"https:\/\/leregardlibre.com\/","logo":{"@type":"ImageObject","inLanguage":"en-US","@id":"https:\/\/leregardlibre.com\/#\/schema\/logo\/image\/","url":"https:\/\/leregardlibre.com\/wp-content\/uploads\/2025\/08\/logo-rl-icone-neg.jpeg","contentUrl":"https:\/\/leregardlibre.com\/wp-content\/uploads\/2025\/08\/logo-rl-icone-neg.jpeg","width":557,"height":556,"caption":"Le Regard Libre"},"image":{"@id":"https:\/\/leregardlibre.com\/#\/schema\/logo\/image\/"},"sameAs":["https:\/\/www.facebook.com\/leregardlibre\/","https:\/\/x.com\/LeRegardLibre","https:\/\/www.linkedin.com\/company\/le-regard-libre","https:\/\/www.instagram.com\/leregardlibre\/","http:\/\/t.me\/leregardlibre","https:\/\/youtube.com\/channel\/UC6HzGPomj1LsUmlz-sJtITQ"],"description":"Le Regard Libre is a Swiss monthly magazine for intellectual and cultural debate. Its editorial team is young, voluntary, liberal and pluralist. The magazine appears online and in print. Its language is French.","email":"redaction@leregardlibre.com","legalName":"Le Regard Libre","foundingDate":"2014-01-01","numberOfEmployees":{"@type":"QuantitativeValue","minValue":"11","maxValue":"50"},"publishingPrinciples":"https:\/\/leregardlibre.com\/a-propos\/notre-manifeste\/","ownershipFundingInfo":"https:\/\/leregardlibre.com\/mentions-legales\/","actionableFeedbackPolicy":"https:\/\/leregardlibre.com\/conditions-generales-de-vente\/"},{"@type":"Person","@id":"https:\/\/leregardlibre.com\/#\/schema\/person\/439e8d2dc64266e912da6f674b0b2c4b","name":"Max Moeschler","image":{"@type":"ImageObject","inLanguage":"en-US","@id":"https:\/\/secure.gravatar.com\/avatar\/a68b78ce98e86136d3956bc6f17e4879a7897c9744bef17da17a56ef38a02555?s=96&d=identicon&r=g","url":"https:\/\/secure.gravatar.com\/avatar\/a68b78ce98e86136d3956bc6f17e4879a7897c9744bef17da17a56ef38a02555?s=96&d=identicon&r=g","contentUrl":"https:\/\/secure.gravatar.com\/avatar\/a68b78ce98e86136d3956bc6f17e4879a7897c9744bef17da17a56ef38a02555?s=96&d=identicon&r=g","caption":"Max Moeschler"},"sameAs":["https:\/\/leregardlibre.com\/","https:\/\/fr.wikipedia.org\/wiki\/Le_Regard_libre"],"url":"https:\/\/leregardlibre.com\/en\/author\/max-moeschler\/"}]}},"_links":{"self":[{"href":"https:\/\/leregardlibre.com\/en\/wp-json\/wp\/v2\/posts\/25736","targetHints":{"allow":["GET"]}}],"collection":[{"href":"https:\/\/leregardlibre.com\/en\/wp-json\/wp\/v2\/posts"}],"about":[{"href":"https:\/\/leregardlibre.com\/en\/wp-json\/wp\/v2\/types\/post"}],"author":[{"embeddable":true,"href":"https:\/\/leregardlibre.com\/en\/wp-json\/wp\/v2\/users\/100"}],"replies":[{"embeddable":true,"href":"https:\/\/leregardlibre.com\/en\/wp-json\/wp\/v2\/comments?post=25736"}],"version-history":[{"count":1,"href":"https:\/\/leregardlibre.com\/en\/wp-json\/wp\/v2\/posts\/25736\/revisions"}],"predecessor-version":[{"id":510695,"href":"https:\/\/leregardlibre.com\/en\/wp-json\/wp\/v2\/posts\/25736\/revisions\/510695"}],"wp:featuredmedia":[{"embeddable":true,"href":"https:\/\/leregardlibre.com\/en\/wp-json\/wp\/v2\/media\/25744"}],"wp:attachment":[{"href":"https:\/\/leregardlibre.com\/en\/wp-json\/wp\/v2\/media?parent=25736"}],"wp:term":[{"taxonomy":"category","embeddable":true,"href":"https:\/\/leregardlibre.com\/en\/wp-json\/wp\/v2\/categories?post=25736"},{"taxonomy":"post_tag","embeddable":true,"href":"https:\/\/leregardlibre.com\/en\/wp-json\/wp\/v2\/tags?post=25736"}],"curies":[{"name":"wp","href":"https:\/\/api.w.org\/{rel}","templated":true}]}}