{"id":25749,"date":"2019-10-04T18:45:08","date_gmt":"2019-10-04T16:45:08","guid":{"rendered":"https:\/\/leregardlibre.com\/?p=25749"},"modified":"2022-09-04T10:35:48","modified_gmt":"2022-09-04T08:35:48","slug":"jaha-koo-committed-performer-and-creator-of-a-multimedia-theater","status":"publish","type":"post","link":"https:\/\/leregardlibre.com\/en\/performing-arts\/theater\/jaha-koo-committed-performer-and-creator-of-a-multimedia-theater\/","title":{"rendered":"Jaha Koo, committed performer and creator of multimedia theater"},"content":{"rendered":"<p>Unpublished interview - Ivan Garcia<\/p>\n\n\n\n<p class=\"has-drop-cap\"><em>Swiss stages often open up to other actors and directors from all over the world. And here we find the rare pearls of today's and tomorrow's theater. The forty-third edition of Geneva's La B\u00e2tie festival welcomed an intriguing personality in the person of Jaha Koo. Originally from South Korea, this artist presents a multimedia theater at the crossroads of his personal trajectory, history and socio-political issues. An actor-creator, performer, video artist and musical composer, Jaha Koo has arrived in Geneva with his creation <\/em>Cuckoo<em>. It features him, accompanied by three <\/em>rice cooker<em> <\/em>[ed. note: rice cookers].<em> from the Cuckoo brand, widely used in South Korea. Gifted with words, the three cookers recount their problems and, interspersed with the artist and video, plunge us into South Korean history, that of the 1997 financial crisis which, even today, has left its mark on Korean society. With this interview, <\/em>Le Regard Libre<em> takes you to meet the man who will undoubtedly go down as one of this century's great theatre-makers. <\/em><\/p>\n\n\n\n<!--more Lire l'entretien-->\n\n\n\n<p><strong><em>Le Regard Libre<\/em><\/strong><strong>How would you introduce yourself to people who don't happen to know you or your work, and how would you describe yourself as an artist? <\/strong><\/p>\n\n\n\n<p>Jaha Koo: I'm basically a man of the theater, a video artist and a composer. I'm extremely interested in media as diverse as text, sound, music, video and installation, as well as their interactions. As a rule, I'm an artist-creator, dealing with each medium on my own. In the same vein, I'm interested in history, particularly political and social issues. My work focuses on how to combine media with each other and with content. I left South Korea when I was twenty-eight, about seven years ago.<\/p>\n\n\n\n<p><strong>You are currently working on a theatrical trilogy entitled <em>The Hamartia Trilogy<\/em>. The latter consists of three rooms: <em>Lolling and Rolling<\/em> (2015), <em>Cuckoo <\/em>(2017) and the last part <em>The History of Korean Western Theater<\/em>, to be presented in 2020. Could you tell us how you came up with the idea for this ambitious project?<\/strong><\/p>\n\n\n\n<p>When I was in my twenties, I was already creating plays. Of course, I didn't know exactly what I wanted to do, nor did I have a specific method for my theatrical approach. On the other hand, I was already very interested in social issues. Originally, I wasn't an actor-creator, but a composer and producer. I think it was this interest in social issues that made me turn to theater. My arrival in Europe was a turning point for me. It gave me the ability to see my native country from a different point of view, that of a foreigner. <em>[ed: <\/em>stranger<em>]<\/em>. I was able to see things from an external point of view, which gave me a lot of inspiration. It was only around 2014 that I came up with the idea of <em>The Hamartia Trilogy<\/em>. In this trilogy, I mainly try to see the problems linked to my person or to what surrounds me. These can be both socio-political and personal issues. I was wondering, for example, about the tragic reasons or the tragic starting points that led to these situations.<\/p>\n\n\n\n<p><strong>Hence the idea for this trilogy? <\/strong><\/p>\n\n\n\n<p>Exactly. <em>Lolling and Rolling<\/em>, <em>Cuckoo<\/em> and <em>The History of Korea Western Theater<\/em> are all based on personal elements, so that we can then see the problems that exist within our environment, as well as concerning myself. In performance, I try to go back to the tragic origins. For example, in <em>Lolling &amp; Rolling<\/em>, I'm trying to go back to around 1905, to the Japanese colonial period in Korea, which has repercussions on English-language educational issues, as well as on the problems of cultural colonization in South Korea. These issues are linked to the United States, as well as to the Japanese Empire. <em>[editor's note: circa 1868 - 1947].<\/em>. <em>Cuckoo<\/em> covers some twenty years of South Korean history, from 1997, when the financial crisis hit the country, to the present day. As for <em>The History of Korean Western Theater<\/em>, Like the previous plays, this one will also be based on me. Currently, in South Korea, the theatrical world <em>mainstream<\/em> doesn't consider my work to be theater. This kind of problem, among others, is one of the reasons why I left my native country.\u00a0 \u00a0<\/p>\n\n\n\n<p><strong>Earlier, you mentioned that you could now see your country through the eyes of a <em>stranger<\/em>. What do you mean by that?<\/strong><\/p>\n\n\n\n<p>First of all, I would say that I strongly reject South Korean nationalism. I have a deep respect for individuality. Korean society is strongly based on a group culture, such as familism, which leaves little room for the individual. When I left this culture and was able to observe it from the outside, I realized that I was unique and alone. I realized that I wasn't part of any society, for example. In my trilogy, I talk about my hometown, but it's not exclusively about it; although I do talk about it, it can be projected or mirrored to reflect on other lands. As a result, my work is mostly about South Korea, but viewers can see their own countries through my stagings.<\/p>\n\n\n\n<p><strong>About your show <em>Cuckoo<\/em>, It mixes all the media, and the viewer sees you with three talking rice cookers. Why did you choose <em>rice cookers<\/em> to talk about your history and that of South Korea?<\/strong><\/p>\n\n\n\n<p>My personal intention was, in a way, to transcribe the feeling of pressure that society exerts on me. It was also a trivial event that led me to make this decision. One day, I was cooking rice and, suddenly, my Cuckoo cooker said: \u00ab<em>Cuckoo finished to cooking rice. Please sort the rice.\u00bb<\/em> <em>[editor's note: \u00abCuckooa finished cooking the rice. Please take out the rice.\u00bb]<\/em> In a way, I was relieved by this intervention; it sounded familiar. This machine is not human, and yet I felt a strong sense of humanity emanating from it. As an individual, I felt a very strong relationship with this rice cooker, which seemed to possess its own individuality. At the time, I was also very interested in post-humanism, which gave me a lot to think about when it came to machines. Of course, during my research for my show, I had been thinking about voice assistants like <em>Siri<\/em>, but it wasn't the same as a Cuckoo. I'm more familiar with this one.<\/p>\n\n\n\n<p style=\"color:#1d296c\" class=\"has-text-color\"><strong>Read also: <a href=\"https:\/\/leregardlibre.com\/en\/2019\/08\/26\/laetitia-dosch-my-job-is-to-put-people-in-a-place-where-they-have-something-to-think-about\/\">Laetitia Dosch: \u00abMy job is to put people in a place where they have something to think about\u00bb.\u00bb<\/a><\/strong><a href=\"https:\/\/leregardlibre.com\/en\/2019\/08\/26\/laetitia-dosch-my-job-is-to-put-people-in-a-place-where-they-have-something-to-think-about\/\">\u00bb<\/a><\/p>\n\n\n\n<p><strong>In your show, you take a back seat to the rice cookers and videos. Do you think the use of various media and rice cookers has made your view of Korea more neutral, more objective? <\/strong><\/p>\n\n\n\n<p>Honestly, I don't know. I just don't think this story can be told in just one way. Personally, I think that by using different media, it's possible to hear and see different voices and to layer different stories, even if the content remains the same. The use of these media is more a question of art than politics. As an artist, I always try to think about what my stage language is. Historically, theater has developed several forms of scenic language that can be used: the body, the fourth wall, text and stage work. I think my stage language <em>[ed: <\/em>performance language<em>]<\/em> consists essentially of music and video. I try to understand specific subjects in my performance; <em>Cuckoo<\/em> was a specific metaphor. In a way, it raises the question of how to transform my political ideas into aesthetic works. To come back to your question, I can't say that my artistic choices make things more neutral or objective.<\/p>\n\n\n\n<p><strong>Finally, having seen your play and listened to you, can we say that you make a kind of political theater? And, if you subscribe to this idea, are you trying, through your work, to make the audience reflect on their daily lives?<\/strong><\/p>\n\n\n\n<p>As an artist, video-maker, composer and actor-creator, political issues are at the heart of my work. If my work can't create a political opinion, then I don't think it has any value. On the one hand, this means that as an artist, political activity is extremely important. On the other hand, I don't think my work can change other people or their lives. In fact, I don't want to change people or their opinions; I don't believe in it, since my work is the result of a single voice, which is mine, and therefore cannot speak for everyone. But, in a way, I want to create a moment of sharing so that people can exchange or think about a specific subject. The moment of sharing is extremely important in my work. <em>Cuckoo, <\/em>Geneva, Festival La B\u00e2tie, September 2-6, 2019, then at the Festivale Internazionale del Teatro e della scena contemporaneade Lugano, October 5, 2019.<\/p>\n\n\n\n<p><em>Write to the author: <a href=\"mailto:ivan.garcia@leregardlibre.com\">ivan.garcia@leregardlibre.com<\/a><\/em><\/p>\n\n\n\n<p>Photo credit: \u00a9 Radovan Dranga<\/p>","protected":false},"excerpt":{"rendered":"<p>Swiss stages often open up to other actors and directors from all over the world. And here we find the rare pearls of today's and tomorrow's theater. The forty-third edition of Geneva's La B\u00e2tie festival welcomed an intriguing personality in the person of Jaha Koo. Originally from South Korea, this artist presents a multimedia theater at the crossroads of his personal trajectory, history and socio-political issues. An actor-creator, performer, video artist and musical composer, Jaha Koo has arrived in Geneva with his creation Cuckoo. It features him accompanied by three rice cookers from South Korea's popular Cuckoo brand. Gifted with words, the three cookers recount their problems and, interspersed with the artist and the video, plunge us into South Korean history, that of the 1997 financial crisis which, even today, has left its mark on Korean society. With this interview, Le Regard Libre takes you to meet the man who will undoubtedly go down as one of the great theatre-makers of this century. <\/p>","protected":false},"author":53,"featured_media":510697,"comment_status":"open","ping_status":"open","sticky":false,"template":"","format":"standard","meta":{"_acf_changed":false,"footnotes":""},"categories":[5386],"tags":[18396,36722,120342,644342984,644342983,11788,644342982,644342725,644339214],"class_list":["post-25749","post","type-post","status-publish","format-standard","has-post-thumbnail","hentry","category-theatre","tag-composition","tag-coree","tag-coree-du-sud","tag-cuckoo","tag-cuiseurs-a-riz","tag-interviews","tag-jaha-koo","tag-la-batie","tag-video"],"acf":[],"yoast_head":"<!-- This site is optimized with the Yoast SEO Premium plugin v27.4 (Yoast SEO v27.4) - https:\/\/yoast.com\/product\/yoast-seo-premium-wordpress\/ -->\n<title>Jaha Koo, performeur engag\u00e9 et cr\u00e9ateur d\u2019un th\u00e9\u00e2tre multim\u00e9dia<\/title>\n<meta name=\"robots\" content=\"index, follow, max-snippet:-1, max-image-preview:large, max-video-preview:-1\" \/>\n<link rel=\"canonical\" href=\"https:\/\/leregardlibre.com\/en\/performing-arts\/theater\/jaha-koo-committed-performer-and-creator-of-a-multimedia-theater\/\" \/>\n<meta property=\"og:locale\" content=\"en_US\" \/>\n<meta property=\"og:type\" content=\"article\" \/>\n<meta property=\"og:title\" content=\"Jaha Koo, performeur engag\u00e9 et cr\u00e9ateur d\u2019un th\u00e9\u00e2tre multim\u00e9dia\" \/>\n<meta property=\"og:description\" content=\"Souvent, les sc\u00e8nes suisses s\u2019ouvrent \u00e0 d\u2019autres com\u00e9diens et metteurs en sc\u00e8ne venus du monde entier. Et l\u2019on y trouve les perles rares du th\u00e9\u00e2tre d\u2019aujourd\u2019hui et de demain. La quarante-troisi\u00e8me \u00e9dition du festival La B\u00e2tie de Gen\u00e8ve accueillait une personnalit\u00e9 fort intrigante en la personne de Jaha Koo. Originaire de Cor\u00e9e du Sud, cet artiste pr\u00e9sente un th\u00e9\u00e2tre multim\u00e9dia aux croisements de sa trajectoire personnelle, de l\u2019Histoire et des enjeux sociopolitiques. Com\u00e9dien-cr\u00e9ateur, performeur, mais aussi vid\u00e9aste et compositeur musical, Jaha Koo a d\u00e9barqu\u00e9 sur le sol genevois avec sa cr\u00e9ation Cuckoo. Celle-ci le met en sc\u00e8ne, accompagn\u00e9 de trois rice cooker [ndlr: cuiseurs \u00e0 riz] de la marque Cuckoo, fort r\u00e9pandue en Cor\u00e9e du Sud. Dou\u00e9s de paroles, les trois cuiseurs narrent leurs probl\u00e8mes et, entrecoup\u00e9s par l\u2019artiste et la vid\u00e9o, nous plongent dans l\u2019histoire sud-cor\u00e9enne, celle de la crise financi\u00e8re de 1997 qui, aujourd\u2019hui encore, a laiss\u00e9 des traces au sein de la soci\u00e9t\u00e9 cor\u00e9enne. Avec cet entretien, Le Regard Libre vous emm\u00e8ne \u00e0 la rencontre de celui qui sera, sans doute, l\u2019un des grands hommes de th\u00e9\u00e2tre de ce si\u00e8cle.\" \/>\n<meta property=\"og:url\" content=\"https:\/\/leregardlibre.com\/en\/performing-arts\/theater\/jaha-koo-committed-performer-and-creator-of-a-multimedia-theater\/\" \/>\n<meta property=\"og:site_name\" content=\"Le Regard Libre\" \/>\n<meta property=\"article:publisher\" content=\"https:\/\/www.facebook.com\/leregardlibre\/\" \/>\n<meta property=\"article:published_time\" content=\"2019-10-04T16:45:08+00:00\" \/>\n<meta property=\"article:modified_time\" content=\"2022-09-04T08:35:48+00:00\" \/>\n<meta property=\"og:image\" content=\"https:\/\/leregardlibre.com\/wp-content\/uploads\/2019\/10\/Jaha-Koo-\u00a9-Radovan-Dranga-1-1024x683.jpg\" \/>\n\t<meta property=\"og:image:width\" content=\"1024\" \/>\n\t<meta property=\"og:image:height\" content=\"683\" \/>\n\t<meta property=\"og:image:type\" content=\"image\/jpeg\" \/>\n<meta name=\"author\" content=\"Ivan Garcia\" \/>\n<meta name=\"twitter:card\" content=\"summary_large_image\" \/>\n<meta name=\"twitter:creator\" content=\"@LeRegardLibre\" \/>\n<meta name=\"twitter:site\" content=\"@LeRegardLibre\" \/>\n<meta name=\"twitter:label1\" content=\"Written by\" \/>\n\t<meta name=\"twitter:data1\" content=\"Ivan Garcia\" \/>\n\t<meta name=\"twitter:label2\" content=\"Est. reading time\" \/>\n\t<meta name=\"twitter:data2\" content=\"9 minutes\" \/>\n<script type=\"application\/ld+json\" class=\"yoast-schema-graph\">{\"@context\":\"https:\\\/\\\/schema.org\",\"@graph\":[{\"@type\":\"Article\",\"@id\":\"https:\\\/\\\/leregardlibre.com\\\/arts-vivants\\\/theatre\\\/jaha-koo-performeur-engage-et-createur-dun-theatre-multimedia\\\/#article\",\"isPartOf\":{\"@id\":\"https:\\\/\\\/leregardlibre.com\\\/arts-vivants\\\/theatre\\\/jaha-koo-performeur-engage-et-createur-dun-theatre-multimedia\\\/\"},\"author\":{\"name\":\"Ivan Garcia\",\"@id\":\"https:\\\/\\\/leregardlibre.com\\\/#\\\/schema\\\/person\\\/d80dd0028be8739b0c3bed60e131e94a\"},\"headline\":\"Jaha Koo, performeur engag\u00e9 et cr\u00e9ateur d\u2019un th\u00e9\u00e2tre multim\u00e9dia\",\"datePublished\":\"2019-10-04T16:45:08+00:00\",\"dateModified\":\"2022-09-04T08:35:48+00:00\",\"mainEntityOfPage\":{\"@id\":\"https:\\\/\\\/leregardlibre.com\\\/arts-vivants\\\/theatre\\\/jaha-koo-performeur-engage-et-createur-dun-theatre-multimedia\\\/\"},\"wordCount\":1827,\"commentCount\":0,\"publisher\":{\"@id\":\"https:\\\/\\\/leregardlibre.com\\\/#organization\"},\"image\":{\"@id\":\"https:\\\/\\\/leregardlibre.com\\\/arts-vivants\\\/theatre\\\/jaha-koo-performeur-engage-et-createur-dun-theatre-multimedia\\\/#primaryimage\"},\"thumbnailUrl\":\"https:\\\/\\\/leregardlibre.com\\\/wp-content\\\/uploads\\\/2019\\\/10\\\/Jaha-Koo-\u00a9-Radovan-Dranga-1.jpg\",\"keywords\":[\"composition\",\"Cor\u00e9e\",\"Cor\u00e9e du Sud\",\"cuckoo\",\"cuiseurs \u00e0 riz\",\"Interview\",\"jaha koo\",\"la b\u00e2tie\",\"vid\u00e9o\"],\"articleSection\":[\"Th\u00e9\u00e2tre\"],\"inLanguage\":\"en-US\",\"potentialAction\":[{\"@type\":\"CommentAction\",\"name\":\"Comment\",\"target\":[\"https:\\\/\\\/leregardlibre.com\\\/arts-vivants\\\/theatre\\\/jaha-koo-performeur-engage-et-createur-dun-theatre-multimedia\\\/#respond\"]}]},{\"@type\":\"WebPage\",\"@id\":\"https:\\\/\\\/leregardlibre.com\\\/arts-vivants\\\/theatre\\\/jaha-koo-performeur-engage-et-createur-dun-theatre-multimedia\\\/\",\"url\":\"https:\\\/\\\/leregardlibre.com\\\/arts-vivants\\\/theatre\\\/jaha-koo-performeur-engage-et-createur-dun-theatre-multimedia\\\/\",\"name\":\"Jaha Koo, performeur engag\u00e9 et cr\u00e9ateur d\u2019un th\u00e9\u00e2tre multim\u00e9dia\",\"isPartOf\":{\"@id\":\"https:\\\/\\\/leregardlibre.com\\\/#website\"},\"primaryImageOfPage\":{\"@id\":\"https:\\\/\\\/leregardlibre.com\\\/arts-vivants\\\/theatre\\\/jaha-koo-performeur-engage-et-createur-dun-theatre-multimedia\\\/#primaryimage\"},\"image\":{\"@id\":\"https:\\\/\\\/leregardlibre.com\\\/arts-vivants\\\/theatre\\\/jaha-koo-performeur-engage-et-createur-dun-theatre-multimedia\\\/#primaryimage\"},\"thumbnailUrl\":\"https:\\\/\\\/leregardlibre.com\\\/wp-content\\\/uploads\\\/2019\\\/10\\\/Jaha-Koo-\u00a9-Radovan-Dranga-1.jpg\",\"datePublished\":\"2019-10-04T16:45:08+00:00\",\"dateModified\":\"2022-09-04T08:35:48+00:00\",\"breadcrumb\":{\"@id\":\"https:\\\/\\\/leregardlibre.com\\\/arts-vivants\\\/theatre\\\/jaha-koo-performeur-engage-et-createur-dun-theatre-multimedia\\\/#breadcrumb\"},\"inLanguage\":\"en-US\",\"potentialAction\":[{\"@type\":\"ReadAction\",\"target\":[\"https:\\\/\\\/leregardlibre.com\\\/arts-vivants\\\/theatre\\\/jaha-koo-performeur-engage-et-createur-dun-theatre-multimedia\\\/\"]}]},{\"@type\":\"ImageObject\",\"inLanguage\":\"en-US\",\"@id\":\"https:\\\/\\\/leregardlibre.com\\\/arts-vivants\\\/theatre\\\/jaha-koo-performeur-engage-et-createur-dun-theatre-multimedia\\\/#primaryimage\",\"url\":\"https:\\\/\\\/leregardlibre.com\\\/wp-content\\\/uploads\\\/2019\\\/10\\\/Jaha-Koo-\u00a9-Radovan-Dranga-1.jpg\",\"contentUrl\":\"https:\\\/\\\/leregardlibre.com\\\/wp-content\\\/uploads\\\/2019\\\/10\\\/Jaha-Koo-\u00a9-Radovan-Dranga-1.jpg\",\"width\":5760,\"height\":3840},{\"@type\":\"BreadcrumbList\",\"@id\":\"https:\\\/\\\/leregardlibre.com\\\/arts-vivants\\\/theatre\\\/jaha-koo-performeur-engage-et-createur-dun-theatre-multimedia\\\/#breadcrumb\",\"itemListElement\":[{\"@type\":\"ListItem\",\"position\":1,\"name\":\"Accueil\",\"item\":\"https:\\\/\\\/leregardlibre.com\\\/\"},{\"@type\":\"ListItem\",\"position\":2,\"name\":\"Jaha Koo, performeur engag\u00e9 et cr\u00e9ateur d\u2019un th\u00e9\u00e2tre multim\u00e9dia\"}]},{\"@type\":\"WebSite\",\"@id\":\"https:\\\/\\\/leregardlibre.com\\\/#website\",\"url\":\"https:\\\/\\\/leregardlibre.com\\\/\",\"name\":\"Le Regard Libre\",\"description\":\"Premier mensuel suisse de d\u00e9bat\",\"publisher\":{\"@id\":\"https:\\\/\\\/leregardlibre.com\\\/#organization\"},\"potentialAction\":[{\"@type\":\"SearchAction\",\"target\":{\"@type\":\"EntryPoint\",\"urlTemplate\":\"https:\\\/\\\/leregardlibre.com\\\/?s={search_term_string}\"},\"query-input\":{\"@type\":\"PropertyValueSpecification\",\"valueRequired\":true,\"valueName\":\"search_term_string\"}}],\"inLanguage\":\"en-US\"},{\"@type\":\"Organization\",\"@id\":\"https:\\\/\\\/leregardlibre.com\\\/#organization\",\"name\":\"Le Regard Libre\",\"url\":\"https:\\\/\\\/leregardlibre.com\\\/\",\"logo\":{\"@type\":\"ImageObject\",\"inLanguage\":\"en-US\",\"@id\":\"https:\\\/\\\/leregardlibre.com\\\/#\\\/schema\\\/logo\\\/image\\\/\",\"url\":\"https:\\\/\\\/leregardlibre.com\\\/wp-content\\\/uploads\\\/2025\\\/08\\\/logo-rl-icone-neg.jpeg\",\"contentUrl\":\"https:\\\/\\\/leregardlibre.com\\\/wp-content\\\/uploads\\\/2025\\\/08\\\/logo-rl-icone-neg.jpeg\",\"width\":557,\"height\":556,\"caption\":\"Le Regard Libre\"},\"image\":{\"@id\":\"https:\\\/\\\/leregardlibre.com\\\/#\\\/schema\\\/logo\\\/image\\\/\"},\"sameAs\":[\"https:\\\/\\\/www.facebook.com\\\/leregardlibre\\\/\",\"https:\\\/\\\/x.com\\\/LeRegardLibre\",\"https:\\\/\\\/www.linkedin.com\\\/company\\\/le-regard-libre\",\"https:\\\/\\\/www.instagram.com\\\/leregardlibre\\\/\",\"http:\\\/\\\/t.me\\\/leregardlibre\",\"https:\\\/\\\/youtube.com\\\/channel\\\/UC6HzGPomj1LsUmlz-sJtITQ\"],\"description\":\"Le Regard Libre est un mensuel suisse de d\u00e9bat intellectuel et culturel. Sa r\u00e9daction est jeune, b\u00e9n\u00e9vole, lib\u00e9rale et pluraliste. Le magazine para\u00eet en ligne et sous forme papier. Sa langue est le fran\u00e7ais.\",\"email\":\"redaction@leregardlibre.com\",\"legalName\":\"Le Regard Libre\",\"foundingDate\":\"2014-01-01\",\"numberOfEmployees\":{\"@type\":\"QuantitativeValue\",\"minValue\":\"11\",\"maxValue\":\"50\"},\"publishingPrinciples\":\"https:\\\/\\\/leregardlibre.com\\\/a-propos\\\/notre-manifeste\\\/\",\"ownershipFundingInfo\":\"https:\\\/\\\/leregardlibre.com\\\/mentions-legales\\\/\",\"actionableFeedbackPolicy\":\"https:\\\/\\\/leregardlibre.com\\\/conditions-generales-de-vente\\\/\"},{\"@type\":\"Person\",\"@id\":\"https:\\\/\\\/leregardlibre.com\\\/#\\\/schema\\\/person\\\/d80dd0028be8739b0c3bed60e131e94a\",\"name\":\"Ivan Garcia\",\"image\":{\"@type\":\"ImageObject\",\"inLanguage\":\"en-US\",\"@id\":\"https:\\\/\\\/secure.gravatar.com\\\/avatar\\\/8d1951260e83d4b801d564ae27e751dece8ced40a4256105c3a960ddb6c32ee8?s=96&d=identicon&r=g\",\"url\":\"https:\\\/\\\/secure.gravatar.com\\\/avatar\\\/8d1951260e83d4b801d564ae27e751dece8ced40a4256105c3a960ddb6c32ee8?s=96&d=identicon&r=g\",\"contentUrl\":\"https:\\\/\\\/secure.gravatar.com\\\/avatar\\\/8d1951260e83d4b801d564ae27e751dece8ced40a4256105c3a960ddb6c32ee8?s=96&d=identicon&r=g\",\"caption\":\"Ivan Garcia\"},\"description\":\"Editeur Web au journal Le Temps et stagiaire en enseignement, Ivan Garcia est le responsable de la rubrique Litt\u00e9rature du Regard Libre, o\u00f9 il \u00e9crit r\u00e9guli\u00e8rement.\",\"sameAs\":[\"https:\\\/\\\/leregardlibre.com\\\/\",\"https:\\\/\\\/fr.wikipedia.org\\\/wiki\\\/Le_Regard_libre\"],\"url\":\"https:\\\/\\\/leregardlibre.com\\\/en\\\/author\\\/ivan-garcia-ig89\\\/\"}]}<\/script>\n<!-- \/ Yoast SEO Premium plugin. -->","yoast_head_json":{"title":"Jaha Koo, committed performer and creator of multimedia theater","robots":{"index":"index","follow":"follow","max-snippet":"max-snippet:-1","max-image-preview":"max-image-preview:large","max-video-preview":"max-video-preview:-1"},"canonical":"https:\/\/leregardlibre.com\/en\/performing-arts\/theater\/jaha-koo-committed-performer-and-creator-of-a-multimedia-theater\/","og_locale":"en_US","og_type":"article","og_title":"Jaha Koo, performeur engag\u00e9 et cr\u00e9ateur d\u2019un th\u00e9\u00e2tre multim\u00e9dia","og_description":"Souvent, les sc\u00e8nes suisses s\u2019ouvrent \u00e0 d\u2019autres com\u00e9diens et metteurs en sc\u00e8ne venus du monde entier. Et l\u2019on y trouve les perles rares du th\u00e9\u00e2tre d\u2019aujourd\u2019hui et de demain. La quarante-troisi\u00e8me \u00e9dition du festival La B\u00e2tie de Gen\u00e8ve accueillait une personnalit\u00e9 fort intrigante en la personne de Jaha Koo. Originaire de Cor\u00e9e du Sud, cet artiste pr\u00e9sente un th\u00e9\u00e2tre multim\u00e9dia aux croisements de sa trajectoire personnelle, de l\u2019Histoire et des enjeux sociopolitiques. Com\u00e9dien-cr\u00e9ateur, performeur, mais aussi vid\u00e9aste et compositeur musical, Jaha Koo a d\u00e9barqu\u00e9 sur le sol genevois avec sa cr\u00e9ation Cuckoo. Celle-ci le met en sc\u00e8ne, accompagn\u00e9 de trois rice cooker [ndlr: cuiseurs \u00e0 riz] de la marque Cuckoo, fort r\u00e9pandue en Cor\u00e9e du Sud. Dou\u00e9s de paroles, les trois cuiseurs narrent leurs probl\u00e8mes et, entrecoup\u00e9s par l\u2019artiste et la vid\u00e9o, nous plongent dans l\u2019histoire sud-cor\u00e9enne, celle de la crise financi\u00e8re de 1997 qui, aujourd\u2019hui encore, a laiss\u00e9 des traces au sein de la soci\u00e9t\u00e9 cor\u00e9enne. Avec cet entretien, Le Regard Libre vous emm\u00e8ne \u00e0 la rencontre de celui qui sera, sans doute, l\u2019un des grands hommes de th\u00e9\u00e2tre de ce si\u00e8cle.","og_url":"https:\/\/leregardlibre.com\/en\/performing-arts\/theater\/jaha-koo-committed-performer-and-creator-of-a-multimedia-theater\/","og_site_name":"Le Regard Libre","article_publisher":"https:\/\/www.facebook.com\/leregardlibre\/","article_published_time":"2019-10-04T16:45:08+00:00","article_modified_time":"2022-09-04T08:35:48+00:00","og_image":[{"width":1024,"height":683,"url":"https:\/\/leregardlibre.com\/wp-content\/uploads\/2019\/10\/Jaha-Koo-\u00a9-Radovan-Dranga-1-1024x683.jpg","type":"image\/jpeg"}],"author":"Ivan Garcia","twitter_card":"summary_large_image","twitter_creator":"@LeRegardLibre","twitter_site":"@LeRegardLibre","twitter_misc":{"Written by":"Ivan Garcia","Est. reading time":"9 minutes"},"schema":{"@context":"https:\/\/schema.org","@graph":[{"@type":"Article","@id":"https:\/\/leregardlibre.com\/arts-vivants\/theatre\/jaha-koo-performeur-engage-et-createur-dun-theatre-multimedia\/#article","isPartOf":{"@id":"https:\/\/leregardlibre.com\/arts-vivants\/theatre\/jaha-koo-performeur-engage-et-createur-dun-theatre-multimedia\/"},"author":{"name":"Ivan Garcia","@id":"https:\/\/leregardlibre.com\/#\/schema\/person\/d80dd0028be8739b0c3bed60e131e94a"},"headline":"Jaha Koo, performeur engag\u00e9 et cr\u00e9ateur d\u2019un th\u00e9\u00e2tre multim\u00e9dia","datePublished":"2019-10-04T16:45:08+00:00","dateModified":"2022-09-04T08:35:48+00:00","mainEntityOfPage":{"@id":"https:\/\/leregardlibre.com\/arts-vivants\/theatre\/jaha-koo-performeur-engage-et-createur-dun-theatre-multimedia\/"},"wordCount":1827,"commentCount":0,"publisher":{"@id":"https:\/\/leregardlibre.com\/#organization"},"image":{"@id":"https:\/\/leregardlibre.com\/arts-vivants\/theatre\/jaha-koo-performeur-engage-et-createur-dun-theatre-multimedia\/#primaryimage"},"thumbnailUrl":"https:\/\/leregardlibre.com\/wp-content\/uploads\/2019\/10\/Jaha-Koo-\u00a9-Radovan-Dranga-1.jpg","keywords":["composition","Cor\u00e9e","Cor\u00e9e du Sud","cuckoo","cuiseurs \u00e0 riz","Interview","jaha koo","la b\u00e2tie","vid\u00e9o"],"articleSection":["Th\u00e9\u00e2tre"],"inLanguage":"en-US","potentialAction":[{"@type":"CommentAction","name":"Comment","target":["https:\/\/leregardlibre.com\/arts-vivants\/theatre\/jaha-koo-performeur-engage-et-createur-dun-theatre-multimedia\/#respond"]}]},{"@type":"WebPage","@id":"https:\/\/leregardlibre.com\/arts-vivants\/theatre\/jaha-koo-performeur-engage-et-createur-dun-theatre-multimedia\/","url":"https:\/\/leregardlibre.com\/arts-vivants\/theatre\/jaha-koo-performeur-engage-et-createur-dun-theatre-multimedia\/","name":"Jaha Koo, committed performer and creator of multimedia theater","isPartOf":{"@id":"https:\/\/leregardlibre.com\/#website"},"primaryImageOfPage":{"@id":"https:\/\/leregardlibre.com\/arts-vivants\/theatre\/jaha-koo-performeur-engage-et-createur-dun-theatre-multimedia\/#primaryimage"},"image":{"@id":"https:\/\/leregardlibre.com\/arts-vivants\/theatre\/jaha-koo-performeur-engage-et-createur-dun-theatre-multimedia\/#primaryimage"},"thumbnailUrl":"https:\/\/leregardlibre.com\/wp-content\/uploads\/2019\/10\/Jaha-Koo-\u00a9-Radovan-Dranga-1.jpg","datePublished":"2019-10-04T16:45:08+00:00","dateModified":"2022-09-04T08:35:48+00:00","breadcrumb":{"@id":"https:\/\/leregardlibre.com\/arts-vivants\/theatre\/jaha-koo-performeur-engage-et-createur-dun-theatre-multimedia\/#breadcrumb"},"inLanguage":"en-US","potentialAction":[{"@type":"ReadAction","target":["https:\/\/leregardlibre.com\/arts-vivants\/theatre\/jaha-koo-performeur-engage-et-createur-dun-theatre-multimedia\/"]}]},{"@type":"ImageObject","inLanguage":"en-US","@id":"https:\/\/leregardlibre.com\/arts-vivants\/theatre\/jaha-koo-performeur-engage-et-createur-dun-theatre-multimedia\/#primaryimage","url":"https:\/\/leregardlibre.com\/wp-content\/uploads\/2019\/10\/Jaha-Koo-\u00a9-Radovan-Dranga-1.jpg","contentUrl":"https:\/\/leregardlibre.com\/wp-content\/uploads\/2019\/10\/Jaha-Koo-\u00a9-Radovan-Dranga-1.jpg","width":5760,"height":3840},{"@type":"BreadcrumbList","@id":"https:\/\/leregardlibre.com\/arts-vivants\/theatre\/jaha-koo-performeur-engage-et-createur-dun-theatre-multimedia\/#breadcrumb","itemListElement":[{"@type":"ListItem","position":1,"name":"Accueil","item":"https:\/\/leregardlibre.com\/"},{"@type":"ListItem","position":2,"name":"Jaha Koo, performeur engag\u00e9 et cr\u00e9ateur d\u2019un th\u00e9\u00e2tre multim\u00e9dia"}]},{"@type":"WebSite","@id":"https:\/\/leregardlibre.com\/#website","url":"https:\/\/leregardlibre.com\/","name":"Le Regard Libre","description":"Switzerland's first monthly debate magazine","publisher":{"@id":"https:\/\/leregardlibre.com\/#organization"},"potentialAction":[{"@type":"SearchAction","target":{"@type":"EntryPoint","urlTemplate":"https:\/\/leregardlibre.com\/?s={search_term_string}"},"query-input":{"@type":"PropertyValueSpecification","valueRequired":true,"valueName":"search_term_string"}}],"inLanguage":"en-US"},{"@type":"Organization","@id":"https:\/\/leregardlibre.com\/#organization","name":"Le Regard Libre","url":"https:\/\/leregardlibre.com\/","logo":{"@type":"ImageObject","inLanguage":"en-US","@id":"https:\/\/leregardlibre.com\/#\/schema\/logo\/image\/","url":"https:\/\/leregardlibre.com\/wp-content\/uploads\/2025\/08\/logo-rl-icone-neg.jpeg","contentUrl":"https:\/\/leregardlibre.com\/wp-content\/uploads\/2025\/08\/logo-rl-icone-neg.jpeg","width":557,"height":556,"caption":"Le Regard Libre"},"image":{"@id":"https:\/\/leregardlibre.com\/#\/schema\/logo\/image\/"},"sameAs":["https:\/\/www.facebook.com\/leregardlibre\/","https:\/\/x.com\/LeRegardLibre","https:\/\/www.linkedin.com\/company\/le-regard-libre","https:\/\/www.instagram.com\/leregardlibre\/","http:\/\/t.me\/leregardlibre","https:\/\/youtube.com\/channel\/UC6HzGPomj1LsUmlz-sJtITQ"],"description":"Le Regard Libre is a Swiss monthly magazine for intellectual and cultural debate. Its editorial team is young, voluntary, liberal and pluralist. The magazine appears online and in print. Its language is French.","email":"redaction@leregardlibre.com","legalName":"Le Regard Libre","foundingDate":"2014-01-01","numberOfEmployees":{"@type":"QuantitativeValue","minValue":"11","maxValue":"50"},"publishingPrinciples":"https:\/\/leregardlibre.com\/a-propos\/notre-manifeste\/","ownershipFundingInfo":"https:\/\/leregardlibre.com\/mentions-legales\/","actionableFeedbackPolicy":"https:\/\/leregardlibre.com\/conditions-generales-de-vente\/"},{"@type":"Person","@id":"https:\/\/leregardlibre.com\/#\/schema\/person\/d80dd0028be8739b0c3bed60e131e94a","name":"Ivan Garcia","image":{"@type":"ImageObject","inLanguage":"en-US","@id":"https:\/\/secure.gravatar.com\/avatar\/8d1951260e83d4b801d564ae27e751dece8ced40a4256105c3a960ddb6c32ee8?s=96&d=identicon&r=g","url":"https:\/\/secure.gravatar.com\/avatar\/8d1951260e83d4b801d564ae27e751dece8ced40a4256105c3a960ddb6c32ee8?s=96&d=identicon&r=g","contentUrl":"https:\/\/secure.gravatar.com\/avatar\/8d1951260e83d4b801d564ae27e751dece8ced40a4256105c3a960ddb6c32ee8?s=96&d=identicon&r=g","caption":"Ivan Garcia"},"description":"Web editor at Le Temps newspaper and teaching trainee, Ivan Garcia is in charge of the Literature section at Regard Libre, where he writes regularly.","sameAs":["https:\/\/leregardlibre.com\/","https:\/\/fr.wikipedia.org\/wiki\/Le_Regard_libre"],"url":"https:\/\/leregardlibre.com\/en\/author\/ivan-garcia-ig89\/"}]}},"_links":{"self":[{"href":"https:\/\/leregardlibre.com\/en\/wp-json\/wp\/v2\/posts\/25749","targetHints":{"allow":["GET"]}}],"collection":[{"href":"https:\/\/leregardlibre.com\/en\/wp-json\/wp\/v2\/posts"}],"about":[{"href":"https:\/\/leregardlibre.com\/en\/wp-json\/wp\/v2\/types\/post"}],"author":[{"embeddable":true,"href":"https:\/\/leregardlibre.com\/en\/wp-json\/wp\/v2\/users\/53"}],"replies":[{"embeddable":true,"href":"https:\/\/leregardlibre.com\/en\/wp-json\/wp\/v2\/comments?post=25749"}],"version-history":[{"count":1,"href":"https:\/\/leregardlibre.com\/en\/wp-json\/wp\/v2\/posts\/25749\/revisions"}],"predecessor-version":[{"id":510696,"href":"https:\/\/leregardlibre.com\/en\/wp-json\/wp\/v2\/posts\/25749\/revisions\/510696"}],"wp:featuredmedia":[{"embeddable":true,"href":"https:\/\/leregardlibre.com\/en\/wp-json\/wp\/v2\/media\/510697"}],"wp:attachment":[{"href":"https:\/\/leregardlibre.com\/en\/wp-json\/wp\/v2\/media?parent=25749"}],"wp:term":[{"taxonomy":"category","embeddable":true,"href":"https:\/\/leregardlibre.com\/en\/wp-json\/wp\/v2\/categories?post=25749"},{"taxonomy":"post_tag","embeddable":true,"href":"https:\/\/leregardlibre.com\/en\/wp-json\/wp\/v2\/tags?post=25749"}],"curies":[{"name":"wp","href":"https:\/\/api.w.org\/{rel}","templated":true}]}}