{"id":26365,"date":"2019-10-21T16:11:04","date_gmt":"2019-10-21T14:11:04","guid":{"rendered":"https:\/\/leregardlibre.com\/?p=26365"},"modified":"2025-12-13T22:44:18","modified_gmt":"2025-12-13T21:44:18","slug":"with-the-green-wave-a-new-conservatism-is-born","status":"publish","type":"post","link":"https:\/\/leregardlibre.com\/en\/policy\/switzerland\/with-the-green-wave-a-new-conservatism-is-born\/","title":{"rendered":"With the green wave, a new conservatism?"},"content":{"rendered":"<p><em>Federal election special - Jonas Follonier<\/em><\/p>\n\n\n\n<p class=\"has-drop-cap\"><strong>Liberalism and conservatism, two niches of the classical European right, are not the big losers of the federal elections. If you think about it, the ecological preoccupation now officially present among the population denotes a new form of conservatism and way of conceiving freedom, beyond the social and progressive dimension that characterizes this movement. A mutation of the great ideologies that brings great strengths, but also great risks. Analysis.<\/strong><\/p>\n\n\n\n<!--more Lire l'\u00e9ditorial in\u00e9dit-->\n\n\n\n<p>Many predicted it, some expected it, others dreaded it like a worm in an apple. The green wave is well and truly here, with the Greens gaining 17 seats and the Liberals nine, mainly at the expense of the SVP (losing 12 mandates!) and the SP and RDP, who limit the damage with a decline of four seats each. While the CVP lost \u00abonly\u00bb three mandates at national level, its position as the country's fourth-largest party was maintained. <em>de facto<\/em> by the Greens, is a thing of the past. The message is loud and clear: we need to do more to protect the environment, combat global warming and promote healthy farming. Whereas the climate marches were both a civil initiative and a fashion phenomenon, the plebiscite of this Sunday, October 20, 2019 confirms in a private way - voting is something of an intimate affair - this highly publicized momentum.<\/p>\n\n\n\n<p>Did the media influence public opinion, as SVP representatives were quick to assert? That the media have influenced the opinions of viewers, listeners and readers is undoubtedly a commonplace. But the media consumer as such is not a voter. We mustn't take the public for idiots. Everyone votes according to his or her own conscience, and among the sources of information, reflection and entertainment in all our lives, the media - whether public or private, biased in one direction or another - have an important place, but that doesn't make them brainwashers. I believe in the enlightened individual, whatever his or her social background. To criticize the power of the media in a conspiracy theory is not to disrespect the media, it's to disrespect the people.<\/p>\n\n\n\n<p>Here's the thing: part of the explanation for the Greens\u00ab victory, or rather their opponents\u00bb defeat, lies in the softness of the institutional parties. With the exception of the SVP, the big loser, the traditional parties all followed the green trend, throwing themselves into a bath of mimicry, ambiguity and even silence. What a meagre campaign! \u00abInnovation\u00bb, claimed the PLR; \u00abclimate justice\u00bb, the PS; \"pragmatism\", the PDC. If you can only choose between vague, generic words, you might as well elect the original, said the Helvetians. And then came the Greens.<\/p>\n\n\n\n<p>Is this a victory for the progressive camp, fueled by movements such as Operation Libero and endless university conferences on climate and pesticides? Let's not be too hasty in our analysis. The Swiss population, though different from ten years ago, still has an old conservative background. And isn't wanting to preserve the environment just one facet of a conservative attitude, a concern for safeguarding a certain reality? In the final analysis, <a href=\"http:\/\/revuelimite.fr\/lecologie-est-elle-elle-aussi-reac\">nothing is more conservative than ecology<\/a>. As for the classic right, its desire to keep up with the world and its socialites has not been the case for some time now.<\/p>\n\n\n\n<p>And what if the green wave was an opportunity to put conservatism back on the public agenda - and redefine it? A quality of life worthy of the name presupposes the maintenance of a framework in which people can flourish and exercise their freedom. The environment must be preserved in exactly the same way as the quality of our services and the efficiency of our institutions, respect for the French language or awareness of a shared history. Let's maintain a little beauty in our lives by wishing ourselves an ecologically sustainable future. <em>poetic<\/em>, as French essayist Alain Finkielkraut puts it <a href=\"https:\/\/www.lefigaro.fr\/vox\/societe\/le-plaidoyer-d-alain-finkielkraut-pour-une-ecologie-poetique-20190828\">published his plea<\/a> in <em>Le Figaro<\/em>.<\/p>\n\n\n\n<p>Small problem: if ecologists were philosophers, they'd be scientists, and it's the horizon of wind turbines that awaits us rather than landscape conservation. Second obstacle: it's not certain that this Sunday's plebiscite will be confirmed by future votes. In fact, it's highly likely that direct democracy will re-establish a balance between constraint and freedom, as the Swiss are undoubtedly attached to their purchasing power at a time when they have to go to the polls on specific issues. The Greens have been careful not to brandish their concrete proposals - almost exclusively taxes - during the campaign.<\/p>\n\n\n\n<p>Third and last point (although this list is probably not exhaustive): there's no guarantee that the Greens and the Greens'liberals will maintain their electoral strength in four years' time. Until then, many things can happen, including voter disillusionment with the concrete actions of their representatives. To really establish themselves in the House of Representatives, the ecologists will have to seek consensus, build alliances, be satisfied with compromise and not be dogmatic. Then we'll see whether, once the momentum has passed, we can truly speak of a green parliament. And, if so, the question of a seat on the Federal Council will arise.<\/p>\n\n\n\n<p><em>Write to the author: <a href=\"mailto:jonas.follonier@leregardlibre.com\">jonas.follonier@leregardlibre.com<\/a><\/em><\/p>\n\n\n\n<p><strong><em>Jonas Follonier was one of the guests on RTS 2\u00abs \u00bbForum\" program on October 21, 2019 to comment on the results of the federal votes:<\/em><\/strong><\/p>\n\n\n\n<p><iframe src=\"\/\/tp.srgssr.ch\/p\/srf\/embed?urn=urn:rts:video:10803492&amp;start=\" allowfullscreen=\"\" name=\"Forum (vid\u00e9o) \u2013 Pr\u00e9sent\u00e9 par Renaud Malik et Pietro Bugnon\" allow=\"geolocation *; autoplay; encrypted-media\" width=\"624\" height=\"351\" frameborder=\"0\"><\/p><\/iframe><\/p>\n\n\n\n<p>Header image: Wikimedia CC 2.0<\/p>","protected":false},"excerpt":{"rendered":"<p>Liberalism and conservatism, two niches of the classical European right, are not the big losers of the federal elections. If you think about it, the ecological preoccupation now officially present among the population denotes a new form of conservatism and way of conceiving freedom, beyond the social and progressive dimension that characterizes this movement. A mutation of the great ideologies that brings great strengths, but also great risks. Analysis.<\/p>","protected":false},"author":138,"featured_media":26417,"comment_status":"open","ping_status":"open","sticky":false,"template":"","format":"standard","meta":{"_acf_changed":false,"footnotes":""},"categories":[644357279],"tags":[453465,45797,644357659,644342909,982316,33225,406931,1833019],"class_list":["post-26365","post","type-post","status-publish","format-standard","has-post-thumbnail","hentry","category-suisse","tag-conservatisme","tag-ecologie","tag-editoriaux","tag-federales-2019","tag-les-verts","tag-liberalisme","tag-populisme","tag-progressisme"],"acf":[],"yoast_head":"<!-- This site is optimized with the Yoast SEO Premium plugin v27.4 (Yoast SEO v27.4) - https:\/\/yoast.com\/product\/yoast-seo-premium-wordpress\/ -->\n<title>Avec la vague verte, un nouveau conservatisme?<\/title>\n<meta name=\"robots\" content=\"index, follow, max-snippet:-1, max-image-preview:large, max-video-preview:-1\" \/>\n<link rel=\"canonical\" href=\"https:\/\/leregardlibre.com\/en\/policy\/switzerland\/with-the-green-wave-a-new-conservatism-is-born\/\" \/>\n<meta property=\"og:locale\" content=\"en_US\" \/>\n<meta property=\"og:type\" content=\"article\" \/>\n<meta property=\"og:title\" content=\"Avec la vague verte, un nouveau conservatisme?\" \/>\n<meta property=\"og:description\" content=\"Le lib\u00e9ralisme et le conservatisme, deux cr\u00e9neaux de la droite classique europ\u00e9enne, ne sont pas les grands perdants des \u00e9lections f\u00e9d\u00e9rales. A bien y r\u00e9fl\u00e9chir, la pr\u00e9occupation \u00e9cologiste d\u00e9sormais officiellement pr\u00e9sente au sein de la population d\u00e9note une nouvelle forme de conservatisme et de fa\u00e7on de concevoir la libert\u00e9, au-del\u00e0 de la dimension sociale et progressiste qui caract\u00e9rise ce mouvement. Une mutation des grandes id\u00e9ologies qui comporte bien s\u00fbr de grandes forces, mais aussi de grands risques. Analyse.\" \/>\n<meta property=\"og:url\" content=\"https:\/\/leregardlibre.com\/en\/policy\/switzerland\/with-the-green-wave-a-new-conservatism-is-born\/\" \/>\n<meta property=\"og:site_name\" content=\"Le Regard Libre\" \/>\n<meta property=\"article:publisher\" content=\"https:\/\/www.facebook.com\/leregardlibre\/\" \/>\n<meta property=\"article:author\" content=\"https:\/\/www.facebook.com\/jonas.follonier\/\" \/>\n<meta property=\"article:published_time\" content=\"2019-10-21T14:11:04+00:00\" \/>\n<meta property=\"article:modified_time\" content=\"2025-12-13T21:44:18+00:00\" \/>\n<meta property=\"og:image\" content=\"https:\/\/leregardlibre.com\/wp-content\/uploads\/2019\/10\/Palais-fe\u0301de\u0301ral.jpg\" \/>\n\t<meta property=\"og:image:width\" content=\"1280\" \/>\n\t<meta property=\"og:image:height\" content=\"843\" \/>\n\t<meta property=\"og:image:type\" content=\"image\/jpeg\" \/>\n<meta name=\"author\" content=\"Jonas Follonier\" \/>\n<meta name=\"twitter:card\" content=\"summary_large_image\" \/>\n<meta name=\"twitter:creator\" content=\"@LeRegardLibre\" \/>\n<meta name=\"twitter:site\" content=\"@LeRegardLibre\" \/>\n<meta name=\"twitter:label1\" content=\"Written by\" \/>\n\t<meta name=\"twitter:data1\" content=\"Jonas Follonier\" \/>\n\t<meta name=\"twitter:label2\" content=\"Est. reading time\" \/>\n\t<meta name=\"twitter:data2\" content=\"5 minutes\" \/>\n<script type=\"application\/ld+json\" class=\"yoast-schema-graph\">{\"@context\":\"https:\\\/\\\/schema.org\",\"@graph\":[{\"@type\":\"Article\",\"@id\":\"https:\\\/\\\/leregardlibre.com\\\/politique\\\/suisse\\\/avec-la-vague-verte-un-nouveau-conservatisme-est-ne\\\/#article\",\"isPartOf\":{\"@id\":\"https:\\\/\\\/leregardlibre.com\\\/politique\\\/suisse\\\/avec-la-vague-verte-un-nouveau-conservatisme-est-ne\\\/\"},\"author\":{\"name\":\"Jonas Follonier\",\"@id\":\"https:\\\/\\\/leregardlibre.com\\\/#\\\/schema\\\/person\\\/bfe5aa794a23be71485d60e2d93ec0d2\"},\"headline\":\"Avec la vague verte, un nouveau conservatisme?\",\"datePublished\":\"2019-10-21T14:11:04+00:00\",\"dateModified\":\"2025-12-13T21:44:18+00:00\",\"mainEntityOfPage\":{\"@id\":\"https:\\\/\\\/leregardlibre.com\\\/politique\\\/suisse\\\/avec-la-vague-verte-un-nouveau-conservatisme-est-ne\\\/\"},\"wordCount\":1088,\"commentCount\":0,\"publisher\":{\"@id\":\"https:\\\/\\\/leregardlibre.com\\\/#organization\"},\"image\":{\"@id\":\"https:\\\/\\\/leregardlibre.com\\\/politique\\\/suisse\\\/avec-la-vague-verte-un-nouveau-conservatisme-est-ne\\\/#primaryimage\"},\"thumbnailUrl\":\"https:\\\/\\\/leregardlibre.com\\\/wp-content\\\/uploads\\\/2019\\\/10\\\/Palais-fe\u0301de\u0301ral.jpg\",\"keywords\":[\"Conservatisme\",\"Ecologie\",\"Editorial\",\"Elections f\u00e9d\u00e9rales 2019\",\"Les Verts\",\"Lib\u00e9ralisme\",\"Populisme\",\"Progressisme\"],\"articleSection\":[\"Suisse\"],\"inLanguage\":\"en-US\",\"potentialAction\":[{\"@type\":\"CommentAction\",\"name\":\"Comment\",\"target\":[\"https:\\\/\\\/leregardlibre.com\\\/politique\\\/suisse\\\/avec-la-vague-verte-un-nouveau-conservatisme-est-ne\\\/#respond\"]}]},{\"@type\":\"WebPage\",\"@id\":\"https:\\\/\\\/leregardlibre.com\\\/politique\\\/suisse\\\/avec-la-vague-verte-un-nouveau-conservatisme-est-ne\\\/\",\"url\":\"https:\\\/\\\/leregardlibre.com\\\/politique\\\/suisse\\\/avec-la-vague-verte-un-nouveau-conservatisme-est-ne\\\/\",\"name\":\"Avec la vague verte, un nouveau conservatisme?\",\"isPartOf\":{\"@id\":\"https:\\\/\\\/leregardlibre.com\\\/#website\"},\"primaryImageOfPage\":{\"@id\":\"https:\\\/\\\/leregardlibre.com\\\/politique\\\/suisse\\\/avec-la-vague-verte-un-nouveau-conservatisme-est-ne\\\/#primaryimage\"},\"image\":{\"@id\":\"https:\\\/\\\/leregardlibre.com\\\/politique\\\/suisse\\\/avec-la-vague-verte-un-nouveau-conservatisme-est-ne\\\/#primaryimage\"},\"thumbnailUrl\":\"https:\\\/\\\/leregardlibre.com\\\/wp-content\\\/uploads\\\/2019\\\/10\\\/Palais-fe\u0301de\u0301ral.jpg\",\"datePublished\":\"2019-10-21T14:11:04+00:00\",\"dateModified\":\"2025-12-13T21:44:18+00:00\",\"breadcrumb\":{\"@id\":\"https:\\\/\\\/leregardlibre.com\\\/politique\\\/suisse\\\/avec-la-vague-verte-un-nouveau-conservatisme-est-ne\\\/#breadcrumb\"},\"inLanguage\":\"en-US\",\"potentialAction\":[{\"@type\":\"ReadAction\",\"target\":[\"https:\\\/\\\/leregardlibre.com\\\/politique\\\/suisse\\\/avec-la-vague-verte-un-nouveau-conservatisme-est-ne\\\/\"]}]},{\"@type\":\"ImageObject\",\"inLanguage\":\"en-US\",\"@id\":\"https:\\\/\\\/leregardlibre.com\\\/politique\\\/suisse\\\/avec-la-vague-verte-un-nouveau-conservatisme-est-ne\\\/#primaryimage\",\"url\":\"https:\\\/\\\/leregardlibre.com\\\/wp-content\\\/uploads\\\/2019\\\/10\\\/Palais-fe\u0301de\u0301ral.jpg\",\"contentUrl\":\"https:\\\/\\\/leregardlibre.com\\\/wp-content\\\/uploads\\\/2019\\\/10\\\/Palais-fe\u0301de\u0301ral.jpg\",\"width\":1280,\"height\":843},{\"@type\":\"BreadcrumbList\",\"@id\":\"https:\\\/\\\/leregardlibre.com\\\/politique\\\/suisse\\\/avec-la-vague-verte-un-nouveau-conservatisme-est-ne\\\/#breadcrumb\",\"itemListElement\":[{\"@type\":\"ListItem\",\"position\":1,\"name\":\"Accueil\",\"item\":\"https:\\\/\\\/leregardlibre.com\\\/\"},{\"@type\":\"ListItem\",\"position\":2,\"name\":\"Avec la vague verte, un nouveau conservatisme?\"}]},{\"@type\":\"WebSite\",\"@id\":\"https:\\\/\\\/leregardlibre.com\\\/#website\",\"url\":\"https:\\\/\\\/leregardlibre.com\\\/\",\"name\":\"Le Regard Libre\",\"description\":\"Premier mensuel suisse de d\u00e9bat\",\"publisher\":{\"@id\":\"https:\\\/\\\/leregardlibre.com\\\/#organization\"},\"potentialAction\":[{\"@type\":\"SearchAction\",\"target\":{\"@type\":\"EntryPoint\",\"urlTemplate\":\"https:\\\/\\\/leregardlibre.com\\\/?s={search_term_string}\"},\"query-input\":{\"@type\":\"PropertyValueSpecification\",\"valueRequired\":true,\"valueName\":\"search_term_string\"}}],\"inLanguage\":\"en-US\"},{\"@type\":\"Organization\",\"@id\":\"https:\\\/\\\/leregardlibre.com\\\/#organization\",\"name\":\"Le Regard Libre\",\"url\":\"https:\\\/\\\/leregardlibre.com\\\/\",\"logo\":{\"@type\":\"ImageObject\",\"inLanguage\":\"en-US\",\"@id\":\"https:\\\/\\\/leregardlibre.com\\\/#\\\/schema\\\/logo\\\/image\\\/\",\"url\":\"https:\\\/\\\/leregardlibre.com\\\/wp-content\\\/uploads\\\/2025\\\/08\\\/logo-rl-icone-neg.jpeg\",\"contentUrl\":\"https:\\\/\\\/leregardlibre.com\\\/wp-content\\\/uploads\\\/2025\\\/08\\\/logo-rl-icone-neg.jpeg\",\"width\":557,\"height\":556,\"caption\":\"Le Regard Libre\"},\"image\":{\"@id\":\"https:\\\/\\\/leregardlibre.com\\\/#\\\/schema\\\/logo\\\/image\\\/\"},\"sameAs\":[\"https:\\\/\\\/www.facebook.com\\\/leregardlibre\\\/\",\"https:\\\/\\\/x.com\\\/LeRegardLibre\",\"https:\\\/\\\/www.linkedin.com\\\/company\\\/le-regard-libre\",\"https:\\\/\\\/www.instagram.com\\\/leregardlibre\\\/\",\"http:\\\/\\\/t.me\\\/leregardlibre\",\"https:\\\/\\\/youtube.com\\\/channel\\\/UC6HzGPomj1LsUmlz-sJtITQ\"],\"description\":\"Le Regard Libre est un mensuel suisse de d\u00e9bat intellectuel et culturel. Sa r\u00e9daction est jeune, b\u00e9n\u00e9vole, lib\u00e9rale et pluraliste. Le magazine para\u00eet en ligne et sous forme papier. Sa langue est le fran\u00e7ais.\",\"email\":\"redaction@leregardlibre.com\",\"legalName\":\"Le Regard Libre\",\"foundingDate\":\"2014-01-01\",\"numberOfEmployees\":{\"@type\":\"QuantitativeValue\",\"minValue\":\"11\",\"maxValue\":\"50\"},\"publishingPrinciples\":\"https:\\\/\\\/leregardlibre.com\\\/a-propos\\\/notre-manifeste\\\/\",\"ownershipFundingInfo\":\"https:\\\/\\\/leregardlibre.com\\\/mentions-legales\\\/\",\"actionableFeedbackPolicy\":\"https:\\\/\\\/leregardlibre.com\\\/conditions-generales-de-vente\\\/\"},{\"@type\":\"Person\",\"@id\":\"https:\\\/\\\/leregardlibre.com\\\/#\\\/schema\\\/person\\\/bfe5aa794a23be71485d60e2d93ec0d2\",\"name\":\"Jonas Follonier\",\"image\":{\"@type\":\"ImageObject\",\"inLanguage\":\"en-US\",\"@id\":\"https:\\\/\\\/secure.gravatar.com\\\/avatar\\\/602060b40f6a458420c2d140f49b6caea99152ce6704f2c332e5a0c5aad80303?s=96&d=identicon&r=g\",\"url\":\"https:\\\/\\\/secure.gravatar.com\\\/avatar\\\/602060b40f6a458420c2d140f49b6caea99152ce6704f2c332e5a0c5aad80303?s=96&d=identicon&r=g\",\"contentUrl\":\"https:\\\/\\\/secure.gravatar.com\\\/avatar\\\/602060b40f6a458420c2d140f49b6caea99152ce6704f2c332e5a0c5aad80303?s=96&d=identicon&r=g\",\"caption\":\"Jonas Follonier\"},\"description\":\"Correspondant au Palais f\u00e9d\u00e9ral pour \u00abL\u2019Agefi\u00bb, auteur-compositeur-interpr\u00e8te et essayiste, Jonas Follonier est le fondateur et r\u00e9dacteur en chef du \u00abRegard Libre\u00bb.\",\"sameAs\":[\"https:\\\/\\\/www.facebook.com\\\/jonas.follonier\\\/\",\"https:\\\/\\\/www.instagram.com\\\/jonasfollonier\\\/\",\"https:\\\/\\\/www.linkedin.com\\\/in\\\/jonasfollonier\\\/\",\"https:\\\/\\\/fr.wikipedia.org\\\/wiki\\\/Le_Regard_libre\"],\"url\":\"https:\\\/\\\/leregardlibre.com\\\/en\\\/author\\\/jonas-follonier\\\/\"}]}<\/script>\n<!-- \/ Yoast SEO Premium plugin. -->","yoast_head_json":{"title":"With the green wave, a new conservatism?","robots":{"index":"index","follow":"follow","max-snippet":"max-snippet:-1","max-image-preview":"max-image-preview:large","max-video-preview":"max-video-preview:-1"},"canonical":"https:\/\/leregardlibre.com\/en\/policy\/switzerland\/with-the-green-wave-a-new-conservatism-is-born\/","og_locale":"en_US","og_type":"article","og_title":"Avec la vague verte, un nouveau conservatisme?","og_description":"Le lib\u00e9ralisme et le conservatisme, deux cr\u00e9neaux de la droite classique europ\u00e9enne, ne sont pas les grands perdants des \u00e9lections f\u00e9d\u00e9rales. A bien y r\u00e9fl\u00e9chir, la pr\u00e9occupation \u00e9cologiste d\u00e9sormais officiellement pr\u00e9sente au sein de la population d\u00e9note une nouvelle forme de conservatisme et de fa\u00e7on de concevoir la libert\u00e9, au-del\u00e0 de la dimension sociale et progressiste qui caract\u00e9rise ce mouvement. Une mutation des grandes id\u00e9ologies qui comporte bien s\u00fbr de grandes forces, mais aussi de grands risques. Analyse.","og_url":"https:\/\/leregardlibre.com\/en\/policy\/switzerland\/with-the-green-wave-a-new-conservatism-is-born\/","og_site_name":"Le Regard Libre","article_publisher":"https:\/\/www.facebook.com\/leregardlibre\/","article_author":"https:\/\/www.facebook.com\/jonas.follonier\/","article_published_time":"2019-10-21T14:11:04+00:00","article_modified_time":"2025-12-13T21:44:18+00:00","og_image":[{"width":1280,"height":843,"url":"https:\/\/leregardlibre.com\/wp-content\/uploads\/2019\/10\/Palais-fe\u0301de\u0301ral.jpg","type":"image\/jpeg"}],"author":"Jonas Follonier","twitter_card":"summary_large_image","twitter_creator":"@LeRegardLibre","twitter_site":"@LeRegardLibre","twitter_misc":{"Written by":"Jonas Follonier","Est. reading time":"5 minutes"},"schema":{"@context":"https:\/\/schema.org","@graph":[{"@type":"Article","@id":"https:\/\/leregardlibre.com\/politique\/suisse\/avec-la-vague-verte-un-nouveau-conservatisme-est-ne\/#article","isPartOf":{"@id":"https:\/\/leregardlibre.com\/politique\/suisse\/avec-la-vague-verte-un-nouveau-conservatisme-est-ne\/"},"author":{"name":"Jonas Follonier","@id":"https:\/\/leregardlibre.com\/#\/schema\/person\/bfe5aa794a23be71485d60e2d93ec0d2"},"headline":"Avec la vague verte, un nouveau conservatisme?","datePublished":"2019-10-21T14:11:04+00:00","dateModified":"2025-12-13T21:44:18+00:00","mainEntityOfPage":{"@id":"https:\/\/leregardlibre.com\/politique\/suisse\/avec-la-vague-verte-un-nouveau-conservatisme-est-ne\/"},"wordCount":1088,"commentCount":0,"publisher":{"@id":"https:\/\/leregardlibre.com\/#organization"},"image":{"@id":"https:\/\/leregardlibre.com\/politique\/suisse\/avec-la-vague-verte-un-nouveau-conservatisme-est-ne\/#primaryimage"},"thumbnailUrl":"https:\/\/leregardlibre.com\/wp-content\/uploads\/2019\/10\/Palais-fe\u0301de\u0301ral.jpg","keywords":["Conservatisme","Ecologie","Editorial","Elections f\u00e9d\u00e9rales 2019","Les Verts","Lib\u00e9ralisme","Populisme","Progressisme"],"articleSection":["Suisse"],"inLanguage":"en-US","potentialAction":[{"@type":"CommentAction","name":"Comment","target":["https:\/\/leregardlibre.com\/politique\/suisse\/avec-la-vague-verte-un-nouveau-conservatisme-est-ne\/#respond"]}]},{"@type":"WebPage","@id":"https:\/\/leregardlibre.com\/politique\/suisse\/avec-la-vague-verte-un-nouveau-conservatisme-est-ne\/","url":"https:\/\/leregardlibre.com\/politique\/suisse\/avec-la-vague-verte-un-nouveau-conservatisme-est-ne\/","name":"With the green wave, a new conservatism?","isPartOf":{"@id":"https:\/\/leregardlibre.com\/#website"},"primaryImageOfPage":{"@id":"https:\/\/leregardlibre.com\/politique\/suisse\/avec-la-vague-verte-un-nouveau-conservatisme-est-ne\/#primaryimage"},"image":{"@id":"https:\/\/leregardlibre.com\/politique\/suisse\/avec-la-vague-verte-un-nouveau-conservatisme-est-ne\/#primaryimage"},"thumbnailUrl":"https:\/\/leregardlibre.com\/wp-content\/uploads\/2019\/10\/Palais-fe\u0301de\u0301ral.jpg","datePublished":"2019-10-21T14:11:04+00:00","dateModified":"2025-12-13T21:44:18+00:00","breadcrumb":{"@id":"https:\/\/leregardlibre.com\/politique\/suisse\/avec-la-vague-verte-un-nouveau-conservatisme-est-ne\/#breadcrumb"},"inLanguage":"en-US","potentialAction":[{"@type":"ReadAction","target":["https:\/\/leregardlibre.com\/politique\/suisse\/avec-la-vague-verte-un-nouveau-conservatisme-est-ne\/"]}]},{"@type":"ImageObject","inLanguage":"en-US","@id":"https:\/\/leregardlibre.com\/politique\/suisse\/avec-la-vague-verte-un-nouveau-conservatisme-est-ne\/#primaryimage","url":"https:\/\/leregardlibre.com\/wp-content\/uploads\/2019\/10\/Palais-fe\u0301de\u0301ral.jpg","contentUrl":"https:\/\/leregardlibre.com\/wp-content\/uploads\/2019\/10\/Palais-fe\u0301de\u0301ral.jpg","width":1280,"height":843},{"@type":"BreadcrumbList","@id":"https:\/\/leregardlibre.com\/politique\/suisse\/avec-la-vague-verte-un-nouveau-conservatisme-est-ne\/#breadcrumb","itemListElement":[{"@type":"ListItem","position":1,"name":"Accueil","item":"https:\/\/leregardlibre.com\/"},{"@type":"ListItem","position":2,"name":"Avec la vague verte, un nouveau conservatisme?"}]},{"@type":"WebSite","@id":"https:\/\/leregardlibre.com\/#website","url":"https:\/\/leregardlibre.com\/","name":"Le Regard Libre","description":"Switzerland's first monthly debate magazine","publisher":{"@id":"https:\/\/leregardlibre.com\/#organization"},"potentialAction":[{"@type":"SearchAction","target":{"@type":"EntryPoint","urlTemplate":"https:\/\/leregardlibre.com\/?s={search_term_string}"},"query-input":{"@type":"PropertyValueSpecification","valueRequired":true,"valueName":"search_term_string"}}],"inLanguage":"en-US"},{"@type":"Organization","@id":"https:\/\/leregardlibre.com\/#organization","name":"Le Regard Libre","url":"https:\/\/leregardlibre.com\/","logo":{"@type":"ImageObject","inLanguage":"en-US","@id":"https:\/\/leregardlibre.com\/#\/schema\/logo\/image\/","url":"https:\/\/leregardlibre.com\/wp-content\/uploads\/2025\/08\/logo-rl-icone-neg.jpeg","contentUrl":"https:\/\/leregardlibre.com\/wp-content\/uploads\/2025\/08\/logo-rl-icone-neg.jpeg","width":557,"height":556,"caption":"Le Regard Libre"},"image":{"@id":"https:\/\/leregardlibre.com\/#\/schema\/logo\/image\/"},"sameAs":["https:\/\/www.facebook.com\/leregardlibre\/","https:\/\/x.com\/LeRegardLibre","https:\/\/www.linkedin.com\/company\/le-regard-libre","https:\/\/www.instagram.com\/leregardlibre\/","http:\/\/t.me\/leregardlibre","https:\/\/youtube.com\/channel\/UC6HzGPomj1LsUmlz-sJtITQ"],"description":"Le Regard Libre is a Swiss monthly magazine for intellectual and cultural debate. Its editorial team is young, voluntary, liberal and pluralist. The magazine appears online and in print. Its language is French.","email":"redaction@leregardlibre.com","legalName":"Le Regard Libre","foundingDate":"2014-01-01","numberOfEmployees":{"@type":"QuantitativeValue","minValue":"11","maxValue":"50"},"publishingPrinciples":"https:\/\/leregardlibre.com\/a-propos\/notre-manifeste\/","ownershipFundingInfo":"https:\/\/leregardlibre.com\/mentions-legales\/","actionableFeedbackPolicy":"https:\/\/leregardlibre.com\/conditions-generales-de-vente\/"},{"@type":"Person","@id":"https:\/\/leregardlibre.com\/#\/schema\/person\/bfe5aa794a23be71485d60e2d93ec0d2","name":"Jonas Follonier","image":{"@type":"ImageObject","inLanguage":"en-US","@id":"https:\/\/secure.gravatar.com\/avatar\/602060b40f6a458420c2d140f49b6caea99152ce6704f2c332e5a0c5aad80303?s=96&d=identicon&r=g","url":"https:\/\/secure.gravatar.com\/avatar\/602060b40f6a458420c2d140f49b6caea99152ce6704f2c332e5a0c5aad80303?s=96&d=identicon&r=g","contentUrl":"https:\/\/secure.gravatar.com\/avatar\/602060b40f6a458420c2d140f49b6caea99152ce6704f2c332e5a0c5aad80303?s=96&d=identicon&r=g","caption":"Jonas Follonier"},"description":"Federal Palace correspondent for \u00abL'Agefi\u00bb, singer-songwriter Jonas Follonier is the founder and editor-in-chief of \u00abRegard Libre\u00bb.","sameAs":["https:\/\/www.facebook.com\/jonas.follonier\/","https:\/\/www.instagram.com\/jonasfollonier\/","https:\/\/www.linkedin.com\/in\/jonasfollonier\/","https:\/\/fr.wikipedia.org\/wiki\/Le_Regard_libre"],"url":"https:\/\/leregardlibre.com\/en\/author\/jonas-follonier\/"}]}},"_links":{"self":[{"href":"https:\/\/leregardlibre.com\/en\/wp-json\/wp\/v2\/posts\/26365","targetHints":{"allow":["GET"]}}],"collection":[{"href":"https:\/\/leregardlibre.com\/en\/wp-json\/wp\/v2\/posts"}],"about":[{"href":"https:\/\/leregardlibre.com\/en\/wp-json\/wp\/v2\/types\/post"}],"author":[{"embeddable":true,"href":"https:\/\/leregardlibre.com\/en\/wp-json\/wp\/v2\/users\/138"}],"replies":[{"embeddable":true,"href":"https:\/\/leregardlibre.com\/en\/wp-json\/wp\/v2\/comments?post=26365"}],"version-history":[{"count":1,"href":"https:\/\/leregardlibre.com\/en\/wp-json\/wp\/v2\/posts\/26365\/revisions"}],"predecessor-version":[{"id":509090,"href":"https:\/\/leregardlibre.com\/en\/wp-json\/wp\/v2\/posts\/26365\/revisions\/509090"}],"wp:featuredmedia":[{"embeddable":true,"href":"https:\/\/leregardlibre.com\/en\/wp-json\/wp\/v2\/media\/26417"}],"wp:attachment":[{"href":"https:\/\/leregardlibre.com\/en\/wp-json\/wp\/v2\/media?parent=26365"}],"wp:term":[{"taxonomy":"category","embeddable":true,"href":"https:\/\/leregardlibre.com\/en\/wp-json\/wp\/v2\/categories?post=26365"},{"taxonomy":"post_tag","embeddable":true,"href":"https:\/\/leregardlibre.com\/en\/wp-json\/wp\/v2\/tags?post=26365"}],"curies":[{"name":"wp","href":"https:\/\/api.w.org\/{rel}","templated":true}]}}