{"id":26655,"date":"2019-10-28T08:00:43","date_gmt":"2019-10-28T07:00:43","guid":{"rendered":"https:\/\/leregardlibre.com\/?p=26655"},"modified":"2025-12-13T22:44:17","modified_gmt":"2025-12-13T21:44:17","slug":"what-the-new-national-council-reveals","status":"publish","type":"post","link":"https:\/\/leregardlibre.com\/en\/politique\/suisse\/ce-que-revele-le-nouveau-conseil-national\/","title":{"rendered":"What the new National Council reveals"},"content":{"rendered":"<p class=\"has-drop-cap\"><strong>The run-up to the federal elections did not offer much in the way of substantive debate. Ecology was omnipresent, overshadowing issues such as Europe, old-age provision and health insurance. In contrast to the upstream campaign, the results are very interesting: the left does not represent the workers it wants to defend, and the divide between town and country has been consummated.<\/strong><\/p>\n\n\n\n<!--more Lire la suite de l'article-->\n\n\n\n<p>A <a href=\"http:\/\/wp.unil.ch\/eliteresearch\/2019\/10\/le-profil-socio-professionnel-du-nouveau-conseil-national\/\">Analysis of the Socio-Professional Profile of the New National Council<\/a> A study conducted by the Observatory of Swiss Elites (OBELIS) at the University of Lausanne provides insight into the educational background of the new lower house. The following graph shows the proportion of university graduates among the party delegations in the newly elected National Council:<\/p>\n\n\n\n<figure class=\"wp-block-image\"><a href=\"http:\/\/leregardlibre.com\/wp-content\/uploads\/2019\/10\/Graphique-OBELIS.png\"><img fetchpriority=\"high\" decoding=\"async\" width=\"768\" height=\"472\" src=\"http:\/\/leregardlibre.com\/wp-content\/uploads\/2019\/10\/Graphique-OBELIS.png\" alt=\"\" class=\"wp-image-26680\" srcset=\"https:\/\/leregardlibre.com\/wp-content\/uploads\/2019\/10\/Graphique-OBELIS.png 768w, https:\/\/leregardlibre.com\/wp-content\/uploads\/2019\/10\/Graphique-OBELIS-585x360.png 585w, https:\/\/leregardlibre.com\/wp-content\/uploads\/2019\/10\/Graphique-OBELIS-150x92.png 150w, https:\/\/leregardlibre.com\/wp-content\/uploads\/2019\/10\/Graphique-OBELIS-300x184.png 300w, https:\/\/leregardlibre.com\/wp-content\/uploads\/2019\/10\/Graphique-OBELIS-600x369.png 600w\" sizes=\"(max-width: 768px) 100vw, 768px\" \/><\/a><figcaption class=\"wp-element-caption\">Source: OBELIS<\/figcaption><\/figure>\n\n\n\n<h3 class=\"wp-block-heading\"><strong>The End of the Labor Left<\/strong><\/h3>\n\n\n\n<p>The figures are crystal clear: the academic community is generally overrepresented. At the <a href=\"https:\/\/www.bfs.admin.ch\/bfs\/fr\/home\/statistiques\/situation-economique-sociale-population\/egalite-femmes-hommes\/formation\/formations-achevees.assetdetail.9927340.html\">at the national level<\/a>, at most 30% of the population has completed higher education\u2014including university, specialized, and teacher-training institutions\u2014compared to 61% of the members of the National Council. While Parliament\u2019s mission is to represent all segments of the population, this goal is unfortunately far from being achieved. However, some parties come closer to this ideal than others. The further to the left a party is, the more elected officials with university degrees it has. <\/p>\n\n\n\n<p>The left therefore represents the people less effectively than the right when it comes to educational attainment. The side that usually claims to defend the disadvantaged and less-educated classes\u2014the \u201cmonopoly on compassion,\u201d as someone once put it\u2014and that accuses the right of representing out-of-touch elites, seems to be criticizing its opponents for exactly what it is itself. The Socialist Party and the Greens do, in fact, represent less-educated people and working-class individuals\u2014who make up the vast majority of the population\u2014very poorly. <\/p>\n\n\n\n<p class=\"has-text-align-left has-dark-gray-color has-text-color\"><strong>Read also | <a href=\"https:\/\/leregardlibre.com\/en\/2019\/03\/16\/the-melancholy-of-the-true-left\/\">The melancholy of the true left<\/a><\/strong><\/p>\n\n\n\n<p>This situation confirms the shift taken by the left. It now finds itself unable to resonate with workers, whose rights are relatively well protected and who are instead turning to the UDC, expressing a desire to protect their jobs from immigration. This is particularly evident in the case of labor unions, which have very few opportunities to protest against employer abuses. The left now primarily defends minorities of all kinds (literally), while the labor movement is dying out. <\/p>\n\n\n\n<h3 class=\"wp-block-heading\"><strong>A Deepening Divide Between City and Countryside<\/strong><\/h3>\n\n\n\n<p>The divide between urban and rural areas is another notable finding from these federal elections. As the chart below illustrates, the more urban the electorate, the more it votes for left-wing parties\u2014the Socialist Party and the Greens. <\/p>\n\n\n<div class=\"wp-block-image\">\n<figure class=\"aligncenter\"><img decoding=\"async\" width=\"345\" height=\"131\" src=\"http:\/\/leregardlibre.com\/wp-content\/uploads\/2019\/10\/\u00a9-Radio-Te\u0301le\u0301vision-Suisse-Romande.jpg\" alt=\"\" class=\"wp-image-26663\" srcset=\"https:\/\/leregardlibre.com\/wp-content\/uploads\/2019\/10\/\u00a9-Radio-Te\u0301le\u0301vision-Suisse-Romande.jpg 345w, https:\/\/leregardlibre.com\/wp-content\/uploads\/2019\/10\/\u00a9-Radio-Te\u0301le\u0301vision-Suisse-Romande-150x57.jpg 150w, https:\/\/leregardlibre.com\/wp-content\/uploads\/2019\/10\/\u00a9-Radio-Te\u0301le\u0301vision-Suisse-Romande-300x114.jpg 300w\" sizes=\"(max-width: 345px) 100vw, 345px\" \/><figcaption class=\"wp-element-caption\">Source: Swiss Radio and Television<\/figcaption><\/figure>\n<\/div>\n\n\n<p>These figures illustrate, in particular, the paradox that urban voters elect left-wing politicians determined to take radical measures to combat climate change, even though it is precisely people living in rural areas who will be most affected by those measures. In the Sunday press, C\u00e9line Vara, a Green Party representative from Neuch\u00e2tel, explained that \u00abwe must make efforts to address the climate emergency.\u00bb But who, exactly, will have to make those efforts? It is unlikely to be the urban population that elected her\u2014a population that has more than enough means to pay a tax on an airline ticket or a public transit pass. People living in rural areas, who depend on cars, will, however, have to pay a tax on gasoline or face other restrictions on personal mobility. <\/p>\n\n\n\n<p>This divide between urban and rural areas illustrates a structural dysfunction similar to the one that sparked the \u00abYellow Vests\u00bb movement in France. The self-righteous political establishment seeks to impose its standards on the population, convinced that it is close to the people and understands their problems. However, as we have seen, the left represents, for all intents and purposes, only a certain segment of the academic community\u2014one that is largely privileged and urban-based.<\/p>","protected":false},"excerpt":{"rendered":"<p>The run-up to the federal elections did not offer much in the way of substantive debate. Ecology was omnipresent, overshadowing issues such as Europe, old-age provision and health insurance. In contrast to the upstream campaign, the results are very interesting: the left does not represent the workers it wants to defend, and the divide between town and country has been consummated.<\/p>","protected":false},"author":334,"featured_media":26660,"comment_status":"open","ping_status":"open","sticky":false,"template":"","format":"standard","meta":{"_acf_changed":false,"footnotes":""},"categories":[644357279],"tags":[421217,644344320,371280867,644340919,141669,252038],"class_list":["post-26655","post","type-post","status-publish","format-standard","has-post-thumbnail","hentry","category-suisse","tag-changement-climatique","tag-clivage-villes-campagnes","tag-droite-gauche","tag-parlement","tag-ps","tag-udc"],"acf":[],"yoast_head":"<!-- This site is optimized with the Yoast SEO Premium plugin v28.4 (Yoast SEO v28.4) - https:\/\/yoast.com\/product\/yoast-seo-premium-wordpress\/ -->\n<title>Ce que r\u00e9v\u00e8le le nouveau Conseil national<\/title>\n<meta name=\"description\" content=\"Au Conseil national, la gauche ne repr\u00e9sente pas les ouvriers qu\u2019elle veut d\u00e9fendre et la fracture entre ville et campagne est consomm\u00e9e.\" \/>\n<meta name=\"robots\" content=\"index, follow, max-snippet:-1, max-image-preview:large, max-video-preview:-1\" \/>\n<link rel=\"canonical\" href=\"https:\/\/leregardlibre.com\/en\/policy\/switzerland\/what-the-new-national-council-reveals\/\" \/>\n<meta property=\"og:locale\" content=\"en_US\" \/>\n<meta property=\"og:type\" content=\"article\" \/>\n<meta property=\"og:title\" content=\"Ce que r\u00e9v\u00e8le le nouveau Conseil national\" \/>\n<meta property=\"og:description\" content=\"Au Conseil national, la gauche ne repr\u00e9sente pas les ouvriers qu\u2019elle veut d\u00e9fendre et la fracture entre ville et campagne est consomm\u00e9e.\" \/>\n<meta property=\"og:url\" content=\"https:\/\/leregardlibre.com\/en\/policy\/switzerland\/what-the-new-national-council-reveals\/\" \/>\n<meta property=\"og:site_name\" content=\"Le Regard Libre\" \/>\n<meta property=\"article:publisher\" content=\"https:\/\/www.facebook.com\/leregardlibre\/\" \/>\n<meta property=\"article:published_time\" content=\"2019-10-28T07:00:43+00:00\" \/>\n<meta property=\"article:modified_time\" content=\"2025-12-13T21:44:17+00:00\" \/>\n<meta property=\"og:image\" content=\"https:\/\/leregardlibre.com\/wp-content\/uploads\/2019\/10\/Chamber_Swiss_National_Council-e1689673575996.jpg\" \/>\n\t<meta property=\"og:image:width\" content=\"1920\" \/>\n\t<meta property=\"og:image:height\" content=\"1252\" \/>\n\t<meta property=\"og:image:type\" content=\"image\/jpeg\" \/>\n<meta name=\"author\" content=\"J\u00e9r\u00e9mie Bongiovanni\" \/>\n<meta name=\"twitter:card\" content=\"summary_large_image\" \/>\n<meta name=\"twitter:creator\" content=\"@LeRegardLibre\" \/>\n<meta name=\"twitter:site\" content=\"@LeRegardLibre\" \/>\n<meta name=\"twitter:label1\" content=\"Written by\" \/>\n\t<meta name=\"twitter:data1\" content=\"J\u00e9r\u00e9mie Bongiovanni\" \/>\n\t<meta name=\"twitter:label2\" content=\"Est. reading time\" \/>\n\t<meta name=\"twitter:data2\" content=\"4 minutes\" \/>\n<script type=\"application\/ld+json\" class=\"yoast-schema-graph\">{\"@context\":\"https:\\\/\\\/schema.org\",\"@graph\":[{\"@type\":\"Article\",\"@id\":\"https:\\\/\\\/leregardlibre.com\\\/politique\\\/suisse\\\/ce-que-revele-le-nouveau-conseil-national\\\/#article\",\"isPartOf\":{\"@id\":\"https:\\\/\\\/leregardlibre.com\\\/politique\\\/suisse\\\/ce-que-revele-le-nouveau-conseil-national\\\/\"},\"author\":{\"name\":\"J\u00e9r\u00e9mie Bongiovanni\",\"@id\":\"https:\\\/\\\/leregardlibre.com\\\/#\\\/schema\\\/person\\\/f3e6319b17f74b61ee1cbeab93efd96b\"},\"headline\":\"Ce que r\u00e9v\u00e8le le nouveau Conseil national\",\"datePublished\":\"2019-10-28T07:00:43+00:00\",\"dateModified\":\"2025-12-13T21:44:17+00:00\",\"mainEntityOfPage\":{\"@id\":\"https:\\\/\\\/leregardlibre.com\\\/politique\\\/suisse\\\/ce-que-revele-le-nouveau-conseil-national\\\/\"},\"wordCount\":750,\"commentCount\":0,\"publisher\":{\"@id\":\"https:\\\/\\\/leregardlibre.com\\\/#organization\"},\"image\":{\"@id\":\"https:\\\/\\\/leregardlibre.com\\\/politique\\\/suisse\\\/ce-que-revele-le-nouveau-conseil-national\\\/#primaryimage\"},\"thumbnailUrl\":\"https:\\\/\\\/leregardlibre.com\\\/wp-content\\\/uploads\\\/2019\\\/10\\\/Chamber_Swiss_National_Council-e1689673575996.jpg\",\"keywords\":[\"Changement climatique\",\"Clivage villes-campagnes\",\"Droite et gauche\",\"Parlement\",\"PS\",\"UDC\"],\"articleSection\":[\"Suisse\"],\"inLanguage\":\"en-US\",\"potentialAction\":[{\"@type\":\"CommentAction\",\"name\":\"Comment\",\"target\":[\"https:\\\/\\\/leregardlibre.com\\\/politique\\\/suisse\\\/ce-que-revele-le-nouveau-conseil-national\\\/#respond\"]}]},{\"@type\":\"WebPage\",\"@id\":\"https:\\\/\\\/leregardlibre.com\\\/politique\\\/suisse\\\/ce-que-revele-le-nouveau-conseil-national\\\/\",\"url\":\"https:\\\/\\\/leregardlibre.com\\\/politique\\\/suisse\\\/ce-que-revele-le-nouveau-conseil-national\\\/\",\"name\":\"Ce que r\u00e9v\u00e8le le nouveau Conseil national\",\"isPartOf\":{\"@id\":\"https:\\\/\\\/leregardlibre.com\\\/#website\"},\"primaryImageOfPage\":{\"@id\":\"https:\\\/\\\/leregardlibre.com\\\/politique\\\/suisse\\\/ce-que-revele-le-nouveau-conseil-national\\\/#primaryimage\"},\"image\":{\"@id\":\"https:\\\/\\\/leregardlibre.com\\\/politique\\\/suisse\\\/ce-que-revele-le-nouveau-conseil-national\\\/#primaryimage\"},\"thumbnailUrl\":\"https:\\\/\\\/leregardlibre.com\\\/wp-content\\\/uploads\\\/2019\\\/10\\\/Chamber_Swiss_National_Council-e1689673575996.jpg\",\"datePublished\":\"2019-10-28T07:00:43+00:00\",\"dateModified\":\"2025-12-13T21:44:17+00:00\",\"description\":\"Au Conseil national, la gauche ne repr\u00e9sente pas les ouvriers qu\u2019elle veut d\u00e9fendre et la fracture entre ville et campagne est consomm\u00e9e.\",\"breadcrumb\":{\"@id\":\"https:\\\/\\\/leregardlibre.com\\\/politique\\\/suisse\\\/ce-que-revele-le-nouveau-conseil-national\\\/#breadcrumb\"},\"inLanguage\":\"en-US\",\"potentialAction\":[{\"@type\":\"ReadAction\",\"target\":[\"https:\\\/\\\/leregardlibre.com\\\/politique\\\/suisse\\\/ce-que-revele-le-nouveau-conseil-national\\\/\"]}]},{\"@type\":\"ImageObject\",\"inLanguage\":\"en-US\",\"@id\":\"https:\\\/\\\/leregardlibre.com\\\/politique\\\/suisse\\\/ce-que-revele-le-nouveau-conseil-national\\\/#primaryimage\",\"url\":\"https:\\\/\\\/leregardlibre.com\\\/wp-content\\\/uploads\\\/2019\\\/10\\\/Chamber_Swiss_National_Council-e1689673575996.jpg\",\"contentUrl\":\"https:\\\/\\\/leregardlibre.com\\\/wp-content\\\/uploads\\\/2019\\\/10\\\/Chamber_Swiss_National_Council-e1689673575996.jpg\",\"width\":1920,\"height\":1252,\"caption\":\"La salle du Conseil national, \u00e0 Berne, le 20 mai 2003 \u00a9 Peter Mosimann\"},{\"@type\":\"BreadcrumbList\",\"@id\":\"https:\\\/\\\/leregardlibre.com\\\/politique\\\/suisse\\\/ce-que-revele-le-nouveau-conseil-national\\\/#breadcrumb\",\"itemListElement\":[{\"@type\":\"ListItem\",\"position\":1,\"name\":\"Accueil\",\"item\":\"https:\\\/\\\/leregardlibre.com\\\/\"},{\"@type\":\"ListItem\",\"position\":2,\"name\":\"Ce que r\u00e9v\u00e8le le nouveau Conseil national\"}]},{\"@type\":\"WebSite\",\"@id\":\"https:\\\/\\\/leregardlibre.com\\\/#website\",\"url\":\"https:\\\/\\\/leregardlibre.com\\\/\",\"name\":\"Le Regard Libre\",\"description\":\"Premier mensuel suisse de d\u00e9bat\",\"publisher\":{\"@id\":\"https:\\\/\\\/leregardlibre.com\\\/#organization\"},\"potentialAction\":[{\"@type\":\"SearchAction\",\"target\":{\"@type\":\"EntryPoint\",\"urlTemplate\":\"https:\\\/\\\/leregardlibre.com\\\/?s={search_term_string}\"},\"query-input\":{\"@type\":\"PropertyValueSpecification\",\"valueRequired\":true,\"valueName\":\"search_term_string\"}}],\"inLanguage\":\"en-US\"},{\"@type\":\"Organization\",\"@id\":\"https:\\\/\\\/leregardlibre.com\\\/#organization\",\"name\":\"Le Regard Libre\",\"url\":\"https:\\\/\\\/leregardlibre.com\\\/\",\"logo\":{\"@type\":\"ImageObject\",\"inLanguage\":\"en-US\",\"@id\":\"https:\\\/\\\/leregardlibre.com\\\/#\\\/schema\\\/logo\\\/image\\\/\",\"url\":\"https:\\\/\\\/leregardlibre.com\\\/wp-content\\\/uploads\\\/2025\\\/08\\\/logo-rl-icone-neg.jpeg\",\"contentUrl\":\"https:\\\/\\\/leregardlibre.com\\\/wp-content\\\/uploads\\\/2025\\\/08\\\/logo-rl-icone-neg.jpeg\",\"width\":557,\"height\":556,\"caption\":\"Le Regard Libre\"},\"image\":{\"@id\":\"https:\\\/\\\/leregardlibre.com\\\/#\\\/schema\\\/logo\\\/image\\\/\"},\"sameAs\":[\"https:\\\/\\\/www.facebook.com\\\/leregardlibre\\\/\",\"https:\\\/\\\/x.com\\\/LeRegardLibre\",\"https:\\\/\\\/www.linkedin.com\\\/company\\\/le-regard-libre\",\"https:\\\/\\\/www.instagram.com\\\/leregardlibre\\\/\",\"http:\\\/\\\/t.me\\\/leregardlibre\",\"https:\\\/\\\/youtube.com\\\/channel\\\/UC6HzGPomj1LsUmlz-sJtITQ\"],\"description\":\"Le Regard Libre est un mensuel suisse de d\u00e9bat intellectuel et culturel. Sa r\u00e9daction est jeune, b\u00e9n\u00e9vole, lib\u00e9rale et pluraliste. Le magazine para\u00eet en ligne et sous forme papier. Sa langue est le fran\u00e7ais.\",\"email\":\"redaction@leregardlibre.com\",\"legalName\":\"Le Regard Libre\",\"foundingDate\":\"2014-01-01\",\"numberOfEmployees\":{\"@type\":\"QuantitativeValue\",\"minValue\":\"11\",\"maxValue\":\"50\"},\"publishingPrinciples\":\"https:\\\/\\\/leregardlibre.com\\\/a-propos\\\/notre-manifeste\\\/\",\"ownershipFundingInfo\":\"https:\\\/\\\/leregardlibre.com\\\/mentions-legales\\\/\",\"actionableFeedbackPolicy\":\"https:\\\/\\\/leregardlibre.com\\\/conditions-generales-de-vente\\\/\"},{\"@type\":\"Person\",\"@id\":\"https:\\\/\\\/leregardlibre.com\\\/#\\\/schema\\\/person\\\/f3e6319b17f74b61ee1cbeab93efd96b\",\"name\":\"J\u00e9r\u00e9mie Bongiovanni\",\"image\":{\"@type\":\"ImageObject\",\"inLanguage\":\"en-US\",\"@id\":\"https:\\\/\\\/secure.gravatar.com\\\/avatar\\\/4b3435964c432c0e6b6d18c4ede3fbda14221b9972e7c161f47c78f6cfb96299?s=96&d=identicon&r=g\",\"url\":\"https:\\\/\\\/secure.gravatar.com\\\/avatar\\\/4b3435964c432c0e6b6d18c4ede3fbda14221b9972e7c161f47c78f6cfb96299?s=96&d=identicon&r=g\",\"contentUrl\":\"https:\\\/\\\/secure.gravatar.com\\\/avatar\\\/4b3435964c432c0e6b6d18c4ede3fbda14221b9972e7c161f47c78f6cfb96299?s=96&d=identicon&r=g\",\"caption\":\"J\u00e9r\u00e9mie Bongiovanni\"},\"sameAs\":[\"https:\\\/\\\/leregardlibre.com\\\/\"],\"url\":\"https:\\\/\\\/leregardlibre.com\\\/en\\\/author\\\/jeremie-bongiovanni\\\/\"}]}<\/script>\n<!-- \/ Yoast SEO Premium plugin. -->","yoast_head_json":{"title":"What the new National Council reveals","description":"In the National Council, the left does not represent the workers it claims to defend, and the divide between urban and rural areas is now a reality.","robots":{"index":"index","follow":"follow","max-snippet":"max-snippet:-1","max-image-preview":"max-image-preview:large","max-video-preview":"max-video-preview:-1"},"canonical":"https:\/\/leregardlibre.com\/en\/policy\/switzerland\/what-the-new-national-council-reveals\/","og_locale":"en_US","og_type":"article","og_title":"Ce que r\u00e9v\u00e8le le nouveau Conseil national","og_description":"Au Conseil national, la gauche ne repr\u00e9sente pas les ouvriers qu\u2019elle veut d\u00e9fendre et la fracture entre ville et campagne est consomm\u00e9e.","og_url":"https:\/\/leregardlibre.com\/en\/policy\/switzerland\/what-the-new-national-council-reveals\/","og_site_name":"Le Regard Libre","article_publisher":"https:\/\/www.facebook.com\/leregardlibre\/","article_published_time":"2019-10-28T07:00:43+00:00","article_modified_time":"2025-12-13T21:44:17+00:00","og_image":[{"width":1920,"height":1252,"url":"https:\/\/leregardlibre.com\/wp-content\/uploads\/2019\/10\/Chamber_Swiss_National_Council-e1689673575996.jpg","type":"image\/jpeg"}],"author":"J\u00e9r\u00e9mie Bongiovanni","twitter_card":"summary_large_image","twitter_creator":"@LeRegardLibre","twitter_site":"@LeRegardLibre","twitter_misc":{"Written by":"J\u00e9r\u00e9mie Bongiovanni","Est. reading time":"4 minutes"},"schema":{"@context":"https:\/\/schema.org","@graph":[{"@type":"Article","@id":"https:\/\/leregardlibre.com\/politique\/suisse\/ce-que-revele-le-nouveau-conseil-national\/#article","isPartOf":{"@id":"https:\/\/leregardlibre.com\/politique\/suisse\/ce-que-revele-le-nouveau-conseil-national\/"},"author":{"name":"J\u00e9r\u00e9mie Bongiovanni","@id":"https:\/\/leregardlibre.com\/#\/schema\/person\/f3e6319b17f74b61ee1cbeab93efd96b"},"headline":"Ce que r\u00e9v\u00e8le le nouveau Conseil national","datePublished":"2019-10-28T07:00:43+00:00","dateModified":"2025-12-13T21:44:17+00:00","mainEntityOfPage":{"@id":"https:\/\/leregardlibre.com\/politique\/suisse\/ce-que-revele-le-nouveau-conseil-national\/"},"wordCount":750,"commentCount":0,"publisher":{"@id":"https:\/\/leregardlibre.com\/#organization"},"image":{"@id":"https:\/\/leregardlibre.com\/politique\/suisse\/ce-que-revele-le-nouveau-conseil-national\/#primaryimage"},"thumbnailUrl":"https:\/\/leregardlibre.com\/wp-content\/uploads\/2019\/10\/Chamber_Swiss_National_Council-e1689673575996.jpg","keywords":["Changement climatique","Clivage villes-campagnes","Droite et gauche","Parlement","PS","UDC"],"articleSection":["Suisse"],"inLanguage":"en-US","potentialAction":[{"@type":"CommentAction","name":"Comment","target":["https:\/\/leregardlibre.com\/politique\/suisse\/ce-que-revele-le-nouveau-conseil-national\/#respond"]}]},{"@type":"WebPage","@id":"https:\/\/leregardlibre.com\/politique\/suisse\/ce-que-revele-le-nouveau-conseil-national\/","url":"https:\/\/leregardlibre.com\/politique\/suisse\/ce-que-revele-le-nouveau-conseil-national\/","name":"What the new National Council reveals","isPartOf":{"@id":"https:\/\/leregardlibre.com\/#website"},"primaryImageOfPage":{"@id":"https:\/\/leregardlibre.com\/politique\/suisse\/ce-que-revele-le-nouveau-conseil-national\/#primaryimage"},"image":{"@id":"https:\/\/leregardlibre.com\/politique\/suisse\/ce-que-revele-le-nouveau-conseil-national\/#primaryimage"},"thumbnailUrl":"https:\/\/leregardlibre.com\/wp-content\/uploads\/2019\/10\/Chamber_Swiss_National_Council-e1689673575996.jpg","datePublished":"2019-10-28T07:00:43+00:00","dateModified":"2025-12-13T21:44:17+00:00","description":"In the National Council, the left does not represent the workers it claims to defend, and the divide between urban and rural areas is now a reality.","breadcrumb":{"@id":"https:\/\/leregardlibre.com\/politique\/suisse\/ce-que-revele-le-nouveau-conseil-national\/#breadcrumb"},"inLanguage":"en-US","potentialAction":[{"@type":"ReadAction","target":["https:\/\/leregardlibre.com\/politique\/suisse\/ce-que-revele-le-nouveau-conseil-national\/"]}]},{"@type":"ImageObject","inLanguage":"en-US","@id":"https:\/\/leregardlibre.com\/politique\/suisse\/ce-que-revele-le-nouveau-conseil-national\/#primaryimage","url":"https:\/\/leregardlibre.com\/wp-content\/uploads\/2019\/10\/Chamber_Swiss_National_Council-e1689673575996.jpg","contentUrl":"https:\/\/leregardlibre.com\/wp-content\/uploads\/2019\/10\/Chamber_Swiss_National_Council-e1689673575996.jpg","width":1920,"height":1252,"caption":"La salle du Conseil national, \u00e0 Berne, le 20 mai 2003 \u00a9 Peter Mosimann"},{"@type":"BreadcrumbList","@id":"https:\/\/leregardlibre.com\/politique\/suisse\/ce-que-revele-le-nouveau-conseil-national\/#breadcrumb","itemListElement":[{"@type":"ListItem","position":1,"name":"Accueil","item":"https:\/\/leregardlibre.com\/"},{"@type":"ListItem","position":2,"name":"Ce que r\u00e9v\u00e8le le nouveau Conseil national"}]},{"@type":"WebSite","@id":"https:\/\/leregardlibre.com\/#website","url":"https:\/\/leregardlibre.com\/","name":"Le Regard Libre","description":"Switzerland's first monthly debate magazine","publisher":{"@id":"https:\/\/leregardlibre.com\/#organization"},"potentialAction":[{"@type":"SearchAction","target":{"@type":"EntryPoint","urlTemplate":"https:\/\/leregardlibre.com\/?s={search_term_string}"},"query-input":{"@type":"PropertyValueSpecification","valueRequired":true,"valueName":"search_term_string"}}],"inLanguage":"en-US"},{"@type":"Organization","@id":"https:\/\/leregardlibre.com\/#organization","name":"Le Regard Libre","url":"https:\/\/leregardlibre.com\/","logo":{"@type":"ImageObject","inLanguage":"en-US","@id":"https:\/\/leregardlibre.com\/#\/schema\/logo\/image\/","url":"https:\/\/leregardlibre.com\/wp-content\/uploads\/2025\/08\/logo-rl-icone-neg.jpeg","contentUrl":"https:\/\/leregardlibre.com\/wp-content\/uploads\/2025\/08\/logo-rl-icone-neg.jpeg","width":557,"height":556,"caption":"Le Regard Libre"},"image":{"@id":"https:\/\/leregardlibre.com\/#\/schema\/logo\/image\/"},"sameAs":["https:\/\/www.facebook.com\/leregardlibre\/","https:\/\/x.com\/LeRegardLibre","https:\/\/www.linkedin.com\/company\/le-regard-libre","https:\/\/www.instagram.com\/leregardlibre\/","http:\/\/t.me\/leregardlibre","https:\/\/youtube.com\/channel\/UC6HzGPomj1LsUmlz-sJtITQ"],"description":"Le Regard Libre is a Swiss monthly magazine for intellectual and cultural debate. Its editorial team is young, voluntary, liberal and pluralist. The magazine appears online and in print. Its language is French.","email":"redaction@leregardlibre.com","legalName":"Le Regard Libre","foundingDate":"2014-01-01","numberOfEmployees":{"@type":"QuantitativeValue","minValue":"11","maxValue":"50"},"publishingPrinciples":"https:\/\/leregardlibre.com\/a-propos\/notre-manifeste\/","ownershipFundingInfo":"https:\/\/leregardlibre.com\/mentions-legales\/","actionableFeedbackPolicy":"https:\/\/leregardlibre.com\/conditions-generales-de-vente\/"},{"@type":"Person","@id":"https:\/\/leregardlibre.com\/#\/schema\/person\/f3e6319b17f74b61ee1cbeab93efd96b","name":"J\u00e9r\u00e9mie Bongiovanni","image":{"@type":"ImageObject","inLanguage":"en-US","@id":"https:\/\/secure.gravatar.com\/avatar\/4b3435964c432c0e6b6d18c4ede3fbda14221b9972e7c161f47c78f6cfb96299?s=96&d=identicon&r=g","url":"https:\/\/secure.gravatar.com\/avatar\/4b3435964c432c0e6b6d18c4ede3fbda14221b9972e7c161f47c78f6cfb96299?s=96&d=identicon&r=g","contentUrl":"https:\/\/secure.gravatar.com\/avatar\/4b3435964c432c0e6b6d18c4ede3fbda14221b9972e7c161f47c78f6cfb96299?s=96&d=identicon&r=g","caption":"J\u00e9r\u00e9mie Bongiovanni"},"sameAs":["https:\/\/leregardlibre.com\/"],"url":"https:\/\/leregardlibre.com\/en\/author\/jeremie-bongiovanni\/"}]}},"_links":{"self":[{"href":"https:\/\/leregardlibre.com\/en\/wp-json\/wp\/v2\/posts\/26655","targetHints":{"allow":["GET"]}}],"collection":[{"href":"https:\/\/leregardlibre.com\/en\/wp-json\/wp\/v2\/posts"}],"about":[{"href":"https:\/\/leregardlibre.com\/en\/wp-json\/wp\/v2\/types\/post"}],"author":[{"embeddable":true,"href":"https:\/\/leregardlibre.com\/en\/wp-json\/wp\/v2\/users\/334"}],"replies":[{"embeddable":true,"href":"https:\/\/leregardlibre.com\/en\/wp-json\/wp\/v2\/comments?post=26655"}],"version-history":[{"count":2,"href":"https:\/\/leregardlibre.com\/en\/wp-json\/wp\/v2\/posts\/26655\/revisions"}],"predecessor-version":[{"id":519190,"href":"https:\/\/leregardlibre.com\/en\/wp-json\/wp\/v2\/posts\/26655\/revisions\/519190"}],"wp:featuredmedia":[{"embeddable":true,"href":"https:\/\/leregardlibre.com\/en\/wp-json\/wp\/v2\/media\/26660"}],"wp:attachment":[{"href":"https:\/\/leregardlibre.com\/en\/wp-json\/wp\/v2\/media?parent=26655"}],"wp:term":[{"taxonomy":"category","embeddable":true,"href":"https:\/\/leregardlibre.com\/en\/wp-json\/wp\/v2\/categories?post=26655"},{"taxonomy":"post_tag","embeddable":true,"href":"https:\/\/leregardlibre.com\/en\/wp-json\/wp\/v2\/tags?post=26655"}],"curies":[{"name":"wp","href":"https:\/\/api.w.org\/{rel}","templated":true}]}}