{"id":27373,"date":"2019-11-13T12:35:54","date_gmt":"2019-11-13T11:35:54","guid":{"rendered":"https:\/\/leregardlibre.com\/?p=27373"},"modified":"2025-12-04T22:30:12","modified_gmt":"2025-12-04T21:30:12","slug":"le-drame-des-paysans-porte-a-lecran-par-edouard-bergeon","status":"publish","type":"post","link":"https:\/\/leregardlibre.com\/en\/cinema\/films\/le-drame-des-paysans-porte-a-lecran-par-edouard-bergeon\/","title":{"rendered":"Edouard Bergeon brings peasant drama to the screen"},"content":{"rendered":"<p><em>Cinema Wednesdays - Jonas Follonier<\/em><\/p>\n\n\n\n<p class=\"has-drop-cap\"><strong>It's a film that's as tough - in its subject matter and what it shows on screen - as it is artistically successful, and therefore beautiful. <em>In the name of the earth<\/em> by Edouard Bergeon features a farmer (Guillaume Canet) who takes over his father's farm and slowly slides from happiness to horror, despite a loving wife and children. A hard-hitting film, unfortunately based on the reality of the farming world and its evolution over the past forty years.<\/strong><\/p>\n\n\n\n<!--more Lire la critique-->\n\n\n\n<p>France, 1979. Pierre (Guillaume Canet) rentre du Wyoming o\u00f9 il a d\u00fb s&#8217;occuper de milliers de b\u00eates. La ferme familiale qu&#8217;il retrouve appartient certes \u00e0 une plus petite \u00e9chelle, mais cela ne l&#8217;a pas emp\u00each\u00e9e de s&#8217;agrandir consid\u00e9rablement pendant son absence. Son p\u00e8re Jacques Jarjeau (Rufus), qui a h\u00e9rit\u00e9 de la ferme \u00e0 la mort de son propre p\u00e8re \u00e0 l&#8217;\u00e2ge de treize ans seulement, a bien sur la d\u00e9velopper, non sans atteinte aux normes en vigueur. C&#8217;est au tour de Pierre de reprendre la ferme familiale. <em>\u00abBon, l&#8217;important, c&#8217;est que \u00e7a reste dans la famille\u00bb<\/em>, barjaque ce paysan de l&#8217;ancienne mode \u00e0 son fils lors de la transmission de la ferme devant le notaire et la fianc\u00e9e de Pierre, la belle et \u00e9trang\u00e8re Claire (Veerle Baetens).<\/p>\n\n\n\n<figure class=\"wp-block-image size-large\"><img decoding=\"async\" src=\"http:\/\/leregardlibre.com\/wp-content\/uploads\/2019\/11\/AuNomDeLaTerre_Filmstill1-scaled.jpg\" alt=\"\" class=\"wp-image-27435\"\/><figcaption>Rufus et Guillaume Canet dans \u00abAu nom de la terre\u00bb d&#8217;Edouard Bergeon \u00a9 Filmcoopi<\/figcaption><\/figure>\n\n\n\n<p>Vingt-trois ans plus tard, la r\u00e9alit\u00e9 de plus en plus difficile de l&#8217;agriculture traditionnelle s&#8217;est fait sentir et les dettes s&#8217;agrandissent. Pourtant, Pierre investit massivement dans de nouvelles infrastructures dans le but, justement, de s&#8217;adapter \u00e0 l&#8217;\u00e9poque et rentabiliser la ferme. L&#8217;espoir fait vivre. Mais quand il n&#8217;y a plus d&#8217;espoir, noir c&#8217;est noir. L&#8217;\u00e9levage d&#8217;une grande population de volaille devient vite un d\u00e9sastre quand l&#8217;installation neuve qui a co\u00fbt\u00e9 un saladier se met d\u00e9j\u00e0 \u00e0 dysfonctionner. C&#8217;est le d\u00e9but d&#8217;une descente en enfer pour Pierre Au sens propre, puisque l&#8217;infrastructure en question va \u00eatre d\u00e9vor\u00e9e par les flammes.<\/p>\n\n\n\n<figure class=\"wp-block-embed-youtube wp-block-embed is-type-video is-provider-youtube wp-embed-aspect-16-9 wp-has-aspect-ratio\"><div class=\"wp-block-embed__wrapper\">\n<iframe title=\"AU NOM DE LA TERRE Bande Annonce (2019) Guillaume Canet, Film Fran\u00e7ais\" width=\"1000\" height=\"563\" src=\"https:\/\/www.youtube.com\/embed\/GMws7-SjDU8?feature=oembed\" frameborder=\"0\" allow=\"accelerometer; autoplay; clipboard-write; encrypted-media; gyroscope; picture-in-picture; web-share\" referrerpolicy=\"strict-origin-when-cross-origin\" allowfullscreen><\/iframe>\n<\/div><\/figure>\n\n\n\n<p>L&#8217;excellence incontestable des acteurs, jusqu&#8217;au fils de Pierre, Thomas (Anthony Bajon), s&#8217;allie \u00e0 l&#8217;autre grande force de film, qui est justement la th\u00e9matique du rapport p\u00e8re-fils. \u00abPierre\u00bb, c&#8217;est le p\u00e8re; le p\u00e8re est une pierre, un roc dur, un rock dur. Pierre, p\u00e8re de famille de plus en plus d\u00e9s\u0153uvr\u00e9 malgr\u00e9 l&#8217;amour des siens, souhaite avant tout ne pas \u00eatre l&#8217;h\u00e9ritier de la duret\u00e9 et de la s\u00e9v\u00e9rit\u00e9 de son paternel, m\u00eame s&#8217;il h\u00e9rite de sa ferme. Celles-ci ne sont pas seulement \u00e0 mettre sur le compte d&#8217;une monde ancien et difficile; elles sont aussi dues \u00e0 une authentique m\u00e9chancet\u00e9, comme un malin plaisir \u00e0 critiquer la mani\u00e8re de faire des autres et \u00e0 ne jamais exprimer de l&#8217;amour inconditionnel pour son \u00e9pouse ou ses enfants.<\/p>\n\n\n\n<p>Nul doute que cette relation p\u00e8re-fils \u00e9ternellement difficile, que nous sommes tant et tant \u00e0 conna\u00eetre et qui est donc proche de l&#8217;impasse universelle, joue un grand r\u00f4le dans l&#8217;issue tragique de Pierre et du film. <em>In the name of the earth<\/em> s&#8217;impose ainsi comme \u0153uvre importante sur la th\u00e9matique \u00f4 combien actuelle de la gravit\u00e9 du monde agricole, mais la d\u00e9passe m\u00eame en y int\u00e9grant un air de drame familial sous fond d&#8217;intimes frustrations sans solution, de p\u00e8re en fils. Devant l&#8217;\u00e9cran, impossible de se tromper: on voit que le r\u00e9alisateur parle de son v\u00e9cu. Et la mani\u00e8re de l&#8217;avoir rendu sous forme de fiction, avec un tel talent, est plus que remarquable.<\/p>\n\n\n\n<p><em>Write to the author: <a href=\"mailto:jonas.follonier@leregardlibre.com\">jonas.follonier@leregardlibre.com<\/a><\/em><\/p>\n\n\n\n<p>Photo credit: \u00a9 Filmcoopi<\/p>\n\n\n<div data-block-name=\"woocommerce\/handpicked-products\" data-edit-mode=\"false\" data-products=\"[24185,17631]\" class=\"wc-block-grid wp-block-handpicked-products wp-block-woocommerce-handpicked-products wc-block-handpicked-products has-3-columns has-multiple-rows\"><ul class=\"wc-block-grid__products\"><li class=\"wc-block-grid__product\">\n\t\t\t\t<a href=\"https:\/\/leregardlibre.com\/en\/product\/le-regard-libre-abonnement-annuel-a-la-version-papier\/\" class=\"wc-block-grid__product-link\">\n\t\t\t\t\t\n\t\t\t\t\t<div class=\"wc-block-grid__product-image\"><img fetchpriority=\"high\" decoding=\"async\" width=\"300\" height=\"300\" src=\"https:\/\/leregardlibre.com\/wp-content\/uploads\/woocommerce-placeholder.webp\" class=\"woocommerce-placeholder wp-post-image\" alt=\"\" srcset=\"https:\/\/leregardlibre.com\/wp-content\/uploads\/woocommerce-placeholder.webp 1200w, https:\/\/leregardlibre.com\/wp-content\/uploads\/woocommerce-placeholder-300x300.webp 300w, https:\/\/leregardlibre.com\/wp-content\/uploads\/woocommerce-placeholder-1024x1024.webp 1024w, https:\/\/leregardlibre.com\/wp-content\/uploads\/woocommerce-placeholder-150x150.webp 150w, https:\/\/leregardlibre.com\/wp-content\/uploads\/woocommerce-placeholder-768x768.webp 768w, https:\/\/leregardlibre.com\/wp-content\/uploads\/woocommerce-placeholder-1170x1170.webp 1170w, https:\/\/leregardlibre.com\/wp-content\/uploads\/woocommerce-placeholder-585x585.webp 585w\" sizes=\"(max-width: 300px) 100vw, 300px\" \/><\/div>\n\t\t\t\t\t<div class=\"wc-block-grid__product-title\">Standard subscription (Switzerland)<\/div>\n\t\t\t\t<\/a>\n\t\t\t\t<div class=\"wc-block-grid__product-price price\"><span class=\"woocommerce-Price-amount amount\"><span class=\"woocommerce-Price-currencySymbol\">CHF<\/span>100.00<\/span> <span class=\"subscription-details\"> \/ year<\/span><\/div>\n\t\t\t\t\n\t\t\t\t<div class=\"wp-block-button wc-block-grid__product-add-to-cart\"><a href=\"\/en\/wp-json\/wp\/v2\/posts\/27373?add-to-cart=17631\" aria-label=\"Subscribe now: \u201cStandard subscription (Switzerland)\u201d.\u201d\" data-quantity=\"1\" data-product_id=\"17631\" data-product_sku=\"\" data-price=\"100\" rel=\"nofollow\" class=\"wp-block-button__link  add_to_cart_button ajax_add_to_cart\">Subscribe now<\/a><\/div>\n\t\t\t<\/li><li class=\"wc-block-grid__product\">\n\t\t\t\t<a href=\"https:\/\/leregardlibre.com\/en\/product\/digital-subscription\/\" class=\"wc-block-grid__product-link\">\n\t\t\t\t\t\n\t\t\t\t\t<div class=\"wc-block-grid__product-image\"><img fetchpriority=\"high\" decoding=\"async\" width=\"300\" height=\"300\" src=\"https:\/\/leregardlibre.com\/wp-content\/uploads\/woocommerce-placeholder.webp\" class=\"woocommerce-placeholder wp-post-image\" alt=\"\" srcset=\"https:\/\/leregardlibre.com\/wp-content\/uploads\/woocommerce-placeholder.webp 1200w, https:\/\/leregardlibre.com\/wp-content\/uploads\/woocommerce-placeholder-300x300.webp 300w, https:\/\/leregardlibre.com\/wp-content\/uploads\/woocommerce-placeholder-1024x1024.webp 1024w, https:\/\/leregardlibre.com\/wp-content\/uploads\/woocommerce-placeholder-150x150.webp 150w, https:\/\/leregardlibre.com\/wp-content\/uploads\/woocommerce-placeholder-768x768.webp 768w, https:\/\/leregardlibre.com\/wp-content\/uploads\/woocommerce-placeholder-1170x1170.webp 1170w, https:\/\/leregardlibre.com\/wp-content\/uploads\/woocommerce-placeholder-585x585.webp 585w\" sizes=\"(max-width: 300px) 100vw, 300px\" \/><\/div>\n\t\t\t\t\t<div class=\"wc-block-grid__product-title\">Digital subscription<\/div>\n\t\t\t\t<\/a>\n\t\t\t\t<div class=\"wc-block-grid__product-price price\"><span class=\"woocommerce-Price-amount amount\"><span class=\"woocommerce-Price-currencySymbol\">CHF<\/span>50.00<\/span> <span class=\"subscription-details\"> \/ year<\/span><\/div>\n\t\t\t\t\n\t\t\t\t<div class=\"wp-block-button wc-block-grid__product-add-to-cart\"><a href=\"https:\/\/leregardlibre.com\/en\/product\/digital-subscription\/\" aria-label=\"Read more about \u201cDigital subscription\u201d\" data-quantity=\"1\" data-product_id=\"24185\" data-product_sku=\"\" data-price=\"50\" rel=\"nofollow\" class=\"wp-block-button__link  add_to_cart_button\">Read more<\/a><\/div>\n\t\t\t<\/li><\/ul><\/div>","protected":false},"excerpt":{"rendered":"<p>A film about rural life and the father-son relationship<\/p>","protected":false},"author":138,"featured_media":27431,"comment_status":"open","ping_status":"open","sticky":false,"template":"","format":"standard","meta":{"_acf_changed":false,"footnotes":""},"categories":[644355829],"tags":[14572,644343317,644343294,61026,14228,2372260,2092400,8624307,4628479,644343316,644341761],"class_list":["post-27373","post","type-post","status-publish","format-standard","has-post-thumbnail","hentry","category-films","tag-agriculture","tag-anthony-bajon","tag-au-nom-de-la-terre","tag-cinema-francais","tag-drame","tag-guillaume-canet","tag-paternite","tag-paysannerie","tag-paysans","tag-rufus","tag-veerle-baetens"],"acf":[],"yoast_head":"<!-- This site is optimized with the Yoast SEO Premium plugin v27.4 (Yoast SEO v27.4) - https:\/\/yoast.com\/product\/yoast-seo-premium-wordpress\/ -->\n<title>Le drame des paysans port\u00e9 \u00e0 l&#039;\u00e9cran par Edouard Bergeon<\/title>\n<meta name=\"robots\" content=\"index, follow, max-snippet:-1, max-image-preview:large, max-video-preview:-1\" \/>\n<link rel=\"canonical\" href=\"https:\/\/leregardlibre.com\/en\/cinema\/films\/le-drame-des-paysans-porte-a-lecran-par-edouard-bergeon\/\" \/>\n<meta property=\"og:locale\" content=\"en_US\" \/>\n<meta property=\"og:type\" content=\"article\" \/>\n<meta property=\"og:title\" content=\"Le drame des paysans port\u00e9 \u00e0 l&#039;\u00e9cran par Edouard Bergeon\" \/>\n<meta property=\"og:description\" content=\"Un film sur le monde rural et le rapport p\u00e8re-fils\" \/>\n<meta property=\"og:url\" content=\"https:\/\/leregardlibre.com\/en\/cinema\/films\/le-drame-des-paysans-porte-a-lecran-par-edouard-bergeon\/\" \/>\n<meta property=\"og:site_name\" content=\"Le Regard Libre\" \/>\n<meta property=\"article:publisher\" content=\"https:\/\/www.facebook.com\/leregardlibre\/\" \/>\n<meta property=\"article:author\" content=\"https:\/\/www.facebook.com\/jonas.follonier\/\" \/>\n<meta property=\"article:published_time\" content=\"2019-11-13T11:35:54+00:00\" \/>\n<meta property=\"article:modified_time\" content=\"2025-12-04T21:30:12+00:00\" \/>\n<meta property=\"og:image\" content=\"https:\/\/leregardlibre.com\/wp-content\/uploads\/2019\/11\/AuNomDeLaTerre_Filmstill5-1024x683.jpg\" \/>\n\t<meta property=\"og:image:width\" content=\"1024\" \/>\n\t<meta property=\"og:image:height\" content=\"683\" \/>\n\t<meta property=\"og:image:type\" content=\"image\/jpeg\" \/>\n<meta name=\"author\" content=\"Jonas Follonier\" \/>\n<meta name=\"twitter:card\" content=\"summary_large_image\" \/>\n<meta name=\"twitter:creator\" content=\"@LeRegardLibre\" \/>\n<meta name=\"twitter:site\" content=\"@LeRegardLibre\" \/>\n<meta name=\"twitter:label1\" content=\"Written by\" \/>\n\t<meta name=\"twitter:data1\" content=\"Jonas Follonier\" \/>\n\t<meta name=\"twitter:label2\" content=\"Est. reading time\" \/>\n\t<meta name=\"twitter:data2\" content=\"3 minutes\" \/>\n<script type=\"application\/ld+json\" class=\"yoast-schema-graph\">{\"@context\":\"https:\\\/\\\/schema.org\",\"@graph\":[{\"@type\":\"Article\",\"@id\":\"https:\\\/\\\/leregardlibre.com\\\/cinema\\\/films\\\/le-drame-des-paysans-porte-a-lecran-par-edouard-bergeon\\\/#article\",\"isPartOf\":{\"@id\":\"https:\\\/\\\/leregardlibre.com\\\/cinema\\\/films\\\/le-drame-des-paysans-porte-a-lecran-par-edouard-bergeon\\\/\"},\"author\":{\"name\":\"Jonas Follonier\",\"@id\":\"https:\\\/\\\/leregardlibre.com\\\/#\\\/schema\\\/person\\\/bfe5aa794a23be71485d60e2d93ec0d2\"},\"headline\":\"Le drame des paysans port\u00e9 \u00e0 l&#8217;\u00e9cran par Edouard Bergeon\",\"datePublished\":\"2019-11-13T11:35:54+00:00\",\"dateModified\":\"2025-12-04T21:30:12+00:00\",\"mainEntityOfPage\":{\"@id\":\"https:\\\/\\\/leregardlibre.com\\\/cinema\\\/films\\\/le-drame-des-paysans-porte-a-lecran-par-edouard-bergeon\\\/\"},\"wordCount\":667,\"commentCount\":0,\"publisher\":{\"@id\":\"https:\\\/\\\/leregardlibre.com\\\/#organization\"},\"image\":{\"@id\":\"https:\\\/\\\/leregardlibre.com\\\/cinema\\\/films\\\/le-drame-des-paysans-porte-a-lecran-par-edouard-bergeon\\\/#primaryimage\"},\"thumbnailUrl\":\"https:\\\/\\\/leregardlibre.com\\\/wp-content\\\/uploads\\\/2019\\\/11\\\/AuNomDeLaTerre_Filmstill5-scaled.jpg\",\"keywords\":[\"Agriculture\",\"anthony bajon\",\"au nom de la terre\",\"Cin\u00e9ma fran\u00e7ais\",\"Drame\",\"Guillaume Canet\",\"Paternit\u00e9\",\"paysannerie\",\"paysans\",\"rufus\",\"veerle baetens\"],\"articleSection\":[\"Films\"],\"inLanguage\":\"en-US\",\"potentialAction\":[{\"@type\":\"CommentAction\",\"name\":\"Comment\",\"target\":[\"https:\\\/\\\/leregardlibre.com\\\/cinema\\\/films\\\/le-drame-des-paysans-porte-a-lecran-par-edouard-bergeon\\\/#respond\"]}]},{\"@type\":\"WebPage\",\"@id\":\"https:\\\/\\\/leregardlibre.com\\\/cinema\\\/films\\\/le-drame-des-paysans-porte-a-lecran-par-edouard-bergeon\\\/\",\"url\":\"https:\\\/\\\/leregardlibre.com\\\/cinema\\\/films\\\/le-drame-des-paysans-porte-a-lecran-par-edouard-bergeon\\\/\",\"name\":\"Le drame des paysans port\u00e9 \u00e0 l'\u00e9cran par Edouard Bergeon\",\"isPartOf\":{\"@id\":\"https:\\\/\\\/leregardlibre.com\\\/#website\"},\"primaryImageOfPage\":{\"@id\":\"https:\\\/\\\/leregardlibre.com\\\/cinema\\\/films\\\/le-drame-des-paysans-porte-a-lecran-par-edouard-bergeon\\\/#primaryimage\"},\"image\":{\"@id\":\"https:\\\/\\\/leregardlibre.com\\\/cinema\\\/films\\\/le-drame-des-paysans-porte-a-lecran-par-edouard-bergeon\\\/#primaryimage\"},\"thumbnailUrl\":\"https:\\\/\\\/leregardlibre.com\\\/wp-content\\\/uploads\\\/2019\\\/11\\\/AuNomDeLaTerre_Filmstill5-scaled.jpg\",\"datePublished\":\"2019-11-13T11:35:54+00:00\",\"dateModified\":\"2025-12-04T21:30:12+00:00\",\"breadcrumb\":{\"@id\":\"https:\\\/\\\/leregardlibre.com\\\/cinema\\\/films\\\/le-drame-des-paysans-porte-a-lecran-par-edouard-bergeon\\\/#breadcrumb\"},\"inLanguage\":\"en-US\",\"potentialAction\":[{\"@type\":\"ReadAction\",\"target\":[\"https:\\\/\\\/leregardlibre.com\\\/cinema\\\/films\\\/le-drame-des-paysans-porte-a-lecran-par-edouard-bergeon\\\/\"]}]},{\"@type\":\"ImageObject\",\"inLanguage\":\"en-US\",\"@id\":\"https:\\\/\\\/leregardlibre.com\\\/cinema\\\/films\\\/le-drame-des-paysans-porte-a-lecran-par-edouard-bergeon\\\/#primaryimage\",\"url\":\"https:\\\/\\\/leregardlibre.com\\\/wp-content\\\/uploads\\\/2019\\\/11\\\/AuNomDeLaTerre_Filmstill5-scaled.jpg\",\"contentUrl\":\"https:\\\/\\\/leregardlibre.com\\\/wp-content\\\/uploads\\\/2019\\\/11\\\/AuNomDeLaTerre_Filmstill5-scaled.jpg\",\"width\":3600,\"height\":2400},{\"@type\":\"BreadcrumbList\",\"@id\":\"https:\\\/\\\/leregardlibre.com\\\/cinema\\\/films\\\/le-drame-des-paysans-porte-a-lecran-par-edouard-bergeon\\\/#breadcrumb\",\"itemListElement\":[{\"@type\":\"ListItem\",\"position\":1,\"name\":\"Accueil\",\"item\":\"https:\\\/\\\/leregardlibre.com\\\/\"},{\"@type\":\"ListItem\",\"position\":2,\"name\":\"Le drame des paysans port\u00e9 \u00e0 l&#8217;\u00e9cran par Edouard Bergeon\"}]},{\"@type\":\"WebSite\",\"@id\":\"https:\\\/\\\/leregardlibre.com\\\/#website\",\"url\":\"https:\\\/\\\/leregardlibre.com\\\/\",\"name\":\"Le Regard Libre\",\"description\":\"Premier mensuel suisse de d\u00e9bat\",\"publisher\":{\"@id\":\"https:\\\/\\\/leregardlibre.com\\\/#organization\"},\"potentialAction\":[{\"@type\":\"SearchAction\",\"target\":{\"@type\":\"EntryPoint\",\"urlTemplate\":\"https:\\\/\\\/leregardlibre.com\\\/?s={search_term_string}\"},\"query-input\":{\"@type\":\"PropertyValueSpecification\",\"valueRequired\":true,\"valueName\":\"search_term_string\"}}],\"inLanguage\":\"en-US\"},{\"@type\":\"Organization\",\"@id\":\"https:\\\/\\\/leregardlibre.com\\\/#organization\",\"name\":\"Le Regard Libre\",\"url\":\"https:\\\/\\\/leregardlibre.com\\\/\",\"logo\":{\"@type\":\"ImageObject\",\"inLanguage\":\"en-US\",\"@id\":\"https:\\\/\\\/leregardlibre.com\\\/#\\\/schema\\\/logo\\\/image\\\/\",\"url\":\"https:\\\/\\\/leregardlibre.com\\\/wp-content\\\/uploads\\\/2025\\\/08\\\/logo-rl-icone-neg.jpeg\",\"contentUrl\":\"https:\\\/\\\/leregardlibre.com\\\/wp-content\\\/uploads\\\/2025\\\/08\\\/logo-rl-icone-neg.jpeg\",\"width\":557,\"height\":556,\"caption\":\"Le Regard Libre\"},\"image\":{\"@id\":\"https:\\\/\\\/leregardlibre.com\\\/#\\\/schema\\\/logo\\\/image\\\/\"},\"sameAs\":[\"https:\\\/\\\/www.facebook.com\\\/leregardlibre\\\/\",\"https:\\\/\\\/x.com\\\/LeRegardLibre\",\"https:\\\/\\\/www.linkedin.com\\\/company\\\/le-regard-libre\",\"https:\\\/\\\/www.instagram.com\\\/leregardlibre\\\/\",\"http:\\\/\\\/t.me\\\/leregardlibre\",\"https:\\\/\\\/youtube.com\\\/channel\\\/UC6HzGPomj1LsUmlz-sJtITQ\"],\"description\":\"Le Regard Libre est un mensuel suisse de d\u00e9bat intellectuel et culturel. Sa r\u00e9daction est jeune, b\u00e9n\u00e9vole, lib\u00e9rale et pluraliste. Le magazine para\u00eet en ligne et sous forme papier. Sa langue est le fran\u00e7ais.\",\"email\":\"redaction@leregardlibre.com\",\"legalName\":\"Le Regard Libre\",\"foundingDate\":\"2014-01-01\",\"numberOfEmployees\":{\"@type\":\"QuantitativeValue\",\"minValue\":\"11\",\"maxValue\":\"50\"},\"publishingPrinciples\":\"https:\\\/\\\/leregardlibre.com\\\/a-propos\\\/notre-manifeste\\\/\",\"ownershipFundingInfo\":\"https:\\\/\\\/leregardlibre.com\\\/mentions-legales\\\/\",\"actionableFeedbackPolicy\":\"https:\\\/\\\/leregardlibre.com\\\/conditions-generales-de-vente\\\/\"},{\"@type\":\"Person\",\"@id\":\"https:\\\/\\\/leregardlibre.com\\\/#\\\/schema\\\/person\\\/bfe5aa794a23be71485d60e2d93ec0d2\",\"name\":\"Jonas Follonier\",\"image\":{\"@type\":\"ImageObject\",\"inLanguage\":\"en-US\",\"@id\":\"https:\\\/\\\/secure.gravatar.com\\\/avatar\\\/602060b40f6a458420c2d140f49b6caea99152ce6704f2c332e5a0c5aad80303?s=96&d=identicon&r=g\",\"url\":\"https:\\\/\\\/secure.gravatar.com\\\/avatar\\\/602060b40f6a458420c2d140f49b6caea99152ce6704f2c332e5a0c5aad80303?s=96&d=identicon&r=g\",\"contentUrl\":\"https:\\\/\\\/secure.gravatar.com\\\/avatar\\\/602060b40f6a458420c2d140f49b6caea99152ce6704f2c332e5a0c5aad80303?s=96&d=identicon&r=g\",\"caption\":\"Jonas Follonier\"},\"description\":\"Correspondant au Palais f\u00e9d\u00e9ral pour \u00abL\u2019Agefi\u00bb, auteur-compositeur-interpr\u00e8te et essayiste, Jonas Follonier est le fondateur et r\u00e9dacteur en chef du \u00abRegard Libre\u00bb.\",\"sameAs\":[\"https:\\\/\\\/www.facebook.com\\\/jonas.follonier\\\/\",\"https:\\\/\\\/www.instagram.com\\\/jonasfollonier\\\/\",\"https:\\\/\\\/www.linkedin.com\\\/in\\\/jonasfollonier\\\/\",\"https:\\\/\\\/fr.wikipedia.org\\\/wiki\\\/Le_Regard_libre\"],\"url\":\"https:\\\/\\\/leregardlibre.com\\\/en\\\/author\\\/jonas-follonier\\\/\"}]}<\/script>\n<!-- \/ Yoast SEO Premium plugin. -->","yoast_head_json":{"title":"Le drame des paysans port\u00e9 \u00e0 l'\u00e9cran par Edouard Bergeon","robots":{"index":"index","follow":"follow","max-snippet":"max-snippet:-1","max-image-preview":"max-image-preview:large","max-video-preview":"max-video-preview:-1"},"canonical":"https:\/\/leregardlibre.com\/en\/cinema\/films\/le-drame-des-paysans-porte-a-lecran-par-edouard-bergeon\/","og_locale":"en_US","og_type":"article","og_title":"Le drame des paysans port\u00e9 \u00e0 l'\u00e9cran par Edouard Bergeon","og_description":"Un film sur le monde rural et le rapport p\u00e8re-fils","og_url":"https:\/\/leregardlibre.com\/en\/cinema\/films\/le-drame-des-paysans-porte-a-lecran-par-edouard-bergeon\/","og_site_name":"Le Regard Libre","article_publisher":"https:\/\/www.facebook.com\/leregardlibre\/","article_author":"https:\/\/www.facebook.com\/jonas.follonier\/","article_published_time":"2019-11-13T11:35:54+00:00","article_modified_time":"2025-12-04T21:30:12+00:00","og_image":[{"width":1024,"height":683,"url":"https:\/\/leregardlibre.com\/wp-content\/uploads\/2019\/11\/AuNomDeLaTerre_Filmstill5-1024x683.jpg","type":"image\/jpeg"}],"author":"Jonas Follonier","twitter_card":"summary_large_image","twitter_creator":"@LeRegardLibre","twitter_site":"@LeRegardLibre","twitter_misc":{"Written by":"Jonas Follonier","Est. reading time":"3 minutes"},"schema":{"@context":"https:\/\/schema.org","@graph":[{"@type":"Article","@id":"https:\/\/leregardlibre.com\/cinema\/films\/le-drame-des-paysans-porte-a-lecran-par-edouard-bergeon\/#article","isPartOf":{"@id":"https:\/\/leregardlibre.com\/cinema\/films\/le-drame-des-paysans-porte-a-lecran-par-edouard-bergeon\/"},"author":{"name":"Jonas Follonier","@id":"https:\/\/leregardlibre.com\/#\/schema\/person\/bfe5aa794a23be71485d60e2d93ec0d2"},"headline":"Le drame des paysans port\u00e9 \u00e0 l&#8217;\u00e9cran par Edouard Bergeon","datePublished":"2019-11-13T11:35:54+00:00","dateModified":"2025-12-04T21:30:12+00:00","mainEntityOfPage":{"@id":"https:\/\/leregardlibre.com\/cinema\/films\/le-drame-des-paysans-porte-a-lecran-par-edouard-bergeon\/"},"wordCount":667,"commentCount":0,"publisher":{"@id":"https:\/\/leregardlibre.com\/#organization"},"image":{"@id":"https:\/\/leregardlibre.com\/cinema\/films\/le-drame-des-paysans-porte-a-lecran-par-edouard-bergeon\/#primaryimage"},"thumbnailUrl":"https:\/\/leregardlibre.com\/wp-content\/uploads\/2019\/11\/AuNomDeLaTerre_Filmstill5-scaled.jpg","keywords":["Agriculture","anthony bajon","au nom de la terre","Cin\u00e9ma fran\u00e7ais","Drame","Guillaume Canet","Paternit\u00e9","paysannerie","paysans","rufus","veerle baetens"],"articleSection":["Films"],"inLanguage":"en-US","potentialAction":[{"@type":"CommentAction","name":"Comment","target":["https:\/\/leregardlibre.com\/cinema\/films\/le-drame-des-paysans-porte-a-lecran-par-edouard-bergeon\/#respond"]}]},{"@type":"WebPage","@id":"https:\/\/leregardlibre.com\/cinema\/films\/le-drame-des-paysans-porte-a-lecran-par-edouard-bergeon\/","url":"https:\/\/leregardlibre.com\/cinema\/films\/le-drame-des-paysans-porte-a-lecran-par-edouard-bergeon\/","name":"Le drame des paysans port\u00e9 \u00e0 l'\u00e9cran par Edouard Bergeon","isPartOf":{"@id":"https:\/\/leregardlibre.com\/#website"},"primaryImageOfPage":{"@id":"https:\/\/leregardlibre.com\/cinema\/films\/le-drame-des-paysans-porte-a-lecran-par-edouard-bergeon\/#primaryimage"},"image":{"@id":"https:\/\/leregardlibre.com\/cinema\/films\/le-drame-des-paysans-porte-a-lecran-par-edouard-bergeon\/#primaryimage"},"thumbnailUrl":"https:\/\/leregardlibre.com\/wp-content\/uploads\/2019\/11\/AuNomDeLaTerre_Filmstill5-scaled.jpg","datePublished":"2019-11-13T11:35:54+00:00","dateModified":"2025-12-04T21:30:12+00:00","breadcrumb":{"@id":"https:\/\/leregardlibre.com\/cinema\/films\/le-drame-des-paysans-porte-a-lecran-par-edouard-bergeon\/#breadcrumb"},"inLanguage":"en-US","potentialAction":[{"@type":"ReadAction","target":["https:\/\/leregardlibre.com\/cinema\/films\/le-drame-des-paysans-porte-a-lecran-par-edouard-bergeon\/"]}]},{"@type":"ImageObject","inLanguage":"en-US","@id":"https:\/\/leregardlibre.com\/cinema\/films\/le-drame-des-paysans-porte-a-lecran-par-edouard-bergeon\/#primaryimage","url":"https:\/\/leregardlibre.com\/wp-content\/uploads\/2019\/11\/AuNomDeLaTerre_Filmstill5-scaled.jpg","contentUrl":"https:\/\/leregardlibre.com\/wp-content\/uploads\/2019\/11\/AuNomDeLaTerre_Filmstill5-scaled.jpg","width":3600,"height":2400},{"@type":"BreadcrumbList","@id":"https:\/\/leregardlibre.com\/cinema\/films\/le-drame-des-paysans-porte-a-lecran-par-edouard-bergeon\/#breadcrumb","itemListElement":[{"@type":"ListItem","position":1,"name":"Accueil","item":"https:\/\/leregardlibre.com\/"},{"@type":"ListItem","position":2,"name":"Le drame des paysans port\u00e9 \u00e0 l&#8217;\u00e9cran par Edouard Bergeon"}]},{"@type":"WebSite","@id":"https:\/\/leregardlibre.com\/#website","url":"https:\/\/leregardlibre.com\/","name":"Le Regard Libre","description":"Switzerland's first monthly debate magazine","publisher":{"@id":"https:\/\/leregardlibre.com\/#organization"},"potentialAction":[{"@type":"SearchAction","target":{"@type":"EntryPoint","urlTemplate":"https:\/\/leregardlibre.com\/?s={search_term_string}"},"query-input":{"@type":"PropertyValueSpecification","valueRequired":true,"valueName":"search_term_string"}}],"inLanguage":"en-US"},{"@type":"Organization","@id":"https:\/\/leregardlibre.com\/#organization","name":"Le Regard Libre","url":"https:\/\/leregardlibre.com\/","logo":{"@type":"ImageObject","inLanguage":"en-US","@id":"https:\/\/leregardlibre.com\/#\/schema\/logo\/image\/","url":"https:\/\/leregardlibre.com\/wp-content\/uploads\/2025\/08\/logo-rl-icone-neg.jpeg","contentUrl":"https:\/\/leregardlibre.com\/wp-content\/uploads\/2025\/08\/logo-rl-icone-neg.jpeg","width":557,"height":556,"caption":"Le Regard Libre"},"image":{"@id":"https:\/\/leregardlibre.com\/#\/schema\/logo\/image\/"},"sameAs":["https:\/\/www.facebook.com\/leregardlibre\/","https:\/\/x.com\/LeRegardLibre","https:\/\/www.linkedin.com\/company\/le-regard-libre","https:\/\/www.instagram.com\/leregardlibre\/","http:\/\/t.me\/leregardlibre","https:\/\/youtube.com\/channel\/UC6HzGPomj1LsUmlz-sJtITQ"],"description":"Le Regard Libre is a Swiss monthly magazine for intellectual and cultural debate. Its editorial team is young, voluntary, liberal and pluralist. The magazine appears online and in print. Its language is French.","email":"redaction@leregardlibre.com","legalName":"Le Regard Libre","foundingDate":"2014-01-01","numberOfEmployees":{"@type":"QuantitativeValue","minValue":"11","maxValue":"50"},"publishingPrinciples":"https:\/\/leregardlibre.com\/a-propos\/notre-manifeste\/","ownershipFundingInfo":"https:\/\/leregardlibre.com\/mentions-legales\/","actionableFeedbackPolicy":"https:\/\/leregardlibre.com\/conditions-generales-de-vente\/"},{"@type":"Person","@id":"https:\/\/leregardlibre.com\/#\/schema\/person\/bfe5aa794a23be71485d60e2d93ec0d2","name":"Jonas Follonier","image":{"@type":"ImageObject","inLanguage":"en-US","@id":"https:\/\/secure.gravatar.com\/avatar\/602060b40f6a458420c2d140f49b6caea99152ce6704f2c332e5a0c5aad80303?s=96&d=identicon&r=g","url":"https:\/\/secure.gravatar.com\/avatar\/602060b40f6a458420c2d140f49b6caea99152ce6704f2c332e5a0c5aad80303?s=96&d=identicon&r=g","contentUrl":"https:\/\/secure.gravatar.com\/avatar\/602060b40f6a458420c2d140f49b6caea99152ce6704f2c332e5a0c5aad80303?s=96&d=identicon&r=g","caption":"Jonas Follonier"},"description":"Federal Palace correspondent for \u00abL'Agefi\u00bb, singer-songwriter Jonas Follonier is the founder and editor-in-chief of \u00abRegard Libre\u00bb.","sameAs":["https:\/\/www.facebook.com\/jonas.follonier\/","https:\/\/www.instagram.com\/jonasfollonier\/","https:\/\/www.linkedin.com\/in\/jonasfollonier\/","https:\/\/fr.wikipedia.org\/wiki\/Le_Regard_libre"],"url":"https:\/\/leregardlibre.com\/en\/author\/jonas-follonier\/"}]}},"_links":{"self":[{"href":"https:\/\/leregardlibre.com\/en\/wp-json\/wp\/v2\/posts\/27373","targetHints":{"allow":["GET"]}}],"collection":[{"href":"https:\/\/leregardlibre.com\/en\/wp-json\/wp\/v2\/posts"}],"about":[{"href":"https:\/\/leregardlibre.com\/en\/wp-json\/wp\/v2\/types\/post"}],"author":[{"embeddable":true,"href":"https:\/\/leregardlibre.com\/en\/wp-json\/wp\/v2\/users\/138"}],"replies":[{"embeddable":true,"href":"https:\/\/leregardlibre.com\/en\/wp-json\/wp\/v2\/comments?post=27373"}],"version-history":[{"count":1,"href":"https:\/\/leregardlibre.com\/en\/wp-json\/wp\/v2\/posts\/27373\/revisions"}],"predecessor-version":[{"id":510750,"href":"https:\/\/leregardlibre.com\/en\/wp-json\/wp\/v2\/posts\/27373\/revisions\/510750"}],"wp:featuredmedia":[{"embeddable":true,"href":"https:\/\/leregardlibre.com\/en\/wp-json\/wp\/v2\/media\/27431"}],"wp:attachment":[{"href":"https:\/\/leregardlibre.com\/en\/wp-json\/wp\/v2\/media?parent=27373"}],"wp:term":[{"taxonomy":"category","embeddable":true,"href":"https:\/\/leregardlibre.com\/en\/wp-json\/wp\/v2\/categories?post=27373"},{"taxonomy":"post_tag","embeddable":true,"href":"https:\/\/leregardlibre.com\/en\/wp-json\/wp\/v2\/tags?post=27373"}],"curies":[{"name":"wp","href":"https:\/\/api.w.org\/{rel}","templated":true}]}}