{"id":29387,"date":"2020-01-07T20:00:00","date_gmt":"2020-01-07T19:00:00","guid":{"rendered":"https:\/\/leregardlibre.com\/?p=29387"},"modified":"2022-11-13T14:42:59","modified_gmt":"2022-11-13T13:42:59","slug":"la-triste-histoire-denfant-de-peter-handke","status":"publish","type":"post","link":"https:\/\/leregardlibre.com\/en\/literature\/la-triste-histoire-denfant-de-peter-handke\/","title":{"rendered":"Peter Handke's sad \u00abChildren's Story"},"content":{"rendered":"<p><em>Tuesday's books - Ivan Garcia<\/em><\/p>\n\n\n\n<p class=\"has-drop-cap\"><strong>Peter Handke, winner of the Nobel Prize for Literature\nliterature in 2019, provoked strong political and media reactions\nthe Swedish prize for his stance on the Yugoslav conflict.\nYugoslav conflict. It is against this backdrop that <em>Le Regard Libre<\/em> offers you a first foray into\nlands with <em>A child's story<\/em>.\nIn this book, the Austrian writer delivers an intimate and touching account\nabout childhood and fatherhood. This is not his\nbest novel, but it is a beautiful, saddening fable, read for its supple\nnot for its content. <\/strong><\/p>\n\n\n\n<!--more Lire la critique-->\n\n\n\n<p>Pour certains, Peter Handke n\u2019est pas un \u00e9crivain\npolitique; pour d\u2019autres, il faut s\u00e9parer l\u2019\u0153uvre de l\u2019auteur; pour d\u2019autres\nencore, il convient de relativiser la r\u00e9cente pol\u00e9mique qui prendrait une\nampleur disproportionn\u00e9e. La chose n\u2019est pas ais\u00e9e. Le 10 d\u00e9cembre dernier,\nl\u2019\u00e9crivain autrichien recevait le Prix Nobel de litt\u00e9rature 2019 des mains de\nla prestigieuse acad\u00e9mie su\u00e9doise. Et pourtant, le laur\u00e9at a \u00e9t\u00e9 vivement\ncritiqu\u00e9 et contest\u00e9 en raison de certaines de ses positions proserbes au sujet\ndu conflit en ex-Yougoslavie. A ce propos,&nbsp; la prochaine \u00e9dition papier de\nnotre revue vous proposera un article grand format portant sur la r\u00e9cente\npol\u00e9mique au sujet de Peter Handke. &nbsp;<\/p>\n\n\n\n<p>Pour d\u00e9buter notre exploration au sein de\nl\u2019\u0153uvre d\u2019Handke, l\u2019un des principaux \u00e9crivains germanophones contemporains, mon\nchoix s\u2019est port\u00e9 sur <em>A child's story<\/em>,\ntraduit et publi\u00e9 en mai 2019, aux Editions Gallimard. Le r\u00e9cit traite de la\nrelation qu\u2019entretiennent un p\u00e8re et sa fille dite \u00abl\u2019enfant\u00bb, notamment leurs\nnombreuses migrations entre l\u2019Allemagne et la France, leurs \u00e9changes, leur\napprentissage d\u2019une nouvelle langue, leurs difficult\u00e9s d\u2019int\u00e9grations et leurs\nhabitudes. Au fur et \u00e0 mesure que l\u2019histoire progresse, les deux protagonistes\nessaient de se construire un quotidien. <\/p>\n\n\n\n<h3 class=\"wp-block-heading\"><strong>Exercice\nde style version Handke <\/strong><\/h3>\n\n\n\n<p>Vous l\u2019aurez sans doute devin\u00e9, l\u2019ouvrage\nne pr\u00e9sente aucune intrigue rocambolesque ou digne du plus haletant <em>thriller<\/em>. L\u2019int\u00e9r\u00eat du livre r\u00e9side dans\nla forme. <em>A child's story<\/em> ne\npr\u00e9sente aucun dialogue; l\u2019\u00e9crivain confie la narration \u00e0 un \u00eatre omniscient\nqui, entre quelques commentaires, nous expose l\u2019existence des deux\nprotagonistes, leurs succ\u00e8s et leurs \u00e9checs. Tout au plus, le narrateur\ns\u2019autorise-t-il l\u2019usage de quelques br\u00e8ves bribes de discours rapport\u00e9 direct\npour int\u00e9grer les propos des personnages \u00e0 sa longue glose.&nbsp; <\/p>\n\n\n\n<blockquote class=\"wp-block-quote is-layout-flow wp-block-quote-is-layout-flow\"><p>\u00abAu d\u00e9but, des \u00e9l\u00e8ves de la classe \u00e9taient encore souvent venus le voir chez lui: le lendemain, \u00e0 l\u2019\u00e9cole, ils l\u2019\u00e9vitaient litt\u00e9ralement. L\u2019enfant \u2013 il n\u2019avait pas encore huit ans \u2013 en savait bien la raison et l\u2019exprima par la phrase suivante: &#8220;Ils ne m\u2019aiment pas parce que je suis allemande.&#8221;\u00bb<\/p><\/blockquote>\n\n\n\n<p>En une petite centaine de pages, l\u2019auteur\ns\u2019est livr\u00e9 \u00e0 un curieux exercice de style: philosopher sur les al\u00e9as de la vie\nquotidienne. La fable est donc prise en charge par une voie narrative qui digresse\nsur les habitations, r\u00e9fl\u00e9chit sur l\u2019enfance et la paternit\u00e9, ironise au sujet\ndu comportement de certains personnages, ou commente les actions du\nprotagoniste. L\u2019usage de la narration \u00e0 la troisi\u00e8me personne introduit une\nmise \u00e0 distance entre le narrateur et le protagoniste; comme si ce dernier \u00e9tait\nle sujet d\u2019une dr\u00f4le d\u2019exp\u00e9rience. D\u2019ailleurs, concernant le protagoniste, le\nlecteur ne conna\u00eetra jamais son nom ou son emploi et, \u00e0 bien lire l\u2019ouvrage, c\u2019est\nun personnage d\u2019une remarquable vacuit\u00e9 psychologique. <\/p>\n\n\n\n<blockquote class=\"wp-block-quote is-layout-flow wp-block-quote-is-layout-flow\"><p>\u00abIl \u00e9tait aussi naturel de penser \u00e0 cet enfant que d\u2019attendre deux autres choses importantes: la femme qui, il en \u00e9tait convaincu, lui \u00e9tait destin\u00e9e et qui depuis toujours, par cercles concentriques, allait secr\u00e8tement \u00e0 sa rencontre, et la vie professionnelle o\u00f9 seule lui fait signe la libert\u00e9 digne d\u2019un homme, sans que ces trois attentes apparaissent, ne f\u00fbt-ce qu\u2019une seule fois, confondues en une seule image.\u00bb<\/p><\/blockquote>\n\n\n\n<h3 class=\"wp-block-heading\"><strong>O\ntristesse <\/strong><\/h3>\n\n\n\n<p><em>Histoire\nd\u2019enfant <\/em>traite\n\u00e9galement d\u2019autres th\u00e9matiques qui ne manquent pas de susciter chez le lecteur\ndes r\u00e9actions plus \u00e9motionnelles. Les difficult\u00e9s \u00e0 vivre dans un pays \u00e9tranger\nou \u00e0 s\u2019acclimater \u00e0 une culture qui n\u2019est pas la n\u00f4tre sont bien pr\u00e9sentes dans\nle roman, notamment au travers de la figure de l\u2019enfant. Ballot\u00e9e d\u2019\u00e9cole en\n\u00e9cole, la petite fille peine \u00e0 se faire des amis et, proche de son p\u00e8re \u2013\nparfois trop \u2013, elle souffre r\u00e9guli\u00e8rement; elle finit m\u00eame par faire de mauvaises\nfr\u00e9quentations. <\/p>\n\n\n\n<p>Loin d\u2019\u00eatre un <em>bestseller<\/em> ou un roman \u00e0 th\u00e8se, l\u2019ouvrage du laur\u00e9at Peter Handke suscite une petite admiration, celle-l\u00e0 m\u00eame que nous pouvons ressentir en contemplant les nuages d\u00e9filer. A sa lecture, on s\u2019arr\u00eate parfois pour r\u00e9fl\u00e9chir sur les paroles du narrateur et sur les personnages. Bien souvent, nous \u00e9prouvons une pesante tristesse \u00e0 l\u2019\u00e9gard de cette pauvre enfant qui essaie de bien faire les choses, comme s\u2019il subsistait en nous un regard d\u2019enfant. <\/p>\n\n\n\n<p>Cr\u00e9dit photo: \u00a9 Ivan Garcia<\/p>\n\n\n\n<p><em>Write to the author: <a href=\"mailto:ivan.garcia@leregardlibre.com\">ivan.garcia@leregardlibre.com<\/a><\/em><\/p>\n\n\n\n<div class=\"wp-block-media-text alignwide\" style=\"grid-template-columns:24% auto\"><figure class=\"wp-block-media-text__media\"><img fetchpriority=\"high\" decoding=\"async\" width=\"195\" height=\"296\" src=\"http:\/\/leregardlibre.com\/wp-content\/uploads\/2019\/12\/41A9JDZ18pL._SX195_.jpg\" alt=\"\" class=\"wp-image-29392\" srcset=\"https:\/\/leregardlibre.com\/wp-content\/uploads\/2019\/12\/41A9JDZ18pL._SX195_.jpg 195w, https:\/\/leregardlibre.com\/wp-content\/uploads\/2019\/12\/41A9JDZ18pL._SX195_-99x150.jpg 99w\" sizes=\"(max-width: 195px) 100vw, 195px\" \/><\/figure><div class=\"wp-block-media-text__content\">\n<p><strong>Peter Handke<br><em>Histoire d&#8217;enfant<\/em><br>Editions Galimard<br>1990<br>128 pages<\/strong><\/p>\n<\/div><\/div>\n\n\n\n<div class=\"wp-block-button\"><a class=\"wp-block-button__link\" href=\"https:\/\/www.payot.ch\/Detail\/histoire_denfant-peter_handke-9782070382101\">buy<\/a><\/div>","protected":false},"excerpt":{"rendered":"<p>Peter Handke is the winner of the 2019 Nobel Prize for Literature.<\/p>","protected":false},"author":53,"featured_media":29389,"comment_status":"open","ping_status":"open","sticky":false,"template":"","format":"standard","meta":{"_acf_changed":false,"footnotes":""},"categories":[20663],"tags":[77747,54879,644344436,401030,644341383],"class_list":["post-29387","post","type-post","status-publish","format-standard","has-post-thumbnail","hentry","category-litterature","tag-allemagne","tag-critiques-litteraires","tag-peter-handke","tag-prix-nobel","tag-prix-nobel-2019"],"acf":[],"yoast_head":"<!-- This site is optimized with the Yoast SEO Premium plugin v27.4 (Yoast SEO v27.4) - https:\/\/yoast.com\/product\/yoast-seo-premium-wordpress\/ -->\n<title>La triste \u00abHistoire d\u2019enfant\u00bb de Peter Handke<\/title>\n<meta name=\"robots\" content=\"index, follow, max-snippet:-1, max-image-preview:large, max-video-preview:-1\" \/>\n<link rel=\"canonical\" href=\"https:\/\/leregardlibre.com\/en\/literature\/la-triste-histoire-denfant-de-peter-handke\/\" \/>\n<meta property=\"og:locale\" content=\"en_US\" \/>\n<meta property=\"og:type\" content=\"article\" \/>\n<meta property=\"og:title\" content=\"La triste \u00abHistoire d\u2019enfant\u00bb de Peter Handke\" \/>\n<meta property=\"og:description\" content=\"Peter Handke est le Prix Nobel de litt\u00e9rature 2019.\" \/>\n<meta property=\"og:url\" content=\"https:\/\/leregardlibre.com\/en\/literature\/la-triste-histoire-denfant-de-peter-handke\/\" \/>\n<meta property=\"og:site_name\" content=\"Le Regard Libre\" \/>\n<meta property=\"article:publisher\" content=\"https:\/\/www.facebook.com\/leregardlibre\/\" \/>\n<meta property=\"article:published_time\" content=\"2020-01-07T19:00:00+00:00\" \/>\n<meta property=\"article:modified_time\" content=\"2022-11-13T13:42:59+00:00\" \/>\n<meta property=\"og:image\" content=\"https:\/\/leregardlibre.com\/wp-content\/uploads\/2019\/12\/Handke-1.jpg\" \/>\n\t<meta property=\"og:image:width\" content=\"2016\" \/>\n\t<meta property=\"og:image:height\" content=\"980\" \/>\n\t<meta property=\"og:image:type\" content=\"image\/jpeg\" \/>\n<meta name=\"author\" content=\"Ivan Garcia\" \/>\n<meta name=\"twitter:card\" content=\"summary_large_image\" \/>\n<meta name=\"twitter:creator\" content=\"@LeRegardLibre\" \/>\n<meta name=\"twitter:site\" content=\"@LeRegardLibre\" \/>\n<meta name=\"twitter:label1\" content=\"Written by\" \/>\n\t<meta name=\"twitter:data1\" content=\"Ivan Garcia\" \/>\n\t<meta name=\"twitter:label2\" content=\"Est. reading time\" \/>\n\t<meta name=\"twitter:data2\" content=\"5 minutes\" \/>\n<script type=\"application\/ld+json\" class=\"yoast-schema-graph\">{\"@context\":\"https:\\\/\\\/schema.org\",\"@graph\":[{\"@type\":\"Article\",\"@id\":\"https:\\\/\\\/leregardlibre.com\\\/litterature\\\/la-triste-histoire-denfant-de-peter-handke\\\/#article\",\"isPartOf\":{\"@id\":\"https:\\\/\\\/leregardlibre.com\\\/litterature\\\/la-triste-histoire-denfant-de-peter-handke\\\/\"},\"author\":{\"name\":\"Ivan Garcia\",\"@id\":\"https:\\\/\\\/leregardlibre.com\\\/#\\\/schema\\\/person\\\/d80dd0028be8739b0c3bed60e131e94a\"},\"headline\":\"La triste \u00abHistoire d\u2019enfant\u00bb de Peter Handke\",\"datePublished\":\"2020-01-07T19:00:00+00:00\",\"dateModified\":\"2022-11-13T13:42:59+00:00\",\"mainEntityOfPage\":{\"@id\":\"https:\\\/\\\/leregardlibre.com\\\/litterature\\\/la-triste-histoire-denfant-de-peter-handke\\\/\"},\"wordCount\":912,\"commentCount\":0,\"publisher\":{\"@id\":\"https:\\\/\\\/leregardlibre.com\\\/#organization\"},\"image\":{\"@id\":\"https:\\\/\\\/leregardlibre.com\\\/litterature\\\/la-triste-histoire-denfant-de-peter-handke\\\/#primaryimage\"},\"thumbnailUrl\":\"https:\\\/\\\/leregardlibre.com\\\/wp-content\\\/uploads\\\/2019\\\/12\\\/Handke-1.jpg\",\"keywords\":[\"Allemagne\",\"Critique litt\u00e9raire\",\"Peter Handke\",\"Prix Nobel\",\"Prix Nobel 2019\"],\"articleSection\":[\"Litt\u00e9rature\"],\"inLanguage\":\"en-US\",\"potentialAction\":[{\"@type\":\"CommentAction\",\"name\":\"Comment\",\"target\":[\"https:\\\/\\\/leregardlibre.com\\\/litterature\\\/la-triste-histoire-denfant-de-peter-handke\\\/#respond\"]}]},{\"@type\":\"WebPage\",\"@id\":\"https:\\\/\\\/leregardlibre.com\\\/litterature\\\/la-triste-histoire-denfant-de-peter-handke\\\/\",\"url\":\"https:\\\/\\\/leregardlibre.com\\\/litterature\\\/la-triste-histoire-denfant-de-peter-handke\\\/\",\"name\":\"La triste \u00abHistoire d\u2019enfant\u00bb de Peter Handke\",\"isPartOf\":{\"@id\":\"https:\\\/\\\/leregardlibre.com\\\/#website\"},\"primaryImageOfPage\":{\"@id\":\"https:\\\/\\\/leregardlibre.com\\\/litterature\\\/la-triste-histoire-denfant-de-peter-handke\\\/#primaryimage\"},\"image\":{\"@id\":\"https:\\\/\\\/leregardlibre.com\\\/litterature\\\/la-triste-histoire-denfant-de-peter-handke\\\/#primaryimage\"},\"thumbnailUrl\":\"https:\\\/\\\/leregardlibre.com\\\/wp-content\\\/uploads\\\/2019\\\/12\\\/Handke-1.jpg\",\"datePublished\":\"2020-01-07T19:00:00+00:00\",\"dateModified\":\"2022-11-13T13:42:59+00:00\",\"breadcrumb\":{\"@id\":\"https:\\\/\\\/leregardlibre.com\\\/litterature\\\/la-triste-histoire-denfant-de-peter-handke\\\/#breadcrumb\"},\"inLanguage\":\"en-US\",\"potentialAction\":[{\"@type\":\"ReadAction\",\"target\":[\"https:\\\/\\\/leregardlibre.com\\\/litterature\\\/la-triste-histoire-denfant-de-peter-handke\\\/\"]}]},{\"@type\":\"ImageObject\",\"inLanguage\":\"en-US\",\"@id\":\"https:\\\/\\\/leregardlibre.com\\\/litterature\\\/la-triste-histoire-denfant-de-peter-handke\\\/#primaryimage\",\"url\":\"https:\\\/\\\/leregardlibre.com\\\/wp-content\\\/uploads\\\/2019\\\/12\\\/Handke-1.jpg\",\"contentUrl\":\"https:\\\/\\\/leregardlibre.com\\\/wp-content\\\/uploads\\\/2019\\\/12\\\/Handke-1.jpg\",\"width\":2016,\"height\":980},{\"@type\":\"BreadcrumbList\",\"@id\":\"https:\\\/\\\/leregardlibre.com\\\/litterature\\\/la-triste-histoire-denfant-de-peter-handke\\\/#breadcrumb\",\"itemListElement\":[{\"@type\":\"ListItem\",\"position\":1,\"name\":\"Accueil\",\"item\":\"https:\\\/\\\/leregardlibre.com\\\/\"},{\"@type\":\"ListItem\",\"position\":2,\"name\":\"La triste \u00abHistoire d\u2019enfant\u00bb de Peter Handke\"}]},{\"@type\":\"WebSite\",\"@id\":\"https:\\\/\\\/leregardlibre.com\\\/#website\",\"url\":\"https:\\\/\\\/leregardlibre.com\\\/\",\"name\":\"Le Regard Libre\",\"description\":\"Premier mensuel suisse de d\u00e9bat\",\"publisher\":{\"@id\":\"https:\\\/\\\/leregardlibre.com\\\/#organization\"},\"potentialAction\":[{\"@type\":\"SearchAction\",\"target\":{\"@type\":\"EntryPoint\",\"urlTemplate\":\"https:\\\/\\\/leregardlibre.com\\\/?s={search_term_string}\"},\"query-input\":{\"@type\":\"PropertyValueSpecification\",\"valueRequired\":true,\"valueName\":\"search_term_string\"}}],\"inLanguage\":\"en-US\"},{\"@type\":\"Organization\",\"@id\":\"https:\\\/\\\/leregardlibre.com\\\/#organization\",\"name\":\"Le Regard Libre\",\"url\":\"https:\\\/\\\/leregardlibre.com\\\/\",\"logo\":{\"@type\":\"ImageObject\",\"inLanguage\":\"en-US\",\"@id\":\"https:\\\/\\\/leregardlibre.com\\\/#\\\/schema\\\/logo\\\/image\\\/\",\"url\":\"https:\\\/\\\/leregardlibre.com\\\/wp-content\\\/uploads\\\/2025\\\/08\\\/logo-rl-icone-neg.jpeg\",\"contentUrl\":\"https:\\\/\\\/leregardlibre.com\\\/wp-content\\\/uploads\\\/2025\\\/08\\\/logo-rl-icone-neg.jpeg\",\"width\":557,\"height\":556,\"caption\":\"Le Regard Libre\"},\"image\":{\"@id\":\"https:\\\/\\\/leregardlibre.com\\\/#\\\/schema\\\/logo\\\/image\\\/\"},\"sameAs\":[\"https:\\\/\\\/www.facebook.com\\\/leregardlibre\\\/\",\"https:\\\/\\\/x.com\\\/LeRegardLibre\",\"https:\\\/\\\/www.linkedin.com\\\/company\\\/le-regard-libre\",\"https:\\\/\\\/www.instagram.com\\\/leregardlibre\\\/\",\"http:\\\/\\\/t.me\\\/leregardlibre\",\"https:\\\/\\\/youtube.com\\\/channel\\\/UC6HzGPomj1LsUmlz-sJtITQ\"],\"description\":\"Le Regard Libre est un mensuel suisse de d\u00e9bat intellectuel et culturel. Sa r\u00e9daction est jeune, b\u00e9n\u00e9vole, lib\u00e9rale et pluraliste. Le magazine para\u00eet en ligne et sous forme papier. Sa langue est le fran\u00e7ais.\",\"email\":\"redaction@leregardlibre.com\",\"legalName\":\"Le Regard Libre\",\"foundingDate\":\"2014-01-01\",\"numberOfEmployees\":{\"@type\":\"QuantitativeValue\",\"minValue\":\"11\",\"maxValue\":\"50\"},\"publishingPrinciples\":\"https:\\\/\\\/leregardlibre.com\\\/a-propos\\\/notre-manifeste\\\/\",\"ownershipFundingInfo\":\"https:\\\/\\\/leregardlibre.com\\\/mentions-legales\\\/\",\"actionableFeedbackPolicy\":\"https:\\\/\\\/leregardlibre.com\\\/conditions-generales-de-vente\\\/\"},{\"@type\":\"Person\",\"@id\":\"https:\\\/\\\/leregardlibre.com\\\/#\\\/schema\\\/person\\\/d80dd0028be8739b0c3bed60e131e94a\",\"name\":\"Ivan Garcia\",\"image\":{\"@type\":\"ImageObject\",\"inLanguage\":\"en-US\",\"@id\":\"https:\\\/\\\/secure.gravatar.com\\\/avatar\\\/8d1951260e83d4b801d564ae27e751dece8ced40a4256105c3a960ddb6c32ee8?s=96&d=identicon&r=g\",\"url\":\"https:\\\/\\\/secure.gravatar.com\\\/avatar\\\/8d1951260e83d4b801d564ae27e751dece8ced40a4256105c3a960ddb6c32ee8?s=96&d=identicon&r=g\",\"contentUrl\":\"https:\\\/\\\/secure.gravatar.com\\\/avatar\\\/8d1951260e83d4b801d564ae27e751dece8ced40a4256105c3a960ddb6c32ee8?s=96&d=identicon&r=g\",\"caption\":\"Ivan Garcia\"},\"description\":\"Editeur Web au journal Le Temps et stagiaire en enseignement, Ivan Garcia est le responsable de la rubrique Litt\u00e9rature du Regard Libre, o\u00f9 il \u00e9crit r\u00e9guli\u00e8rement.\",\"sameAs\":[\"https:\\\/\\\/leregardlibre.com\\\/\",\"https:\\\/\\\/fr.wikipedia.org\\\/wiki\\\/Le_Regard_libre\"],\"url\":\"https:\\\/\\\/leregardlibre.com\\\/en\\\/author\\\/ivan-garcia-ig89\\\/\"}]}<\/script>\n<!-- \/ Yoast SEO Premium plugin. -->","yoast_head_json":{"title":"Peter Handke's sad \u00abChildren's Story","robots":{"index":"index","follow":"follow","max-snippet":"max-snippet:-1","max-image-preview":"max-image-preview:large","max-video-preview":"max-video-preview:-1"},"canonical":"https:\/\/leregardlibre.com\/en\/literature\/la-triste-histoire-denfant-de-peter-handke\/","og_locale":"en_US","og_type":"article","og_title":"La triste \u00abHistoire d\u2019enfant\u00bb de Peter Handke","og_description":"Peter Handke est le Prix Nobel de litt\u00e9rature 2019.","og_url":"https:\/\/leregardlibre.com\/en\/literature\/la-triste-histoire-denfant-de-peter-handke\/","og_site_name":"Le Regard Libre","article_publisher":"https:\/\/www.facebook.com\/leregardlibre\/","article_published_time":"2020-01-07T19:00:00+00:00","article_modified_time":"2022-11-13T13:42:59+00:00","og_image":[{"width":2016,"height":980,"url":"https:\/\/leregardlibre.com\/wp-content\/uploads\/2019\/12\/Handke-1.jpg","type":"image\/jpeg"}],"author":"Ivan Garcia","twitter_card":"summary_large_image","twitter_creator":"@LeRegardLibre","twitter_site":"@LeRegardLibre","twitter_misc":{"Written by":"Ivan Garcia","Est. reading time":"5 minutes"},"schema":{"@context":"https:\/\/schema.org","@graph":[{"@type":"Article","@id":"https:\/\/leregardlibre.com\/litterature\/la-triste-histoire-denfant-de-peter-handke\/#article","isPartOf":{"@id":"https:\/\/leregardlibre.com\/litterature\/la-triste-histoire-denfant-de-peter-handke\/"},"author":{"name":"Ivan Garcia","@id":"https:\/\/leregardlibre.com\/#\/schema\/person\/d80dd0028be8739b0c3bed60e131e94a"},"headline":"La triste \u00abHistoire d\u2019enfant\u00bb de Peter Handke","datePublished":"2020-01-07T19:00:00+00:00","dateModified":"2022-11-13T13:42:59+00:00","mainEntityOfPage":{"@id":"https:\/\/leregardlibre.com\/litterature\/la-triste-histoire-denfant-de-peter-handke\/"},"wordCount":912,"commentCount":0,"publisher":{"@id":"https:\/\/leregardlibre.com\/#organization"},"image":{"@id":"https:\/\/leregardlibre.com\/litterature\/la-triste-histoire-denfant-de-peter-handke\/#primaryimage"},"thumbnailUrl":"https:\/\/leregardlibre.com\/wp-content\/uploads\/2019\/12\/Handke-1.jpg","keywords":["Allemagne","Critique litt\u00e9raire","Peter Handke","Prix Nobel","Prix Nobel 2019"],"articleSection":["Litt\u00e9rature"],"inLanguage":"en-US","potentialAction":[{"@type":"CommentAction","name":"Comment","target":["https:\/\/leregardlibre.com\/litterature\/la-triste-histoire-denfant-de-peter-handke\/#respond"]}]},{"@type":"WebPage","@id":"https:\/\/leregardlibre.com\/litterature\/la-triste-histoire-denfant-de-peter-handke\/","url":"https:\/\/leregardlibre.com\/litterature\/la-triste-histoire-denfant-de-peter-handke\/","name":"Peter Handke's sad \u00abChildren's Story","isPartOf":{"@id":"https:\/\/leregardlibre.com\/#website"},"primaryImageOfPage":{"@id":"https:\/\/leregardlibre.com\/litterature\/la-triste-histoire-denfant-de-peter-handke\/#primaryimage"},"image":{"@id":"https:\/\/leregardlibre.com\/litterature\/la-triste-histoire-denfant-de-peter-handke\/#primaryimage"},"thumbnailUrl":"https:\/\/leregardlibre.com\/wp-content\/uploads\/2019\/12\/Handke-1.jpg","datePublished":"2020-01-07T19:00:00+00:00","dateModified":"2022-11-13T13:42:59+00:00","breadcrumb":{"@id":"https:\/\/leregardlibre.com\/litterature\/la-triste-histoire-denfant-de-peter-handke\/#breadcrumb"},"inLanguage":"en-US","potentialAction":[{"@type":"ReadAction","target":["https:\/\/leregardlibre.com\/litterature\/la-triste-histoire-denfant-de-peter-handke\/"]}]},{"@type":"ImageObject","inLanguage":"en-US","@id":"https:\/\/leregardlibre.com\/litterature\/la-triste-histoire-denfant-de-peter-handke\/#primaryimage","url":"https:\/\/leregardlibre.com\/wp-content\/uploads\/2019\/12\/Handke-1.jpg","contentUrl":"https:\/\/leregardlibre.com\/wp-content\/uploads\/2019\/12\/Handke-1.jpg","width":2016,"height":980},{"@type":"BreadcrumbList","@id":"https:\/\/leregardlibre.com\/litterature\/la-triste-histoire-denfant-de-peter-handke\/#breadcrumb","itemListElement":[{"@type":"ListItem","position":1,"name":"Accueil","item":"https:\/\/leregardlibre.com\/"},{"@type":"ListItem","position":2,"name":"La triste \u00abHistoire d\u2019enfant\u00bb de Peter Handke"}]},{"@type":"WebSite","@id":"https:\/\/leregardlibre.com\/#website","url":"https:\/\/leregardlibre.com\/","name":"Le Regard Libre","description":"Switzerland's first monthly debate magazine","publisher":{"@id":"https:\/\/leregardlibre.com\/#organization"},"potentialAction":[{"@type":"SearchAction","target":{"@type":"EntryPoint","urlTemplate":"https:\/\/leregardlibre.com\/?s={search_term_string}"},"query-input":{"@type":"PropertyValueSpecification","valueRequired":true,"valueName":"search_term_string"}}],"inLanguage":"en-US"},{"@type":"Organization","@id":"https:\/\/leregardlibre.com\/#organization","name":"Le Regard Libre","url":"https:\/\/leregardlibre.com\/","logo":{"@type":"ImageObject","inLanguage":"en-US","@id":"https:\/\/leregardlibre.com\/#\/schema\/logo\/image\/","url":"https:\/\/leregardlibre.com\/wp-content\/uploads\/2025\/08\/logo-rl-icone-neg.jpeg","contentUrl":"https:\/\/leregardlibre.com\/wp-content\/uploads\/2025\/08\/logo-rl-icone-neg.jpeg","width":557,"height":556,"caption":"Le Regard Libre"},"image":{"@id":"https:\/\/leregardlibre.com\/#\/schema\/logo\/image\/"},"sameAs":["https:\/\/www.facebook.com\/leregardlibre\/","https:\/\/x.com\/LeRegardLibre","https:\/\/www.linkedin.com\/company\/le-regard-libre","https:\/\/www.instagram.com\/leregardlibre\/","http:\/\/t.me\/leregardlibre","https:\/\/youtube.com\/channel\/UC6HzGPomj1LsUmlz-sJtITQ"],"description":"Le Regard Libre is a Swiss monthly magazine for intellectual and cultural debate. Its editorial team is young, voluntary, liberal and pluralist. The magazine appears online and in print. Its language is French.","email":"redaction@leregardlibre.com","legalName":"Le Regard Libre","foundingDate":"2014-01-01","numberOfEmployees":{"@type":"QuantitativeValue","minValue":"11","maxValue":"50"},"publishingPrinciples":"https:\/\/leregardlibre.com\/a-propos\/notre-manifeste\/","ownershipFundingInfo":"https:\/\/leregardlibre.com\/mentions-legales\/","actionableFeedbackPolicy":"https:\/\/leregardlibre.com\/conditions-generales-de-vente\/"},{"@type":"Person","@id":"https:\/\/leregardlibre.com\/#\/schema\/person\/d80dd0028be8739b0c3bed60e131e94a","name":"Ivan Garcia","image":{"@type":"ImageObject","inLanguage":"en-US","@id":"https:\/\/secure.gravatar.com\/avatar\/8d1951260e83d4b801d564ae27e751dece8ced40a4256105c3a960ddb6c32ee8?s=96&d=identicon&r=g","url":"https:\/\/secure.gravatar.com\/avatar\/8d1951260e83d4b801d564ae27e751dece8ced40a4256105c3a960ddb6c32ee8?s=96&d=identicon&r=g","contentUrl":"https:\/\/secure.gravatar.com\/avatar\/8d1951260e83d4b801d564ae27e751dece8ced40a4256105c3a960ddb6c32ee8?s=96&d=identicon&r=g","caption":"Ivan Garcia"},"description":"Web editor at Le Temps newspaper and teaching trainee, Ivan Garcia is in charge of the Literature section at Regard Libre, where he writes regularly.","sameAs":["https:\/\/leregardlibre.com\/","https:\/\/fr.wikipedia.org\/wiki\/Le_Regard_libre"],"url":"https:\/\/leregardlibre.com\/en\/author\/ivan-garcia-ig89\/"}]}},"_links":{"self":[{"href":"https:\/\/leregardlibre.com\/en\/wp-json\/wp\/v2\/posts\/29387","targetHints":{"allow":["GET"]}}],"collection":[{"href":"https:\/\/leregardlibre.com\/en\/wp-json\/wp\/v2\/posts"}],"about":[{"href":"https:\/\/leregardlibre.com\/en\/wp-json\/wp\/v2\/types\/post"}],"author":[{"embeddable":true,"href":"https:\/\/leregardlibre.com\/en\/wp-json\/wp\/v2\/users\/53"}],"replies":[{"embeddable":true,"href":"https:\/\/leregardlibre.com\/en\/wp-json\/wp\/v2\/comments?post=29387"}],"version-history":[{"count":1,"href":"https:\/\/leregardlibre.com\/en\/wp-json\/wp\/v2\/posts\/29387\/revisions"}],"predecessor-version":[{"id":511549,"href":"https:\/\/leregardlibre.com\/en\/wp-json\/wp\/v2\/posts\/29387\/revisions\/511549"}],"wp:featuredmedia":[{"embeddable":true,"href":"https:\/\/leregardlibre.com\/en\/wp-json\/wp\/v2\/media\/29389"}],"wp:attachment":[{"href":"https:\/\/leregardlibre.com\/en\/wp-json\/wp\/v2\/media?parent=29387"}],"wp:term":[{"taxonomy":"category","embeddable":true,"href":"https:\/\/leregardlibre.com\/en\/wp-json\/wp\/v2\/categories?post=29387"},{"taxonomy":"post_tag","embeddable":true,"href":"https:\/\/leregardlibre.com\/en\/wp-json\/wp\/v2\/tags?post=29387"}],"curies":[{"name":"wp","href":"https:\/\/api.w.org\/{rel}","templated":true}]}}