{"id":29864,"date":"2020-01-08T11:21:53","date_gmt":"2020-01-08T10:21:53","guid":{"rendered":"https:\/\/leregardlibre.com\/?p=29864"},"modified":"2025-12-04T22:29:43","modified_gmt":"2025-12-04T21:29:43","slug":"star-wars-episode-ix-skywalkers-ascension","status":"publish","type":"post","link":"https:\/\/leregardlibre.com\/en\/cinema\/films\/star-wars-episode-ix-skywalkers-ascension\/","title":{"rendered":"\u00abStar Wars Episode IX: Skywalker's Ascension\u00bb"},"content":{"rendered":"<p><em>Cinema Wednesdays - Loris S. Musumeci<\/em><\/p>\n\n\n\n<p class=\"has-drop-cap\"><strong>It's the final battle! Let's band together, and tomorrow the galaxy will be at peace! While the First Order grows ever more powerful, under the macabre and secretive leadership of a resurrected Palpatine, the Resistance is experiencing some difficulties. Two are the warrior hopefuls. Two characters whose opposition was brought to the screen with finesse in Episode VIII: Kylo Ren (Adam Driver), the fallen son of Princess Leia and Han Solo, and Rey (Daisy Ridley), the Jedi apprentice in search of stability and identity. Palpatine may be powerful, but without his warrior Kylo, he's powerless. And the Resistance is pinning all its hopes on Rey.<\/strong><\/p>\n\n\n\n<!--more Lire la critique-->\n\n\n\n<figure class=\"wp-block-image size-large\"><img decoding=\"async\" src=\"http:\/\/leregardlibre.com\/wp-content\/uploads\/2020\/01\/Star-Wars-The-rise-of-Skywalker-Szenen-ov-19-Kylo-Ren-Adam-Driver-1.jpg\" alt=\"\" class=\"wp-image-29866\"\/><figcaption>Adam Driver brilliantly plays Kylo Ren<\/figcaption><\/figure>\n\n\n\n<p>Following the\u2019<a href=\"https:\/\/leregardlibre.com\/en\/2017\/12\/28\/star-wars-episode-viii-the-last-jedi\/\">episode VIII<\/a>, the saga seems to be returning to its roots. Fans and experts criticized the previous episode for its independence from the entire third trilogy. Which is exactly what I liked and agreed with in 2017, since it was through this film that I first got to know the great modern stellar myth with its characters, families, blood, lightsaber battles and internal struggles.<\/p>\n\n\n\n<p>Rian Johnson's directorial work reached me more than J. J. Abrams' for the latter. <em>opus<\/em>. Through his freedom of tone and his own reflections - blasphemous for some - he had nourished <em>Star Wars<\/em> a philosophical depth never before achieved. For <em>Skylwalker's Ascension<\/em>, Episode IX, J. J. Abrams <em>is content to satisfy<\/em> the public. He invents nothing, dares nothing, makes no headway.<\/p>\n\n\n\n<p>His film is nevertheless easy to watch, and the richness of <em>Star Wars<\/em> family tragedies, epic battles and humor. The only downside is that the humor is a little too much a part of the story. <em>private joke<\/em>. But, I maintain, the main interest of the last episode lies in the continuation of what Johnson had created: the relationship between Kylo and Rey. Deep and fusional, it testifies to all the genius of <em>Star Wars<\/em>The evolution of the characters as they are torn between good and evil.<\/p>\n\n\n\n<p><em>Write to the author:&nbsp;<a href=\"mailto:loris.musumeci@leregardlibre.com\">loris.musumeci@leregardlibre.com<\/a><\/em><\/p>\n\n\n\n<p>Photo credit: \u00a9 The Walt Disney Company Switzerland<\/p>\n\n\n\n<figure class=\"wp-block-image size-large\"><img fetchpriority=\"high\" decoding=\"async\" width=\"695\" height=\"1000\" src=\"http:\/\/leregardlibre.com\/wp-content\/uploads\/2020\/01\/Star-Wars-The-rise-of-Skywalker-Artwork-chf-07-F-1-Sheet_695x1000px_fr.png\" alt=\"\" class=\"wp-image-29867\" srcset=\"https:\/\/leregardlibre.com\/wp-content\/uploads\/2020\/01\/Star-Wars-The-rise-of-Skywalker-Artwork-chf-07-F-1-Sheet_695x1000px_fr.png 695w, https:\/\/leregardlibre.com\/wp-content\/uploads\/2020\/01\/Star-Wars-The-rise-of-Skywalker-Artwork-chf-07-F-1-Sheet_695x1000px_fr-585x842.png 585w, https:\/\/leregardlibre.com\/wp-content\/uploads\/2020\/01\/Star-Wars-The-rise-of-Skywalker-Artwork-chf-07-F-1-Sheet_695x1000px_fr-104x150.png 104w, https:\/\/leregardlibre.com\/wp-content\/uploads\/2020\/01\/Star-Wars-The-rise-of-Skywalker-Artwork-chf-07-F-1-Sheet_695x1000px_fr-209x300.png 209w, https:\/\/leregardlibre.com\/wp-content\/uploads\/2020\/01\/Star-Wars-The-rise-of-Skywalker-Artwork-chf-07-F-1-Sheet_695x1000px_fr-300x432.png 300w, https:\/\/leregardlibre.com\/wp-content\/uploads\/2020\/01\/Star-Wars-The-rise-of-Skywalker-Artwork-chf-07-F-1-Sheet_695x1000px_fr-600x863.png 600w\" sizes=\"(max-width: 695px) 100vw, 695px\" \/><\/figure>","protected":false},"excerpt":{"rendered":"<p>Abrams content to please the public<\/p>","protected":false},"author":18,"featured_media":0,"comment_status":"open","ping_status":"open","sticky":false,"template":"","format":"standard","meta":{"_acf_changed":false,"footnotes":""},"categories":[644355829],"tags":[644341146,228087035,644343863,644343860,122600366,42727,573876,1172],"class_list":["post-29864","post","type-post","status-publish","format-standard","hentry","category-films","tag-critiques-cinema","tag-daisy-ridley","tag-j-j-abrams","tag-kylo-ren","tag-premier-ordre","tag-resistance","tag-rey","tag-star-wars"],"acf":[],"yoast_head":"<!-- This site is optimized with the Yoast SEO Premium plugin v27.4 (Yoast SEO v27.4) - https:\/\/yoast.com\/product\/yoast-seo-premium-wordpress\/ -->\n<title>\u00abStar Wars, \u00e9pisode IX: L\u2019Ascension de Skywalker\u00bb<\/title>\n<meta name=\"robots\" content=\"index, follow, max-snippet:-1, max-image-preview:large, max-video-preview:-1\" \/>\n<link rel=\"canonical\" href=\"https:\/\/leregardlibre.com\/en\/cinema\/films\/star-wars-episode-ix-skywalkers-ascension\/\" \/>\n<meta property=\"og:locale\" content=\"en_US\" \/>\n<meta property=\"og:type\" content=\"article\" \/>\n<meta property=\"og:title\" content=\"\u00abStar Wars, \u00e9pisode IX: L\u2019Ascension de Skywalker\u00bb\" \/>\n<meta property=\"og:description\" content=\"Abrams se contente de contenter le public\" \/>\n<meta property=\"og:url\" content=\"https:\/\/leregardlibre.com\/en\/cinema\/films\/star-wars-episode-ix-skywalkers-ascension\/\" \/>\n<meta property=\"og:site_name\" content=\"Le Regard Libre\" \/>\n<meta property=\"article:publisher\" content=\"https:\/\/www.facebook.com\/leregardlibre\/\" \/>\n<meta property=\"article:published_time\" content=\"2020-01-08T10:21:53+00:00\" \/>\n<meta property=\"article:modified_time\" content=\"2025-12-04T21:29:43+00:00\" \/>\n<meta property=\"og:image\" content=\"https:\/\/leregardlibre.com\/wp-content\/uploads\/2020\/01\/Star-Wars-The-rise-of-Skywalker-Szenen-ov-19-Kylo-Ren-Adam-Driver-1024x429.jpg\" \/>\n\t<meta property=\"og:image:width\" content=\"1024\" \/>\n\t<meta property=\"og:image:height\" content=\"429\" \/>\n\t<meta property=\"og:image:type\" content=\"image\/jpeg\" \/>\n<meta name=\"author\" content=\"Loris S. Musumeci\" \/>\n<meta name=\"twitter:card\" content=\"summary_large_image\" \/>\n<meta name=\"twitter:creator\" content=\"@LeRegardLibre\" \/>\n<meta name=\"twitter:site\" content=\"@LeRegardLibre\" \/>\n<meta name=\"twitter:label1\" content=\"Written by\" \/>\n\t<meta name=\"twitter:data1\" content=\"Loris S. Musumeci\" \/>\n\t<meta name=\"twitter:label2\" content=\"Est. reading time\" \/>\n\t<meta name=\"twitter:data2\" content=\"2 minutes\" \/>\n<script type=\"application\/ld+json\" class=\"yoast-schema-graph\">{\"@context\":\"https:\\\/\\\/schema.org\",\"@graph\":[{\"@type\":\"Article\",\"@id\":\"https:\\\/\\\/leregardlibre.com\\\/cinema\\\/films\\\/star-wars-episode-ix-lascension-de-skywalker\\\/#article\",\"isPartOf\":{\"@id\":\"https:\\\/\\\/leregardlibre.com\\\/cinema\\\/films\\\/star-wars-episode-ix-lascension-de-skywalker\\\/\"},\"author\":{\"name\":\"Loris S. Musumeci\",\"@id\":\"https:\\\/\\\/leregardlibre.com\\\/#\\\/schema\\\/person\\\/04d80ec47094bca6b1fa22dffad24005\"},\"headline\":\"\u00abStar Wars, \u00e9pisode IX: L\u2019Ascension de Skywalker\u00bb\",\"datePublished\":\"2020-01-08T10:21:53+00:00\",\"dateModified\":\"2025-12-04T21:29:43+00:00\",\"mainEntityOfPage\":{\"@id\":\"https:\\\/\\\/leregardlibre.com\\\/cinema\\\/films\\\/star-wars-episode-ix-lascension-de-skywalker\\\/\"},\"wordCount\":411,\"commentCount\":0,\"publisher\":{\"@id\":\"https:\\\/\\\/leregardlibre.com\\\/#organization\"},\"image\":{\"@id\":\"https:\\\/\\\/leregardlibre.com\\\/cinema\\\/films\\\/star-wars-episode-ix-lascension-de-skywalker\\\/#primaryimage\"},\"thumbnailUrl\":\"http:\\\/\\\/leregardlibre.com\\\/wp-content\\\/uploads\\\/2020\\\/01\\\/Star-Wars-The-rise-of-Skywalker-Szenen-ov-19-Kylo-Ren-Adam-Driver-1.jpg\",\"keywords\":[\"Critique cin\u00e9ma\",\"daisy ridley\",\"j j abrams\",\"kylo ren\",\"premier ordre\",\"r\u00e9sistance\",\"rey\",\"Star Wars\"],\"articleSection\":[\"Films\"],\"inLanguage\":\"en-US\",\"potentialAction\":[{\"@type\":\"CommentAction\",\"name\":\"Comment\",\"target\":[\"https:\\\/\\\/leregardlibre.com\\\/cinema\\\/films\\\/star-wars-episode-ix-lascension-de-skywalker\\\/#respond\"]}]},{\"@type\":\"WebPage\",\"@id\":\"https:\\\/\\\/leregardlibre.com\\\/cinema\\\/films\\\/star-wars-episode-ix-lascension-de-skywalker\\\/\",\"url\":\"https:\\\/\\\/leregardlibre.com\\\/cinema\\\/films\\\/star-wars-episode-ix-lascension-de-skywalker\\\/\",\"name\":\"\u00abStar Wars, \u00e9pisode IX: L\u2019Ascension de Skywalker\u00bb\",\"isPartOf\":{\"@id\":\"https:\\\/\\\/leregardlibre.com\\\/#website\"},\"primaryImageOfPage\":{\"@id\":\"https:\\\/\\\/leregardlibre.com\\\/cinema\\\/films\\\/star-wars-episode-ix-lascension-de-skywalker\\\/#primaryimage\"},\"image\":{\"@id\":\"https:\\\/\\\/leregardlibre.com\\\/cinema\\\/films\\\/star-wars-episode-ix-lascension-de-skywalker\\\/#primaryimage\"},\"thumbnailUrl\":\"http:\\\/\\\/leregardlibre.com\\\/wp-content\\\/uploads\\\/2020\\\/01\\\/Star-Wars-The-rise-of-Skywalker-Szenen-ov-19-Kylo-Ren-Adam-Driver-1.jpg\",\"datePublished\":\"2020-01-08T10:21:53+00:00\",\"dateModified\":\"2025-12-04T21:29:43+00:00\",\"breadcrumb\":{\"@id\":\"https:\\\/\\\/leregardlibre.com\\\/cinema\\\/films\\\/star-wars-episode-ix-lascension-de-skywalker\\\/#breadcrumb\"},\"inLanguage\":\"en-US\",\"potentialAction\":[{\"@type\":\"ReadAction\",\"target\":[\"https:\\\/\\\/leregardlibre.com\\\/cinema\\\/films\\\/star-wars-episode-ix-lascension-de-skywalker\\\/\"]}]},{\"@type\":\"ImageObject\",\"inLanguage\":\"en-US\",\"@id\":\"https:\\\/\\\/leregardlibre.com\\\/cinema\\\/films\\\/star-wars-episode-ix-lascension-de-skywalker\\\/#primaryimage\",\"url\":\"http:\\\/\\\/leregardlibre.com\\\/wp-content\\\/uploads\\\/2020\\\/01\\\/Star-Wars-The-rise-of-Skywalker-Szenen-ov-19-Kylo-Ren-Adam-Driver-1.jpg\",\"contentUrl\":\"http:\\\/\\\/leregardlibre.com\\\/wp-content\\\/uploads\\\/2020\\\/01\\\/Star-Wars-The-rise-of-Skywalker-Szenen-ov-19-Kylo-Ren-Adam-Driver-1.jpg\"},{\"@type\":\"BreadcrumbList\",\"@id\":\"https:\\\/\\\/leregardlibre.com\\\/cinema\\\/films\\\/star-wars-episode-ix-lascension-de-skywalker\\\/#breadcrumb\",\"itemListElement\":[{\"@type\":\"ListItem\",\"position\":1,\"name\":\"Accueil\",\"item\":\"https:\\\/\\\/leregardlibre.com\\\/\"},{\"@type\":\"ListItem\",\"position\":2,\"name\":\"\u00abStar Wars, \u00e9pisode IX: L\u2019Ascension de Skywalker\u00bb\"}]},{\"@type\":\"WebSite\",\"@id\":\"https:\\\/\\\/leregardlibre.com\\\/#website\",\"url\":\"https:\\\/\\\/leregardlibre.com\\\/\",\"name\":\"Le Regard Libre\",\"description\":\"Premier mensuel suisse de d\u00e9bat\",\"publisher\":{\"@id\":\"https:\\\/\\\/leregardlibre.com\\\/#organization\"},\"potentialAction\":[{\"@type\":\"SearchAction\",\"target\":{\"@type\":\"EntryPoint\",\"urlTemplate\":\"https:\\\/\\\/leregardlibre.com\\\/?s={search_term_string}\"},\"query-input\":{\"@type\":\"PropertyValueSpecification\",\"valueRequired\":true,\"valueName\":\"search_term_string\"}}],\"inLanguage\":\"en-US\"},{\"@type\":\"Organization\",\"@id\":\"https:\\\/\\\/leregardlibre.com\\\/#organization\",\"name\":\"Le Regard Libre\",\"url\":\"https:\\\/\\\/leregardlibre.com\\\/\",\"logo\":{\"@type\":\"ImageObject\",\"inLanguage\":\"en-US\",\"@id\":\"https:\\\/\\\/leregardlibre.com\\\/#\\\/schema\\\/logo\\\/image\\\/\",\"url\":\"https:\\\/\\\/leregardlibre.com\\\/wp-content\\\/uploads\\\/2025\\\/08\\\/logo-rl-icone-neg.jpeg\",\"contentUrl\":\"https:\\\/\\\/leregardlibre.com\\\/wp-content\\\/uploads\\\/2025\\\/08\\\/logo-rl-icone-neg.jpeg\",\"width\":557,\"height\":556,\"caption\":\"Le Regard Libre\"},\"image\":{\"@id\":\"https:\\\/\\\/leregardlibre.com\\\/#\\\/schema\\\/logo\\\/image\\\/\"},\"sameAs\":[\"https:\\\/\\\/www.facebook.com\\\/leregardlibre\\\/\",\"https:\\\/\\\/x.com\\\/LeRegardLibre\",\"https:\\\/\\\/www.linkedin.com\\\/company\\\/le-regard-libre\",\"https:\\\/\\\/www.instagram.com\\\/leregardlibre\\\/\",\"http:\\\/\\\/t.me\\\/leregardlibre\",\"https:\\\/\\\/youtube.com\\\/channel\\\/UC6HzGPomj1LsUmlz-sJtITQ\"],\"description\":\"Le Regard Libre est un mensuel suisse de d\u00e9bat intellectuel et culturel. Sa r\u00e9daction est jeune, b\u00e9n\u00e9vole, lib\u00e9rale et pluraliste. Le magazine para\u00eet en ligne et sous forme papier. Sa langue est le fran\u00e7ais.\",\"email\":\"redaction@leregardlibre.com\",\"legalName\":\"Le Regard Libre\",\"foundingDate\":\"2014-01-01\",\"numberOfEmployees\":{\"@type\":\"QuantitativeValue\",\"minValue\":\"11\",\"maxValue\":\"50\"},\"publishingPrinciples\":\"https:\\\/\\\/leregardlibre.com\\\/a-propos\\\/notre-manifeste\\\/\",\"ownershipFundingInfo\":\"https:\\\/\\\/leregardlibre.com\\\/mentions-legales\\\/\",\"actionableFeedbackPolicy\":\"https:\\\/\\\/leregardlibre.com\\\/conditions-generales-de-vente\\\/\"},{\"@type\":\"Person\",\"@id\":\"https:\\\/\\\/leregardlibre.com\\\/#\\\/schema\\\/person\\\/04d80ec47094bca6b1fa22dffad24005\",\"name\":\"Loris S. Musumeci\",\"image\":{\"@type\":\"ImageObject\",\"inLanguage\":\"en-US\",\"@id\":\"https:\\\/\\\/secure.gravatar.com\\\/avatar\\\/fa476654dadfee0d962e80160d0303549febb2769f8fa26c7a1ebe037f7c7c54?s=96&d=identicon&r=g\",\"url\":\"https:\\\/\\\/secure.gravatar.com\\\/avatar\\\/fa476654dadfee0d962e80160d0303549febb2769f8fa26c7a1ebe037f7c7c54?s=96&d=identicon&r=g\",\"contentUrl\":\"https:\\\/\\\/secure.gravatar.com\\\/avatar\\\/fa476654dadfee0d962e80160d0303549febb2769f8fa26c7a1ebe037f7c7c54?s=96&d=identicon&r=g\",\"caption\":\"Loris S. Musumeci\"},\"sameAs\":[\"https:\\\/\\\/leregardlibre.com\\\/\",\"https:\\\/\\\/fr.wikipedia.org\\\/wiki\\\/Le_Regard_libre\"],\"url\":\"https:\\\/\\\/leregardlibre.com\\\/en\\\/author\\\/loris-musumeci\\\/\"}]}<\/script>\n<!-- \/ Yoast SEO Premium plugin. -->","yoast_head_json":{"title":"\u00abStar Wars Episode IX: Skywalker's Ascension\u00bb","robots":{"index":"index","follow":"follow","max-snippet":"max-snippet:-1","max-image-preview":"max-image-preview:large","max-video-preview":"max-video-preview:-1"},"canonical":"https:\/\/leregardlibre.com\/en\/cinema\/films\/star-wars-episode-ix-skywalkers-ascension\/","og_locale":"en_US","og_type":"article","og_title":"\u00abStar Wars, \u00e9pisode IX: L\u2019Ascension de Skywalker\u00bb","og_description":"Abrams se contente de contenter le public","og_url":"https:\/\/leregardlibre.com\/en\/cinema\/films\/star-wars-episode-ix-skywalkers-ascension\/","og_site_name":"Le Regard Libre","article_publisher":"https:\/\/www.facebook.com\/leregardlibre\/","article_published_time":"2020-01-08T10:21:53+00:00","article_modified_time":"2025-12-04T21:29:43+00:00","og_image":[{"width":1024,"height":429,"url":"https:\/\/leregardlibre.com\/wp-content\/uploads\/2020\/01\/Star-Wars-The-rise-of-Skywalker-Szenen-ov-19-Kylo-Ren-Adam-Driver-1024x429.jpg","type":"image\/jpeg"}],"author":"Loris S. Musumeci","twitter_card":"summary_large_image","twitter_creator":"@LeRegardLibre","twitter_site":"@LeRegardLibre","twitter_misc":{"Written by":"Loris S. Musumeci","Est. reading time":"2 minutes"},"schema":{"@context":"https:\/\/schema.org","@graph":[{"@type":"Article","@id":"https:\/\/leregardlibre.com\/cinema\/films\/star-wars-episode-ix-lascension-de-skywalker\/#article","isPartOf":{"@id":"https:\/\/leregardlibre.com\/cinema\/films\/star-wars-episode-ix-lascension-de-skywalker\/"},"author":{"name":"Loris S. Musumeci","@id":"https:\/\/leregardlibre.com\/#\/schema\/person\/04d80ec47094bca6b1fa22dffad24005"},"headline":"\u00abStar Wars, \u00e9pisode IX: L\u2019Ascension de Skywalker\u00bb","datePublished":"2020-01-08T10:21:53+00:00","dateModified":"2025-12-04T21:29:43+00:00","mainEntityOfPage":{"@id":"https:\/\/leregardlibre.com\/cinema\/films\/star-wars-episode-ix-lascension-de-skywalker\/"},"wordCount":411,"commentCount":0,"publisher":{"@id":"https:\/\/leregardlibre.com\/#organization"},"image":{"@id":"https:\/\/leregardlibre.com\/cinema\/films\/star-wars-episode-ix-lascension-de-skywalker\/#primaryimage"},"thumbnailUrl":"http:\/\/leregardlibre.com\/wp-content\/uploads\/2020\/01\/Star-Wars-The-rise-of-Skywalker-Szenen-ov-19-Kylo-Ren-Adam-Driver-1.jpg","keywords":["Critique cin\u00e9ma","daisy ridley","j j abrams","kylo ren","premier ordre","r\u00e9sistance","rey","Star Wars"],"articleSection":["Films"],"inLanguage":"en-US","potentialAction":[{"@type":"CommentAction","name":"Comment","target":["https:\/\/leregardlibre.com\/cinema\/films\/star-wars-episode-ix-lascension-de-skywalker\/#respond"]}]},{"@type":"WebPage","@id":"https:\/\/leregardlibre.com\/cinema\/films\/star-wars-episode-ix-lascension-de-skywalker\/","url":"https:\/\/leregardlibre.com\/cinema\/films\/star-wars-episode-ix-lascension-de-skywalker\/","name":"\u00abStar Wars Episode IX: Skywalker's Ascension\u00bb","isPartOf":{"@id":"https:\/\/leregardlibre.com\/#website"},"primaryImageOfPage":{"@id":"https:\/\/leregardlibre.com\/cinema\/films\/star-wars-episode-ix-lascension-de-skywalker\/#primaryimage"},"image":{"@id":"https:\/\/leregardlibre.com\/cinema\/films\/star-wars-episode-ix-lascension-de-skywalker\/#primaryimage"},"thumbnailUrl":"http:\/\/leregardlibre.com\/wp-content\/uploads\/2020\/01\/Star-Wars-The-rise-of-Skywalker-Szenen-ov-19-Kylo-Ren-Adam-Driver-1.jpg","datePublished":"2020-01-08T10:21:53+00:00","dateModified":"2025-12-04T21:29:43+00:00","breadcrumb":{"@id":"https:\/\/leregardlibre.com\/cinema\/films\/star-wars-episode-ix-lascension-de-skywalker\/#breadcrumb"},"inLanguage":"en-US","potentialAction":[{"@type":"ReadAction","target":["https:\/\/leregardlibre.com\/cinema\/films\/star-wars-episode-ix-lascension-de-skywalker\/"]}]},{"@type":"ImageObject","inLanguage":"en-US","@id":"https:\/\/leregardlibre.com\/cinema\/films\/star-wars-episode-ix-lascension-de-skywalker\/#primaryimage","url":"http:\/\/leregardlibre.com\/wp-content\/uploads\/2020\/01\/Star-Wars-The-rise-of-Skywalker-Szenen-ov-19-Kylo-Ren-Adam-Driver-1.jpg","contentUrl":"http:\/\/leregardlibre.com\/wp-content\/uploads\/2020\/01\/Star-Wars-The-rise-of-Skywalker-Szenen-ov-19-Kylo-Ren-Adam-Driver-1.jpg"},{"@type":"BreadcrumbList","@id":"https:\/\/leregardlibre.com\/cinema\/films\/star-wars-episode-ix-lascension-de-skywalker\/#breadcrumb","itemListElement":[{"@type":"ListItem","position":1,"name":"Accueil","item":"https:\/\/leregardlibre.com\/"},{"@type":"ListItem","position":2,"name":"\u00abStar Wars, \u00e9pisode IX: L\u2019Ascension de Skywalker\u00bb"}]},{"@type":"WebSite","@id":"https:\/\/leregardlibre.com\/#website","url":"https:\/\/leregardlibre.com\/","name":"Le Regard Libre","description":"Switzerland's first monthly debate magazine","publisher":{"@id":"https:\/\/leregardlibre.com\/#organization"},"potentialAction":[{"@type":"SearchAction","target":{"@type":"EntryPoint","urlTemplate":"https:\/\/leregardlibre.com\/?s={search_term_string}"},"query-input":{"@type":"PropertyValueSpecification","valueRequired":true,"valueName":"search_term_string"}}],"inLanguage":"en-US"},{"@type":"Organization","@id":"https:\/\/leregardlibre.com\/#organization","name":"Le Regard Libre","url":"https:\/\/leregardlibre.com\/","logo":{"@type":"ImageObject","inLanguage":"en-US","@id":"https:\/\/leregardlibre.com\/#\/schema\/logo\/image\/","url":"https:\/\/leregardlibre.com\/wp-content\/uploads\/2025\/08\/logo-rl-icone-neg.jpeg","contentUrl":"https:\/\/leregardlibre.com\/wp-content\/uploads\/2025\/08\/logo-rl-icone-neg.jpeg","width":557,"height":556,"caption":"Le Regard Libre"},"image":{"@id":"https:\/\/leregardlibre.com\/#\/schema\/logo\/image\/"},"sameAs":["https:\/\/www.facebook.com\/leregardlibre\/","https:\/\/x.com\/LeRegardLibre","https:\/\/www.linkedin.com\/company\/le-regard-libre","https:\/\/www.instagram.com\/leregardlibre\/","http:\/\/t.me\/leregardlibre","https:\/\/youtube.com\/channel\/UC6HzGPomj1LsUmlz-sJtITQ"],"description":"Le Regard Libre is a Swiss monthly magazine for intellectual and cultural debate. Its editorial team is young, voluntary, liberal and pluralist. The magazine appears online and in print. Its language is French.","email":"redaction@leregardlibre.com","legalName":"Le Regard Libre","foundingDate":"2014-01-01","numberOfEmployees":{"@type":"QuantitativeValue","minValue":"11","maxValue":"50"},"publishingPrinciples":"https:\/\/leregardlibre.com\/a-propos\/notre-manifeste\/","ownershipFundingInfo":"https:\/\/leregardlibre.com\/mentions-legales\/","actionableFeedbackPolicy":"https:\/\/leregardlibre.com\/conditions-generales-de-vente\/"},{"@type":"Person","@id":"https:\/\/leregardlibre.com\/#\/schema\/person\/04d80ec47094bca6b1fa22dffad24005","name":"Loris S. Musumeci","image":{"@type":"ImageObject","inLanguage":"en-US","@id":"https:\/\/secure.gravatar.com\/avatar\/fa476654dadfee0d962e80160d0303549febb2769f8fa26c7a1ebe037f7c7c54?s=96&d=identicon&r=g","url":"https:\/\/secure.gravatar.com\/avatar\/fa476654dadfee0d962e80160d0303549febb2769f8fa26c7a1ebe037f7c7c54?s=96&d=identicon&r=g","contentUrl":"https:\/\/secure.gravatar.com\/avatar\/fa476654dadfee0d962e80160d0303549febb2769f8fa26c7a1ebe037f7c7c54?s=96&d=identicon&r=g","caption":"Loris S. Musumeci"},"sameAs":["https:\/\/leregardlibre.com\/","https:\/\/fr.wikipedia.org\/wiki\/Le_Regard_libre"],"url":"https:\/\/leregardlibre.com\/en\/author\/loris-musumeci\/"}]}},"_links":{"self":[{"href":"https:\/\/leregardlibre.com\/en\/wp-json\/wp\/v2\/posts\/29864","targetHints":{"allow":["GET"]}}],"collection":[{"href":"https:\/\/leregardlibre.com\/en\/wp-json\/wp\/v2\/posts"}],"about":[{"href":"https:\/\/leregardlibre.com\/en\/wp-json\/wp\/v2\/types\/post"}],"author":[{"embeddable":true,"href":"https:\/\/leregardlibre.com\/en\/wp-json\/wp\/v2\/users\/18"}],"replies":[{"embeddable":true,"href":"https:\/\/leregardlibre.com\/en\/wp-json\/wp\/v2\/comments?post=29864"}],"version-history":[{"count":1,"href":"https:\/\/leregardlibre.com\/en\/wp-json\/wp\/v2\/posts\/29864\/revisions"}],"predecessor-version":[{"id":511562,"href":"https:\/\/leregardlibre.com\/en\/wp-json\/wp\/v2\/posts\/29864\/revisions\/511562"}],"wp:attachment":[{"href":"https:\/\/leregardlibre.com\/en\/wp-json\/wp\/v2\/media?parent=29864"}],"wp:term":[{"taxonomy":"category","embeddable":true,"href":"https:\/\/leregardlibre.com\/en\/wp-json\/wp\/v2\/categories?post=29864"},{"taxonomy":"post_tag","embeddable":true,"href":"https:\/\/leregardlibre.com\/en\/wp-json\/wp\/v2\/tags?post=29864"}],"curies":[{"name":"wp","href":"https:\/\/api.w.org\/{rel}","templated":true}]}}