{"id":30090,"date":"2019-04-14T15:00:00","date_gmt":"2019-04-14T13:00:00","guid":{"rendered":"https:\/\/leregardlibre.com\/?p=30090"},"modified":"2023-07-02T15:45:34","modified_gmt":"2023-07-02T13:45:34","slug":"lhiver-du-mecontentement-an-artificial-interallie","status":"publish","type":"post","link":"https:\/\/leregardlibre.com\/en\/literature\/lhiver-du-mecontentement-an-artificial-interallie\/","title":{"rendered":"\u00abL'hiver du m\u00e9contentement\u00bb: an artificial Interalli\u00e9 award"},"content":{"rendered":"<p><strong>An overview of some of the major literary prizes - episode #<\/strong><\/p>\n\n\n\n<p><em><a href=\"https:\/\/leregardlibre.com\/en\/product\/le-regard-libre-n-48\/\">Le Regard Libre N\u00b0 48<\/a>&nbsp;- Loris S. Musumeci<\/em><\/p>\n\n\n\n<blockquote class=\"wp-block-quote is-layout-flow wp-block-quote-is-layout-flow\"><p>\u00abFear. This is proof of England's weakness. If you're afraid of your own poor, your own children, it's because you're very weak yourself, that you feel very vulnerable, like a frail little mammy, bent over her cane, on a bit of sidewalk, at school leaving time as if in the middle of a hurricane. England is a little old lady with no strength left for anything. England is hard on the decline.\u00bb<\/p><\/blockquote>\n\n\n\n<p class=\"has-drop-cap\">Candice prepares with her troupe of young girls <em>Richard III<\/em> by Shakespeare. \u00abHere comes the winter of our discontent\u00bb, the first line of the play, which resonates strongly with current events. It's the winter of 1978-79, in Great Britain. And it's total crisis. Unemployment, strikes and the despair of a people who can't take it anymore. A certain Margaret Thatcher comes to power, having taken diction lessons in the same theater where Candice was rehearsing the play. The young girl had met the woman who would become \u00abthe Iron Lady\u00bb on these occasions, and the current had not gone down well. Was this premonition?<\/p>\n\n\n\n<!--more Lire la suite de la critique-->\n\n\n\n<p>The novel is not unpleasant to read, although its style is rather flat and too academic. Nor is the story uninteresting. It allows us to discover or rediscover this winter of crisis in Great Britain through the eyes of the main character, Candice. But apart from that, there's not much. Or anything trivial. The small life of the young and beautiful Candice doesn't excite. The narrator's statements flirt endlessly with banality, with a few exceptions. <\/p>\n\n\n\n<blockquote class=\"wp-block-quote is-layout-flow wp-block-quote-is-layout-flow\"><p>\u00abNo future,\u00bb was their slogan. They didn't give a damn. We could still dance and have sex, drink cheap beer, at worst there were other cheaper places, at worst we'd go around the world - No future.\"<\/p><\/blockquote>\n\n\n\n<p>Okay, that's good. Youth is beautiful, but we oppress it. We oppress them and they don't care. They don't care, and neither do we. Frankly, without holding a grudge against Thomas B. Reverdy, who was undoubtedly trying to express something profound, we can only say that this book doesn't fly very high. Even if it does have its faults. With all due respect, it might be better to classify it as teen literature, which would be more concerned with Candice's life and false revolts. <\/p>\n\n\n\n<p>Also, the initial idea is very good. Placing a Shakespeare play alongside the story of a young actress firmly rooted in her time could yield excellent results. Unfortunately, the author doesn't really know how to play with the two dimensions of his novel. Or at least, if the play and the story of the winter of 1978-79 are properly articulated, they leave far too much to be seen of Thomas B. Reverdy's construction work behind. It's a pity, because it gives the whole work an artificial air.<\/p>\n\n\n\n<p>Artifices that can be found in the titling of the chapters, all of which bear the names of songs by major English bands. Maybe they'll speak to those who know them. Those who know them will be able to weave a link with the chapter's content. For the rest of us, the titles remain mysterious, and the desire to decipher them is weak. Another passage that smacks of artifice from a mile away: when, for each letter of the alphabet, the writer gives a word more or less cleverly linked to current political events. Again, not a bad idea, but at best it can give teachers ideas for games to play in French class. Yet another artefact is the evocation of a rape, which has no place here.<\/p>\n\n\n\n<p>Nevertheless, to end on a good note, it must be said that the book does capture some of the dimensions of adolescence, especially when it comes to love affairs. Which puts a little balm on the lips; because discontent is cold, like winter.<\/p>\n\n\n\n<blockquote class=\"wp-block-quote is-layout-flow wp-block-quote-is-layout-flow\"><p>\u00abIt's not that hard to do what you want with a good man,\u00bb she says, \"you just have to promise some. It's not just a matter of letting him do it, it's not that simple. Nor is it about pretending to be in love-that's good for kids. No, you have to do it on purpose, not just pretend. At the moment you choose, with the guy you want, offer yourself on purpose and let him think he owns you.\" <\/p><\/blockquote>\n\n\n\n<p><em>Write to the author:&nbsp;<a href=\"https:\/\/leregardlibre.com\/en\/2019\/04\/07\/leurs-enfants-apres-eux-un-goncourt-social\/loris.musumeci@leregardlibre.com\/\">loris.musumeci@leregardlibre.com<\/a><\/em><\/p>\n\n\n\n<p>Photo credit: \u00a9 Wikimedia CC<\/p>\n\n\n\n<div class=\"wp-block-media-text alignwide\" style=\"grid-template-columns:35% auto\"><figure class=\"wp-block-media-text__media\"><img fetchpriority=\"high\" decoding=\"async\" width=\"321\" height=\"499\" src=\"http:\/\/leregardlibre.com\/wp-content\/uploads\/2020\/01\/Lhiver-du-me\u0301contentement.jpg\" alt=\"\" class=\"wp-image-30094\" srcset=\"https:\/\/leregardlibre.com\/wp-content\/uploads\/2020\/01\/Lhiver-du-me\u0301contentement.jpg 321w, https:\/\/leregardlibre.com\/wp-content\/uploads\/2020\/01\/Lhiver-du-me\u0301contentement-96x150.jpg 96w, https:\/\/leregardlibre.com\/wp-content\/uploads\/2020\/01\/Lhiver-du-me\u0301contentement-193x300.jpg 193w, https:\/\/leregardlibre.com\/wp-content\/uploads\/2020\/01\/Lhiver-du-me\u0301contentement-300x466.jpg 300w\" sizes=\"(max-width: 321px) 100vw, 321px\" \/><\/figure><div class=\"wp-block-media-text__content\">\n<p class=\"has-normal-font-size\"><strong>Thomas B. Reverdy<br><em>Winter of discontent<\/em><br>Editions Flammarion<br>2018<br>215 pages<\/strong><\/p>\n\n\n\n<div class=\"wp-block-button\"><a class=\"wp-block-button__link\" href=\"https:\/\/www.payot.ch\/Detail\/lhiver_du_mecontentement-thomas_b_reverdy-9782081421127?cId=0\">buy<\/a><\/div>\n<\/div><\/div>","protected":false},"excerpt":{"rendered":"<p>The initial idea is good, but...<\/p>","protected":false},"author":18,"featured_media":30092,"comment_status":"open","ping_status":"open","sticky":false,"template":"","format":"standard","meta":{"_acf_changed":false,"footnotes":""},"categories":[20663],"tags":[48028,17849,644339560,54879,449179,107596,644343914,644341580,38542],"class_list":["post-30090","post","type-post","status-publish","format-standard","has-post-thumbnail","hentry","category-litterature","tag-angleterre","tag-chomage","tag-crise","tag-critiques-litteraires","tag-grande-bretagne","tag-hiver","tag-margaret-thatcher","tag-prix-litteraires","tag-roman"],"acf":[],"yoast_head":"<!-- This site is optimized with the Yoast SEO Premium plugin v27.4 (Yoast SEO v27.4) - https:\/\/yoast.com\/product\/yoast-seo-premium-wordpress\/ -->\n<title>\u00abL&#039;hiver du m\u00e9contentement\u00bb: un Interalli\u00e9 artificiel<\/title>\n<meta name=\"robots\" content=\"index, follow, max-snippet:-1, max-image-preview:large, max-video-preview:-1\" \/>\n<link rel=\"canonical\" href=\"https:\/\/leregardlibre.com\/en\/literature\/lhiver-du-mecontentement-an-artificial-interallie\/\" \/>\n<meta property=\"og:locale\" content=\"en_US\" \/>\n<meta property=\"og:type\" content=\"article\" \/>\n<meta property=\"og:title\" content=\"\u00abL&#039;hiver du m\u00e9contentement\u00bb: un Interalli\u00e9 artificiel\" \/>\n<meta property=\"og:description\" content=\"L&#039;id\u00e9e de d\u00e9part est bonne, mais\u2026\" \/>\n<meta property=\"og:url\" content=\"https:\/\/leregardlibre.com\/en\/literature\/lhiver-du-mecontentement-an-artificial-interallie\/\" \/>\n<meta property=\"og:site_name\" content=\"Le Regard Libre\" \/>\n<meta property=\"article:publisher\" content=\"https:\/\/www.facebook.com\/leregardlibre\/\" \/>\n<meta property=\"article:published_time\" content=\"2019-04-14T13:00:00+00:00\" \/>\n<meta property=\"article:modified_time\" content=\"2023-07-02T13:45:34+00:00\" \/>\n<meta property=\"og:image\" content=\"https:\/\/leregardlibre.com\/wp-content\/uploads\/2020\/01\/\u00a9-Wikimedia-CC.jpg\" \/>\n\t<meta property=\"og:image:width\" content=\"1280\" \/>\n\t<meta property=\"og:image:height\" content=\"902\" \/>\n\t<meta property=\"og:image:type\" content=\"image\/jpeg\" \/>\n<meta name=\"author\" content=\"Loris S. Musumeci\" \/>\n<meta name=\"twitter:card\" content=\"summary_large_image\" \/>\n<meta name=\"twitter:creator\" content=\"@LeRegardLibre\" \/>\n<meta name=\"twitter:site\" content=\"@LeRegardLibre\" \/>\n<meta name=\"twitter:label1\" content=\"Written by\" \/>\n\t<meta name=\"twitter:data1\" content=\"Loris S. Musumeci\" \/>\n\t<meta name=\"twitter:label2\" content=\"Est. reading time\" \/>\n\t<meta name=\"twitter:data2\" content=\"4 minutes\" \/>\n<script type=\"application\/ld+json\" class=\"yoast-schema-graph\">{\"@context\":\"https:\\\/\\\/schema.org\",\"@graph\":[{\"@type\":\"Article\",\"@id\":\"https:\\\/\\\/leregardlibre.com\\\/litterature\\\/lhiver-du-mecontentement-un-interallie-artificiel\\\/#article\",\"isPartOf\":{\"@id\":\"https:\\\/\\\/leregardlibre.com\\\/litterature\\\/lhiver-du-mecontentement-un-interallie-artificiel\\\/\"},\"author\":{\"name\":\"Loris S. Musumeci\",\"@id\":\"https:\\\/\\\/leregardlibre.com\\\/#\\\/schema\\\/person\\\/04d80ec47094bca6b1fa22dffad24005\"},\"headline\":\"\u00abL&#8217;hiver du m\u00e9contentement\u00bb: un Interalli\u00e9 artificiel\",\"datePublished\":\"2019-04-14T13:00:00+00:00\",\"dateModified\":\"2023-07-02T13:45:34+00:00\",\"mainEntityOfPage\":{\"@id\":\"https:\\\/\\\/leregardlibre.com\\\/litterature\\\/lhiver-du-mecontentement-un-interallie-artificiel\\\/\"},\"wordCount\":888,\"commentCount\":0,\"publisher\":{\"@id\":\"https:\\\/\\\/leregardlibre.com\\\/#organization\"},\"image\":{\"@id\":\"https:\\\/\\\/leregardlibre.com\\\/litterature\\\/lhiver-du-mecontentement-un-interallie-artificiel\\\/#primaryimage\"},\"thumbnailUrl\":\"https:\\\/\\\/leregardlibre.com\\\/wp-content\\\/uploads\\\/2020\\\/01\\\/\u00a9-Wikimedia-CC.jpg\",\"keywords\":[\"Angleterre\",\"Ch\u00f4mage\",\"Crise\",\"Critique litt\u00e9raire\",\"Grande-Bretagne\",\"Hiver\",\"Margaret Thatcher\",\"Prix litt\u00e9raires\",\"Roman\"],\"articleSection\":[\"Litt\u00e9rature\"],\"inLanguage\":\"en-US\",\"potentialAction\":[{\"@type\":\"CommentAction\",\"name\":\"Comment\",\"target\":[\"https:\\\/\\\/leregardlibre.com\\\/litterature\\\/lhiver-du-mecontentement-un-interallie-artificiel\\\/#respond\"]}]},{\"@type\":\"WebPage\",\"@id\":\"https:\\\/\\\/leregardlibre.com\\\/litterature\\\/lhiver-du-mecontentement-un-interallie-artificiel\\\/\",\"url\":\"https:\\\/\\\/leregardlibre.com\\\/litterature\\\/lhiver-du-mecontentement-un-interallie-artificiel\\\/\",\"name\":\"\u00abL'hiver du m\u00e9contentement\u00bb: un Interalli\u00e9 artificiel\",\"isPartOf\":{\"@id\":\"https:\\\/\\\/leregardlibre.com\\\/#website\"},\"primaryImageOfPage\":{\"@id\":\"https:\\\/\\\/leregardlibre.com\\\/litterature\\\/lhiver-du-mecontentement-un-interallie-artificiel\\\/#primaryimage\"},\"image\":{\"@id\":\"https:\\\/\\\/leregardlibre.com\\\/litterature\\\/lhiver-du-mecontentement-un-interallie-artificiel\\\/#primaryimage\"},\"thumbnailUrl\":\"https:\\\/\\\/leregardlibre.com\\\/wp-content\\\/uploads\\\/2020\\\/01\\\/\u00a9-Wikimedia-CC.jpg\",\"datePublished\":\"2019-04-14T13:00:00+00:00\",\"dateModified\":\"2023-07-02T13:45:34+00:00\",\"breadcrumb\":{\"@id\":\"https:\\\/\\\/leregardlibre.com\\\/litterature\\\/lhiver-du-mecontentement-un-interallie-artificiel\\\/#breadcrumb\"},\"inLanguage\":\"en-US\",\"potentialAction\":[{\"@type\":\"ReadAction\",\"target\":[\"https:\\\/\\\/leregardlibre.com\\\/litterature\\\/lhiver-du-mecontentement-un-interallie-artificiel\\\/\"]}]},{\"@type\":\"ImageObject\",\"inLanguage\":\"en-US\",\"@id\":\"https:\\\/\\\/leregardlibre.com\\\/litterature\\\/lhiver-du-mecontentement-un-interallie-artificiel\\\/#primaryimage\",\"url\":\"https:\\\/\\\/leregardlibre.com\\\/wp-content\\\/uploads\\\/2020\\\/01\\\/\u00a9-Wikimedia-CC.jpg\",\"contentUrl\":\"https:\\\/\\\/leregardlibre.com\\\/wp-content\\\/uploads\\\/2020\\\/01\\\/\u00a9-Wikimedia-CC.jpg\",\"width\":1280,\"height\":902},{\"@type\":\"BreadcrumbList\",\"@id\":\"https:\\\/\\\/leregardlibre.com\\\/litterature\\\/lhiver-du-mecontentement-un-interallie-artificiel\\\/#breadcrumb\",\"itemListElement\":[{\"@type\":\"ListItem\",\"position\":1,\"name\":\"Accueil\",\"item\":\"https:\\\/\\\/leregardlibre.com\\\/\"},{\"@type\":\"ListItem\",\"position\":2,\"name\":\"\u00abL&#8217;hiver du m\u00e9contentement\u00bb: un Interalli\u00e9 artificiel\"}]},{\"@type\":\"WebSite\",\"@id\":\"https:\\\/\\\/leregardlibre.com\\\/#website\",\"url\":\"https:\\\/\\\/leregardlibre.com\\\/\",\"name\":\"Le Regard Libre\",\"description\":\"Premier mensuel suisse de d\u00e9bat\",\"publisher\":{\"@id\":\"https:\\\/\\\/leregardlibre.com\\\/#organization\"},\"potentialAction\":[{\"@type\":\"SearchAction\",\"target\":{\"@type\":\"EntryPoint\",\"urlTemplate\":\"https:\\\/\\\/leregardlibre.com\\\/?s={search_term_string}\"},\"query-input\":{\"@type\":\"PropertyValueSpecification\",\"valueRequired\":true,\"valueName\":\"search_term_string\"}}],\"inLanguage\":\"en-US\"},{\"@type\":\"Organization\",\"@id\":\"https:\\\/\\\/leregardlibre.com\\\/#organization\",\"name\":\"Le Regard Libre\",\"url\":\"https:\\\/\\\/leregardlibre.com\\\/\",\"logo\":{\"@type\":\"ImageObject\",\"inLanguage\":\"en-US\",\"@id\":\"https:\\\/\\\/leregardlibre.com\\\/#\\\/schema\\\/logo\\\/image\\\/\",\"url\":\"https:\\\/\\\/leregardlibre.com\\\/wp-content\\\/uploads\\\/2025\\\/08\\\/logo-rl-icone-neg.jpeg\",\"contentUrl\":\"https:\\\/\\\/leregardlibre.com\\\/wp-content\\\/uploads\\\/2025\\\/08\\\/logo-rl-icone-neg.jpeg\",\"width\":557,\"height\":556,\"caption\":\"Le Regard Libre\"},\"image\":{\"@id\":\"https:\\\/\\\/leregardlibre.com\\\/#\\\/schema\\\/logo\\\/image\\\/\"},\"sameAs\":[\"https:\\\/\\\/www.facebook.com\\\/leregardlibre\\\/\",\"https:\\\/\\\/x.com\\\/LeRegardLibre\",\"https:\\\/\\\/www.linkedin.com\\\/company\\\/le-regard-libre\",\"https:\\\/\\\/www.instagram.com\\\/leregardlibre\\\/\",\"http:\\\/\\\/t.me\\\/leregardlibre\",\"https:\\\/\\\/youtube.com\\\/channel\\\/UC6HzGPomj1LsUmlz-sJtITQ\"],\"description\":\"Le Regard Libre est un mensuel suisse de d\u00e9bat intellectuel et culturel. Sa r\u00e9daction est jeune, b\u00e9n\u00e9vole, lib\u00e9rale et pluraliste. Le magazine para\u00eet en ligne et sous forme papier. Sa langue est le fran\u00e7ais.\",\"email\":\"redaction@leregardlibre.com\",\"legalName\":\"Le Regard Libre\",\"foundingDate\":\"2014-01-01\",\"numberOfEmployees\":{\"@type\":\"QuantitativeValue\",\"minValue\":\"11\",\"maxValue\":\"50\"},\"publishingPrinciples\":\"https:\\\/\\\/leregardlibre.com\\\/a-propos\\\/notre-manifeste\\\/\",\"ownershipFundingInfo\":\"https:\\\/\\\/leregardlibre.com\\\/mentions-legales\\\/\",\"actionableFeedbackPolicy\":\"https:\\\/\\\/leregardlibre.com\\\/conditions-generales-de-vente\\\/\"},{\"@type\":\"Person\",\"@id\":\"https:\\\/\\\/leregardlibre.com\\\/#\\\/schema\\\/person\\\/04d80ec47094bca6b1fa22dffad24005\",\"name\":\"Loris S. Musumeci\",\"image\":{\"@type\":\"ImageObject\",\"inLanguage\":\"en-US\",\"@id\":\"https:\\\/\\\/secure.gravatar.com\\\/avatar\\\/fa476654dadfee0d962e80160d0303549febb2769f8fa26c7a1ebe037f7c7c54?s=96&d=identicon&r=g\",\"url\":\"https:\\\/\\\/secure.gravatar.com\\\/avatar\\\/fa476654dadfee0d962e80160d0303549febb2769f8fa26c7a1ebe037f7c7c54?s=96&d=identicon&r=g\",\"contentUrl\":\"https:\\\/\\\/secure.gravatar.com\\\/avatar\\\/fa476654dadfee0d962e80160d0303549febb2769f8fa26c7a1ebe037f7c7c54?s=96&d=identicon&r=g\",\"caption\":\"Loris S. Musumeci\"},\"sameAs\":[\"https:\\\/\\\/leregardlibre.com\\\/\",\"https:\\\/\\\/fr.wikipedia.org\\\/wiki\\\/Le_Regard_libre\"],\"url\":\"https:\\\/\\\/leregardlibre.com\\\/en\\\/author\\\/loris-musumeci\\\/\"}]}<\/script>\n<!-- \/ Yoast SEO Premium plugin. -->","yoast_head_json":{"title":"\u00abL'hiver du m\u00e9contentement\u00bb: an artificial Interalli\u00e9 award","robots":{"index":"index","follow":"follow","max-snippet":"max-snippet:-1","max-image-preview":"max-image-preview:large","max-video-preview":"max-video-preview:-1"},"canonical":"https:\/\/leregardlibre.com\/en\/literature\/lhiver-du-mecontentement-an-artificial-interallie\/","og_locale":"en_US","og_type":"article","og_title":"\u00abL'hiver du m\u00e9contentement\u00bb: un Interalli\u00e9 artificiel","og_description":"L'id\u00e9e de d\u00e9part est bonne, mais\u2026","og_url":"https:\/\/leregardlibre.com\/en\/literature\/lhiver-du-mecontentement-an-artificial-interallie\/","og_site_name":"Le Regard Libre","article_publisher":"https:\/\/www.facebook.com\/leregardlibre\/","article_published_time":"2019-04-14T13:00:00+00:00","article_modified_time":"2023-07-02T13:45:34+00:00","og_image":[{"width":1280,"height":902,"url":"https:\/\/leregardlibre.com\/wp-content\/uploads\/2020\/01\/\u00a9-Wikimedia-CC.jpg","type":"image\/jpeg"}],"author":"Loris S. Musumeci","twitter_card":"summary_large_image","twitter_creator":"@LeRegardLibre","twitter_site":"@LeRegardLibre","twitter_misc":{"Written by":"Loris S. Musumeci","Est. reading time":"4 minutes"},"schema":{"@context":"https:\/\/schema.org","@graph":[{"@type":"Article","@id":"https:\/\/leregardlibre.com\/litterature\/lhiver-du-mecontentement-un-interallie-artificiel\/#article","isPartOf":{"@id":"https:\/\/leregardlibre.com\/litterature\/lhiver-du-mecontentement-un-interallie-artificiel\/"},"author":{"name":"Loris S. Musumeci","@id":"https:\/\/leregardlibre.com\/#\/schema\/person\/04d80ec47094bca6b1fa22dffad24005"},"headline":"\u00abL&#8217;hiver du m\u00e9contentement\u00bb: un Interalli\u00e9 artificiel","datePublished":"2019-04-14T13:00:00+00:00","dateModified":"2023-07-02T13:45:34+00:00","mainEntityOfPage":{"@id":"https:\/\/leregardlibre.com\/litterature\/lhiver-du-mecontentement-un-interallie-artificiel\/"},"wordCount":888,"commentCount":0,"publisher":{"@id":"https:\/\/leregardlibre.com\/#organization"},"image":{"@id":"https:\/\/leregardlibre.com\/litterature\/lhiver-du-mecontentement-un-interallie-artificiel\/#primaryimage"},"thumbnailUrl":"https:\/\/leregardlibre.com\/wp-content\/uploads\/2020\/01\/\u00a9-Wikimedia-CC.jpg","keywords":["Angleterre","Ch\u00f4mage","Crise","Critique litt\u00e9raire","Grande-Bretagne","Hiver","Margaret Thatcher","Prix litt\u00e9raires","Roman"],"articleSection":["Litt\u00e9rature"],"inLanguage":"en-US","potentialAction":[{"@type":"CommentAction","name":"Comment","target":["https:\/\/leregardlibre.com\/litterature\/lhiver-du-mecontentement-un-interallie-artificiel\/#respond"]}]},{"@type":"WebPage","@id":"https:\/\/leregardlibre.com\/litterature\/lhiver-du-mecontentement-un-interallie-artificiel\/","url":"https:\/\/leregardlibre.com\/litterature\/lhiver-du-mecontentement-un-interallie-artificiel\/","name":"\u00abL'hiver du m\u00e9contentement\u00bb: an artificial Interalli\u00e9 award","isPartOf":{"@id":"https:\/\/leregardlibre.com\/#website"},"primaryImageOfPage":{"@id":"https:\/\/leregardlibre.com\/litterature\/lhiver-du-mecontentement-un-interallie-artificiel\/#primaryimage"},"image":{"@id":"https:\/\/leregardlibre.com\/litterature\/lhiver-du-mecontentement-un-interallie-artificiel\/#primaryimage"},"thumbnailUrl":"https:\/\/leregardlibre.com\/wp-content\/uploads\/2020\/01\/\u00a9-Wikimedia-CC.jpg","datePublished":"2019-04-14T13:00:00+00:00","dateModified":"2023-07-02T13:45:34+00:00","breadcrumb":{"@id":"https:\/\/leregardlibre.com\/litterature\/lhiver-du-mecontentement-un-interallie-artificiel\/#breadcrumb"},"inLanguage":"en-US","potentialAction":[{"@type":"ReadAction","target":["https:\/\/leregardlibre.com\/litterature\/lhiver-du-mecontentement-un-interallie-artificiel\/"]}]},{"@type":"ImageObject","inLanguage":"en-US","@id":"https:\/\/leregardlibre.com\/litterature\/lhiver-du-mecontentement-un-interallie-artificiel\/#primaryimage","url":"https:\/\/leregardlibre.com\/wp-content\/uploads\/2020\/01\/\u00a9-Wikimedia-CC.jpg","contentUrl":"https:\/\/leregardlibre.com\/wp-content\/uploads\/2020\/01\/\u00a9-Wikimedia-CC.jpg","width":1280,"height":902},{"@type":"BreadcrumbList","@id":"https:\/\/leregardlibre.com\/litterature\/lhiver-du-mecontentement-un-interallie-artificiel\/#breadcrumb","itemListElement":[{"@type":"ListItem","position":1,"name":"Accueil","item":"https:\/\/leregardlibre.com\/"},{"@type":"ListItem","position":2,"name":"\u00abL&#8217;hiver du m\u00e9contentement\u00bb: un Interalli\u00e9 artificiel"}]},{"@type":"WebSite","@id":"https:\/\/leregardlibre.com\/#website","url":"https:\/\/leregardlibre.com\/","name":"Le Regard Libre","description":"Switzerland's first monthly debate magazine","publisher":{"@id":"https:\/\/leregardlibre.com\/#organization"},"potentialAction":[{"@type":"SearchAction","target":{"@type":"EntryPoint","urlTemplate":"https:\/\/leregardlibre.com\/?s={search_term_string}"},"query-input":{"@type":"PropertyValueSpecification","valueRequired":true,"valueName":"search_term_string"}}],"inLanguage":"en-US"},{"@type":"Organization","@id":"https:\/\/leregardlibre.com\/#organization","name":"Le Regard Libre","url":"https:\/\/leregardlibre.com\/","logo":{"@type":"ImageObject","inLanguage":"en-US","@id":"https:\/\/leregardlibre.com\/#\/schema\/logo\/image\/","url":"https:\/\/leregardlibre.com\/wp-content\/uploads\/2025\/08\/logo-rl-icone-neg.jpeg","contentUrl":"https:\/\/leregardlibre.com\/wp-content\/uploads\/2025\/08\/logo-rl-icone-neg.jpeg","width":557,"height":556,"caption":"Le Regard Libre"},"image":{"@id":"https:\/\/leregardlibre.com\/#\/schema\/logo\/image\/"},"sameAs":["https:\/\/www.facebook.com\/leregardlibre\/","https:\/\/x.com\/LeRegardLibre","https:\/\/www.linkedin.com\/company\/le-regard-libre","https:\/\/www.instagram.com\/leregardlibre\/","http:\/\/t.me\/leregardlibre","https:\/\/youtube.com\/channel\/UC6HzGPomj1LsUmlz-sJtITQ"],"description":"Le Regard Libre is a Swiss monthly magazine for intellectual and cultural debate. Its editorial team is young, voluntary, liberal and pluralist. The magazine appears online and in print. Its language is French.","email":"redaction@leregardlibre.com","legalName":"Le Regard Libre","foundingDate":"2014-01-01","numberOfEmployees":{"@type":"QuantitativeValue","minValue":"11","maxValue":"50"},"publishingPrinciples":"https:\/\/leregardlibre.com\/a-propos\/notre-manifeste\/","ownershipFundingInfo":"https:\/\/leregardlibre.com\/mentions-legales\/","actionableFeedbackPolicy":"https:\/\/leregardlibre.com\/conditions-generales-de-vente\/"},{"@type":"Person","@id":"https:\/\/leregardlibre.com\/#\/schema\/person\/04d80ec47094bca6b1fa22dffad24005","name":"Loris S. Musumeci","image":{"@type":"ImageObject","inLanguage":"en-US","@id":"https:\/\/secure.gravatar.com\/avatar\/fa476654dadfee0d962e80160d0303549febb2769f8fa26c7a1ebe037f7c7c54?s=96&d=identicon&r=g","url":"https:\/\/secure.gravatar.com\/avatar\/fa476654dadfee0d962e80160d0303549febb2769f8fa26c7a1ebe037f7c7c54?s=96&d=identicon&r=g","contentUrl":"https:\/\/secure.gravatar.com\/avatar\/fa476654dadfee0d962e80160d0303549febb2769f8fa26c7a1ebe037f7c7c54?s=96&d=identicon&r=g","caption":"Loris S. Musumeci"},"sameAs":["https:\/\/leregardlibre.com\/","https:\/\/fr.wikipedia.org\/wiki\/Le_Regard_libre"],"url":"https:\/\/leregardlibre.com\/en\/author\/loris-musumeci\/"}]}},"_links":{"self":[{"href":"https:\/\/leregardlibre.com\/en\/wp-json\/wp\/v2\/posts\/30090","targetHints":{"allow":["GET"]}}],"collection":[{"href":"https:\/\/leregardlibre.com\/en\/wp-json\/wp\/v2\/posts"}],"about":[{"href":"https:\/\/leregardlibre.com\/en\/wp-json\/wp\/v2\/types\/post"}],"author":[{"embeddable":true,"href":"https:\/\/leregardlibre.com\/en\/wp-json\/wp\/v2\/users\/18"}],"replies":[{"embeddable":true,"href":"https:\/\/leregardlibre.com\/en\/wp-json\/wp\/v2\/comments?post=30090"}],"version-history":[{"count":1,"href":"https:\/\/leregardlibre.com\/en\/wp-json\/wp\/v2\/posts\/30090\/revisions"}],"predecessor-version":[{"id":511571,"href":"https:\/\/leregardlibre.com\/en\/wp-json\/wp\/v2\/posts\/30090\/revisions\/511571"}],"wp:featuredmedia":[{"embeddable":true,"href":"https:\/\/leregardlibre.com\/en\/wp-json\/wp\/v2\/media\/30092"}],"wp:attachment":[{"href":"https:\/\/leregardlibre.com\/en\/wp-json\/wp\/v2\/media?parent=30090"}],"wp:term":[{"taxonomy":"category","embeddable":true,"href":"https:\/\/leregardlibre.com\/en\/wp-json\/wp\/v2\/categories?post=30090"},{"taxonomy":"post_tag","embeddable":true,"href":"https:\/\/leregardlibre.com\/en\/wp-json\/wp\/v2\/tags?post=30090"}],"curies":[{"name":"wp","href":"https:\/\/api.w.org\/{rel}","templated":true}]}}