{"id":31676,"date":"2020-02-22T19:14:58","date_gmt":"2020-02-22T18:14:58","guid":{"rendered":"https:\/\/leregardlibre.com\/?p=31676"},"modified":"2025-12-13T22:24:03","modified_gmt":"2025-12-13T21:24:03","slug":"roma-cuarons-memories-of-fellini-and-mine","status":"publish","type":"post","link":"https:\/\/leregardlibre.com\/en\/cinema\/films\/roma-cuarons-memories-of-fellini-and-mine\/","title":{"rendered":"\u00abRoma\u00bb: memories of Cuar\u00f3n, Fellini and me"},"content":{"rendered":"<p><em>Saturday's Netflix &amp; chill - Loris S. Musumeci<\/em><\/p>\n\n\n\n<p class=\"has-drop-cap\"><strong><em>Roma<\/em> by Alfonso <strong>Cuar\u00f3n<\/strong> is one of the reasons why our <a href=\"https:\/\/leregardlibre.com\/en\/2019\/11\/30\/et-si-vous-pouviez-pecho-grace-au-regard-libre\/\">\u00abSaturday's Netflix &amp; chill\u00bb<\/a> was released almost three months ago. How can you miss such a work simply because it's not being released via the classic theatrical channel? Even if the film is no longer in the most recent cinema release news, we have to talk about it. We have to talk about it. Since late 2018, it's been elevating Netflix. With <em><a href=\"https:\/\/leregardlibre.com\/en\/2019\/12\/07\/the-irishman-vie-et-mort-des-dieux-de-la-pegre\/\">The Irishman<\/a><\/em> by Martin Scorsese, it provides the platform with a cinema space, a cinema lesson, a little gem that can be passed from tablet to smartphone for the general public.<\/strong><\/p>\n\n\n\n<!--more Lire la critique-->\n\n\n\n<figure class=\"wp-block-embed-youtube wp-block-embed is-type-video is-provider-youtube wp-embed-aspect-16-9 wp-has-aspect-ratio\"><div class=\"wp-block-embed__wrapper\">\n<iframe title=\"ROMA | Official Trailer | Netflix\" width=\"1000\" height=\"563\" src=\"https:\/\/www.youtube.com\/embed\/6BS27ngZtxg?feature=oembed\" frameborder=\"0\" allow=\"accelerometer; autoplay; clipboard-write; encrypted-media; gyroscope; picture-in-picture; web-share\" referrerpolicy=\"strict-origin-when-cross-origin\" allowfullscreen><\/iframe>\n<\/div><\/figure>\n\n\n\n<p>A Mexican story, a universal story. In Mexico City's Colonia Roma district, domestic servants Cleo and Adela work for a wealthy, exemplary family. The father is a renowned doctor, the mother, Sofia, a fine, cultured chemist. The grandmother, stern and endearing. The dog, silly and affectionate. The four children are cradled by games and joie de vivre. And by the love of Cleo, who loves them like a mother. The father pretexts an important trip to Canada for his work, and flees the family to live out his love affair with a new conquest.<\/p>\n\n\n\n<p>The women find themselves alone with their children. Life goes on. School, vacations, Christmas, New Year. Cleo is seeing a young man on vacation. She lets herself be taken, touched; she knows the boy intimately. In his body. Impregnated by a Sunday affair, she tells the father-to-be three months later. Seemingly delighted, he flees. Cleo is alone with her pregnancy. Sofia, just as alone. But two women alone create a whole. In solidarity with the abandonment they have each endured, they support each other through the toughest trials that 1971 has in store.<\/p>\n\n\n\n<h3 class=\"wp-block-heading\">A divided reception<\/h3>\n\n\n\n<p><em>Roma<\/em> clicks before you watch it. It clicks from the very first scene. The joy of entering a perfect cinematic landscape, pure, aesthetic, rich in references and symbols. Universal in its plot, which looks at the life of a little maid. But it's also worrying. Of witnessing a deception. Of being disappointed by a film that's too calculated, too polished, too perfect, too much of a masterpiece. A film that would be too unanimous, that we wouldn't have the right not to adore. When I clicked on play, I was still both delighted and worried. I came out of the film neither delighted nor worried. I came out fascinated, moved, with a full head and a light heart.<\/p>\n\n\n\n<p>I think that's the case for many who have come to appreciate the film with the measure it deserves. Some cried masterpiece too soon, because it's Cuar\u00f3n, because it's in black and white, because it's an auteur film, a social film, a philosophical film. Perhaps they failed to consider the film's hidden treasures, obsessed by the fact that, in any case <em>Roma<\/em> must be excellent. Perhaps they simply had a good feeling; they were delighted and were not disappointed. They rejoiced when the director was awarded the Golden Lion. Others dismissed the film's script and images, criticizing it as boring, heavy-handed and pretentious. They have every right to do so. To claim unanimous support for <em>Roma<\/em>, would be a betrayal of this strong, imposing work, which nonetheless leaves the viewer enormous freedom.<\/p>\n\n\n\n<figure class=\"wp-block-image size-large\"><img fetchpriority=\"high\" decoding=\"async\" width=\"1000\" height=\"563\" src=\"http:\/\/leregardlibre.com\/wp-content\/uploads\/2020\/02\/alfonso-cuaron-variety-cover-story-16x9-1.jpg\" alt=\"\" class=\"wp-image-31678\" srcset=\"https:\/\/leregardlibre.com\/wp-content\/uploads\/2020\/02\/alfonso-cuaron-variety-cover-story-16x9-1.jpg 1000w, https:\/\/leregardlibre.com\/wp-content\/uploads\/2020\/02\/alfonso-cuaron-variety-cover-story-16x9-1-585x329.jpg 585w, https:\/\/leregardlibre.com\/wp-content\/uploads\/2020\/02\/alfonso-cuaron-variety-cover-story-16x9-1-150x84.jpg 150w, https:\/\/leregardlibre.com\/wp-content\/uploads\/2020\/02\/alfonso-cuaron-variety-cover-story-16x9-1-300x169.jpg 300w, https:\/\/leregardlibre.com\/wp-content\/uploads\/2020\/02\/alfonso-cuaron-variety-cover-story-16x9-1-768x432.jpg 768w, https:\/\/leregardlibre.com\/wp-content\/uploads\/2020\/02\/alfonso-cuaron-variety-cover-story-16x9-1-600x338.jpg 600w\" sizes=\"(max-width: 1000px) 100vw, 1000px\" \/><figcaption>Alfonso Cuar\u00f3n, director of \u00abRoma\u00bb (2018) \u00a9 Netflix<\/figcaption><\/figure>\n\n\n\n<h3 class=\"wp-block-heading\">Cuar\u00f3n pays tribute to Fellini<\/h3>\n\n\n\n<p>A freedom that draws on the references and memories of each individual. <em>Roma<\/em> weaves links and allows us to weave our own links to the resurgence of the past, to childhood, its places and senses, to films that have left their mark. Alfonso Cuar\u00f3n allows himself this freedom. Just as the individual figure of Cleo is universal in scope, so Cuar\u00f3n's particular feelings are universal. His homage to the great Italian director Federico Fellini taps into the depths of his own cinephilia, just as it does mine. But in a different way. He has his Fellini, I have mine.<\/p>\n\n\n\n<p>Fellini, then, from whom the very title of the film is borrowed. <em>Roma<\/em> (2018) revisits a filmmaker's memories of Mexico in the early 1970s, <em>Roma<\/em> (1972) revisits a filmmaker's memories of Italy from the thirties to the sixties. <em>Roma <\/em>(2018) revisits Cuar\u00f3n's childhood, adolescence, sorrows and happiness; <em>Eight and a half<\/em> (1963) and <em>Amarcord<\/em> (1973), two other Fellini films, revisit the fantasies, dreams, feelings and career of the man who became one of the major figures in cinema, art and culture. The tribute to Fellini is complete.<\/p>\n\n\n\n<figure class=\"wp-block-image size-large\"><img decoding=\"async\" width=\"1200\" height=\"954\" src=\"http:\/\/leregardlibre.com\/wp-content\/uploads\/2020\/02\/image-17-12-19-01-26-1.jpeg\" alt=\"\" class=\"wp-image-31679\" srcset=\"https:\/\/leregardlibre.com\/wp-content\/uploads\/2020\/02\/image-17-12-19-01-26-1.jpeg 1200w, https:\/\/leregardlibre.com\/wp-content\/uploads\/2020\/02\/image-17-12-19-01-26-1-1170x930.jpeg 1170w, https:\/\/leregardlibre.com\/wp-content\/uploads\/2020\/02\/image-17-12-19-01-26-1-585x465.jpeg 585w, https:\/\/leregardlibre.com\/wp-content\/uploads\/2020\/02\/image-17-12-19-01-26-1-150x119.jpeg 150w, https:\/\/leregardlibre.com\/wp-content\/uploads\/2020\/02\/image-17-12-19-01-26-1-300x239.jpeg 300w, https:\/\/leregardlibre.com\/wp-content\/uploads\/2020\/02\/image-17-12-19-01-26-1-768x611.jpeg 768w, https:\/\/leregardlibre.com\/wp-content\/uploads\/2020\/02\/image-17-12-19-01-26-1-1024x814.jpeg 1024w, https:\/\/leregardlibre.com\/wp-content\/uploads\/2020\/02\/image-17-12-19-01-26-1-600x477.jpeg 600w\" sizes=\"(max-width: 1200px) 100vw, 1200px\" \/><figcaption>Federico Fellini, film maestro <\/figcaption><\/figure>\n\n\n\n<h3 class=\"wp-block-heading\">Radio nostalgia<\/h3>\n\n\n\n<p>But the film doesn't shy away from other references, such as to Louis de Fun\u00e8s, whom Cleo goes to see at the cinema with her boyfriend, or to other films that bring the family together in front of the TV set. References to the songs that set the pace in Cuar\u00f3n's youth, and that punctuate Cleo's daily work. Songs that the mother listens to with her children and friends at New Year's Eve parties. Played on the radio, getting the kids up and dancing, livening up car trips. Radio. Radio. Radio nostalgia. Nostalgia for songs that made even my grandparents dance. I had the <em>brividi<\/em> - chills - when the Spanish version of one of my grandmother's favorite songs, \u00abIl cuore \u00e8 uno zingaro\u00bb - \u00abMi corazon es un gitano\u00bb in Spanish - appeared from the soundtrack. \u00a0\u00a0<\/p>\n\n\n\n<figure class=\"wp-block-embed-youtube wp-block-embed is-type-video is-provider-youtube wp-embed-aspect-16-9 wp-has-aspect-ratio\"><div class=\"wp-block-embed__wrapper\">\nhttps:\/\/www.youtube.com\/watch?v=8nEjylJ5rQI\n<\/div><\/figure>\n\n\n\n<p>A song I discovered a few summers ago, in the streets of my Sicilian village. My grandfather, at the wheel of his old green Lancia Ypsilon, my grandmother beside him, humming this song that had reappeared from their youth on a CD playing in the car: <em>I pi\u00f9 grandi successi della musica italiana<\/em>. My sister and I in the back, carried away by the song, appropriating a youth that was not our own. Entering the <a href=\"https:\/\/leregardlibre.com\/en\/2019\/08\/21\/once-upon-a-time-quentin-tarantino\/\">nostalgia for an era we didn't live through<\/a>.<\/p>\n\n\n\n<h3 class=\"wp-block-heading\">Terrace and light<\/h3>\n\n\n\n<p>I also saw again the terrace of my grandparents' house in Sicily, when Cleo hangs out the washing on the terrace of the house. The same fragrant white linen, the same freshness, the same sunshine. <em>Roma<\/em> appeals to the senses. Through the memories it evokes, through its photography. In black and white, the film produces an absolutely sublime play of light. Particularly with the sun, which without yellowing or orangeing the image, a prerogative of color cinema, floods Cleo's skin and eyes with its clarity. The terrace becomes white with sunlight. The youngest son comes to play. He and Cleo lie down under their damp clothes, embraced by the warmth of the sun, caressed by its shadow.<\/p>\n\n\n\n<p>In addition to its sublimely beautiful light, the photograph is also impressive for the slowness of its shots. They fix rooms in the house, a burnt countryside landscape, a seascape, a plane in the sky, a car pulling up, a lifeless baby, a mother in tears, dog droppings, a tiled floor under ripples of frothy water. From the most existential tragedy to the most insignificant element, the shots touch the eye and the heart with their elegant sobriety. And since, in great films, form and substance go hand in hand, each of these shots carries a symbol that says so much about Cuar\u00f3n's childhood, my childhood, your childhood, Mexico, Cleo, her condition, the condition of little people, the condition of women, life and fatality.<\/p>\n\n\n\n<blockquote class=\"wp-block-quote is-layout-flow wp-block-quote-is-layout-flow\"><p>\u00abNo matter what anyone says, we women are always alone.\u00bb&nbsp;<\/p><\/blockquote>\n\n\n\n<figure class=\"wp-block-image size-large\"><img decoding=\"async\" width=\"1130\" height=\"879\" src=\"http:\/\/leregardlibre.com\/wp-content\/uploads\/2020\/02\/Netflix-Roma-d-Alfonso-Cuaron-les-secrets-du-decor-du-film.jpg\" alt=\"\" class=\"wp-image-31682\" srcset=\"https:\/\/leregardlibre.com\/wp-content\/uploads\/2020\/02\/Netflix-Roma-d-Alfonso-Cuaron-les-secrets-du-decor-du-film.jpg 1130w, https:\/\/leregardlibre.com\/wp-content\/uploads\/2020\/02\/Netflix-Roma-d-Alfonso-Cuaron-les-secrets-du-decor-du-film-585x455.jpg 585w, https:\/\/leregardlibre.com\/wp-content\/uploads\/2020\/02\/Netflix-Roma-d-Alfonso-Cuaron-les-secrets-du-decor-du-film-150x117.jpg 150w, https:\/\/leregardlibre.com\/wp-content\/uploads\/2020\/02\/Netflix-Roma-d-Alfonso-Cuaron-les-secrets-du-decor-du-film-300x233.jpg 300w, https:\/\/leregardlibre.com\/wp-content\/uploads\/2020\/02\/Netflix-Roma-d-Alfonso-Cuaron-les-secrets-du-decor-du-film-768x597.jpg 768w, https:\/\/leregardlibre.com\/wp-content\/uploads\/2020\/02\/Netflix-Roma-d-Alfonso-Cuaron-les-secrets-du-decor-du-film-1024x797.jpg 1024w, https:\/\/leregardlibre.com\/wp-content\/uploads\/2020\/02\/Netflix-Roma-d-Alfonso-Cuaron-les-secrets-du-decor-du-film-600x467.jpg 600w\" sizes=\"(max-width: 1130px) 100vw, 1130px\" \/><figcaption>Netflix<\/figcaption><\/figure>\n\n\n\n<h3 class=\"wp-block-heading\">Roots and wings<\/h3>\n\n\n\n<p>Cleo, femme fatale. Not in the usual sense. She may have a radiant face, but she doesn't have the allure of Miss Mexico. Femme fatale: a woman invested with destiny. Silent and submissive, Cleo accepts the events that befall her without wallowing in self-pity. That's what makes her nobly submissive in service, but not submissive in the face of fate. Whatever happens to her, she knows how to make a free choice. To remain a woman of integrity. To remain at the service of Sofia and her children. She chooses the love of <em>these<\/em> children, who are in a way <em>its <\/em>children. She chose to accept the fertility to which she was called, beyond the painful pregnancy she had to endure. She chooses to give tenderness, which she accepts in return from the four children who adore her. She chooses to help Sofia, accepting her help and friendship.<\/p>\n\n\n\n<p>Cleo is always hopeful. Fatality is hard. But by accepting it, she sublimates it. She puts down roots in this family, without giving up on letting her wings spread. Roots and wings. The roots of the family's four children, whose wings are born of the love of their mother, grandmother and, of course, Cleo. The roots of Sofia, who discovers the wings of a free and strong woman in the midst of hardship. The roots of Cuar\u00f3n, who gives <em>Roma<\/em> the wings of a grandiose, universal film. Fellini's roots, which made him the winged Maestro of cinema. The roots of each and every one of us, the ground from which we can soar towards full freedom, whatever our circumstances or dramas. <em>Roma<\/em> and Cleo invite us in.<\/p>\n\n\n\n<p><em>Write to the author:&nbsp;<a href=\"mailto:loris.musumeci@leregardlibre.com\">loris.musumeci@leregardlibre.com<\/a><\/em><\/p>\n\n\n\n<p>Photo credits: \u00a9 Netflix<br><\/p>\n\n\n\n<figure class=\"wp-block-image size-large\"><img loading=\"lazy\" decoding=\"async\" width=\"960\" height=\"1440\" src=\"http:\/\/leregardlibre.com\/wp-content\/uploads\/2020\/02\/roma-2.jpg\" alt=\"\" class=\"wp-image-31685\" srcset=\"https:\/\/leregardlibre.com\/wp-content\/uploads\/2020\/02\/roma-2.jpg 960w, https:\/\/leregardlibre.com\/wp-content\/uploads\/2020\/02\/roma-2-585x878.jpg 585w, https:\/\/leregardlibre.com\/wp-content\/uploads\/2020\/02\/roma-2-100x150.jpg 100w, https:\/\/leregardlibre.com\/wp-content\/uploads\/2020\/02\/roma-2-200x300.jpg 200w, https:\/\/leregardlibre.com\/wp-content\/uploads\/2020\/02\/roma-2-768x1152.jpg 768w, https:\/\/leregardlibre.com\/wp-content\/uploads\/2020\/02\/roma-2-683x1024.jpg 683w, https:\/\/leregardlibre.com\/wp-content\/uploads\/2020\/02\/roma-2-300x450.jpg 300w, https:\/\/leregardlibre.com\/wp-content\/uploads\/2020\/02\/roma-2-600x900.jpg 600w\" sizes=\"(max-width: 960px) 100vw, 960px\" \/><\/figure>","protected":false},"excerpt":{"rendered":"<p>My sister and I were getting nostalgic<\/p>","protected":false},"author":18,"featured_media":31684,"comment_status":"open","ping_status":"open","sticky":false,"template":"","format":"standard","meta":{"_acf_changed":false,"footnotes":""},"categories":[644355829],"tags":[644344354,644344360,1085127,644344362,399466,644344356,644344355,644344353,644341146,357966,11239,303653,644344361,644344364,79354,334243,644339804,783,291711,644344363,644344358,644338981,56942,275,644339230,644344359,644339685,644343438],"class_list":["post-31676","post","type-post","status-publish","format-standard","has-post-thumbnail","hentry","category-films","tag-alfonso-cuaron","tag-amarcord","tag-annees-70","tag-cd","tag-cinema-italien","tag-cinema-mexicain","tag-cleo","tag-colonia-roma","tag-critiques-cinema","tag-enfance","tag-famille","tag-federico-fellini","tag-huit-et-demi","tag-il-cuore-e-uno-zingaro","tag-lumiere","tag-martin-scorsese","tag-maternite","tag-mexico","tag-mexique","tag-mi-corazon-es-un-gitano","tag-mostra-de-venise","tag-netflix","tag-nostalgie","tag-radio","tag-roma","tag-sofia","tag-souvenir","tag-the-irishman"],"acf":[],"yoast_head":"<!-- This site is optimized with the Yoast SEO Premium plugin v27.4 (Yoast SEO v27.4) - https:\/\/yoast.com\/product\/yoast-seo-premium-wordpress\/ -->\n<title>\u00abRoma\u00bb: les souvenirs de Cuar\u00f3n, de Fellini et les miens<\/title>\n<meta name=\"robots\" content=\"index, follow, max-snippet:-1, max-image-preview:large, max-video-preview:-1\" \/>\n<link rel=\"canonical\" href=\"https:\/\/leregardlibre.com\/en\/cinema\/films\/roma-cuarons-memories-of-fellini-and-mine\/\" \/>\n<meta property=\"og:locale\" content=\"en_US\" \/>\n<meta property=\"og:type\" content=\"article\" \/>\n<meta property=\"og:title\" content=\"\u00abRoma\u00bb: les souvenirs de Cuar\u00f3n, de Fellini et les miens\" \/>\n<meta property=\"og:description\" content=\"Ma s\u0153ur et moi entrions dans la nostalgie\" \/>\n<meta property=\"og:url\" content=\"https:\/\/leregardlibre.com\/en\/cinema\/films\/roma-cuarons-memories-of-fellini-and-mine\/\" \/>\n<meta property=\"og:site_name\" content=\"Le Regard Libre\" \/>\n<meta property=\"article:publisher\" content=\"https:\/\/www.facebook.com\/leregardlibre\/\" \/>\n<meta property=\"article:published_time\" content=\"2020-02-22T18:14:58+00:00\" \/>\n<meta property=\"article:modified_time\" content=\"2025-12-13T21:24:03+00:00\" \/>\n<meta property=\"og:image\" content=\"https:\/\/leregardlibre.com\/wp-content\/uploads\/2020\/02\/1Ax1d-niKFGZ9Ttp1tngJCw.jpeg\" \/>\n\t<meta property=\"og:image:width\" content=\"1200\" \/>\n\t<meta property=\"og:image:height\" content=\"675\" \/>\n\t<meta property=\"og:image:type\" content=\"image\/jpeg\" \/>\n<meta name=\"author\" content=\"Loris S. Musumeci\" \/>\n<meta name=\"twitter:card\" content=\"summary_large_image\" \/>\n<meta name=\"twitter:creator\" content=\"@LeRegardLibre\" \/>\n<meta name=\"twitter:site\" content=\"@LeRegardLibre\" \/>\n<meta name=\"twitter:label1\" content=\"Written by\" \/>\n\t<meta name=\"twitter:data1\" content=\"Loris S. Musumeci\" \/>\n\t<meta name=\"twitter:label2\" content=\"Est. reading time\" \/>\n\t<meta name=\"twitter:data2\" content=\"9 minutes\" \/>\n<script type=\"application\/ld+json\" class=\"yoast-schema-graph\">{\"@context\":\"https:\\\/\\\/schema.org\",\"@graph\":[{\"@type\":\"Article\",\"@id\":\"https:\\\/\\\/leregardlibre.com\\\/cinema\\\/films\\\/roma-les-souvenirs-de-cuaron-de-fellini-et-les-miens\\\/#article\",\"isPartOf\":{\"@id\":\"https:\\\/\\\/leregardlibre.com\\\/cinema\\\/films\\\/roma-les-souvenirs-de-cuaron-de-fellini-et-les-miens\\\/\"},\"author\":{\"name\":\"Loris S. Musumeci\",\"@id\":\"https:\\\/\\\/leregardlibre.com\\\/#\\\/schema\\\/person\\\/04d80ec47094bca6b1fa22dffad24005\"},\"headline\":\"\u00abRoma\u00bb: les souvenirs de Cuar\u00f3n, de Fellini et les miens\",\"datePublished\":\"2020-02-22T18:14:58+00:00\",\"dateModified\":\"2025-12-13T21:24:03+00:00\",\"mainEntityOfPage\":{\"@id\":\"https:\\\/\\\/leregardlibre.com\\\/cinema\\\/films\\\/roma-les-souvenirs-de-cuaron-de-fellini-et-les-miens\\\/\"},\"wordCount\":1835,\"commentCount\":0,\"publisher\":{\"@id\":\"https:\\\/\\\/leregardlibre.com\\\/#organization\"},\"image\":{\"@id\":\"https:\\\/\\\/leregardlibre.com\\\/cinema\\\/films\\\/roma-les-souvenirs-de-cuaron-de-fellini-et-les-miens\\\/#primaryimage\"},\"thumbnailUrl\":\"https:\\\/\\\/leregardlibre.com\\\/wp-content\\\/uploads\\\/2020\\\/02\\\/1Ax1d-niKFGZ9Ttp1tngJCw.jpeg\",\"keywords\":[\"Alfonso Cuaron\",\"amarcord\",\"ann\u00e9es 70\",\"cd\",\"Cin\u00e9ma italien\",\"Cin\u00e9ma mexicain\",\"cleo\",\"colonia roma\",\"Critique cin\u00e9ma\",\"Enfance\",\"Famille\",\"Federico Fellini\",\"huit et demi\",\"il cuore \u00e8 uno zingaro\",\"Lumi\u00e8re\",\"Martin Scorsese\",\"Maternit\u00e9\",\"Mexico\",\"Mexique\",\"mi corazon es un gitano\",\"Mostra de Venise\",\"Netflix\",\"Nostalgie\",\"Radio\",\"roma\",\"sofia\",\"souvenir\",\"the irishman\"],\"articleSection\":[\"Films\"],\"inLanguage\":\"en-US\",\"potentialAction\":[{\"@type\":\"CommentAction\",\"name\":\"Comment\",\"target\":[\"https:\\\/\\\/leregardlibre.com\\\/cinema\\\/films\\\/roma-les-souvenirs-de-cuaron-de-fellini-et-les-miens\\\/#respond\"]}]},{\"@type\":\"WebPage\",\"@id\":\"https:\\\/\\\/leregardlibre.com\\\/cinema\\\/films\\\/roma-les-souvenirs-de-cuaron-de-fellini-et-les-miens\\\/\",\"url\":\"https:\\\/\\\/leregardlibre.com\\\/cinema\\\/films\\\/roma-les-souvenirs-de-cuaron-de-fellini-et-les-miens\\\/\",\"name\":\"\u00abRoma\u00bb: les souvenirs de Cuar\u00f3n, de Fellini et les miens\",\"isPartOf\":{\"@id\":\"https:\\\/\\\/leregardlibre.com\\\/#website\"},\"primaryImageOfPage\":{\"@id\":\"https:\\\/\\\/leregardlibre.com\\\/cinema\\\/films\\\/roma-les-souvenirs-de-cuaron-de-fellini-et-les-miens\\\/#primaryimage\"},\"image\":{\"@id\":\"https:\\\/\\\/leregardlibre.com\\\/cinema\\\/films\\\/roma-les-souvenirs-de-cuaron-de-fellini-et-les-miens\\\/#primaryimage\"},\"thumbnailUrl\":\"https:\\\/\\\/leregardlibre.com\\\/wp-content\\\/uploads\\\/2020\\\/02\\\/1Ax1d-niKFGZ9Ttp1tngJCw.jpeg\",\"datePublished\":\"2020-02-22T18:14:58+00:00\",\"dateModified\":\"2025-12-13T21:24:03+00:00\",\"breadcrumb\":{\"@id\":\"https:\\\/\\\/leregardlibre.com\\\/cinema\\\/films\\\/roma-les-souvenirs-de-cuaron-de-fellini-et-les-miens\\\/#breadcrumb\"},\"inLanguage\":\"en-US\",\"potentialAction\":[{\"@type\":\"ReadAction\",\"target\":[\"https:\\\/\\\/leregardlibre.com\\\/cinema\\\/films\\\/roma-les-souvenirs-de-cuaron-de-fellini-et-les-miens\\\/\"]}]},{\"@type\":\"ImageObject\",\"inLanguage\":\"en-US\",\"@id\":\"https:\\\/\\\/leregardlibre.com\\\/cinema\\\/films\\\/roma-les-souvenirs-de-cuaron-de-fellini-et-les-miens\\\/#primaryimage\",\"url\":\"https:\\\/\\\/leregardlibre.com\\\/wp-content\\\/uploads\\\/2020\\\/02\\\/1Ax1d-niKFGZ9Ttp1tngJCw.jpeg\",\"contentUrl\":\"https:\\\/\\\/leregardlibre.com\\\/wp-content\\\/uploads\\\/2020\\\/02\\\/1Ax1d-niKFGZ9Ttp1tngJCw.jpeg\",\"width\":1200,\"height\":675},{\"@type\":\"BreadcrumbList\",\"@id\":\"https:\\\/\\\/leregardlibre.com\\\/cinema\\\/films\\\/roma-les-souvenirs-de-cuaron-de-fellini-et-les-miens\\\/#breadcrumb\",\"itemListElement\":[{\"@type\":\"ListItem\",\"position\":1,\"name\":\"Accueil\",\"item\":\"https:\\\/\\\/leregardlibre.com\\\/\"},{\"@type\":\"ListItem\",\"position\":2,\"name\":\"\u00abRoma\u00bb: les souvenirs de Cuar\u00f3n, de Fellini et les miens\"}]},{\"@type\":\"WebSite\",\"@id\":\"https:\\\/\\\/leregardlibre.com\\\/#website\",\"url\":\"https:\\\/\\\/leregardlibre.com\\\/\",\"name\":\"Le Regard Libre\",\"description\":\"Premier mensuel suisse de d\u00e9bat\",\"publisher\":{\"@id\":\"https:\\\/\\\/leregardlibre.com\\\/#organization\"},\"potentialAction\":[{\"@type\":\"SearchAction\",\"target\":{\"@type\":\"EntryPoint\",\"urlTemplate\":\"https:\\\/\\\/leregardlibre.com\\\/?s={search_term_string}\"},\"query-input\":{\"@type\":\"PropertyValueSpecification\",\"valueRequired\":true,\"valueName\":\"search_term_string\"}}],\"inLanguage\":\"en-US\"},{\"@type\":\"Organization\",\"@id\":\"https:\\\/\\\/leregardlibre.com\\\/#organization\",\"name\":\"Le Regard Libre\",\"url\":\"https:\\\/\\\/leregardlibre.com\\\/\",\"logo\":{\"@type\":\"ImageObject\",\"inLanguage\":\"en-US\",\"@id\":\"https:\\\/\\\/leregardlibre.com\\\/#\\\/schema\\\/logo\\\/image\\\/\",\"url\":\"https:\\\/\\\/leregardlibre.com\\\/wp-content\\\/uploads\\\/2025\\\/08\\\/logo-rl-icone-neg.jpeg\",\"contentUrl\":\"https:\\\/\\\/leregardlibre.com\\\/wp-content\\\/uploads\\\/2025\\\/08\\\/logo-rl-icone-neg.jpeg\",\"width\":557,\"height\":556,\"caption\":\"Le Regard Libre\"},\"image\":{\"@id\":\"https:\\\/\\\/leregardlibre.com\\\/#\\\/schema\\\/logo\\\/image\\\/\"},\"sameAs\":[\"https:\\\/\\\/www.facebook.com\\\/leregardlibre\\\/\",\"https:\\\/\\\/x.com\\\/LeRegardLibre\",\"https:\\\/\\\/www.linkedin.com\\\/company\\\/le-regard-libre\",\"https:\\\/\\\/www.instagram.com\\\/leregardlibre\\\/\",\"http:\\\/\\\/t.me\\\/leregardlibre\",\"https:\\\/\\\/youtube.com\\\/channel\\\/UC6HzGPomj1LsUmlz-sJtITQ\"],\"description\":\"Le Regard Libre est un mensuel suisse de d\u00e9bat intellectuel et culturel. Sa r\u00e9daction est jeune, b\u00e9n\u00e9vole, lib\u00e9rale et pluraliste. Le magazine para\u00eet en ligne et sous forme papier. Sa langue est le fran\u00e7ais.\",\"email\":\"redaction@leregardlibre.com\",\"legalName\":\"Le Regard Libre\",\"foundingDate\":\"2014-01-01\",\"numberOfEmployees\":{\"@type\":\"QuantitativeValue\",\"minValue\":\"11\",\"maxValue\":\"50\"},\"publishingPrinciples\":\"https:\\\/\\\/leregardlibre.com\\\/a-propos\\\/notre-manifeste\\\/\",\"ownershipFundingInfo\":\"https:\\\/\\\/leregardlibre.com\\\/mentions-legales\\\/\",\"actionableFeedbackPolicy\":\"https:\\\/\\\/leregardlibre.com\\\/conditions-generales-de-vente\\\/\"},{\"@type\":\"Person\",\"@id\":\"https:\\\/\\\/leregardlibre.com\\\/#\\\/schema\\\/person\\\/04d80ec47094bca6b1fa22dffad24005\",\"name\":\"Loris S. Musumeci\",\"image\":{\"@type\":\"ImageObject\",\"inLanguage\":\"en-US\",\"@id\":\"https:\\\/\\\/secure.gravatar.com\\\/avatar\\\/fa476654dadfee0d962e80160d0303549febb2769f8fa26c7a1ebe037f7c7c54?s=96&d=identicon&r=g\",\"url\":\"https:\\\/\\\/secure.gravatar.com\\\/avatar\\\/fa476654dadfee0d962e80160d0303549febb2769f8fa26c7a1ebe037f7c7c54?s=96&d=identicon&r=g\",\"contentUrl\":\"https:\\\/\\\/secure.gravatar.com\\\/avatar\\\/fa476654dadfee0d962e80160d0303549febb2769f8fa26c7a1ebe037f7c7c54?s=96&d=identicon&r=g\",\"caption\":\"Loris S. Musumeci\"},\"sameAs\":[\"https:\\\/\\\/leregardlibre.com\\\/\",\"https:\\\/\\\/fr.wikipedia.org\\\/wiki\\\/Le_Regard_libre\"],\"url\":\"https:\\\/\\\/leregardlibre.com\\\/en\\\/author\\\/loris-musumeci\\\/\"}]}<\/script>\n<!-- \/ Yoast SEO Premium plugin. -->","yoast_head_json":{"title":"\u00abRoma\u00bb: memories of Cuar\u00f3n, Fellini and me","robots":{"index":"index","follow":"follow","max-snippet":"max-snippet:-1","max-image-preview":"max-image-preview:large","max-video-preview":"max-video-preview:-1"},"canonical":"https:\/\/leregardlibre.com\/en\/cinema\/films\/roma-cuarons-memories-of-fellini-and-mine\/","og_locale":"en_US","og_type":"article","og_title":"\u00abRoma\u00bb: les souvenirs de Cuar\u00f3n, de Fellini et les miens","og_description":"Ma s\u0153ur et moi entrions dans la nostalgie","og_url":"https:\/\/leregardlibre.com\/en\/cinema\/films\/roma-cuarons-memories-of-fellini-and-mine\/","og_site_name":"Le Regard Libre","article_publisher":"https:\/\/www.facebook.com\/leregardlibre\/","article_published_time":"2020-02-22T18:14:58+00:00","article_modified_time":"2025-12-13T21:24:03+00:00","og_image":[{"width":1200,"height":675,"url":"https:\/\/leregardlibre.com\/wp-content\/uploads\/2020\/02\/1Ax1d-niKFGZ9Ttp1tngJCw.jpeg","type":"image\/jpeg"}],"author":"Loris S. Musumeci","twitter_card":"summary_large_image","twitter_creator":"@LeRegardLibre","twitter_site":"@LeRegardLibre","twitter_misc":{"Written by":"Loris S. Musumeci","Est. reading time":"9 minutes"},"schema":{"@context":"https:\/\/schema.org","@graph":[{"@type":"Article","@id":"https:\/\/leregardlibre.com\/cinema\/films\/roma-les-souvenirs-de-cuaron-de-fellini-et-les-miens\/#article","isPartOf":{"@id":"https:\/\/leregardlibre.com\/cinema\/films\/roma-les-souvenirs-de-cuaron-de-fellini-et-les-miens\/"},"author":{"name":"Loris S. Musumeci","@id":"https:\/\/leregardlibre.com\/#\/schema\/person\/04d80ec47094bca6b1fa22dffad24005"},"headline":"\u00abRoma\u00bb: les souvenirs de Cuar\u00f3n, de Fellini et les miens","datePublished":"2020-02-22T18:14:58+00:00","dateModified":"2025-12-13T21:24:03+00:00","mainEntityOfPage":{"@id":"https:\/\/leregardlibre.com\/cinema\/films\/roma-les-souvenirs-de-cuaron-de-fellini-et-les-miens\/"},"wordCount":1835,"commentCount":0,"publisher":{"@id":"https:\/\/leregardlibre.com\/#organization"},"image":{"@id":"https:\/\/leregardlibre.com\/cinema\/films\/roma-les-souvenirs-de-cuaron-de-fellini-et-les-miens\/#primaryimage"},"thumbnailUrl":"https:\/\/leregardlibre.com\/wp-content\/uploads\/2020\/02\/1Ax1d-niKFGZ9Ttp1tngJCw.jpeg","keywords":["Alfonso Cuaron","amarcord","ann\u00e9es 70","cd","Cin\u00e9ma italien","Cin\u00e9ma mexicain","cleo","colonia roma","Critique cin\u00e9ma","Enfance","Famille","Federico Fellini","huit et demi","il cuore \u00e8 uno zingaro","Lumi\u00e8re","Martin Scorsese","Maternit\u00e9","Mexico","Mexique","mi corazon es un gitano","Mostra de Venise","Netflix","Nostalgie","Radio","roma","sofia","souvenir","the irishman"],"articleSection":["Films"],"inLanguage":"en-US","potentialAction":[{"@type":"CommentAction","name":"Comment","target":["https:\/\/leregardlibre.com\/cinema\/films\/roma-les-souvenirs-de-cuaron-de-fellini-et-les-miens\/#respond"]}]},{"@type":"WebPage","@id":"https:\/\/leregardlibre.com\/cinema\/films\/roma-les-souvenirs-de-cuaron-de-fellini-et-les-miens\/","url":"https:\/\/leregardlibre.com\/cinema\/films\/roma-les-souvenirs-de-cuaron-de-fellini-et-les-miens\/","name":"\u00abRoma\u00bb: memories of Cuar\u00f3n, Fellini and me","isPartOf":{"@id":"https:\/\/leregardlibre.com\/#website"},"primaryImageOfPage":{"@id":"https:\/\/leregardlibre.com\/cinema\/films\/roma-les-souvenirs-de-cuaron-de-fellini-et-les-miens\/#primaryimage"},"image":{"@id":"https:\/\/leregardlibre.com\/cinema\/films\/roma-les-souvenirs-de-cuaron-de-fellini-et-les-miens\/#primaryimage"},"thumbnailUrl":"https:\/\/leregardlibre.com\/wp-content\/uploads\/2020\/02\/1Ax1d-niKFGZ9Ttp1tngJCw.jpeg","datePublished":"2020-02-22T18:14:58+00:00","dateModified":"2025-12-13T21:24:03+00:00","breadcrumb":{"@id":"https:\/\/leregardlibre.com\/cinema\/films\/roma-les-souvenirs-de-cuaron-de-fellini-et-les-miens\/#breadcrumb"},"inLanguage":"en-US","potentialAction":[{"@type":"ReadAction","target":["https:\/\/leregardlibre.com\/cinema\/films\/roma-les-souvenirs-de-cuaron-de-fellini-et-les-miens\/"]}]},{"@type":"ImageObject","inLanguage":"en-US","@id":"https:\/\/leregardlibre.com\/cinema\/films\/roma-les-souvenirs-de-cuaron-de-fellini-et-les-miens\/#primaryimage","url":"https:\/\/leregardlibre.com\/wp-content\/uploads\/2020\/02\/1Ax1d-niKFGZ9Ttp1tngJCw.jpeg","contentUrl":"https:\/\/leregardlibre.com\/wp-content\/uploads\/2020\/02\/1Ax1d-niKFGZ9Ttp1tngJCw.jpeg","width":1200,"height":675},{"@type":"BreadcrumbList","@id":"https:\/\/leregardlibre.com\/cinema\/films\/roma-les-souvenirs-de-cuaron-de-fellini-et-les-miens\/#breadcrumb","itemListElement":[{"@type":"ListItem","position":1,"name":"Accueil","item":"https:\/\/leregardlibre.com\/"},{"@type":"ListItem","position":2,"name":"\u00abRoma\u00bb: les souvenirs de Cuar\u00f3n, de Fellini et les miens"}]},{"@type":"WebSite","@id":"https:\/\/leregardlibre.com\/#website","url":"https:\/\/leregardlibre.com\/","name":"Le Regard Libre","description":"Switzerland's first monthly debate magazine","publisher":{"@id":"https:\/\/leregardlibre.com\/#organization"},"potentialAction":[{"@type":"SearchAction","target":{"@type":"EntryPoint","urlTemplate":"https:\/\/leregardlibre.com\/?s={search_term_string}"},"query-input":{"@type":"PropertyValueSpecification","valueRequired":true,"valueName":"search_term_string"}}],"inLanguage":"en-US"},{"@type":"Organization","@id":"https:\/\/leregardlibre.com\/#organization","name":"Le Regard Libre","url":"https:\/\/leregardlibre.com\/","logo":{"@type":"ImageObject","inLanguage":"en-US","@id":"https:\/\/leregardlibre.com\/#\/schema\/logo\/image\/","url":"https:\/\/leregardlibre.com\/wp-content\/uploads\/2025\/08\/logo-rl-icone-neg.jpeg","contentUrl":"https:\/\/leregardlibre.com\/wp-content\/uploads\/2025\/08\/logo-rl-icone-neg.jpeg","width":557,"height":556,"caption":"Le Regard Libre"},"image":{"@id":"https:\/\/leregardlibre.com\/#\/schema\/logo\/image\/"},"sameAs":["https:\/\/www.facebook.com\/leregardlibre\/","https:\/\/x.com\/LeRegardLibre","https:\/\/www.linkedin.com\/company\/le-regard-libre","https:\/\/www.instagram.com\/leregardlibre\/","http:\/\/t.me\/leregardlibre","https:\/\/youtube.com\/channel\/UC6HzGPomj1LsUmlz-sJtITQ"],"description":"Le Regard Libre is a Swiss monthly magazine for intellectual and cultural debate. Its editorial team is young, voluntary, liberal and pluralist. The magazine appears online and in print. Its language is French.","email":"redaction@leregardlibre.com","legalName":"Le Regard Libre","foundingDate":"2014-01-01","numberOfEmployees":{"@type":"QuantitativeValue","minValue":"11","maxValue":"50"},"publishingPrinciples":"https:\/\/leregardlibre.com\/a-propos\/notre-manifeste\/","ownershipFundingInfo":"https:\/\/leregardlibre.com\/mentions-legales\/","actionableFeedbackPolicy":"https:\/\/leregardlibre.com\/conditions-generales-de-vente\/"},{"@type":"Person","@id":"https:\/\/leregardlibre.com\/#\/schema\/person\/04d80ec47094bca6b1fa22dffad24005","name":"Loris S. Musumeci","image":{"@type":"ImageObject","inLanguage":"en-US","@id":"https:\/\/secure.gravatar.com\/avatar\/fa476654dadfee0d962e80160d0303549febb2769f8fa26c7a1ebe037f7c7c54?s=96&d=identicon&r=g","url":"https:\/\/secure.gravatar.com\/avatar\/fa476654dadfee0d962e80160d0303549febb2769f8fa26c7a1ebe037f7c7c54?s=96&d=identicon&r=g","contentUrl":"https:\/\/secure.gravatar.com\/avatar\/fa476654dadfee0d962e80160d0303549febb2769f8fa26c7a1ebe037f7c7c54?s=96&d=identicon&r=g","caption":"Loris S. Musumeci"},"sameAs":["https:\/\/leregardlibre.com\/","https:\/\/fr.wikipedia.org\/wiki\/Le_Regard_libre"],"url":"https:\/\/leregardlibre.com\/en\/author\/loris-musumeci\/"}]}},"_links":{"self":[{"href":"https:\/\/leregardlibre.com\/en\/wp-json\/wp\/v2\/posts\/31676","targetHints":{"allow":["GET"]}}],"collection":[{"href":"https:\/\/leregardlibre.com\/en\/wp-json\/wp\/v2\/posts"}],"about":[{"href":"https:\/\/leregardlibre.com\/en\/wp-json\/wp\/v2\/types\/post"}],"author":[{"embeddable":true,"href":"https:\/\/leregardlibre.com\/en\/wp-json\/wp\/v2\/users\/18"}],"replies":[{"embeddable":true,"href":"https:\/\/leregardlibre.com\/en\/wp-json\/wp\/v2\/comments?post=31676"}],"version-history":[{"count":1,"href":"https:\/\/leregardlibre.com\/en\/wp-json\/wp\/v2\/posts\/31676\/revisions"}],"predecessor-version":[{"id":511633,"href":"https:\/\/leregardlibre.com\/en\/wp-json\/wp\/v2\/posts\/31676\/revisions\/511633"}],"wp:featuredmedia":[{"embeddable":true,"href":"https:\/\/leregardlibre.com\/en\/wp-json\/wp\/v2\/media\/31684"}],"wp:attachment":[{"href":"https:\/\/leregardlibre.com\/en\/wp-json\/wp\/v2\/media?parent=31676"}],"wp:term":[{"taxonomy":"category","embeddable":true,"href":"https:\/\/leregardlibre.com\/en\/wp-json\/wp\/v2\/categories?post=31676"},{"taxonomy":"post_tag","embeddable":true,"href":"https:\/\/leregardlibre.com\/en\/wp-json\/wp\/v2\/tags?post=31676"}],"curies":[{"name":"wp","href":"https:\/\/api.w.org\/{rel}","templated":true}]}}