{"id":31733,"date":"2020-02-26T15:26:25","date_gmt":"2020-02-26T14:26:25","guid":{"rendered":"https:\/\/leregardlibre.com\/?p=31733"},"modified":"2025-12-04T22:29:05","modified_gmt":"2025-12-04T21:29:05","slug":"richard-jewell-clint-eastwoods-new-fat-hero","status":"publish","type":"post","link":"https:\/\/leregardlibre.com\/en\/cinema\/films\/richard-jewell-clint-eastwoods-new-fat-hero\/","title":{"rendered":"Richard Jewell: Clint Eastwood's new fat hero"},"content":{"rendered":"<p><em>Cinema Wednesdays - Antoine Bernhard<\/em><\/p>\n\n\n\n<p class=\"has-drop-cap\">Age seems to have no effect on him. Clint Eastwood returns again and again with his traditional annual film. This time, he focuses on the story of Richard Jewell. An unremarkable man, the archetypal fallen hero, cast into Hell by an unscrupulous media-political machine. Clint Eastwood says: \u00abRichard Jewell's story interested me because he was a normal, everyday man. He was never prosecuted, but he was widely persecuted.\u00bb<\/p>\n\n\n\n<!--more Lire la suite de la critique-->\n\n\n\n<p><strong>Read also: <a href=\"https:\/\/leregardlibre.com\/en\/2019\/01\/30\/the-mule-a-metaphor-for-clint-eastwood-himself\/\">With <em>The Mule<\/em>, Clint Eastwood has nothing left to prove<\/a><\/strong><\/p>\n\n\n\n<p>To get to grips with the film, it's worth looking at the protagonist's intriguing personality. A former member of the forces, Richard Jewell is intellectually somewhat limited. He's driven by an unfailing goodwill that unfortunately leads him into sometimes bizarre attitudes in his quest to regain a role in law enforcement. With his innocent naivet\u00e9, he embodies the infantile figure par excellence: one who dreams of becoming a policeman, but whose tragic overzealousness fuels the FBI's suspicions.<\/p>\n\n\n\n<figure class=\"wp-block-embed-youtube wp-block-embed is-type-video is-provider-youtube wp-embed-aspect-16-9 wp-has-aspect-ratio\"><div class=\"wp-block-embed__wrapper\">\n<iframe title=\"The Richard Jewell Case - Official Trailer (English) - Paul Walter Hauser \/ Sam Rockwell\" width=\"1000\" height=\"563\" src=\"https:\/\/www.youtube.com\/embed\/yp5eu9zGlq8?feature=oembed\" frameborder=\"0\" allow=\"accelerometer; autoplay; clipboard-write; encrypted-media; gyroscope; picture-in-picture; web-share\" referrerpolicy=\"strict-origin-when-cross-origin\" allowfullscreen><\/iframe>\n<\/div><\/figure>\n\n\n\n<h3 class=\"wp-block-heading\">Heroes of a moment<\/h3>\n\n\n\n<p>July 27, 1996. A homemade bomb explodes in the Olympic Park at the Atlanta Games. The park was under heavy police surveillance. The explosion injured a hundred people and killed two. The blast should have killed many more, but an ordinary security guard spotted a suspicious bag and raised the alarm in time. The evacuation had already begun. Who was this unknown security guard? At first, he remained anonymous. But the media soon discovered his identity: Richard Jewell.<\/p>\n\n\n\n<p>He is celebrated as a savior, a hero. The FBI investigation is bogged down, and a culprit is needed. Jewell is suspected. In spite of himself, he fits the perfect profile of the recognition-seeking bomber - just like the pyromaniac firefighter. Information leaks out. The press seizes on it. Jewell becomes public enemy number one. He is watched, lynched, harassed; his life becomes a living hell. He is cleared eighty-eight days later, for lack of evidence.<\/p>\n\n\n\n<p>Clint Eastwood directs this new biopic with great finesse. The historical reality of the Jewell case and the fiction are harmoniously interwoven. The pacing and cinematography are remarkable. Despite the film's two-hour running time and a few clumsinesses, the director once again illustrates his total mastery of the seventh art, and signs off with an interesting film from start to finish. Of particular note is the soundtrack by Arturo Sandoval - a famous trumpeter - which even provides an excuse not to leave the theater before the end credits roll.<\/p>\n\n\n\n<figure class=\"wp-block-image size-large\"><img decoding=\"async\" src=\"http:\/\/leregardlibre.com\/wp-content\/uploads\/2020\/02\/Richard-Jewell-Szenen-ov-rev-1-RJ-07036rv2_High_Res_JPEG-scaled.jpeg\" alt=\"\" class=\"wp-image-31736\"\/><\/figure>\n\n\n\n<h3 class=\"wp-block-heading\">The media in question<\/h3>\n\n\n\n<p>Could it simply be a film? <em>American-style<\/em>? The story of a \u00abgood guy\u00bb facing his \u00abevil\u00bb tormentors? Certainly not. More than a simple narrative, Clint Eastwood ferociously denounces the media, which is at the root of the colossal scope of the Jewell affair. Of particular note is the almost cartoonish presence of Kathy Scruggs, a journalist willing to sell her body for a scoop.<\/p>\n\n\n\n<p>The media wield immense power. The Jewell affair shows how they can shape reality at will. How destructive the almost bloodthirsty greed of journalists can be. How the desire to make a splash - and consequently to make money - ravages everything in its path, ignoring respect or human dignity. This is because the media lack the courage to rise above the vile needs of the crowd who, to quench their frenzied thirst for catharsis, are constantly looking for their heroes or anti-heroes, to revere or to tear to shreds.<\/p>\n\n\n\n<p>So the question arises. What is the role of the media? What do they do with their immense power? Can the press be content with a purgative role, according to fashions and trends? This question is more topical than ever...<\/p>\n\n\n\n<p><em>Write to the author:&nbsp;<a rel=\"noreferrer noopener\" href=\"mailto:antoine.bernhard@leregardlibre.com\" target=\"_blank\">antoine.bernhard@leregardlibre.com<\/a><\/em><\/p>\n\n\n\n<p>Photo credit: \u00a9 Warner Bros Entertainment<\/p>\n\n\n\n<figure class=\"wp-block-image size-large\"><img decoding=\"async\" src=\"http:\/\/leregardlibre.com\/wp-content\/uploads\/2020\/02\/Richard-Jewell-Artwork-chf-FR_1Sht_RDJWL-scaled.jpg\" alt=\"\" class=\"wp-image-31738\"\/><\/figure>","protected":false},"excerpt":{"rendered":"<p>What is the role of the media?<\/p>","protected":false},"author":99,"featured_media":0,"comment_status":"open","ping_status":"open","sticky":false,"template":"","format":"standard","meta":{"_acf_changed":false,"footnotes":""},"categories":[644355829],"tags":[5062952,644344385,327650,644341146,644344384,699,644344254,2606,644344386,644344378,644344381,644344380,644344389,644344379,644344387,644340839],"class_list":["post-31733","post","type-post","status-publish","format-standard","hentry","category-films","tag-anti-heros","tag-arturo-sandoval","tag-clint-eastwood","tag-critiques-cinema","tag-ennemi-public","tag-etats-unis","tag-fbi","tag-justice","tag-kathy-scruggs","tag-le-cas-richard-jewell","tag-monsieur-tout-le-monde","tag-obese","tag-purgatoire","tag-richard-jewell","tag-scoop","tag-warner-bros"],"acf":[],"yoast_head":"<!-- This site is optimized with the Yoast SEO Premium plugin v27.4 (Yoast SEO v27.4) - https:\/\/yoast.com\/product\/yoast-seo-premium-wordpress\/ -->\n<title>Richard Jewell: le nouveau h\u00e9ros ob\u00e8se de Clint Eastwood<\/title>\n<meta name=\"robots\" content=\"index, follow, max-snippet:-1, max-image-preview:large, max-video-preview:-1\" \/>\n<link rel=\"canonical\" href=\"https:\/\/leregardlibre.com\/en\/cinema\/films\/richard-jewell-clint-eastwoods-new-fat-hero\/\" \/>\n<meta property=\"og:locale\" content=\"en_US\" \/>\n<meta property=\"og:type\" content=\"article\" \/>\n<meta property=\"og:title\" content=\"Richard Jewell: le nouveau h\u00e9ros ob\u00e8se de Clint Eastwood\" \/>\n<meta property=\"og:description\" content=\"Quel est le r\u00f4le des m\u00e9dias?\" \/>\n<meta property=\"og:url\" content=\"https:\/\/leregardlibre.com\/en\/cinema\/films\/richard-jewell-clint-eastwoods-new-fat-hero\/\" \/>\n<meta property=\"og:site_name\" content=\"Le Regard Libre\" \/>\n<meta property=\"article:publisher\" content=\"https:\/\/www.facebook.com\/leregardlibre\/\" \/>\n<meta property=\"article:published_time\" content=\"2020-02-26T14:26:25+00:00\" \/>\n<meta property=\"article:modified_time\" content=\"2025-12-04T21:29:05+00:00\" \/>\n<meta property=\"og:image\" content=\"https:\/\/leregardlibre.com\/wp-content\/uploads\/2020\/02\/Richard-Jewell-Szenen-ov-rev-1-RJ-07036rv2_High_Res_JPEG-1024x683.jpeg\" \/>\n\t<meta property=\"og:image:width\" content=\"1024\" \/>\n\t<meta property=\"og:image:height\" content=\"683\" \/>\n\t<meta property=\"og:image:type\" content=\"image\/jpeg\" \/>\n<meta name=\"author\" content=\"Antoine-Fr\u00e9d\u00e9ric Bernhard\" \/>\n<meta name=\"twitter:card\" content=\"summary_large_image\" \/>\n<meta name=\"twitter:creator\" content=\"@LeRegardLibre\" \/>\n<meta name=\"twitter:site\" content=\"@LeRegardLibre\" \/>\n<meta name=\"twitter:label1\" content=\"Written by\" \/>\n\t<meta name=\"twitter:data1\" content=\"Antoine-Fr\u00e9d\u00e9ric Bernhard\" \/>\n\t<meta name=\"twitter:label2\" content=\"Est. reading time\" \/>\n\t<meta name=\"twitter:data2\" content=\"4 minutes\" \/>\n<script type=\"application\/ld+json\" class=\"yoast-schema-graph\">{\"@context\":\"https:\\\/\\\/schema.org\",\"@graph\":[{\"@type\":\"Article\",\"@id\":\"https:\\\/\\\/leregardlibre.com\\\/cinema\\\/films\\\/richard-jewell-le-nouveau-heros-obese-de-clint-eastwood\\\/#article\",\"isPartOf\":{\"@id\":\"https:\\\/\\\/leregardlibre.com\\\/cinema\\\/films\\\/richard-jewell-le-nouveau-heros-obese-de-clint-eastwood\\\/\"},\"author\":{\"name\":\"Antoine-Fr\u00e9d\u00e9ric Bernhard\",\"@id\":\"https:\\\/\\\/leregardlibre.com\\\/#\\\/schema\\\/person\\\/7327cb849d1f776e73450746adbbd5ec\"},\"headline\":\"Richard Jewell: le nouveau h\u00e9ros ob\u00e8se de Clint Eastwood\",\"datePublished\":\"2020-02-26T14:26:25+00:00\",\"dateModified\":\"2025-12-04T21:29:05+00:00\",\"mainEntityOfPage\":{\"@id\":\"https:\\\/\\\/leregardlibre.com\\\/cinema\\\/films\\\/richard-jewell-le-nouveau-heros-obese-de-clint-eastwood\\\/\"},\"wordCount\":745,\"commentCount\":0,\"publisher\":{\"@id\":\"https:\\\/\\\/leregardlibre.com\\\/#organization\"},\"image\":{\"@id\":\"https:\\\/\\\/leregardlibre.com\\\/cinema\\\/films\\\/richard-jewell-le-nouveau-heros-obese-de-clint-eastwood\\\/#primaryimage\"},\"thumbnailUrl\":\"http:\\\/\\\/leregardlibre.com\\\/wp-content\\\/uploads\\\/2020\\\/02\\\/Richard-Jewell-Szenen-ov-rev-1-RJ-07036rv2_High_Res_JPEG-scaled.jpeg\",\"keywords\":[\"Anti-h\u00e9ros\",\"arturo sandoval\",\"Clint Eastwood\",\"Critique cin\u00e9ma\",\"ennemi public\",\"Etats-Unis\",\"fbi\",\"Justice\",\"kathy scruggs\",\"le cas richard jewell\",\"monsieur tout-le-monde\",\"ob\u00e8se\",\"purgatoire\",\"richard jewell\",\"scoop\",\"Warner Bros\"],\"articleSection\":[\"Films\"],\"inLanguage\":\"en-US\",\"potentialAction\":[{\"@type\":\"CommentAction\",\"name\":\"Comment\",\"target\":[\"https:\\\/\\\/leregardlibre.com\\\/cinema\\\/films\\\/richard-jewell-le-nouveau-heros-obese-de-clint-eastwood\\\/#respond\"]}]},{\"@type\":\"WebPage\",\"@id\":\"https:\\\/\\\/leregardlibre.com\\\/cinema\\\/films\\\/richard-jewell-le-nouveau-heros-obese-de-clint-eastwood\\\/\",\"url\":\"https:\\\/\\\/leregardlibre.com\\\/cinema\\\/films\\\/richard-jewell-le-nouveau-heros-obese-de-clint-eastwood\\\/\",\"name\":\"Richard Jewell: le nouveau h\u00e9ros ob\u00e8se de Clint Eastwood\",\"isPartOf\":{\"@id\":\"https:\\\/\\\/leregardlibre.com\\\/#website\"},\"primaryImageOfPage\":{\"@id\":\"https:\\\/\\\/leregardlibre.com\\\/cinema\\\/films\\\/richard-jewell-le-nouveau-heros-obese-de-clint-eastwood\\\/#primaryimage\"},\"image\":{\"@id\":\"https:\\\/\\\/leregardlibre.com\\\/cinema\\\/films\\\/richard-jewell-le-nouveau-heros-obese-de-clint-eastwood\\\/#primaryimage\"},\"thumbnailUrl\":\"http:\\\/\\\/leregardlibre.com\\\/wp-content\\\/uploads\\\/2020\\\/02\\\/Richard-Jewell-Szenen-ov-rev-1-RJ-07036rv2_High_Res_JPEG-scaled.jpeg\",\"datePublished\":\"2020-02-26T14:26:25+00:00\",\"dateModified\":\"2025-12-04T21:29:05+00:00\",\"breadcrumb\":{\"@id\":\"https:\\\/\\\/leregardlibre.com\\\/cinema\\\/films\\\/richard-jewell-le-nouveau-heros-obese-de-clint-eastwood\\\/#breadcrumb\"},\"inLanguage\":\"en-US\",\"potentialAction\":[{\"@type\":\"ReadAction\",\"target\":[\"https:\\\/\\\/leregardlibre.com\\\/cinema\\\/films\\\/richard-jewell-le-nouveau-heros-obese-de-clint-eastwood\\\/\"]}]},{\"@type\":\"ImageObject\",\"inLanguage\":\"en-US\",\"@id\":\"https:\\\/\\\/leregardlibre.com\\\/cinema\\\/films\\\/richard-jewell-le-nouveau-heros-obese-de-clint-eastwood\\\/#primaryimage\",\"url\":\"http:\\\/\\\/leregardlibre.com\\\/wp-content\\\/uploads\\\/2020\\\/02\\\/Richard-Jewell-Szenen-ov-rev-1-RJ-07036rv2_High_Res_JPEG-scaled.jpeg\",\"contentUrl\":\"http:\\\/\\\/leregardlibre.com\\\/wp-content\\\/uploads\\\/2020\\\/02\\\/Richard-Jewell-Szenen-ov-rev-1-RJ-07036rv2_High_Res_JPEG-scaled.jpeg\"},{\"@type\":\"BreadcrumbList\",\"@id\":\"https:\\\/\\\/leregardlibre.com\\\/cinema\\\/films\\\/richard-jewell-le-nouveau-heros-obese-de-clint-eastwood\\\/#breadcrumb\",\"itemListElement\":[{\"@type\":\"ListItem\",\"position\":1,\"name\":\"Accueil\",\"item\":\"https:\\\/\\\/leregardlibre.com\\\/\"},{\"@type\":\"ListItem\",\"position\":2,\"name\":\"Richard Jewell: le nouveau h\u00e9ros ob\u00e8se de Clint Eastwood\"}]},{\"@type\":\"WebSite\",\"@id\":\"https:\\\/\\\/leregardlibre.com\\\/#website\",\"url\":\"https:\\\/\\\/leregardlibre.com\\\/\",\"name\":\"Le Regard Libre\",\"description\":\"Premier mensuel suisse de d\u00e9bat\",\"publisher\":{\"@id\":\"https:\\\/\\\/leregardlibre.com\\\/#organization\"},\"potentialAction\":[{\"@type\":\"SearchAction\",\"target\":{\"@type\":\"EntryPoint\",\"urlTemplate\":\"https:\\\/\\\/leregardlibre.com\\\/?s={search_term_string}\"},\"query-input\":{\"@type\":\"PropertyValueSpecification\",\"valueRequired\":true,\"valueName\":\"search_term_string\"}}],\"inLanguage\":\"en-US\"},{\"@type\":\"Organization\",\"@id\":\"https:\\\/\\\/leregardlibre.com\\\/#organization\",\"name\":\"Le Regard Libre\",\"url\":\"https:\\\/\\\/leregardlibre.com\\\/\",\"logo\":{\"@type\":\"ImageObject\",\"inLanguage\":\"en-US\",\"@id\":\"https:\\\/\\\/leregardlibre.com\\\/#\\\/schema\\\/logo\\\/image\\\/\",\"url\":\"https:\\\/\\\/leregardlibre.com\\\/wp-content\\\/uploads\\\/2025\\\/08\\\/logo-rl-icone-neg.jpeg\",\"contentUrl\":\"https:\\\/\\\/leregardlibre.com\\\/wp-content\\\/uploads\\\/2025\\\/08\\\/logo-rl-icone-neg.jpeg\",\"width\":557,\"height\":556,\"caption\":\"Le Regard Libre\"},\"image\":{\"@id\":\"https:\\\/\\\/leregardlibre.com\\\/#\\\/schema\\\/logo\\\/image\\\/\"},\"sameAs\":[\"https:\\\/\\\/www.facebook.com\\\/leregardlibre\\\/\",\"https:\\\/\\\/x.com\\\/LeRegardLibre\",\"https:\\\/\\\/www.linkedin.com\\\/company\\\/le-regard-libre\",\"https:\\\/\\\/www.instagram.com\\\/leregardlibre\\\/\",\"http:\\\/\\\/t.me\\\/leregardlibre\",\"https:\\\/\\\/youtube.com\\\/channel\\\/UC6HzGPomj1LsUmlz-sJtITQ\"],\"description\":\"Le Regard Libre est un mensuel suisse de d\u00e9bat intellectuel et culturel. Sa r\u00e9daction est jeune, b\u00e9n\u00e9vole, lib\u00e9rale et pluraliste. Le magazine para\u00eet en ligne et sous forme papier. Sa langue est le fran\u00e7ais.\",\"email\":\"redaction@leregardlibre.com\",\"legalName\":\"Le Regard Libre\",\"foundingDate\":\"2014-01-01\",\"numberOfEmployees\":{\"@type\":\"QuantitativeValue\",\"minValue\":\"11\",\"maxValue\":\"50\"},\"publishingPrinciples\":\"https:\\\/\\\/leregardlibre.com\\\/a-propos\\\/notre-manifeste\\\/\",\"ownershipFundingInfo\":\"https:\\\/\\\/leregardlibre.com\\\/mentions-legales\\\/\",\"actionableFeedbackPolicy\":\"https:\\\/\\\/leregardlibre.com\\\/conditions-generales-de-vente\\\/\"},{\"@type\":\"Person\",\"@id\":\"https:\\\/\\\/leregardlibre.com\\\/#\\\/schema\\\/person\\\/7327cb849d1f776e73450746adbbd5ec\",\"name\":\"Antoine-Fr\u00e9d\u00e9ric Bernhard\",\"image\":{\"@type\":\"ImageObject\",\"inLanguage\":\"en-US\",\"@id\":\"https:\\\/\\\/secure.gravatar.com\\\/avatar\\\/dbf3a1f28b5046d2ceac68805f55a49ac6e351da06bc6e78ae9c0dce9188ea73?s=96&d=identicon&r=g\",\"url\":\"https:\\\/\\\/secure.gravatar.com\\\/avatar\\\/dbf3a1f28b5046d2ceac68805f55a49ac6e351da06bc6e78ae9c0dce9188ea73?s=96&d=identicon&r=g\",\"contentUrl\":\"https:\\\/\\\/secure.gravatar.com\\\/avatar\\\/dbf3a1f28b5046d2ceac68805f55a49ac6e351da06bc6e78ae9c0dce9188ea73?s=96&d=identicon&r=g\",\"caption\":\"Antoine-Fr\u00e9d\u00e9ric Bernhard\"},\"description\":\"Journaliste ind\u00e9pendant et \u00e9tudiant en philosophie, Antoine-Fr\u00e9d\u00e9ric Bernhard est le r\u00e9dacteur en chef adjoint du Regard Libre.\",\"sameAs\":[\"https:\\\/\\\/fr.wikipedia.org\\\/wiki\\\/Le_Regard_libre\"],\"url\":\"https:\\\/\\\/leregardlibre.com\\\/en\\\/author\\\/antoine-bernhard\\\/\"}]}<\/script>\n<!-- \/ Yoast SEO Premium plugin. -->","yoast_head_json":{"title":"Richard Jewell: Clint Eastwood's new fat hero","robots":{"index":"index","follow":"follow","max-snippet":"max-snippet:-1","max-image-preview":"max-image-preview:large","max-video-preview":"max-video-preview:-1"},"canonical":"https:\/\/leregardlibre.com\/en\/cinema\/films\/richard-jewell-clint-eastwoods-new-fat-hero\/","og_locale":"en_US","og_type":"article","og_title":"Richard Jewell: le nouveau h\u00e9ros ob\u00e8se de Clint Eastwood","og_description":"Quel est le r\u00f4le des m\u00e9dias?","og_url":"https:\/\/leregardlibre.com\/en\/cinema\/films\/richard-jewell-clint-eastwoods-new-fat-hero\/","og_site_name":"Le Regard Libre","article_publisher":"https:\/\/www.facebook.com\/leregardlibre\/","article_published_time":"2020-02-26T14:26:25+00:00","article_modified_time":"2025-12-04T21:29:05+00:00","og_image":[{"width":1024,"height":683,"url":"https:\/\/leregardlibre.com\/wp-content\/uploads\/2020\/02\/Richard-Jewell-Szenen-ov-rev-1-RJ-07036rv2_High_Res_JPEG-1024x683.jpeg","type":"image\/jpeg"}],"author":"Antoine-Fr\u00e9d\u00e9ric Bernhard","twitter_card":"summary_large_image","twitter_creator":"@LeRegardLibre","twitter_site":"@LeRegardLibre","twitter_misc":{"Written by":"Antoine-Fr\u00e9d\u00e9ric Bernhard","Est. reading time":"4 minutes"},"schema":{"@context":"https:\/\/schema.org","@graph":[{"@type":"Article","@id":"https:\/\/leregardlibre.com\/cinema\/films\/richard-jewell-le-nouveau-heros-obese-de-clint-eastwood\/#article","isPartOf":{"@id":"https:\/\/leregardlibre.com\/cinema\/films\/richard-jewell-le-nouveau-heros-obese-de-clint-eastwood\/"},"author":{"name":"Antoine-Fr\u00e9d\u00e9ric Bernhard","@id":"https:\/\/leregardlibre.com\/#\/schema\/person\/7327cb849d1f776e73450746adbbd5ec"},"headline":"Richard Jewell: le nouveau h\u00e9ros ob\u00e8se de Clint Eastwood","datePublished":"2020-02-26T14:26:25+00:00","dateModified":"2025-12-04T21:29:05+00:00","mainEntityOfPage":{"@id":"https:\/\/leregardlibre.com\/cinema\/films\/richard-jewell-le-nouveau-heros-obese-de-clint-eastwood\/"},"wordCount":745,"commentCount":0,"publisher":{"@id":"https:\/\/leregardlibre.com\/#organization"},"image":{"@id":"https:\/\/leregardlibre.com\/cinema\/films\/richard-jewell-le-nouveau-heros-obese-de-clint-eastwood\/#primaryimage"},"thumbnailUrl":"http:\/\/leregardlibre.com\/wp-content\/uploads\/2020\/02\/Richard-Jewell-Szenen-ov-rev-1-RJ-07036rv2_High_Res_JPEG-scaled.jpeg","keywords":["Anti-h\u00e9ros","arturo sandoval","Clint Eastwood","Critique cin\u00e9ma","ennemi public","Etats-Unis","fbi","Justice","kathy scruggs","le cas richard jewell","monsieur tout-le-monde","ob\u00e8se","purgatoire","richard jewell","scoop","Warner Bros"],"articleSection":["Films"],"inLanguage":"en-US","potentialAction":[{"@type":"CommentAction","name":"Comment","target":["https:\/\/leregardlibre.com\/cinema\/films\/richard-jewell-le-nouveau-heros-obese-de-clint-eastwood\/#respond"]}]},{"@type":"WebPage","@id":"https:\/\/leregardlibre.com\/cinema\/films\/richard-jewell-le-nouveau-heros-obese-de-clint-eastwood\/","url":"https:\/\/leregardlibre.com\/cinema\/films\/richard-jewell-le-nouveau-heros-obese-de-clint-eastwood\/","name":"Richard Jewell: Clint Eastwood's new fat hero","isPartOf":{"@id":"https:\/\/leregardlibre.com\/#website"},"primaryImageOfPage":{"@id":"https:\/\/leregardlibre.com\/cinema\/films\/richard-jewell-le-nouveau-heros-obese-de-clint-eastwood\/#primaryimage"},"image":{"@id":"https:\/\/leregardlibre.com\/cinema\/films\/richard-jewell-le-nouveau-heros-obese-de-clint-eastwood\/#primaryimage"},"thumbnailUrl":"http:\/\/leregardlibre.com\/wp-content\/uploads\/2020\/02\/Richard-Jewell-Szenen-ov-rev-1-RJ-07036rv2_High_Res_JPEG-scaled.jpeg","datePublished":"2020-02-26T14:26:25+00:00","dateModified":"2025-12-04T21:29:05+00:00","breadcrumb":{"@id":"https:\/\/leregardlibre.com\/cinema\/films\/richard-jewell-le-nouveau-heros-obese-de-clint-eastwood\/#breadcrumb"},"inLanguage":"en-US","potentialAction":[{"@type":"ReadAction","target":["https:\/\/leregardlibre.com\/cinema\/films\/richard-jewell-le-nouveau-heros-obese-de-clint-eastwood\/"]}]},{"@type":"ImageObject","inLanguage":"en-US","@id":"https:\/\/leregardlibre.com\/cinema\/films\/richard-jewell-le-nouveau-heros-obese-de-clint-eastwood\/#primaryimage","url":"http:\/\/leregardlibre.com\/wp-content\/uploads\/2020\/02\/Richard-Jewell-Szenen-ov-rev-1-RJ-07036rv2_High_Res_JPEG-scaled.jpeg","contentUrl":"http:\/\/leregardlibre.com\/wp-content\/uploads\/2020\/02\/Richard-Jewell-Szenen-ov-rev-1-RJ-07036rv2_High_Res_JPEG-scaled.jpeg"},{"@type":"BreadcrumbList","@id":"https:\/\/leregardlibre.com\/cinema\/films\/richard-jewell-le-nouveau-heros-obese-de-clint-eastwood\/#breadcrumb","itemListElement":[{"@type":"ListItem","position":1,"name":"Accueil","item":"https:\/\/leregardlibre.com\/"},{"@type":"ListItem","position":2,"name":"Richard Jewell: le nouveau h\u00e9ros ob\u00e8se de Clint Eastwood"}]},{"@type":"WebSite","@id":"https:\/\/leregardlibre.com\/#website","url":"https:\/\/leregardlibre.com\/","name":"Le Regard Libre","description":"Switzerland's first monthly debate magazine","publisher":{"@id":"https:\/\/leregardlibre.com\/#organization"},"potentialAction":[{"@type":"SearchAction","target":{"@type":"EntryPoint","urlTemplate":"https:\/\/leregardlibre.com\/?s={search_term_string}"},"query-input":{"@type":"PropertyValueSpecification","valueRequired":true,"valueName":"search_term_string"}}],"inLanguage":"en-US"},{"@type":"Organization","@id":"https:\/\/leregardlibre.com\/#organization","name":"Le Regard Libre","url":"https:\/\/leregardlibre.com\/","logo":{"@type":"ImageObject","inLanguage":"en-US","@id":"https:\/\/leregardlibre.com\/#\/schema\/logo\/image\/","url":"https:\/\/leregardlibre.com\/wp-content\/uploads\/2025\/08\/logo-rl-icone-neg.jpeg","contentUrl":"https:\/\/leregardlibre.com\/wp-content\/uploads\/2025\/08\/logo-rl-icone-neg.jpeg","width":557,"height":556,"caption":"Le Regard Libre"},"image":{"@id":"https:\/\/leregardlibre.com\/#\/schema\/logo\/image\/"},"sameAs":["https:\/\/www.facebook.com\/leregardlibre\/","https:\/\/x.com\/LeRegardLibre","https:\/\/www.linkedin.com\/company\/le-regard-libre","https:\/\/www.instagram.com\/leregardlibre\/","http:\/\/t.me\/leregardlibre","https:\/\/youtube.com\/channel\/UC6HzGPomj1LsUmlz-sJtITQ"],"description":"Le Regard Libre is a Swiss monthly magazine for intellectual and cultural debate. Its editorial team is young, voluntary, liberal and pluralist. The magazine appears online and in print. Its language is French.","email":"redaction@leregardlibre.com","legalName":"Le Regard Libre","foundingDate":"2014-01-01","numberOfEmployees":{"@type":"QuantitativeValue","minValue":"11","maxValue":"50"},"publishingPrinciples":"https:\/\/leregardlibre.com\/a-propos\/notre-manifeste\/","ownershipFundingInfo":"https:\/\/leregardlibre.com\/mentions-legales\/","actionableFeedbackPolicy":"https:\/\/leregardlibre.com\/conditions-generales-de-vente\/"},{"@type":"Person","@id":"https:\/\/leregardlibre.com\/#\/schema\/person\/7327cb849d1f776e73450746adbbd5ec","name":"Antoine-Fr\u00e9d\u00e9ric Bernhard","image":{"@type":"ImageObject","inLanguage":"en-US","@id":"https:\/\/secure.gravatar.com\/avatar\/dbf3a1f28b5046d2ceac68805f55a49ac6e351da06bc6e78ae9c0dce9188ea73?s=96&d=identicon&r=g","url":"https:\/\/secure.gravatar.com\/avatar\/dbf3a1f28b5046d2ceac68805f55a49ac6e351da06bc6e78ae9c0dce9188ea73?s=96&d=identicon&r=g","contentUrl":"https:\/\/secure.gravatar.com\/avatar\/dbf3a1f28b5046d2ceac68805f55a49ac6e351da06bc6e78ae9c0dce9188ea73?s=96&d=identicon&r=g","caption":"Antoine-Fr\u00e9d\u00e9ric Bernhard"},"description":"A freelance journalist and philosophy student, Antoine-Fr\u00e9d\u00e9ric Bernhard is deputy editor-in-chief of Regard Libre.","sameAs":["https:\/\/fr.wikipedia.org\/wiki\/Le_Regard_libre"],"url":"https:\/\/leregardlibre.com\/en\/author\/antoine-bernhard\/"}]}},"_links":{"self":[{"href":"https:\/\/leregardlibre.com\/en\/wp-json\/wp\/v2\/posts\/31733","targetHints":{"allow":["GET"]}}],"collection":[{"href":"https:\/\/leregardlibre.com\/en\/wp-json\/wp\/v2\/posts"}],"about":[{"href":"https:\/\/leregardlibre.com\/en\/wp-json\/wp\/v2\/types\/post"}],"author":[{"embeddable":true,"href":"https:\/\/leregardlibre.com\/en\/wp-json\/wp\/v2\/users\/99"}],"replies":[{"embeddable":true,"href":"https:\/\/leregardlibre.com\/en\/wp-json\/wp\/v2\/comments?post=31733"}],"version-history":[{"count":1,"href":"https:\/\/leregardlibre.com\/en\/wp-json\/wp\/v2\/posts\/31733\/revisions"}],"predecessor-version":[{"id":511637,"href":"https:\/\/leregardlibre.com\/en\/wp-json\/wp\/v2\/posts\/31733\/revisions\/511637"}],"wp:attachment":[{"href":"https:\/\/leregardlibre.com\/en\/wp-json\/wp\/v2\/media?parent=31733"}],"wp:term":[{"taxonomy":"category","embeddable":true,"href":"https:\/\/leregardlibre.com\/en\/wp-json\/wp\/v2\/categories?post=31733"},{"taxonomy":"post_tag","embeddable":true,"href":"https:\/\/leregardlibre.com\/en\/wp-json\/wp\/v2\/tags?post=31733"}],"curies":[{"name":"wp","href":"https:\/\/api.w.org\/{rel}","templated":true}]}}