{"id":31743,"date":"2020-02-26T20:40:13","date_gmt":"2020-02-26T19:40:13","guid":{"rendered":"https:\/\/leregardlibre.com\/?p=31743"},"modified":"2025-12-04T22:29:04","modified_gmt":"2025-12-04T21:29:04","slug":"baghdad-in-my-shadow-in-the-shadow-of-depth-and-caricature","status":"publish","type":"post","link":"https:\/\/leregardlibre.com\/en\/cinema\/films\/baghdad-in-my-shadow-in-the-shadow-of-depth-and-caricature\/","title":{"rendered":"\u00abBaghdad in My Shadow\u00bb, in the shadow of depth and caricature"},"content":{"rendered":"<p><em>Cinema Wednesdays - Loris S. Musumeci<\/em><\/p>\n\n\n\n<p class=\"has-drop-cap\">From Baghdad to London. London to Baghdad. Two cities linked by the exile of a group of Iraqis. Exiled for what they are. Exiled for who they are: communists, a divorced architect, a young homosexual computer scientist. They don't fit in, least of all under Saddam Hussein's dictatorship. United in exile, they all meet at the Abu Nawal caf\u00e9. A place where Iraqis, English and all kinds of people meet. A place of tolerance and diversity. In an atmosphere of <em>dolce vita<\/em> between nostalgia, typical dishes and music from over there. But fanaticism breaks all that. Literally and figuratively.<\/p>\n\n\n\n<!--more Lire la suite de la critique-->\n\n\n\n<p>Some are joined by their past, others by their destiny. Taufiq, one of Abu Nawal's most loyal followers, sees his peaceful life turn into a nightmare. Poet and night watchman at the British Museum, he writes in his notebook during his shift \u00abBaghdad, you will always remain in my shadow\u00bb. Yes, because he is summoned to the police station, the communist who was once tortured by Saddam's henchmen. The shadow of Baghdad falls on him as soon as his nephew becomes radicalized. Stabbings; the worst has happened. In the tears of the past and the blood of the present.<\/p>\n\n\n\n<figure class=\"wp-block-embed-youtube wp-block-embed is-type-video is-provider-youtube wp-embed-aspect-16-9 wp-has-aspect-ratio\"><div class=\"wp-block-embed__wrapper\">\n<iframe title=\"BAGHDAD IN MY SHADOW - Trailer\" width=\"1000\" height=\"563\" src=\"https:\/\/www.youtube.com\/embed\/vRrf-cwTkT4?feature=oembed\" frameborder=\"0\" allow=\"accelerometer; autoplay; clipboard-write; encrypted-media; gyroscope; picture-in-picture; web-share\" referrerpolicy=\"strict-origin-when-cross-origin\" allowfullscreen><\/iframe>\n<\/div><\/figure>\n\n\n\n<h3 class=\"wp-block-heading\">The depth<\/h3>\n\n\n\n<p>This same blood of the present legitimizes the film, which is undoubtedly militant. A strong message about feminism, culture, homosexuality and Islamic fanaticism. And blood is still flowing in Baghdad today: that of atheists condemned for apostasy, that of homosexuals condemned for sodomy, that of women condemned for emancipation. In the West, the situation is different, less tainted by blood, and yet it speaks to us.<\/p>\n\n\n\n<p><em>Baghdad in My Shadow<\/em> deserves interest and respect. Especially for its actors, notably Zahraa Ghandour, who plays the divorced architect currently going through a difficult time in an Iraq that doesn't appreciate discrepancies, even in a work of fiction. Which isn't quite fiction, by the way. Samir, the Iraqi-Swiss director, declares that the content of his script is more documentary than fiction. Every character is directly inspired by reality.<\/p>\n\n\n\n<figure class=\"wp-block-image size-large\"><img decoding=\"async\" src=\"http:\/\/leregardlibre.com\/wp-content\/uploads\/2020\/02\/BaghdadInMyShadow_Filmstill-7-scaled.jpg\" class=\"wp-image-31744\"\/><\/figure>\n\n\n\n<p>The film still deserves respect for its ability to revisit contemporary Iraqi history through the lens of individual stories. The script is also well crafted, in the shadow of Baghdad, in the shadow of suspense. The roles played create a good balance between the lightness of life, the joys of tea, discussion, friendship and literature, and the anguish of the past, nausea, persecution, slips and fear.<\/p>\n\n\n\n<h3 class=\"wp-block-heading\">The cartoon<\/h3>\n\n\n\n<p>The Abu Nawal community lies on the borderline between the film's qualities and flaws, insofar as the scenes in this caf\u00e9 show us both the best and the worst. The best is the gentle way of life, the humor of the protagonists, all of whom have very different backgrounds, yet all of whom meet in the shadow of the Baghdad they left behind. The worst is the caricature that they all embody throughout the film, in spite of themselves. Worst of all, the overflow of diversity creates confusion and weariness.<\/p>\n\n\n\n<p>Samir wanted to embrace a general point of view on the problems of intolerance that follow Iraqis to their London exile. He did well. But he also wanted to say too much, do too much, tell too much. To the point of leaving a bitter taste in the face of his achievement: that of having lost his way. Lost in too many causes, struggles and problems that, in the end, are only touched on superficially, gradually losing the depth they had at the start of the film.<\/p>\n\n\n\n<figure class=\"wp-block-image size-large\"><img fetchpriority=\"high\" decoding=\"async\" width=\"1792\" height=\"2560\" src=\"http:\/\/leregardlibre.com\/wp-content\/uploads\/2020\/02\/BIMS_B1_70x100a-scaled.jpg\" alt=\"\" class=\"wp-image-31747\" srcset=\"https:\/\/leregardlibre.com\/wp-content\/uploads\/2020\/02\/BIMS_B1_70x100a-scaled.jpg 1792w, https:\/\/leregardlibre.com\/wp-content\/uploads\/2020\/02\/BIMS_B1_70x100a-scaled-1170x1671.jpg 1170w, https:\/\/leregardlibre.com\/wp-content\/uploads\/2020\/02\/BIMS_B1_70x100a-scaled-585x836.jpg 585w, https:\/\/leregardlibre.com\/wp-content\/uploads\/2020\/02\/BIMS_B1_70x100a-105x150.jpg 105w, https:\/\/leregardlibre.com\/wp-content\/uploads\/2020\/02\/BIMS_B1_70x100a-210x300.jpg 210w, https:\/\/leregardlibre.com\/wp-content\/uploads\/2020\/02\/BIMS_B1_70x100a-768x1097.jpg 768w, https:\/\/leregardlibre.com\/wp-content\/uploads\/2020\/02\/BIMS_B1_70x100a-717x1024.jpg 717w, https:\/\/leregardlibre.com\/wp-content\/uploads\/2020\/02\/BIMS_B1_70x100a-1075x1536.jpg 1075w, https:\/\/leregardlibre.com\/wp-content\/uploads\/2020\/02\/BIMS_B1_70x100a-1434x2048.jpg 1434w, https:\/\/leregardlibre.com\/wp-content\/uploads\/2020\/02\/BIMS_B1_70x100a-scaled-300x429.jpg 300w, https:\/\/leregardlibre.com\/wp-content\/uploads\/2020\/02\/BIMS_B1_70x100a-scaled-600x857.jpg 600w\" sizes=\"(max-width: 1792px) 100vw, 1792px\" \/><\/figure>\n\n\n\n<p><em>Baghdad in My Shadow<\/em> becomes a superficial, cartoonish mishmash. Even if it's not true that the beginning is absolutely successful and the end absolutely bad, if only for the moving, rich and masterful last scene that brings it full circle. Nevertheless, it has to be said that this Swiss film missed its opportunity to be a great Swiss film, for its second half is weakened in terms of substance. And in form, too. While the first part opens with the journey of a light through Babylonian engraved stones, the other scenes pay little attention to the care of the photography.<\/p>\n\n\n\n<p>Light and shadow. London, Baghdad. It creates contrasts. Crossbreeding. The kind born of exile. That of director Samir, whose eyes are both Swiss and Iraqi. The film, which combines depth and caricature, has at least had the merit of entertaining, distressing and giving us a glimpse of Baghdad's shadow.<\/p>\n\n\n\n<p><em>Write to the author:&nbsp;<a href=\"mailto:loris.musumeci@leregardlibre.com\">loris.musumeci@leregardlibre.com<\/a><\/em><\/p>\n\n\n\n<p>Photo credit: \u00a9 Filmcoopi<\/p>","protected":false},"excerpt":{"rendered":"<p>The tears of the past and the blood of the present<\/p>","protected":false},"author":18,"featured_media":31746,"comment_status":"open","ping_status":"open","sticky":false,"template":"","format":"standard","meta":{"_acf_changed":false,"footnotes":""},"categories":[644355829],"tags":[644344391,644344393,10521245,644341146,789843,67793,455581,26256,446131,18594,644344395,644344392,37426,11183],"class_list":["post-31743","post","type-post","status-publish","format-standard","has-post-thumbnail","hentry","category-films","tag-baghdad","tag-baghdad-in-my-shadow","tag-cinema-suisse","tag-critiques-cinema","tag-exil","tag-feminisme","tag-homosexualite","tag-irak","tag-islamisme","tag-londres","tag-saddam-hussein","tag-samir","tag-sang","tag-thriller"],"acf":[],"yoast_head":"<!-- This site is optimized with the Yoast SEO Premium plugin v27.4 (Yoast SEO v27.4) - https:\/\/yoast.com\/product\/yoast-seo-premium-wordpress\/ -->\n<title>\u00abBaghdad in My Shadow\u00bb, dans l\u2019ombre de la profondeur et de la caricature<\/title>\n<meta name=\"robots\" content=\"index, follow, max-snippet:-1, max-image-preview:large, max-video-preview:-1\" \/>\n<link rel=\"canonical\" href=\"https:\/\/leregardlibre.com\/en\/cinema\/films\/baghdad-in-my-shadow-in-the-shadow-of-depth-and-caricature\/\" \/>\n<meta property=\"og:locale\" content=\"en_US\" \/>\n<meta property=\"og:type\" content=\"article\" \/>\n<meta property=\"og:title\" content=\"\u00abBaghdad in My Shadow\u00bb, dans l\u2019ombre de la profondeur et de la caricature\" \/>\n<meta property=\"og:description\" content=\"Les larmes du pass\u00e9 et le sang du pr\u00e9sent\" \/>\n<meta property=\"og:url\" content=\"https:\/\/leregardlibre.com\/en\/cinema\/films\/baghdad-in-my-shadow-in-the-shadow-of-depth-and-caricature\/\" \/>\n<meta property=\"og:site_name\" content=\"Le Regard Libre\" \/>\n<meta property=\"article:publisher\" content=\"https:\/\/www.facebook.com\/leregardlibre\/\" \/>\n<meta property=\"article:published_time\" content=\"2020-02-26T19:40:13+00:00\" \/>\n<meta property=\"article:modified_time\" content=\"2025-12-04T21:29:04+00:00\" \/>\n<meta property=\"og:image\" content=\"https:\/\/leregardlibre.com\/wp-content\/uploads\/2020\/02\/BaghdadInMyShadow_Filmstill-9-1024x683.jpg\" \/>\n\t<meta property=\"og:image:width\" content=\"1024\" \/>\n\t<meta property=\"og:image:height\" content=\"683\" \/>\n\t<meta property=\"og:image:type\" content=\"image\/jpeg\" \/>\n<meta name=\"author\" content=\"Loris S. Musumeci\" \/>\n<meta name=\"twitter:card\" content=\"summary_large_image\" \/>\n<meta name=\"twitter:creator\" content=\"@LeRegardLibre\" \/>\n<meta name=\"twitter:site\" content=\"@LeRegardLibre\" \/>\n<meta name=\"twitter:label1\" content=\"Written by\" \/>\n\t<meta name=\"twitter:data1\" content=\"Loris S. Musumeci\" \/>\n\t<meta name=\"twitter:label2\" content=\"Est. reading time\" \/>\n\t<meta name=\"twitter:data2\" content=\"5 minutes\" \/>\n<script type=\"application\/ld+json\" class=\"yoast-schema-graph\">{\"@context\":\"https:\\\/\\\/schema.org\",\"@graph\":[{\"@type\":\"Article\",\"@id\":\"https:\\\/\\\/leregardlibre.com\\\/cinema\\\/films\\\/baghdad-in-my-shadow-dans-lombre-de-la-profondeur-et-de-la-caricature\\\/#article\",\"isPartOf\":{\"@id\":\"https:\\\/\\\/leregardlibre.com\\\/cinema\\\/films\\\/baghdad-in-my-shadow-dans-lombre-de-la-profondeur-et-de-la-caricature\\\/\"},\"author\":{\"name\":\"Loris S. Musumeci\",\"@id\":\"https:\\\/\\\/leregardlibre.com\\\/#\\\/schema\\\/person\\\/04d80ec47094bca6b1fa22dffad24005\"},\"headline\":\"\u00abBaghdad in My Shadow\u00bb, dans l\u2019ombre de la profondeur et de la caricature\",\"datePublished\":\"2020-02-26T19:40:13+00:00\",\"dateModified\":\"2025-12-04T21:29:04+00:00\",\"mainEntityOfPage\":{\"@id\":\"https:\\\/\\\/leregardlibre.com\\\/cinema\\\/films\\\/baghdad-in-my-shadow-dans-lombre-de-la-profondeur-et-de-la-caricature\\\/\"},\"wordCount\":914,\"commentCount\":0,\"publisher\":{\"@id\":\"https:\\\/\\\/leregardlibre.com\\\/#organization\"},\"image\":{\"@id\":\"https:\\\/\\\/leregardlibre.com\\\/cinema\\\/films\\\/baghdad-in-my-shadow-dans-lombre-de-la-profondeur-et-de-la-caricature\\\/#primaryimage\"},\"thumbnailUrl\":\"https:\\\/\\\/leregardlibre.com\\\/wp-content\\\/uploads\\\/2020\\\/02\\\/BaghdadInMyShadow_Filmstill-9-scaled.jpg\",\"keywords\":[\"baghdad\",\"baghdad in my shadow\",\"Cin\u00e9ma suisse\",\"Critique cin\u00e9ma\",\"Exil\",\"F\u00e9minisme\",\"Homosexualit\u00e9\",\"Irak\",\"Islamisme\",\"Londres\",\"saddam hussein\",\"samir\",\"sang\",\"Thriller\"],\"articleSection\":[\"Films\"],\"inLanguage\":\"en-US\",\"potentialAction\":[{\"@type\":\"CommentAction\",\"name\":\"Comment\",\"target\":[\"https:\\\/\\\/leregardlibre.com\\\/cinema\\\/films\\\/baghdad-in-my-shadow-dans-lombre-de-la-profondeur-et-de-la-caricature\\\/#respond\"]}]},{\"@type\":\"WebPage\",\"@id\":\"https:\\\/\\\/leregardlibre.com\\\/cinema\\\/films\\\/baghdad-in-my-shadow-dans-lombre-de-la-profondeur-et-de-la-caricature\\\/\",\"url\":\"https:\\\/\\\/leregardlibre.com\\\/cinema\\\/films\\\/baghdad-in-my-shadow-dans-lombre-de-la-profondeur-et-de-la-caricature\\\/\",\"name\":\"\u00abBaghdad in My Shadow\u00bb, dans l\u2019ombre de la profondeur et de la caricature\",\"isPartOf\":{\"@id\":\"https:\\\/\\\/leregardlibre.com\\\/#website\"},\"primaryImageOfPage\":{\"@id\":\"https:\\\/\\\/leregardlibre.com\\\/cinema\\\/films\\\/baghdad-in-my-shadow-dans-lombre-de-la-profondeur-et-de-la-caricature\\\/#primaryimage\"},\"image\":{\"@id\":\"https:\\\/\\\/leregardlibre.com\\\/cinema\\\/films\\\/baghdad-in-my-shadow-dans-lombre-de-la-profondeur-et-de-la-caricature\\\/#primaryimage\"},\"thumbnailUrl\":\"https:\\\/\\\/leregardlibre.com\\\/wp-content\\\/uploads\\\/2020\\\/02\\\/BaghdadInMyShadow_Filmstill-9-scaled.jpg\",\"datePublished\":\"2020-02-26T19:40:13+00:00\",\"dateModified\":\"2025-12-04T21:29:04+00:00\",\"breadcrumb\":{\"@id\":\"https:\\\/\\\/leregardlibre.com\\\/cinema\\\/films\\\/baghdad-in-my-shadow-dans-lombre-de-la-profondeur-et-de-la-caricature\\\/#breadcrumb\"},\"inLanguage\":\"en-US\",\"potentialAction\":[{\"@type\":\"ReadAction\",\"target\":[\"https:\\\/\\\/leregardlibre.com\\\/cinema\\\/films\\\/baghdad-in-my-shadow-dans-lombre-de-la-profondeur-et-de-la-caricature\\\/\"]}]},{\"@type\":\"ImageObject\",\"inLanguage\":\"en-US\",\"@id\":\"https:\\\/\\\/leregardlibre.com\\\/cinema\\\/films\\\/baghdad-in-my-shadow-dans-lombre-de-la-profondeur-et-de-la-caricature\\\/#primaryimage\",\"url\":\"https:\\\/\\\/leregardlibre.com\\\/wp-content\\\/uploads\\\/2020\\\/02\\\/BaghdadInMyShadow_Filmstill-9-scaled.jpg\",\"contentUrl\":\"https:\\\/\\\/leregardlibre.com\\\/wp-content\\\/uploads\\\/2020\\\/02\\\/BaghdadInMyShadow_Filmstill-9-scaled.jpg\",\"width\":7360,\"height\":4912},{\"@type\":\"BreadcrumbList\",\"@id\":\"https:\\\/\\\/leregardlibre.com\\\/cinema\\\/films\\\/baghdad-in-my-shadow-dans-lombre-de-la-profondeur-et-de-la-caricature\\\/#breadcrumb\",\"itemListElement\":[{\"@type\":\"ListItem\",\"position\":1,\"name\":\"Accueil\",\"item\":\"https:\\\/\\\/leregardlibre.com\\\/\"},{\"@type\":\"ListItem\",\"position\":2,\"name\":\"\u00abBaghdad in My Shadow\u00bb, dans l\u2019ombre de la profondeur et de la caricature\"}]},{\"@type\":\"WebSite\",\"@id\":\"https:\\\/\\\/leregardlibre.com\\\/#website\",\"url\":\"https:\\\/\\\/leregardlibre.com\\\/\",\"name\":\"Le Regard Libre\",\"description\":\"Premier mensuel suisse de d\u00e9bat\",\"publisher\":{\"@id\":\"https:\\\/\\\/leregardlibre.com\\\/#organization\"},\"potentialAction\":[{\"@type\":\"SearchAction\",\"target\":{\"@type\":\"EntryPoint\",\"urlTemplate\":\"https:\\\/\\\/leregardlibre.com\\\/?s={search_term_string}\"},\"query-input\":{\"@type\":\"PropertyValueSpecification\",\"valueRequired\":true,\"valueName\":\"search_term_string\"}}],\"inLanguage\":\"en-US\"},{\"@type\":\"Organization\",\"@id\":\"https:\\\/\\\/leregardlibre.com\\\/#organization\",\"name\":\"Le Regard Libre\",\"url\":\"https:\\\/\\\/leregardlibre.com\\\/\",\"logo\":{\"@type\":\"ImageObject\",\"inLanguage\":\"en-US\",\"@id\":\"https:\\\/\\\/leregardlibre.com\\\/#\\\/schema\\\/logo\\\/image\\\/\",\"url\":\"https:\\\/\\\/leregardlibre.com\\\/wp-content\\\/uploads\\\/2025\\\/08\\\/logo-rl-icone-neg.jpeg\",\"contentUrl\":\"https:\\\/\\\/leregardlibre.com\\\/wp-content\\\/uploads\\\/2025\\\/08\\\/logo-rl-icone-neg.jpeg\",\"width\":557,\"height\":556,\"caption\":\"Le Regard Libre\"},\"image\":{\"@id\":\"https:\\\/\\\/leregardlibre.com\\\/#\\\/schema\\\/logo\\\/image\\\/\"},\"sameAs\":[\"https:\\\/\\\/www.facebook.com\\\/leregardlibre\\\/\",\"https:\\\/\\\/x.com\\\/LeRegardLibre\",\"https:\\\/\\\/www.linkedin.com\\\/company\\\/le-regard-libre\",\"https:\\\/\\\/www.instagram.com\\\/leregardlibre\\\/\",\"http:\\\/\\\/t.me\\\/leregardlibre\",\"https:\\\/\\\/youtube.com\\\/channel\\\/UC6HzGPomj1LsUmlz-sJtITQ\"],\"description\":\"Le Regard Libre est un mensuel suisse de d\u00e9bat intellectuel et culturel. Sa r\u00e9daction est jeune, b\u00e9n\u00e9vole, lib\u00e9rale et pluraliste. Le magazine para\u00eet en ligne et sous forme papier. Sa langue est le fran\u00e7ais.\",\"email\":\"redaction@leregardlibre.com\",\"legalName\":\"Le Regard Libre\",\"foundingDate\":\"2014-01-01\",\"numberOfEmployees\":{\"@type\":\"QuantitativeValue\",\"minValue\":\"11\",\"maxValue\":\"50\"},\"publishingPrinciples\":\"https:\\\/\\\/leregardlibre.com\\\/a-propos\\\/notre-manifeste\\\/\",\"ownershipFundingInfo\":\"https:\\\/\\\/leregardlibre.com\\\/mentions-legales\\\/\",\"actionableFeedbackPolicy\":\"https:\\\/\\\/leregardlibre.com\\\/conditions-generales-de-vente\\\/\"},{\"@type\":\"Person\",\"@id\":\"https:\\\/\\\/leregardlibre.com\\\/#\\\/schema\\\/person\\\/04d80ec47094bca6b1fa22dffad24005\",\"name\":\"Loris S. Musumeci\",\"image\":{\"@type\":\"ImageObject\",\"inLanguage\":\"en-US\",\"@id\":\"https:\\\/\\\/secure.gravatar.com\\\/avatar\\\/fa476654dadfee0d962e80160d0303549febb2769f8fa26c7a1ebe037f7c7c54?s=96&d=identicon&r=g\",\"url\":\"https:\\\/\\\/secure.gravatar.com\\\/avatar\\\/fa476654dadfee0d962e80160d0303549febb2769f8fa26c7a1ebe037f7c7c54?s=96&d=identicon&r=g\",\"contentUrl\":\"https:\\\/\\\/secure.gravatar.com\\\/avatar\\\/fa476654dadfee0d962e80160d0303549febb2769f8fa26c7a1ebe037f7c7c54?s=96&d=identicon&r=g\",\"caption\":\"Loris S. Musumeci\"},\"sameAs\":[\"https:\\\/\\\/leregardlibre.com\\\/\",\"https:\\\/\\\/fr.wikipedia.org\\\/wiki\\\/Le_Regard_libre\"],\"url\":\"https:\\\/\\\/leregardlibre.com\\\/en\\\/author\\\/loris-musumeci\\\/\"}]}<\/script>\n<!-- \/ Yoast SEO Premium plugin. -->","yoast_head_json":{"title":"\u00abBaghdad in My Shadow\u00bb, in the shadow of depth and caricature","robots":{"index":"index","follow":"follow","max-snippet":"max-snippet:-1","max-image-preview":"max-image-preview:large","max-video-preview":"max-video-preview:-1"},"canonical":"https:\/\/leregardlibre.com\/en\/cinema\/films\/baghdad-in-my-shadow-in-the-shadow-of-depth-and-caricature\/","og_locale":"en_US","og_type":"article","og_title":"\u00abBaghdad in My Shadow\u00bb, dans l\u2019ombre de la profondeur et de la caricature","og_description":"Les larmes du pass\u00e9 et le sang du pr\u00e9sent","og_url":"https:\/\/leregardlibre.com\/en\/cinema\/films\/baghdad-in-my-shadow-in-the-shadow-of-depth-and-caricature\/","og_site_name":"Le Regard Libre","article_publisher":"https:\/\/www.facebook.com\/leregardlibre\/","article_published_time":"2020-02-26T19:40:13+00:00","article_modified_time":"2025-12-04T21:29:04+00:00","og_image":[{"width":1024,"height":683,"url":"https:\/\/leregardlibre.com\/wp-content\/uploads\/2020\/02\/BaghdadInMyShadow_Filmstill-9-1024x683.jpg","type":"image\/jpeg"}],"author":"Loris S. Musumeci","twitter_card":"summary_large_image","twitter_creator":"@LeRegardLibre","twitter_site":"@LeRegardLibre","twitter_misc":{"Written by":"Loris S. Musumeci","Est. reading time":"5 minutes"},"schema":{"@context":"https:\/\/schema.org","@graph":[{"@type":"Article","@id":"https:\/\/leregardlibre.com\/cinema\/films\/baghdad-in-my-shadow-dans-lombre-de-la-profondeur-et-de-la-caricature\/#article","isPartOf":{"@id":"https:\/\/leregardlibre.com\/cinema\/films\/baghdad-in-my-shadow-dans-lombre-de-la-profondeur-et-de-la-caricature\/"},"author":{"name":"Loris S. Musumeci","@id":"https:\/\/leregardlibre.com\/#\/schema\/person\/04d80ec47094bca6b1fa22dffad24005"},"headline":"\u00abBaghdad in My Shadow\u00bb, dans l\u2019ombre de la profondeur et de la caricature","datePublished":"2020-02-26T19:40:13+00:00","dateModified":"2025-12-04T21:29:04+00:00","mainEntityOfPage":{"@id":"https:\/\/leregardlibre.com\/cinema\/films\/baghdad-in-my-shadow-dans-lombre-de-la-profondeur-et-de-la-caricature\/"},"wordCount":914,"commentCount":0,"publisher":{"@id":"https:\/\/leregardlibre.com\/#organization"},"image":{"@id":"https:\/\/leregardlibre.com\/cinema\/films\/baghdad-in-my-shadow-dans-lombre-de-la-profondeur-et-de-la-caricature\/#primaryimage"},"thumbnailUrl":"https:\/\/leregardlibre.com\/wp-content\/uploads\/2020\/02\/BaghdadInMyShadow_Filmstill-9-scaled.jpg","keywords":["baghdad","baghdad in my shadow","Cin\u00e9ma suisse","Critique cin\u00e9ma","Exil","F\u00e9minisme","Homosexualit\u00e9","Irak","Islamisme","Londres","saddam hussein","samir","sang","Thriller"],"articleSection":["Films"],"inLanguage":"en-US","potentialAction":[{"@type":"CommentAction","name":"Comment","target":["https:\/\/leregardlibre.com\/cinema\/films\/baghdad-in-my-shadow-dans-lombre-de-la-profondeur-et-de-la-caricature\/#respond"]}]},{"@type":"WebPage","@id":"https:\/\/leregardlibre.com\/cinema\/films\/baghdad-in-my-shadow-dans-lombre-de-la-profondeur-et-de-la-caricature\/","url":"https:\/\/leregardlibre.com\/cinema\/films\/baghdad-in-my-shadow-dans-lombre-de-la-profondeur-et-de-la-caricature\/","name":"\u00abBaghdad in My Shadow\u00bb, in the shadow of depth and caricature","isPartOf":{"@id":"https:\/\/leregardlibre.com\/#website"},"primaryImageOfPage":{"@id":"https:\/\/leregardlibre.com\/cinema\/films\/baghdad-in-my-shadow-dans-lombre-de-la-profondeur-et-de-la-caricature\/#primaryimage"},"image":{"@id":"https:\/\/leregardlibre.com\/cinema\/films\/baghdad-in-my-shadow-dans-lombre-de-la-profondeur-et-de-la-caricature\/#primaryimage"},"thumbnailUrl":"https:\/\/leregardlibre.com\/wp-content\/uploads\/2020\/02\/BaghdadInMyShadow_Filmstill-9-scaled.jpg","datePublished":"2020-02-26T19:40:13+00:00","dateModified":"2025-12-04T21:29:04+00:00","breadcrumb":{"@id":"https:\/\/leregardlibre.com\/cinema\/films\/baghdad-in-my-shadow-dans-lombre-de-la-profondeur-et-de-la-caricature\/#breadcrumb"},"inLanguage":"en-US","potentialAction":[{"@type":"ReadAction","target":["https:\/\/leregardlibre.com\/cinema\/films\/baghdad-in-my-shadow-dans-lombre-de-la-profondeur-et-de-la-caricature\/"]}]},{"@type":"ImageObject","inLanguage":"en-US","@id":"https:\/\/leregardlibre.com\/cinema\/films\/baghdad-in-my-shadow-dans-lombre-de-la-profondeur-et-de-la-caricature\/#primaryimage","url":"https:\/\/leregardlibre.com\/wp-content\/uploads\/2020\/02\/BaghdadInMyShadow_Filmstill-9-scaled.jpg","contentUrl":"https:\/\/leregardlibre.com\/wp-content\/uploads\/2020\/02\/BaghdadInMyShadow_Filmstill-9-scaled.jpg","width":7360,"height":4912},{"@type":"BreadcrumbList","@id":"https:\/\/leregardlibre.com\/cinema\/films\/baghdad-in-my-shadow-dans-lombre-de-la-profondeur-et-de-la-caricature\/#breadcrumb","itemListElement":[{"@type":"ListItem","position":1,"name":"Accueil","item":"https:\/\/leregardlibre.com\/"},{"@type":"ListItem","position":2,"name":"\u00abBaghdad in My Shadow\u00bb, dans l\u2019ombre de la profondeur et de la caricature"}]},{"@type":"WebSite","@id":"https:\/\/leregardlibre.com\/#website","url":"https:\/\/leregardlibre.com\/","name":"Le Regard Libre","description":"Switzerland's first monthly debate magazine","publisher":{"@id":"https:\/\/leregardlibre.com\/#organization"},"potentialAction":[{"@type":"SearchAction","target":{"@type":"EntryPoint","urlTemplate":"https:\/\/leregardlibre.com\/?s={search_term_string}"},"query-input":{"@type":"PropertyValueSpecification","valueRequired":true,"valueName":"search_term_string"}}],"inLanguage":"en-US"},{"@type":"Organization","@id":"https:\/\/leregardlibre.com\/#organization","name":"Le Regard Libre","url":"https:\/\/leregardlibre.com\/","logo":{"@type":"ImageObject","inLanguage":"en-US","@id":"https:\/\/leregardlibre.com\/#\/schema\/logo\/image\/","url":"https:\/\/leregardlibre.com\/wp-content\/uploads\/2025\/08\/logo-rl-icone-neg.jpeg","contentUrl":"https:\/\/leregardlibre.com\/wp-content\/uploads\/2025\/08\/logo-rl-icone-neg.jpeg","width":557,"height":556,"caption":"Le Regard Libre"},"image":{"@id":"https:\/\/leregardlibre.com\/#\/schema\/logo\/image\/"},"sameAs":["https:\/\/www.facebook.com\/leregardlibre\/","https:\/\/x.com\/LeRegardLibre","https:\/\/www.linkedin.com\/company\/le-regard-libre","https:\/\/www.instagram.com\/leregardlibre\/","http:\/\/t.me\/leregardlibre","https:\/\/youtube.com\/channel\/UC6HzGPomj1LsUmlz-sJtITQ"],"description":"Le Regard Libre is a Swiss monthly magazine for intellectual and cultural debate. Its editorial team is young, voluntary, liberal and pluralist. The magazine appears online and in print. Its language is French.","email":"redaction@leregardlibre.com","legalName":"Le Regard Libre","foundingDate":"2014-01-01","numberOfEmployees":{"@type":"QuantitativeValue","minValue":"11","maxValue":"50"},"publishingPrinciples":"https:\/\/leregardlibre.com\/a-propos\/notre-manifeste\/","ownershipFundingInfo":"https:\/\/leregardlibre.com\/mentions-legales\/","actionableFeedbackPolicy":"https:\/\/leregardlibre.com\/conditions-generales-de-vente\/"},{"@type":"Person","@id":"https:\/\/leregardlibre.com\/#\/schema\/person\/04d80ec47094bca6b1fa22dffad24005","name":"Loris S. Musumeci","image":{"@type":"ImageObject","inLanguage":"en-US","@id":"https:\/\/secure.gravatar.com\/avatar\/fa476654dadfee0d962e80160d0303549febb2769f8fa26c7a1ebe037f7c7c54?s=96&d=identicon&r=g","url":"https:\/\/secure.gravatar.com\/avatar\/fa476654dadfee0d962e80160d0303549febb2769f8fa26c7a1ebe037f7c7c54?s=96&d=identicon&r=g","contentUrl":"https:\/\/secure.gravatar.com\/avatar\/fa476654dadfee0d962e80160d0303549febb2769f8fa26c7a1ebe037f7c7c54?s=96&d=identicon&r=g","caption":"Loris S. Musumeci"},"sameAs":["https:\/\/leregardlibre.com\/","https:\/\/fr.wikipedia.org\/wiki\/Le_Regard_libre"],"url":"https:\/\/leregardlibre.com\/en\/author\/loris-musumeci\/"}]}},"_links":{"self":[{"href":"https:\/\/leregardlibre.com\/en\/wp-json\/wp\/v2\/posts\/31743","targetHints":{"allow":["GET"]}}],"collection":[{"href":"https:\/\/leregardlibre.com\/en\/wp-json\/wp\/v2\/posts"}],"about":[{"href":"https:\/\/leregardlibre.com\/en\/wp-json\/wp\/v2\/types\/post"}],"author":[{"embeddable":true,"href":"https:\/\/leregardlibre.com\/en\/wp-json\/wp\/v2\/users\/18"}],"replies":[{"embeddable":true,"href":"https:\/\/leregardlibre.com\/en\/wp-json\/wp\/v2\/comments?post=31743"}],"version-history":[{"count":1,"href":"https:\/\/leregardlibre.com\/en\/wp-json\/wp\/v2\/posts\/31743\/revisions"}],"predecessor-version":[{"id":511638,"href":"https:\/\/leregardlibre.com\/en\/wp-json\/wp\/v2\/posts\/31743\/revisions\/511638"}],"wp:featuredmedia":[{"embeddable":true,"href":"https:\/\/leregardlibre.com\/en\/wp-json\/wp\/v2\/media\/31746"}],"wp:attachment":[{"href":"https:\/\/leregardlibre.com\/en\/wp-json\/wp\/v2\/media?parent=31743"}],"wp:term":[{"taxonomy":"category","embeddable":true,"href":"https:\/\/leregardlibre.com\/en\/wp-json\/wp\/v2\/categories?post=31743"},{"taxonomy":"post_tag","embeddable":true,"href":"https:\/\/leregardlibre.com\/en\/wp-json\/wp\/v2\/tags?post=31743"}],"curies":[{"name":"wp","href":"https:\/\/api.w.org\/{rel}","templated":true}]}}