{"id":31927,"date":"2020-03-10T20:00:51","date_gmt":"2020-03-10T19:00:51","guid":{"rendered":"https:\/\/leregardlibre.com\/?p=31927"},"modified":"2022-09-25T16:17:48","modified_gmt":"2022-09-25T14:17:48","slug":"the-demma-century-a-story-of-men-and-women","status":"publish","type":"post","link":"https:\/\/leregardlibre.com\/en\/literature\/the-demma-century-a-story-of-men-and-women\/","title":{"rendered":"\u00abEmma's century\u00bb, a story of men and women"},"content":{"rendered":"<p><em>Tuesday's books - Am\u00e9lie Wauthier<\/em><\/p>\n\n\n\n<p class=\"has-drop-cap\"><strong>On the pink cover, four figures face us. In the foreground, a woman poses proudly, hands on hips. Behind her, a stern-looking Swiss soldier seems to be pulling a face. To her left, a young hippie brandishes a sign for women's rights alongside a black jacket with a perfect banana. Coincidentally, I find myself writing my review of the graphic novel <em>Emma's century<\/em> March 8, 2020. <\/strong><\/p>\n\n\n\n<!--more Lire la critique-->\n\n\n\n<p>On page 3, you can read why Eric Burnand and Fanny Vaucher decided to collaborate on this project. \u00abHaha! But nothing's ever happened in Switzerland!\u00bb you'd think you could hear me. Clearly, there are quite a few of us who think that our beloved nation is not the most rock'n'roll place on Earth. And yet, just because we've never all met up at the Bastille to topple a few crowned heads doesn't mean that nothing's ever happened in Switzerland! <\/p>\n\n\n\n<p>The story begins in Granges, in the canton of Jura. Emma was born at the beginning of the<sup>th<\/sup> Marius, her fianc\u00e9, works in the watchmaking industry. The Spanish flu is wreaking havoc, the First World War is over, times are hard and many households are destitute. Then tragedy struck. With Switzerland divided and the climate tense, Marius was shot dead by a soldier during the general strike of November 14, 1918. That day, three of them fell, never to rise again. Emma was disgusted. She could stand neither the army nor the passivity of the Swiss. So she went to Zurich to find her brother Franz, a banker who dreamed of revolution and shared her rage. <\/p>\n\n\n\n<p>From Emma's story, we switch to Franz's, twenty years later. We discover his journey, becoming spectators of the wheels that lead him to betray his country in favor of Nazi Germany. One event follows another, as do the trials and tribulations, and then the stories. We follow several generations of Swiss through the struggles of members of the same family, all witnesses to our country's history. We touch on women's suffrage, the living conditions of Italian seasonal workers, rock music, sexual liberation and community life in the seventies.<\/p>\n\n\n\n<h3 class=\"wp-block-heading\"><strong>Simple and efficient<\/strong><\/h3>\n\n\n\n<p>So many themes and events addressed simply and effectively. Eric Burnand's words are relevant and well enhanced by Fanny Vaucher's line. I'm not usually very <em>fan<\/em> of this kind of layout. But the illustrator manages to capture the soul of our beloved country. What's more, her layout is very dynamic and warm. If the young woman has succeeded in the rather ambitious challenge of seducing me with her drawings, it's above all because they're done the old-fashioned way: with paper and ink! I can't thank enough the artists who still have recourse to these tools, which one might think are outdated... Because even with a 10-year degree in Photoshop, nothing captures the warmth and grain of paper and pencil quite like paper and pencil. <\/p>\n\n\n\n<p>The lives of these fictional characters are punctuated by informative, archival maps and historical events. Biographical cards allowed the ignoramus in me to discover who strike leader Ernst Nobs, nationalist trade unionist Willi Ritschard and feminist pioneer Jacqueline Wavre were. I have to admit that history is by no means my passion. But I'd certainly be more interested in it if it were explained in such a daring way every time - and with an extra dose of humour, maybe I'd even remember a few significant events.<\/p>\n\n\n\n<p>It's a pleasant book to read, and helps to break down certain clich\u00e9s about Switzerland, a neutral country par excellence where life is so good... and perhaps these heroes\/antiheroes of the past could, who knows, give a few ideas to their children of the present.<\/p>\n\n\n\n<p>Photo credit: \u00a9 Am\u00e9lie Wauthier<\/p>\n\n\n\n<p><em>Write to the author: <a href=\"mailto:amelie.wauthier@leregardlibre.com\">amelie.wauthier@leregardlibre.com<\/a><\/em><\/p>\n\n\n\n<div class=\"wp-block-media-text alignwide\" style=\"grid-template-columns:26% auto\"><figure class=\"wp-block-media-text__media\"><img fetchpriority=\"high\" decoding=\"async\" width=\"336\" height=\"475\" src=\"http:\/\/leregardlibre.com\/wp-content\/uploads\/2020\/03\/1707257_f.jpg.gif\" alt=\"\" class=\"wp-image-31934\"\/><\/figure><div class=\"wp-block-media-text__content\">\n<p><strong>Fanny Vaucher and Eric Burnand<\/strong><br><strong><em>Emma's century<\/em><\/strong><br><strong>Antipodes<\/strong><br><strong>2019<\/strong><br><strong>207 pages<\/strong><\/p>\n<\/div><\/div>\n\n\n\n<div class=\"wp-block-button\"><a class=\"wp-block-button__link\" href=\"https:\/\/www.payot.ch\/Detail\/le_siecle_demma-fanny_vaucher-9782889011599\">buy<\/a><\/div>","protected":false},"excerpt":{"rendered":"<p>Swiss history is rock'n'roll.<\/p>","protected":false},"author":1,"featured_media":32022,"comment_status":"open","ping_status":"open","sticky":false,"template":"","format":"standard","meta":{"_acf_changed":false,"footnotes":""},"categories":[20663],"tags":[54879,644344491,644344492,94209,2112358,644344490],"class_list":["post-31927","post","type-post","status-publish","format-standard","has-post-thumbnail","hentry","category-litterature","tag-critiques-litteraires","tag-eric-burnand","tag-fanny-vaucher","tag-femmes","tag-histoire-suisse","tag-roman-graphique"],"acf":[],"yoast_head":"<!-- This site is optimized with the Yoast SEO Premium plugin v27.4 (Yoast SEO v27.4) - https:\/\/yoast.com\/product\/yoast-seo-premium-wordpress\/ -->\n<title>\u00abLe si\u00e8cle d\u2019Emma\u00bb, une histoire d\u2019hommes et de femmes<\/title>\n<meta name=\"robots\" content=\"index, follow, max-snippet:-1, max-image-preview:large, max-video-preview:-1\" \/>\n<link rel=\"canonical\" href=\"https:\/\/leregardlibre.com\/en\/literature\/the-demma-century-a-story-of-men-and-women\/\" \/>\n<meta property=\"og:locale\" content=\"en_US\" \/>\n<meta property=\"og:type\" content=\"article\" \/>\n<meta property=\"og:title\" content=\"\u00abLe si\u00e8cle d\u2019Emma\u00bb, une histoire d\u2019hommes et de femmes\" \/>\n<meta property=\"og:description\" content=\"L&#039;histoire suisse est rock&#039;n&#039;roll.\" \/>\n<meta property=\"og:url\" content=\"https:\/\/leregardlibre.com\/en\/literature\/the-demma-century-a-story-of-men-and-women\/\" \/>\n<meta property=\"og:site_name\" content=\"Le Regard Libre\" \/>\n<meta property=\"article:publisher\" content=\"https:\/\/www.facebook.com\/leregardlibre\/\" \/>\n<meta property=\"article:published_time\" content=\"2020-03-10T19:00:51+00:00\" \/>\n<meta property=\"article:modified_time\" content=\"2022-09-25T14:17:48+00:00\" \/>\n<meta property=\"og:image\" content=\"https:\/\/leregardlibre.com\/wp-content\/uploads\/2020\/03\/Le-sie\u0300cle-dEmma.jpeg\" \/>\n\t<meta property=\"og:image:width\" content=\"1800\" \/>\n\t<meta property=\"og:image:height\" content=\"1012\" \/>\n\t<meta property=\"og:image:type\" content=\"image\/jpeg\" \/>\n<meta name=\"author\" content=\"Le Regard Libre\" \/>\n<meta name=\"twitter:card\" content=\"summary_large_image\" \/>\n<meta name=\"twitter:creator\" content=\"@LeRegardLibre\" \/>\n<meta name=\"twitter:site\" content=\"@LeRegardLibre\" \/>\n<meta name=\"twitter:label1\" content=\"Written by\" \/>\n\t<meta name=\"twitter:data1\" content=\"Le Regard Libre\" \/>\n\t<meta name=\"twitter:label2\" content=\"Est. reading time\" \/>\n\t<meta name=\"twitter:data2\" content=\"4 minutes\" \/>\n<script type=\"application\/ld+json\" class=\"yoast-schema-graph\">{\"@context\":\"https:\\\/\\\/schema.org\",\"@graph\":[{\"@type\":\"Article\",\"@id\":\"https:\\\/\\\/leregardlibre.com\\\/litterature\\\/le-siecle-demma-une-histoire-dhommes-et-de-femmes\\\/#article\",\"isPartOf\":{\"@id\":\"https:\\\/\\\/leregardlibre.com\\\/litterature\\\/le-siecle-demma-une-histoire-dhommes-et-de-femmes\\\/\"},\"author\":{\"name\":\"Le Regard Libre\",\"@id\":\"https:\\\/\\\/leregardlibre.com\\\/#\\\/schema\\\/person\\\/68aceea2de84966d0928b49556d54101\"},\"headline\":\"\u00abLe si\u00e8cle d\u2019Emma\u00bb, une histoire d\u2019hommes et de femmes\",\"datePublished\":\"2020-03-10T19:00:51+00:00\",\"dateModified\":\"2022-09-25T14:17:48+00:00\",\"mainEntityOfPage\":{\"@id\":\"https:\\\/\\\/leregardlibre.com\\\/litterature\\\/le-siecle-demma-une-histoire-dhommes-et-de-femmes\\\/\"},\"wordCount\":818,\"commentCount\":0,\"publisher\":{\"@id\":\"https:\\\/\\\/leregardlibre.com\\\/#organization\"},\"image\":{\"@id\":\"https:\\\/\\\/leregardlibre.com\\\/litterature\\\/le-siecle-demma-une-histoire-dhommes-et-de-femmes\\\/#primaryimage\"},\"thumbnailUrl\":\"https:\\\/\\\/leregardlibre.com\\\/wp-content\\\/uploads\\\/2020\\\/03\\\/Le-sie\u0300cle-dEmma.jpeg\",\"keywords\":[\"Critique litt\u00e9raire\",\"eric burnand\",\"fanny vaucher\",\"Femmes\",\"Histoire suisse\",\"Roman graphique\"],\"articleSection\":[\"Litt\u00e9rature\"],\"inLanguage\":\"en-US\",\"potentialAction\":[{\"@type\":\"CommentAction\",\"name\":\"Comment\",\"target\":[\"https:\\\/\\\/leregardlibre.com\\\/litterature\\\/le-siecle-demma-une-histoire-dhommes-et-de-femmes\\\/#respond\"]}]},{\"@type\":\"WebPage\",\"@id\":\"https:\\\/\\\/leregardlibre.com\\\/litterature\\\/le-siecle-demma-une-histoire-dhommes-et-de-femmes\\\/\",\"url\":\"https:\\\/\\\/leregardlibre.com\\\/litterature\\\/le-siecle-demma-une-histoire-dhommes-et-de-femmes\\\/\",\"name\":\"\u00abLe si\u00e8cle d\u2019Emma\u00bb, une histoire d\u2019hommes et de femmes\",\"isPartOf\":{\"@id\":\"https:\\\/\\\/leregardlibre.com\\\/#website\"},\"primaryImageOfPage\":{\"@id\":\"https:\\\/\\\/leregardlibre.com\\\/litterature\\\/le-siecle-demma-une-histoire-dhommes-et-de-femmes\\\/#primaryimage\"},\"image\":{\"@id\":\"https:\\\/\\\/leregardlibre.com\\\/litterature\\\/le-siecle-demma-une-histoire-dhommes-et-de-femmes\\\/#primaryimage\"},\"thumbnailUrl\":\"https:\\\/\\\/leregardlibre.com\\\/wp-content\\\/uploads\\\/2020\\\/03\\\/Le-sie\u0300cle-dEmma.jpeg\",\"datePublished\":\"2020-03-10T19:00:51+00:00\",\"dateModified\":\"2022-09-25T14:17:48+00:00\",\"breadcrumb\":{\"@id\":\"https:\\\/\\\/leregardlibre.com\\\/litterature\\\/le-siecle-demma-une-histoire-dhommes-et-de-femmes\\\/#breadcrumb\"},\"inLanguage\":\"en-US\",\"potentialAction\":[{\"@type\":\"ReadAction\",\"target\":[\"https:\\\/\\\/leregardlibre.com\\\/litterature\\\/le-siecle-demma-une-histoire-dhommes-et-de-femmes\\\/\"]}]},{\"@type\":\"ImageObject\",\"inLanguage\":\"en-US\",\"@id\":\"https:\\\/\\\/leregardlibre.com\\\/litterature\\\/le-siecle-demma-une-histoire-dhommes-et-de-femmes\\\/#primaryimage\",\"url\":\"https:\\\/\\\/leregardlibre.com\\\/wp-content\\\/uploads\\\/2020\\\/03\\\/Le-sie\u0300cle-dEmma.jpeg\",\"contentUrl\":\"https:\\\/\\\/leregardlibre.com\\\/wp-content\\\/uploads\\\/2020\\\/03\\\/Le-sie\u0300cle-dEmma.jpeg\",\"width\":1800,\"height\":1012},{\"@type\":\"BreadcrumbList\",\"@id\":\"https:\\\/\\\/leregardlibre.com\\\/litterature\\\/le-siecle-demma-une-histoire-dhommes-et-de-femmes\\\/#breadcrumb\",\"itemListElement\":[{\"@type\":\"ListItem\",\"position\":1,\"name\":\"Accueil\",\"item\":\"https:\\\/\\\/leregardlibre.com\\\/\"},{\"@type\":\"ListItem\",\"position\":2,\"name\":\"\u00abLe si\u00e8cle d\u2019Emma\u00bb, une histoire d\u2019hommes et de femmes\"}]},{\"@type\":\"WebSite\",\"@id\":\"https:\\\/\\\/leregardlibre.com\\\/#website\",\"url\":\"https:\\\/\\\/leregardlibre.com\\\/\",\"name\":\"Le Regard Libre\",\"description\":\"Premier mensuel suisse de d\u00e9bat\",\"publisher\":{\"@id\":\"https:\\\/\\\/leregardlibre.com\\\/#organization\"},\"potentialAction\":[{\"@type\":\"SearchAction\",\"target\":{\"@type\":\"EntryPoint\",\"urlTemplate\":\"https:\\\/\\\/leregardlibre.com\\\/?s={search_term_string}\"},\"query-input\":{\"@type\":\"PropertyValueSpecification\",\"valueRequired\":true,\"valueName\":\"search_term_string\"}}],\"inLanguage\":\"en-US\"},{\"@type\":\"Organization\",\"@id\":\"https:\\\/\\\/leregardlibre.com\\\/#organization\",\"name\":\"Le Regard Libre\",\"url\":\"https:\\\/\\\/leregardlibre.com\\\/\",\"logo\":{\"@type\":\"ImageObject\",\"inLanguage\":\"en-US\",\"@id\":\"https:\\\/\\\/leregardlibre.com\\\/#\\\/schema\\\/logo\\\/image\\\/\",\"url\":\"https:\\\/\\\/leregardlibre.com\\\/wp-content\\\/uploads\\\/2025\\\/08\\\/logo-rl-icone-neg.jpeg\",\"contentUrl\":\"https:\\\/\\\/leregardlibre.com\\\/wp-content\\\/uploads\\\/2025\\\/08\\\/logo-rl-icone-neg.jpeg\",\"width\":557,\"height\":556,\"caption\":\"Le Regard Libre\"},\"image\":{\"@id\":\"https:\\\/\\\/leregardlibre.com\\\/#\\\/schema\\\/logo\\\/image\\\/\"},\"sameAs\":[\"https:\\\/\\\/www.facebook.com\\\/leregardlibre\\\/\",\"https:\\\/\\\/x.com\\\/LeRegardLibre\",\"https:\\\/\\\/www.linkedin.com\\\/company\\\/le-regard-libre\",\"https:\\\/\\\/www.instagram.com\\\/leregardlibre\\\/\",\"http:\\\/\\\/t.me\\\/leregardlibre\",\"https:\\\/\\\/youtube.com\\\/channel\\\/UC6HzGPomj1LsUmlz-sJtITQ\"],\"description\":\"Le Regard Libre est un mensuel suisse de d\u00e9bat intellectuel et culturel. Sa r\u00e9daction est jeune, b\u00e9n\u00e9vole, lib\u00e9rale et pluraliste. Le magazine para\u00eet en ligne et sous forme papier. Sa langue est le fran\u00e7ais.\",\"email\":\"redaction@leregardlibre.com\",\"legalName\":\"Le Regard Libre\",\"foundingDate\":\"2014-01-01\",\"numberOfEmployees\":{\"@type\":\"QuantitativeValue\",\"minValue\":\"11\",\"maxValue\":\"50\"},\"publishingPrinciples\":\"https:\\\/\\\/leregardlibre.com\\\/a-propos\\\/notre-manifeste\\\/\",\"ownershipFundingInfo\":\"https:\\\/\\\/leregardlibre.com\\\/mentions-legales\\\/\",\"actionableFeedbackPolicy\":\"https:\\\/\\\/leregardlibre.com\\\/conditions-generales-de-vente\\\/\"},{\"@type\":\"Person\",\"@id\":\"https:\\\/\\\/leregardlibre.com\\\/#\\\/schema\\\/person\\\/68aceea2de84966d0928b49556d54101\",\"name\":\"Le Regard Libre\",\"image\":{\"@type\":\"ImageObject\",\"inLanguage\":\"en-US\",\"@id\":\"https:\\\/\\\/secure.gravatar.com\\\/avatar\\\/ccf13a262e399e026577c8158b11cbdef98921ac28fa06bc0d43a2d0e2a4a1c0?s=96&d=identicon&r=g\",\"url\":\"https:\\\/\\\/secure.gravatar.com\\\/avatar\\\/ccf13a262e399e026577c8158b11cbdef98921ac28fa06bc0d43a2d0e2a4a1c0?s=96&d=identicon&r=g\",\"contentUrl\":\"https:\\\/\\\/secure.gravatar.com\\\/avatar\\\/ccf13a262e399e026577c8158b11cbdef98921ac28fa06bc0d43a2d0e2a4a1c0?s=96&d=identicon&r=g\",\"caption\":\"Le Regard Libre\"},\"description\":\"Premier mensuel suisse de d\u00e9bat\",\"sameAs\":[\"https:\\\/\\\/fr.wikipedia.org\\\/wiki\\\/Le_Regard_libre\"],\"url\":\"https:\\\/\\\/leregardlibre.com\\\/en\\\/author\\\/leregardlibre\\\/\"}]}<\/script>\n<!-- \/ Yoast SEO Premium plugin. -->","yoast_head_json":{"title":"\u00abEmma's century\u00bb, a story of men and women","robots":{"index":"index","follow":"follow","max-snippet":"max-snippet:-1","max-image-preview":"max-image-preview:large","max-video-preview":"max-video-preview:-1"},"canonical":"https:\/\/leregardlibre.com\/en\/literature\/the-demma-century-a-story-of-men-and-women\/","og_locale":"en_US","og_type":"article","og_title":"\u00abLe si\u00e8cle d\u2019Emma\u00bb, une histoire d\u2019hommes et de femmes","og_description":"L'histoire suisse est rock'n'roll.","og_url":"https:\/\/leregardlibre.com\/en\/literature\/the-demma-century-a-story-of-men-and-women\/","og_site_name":"Le Regard Libre","article_publisher":"https:\/\/www.facebook.com\/leregardlibre\/","article_published_time":"2020-03-10T19:00:51+00:00","article_modified_time":"2022-09-25T14:17:48+00:00","og_image":[{"width":1800,"height":1012,"url":"https:\/\/leregardlibre.com\/wp-content\/uploads\/2020\/03\/Le-sie\u0300cle-dEmma.jpeg","type":"image\/jpeg"}],"author":"Le Regard Libre","twitter_card":"summary_large_image","twitter_creator":"@LeRegardLibre","twitter_site":"@LeRegardLibre","twitter_misc":{"Written by":"Le Regard Libre","Est. reading time":"4 minutes"},"schema":{"@context":"https:\/\/schema.org","@graph":[{"@type":"Article","@id":"https:\/\/leregardlibre.com\/litterature\/le-siecle-demma-une-histoire-dhommes-et-de-femmes\/#article","isPartOf":{"@id":"https:\/\/leregardlibre.com\/litterature\/le-siecle-demma-une-histoire-dhommes-et-de-femmes\/"},"author":{"name":"Le Regard Libre","@id":"https:\/\/leregardlibre.com\/#\/schema\/person\/68aceea2de84966d0928b49556d54101"},"headline":"\u00abLe si\u00e8cle d\u2019Emma\u00bb, une histoire d\u2019hommes et de femmes","datePublished":"2020-03-10T19:00:51+00:00","dateModified":"2022-09-25T14:17:48+00:00","mainEntityOfPage":{"@id":"https:\/\/leregardlibre.com\/litterature\/le-siecle-demma-une-histoire-dhommes-et-de-femmes\/"},"wordCount":818,"commentCount":0,"publisher":{"@id":"https:\/\/leregardlibre.com\/#organization"},"image":{"@id":"https:\/\/leregardlibre.com\/litterature\/le-siecle-demma-une-histoire-dhommes-et-de-femmes\/#primaryimage"},"thumbnailUrl":"https:\/\/leregardlibre.com\/wp-content\/uploads\/2020\/03\/Le-sie\u0300cle-dEmma.jpeg","keywords":["Critique litt\u00e9raire","eric burnand","fanny vaucher","Femmes","Histoire suisse","Roman graphique"],"articleSection":["Litt\u00e9rature"],"inLanguage":"en-US","potentialAction":[{"@type":"CommentAction","name":"Comment","target":["https:\/\/leregardlibre.com\/litterature\/le-siecle-demma-une-histoire-dhommes-et-de-femmes\/#respond"]}]},{"@type":"WebPage","@id":"https:\/\/leregardlibre.com\/litterature\/le-siecle-demma-une-histoire-dhommes-et-de-femmes\/","url":"https:\/\/leregardlibre.com\/litterature\/le-siecle-demma-une-histoire-dhommes-et-de-femmes\/","name":"\u00abEmma's century\u00bb, a story of men and women","isPartOf":{"@id":"https:\/\/leregardlibre.com\/#website"},"primaryImageOfPage":{"@id":"https:\/\/leregardlibre.com\/litterature\/le-siecle-demma-une-histoire-dhommes-et-de-femmes\/#primaryimage"},"image":{"@id":"https:\/\/leregardlibre.com\/litterature\/le-siecle-demma-une-histoire-dhommes-et-de-femmes\/#primaryimage"},"thumbnailUrl":"https:\/\/leregardlibre.com\/wp-content\/uploads\/2020\/03\/Le-sie\u0300cle-dEmma.jpeg","datePublished":"2020-03-10T19:00:51+00:00","dateModified":"2022-09-25T14:17:48+00:00","breadcrumb":{"@id":"https:\/\/leregardlibre.com\/litterature\/le-siecle-demma-une-histoire-dhommes-et-de-femmes\/#breadcrumb"},"inLanguage":"en-US","potentialAction":[{"@type":"ReadAction","target":["https:\/\/leregardlibre.com\/litterature\/le-siecle-demma-une-histoire-dhommes-et-de-femmes\/"]}]},{"@type":"ImageObject","inLanguage":"en-US","@id":"https:\/\/leregardlibre.com\/litterature\/le-siecle-demma-une-histoire-dhommes-et-de-femmes\/#primaryimage","url":"https:\/\/leregardlibre.com\/wp-content\/uploads\/2020\/03\/Le-sie\u0300cle-dEmma.jpeg","contentUrl":"https:\/\/leregardlibre.com\/wp-content\/uploads\/2020\/03\/Le-sie\u0300cle-dEmma.jpeg","width":1800,"height":1012},{"@type":"BreadcrumbList","@id":"https:\/\/leregardlibre.com\/litterature\/le-siecle-demma-une-histoire-dhommes-et-de-femmes\/#breadcrumb","itemListElement":[{"@type":"ListItem","position":1,"name":"Accueil","item":"https:\/\/leregardlibre.com\/"},{"@type":"ListItem","position":2,"name":"\u00abLe si\u00e8cle d\u2019Emma\u00bb, une histoire d\u2019hommes et de femmes"}]},{"@type":"WebSite","@id":"https:\/\/leregardlibre.com\/#website","url":"https:\/\/leregardlibre.com\/","name":"Le Regard Libre","description":"Switzerland's first monthly debate magazine","publisher":{"@id":"https:\/\/leregardlibre.com\/#organization"},"potentialAction":[{"@type":"SearchAction","target":{"@type":"EntryPoint","urlTemplate":"https:\/\/leregardlibre.com\/?s={search_term_string}"},"query-input":{"@type":"PropertyValueSpecification","valueRequired":true,"valueName":"search_term_string"}}],"inLanguage":"en-US"},{"@type":"Organization","@id":"https:\/\/leregardlibre.com\/#organization","name":"Le Regard Libre","url":"https:\/\/leregardlibre.com\/","logo":{"@type":"ImageObject","inLanguage":"en-US","@id":"https:\/\/leregardlibre.com\/#\/schema\/logo\/image\/","url":"https:\/\/leregardlibre.com\/wp-content\/uploads\/2025\/08\/logo-rl-icone-neg.jpeg","contentUrl":"https:\/\/leregardlibre.com\/wp-content\/uploads\/2025\/08\/logo-rl-icone-neg.jpeg","width":557,"height":556,"caption":"Le Regard Libre"},"image":{"@id":"https:\/\/leregardlibre.com\/#\/schema\/logo\/image\/"},"sameAs":["https:\/\/www.facebook.com\/leregardlibre\/","https:\/\/x.com\/LeRegardLibre","https:\/\/www.linkedin.com\/company\/le-regard-libre","https:\/\/www.instagram.com\/leregardlibre\/","http:\/\/t.me\/leregardlibre","https:\/\/youtube.com\/channel\/UC6HzGPomj1LsUmlz-sJtITQ"],"description":"Le Regard Libre is a Swiss monthly magazine for intellectual and cultural debate. Its editorial team is young, voluntary, liberal and pluralist. The magazine appears online and in print. Its language is French.","email":"redaction@leregardlibre.com","legalName":"Le Regard Libre","foundingDate":"2014-01-01","numberOfEmployees":{"@type":"QuantitativeValue","minValue":"11","maxValue":"50"},"publishingPrinciples":"https:\/\/leregardlibre.com\/a-propos\/notre-manifeste\/","ownershipFundingInfo":"https:\/\/leregardlibre.com\/mentions-legales\/","actionableFeedbackPolicy":"https:\/\/leregardlibre.com\/conditions-generales-de-vente\/"},{"@type":"Person","@id":"https:\/\/leregardlibre.com\/#\/schema\/person\/68aceea2de84966d0928b49556d54101","name":"Le Regard Libre","image":{"@type":"ImageObject","inLanguage":"en-US","@id":"https:\/\/secure.gravatar.com\/avatar\/ccf13a262e399e026577c8158b11cbdef98921ac28fa06bc0d43a2d0e2a4a1c0?s=96&d=identicon&r=g","url":"https:\/\/secure.gravatar.com\/avatar\/ccf13a262e399e026577c8158b11cbdef98921ac28fa06bc0d43a2d0e2a4a1c0?s=96&d=identicon&r=g","contentUrl":"https:\/\/secure.gravatar.com\/avatar\/ccf13a262e399e026577c8158b11cbdef98921ac28fa06bc0d43a2d0e2a4a1c0?s=96&d=identicon&r=g","caption":"Le Regard Libre"},"description":"Switzerland's first monthly debate magazine","sameAs":["https:\/\/fr.wikipedia.org\/wiki\/Le_Regard_libre"],"url":"https:\/\/leregardlibre.com\/en\/author\/leregardlibre\/"}]}},"_links":{"self":[{"href":"https:\/\/leregardlibre.com\/en\/wp-json\/wp\/v2\/posts\/31927","targetHints":{"allow":["GET"]}}],"collection":[{"href":"https:\/\/leregardlibre.com\/en\/wp-json\/wp\/v2\/posts"}],"about":[{"href":"https:\/\/leregardlibre.com\/en\/wp-json\/wp\/v2\/types\/post"}],"author":[{"embeddable":true,"href":"https:\/\/leregardlibre.com\/en\/wp-json\/wp\/v2\/users\/1"}],"replies":[{"embeddable":true,"href":"https:\/\/leregardlibre.com\/en\/wp-json\/wp\/v2\/comments?post=31927"}],"version-history":[{"count":1,"href":"https:\/\/leregardlibre.com\/en\/wp-json\/wp\/v2\/posts\/31927\/revisions"}],"predecessor-version":[{"id":511654,"href":"https:\/\/leregardlibre.com\/en\/wp-json\/wp\/v2\/posts\/31927\/revisions\/511654"}],"wp:featuredmedia":[{"embeddable":true,"href":"https:\/\/leregardlibre.com\/en\/wp-json\/wp\/v2\/media\/32022"}],"wp:attachment":[{"href":"https:\/\/leregardlibre.com\/en\/wp-json\/wp\/v2\/media?parent=31927"}],"wp:term":[{"taxonomy":"category","embeddable":true,"href":"https:\/\/leregardlibre.com\/en\/wp-json\/wp\/v2\/categories?post=31927"},{"taxonomy":"post_tag","embeddable":true,"href":"https:\/\/leregardlibre.com\/en\/wp-json\/wp\/v2\/tags?post=31927"}],"curies":[{"name":"wp","href":"https:\/\/api.w.org\/{rel}","templated":true}]}}