{"id":32281,"date":"2020-03-24T18:45:31","date_gmt":"2020-03-24T17:45:31","guid":{"rendered":"https:\/\/leregardlibre.com\/?p=32281"},"modified":"2025-11-12T19:16:11","modified_gmt":"2025-11-12T18:16:11","slug":"histoire-de-melody-nelson-chef-doeuvre-musical-et-litteraire","status":"publish","type":"post","link":"https:\/\/leregardlibre.com\/en\/music\/histoire-de-melody-nelson-chef-doeuvre-musical-et-litteraire\/","title":{"rendered":"\u00abThe Melody Nelson Story: a musical and literary masterpiece"},"content":{"rendered":"<div class='content_excerpt'>\n<p>Le Regard Libre N\u00b059 - Ivan Garcia<\/p>\n\n\n\n<p class=\"has-drop-cap\"><strong>With his first concept album, Histoire de Melody Nelson, Serge Gainsbourg swapped singing for a mysterious, poetic narrative set to rock music. A mystical, mythical album that elevates a love story to the status of a musical and literary masterpiece.<\/strong><\/p>\n\n\n\n Read the full article\n    <div class='restricted_content_fade'><\/div>\n    <\/div>\n  <style>\n    .content_excerpt{\n      position: relative;\n    }\n    .content_excerpt .restricted_content_fade{\n      position: absolute;\n      bottom: 0;\n      left: 0;\n      right: 0;\n      height: 75px;\n\t  margin-bottom: 0px;\n      background-image: linear-gradient(#ffffff2e, white);\n    }\n\n    .restricted_content{\n      margin-top: 30px;\n      border: solid #dddddd 1px;\n      border-radius: 7px;\n      padding: 30px;\n    }\n    \n    .restricted_content .restricted_content_title{\n      font-size: 22px;\n      font-weight: 600;\n    }\n    .restricted_content .restricted_content_flex_row{\n      display: flex;\n      flex-direction: row;\n    }\n    .restricted_content .restricted_content_image_container{\n      flex: 3;\n    }\n    .restricted_content .restricted_content_flex_column{\n      flex: 4;\n      display: flex;\n      flex-direction: column;\n      margin-left: 40px;\n      justify-content: center;\n    }\n\n\n    .restricted_content_buttons{\n      display: flex;\n      flex-direction: column;\n      width: min-content;\n    }\n    .restricted_content_button{\n      background-color: #f2f2f2;\n      text-transform: uppercase;\n      font-weight: 600;\n      padding: 8px 40px;\n      text-align: center;\n      font-size: 13px;\n      margin-top: 10px;\n      width: max-content;\n      width: 100%;\n      white-space: nowrap;\n    }\n    .restricted_content_button:hover {\n      background-color: #111111;\n      color: white;\n      text-decoration: none !important;\n    }\n\n    .restricted_content_primary_button{\n      background-color: #1F2A68 !important;\n      color: white !important;\n    }\n    .restricted_content_primary_button:hover {\n      background-color: #111111;\n    }\n\n    .restricted_content_text{\n      margin-bottom: 10px;\n      line-height: 1.2;\n      font-weight: 500;\n      font-size: 16px;\n    }\n\n  \n  <\/style>\n  <div class='restricted_content'>\n    <h3 class='restricted_content_title'>This content is reserved for our subscribers.<\/h3>\n    <div class='restricted_content_flex_row'>\n      <div class='restricted_content_image_container'>\n        <img class='restricted_content_image' src='\/wp-content\/uploads\/2025\/08\/abo_physique.png' \/>\n      <\/div>\n      <div class='restricted_content_flex_column'>\n        <div class='restricted_content_text'>If you have an account, please log in. Otherwise, discover our different subscription packages and create an account from CHF 2.50 for the first month.<\/div>\n        <div class='restricted_content_buttons'>\n          <a href='\/en\/subscription\/' class='restricted_content_button restricted_content_primary_button'>See subscriptions<\/a><a href='\/en\/my-account\/?redirect_to=https:\/\/leregardlibre.com\/en\/music\/histoire-de-melody-nelson-chef-doeuvre-musical-et-litteraire\/'class='restricted_content_button'>Login<\/a><\/div>\n      <\/div>\n    <\/div>\n  <\/div>","protected":false},"excerpt":{"rendered":"<div class='content_excerpt'>\n<p>Le Regard Libre N\u00b059 - Ivan Garcia<\/p>\n<p class=\"has-drop-cap\"><strong>With his first concept album, Histoire de Melody Nelson, Serge Gainsbourg swapped singing for a mysterious, poetic narrative set to rock music. A mystical, mythical album that elevates a love story to the status of a musical and literary masterpiece.<\/strong><\/p>\n<p> Read the full article<\/p>\n<div class='restricted_content_fade'><\/div>\n<\/p><\/div>\n<style>\n    .content_excerpt{\n      position: relative;\n    }\n    .content_excerpt .restricted_content_fade{\n      position: absolute;\n      bottom: 0;\n      left: 0;\n      right: 0;\n      height: 75px;\n\t  margin-bottom: 0px;\n      background-image: linear-gradient(#ffffff2e, white);\n    }<\/p>\n<p>    .restricted_content{\n      margin-top: 30px;\n      border: solid #dddddd 1px;\n      border-radius: 7px;\n      padding: 30px;\n    }<\/p>\n<p>    .restricted_content .restricted_content_title{\n      font-size: 22px;\n      font-weight: 600;\n    }\n    .restricted_content .restricted_content_flex_row{\n      display: flex;\n      flex-direction: row;\n    }\n    .restricted_content .restricted_content_image_container{\n      flex: 3;\n    }\n    .restricted_content .restricted_content_flex_column{\n      flex: 4;\n      display: flex;\n      flex-direction: column;\n      margin-left: 40px;\n      justify-content: center;\n    }<\/p>\n<p>    .restricted_content_buttons{\n      display: flex;\n      flex-direction: column;\n      width: min-content;\n    }\n    .restricted_content_button{\n      background-color: #f2f2f2;\n      text-transform: uppercase;\n      font-weight: 600;\n      padding: 8px 40px;\n      text-align: center;\n      font-size: 13px;\n      margin-top: 10px;\n      width: max-content;\n      width: 100%;\n      white-space: nowrap;\n    }\n    .restricted_content_button:hover {\n      background-color: #111111;\n      color: white;\n      text-decoration: none !important;\n    }<\/p>\n<p>    .restricted_content_primary_button{\n      background-color: #1F2A68 !important;\n      color: white !important;\n    }\n    .restricted_content_primary_button:hover {\n      background-color: #111111;\n    }<\/p>\n<p>    .restricted_content_text{\n      margin-bottom: 10px;\n      line-height: 1.2;\n      font-weight: 500;\n      font-size: 16px;\n    }<\/p>\n<\/style>\n<div class='restricted_content'>\n<h3 class='restricted_content_title'>This content is reserved for our subscribers.<\/h3>\n<div class='restricted_content_flex_row'>\n<div class='restricted_content_image_container'>\n        <img class='restricted_content_image' src='\/wp-content\/uploads\/2025\/08\/abo_physique.png' \/>\n      <\/div>\n<div class='restricted_content_flex_column'>\n<div class='restricted_content_text'>If you have an account, please log in. Otherwise, discover our different subscription packages and create an account from CHF 2.50 for the first month.<\/div>\n<div class='restricted_content_buttons'>\n          <a href='\/en\/subscription\/' class='restricted_content_button restricted_content_primary_button'>See subscriptions<\/a><a href='\/en\/my-account\/?redirect_to=https:\/\/leregardlibre.com\/en\/music\/histoire-de-melody-nelson-chef-doeuvre-musical-et-litteraire\/'class='restricted_content_button'>Login<\/a><\/div>\n<\/p><\/div>\n<\/p><\/div>\n<\/p><\/div>","protected":false},"author":53,"featured_media":32286,"comment_status":"open","ping_status":"open","sticky":false,"template":"","format":"standard","meta":{"_acf_changed":false,"footnotes":""},"categories":[6460],"tags":[20078996,644344903,1085127,644344901,644344890,644339057,488322,644344904,644344891,644344881,644344902,644344888,644344899,644344900,644344883,644344882,644344889,815293,644344893,644344892,644344478,2403267,644344905,644339997,337414],"class_list":["post-32281","post","type-post","status-publish","format-standard","has-post-thumbnail","hentry","category-musique","tag-album-concept","tag-allegorie","tag-annees-70","tag-ballade-de-melody-nelson","tag-cargo-culte","tag-chanson","tag-chanson-francaise","tag-chiffre-7","tag-en-melody","tag-histoire-de-melody-nelson","tag-jane-birkin","tag-jean-michel-vianner","tag-jose-maria-de-heredia","tag-les-trophees","tag-lolita","tag-melody-nelson","tag-mineure","tag-musique-francaise","tag-narrateur","tag-poete-narrateur","tag-rock-anglo-saxon","tag-rock-francais","tag-sept","tag-serge-gainsbourg","tag-seventies","membership-content","access-restricted"],"acf":[],"yoast_head":"<!-- This site is optimized with the Yoast SEO Premium plugin v27.4 (Yoast SEO v27.4) - https:\/\/yoast.com\/product\/yoast-seo-premium-wordpress\/ -->\n<title>\u00abHistoire de Melody Nelson\u00bb: chef-d\u2019\u0153uvre musical et litt\u00e9raire<\/title>\n<meta name=\"robots\" content=\"index, follow, max-snippet:-1, max-image-preview:large, max-video-preview:-1\" \/>\n<link rel=\"canonical\" href=\"https:\/\/leregardlibre.com\/en\/music\/histoire-de-melody-nelson-chef-doeuvre-musical-et-litteraire\/\" \/>\n<meta property=\"og:locale\" content=\"en_US\" \/>\n<meta property=\"og:type\" content=\"article\" \/>\n<meta property=\"og:title\" content=\"\u00abHistoire de Melody Nelson\u00bb: chef-d\u2019\u0153uvre musical et litt\u00e9raire\" \/>\n<meta property=\"og:description\" content=\"ARTICLE LONG FORMAT, Ivan Garcia | Avec son premier album-concept &quot;Histoire de Melody Nelson&quot;, Serge Gainsbourg troque le chant pour une narration myst\u00e9rieuse et po\u00e9tique sur fond de musique rock. Un album mystique et mythique qui propulse une idylle amoureuse au rang de chef-d\u2019\u0153uvre musical et litt\u00e9raire.\" \/>\n<meta property=\"og:url\" content=\"https:\/\/leregardlibre.com\/en\/music\/histoire-de-melody-nelson-chef-doeuvre-musical-et-litteraire\/\" \/>\n<meta property=\"og:site_name\" content=\"Le Regard Libre\" \/>\n<meta property=\"article:publisher\" content=\"https:\/\/www.facebook.com\/leregardlibre\/\" \/>\n<meta property=\"article:published_time\" content=\"2020-03-24T17:45:31+00:00\" \/>\n<meta property=\"article:modified_time\" content=\"2025-11-12T18:16:11+00:00\" \/>\n<meta property=\"og:image\" content=\"https:\/\/leregardlibre.com\/wp-content\/uploads\/2020\/03\/Serge_Gainsbourg_par_Claude_Truong-Ngoc_1981-scaled.jpg\" \/>\n\t<meta property=\"og:image:width\" content=\"2560\" \/>\n\t<meta property=\"og:image:height\" content=\"1667\" \/>\n\t<meta property=\"og:image:type\" content=\"image\/jpeg\" \/>\n<meta name=\"author\" content=\"Ivan Garcia\" \/>\n<meta name=\"twitter:card\" content=\"summary_large_image\" \/>\n<meta name=\"twitter:creator\" content=\"@LeRegardLibre\" \/>\n<meta name=\"twitter:site\" content=\"@LeRegardLibre\" \/>\n<meta name=\"twitter:label1\" content=\"Written by\" \/>\n\t<meta name=\"twitter:data1\" content=\"Ivan Garcia\" \/>\n\t<meta name=\"twitter:label2\" content=\"Est. reading time\" \/>\n\t<meta name=\"twitter:data2\" content=\"9 minutes\" \/>\n<script type=\"application\/ld+json\" class=\"yoast-schema-graph\">{\"@context\":\"https:\\\/\\\/schema.org\",\"@graph\":[{\"@type\":\"Article\",\"@id\":\"https:\\\/\\\/leregardlibre.com\\\/musique\\\/histoire-de-melody-nelson-chef-doeuvre-musical-et-litteraire\\\/#article\",\"isPartOf\":{\"@id\":\"https:\\\/\\\/leregardlibre.com\\\/musique\\\/histoire-de-melody-nelson-chef-doeuvre-musical-et-litteraire\\\/\"},\"author\":{\"name\":\"Ivan Garcia\",\"@id\":\"https:\\\/\\\/leregardlibre.com\\\/#\\\/schema\\\/person\\\/d80dd0028be8739b0c3bed60e131e94a\"},\"headline\":\"\u00abHistoire de Melody Nelson\u00bb: chef-d\u2019\u0153uvre musical et litt\u00e9raire\",\"datePublished\":\"2020-03-24T17:45:31+00:00\",\"dateModified\":\"2025-11-12T18:16:11+00:00\",\"mainEntityOfPage\":{\"@id\":\"https:\\\/\\\/leregardlibre.com\\\/musique\\\/histoire-de-melody-nelson-chef-doeuvre-musical-et-litteraire\\\/\"},\"wordCount\":1865,\"commentCount\":0,\"publisher\":{\"@id\":\"https:\\\/\\\/leregardlibre.com\\\/#organization\"},\"image\":{\"@id\":\"https:\\\/\\\/leregardlibre.com\\\/musique\\\/histoire-de-melody-nelson-chef-doeuvre-musical-et-litteraire\\\/#primaryimage\"},\"thumbnailUrl\":\"https:\\\/\\\/leregardlibre.com\\\/wp-content\\\/uploads\\\/2020\\\/03\\\/Serge_Gainsbourg_par_Claude_Truong-Ngoc_1981-scaled.jpg\",\"keywords\":[\"Albums-concept\",\"all\u00e9gorie\",\"ann\u00e9es 70\",\"ballade de melody nelson\",\"cargo culte\",\"Chanson\",\"Chanson fran\u00e7aise\",\"chiffre 7\",\"en melody\",\"histoire de melody nelson\",\"jane birkin\",\"jean-michel vianner\",\"jos\u00e9 maria de heredia\",\"les troph\u00e9es\",\"lolita\",\"melody nelson\",\"mineure\",\"musique fran\u00e7aise\",\"narrateur\",\"po\u00e8te-narrateur\",\"Rock anglo-saxon\",\"Rock fran\u00e7ais\",\"sept\",\"Serge Gainsbourg\",\"seventies\"],\"articleSection\":[\"Musique\"],\"inLanguage\":\"en-US\",\"potentialAction\":[{\"@type\":\"CommentAction\",\"name\":\"Comment\",\"target\":[\"https:\\\/\\\/leregardlibre.com\\\/musique\\\/histoire-de-melody-nelson-chef-doeuvre-musical-et-litteraire\\\/#respond\"]}]},{\"@type\":\"WebPage\",\"@id\":\"https:\\\/\\\/leregardlibre.com\\\/musique\\\/histoire-de-melody-nelson-chef-doeuvre-musical-et-litteraire\\\/\",\"url\":\"https:\\\/\\\/leregardlibre.com\\\/musique\\\/histoire-de-melody-nelson-chef-doeuvre-musical-et-litteraire\\\/\",\"name\":\"\u00abHistoire de Melody Nelson\u00bb: chef-d\u2019\u0153uvre musical et litt\u00e9raire\",\"isPartOf\":{\"@id\":\"https:\\\/\\\/leregardlibre.com\\\/#website\"},\"primaryImageOfPage\":{\"@id\":\"https:\\\/\\\/leregardlibre.com\\\/musique\\\/histoire-de-melody-nelson-chef-doeuvre-musical-et-litteraire\\\/#primaryimage\"},\"image\":{\"@id\":\"https:\\\/\\\/leregardlibre.com\\\/musique\\\/histoire-de-melody-nelson-chef-doeuvre-musical-et-litteraire\\\/#primaryimage\"},\"thumbnailUrl\":\"https:\\\/\\\/leregardlibre.com\\\/wp-content\\\/uploads\\\/2020\\\/03\\\/Serge_Gainsbourg_par_Claude_Truong-Ngoc_1981-scaled.jpg\",\"datePublished\":\"2020-03-24T17:45:31+00:00\",\"dateModified\":\"2025-11-12T18:16:11+00:00\",\"breadcrumb\":{\"@id\":\"https:\\\/\\\/leregardlibre.com\\\/musique\\\/histoire-de-melody-nelson-chef-doeuvre-musical-et-litteraire\\\/#breadcrumb\"},\"inLanguage\":\"en-US\",\"potentialAction\":[{\"@type\":\"ReadAction\",\"target\":[\"https:\\\/\\\/leregardlibre.com\\\/musique\\\/histoire-de-melody-nelson-chef-doeuvre-musical-et-litteraire\\\/\"]}]},{\"@type\":\"ImageObject\",\"inLanguage\":\"en-US\",\"@id\":\"https:\\\/\\\/leregardlibre.com\\\/musique\\\/histoire-de-melody-nelson-chef-doeuvre-musical-et-litteraire\\\/#primaryimage\",\"url\":\"https:\\\/\\\/leregardlibre.com\\\/wp-content\\\/uploads\\\/2020\\\/03\\\/Serge_Gainsbourg_par_Claude_Truong-Ngoc_1981-scaled.jpg\",\"contentUrl\":\"https:\\\/\\\/leregardlibre.com\\\/wp-content\\\/uploads\\\/2020\\\/03\\\/Serge_Gainsbourg_par_Claude_Truong-Ngoc_1981-scaled.jpg\",\"width\":2560,\"height\":1667},{\"@type\":\"BreadcrumbList\",\"@id\":\"https:\\\/\\\/leregardlibre.com\\\/musique\\\/histoire-de-melody-nelson-chef-doeuvre-musical-et-litteraire\\\/#breadcrumb\",\"itemListElement\":[{\"@type\":\"ListItem\",\"position\":1,\"name\":\"Accueil\",\"item\":\"https:\\\/\\\/leregardlibre.com\\\/\"},{\"@type\":\"ListItem\",\"position\":2,\"name\":\"\u00abHistoire de Melody Nelson\u00bb: chef-d\u2019\u0153uvre musical et litt\u00e9raire\"}]},{\"@type\":\"WebSite\",\"@id\":\"https:\\\/\\\/leregardlibre.com\\\/#website\",\"url\":\"https:\\\/\\\/leregardlibre.com\\\/\",\"name\":\"Le Regard Libre\",\"description\":\"Premier mensuel suisse de d\u00e9bat\",\"publisher\":{\"@id\":\"https:\\\/\\\/leregardlibre.com\\\/#organization\"},\"potentialAction\":[{\"@type\":\"SearchAction\",\"target\":{\"@type\":\"EntryPoint\",\"urlTemplate\":\"https:\\\/\\\/leregardlibre.com\\\/?s={search_term_string}\"},\"query-input\":{\"@type\":\"PropertyValueSpecification\",\"valueRequired\":true,\"valueName\":\"search_term_string\"}}],\"inLanguage\":\"en-US\"},{\"@type\":\"Organization\",\"@id\":\"https:\\\/\\\/leregardlibre.com\\\/#organization\",\"name\":\"Le Regard Libre\",\"url\":\"https:\\\/\\\/leregardlibre.com\\\/\",\"logo\":{\"@type\":\"ImageObject\",\"inLanguage\":\"en-US\",\"@id\":\"https:\\\/\\\/leregardlibre.com\\\/#\\\/schema\\\/logo\\\/image\\\/\",\"url\":\"https:\\\/\\\/leregardlibre.com\\\/wp-content\\\/uploads\\\/2025\\\/08\\\/logo-rl-icone-neg.jpeg\",\"contentUrl\":\"https:\\\/\\\/leregardlibre.com\\\/wp-content\\\/uploads\\\/2025\\\/08\\\/logo-rl-icone-neg.jpeg\",\"width\":557,\"height\":556,\"caption\":\"Le Regard Libre\"},\"image\":{\"@id\":\"https:\\\/\\\/leregardlibre.com\\\/#\\\/schema\\\/logo\\\/image\\\/\"},\"sameAs\":[\"https:\\\/\\\/www.facebook.com\\\/leregardlibre\\\/\",\"https:\\\/\\\/x.com\\\/LeRegardLibre\",\"https:\\\/\\\/www.linkedin.com\\\/company\\\/le-regard-libre\",\"https:\\\/\\\/www.instagram.com\\\/leregardlibre\\\/\",\"http:\\\/\\\/t.me\\\/leregardlibre\",\"https:\\\/\\\/youtube.com\\\/channel\\\/UC6HzGPomj1LsUmlz-sJtITQ\"],\"description\":\"Le Regard Libre est un mensuel suisse de d\u00e9bat intellectuel et culturel. Sa r\u00e9daction est jeune, b\u00e9n\u00e9vole, lib\u00e9rale et pluraliste. Le magazine para\u00eet en ligne et sous forme papier. Sa langue est le fran\u00e7ais.\",\"email\":\"redaction@leregardlibre.com\",\"legalName\":\"Le Regard Libre\",\"foundingDate\":\"2014-01-01\",\"numberOfEmployees\":{\"@type\":\"QuantitativeValue\",\"minValue\":\"11\",\"maxValue\":\"50\"},\"publishingPrinciples\":\"https:\\\/\\\/leregardlibre.com\\\/a-propos\\\/notre-manifeste\\\/\",\"ownershipFundingInfo\":\"https:\\\/\\\/leregardlibre.com\\\/mentions-legales\\\/\",\"actionableFeedbackPolicy\":\"https:\\\/\\\/leregardlibre.com\\\/conditions-generales-de-vente\\\/\"},{\"@type\":\"Person\",\"@id\":\"https:\\\/\\\/leregardlibre.com\\\/#\\\/schema\\\/person\\\/d80dd0028be8739b0c3bed60e131e94a\",\"name\":\"Ivan Garcia\",\"image\":{\"@type\":\"ImageObject\",\"inLanguage\":\"en-US\",\"@id\":\"https:\\\/\\\/secure.gravatar.com\\\/avatar\\\/8d1951260e83d4b801d564ae27e751dece8ced40a4256105c3a960ddb6c32ee8?s=96&d=identicon&r=g\",\"url\":\"https:\\\/\\\/secure.gravatar.com\\\/avatar\\\/8d1951260e83d4b801d564ae27e751dece8ced40a4256105c3a960ddb6c32ee8?s=96&d=identicon&r=g\",\"contentUrl\":\"https:\\\/\\\/secure.gravatar.com\\\/avatar\\\/8d1951260e83d4b801d564ae27e751dece8ced40a4256105c3a960ddb6c32ee8?s=96&d=identicon&r=g\",\"caption\":\"Ivan Garcia\"},\"description\":\"Editeur Web au journal Le Temps et stagiaire en enseignement, Ivan Garcia est le responsable de la rubrique Litt\u00e9rature du Regard Libre, o\u00f9 il \u00e9crit r\u00e9guli\u00e8rement.\",\"sameAs\":[\"https:\\\/\\\/leregardlibre.com\\\/\",\"https:\\\/\\\/fr.wikipedia.org\\\/wiki\\\/Le_Regard_libre\"],\"url\":\"https:\\\/\\\/leregardlibre.com\\\/en\\\/author\\\/ivan-garcia-ig89\\\/\"}]}<\/script>\n<!-- \/ Yoast SEO Premium plugin. -->","yoast_head_json":{"title":"\u00abThe Melody Nelson Story: a musical and literary masterpiece","robots":{"index":"index","follow":"follow","max-snippet":"max-snippet:-1","max-image-preview":"max-image-preview:large","max-video-preview":"max-video-preview:-1"},"canonical":"https:\/\/leregardlibre.com\/en\/music\/histoire-de-melody-nelson-chef-doeuvre-musical-et-litteraire\/","og_locale":"en_US","og_type":"article","og_title":"\u00abHistoire de Melody Nelson\u00bb: chef-d\u2019\u0153uvre musical et litt\u00e9raire","og_description":"ARTICLE LONG FORMAT, Ivan Garcia | Avec son premier album-concept \"Histoire de Melody Nelson\", Serge Gainsbourg troque le chant pour une narration myst\u00e9rieuse et po\u00e9tique sur fond de musique rock. Un album mystique et mythique qui propulse une idylle amoureuse au rang de chef-d\u2019\u0153uvre musical et litt\u00e9raire.","og_url":"https:\/\/leregardlibre.com\/en\/music\/histoire-de-melody-nelson-chef-doeuvre-musical-et-litteraire\/","og_site_name":"Le Regard Libre","article_publisher":"https:\/\/www.facebook.com\/leregardlibre\/","article_published_time":"2020-03-24T17:45:31+00:00","article_modified_time":"2025-11-12T18:16:11+00:00","og_image":[{"width":2560,"height":1667,"url":"https:\/\/leregardlibre.com\/wp-content\/uploads\/2020\/03\/Serge_Gainsbourg_par_Claude_Truong-Ngoc_1981-scaled.jpg","type":"image\/jpeg"}],"author":"Ivan Garcia","twitter_card":"summary_large_image","twitter_creator":"@LeRegardLibre","twitter_site":"@LeRegardLibre","twitter_misc":{"Written by":"Ivan Garcia","Est. reading time":"9 minutes"},"schema":{"@context":"https:\/\/schema.org","@graph":[{"@type":"Article","@id":"https:\/\/leregardlibre.com\/musique\/histoire-de-melody-nelson-chef-doeuvre-musical-et-litteraire\/#article","isPartOf":{"@id":"https:\/\/leregardlibre.com\/musique\/histoire-de-melody-nelson-chef-doeuvre-musical-et-litteraire\/"},"author":{"name":"Ivan Garcia","@id":"https:\/\/leregardlibre.com\/#\/schema\/person\/d80dd0028be8739b0c3bed60e131e94a"},"headline":"\u00abHistoire de Melody Nelson\u00bb: chef-d\u2019\u0153uvre musical et litt\u00e9raire","datePublished":"2020-03-24T17:45:31+00:00","dateModified":"2025-11-12T18:16:11+00:00","mainEntityOfPage":{"@id":"https:\/\/leregardlibre.com\/musique\/histoire-de-melody-nelson-chef-doeuvre-musical-et-litteraire\/"},"wordCount":1865,"commentCount":0,"publisher":{"@id":"https:\/\/leregardlibre.com\/#organization"},"image":{"@id":"https:\/\/leregardlibre.com\/musique\/histoire-de-melody-nelson-chef-doeuvre-musical-et-litteraire\/#primaryimage"},"thumbnailUrl":"https:\/\/leregardlibre.com\/wp-content\/uploads\/2020\/03\/Serge_Gainsbourg_par_Claude_Truong-Ngoc_1981-scaled.jpg","keywords":["Albums-concept","all\u00e9gorie","ann\u00e9es 70","ballade de melody nelson","cargo culte","Chanson","Chanson fran\u00e7aise","chiffre 7","en melody","histoire de melody nelson","jane birkin","jean-michel vianner","jos\u00e9 maria de heredia","les troph\u00e9es","lolita","melody nelson","mineure","musique fran\u00e7aise","narrateur","po\u00e8te-narrateur","Rock anglo-saxon","Rock fran\u00e7ais","sept","Serge Gainsbourg","seventies"],"articleSection":["Musique"],"inLanguage":"en-US","potentialAction":[{"@type":"CommentAction","name":"Comment","target":["https:\/\/leregardlibre.com\/musique\/histoire-de-melody-nelson-chef-doeuvre-musical-et-litteraire\/#respond"]}]},{"@type":"WebPage","@id":"https:\/\/leregardlibre.com\/musique\/histoire-de-melody-nelson-chef-doeuvre-musical-et-litteraire\/","url":"https:\/\/leregardlibre.com\/musique\/histoire-de-melody-nelson-chef-doeuvre-musical-et-litteraire\/","name":"\u00abThe Melody Nelson Story: a musical and literary masterpiece","isPartOf":{"@id":"https:\/\/leregardlibre.com\/#website"},"primaryImageOfPage":{"@id":"https:\/\/leregardlibre.com\/musique\/histoire-de-melody-nelson-chef-doeuvre-musical-et-litteraire\/#primaryimage"},"image":{"@id":"https:\/\/leregardlibre.com\/musique\/histoire-de-melody-nelson-chef-doeuvre-musical-et-litteraire\/#primaryimage"},"thumbnailUrl":"https:\/\/leregardlibre.com\/wp-content\/uploads\/2020\/03\/Serge_Gainsbourg_par_Claude_Truong-Ngoc_1981-scaled.jpg","datePublished":"2020-03-24T17:45:31+00:00","dateModified":"2025-11-12T18:16:11+00:00","breadcrumb":{"@id":"https:\/\/leregardlibre.com\/musique\/histoire-de-melody-nelson-chef-doeuvre-musical-et-litteraire\/#breadcrumb"},"inLanguage":"en-US","potentialAction":[{"@type":"ReadAction","target":["https:\/\/leregardlibre.com\/musique\/histoire-de-melody-nelson-chef-doeuvre-musical-et-litteraire\/"]}]},{"@type":"ImageObject","inLanguage":"en-US","@id":"https:\/\/leregardlibre.com\/musique\/histoire-de-melody-nelson-chef-doeuvre-musical-et-litteraire\/#primaryimage","url":"https:\/\/leregardlibre.com\/wp-content\/uploads\/2020\/03\/Serge_Gainsbourg_par_Claude_Truong-Ngoc_1981-scaled.jpg","contentUrl":"https:\/\/leregardlibre.com\/wp-content\/uploads\/2020\/03\/Serge_Gainsbourg_par_Claude_Truong-Ngoc_1981-scaled.jpg","width":2560,"height":1667},{"@type":"BreadcrumbList","@id":"https:\/\/leregardlibre.com\/musique\/histoire-de-melody-nelson-chef-doeuvre-musical-et-litteraire\/#breadcrumb","itemListElement":[{"@type":"ListItem","position":1,"name":"Accueil","item":"https:\/\/leregardlibre.com\/"},{"@type":"ListItem","position":2,"name":"\u00abHistoire de Melody Nelson\u00bb: chef-d\u2019\u0153uvre musical et litt\u00e9raire"}]},{"@type":"WebSite","@id":"https:\/\/leregardlibre.com\/#website","url":"https:\/\/leregardlibre.com\/","name":"Le Regard Libre","description":"Switzerland's first monthly debate magazine","publisher":{"@id":"https:\/\/leregardlibre.com\/#organization"},"potentialAction":[{"@type":"SearchAction","target":{"@type":"EntryPoint","urlTemplate":"https:\/\/leregardlibre.com\/?s={search_term_string}"},"query-input":{"@type":"PropertyValueSpecification","valueRequired":true,"valueName":"search_term_string"}}],"inLanguage":"en-US"},{"@type":"Organization","@id":"https:\/\/leregardlibre.com\/#organization","name":"Le Regard Libre","url":"https:\/\/leregardlibre.com\/","logo":{"@type":"ImageObject","inLanguage":"en-US","@id":"https:\/\/leregardlibre.com\/#\/schema\/logo\/image\/","url":"https:\/\/leregardlibre.com\/wp-content\/uploads\/2025\/08\/logo-rl-icone-neg.jpeg","contentUrl":"https:\/\/leregardlibre.com\/wp-content\/uploads\/2025\/08\/logo-rl-icone-neg.jpeg","width":557,"height":556,"caption":"Le Regard Libre"},"image":{"@id":"https:\/\/leregardlibre.com\/#\/schema\/logo\/image\/"},"sameAs":["https:\/\/www.facebook.com\/leregardlibre\/","https:\/\/x.com\/LeRegardLibre","https:\/\/www.linkedin.com\/company\/le-regard-libre","https:\/\/www.instagram.com\/leregardlibre\/","http:\/\/t.me\/leregardlibre","https:\/\/youtube.com\/channel\/UC6HzGPomj1LsUmlz-sJtITQ"],"description":"Le Regard Libre is a Swiss monthly magazine for intellectual and cultural debate. Its editorial team is young, voluntary, liberal and pluralist. The magazine appears online and in print. Its language is French.","email":"redaction@leregardlibre.com","legalName":"Le Regard Libre","foundingDate":"2014-01-01","numberOfEmployees":{"@type":"QuantitativeValue","minValue":"11","maxValue":"50"},"publishingPrinciples":"https:\/\/leregardlibre.com\/a-propos\/notre-manifeste\/","ownershipFundingInfo":"https:\/\/leregardlibre.com\/mentions-legales\/","actionableFeedbackPolicy":"https:\/\/leregardlibre.com\/conditions-generales-de-vente\/"},{"@type":"Person","@id":"https:\/\/leregardlibre.com\/#\/schema\/person\/d80dd0028be8739b0c3bed60e131e94a","name":"Ivan Garcia","image":{"@type":"ImageObject","inLanguage":"en-US","@id":"https:\/\/secure.gravatar.com\/avatar\/8d1951260e83d4b801d564ae27e751dece8ced40a4256105c3a960ddb6c32ee8?s=96&d=identicon&r=g","url":"https:\/\/secure.gravatar.com\/avatar\/8d1951260e83d4b801d564ae27e751dece8ced40a4256105c3a960ddb6c32ee8?s=96&d=identicon&r=g","contentUrl":"https:\/\/secure.gravatar.com\/avatar\/8d1951260e83d4b801d564ae27e751dece8ced40a4256105c3a960ddb6c32ee8?s=96&d=identicon&r=g","caption":"Ivan Garcia"},"description":"Web editor at Le Temps newspaper and teaching trainee, Ivan Garcia is in charge of the Literature section at Regard Libre, where he writes regularly.","sameAs":["https:\/\/leregardlibre.com\/","https:\/\/fr.wikipedia.org\/wiki\/Le_Regard_libre"],"url":"https:\/\/leregardlibre.com\/en\/author\/ivan-garcia-ig89\/"}]}},"_links":{"self":[{"href":"https:\/\/leregardlibre.com\/en\/wp-json\/wp\/v2\/posts\/32281","targetHints":{"allow":["GET"]}}],"collection":[{"href":"https:\/\/leregardlibre.com\/en\/wp-json\/wp\/v2\/posts"}],"about":[{"href":"https:\/\/leregardlibre.com\/en\/wp-json\/wp\/v2\/types\/post"}],"author":[{"embeddable":true,"href":"https:\/\/leregardlibre.com\/en\/wp-json\/wp\/v2\/users\/53"}],"replies":[{"embeddable":true,"href":"https:\/\/leregardlibre.com\/en\/wp-json\/wp\/v2\/comments?post=32281"}],"version-history":[{"count":1,"href":"https:\/\/leregardlibre.com\/en\/wp-json\/wp\/v2\/posts\/32281\/revisions"}],"predecessor-version":[{"id":511675,"href":"https:\/\/leregardlibre.com\/en\/wp-json\/wp\/v2\/posts\/32281\/revisions\/511675"}],"wp:featuredmedia":[{"embeddable":true,"href":"https:\/\/leregardlibre.com\/en\/wp-json\/wp\/v2\/media\/32286"}],"wp:attachment":[{"href":"https:\/\/leregardlibre.com\/en\/wp-json\/wp\/v2\/media?parent=32281"}],"wp:term":[{"taxonomy":"category","embeddable":true,"href":"https:\/\/leregardlibre.com\/en\/wp-json\/wp\/v2\/categories?post=32281"},{"taxonomy":"post_tag","embeddable":true,"href":"https:\/\/leregardlibre.com\/en\/wp-json\/wp\/v2\/tags?post=32281"}],"curies":[{"name":"wp","href":"https:\/\/api.w.org\/{rel}","templated":true}]}}