{"id":32416,"date":"2020-03-25T22:28:01","date_gmt":"2020-03-25T21:28:01","guid":{"rendered":"https:\/\/leregardlibre.com\/?p=32416"},"modified":"2026-03-15T10:44:24","modified_gmt":"2026-03-15T09:44:24","slug":"the-vacation-jerk-for-the-people","status":"publish","type":"post","link":"https:\/\/leregardlibre.com\/en\/cinema\/films\/the-vacation-jerk-for-the-people\/","title":{"rendered":"\u00abLe Corniaud\u00bb: a vacation for the people"},"content":{"rendered":"<p><em>Cinema Wednesdays - Special edition:&nbsp;<a href=\"https:\/\/leregardlibre.com\/en\/cinema\/le-coronarire-with-louis-de-funes\/\">The coronary with Louis de Fun\u00e8s<\/a>&nbsp;- Loris S. Musumeci<\/em><\/p>\n\n\n\n<blockquote class=\"wp-block-quote is-layout-flow wp-block-quote-is-layout-flow\"><p>\u00abWhat I like about you is your simplicity.\u00bb<\/p><\/blockquote>\n\n\n\n<p class=\"has-drop-cap\">My favorite film with de Fun\u00e8s. One of my favorite films altogether. I didn't know what I liked so much about this comedy. What moved me. De Fun\u00e8s and Bourvil? Yes, they're fantastic. The crossing of the Italian peninsula and its wonders? Yes, it's beautiful. The plot? Simple and catchy. The music? Sublime beyond words.<\/p>\n\n\n\n<!--more Lire la suite de la r\u00e9trospective-->\n\n\n\n<p>Now I can see a little more clearly. Film analysis doesn't take anything away from films, nor does it add anything to them. But it is their continuity. And it translates them to see how they speak to us, revolt us, delight us or move us. By analyzing <em>Le Corniaud<\/em>, I understood why I loved him so much. And even if I did, I'm no less moved by this delicate, authentic work.<\/p>\n\n\n\n<figure class=\"wp-block-image size-large\"><img fetchpriority=\"high\" decoding=\"async\" width=\"1852\" height=\"2560\" src=\"http:\/\/leregardlibre.com\/wp-content\/uploads\/2020\/03\/Le-Corniaud-5-\u00a9-Tamasa-scaled.jpg\" alt=\"\" class=\"wp-image-32423\" srcset=\"https:\/\/leregardlibre.com\/wp-content\/uploads\/2020\/03\/Le-Corniaud-5-\u00a9-Tamasa-scaled.jpg 1852w, https:\/\/leregardlibre.com\/wp-content\/uploads\/2020\/03\/Le-Corniaud-5-\u00a9-Tamasa-scaled-1170x1617.jpg 1170w, https:\/\/leregardlibre.com\/wp-content\/uploads\/2020\/03\/Le-Corniaud-5-\u00a9-Tamasa-scaled-585x809.jpg 585w, https:\/\/leregardlibre.com\/wp-content\/uploads\/2020\/03\/Le-Corniaud-5-\u00a9-Tamasa-109x150.jpg 109w, https:\/\/leregardlibre.com\/wp-content\/uploads\/2020\/03\/Le-Corniaud-5-\u00a9-Tamasa-217x300.jpg 217w, https:\/\/leregardlibre.com\/wp-content\/uploads\/2020\/03\/Le-Corniaud-5-\u00a9-Tamasa-768x1061.jpg 768w, https:\/\/leregardlibre.com\/wp-content\/uploads\/2020\/03\/Le-Corniaud-5-\u00a9-Tamasa-741x1024.jpg 741w, https:\/\/leregardlibre.com\/wp-content\/uploads\/2020\/03\/Le-Corniaud-5-\u00a9-Tamasa-1111x1536.jpg 1111w, https:\/\/leregardlibre.com\/wp-content\/uploads\/2020\/03\/Le-Corniaud-5-\u00a9-Tamasa-1482x2048.jpg 1482w, https:\/\/leregardlibre.com\/wp-content\/uploads\/2020\/03\/Le-Corniaud-5-\u00a9-Tamasa-scaled-300x415.jpg 300w, https:\/\/leregardlibre.com\/wp-content\/uploads\/2020\/03\/Le-Corniaud-5-\u00a9-Tamasa-scaled-600x829.jpg 600w\" sizes=\"(max-width: 1852px) 100vw, 1852px\" \/><\/figure>\n\n\n\n<h3 class=\"wp-block-heading\">Oury, a popular director<\/h3>\n\n\n\n<p>G\u00e9rard Oury is once again at the helm. A comedy director with an infinitely sensitive and gentle eye. Popular director. But what does \u00abpopular director\u00bb mean? One who makes films for the people, yes. But I know others who pride themselves on making films for the people - whom they despise - and who only see their audience as an opportunity to cash in and, if necessary, to dumb them down. <em>Panem et circenses<\/em>, isn't it? Fucking and blood, eh?<\/p>\n\n\n\n<p>A popular director is one who makes films for the people, but with the people in mind, their desires, their pleasures, their dreams, what makes them truly happy. The popular director offers a gift to the people. <em>Le Corniaud<\/em> is a gift of comedy offered to the people in 1965. A gift which, in fact, contains several gifts of its own.<\/p>\n\n\n\n<h3 class=\"wp-block-heading\">Bourvil, de Fun\u00e8s, music, dance and cinema<\/h3>\n\n\n\n<p>The first gift is the reunion of Louis de Fun\u00e8s and Bourvil. Together, they're unbeatable. But they haven't played much together. They're not Laurel and Hardy. Nevertheless, as early as 1965, on the set of <em>Corniaud<\/em>, they became very close. Friends mad with tenderness for each other. Accomplices. Companions. The budding friendship was immediately apparent on screen. It only lasted five years; Bourvil died in 1970. Nevertheless, with <em><a href=\"https:\/\/leregardlibre.com\/en\/cinema\/terror-becomes-comedy-with-la-grande-vadrouille\/\">La Grande Vadrouille<\/a><\/em> (1966), Oury gave us this genial couple. And they gave us their friendship beyond the screen.<\/p>\n\n\n\n<figure class=\"wp-block-embed-youtube wp-block-embed is-type-video is-provider-youtube wp-embed-aspect-4-3 wp-has-aspect-ratio\"><div class=\"wp-block-embed__wrapper\">\n<iframe title=\"Le D\u00e9part de Naples [From le Corniaud] - Georges Delerue\" width=\"1000\" height=\"750\" src=\"https:\/\/www.youtube.com\/embed\/5O0s1X0RgBw?feature=oembed\" frameborder=\"0\" allow=\"accelerometer; autoplay; clipboard-write; encrypted-media; gyroscope; picture-in-picture; web-share\" referrerpolicy=\"strict-origin-when-cross-origin\" allowfullscreen><\/iframe>\n<\/div><\/figure>\n\n\n\n<p>The second gift is the original music by Georges Delerue, with the track <em>Leaving Naples<\/em>. A soft melody to caress; a fragrant melody of seawater. Light. Serene. I don't have the words. But to listen to this piece is to find yourself in the arms of the woman you love, in a <em>road trip<\/em> sweet and rich in adventure, facing the setting sun. This melody is vacation for the hard-working. Relaxation in wonder. Encounters. Friendships. The joy of a jerk, not so jerkish. A happy mutt.<\/p>\n\n\n\n<p>The third gift is the work of cinema itself. Pleasant, meticulous photography. A simple but intelligent - and effective - script. Dancing. Just the right amount of action. Chases, just the way we like them. Comic games with language, as Oury, de Fun\u00e8s and Bourvil are wont to do. And two great moments of seventh-art anthology: the scene in which de Fun\u00e8s, in true Chaplin style to which he pays majestic homage, repairs the Cadillac at a Roman garage in the middle of the night, with precise spontaneous steps and playful gestures. Or the scene of the muscle game in the shower at a campsite: the handsome bodybuilder shakes all the muscles in his body as if he were raising his arm; Louis de Fun\u00e8s' character wants to imitate him, but the result is, how can I put it... different.<\/p>\n\n\n\n<figure class=\"wp-block-image size-large\"><img decoding=\"async\" width=\"2560\" height=\"1085\" src=\"http:\/\/leregardlibre.com\/wp-content\/uploads\/2020\/03\/Le-Corniaud-3-\u00a9-Tamasa-scaled.jpg\" alt=\"\" class=\"wp-image-32419\" srcset=\"https:\/\/leregardlibre.com\/wp-content\/uploads\/2020\/03\/Le-Corniaud-3-\u00a9-Tamasa-scaled.jpg 2560w, https:\/\/leregardlibre.com\/wp-content\/uploads\/2020\/03\/Le-Corniaud-3-\u00a9-Tamasa-scaled-1920x814.jpg 1920w, https:\/\/leregardlibre.com\/wp-content\/uploads\/2020\/03\/Le-Corniaud-3-\u00a9-Tamasa-scaled-1170x496.jpg 1170w, https:\/\/leregardlibre.com\/wp-content\/uploads\/2020\/03\/Le-Corniaud-3-\u00a9-Tamasa-scaled-585x248.jpg 585w, https:\/\/leregardlibre.com\/wp-content\/uploads\/2020\/03\/Le-Corniaud-3-\u00a9-Tamasa-150x64.jpg 150w, https:\/\/leregardlibre.com\/wp-content\/uploads\/2020\/03\/Le-Corniaud-3-\u00a9-Tamasa-scaled-300x127.jpg 300w, https:\/\/leregardlibre.com\/wp-content\/uploads\/2020\/03\/Le-Corniaud-3-\u00a9-Tamasa-768x325.jpg 768w, https:\/\/leregardlibre.com\/wp-content\/uploads\/2020\/03\/Le-Corniaud-3-\u00a9-Tamasa-1024x434.jpg 1024w, https:\/\/leregardlibre.com\/wp-content\/uploads\/2020\/03\/Le-Corniaud-3-\u00a9-Tamasa-1536x651.jpg 1536w, https:\/\/leregardlibre.com\/wp-content\/uploads\/2020\/03\/Le-Corniaud-3-\u00a9-Tamasa-2048x868.jpg 2048w, https:\/\/leregardlibre.com\/wp-content\/uploads\/2020\/03\/Le-Corniaud-3-\u00a9-Tamasa-scaled-600x254.jpg 600w\" sizes=\"(max-width: 2560px) 100vw, 2560px\" \/><\/figure>\n\n\n\n<h3 class=\"wp-block-heading\">A vacation for the people<\/h3>\n\n\n\n<p>The fourth and final gift is the vacations. The most beautiful gift, the strongest, the warmest, the truest. <em>Le Corniaud<\/em> offers a vacation to the people, and not just any vacation, but a dream vacation, filming the most graceful Italian landscapes. Those landscapes that do the heart good. Bourvil's character, a little man of the people, gets a two-week Cadillac ride from Naples to Bordeaux, with 500,000 lire to cover expenses.<\/p>\n\n\n\n<p>And it's all the people behind him who also receive these vacations as a gift. The sons of workers in the 1960s saw the wonders of Italy with Bourvil. Middle-class families traveled in Cadillacs with him. They met young lovers with him. They slept in luxury hotels with him. They were happy with him. They enjoyed the gift, but for two hours rather than two weeks. No matter; it's only the rich who always have something to complain about. Simple people traveled to Italy for two hours with Oury, Bourvil and de Fun\u00e8s. They came away with their eyes filled with light. My family and friends - in short, those I love - were with them, in front of the TV set. That's what moves me. That's why I love <em>Le Corniaud<\/em>.<\/p>\n\n\n\n<blockquote class=\"wp-block-quote is-layout-flow wp-block-quote-is-layout-flow\"><p>\u00abOh Rome, Rome... You and me here is improbable. It's amazing how good I feel.\u00bb&nbsp;<\/p><\/blockquote>\n\n\n\n<figure class=\"wp-block-image size-large\"><img decoding=\"async\" width=\"2560\" height=\"1084\" src=\"http:\/\/leregardlibre.com\/wp-content\/uploads\/2020\/03\/Le-Corniaud-4-\u00a9-Tamasa-scaled.jpg\" alt=\"\" class=\"wp-image-32420\" srcset=\"https:\/\/leregardlibre.com\/wp-content\/uploads\/2020\/03\/Le-Corniaud-4-\u00a9-Tamasa-scaled.jpg 2560w, https:\/\/leregardlibre.com\/wp-content\/uploads\/2020\/03\/Le-Corniaud-4-\u00a9-Tamasa-scaled-1920x813.jpg 1920w, https:\/\/leregardlibre.com\/wp-content\/uploads\/2020\/03\/Le-Corniaud-4-\u00a9-Tamasa-scaled-1170x495.jpg 1170w, https:\/\/leregardlibre.com\/wp-content\/uploads\/2020\/03\/Le-Corniaud-4-\u00a9-Tamasa-scaled-585x248.jpg 585w, https:\/\/leregardlibre.com\/wp-content\/uploads\/2020\/03\/Le-Corniaud-4-\u00a9-Tamasa-150x64.jpg 150w, https:\/\/leregardlibre.com\/wp-content\/uploads\/2020\/03\/Le-Corniaud-4-\u00a9-Tamasa-scaled-300x127.jpg 300w, https:\/\/leregardlibre.com\/wp-content\/uploads\/2020\/03\/Le-Corniaud-4-\u00a9-Tamasa-768x325.jpg 768w, https:\/\/leregardlibre.com\/wp-content\/uploads\/2020\/03\/Le-Corniaud-4-\u00a9-Tamasa-1024x434.jpg 1024w, https:\/\/leregardlibre.com\/wp-content\/uploads\/2020\/03\/Le-Corniaud-4-\u00a9-Tamasa-1536x650.jpg 1536w, https:\/\/leregardlibre.com\/wp-content\/uploads\/2020\/03\/Le-Corniaud-4-\u00a9-Tamasa-2048x867.jpg 2048w, https:\/\/leregardlibre.com\/wp-content\/uploads\/2020\/03\/Le-Corniaud-4-\u00a9-Tamasa-scaled-600x254.jpg 600w\" sizes=\"(max-width: 2560px) 100vw, 2560px\" \/><\/figure>\n\n\n\n<p><em>Write to the author:&nbsp;<a href=\"mailto:loris.musumeci@leregardlibre.com\">loris.musumeci@leregardlibre.com<\/a><\/em><\/p>\n\n\n\n<p>Photo credit: \u00a9 Tamasa<br><\/p>","protected":false},"excerpt":{"rendered":"<p>A delicate, authentic comedy that moves me<\/p>","protected":false},"author":18,"featured_media":32418,"comment_status":"open","ping_status":"open","sticky":false,"template":"","format":"standard","meta":{"_acf_changed":false,"footnotes":""},"categories":[644355829],"tags":[644345020,644345314,644341146,644345313,644345025,82290,5973122,644345018,644344498,2012358,644341312],"class_list":["post-32416","post","type-post","status-publish","format-standard","has-post-thumbnail","hentry","category-films","tag-bourvil","tag-chaplin","tag-critiques-cinema","tag-georges-delerue","tag-gerard-oury","tag-italie","tag-la-grande-vadrouille","tag-le-coronarire-avec-louis-de-funes","tag-louis-de-funes","tag-peuple","tag-road-trip"],"acf":[],"yoast_head":"<!-- This site is optimized with the Yoast SEO Premium plugin v27.4 (Yoast SEO v27.4) - https:\/\/yoast.com\/product\/yoast-seo-premium-wordpress\/ -->\n<title>\u00abLe Corniaud\u00bb: des vacances pour le peuple<\/title>\n<meta name=\"robots\" content=\"index, follow, max-snippet:-1, max-image-preview:large, max-video-preview:-1\" \/>\n<link rel=\"canonical\" href=\"https:\/\/leregardlibre.com\/en\/cinema\/films\/the-vacation-jerk-for-the-people\/\" \/>\n<meta property=\"og:locale\" content=\"en_US\" \/>\n<meta property=\"og:type\" content=\"article\" \/>\n<meta property=\"og:title\" content=\"\u00abLe Corniaud\u00bb: des vacances pour le peuple\" \/>\n<meta property=\"og:description\" content=\"Une com\u00e9die d\u00e9licate et authentique qui m&#039;\u00e9meut\" \/>\n<meta property=\"og:url\" content=\"https:\/\/leregardlibre.com\/en\/cinema\/films\/the-vacation-jerk-for-the-people\/\" \/>\n<meta property=\"og:site_name\" content=\"Le Regard Libre\" \/>\n<meta property=\"article:publisher\" content=\"https:\/\/www.facebook.com\/leregardlibre\/\" \/>\n<meta property=\"article:published_time\" content=\"2020-03-25T21:28:01+00:00\" \/>\n<meta property=\"article:modified_time\" content=\"2026-03-15T09:44:24+00:00\" \/>\n<meta property=\"og:image\" content=\"https:\/\/leregardlibre.com\/wp-content\/uploads\/2020\/03\/Le-Corniaud-1-\u00a9-Tamasa.jpg\" \/>\n\t<meta property=\"og:image:width\" content=\"1280\" \/>\n\t<meta property=\"og:image:height\" content=\"721\" \/>\n\t<meta property=\"og:image:type\" content=\"image\/jpeg\" \/>\n<meta name=\"author\" content=\"Loris S. Musumeci\" \/>\n<meta name=\"twitter:card\" content=\"summary_large_image\" \/>\n<meta name=\"twitter:creator\" content=\"@LeRegardLibre\" \/>\n<meta name=\"twitter:site\" content=\"@LeRegardLibre\" \/>\n<meta name=\"twitter:label1\" content=\"Written by\" \/>\n\t<meta name=\"twitter:data1\" content=\"Loris S. Musumeci\" \/>\n\t<meta name=\"twitter:label2\" content=\"Est. reading time\" \/>\n\t<meta name=\"twitter:data2\" content=\"5 minutes\" \/>\n<script type=\"application\/ld+json\" class=\"yoast-schema-graph\">{\"@context\":\"https:\\\/\\\/schema.org\",\"@graph\":[{\"@type\":\"Article\",\"@id\":\"https:\\\/\\\/leregardlibre.com\\\/cinema\\\/films\\\/le-corniaud-des-vacances-pour-le-peuple\\\/#article\",\"isPartOf\":{\"@id\":\"https:\\\/\\\/leregardlibre.com\\\/cinema\\\/films\\\/le-corniaud-des-vacances-pour-le-peuple\\\/\"},\"author\":{\"name\":\"Loris S. Musumeci\",\"@id\":\"https:\\\/\\\/leregardlibre.com\\\/#\\\/schema\\\/person\\\/04d80ec47094bca6b1fa22dffad24005\"},\"headline\":\"\u00abLe Corniaud\u00bb: des vacances pour le peuple\",\"datePublished\":\"2020-03-25T21:28:01+00:00\",\"dateModified\":\"2026-03-15T09:44:24+00:00\",\"mainEntityOfPage\":{\"@id\":\"https:\\\/\\\/leregardlibre.com\\\/cinema\\\/films\\\/le-corniaud-des-vacances-pour-le-peuple\\\/\"},\"wordCount\":1040,\"commentCount\":0,\"publisher\":{\"@id\":\"https:\\\/\\\/leregardlibre.com\\\/#organization\"},\"image\":{\"@id\":\"https:\\\/\\\/leregardlibre.com\\\/cinema\\\/films\\\/le-corniaud-des-vacances-pour-le-peuple\\\/#primaryimage\"},\"thumbnailUrl\":\"https:\\\/\\\/leregardlibre.com\\\/wp-content\\\/uploads\\\/2020\\\/03\\\/Le-Corniaud-1-\u00a9-Tamasa.jpg\",\"keywords\":[\"Bourvil\",\"chaplin\",\"Critique cin\u00e9ma\",\"Georges Delerue\",\"G\u00e9rard Oury\",\"Italie\",\"La Grande Vadrouille\",\"Le coronarire avec Louis de Fun\u00e8s\",\"Louis de Fun\u00e8s\",\"Peuple\",\"Road trip\"],\"articleSection\":[\"Films\"],\"inLanguage\":\"en-US\",\"potentialAction\":[{\"@type\":\"CommentAction\",\"name\":\"Comment\",\"target\":[\"https:\\\/\\\/leregardlibre.com\\\/cinema\\\/films\\\/le-corniaud-des-vacances-pour-le-peuple\\\/#respond\"]}]},{\"@type\":\"WebPage\",\"@id\":\"https:\\\/\\\/leregardlibre.com\\\/cinema\\\/films\\\/le-corniaud-des-vacances-pour-le-peuple\\\/\",\"url\":\"https:\\\/\\\/leregardlibre.com\\\/cinema\\\/films\\\/le-corniaud-des-vacances-pour-le-peuple\\\/\",\"name\":\"\u00abLe Corniaud\u00bb: des vacances pour le peuple\",\"isPartOf\":{\"@id\":\"https:\\\/\\\/leregardlibre.com\\\/#website\"},\"primaryImageOfPage\":{\"@id\":\"https:\\\/\\\/leregardlibre.com\\\/cinema\\\/films\\\/le-corniaud-des-vacances-pour-le-peuple\\\/#primaryimage\"},\"image\":{\"@id\":\"https:\\\/\\\/leregardlibre.com\\\/cinema\\\/films\\\/le-corniaud-des-vacances-pour-le-peuple\\\/#primaryimage\"},\"thumbnailUrl\":\"https:\\\/\\\/leregardlibre.com\\\/wp-content\\\/uploads\\\/2020\\\/03\\\/Le-Corniaud-1-\u00a9-Tamasa.jpg\",\"datePublished\":\"2020-03-25T21:28:01+00:00\",\"dateModified\":\"2026-03-15T09:44:24+00:00\",\"breadcrumb\":{\"@id\":\"https:\\\/\\\/leregardlibre.com\\\/cinema\\\/films\\\/le-corniaud-des-vacances-pour-le-peuple\\\/#breadcrumb\"},\"inLanguage\":\"en-US\",\"potentialAction\":[{\"@type\":\"ReadAction\",\"target\":[\"https:\\\/\\\/leregardlibre.com\\\/cinema\\\/films\\\/le-corniaud-des-vacances-pour-le-peuple\\\/\"]}]},{\"@type\":\"ImageObject\",\"inLanguage\":\"en-US\",\"@id\":\"https:\\\/\\\/leregardlibre.com\\\/cinema\\\/films\\\/le-corniaud-des-vacances-pour-le-peuple\\\/#primaryimage\",\"url\":\"https:\\\/\\\/leregardlibre.com\\\/wp-content\\\/uploads\\\/2020\\\/03\\\/Le-Corniaud-1-\u00a9-Tamasa.jpg\",\"contentUrl\":\"https:\\\/\\\/leregardlibre.com\\\/wp-content\\\/uploads\\\/2020\\\/03\\\/Le-Corniaud-1-\u00a9-Tamasa.jpg\",\"width\":1280,\"height\":721},{\"@type\":\"BreadcrumbList\",\"@id\":\"https:\\\/\\\/leregardlibre.com\\\/cinema\\\/films\\\/le-corniaud-des-vacances-pour-le-peuple\\\/#breadcrumb\",\"itemListElement\":[{\"@type\":\"ListItem\",\"position\":1,\"name\":\"Accueil\",\"item\":\"https:\\\/\\\/leregardlibre.com\\\/\"},{\"@type\":\"ListItem\",\"position\":2,\"name\":\"\u00abLe Corniaud\u00bb: des vacances pour le peuple\"}]},{\"@type\":\"WebSite\",\"@id\":\"https:\\\/\\\/leregardlibre.com\\\/#website\",\"url\":\"https:\\\/\\\/leregardlibre.com\\\/\",\"name\":\"Le Regard Libre\",\"description\":\"Premier mensuel suisse de d\u00e9bat\",\"publisher\":{\"@id\":\"https:\\\/\\\/leregardlibre.com\\\/#organization\"},\"potentialAction\":[{\"@type\":\"SearchAction\",\"target\":{\"@type\":\"EntryPoint\",\"urlTemplate\":\"https:\\\/\\\/leregardlibre.com\\\/?s={search_term_string}\"},\"query-input\":{\"@type\":\"PropertyValueSpecification\",\"valueRequired\":true,\"valueName\":\"search_term_string\"}}],\"inLanguage\":\"en-US\"},{\"@type\":\"Organization\",\"@id\":\"https:\\\/\\\/leregardlibre.com\\\/#organization\",\"name\":\"Le Regard Libre\",\"url\":\"https:\\\/\\\/leregardlibre.com\\\/\",\"logo\":{\"@type\":\"ImageObject\",\"inLanguage\":\"en-US\",\"@id\":\"https:\\\/\\\/leregardlibre.com\\\/#\\\/schema\\\/logo\\\/image\\\/\",\"url\":\"https:\\\/\\\/leregardlibre.com\\\/wp-content\\\/uploads\\\/2025\\\/08\\\/logo-rl-icone-neg.jpeg\",\"contentUrl\":\"https:\\\/\\\/leregardlibre.com\\\/wp-content\\\/uploads\\\/2025\\\/08\\\/logo-rl-icone-neg.jpeg\",\"width\":557,\"height\":556,\"caption\":\"Le Regard Libre\"},\"image\":{\"@id\":\"https:\\\/\\\/leregardlibre.com\\\/#\\\/schema\\\/logo\\\/image\\\/\"},\"sameAs\":[\"https:\\\/\\\/www.facebook.com\\\/leregardlibre\\\/\",\"https:\\\/\\\/x.com\\\/LeRegardLibre\",\"https:\\\/\\\/www.linkedin.com\\\/company\\\/le-regard-libre\",\"https:\\\/\\\/www.instagram.com\\\/leregardlibre\\\/\",\"http:\\\/\\\/t.me\\\/leregardlibre\",\"https:\\\/\\\/youtube.com\\\/channel\\\/UC6HzGPomj1LsUmlz-sJtITQ\"],\"description\":\"Le Regard Libre est un mensuel suisse de d\u00e9bat intellectuel et culturel. Sa r\u00e9daction est jeune, b\u00e9n\u00e9vole, lib\u00e9rale et pluraliste. Le magazine para\u00eet en ligne et sous forme papier. Sa langue est le fran\u00e7ais.\",\"email\":\"redaction@leregardlibre.com\",\"legalName\":\"Le Regard Libre\",\"foundingDate\":\"2014-01-01\",\"numberOfEmployees\":{\"@type\":\"QuantitativeValue\",\"minValue\":\"11\",\"maxValue\":\"50\"},\"publishingPrinciples\":\"https:\\\/\\\/leregardlibre.com\\\/a-propos\\\/notre-manifeste\\\/\",\"ownershipFundingInfo\":\"https:\\\/\\\/leregardlibre.com\\\/mentions-legales\\\/\",\"actionableFeedbackPolicy\":\"https:\\\/\\\/leregardlibre.com\\\/conditions-generales-de-vente\\\/\"},{\"@type\":\"Person\",\"@id\":\"https:\\\/\\\/leregardlibre.com\\\/#\\\/schema\\\/person\\\/04d80ec47094bca6b1fa22dffad24005\",\"name\":\"Loris S. Musumeci\",\"image\":{\"@type\":\"ImageObject\",\"inLanguage\":\"en-US\",\"@id\":\"https:\\\/\\\/secure.gravatar.com\\\/avatar\\\/fa476654dadfee0d962e80160d0303549febb2769f8fa26c7a1ebe037f7c7c54?s=96&d=identicon&r=g\",\"url\":\"https:\\\/\\\/secure.gravatar.com\\\/avatar\\\/fa476654dadfee0d962e80160d0303549febb2769f8fa26c7a1ebe037f7c7c54?s=96&d=identicon&r=g\",\"contentUrl\":\"https:\\\/\\\/secure.gravatar.com\\\/avatar\\\/fa476654dadfee0d962e80160d0303549febb2769f8fa26c7a1ebe037f7c7c54?s=96&d=identicon&r=g\",\"caption\":\"Loris S. Musumeci\"},\"sameAs\":[\"https:\\\/\\\/leregardlibre.com\\\/\",\"https:\\\/\\\/fr.wikipedia.org\\\/wiki\\\/Le_Regard_libre\"],\"url\":\"https:\\\/\\\/leregardlibre.com\\\/en\\\/author\\\/loris-musumeci\\\/\"}]}<\/script>\n<!-- \/ Yoast SEO Premium plugin. -->","yoast_head_json":{"title":"\u00abLe Corniaud\u00bb: a vacation for the people","robots":{"index":"index","follow":"follow","max-snippet":"max-snippet:-1","max-image-preview":"max-image-preview:large","max-video-preview":"max-video-preview:-1"},"canonical":"https:\/\/leregardlibre.com\/en\/cinema\/films\/the-vacation-jerk-for-the-people\/","og_locale":"en_US","og_type":"article","og_title":"\u00abLe Corniaud\u00bb: des vacances pour le peuple","og_description":"Une com\u00e9die d\u00e9licate et authentique qui m'\u00e9meut","og_url":"https:\/\/leregardlibre.com\/en\/cinema\/films\/the-vacation-jerk-for-the-people\/","og_site_name":"Le Regard Libre","article_publisher":"https:\/\/www.facebook.com\/leregardlibre\/","article_published_time":"2020-03-25T21:28:01+00:00","article_modified_time":"2026-03-15T09:44:24+00:00","og_image":[{"width":1280,"height":721,"url":"https:\/\/leregardlibre.com\/wp-content\/uploads\/2020\/03\/Le-Corniaud-1-\u00a9-Tamasa.jpg","type":"image\/jpeg"}],"author":"Loris S. Musumeci","twitter_card":"summary_large_image","twitter_creator":"@LeRegardLibre","twitter_site":"@LeRegardLibre","twitter_misc":{"Written by":"Loris S. Musumeci","Est. reading time":"5 minutes"},"schema":{"@context":"https:\/\/schema.org","@graph":[{"@type":"Article","@id":"https:\/\/leregardlibre.com\/cinema\/films\/le-corniaud-des-vacances-pour-le-peuple\/#article","isPartOf":{"@id":"https:\/\/leregardlibre.com\/cinema\/films\/le-corniaud-des-vacances-pour-le-peuple\/"},"author":{"name":"Loris S. Musumeci","@id":"https:\/\/leregardlibre.com\/#\/schema\/person\/04d80ec47094bca6b1fa22dffad24005"},"headline":"\u00abLe Corniaud\u00bb: des vacances pour le peuple","datePublished":"2020-03-25T21:28:01+00:00","dateModified":"2026-03-15T09:44:24+00:00","mainEntityOfPage":{"@id":"https:\/\/leregardlibre.com\/cinema\/films\/le-corniaud-des-vacances-pour-le-peuple\/"},"wordCount":1040,"commentCount":0,"publisher":{"@id":"https:\/\/leregardlibre.com\/#organization"},"image":{"@id":"https:\/\/leregardlibre.com\/cinema\/films\/le-corniaud-des-vacances-pour-le-peuple\/#primaryimage"},"thumbnailUrl":"https:\/\/leregardlibre.com\/wp-content\/uploads\/2020\/03\/Le-Corniaud-1-\u00a9-Tamasa.jpg","keywords":["Bourvil","chaplin","Critique cin\u00e9ma","Georges Delerue","G\u00e9rard Oury","Italie","La Grande Vadrouille","Le coronarire avec Louis de Fun\u00e8s","Louis de Fun\u00e8s","Peuple","Road trip"],"articleSection":["Films"],"inLanguage":"en-US","potentialAction":[{"@type":"CommentAction","name":"Comment","target":["https:\/\/leregardlibre.com\/cinema\/films\/le-corniaud-des-vacances-pour-le-peuple\/#respond"]}]},{"@type":"WebPage","@id":"https:\/\/leregardlibre.com\/cinema\/films\/le-corniaud-des-vacances-pour-le-peuple\/","url":"https:\/\/leregardlibre.com\/cinema\/films\/le-corniaud-des-vacances-pour-le-peuple\/","name":"\u00abLe Corniaud\u00bb: a vacation for the people","isPartOf":{"@id":"https:\/\/leregardlibre.com\/#website"},"primaryImageOfPage":{"@id":"https:\/\/leregardlibre.com\/cinema\/films\/le-corniaud-des-vacances-pour-le-peuple\/#primaryimage"},"image":{"@id":"https:\/\/leregardlibre.com\/cinema\/films\/le-corniaud-des-vacances-pour-le-peuple\/#primaryimage"},"thumbnailUrl":"https:\/\/leregardlibre.com\/wp-content\/uploads\/2020\/03\/Le-Corniaud-1-\u00a9-Tamasa.jpg","datePublished":"2020-03-25T21:28:01+00:00","dateModified":"2026-03-15T09:44:24+00:00","breadcrumb":{"@id":"https:\/\/leregardlibre.com\/cinema\/films\/le-corniaud-des-vacances-pour-le-peuple\/#breadcrumb"},"inLanguage":"en-US","potentialAction":[{"@type":"ReadAction","target":["https:\/\/leregardlibre.com\/cinema\/films\/le-corniaud-des-vacances-pour-le-peuple\/"]}]},{"@type":"ImageObject","inLanguage":"en-US","@id":"https:\/\/leregardlibre.com\/cinema\/films\/le-corniaud-des-vacances-pour-le-peuple\/#primaryimage","url":"https:\/\/leregardlibre.com\/wp-content\/uploads\/2020\/03\/Le-Corniaud-1-\u00a9-Tamasa.jpg","contentUrl":"https:\/\/leregardlibre.com\/wp-content\/uploads\/2020\/03\/Le-Corniaud-1-\u00a9-Tamasa.jpg","width":1280,"height":721},{"@type":"BreadcrumbList","@id":"https:\/\/leregardlibre.com\/cinema\/films\/le-corniaud-des-vacances-pour-le-peuple\/#breadcrumb","itemListElement":[{"@type":"ListItem","position":1,"name":"Accueil","item":"https:\/\/leregardlibre.com\/"},{"@type":"ListItem","position":2,"name":"\u00abLe Corniaud\u00bb: des vacances pour le peuple"}]},{"@type":"WebSite","@id":"https:\/\/leregardlibre.com\/#website","url":"https:\/\/leregardlibre.com\/","name":"Le Regard Libre","description":"Switzerland's first monthly debate magazine","publisher":{"@id":"https:\/\/leregardlibre.com\/#organization"},"potentialAction":[{"@type":"SearchAction","target":{"@type":"EntryPoint","urlTemplate":"https:\/\/leregardlibre.com\/?s={search_term_string}"},"query-input":{"@type":"PropertyValueSpecification","valueRequired":true,"valueName":"search_term_string"}}],"inLanguage":"en-US"},{"@type":"Organization","@id":"https:\/\/leregardlibre.com\/#organization","name":"Le Regard Libre","url":"https:\/\/leregardlibre.com\/","logo":{"@type":"ImageObject","inLanguage":"en-US","@id":"https:\/\/leregardlibre.com\/#\/schema\/logo\/image\/","url":"https:\/\/leregardlibre.com\/wp-content\/uploads\/2025\/08\/logo-rl-icone-neg.jpeg","contentUrl":"https:\/\/leregardlibre.com\/wp-content\/uploads\/2025\/08\/logo-rl-icone-neg.jpeg","width":557,"height":556,"caption":"Le Regard Libre"},"image":{"@id":"https:\/\/leregardlibre.com\/#\/schema\/logo\/image\/"},"sameAs":["https:\/\/www.facebook.com\/leregardlibre\/","https:\/\/x.com\/LeRegardLibre","https:\/\/www.linkedin.com\/company\/le-regard-libre","https:\/\/www.instagram.com\/leregardlibre\/","http:\/\/t.me\/leregardlibre","https:\/\/youtube.com\/channel\/UC6HzGPomj1LsUmlz-sJtITQ"],"description":"Le Regard Libre is a Swiss monthly magazine for intellectual and cultural debate. Its editorial team is young, voluntary, liberal and pluralist. The magazine appears online and in print. Its language is French.","email":"redaction@leregardlibre.com","legalName":"Le Regard Libre","foundingDate":"2014-01-01","numberOfEmployees":{"@type":"QuantitativeValue","minValue":"11","maxValue":"50"},"publishingPrinciples":"https:\/\/leregardlibre.com\/a-propos\/notre-manifeste\/","ownershipFundingInfo":"https:\/\/leregardlibre.com\/mentions-legales\/","actionableFeedbackPolicy":"https:\/\/leregardlibre.com\/conditions-generales-de-vente\/"},{"@type":"Person","@id":"https:\/\/leregardlibre.com\/#\/schema\/person\/04d80ec47094bca6b1fa22dffad24005","name":"Loris S. Musumeci","image":{"@type":"ImageObject","inLanguage":"en-US","@id":"https:\/\/secure.gravatar.com\/avatar\/fa476654dadfee0d962e80160d0303549febb2769f8fa26c7a1ebe037f7c7c54?s=96&d=identicon&r=g","url":"https:\/\/secure.gravatar.com\/avatar\/fa476654dadfee0d962e80160d0303549febb2769f8fa26c7a1ebe037f7c7c54?s=96&d=identicon&r=g","contentUrl":"https:\/\/secure.gravatar.com\/avatar\/fa476654dadfee0d962e80160d0303549febb2769f8fa26c7a1ebe037f7c7c54?s=96&d=identicon&r=g","caption":"Loris S. Musumeci"},"sameAs":["https:\/\/leregardlibre.com\/","https:\/\/fr.wikipedia.org\/wiki\/Le_Regard_libre"],"url":"https:\/\/leregardlibre.com\/en\/author\/loris-musumeci\/"}]}},"_links":{"self":[{"href":"https:\/\/leregardlibre.com\/en\/wp-json\/wp\/v2\/posts\/32416","targetHints":{"allow":["GET"]}}],"collection":[{"href":"https:\/\/leregardlibre.com\/en\/wp-json\/wp\/v2\/posts"}],"about":[{"href":"https:\/\/leregardlibre.com\/en\/wp-json\/wp\/v2\/types\/post"}],"author":[{"embeddable":true,"href":"https:\/\/leregardlibre.com\/en\/wp-json\/wp\/v2\/users\/18"}],"replies":[{"embeddable":true,"href":"https:\/\/leregardlibre.com\/en\/wp-json\/wp\/v2\/comments?post=32416"}],"version-history":[{"count":1,"href":"https:\/\/leregardlibre.com\/en\/wp-json\/wp\/v2\/posts\/32416\/revisions"}],"predecessor-version":[{"id":511682,"href":"https:\/\/leregardlibre.com\/en\/wp-json\/wp\/v2\/posts\/32416\/revisions\/511682"}],"wp:featuredmedia":[{"embeddable":true,"href":"https:\/\/leregardlibre.com\/en\/wp-json\/wp\/v2\/media\/32418"}],"wp:attachment":[{"href":"https:\/\/leregardlibre.com\/en\/wp-json\/wp\/v2\/media?parent=32416"}],"wp:term":[{"taxonomy":"category","embeddable":true,"href":"https:\/\/leregardlibre.com\/en\/wp-json\/wp\/v2\/categories?post=32416"},{"taxonomy":"post_tag","embeddable":true,"href":"https:\/\/leregardlibre.com\/en\/wp-json\/wp\/v2\/tags?post=32416"}],"curies":[{"name":"wp","href":"https:\/\/api.w.org\/{rel}","templated":true}]}}