{"id":33637,"date":"2020-04-28T21:01:18","date_gmt":"2020-04-28T19:01:18","guid":{"rendered":"https:\/\/leregardlibre.com\/?p=33637"},"modified":"2023-06-07T12:53:02","modified_gmt":"2023-06-07T10:53:02","slug":"baudelaires-journalistic-spleen","status":"publish","type":"post","link":"https:\/\/leregardlibre.com\/en\/literature\/baudelaires-journalistic-spleen\/","title":{"rendered":"Baudelaire's journalistic spleen"},"content":{"rendered":"<p class=\"has-drop-cap\"><strong>With the collection of prose poems <em>The Spleen of Paris<\/em>, published posthumously, Charles Baudelaire enriched his work dedicated to melancholy with a new dimension: its anchorage in the city and everyday life. In a radically new form, the Baudelairean subject is understood as a chronicler of his own atrabilious mirror. To the point of making <em>Spleen of Paris<\/em> the counterpart of <em>Fleurs du Mal<\/em> - in other words, its equal.<\/strong><\/p>\n\n\n\n<!--more Lire la critique (en libre acc\u00e8s)-->\n\n\n\n<p>Less well known than <em>Visit<\/em> <em>Fleurs du Mal<\/em>, <em>The Spleen of Paris<\/em> is a major work by Baudelaire, and also his last. It is a posthumous collection of prose poems, edited by Charles Asselineau and Th\u00e9odore de Banville, and first published in 1869 in the fourth volume of the <em>Complete works<\/em> by Baudelaire from publisher Michel L\u00e9vy. The fifty prose poems in the collection were written between 1855 and 1864. Some forty of these fifty prose poems were published during Baudelaire's lifetime in the magazine <em>The Artist<\/em>, directed by Ars\u00e8ne Houssaye.<\/p>\n\n\n\n<h3 class=\"wp-block-heading\"><strong>Journalistic poems<\/strong><\/h3>\n\n\n\n<p>Houssaye is a friend. Baudelaire dedicates a dedication to him at the beginning of the book. The link between this work and the world of journalism is therefore not insignificant. And with good reason, it appears at more or less regular intervals throughout the collection. Baudelaire's depiction of Parisian spleen seems to offer a reflection on everyday writing, on journalistic writing. It's not unimportant to note that the author, as was customary at the time, published his writings in the form of serials, with episodes appearing in newspapers.<\/p>\n\n\n\n<p>The context in which the <em>Spleen of Paris<\/em> is reflected in its content. The poem <a href=\"https:\/\/www.poetica.fr\/poeme-1452\/charles-baudelaire-a-une-heure-du-matin\/\">\u00abAt one o'clock in the morning\u00bb<\/a>, Baudelaire's \u00abhorrible vie! horrible ville\u00bb (horrible life! horrible city!) expresses a strong sense of boredom, culminating in a form of anger, against the pretense of modernity, the city and everyday life. The phrase \"horrible life! horrible city!\" speaks volumes about Baudelaire's association between modernity and the city. Paris alone brings together all the elements of modernity that Baudelaire reviles: the crowd, hypocrisy, the development of the bourgeoisie, progress. The poet sees in others and in himself a double being, doomed to spleen.<\/p>\n\n\n\n<p>Conversely, the ideal seems to lie in writing. And it's interesting to note that Baudelaire writes in the clausule: \u00abLord my God! grant me the grace to produce a few beautiful verses that prove to myself that I am not the last of men, that I am not inferior to those I despise!\u00bb. With this sentence, we come to the interesting opposition between people who don't know melancholy and geniuses affected by it. We can confirm that Baudelaire despises the former.<\/p>\n\n\n\n<p>Among Baudelaire's depiction of the deep malaise of the crowd, the bourgeoisie, the noise, the day, the daily grind, appears the question of journalists and journalism. Baudelaire turns his prose poem into a reflexive text, which in what it describes reflects his daily writing. The title \u00abA une heure du matin\u00bb (At one o'clock in the morning) supports this idea of daily anchoring; it contains no date, and aims to generalize his repetitive experience of city life and writing.<\/p>\n\n\n\n<h3 class=\"wp-block-heading\"><strong>Urban melancholy<\/strong><\/h3>\n\n\n\n<p>With this journalistic dimension, <em>The Spleen of Paris<\/em> can be considered the \u00abcounterpart\u00bb of the collection <em>Les Fleurs du Mal<\/em>. Claude Pichois, in his <em>Complete works<\/em>, writes that this word appears at least six times in Baudelaire's correspondence between December 1863 and January 1866. There are many similarities between the two works, including the duality of spleen and ideal; reflections on art; the desire to paint modernity, the City (\u00abTableaux parisiens\u00bb); and the imaginary dream, particularly exotic. However, the prose poem allows for a different treatment of these themes.<\/p>\n\n\n\n<p>The correspondences established by the metaphors in <em>Les Fleurs du Mal <\/em>We move from a mythical verticality to a prosaic horizontality, which perhaps more transcendentally embraces the reality of the City. In fact, Baudelaire explicitly sets the spleen in an urban context. We see this in the very title of the work: it's not about spleen, but the spleen of Paris, which is an extremely important nuance in comparison with the \u00abSpleen\u00bb of the <em>Fleurs du Mal<\/em>. Baudelaire, and this is his great strength in this collection, has sensed what is specific to urban melancholy.<\/p>\n\n\n\n<form method=\"post\" action=\"https:\/\/newsletter.infomaniak.com\/external\/submit\" class=\"inf-form\" target=\"_blank\"><input type=\"email\" name=\"email\" style=\"display:none\"><input type=\"hidden\" name=\"key\" value=\"eyJpdiI6IlZXRVJGMlRGQUU2alNqUE81bitIUk5adnNVa0c4MllFTStzOHdHT1FQZ3c9IiwidmFsdWUiOiJIYzhwMUVCK1pTNnlhY3MyMmhuZlhReWJqemEwNk93blMxTjFHc0s2VHZrPSIsIm1hYyI6ImVhYTQ5N2I1M2NiYWE4NzBmNjk2NzgzYjliM2Y5NmYzM2E2ZmU3NGQxNTU1ZDFkMTU1MzY5NTdjYjE3ZTJmNTUifQ==\"><input type=\"hidden\" name=\"webform_id\" value=\"7291\"><style> .inf-main_3000311ca56a1cb93397bc676c0b7fff{ background-color:#f5f5f5; padding:25px 20px; margin:25px auto; } .inf-main_3000311ca56a1cb93397bc676c0b7fff .inf-content { margin-top:13px;} .inf-main_3000311ca56a1cb93397bc676c0b7fff h4, .inf-main_3000311ca56a1cb93397bc676c0b7fff span, .inf-main_3000311ca56a1cb93397bc676c0b7fff label, .inf-main_3000311ca56a1cb93397bc676c0b7fff input, .inf-main_3000311ca56a1cb93397bc676c0b7fff .inf-submit, .inf-main_3000311ca56a1cb93397bc676c0b7fff .inf-success p a { color:#555555; font-size:14px; } .inf-main_3000311ca56a1cb93397bc676c0b7fff h4{ font-size:18px; margin:0px 0px 13px 0px; } .inf-main_3000311ca56a1cb93397bc676c0b7fff h4, .inf-main_3000311ca56a1cb93397bc676c0b7fff label{ font-weight:bold; } .inf-main_3000311ca56a1cb93397bc676c0b7fff .inf-input { margin-bottom:7px; } .inf-main_3000311ca56a1cb93397bc676c0b7fff label { display:block;} .inf-main_3000311ca56a1cb93397bc676c0b7fff input{ height:35px; color:#999999; border: 1px solid #E9E9E9; border:none; padding-left:7px; } .inf-main_3000311ca56a1cb93397bc676c0b7fff .inf-input.inf-error label, .inf-main_3000311ca56a1cb93397bc676c0b7fff .inf-input.inf-error span.inf-message{ color: #cc0033; } .inf-main_3000311ca56a1cb93397bc676c0b7fff .inf-input.inf-error input{ border: 1px solid #cc0033; } .inf-main_3000311ca56a1cb93397bc676c0b7fff .inf-input input { width:100%;} .inf-main_3000311ca56a1cb93397bc676c0b7fff .inf-input.inf-error span.inf-message { display: block; } .inf-main_3000311ca56a1cb93397bc676c0b7fff .inf-submit { text-align:right;} .inf-main_3000311ca56a1cb93397bc676c0b7fff .inf-submit input{ background-color:#777777; color:#ffffff; border:none; font-weight: normal; height:auto; padding:7px; } .inf-main_3000311ca56a1cb93397bc676c0b7fff .inf-submit input.disabled{ opacity: 0.4; } .inf-btn { color: rgb(85, 85, 85); border: medium none; font-weight: normal; height: auto; padding: 7px; display: inline-block; background-color: white; box-shadow: 0px 1px 1px rgba(0, 0, 0, 0.24); border-radius: 2px; line-height: 1em; } .inf-rgpd { margin:25px 0px 15px 0px; color:#555555; } <\/style> <div class=\"inf-main_3000311ca56a1cb93397bc676c0b7fff\"> <h4>NEWSLETTER DU REGARD LIBRE<\/h4> <span>Receive our articles every Sunday.<\/span> <div class=\"inf-success\" style=\"display:none\"> <h4>Your subscription to our weekly newsletter has been successfully registered!<\/h4> <p> <a href=\"#\" class=\"inf-btn\">\u00ab<\/a> <\/p> <\/div> <div class=\"inf-content\"> <div class=\"inf-input inf-input-text\"> <input type=\"text\" name=\"inf[1]\" data-inf-meta=\"1\" data-inf-error=\"Merci de renseigner une adresse email\" required=\"required\" placeholder=\"Email\"> <\/div> <div class=\"inf-submit\"> <input type=\"submit\" name=\"\" value=\"Sign up\"> <\/div> <\/div> <\/div> <\/form>\n\n\n\n<p>The author is fully aware of the modernity of his poetics and his poetics of modernity. The prose poem is a form of poetry without rhyme or rhythm. What then is left of poetics? Music, and more specifically the music of the urban rodeur: Baudelaire speaks of an \u00abobsessive ideal\u00bb, that of a \u00abpoetic prose, musical without rhythm or rhyme, flexible and jolting enough to adapt to the lyrical movements of the soul, the undulations of reverie, the jolts of conscience\u00bb (Charles Baudelaire, letter-dedication to Houssaye, 1862). On this subject, it's easy to think of his contemporary Flaubert.<\/p>\n\n\n\n<p>But above all, this music of urban spleen would be nothing without the individual at its heart. The individual facing the city. The dwarf against the giant. The irreducible in the face of the disproportionate. The spleen of the little prose poems is a form of melancholy linked to the \u00abI\u00bb who expresses it. It refers to the cleavage inherent in melancholy, making the atrabilary subject both actor and spectator of his daily life. It's not for nothing, then, that the collection adopts journalistic postures. But we're talking about a bygone era. In this age of media self-righteousness, a good dive into Baudelaire's work might not be out of place.<\/p>\n\n\n\n<p><em>Write to the author: <a href=\"mailto:jonas.follonier@leregardlibre.com\">jonas.follonier@leregardlibre.com<\/a><\/em><\/p>\n\n\n\n<div class=\"wp-block-group alignwide\"><div class=\"wp-block-group__inner-container is-layout-flow wp-block-group-is-layout-flow\">\n<div class=\"wp-block-media-text alignwide is-stacked-on-mobile\" style=\"grid-template-columns:20% auto\"><figure class=\"wp-block-media-text__media\"><img fetchpriority=\"high\" decoding=\"async\" width=\"600\" height=\"970\" src=\"http:\/\/leregardlibre.com\/wp-content\/uploads\/2020\/05\/Le-Spleen-de-Paris.jpeg\" alt=\"\" class=\"wp-image-34114 size-full\" srcset=\"https:\/\/leregardlibre.com\/wp-content\/uploads\/2020\/05\/Le-Spleen-de-Paris.jpeg 600w, https:\/\/leregardlibre.com\/wp-content\/uploads\/2020\/05\/Le-Spleen-de-Paris-585x946.jpeg 585w, https:\/\/leregardlibre.com\/wp-content\/uploads\/2020\/05\/Le-Spleen-de-Paris-93x150.jpeg 93w, https:\/\/leregardlibre.com\/wp-content\/uploads\/2020\/05\/Le-Spleen-de-Paris-186x300.jpeg 186w, https:\/\/leregardlibre.com\/wp-content\/uploads\/2020\/05\/Le-Spleen-de-Paris-300x485.jpeg 300w\" sizes=\"(max-width: 600px) 100vw, 600px\" \/><\/figure><div class=\"wp-block-media-text__content\">\n<p><strong>Charles Baudelaire<\/strong><br><strong><em>The Spleen of Paris<\/em><\/strong><br><strong>Le Livre de Poche<\/strong><br><strong>2011<\/strong><br><strong>188 pages<\/strong><\/p>\n\n\n\n<div class=\"wp-block-buttons is-layout-flex wp-block-buttons-is-layout-flex\">\n<div class=\"wp-block-button\"><a class=\"wp-block-button__link\" href=\"https:\/\/www.payot.ch\/Detail\/le_spleen_de_paris_petits_poemes_en_prose-charles_baudelaire-9782253161202\">Order the book<\/a><\/div>\n<\/div>\n<\/div><\/div>\n<\/div><\/div>\n\n\n\n<div class=\"wp-block-buttons is-layout-flex wp-block-buttons-is-layout-flex\"><\/div>\n\n\n\n<p><strong>You have just read an open-access article in our series \u00abCoronary retrospectives in literature\u00bb.\u00bb<a href=\"https:\/\/leregardlibre.com\/wp-content\/uploads\/2022\/12\/affiche_fumer-fait-tousser.jpg\"><\/a>.\u00a0<\/strong>Debates, analysis, cultural news:\u00a0<a href=\"https:\/\/leregardlibre.com\/en\/subscription\/\">subscribe<\/a>\u00a0to support us and get access to all our content!<\/p>","protected":false},"excerpt":{"rendered":"<p>A postumous collection of prose poems.<\/p>","protected":false},"author":138,"featured_media":33642,"comment_status":"open","ping_status":"open","sticky":false,"template":"","format":"standard","meta":{"_acf_changed":false,"footnotes":""},"categories":[20663],"tags":[644339973,54879,644346606,671541,3546900,594318],"class_list":["post-33637","post","type-post","status-publish","format-standard","has-post-thumbnail","hentry","category-litterature","tag-baudelaire","tag-critiques-litteraires","tag-les-coronaretrospectives-de-la-litterature","tag-melancolie","tag-poemes-en-prose","tag-ville"],"acf":[],"yoast_head":"<!-- This site is optimized with the Yoast SEO Premium plugin v27.4 (Yoast SEO v27.4) - https:\/\/yoast.com\/product\/yoast-seo-premium-wordpress\/ -->\n<title>Le spleen journalistique de Baudelaire<\/title>\n<meta name=\"description\" content=\"Avec \u00abLe Spleen de Paris\u00bb, publi\u00e9 \u00e0 titre posthume, Baudelaire a enrichi son \u0153uvre d\u2019une dimension nouvelle: son ancrage dans le quotidien.\" \/>\n<meta name=\"robots\" content=\"index, follow, max-snippet:-1, max-image-preview:large, max-video-preview:-1\" \/>\n<link rel=\"canonical\" href=\"https:\/\/leregardlibre.com\/en\/literature\/baudelaires-journalistic-spleen\/\" \/>\n<meta property=\"og:locale\" content=\"en_US\" \/>\n<meta property=\"og:type\" content=\"article\" \/>\n<meta property=\"og:title\" content=\"Le spleen journalistique de Baudelaire\" \/>\n<meta property=\"og:description\" content=\"Avec \u00abLe Spleen de Paris\u00bb, publi\u00e9 \u00e0 titre posthume, Baudelaire a enrichi son \u0153uvre d\u2019une dimension nouvelle: son ancrage dans le quotidien.\" \/>\n<meta property=\"og:url\" content=\"https:\/\/leregardlibre.com\/en\/literature\/baudelaires-journalistic-spleen\/\" \/>\n<meta property=\"og:site_name\" content=\"Le Regard Libre\" \/>\n<meta property=\"article:publisher\" content=\"https:\/\/www.facebook.com\/leregardlibre\/\" \/>\n<meta property=\"article:author\" content=\"https:\/\/www.facebook.com\/jonas.follonier\/\" \/>\n<meta property=\"article:published_time\" content=\"2020-04-28T19:01:18+00:00\" \/>\n<meta property=\"article:modified_time\" content=\"2023-06-07T10:53:02+00:00\" \/>\n<meta property=\"og:image\" content=\"https:\/\/leregardlibre.com\/wp-content\/uploads\/2020\/04\/paris_noir-blanc_05-1626337012-1588100457388.jpg\" \/>\n\t<meta property=\"og:image:width\" content=\"1200\" \/>\n\t<meta property=\"og:image:height\" content=\"675\" \/>\n\t<meta property=\"og:image:type\" content=\"image\/jpeg\" \/>\n<meta name=\"author\" content=\"Jonas Follonier\" \/>\n<meta name=\"twitter:card\" content=\"summary_large_image\" \/>\n<meta name=\"twitter:creator\" content=\"@LeRegardLibre\" \/>\n<meta name=\"twitter:site\" content=\"@LeRegardLibre\" \/>\n<meta name=\"twitter:label1\" content=\"Written by\" \/>\n\t<meta name=\"twitter:data1\" content=\"Jonas Follonier\" \/>\n\t<meta name=\"twitter:label2\" content=\"Est. reading time\" \/>\n\t<meta name=\"twitter:data2\" content=\"7 minutes\" \/>\n<script type=\"application\/ld+json\" class=\"yoast-schema-graph\">{\"@context\":\"https:\\\/\\\/schema.org\",\"@graph\":[{\"@type\":\"Article\",\"@id\":\"https:\\\/\\\/leregardlibre.com\\\/litterature\\\/le-spleen-journalistique-de-baudelaire\\\/#article\",\"isPartOf\":{\"@id\":\"https:\\\/\\\/leregardlibre.com\\\/litterature\\\/le-spleen-journalistique-de-baudelaire\\\/\"},\"author\":{\"name\":\"Jonas Follonier\",\"@id\":\"https:\\\/\\\/leregardlibre.com\\\/#\\\/schema\\\/person\\\/bfe5aa794a23be71485d60e2d93ec0d2\"},\"headline\":\"Le spleen journalistique de Baudelaire\",\"datePublished\":\"2020-04-28T19:01:18+00:00\",\"dateModified\":\"2023-06-07T10:53:02+00:00\",\"mainEntityOfPage\":{\"@id\":\"https:\\\/\\\/leregardlibre.com\\\/litterature\\\/le-spleen-journalistique-de-baudelaire\\\/\"},\"wordCount\":1182,\"commentCount\":0,\"publisher\":{\"@id\":\"https:\\\/\\\/leregardlibre.com\\\/#organization\"},\"image\":{\"@id\":\"https:\\\/\\\/leregardlibre.com\\\/litterature\\\/le-spleen-journalistique-de-baudelaire\\\/#primaryimage\"},\"thumbnailUrl\":\"https:\\\/\\\/leregardlibre.com\\\/wp-content\\\/uploads\\\/2020\\\/04\\\/paris_noir-blanc_05-1626337012-1588100457388.jpg\",\"keywords\":[\"Charles Baudelaire\",\"Critique litt\u00e9raire\",\"Les coronar\u00e9trospectives de la litt\u00e9rature\",\"M\u00e9lancolie\",\"Po\u00e8mes en prose\",\"Villes\"],\"articleSection\":[\"Litt\u00e9rature\"],\"inLanguage\":\"en-US\",\"potentialAction\":[{\"@type\":\"CommentAction\",\"name\":\"Comment\",\"target\":[\"https:\\\/\\\/leregardlibre.com\\\/litterature\\\/le-spleen-journalistique-de-baudelaire\\\/#respond\"]}]},{\"@type\":\"WebPage\",\"@id\":\"https:\\\/\\\/leregardlibre.com\\\/litterature\\\/le-spleen-journalistique-de-baudelaire\\\/\",\"url\":\"https:\\\/\\\/leregardlibre.com\\\/litterature\\\/le-spleen-journalistique-de-baudelaire\\\/\",\"name\":\"Le spleen journalistique de Baudelaire\",\"isPartOf\":{\"@id\":\"https:\\\/\\\/leregardlibre.com\\\/#website\"},\"primaryImageOfPage\":{\"@id\":\"https:\\\/\\\/leregardlibre.com\\\/litterature\\\/le-spleen-journalistique-de-baudelaire\\\/#primaryimage\"},\"image\":{\"@id\":\"https:\\\/\\\/leregardlibre.com\\\/litterature\\\/le-spleen-journalistique-de-baudelaire\\\/#primaryimage\"},\"thumbnailUrl\":\"https:\\\/\\\/leregardlibre.com\\\/wp-content\\\/uploads\\\/2020\\\/04\\\/paris_noir-blanc_05-1626337012-1588100457388.jpg\",\"datePublished\":\"2020-04-28T19:01:18+00:00\",\"dateModified\":\"2023-06-07T10:53:02+00:00\",\"description\":\"Avec \u00abLe Spleen de Paris\u00bb, publi\u00e9 \u00e0 titre posthume, Baudelaire a enrichi son \u0153uvre d\u2019une dimension nouvelle: son ancrage dans le quotidien.\",\"breadcrumb\":{\"@id\":\"https:\\\/\\\/leregardlibre.com\\\/litterature\\\/le-spleen-journalistique-de-baudelaire\\\/#breadcrumb\"},\"inLanguage\":\"en-US\",\"potentialAction\":[{\"@type\":\"ReadAction\",\"target\":[\"https:\\\/\\\/leregardlibre.com\\\/litterature\\\/le-spleen-journalistique-de-baudelaire\\\/\"]}]},{\"@type\":\"ImageObject\",\"inLanguage\":\"en-US\",\"@id\":\"https:\\\/\\\/leregardlibre.com\\\/litterature\\\/le-spleen-journalistique-de-baudelaire\\\/#primaryimage\",\"url\":\"https:\\\/\\\/leregardlibre.com\\\/wp-content\\\/uploads\\\/2020\\\/04\\\/paris_noir-blanc_05-1626337012-1588100457388.jpg\",\"contentUrl\":\"https:\\\/\\\/leregardlibre.com\\\/wp-content\\\/uploads\\\/2020\\\/04\\\/paris_noir-blanc_05-1626337012-1588100457388.jpg\",\"width\":1200,\"height\":675},{\"@type\":\"BreadcrumbList\",\"@id\":\"https:\\\/\\\/leregardlibre.com\\\/litterature\\\/le-spleen-journalistique-de-baudelaire\\\/#breadcrumb\",\"itemListElement\":[{\"@type\":\"ListItem\",\"position\":1,\"name\":\"Accueil\",\"item\":\"https:\\\/\\\/leregardlibre.com\\\/\"},{\"@type\":\"ListItem\",\"position\":2,\"name\":\"Le spleen journalistique de Baudelaire\"}]},{\"@type\":\"WebSite\",\"@id\":\"https:\\\/\\\/leregardlibre.com\\\/#website\",\"url\":\"https:\\\/\\\/leregardlibre.com\\\/\",\"name\":\"Le Regard Libre\",\"description\":\"Premier mensuel suisse de d\u00e9bat\",\"publisher\":{\"@id\":\"https:\\\/\\\/leregardlibre.com\\\/#organization\"},\"potentialAction\":[{\"@type\":\"SearchAction\",\"target\":{\"@type\":\"EntryPoint\",\"urlTemplate\":\"https:\\\/\\\/leregardlibre.com\\\/?s={search_term_string}\"},\"query-input\":{\"@type\":\"PropertyValueSpecification\",\"valueRequired\":true,\"valueName\":\"search_term_string\"}}],\"inLanguage\":\"en-US\"},{\"@type\":\"Organization\",\"@id\":\"https:\\\/\\\/leregardlibre.com\\\/#organization\",\"name\":\"Le Regard Libre\",\"url\":\"https:\\\/\\\/leregardlibre.com\\\/\",\"logo\":{\"@type\":\"ImageObject\",\"inLanguage\":\"en-US\",\"@id\":\"https:\\\/\\\/leregardlibre.com\\\/#\\\/schema\\\/logo\\\/image\\\/\",\"url\":\"https:\\\/\\\/leregardlibre.com\\\/wp-content\\\/uploads\\\/2025\\\/08\\\/logo-rl-icone-neg.jpeg\",\"contentUrl\":\"https:\\\/\\\/leregardlibre.com\\\/wp-content\\\/uploads\\\/2025\\\/08\\\/logo-rl-icone-neg.jpeg\",\"width\":557,\"height\":556,\"caption\":\"Le Regard Libre\"},\"image\":{\"@id\":\"https:\\\/\\\/leregardlibre.com\\\/#\\\/schema\\\/logo\\\/image\\\/\"},\"sameAs\":[\"https:\\\/\\\/www.facebook.com\\\/leregardlibre\\\/\",\"https:\\\/\\\/x.com\\\/LeRegardLibre\",\"https:\\\/\\\/www.linkedin.com\\\/company\\\/le-regard-libre\",\"https:\\\/\\\/www.instagram.com\\\/leregardlibre\\\/\",\"http:\\\/\\\/t.me\\\/leregardlibre\",\"https:\\\/\\\/youtube.com\\\/channel\\\/UC6HzGPomj1LsUmlz-sJtITQ\"],\"description\":\"Le Regard Libre est un mensuel suisse de d\u00e9bat intellectuel et culturel. Sa r\u00e9daction est jeune, b\u00e9n\u00e9vole, lib\u00e9rale et pluraliste. Le magazine para\u00eet en ligne et sous forme papier. Sa langue est le fran\u00e7ais.\",\"email\":\"redaction@leregardlibre.com\",\"legalName\":\"Le Regard Libre\",\"foundingDate\":\"2014-01-01\",\"numberOfEmployees\":{\"@type\":\"QuantitativeValue\",\"minValue\":\"11\",\"maxValue\":\"50\"},\"publishingPrinciples\":\"https:\\\/\\\/leregardlibre.com\\\/a-propos\\\/notre-manifeste\\\/\",\"ownershipFundingInfo\":\"https:\\\/\\\/leregardlibre.com\\\/mentions-legales\\\/\",\"actionableFeedbackPolicy\":\"https:\\\/\\\/leregardlibre.com\\\/conditions-generales-de-vente\\\/\"},{\"@type\":\"Person\",\"@id\":\"https:\\\/\\\/leregardlibre.com\\\/#\\\/schema\\\/person\\\/bfe5aa794a23be71485d60e2d93ec0d2\",\"name\":\"Jonas Follonier\",\"image\":{\"@type\":\"ImageObject\",\"inLanguage\":\"en-US\",\"@id\":\"https:\\\/\\\/secure.gravatar.com\\\/avatar\\\/602060b40f6a458420c2d140f49b6caea99152ce6704f2c332e5a0c5aad80303?s=96&d=identicon&r=g\",\"url\":\"https:\\\/\\\/secure.gravatar.com\\\/avatar\\\/602060b40f6a458420c2d140f49b6caea99152ce6704f2c332e5a0c5aad80303?s=96&d=identicon&r=g\",\"contentUrl\":\"https:\\\/\\\/secure.gravatar.com\\\/avatar\\\/602060b40f6a458420c2d140f49b6caea99152ce6704f2c332e5a0c5aad80303?s=96&d=identicon&r=g\",\"caption\":\"Jonas Follonier\"},\"description\":\"Correspondant au Palais f\u00e9d\u00e9ral pour \u00abL\u2019Agefi\u00bb, auteur-compositeur-interpr\u00e8te et essayiste, Jonas Follonier est le fondateur et r\u00e9dacteur en chef du \u00abRegard Libre\u00bb.\",\"sameAs\":[\"https:\\\/\\\/www.facebook.com\\\/jonas.follonier\\\/\",\"https:\\\/\\\/www.instagram.com\\\/jonasfollonier\\\/\",\"https:\\\/\\\/www.linkedin.com\\\/in\\\/jonasfollonier\\\/\",\"https:\\\/\\\/fr.wikipedia.org\\\/wiki\\\/Le_Regard_libre\"],\"url\":\"https:\\\/\\\/leregardlibre.com\\\/en\\\/author\\\/jonas-follonier\\\/\"}]}<\/script>\n<!-- \/ Yoast SEO Premium plugin. -->","yoast_head_json":{"title":"Baudelaire's journalistic spleen","description":"With \u00abLe Spleen de Paris\u00bb, published posthumously, Baudelaire added a new dimension to his work: its grounding in everyday life.","robots":{"index":"index","follow":"follow","max-snippet":"max-snippet:-1","max-image-preview":"max-image-preview:large","max-video-preview":"max-video-preview:-1"},"canonical":"https:\/\/leregardlibre.com\/en\/literature\/baudelaires-journalistic-spleen\/","og_locale":"en_US","og_type":"article","og_title":"Le spleen journalistique de Baudelaire","og_description":"Avec \u00abLe Spleen de Paris\u00bb, publi\u00e9 \u00e0 titre posthume, Baudelaire a enrichi son \u0153uvre d\u2019une dimension nouvelle: son ancrage dans le quotidien.","og_url":"https:\/\/leregardlibre.com\/en\/literature\/baudelaires-journalistic-spleen\/","og_site_name":"Le Regard Libre","article_publisher":"https:\/\/www.facebook.com\/leregardlibre\/","article_author":"https:\/\/www.facebook.com\/jonas.follonier\/","article_published_time":"2020-04-28T19:01:18+00:00","article_modified_time":"2023-06-07T10:53:02+00:00","og_image":[{"width":1200,"height":675,"url":"https:\/\/leregardlibre.com\/wp-content\/uploads\/2020\/04\/paris_noir-blanc_05-1626337012-1588100457388.jpg","type":"image\/jpeg"}],"author":"Jonas Follonier","twitter_card":"summary_large_image","twitter_creator":"@LeRegardLibre","twitter_site":"@LeRegardLibre","twitter_misc":{"Written by":"Jonas Follonier","Est. reading time":"7 minutes"},"schema":{"@context":"https:\/\/schema.org","@graph":[{"@type":"Article","@id":"https:\/\/leregardlibre.com\/litterature\/le-spleen-journalistique-de-baudelaire\/#article","isPartOf":{"@id":"https:\/\/leregardlibre.com\/litterature\/le-spleen-journalistique-de-baudelaire\/"},"author":{"name":"Jonas Follonier","@id":"https:\/\/leregardlibre.com\/#\/schema\/person\/bfe5aa794a23be71485d60e2d93ec0d2"},"headline":"Le spleen journalistique de Baudelaire","datePublished":"2020-04-28T19:01:18+00:00","dateModified":"2023-06-07T10:53:02+00:00","mainEntityOfPage":{"@id":"https:\/\/leregardlibre.com\/litterature\/le-spleen-journalistique-de-baudelaire\/"},"wordCount":1182,"commentCount":0,"publisher":{"@id":"https:\/\/leregardlibre.com\/#organization"},"image":{"@id":"https:\/\/leregardlibre.com\/litterature\/le-spleen-journalistique-de-baudelaire\/#primaryimage"},"thumbnailUrl":"https:\/\/leregardlibre.com\/wp-content\/uploads\/2020\/04\/paris_noir-blanc_05-1626337012-1588100457388.jpg","keywords":["Charles Baudelaire","Critique litt\u00e9raire","Les coronar\u00e9trospectives de la litt\u00e9rature","M\u00e9lancolie","Po\u00e8mes en prose","Villes"],"articleSection":["Litt\u00e9rature"],"inLanguage":"en-US","potentialAction":[{"@type":"CommentAction","name":"Comment","target":["https:\/\/leregardlibre.com\/litterature\/le-spleen-journalistique-de-baudelaire\/#respond"]}]},{"@type":"WebPage","@id":"https:\/\/leregardlibre.com\/litterature\/le-spleen-journalistique-de-baudelaire\/","url":"https:\/\/leregardlibre.com\/litterature\/le-spleen-journalistique-de-baudelaire\/","name":"Baudelaire's journalistic spleen","isPartOf":{"@id":"https:\/\/leregardlibre.com\/#website"},"primaryImageOfPage":{"@id":"https:\/\/leregardlibre.com\/litterature\/le-spleen-journalistique-de-baudelaire\/#primaryimage"},"image":{"@id":"https:\/\/leregardlibre.com\/litterature\/le-spleen-journalistique-de-baudelaire\/#primaryimage"},"thumbnailUrl":"https:\/\/leregardlibre.com\/wp-content\/uploads\/2020\/04\/paris_noir-blanc_05-1626337012-1588100457388.jpg","datePublished":"2020-04-28T19:01:18+00:00","dateModified":"2023-06-07T10:53:02+00:00","description":"With \u00abLe Spleen de Paris\u00bb, published posthumously, Baudelaire added a new dimension to his work: its grounding in everyday life.","breadcrumb":{"@id":"https:\/\/leregardlibre.com\/litterature\/le-spleen-journalistique-de-baudelaire\/#breadcrumb"},"inLanguage":"en-US","potentialAction":[{"@type":"ReadAction","target":["https:\/\/leregardlibre.com\/litterature\/le-spleen-journalistique-de-baudelaire\/"]}]},{"@type":"ImageObject","inLanguage":"en-US","@id":"https:\/\/leregardlibre.com\/litterature\/le-spleen-journalistique-de-baudelaire\/#primaryimage","url":"https:\/\/leregardlibre.com\/wp-content\/uploads\/2020\/04\/paris_noir-blanc_05-1626337012-1588100457388.jpg","contentUrl":"https:\/\/leregardlibre.com\/wp-content\/uploads\/2020\/04\/paris_noir-blanc_05-1626337012-1588100457388.jpg","width":1200,"height":675},{"@type":"BreadcrumbList","@id":"https:\/\/leregardlibre.com\/litterature\/le-spleen-journalistique-de-baudelaire\/#breadcrumb","itemListElement":[{"@type":"ListItem","position":1,"name":"Accueil","item":"https:\/\/leregardlibre.com\/"},{"@type":"ListItem","position":2,"name":"Le spleen journalistique de Baudelaire"}]},{"@type":"WebSite","@id":"https:\/\/leregardlibre.com\/#website","url":"https:\/\/leregardlibre.com\/","name":"Le Regard Libre","description":"Switzerland's first monthly debate magazine","publisher":{"@id":"https:\/\/leregardlibre.com\/#organization"},"potentialAction":[{"@type":"SearchAction","target":{"@type":"EntryPoint","urlTemplate":"https:\/\/leregardlibre.com\/?s={search_term_string}"},"query-input":{"@type":"PropertyValueSpecification","valueRequired":true,"valueName":"search_term_string"}}],"inLanguage":"en-US"},{"@type":"Organization","@id":"https:\/\/leregardlibre.com\/#organization","name":"Le Regard Libre","url":"https:\/\/leregardlibre.com\/","logo":{"@type":"ImageObject","inLanguage":"en-US","@id":"https:\/\/leregardlibre.com\/#\/schema\/logo\/image\/","url":"https:\/\/leregardlibre.com\/wp-content\/uploads\/2025\/08\/logo-rl-icone-neg.jpeg","contentUrl":"https:\/\/leregardlibre.com\/wp-content\/uploads\/2025\/08\/logo-rl-icone-neg.jpeg","width":557,"height":556,"caption":"Le Regard Libre"},"image":{"@id":"https:\/\/leregardlibre.com\/#\/schema\/logo\/image\/"},"sameAs":["https:\/\/www.facebook.com\/leregardlibre\/","https:\/\/x.com\/LeRegardLibre","https:\/\/www.linkedin.com\/company\/le-regard-libre","https:\/\/www.instagram.com\/leregardlibre\/","http:\/\/t.me\/leregardlibre","https:\/\/youtube.com\/channel\/UC6HzGPomj1LsUmlz-sJtITQ"],"description":"Le Regard Libre is a Swiss monthly magazine for intellectual and cultural debate. Its editorial team is young, voluntary, liberal and pluralist. The magazine appears online and in print. Its language is French.","email":"redaction@leregardlibre.com","legalName":"Le Regard Libre","foundingDate":"2014-01-01","numberOfEmployees":{"@type":"QuantitativeValue","minValue":"11","maxValue":"50"},"publishingPrinciples":"https:\/\/leregardlibre.com\/a-propos\/notre-manifeste\/","ownershipFundingInfo":"https:\/\/leregardlibre.com\/mentions-legales\/","actionableFeedbackPolicy":"https:\/\/leregardlibre.com\/conditions-generales-de-vente\/"},{"@type":"Person","@id":"https:\/\/leregardlibre.com\/#\/schema\/person\/bfe5aa794a23be71485d60e2d93ec0d2","name":"Jonas Follonier","image":{"@type":"ImageObject","inLanguage":"en-US","@id":"https:\/\/secure.gravatar.com\/avatar\/602060b40f6a458420c2d140f49b6caea99152ce6704f2c332e5a0c5aad80303?s=96&d=identicon&r=g","url":"https:\/\/secure.gravatar.com\/avatar\/602060b40f6a458420c2d140f49b6caea99152ce6704f2c332e5a0c5aad80303?s=96&d=identicon&r=g","contentUrl":"https:\/\/secure.gravatar.com\/avatar\/602060b40f6a458420c2d140f49b6caea99152ce6704f2c332e5a0c5aad80303?s=96&d=identicon&r=g","caption":"Jonas Follonier"},"description":"Federal Palace correspondent for \u00abL'Agefi\u00bb, singer-songwriter Jonas Follonier is the founder and editor-in-chief of \u00abRegard Libre\u00bb.","sameAs":["https:\/\/www.facebook.com\/jonas.follonier\/","https:\/\/www.instagram.com\/jonasfollonier\/","https:\/\/www.linkedin.com\/in\/jonasfollonier\/","https:\/\/fr.wikipedia.org\/wiki\/Le_Regard_libre"],"url":"https:\/\/leregardlibre.com\/en\/author\/jonas-follonier\/"}]}},"_links":{"self":[{"href":"https:\/\/leregardlibre.com\/en\/wp-json\/wp\/v2\/posts\/33637","targetHints":{"allow":["GET"]}}],"collection":[{"href":"https:\/\/leregardlibre.com\/en\/wp-json\/wp\/v2\/posts"}],"about":[{"href":"https:\/\/leregardlibre.com\/en\/wp-json\/wp\/v2\/types\/post"}],"author":[{"embeddable":true,"href":"https:\/\/leregardlibre.com\/en\/wp-json\/wp\/v2\/users\/138"}],"replies":[{"embeddable":true,"href":"https:\/\/leregardlibre.com\/en\/wp-json\/wp\/v2\/comments?post=33637"}],"version-history":[{"count":2,"href":"https:\/\/leregardlibre.com\/en\/wp-json\/wp\/v2\/posts\/33637\/revisions"}],"predecessor-version":[{"id":515111,"href":"https:\/\/leregardlibre.com\/en\/wp-json\/wp\/v2\/posts\/33637\/revisions\/515111"}],"wp:featuredmedia":[{"embeddable":true,"href":"https:\/\/leregardlibre.com\/en\/wp-json\/wp\/v2\/media\/33642"}],"wp:attachment":[{"href":"https:\/\/leregardlibre.com\/en\/wp-json\/wp\/v2\/media?parent=33637"}],"wp:term":[{"taxonomy":"category","embeddable":true,"href":"https:\/\/leregardlibre.com\/en\/wp-json\/wp\/v2\/categories?post=33637"},{"taxonomy":"post_tag","embeddable":true,"href":"https:\/\/leregardlibre.com\/en\/wp-json\/wp\/v2\/tags?post=33637"}],"curies":[{"name":"wp","href":"https:\/\/api.w.org\/{rel}","templated":true}]}}