{"id":34385,"date":"2020-06-04T18:17:31","date_gmt":"2020-06-04T16:17:31","guid":{"rendered":"https:\/\/leregardlibre.com\/?p=34385"},"modified":"2025-12-13T23:01:52","modified_gmt":"2025-12-13T22:01:52","slug":"the-hirak-in-algeria-and-us-the-end-of-innocence","status":"publish","type":"post","link":"https:\/\/leregardlibre.com\/en\/policy\/world\/the-hirak-in-algeria-and-us-the-end-of-innocence\/","title":{"rendered":"Algeria's hirak and us: the end of innocence"},"content":{"rendered":"<p class=\"has-drop-cap\"><strong>The scandal caused by the France 5 documentary \u00abAlg\u00e9rie, mon amour\u00bb has revealed a societal flaw in the popular opposition movement to the Algerian regime. Until now, progressive Europe has presented this unprecedented peaceful mobilization in an ideal light. It was mistaken. Things are both banal and complex.<\/strong><\/p>\n\n\n\n<!--more Lire l'article-->\n\n\n\n<p>What could have been a harmless moment - two individuals talking about sexuality - turned into a powerful revelation. A brief reminder of the facts: on Tuesday May 26, the France 5 television channel aired a documentary entitled \u00abAlg\u00e9rie, mon amour\u00bb, directed by the Franco-Algerian and journalist with the daily newspaper <em>Le Monde<\/em> Mustapha Kessous, in which five Algerian men and women under the age of thirty who took part in the hirak, the peaceful anti-regime uprising, give their rather negative impressions of their country. It's not the negative tone, as such, that will set social networks abuzz. Rather, it's the crude words spoken by a minority of the witnesses interviewed, all of whom are nonetheless deemed \u00abunrepresentative\u00bb of this popular movement born on February 22, 2019 in opposition to a fifth term for the physically diminished President Abdelaziz Bouteflika, in power since 1999.<\/p>\n\n\n\n\n\n<p>Puritanical indignation on the part of Hirakist twitters, followed by the Algerian government recalling its ambassador to Paris to join the chorus of patriotic disapproval of what is being described as French interference. But \u00abback home\u00bb in Europe, particularly in French-speaking countries that care about Algerians, how does this digital vindictiveness for moral deviationism change our perception of protest, where unity is the watchword? This question is addressed primarily to print and broadcast media with the financial means to send reporters to Algeria, subject to the issuance of visas - a hassle that disappears when the special envoy has an Algerian passport.<\/p>\n\n\n\n<h3 class=\"wp-block-heading\"><strong>Trauma<\/strong><\/h3>\n\n\n\n<p>The only image we have of the Hirak is that of the people standing up to those in power, demanding their departure. A power described as \u00abpredatory\u00bb and made up of \u00abclans\u00bb. The people intend to take back the thread of the glorious history of independence, to trace it back to its source, which a \u00abprivileged caste\u00bb from the FLN, the former single party born of the war against France, now a political-military apparatus modelled on the Soviet model, has arrogated to itself. Such is the historical hook of this peaceful movement, which is determined to remain so. For its part, the regime does not abuse physical repression, limiting its public interventions for the time being to targeted arrests, notably of journalists.<\/p>\n\n\n\n<p>This non-violence is probably partly due to tactical considerations, but probably even more so to the Hirakists\u00ab desire to represent the nation in all its dignity. There's an obvious pride in appearing irreproachable in their own eyes and in the eyes of the world, far from the image of immaturity sometimes attributed to \u00bbArabs\". The non-violence of this unprecedented mobilization, interrupted by the coronavirus, can also be explained - some would say above all else - by the trauma of the civil war of the 1990s. This trauma may have delayed the takeover of the streets, which had already occurred in neighbouring Tunisia at the end of 2010.<\/p>\n\n\n\n<h3 class=\"wp-block-heading\"><strong>Blind<\/strong><\/h3>\n\n\n\n<p>With the framework of the hirak's historical legitimacy more or less established, let's return to what the major French-language press, particularly the French press, most concerned with the Algerian popular uprising, understands and portrays. On the whole, it gives an idealistic, romantic, one-dimensional vision. Certainly, all the \u00abcomponents\u00bb of society are present, from Islamists to liberals, libertarian youth and soccer fans, but they are there, one for all and all for one, generations mixed, pulling at the same rope. As if no conflict stirred the belly of this immense monomony.<\/p>\n\n\n\n\n\n<p>We should perhaps ask ourselves whether the persistence of the hirak, its continuation for more than a year, beyond the fall of Bouteflika in April 2019, after two months of revolt, is not partly due to the need to maintain the appearance of unity at all costs. Conversely, an endgame following the start of negotiations by one or other fringe of the hirak with the authorities would reveal the divergences. A residue of Third Worldism and the desire not to stigmatize blind us to what we see and read between the lines, even when we are several hundred kilometers away from the events.<\/p>\n\n\n\n<p>So we create icons, holy images that are supposed to symbolize what's going on. These representations are carefully considered, if implicit, choices. From Algeria's civil war, we'll keep in mind the heart-rending photo of this grief-stricken woman, remembered as the \u00abMadonna of Bentalha\u00bb, named after the Mitidja locality that was the target of a horrific massacre in September 1997.<\/p>\n\n\n\n<h3 class=\"wp-block-heading\"><strong>The ballerina of Algiers<\/strong><\/h3>\n\n\n\n<p>From the peaceful uprising of Algeria, the antithesis of the black decade, we seem to have chosen a shot of a beautiful young woman, long smooth hair, pink slippers, black jeans and perfecto over a purple bodysuit, performing a dance step on a street in Algiers, with an Algerian flag in the background. After the Madonna of Bentalha, the ballerina of Algiers, after tragedy, rebirth.<\/p>\n\n\n\n<figure class=\"wp-block-image size-large\"><img fetchpriority=\"high\" decoding=\"async\" width=\"750\" height=\"914\" src=\"http:\/\/leregardlibre.com\/wp-content\/uploads\/2020\/06\/Ballerine-dAlger.jpeg\" alt=\"\" class=\"wp-image-34400\" srcset=\"https:\/\/leregardlibre.com\/wp-content\/uploads\/2020\/06\/Ballerine-dAlger.jpeg 750w, https:\/\/leregardlibre.com\/wp-content\/uploads\/2020\/06\/Ballerine-dAlger-585x713.jpeg 585w, https:\/\/leregardlibre.com\/wp-content\/uploads\/2020\/06\/Ballerine-dAlger-123x150.jpeg 123w, https:\/\/leregardlibre.com\/wp-content\/uploads\/2020\/06\/Ballerine-dAlger-246x300.jpeg 246w, https:\/\/leregardlibre.com\/wp-content\/uploads\/2020\/06\/Ballerine-dAlger-300x366.jpeg 300w, https:\/\/leregardlibre.com\/wp-content\/uploads\/2020\/06\/Ballerine-dAlger-600x731.jpeg 600w\" sizes=\"(max-width: 750px) 100vw, 750px\" \/><figcaption>The photo that <a href=\"https:\/\/www.elwatan.com\/edition\/actualite\/melissa-ziad-la-ballerine-de-lespoir-09-03-2019\">\u00abaround the world\u00bb<\/a> \u00a9 <em>Rania G Ranougraphy<\/em> \/ El Watan<\/figcaption><\/figure>\n\n\n\n<p>Men? No men. Well, not here. It's that we choose, but never say so. A soccer fan wrapped in an Algerian flag? - Yeah, don't you think that's a bit redneck, a bit nationalistic? Even at <em>Lib\u00e9<\/em>, This is something that the person in charge needs to think about when making his or her choice. Especially at <em>Lib\u00e9<\/em>, a daily newspaper with a libertarian tradition. But <em>Lib\u00e9<\/em> is neither racist nor neo-colonialist, nor is it anti-hirak - no media outlet has any reason to be. Nevertheless, there's a hirak he likes and a hirak he likes less. A photo will tell you which he prefers.<\/p>\n\n\n\n<p>We quote from the newspaper <em>Release<\/em>, But it's our entire social-liberal, progressive press that thinks like this: the future of the Arab world is the young, free woman - not veiled, of course. We don't proclaim it, but we think it. In doing so, we're not necessarily doing the boys any favors: they're jealous of the attention girls get, and tend to close in on themselves, in their macho preoccupations. This can be seen in the French suburbs, with the encouragement of the Parti des Indig\u00e8nes de la R\u00e9publiques, the scapegoat of \u00abindividual freedom\u00bb, that false emancipation proposed by the former colonist to blacks and Arabs - what whisky is to North American Indians in the albums of <em>Lucky Luke<\/em>...<\/p>\n\n\n\n<h3 class=\"wp-block-heading\"><strong>The trick<\/strong><\/h3>\n\n\n\n<p>Let's stay with the photo. To muddy the waters, to avoid being accused of neo-colonialist appropriation, we accompany the illustration finally chosen, that of the graceful dancer, with a commentary that makes Western readers feel guilty, incidentally putting them at fault. For example: \u00abThis image contrasts with the clich\u00e9s one might have of these young people...\u00bb. Of course... We're sufficiently educated to know that Algeria is sociologically diverse, that it's made up of tradition and modernity, as the saying goes. So much so that this comment rings hollow, as the writer knows.<\/p>\n\n\n\n<p>He or she is not unaware that the balance of power, the tension, the struggle for emancipation, in this case, lies in Algeria, not in Europe. This habit of putting the blame on the \u2019Westerner\u00ab also applies in France, for example when referring to a work conceived by a descendant of North African or sub-Saharan immigrants living or having grown up in the suburbs. We'll say, we'll read: \u00bbContrary to the clich\u00e9s we may have about working-class neighborhoods...\u00ab, whereas the emancipation observed, particularly in the artistic field, is more often the result of distancing oneself from the traditional framework linked to one's country of origin, of a determination to go beyond the \u00bbqu'en dira-t-on\u00ab of one's buddies. It is also sometimes the result of overcoming an inferiority complex, a feeling of illegitimacy vis-\u00e0-vis the \u00bbFrench\u00ab, which the latter, clumsy or ill-intentioned, are not always quick to dispel.&nbsp;<\/p>\n\n\n\n<p>In the Algeria of the hirak, it is in spite of the country's tradition and not in spite of the Western gaze, it is in rupture with the milieu and not to fight external clich\u00e9s, that this ballerina with beautiful black hair performs this dance step, which \u00abhas gone around the world\u00bb. When the photo, taken during a Hirakist demonstration, was published in March 2019, the scathing remarks came from Algeria and the Algerian diaspora in France and England. They concern the young woman's lack of \u00abmodesty\u00bb, who \u00abputs people to shame by wanting to do as Westerners do\u00bb. But it was in Algeria itself, as well as in the diaspora, that she was supported by another section of Algerian youth, who identified with her, proud to see her \u00abembody the Algerian woman of tomorrow\u00bb.<\/p>\n\n\n\n<h3 class=\"wp-block-heading\"><strong>Where is Walesa?<\/strong><\/h3>\n\n\n\n<p>Today's outraged reactions to the documentary \u00abAlg\u00e9rie, mon amour\u00bb highlight a societal fracture within the hirak. The issue of morality may be considered less essential and less of a priority than work, justice, health and democracy, but it cannot be dismissed or even suppressed. It is the source of tensions that we knew existed. These tensions came to the fore with the release of Mustapha Kessous's film, putting an end to the movement's innocence and our naivety.<\/p>\n\n\n\n\n\n<p>This societal point acts as a moment of truth in what was perhaps becoming a live myth, that of unity achieved, forever having to overcome divisions that give rise to fears, among those over twenty years and two decades after the civil concord law validating amnesty, widely approved by referendum on the initiative of Bouteflika, then adulated as the providential man, of a resurgence of the dark years. But let's be optimistic, if we can be optimistic in Europe as the \u00abunconcerned\u00bb, to use the rather silly expression of neo-militancy. The pitfall of the hirak, however, would be to turn itself into a single party, a FLN bis, which rose up against this and which is preferred to the Polish Solidarnosc. It's up to Algerian society, with its Muslim tradition, just as Walesa's Poland was Catholic, to allow all its members to live free, fully. Perhaps a Walesa is missing.<\/p>\n\n\n\n<hr class=\"wp-block-separator has-css-opacity\"\/>\n\n\n\n<p>Header image: Demonstration against Abdelatif Bouteflika's fifth term. Source: <a href=\"https:\/\/fr.m.wikipedia.org\/wiki\/Fichier:Manifestation_contre_le_5e_mandat_de_Bouteflika_(Blida).jpg\">Wikimedia<\/a> CC 4.0<\/p>\n\n\n\n<h6 class=\"wp-block-heading\"><em><em><em>Antoine Menusier<\/em><\/em><strong><strong><em><strong><em><strong>\u00a0is a journalist. Editor-in-chief of Bondy Blog from 2009 to 2011 and a former senior reporter at<\/strong><\/em><strong> <\/strong><\/strong><\/em><\/strong><\/strong><\/em><strong><strong><strong><strong>Time<\/strong><\/strong><\/strong><\/strong><em><strong><strong><em><strong><em><strong>\u00a0and\u00a0<\/strong><\/em><\/strong><\/em><\/strong><\/strong><\/em><strong><strong><strong><strong>L'Hebdo<\/strong><\/strong><\/strong><\/strong><em><strong><strong><em><strong><em><strong>, he is the author of\u00a0<\/strong><\/em><strong><a href=\"https:\/\/www.payot.ch\/Detail\/le_livre_des_indesires-menusier_antoine-9782204112703?fp=1\">Livre des ind\u00e9sir\u00e9s - A history of Arabs in France<\/a><\/strong><em><strong>\u00a0(Editions du Cerf, 2019). Today, he writes for the Swiss media outlet Watson and contributes to the French magazines <\/strong><\/em><\/strong><\/em><\/strong><\/strong><\/em><strong><strong><strong><strong>Marianne<\/strong><\/strong><\/strong><\/strong><em><strong><strong><em><strong><em><strong> and <\/strong><\/em><\/strong><\/em><\/strong><\/strong><\/em><strong><strong><strong><strong>L'Express<\/strong><\/strong><\/strong><\/strong><em><strong><strong><em><strong><em><strong>.<\/strong><\/em><\/strong><\/em><\/strong><\/strong><\/em><\/h6>","protected":false},"excerpt":{"rendered":"<p>The revelation of \u2019Alg\u00e9rie mon amour\u00ab<\/p>","protected":false},"author":120,"featured_media":34399,"comment_status":"open","ping_status":"open","sticky":false,"template":"","format":"standard","meta":{"_acf_changed":false,"footnotes":""},"categories":[644357281],"tags":[100140,4328,644350897,446131],"class_list":["post-34385","post","type-post","status-publish","format-standard","has-post-thumbnail","hentry","category-monde","tag-algerie","tag-europe","tag-hirak","tag-islamisme"],"acf":[],"yoast_head":"<!-- This site is optimized with the Yoast SEO Premium plugin v27.4 (Yoast SEO v27.4) - https:\/\/yoast.com\/product\/yoast-seo-premium-wordpress\/ -->\n<title>Le hirak en Alg\u00e9rie et nous: la fin de l\u2019innocence<\/title>\n<meta name=\"robots\" content=\"index, follow, max-snippet:-1, max-image-preview:large, max-video-preview:-1\" \/>\n<link rel=\"canonical\" href=\"https:\/\/leregardlibre.com\/en\/policy\/world\/the-hirak-in-algeria-and-us-the-end-of-innocence\/\" \/>\n<meta property=\"og:locale\" content=\"en_US\" \/>\n<meta property=\"og:type\" content=\"article\" \/>\n<meta property=\"og:title\" content=\"Le hirak en Alg\u00e9rie et nous: la fin de l\u2019innocence\" \/>\n<meta property=\"og:description\" content=\"La r\u00e9v\u00e9lation d&#039;\u00abAlg\u00e9rie mon amour\u00bb\" \/>\n<meta property=\"og:url\" content=\"https:\/\/leregardlibre.com\/en\/policy\/world\/the-hirak-in-algeria-and-us-the-end-of-innocence\/\" \/>\n<meta property=\"og:site_name\" content=\"Le Regard Libre\" \/>\n<meta property=\"article:publisher\" content=\"https:\/\/www.facebook.com\/leregardlibre\/\" \/>\n<meta property=\"article:published_time\" content=\"2020-06-04T16:17:31+00:00\" \/>\n<meta property=\"article:modified_time\" content=\"2025-12-13T22:01:52+00:00\" \/>\n<meta property=\"og:image\" content=\"https:\/\/leregardlibre.com\/wp-content\/uploads\/2020\/06\/Manifestation_contre_le_5e_mandat_de_Bouteflika_Blida.jpg\" \/>\n\t<meta property=\"og:image:width\" content=\"2048\" \/>\n\t<meta property=\"og:image:height\" content=\"1055\" \/>\n\t<meta property=\"og:image:type\" content=\"image\/jpeg\" \/>\n<meta name=\"author\" content=\"Antoine Menusier\" \/>\n<meta name=\"twitter:card\" content=\"summary_large_image\" \/>\n<meta name=\"twitter:creator\" content=\"@LeRegardLibre\" \/>\n<meta name=\"twitter:site\" content=\"@LeRegardLibre\" \/>\n<meta name=\"twitter:label1\" content=\"Written by\" \/>\n\t<meta name=\"twitter:data1\" content=\"Antoine Menusier\" \/>\n\t<meta name=\"twitter:label2\" content=\"Est. reading time\" \/>\n\t<meta name=\"twitter:data2\" content=\"10 minutes\" \/>\n<script type=\"application\/ld+json\" class=\"yoast-schema-graph\">{\"@context\":\"https:\\\/\\\/schema.org\",\"@graph\":[{\"@type\":\"Article\",\"@id\":\"https:\\\/\\\/leregardlibre.com\\\/politique\\\/monde\\\/le-hirak-en-algerie-et-nous-la-fin-de-linnocence\\\/#article\",\"isPartOf\":{\"@id\":\"https:\\\/\\\/leregardlibre.com\\\/politique\\\/monde\\\/le-hirak-en-algerie-et-nous-la-fin-de-linnocence\\\/\"},\"author\":{\"name\":\"Antoine Menusier\",\"@id\":\"https:\\\/\\\/leregardlibre.com\\\/#\\\/schema\\\/person\\\/ce386ed8f858409e7182fce38cdbb91e\"},\"headline\":\"Le hirak en Alg\u00e9rie et nous: la fin de l\u2019innocence\",\"datePublished\":\"2020-06-04T16:17:31+00:00\",\"dateModified\":\"2025-12-13T22:01:52+00:00\",\"mainEntityOfPage\":{\"@id\":\"https:\\\/\\\/leregardlibre.com\\\/politique\\\/monde\\\/le-hirak-en-algerie-et-nous-la-fin-de-linnocence\\\/\"},\"wordCount\":2066,\"commentCount\":3,\"publisher\":{\"@id\":\"https:\\\/\\\/leregardlibre.com\\\/#organization\"},\"image\":{\"@id\":\"https:\\\/\\\/leregardlibre.com\\\/politique\\\/monde\\\/le-hirak-en-algerie-et-nous-la-fin-de-linnocence\\\/#primaryimage\"},\"thumbnailUrl\":\"https:\\\/\\\/leregardlibre.com\\\/wp-content\\\/uploads\\\/2020\\\/06\\\/Manifestation_contre_le_5e_mandat_de_Bouteflika_Blida.jpg\",\"keywords\":[\"Alg\u00e9rie\",\"Europe\",\"Hirak\",\"Islamisme\"],\"articleSection\":[\"Monde\"],\"inLanguage\":\"en-US\",\"potentialAction\":[{\"@type\":\"CommentAction\",\"name\":\"Comment\",\"target\":[\"https:\\\/\\\/leregardlibre.com\\\/politique\\\/monde\\\/le-hirak-en-algerie-et-nous-la-fin-de-linnocence\\\/#respond\"]}]},{\"@type\":\"WebPage\",\"@id\":\"https:\\\/\\\/leregardlibre.com\\\/politique\\\/monde\\\/le-hirak-en-algerie-et-nous-la-fin-de-linnocence\\\/\",\"url\":\"https:\\\/\\\/leregardlibre.com\\\/politique\\\/monde\\\/le-hirak-en-algerie-et-nous-la-fin-de-linnocence\\\/\",\"name\":\"Le hirak en Alg\u00e9rie et nous: la fin de l\u2019innocence\",\"isPartOf\":{\"@id\":\"https:\\\/\\\/leregardlibre.com\\\/#website\"},\"primaryImageOfPage\":{\"@id\":\"https:\\\/\\\/leregardlibre.com\\\/politique\\\/monde\\\/le-hirak-en-algerie-et-nous-la-fin-de-linnocence\\\/#primaryimage\"},\"image\":{\"@id\":\"https:\\\/\\\/leregardlibre.com\\\/politique\\\/monde\\\/le-hirak-en-algerie-et-nous-la-fin-de-linnocence\\\/#primaryimage\"},\"thumbnailUrl\":\"https:\\\/\\\/leregardlibre.com\\\/wp-content\\\/uploads\\\/2020\\\/06\\\/Manifestation_contre_le_5e_mandat_de_Bouteflika_Blida.jpg\",\"datePublished\":\"2020-06-04T16:17:31+00:00\",\"dateModified\":\"2025-12-13T22:01:52+00:00\",\"breadcrumb\":{\"@id\":\"https:\\\/\\\/leregardlibre.com\\\/politique\\\/monde\\\/le-hirak-en-algerie-et-nous-la-fin-de-linnocence\\\/#breadcrumb\"},\"inLanguage\":\"en-US\",\"potentialAction\":[{\"@type\":\"ReadAction\",\"target\":[\"https:\\\/\\\/leregardlibre.com\\\/politique\\\/monde\\\/le-hirak-en-algerie-et-nous-la-fin-de-linnocence\\\/\"]}]},{\"@type\":\"ImageObject\",\"inLanguage\":\"en-US\",\"@id\":\"https:\\\/\\\/leregardlibre.com\\\/politique\\\/monde\\\/le-hirak-en-algerie-et-nous-la-fin-de-linnocence\\\/#primaryimage\",\"url\":\"https:\\\/\\\/leregardlibre.com\\\/wp-content\\\/uploads\\\/2020\\\/06\\\/Manifestation_contre_le_5e_mandat_de_Bouteflika_Blida.jpg\",\"contentUrl\":\"https:\\\/\\\/leregardlibre.com\\\/wp-content\\\/uploads\\\/2020\\\/06\\\/Manifestation_contre_le_5e_mandat_de_Bouteflika_Blida.jpg\",\"width\":2048,\"height\":1055},{\"@type\":\"BreadcrumbList\",\"@id\":\"https:\\\/\\\/leregardlibre.com\\\/politique\\\/monde\\\/le-hirak-en-algerie-et-nous-la-fin-de-linnocence\\\/#breadcrumb\",\"itemListElement\":[{\"@type\":\"ListItem\",\"position\":1,\"name\":\"Accueil\",\"item\":\"https:\\\/\\\/leregardlibre.com\\\/\"},{\"@type\":\"ListItem\",\"position\":2,\"name\":\"Le hirak en Alg\u00e9rie et nous: la fin de l\u2019innocence\"}]},{\"@type\":\"WebSite\",\"@id\":\"https:\\\/\\\/leregardlibre.com\\\/#website\",\"url\":\"https:\\\/\\\/leregardlibre.com\\\/\",\"name\":\"Le Regard Libre\",\"description\":\"Premier mensuel suisse de d\u00e9bat\",\"publisher\":{\"@id\":\"https:\\\/\\\/leregardlibre.com\\\/#organization\"},\"potentialAction\":[{\"@type\":\"SearchAction\",\"target\":{\"@type\":\"EntryPoint\",\"urlTemplate\":\"https:\\\/\\\/leregardlibre.com\\\/?s={search_term_string}\"},\"query-input\":{\"@type\":\"PropertyValueSpecification\",\"valueRequired\":true,\"valueName\":\"search_term_string\"}}],\"inLanguage\":\"en-US\"},{\"@type\":\"Organization\",\"@id\":\"https:\\\/\\\/leregardlibre.com\\\/#organization\",\"name\":\"Le Regard Libre\",\"url\":\"https:\\\/\\\/leregardlibre.com\\\/\",\"logo\":{\"@type\":\"ImageObject\",\"inLanguage\":\"en-US\",\"@id\":\"https:\\\/\\\/leregardlibre.com\\\/#\\\/schema\\\/logo\\\/image\\\/\",\"url\":\"https:\\\/\\\/leregardlibre.com\\\/wp-content\\\/uploads\\\/2025\\\/08\\\/logo-rl-icone-neg.jpeg\",\"contentUrl\":\"https:\\\/\\\/leregardlibre.com\\\/wp-content\\\/uploads\\\/2025\\\/08\\\/logo-rl-icone-neg.jpeg\",\"width\":557,\"height\":556,\"caption\":\"Le Regard Libre\"},\"image\":{\"@id\":\"https:\\\/\\\/leregardlibre.com\\\/#\\\/schema\\\/logo\\\/image\\\/\"},\"sameAs\":[\"https:\\\/\\\/www.facebook.com\\\/leregardlibre\\\/\",\"https:\\\/\\\/x.com\\\/LeRegardLibre\",\"https:\\\/\\\/www.linkedin.com\\\/company\\\/le-regard-libre\",\"https:\\\/\\\/www.instagram.com\\\/leregardlibre\\\/\",\"http:\\\/\\\/t.me\\\/leregardlibre\",\"https:\\\/\\\/youtube.com\\\/channel\\\/UC6HzGPomj1LsUmlz-sJtITQ\"],\"description\":\"Le Regard Libre est un mensuel suisse de d\u00e9bat intellectuel et culturel. Sa r\u00e9daction est jeune, b\u00e9n\u00e9vole, lib\u00e9rale et pluraliste. Le magazine para\u00eet en ligne et sous forme papier. Sa langue est le fran\u00e7ais.\",\"email\":\"redaction@leregardlibre.com\",\"legalName\":\"Le Regard Libre\",\"foundingDate\":\"2014-01-01\",\"numberOfEmployees\":{\"@type\":\"QuantitativeValue\",\"minValue\":\"11\",\"maxValue\":\"50\"},\"publishingPrinciples\":\"https:\\\/\\\/leregardlibre.com\\\/a-propos\\\/notre-manifeste\\\/\",\"ownershipFundingInfo\":\"https:\\\/\\\/leregardlibre.com\\\/mentions-legales\\\/\",\"actionableFeedbackPolicy\":\"https:\\\/\\\/leregardlibre.com\\\/conditions-generales-de-vente\\\/\"},{\"@type\":\"Person\",\"@id\":\"https:\\\/\\\/leregardlibre.com\\\/#\\\/schema\\\/person\\\/ce386ed8f858409e7182fce38cdbb91e\",\"name\":\"Antoine Menusier\",\"image\":{\"@type\":\"ImageObject\",\"inLanguage\":\"en-US\",\"@id\":\"https:\\\/\\\/secure.gravatar.com\\\/avatar\\\/208175bba5059c5f43351df297c13fa344b548ac03dbdad0be8633426f4f08af?s=96&d=identicon&r=g\",\"url\":\"https:\\\/\\\/secure.gravatar.com\\\/avatar\\\/208175bba5059c5f43351df297c13fa344b548ac03dbdad0be8633426f4f08af?s=96&d=identicon&r=g\",\"contentUrl\":\"https:\\\/\\\/secure.gravatar.com\\\/avatar\\\/208175bba5059c5f43351df297c13fa344b548ac03dbdad0be8633426f4f08af?s=96&d=identicon&r=g\",\"caption\":\"Antoine Menusier\"},\"description\":\"Journaliste, essayiste, auteur du \u00abLivre des ind\u00e9sir\u00e9s \u2013 Une histoire des Arabes en France\u00bb (Editions du Cerf, 2019), Antoine Menusier contribue au Regard Libre en tant qu'invit\u00e9 de la r\u00e9daction.\",\"sameAs\":[\"https:\\\/\\\/leregardlibre.com\\\/\",\"https:\\\/\\\/fr.wikipedia.org\\\/wiki\\\/Le_Regard_libre\"],\"url\":\"https:\\\/\\\/leregardlibre.com\\\/en\\\/author\\\/antoine-menusier\\\/\"}]}<\/script>\n<!-- \/ Yoast SEO Premium plugin. -->","yoast_head_json":{"title":"Algeria's hirak and us: the end of innocence","robots":{"index":"index","follow":"follow","max-snippet":"max-snippet:-1","max-image-preview":"max-image-preview:large","max-video-preview":"max-video-preview:-1"},"canonical":"https:\/\/leregardlibre.com\/en\/policy\/world\/the-hirak-in-algeria-and-us-the-end-of-innocence\/","og_locale":"en_US","og_type":"article","og_title":"Le hirak en Alg\u00e9rie et nous: la fin de l\u2019innocence","og_description":"La r\u00e9v\u00e9lation d'\u00abAlg\u00e9rie mon amour\u00bb","og_url":"https:\/\/leregardlibre.com\/en\/policy\/world\/the-hirak-in-algeria-and-us-the-end-of-innocence\/","og_site_name":"Le Regard Libre","article_publisher":"https:\/\/www.facebook.com\/leregardlibre\/","article_published_time":"2020-06-04T16:17:31+00:00","article_modified_time":"2025-12-13T22:01:52+00:00","og_image":[{"width":2048,"height":1055,"url":"https:\/\/leregardlibre.com\/wp-content\/uploads\/2020\/06\/Manifestation_contre_le_5e_mandat_de_Bouteflika_Blida.jpg","type":"image\/jpeg"}],"author":"Antoine Menusier","twitter_card":"summary_large_image","twitter_creator":"@LeRegardLibre","twitter_site":"@LeRegardLibre","twitter_misc":{"Written by":"Antoine Menusier","Est. reading time":"10 minutes"},"schema":{"@context":"https:\/\/schema.org","@graph":[{"@type":"Article","@id":"https:\/\/leregardlibre.com\/politique\/monde\/le-hirak-en-algerie-et-nous-la-fin-de-linnocence\/#article","isPartOf":{"@id":"https:\/\/leregardlibre.com\/politique\/monde\/le-hirak-en-algerie-et-nous-la-fin-de-linnocence\/"},"author":{"name":"Antoine Menusier","@id":"https:\/\/leregardlibre.com\/#\/schema\/person\/ce386ed8f858409e7182fce38cdbb91e"},"headline":"Le hirak en Alg\u00e9rie et nous: la fin de l\u2019innocence","datePublished":"2020-06-04T16:17:31+00:00","dateModified":"2025-12-13T22:01:52+00:00","mainEntityOfPage":{"@id":"https:\/\/leregardlibre.com\/politique\/monde\/le-hirak-en-algerie-et-nous-la-fin-de-linnocence\/"},"wordCount":2066,"commentCount":3,"publisher":{"@id":"https:\/\/leregardlibre.com\/#organization"},"image":{"@id":"https:\/\/leregardlibre.com\/politique\/monde\/le-hirak-en-algerie-et-nous-la-fin-de-linnocence\/#primaryimage"},"thumbnailUrl":"https:\/\/leregardlibre.com\/wp-content\/uploads\/2020\/06\/Manifestation_contre_le_5e_mandat_de_Bouteflika_Blida.jpg","keywords":["Alg\u00e9rie","Europe","Hirak","Islamisme"],"articleSection":["Monde"],"inLanguage":"en-US","potentialAction":[{"@type":"CommentAction","name":"Comment","target":["https:\/\/leregardlibre.com\/politique\/monde\/le-hirak-en-algerie-et-nous-la-fin-de-linnocence\/#respond"]}]},{"@type":"WebPage","@id":"https:\/\/leregardlibre.com\/politique\/monde\/le-hirak-en-algerie-et-nous-la-fin-de-linnocence\/","url":"https:\/\/leregardlibre.com\/politique\/monde\/le-hirak-en-algerie-et-nous-la-fin-de-linnocence\/","name":"Algeria's hirak and us: the end of innocence","isPartOf":{"@id":"https:\/\/leregardlibre.com\/#website"},"primaryImageOfPage":{"@id":"https:\/\/leregardlibre.com\/politique\/monde\/le-hirak-en-algerie-et-nous-la-fin-de-linnocence\/#primaryimage"},"image":{"@id":"https:\/\/leregardlibre.com\/politique\/monde\/le-hirak-en-algerie-et-nous-la-fin-de-linnocence\/#primaryimage"},"thumbnailUrl":"https:\/\/leregardlibre.com\/wp-content\/uploads\/2020\/06\/Manifestation_contre_le_5e_mandat_de_Bouteflika_Blida.jpg","datePublished":"2020-06-04T16:17:31+00:00","dateModified":"2025-12-13T22:01:52+00:00","breadcrumb":{"@id":"https:\/\/leregardlibre.com\/politique\/monde\/le-hirak-en-algerie-et-nous-la-fin-de-linnocence\/#breadcrumb"},"inLanguage":"en-US","potentialAction":[{"@type":"ReadAction","target":["https:\/\/leregardlibre.com\/politique\/monde\/le-hirak-en-algerie-et-nous-la-fin-de-linnocence\/"]}]},{"@type":"ImageObject","inLanguage":"en-US","@id":"https:\/\/leregardlibre.com\/politique\/monde\/le-hirak-en-algerie-et-nous-la-fin-de-linnocence\/#primaryimage","url":"https:\/\/leregardlibre.com\/wp-content\/uploads\/2020\/06\/Manifestation_contre_le_5e_mandat_de_Bouteflika_Blida.jpg","contentUrl":"https:\/\/leregardlibre.com\/wp-content\/uploads\/2020\/06\/Manifestation_contre_le_5e_mandat_de_Bouteflika_Blida.jpg","width":2048,"height":1055},{"@type":"BreadcrumbList","@id":"https:\/\/leregardlibre.com\/politique\/monde\/le-hirak-en-algerie-et-nous-la-fin-de-linnocence\/#breadcrumb","itemListElement":[{"@type":"ListItem","position":1,"name":"Accueil","item":"https:\/\/leregardlibre.com\/"},{"@type":"ListItem","position":2,"name":"Le hirak en Alg\u00e9rie et nous: la fin de l\u2019innocence"}]},{"@type":"WebSite","@id":"https:\/\/leregardlibre.com\/#website","url":"https:\/\/leregardlibre.com\/","name":"Le Regard Libre","description":"Switzerland's first monthly debate magazine","publisher":{"@id":"https:\/\/leregardlibre.com\/#organization"},"potentialAction":[{"@type":"SearchAction","target":{"@type":"EntryPoint","urlTemplate":"https:\/\/leregardlibre.com\/?s={search_term_string}"},"query-input":{"@type":"PropertyValueSpecification","valueRequired":true,"valueName":"search_term_string"}}],"inLanguage":"en-US"},{"@type":"Organization","@id":"https:\/\/leregardlibre.com\/#organization","name":"Le Regard Libre","url":"https:\/\/leregardlibre.com\/","logo":{"@type":"ImageObject","inLanguage":"en-US","@id":"https:\/\/leregardlibre.com\/#\/schema\/logo\/image\/","url":"https:\/\/leregardlibre.com\/wp-content\/uploads\/2025\/08\/logo-rl-icone-neg.jpeg","contentUrl":"https:\/\/leregardlibre.com\/wp-content\/uploads\/2025\/08\/logo-rl-icone-neg.jpeg","width":557,"height":556,"caption":"Le Regard Libre"},"image":{"@id":"https:\/\/leregardlibre.com\/#\/schema\/logo\/image\/"},"sameAs":["https:\/\/www.facebook.com\/leregardlibre\/","https:\/\/x.com\/LeRegardLibre","https:\/\/www.linkedin.com\/company\/le-regard-libre","https:\/\/www.instagram.com\/leregardlibre\/","http:\/\/t.me\/leregardlibre","https:\/\/youtube.com\/channel\/UC6HzGPomj1LsUmlz-sJtITQ"],"description":"Le Regard Libre is a Swiss monthly magazine for intellectual and cultural debate. Its editorial team is young, voluntary, liberal and pluralist. The magazine appears online and in print. Its language is French.","email":"redaction@leregardlibre.com","legalName":"Le Regard Libre","foundingDate":"2014-01-01","numberOfEmployees":{"@type":"QuantitativeValue","minValue":"11","maxValue":"50"},"publishingPrinciples":"https:\/\/leregardlibre.com\/a-propos\/notre-manifeste\/","ownershipFundingInfo":"https:\/\/leregardlibre.com\/mentions-legales\/","actionableFeedbackPolicy":"https:\/\/leregardlibre.com\/conditions-generales-de-vente\/"},{"@type":"Person","@id":"https:\/\/leregardlibre.com\/#\/schema\/person\/ce386ed8f858409e7182fce38cdbb91e","name":"Antoine Menusier","image":{"@type":"ImageObject","inLanguage":"en-US","@id":"https:\/\/secure.gravatar.com\/avatar\/208175bba5059c5f43351df297c13fa344b548ac03dbdad0be8633426f4f08af?s=96&d=identicon&r=g","url":"https:\/\/secure.gravatar.com\/avatar\/208175bba5059c5f43351df297c13fa344b548ac03dbdad0be8633426f4f08af?s=96&d=identicon&r=g","contentUrl":"https:\/\/secure.gravatar.com\/avatar\/208175bba5059c5f43351df297c13fa344b548ac03dbdad0be8633426f4f08af?s=96&d=identicon&r=g","caption":"Antoine Menusier"},"description":"Journalist, essayist and author of \u00abLivre des ind\u00e9sir\u00e9s - Une histoire des Arabes en France\u00bb (Editions du Cerf, 2019), Antoine Menusier contributes to Regard Libre as an editorial guest.","sameAs":["https:\/\/leregardlibre.com\/","https:\/\/fr.wikipedia.org\/wiki\/Le_Regard_libre"],"url":"https:\/\/leregardlibre.com\/en\/author\/antoine-menusier\/"}]}},"_links":{"self":[{"href":"https:\/\/leregardlibre.com\/en\/wp-json\/wp\/v2\/posts\/34385","targetHints":{"allow":["GET"]}}],"collection":[{"href":"https:\/\/leregardlibre.com\/en\/wp-json\/wp\/v2\/posts"}],"about":[{"href":"https:\/\/leregardlibre.com\/en\/wp-json\/wp\/v2\/types\/post"}],"author":[{"embeddable":true,"href":"https:\/\/leregardlibre.com\/en\/wp-json\/wp\/v2\/users\/120"}],"replies":[{"embeddable":true,"href":"https:\/\/leregardlibre.com\/en\/wp-json\/wp\/v2\/comments?post=34385"}],"version-history":[{"count":2,"href":"https:\/\/leregardlibre.com\/en\/wp-json\/wp\/v2\/posts\/34385\/revisions"}],"predecessor-version":[{"id":512155,"href":"https:\/\/leregardlibre.com\/en\/wp-json\/wp\/v2\/posts\/34385\/revisions\/512155"}],"wp:featuredmedia":[{"embeddable":true,"href":"https:\/\/leregardlibre.com\/en\/wp-json\/wp\/v2\/media\/34399"}],"wp:attachment":[{"href":"https:\/\/leregardlibre.com\/en\/wp-json\/wp\/v2\/media?parent=34385"}],"wp:term":[{"taxonomy":"category","embeddable":true,"href":"https:\/\/leregardlibre.com\/en\/wp-json\/wp\/v2\/categories?post=34385"},{"taxonomy":"post_tag","embeddable":true,"href":"https:\/\/leregardlibre.com\/en\/wp-json\/wp\/v2\/tags?post=34385"}],"curies":[{"name":"wp","href":"https:\/\/api.w.org\/{rel}","templated":true}]}}