{"id":34517,"date":"2020-06-16T19:00:00","date_gmt":"2020-06-16T17:00:00","guid":{"rendered":"https:\/\/leregardlibre.com\/?p=34517"},"modified":"2022-11-13T14:51:30","modified_gmt":"2022-11-13T13:51:30","slug":"nos-rendez-vous-ont-un-gout-dinacheve","status":"publish","type":"post","link":"https:\/\/leregardlibre.com\/en\/literature\/nos-rendez-vous-ont-un-gout-dinacheve\/","title":{"rendered":"\u00abNos rendez-vous\u00bb: a taste of unfinished business"},"content":{"rendered":"<p><em>Tuesday's books - Lauriane Pipoz<\/em><\/p>\n\n\n\n<p class=\"has-drop-cap\"><strong><em>Our meetings<\/em> tells the story of a series of ill-timed interviews. Over a hundred pages, Eliette Ab\u00e9cassis paints the portraits of Vincent and Am\u00e9lie. Two Parisians who live their lives separately and miss each other. Because one doesn't exclude the other, and because love is amplified by absence.<\/strong><\/p>\n\n\n\n<!--more Lire la critique-->\n\n\n\n<p>Il suffit d\u2019\u00e9couter Eliette Ab\u00e9cassis pour comprendre que derri\u00e8re la l\u00e9g\u00e8ret\u00e9 de cette philosophe se situe une v\u00e9ritable r\u00e9flexion. Son livre poss\u00e8de la m\u00eame qualit\u00e9. Concis, facile d\u2019acc\u00e8s, divertissant, malgr\u00e9 quelques redondances, il se lit comme on d\u00e9vorerait un paquet de biscuits. Avec la tentation de le d\u00e9vorer en quelques heures. Ce qui est justement le meilleur moyen de d\u00e9montrer l\u2019id\u00e9e centrale de ce livre: aujourd\u2019hui, on cherche \u00e0 \u00eatre trop rapides. Habitude qui se r\u00e9percute aussi sur les sentiments. Oui, cette id\u00e9e est presque un lieu commun. Ce qui n\u2019emp\u00eache pas que nous l\u2019oubliions trop souvent.<\/p>\n\n\n\n<h3 class=\"wp-block-heading\"><strong>Rendez-vous rat\u00e9s<\/strong><\/h3>\n\n\n\n<p>Vincent et Am\u00e9lie se rencontrent, se plaisent, se donnent rendez-vous\u2026 et se ratent. Dans des ann\u00e9es quatre-vingt bien moins connect\u00e9es, un simple retard peut avoir des cons\u00e9quences d\u00e9sastreuses. Leur histoire a une particularit\u00e9: le lien entre les deux amoureux est bas\u00e9 sur l\u2019absence de l\u2019autre. Le lecteur suit ces deux \u00e2mes perdues sur des dizaines d\u2019ann\u00e9es \u00e0 travers leurs succ\u00e8s, leurs \u00e9checs, leurs d\u00e9sillusions. Rythm\u00e9s par une seule constante: le manque de l\u2019autre.<\/p>\n\n\n\n<p><strong>Read also: <a href=\"https:\/\/leregardlibre.com\/en\/literature\/linimitable-shard\/\">Tesson l\u2019inimitable<\/a><\/strong><\/p>\n\n\n\n<p>Cette absence douloureuse fait partie int\u00e9grante de chaque \u00e9tape, entretenue par le biais de quelques \u00e9changes et, surtout, par leurs imaginaires respectifs. Nous sommes donc finalement face \u00e0 <em>deux<\/em> histoires phantasm\u00e9es \u2013 celle de Vincent et celle d\u2019Am\u00e9lie \u2013 n\u2019existant que dans l\u2019esprit des deux personnages. Des phantasmes qui ne se rencontrent que p\u00e9riodiquement, chaque dizaine d\u2019ann\u00e9es, par le biais de communications fugaces.<\/p>\n\n\n\n<p>C\u2019est tout l\u2019int\u00e9r\u00eat de l\u2019amour selon l\u2019auteure: les sentiments grandissent lorsqu\u2019ils sont insoumis \u00e0 la course du quotidien. L\u2019attente de l\u2019autre nourrit le d\u00e9sir d\u2019\u00eatre ensemble, attis\u00e9 par l\u2019imagination de ces rencontres. La lenteur serait donc la clef d\u2019une belle histoire. Mais une romance peut-elle \u00eatre plus int\u00e9ressante dans l\u2019imaginaire que dans la r\u00e9alit\u00e9? &nbsp;Cette question reste bien \u00e9videmment ouverte. On peut toutefois se questionner sur la v\u00e9ritable alchimie entre les deux protagonistes. Qui semble plus pr\u00e9sente en r\u00eave que dans la r\u00e9alit\u00e9; le lecteur peut m\u00eame avoir de la peine \u00e0 les imaginer ensemble. Mais peut-\u00eatre est-ce voulu?<\/p>\n\n\n\n<p>Le livre peut sembler un peu l\u00e9ger, voire na\u00eff. Mais il est possible de le voir comme une fable, une ode \u00e0 l\u2019illusion de l\u2019amour unique. Puisque ce dernier n\u2019est plus possible dans le monde d\u2019aujourd\u2019hui, autant l\u2019imaginer. Cette interpr\u00e9tation colle avec le style de l\u2019auteure: un peu trop fleuri, un peu trop r\u00eaveur pour \u00eatre pris au premier degr\u00e9. Ce dont on s\u2019aper\u00e7oit en voyant que la philosophe renvoie une image plut\u00f4t pragmatique lors de ses entretiens. Phantasme ou r\u00e9alit\u00e9?<\/p>\n\n\n\n<p><em>Write to the author: <a href=\"mailto:lauriane.pipoz@leregardlibre.com\">lauriane.pipoz@leregardlibre.com<\/a><\/em><\/p>\n\n\n\n<p>Cr\u00e9dit photo: \u00a9 Site officiel d&#8217;Eliette Ab\u00e9cassiz <\/p>\n\n\n\n<div class=\"wp-block-media-text alignwide is-stacked-on-mobile\" style=\"grid-template-columns:25% auto\"><figure class=\"wp-block-media-text__media\"><img fetchpriority=\"high\" decoding=\"async\" width=\"304\" height=\"475\" src=\"http:\/\/leregardlibre.com\/wp-content\/uploads\/2020\/06\/1829681_f.gif\" alt=\"\" class=\"wp-image-34520\"\/><\/figure><div class=\"wp-block-media-text__content\">\n<p><strong>Eliette Ab\u00e9cassiz<br><em>Our meetings<br><\/em>Editions Grasset &amp; Fasquelle<br>2020<br>152 pages<\/strong><\/p>\n\n\n\n<div class=\"wp-block-buttons is-layout-flex wp-block-buttons-is-layout-flex\">\n<div class=\"wp-block-button\"><a class=\"wp-block-button__link\" href=\"https:\/\/www.payot.ch\/Detail\/nos_rendez_vous-eliette_abecassis-9782246817376\">Buy<\/a><\/div>\n<\/div>\n<\/div><\/div>","protected":false},"excerpt":{"rendered":"<p>Une r\u00e9flexion sur l&#8217;amour et l&#8217;absence.<\/p>","protected":false},"author":102,"featured_media":34527,"comment_status":"open","ping_status":"open","sticky":false,"template":"","format":"standard","meta":{"_acf_changed":false,"footnotes":""},"categories":[20663],"tags":[31254,54879,3054962,277140,1532851,644351292,644351295,644351294,38542,644343079],"class_list":["post-34517","post","type-post","status-publish","format-standard","has-post-thumbnail","hentry","category-litterature","tag-amour","tag-critiques-litteraires","tag-lenteur","tag-litterature-francaise","tag-litterature-francophone","tag-nos-rendez-vous","tag-philosophe","tag-rencard","tag-roman","tag-roman-francais"],"acf":[],"yoast_head":"<!-- This site is optimized with the Yoast SEO Premium plugin v27.4 (Yoast SEO v27.4) - https:\/\/yoast.com\/product\/yoast-seo-premium-wordpress\/ -->\n<title>\u00abNos rendez-vous\u00bb ont un go\u00fbt d&#039;inachev\u00e9<\/title>\n<meta name=\"robots\" content=\"index, follow, max-snippet:-1, max-image-preview:large, max-video-preview:-1\" \/>\n<link rel=\"canonical\" href=\"https:\/\/leregardlibre.com\/en\/literature\/nos-rendez-vous-ont-un-gout-dinacheve\/\" \/>\n<meta property=\"og:locale\" content=\"en_US\" \/>\n<meta property=\"og:type\" content=\"article\" \/>\n<meta property=\"og:title\" content=\"\u00abNos rendez-vous\u00bb ont un go\u00fbt d&#039;inachev\u00e9\" \/>\n<meta property=\"og:description\" content=\"Une r\u00e9flexion sur l&#039;amour et l&#039;absence.\" \/>\n<meta property=\"og:url\" content=\"https:\/\/leregardlibre.com\/en\/literature\/nos-rendez-vous-ont-un-gout-dinacheve\/\" \/>\n<meta property=\"og:site_name\" content=\"Le Regard Libre\" \/>\n<meta property=\"article:publisher\" content=\"https:\/\/www.facebook.com\/leregardlibre\/\" \/>\n<meta property=\"article:published_time\" content=\"2020-06-16T17:00:00+00:00\" \/>\n<meta property=\"article:modified_time\" content=\"2022-11-13T13:51:30+00:00\" \/>\n<meta property=\"og:image\" content=\"https:\/\/leregardlibre.com\/wp-content\/uploads\/2020\/06\/eliette_abecassiz.jpg\" \/>\n\t<meta property=\"og:image:width\" content=\"1299\" \/>\n\t<meta property=\"og:image:height\" content=\"890\" \/>\n\t<meta property=\"og:image:type\" content=\"image\/jpeg\" \/>\n<meta name=\"author\" content=\"Lauriane Pipoz\" \/>\n<meta name=\"twitter:card\" content=\"summary_large_image\" \/>\n<meta name=\"twitter:creator\" content=\"@LeRegardLibre\" \/>\n<meta name=\"twitter:site\" content=\"@LeRegardLibre\" \/>\n<meta name=\"twitter:label1\" content=\"Written by\" \/>\n\t<meta name=\"twitter:data1\" content=\"Lauriane Pipoz\" \/>\n\t<meta name=\"twitter:label2\" content=\"Est. reading time\" \/>\n\t<meta name=\"twitter:data2\" content=\"3 minutes\" \/>\n<script type=\"application\/ld+json\" class=\"yoast-schema-graph\">{\"@context\":\"https:\\\/\\\/schema.org\",\"@graph\":[{\"@type\":\"Article\",\"@id\":\"https:\\\/\\\/leregardlibre.com\\\/litterature\\\/nos-rendez-vous-ont-un-gout-dinacheve\\\/#article\",\"isPartOf\":{\"@id\":\"https:\\\/\\\/leregardlibre.com\\\/litterature\\\/nos-rendez-vous-ont-un-gout-dinacheve\\\/\"},\"author\":{\"name\":\"Lauriane Pipoz\",\"@id\":\"https:\\\/\\\/leregardlibre.com\\\/#\\\/schema\\\/person\\\/4a90f0c5c8d33c0d6228249a2f2d37f5\"},\"headline\":\"\u00abNos rendez-vous\u00bb ont un go\u00fbt d&#8217;inachev\u00e9\",\"datePublished\":\"2020-06-16T17:00:00+00:00\",\"dateModified\":\"2022-11-13T13:51:30+00:00\",\"mainEntityOfPage\":{\"@id\":\"https:\\\/\\\/leregardlibre.com\\\/litterature\\\/nos-rendez-vous-ont-un-gout-dinacheve\\\/\"},\"wordCount\":602,\"commentCount\":0,\"publisher\":{\"@id\":\"https:\\\/\\\/leregardlibre.com\\\/#organization\"},\"image\":{\"@id\":\"https:\\\/\\\/leregardlibre.com\\\/litterature\\\/nos-rendez-vous-ont-un-gout-dinacheve\\\/#primaryimage\"},\"thumbnailUrl\":\"https:\\\/\\\/leregardlibre.com\\\/wp-content\\\/uploads\\\/2020\\\/06\\\/eliette_abecassiz.jpg\",\"keywords\":[\"Amour\",\"Critique litt\u00e9raire\",\"lenteur\",\"Litt\u00e9rature fran\u00e7aise\",\"Litt\u00e9rature francophone\",\"nos rendez-vous\",\"philosophe\",\"rencard\",\"Roman\",\"roman fran\u00e7ais\"],\"articleSection\":[\"Litt\u00e9rature\"],\"inLanguage\":\"en-US\",\"potentialAction\":[{\"@type\":\"CommentAction\",\"name\":\"Comment\",\"target\":[\"https:\\\/\\\/leregardlibre.com\\\/litterature\\\/nos-rendez-vous-ont-un-gout-dinacheve\\\/#respond\"]}]},{\"@type\":\"WebPage\",\"@id\":\"https:\\\/\\\/leregardlibre.com\\\/litterature\\\/nos-rendez-vous-ont-un-gout-dinacheve\\\/\",\"url\":\"https:\\\/\\\/leregardlibre.com\\\/litterature\\\/nos-rendez-vous-ont-un-gout-dinacheve\\\/\",\"name\":\"\u00abNos rendez-vous\u00bb ont un go\u00fbt d'inachev\u00e9\",\"isPartOf\":{\"@id\":\"https:\\\/\\\/leregardlibre.com\\\/#website\"},\"primaryImageOfPage\":{\"@id\":\"https:\\\/\\\/leregardlibre.com\\\/litterature\\\/nos-rendez-vous-ont-un-gout-dinacheve\\\/#primaryimage\"},\"image\":{\"@id\":\"https:\\\/\\\/leregardlibre.com\\\/litterature\\\/nos-rendez-vous-ont-un-gout-dinacheve\\\/#primaryimage\"},\"thumbnailUrl\":\"https:\\\/\\\/leregardlibre.com\\\/wp-content\\\/uploads\\\/2020\\\/06\\\/eliette_abecassiz.jpg\",\"datePublished\":\"2020-06-16T17:00:00+00:00\",\"dateModified\":\"2022-11-13T13:51:30+00:00\",\"breadcrumb\":{\"@id\":\"https:\\\/\\\/leregardlibre.com\\\/litterature\\\/nos-rendez-vous-ont-un-gout-dinacheve\\\/#breadcrumb\"},\"inLanguage\":\"en-US\",\"potentialAction\":[{\"@type\":\"ReadAction\",\"target\":[\"https:\\\/\\\/leregardlibre.com\\\/litterature\\\/nos-rendez-vous-ont-un-gout-dinacheve\\\/\"]}]},{\"@type\":\"ImageObject\",\"inLanguage\":\"en-US\",\"@id\":\"https:\\\/\\\/leregardlibre.com\\\/litterature\\\/nos-rendez-vous-ont-un-gout-dinacheve\\\/#primaryimage\",\"url\":\"https:\\\/\\\/leregardlibre.com\\\/wp-content\\\/uploads\\\/2020\\\/06\\\/eliette_abecassiz.jpg\",\"contentUrl\":\"https:\\\/\\\/leregardlibre.com\\\/wp-content\\\/uploads\\\/2020\\\/06\\\/eliette_abecassiz.jpg\",\"width\":1299,\"height\":890},{\"@type\":\"BreadcrumbList\",\"@id\":\"https:\\\/\\\/leregardlibre.com\\\/litterature\\\/nos-rendez-vous-ont-un-gout-dinacheve\\\/#breadcrumb\",\"itemListElement\":[{\"@type\":\"ListItem\",\"position\":1,\"name\":\"Accueil\",\"item\":\"https:\\\/\\\/leregardlibre.com\\\/\"},{\"@type\":\"ListItem\",\"position\":2,\"name\":\"\u00abNos rendez-vous\u00bb ont un go\u00fbt d&#8217;inachev\u00e9\"}]},{\"@type\":\"WebSite\",\"@id\":\"https:\\\/\\\/leregardlibre.com\\\/#website\",\"url\":\"https:\\\/\\\/leregardlibre.com\\\/\",\"name\":\"Le Regard Libre\",\"description\":\"Premier mensuel suisse de d\u00e9bat\",\"publisher\":{\"@id\":\"https:\\\/\\\/leregardlibre.com\\\/#organization\"},\"potentialAction\":[{\"@type\":\"SearchAction\",\"target\":{\"@type\":\"EntryPoint\",\"urlTemplate\":\"https:\\\/\\\/leregardlibre.com\\\/?s={search_term_string}\"},\"query-input\":{\"@type\":\"PropertyValueSpecification\",\"valueRequired\":true,\"valueName\":\"search_term_string\"}}],\"inLanguage\":\"en-US\"},{\"@type\":\"Organization\",\"@id\":\"https:\\\/\\\/leregardlibre.com\\\/#organization\",\"name\":\"Le Regard Libre\",\"url\":\"https:\\\/\\\/leregardlibre.com\\\/\",\"logo\":{\"@type\":\"ImageObject\",\"inLanguage\":\"en-US\",\"@id\":\"https:\\\/\\\/leregardlibre.com\\\/#\\\/schema\\\/logo\\\/image\\\/\",\"url\":\"https:\\\/\\\/leregardlibre.com\\\/wp-content\\\/uploads\\\/2025\\\/08\\\/logo-rl-icone-neg.jpeg\",\"contentUrl\":\"https:\\\/\\\/leregardlibre.com\\\/wp-content\\\/uploads\\\/2025\\\/08\\\/logo-rl-icone-neg.jpeg\",\"width\":557,\"height\":556,\"caption\":\"Le Regard Libre\"},\"image\":{\"@id\":\"https:\\\/\\\/leregardlibre.com\\\/#\\\/schema\\\/logo\\\/image\\\/\"},\"sameAs\":[\"https:\\\/\\\/www.facebook.com\\\/leregardlibre\\\/\",\"https:\\\/\\\/x.com\\\/LeRegardLibre\",\"https:\\\/\\\/www.linkedin.com\\\/company\\\/le-regard-libre\",\"https:\\\/\\\/www.instagram.com\\\/leregardlibre\\\/\",\"http:\\\/\\\/t.me\\\/leregardlibre\",\"https:\\\/\\\/youtube.com\\\/channel\\\/UC6HzGPomj1LsUmlz-sJtITQ\"],\"description\":\"Le Regard Libre est un mensuel suisse de d\u00e9bat intellectuel et culturel. Sa r\u00e9daction est jeune, b\u00e9n\u00e9vole, lib\u00e9rale et pluraliste. Le magazine para\u00eet en ligne et sous forme papier. Sa langue est le fran\u00e7ais.\",\"email\":\"redaction@leregardlibre.com\",\"legalName\":\"Le Regard Libre\",\"foundingDate\":\"2014-01-01\",\"numberOfEmployees\":{\"@type\":\"QuantitativeValue\",\"minValue\":\"11\",\"maxValue\":\"50\"},\"publishingPrinciples\":\"https:\\\/\\\/leregardlibre.com\\\/a-propos\\\/notre-manifeste\\\/\",\"ownershipFundingInfo\":\"https:\\\/\\\/leregardlibre.com\\\/mentions-legales\\\/\",\"actionableFeedbackPolicy\":\"https:\\\/\\\/leregardlibre.com\\\/conditions-generales-de-vente\\\/\"},{\"@type\":\"Person\",\"@id\":\"https:\\\/\\\/leregardlibre.com\\\/#\\\/schema\\\/person\\\/4a90f0c5c8d33c0d6228249a2f2d37f5\",\"name\":\"Lauriane Pipoz\",\"image\":{\"@type\":\"ImageObject\",\"inLanguage\":\"en-US\",\"@id\":\"https:\\\/\\\/secure.gravatar.com\\\/avatar\\\/9a20095942ede01d828f2fc30b63370b5d10612b2f5f1b4099e9dd868b95749d?s=96&d=identicon&r=g\",\"url\":\"https:\\\/\\\/secure.gravatar.com\\\/avatar\\\/9a20095942ede01d828f2fc30b63370b5d10612b2f5f1b4099e9dd868b95749d?s=96&d=identicon&r=g\",\"contentUrl\":\"https:\\\/\\\/secure.gravatar.com\\\/avatar\\\/9a20095942ede01d828f2fc30b63370b5d10612b2f5f1b4099e9dd868b95749d?s=96&d=identicon&r=g\",\"caption\":\"Lauriane Pipoz\"},\"sameAs\":[\"https:\\\/\\\/leregardlibre.com\\\/\",\"https:\\\/\\\/fr.wikipedia.org\\\/wiki\\\/Le_Regard_libre\"],\"url\":\"https:\\\/\\\/leregardlibre.com\\\/en\\\/author\\\/lauriane00\\\/\"}]}<\/script>\n<!-- \/ Yoast SEO Premium plugin. -->","yoast_head_json":{"title":"\u00abNos rendez-vous\u00bb ont un go\u00fbt d'inachev\u00e9","robots":{"index":"index","follow":"follow","max-snippet":"max-snippet:-1","max-image-preview":"max-image-preview:large","max-video-preview":"max-video-preview:-1"},"canonical":"https:\/\/leregardlibre.com\/en\/literature\/nos-rendez-vous-ont-un-gout-dinacheve\/","og_locale":"en_US","og_type":"article","og_title":"\u00abNos rendez-vous\u00bb ont un go\u00fbt d'inachev\u00e9","og_description":"Une r\u00e9flexion sur l'amour et l'absence.","og_url":"https:\/\/leregardlibre.com\/en\/literature\/nos-rendez-vous-ont-un-gout-dinacheve\/","og_site_name":"Le Regard Libre","article_publisher":"https:\/\/www.facebook.com\/leregardlibre\/","article_published_time":"2020-06-16T17:00:00+00:00","article_modified_time":"2022-11-13T13:51:30+00:00","og_image":[{"width":1299,"height":890,"url":"https:\/\/leregardlibre.com\/wp-content\/uploads\/2020\/06\/eliette_abecassiz.jpg","type":"image\/jpeg"}],"author":"Lauriane Pipoz","twitter_card":"summary_large_image","twitter_creator":"@LeRegardLibre","twitter_site":"@LeRegardLibre","twitter_misc":{"Written by":"Lauriane Pipoz","Est. reading time":"3 minutes"},"schema":{"@context":"https:\/\/schema.org","@graph":[{"@type":"Article","@id":"https:\/\/leregardlibre.com\/litterature\/nos-rendez-vous-ont-un-gout-dinacheve\/#article","isPartOf":{"@id":"https:\/\/leregardlibre.com\/litterature\/nos-rendez-vous-ont-un-gout-dinacheve\/"},"author":{"name":"Lauriane Pipoz","@id":"https:\/\/leregardlibre.com\/#\/schema\/person\/4a90f0c5c8d33c0d6228249a2f2d37f5"},"headline":"\u00abNos rendez-vous\u00bb ont un go\u00fbt d&#8217;inachev\u00e9","datePublished":"2020-06-16T17:00:00+00:00","dateModified":"2022-11-13T13:51:30+00:00","mainEntityOfPage":{"@id":"https:\/\/leregardlibre.com\/litterature\/nos-rendez-vous-ont-un-gout-dinacheve\/"},"wordCount":602,"commentCount":0,"publisher":{"@id":"https:\/\/leregardlibre.com\/#organization"},"image":{"@id":"https:\/\/leregardlibre.com\/litterature\/nos-rendez-vous-ont-un-gout-dinacheve\/#primaryimage"},"thumbnailUrl":"https:\/\/leregardlibre.com\/wp-content\/uploads\/2020\/06\/eliette_abecassiz.jpg","keywords":["Amour","Critique litt\u00e9raire","lenteur","Litt\u00e9rature fran\u00e7aise","Litt\u00e9rature francophone","nos rendez-vous","philosophe","rencard","Roman","roman fran\u00e7ais"],"articleSection":["Litt\u00e9rature"],"inLanguage":"en-US","potentialAction":[{"@type":"CommentAction","name":"Comment","target":["https:\/\/leregardlibre.com\/litterature\/nos-rendez-vous-ont-un-gout-dinacheve\/#respond"]}]},{"@type":"WebPage","@id":"https:\/\/leregardlibre.com\/litterature\/nos-rendez-vous-ont-un-gout-dinacheve\/","url":"https:\/\/leregardlibre.com\/litterature\/nos-rendez-vous-ont-un-gout-dinacheve\/","name":"\u00abNos rendez-vous\u00bb ont un go\u00fbt d'inachev\u00e9","isPartOf":{"@id":"https:\/\/leregardlibre.com\/#website"},"primaryImageOfPage":{"@id":"https:\/\/leregardlibre.com\/litterature\/nos-rendez-vous-ont-un-gout-dinacheve\/#primaryimage"},"image":{"@id":"https:\/\/leregardlibre.com\/litterature\/nos-rendez-vous-ont-un-gout-dinacheve\/#primaryimage"},"thumbnailUrl":"https:\/\/leregardlibre.com\/wp-content\/uploads\/2020\/06\/eliette_abecassiz.jpg","datePublished":"2020-06-16T17:00:00+00:00","dateModified":"2022-11-13T13:51:30+00:00","breadcrumb":{"@id":"https:\/\/leregardlibre.com\/litterature\/nos-rendez-vous-ont-un-gout-dinacheve\/#breadcrumb"},"inLanguage":"en-US","potentialAction":[{"@type":"ReadAction","target":["https:\/\/leregardlibre.com\/litterature\/nos-rendez-vous-ont-un-gout-dinacheve\/"]}]},{"@type":"ImageObject","inLanguage":"en-US","@id":"https:\/\/leregardlibre.com\/litterature\/nos-rendez-vous-ont-un-gout-dinacheve\/#primaryimage","url":"https:\/\/leregardlibre.com\/wp-content\/uploads\/2020\/06\/eliette_abecassiz.jpg","contentUrl":"https:\/\/leregardlibre.com\/wp-content\/uploads\/2020\/06\/eliette_abecassiz.jpg","width":1299,"height":890},{"@type":"BreadcrumbList","@id":"https:\/\/leregardlibre.com\/litterature\/nos-rendez-vous-ont-un-gout-dinacheve\/#breadcrumb","itemListElement":[{"@type":"ListItem","position":1,"name":"Accueil","item":"https:\/\/leregardlibre.com\/"},{"@type":"ListItem","position":2,"name":"\u00abNos rendez-vous\u00bb ont un go\u00fbt d&#8217;inachev\u00e9"}]},{"@type":"WebSite","@id":"https:\/\/leregardlibre.com\/#website","url":"https:\/\/leregardlibre.com\/","name":"Le Regard Libre","description":"Switzerland's first monthly debate magazine","publisher":{"@id":"https:\/\/leregardlibre.com\/#organization"},"potentialAction":[{"@type":"SearchAction","target":{"@type":"EntryPoint","urlTemplate":"https:\/\/leregardlibre.com\/?s={search_term_string}"},"query-input":{"@type":"PropertyValueSpecification","valueRequired":true,"valueName":"search_term_string"}}],"inLanguage":"en-US"},{"@type":"Organization","@id":"https:\/\/leregardlibre.com\/#organization","name":"Le Regard Libre","url":"https:\/\/leregardlibre.com\/","logo":{"@type":"ImageObject","inLanguage":"en-US","@id":"https:\/\/leregardlibre.com\/#\/schema\/logo\/image\/","url":"https:\/\/leregardlibre.com\/wp-content\/uploads\/2025\/08\/logo-rl-icone-neg.jpeg","contentUrl":"https:\/\/leregardlibre.com\/wp-content\/uploads\/2025\/08\/logo-rl-icone-neg.jpeg","width":557,"height":556,"caption":"Le Regard Libre"},"image":{"@id":"https:\/\/leregardlibre.com\/#\/schema\/logo\/image\/"},"sameAs":["https:\/\/www.facebook.com\/leregardlibre\/","https:\/\/x.com\/LeRegardLibre","https:\/\/www.linkedin.com\/company\/le-regard-libre","https:\/\/www.instagram.com\/leregardlibre\/","http:\/\/t.me\/leregardlibre","https:\/\/youtube.com\/channel\/UC6HzGPomj1LsUmlz-sJtITQ"],"description":"Le Regard Libre is a Swiss monthly magazine for intellectual and cultural debate. Its editorial team is young, voluntary, liberal and pluralist. The magazine appears online and in print. Its language is French.","email":"redaction@leregardlibre.com","legalName":"Le Regard Libre","foundingDate":"2014-01-01","numberOfEmployees":{"@type":"QuantitativeValue","minValue":"11","maxValue":"50"},"publishingPrinciples":"https:\/\/leregardlibre.com\/a-propos\/notre-manifeste\/","ownershipFundingInfo":"https:\/\/leregardlibre.com\/mentions-legales\/","actionableFeedbackPolicy":"https:\/\/leregardlibre.com\/conditions-generales-de-vente\/"},{"@type":"Person","@id":"https:\/\/leregardlibre.com\/#\/schema\/person\/4a90f0c5c8d33c0d6228249a2f2d37f5","name":"Lauriane Pipoz","image":{"@type":"ImageObject","inLanguage":"en-US","@id":"https:\/\/secure.gravatar.com\/avatar\/9a20095942ede01d828f2fc30b63370b5d10612b2f5f1b4099e9dd868b95749d?s=96&d=identicon&r=g","url":"https:\/\/secure.gravatar.com\/avatar\/9a20095942ede01d828f2fc30b63370b5d10612b2f5f1b4099e9dd868b95749d?s=96&d=identicon&r=g","contentUrl":"https:\/\/secure.gravatar.com\/avatar\/9a20095942ede01d828f2fc30b63370b5d10612b2f5f1b4099e9dd868b95749d?s=96&d=identicon&r=g","caption":"Lauriane Pipoz"},"sameAs":["https:\/\/leregardlibre.com\/","https:\/\/fr.wikipedia.org\/wiki\/Le_Regard_libre"],"url":"https:\/\/leregardlibre.com\/en\/author\/lauriane00\/"}]}},"_links":{"self":[{"href":"https:\/\/leregardlibre.com\/en\/wp-json\/wp\/v2\/posts\/34517","targetHints":{"allow":["GET"]}}],"collection":[{"href":"https:\/\/leregardlibre.com\/en\/wp-json\/wp\/v2\/posts"}],"about":[{"href":"https:\/\/leregardlibre.com\/en\/wp-json\/wp\/v2\/types\/post"}],"author":[{"embeddable":true,"href":"https:\/\/leregardlibre.com\/en\/wp-json\/wp\/v2\/users\/102"}],"replies":[{"embeddable":true,"href":"https:\/\/leregardlibre.com\/en\/wp-json\/wp\/v2\/comments?post=34517"}],"version-history":[{"count":1,"href":"https:\/\/leregardlibre.com\/en\/wp-json\/wp\/v2\/posts\/34517\/revisions"}],"predecessor-version":[{"id":511793,"href":"https:\/\/leregardlibre.com\/en\/wp-json\/wp\/v2\/posts\/34517\/revisions\/511793"}],"wp:featuredmedia":[{"embeddable":true,"href":"https:\/\/leregardlibre.com\/en\/wp-json\/wp\/v2\/media\/34527"}],"wp:attachment":[{"href":"https:\/\/leregardlibre.com\/en\/wp-json\/wp\/v2\/media?parent=34517"}],"wp:term":[{"taxonomy":"category","embeddable":true,"href":"https:\/\/leregardlibre.com\/en\/wp-json\/wp\/v2\/categories?post=34517"},{"taxonomy":"post_tag","embeddable":true,"href":"https:\/\/leregardlibre.com\/en\/wp-json\/wp\/v2\/tags?post=34517"}],"curies":[{"name":"wp","href":"https:\/\/api.w.org\/{rel}","templated":true}]}}