{"id":34798,"date":"2020-07-04T20:10:34","date_gmt":"2020-07-04T18:10:34","guid":{"rendered":"https:\/\/leregardlibre.com\/?p=34798"},"modified":"2026-02-08T21:32:45","modified_gmt":"2026-02-08T20:32:45","slug":"pas-de-denouement-pour-laffaire-maddie","status":"publish","type":"post","link":"https:\/\/leregardlibre.com\/en\/cinema\/series\/pas-de-denouement-pour-laffaire-maddie\/","title":{"rendered":"No end in sight for Maddie case"},"content":{"rendered":"<p><em>Saturday's Netflix &amp; chill - Alissa Musumeci<\/em><\/p>\n\n\n\n<p class=\"has-drop-cap\">How many parents take advantage of letting their children rest quietly in their bedrooms to make the most of a romantic dinner? With a magnificent view of the sea, the idea is even more appealing... and for the McCanns, what was supposed to be an evening of fun and romance was a real treat. <em>relax<\/em> has literally turned into a nightmare. Madeleine McCann, a beautiful three-year-old girl, had gone missing. That's when the case is brought back to life by <em>Maddie's disappearance <\/em>is born. Thanks to the exclusive testimonies of Maddie's parents and residents of the Praia da Luz region, the production has succeeded in accurately, meticulously and respectfully retracing the whole story from 2007 to 2019.<\/p>\n\n\n\n<!--more Lire la suite de la critique-->\n\n\n\n<p>L\u2019histoire est \u00e9videmment prenante et touchante, les \u00e9pisodes sont n\u00e9anmoins trop nombreux. Triste \u00e0 dire, mais quatre \u00e0 cinq \u00e9pisodes aurait suffi \u00e0 raconter l\u2019affaire. Le choix de d\u00e9dier tout un \u00e9pisode, donc une heure, au premier suspect devient lourd au fur et \u00e0 mesure et perd malheureusement le spectateur. Point positif dans tout \u00e7a: chaque \u00e9pisode se centre sur un d\u00e9tail pr\u00e9cis ce qui permet de bien comprendre le contexte du drame et d\u2019y voir clair sur certains aspects plus discrets de l\u2019enqu\u00eate.<\/p>\n\n\n\n<p>Malgr\u00e9 toute l\u2019atrocit\u00e9 dont est issue la s\u00e9rie, la tendresse, l\u2019\u00e9motion et l\u2019amour sont aussi au rendez-vous. Pendant les jours qui ont suivi la disparition, tous les habitant de la ville ont partag\u00e9 des photos de Madeleine, certains ont fait parvenir des mots d\u2019encouragement aux parents qui, d\u2019ailleurs, disent avoir \u00e9t\u00e9 \u00abcontents\u00bb de voir une telle solidarit\u00e9 envers leur famille. Dans des moments comme celui-ci, m\u00eame un simple regard bienveillant peut aider \u00e9norm\u00e9ment.<\/p>\n\n\n\n<p>Si les McCann n\u2019avaient pas re\u00e7u un soutien aussi professionnel et intime, ils n\u2019auraient pas affront\u00e9 ce drame avec autant de force. Ils se sont sentis \u00e9cout\u00e9s et compris. Il y a un d\u00e9tail qui m\u2019a impressionn\u00e9 dans le comportement des parents de Maddie: lors de chaque interview, ils s\u2019adressaient toujours aux ravisseurs de leur fille directement. Ils n\u2019ont jamais adopt\u00e9 une attitude agressive; ils n\u2019ont pas m\u00eame souhait\u00e9 du mal aux criminels. Mais seulement qu\u2019on leur rende leur enfant\u2026<\/p>\n\n\n\n<p>Le 18 juin dernier, cette enqu\u00eate est revenue dans l\u2019actualit\u00e9. La police allemande a annonc\u00e9 qu\u2019elle soup\u00e7onne un homme de quarante-deux ans au lourd casier judiciaire; ils pensent cependant que Maddie est malheureusement d\u00e9c\u00e9d\u00e9e. Malgr\u00e9 ses nombreux rebondissements, l\u2019affaire reste incompl\u00e8te, il reste des questions sans r\u00e9ponses, ce qui est tr\u00e8s frustrant.<\/p>\n\n\n\n<figure class=\"wp-block-image size-large\"><img fetchpriority=\"high\" decoding=\"async\" width=\"1280\" height=\"720\" src=\"http:\/\/leregardlibre.com\/wp-content\/uploads\/2020\/07\/maddie-mcann-77603a-0@1x.jpeg\" alt=\"\" class=\"wp-image-34802\" srcset=\"https:\/\/leregardlibre.com\/wp-content\/uploads\/2020\/07\/maddie-mcann-77603a-0@1x.jpeg 1280w, https:\/\/leregardlibre.com\/wp-content\/uploads\/2020\/07\/maddie-mcann-77603a-0@1x-1170x658.jpeg 1170w, https:\/\/leregardlibre.com\/wp-content\/uploads\/2020\/07\/maddie-mcann-77603a-0@1x-585x329.jpeg 585w, https:\/\/leregardlibre.com\/wp-content\/uploads\/2020\/07\/maddie-mcann-77603a-0@1x-150x84.jpeg 150w, https:\/\/leregardlibre.com\/wp-content\/uploads\/2020\/07\/maddie-mcann-77603a-0@1x-300x169.jpeg 300w, https:\/\/leregardlibre.com\/wp-content\/uploads\/2020\/07\/maddie-mcann-77603a-0@1x-768x432.jpeg 768w, https:\/\/leregardlibre.com\/wp-content\/uploads\/2020\/07\/maddie-mcann-77603a-0@1x-1024x576.jpeg 1024w, https:\/\/leregardlibre.com\/wp-content\/uploads\/2020\/07\/maddie-mcann-77603a-0@1x-600x338.jpeg 600w\" sizes=\"(max-width: 1280px) 100vw, 1280px\" \/><\/figure>\n\n\n\n<p><em>Write to the author:&nbsp;<a href=\"mailto:alissa.musumeci@leregardlibre.com\">alissa.musumeci@leregardlibre.com<\/a><\/em><\/p>\n\n\n\n<p>Photo credit: \u00a9 Netflix<\/p>","protected":false},"excerpt":{"rendered":"<p>L&#8217;affaire remise au go\u00fbt du jour<\/p>","protected":false},"author":101,"featured_media":34801,"comment_status":"open","ping_status":"open","sticky":false,"template":"","format":"standard","meta":{"_acf_changed":false,"footnotes":""},"categories":[644343394],"tags":[3898,644341146,14228,644352052,644352051,644352050,644338981,14992,644339126,644352053],"class_list":["post-34798","post","type-post","status-publish","format-standard","has-post-thumbnail","hentry","category-series","tag-crime","tag-critiques-cinema","tag-drame","tag-enlevement","tag-la-disparition-de-maddie","tag-maddie-mccann","tag-netflix","tag-police","tag-portugal","tag-praia-da-luz"],"acf":[],"yoast_head":"<!-- This site is optimized with the Yoast SEO Premium plugin v27.4 (Yoast SEO v27.4) - https:\/\/yoast.com\/product\/yoast-seo-premium-wordpress\/ -->\n<title>Pas de d\u00e9nouement pour l\u2019affaire Maddie<\/title>\n<meta name=\"robots\" content=\"index, follow, max-snippet:-1, max-image-preview:large, max-video-preview:-1\" \/>\n<link rel=\"canonical\" href=\"https:\/\/leregardlibre.com\/en\/cinema\/series\/pas-de-denouement-pour-laffaire-maddie\/\" \/>\n<meta property=\"og:locale\" content=\"en_US\" \/>\n<meta property=\"og:type\" content=\"article\" \/>\n<meta property=\"og:title\" content=\"Pas de d\u00e9nouement pour l\u2019affaire Maddie\" \/>\n<meta property=\"og:description\" content=\"L&#039;affaire remise au go\u00fbt du jour\" \/>\n<meta property=\"og:url\" content=\"https:\/\/leregardlibre.com\/en\/cinema\/series\/pas-de-denouement-pour-laffaire-maddie\/\" \/>\n<meta property=\"og:site_name\" content=\"Le Regard Libre\" \/>\n<meta property=\"article:publisher\" content=\"https:\/\/www.facebook.com\/leregardlibre\/\" \/>\n<meta property=\"article:published_time\" content=\"2020-07-04T18:10:34+00:00\" \/>\n<meta property=\"article:modified_time\" content=\"2026-02-08T20:32:45+00:00\" \/>\n<meta property=\"og:image\" content=\"https:\/\/leregardlibre.com\/wp-content\/uploads\/2020\/07\/maxresdefault.jpg\" \/>\n\t<meta property=\"og:image:width\" content=\"1280\" \/>\n\t<meta property=\"og:image:height\" content=\"720\" \/>\n\t<meta property=\"og:image:type\" content=\"image\/jpeg\" \/>\n<meta name=\"author\" content=\"Alissa Musumeci\" \/>\n<meta name=\"twitter:card\" content=\"summary_large_image\" \/>\n<meta name=\"twitter:creator\" content=\"@LeRegardLibre\" \/>\n<meta name=\"twitter:site\" content=\"@LeRegardLibre\" \/>\n<meta name=\"twitter:label1\" content=\"Written by\" \/>\n\t<meta name=\"twitter:data1\" content=\"Alissa Musumeci\" \/>\n\t<meta name=\"twitter:label2\" content=\"Est. reading time\" \/>\n\t<meta name=\"twitter:data2\" content=\"2 minutes\" \/>\n<script type=\"application\/ld+json\" class=\"yoast-schema-graph\">{\"@context\":\"https:\\\/\\\/schema.org\",\"@graph\":[{\"@type\":\"Article\",\"@id\":\"https:\\\/\\\/leregardlibre.com\\\/cinema\\\/series\\\/pas-de-denouement-pour-laffaire-maddie\\\/#article\",\"isPartOf\":{\"@id\":\"https:\\\/\\\/leregardlibre.com\\\/cinema\\\/series\\\/pas-de-denouement-pour-laffaire-maddie\\\/\"},\"author\":{\"name\":\"Alissa Musumeci\",\"@id\":\"https:\\\/\\\/leregardlibre.com\\\/#\\\/schema\\\/person\\\/e4dbb999b6d69d4a3c2b50556e1496fc\"},\"headline\":\"Pas de d\u00e9nouement pour l\u2019affaire Maddie\",\"datePublished\":\"2020-07-04T18:10:34+00:00\",\"dateModified\":\"2026-02-08T20:32:45+00:00\",\"mainEntityOfPage\":{\"@id\":\"https:\\\/\\\/leregardlibre.com\\\/cinema\\\/series\\\/pas-de-denouement-pour-laffaire-maddie\\\/\"},\"wordCount\":486,\"commentCount\":0,\"publisher\":{\"@id\":\"https:\\\/\\\/leregardlibre.com\\\/#organization\"},\"image\":{\"@id\":\"https:\\\/\\\/leregardlibre.com\\\/cinema\\\/series\\\/pas-de-denouement-pour-laffaire-maddie\\\/#primaryimage\"},\"thumbnailUrl\":\"https:\\\/\\\/leregardlibre.com\\\/wp-content\\\/uploads\\\/2020\\\/07\\\/maxresdefault.jpg\",\"keywords\":[\"Crime\",\"Critique cin\u00e9ma\",\"Drame\",\"enl\u00e8vement\",\"la disparition de maddie\",\"maddie mccann\",\"Netflix\",\"Police\",\"Portugal\",\"praia da luz\"],\"articleSection\":[\"S\u00e9ries\"],\"inLanguage\":\"en-US\",\"potentialAction\":[{\"@type\":\"CommentAction\",\"name\":\"Comment\",\"target\":[\"https:\\\/\\\/leregardlibre.com\\\/cinema\\\/series\\\/pas-de-denouement-pour-laffaire-maddie\\\/#respond\"]}]},{\"@type\":\"WebPage\",\"@id\":\"https:\\\/\\\/leregardlibre.com\\\/cinema\\\/series\\\/pas-de-denouement-pour-laffaire-maddie\\\/\",\"url\":\"https:\\\/\\\/leregardlibre.com\\\/cinema\\\/series\\\/pas-de-denouement-pour-laffaire-maddie\\\/\",\"name\":\"Pas de d\u00e9nouement pour l\u2019affaire Maddie\",\"isPartOf\":{\"@id\":\"https:\\\/\\\/leregardlibre.com\\\/#website\"},\"primaryImageOfPage\":{\"@id\":\"https:\\\/\\\/leregardlibre.com\\\/cinema\\\/series\\\/pas-de-denouement-pour-laffaire-maddie\\\/#primaryimage\"},\"image\":{\"@id\":\"https:\\\/\\\/leregardlibre.com\\\/cinema\\\/series\\\/pas-de-denouement-pour-laffaire-maddie\\\/#primaryimage\"},\"thumbnailUrl\":\"https:\\\/\\\/leregardlibre.com\\\/wp-content\\\/uploads\\\/2020\\\/07\\\/maxresdefault.jpg\",\"datePublished\":\"2020-07-04T18:10:34+00:00\",\"dateModified\":\"2026-02-08T20:32:45+00:00\",\"breadcrumb\":{\"@id\":\"https:\\\/\\\/leregardlibre.com\\\/cinema\\\/series\\\/pas-de-denouement-pour-laffaire-maddie\\\/#breadcrumb\"},\"inLanguage\":\"en-US\",\"potentialAction\":[{\"@type\":\"ReadAction\",\"target\":[\"https:\\\/\\\/leregardlibre.com\\\/cinema\\\/series\\\/pas-de-denouement-pour-laffaire-maddie\\\/\"]}]},{\"@type\":\"ImageObject\",\"inLanguage\":\"en-US\",\"@id\":\"https:\\\/\\\/leregardlibre.com\\\/cinema\\\/series\\\/pas-de-denouement-pour-laffaire-maddie\\\/#primaryimage\",\"url\":\"https:\\\/\\\/leregardlibre.com\\\/wp-content\\\/uploads\\\/2020\\\/07\\\/maxresdefault.jpg\",\"contentUrl\":\"https:\\\/\\\/leregardlibre.com\\\/wp-content\\\/uploads\\\/2020\\\/07\\\/maxresdefault.jpg\",\"width\":1280,\"height\":720},{\"@type\":\"BreadcrumbList\",\"@id\":\"https:\\\/\\\/leregardlibre.com\\\/cinema\\\/series\\\/pas-de-denouement-pour-laffaire-maddie\\\/#breadcrumb\",\"itemListElement\":[{\"@type\":\"ListItem\",\"position\":1,\"name\":\"Accueil\",\"item\":\"https:\\\/\\\/leregardlibre.com\\\/\"},{\"@type\":\"ListItem\",\"position\":2,\"name\":\"Pas de d\u00e9nouement pour l\u2019affaire Maddie\"}]},{\"@type\":\"WebSite\",\"@id\":\"https:\\\/\\\/leregardlibre.com\\\/#website\",\"url\":\"https:\\\/\\\/leregardlibre.com\\\/\",\"name\":\"Le Regard Libre\",\"description\":\"Premier mensuel suisse de d\u00e9bat\",\"publisher\":{\"@id\":\"https:\\\/\\\/leregardlibre.com\\\/#organization\"},\"potentialAction\":[{\"@type\":\"SearchAction\",\"target\":{\"@type\":\"EntryPoint\",\"urlTemplate\":\"https:\\\/\\\/leregardlibre.com\\\/?s={search_term_string}\"},\"query-input\":{\"@type\":\"PropertyValueSpecification\",\"valueRequired\":true,\"valueName\":\"search_term_string\"}}],\"inLanguage\":\"en-US\"},{\"@type\":\"Organization\",\"@id\":\"https:\\\/\\\/leregardlibre.com\\\/#organization\",\"name\":\"Le Regard Libre\",\"url\":\"https:\\\/\\\/leregardlibre.com\\\/\",\"logo\":{\"@type\":\"ImageObject\",\"inLanguage\":\"en-US\",\"@id\":\"https:\\\/\\\/leregardlibre.com\\\/#\\\/schema\\\/logo\\\/image\\\/\",\"url\":\"https:\\\/\\\/leregardlibre.com\\\/wp-content\\\/uploads\\\/2025\\\/08\\\/logo-rl-icone-neg.jpeg\",\"contentUrl\":\"https:\\\/\\\/leregardlibre.com\\\/wp-content\\\/uploads\\\/2025\\\/08\\\/logo-rl-icone-neg.jpeg\",\"width\":557,\"height\":556,\"caption\":\"Le Regard Libre\"},\"image\":{\"@id\":\"https:\\\/\\\/leregardlibre.com\\\/#\\\/schema\\\/logo\\\/image\\\/\"},\"sameAs\":[\"https:\\\/\\\/www.facebook.com\\\/leregardlibre\\\/\",\"https:\\\/\\\/x.com\\\/LeRegardLibre\",\"https:\\\/\\\/www.linkedin.com\\\/company\\\/le-regard-libre\",\"https:\\\/\\\/www.instagram.com\\\/leregardlibre\\\/\",\"http:\\\/\\\/t.me\\\/leregardlibre\",\"https:\\\/\\\/youtube.com\\\/channel\\\/UC6HzGPomj1LsUmlz-sJtITQ\"],\"description\":\"Le Regard Libre est un mensuel suisse de d\u00e9bat intellectuel et culturel. Sa r\u00e9daction est jeune, b\u00e9n\u00e9vole, lib\u00e9rale et pluraliste. Le magazine para\u00eet en ligne et sous forme papier. Sa langue est le fran\u00e7ais.\",\"email\":\"redaction@leregardlibre.com\",\"legalName\":\"Le Regard Libre\",\"foundingDate\":\"2014-01-01\",\"numberOfEmployees\":{\"@type\":\"QuantitativeValue\",\"minValue\":\"11\",\"maxValue\":\"50\"},\"publishingPrinciples\":\"https:\\\/\\\/leregardlibre.com\\\/a-propos\\\/notre-manifeste\\\/\",\"ownershipFundingInfo\":\"https:\\\/\\\/leregardlibre.com\\\/mentions-legales\\\/\",\"actionableFeedbackPolicy\":\"https:\\\/\\\/leregardlibre.com\\\/conditions-generales-de-vente\\\/\"},{\"@type\":\"Person\",\"@id\":\"https:\\\/\\\/leregardlibre.com\\\/#\\\/schema\\\/person\\\/e4dbb999b6d69d4a3c2b50556e1496fc\",\"name\":\"Alissa Musumeci\",\"image\":{\"@type\":\"ImageObject\",\"inLanguage\":\"en-US\",\"@id\":\"https:\\\/\\\/secure.gravatar.com\\\/avatar\\\/8848cee0930c9c57bda7cac893963e9ec1b9a162294d1e482ff383091d24180c?s=96&d=identicon&r=g\",\"url\":\"https:\\\/\\\/secure.gravatar.com\\\/avatar\\\/8848cee0930c9c57bda7cac893963e9ec1b9a162294d1e482ff383091d24180c?s=96&d=identicon&r=g\",\"contentUrl\":\"https:\\\/\\\/secure.gravatar.com\\\/avatar\\\/8848cee0930c9c57bda7cac893963e9ec1b9a162294d1e482ff383091d24180c?s=96&d=identicon&r=g\",\"caption\":\"Alissa Musumeci\"},\"url\":\"https:\\\/\\\/leregardlibre.com\\\/en\\\/author\\\/alissa-musumeci\\\/\"}]}<\/script>\n<!-- \/ Yoast SEO Premium plugin. -->","yoast_head_json":{"title":"No end in sight for Maddie case","robots":{"index":"index","follow":"follow","max-snippet":"max-snippet:-1","max-image-preview":"max-image-preview:large","max-video-preview":"max-video-preview:-1"},"canonical":"https:\/\/leregardlibre.com\/en\/cinema\/series\/pas-de-denouement-pour-laffaire-maddie\/","og_locale":"en_US","og_type":"article","og_title":"Pas de d\u00e9nouement pour l\u2019affaire Maddie","og_description":"L'affaire remise au go\u00fbt du jour","og_url":"https:\/\/leregardlibre.com\/en\/cinema\/series\/pas-de-denouement-pour-laffaire-maddie\/","og_site_name":"Le Regard Libre","article_publisher":"https:\/\/www.facebook.com\/leregardlibre\/","article_published_time":"2020-07-04T18:10:34+00:00","article_modified_time":"2026-02-08T20:32:45+00:00","og_image":[{"width":1280,"height":720,"url":"https:\/\/leregardlibre.com\/wp-content\/uploads\/2020\/07\/maxresdefault.jpg","type":"image\/jpeg"}],"author":"Alissa Musumeci","twitter_card":"summary_large_image","twitter_creator":"@LeRegardLibre","twitter_site":"@LeRegardLibre","twitter_misc":{"Written by":"Alissa Musumeci","Est. reading time":"2 minutes"},"schema":{"@context":"https:\/\/schema.org","@graph":[{"@type":"Article","@id":"https:\/\/leregardlibre.com\/cinema\/series\/pas-de-denouement-pour-laffaire-maddie\/#article","isPartOf":{"@id":"https:\/\/leregardlibre.com\/cinema\/series\/pas-de-denouement-pour-laffaire-maddie\/"},"author":{"name":"Alissa Musumeci","@id":"https:\/\/leregardlibre.com\/#\/schema\/person\/e4dbb999b6d69d4a3c2b50556e1496fc"},"headline":"Pas de d\u00e9nouement pour l\u2019affaire Maddie","datePublished":"2020-07-04T18:10:34+00:00","dateModified":"2026-02-08T20:32:45+00:00","mainEntityOfPage":{"@id":"https:\/\/leregardlibre.com\/cinema\/series\/pas-de-denouement-pour-laffaire-maddie\/"},"wordCount":486,"commentCount":0,"publisher":{"@id":"https:\/\/leregardlibre.com\/#organization"},"image":{"@id":"https:\/\/leregardlibre.com\/cinema\/series\/pas-de-denouement-pour-laffaire-maddie\/#primaryimage"},"thumbnailUrl":"https:\/\/leregardlibre.com\/wp-content\/uploads\/2020\/07\/maxresdefault.jpg","keywords":["Crime","Critique cin\u00e9ma","Drame","enl\u00e8vement","la disparition de maddie","maddie mccann","Netflix","Police","Portugal","praia da luz"],"articleSection":["S\u00e9ries"],"inLanguage":"en-US","potentialAction":[{"@type":"CommentAction","name":"Comment","target":["https:\/\/leregardlibre.com\/cinema\/series\/pas-de-denouement-pour-laffaire-maddie\/#respond"]}]},{"@type":"WebPage","@id":"https:\/\/leregardlibre.com\/cinema\/series\/pas-de-denouement-pour-laffaire-maddie\/","url":"https:\/\/leregardlibre.com\/cinema\/series\/pas-de-denouement-pour-laffaire-maddie\/","name":"No end in sight for Maddie case","isPartOf":{"@id":"https:\/\/leregardlibre.com\/#website"},"primaryImageOfPage":{"@id":"https:\/\/leregardlibre.com\/cinema\/series\/pas-de-denouement-pour-laffaire-maddie\/#primaryimage"},"image":{"@id":"https:\/\/leregardlibre.com\/cinema\/series\/pas-de-denouement-pour-laffaire-maddie\/#primaryimage"},"thumbnailUrl":"https:\/\/leregardlibre.com\/wp-content\/uploads\/2020\/07\/maxresdefault.jpg","datePublished":"2020-07-04T18:10:34+00:00","dateModified":"2026-02-08T20:32:45+00:00","breadcrumb":{"@id":"https:\/\/leregardlibre.com\/cinema\/series\/pas-de-denouement-pour-laffaire-maddie\/#breadcrumb"},"inLanguage":"en-US","potentialAction":[{"@type":"ReadAction","target":["https:\/\/leregardlibre.com\/cinema\/series\/pas-de-denouement-pour-laffaire-maddie\/"]}]},{"@type":"ImageObject","inLanguage":"en-US","@id":"https:\/\/leregardlibre.com\/cinema\/series\/pas-de-denouement-pour-laffaire-maddie\/#primaryimage","url":"https:\/\/leregardlibre.com\/wp-content\/uploads\/2020\/07\/maxresdefault.jpg","contentUrl":"https:\/\/leregardlibre.com\/wp-content\/uploads\/2020\/07\/maxresdefault.jpg","width":1280,"height":720},{"@type":"BreadcrumbList","@id":"https:\/\/leregardlibre.com\/cinema\/series\/pas-de-denouement-pour-laffaire-maddie\/#breadcrumb","itemListElement":[{"@type":"ListItem","position":1,"name":"Accueil","item":"https:\/\/leregardlibre.com\/"},{"@type":"ListItem","position":2,"name":"Pas de d\u00e9nouement pour l\u2019affaire Maddie"}]},{"@type":"WebSite","@id":"https:\/\/leregardlibre.com\/#website","url":"https:\/\/leregardlibre.com\/","name":"Le Regard Libre","description":"Switzerland's first monthly debate magazine","publisher":{"@id":"https:\/\/leregardlibre.com\/#organization"},"potentialAction":[{"@type":"SearchAction","target":{"@type":"EntryPoint","urlTemplate":"https:\/\/leregardlibre.com\/?s={search_term_string}"},"query-input":{"@type":"PropertyValueSpecification","valueRequired":true,"valueName":"search_term_string"}}],"inLanguage":"en-US"},{"@type":"Organization","@id":"https:\/\/leregardlibre.com\/#organization","name":"Le Regard Libre","url":"https:\/\/leregardlibre.com\/","logo":{"@type":"ImageObject","inLanguage":"en-US","@id":"https:\/\/leregardlibre.com\/#\/schema\/logo\/image\/","url":"https:\/\/leregardlibre.com\/wp-content\/uploads\/2025\/08\/logo-rl-icone-neg.jpeg","contentUrl":"https:\/\/leregardlibre.com\/wp-content\/uploads\/2025\/08\/logo-rl-icone-neg.jpeg","width":557,"height":556,"caption":"Le Regard Libre"},"image":{"@id":"https:\/\/leregardlibre.com\/#\/schema\/logo\/image\/"},"sameAs":["https:\/\/www.facebook.com\/leregardlibre\/","https:\/\/x.com\/LeRegardLibre","https:\/\/www.linkedin.com\/company\/le-regard-libre","https:\/\/www.instagram.com\/leregardlibre\/","http:\/\/t.me\/leregardlibre","https:\/\/youtube.com\/channel\/UC6HzGPomj1LsUmlz-sJtITQ"],"description":"Le Regard Libre is a Swiss monthly magazine for intellectual and cultural debate. Its editorial team is young, voluntary, liberal and pluralist. The magazine appears online and in print. Its language is French.","email":"redaction@leregardlibre.com","legalName":"Le Regard Libre","foundingDate":"2014-01-01","numberOfEmployees":{"@type":"QuantitativeValue","minValue":"11","maxValue":"50"},"publishingPrinciples":"https:\/\/leregardlibre.com\/a-propos\/notre-manifeste\/","ownershipFundingInfo":"https:\/\/leregardlibre.com\/mentions-legales\/","actionableFeedbackPolicy":"https:\/\/leregardlibre.com\/conditions-generales-de-vente\/"},{"@type":"Person","@id":"https:\/\/leregardlibre.com\/#\/schema\/person\/e4dbb999b6d69d4a3c2b50556e1496fc","name":"Alissa Musumeci","image":{"@type":"ImageObject","inLanguage":"en-US","@id":"https:\/\/secure.gravatar.com\/avatar\/8848cee0930c9c57bda7cac893963e9ec1b9a162294d1e482ff383091d24180c?s=96&d=identicon&r=g","url":"https:\/\/secure.gravatar.com\/avatar\/8848cee0930c9c57bda7cac893963e9ec1b9a162294d1e482ff383091d24180c?s=96&d=identicon&r=g","contentUrl":"https:\/\/secure.gravatar.com\/avatar\/8848cee0930c9c57bda7cac893963e9ec1b9a162294d1e482ff383091d24180c?s=96&d=identicon&r=g","caption":"Alissa Musumeci"},"url":"https:\/\/leregardlibre.com\/en\/author\/alissa-musumeci\/"}]}},"_links":{"self":[{"href":"https:\/\/leregardlibre.com\/en\/wp-json\/wp\/v2\/posts\/34798","targetHints":{"allow":["GET"]}}],"collection":[{"href":"https:\/\/leregardlibre.com\/en\/wp-json\/wp\/v2\/posts"}],"about":[{"href":"https:\/\/leregardlibre.com\/en\/wp-json\/wp\/v2\/types\/post"}],"author":[{"embeddable":true,"href":"https:\/\/leregardlibre.com\/en\/wp-json\/wp\/v2\/users\/101"}],"replies":[{"embeddable":true,"href":"https:\/\/leregardlibre.com\/en\/wp-json\/wp\/v2\/comments?post=34798"}],"version-history":[{"count":1,"href":"https:\/\/leregardlibre.com\/en\/wp-json\/wp\/v2\/posts\/34798\/revisions"}],"predecessor-version":[{"id":511814,"href":"https:\/\/leregardlibre.com\/en\/wp-json\/wp\/v2\/posts\/34798\/revisions\/511814"}],"wp:featuredmedia":[{"embeddable":true,"href":"https:\/\/leregardlibre.com\/en\/wp-json\/wp\/v2\/media\/34801"}],"wp:attachment":[{"href":"https:\/\/leregardlibre.com\/en\/wp-json\/wp\/v2\/media?parent=34798"}],"wp:term":[{"taxonomy":"category","embeddable":true,"href":"https:\/\/leregardlibre.com\/en\/wp-json\/wp\/v2\/categories?post=34798"},{"taxonomy":"post_tag","embeddable":true,"href":"https:\/\/leregardlibre.com\/en\/wp-json\/wp\/v2\/tags?post=34798"}],"curies":[{"name":"wp","href":"https:\/\/api.w.org\/{rel}","templated":true}]}}