{"id":35293,"date":"2020-08-08T11:01:54","date_gmt":"2020-08-08T09:01:54","guid":{"rendered":"https:\/\/leregardlibre.com\/?p=35293"},"modified":"2023-08-22T08:27:01","modified_gmt":"2023-08-22T06:27:01","slug":"daniel-sangsue-and-the-ghost-of-the-university","status":"publish","type":"post","link":"https:\/\/leregardlibre.com\/en\/literature\/daniel-sangsue-and-the-ghost-of-the-university\/","title":{"rendered":"Daniel Sangsue and the ghost of the university"},"content":{"rendered":"<div class='content_excerpt'>\n<p>Le Regard Libre N\u00b0 64 - Jonas Follonier<\/p>\n\n\n\n<p class=\"has-drop-cap\">Daniel Sangsue hits hard. Under his real name - and not under the pseudonym \u00abErnest Mignatte\u00bb of his previous works - he has written a new novel which is both a satire of Jo\u00ebl Dicker and a settling of scores with the academic world. Daniel Sangsue is now retired from the university, which he had so much to tell us about. Although he tells us a little more in this interview, the main part of his story is to be found in his book. A la recherche de Karl Kleber is first and foremost a novel of disappearance that plays with the codes of the genre, allowing the author - who also specializes in parody... and ghosts - to have some fun, mocking the regional detective story in the process. Meet a professor of literature who goes against the grain.<\/p>\n\n\n\n Read the interview\n    <div class='restricted_content_fade'><\/div>\n    <\/div>\n  <style>\n    .content_excerpt{\n      position: relative;\n    }\n    .content_excerpt .restricted_content_fade{\n      position: absolute;\n      bottom: 0;\n      left: 0;\n      right: 0;\n      height: 75px;\n\t  margin-bottom: 0px;\n      background-image: linear-gradient(#ffffff2e, white);\n    }\n\n    .restricted_content{\n      margin-top: 30px;\n      border: solid #dddddd 1px;\n      border-radius: 7px;\n      padding: 30px;\n    }\n    \n    .restricted_content .restricted_content_title{\n      font-size: 22px;\n      font-weight: 600;\n    }\n    .restricted_content .restricted_content_flex_row{\n      display: flex;\n      flex-direction: row;\n    }\n    .restricted_content .restricted_content_image_container{\n      flex: 3;\n    }\n    .restricted_content .restricted_content_flex_column{\n      flex: 4;\n      display: flex;\n      flex-direction: column;\n      margin-left: 40px;\n      justify-content: center;\n    }\n\n\n    .restricted_content_buttons{\n      display: flex;\n      flex-direction: column;\n      width: min-content;\n    }\n    .restricted_content_button{\n      background-color: #f2f2f2;\n      text-transform: uppercase;\n      font-weight: 600;\n      padding: 8px 40px;\n      text-align: center;\n      font-size: 13px;\n      margin-top: 10px;\n      width: max-content;\n      width: 100%;\n      white-space: nowrap;\n    }\n    .restricted_content_button:hover {\n      background-color: #111111;\n      color: white;\n      text-decoration: none !important;\n    }\n\n    .restricted_content_primary_button{\n      background-color: #1F2A68 !important;\n      color: white !important;\n    }\n    .restricted_content_primary_button:hover {\n      background-color: #111111;\n    }\n\n    .restricted_content_text{\n      margin-bottom: 10px;\n      line-height: 1.2;\n      font-weight: 500;\n      font-size: 16px;\n    }\n\n  \n  <\/style>\n  <div class='restricted_content'>\n    <h3 class='restricted_content_title'>This content is reserved for our subscribers.<\/h3>\n    <div class='restricted_content_flex_row'>\n      <div class='restricted_content_image_container'>\n        <img class='restricted_content_image' src='\/wp-content\/uploads\/2025\/08\/abo_physique.png' \/>\n      <\/div>\n      <div class='restricted_content_flex_column'>\n        <div class='restricted_content_text'>If you have an account, please log in. Otherwise, discover our different subscription packages and create an account from CHF 2.50 for the first month.<\/div>\n        <div class='restricted_content_buttons'>\n          <a href='\/en\/subscription\/' class='restricted_content_button restricted_content_primary_button'>See subscriptions<\/a><a href='\/en\/my-account\/?redirect_to=https:\/\/leregardlibre.com\/en\/literature\/daniel-sangsue-and-the-ghost-of-the-university\/'class='restricted_content_button'>Login<\/a><\/div>\n      <\/div>\n    <\/div>\n  <\/div>","protected":false},"excerpt":{"rendered":"<div class='content_excerpt'>\n<p>Le Regard Libre N\u00b0 64 - Jonas Follonier<\/p>\n<p class=\"has-drop-cap\">Daniel Sangsue hits hard. Under his real name - and not under the pseudonym \u00abErnest Mignatte\u00bb of his previous works - he has written a new novel which is both a satire of Jo\u00ebl Dicker and a settling of scores with the academic world. Daniel Sangsue is now retired from the university, which he had so much to tell us about. Although he tells us a little more in this interview, the main part of his story is to be found in his book. A la recherche de Karl Kleber is first and foremost a novel of disappearance that plays with the codes of the genre, allowing the author - who also specializes in parody... and ghosts - to have some fun, mocking the regional detective story in the process. Meet a professor of literature who goes against the grain.<\/p>\n<p> Read the interview<\/p>\n<div class='restricted_content_fade'><\/div>\n<\/p><\/div>\n<style>\n    .content_excerpt{\n      position: relative;\n    }\n    .content_excerpt .restricted_content_fade{\n      position: absolute;\n      bottom: 0;\n      left: 0;\n      right: 0;\n      height: 75px;\n\t  margin-bottom: 0px;\n      background-image: linear-gradient(#ffffff2e, white);\n    }<\/p>\n<p>    .restricted_content{\n      margin-top: 30px;\n      border: solid #dddddd 1px;\n      border-radius: 7px;\n      padding: 30px;\n    }<\/p>\n<p>    .restricted_content .restricted_content_title{\n      font-size: 22px;\n      font-weight: 600;\n    }\n    .restricted_content .restricted_content_flex_row{\n      display: flex;\n      flex-direction: row;\n    }\n    .restricted_content .restricted_content_image_container{\n      flex: 3;\n    }\n    .restricted_content .restricted_content_flex_column{\n      flex: 4;\n      display: flex;\n      flex-direction: column;\n      margin-left: 40px;\n      justify-content: center;\n    }<\/p>\n<p>    .restricted_content_buttons{\n      display: flex;\n      flex-direction: column;\n      width: min-content;\n    }\n    .restricted_content_button{\n      background-color: #f2f2f2;\n      text-transform: uppercase;\n      font-weight: 600;\n      padding: 8px 40px;\n      text-align: center;\n      font-size: 13px;\n      margin-top: 10px;\n      width: max-content;\n      width: 100%;\n      white-space: nowrap;\n    }\n    .restricted_content_button:hover {\n      background-color: #111111;\n      color: white;\n      text-decoration: none !important;\n    }<\/p>\n<p>    .restricted_content_primary_button{\n      background-color: #1F2A68 !important;\n      color: white !important;\n    }\n    .restricted_content_primary_button:hover {\n      background-color: #111111;\n    }<\/p>\n<p>    .restricted_content_text{\n      margin-bottom: 10px;\n      line-height: 1.2;\n      font-weight: 500;\n      font-size: 16px;\n    }<\/p>\n<\/style>\n<div class='restricted_content'>\n<h3 class='restricted_content_title'>This content is reserved for our subscribers.<\/h3>\n<div class='restricted_content_flex_row'>\n<div class='restricted_content_image_container'>\n        <img class='restricted_content_image' src='\/wp-content\/uploads\/2025\/08\/abo_physique.png' \/>\n      <\/div>\n<div class='restricted_content_flex_column'>\n<div class='restricted_content_text'>If you have an account, please log in. Otherwise, discover our different subscription packages and create an account from CHF 2.50 for the first month.<\/div>\n<div class='restricted_content_buttons'>\n          <a href='\/en\/subscription\/' class='restricted_content_button restricted_content_primary_button'>See subscriptions<\/a><a href='\/en\/my-account\/?redirect_to=https:\/\/leregardlibre.com\/en\/literature\/daniel-sangsue-and-the-ghost-of-the-university\/'class='restricted_content_button'>Login<\/a><\/div>\n<\/p><\/div>\n<\/p><\/div>\n<\/p><\/div>","protected":false},"author":138,"featured_media":35296,"comment_status":"open","ping_status":"open","sticky":false,"template":"","format":"standard","meta":{"_acf_changed":false,"footnotes":""},"categories":[20663],"tags":[644353382,644353383,644351540,221274,644353378,2782273,644353377,11788,115154538,644353379,644353380,644353381,644353385,644343920,130314,12726043,644342096],"class_list":["post-35293","post","type-post","status-publish","format-standard","has-post-thumbnail","hentry","category-litterature","tag-alain-roger","tag-artialisation","tag-daniel-sangsue","tag-epfl","tag-ernest-mignatte","tag-fantomes","tag-hautes-ecoles","tag-interviews","tag-joel-dicker","tag-la-bulle-universitaire","tag-libero-zuppiroli","tag-patrick-aebischer","tag-pneumatologie","tag-stendhal","tag-universite","tag-universite-de-neuchatel","tag-19e-siecle","membership-content","access-restricted"],"acf":[],"yoast_head":"<!-- This site is optimized with the Yoast SEO Premium plugin v27.4 (Yoast SEO v27.4) - https:\/\/yoast.com\/product\/yoast-seo-premium-wordpress\/ -->\n<title>Daniel Sangsue et le fant\u00f4me de l\u2019universit\u00e9<\/title>\n<meta name=\"robots\" content=\"index, follow, max-snippet:-1, max-image-preview:large, max-video-preview:-1\" \/>\n<link rel=\"canonical\" href=\"https:\/\/leregardlibre.com\/en\/literature\/daniel-sangsue-and-the-ghost-of-the-university\/\" \/>\n<meta property=\"og:locale\" content=\"en_US\" \/>\n<meta property=\"og:type\" content=\"article\" \/>\n<meta property=\"og:title\" content=\"Daniel Sangsue et le fant\u00f4me de l\u2019universit\u00e9\" \/>\n<meta property=\"og:description\" content=\"Un professeur de litt\u00e9rature \u00e0 contre-courant\" \/>\n<meta property=\"og:url\" content=\"https:\/\/leregardlibre.com\/en\/literature\/daniel-sangsue-and-the-ghost-of-the-university\/\" \/>\n<meta property=\"og:site_name\" content=\"Le Regard Libre\" \/>\n<meta property=\"article:publisher\" content=\"https:\/\/www.facebook.com\/leregardlibre\/\" \/>\n<meta property=\"article:author\" content=\"https:\/\/www.facebook.com\/jonas.follonier\/\" \/>\n<meta property=\"article:published_time\" content=\"2020-08-08T09:01:54+00:00\" \/>\n<meta property=\"article:modified_time\" content=\"2023-08-22T06:27:01+00:00\" \/>\n<meta property=\"og:image\" content=\"https:\/\/leregardlibre.com\/wp-content\/uploads\/2020\/08\/Daniel-Sangsue-\u00a9-Indra-Crittin-pour-le-Regard-Libre-10-3356011008-1596875935859-scaled.jpg\" \/>\n\t<meta property=\"og:image:width\" content=\"2560\" \/>\n\t<meta property=\"og:image:height\" content=\"1440\" \/>\n\t<meta property=\"og:image:type\" content=\"image\/jpeg\" \/>\n<meta name=\"author\" content=\"Jonas Follonier\" \/>\n<meta name=\"twitter:card\" content=\"summary_large_image\" \/>\n<meta name=\"twitter:creator\" content=\"@LeRegardLibre\" \/>\n<meta name=\"twitter:site\" content=\"@LeRegardLibre\" \/>\n<meta name=\"twitter:label1\" content=\"Written by\" \/>\n\t<meta name=\"twitter:data1\" content=\"Jonas Follonier\" \/>\n\t<meta name=\"twitter:label2\" content=\"Est. reading time\" \/>\n\t<meta name=\"twitter:data2\" content=\"16 minutes\" \/>\n<script type=\"application\/ld+json\" class=\"yoast-schema-graph\">{\"@context\":\"https:\\\/\\\/schema.org\",\"@graph\":[{\"@type\":\"Article\",\"@id\":\"https:\\\/\\\/leregardlibre.com\\\/litterature\\\/daniel-sangsue-et-le-fantome-de-luniversite\\\/#article\",\"isPartOf\":{\"@id\":\"https:\\\/\\\/leregardlibre.com\\\/litterature\\\/daniel-sangsue-et-le-fantome-de-luniversite\\\/\"},\"author\":{\"name\":\"Jonas Follonier\",\"@id\":\"https:\\\/\\\/leregardlibre.com\\\/#\\\/schema\\\/person\\\/bfe5aa794a23be71485d60e2d93ec0d2\"},\"headline\":\"Daniel Sangsue et le fant\u00f4me de l\u2019universit\u00e9\",\"datePublished\":\"2020-08-08T09:01:54+00:00\",\"dateModified\":\"2023-08-22T06:27:01+00:00\",\"mainEntityOfPage\":{\"@id\":\"https:\\\/\\\/leregardlibre.com\\\/litterature\\\/daniel-sangsue-et-le-fantome-de-luniversite\\\/\"},\"wordCount\":3123,\"commentCount\":0,\"publisher\":{\"@id\":\"https:\\\/\\\/leregardlibre.com\\\/#organization\"},\"image\":{\"@id\":\"https:\\\/\\\/leregardlibre.com\\\/litterature\\\/daniel-sangsue-et-le-fantome-de-luniversite\\\/#primaryimage\"},\"thumbnailUrl\":\"https:\\\/\\\/leregardlibre.com\\\/wp-content\\\/uploads\\\/2020\\\/08\\\/Daniel-Sangsue-\u00a9-Indra-Crittin-pour-le-Regard-Libre-10-3356011008-1596875935859-scaled.jpg\",\"keywords\":[\"alain roger\",\"Artialisation\",\"daniel sangsue\",\"EPFL\",\"ernest mignatte\",\"fant\u00f4mes\",\"Hautes \u00e9coles\",\"Interview\",\"Jo\u00ebl Dicker\",\"la bulle universitaire\",\"libero zuppiroli\",\"patrick aebischer\",\"pneumatologie\",\"Stendhal\",\"Universit\u00e9\",\"Universit\u00e9 de Neuch\u00e2tel\",\"XIXe si\u00e8cle\"],\"articleSection\":[\"Litt\u00e9rature\"],\"inLanguage\":\"en-US\",\"potentialAction\":[{\"@type\":\"CommentAction\",\"name\":\"Comment\",\"target\":[\"https:\\\/\\\/leregardlibre.com\\\/litterature\\\/daniel-sangsue-et-le-fantome-de-luniversite\\\/#respond\"]}]},{\"@type\":\"WebPage\",\"@id\":\"https:\\\/\\\/leregardlibre.com\\\/litterature\\\/daniel-sangsue-et-le-fantome-de-luniversite\\\/\",\"url\":\"https:\\\/\\\/leregardlibre.com\\\/litterature\\\/daniel-sangsue-et-le-fantome-de-luniversite\\\/\",\"name\":\"Daniel Sangsue et le fant\u00f4me de l\u2019universit\u00e9\",\"isPartOf\":{\"@id\":\"https:\\\/\\\/leregardlibre.com\\\/#website\"},\"primaryImageOfPage\":{\"@id\":\"https:\\\/\\\/leregardlibre.com\\\/litterature\\\/daniel-sangsue-et-le-fantome-de-luniversite\\\/#primaryimage\"},\"image\":{\"@id\":\"https:\\\/\\\/leregardlibre.com\\\/litterature\\\/daniel-sangsue-et-le-fantome-de-luniversite\\\/#primaryimage\"},\"thumbnailUrl\":\"https:\\\/\\\/leregardlibre.com\\\/wp-content\\\/uploads\\\/2020\\\/08\\\/Daniel-Sangsue-\u00a9-Indra-Crittin-pour-le-Regard-Libre-10-3356011008-1596875935859-scaled.jpg\",\"datePublished\":\"2020-08-08T09:01:54+00:00\",\"dateModified\":\"2023-08-22T06:27:01+00:00\",\"breadcrumb\":{\"@id\":\"https:\\\/\\\/leregardlibre.com\\\/litterature\\\/daniel-sangsue-et-le-fantome-de-luniversite\\\/#breadcrumb\"},\"inLanguage\":\"en-US\",\"potentialAction\":[{\"@type\":\"ReadAction\",\"target\":[\"https:\\\/\\\/leregardlibre.com\\\/litterature\\\/daniel-sangsue-et-le-fantome-de-luniversite\\\/\"]}]},{\"@type\":\"ImageObject\",\"inLanguage\":\"en-US\",\"@id\":\"https:\\\/\\\/leregardlibre.com\\\/litterature\\\/daniel-sangsue-et-le-fantome-de-luniversite\\\/#primaryimage\",\"url\":\"https:\\\/\\\/leregardlibre.com\\\/wp-content\\\/uploads\\\/2020\\\/08\\\/Daniel-Sangsue-\u00a9-Indra-Crittin-pour-le-Regard-Libre-10-3356011008-1596875935859-scaled.jpg\",\"contentUrl\":\"https:\\\/\\\/leregardlibre.com\\\/wp-content\\\/uploads\\\/2020\\\/08\\\/Daniel-Sangsue-\u00a9-Indra-Crittin-pour-le-Regard-Libre-10-3356011008-1596875935859-scaled.jpg\",\"width\":2560,\"height\":1440},{\"@type\":\"BreadcrumbList\",\"@id\":\"https:\\\/\\\/leregardlibre.com\\\/litterature\\\/daniel-sangsue-et-le-fantome-de-luniversite\\\/#breadcrumb\",\"itemListElement\":[{\"@type\":\"ListItem\",\"position\":1,\"name\":\"Accueil\",\"item\":\"https:\\\/\\\/leregardlibre.com\\\/\"},{\"@type\":\"ListItem\",\"position\":2,\"name\":\"Daniel Sangsue et le fant\u00f4me de l\u2019universit\u00e9\"}]},{\"@type\":\"WebSite\",\"@id\":\"https:\\\/\\\/leregardlibre.com\\\/#website\",\"url\":\"https:\\\/\\\/leregardlibre.com\\\/\",\"name\":\"Le Regard Libre\",\"description\":\"Premier mensuel suisse de d\u00e9bat\",\"publisher\":{\"@id\":\"https:\\\/\\\/leregardlibre.com\\\/#organization\"},\"potentialAction\":[{\"@type\":\"SearchAction\",\"target\":{\"@type\":\"EntryPoint\",\"urlTemplate\":\"https:\\\/\\\/leregardlibre.com\\\/?s={search_term_string}\"},\"query-input\":{\"@type\":\"PropertyValueSpecification\",\"valueRequired\":true,\"valueName\":\"search_term_string\"}}],\"inLanguage\":\"en-US\"},{\"@type\":\"Organization\",\"@id\":\"https:\\\/\\\/leregardlibre.com\\\/#organization\",\"name\":\"Le Regard Libre\",\"url\":\"https:\\\/\\\/leregardlibre.com\\\/\",\"logo\":{\"@type\":\"ImageObject\",\"inLanguage\":\"en-US\",\"@id\":\"https:\\\/\\\/leregardlibre.com\\\/#\\\/schema\\\/logo\\\/image\\\/\",\"url\":\"https:\\\/\\\/leregardlibre.com\\\/wp-content\\\/uploads\\\/2025\\\/08\\\/logo-rl-icone-neg.jpeg\",\"contentUrl\":\"https:\\\/\\\/leregardlibre.com\\\/wp-content\\\/uploads\\\/2025\\\/08\\\/logo-rl-icone-neg.jpeg\",\"width\":557,\"height\":556,\"caption\":\"Le Regard Libre\"},\"image\":{\"@id\":\"https:\\\/\\\/leregardlibre.com\\\/#\\\/schema\\\/logo\\\/image\\\/\"},\"sameAs\":[\"https:\\\/\\\/www.facebook.com\\\/leregardlibre\\\/\",\"https:\\\/\\\/x.com\\\/LeRegardLibre\",\"https:\\\/\\\/www.linkedin.com\\\/company\\\/le-regard-libre\",\"https:\\\/\\\/www.instagram.com\\\/leregardlibre\\\/\",\"http:\\\/\\\/t.me\\\/leregardlibre\",\"https:\\\/\\\/youtube.com\\\/channel\\\/UC6HzGPomj1LsUmlz-sJtITQ\"],\"description\":\"Le Regard Libre est un mensuel suisse de d\u00e9bat intellectuel et culturel. Sa r\u00e9daction est jeune, b\u00e9n\u00e9vole, lib\u00e9rale et pluraliste. Le magazine para\u00eet en ligne et sous forme papier. Sa langue est le fran\u00e7ais.\",\"email\":\"redaction@leregardlibre.com\",\"legalName\":\"Le Regard Libre\",\"foundingDate\":\"2014-01-01\",\"numberOfEmployees\":{\"@type\":\"QuantitativeValue\",\"minValue\":\"11\",\"maxValue\":\"50\"},\"publishingPrinciples\":\"https:\\\/\\\/leregardlibre.com\\\/a-propos\\\/notre-manifeste\\\/\",\"ownershipFundingInfo\":\"https:\\\/\\\/leregardlibre.com\\\/mentions-legales\\\/\",\"actionableFeedbackPolicy\":\"https:\\\/\\\/leregardlibre.com\\\/conditions-generales-de-vente\\\/\"},{\"@type\":\"Person\",\"@id\":\"https:\\\/\\\/leregardlibre.com\\\/#\\\/schema\\\/person\\\/bfe5aa794a23be71485d60e2d93ec0d2\",\"name\":\"Jonas Follonier\",\"image\":{\"@type\":\"ImageObject\",\"inLanguage\":\"en-US\",\"@id\":\"https:\\\/\\\/secure.gravatar.com\\\/avatar\\\/602060b40f6a458420c2d140f49b6caea99152ce6704f2c332e5a0c5aad80303?s=96&d=identicon&r=g\",\"url\":\"https:\\\/\\\/secure.gravatar.com\\\/avatar\\\/602060b40f6a458420c2d140f49b6caea99152ce6704f2c332e5a0c5aad80303?s=96&d=identicon&r=g\",\"contentUrl\":\"https:\\\/\\\/secure.gravatar.com\\\/avatar\\\/602060b40f6a458420c2d140f49b6caea99152ce6704f2c332e5a0c5aad80303?s=96&d=identicon&r=g\",\"caption\":\"Jonas Follonier\"},\"description\":\"Correspondant au Palais f\u00e9d\u00e9ral pour \u00abL\u2019Agefi\u00bb, auteur-compositeur-interpr\u00e8te et essayiste, Jonas Follonier est le fondateur et r\u00e9dacteur en chef du \u00abRegard Libre\u00bb.\",\"sameAs\":[\"https:\\\/\\\/www.facebook.com\\\/jonas.follonier\\\/\",\"https:\\\/\\\/www.instagram.com\\\/jonasfollonier\\\/\",\"https:\\\/\\\/www.linkedin.com\\\/in\\\/jonasfollonier\\\/\",\"https:\\\/\\\/fr.wikipedia.org\\\/wiki\\\/Le_Regard_libre\"],\"url\":\"https:\\\/\\\/leregardlibre.com\\\/en\\\/author\\\/jonas-follonier\\\/\"}]}<\/script>\n<!-- \/ Yoast SEO Premium plugin. -->","yoast_head_json":{"title":"Daniel Sangsue and the ghost of the university","robots":{"index":"index","follow":"follow","max-snippet":"max-snippet:-1","max-image-preview":"max-image-preview:large","max-video-preview":"max-video-preview:-1"},"canonical":"https:\/\/leregardlibre.com\/en\/literature\/daniel-sangsue-and-the-ghost-of-the-university\/","og_locale":"en_US","og_type":"article","og_title":"Daniel Sangsue et le fant\u00f4me de l\u2019universit\u00e9","og_description":"Un professeur de litt\u00e9rature \u00e0 contre-courant","og_url":"https:\/\/leregardlibre.com\/en\/literature\/daniel-sangsue-and-the-ghost-of-the-university\/","og_site_name":"Le Regard Libre","article_publisher":"https:\/\/www.facebook.com\/leregardlibre\/","article_author":"https:\/\/www.facebook.com\/jonas.follonier\/","article_published_time":"2020-08-08T09:01:54+00:00","article_modified_time":"2023-08-22T06:27:01+00:00","og_image":[{"width":2560,"height":1440,"url":"https:\/\/leregardlibre.com\/wp-content\/uploads\/2020\/08\/Daniel-Sangsue-\u00a9-Indra-Crittin-pour-le-Regard-Libre-10-3356011008-1596875935859-scaled.jpg","type":"image\/jpeg"}],"author":"Jonas Follonier","twitter_card":"summary_large_image","twitter_creator":"@LeRegardLibre","twitter_site":"@LeRegardLibre","twitter_misc":{"Written by":"Jonas Follonier","Est. reading time":"16 minutes"},"schema":{"@context":"https:\/\/schema.org","@graph":[{"@type":"Article","@id":"https:\/\/leregardlibre.com\/litterature\/daniel-sangsue-et-le-fantome-de-luniversite\/#article","isPartOf":{"@id":"https:\/\/leregardlibre.com\/litterature\/daniel-sangsue-et-le-fantome-de-luniversite\/"},"author":{"name":"Jonas Follonier","@id":"https:\/\/leregardlibre.com\/#\/schema\/person\/bfe5aa794a23be71485d60e2d93ec0d2"},"headline":"Daniel Sangsue et le fant\u00f4me de l\u2019universit\u00e9","datePublished":"2020-08-08T09:01:54+00:00","dateModified":"2023-08-22T06:27:01+00:00","mainEntityOfPage":{"@id":"https:\/\/leregardlibre.com\/litterature\/daniel-sangsue-et-le-fantome-de-luniversite\/"},"wordCount":3123,"commentCount":0,"publisher":{"@id":"https:\/\/leregardlibre.com\/#organization"},"image":{"@id":"https:\/\/leregardlibre.com\/litterature\/daniel-sangsue-et-le-fantome-de-luniversite\/#primaryimage"},"thumbnailUrl":"https:\/\/leregardlibre.com\/wp-content\/uploads\/2020\/08\/Daniel-Sangsue-\u00a9-Indra-Crittin-pour-le-Regard-Libre-10-3356011008-1596875935859-scaled.jpg","keywords":["alain roger","Artialisation","daniel sangsue","EPFL","ernest mignatte","fant\u00f4mes","Hautes \u00e9coles","Interview","Jo\u00ebl Dicker","la bulle universitaire","libero zuppiroli","patrick aebischer","pneumatologie","Stendhal","Universit\u00e9","Universit\u00e9 de Neuch\u00e2tel","XIXe si\u00e8cle"],"articleSection":["Litt\u00e9rature"],"inLanguage":"en-US","potentialAction":[{"@type":"CommentAction","name":"Comment","target":["https:\/\/leregardlibre.com\/litterature\/daniel-sangsue-et-le-fantome-de-luniversite\/#respond"]}]},{"@type":"WebPage","@id":"https:\/\/leregardlibre.com\/litterature\/daniel-sangsue-et-le-fantome-de-luniversite\/","url":"https:\/\/leregardlibre.com\/litterature\/daniel-sangsue-et-le-fantome-de-luniversite\/","name":"Daniel Sangsue and the ghost of the university","isPartOf":{"@id":"https:\/\/leregardlibre.com\/#website"},"primaryImageOfPage":{"@id":"https:\/\/leregardlibre.com\/litterature\/daniel-sangsue-et-le-fantome-de-luniversite\/#primaryimage"},"image":{"@id":"https:\/\/leregardlibre.com\/litterature\/daniel-sangsue-et-le-fantome-de-luniversite\/#primaryimage"},"thumbnailUrl":"https:\/\/leregardlibre.com\/wp-content\/uploads\/2020\/08\/Daniel-Sangsue-\u00a9-Indra-Crittin-pour-le-Regard-Libre-10-3356011008-1596875935859-scaled.jpg","datePublished":"2020-08-08T09:01:54+00:00","dateModified":"2023-08-22T06:27:01+00:00","breadcrumb":{"@id":"https:\/\/leregardlibre.com\/litterature\/daniel-sangsue-et-le-fantome-de-luniversite\/#breadcrumb"},"inLanguage":"en-US","potentialAction":[{"@type":"ReadAction","target":["https:\/\/leregardlibre.com\/litterature\/daniel-sangsue-et-le-fantome-de-luniversite\/"]}]},{"@type":"ImageObject","inLanguage":"en-US","@id":"https:\/\/leregardlibre.com\/litterature\/daniel-sangsue-et-le-fantome-de-luniversite\/#primaryimage","url":"https:\/\/leregardlibre.com\/wp-content\/uploads\/2020\/08\/Daniel-Sangsue-\u00a9-Indra-Crittin-pour-le-Regard-Libre-10-3356011008-1596875935859-scaled.jpg","contentUrl":"https:\/\/leregardlibre.com\/wp-content\/uploads\/2020\/08\/Daniel-Sangsue-\u00a9-Indra-Crittin-pour-le-Regard-Libre-10-3356011008-1596875935859-scaled.jpg","width":2560,"height":1440},{"@type":"BreadcrumbList","@id":"https:\/\/leregardlibre.com\/litterature\/daniel-sangsue-et-le-fantome-de-luniversite\/#breadcrumb","itemListElement":[{"@type":"ListItem","position":1,"name":"Accueil","item":"https:\/\/leregardlibre.com\/"},{"@type":"ListItem","position":2,"name":"Daniel Sangsue et le fant\u00f4me de l\u2019universit\u00e9"}]},{"@type":"WebSite","@id":"https:\/\/leregardlibre.com\/#website","url":"https:\/\/leregardlibre.com\/","name":"Le Regard Libre","description":"Switzerland's first monthly debate magazine","publisher":{"@id":"https:\/\/leregardlibre.com\/#organization"},"potentialAction":[{"@type":"SearchAction","target":{"@type":"EntryPoint","urlTemplate":"https:\/\/leregardlibre.com\/?s={search_term_string}"},"query-input":{"@type":"PropertyValueSpecification","valueRequired":true,"valueName":"search_term_string"}}],"inLanguage":"en-US"},{"@type":"Organization","@id":"https:\/\/leregardlibre.com\/#organization","name":"Le Regard Libre","url":"https:\/\/leregardlibre.com\/","logo":{"@type":"ImageObject","inLanguage":"en-US","@id":"https:\/\/leregardlibre.com\/#\/schema\/logo\/image\/","url":"https:\/\/leregardlibre.com\/wp-content\/uploads\/2025\/08\/logo-rl-icone-neg.jpeg","contentUrl":"https:\/\/leregardlibre.com\/wp-content\/uploads\/2025\/08\/logo-rl-icone-neg.jpeg","width":557,"height":556,"caption":"Le Regard Libre"},"image":{"@id":"https:\/\/leregardlibre.com\/#\/schema\/logo\/image\/"},"sameAs":["https:\/\/www.facebook.com\/leregardlibre\/","https:\/\/x.com\/LeRegardLibre","https:\/\/www.linkedin.com\/company\/le-regard-libre","https:\/\/www.instagram.com\/leregardlibre\/","http:\/\/t.me\/leregardlibre","https:\/\/youtube.com\/channel\/UC6HzGPomj1LsUmlz-sJtITQ"],"description":"Le Regard Libre is a Swiss monthly magazine for intellectual and cultural debate. Its editorial team is young, voluntary, liberal and pluralist. The magazine appears online and in print. Its language is French.","email":"redaction@leregardlibre.com","legalName":"Le Regard Libre","foundingDate":"2014-01-01","numberOfEmployees":{"@type":"QuantitativeValue","minValue":"11","maxValue":"50"},"publishingPrinciples":"https:\/\/leregardlibre.com\/a-propos\/notre-manifeste\/","ownershipFundingInfo":"https:\/\/leregardlibre.com\/mentions-legales\/","actionableFeedbackPolicy":"https:\/\/leregardlibre.com\/conditions-generales-de-vente\/"},{"@type":"Person","@id":"https:\/\/leregardlibre.com\/#\/schema\/person\/bfe5aa794a23be71485d60e2d93ec0d2","name":"Jonas Follonier","image":{"@type":"ImageObject","inLanguage":"en-US","@id":"https:\/\/secure.gravatar.com\/avatar\/602060b40f6a458420c2d140f49b6caea99152ce6704f2c332e5a0c5aad80303?s=96&d=identicon&r=g","url":"https:\/\/secure.gravatar.com\/avatar\/602060b40f6a458420c2d140f49b6caea99152ce6704f2c332e5a0c5aad80303?s=96&d=identicon&r=g","contentUrl":"https:\/\/secure.gravatar.com\/avatar\/602060b40f6a458420c2d140f49b6caea99152ce6704f2c332e5a0c5aad80303?s=96&d=identicon&r=g","caption":"Jonas Follonier"},"description":"Federal Palace correspondent for \u00abL'Agefi\u00bb, singer-songwriter Jonas Follonier is the founder and editor-in-chief of \u00abRegard Libre\u00bb.","sameAs":["https:\/\/www.facebook.com\/jonas.follonier\/","https:\/\/www.instagram.com\/jonasfollonier\/","https:\/\/www.linkedin.com\/in\/jonasfollonier\/","https:\/\/fr.wikipedia.org\/wiki\/Le_Regard_libre"],"url":"https:\/\/leregardlibre.com\/en\/author\/jonas-follonier\/"}]}},"_links":{"self":[{"href":"https:\/\/leregardlibre.com\/en\/wp-json\/wp\/v2\/posts\/35293","targetHints":{"allow":["GET"]}}],"collection":[{"href":"https:\/\/leregardlibre.com\/en\/wp-json\/wp\/v2\/posts"}],"about":[{"href":"https:\/\/leregardlibre.com\/en\/wp-json\/wp\/v2\/types\/post"}],"author":[{"embeddable":true,"href":"https:\/\/leregardlibre.com\/en\/wp-json\/wp\/v2\/users\/138"}],"replies":[{"embeddable":true,"href":"https:\/\/leregardlibre.com\/en\/wp-json\/wp\/v2\/comments?post=35293"}],"version-history":[{"count":1,"href":"https:\/\/leregardlibre.com\/en\/wp-json\/wp\/v2\/posts\/35293\/revisions"}],"predecessor-version":[{"id":511847,"href":"https:\/\/leregardlibre.com\/en\/wp-json\/wp\/v2\/posts\/35293\/revisions\/511847"}],"wp:featuredmedia":[{"embeddable":true,"href":"https:\/\/leregardlibre.com\/en\/wp-json\/wp\/v2\/media\/35296"}],"wp:attachment":[{"href":"https:\/\/leregardlibre.com\/en\/wp-json\/wp\/v2\/media?parent=35293"}],"wp:term":[{"taxonomy":"category","embeddable":true,"href":"https:\/\/leregardlibre.com\/en\/wp-json\/wp\/v2\/categories?post=35293"},{"taxonomy":"post_tag","embeddable":true,"href":"https:\/\/leregardlibre.com\/en\/wp-json\/wp\/v2\/tags?post=35293"}],"curies":[{"name":"wp","href":"https:\/\/api.w.org\/{rel}","templated":true}]}}