{"id":35566,"date":"2020-08-21T06:00:00","date_gmt":"2020-08-21T04:00:00","guid":{"rendered":"https:\/\/leregardlibre.com\/?p=35566"},"modified":"2025-12-13T22:53:41","modified_gmt":"2025-12-13T21:53:41","slug":"khaled-drareni-algerian-journalist-sentenced-his-brother-testifies","status":"publish","type":"post","link":"https:\/\/leregardlibre.com\/en\/policy\/world\/khaled-drareni-algerian-journalist-sentenced-his-brother-testifies\/","title":{"rendered":"Khaled Drareni, convicted Algerian journalist: his brother testifies"},"content":{"rendered":"<p class=\"has-drop-cap\"><strong>\u00abThe government wants to scare the hirak activists, but this will produce the opposite effect.\u00bb From New York, where he is based, Chekib Drareni<\/strong>, <strong>the reporter's younger brother, an activist in Algeria's peaceful uprising, explains his actions to secure the reporter's release, and tells us more about his journey since childhood.<\/strong><\/p>\n\n\n\n<!--more Lire le t\u00e9moignage en libre acc\u00e8s-->\n\n\n\n<p>Over the months, journalist and activist Khaled Drareni has become the emblematic figure of the Algerian hirak, the peaceful popular uprising launched on February 22, 2019 in opposition to a fifth term for ex-president Abdelaziz Bouteflika. Sentenced on August 10 to three years in prison for \u00abundermining national unity\u00bb, <a href=\"https:\/\/www.letemps.ch\/monde\/une-lourde-peine-frappe-journaliste-khaled-drareni\">heaviest penalty<\/a> pronounced since the beginning of the movement, he is now one of its heroic figures. The journalist was prosecuted for, among other things, \u00abinciting an unarmed gathering.\u00bb We contacted by telephone his brother, Chekib Drareni, thirty-six, who has been living in New York for some time. He runs an art gallery there, having previously worked as a cabin attendant for an airline operating in the Middle East. From the United States, he is working hard to obtain the release of his older brother. Here he gives his testimony.<\/p>\n\n\n\n<p><em>\u00abMy brother celebrated his fortieth birthday in prison on May 10. He is incarcerated in the Kolea prison, about thirty kilometers from Algiers, in the direction of Tipaza. Khaled was imprisoned on March 27 in El Harrach, a district of Algiers, but one or two days later he was transferred to Kolea prison, to keep him away from the capital, the spearhead of the anti-regime protests.<\/em><\/p>\n\n\n\n\n\n<p><em>Khaled is innocent. We have appealed the verdict. We, his many supporters, are calling for his release. I have launched a petition to this effect <a href=\"https:\/\/www.change.org\/p\/chekib-drareni-lib%C3%A9rez-khaled-drareni-free-khaled-drareni?recruiter=900867570&amp;utm_source=share_petition&amp;utm_medium=twitter&amp;recruited_by_id=03c5a9a0-bd27-11e8-84a2-f95e8448b601\">on the change.org website<\/a>. Some people on social networks tell me that my place is in Algeria, with the collective acting in favor of my brother. But I think I can be just as useful, if not more so, where I am, in the United States. On August 15, I organized a sit-in in front of the Algerian consulate in New York. Admittedly, there were only a dozen of us, but it's a start and the fact that Khaled's family, through me, were present on that occasion is something important. We intend to organize a sit-in in front of the Algerian embassy in Washington in the near future. The important thing is to give an international dimension to this case, which is synonymous with injustice. There has been a <a href=\"https:\/\/www.nytimes.com\/2020\/08\/10\/world\/africa\/Algerian-journalist-Khaled-Drareni-convicted.html\">article<\/a> in the <\/em>New York Times<em>, two others in Houston and Las Vegas newspapers. We have the support of several countries, I won't tell you which, but on August 15, Canadian Prime Minister Justin Trudeau, alerted by my brother's support in Canada, passed on his message. <a href=\"https:\/\/maghrebemergent.info\/le-premier-ministre-canadien-suit-laffaire-de-khaled-drareni\/\">file<\/a> at the Ministry of Foreign Affairs.<\/em><\/p>\n\n\n\n<p><em>My family is from Algiers. My parents and we, their children, are passionate about politics. My father is a veteran of the war of independence and my uncle, Mohamed Drareni, died a martyr there in the late 50s. From childhood, Khaled's main interest was journalism. He dreamed of presenting the news on TV. Although he was passionate about politics, he didn't want to become a politician. He studied law for a year, then four years of Political Science at the University of Algiers.<\/em><\/p>\n\n\n\n<p><em>He worked for Echourouk TV, where he presented the 7pm news. In 2017, he founded <\/em>Casbah Tribune<em>, a French- and Arabic-language media outlet. At the time of his arrest, while covering the hirak from the outset, he was a member of Reporters Without Borders and Algeria correspondent for the French TV channel TV5Monde. It was during an interview conducted by my brother that Emmanuel Macron, then a candidate for the French presidency, said in 2017 that the colonization of Algeria was a crime against humanity. Khaled campaigns for freedom of expression and the rule of law in Algeria.<\/em><\/p>\n\n\n\n<p><em>The case of my brother's unjust conviction bears witness to the regime's nervousness. This judgment - three years in prison - is supposed to send a message to Algerian youth, to a whole new generation yearning for profound change. By heavily sentencing my brother, the government wants to scare the hirak activists, but I'm sure it will produce the opposite effect.\u00bb<\/em><\/p>\n\n\n\n<p>Interrupted by the Covid-19 pandemic, has the Algerian hirak movement run out of steam? While it has succeeded in withdrawing Bouteflika's candidacy for his own succession, it has not succeeded in toppling \u00abpower\u00bb - a perhaps illusory objective, given the protean nature of this word, which can mean one thing and another, depending on the category of opponents to the regime. Likewise, the movement seems to be riddled with serious contradictions, notably concerning the <a href=\"https:\/\/leregardlibre.com\/en\/policy\/the-hirak-in-algeria-and-us-the-end-of-innocence\/#more-34385\">question of morals<\/a>. While the Belarusians may well achieve major democratic breakthroughs in the space of a few days, the Algerians seem to be stalling somewhat, even if a constitutional reform - which can only be encouraging - is on the way. Nonetheless, the powers that be, as they say in Algeria, are not reassured. <a href=\"https:\/\/www.lemonde.fr\/afrique\/article\/2020\/06\/26\/la-repression-implacable-du-hirak-entrave-la-reforme-constitutionnelle-en-algerie-selon-amnesty_6044254_3212.html\">is multiplying the number of criminal judgments<\/a> against hirak activists. The aim is to break up the movement. Will he succeed? Supporters of prisoner Khaled Drareni would like to think not. His brother, Chekib, does not rule out taking steps to have the \u00abunjust and contrary to human rights\u00bb nature of his sentence recognized.<\/p>\n\n\n\n<hr class=\"wp-block-separator has-css-opacity\"\/>\n\n\n\n<h6 class=\"wp-block-heading\"><em><em><em>Antoine Menusier<\/em><\/em><strong><strong><em><strong><em><strong>&nbsp;is a journalist. Editor-in-chief of Bondy Blog from 2009 to 2011 and a former senior reporter at<\/strong><\/em><strong> <\/strong><\/strong><\/em><\/strong><\/strong><\/em><strong><strong><strong><strong>Time<\/strong><\/strong><\/strong><\/strong><em><strong><strong><em><strong><em><strong>&nbsp;and&nbsp;<\/strong><\/em><\/strong><\/em><\/strong><\/strong><\/em><strong><strong><strong><strong>L'Hebdo<\/strong><\/strong><\/strong><\/strong><em><strong><strong><em><strong><em><strong>, he is the author of&nbsp;<\/strong><\/em><strong><a href=\"https:\/\/www.payot.ch\/Detail\/le_livre_des_indesires-menusier_antoine-9782204112703?fp=1\">Livre des ind\u00e9sir\u00e9s - A history of Arabs in France<\/a><\/strong><em><strong>&nbsp;(Editions du Cerf, 2019). Today, he writes for the Swiss media outlet Watson and contributes to the French magazines <\/strong><\/em><\/strong><\/em><\/strong><\/strong><\/em><strong><strong><strong><strong>Marianne<\/strong><\/strong><\/strong><\/strong><em><strong><strong><em><strong><em><strong> and <\/strong><\/em><\/strong><\/em><\/strong><\/strong><\/em><strong><strong><strong><strong>L'Express<\/strong><\/strong><\/strong><\/strong><em><strong><strong><em><strong><em><strong>.<\/strong><\/em><\/strong><\/em><\/strong><\/strong><\/em><\/h6>\n\n\n<div data-block-name=\"woocommerce\/handpicked-products\" data-orderby=\"price_asc\" data-products=\"[50354,50366,50371]\" class=\"wc-block-grid wp-block-handpicked-products wp-block-woocommerce-handpicked-products wc-block-handpicked-products has-3-columns has-multiple-rows\"><ul class=\"wc-block-grid__products\"><li class=\"wc-block-grid__product\">\n\t\t\t\t<a href=\"https:\/\/leregardlibre.com\/en\/product\/youth-pass-2\/\" class=\"wc-block-grid__product-link\">\n\t\t\t\t\t\n\t\t\t\t\t<div class=\"wc-block-grid__product-image\"><img fetchpriority=\"high\" decoding=\"async\" width=\"300\" height=\"226\" src=\"https:\/\/leregardlibre.com\/wp-content\/uploads\/2024\/03\/rl_abo-1-300x226.png\" class=\"attachment-woocommerce_thumbnail size-woocommerce_thumbnail\" alt=\"Youth pass\" srcset=\"https:\/\/leregardlibre.com\/wp-content\/uploads\/2024\/03\/rl_abo-1-300x226.png 300w, https:\/\/leregardlibre.com\/wp-content\/uploads\/2024\/03\/rl_abo-1-150x113.png 150w, https:\/\/leregardlibre.com\/wp-content\/uploads\/2024\/03\/rl_abo-1-768x578.png 768w, https:\/\/leregardlibre.com\/wp-content\/uploads\/2024\/03\/rl_abo-1-585x440.png 585w, https:\/\/leregardlibre.com\/wp-content\/uploads\/2024\/03\/rl_abo-1-600x452.png 600w, https:\/\/leregardlibre.com\/wp-content\/uploads\/2024\/03\/rl_abo-1.png 800w\" sizes=\"(max-width: 300px) 100vw, 300px\" \/><\/div>\n\t\t\t\t\t<div class=\"wc-block-grid__product-title\">Youth pass<\/div>\n\t\t\t\t<\/a>\n\t\t\t\t<div class=\"wc-block-grid__product-price price\"><span class=\"from\">From: <\/span><span class=\"woocommerce-Price-amount amount\"><span class=\"woocommerce-Price-currencySymbol\">CHF<\/span>2.50<\/span> <span class=\"subscription-details\"> \/ month<\/span><\/div>\n\t\t\t\t\n\t\t\t\t<div class=\"wp-block-button wc-block-grid__product-add-to-cart\"><a href=\"https:\/\/leregardlibre.com\/en\/product\/youth-pass-2\/\" aria-label=\"Select options for \u201cYouth subscription\u201d\" data-quantity=\"1\" data-product_id=\"50354\" data-product_sku=\"\" data-price=\"2.5\" rel=\"nofollow\" class=\"wp-block-button__link  add_to_cart_button\">Select options<\/a><\/div>\n\t\t\t<\/li><li class=\"wc-block-grid__product\">\n\t\t\t\t<a href=\"https:\/\/leregardlibre.com\/en\/product\/digital-subscription-2\/\" class=\"wc-block-grid__product-link\">\n\t\t\t\t\t\n\t\t\t\t\t<div class=\"wc-block-grid__product-image\"><img decoding=\"async\" width=\"300\" height=\"226\" src=\"https:\/\/leregardlibre.com\/wp-content\/uploads\/2024\/03\/rl_abo-1-300x226.png\" class=\"attachment-woocommerce_thumbnail size-woocommerce_thumbnail\" alt=\"Digital subscription\" srcset=\"https:\/\/leregardlibre.com\/wp-content\/uploads\/2024\/03\/rl_abo-1-300x226.png 300w, https:\/\/leregardlibre.com\/wp-content\/uploads\/2024\/03\/rl_abo-1-150x113.png 150w, https:\/\/leregardlibre.com\/wp-content\/uploads\/2024\/03\/rl_abo-1-768x578.png 768w, https:\/\/leregardlibre.com\/wp-content\/uploads\/2024\/03\/rl_abo-1-585x440.png 585w, https:\/\/leregardlibre.com\/wp-content\/uploads\/2024\/03\/rl_abo-1-600x452.png 600w, https:\/\/leregardlibre.com\/wp-content\/uploads\/2024\/03\/rl_abo-1.png 800w\" sizes=\"(max-width: 300px) 100vw, 300px\" \/><\/div>\n\t\t\t\t\t<div class=\"wc-block-grid__product-title\">Digital subscription<\/div>\n\t\t\t\t<\/a>\n\t\t\t\t<div class=\"wc-block-grid__product-price price\"><span class=\"from\">From: <\/span><span class=\"woocommerce-Price-amount amount\"><span class=\"woocommerce-Price-currencySymbol\">CHF<\/span>5.00<\/span> <span class=\"subscription-details\"> \/ month with a 30-day free trial and a <span class=\"woocommerce-Price-amount amount\"><span class=\"woocommerce-Price-currencySymbol\">CHF<\/span>2.50<\/span> sign-up fee<\/span><\/div>\n\t\t\t\t\n\t\t\t\t<div class=\"wp-block-button wc-block-grid__product-add-to-cart\"><a href=\"https:\/\/leregardlibre.com\/en\/product\/digital-subscription-2\/\" aria-label=\"Select options for \u201cDigital subscription\u201d\" data-quantity=\"1\" data-product_id=\"50366\" data-product_sku=\"\" data-price=\"5\" rel=\"nofollow\" class=\"wp-block-button__link  add_to_cart_button\">Select options<\/a><\/div>\n\t\t\t<\/li><li class=\"wc-block-grid__product\">\n\t\t\t\t<a href=\"https:\/\/leregardlibre.com\/en\/product\/standard-subscription\/\" class=\"wc-block-grid__product-link\">\n\t\t\t\t\t\n\t\t\t\t\t<div class=\"wc-block-grid__product-image\"><img decoding=\"async\" width=\"300\" height=\"226\" src=\"https:\/\/leregardlibre.com\/wp-content\/uploads\/2022\/07\/visuel-abonnement-rl-300x226.png\" class=\"attachment-woocommerce_thumbnail size-woocommerce_thumbnail\" alt=\"subscription le regard libre\" srcset=\"https:\/\/leregardlibre.com\/wp-content\/uploads\/2022\/07\/visuel-abonnement-rl-300x226.png 300w, https:\/\/leregardlibre.com\/wp-content\/uploads\/2022\/07\/visuel-abonnement-rl-150x113.png 150w, https:\/\/leregardlibre.com\/wp-content\/uploads\/2022\/07\/visuel-abonnement-rl-768x578.png 768w, https:\/\/leregardlibre.com\/wp-content\/uploads\/2022\/07\/visuel-abonnement-rl-585x440.png 585w, https:\/\/leregardlibre.com\/wp-content\/uploads\/2022\/07\/visuel-abonnement-rl-600x452.png 600w, https:\/\/leregardlibre.com\/wp-content\/uploads\/2022\/07\/visuel-abonnement-rl.png 800w\" sizes=\"(max-width: 300px) 100vw, 300px\" \/><\/div>\n\t\t\t\t\t<div class=\"wc-block-grid__product-title\">Standard subscription<\/div>\n\t\t\t\t<\/a>\n\t\t\t\t<div class=\"wc-block-grid__product-price price\"><span class=\"from\">From: <\/span><span class=\"woocommerce-Price-amount amount\"><span class=\"woocommerce-Price-currencySymbol\">CHF<\/span>10.00<\/span> <span class=\"subscription-details\"> \/ month with a 30-day free trial and a <span class=\"woocommerce-Price-amount amount\"><span class=\"woocommerce-Price-currencySymbol\">CHF<\/span>2.50<\/span> sign-up fee<\/span><\/div>\n\t\t\t\t\n\t\t\t\t<div class=\"wp-block-button wc-block-grid__product-add-to-cart\"><a href=\"https:\/\/leregardlibre.com\/en\/product\/standard-subscription\/\" aria-label=\"Select options for \u201cStandard subscription\u201d\" data-quantity=\"1\" data-product_id=\"50371\" data-product_sku=\"\" data-price=\"10\" rel=\"nofollow\" class=\"wp-block-button__link  add_to_cart_button\">Select options<\/a><\/div>\n\t\t\t<\/li><\/ul><\/div>","protected":false},"excerpt":{"rendered":"<p>\u00abThe government wants to scare the hirak activists, but this will produce the opposite effect.\u00bb From New York, where he is based, Chekib Drareni, the reporter's younger brother and an activist in Algeria's peaceful uprising, explains his actions in favor of the reporter's release, and tells us more about his journey since childhood.<\/p>","protected":false},"author":120,"featured_media":35580,"comment_status":"open","ping_status":"open","sticky":false,"template":"","format":"standard","meta":{"_acf_changed":false,"footnotes":""},"categories":[644357281],"tags":[100140,2654963,131453,644350897,644354412,644354422,644342480],"class_list":["post-35566","post","type-post","status-publish","format-standard","has-post-thumbnail","hentry","category-monde","tag-algerie","tag-autoritarisme","tag-censure","tag-hirak","tag-hirak-algerien","tag-liberte-de-la-presse","tag-temoignage"],"acf":[],"yoast_head":"<!-- This site is optimized with the Yoast SEO Premium plugin v27.4 (Yoast SEO v27.4) - https:\/\/yoast.com\/product\/yoast-seo-premium-wordpress\/ -->\n<title>Khaled Drareni, journaliste alg\u00e9rien condamn\u00e9: son fr\u00e8re t\u00e9moigne<\/title>\n<meta name=\"description\" content=\"Le fr\u00e8re du reporter et militant pacifiste alg\u00e9rien Khaled Drareni explique les actions qu\u2019il m\u00e8ne en faveur de la lib\u00e9ration de ce dernier.\" \/>\n<meta name=\"robots\" content=\"index, follow, max-snippet:-1, max-image-preview:large, max-video-preview:-1\" \/>\n<link rel=\"canonical\" href=\"https:\/\/leregardlibre.com\/en\/policy\/world\/khaled-drareni-algerian-journalist-sentenced-his-brother-testifies\/\" \/>\n<meta property=\"og:locale\" content=\"en_US\" \/>\n<meta property=\"og:type\" content=\"article\" \/>\n<meta property=\"og:title\" content=\"Khaled Drareni, journaliste alg\u00e9rien condamn\u00e9: son fr\u00e8re t\u00e9moigne\" \/>\n<meta property=\"og:description\" content=\"Le fr\u00e8re du reporter et militant pacifiste alg\u00e9rien Khaled Drareni explique les actions qu\u2019il m\u00e8ne en faveur de la lib\u00e9ration de ce dernier.\" \/>\n<meta property=\"og:url\" content=\"https:\/\/leregardlibre.com\/en\/policy\/world\/khaled-drareni-algerian-journalist-sentenced-his-brother-testifies\/\" \/>\n<meta property=\"og:site_name\" content=\"Le Regard Libre\" \/>\n<meta property=\"article:publisher\" content=\"https:\/\/www.facebook.com\/leregardlibre\/\" \/>\n<meta property=\"article:published_time\" content=\"2020-08-21T04:00:00+00:00\" \/>\n<meta property=\"article:modified_time\" content=\"2025-12-13T21:53:41+00:00\" \/>\n<meta property=\"og:image\" content=\"https:\/\/leregardlibre.com\/wp-content\/uploads\/2020\/08\/Chekib-Drareni-1.jpg\" \/>\n\t<meta property=\"og:image:width\" content=\"2048\" \/>\n\t<meta property=\"og:image:height\" content=\"1536\" \/>\n\t<meta property=\"og:image:type\" content=\"image\/jpeg\" \/>\n<meta name=\"author\" content=\"Antoine Menusier\" \/>\n<meta name=\"twitter:card\" content=\"summary_large_image\" \/>\n<meta name=\"twitter:creator\" content=\"@LeRegardLibre\" \/>\n<meta name=\"twitter:site\" content=\"@LeRegardLibre\" \/>\n<meta name=\"twitter:label1\" content=\"Written by\" \/>\n\t<meta name=\"twitter:data1\" content=\"Antoine Menusier\" \/>\n\t<meta name=\"twitter:label2\" content=\"Est. reading time\" \/>\n\t<meta name=\"twitter:data2\" content=\"5 minutes\" \/>\n<script type=\"application\/ld+json\" class=\"yoast-schema-graph\">{\"@context\":\"https:\\\/\\\/schema.org\",\"@graph\":[{\"@type\":\"Article\",\"@id\":\"https:\\\/\\\/leregardlibre.com\\\/politique\\\/monde\\\/khaled-drareni-journaliste-algerien-condamne-son-frere-temoigne\\\/#article\",\"isPartOf\":{\"@id\":\"https:\\\/\\\/leregardlibre.com\\\/politique\\\/monde\\\/khaled-drareni-journaliste-algerien-condamne-son-frere-temoigne\\\/\"},\"author\":{\"name\":\"Antoine Menusier\",\"@id\":\"https:\\\/\\\/leregardlibre.com\\\/#\\\/schema\\\/person\\\/ce386ed8f858409e7182fce38cdbb91e\"},\"headline\":\"Khaled Drareni, journaliste alg\u00e9rien condamn\u00e9: son fr\u00e8re t\u00e9moigne\",\"datePublished\":\"2020-08-21T04:00:00+00:00\",\"dateModified\":\"2025-12-13T21:53:41+00:00\",\"mainEntityOfPage\":{\"@id\":\"https:\\\/\\\/leregardlibre.com\\\/politique\\\/monde\\\/khaled-drareni-journaliste-algerien-condamne-son-frere-temoigne\\\/\"},\"wordCount\":1106,\"commentCount\":0,\"publisher\":{\"@id\":\"https:\\\/\\\/leregardlibre.com\\\/#organization\"},\"image\":{\"@id\":\"https:\\\/\\\/leregardlibre.com\\\/politique\\\/monde\\\/khaled-drareni-journaliste-algerien-condamne-son-frere-temoigne\\\/#primaryimage\"},\"thumbnailUrl\":\"https:\\\/\\\/leregardlibre.com\\\/wp-content\\\/uploads\\\/2020\\\/08\\\/Chekib-Drareni-1.jpg\",\"keywords\":[\"Alg\u00e9rie\",\"Autoritarisme\",\"Censure\",\"Hirak\",\"Hirak alg\u00e9rien\",\"Libert\u00e9 de la presse\",\"T\u00e9moignage\"],\"articleSection\":[\"Monde\"],\"inLanguage\":\"en-US\",\"potentialAction\":[{\"@type\":\"CommentAction\",\"name\":\"Comment\",\"target\":[\"https:\\\/\\\/leregardlibre.com\\\/politique\\\/monde\\\/khaled-drareni-journaliste-algerien-condamne-son-frere-temoigne\\\/#respond\"]}]},{\"@type\":\"WebPage\",\"@id\":\"https:\\\/\\\/leregardlibre.com\\\/politique\\\/monde\\\/khaled-drareni-journaliste-algerien-condamne-son-frere-temoigne\\\/\",\"url\":\"https:\\\/\\\/leregardlibre.com\\\/politique\\\/monde\\\/khaled-drareni-journaliste-algerien-condamne-son-frere-temoigne\\\/\",\"name\":\"Khaled Drareni, journaliste alg\u00e9rien condamn\u00e9: son fr\u00e8re t\u00e9moigne\",\"isPartOf\":{\"@id\":\"https:\\\/\\\/leregardlibre.com\\\/#website\"},\"primaryImageOfPage\":{\"@id\":\"https:\\\/\\\/leregardlibre.com\\\/politique\\\/monde\\\/khaled-drareni-journaliste-algerien-condamne-son-frere-temoigne\\\/#primaryimage\"},\"image\":{\"@id\":\"https:\\\/\\\/leregardlibre.com\\\/politique\\\/monde\\\/khaled-drareni-journaliste-algerien-condamne-son-frere-temoigne\\\/#primaryimage\"},\"thumbnailUrl\":\"https:\\\/\\\/leregardlibre.com\\\/wp-content\\\/uploads\\\/2020\\\/08\\\/Chekib-Drareni-1.jpg\",\"datePublished\":\"2020-08-21T04:00:00+00:00\",\"dateModified\":\"2025-12-13T21:53:41+00:00\",\"description\":\"Le fr\u00e8re du reporter et militant pacifiste alg\u00e9rien Khaled Drareni explique les actions qu\u2019il m\u00e8ne en faveur de la lib\u00e9ration de ce dernier.\",\"breadcrumb\":{\"@id\":\"https:\\\/\\\/leregardlibre.com\\\/politique\\\/monde\\\/khaled-drareni-journaliste-algerien-condamne-son-frere-temoigne\\\/#breadcrumb\"},\"inLanguage\":\"en-US\",\"potentialAction\":[{\"@type\":\"ReadAction\",\"target\":[\"https:\\\/\\\/leregardlibre.com\\\/politique\\\/monde\\\/khaled-drareni-journaliste-algerien-condamne-son-frere-temoigne\\\/\"]}]},{\"@type\":\"ImageObject\",\"inLanguage\":\"en-US\",\"@id\":\"https:\\\/\\\/leregardlibre.com\\\/politique\\\/monde\\\/khaled-drareni-journaliste-algerien-condamne-son-frere-temoigne\\\/#primaryimage\",\"url\":\"https:\\\/\\\/leregardlibre.com\\\/wp-content\\\/uploads\\\/2020\\\/08\\\/Chekib-Drareni-1.jpg\",\"contentUrl\":\"https:\\\/\\\/leregardlibre.com\\\/wp-content\\\/uploads\\\/2020\\\/08\\\/Chekib-Drareni-1.jpg\",\"width\":2048,\"height\":1536},{\"@type\":\"BreadcrumbList\",\"@id\":\"https:\\\/\\\/leregardlibre.com\\\/politique\\\/monde\\\/khaled-drareni-journaliste-algerien-condamne-son-frere-temoigne\\\/#breadcrumb\",\"itemListElement\":[{\"@type\":\"ListItem\",\"position\":1,\"name\":\"Accueil\",\"item\":\"https:\\\/\\\/leregardlibre.com\\\/\"},{\"@type\":\"ListItem\",\"position\":2,\"name\":\"Khaled Drareni, journaliste alg\u00e9rien condamn\u00e9: son fr\u00e8re t\u00e9moigne\"}]},{\"@type\":\"WebSite\",\"@id\":\"https:\\\/\\\/leregardlibre.com\\\/#website\",\"url\":\"https:\\\/\\\/leregardlibre.com\\\/\",\"name\":\"Le Regard Libre\",\"description\":\"Premier mensuel suisse de d\u00e9bat\",\"publisher\":{\"@id\":\"https:\\\/\\\/leregardlibre.com\\\/#organization\"},\"potentialAction\":[{\"@type\":\"SearchAction\",\"target\":{\"@type\":\"EntryPoint\",\"urlTemplate\":\"https:\\\/\\\/leregardlibre.com\\\/?s={search_term_string}\"},\"query-input\":{\"@type\":\"PropertyValueSpecification\",\"valueRequired\":true,\"valueName\":\"search_term_string\"}}],\"inLanguage\":\"en-US\"},{\"@type\":\"Organization\",\"@id\":\"https:\\\/\\\/leregardlibre.com\\\/#organization\",\"name\":\"Le Regard Libre\",\"url\":\"https:\\\/\\\/leregardlibre.com\\\/\",\"logo\":{\"@type\":\"ImageObject\",\"inLanguage\":\"en-US\",\"@id\":\"https:\\\/\\\/leregardlibre.com\\\/#\\\/schema\\\/logo\\\/image\\\/\",\"url\":\"https:\\\/\\\/leregardlibre.com\\\/wp-content\\\/uploads\\\/2025\\\/08\\\/logo-rl-icone-neg.jpeg\",\"contentUrl\":\"https:\\\/\\\/leregardlibre.com\\\/wp-content\\\/uploads\\\/2025\\\/08\\\/logo-rl-icone-neg.jpeg\",\"width\":557,\"height\":556,\"caption\":\"Le Regard Libre\"},\"image\":{\"@id\":\"https:\\\/\\\/leregardlibre.com\\\/#\\\/schema\\\/logo\\\/image\\\/\"},\"sameAs\":[\"https:\\\/\\\/www.facebook.com\\\/leregardlibre\\\/\",\"https:\\\/\\\/x.com\\\/LeRegardLibre\",\"https:\\\/\\\/www.linkedin.com\\\/company\\\/le-regard-libre\",\"https:\\\/\\\/www.instagram.com\\\/leregardlibre\\\/\",\"http:\\\/\\\/t.me\\\/leregardlibre\",\"https:\\\/\\\/youtube.com\\\/channel\\\/UC6HzGPomj1LsUmlz-sJtITQ\"],\"description\":\"Le Regard Libre est un mensuel suisse de d\u00e9bat intellectuel et culturel. Sa r\u00e9daction est jeune, b\u00e9n\u00e9vole, lib\u00e9rale et pluraliste. Le magazine para\u00eet en ligne et sous forme papier. Sa langue est le fran\u00e7ais.\",\"email\":\"redaction@leregardlibre.com\",\"legalName\":\"Le Regard Libre\",\"foundingDate\":\"2014-01-01\",\"numberOfEmployees\":{\"@type\":\"QuantitativeValue\",\"minValue\":\"11\",\"maxValue\":\"50\"},\"publishingPrinciples\":\"https:\\\/\\\/leregardlibre.com\\\/a-propos\\\/notre-manifeste\\\/\",\"ownershipFundingInfo\":\"https:\\\/\\\/leregardlibre.com\\\/mentions-legales\\\/\",\"actionableFeedbackPolicy\":\"https:\\\/\\\/leregardlibre.com\\\/conditions-generales-de-vente\\\/\"},{\"@type\":\"Person\",\"@id\":\"https:\\\/\\\/leregardlibre.com\\\/#\\\/schema\\\/person\\\/ce386ed8f858409e7182fce38cdbb91e\",\"name\":\"Antoine Menusier\",\"image\":{\"@type\":\"ImageObject\",\"inLanguage\":\"en-US\",\"@id\":\"https:\\\/\\\/secure.gravatar.com\\\/avatar\\\/208175bba5059c5f43351df297c13fa344b548ac03dbdad0be8633426f4f08af?s=96&d=identicon&r=g\",\"url\":\"https:\\\/\\\/secure.gravatar.com\\\/avatar\\\/208175bba5059c5f43351df297c13fa344b548ac03dbdad0be8633426f4f08af?s=96&d=identicon&r=g\",\"contentUrl\":\"https:\\\/\\\/secure.gravatar.com\\\/avatar\\\/208175bba5059c5f43351df297c13fa344b548ac03dbdad0be8633426f4f08af?s=96&d=identicon&r=g\",\"caption\":\"Antoine Menusier\"},\"description\":\"Journaliste, essayiste, auteur du \u00abLivre des ind\u00e9sir\u00e9s \u2013 Une histoire des Arabes en France\u00bb (Editions du Cerf, 2019), Antoine Menusier contribue au Regard Libre en tant qu'invit\u00e9 de la r\u00e9daction.\",\"sameAs\":[\"https:\\\/\\\/leregardlibre.com\\\/\",\"https:\\\/\\\/fr.wikipedia.org\\\/wiki\\\/Le_Regard_libre\"],\"url\":\"https:\\\/\\\/leregardlibre.com\\\/en\\\/author\\\/antoine-menusier\\\/\"}]}<\/script>\n<!-- \/ Yoast SEO Premium plugin. -->","yoast_head_json":{"title":"Khaled Drareni, convicted Algerian journalist: his brother testifies","description":"The brother of Algerian reporter and peace activist Khaled Drareni explains the actions he is taking to secure Drareni's release.","robots":{"index":"index","follow":"follow","max-snippet":"max-snippet:-1","max-image-preview":"max-image-preview:large","max-video-preview":"max-video-preview:-1"},"canonical":"https:\/\/leregardlibre.com\/en\/policy\/world\/khaled-drareni-algerian-journalist-sentenced-his-brother-testifies\/","og_locale":"en_US","og_type":"article","og_title":"Khaled Drareni, journaliste alg\u00e9rien condamn\u00e9: son fr\u00e8re t\u00e9moigne","og_description":"Le fr\u00e8re du reporter et militant pacifiste alg\u00e9rien Khaled Drareni explique les actions qu\u2019il m\u00e8ne en faveur de la lib\u00e9ration de ce dernier.","og_url":"https:\/\/leregardlibre.com\/en\/policy\/world\/khaled-drareni-algerian-journalist-sentenced-his-brother-testifies\/","og_site_name":"Le Regard Libre","article_publisher":"https:\/\/www.facebook.com\/leregardlibre\/","article_published_time":"2020-08-21T04:00:00+00:00","article_modified_time":"2025-12-13T21:53:41+00:00","og_image":[{"width":2048,"height":1536,"url":"https:\/\/leregardlibre.com\/wp-content\/uploads\/2020\/08\/Chekib-Drareni-1.jpg","type":"image\/jpeg"}],"author":"Antoine Menusier","twitter_card":"summary_large_image","twitter_creator":"@LeRegardLibre","twitter_site":"@LeRegardLibre","twitter_misc":{"Written by":"Antoine Menusier","Est. reading time":"5 minutes"},"schema":{"@context":"https:\/\/schema.org","@graph":[{"@type":"Article","@id":"https:\/\/leregardlibre.com\/politique\/monde\/khaled-drareni-journaliste-algerien-condamne-son-frere-temoigne\/#article","isPartOf":{"@id":"https:\/\/leregardlibre.com\/politique\/monde\/khaled-drareni-journaliste-algerien-condamne-son-frere-temoigne\/"},"author":{"name":"Antoine Menusier","@id":"https:\/\/leregardlibre.com\/#\/schema\/person\/ce386ed8f858409e7182fce38cdbb91e"},"headline":"Khaled Drareni, journaliste alg\u00e9rien condamn\u00e9: son fr\u00e8re t\u00e9moigne","datePublished":"2020-08-21T04:00:00+00:00","dateModified":"2025-12-13T21:53:41+00:00","mainEntityOfPage":{"@id":"https:\/\/leregardlibre.com\/politique\/monde\/khaled-drareni-journaliste-algerien-condamne-son-frere-temoigne\/"},"wordCount":1106,"commentCount":0,"publisher":{"@id":"https:\/\/leregardlibre.com\/#organization"},"image":{"@id":"https:\/\/leregardlibre.com\/politique\/monde\/khaled-drareni-journaliste-algerien-condamne-son-frere-temoigne\/#primaryimage"},"thumbnailUrl":"https:\/\/leregardlibre.com\/wp-content\/uploads\/2020\/08\/Chekib-Drareni-1.jpg","keywords":["Alg\u00e9rie","Autoritarisme","Censure","Hirak","Hirak alg\u00e9rien","Libert\u00e9 de la presse","T\u00e9moignage"],"articleSection":["Monde"],"inLanguage":"en-US","potentialAction":[{"@type":"CommentAction","name":"Comment","target":["https:\/\/leregardlibre.com\/politique\/monde\/khaled-drareni-journaliste-algerien-condamne-son-frere-temoigne\/#respond"]}]},{"@type":"WebPage","@id":"https:\/\/leregardlibre.com\/politique\/monde\/khaled-drareni-journaliste-algerien-condamne-son-frere-temoigne\/","url":"https:\/\/leregardlibre.com\/politique\/monde\/khaled-drareni-journaliste-algerien-condamne-son-frere-temoigne\/","name":"Khaled Drareni, convicted Algerian journalist: his brother testifies","isPartOf":{"@id":"https:\/\/leregardlibre.com\/#website"},"primaryImageOfPage":{"@id":"https:\/\/leregardlibre.com\/politique\/monde\/khaled-drareni-journaliste-algerien-condamne-son-frere-temoigne\/#primaryimage"},"image":{"@id":"https:\/\/leregardlibre.com\/politique\/monde\/khaled-drareni-journaliste-algerien-condamne-son-frere-temoigne\/#primaryimage"},"thumbnailUrl":"https:\/\/leregardlibre.com\/wp-content\/uploads\/2020\/08\/Chekib-Drareni-1.jpg","datePublished":"2020-08-21T04:00:00+00:00","dateModified":"2025-12-13T21:53:41+00:00","description":"The brother of Algerian reporter and peace activist Khaled Drareni explains the actions he is taking to secure Drareni's release.","breadcrumb":{"@id":"https:\/\/leregardlibre.com\/politique\/monde\/khaled-drareni-journaliste-algerien-condamne-son-frere-temoigne\/#breadcrumb"},"inLanguage":"en-US","potentialAction":[{"@type":"ReadAction","target":["https:\/\/leregardlibre.com\/politique\/monde\/khaled-drareni-journaliste-algerien-condamne-son-frere-temoigne\/"]}]},{"@type":"ImageObject","inLanguage":"en-US","@id":"https:\/\/leregardlibre.com\/politique\/monde\/khaled-drareni-journaliste-algerien-condamne-son-frere-temoigne\/#primaryimage","url":"https:\/\/leregardlibre.com\/wp-content\/uploads\/2020\/08\/Chekib-Drareni-1.jpg","contentUrl":"https:\/\/leregardlibre.com\/wp-content\/uploads\/2020\/08\/Chekib-Drareni-1.jpg","width":2048,"height":1536},{"@type":"BreadcrumbList","@id":"https:\/\/leregardlibre.com\/politique\/monde\/khaled-drareni-journaliste-algerien-condamne-son-frere-temoigne\/#breadcrumb","itemListElement":[{"@type":"ListItem","position":1,"name":"Accueil","item":"https:\/\/leregardlibre.com\/"},{"@type":"ListItem","position":2,"name":"Khaled Drareni, journaliste alg\u00e9rien condamn\u00e9: son fr\u00e8re t\u00e9moigne"}]},{"@type":"WebSite","@id":"https:\/\/leregardlibre.com\/#website","url":"https:\/\/leregardlibre.com\/","name":"Le Regard Libre","description":"Switzerland's first monthly debate magazine","publisher":{"@id":"https:\/\/leregardlibre.com\/#organization"},"potentialAction":[{"@type":"SearchAction","target":{"@type":"EntryPoint","urlTemplate":"https:\/\/leregardlibre.com\/?s={search_term_string}"},"query-input":{"@type":"PropertyValueSpecification","valueRequired":true,"valueName":"search_term_string"}}],"inLanguage":"en-US"},{"@type":"Organization","@id":"https:\/\/leregardlibre.com\/#organization","name":"Le Regard Libre","url":"https:\/\/leregardlibre.com\/","logo":{"@type":"ImageObject","inLanguage":"en-US","@id":"https:\/\/leregardlibre.com\/#\/schema\/logo\/image\/","url":"https:\/\/leregardlibre.com\/wp-content\/uploads\/2025\/08\/logo-rl-icone-neg.jpeg","contentUrl":"https:\/\/leregardlibre.com\/wp-content\/uploads\/2025\/08\/logo-rl-icone-neg.jpeg","width":557,"height":556,"caption":"Le Regard Libre"},"image":{"@id":"https:\/\/leregardlibre.com\/#\/schema\/logo\/image\/"},"sameAs":["https:\/\/www.facebook.com\/leregardlibre\/","https:\/\/x.com\/LeRegardLibre","https:\/\/www.linkedin.com\/company\/le-regard-libre","https:\/\/www.instagram.com\/leregardlibre\/","http:\/\/t.me\/leregardlibre","https:\/\/youtube.com\/channel\/UC6HzGPomj1LsUmlz-sJtITQ"],"description":"Le Regard Libre is a Swiss monthly magazine for intellectual and cultural debate. Its editorial team is young, voluntary, liberal and pluralist. The magazine appears online and in print. Its language is French.","email":"redaction@leregardlibre.com","legalName":"Le Regard Libre","foundingDate":"2014-01-01","numberOfEmployees":{"@type":"QuantitativeValue","minValue":"11","maxValue":"50"},"publishingPrinciples":"https:\/\/leregardlibre.com\/a-propos\/notre-manifeste\/","ownershipFundingInfo":"https:\/\/leregardlibre.com\/mentions-legales\/","actionableFeedbackPolicy":"https:\/\/leregardlibre.com\/conditions-generales-de-vente\/"},{"@type":"Person","@id":"https:\/\/leregardlibre.com\/#\/schema\/person\/ce386ed8f858409e7182fce38cdbb91e","name":"Antoine Menusier","image":{"@type":"ImageObject","inLanguage":"en-US","@id":"https:\/\/secure.gravatar.com\/avatar\/208175bba5059c5f43351df297c13fa344b548ac03dbdad0be8633426f4f08af?s=96&d=identicon&r=g","url":"https:\/\/secure.gravatar.com\/avatar\/208175bba5059c5f43351df297c13fa344b548ac03dbdad0be8633426f4f08af?s=96&d=identicon&r=g","contentUrl":"https:\/\/secure.gravatar.com\/avatar\/208175bba5059c5f43351df297c13fa344b548ac03dbdad0be8633426f4f08af?s=96&d=identicon&r=g","caption":"Antoine Menusier"},"description":"Journalist, essayist and author of \u00abLivre des ind\u00e9sir\u00e9s - Une histoire des Arabes en France\u00bb (Editions du Cerf, 2019), Antoine Menusier contributes to Regard Libre as an editorial guest.","sameAs":["https:\/\/leregardlibre.com\/","https:\/\/fr.wikipedia.org\/wiki\/Le_Regard_libre"],"url":"https:\/\/leregardlibre.com\/en\/author\/antoine-menusier\/"}]}},"_links":{"self":[{"href":"https:\/\/leregardlibre.com\/en\/wp-json\/wp\/v2\/posts\/35566","targetHints":{"allow":["GET"]}}],"collection":[{"href":"https:\/\/leregardlibre.com\/en\/wp-json\/wp\/v2\/posts"}],"about":[{"href":"https:\/\/leregardlibre.com\/en\/wp-json\/wp\/v2\/types\/post"}],"author":[{"embeddable":true,"href":"https:\/\/leregardlibre.com\/en\/wp-json\/wp\/v2\/users\/120"}],"replies":[{"embeddable":true,"href":"https:\/\/leregardlibre.com\/en\/wp-json\/wp\/v2\/comments?post=35566"}],"version-history":[{"count":2,"href":"https:\/\/leregardlibre.com\/en\/wp-json\/wp\/v2\/posts\/35566\/revisions"}],"predecessor-version":[{"id":521298,"href":"https:\/\/leregardlibre.com\/en\/wp-json\/wp\/v2\/posts\/35566\/revisions\/521298"}],"wp:featuredmedia":[{"embeddable":true,"href":"https:\/\/leregardlibre.com\/en\/wp-json\/wp\/v2\/media\/35580"}],"wp:attachment":[{"href":"https:\/\/leregardlibre.com\/en\/wp-json\/wp\/v2\/media?parent=35566"}],"wp:term":[{"taxonomy":"category","embeddable":true,"href":"https:\/\/leregardlibre.com\/en\/wp-json\/wp\/v2\/categories?post=35566"},{"taxonomy":"post_tag","embeddable":true,"href":"https:\/\/leregardlibre.com\/en\/wp-json\/wp\/v2\/tags?post=35566"}],"curies":[{"name":"wp","href":"https:\/\/api.w.org\/{rel}","templated":true}]}}