{"id":35646,"date":"2020-08-25T19:54:50","date_gmt":"2020-08-25T17:54:50","guid":{"rendered":"https:\/\/leregardlibre.com\/?p=35646"},"modified":"2022-09-04T10:40:27","modified_gmt":"2022-09-04T08:40:27","slug":"mona-ozouf-delivers-a-magnificent-plea-for-literature","status":"publish","type":"post","link":"https:\/\/leregardlibre.com\/en\/literature\/mona-ozouf-delivers-a-magnificent-plea-for-literature\/","title":{"rendered":"Mona Ozouf delivers a magnificent plea for literature"},"content":{"rendered":"<p><em>Tuesday's books - Jonas Follonier<\/em><\/p>\n\n\n\n<p class=\"has-drop-cap\"><strong>It's an important work published by Editions Stock in the beautiful collection with cover art by Le Petit Atelier. <em>To make life lighter. Books, women, manners<\/em> features the voices of Mona Ozouf and her interlocutors Pierre Manent, Diane de Margerie, Genevi\u00e8ve Brisac, Philippe Raynaud, Claude Habib, Philippe B\u00e9laval and Patrice Gueniffey, not forgetting the host of the show <em>Replicas<\/em> who hosted these conversations, essayist and academician Alain Finkielkraut. They discuss the nature of literature, its effects on our lives rather than its role, as well as gallantry, which in an extremely subtle and compelling way is associated with books in this work.<\/strong><\/p>\n\n\n\n<!--more Lire la chronique-->\n\n\n\n<p>It could be said that what unites books and manners, apart from their <em>effects<\/em> on existence, namely to bring lightness, it is their <em>petrol<\/em> even: it's art. <em>Ars<\/em>, is the Latin equivalent of the Greek <em>techn\u00e9<\/em>, It's something created by man. So it's something created by man. But to recognize this dimension of the world, the unnatural, we must first recognize the natural. This is what the merry company of nine intellectuals have in common. It's worth pointing out that this attitude is in the minority in today's academic world, which is no doubt mind-boggling in the eyes of the layman, and yet it's true: the concept of \u00abnature\u00bb has a very bad press.<\/p>\n\n\n\n<p>What the co-authors of <em>Making life lighter<\/em>, Our aim, if we can put it that way, is to rehabilitate nature, not to praise it, but to show the refinements that can be brought to bear on it. And while we're on the subject of literature and manners, there's a lot to be said for human nature and the nature of human relationships. Since men are naturally superior to women in terms of physical strength, gallantry reverses natural roles: the man becomes weak and recognizes the woman's superiority in terms of refinement, and the superiority of this superiority over the other. In the same way, literature is superior to the real world in the kind of experiences it provides:<\/p>\n\n\n\n<blockquote class=\"wp-block-quote is-layout-flow wp-block-quote-is-layout-flow\"><p>\u00abIn the works we study, we become acquainted with passions, learning about cruelty, abandonment, jealousy and vengeance. But we don't die with the hero, and if we suffer with him, it's not like him; emotion may grip us, but at no time do we lose the certainty that it won't destroy us. [...] This, according to Alain, was the cardinal virtue of the school: on the blackboard, false additions, which paradoxically instruct the pupil, \u201cruin no one\u201d.<\/p><\/blockquote>\n\n\n\n<p>The discovery of books, which Mona Ozouf recounts here in reference to her years of old-fashioned schooling (when there was time to be bored, and therefore time to read, and therefore time to dream), is like the discovery of a big city for a country boy, or of a newfound bachelorhood for a married man in search of adventure: the place of all possibilities. In Mona Ozouf's beautiful phrase, literature \u00abmultiplies existence\u00bb. And existence turned towards the world, not just the self. This is the great tragedy of our time, recognized in whole or in part by all the guests in this book: the confinement of novels to the world, and no longer to the self.\u2019<em>existence<\/em> turned towards the world, or in existence alone (moreover, most of the time it's that of the authors themselves). Alain Finkielkraut writes:<\/p>\n\n\n\n<blockquote class=\"wp-block-quote is-layout-flow wp-block-quote-is-layout-flow\"><p>\u00abJames would not have understood the modern defiance of the novel because, for him, before being the <em>story<\/em> - \u2018\u2018la marquise sortit \u00e0 cinq heures\u2019\u2019 - the novel is <em>look<\/em>, A new way of being, a new way of perceiving the world. And Lambert Strether, the unfaithful emissary, can finally give up on Europe and return home: he's no longer the same, he's learned to see, he's been, in a way, converted to the novel.\u00bb<\/p><\/blockquote>\n\n\n\n<p>And Mona Ozouf adds:<\/p>\n\n\n\n<blockquote class=\"wp-block-quote is-layout-flow wp-block-quote-is-layout-flow\"><p>\u00abThe subject of this novel is modesty or innocence towards spectacle. The spectacle has been lost by the contemporary novel, but it is the essence of the novel.\u00bb<\/p><\/blockquote>\n\n\n\n<p>Contemplation, in short, shared by philosophy. But there's more. The link between books and truth: according to the philosopher, who draws on Proust, truth doesn't always rhyme with spontaneity. When you're spontaneous, you can say things you mean so much that you don't mean them - everyone has experienced this kind of situation in anger. On the contrary, the delicacy of mind offered by literature, or manners, enables us to find the right word. Not only do we think <em>by<\/em> words, but \u00abwe think <em>in<\/em> words\u00bb, as lawyer Marc Bonnant points out in our country. A reflection that invites us to question the current cult of authenticity and letting go.<\/p>\n\n\n\n<p>Literature is not about letting go. To read is to escape, but this escape, in addition to entertaining, educates, modulates the being, and shows the extraordinary nobility of artifice. But where did this hatred of appearances come from, which is reflected in today's rejection of gallantry on the grounds that it is hypocritical? The fault of Rousseau, according to Finkielkraut. No doubt. But the author of\u2019<em>An intelligent heart <\/em>recognizes his genius as he goes along, accompanied in his nuances by his other guests. This is the great strength of <em>Making life lighter<\/em>, <a href=\"https:\/\/bonpourlatete.com\/culture\/des-animaux-des-hommes-et-des-robots\">already found in <em>Animals and people<\/em><\/a>polyphony, conceptual and literary - but aren't they the same thing?<\/p>\n\n\n\n<p><em>Write to the author: <a href=\"mailto:jonas.follonier@leregardlibre.com\">jonas.follonier@leregardlibre.com<\/a><\/em><\/p>\n\n\n\n<p>Photo credit: Youtube screenshot (France 5 \/ La Grande Librairie)<\/p>\n\n\n\n<div class=\"wp-block-group\"><div class=\"wp-block-group__inner-container is-layout-flow wp-block-group-is-layout-flow\">\n<div class=\"wp-block-media-text alignwide is-stacked-on-mobile\" style=\"grid-template-columns:32% auto\"><figure class=\"wp-block-media-text__media\"><img fetchpriority=\"high\" decoding=\"async\" width=\"250\" height=\"398\" src=\"http:\/\/leregardlibre.com\/wp-content\/uploads\/2020\/08\/9782234088184-001-G.jpeg\" alt=\"\" class=\"wp-image-35647\" srcset=\"https:\/\/leregardlibre.com\/wp-content\/uploads\/2020\/08\/9782234088184-001-G.jpeg 250w, https:\/\/leregardlibre.com\/wp-content\/uploads\/2020\/08\/9782234088184-001-G-94x150.jpeg 94w, https:\/\/leregardlibre.com\/wp-content\/uploads\/2020\/08\/9782234088184-001-G-188x300.jpeg 188w\" sizes=\"(max-width: 250px) 100vw, 250px\" \/><\/figure><div class=\"wp-block-media-text__content\">\n<p><strong>Mona Ouzouf, under the direction of Alain Finkielkraut<\/strong><br><em><strong>To make life lighter. Books, women, manners<\/strong><\/em><br><strong>2020<\/strong><br><strong>Editions Stock<\/strong><br><strong>300 pages<\/strong><\/p>\n\n\n\n<div class=\"wp-block-buttons is-layout-flex wp-block-buttons-is-layout-flex\">\n<div class=\"wp-block-button\"><a class=\"wp-block-button__link\" href=\"https:\/\/www.editions-stock.fr\/livres\/essais-documents\/pour-rendre-la-vie-plus-legere-9782234088184\">Order<\/a><\/div>\n<\/div>\n<\/div><\/div>\n<\/div><\/div>","protected":false},"excerpt":{"rendered":"<p>Literature and gallantry in the same cause!<\/p>","protected":false},"author":138,"featured_media":35654,"comment_status":"open","ping_status":"open","sticky":false,"template":"","format":"standard","meta":{"_acf_changed":false,"footnotes":""},"categories":[20663],"tags":[745417,177,1179730,644341267,35916,644354769,644355020,1099,644354738,644344431],"class_list":["post-35646","post","type-post","status-publish","format-standard","has-post-thumbnail","hentry","category-litterature","tag-alain-finkielkraut","tag-art","tag-civilite","tag-galanterie","tag-livres","tag-manieres","tag-mona-ozouf","tag-nature","tag-pour-rendre-la-vie-plus-legere","tag-stock"],"acf":[],"yoast_head":"<!-- This site is optimized with the Yoast SEO Premium plugin v27.4 (Yoast SEO v27.4) - https:\/\/yoast.com\/product\/yoast-seo-premium-wordpress\/ -->\n<title>Mona Ozouf livre un magnifique plaidoyer pour la litt\u00e9rature<\/title>\n<meta name=\"robots\" content=\"index, follow, max-snippet:-1, max-image-preview:large, max-video-preview:-1\" \/>\n<link rel=\"canonical\" href=\"https:\/\/leregardlibre.com\/en\/literature\/mona-ozouf-delivers-a-magnificent-plea-for-literature\/\" \/>\n<meta property=\"og:locale\" content=\"en_US\" \/>\n<meta property=\"og:type\" content=\"article\" \/>\n<meta property=\"og:title\" content=\"Mona Ozouf livre un magnifique plaidoyer pour la litt\u00e9rature\" \/>\n<meta property=\"og:description\" content=\"La litt\u00e9rature et la galanterie en une m\u00eame cause!\" \/>\n<meta property=\"og:url\" content=\"https:\/\/leregardlibre.com\/en\/literature\/mona-ozouf-delivers-a-magnificent-plea-for-literature\/\" \/>\n<meta property=\"og:site_name\" content=\"Le Regard Libre\" \/>\n<meta property=\"article:publisher\" content=\"https:\/\/www.facebook.com\/leregardlibre\/\" \/>\n<meta property=\"article:author\" content=\"https:\/\/www.facebook.com\/jonas.follonier\/\" \/>\n<meta property=\"article:published_time\" content=\"2020-08-25T17:54:50+00:00\" \/>\n<meta property=\"article:modified_time\" content=\"2022-09-04T08:40:27+00:00\" \/>\n<meta property=\"og:image\" content=\"https:\/\/leregardlibre.com\/wp-content\/uploads\/2020\/08\/Mona-Ozouf-\u00a9-France-5-La-Grande-Librairire.jpg\" \/>\n\t<meta property=\"og:image:width\" content=\"1280\" \/>\n\t<meta property=\"og:image:height\" content=\"720\" \/>\n\t<meta property=\"og:image:type\" content=\"image\/jpeg\" \/>\n<meta name=\"author\" content=\"Jonas Follonier\" \/>\n<meta name=\"twitter:card\" content=\"summary_large_image\" \/>\n<meta name=\"twitter:creator\" content=\"@LeRegardLibre\" \/>\n<meta name=\"twitter:site\" content=\"@LeRegardLibre\" \/>\n<meta name=\"twitter:label1\" content=\"Written by\" \/>\n\t<meta name=\"twitter:data1\" content=\"Jonas Follonier\" \/>\n\t<meta name=\"twitter:label2\" content=\"Est. reading time\" \/>\n\t<meta name=\"twitter:data2\" content=\"6 minutes\" \/>\n<script type=\"application\/ld+json\" class=\"yoast-schema-graph\">{\"@context\":\"https:\\\/\\\/schema.org\",\"@graph\":[{\"@type\":\"Article\",\"@id\":\"https:\\\/\\\/leregardlibre.com\\\/litterature\\\/mona-ozouf-livre-un-magnifique-plaidoyer-pour-la-litterature\\\/#article\",\"isPartOf\":{\"@id\":\"https:\\\/\\\/leregardlibre.com\\\/litterature\\\/mona-ozouf-livre-un-magnifique-plaidoyer-pour-la-litterature\\\/\"},\"author\":{\"name\":\"Jonas Follonier\",\"@id\":\"https:\\\/\\\/leregardlibre.com\\\/#\\\/schema\\\/person\\\/bfe5aa794a23be71485d60e2d93ec0d2\"},\"headline\":\"Mona Ozouf livre un magnifique plaidoyer pour la litt\u00e9rature\",\"datePublished\":\"2020-08-25T17:54:50+00:00\",\"dateModified\":\"2022-09-04T08:40:27+00:00\",\"mainEntityOfPage\":{\"@id\":\"https:\\\/\\\/leregardlibre.com\\\/litterature\\\/mona-ozouf-livre-un-magnifique-plaidoyer-pour-la-litterature\\\/\"},\"wordCount\":1137,\"commentCount\":0,\"publisher\":{\"@id\":\"https:\\\/\\\/leregardlibre.com\\\/#organization\"},\"image\":{\"@id\":\"https:\\\/\\\/leregardlibre.com\\\/litterature\\\/mona-ozouf-livre-un-magnifique-plaidoyer-pour-la-litterature\\\/#primaryimage\"},\"thumbnailUrl\":\"https:\\\/\\\/leregardlibre.com\\\/wp-content\\\/uploads\\\/2020\\\/08\\\/Mona-Ozouf-\u00a9-France-5-La-Grande-Librairire.jpg\",\"keywords\":[\"Alain Finkielkraut\",\"Art\",\"Civilit\u00e9\",\"Galanterie\",\"livres\",\"mani\u00e8res\",\"mona ozouf\",\"Nature\",\"pour rendre la vie plus l\u00e9g\u00e8re\",\"stock\"],\"articleSection\":[\"Litt\u00e9rature\"],\"inLanguage\":\"en-US\",\"potentialAction\":[{\"@type\":\"CommentAction\",\"name\":\"Comment\",\"target\":[\"https:\\\/\\\/leregardlibre.com\\\/litterature\\\/mona-ozouf-livre-un-magnifique-plaidoyer-pour-la-litterature\\\/#respond\"]}]},{\"@type\":\"WebPage\",\"@id\":\"https:\\\/\\\/leregardlibre.com\\\/litterature\\\/mona-ozouf-livre-un-magnifique-plaidoyer-pour-la-litterature\\\/\",\"url\":\"https:\\\/\\\/leregardlibre.com\\\/litterature\\\/mona-ozouf-livre-un-magnifique-plaidoyer-pour-la-litterature\\\/\",\"name\":\"Mona Ozouf livre un magnifique plaidoyer pour la litt\u00e9rature\",\"isPartOf\":{\"@id\":\"https:\\\/\\\/leregardlibre.com\\\/#website\"},\"primaryImageOfPage\":{\"@id\":\"https:\\\/\\\/leregardlibre.com\\\/litterature\\\/mona-ozouf-livre-un-magnifique-plaidoyer-pour-la-litterature\\\/#primaryimage\"},\"image\":{\"@id\":\"https:\\\/\\\/leregardlibre.com\\\/litterature\\\/mona-ozouf-livre-un-magnifique-plaidoyer-pour-la-litterature\\\/#primaryimage\"},\"thumbnailUrl\":\"https:\\\/\\\/leregardlibre.com\\\/wp-content\\\/uploads\\\/2020\\\/08\\\/Mona-Ozouf-\u00a9-France-5-La-Grande-Librairire.jpg\",\"datePublished\":\"2020-08-25T17:54:50+00:00\",\"dateModified\":\"2022-09-04T08:40:27+00:00\",\"breadcrumb\":{\"@id\":\"https:\\\/\\\/leregardlibre.com\\\/litterature\\\/mona-ozouf-livre-un-magnifique-plaidoyer-pour-la-litterature\\\/#breadcrumb\"},\"inLanguage\":\"en-US\",\"potentialAction\":[{\"@type\":\"ReadAction\",\"target\":[\"https:\\\/\\\/leregardlibre.com\\\/litterature\\\/mona-ozouf-livre-un-magnifique-plaidoyer-pour-la-litterature\\\/\"]}]},{\"@type\":\"ImageObject\",\"inLanguage\":\"en-US\",\"@id\":\"https:\\\/\\\/leregardlibre.com\\\/litterature\\\/mona-ozouf-livre-un-magnifique-plaidoyer-pour-la-litterature\\\/#primaryimage\",\"url\":\"https:\\\/\\\/leregardlibre.com\\\/wp-content\\\/uploads\\\/2020\\\/08\\\/Mona-Ozouf-\u00a9-France-5-La-Grande-Librairire.jpg\",\"contentUrl\":\"https:\\\/\\\/leregardlibre.com\\\/wp-content\\\/uploads\\\/2020\\\/08\\\/Mona-Ozouf-\u00a9-France-5-La-Grande-Librairire.jpg\",\"width\":1280,\"height\":720},{\"@type\":\"BreadcrumbList\",\"@id\":\"https:\\\/\\\/leregardlibre.com\\\/litterature\\\/mona-ozouf-livre-un-magnifique-plaidoyer-pour-la-litterature\\\/#breadcrumb\",\"itemListElement\":[{\"@type\":\"ListItem\",\"position\":1,\"name\":\"Accueil\",\"item\":\"https:\\\/\\\/leregardlibre.com\\\/\"},{\"@type\":\"ListItem\",\"position\":2,\"name\":\"Mona Ozouf livre un magnifique plaidoyer pour la litt\u00e9rature\"}]},{\"@type\":\"WebSite\",\"@id\":\"https:\\\/\\\/leregardlibre.com\\\/#website\",\"url\":\"https:\\\/\\\/leregardlibre.com\\\/\",\"name\":\"Le Regard Libre\",\"description\":\"Premier mensuel suisse de d\u00e9bat\",\"publisher\":{\"@id\":\"https:\\\/\\\/leregardlibre.com\\\/#organization\"},\"potentialAction\":[{\"@type\":\"SearchAction\",\"target\":{\"@type\":\"EntryPoint\",\"urlTemplate\":\"https:\\\/\\\/leregardlibre.com\\\/?s={search_term_string}\"},\"query-input\":{\"@type\":\"PropertyValueSpecification\",\"valueRequired\":true,\"valueName\":\"search_term_string\"}}],\"inLanguage\":\"en-US\"},{\"@type\":\"Organization\",\"@id\":\"https:\\\/\\\/leregardlibre.com\\\/#organization\",\"name\":\"Le Regard Libre\",\"url\":\"https:\\\/\\\/leregardlibre.com\\\/\",\"logo\":{\"@type\":\"ImageObject\",\"inLanguage\":\"en-US\",\"@id\":\"https:\\\/\\\/leregardlibre.com\\\/#\\\/schema\\\/logo\\\/image\\\/\",\"url\":\"https:\\\/\\\/leregardlibre.com\\\/wp-content\\\/uploads\\\/2025\\\/08\\\/logo-rl-icone-neg.jpeg\",\"contentUrl\":\"https:\\\/\\\/leregardlibre.com\\\/wp-content\\\/uploads\\\/2025\\\/08\\\/logo-rl-icone-neg.jpeg\",\"width\":557,\"height\":556,\"caption\":\"Le Regard Libre\"},\"image\":{\"@id\":\"https:\\\/\\\/leregardlibre.com\\\/#\\\/schema\\\/logo\\\/image\\\/\"},\"sameAs\":[\"https:\\\/\\\/www.facebook.com\\\/leregardlibre\\\/\",\"https:\\\/\\\/x.com\\\/LeRegardLibre\",\"https:\\\/\\\/www.linkedin.com\\\/company\\\/le-regard-libre\",\"https:\\\/\\\/www.instagram.com\\\/leregardlibre\\\/\",\"http:\\\/\\\/t.me\\\/leregardlibre\",\"https:\\\/\\\/youtube.com\\\/channel\\\/UC6HzGPomj1LsUmlz-sJtITQ\"],\"description\":\"Le Regard Libre est un mensuel suisse de d\u00e9bat intellectuel et culturel. Sa r\u00e9daction est jeune, b\u00e9n\u00e9vole, lib\u00e9rale et pluraliste. Le magazine para\u00eet en ligne et sous forme papier. Sa langue est le fran\u00e7ais.\",\"email\":\"redaction@leregardlibre.com\",\"legalName\":\"Le Regard Libre\",\"foundingDate\":\"2014-01-01\",\"numberOfEmployees\":{\"@type\":\"QuantitativeValue\",\"minValue\":\"11\",\"maxValue\":\"50\"},\"publishingPrinciples\":\"https:\\\/\\\/leregardlibre.com\\\/a-propos\\\/notre-manifeste\\\/\",\"ownershipFundingInfo\":\"https:\\\/\\\/leregardlibre.com\\\/mentions-legales\\\/\",\"actionableFeedbackPolicy\":\"https:\\\/\\\/leregardlibre.com\\\/conditions-generales-de-vente\\\/\"},{\"@type\":\"Person\",\"@id\":\"https:\\\/\\\/leregardlibre.com\\\/#\\\/schema\\\/person\\\/bfe5aa794a23be71485d60e2d93ec0d2\",\"name\":\"Jonas Follonier\",\"image\":{\"@type\":\"ImageObject\",\"inLanguage\":\"en-US\",\"@id\":\"https:\\\/\\\/secure.gravatar.com\\\/avatar\\\/602060b40f6a458420c2d140f49b6caea99152ce6704f2c332e5a0c5aad80303?s=96&d=identicon&r=g\",\"url\":\"https:\\\/\\\/secure.gravatar.com\\\/avatar\\\/602060b40f6a458420c2d140f49b6caea99152ce6704f2c332e5a0c5aad80303?s=96&d=identicon&r=g\",\"contentUrl\":\"https:\\\/\\\/secure.gravatar.com\\\/avatar\\\/602060b40f6a458420c2d140f49b6caea99152ce6704f2c332e5a0c5aad80303?s=96&d=identicon&r=g\",\"caption\":\"Jonas Follonier\"},\"description\":\"Correspondant au Palais f\u00e9d\u00e9ral pour \u00abL\u2019Agefi\u00bb, auteur-compositeur-interpr\u00e8te et essayiste, Jonas Follonier est le fondateur et r\u00e9dacteur en chef du \u00abRegard Libre\u00bb.\",\"sameAs\":[\"https:\\\/\\\/www.facebook.com\\\/jonas.follonier\\\/\",\"https:\\\/\\\/www.instagram.com\\\/jonasfollonier\\\/\",\"https:\\\/\\\/www.linkedin.com\\\/in\\\/jonasfollonier\\\/\",\"https:\\\/\\\/fr.wikipedia.org\\\/wiki\\\/Le_Regard_libre\"],\"url\":\"https:\\\/\\\/leregardlibre.com\\\/en\\\/author\\\/jonas-follonier\\\/\"}]}<\/script>\n<!-- \/ Yoast SEO Premium plugin. -->","yoast_head_json":{"title":"Mona Ozouf delivers a magnificent plea for literature","robots":{"index":"index","follow":"follow","max-snippet":"max-snippet:-1","max-image-preview":"max-image-preview:large","max-video-preview":"max-video-preview:-1"},"canonical":"https:\/\/leregardlibre.com\/en\/literature\/mona-ozouf-delivers-a-magnificent-plea-for-literature\/","og_locale":"en_US","og_type":"article","og_title":"Mona Ozouf livre un magnifique plaidoyer pour la litt\u00e9rature","og_description":"La litt\u00e9rature et la galanterie en une m\u00eame cause!","og_url":"https:\/\/leregardlibre.com\/en\/literature\/mona-ozouf-delivers-a-magnificent-plea-for-literature\/","og_site_name":"Le Regard Libre","article_publisher":"https:\/\/www.facebook.com\/leregardlibre\/","article_author":"https:\/\/www.facebook.com\/jonas.follonier\/","article_published_time":"2020-08-25T17:54:50+00:00","article_modified_time":"2022-09-04T08:40:27+00:00","og_image":[{"width":1280,"height":720,"url":"https:\/\/leregardlibre.com\/wp-content\/uploads\/2020\/08\/Mona-Ozouf-\u00a9-France-5-La-Grande-Librairire.jpg","type":"image\/jpeg"}],"author":"Jonas Follonier","twitter_card":"summary_large_image","twitter_creator":"@LeRegardLibre","twitter_site":"@LeRegardLibre","twitter_misc":{"Written by":"Jonas Follonier","Est. reading time":"6 minutes"},"schema":{"@context":"https:\/\/schema.org","@graph":[{"@type":"Article","@id":"https:\/\/leregardlibre.com\/litterature\/mona-ozouf-livre-un-magnifique-plaidoyer-pour-la-litterature\/#article","isPartOf":{"@id":"https:\/\/leregardlibre.com\/litterature\/mona-ozouf-livre-un-magnifique-plaidoyer-pour-la-litterature\/"},"author":{"name":"Jonas Follonier","@id":"https:\/\/leregardlibre.com\/#\/schema\/person\/bfe5aa794a23be71485d60e2d93ec0d2"},"headline":"Mona Ozouf livre un magnifique plaidoyer pour la litt\u00e9rature","datePublished":"2020-08-25T17:54:50+00:00","dateModified":"2022-09-04T08:40:27+00:00","mainEntityOfPage":{"@id":"https:\/\/leregardlibre.com\/litterature\/mona-ozouf-livre-un-magnifique-plaidoyer-pour-la-litterature\/"},"wordCount":1137,"commentCount":0,"publisher":{"@id":"https:\/\/leregardlibre.com\/#organization"},"image":{"@id":"https:\/\/leregardlibre.com\/litterature\/mona-ozouf-livre-un-magnifique-plaidoyer-pour-la-litterature\/#primaryimage"},"thumbnailUrl":"https:\/\/leregardlibre.com\/wp-content\/uploads\/2020\/08\/Mona-Ozouf-\u00a9-France-5-La-Grande-Librairire.jpg","keywords":["Alain Finkielkraut","Art","Civilit\u00e9","Galanterie","livres","mani\u00e8res","mona ozouf","Nature","pour rendre la vie plus l\u00e9g\u00e8re","stock"],"articleSection":["Litt\u00e9rature"],"inLanguage":"en-US","potentialAction":[{"@type":"CommentAction","name":"Comment","target":["https:\/\/leregardlibre.com\/litterature\/mona-ozouf-livre-un-magnifique-plaidoyer-pour-la-litterature\/#respond"]}]},{"@type":"WebPage","@id":"https:\/\/leregardlibre.com\/litterature\/mona-ozouf-livre-un-magnifique-plaidoyer-pour-la-litterature\/","url":"https:\/\/leregardlibre.com\/litterature\/mona-ozouf-livre-un-magnifique-plaidoyer-pour-la-litterature\/","name":"Mona Ozouf delivers a magnificent plea for literature","isPartOf":{"@id":"https:\/\/leregardlibre.com\/#website"},"primaryImageOfPage":{"@id":"https:\/\/leregardlibre.com\/litterature\/mona-ozouf-livre-un-magnifique-plaidoyer-pour-la-litterature\/#primaryimage"},"image":{"@id":"https:\/\/leregardlibre.com\/litterature\/mona-ozouf-livre-un-magnifique-plaidoyer-pour-la-litterature\/#primaryimage"},"thumbnailUrl":"https:\/\/leregardlibre.com\/wp-content\/uploads\/2020\/08\/Mona-Ozouf-\u00a9-France-5-La-Grande-Librairire.jpg","datePublished":"2020-08-25T17:54:50+00:00","dateModified":"2022-09-04T08:40:27+00:00","breadcrumb":{"@id":"https:\/\/leregardlibre.com\/litterature\/mona-ozouf-livre-un-magnifique-plaidoyer-pour-la-litterature\/#breadcrumb"},"inLanguage":"en-US","potentialAction":[{"@type":"ReadAction","target":["https:\/\/leregardlibre.com\/litterature\/mona-ozouf-livre-un-magnifique-plaidoyer-pour-la-litterature\/"]}]},{"@type":"ImageObject","inLanguage":"en-US","@id":"https:\/\/leregardlibre.com\/litterature\/mona-ozouf-livre-un-magnifique-plaidoyer-pour-la-litterature\/#primaryimage","url":"https:\/\/leregardlibre.com\/wp-content\/uploads\/2020\/08\/Mona-Ozouf-\u00a9-France-5-La-Grande-Librairire.jpg","contentUrl":"https:\/\/leregardlibre.com\/wp-content\/uploads\/2020\/08\/Mona-Ozouf-\u00a9-France-5-La-Grande-Librairire.jpg","width":1280,"height":720},{"@type":"BreadcrumbList","@id":"https:\/\/leregardlibre.com\/litterature\/mona-ozouf-livre-un-magnifique-plaidoyer-pour-la-litterature\/#breadcrumb","itemListElement":[{"@type":"ListItem","position":1,"name":"Accueil","item":"https:\/\/leregardlibre.com\/"},{"@type":"ListItem","position":2,"name":"Mona Ozouf livre un magnifique plaidoyer pour la litt\u00e9rature"}]},{"@type":"WebSite","@id":"https:\/\/leregardlibre.com\/#website","url":"https:\/\/leregardlibre.com\/","name":"Le Regard Libre","description":"Switzerland's first monthly debate magazine","publisher":{"@id":"https:\/\/leregardlibre.com\/#organization"},"potentialAction":[{"@type":"SearchAction","target":{"@type":"EntryPoint","urlTemplate":"https:\/\/leregardlibre.com\/?s={search_term_string}"},"query-input":{"@type":"PropertyValueSpecification","valueRequired":true,"valueName":"search_term_string"}}],"inLanguage":"en-US"},{"@type":"Organization","@id":"https:\/\/leregardlibre.com\/#organization","name":"Le Regard Libre","url":"https:\/\/leregardlibre.com\/","logo":{"@type":"ImageObject","inLanguage":"en-US","@id":"https:\/\/leregardlibre.com\/#\/schema\/logo\/image\/","url":"https:\/\/leregardlibre.com\/wp-content\/uploads\/2025\/08\/logo-rl-icone-neg.jpeg","contentUrl":"https:\/\/leregardlibre.com\/wp-content\/uploads\/2025\/08\/logo-rl-icone-neg.jpeg","width":557,"height":556,"caption":"Le Regard Libre"},"image":{"@id":"https:\/\/leregardlibre.com\/#\/schema\/logo\/image\/"},"sameAs":["https:\/\/www.facebook.com\/leregardlibre\/","https:\/\/x.com\/LeRegardLibre","https:\/\/www.linkedin.com\/company\/le-regard-libre","https:\/\/www.instagram.com\/leregardlibre\/","http:\/\/t.me\/leregardlibre","https:\/\/youtube.com\/channel\/UC6HzGPomj1LsUmlz-sJtITQ"],"description":"Le Regard Libre is a Swiss monthly magazine for intellectual and cultural debate. Its editorial team is young, voluntary, liberal and pluralist. The magazine appears online and in print. Its language is French.","email":"redaction@leregardlibre.com","legalName":"Le Regard Libre","foundingDate":"2014-01-01","numberOfEmployees":{"@type":"QuantitativeValue","minValue":"11","maxValue":"50"},"publishingPrinciples":"https:\/\/leregardlibre.com\/a-propos\/notre-manifeste\/","ownershipFundingInfo":"https:\/\/leregardlibre.com\/mentions-legales\/","actionableFeedbackPolicy":"https:\/\/leregardlibre.com\/conditions-generales-de-vente\/"},{"@type":"Person","@id":"https:\/\/leregardlibre.com\/#\/schema\/person\/bfe5aa794a23be71485d60e2d93ec0d2","name":"Jonas Follonier","image":{"@type":"ImageObject","inLanguage":"en-US","@id":"https:\/\/secure.gravatar.com\/avatar\/602060b40f6a458420c2d140f49b6caea99152ce6704f2c332e5a0c5aad80303?s=96&d=identicon&r=g","url":"https:\/\/secure.gravatar.com\/avatar\/602060b40f6a458420c2d140f49b6caea99152ce6704f2c332e5a0c5aad80303?s=96&d=identicon&r=g","contentUrl":"https:\/\/secure.gravatar.com\/avatar\/602060b40f6a458420c2d140f49b6caea99152ce6704f2c332e5a0c5aad80303?s=96&d=identicon&r=g","caption":"Jonas Follonier"},"description":"Federal Palace correspondent for \u00abL'Agefi\u00bb, singer-songwriter Jonas Follonier is the founder and editor-in-chief of \u00abRegard Libre\u00bb.","sameAs":["https:\/\/www.facebook.com\/jonas.follonier\/","https:\/\/www.instagram.com\/jonasfollonier\/","https:\/\/www.linkedin.com\/in\/jonasfollonier\/","https:\/\/fr.wikipedia.org\/wiki\/Le_Regard_libre"],"url":"https:\/\/leregardlibre.com\/en\/author\/jonas-follonier\/"}]}},"_links":{"self":[{"href":"https:\/\/leregardlibre.com\/en\/wp-json\/wp\/v2\/posts\/35646","targetHints":{"allow":["GET"]}}],"collection":[{"href":"https:\/\/leregardlibre.com\/en\/wp-json\/wp\/v2\/posts"}],"about":[{"href":"https:\/\/leregardlibre.com\/en\/wp-json\/wp\/v2\/types\/post"}],"author":[{"embeddable":true,"href":"https:\/\/leregardlibre.com\/en\/wp-json\/wp\/v2\/users\/138"}],"replies":[{"embeddable":true,"href":"https:\/\/leregardlibre.com\/en\/wp-json\/wp\/v2\/comments?post=35646"}],"version-history":[{"count":1,"href":"https:\/\/leregardlibre.com\/en\/wp-json\/wp\/v2\/posts\/35646\/revisions"}],"predecessor-version":[{"id":511862,"href":"https:\/\/leregardlibre.com\/en\/wp-json\/wp\/v2\/posts\/35646\/revisions\/511862"}],"wp:featuredmedia":[{"embeddable":true,"href":"https:\/\/leregardlibre.com\/en\/wp-json\/wp\/v2\/media\/35654"}],"wp:attachment":[{"href":"https:\/\/leregardlibre.com\/en\/wp-json\/wp\/v2\/media?parent=35646"}],"wp:term":[{"taxonomy":"category","embeddable":true,"href":"https:\/\/leregardlibre.com\/en\/wp-json\/wp\/v2\/categories?post=35646"},{"taxonomy":"post_tag","embeddable":true,"href":"https:\/\/leregardlibre.com\/en\/wp-json\/wp\/v2\/tags?post=35646"}],"curies":[{"name":"wp","href":"https:\/\/api.w.org\/{rel}","templated":true}]}}