{"id":35665,"date":"2020-08-26T06:00:36","date_gmt":"2020-08-26T04:00:36","guid":{"rendered":"https:\/\/leregardlibre.com\/?p=35665"},"modified":"2022-09-04T10:40:27","modified_gmt":"2022-09-04T08:40:27","slug":"cap-sur-la-pensee-dafrique-noire","status":"publish","type":"post","link":"https:\/\/leregardlibre.com\/en\/philosophy\/cap-sur-la-pensee-dafrique-noire\/","title":{"rendered":"Focus on Black African thought"},"content":{"rendered":"<div class='content_excerpt'>\n<p>Le Regard Libre N\u00b0 65 - Jean-David Ponci<\/p>\n\n\n\n<p class=\"has-drop-cap\"><strong>The literature on Black African philosophy is mainly concerned with analyzing the extent to which it exists. This is a complex and endless debate. That's why we thought it would be more interesting to highlight a few typical elements of this thought. It's a way of cutting through the Gordian knot and getting to the heart of the matter: philosophy or not, what characterizes Black African thought, and what has it contributed to humanity?<\/strong><\/p>\n\n\n\n Read the long-format article (subscribers)\n    <div class='restricted_content_fade'><\/div>\n    <\/div>\n  <style>\n    .content_excerpt{\n      position: relative;\n    }\n    .content_excerpt .restricted_content_fade{\n      position: absolute;\n      bottom: 0;\n      left: 0;\n      right: 0;\n      height: 75px;\n\t  margin-bottom: 0px;\n      background-image: linear-gradient(#ffffff2e, white);\n    }\n\n    .restricted_content{\n      margin-top: 30px;\n      border: solid #dddddd 1px;\n      border-radius: 7px;\n      padding: 30px;\n    }\n    \n    .restricted_content .restricted_content_title{\n      font-size: 22px;\n      font-weight: 600;\n    }\n    .restricted_content .restricted_content_flex_row{\n      display: flex;\n      flex-direction: row;\n    }\n    .restricted_content .restricted_content_image_container{\n      flex: 3;\n    }\n    .restricted_content .restricted_content_flex_column{\n      flex: 4;\n      display: flex;\n      flex-direction: column;\n      margin-left: 40px;\n      justify-content: center;\n    }\n\n\n    .restricted_content_buttons{\n      display: flex;\n      flex-direction: column;\n      width: min-content;\n    }\n    .restricted_content_button{\n      background-color: #f2f2f2;\n      text-transform: uppercase;\n      font-weight: 600;\n      padding: 8px 40px;\n      text-align: center;\n      font-size: 13px;\n      margin-top: 10px;\n      width: max-content;\n      width: 100%;\n      white-space: nowrap;\n    }\n    .restricted_content_button:hover {\n      background-color: #111111;\n      color: white;\n      text-decoration: none !important;\n    }\n\n    .restricted_content_primary_button{\n      background-color: #1F2A68 !important;\n      color: white !important;\n    }\n    .restricted_content_primary_button:hover {\n      background-color: #111111;\n    }\n\n    .restricted_content_text{\n      margin-bottom: 10px;\n      line-height: 1.2;\n      font-weight: 500;\n      font-size: 16px;\n    }\n\n  \n  <\/style>\n  <div class='restricted_content'>\n    <h3 class='restricted_content_title'>This content is reserved for our subscribers.<\/h3>\n    <div class='restricted_content_flex_row'>\n      <div class='restricted_content_image_container'>\n        <img class='restricted_content_image' src='\/wp-content\/uploads\/2025\/08\/abo_physique.png' \/>\n      <\/div>\n      <div class='restricted_content_flex_column'>\n        <div class='restricted_content_text'>If you have an account, please log in. Otherwise, discover our different subscription packages and create an account from CHF 2.50 for the first month.<\/div>\n        <div class='restricted_content_buttons'>\n          <a href='\/en\/subscription\/' class='restricted_content_button restricted_content_primary_button'>See subscriptions<\/a><a href='\/en\/my-account\/?redirect_to=https:\/\/leregardlibre.com\/en\/philosophy\/cap-sur-la-pensee-dafrique-noire\/'class='restricted_content_button'>Login<\/a><\/div>\n      <\/div>\n    <\/div>\n  <\/div>","protected":false},"excerpt":{"rendered":"<div class='content_excerpt'>\n<p>Le Regard Libre N\u00b0 65 - Jean-David Ponci<\/p>\n<p class=\"has-drop-cap\"><strong>The literature on Black African philosophy is mainly concerned with analyzing the extent to which it exists. This is a complex and endless debate. That's why we thought it would be more interesting to highlight a few typical elements of this thought. It's a way of cutting through the Gordian knot and getting to the heart of the matter: philosophy or not, what characterizes Black African thought, and what has it contributed to humanity?<\/strong><\/p>\n<p> Read the long-format article (subscribers)<\/p>\n<div class='restricted_content_fade'><\/div>\n<\/p><\/div>\n<style>\n    .content_excerpt{\n      position: relative;\n    }\n    .content_excerpt .restricted_content_fade{\n      position: absolute;\n      bottom: 0;\n      left: 0;\n      right: 0;\n      height: 75px;\n\t  margin-bottom: 0px;\n      background-image: linear-gradient(#ffffff2e, white);\n    }<\/p>\n<p>    .restricted_content{\n      margin-top: 30px;\n      border: solid #dddddd 1px;\n      border-radius: 7px;\n      padding: 30px;\n    }<\/p>\n<p>    .restricted_content .restricted_content_title{\n      font-size: 22px;\n      font-weight: 600;\n    }\n    .restricted_content .restricted_content_flex_row{\n      display: flex;\n      flex-direction: row;\n    }\n    .restricted_content .restricted_content_image_container{\n      flex: 3;\n    }\n    .restricted_content .restricted_content_flex_column{\n      flex: 4;\n      display: flex;\n      flex-direction: column;\n      margin-left: 40px;\n      justify-content: center;\n    }<\/p>\n<p>    .restricted_content_buttons{\n      display: flex;\n      flex-direction: column;\n      width: min-content;\n    }\n    .restricted_content_button{\n      background-color: #f2f2f2;\n      text-transform: uppercase;\n      font-weight: 600;\n      padding: 8px 40px;\n      text-align: center;\n      font-size: 13px;\n      margin-top: 10px;\n      width: max-content;\n      width: 100%;\n      white-space: nowrap;\n    }\n    .restricted_content_button:hover {\n      background-color: #111111;\n      color: white;\n      text-decoration: none !important;\n    }<\/p>\n<p>    .restricted_content_primary_button{\n      background-color: #1F2A68 !important;\n      color: white !important;\n    }\n    .restricted_content_primary_button:hover {\n      background-color: #111111;\n    }<\/p>\n<p>    .restricted_content_text{\n      margin-bottom: 10px;\n      line-height: 1.2;\n      font-weight: 500;\n      font-size: 16px;\n    }<\/p>\n<\/style>\n<div class='restricted_content'>\n<h3 class='restricted_content_title'>This content is reserved for our subscribers.<\/h3>\n<div class='restricted_content_flex_row'>\n<div class='restricted_content_image_container'>\n        <img class='restricted_content_image' src='\/wp-content\/uploads\/2025\/08\/abo_physique.png' \/>\n      <\/div>\n<div class='restricted_content_flex_column'>\n<div class='restricted_content_text'>If you have an account, please log in. Otherwise, discover our different subscription packages and create an account from CHF 2.50 for the first month.<\/div>\n<div class='restricted_content_buttons'>\n          <a href='\/en\/subscription\/' class='restricted_content_button restricted_content_primary_button'>See subscriptions<\/a><a href='\/en\/my-account\/?redirect_to=https:\/\/leregardlibre.com\/en\/philosophy\/cap-sur-la-pensee-dafrique-noire\/'class='restricted_content_button'>Login<\/a><\/div>\n<\/p><\/div>\n<\/p><\/div>\n<\/p><\/div>","protected":false},"author":1,"featured_media":35667,"comment_status":"open","ping_status":"open","sticky":false,"template":"","format":"standard","meta":{"_acf_changed":false,"footnotes":""},"categories":[27785,11566],"tags":[644354840,644354843,644354846,644354837,644354836,644354830,644354834,644354827,644354825,644354822,644354828,644354826,644354845,644354832,2207869,644354838,102412,644354844],"class_list":["post-35665","post","type-post","status-publish","format-standard","has-post-thumbnail","hentry","category-histoire","category-philosophie","tag-cerdaf","tag-dieu-ptah","tag-enneade","tag-idef","tag-isaac-nguema","tag-monotheisme","tag-notion-de-vie","tag-origene","tag-pensee-africaine","tag-pensee-negro-africaine","tag-pensee-pre-philosophique","tag-philosophie-africaine","tag-presocratiques","tag-roi-chabaka","tag-saint-augustin","tag-simon-abanda","tag-vie","tag-xenophane-de-colophon","membership-content","access-restricted"],"acf":[],"yoast_head":"<!-- This site is optimized with the Yoast SEO Premium plugin v27.4 (Yoast SEO v27.4) - https:\/\/yoast.com\/product\/yoast-seo-premium-wordpress\/ -->\n<title>Philosophie africaine: cap sur la pens\u00e9e d\u2019Afrique noire | Le Regard Libre<\/title>\n<meta name=\"description\" content=\"Philosophie ou pas, qu\u2019est-ce qui caract\u00e9rise la pens\u00e9e africaine et en quoi a-t-elle apport\u00e9 quelque chose \u00e0 l\u2019humanit\u00e9? Analyse\" \/>\n<meta name=\"robots\" content=\"index, follow, max-snippet:-1, max-image-preview:large, max-video-preview:-1\" \/>\n<link rel=\"canonical\" href=\"https:\/\/leregardlibre.com\/en\/philosophy\/cap-sur-la-pensee-dafrique-noire\/\" \/>\n<meta property=\"og:locale\" content=\"en_US\" \/>\n<meta property=\"og:type\" content=\"article\" \/>\n<meta property=\"og:title\" content=\"Cap sur la pens\u00e9e d\u2019Afrique noire\" \/>\n<meta property=\"og:description\" content=\"Philosophie ou pas, qu\u2019est-ce qui caract\u00e9rise la pens\u00e9e africaine et en quoi a-t-elle apport\u00e9 quelque chose \u00e0 l\u2019humanit\u00e9? Analyse\" \/>\n<meta property=\"og:url\" content=\"https:\/\/leregardlibre.com\/en\/philosophy\/cap-sur-la-pensee-dafrique-noire\/\" \/>\n<meta property=\"og:site_name\" content=\"Le Regard Libre\" \/>\n<meta property=\"article:publisher\" content=\"https:\/\/www.facebook.com\/leregardlibre\/\" \/>\n<meta property=\"article:published_time\" content=\"2020-08-26T04:00:36+00:00\" \/>\n<meta property=\"article:modified_time\" content=\"2022-09-04T08:40:27+00:00\" \/>\n<meta property=\"og:image\" content=\"https:\/\/leregardlibre.com\/wp-content\/uploads\/2020\/08\/Afrique-en-lumie\u0300re-Arek-Socha-Pixabay.jpg\" \/>\n\t<meta property=\"og:image:width\" content=\"1280\" \/>\n\t<meta property=\"og:image:height\" content=\"682\" \/>\n\t<meta property=\"og:image:type\" content=\"image\/jpeg\" \/>\n<meta name=\"author\" content=\"Le Regard Libre\" \/>\n<meta name=\"twitter:card\" content=\"summary_large_image\" \/>\n<meta name=\"twitter:creator\" content=\"@LeRegardLibre\" \/>\n<meta name=\"twitter:site\" content=\"@LeRegardLibre\" \/>\n<meta name=\"twitter:label1\" content=\"Written by\" \/>\n\t<meta name=\"twitter:data1\" content=\"Le Regard Libre\" \/>\n\t<meta name=\"twitter:label2\" content=\"Est. reading time\" \/>\n\t<meta name=\"twitter:data2\" content=\"7 minutes\" \/>\n<script type=\"application\/ld+json\" class=\"yoast-schema-graph\">{\"@context\":\"https:\\\/\\\/schema.org\",\"@graph\":[{\"@type\":\"Article\",\"@id\":\"https:\\\/\\\/leregardlibre.com\\\/philosophie\\\/cap-sur-la-pensee-dafrique-noire\\\/#article\",\"isPartOf\":{\"@id\":\"https:\\\/\\\/leregardlibre.com\\\/philosophie\\\/cap-sur-la-pensee-dafrique-noire\\\/\"},\"author\":{\"name\":\"Le Regard Libre\",\"@id\":\"https:\\\/\\\/leregardlibre.com\\\/#\\\/schema\\\/person\\\/68aceea2de84966d0928b49556d54101\"},\"headline\":\"Cap sur la pens\u00e9e d\u2019Afrique noire\",\"datePublished\":\"2020-08-26T04:00:36+00:00\",\"dateModified\":\"2022-09-04T08:40:27+00:00\",\"mainEntityOfPage\":{\"@id\":\"https:\\\/\\\/leregardlibre.com\\\/philosophie\\\/cap-sur-la-pensee-dafrique-noire\\\/\"},\"wordCount\":1395,\"commentCount\":1,\"publisher\":{\"@id\":\"https:\\\/\\\/leregardlibre.com\\\/#organization\"},\"image\":{\"@id\":\"https:\\\/\\\/leregardlibre.com\\\/philosophie\\\/cap-sur-la-pensee-dafrique-noire\\\/#primaryimage\"},\"thumbnailUrl\":\"https:\\\/\\\/leregardlibre.com\\\/wp-content\\\/uploads\\\/2020\\\/08\\\/Afrique-en-lumie\u0300re-Arek-Socha-Pixabay.jpg\",\"keywords\":[\"cerdaf\",\"dieu ptah\",\"\u00e9nn\u00e9ade\",\"idef\",\"isaac nguema\",\"monoth\u00e9isme\",\"notion de vie\",\"orig\u00e8ne\",\"pens\u00e9e africaine\",\"pens\u00e9e n\u00e9gro-africaine\",\"pens\u00e9e pr\u00e9-philosophique\",\"Philosophie africaine\",\"pr\u00e9socratiques\",\"roi chabaka\",\"Saint Augustin\",\"simon abanda\",\"Vie\",\"x\u00e9nophane de colophon\"],\"articleSection\":[\"Histoire\",\"Philosophie\"],\"inLanguage\":\"en-US\",\"potentialAction\":[{\"@type\":\"CommentAction\",\"name\":\"Comment\",\"target\":[\"https:\\\/\\\/leregardlibre.com\\\/philosophie\\\/cap-sur-la-pensee-dafrique-noire\\\/#respond\"]}]},{\"@type\":\"WebPage\",\"@id\":\"https:\\\/\\\/leregardlibre.com\\\/philosophie\\\/cap-sur-la-pensee-dafrique-noire\\\/\",\"url\":\"https:\\\/\\\/leregardlibre.com\\\/philosophie\\\/cap-sur-la-pensee-dafrique-noire\\\/\",\"name\":\"Philosophie africaine: cap sur la pens\u00e9e d\u2019Afrique noire | Le Regard Libre\",\"isPartOf\":{\"@id\":\"https:\\\/\\\/leregardlibre.com\\\/#website\"},\"primaryImageOfPage\":{\"@id\":\"https:\\\/\\\/leregardlibre.com\\\/philosophie\\\/cap-sur-la-pensee-dafrique-noire\\\/#primaryimage\"},\"image\":{\"@id\":\"https:\\\/\\\/leregardlibre.com\\\/philosophie\\\/cap-sur-la-pensee-dafrique-noire\\\/#primaryimage\"},\"thumbnailUrl\":\"https:\\\/\\\/leregardlibre.com\\\/wp-content\\\/uploads\\\/2020\\\/08\\\/Afrique-en-lumie\u0300re-Arek-Socha-Pixabay.jpg\",\"datePublished\":\"2020-08-26T04:00:36+00:00\",\"dateModified\":\"2022-09-04T08:40:27+00:00\",\"description\":\"Philosophie ou pas, qu\u2019est-ce qui caract\u00e9rise la pens\u00e9e africaine et en quoi a-t-elle apport\u00e9 quelque chose \u00e0 l\u2019humanit\u00e9? Analyse\",\"breadcrumb\":{\"@id\":\"https:\\\/\\\/leregardlibre.com\\\/philosophie\\\/cap-sur-la-pensee-dafrique-noire\\\/#breadcrumb\"},\"inLanguage\":\"en-US\",\"potentialAction\":[{\"@type\":\"ReadAction\",\"target\":[\"https:\\\/\\\/leregardlibre.com\\\/philosophie\\\/cap-sur-la-pensee-dafrique-noire\\\/\"]}]},{\"@type\":\"ImageObject\",\"inLanguage\":\"en-US\",\"@id\":\"https:\\\/\\\/leregardlibre.com\\\/philosophie\\\/cap-sur-la-pensee-dafrique-noire\\\/#primaryimage\",\"url\":\"https:\\\/\\\/leregardlibre.com\\\/wp-content\\\/uploads\\\/2020\\\/08\\\/Afrique-en-lumie\u0300re-Arek-Socha-Pixabay.jpg\",\"contentUrl\":\"https:\\\/\\\/leregardlibre.com\\\/wp-content\\\/uploads\\\/2020\\\/08\\\/Afrique-en-lumie\u0300re-Arek-Socha-Pixabay.jpg\",\"width\":1280,\"height\":682},{\"@type\":\"BreadcrumbList\",\"@id\":\"https:\\\/\\\/leregardlibre.com\\\/philosophie\\\/cap-sur-la-pensee-dafrique-noire\\\/#breadcrumb\",\"itemListElement\":[{\"@type\":\"ListItem\",\"position\":1,\"name\":\"Accueil\",\"item\":\"https:\\\/\\\/leregardlibre.com\\\/\"},{\"@type\":\"ListItem\",\"position\":2,\"name\":\"Cap sur la pens\u00e9e d\u2019Afrique noire\"}]},{\"@type\":\"WebSite\",\"@id\":\"https:\\\/\\\/leregardlibre.com\\\/#website\",\"url\":\"https:\\\/\\\/leregardlibre.com\\\/\",\"name\":\"Le Regard Libre\",\"description\":\"Premier mensuel suisse de d\u00e9bat\",\"publisher\":{\"@id\":\"https:\\\/\\\/leregardlibre.com\\\/#organization\"},\"potentialAction\":[{\"@type\":\"SearchAction\",\"target\":{\"@type\":\"EntryPoint\",\"urlTemplate\":\"https:\\\/\\\/leregardlibre.com\\\/?s={search_term_string}\"},\"query-input\":{\"@type\":\"PropertyValueSpecification\",\"valueRequired\":true,\"valueName\":\"search_term_string\"}}],\"inLanguage\":\"en-US\"},{\"@type\":\"Organization\",\"@id\":\"https:\\\/\\\/leregardlibre.com\\\/#organization\",\"name\":\"Le Regard Libre\",\"url\":\"https:\\\/\\\/leregardlibre.com\\\/\",\"logo\":{\"@type\":\"ImageObject\",\"inLanguage\":\"en-US\",\"@id\":\"https:\\\/\\\/leregardlibre.com\\\/#\\\/schema\\\/logo\\\/image\\\/\",\"url\":\"https:\\\/\\\/leregardlibre.com\\\/wp-content\\\/uploads\\\/2025\\\/08\\\/logo-rl-icone-neg.jpeg\",\"contentUrl\":\"https:\\\/\\\/leregardlibre.com\\\/wp-content\\\/uploads\\\/2025\\\/08\\\/logo-rl-icone-neg.jpeg\",\"width\":557,\"height\":556,\"caption\":\"Le Regard Libre\"},\"image\":{\"@id\":\"https:\\\/\\\/leregardlibre.com\\\/#\\\/schema\\\/logo\\\/image\\\/\"},\"sameAs\":[\"https:\\\/\\\/www.facebook.com\\\/leregardlibre\\\/\",\"https:\\\/\\\/x.com\\\/LeRegardLibre\",\"https:\\\/\\\/www.linkedin.com\\\/company\\\/le-regard-libre\",\"https:\\\/\\\/www.instagram.com\\\/leregardlibre\\\/\",\"http:\\\/\\\/t.me\\\/leregardlibre\",\"https:\\\/\\\/youtube.com\\\/channel\\\/UC6HzGPomj1LsUmlz-sJtITQ\"],\"description\":\"Le Regard Libre est un mensuel suisse de d\u00e9bat intellectuel et culturel. Sa r\u00e9daction est jeune, b\u00e9n\u00e9vole, lib\u00e9rale et pluraliste. Le magazine para\u00eet en ligne et sous forme papier. Sa langue est le fran\u00e7ais.\",\"email\":\"redaction@leregardlibre.com\",\"legalName\":\"Le Regard Libre\",\"foundingDate\":\"2014-01-01\",\"numberOfEmployees\":{\"@type\":\"QuantitativeValue\",\"minValue\":\"11\",\"maxValue\":\"50\"},\"publishingPrinciples\":\"https:\\\/\\\/leregardlibre.com\\\/a-propos\\\/notre-manifeste\\\/\",\"ownershipFundingInfo\":\"https:\\\/\\\/leregardlibre.com\\\/mentions-legales\\\/\",\"actionableFeedbackPolicy\":\"https:\\\/\\\/leregardlibre.com\\\/conditions-generales-de-vente\\\/\"},{\"@type\":\"Person\",\"@id\":\"https:\\\/\\\/leregardlibre.com\\\/#\\\/schema\\\/person\\\/68aceea2de84966d0928b49556d54101\",\"name\":\"Le Regard Libre\",\"image\":{\"@type\":\"ImageObject\",\"inLanguage\":\"en-US\",\"@id\":\"https:\\\/\\\/secure.gravatar.com\\\/avatar\\\/ccf13a262e399e026577c8158b11cbdef98921ac28fa06bc0d43a2d0e2a4a1c0?s=96&d=identicon&r=g\",\"url\":\"https:\\\/\\\/secure.gravatar.com\\\/avatar\\\/ccf13a262e399e026577c8158b11cbdef98921ac28fa06bc0d43a2d0e2a4a1c0?s=96&d=identicon&r=g\",\"contentUrl\":\"https:\\\/\\\/secure.gravatar.com\\\/avatar\\\/ccf13a262e399e026577c8158b11cbdef98921ac28fa06bc0d43a2d0e2a4a1c0?s=96&d=identicon&r=g\",\"caption\":\"Le Regard Libre\"},\"description\":\"Premier mensuel suisse de d\u00e9bat\",\"sameAs\":[\"https:\\\/\\\/fr.wikipedia.org\\\/wiki\\\/Le_Regard_libre\"],\"url\":\"https:\\\/\\\/leregardlibre.com\\\/en\\\/author\\\/leregardlibre\\\/\"}]}<\/script>\n<!-- \/ Yoast SEO Premium plugin. -->","yoast_head_json":{"title":"Philosophie africaine: cap sur la pens\u00e9e d\u2019Afrique noire | Le Regard Libre","description":"Philosophie ou pas, qu\u2019est-ce qui caract\u00e9rise la pens\u00e9e africaine et en quoi a-t-elle apport\u00e9 quelque chose \u00e0 l\u2019humanit\u00e9? Analyse","robots":{"index":"index","follow":"follow","max-snippet":"max-snippet:-1","max-image-preview":"max-image-preview:large","max-video-preview":"max-video-preview:-1"},"canonical":"https:\/\/leregardlibre.com\/en\/philosophy\/cap-sur-la-pensee-dafrique-noire\/","og_locale":"en_US","og_type":"article","og_title":"Cap sur la pens\u00e9e d\u2019Afrique noire","og_description":"Philosophie ou pas, qu\u2019est-ce qui caract\u00e9rise la pens\u00e9e africaine et en quoi a-t-elle apport\u00e9 quelque chose \u00e0 l\u2019humanit\u00e9? Analyse","og_url":"https:\/\/leregardlibre.com\/en\/philosophy\/cap-sur-la-pensee-dafrique-noire\/","og_site_name":"Le Regard Libre","article_publisher":"https:\/\/www.facebook.com\/leregardlibre\/","article_published_time":"2020-08-26T04:00:36+00:00","article_modified_time":"2022-09-04T08:40:27+00:00","og_image":[{"width":1280,"height":682,"url":"https:\/\/leregardlibre.com\/wp-content\/uploads\/2020\/08\/Afrique-en-lumie\u0300re-Arek-Socha-Pixabay.jpg","type":"image\/jpeg"}],"author":"Le Regard Libre","twitter_card":"summary_large_image","twitter_creator":"@LeRegardLibre","twitter_site":"@LeRegardLibre","twitter_misc":{"Written by":"Le Regard Libre","Est. reading time":"7 minutes"},"schema":{"@context":"https:\/\/schema.org","@graph":[{"@type":"Article","@id":"https:\/\/leregardlibre.com\/philosophie\/cap-sur-la-pensee-dafrique-noire\/#article","isPartOf":{"@id":"https:\/\/leregardlibre.com\/philosophie\/cap-sur-la-pensee-dafrique-noire\/"},"author":{"name":"Le Regard Libre","@id":"https:\/\/leregardlibre.com\/#\/schema\/person\/68aceea2de84966d0928b49556d54101"},"headline":"Cap sur la pens\u00e9e d\u2019Afrique noire","datePublished":"2020-08-26T04:00:36+00:00","dateModified":"2022-09-04T08:40:27+00:00","mainEntityOfPage":{"@id":"https:\/\/leregardlibre.com\/philosophie\/cap-sur-la-pensee-dafrique-noire\/"},"wordCount":1395,"commentCount":1,"publisher":{"@id":"https:\/\/leregardlibre.com\/#organization"},"image":{"@id":"https:\/\/leregardlibre.com\/philosophie\/cap-sur-la-pensee-dafrique-noire\/#primaryimage"},"thumbnailUrl":"https:\/\/leregardlibre.com\/wp-content\/uploads\/2020\/08\/Afrique-en-lumie\u0300re-Arek-Socha-Pixabay.jpg","keywords":["cerdaf","dieu ptah","\u00e9nn\u00e9ade","idef","isaac nguema","monoth\u00e9isme","notion de vie","orig\u00e8ne","pens\u00e9e africaine","pens\u00e9e n\u00e9gro-africaine","pens\u00e9e pr\u00e9-philosophique","Philosophie africaine","pr\u00e9socratiques","roi chabaka","Saint Augustin","simon abanda","Vie","x\u00e9nophane de colophon"],"articleSection":["Histoire","Philosophie"],"inLanguage":"en-US","potentialAction":[{"@type":"CommentAction","name":"Comment","target":["https:\/\/leregardlibre.com\/philosophie\/cap-sur-la-pensee-dafrique-noire\/#respond"]}]},{"@type":"WebPage","@id":"https:\/\/leregardlibre.com\/philosophie\/cap-sur-la-pensee-dafrique-noire\/","url":"https:\/\/leregardlibre.com\/philosophie\/cap-sur-la-pensee-dafrique-noire\/","name":"Philosophie africaine: cap sur la pens\u00e9e d\u2019Afrique noire | Le Regard Libre","isPartOf":{"@id":"https:\/\/leregardlibre.com\/#website"},"primaryImageOfPage":{"@id":"https:\/\/leregardlibre.com\/philosophie\/cap-sur-la-pensee-dafrique-noire\/#primaryimage"},"image":{"@id":"https:\/\/leregardlibre.com\/philosophie\/cap-sur-la-pensee-dafrique-noire\/#primaryimage"},"thumbnailUrl":"https:\/\/leregardlibre.com\/wp-content\/uploads\/2020\/08\/Afrique-en-lumie\u0300re-Arek-Socha-Pixabay.jpg","datePublished":"2020-08-26T04:00:36+00:00","dateModified":"2022-09-04T08:40:27+00:00","description":"Philosophie ou pas, qu\u2019est-ce qui caract\u00e9rise la pens\u00e9e africaine et en quoi a-t-elle apport\u00e9 quelque chose \u00e0 l\u2019humanit\u00e9? Analyse","breadcrumb":{"@id":"https:\/\/leregardlibre.com\/philosophie\/cap-sur-la-pensee-dafrique-noire\/#breadcrumb"},"inLanguage":"en-US","potentialAction":[{"@type":"ReadAction","target":["https:\/\/leregardlibre.com\/philosophie\/cap-sur-la-pensee-dafrique-noire\/"]}]},{"@type":"ImageObject","inLanguage":"en-US","@id":"https:\/\/leregardlibre.com\/philosophie\/cap-sur-la-pensee-dafrique-noire\/#primaryimage","url":"https:\/\/leregardlibre.com\/wp-content\/uploads\/2020\/08\/Afrique-en-lumie\u0300re-Arek-Socha-Pixabay.jpg","contentUrl":"https:\/\/leregardlibre.com\/wp-content\/uploads\/2020\/08\/Afrique-en-lumie\u0300re-Arek-Socha-Pixabay.jpg","width":1280,"height":682},{"@type":"BreadcrumbList","@id":"https:\/\/leregardlibre.com\/philosophie\/cap-sur-la-pensee-dafrique-noire\/#breadcrumb","itemListElement":[{"@type":"ListItem","position":1,"name":"Accueil","item":"https:\/\/leregardlibre.com\/"},{"@type":"ListItem","position":2,"name":"Cap sur la pens\u00e9e d\u2019Afrique noire"}]},{"@type":"WebSite","@id":"https:\/\/leregardlibre.com\/#website","url":"https:\/\/leregardlibre.com\/","name":"Le Regard Libre","description":"Switzerland's first monthly debate magazine","publisher":{"@id":"https:\/\/leregardlibre.com\/#organization"},"potentialAction":[{"@type":"SearchAction","target":{"@type":"EntryPoint","urlTemplate":"https:\/\/leregardlibre.com\/?s={search_term_string}"},"query-input":{"@type":"PropertyValueSpecification","valueRequired":true,"valueName":"search_term_string"}}],"inLanguage":"en-US"},{"@type":"Organization","@id":"https:\/\/leregardlibre.com\/#organization","name":"Le Regard Libre","url":"https:\/\/leregardlibre.com\/","logo":{"@type":"ImageObject","inLanguage":"en-US","@id":"https:\/\/leregardlibre.com\/#\/schema\/logo\/image\/","url":"https:\/\/leregardlibre.com\/wp-content\/uploads\/2025\/08\/logo-rl-icone-neg.jpeg","contentUrl":"https:\/\/leregardlibre.com\/wp-content\/uploads\/2025\/08\/logo-rl-icone-neg.jpeg","width":557,"height":556,"caption":"Le Regard Libre"},"image":{"@id":"https:\/\/leregardlibre.com\/#\/schema\/logo\/image\/"},"sameAs":["https:\/\/www.facebook.com\/leregardlibre\/","https:\/\/x.com\/LeRegardLibre","https:\/\/www.linkedin.com\/company\/le-regard-libre","https:\/\/www.instagram.com\/leregardlibre\/","http:\/\/t.me\/leregardlibre","https:\/\/youtube.com\/channel\/UC6HzGPomj1LsUmlz-sJtITQ"],"description":"Le Regard Libre is a Swiss monthly magazine for intellectual and cultural debate. Its editorial team is young, voluntary, liberal and pluralist. The magazine appears online and in print. Its language is French.","email":"redaction@leregardlibre.com","legalName":"Le Regard Libre","foundingDate":"2014-01-01","numberOfEmployees":{"@type":"QuantitativeValue","minValue":"11","maxValue":"50"},"publishingPrinciples":"https:\/\/leregardlibre.com\/a-propos\/notre-manifeste\/","ownershipFundingInfo":"https:\/\/leregardlibre.com\/mentions-legales\/","actionableFeedbackPolicy":"https:\/\/leregardlibre.com\/conditions-generales-de-vente\/"},{"@type":"Person","@id":"https:\/\/leregardlibre.com\/#\/schema\/person\/68aceea2de84966d0928b49556d54101","name":"Le Regard Libre","image":{"@type":"ImageObject","inLanguage":"en-US","@id":"https:\/\/secure.gravatar.com\/avatar\/ccf13a262e399e026577c8158b11cbdef98921ac28fa06bc0d43a2d0e2a4a1c0?s=96&d=identicon&r=g","url":"https:\/\/secure.gravatar.com\/avatar\/ccf13a262e399e026577c8158b11cbdef98921ac28fa06bc0d43a2d0e2a4a1c0?s=96&d=identicon&r=g","contentUrl":"https:\/\/secure.gravatar.com\/avatar\/ccf13a262e399e026577c8158b11cbdef98921ac28fa06bc0d43a2d0e2a4a1c0?s=96&d=identicon&r=g","caption":"Le Regard Libre"},"description":"Switzerland's first monthly debate magazine","sameAs":["https:\/\/fr.wikipedia.org\/wiki\/Le_Regard_libre"],"url":"https:\/\/leregardlibre.com\/en\/author\/leregardlibre\/"}]}},"_links":{"self":[{"href":"https:\/\/leregardlibre.com\/en\/wp-json\/wp\/v2\/posts\/35665","targetHints":{"allow":["GET"]}}],"collection":[{"href":"https:\/\/leregardlibre.com\/en\/wp-json\/wp\/v2\/posts"}],"about":[{"href":"https:\/\/leregardlibre.com\/en\/wp-json\/wp\/v2\/types\/post"}],"author":[{"embeddable":true,"href":"https:\/\/leregardlibre.com\/en\/wp-json\/wp\/v2\/users\/1"}],"replies":[{"embeddable":true,"href":"https:\/\/leregardlibre.com\/en\/wp-json\/wp\/v2\/comments?post=35665"}],"version-history":[{"count":1,"href":"https:\/\/leregardlibre.com\/en\/wp-json\/wp\/v2\/posts\/35665\/revisions"}],"predecessor-version":[{"id":511863,"href":"https:\/\/leregardlibre.com\/en\/wp-json\/wp\/v2\/posts\/35665\/revisions\/511863"}],"wp:featuredmedia":[{"embeddable":true,"href":"https:\/\/leregardlibre.com\/en\/wp-json\/wp\/v2\/media\/35667"}],"wp:attachment":[{"href":"https:\/\/leregardlibre.com\/en\/wp-json\/wp\/v2\/media?parent=35665"}],"wp:term":[{"taxonomy":"category","embeddable":true,"href":"https:\/\/leregardlibre.com\/en\/wp-json\/wp\/v2\/categories?post=35665"},{"taxonomy":"post_tag","embeddable":true,"href":"https:\/\/leregardlibre.com\/en\/wp-json\/wp\/v2\/tags?post=35665"}],"curies":[{"name":"wp","href":"https:\/\/api.w.org\/{rel}","templated":true}]}}