{"id":37154,"date":"2020-11-27T06:00:00","date_gmt":"2020-11-27T05:00:00","guid":{"rendered":"https:\/\/leregardlibre.com\/?p=37154"},"modified":"2022-09-04T10:17:05","modified_gmt":"2022-09-04T08:17:05","slug":"the-indecent-confinement-of-our-elders","status":"publish","type":"post","link":"https:\/\/leregardlibre.com\/en\/company\/the-indecent-confinement-of-our-elders\/","title":{"rendered":"The indecent confinement of our elders"},"content":{"rendered":"<p><a href=\"https:\/\/leregardlibre.com\/en\/product\/le-regard-libre-no-68\/\"><em>Le Regard Libre N\u00b0 6<\/em>8<em>&nbsp;<\/em><\/a><em>- Giovanni F. Ryffel (readers' letters)<\/em><\/p>\n\n\n\n<p class=\"has-drop-cap\">Restrictive measures in retirement homes are a scandal of inhumanity. There are people who suffer from a lacerating solitude, torn as they are from their loved ones; the most mortifying depressions can only be cured by the contact and living presence of loved ones, and this is precisely what is now being restricted beyond all reasonable prudence; this results in an obvious injustice. There are even those in the terminal phase of life who cannot be properly accompanied by those who love them. Is it an effective fight against Covid to force them to die alone?<\/p>\n\n\n\n<!--more Lire l\u2019article-->\n\n\n\n<p>The purpose of medicine is to heal, not to prevent people from dying or becoming ill. Let cantonal doctors and governments think about healing. Let our conscience, our freedom, our responsibility - in a word, our heart - think of death. Faced with death, we must be able to be present: otherwise, why did the soldiers who, by defying it, freed us in the wars of the past fight? What's the point of the doctors who were on the front line in March, and before that in the regions where epidemics had been striking for decades? What's the point of working and earning money if you can't experience decisive moments in a human way? And that's what it's all about, being accompanied in the event of major illnesses, especially fatal ones!<\/p>\n\n\n\n<form method=\"post\" action=\"https:\/\/newsletter.infomaniak.com\/external\/submit\" class=\"inf-form\" target=\"_blank\"><input type=\"email\" name=\"email\" style=\"display:none\"><input type=\"hidden\" name=\"key\" value=\"eyJpdiI6ImJLMzBCZjhrQXI2QVZqaHlsQ2xRXC9RbUZ2TlhaY08wSGd6VllUbHc0MUtzPSIsInZhbHVlIjoiYlJ4K0NhTElMb21iY010YkUyVmk2R0pVK2JocklVcERIbUNPTGduczcycz0iLCJtYWMiOiJmY2MwNGM1ZDBjZThjMmQ1MTVkY2Q2ZDE5OTBlNDU0YzE0MjlhM2IxY2M5YWM0NjA2YTgxY2QxNzg2ZmFiY2FkIn0=\"><input type=\"hidden\" name=\"webform_id\" value=\"7291\"><style> .inf-main_3000311ca56a1cb93397bc676c0b7fff{ background-color:#f5f5f5; padding:25px 20px; margin:25px auto; } .inf-main_3000311ca56a1cb93397bc676c0b7fff .inf-content { margin-top:13px;} .inf-main_3000311ca56a1cb93397bc676c0b7fff h4, .inf-main_3000311ca56a1cb93397bc676c0b7fff span, .inf-main_3000311ca56a1cb93397bc676c0b7fff label, .inf-main_3000311ca56a1cb93397bc676c0b7fff input, .inf-main_3000311ca56a1cb93397bc676c0b7fff .inf-submit, .inf-main_3000311ca56a1cb93397bc676c0b7fff .inf-success p a { color:#555555; font-size:14px; } .inf-main_3000311ca56a1cb93397bc676c0b7fff h4{ font-size:18px; margin:0px 0px 13px 0px; } .inf-main_3000311ca56a1cb93397bc676c0b7fff h4, .inf-main_3000311ca56a1cb93397bc676c0b7fff label{ font-weight:bold; } .inf-main_3000311ca56a1cb93397bc676c0b7fff .inf-input { margin-bottom:7px; } .inf-main_3000311ca56a1cb93397bc676c0b7fff label { display:block;} .inf-main_3000311ca56a1cb93397bc676c0b7fff input{ height:35px; color:#999999; border: 1px solid #E9E9E9; border:none; padding-left:7px; } .inf-main_3000311ca56a1cb93397bc676c0b7fff .inf-input.inf-error label, .inf-main_3000311ca56a1cb93397bc676c0b7fff .inf-input.inf-error span.inf-message{ color: #cc0033; } .inf-main_3000311ca56a1cb93397bc676c0b7fff .inf-input.inf-error input{ border: 1px solid #cc0033; } .inf-main_3000311ca56a1cb93397bc676c0b7fff .inf-input input { width:100%;} .inf-main_3000311ca56a1cb93397bc676c0b7fff .inf-input.inf-error span.inf-message { display: block; } .inf-main_3000311ca56a1cb93397bc676c0b7fff .inf-submit { text-align:right;} .inf-main_3000311ca56a1cb93397bc676c0b7fff .inf-submit input{ background-color:#777777; color:#ffffff; border:none; font-weight: normal; height:auto; padding:7px; } .inf-main_3000311ca56a1cb93397bc676c0b7fff .inf-submit input.disabled{ opacity: 0.4; } .inf-btn { color: rgb(85, 85, 85); border: medium none; font-weight: normal; height: auto; padding: 7px; display: inline-block; background-color: white; box-shadow: 0px 1px 1px rgba(0, 0, 0, 0.24); border-radius: 2px; line-height: 1em; } .inf-rgpd { margin:25px 0px 15px 0px; color:#555555; } <\/style> <div class=\"inf-main_3000311ca56a1cb93397bc676c0b7fff\"> <h4>NEWSLETTER DU REGARD LIBRE<\/h4> <span>Receive our articles every Sunday, free of charge!<\/span> <div class=\"inf-success\" style=\"display:none\"> <h4>Your subscription to our weekly newsletter has been successfully registered!<\/h4> <p> <a href=\"#\" class=\"inf-btn\">\u00ab<\/a> <\/p> <\/div> <div class=\"inf-content\"> <div class=\"inf-input inf-input-text\"> <input type=\"text\" name=\"inf[1]\" data-inf-meta=\"1\" data-inf-error=\"Merci de renseigner une adresse email\" required=\"required\" placeholder=\"Email\"> <\/div> <div class=\"inf-submit\"> <input type=\"submit\" name=\"\" value=\"Sign up\"> <\/div> <\/div> <\/div> <\/form>\n\n\n\n<p>Is it to keep a large number of cells alive that we are fighting the pandemic? Is this what life is all about? Is it just raw biological existence? No! Life is given to you by the presence of others, otherwise it's just the ability of a body to generate its own movement... a bit poor for a human. Even if the authorities believe that this is the only sufficient characteristic, does this mean that they see citizens in this way? Are we just bags of atoms? Individuals to be managed? A problem to be solved? Do you simply want to protect yourself from possible reprisals at the next election for not having managed the continuation of the pandemic like \u00abeveryone else\u00bb (which will ultimately mean with inhumanity)? Do you really find reasons to congratulate yourselves on your actions in measures that tear families apart, that annihilate psychologically weak people, that kill dignity in death?<\/p>\n\n\n\n<p>I call on all those who understand the pain of this situation to react and not maintain the silence that surrounds us. Because we are fighting to heal and to make life worth living, not for a health DELIRE in which we persist as if we wanted to eradicate every last virus, but this is utopian, or worse, a delusion of immortality. It's more akin to a hygienist psychosis than to political management.<\/p>\n\n\n\n\n\n<p>Politics is the art of living well together, not of survival, taught Aristotle. Survival belongs to the savage. Now, in retirement homes, we're all about raw, naked survival. Is this still good politics, or are we slipping back into savagery?<\/p>\n\n\n\n<p>Organizational solutions can't and shouldn't be so humiliating for all those who have already proved their worth! What kind of understanding (or better: misunderstanding) of human beings could possibly lead to such choices? Only cold calculation makes such abominations possible. L\u2019<em>hybris<\/em> sanitation. Only those who have not delved deeply into what it is to be human can be tempted to treat it with calculations and iron rules. The person who has never confronted the question of meaning in an adult way in his life is the one who doesn't understand imperfection. So he seeks perfection, but since it's unattainable, he creates pain all around him. Today, we can see what happens when an elite of technicians ignores the importance of the most vital philosophical questions. The result is injustice and needless suffering. That's why we must denounce them. Those who have the knowledge and the legal and economic power to help us out of this madness need to wake up and help.<\/p>\n\n\n\n\n\n<p>And anyone who truly cares about the weakest should be able to question, even disagree or act against the spread of the virus of hygienist extremism that breaks the knees of the most basic human affects and the dignity we live for.<\/p>\n\n\n\n<p><em><strong>Giovanni F. Ryffel<\/strong> is a philosophy and Italian teacher at a Ticino high school. This letter was sent to us on October 24, 2020.<\/em><\/p>\n\n\n\n<p><strong>Send us your readers' letters by e-mail to <a href=\"mailto:redaction@leregardlibre.com\">redaction@leregardlibre.com<\/a> or by post to <em>Le Regard Libre<\/em>, Rue de l'Or\u00e9e 98, CH-2000 Neuch\u00e2tel. We look forward to hearing from you.<\/strong><\/p>\n\n\n\n<p>Photo credit: Matej \/ Pexel<\/p>","protected":false},"excerpt":{"rendered":"<p>Old age and confinement: a crisis of humanity?<\/p>","protected":false},"author":339,"featured_media":37157,"comment_status":"open","ping_status":"open","sticky":false,"template":"","format":"standard","meta":{"_acf_changed":false,"footnotes":""},"categories":[8796],"tags":[644348484,56707,644355651,1337865],"class_list":["post-37154","post","type-post","status-publish","format-standard","has-post-thumbnail","hentry","category-societe","tag-covid-19","tag-solitude","tag-technocratie","tag-vieillesse"],"acf":[],"yoast_head":"<!-- This site is optimized with the Yoast SEO Premium plugin v27.4 (Yoast SEO v27.4) - https:\/\/yoast.com\/product\/yoast-seo-premium-wordpress\/ -->\n<title>L\u2019ind\u00e9cent enfermement de nos a\u00een\u00e9s<\/title>\n<meta name=\"robots\" content=\"index, follow, max-snippet:-1, max-image-preview:large, max-video-preview:-1\" \/>\n<link rel=\"canonical\" href=\"https:\/\/leregardlibre.com\/en\/company\/the-indecent-confinement-of-our-elders\/\" \/>\n<meta property=\"og:locale\" content=\"en_US\" \/>\n<meta property=\"og:type\" content=\"article\" \/>\n<meta property=\"og:title\" content=\"L\u2019ind\u00e9cent enfermement de nos a\u00een\u00e9s\" \/>\n<meta property=\"og:description\" content=\"Vieillesse et confinement: une crise d&#039;humanit\u00e9?\" \/>\n<meta property=\"og:url\" content=\"https:\/\/leregardlibre.com\/en\/company\/the-indecent-confinement-of-our-elders\/\" \/>\n<meta property=\"og:site_name\" content=\"Le Regard Libre\" \/>\n<meta property=\"article:publisher\" content=\"https:\/\/www.facebook.com\/leregardlibre\/\" \/>\n<meta property=\"article:published_time\" content=\"2020-11-27T05:00:00+00:00\" \/>\n<meta property=\"article:modified_time\" content=\"2022-09-04T08:17:05+00:00\" \/>\n<meta property=\"og:image\" content=\"https:\/\/leregardlibre.com\/wp-content\/uploads\/2020\/11\/Cre\u0301dit-photo-Matej-_-Pexels.jpg\" \/>\n\t<meta property=\"og:image:width\" content=\"1920\" \/>\n\t<meta property=\"og:image:height\" content=\"1280\" \/>\n\t<meta property=\"og:image:type\" content=\"image\/jpeg\" \/>\n<meta name=\"author\" content=\"Giovanni Ryffel\" \/>\n<meta name=\"twitter:card\" content=\"summary_large_image\" \/>\n<meta name=\"twitter:creator\" content=\"@LeRegardLibre\" \/>\n<meta name=\"twitter:site\" content=\"@LeRegardLibre\" \/>\n<meta name=\"twitter:label1\" content=\"Written by\" \/>\n\t<meta name=\"twitter:data1\" content=\"Giovanni Ryffel\" \/>\n\t<meta name=\"twitter:label2\" content=\"Est. reading time\" \/>\n\t<meta name=\"twitter:data2\" content=\"5 minutes\" \/>\n<script type=\"application\/ld+json\" class=\"yoast-schema-graph\">{\"@context\":\"https:\\\/\\\/schema.org\",\"@graph\":[{\"@type\":\"Article\",\"@id\":\"https:\\\/\\\/leregardlibre.com\\\/societe\\\/lindecent-enfermement-de-nos-aines\\\/#article\",\"isPartOf\":{\"@id\":\"https:\\\/\\\/leregardlibre.com\\\/societe\\\/lindecent-enfermement-de-nos-aines\\\/\"},\"author\":{\"name\":\"Giovanni Ryffel\",\"@id\":\"https:\\\/\\\/leregardlibre.com\\\/#\\\/schema\\\/person\\\/2ae6ee280e36bc326005fcb10466534b\"},\"headline\":\"L\u2019ind\u00e9cent enfermement de nos a\u00een\u00e9s\",\"datePublished\":\"2020-11-27T05:00:00+00:00\",\"dateModified\":\"2022-09-04T08:17:05+00:00\",\"mainEntityOfPage\":{\"@id\":\"https:\\\/\\\/leregardlibre.com\\\/societe\\\/lindecent-enfermement-de-nos-aines\\\/\"},\"wordCount\":951,\"commentCount\":0,\"publisher\":{\"@id\":\"https:\\\/\\\/leregardlibre.com\\\/#organization\"},\"image\":{\"@id\":\"https:\\\/\\\/leregardlibre.com\\\/societe\\\/lindecent-enfermement-de-nos-aines\\\/#primaryimage\"},\"thumbnailUrl\":\"https:\\\/\\\/leregardlibre.com\\\/wp-content\\\/uploads\\\/2020\\\/11\\\/Cre\u0301dit-photo-Matej-_-Pexels.jpg\",\"keywords\":[\"Covid-19\",\"Solitude\",\"Technocratie\",\"Vieillesse\"],\"articleSection\":[\"Soci\u00e9t\u00e9\"],\"inLanguage\":\"en-US\",\"potentialAction\":[{\"@type\":\"CommentAction\",\"name\":\"Comment\",\"target\":[\"https:\\\/\\\/leregardlibre.com\\\/societe\\\/lindecent-enfermement-de-nos-aines\\\/#respond\"]}]},{\"@type\":\"WebPage\",\"@id\":\"https:\\\/\\\/leregardlibre.com\\\/societe\\\/lindecent-enfermement-de-nos-aines\\\/\",\"url\":\"https:\\\/\\\/leregardlibre.com\\\/societe\\\/lindecent-enfermement-de-nos-aines\\\/\",\"name\":\"L\u2019ind\u00e9cent enfermement de nos a\u00een\u00e9s\",\"isPartOf\":{\"@id\":\"https:\\\/\\\/leregardlibre.com\\\/#website\"},\"primaryImageOfPage\":{\"@id\":\"https:\\\/\\\/leregardlibre.com\\\/societe\\\/lindecent-enfermement-de-nos-aines\\\/#primaryimage\"},\"image\":{\"@id\":\"https:\\\/\\\/leregardlibre.com\\\/societe\\\/lindecent-enfermement-de-nos-aines\\\/#primaryimage\"},\"thumbnailUrl\":\"https:\\\/\\\/leregardlibre.com\\\/wp-content\\\/uploads\\\/2020\\\/11\\\/Cre\u0301dit-photo-Matej-_-Pexels.jpg\",\"datePublished\":\"2020-11-27T05:00:00+00:00\",\"dateModified\":\"2022-09-04T08:17:05+00:00\",\"breadcrumb\":{\"@id\":\"https:\\\/\\\/leregardlibre.com\\\/societe\\\/lindecent-enfermement-de-nos-aines\\\/#breadcrumb\"},\"inLanguage\":\"en-US\",\"potentialAction\":[{\"@type\":\"ReadAction\",\"target\":[\"https:\\\/\\\/leregardlibre.com\\\/societe\\\/lindecent-enfermement-de-nos-aines\\\/\"]}]},{\"@type\":\"ImageObject\",\"inLanguage\":\"en-US\",\"@id\":\"https:\\\/\\\/leregardlibre.com\\\/societe\\\/lindecent-enfermement-de-nos-aines\\\/#primaryimage\",\"url\":\"https:\\\/\\\/leregardlibre.com\\\/wp-content\\\/uploads\\\/2020\\\/11\\\/Cre\u0301dit-photo-Matej-_-Pexels.jpg\",\"contentUrl\":\"https:\\\/\\\/leregardlibre.com\\\/wp-content\\\/uploads\\\/2020\\\/11\\\/Cre\u0301dit-photo-Matej-_-Pexels.jpg\",\"width\":1920,\"height\":1280},{\"@type\":\"BreadcrumbList\",\"@id\":\"https:\\\/\\\/leregardlibre.com\\\/societe\\\/lindecent-enfermement-de-nos-aines\\\/#breadcrumb\",\"itemListElement\":[{\"@type\":\"ListItem\",\"position\":1,\"name\":\"Accueil\",\"item\":\"https:\\\/\\\/leregardlibre.com\\\/\"},{\"@type\":\"ListItem\",\"position\":2,\"name\":\"L\u2019ind\u00e9cent enfermement de nos a\u00een\u00e9s\"}]},{\"@type\":\"WebSite\",\"@id\":\"https:\\\/\\\/leregardlibre.com\\\/#website\",\"url\":\"https:\\\/\\\/leregardlibre.com\\\/\",\"name\":\"Le Regard Libre\",\"description\":\"Premier mensuel suisse de d\u00e9bat\",\"publisher\":{\"@id\":\"https:\\\/\\\/leregardlibre.com\\\/#organization\"},\"potentialAction\":[{\"@type\":\"SearchAction\",\"target\":{\"@type\":\"EntryPoint\",\"urlTemplate\":\"https:\\\/\\\/leregardlibre.com\\\/?s={search_term_string}\"},\"query-input\":{\"@type\":\"PropertyValueSpecification\",\"valueRequired\":true,\"valueName\":\"search_term_string\"}}],\"inLanguage\":\"en-US\"},{\"@type\":\"Organization\",\"@id\":\"https:\\\/\\\/leregardlibre.com\\\/#organization\",\"name\":\"Le Regard Libre\",\"url\":\"https:\\\/\\\/leregardlibre.com\\\/\",\"logo\":{\"@type\":\"ImageObject\",\"inLanguage\":\"en-US\",\"@id\":\"https:\\\/\\\/leregardlibre.com\\\/#\\\/schema\\\/logo\\\/image\\\/\",\"url\":\"https:\\\/\\\/leregardlibre.com\\\/wp-content\\\/uploads\\\/2025\\\/08\\\/logo-rl-icone-neg.jpeg\",\"contentUrl\":\"https:\\\/\\\/leregardlibre.com\\\/wp-content\\\/uploads\\\/2025\\\/08\\\/logo-rl-icone-neg.jpeg\",\"width\":557,\"height\":556,\"caption\":\"Le Regard Libre\"},\"image\":{\"@id\":\"https:\\\/\\\/leregardlibre.com\\\/#\\\/schema\\\/logo\\\/image\\\/\"},\"sameAs\":[\"https:\\\/\\\/www.facebook.com\\\/leregardlibre\\\/\",\"https:\\\/\\\/x.com\\\/LeRegardLibre\",\"https:\\\/\\\/www.linkedin.com\\\/company\\\/le-regard-libre\",\"https:\\\/\\\/www.instagram.com\\\/leregardlibre\\\/\",\"http:\\\/\\\/t.me\\\/leregardlibre\",\"https:\\\/\\\/youtube.com\\\/channel\\\/UC6HzGPomj1LsUmlz-sJtITQ\"],\"description\":\"Le Regard Libre est un mensuel suisse de d\u00e9bat intellectuel et culturel. Sa r\u00e9daction est jeune, b\u00e9n\u00e9vole, lib\u00e9rale et pluraliste. Le magazine para\u00eet en ligne et sous forme papier. Sa langue est le fran\u00e7ais.\",\"email\":\"redaction@leregardlibre.com\",\"legalName\":\"Le Regard Libre\",\"foundingDate\":\"2014-01-01\",\"numberOfEmployees\":{\"@type\":\"QuantitativeValue\",\"minValue\":\"11\",\"maxValue\":\"50\"},\"publishingPrinciples\":\"https:\\\/\\\/leregardlibre.com\\\/a-propos\\\/notre-manifeste\\\/\",\"ownershipFundingInfo\":\"https:\\\/\\\/leregardlibre.com\\\/mentions-legales\\\/\",\"actionableFeedbackPolicy\":\"https:\\\/\\\/leregardlibre.com\\\/conditions-generales-de-vente\\\/\"},{\"@type\":\"Person\",\"@id\":\"https:\\\/\\\/leregardlibre.com\\\/#\\\/schema\\\/person\\\/2ae6ee280e36bc326005fcb10466534b\",\"name\":\"Giovanni Ryffel\",\"image\":{\"@type\":\"ImageObject\",\"inLanguage\":\"en-US\",\"@id\":\"https:\\\/\\\/secure.gravatar.com\\\/avatar\\\/ab52ef4096d639b54fbea2a4ac59cd6c2fd1987097813618882225efe14508d4?s=96&d=identicon&r=g\",\"url\":\"https:\\\/\\\/secure.gravatar.com\\\/avatar\\\/ab52ef4096d639b54fbea2a4ac59cd6c2fd1987097813618882225efe14508d4?s=96&d=identicon&r=g\",\"contentUrl\":\"https:\\\/\\\/secure.gravatar.com\\\/avatar\\\/ab52ef4096d639b54fbea2a4ac59cd6c2fd1987097813618882225efe14508d4?s=96&d=identicon&r=g\",\"caption\":\"Giovanni Ryffel\"},\"sameAs\":[\"https:\\\/\\\/leregardlibre.com\\\/\"],\"url\":\"https:\\\/\\\/leregardlibre.com\\\/en\\\/author\\\/giovanni-ryffel\\\/\"}]}<\/script>\n<!-- \/ Yoast SEO Premium plugin. -->","yoast_head_json":{"title":"The indecent confinement of our elders","robots":{"index":"index","follow":"follow","max-snippet":"max-snippet:-1","max-image-preview":"max-image-preview:large","max-video-preview":"max-video-preview:-1"},"canonical":"https:\/\/leregardlibre.com\/en\/company\/the-indecent-confinement-of-our-elders\/","og_locale":"en_US","og_type":"article","og_title":"L\u2019ind\u00e9cent enfermement de nos a\u00een\u00e9s","og_description":"Vieillesse et confinement: une crise d'humanit\u00e9?","og_url":"https:\/\/leregardlibre.com\/en\/company\/the-indecent-confinement-of-our-elders\/","og_site_name":"Le Regard Libre","article_publisher":"https:\/\/www.facebook.com\/leregardlibre\/","article_published_time":"2020-11-27T05:00:00+00:00","article_modified_time":"2022-09-04T08:17:05+00:00","og_image":[{"width":1920,"height":1280,"url":"https:\/\/leregardlibre.com\/wp-content\/uploads\/2020\/11\/Cre\u0301dit-photo-Matej-_-Pexels.jpg","type":"image\/jpeg"}],"author":"Giovanni Ryffel","twitter_card":"summary_large_image","twitter_creator":"@LeRegardLibre","twitter_site":"@LeRegardLibre","twitter_misc":{"Written by":"Giovanni Ryffel","Est. reading time":"5 minutes"},"schema":{"@context":"https:\/\/schema.org","@graph":[{"@type":"Article","@id":"https:\/\/leregardlibre.com\/societe\/lindecent-enfermement-de-nos-aines\/#article","isPartOf":{"@id":"https:\/\/leregardlibre.com\/societe\/lindecent-enfermement-de-nos-aines\/"},"author":{"name":"Giovanni Ryffel","@id":"https:\/\/leregardlibre.com\/#\/schema\/person\/2ae6ee280e36bc326005fcb10466534b"},"headline":"L\u2019ind\u00e9cent enfermement de nos a\u00een\u00e9s","datePublished":"2020-11-27T05:00:00+00:00","dateModified":"2022-09-04T08:17:05+00:00","mainEntityOfPage":{"@id":"https:\/\/leregardlibre.com\/societe\/lindecent-enfermement-de-nos-aines\/"},"wordCount":951,"commentCount":0,"publisher":{"@id":"https:\/\/leregardlibre.com\/#organization"},"image":{"@id":"https:\/\/leregardlibre.com\/societe\/lindecent-enfermement-de-nos-aines\/#primaryimage"},"thumbnailUrl":"https:\/\/leregardlibre.com\/wp-content\/uploads\/2020\/11\/Cre\u0301dit-photo-Matej-_-Pexels.jpg","keywords":["Covid-19","Solitude","Technocratie","Vieillesse"],"articleSection":["Soci\u00e9t\u00e9"],"inLanguage":"en-US","potentialAction":[{"@type":"CommentAction","name":"Comment","target":["https:\/\/leregardlibre.com\/societe\/lindecent-enfermement-de-nos-aines\/#respond"]}]},{"@type":"WebPage","@id":"https:\/\/leregardlibre.com\/societe\/lindecent-enfermement-de-nos-aines\/","url":"https:\/\/leregardlibre.com\/societe\/lindecent-enfermement-de-nos-aines\/","name":"The indecent confinement of our elders","isPartOf":{"@id":"https:\/\/leregardlibre.com\/#website"},"primaryImageOfPage":{"@id":"https:\/\/leregardlibre.com\/societe\/lindecent-enfermement-de-nos-aines\/#primaryimage"},"image":{"@id":"https:\/\/leregardlibre.com\/societe\/lindecent-enfermement-de-nos-aines\/#primaryimage"},"thumbnailUrl":"https:\/\/leregardlibre.com\/wp-content\/uploads\/2020\/11\/Cre\u0301dit-photo-Matej-_-Pexels.jpg","datePublished":"2020-11-27T05:00:00+00:00","dateModified":"2022-09-04T08:17:05+00:00","breadcrumb":{"@id":"https:\/\/leregardlibre.com\/societe\/lindecent-enfermement-de-nos-aines\/#breadcrumb"},"inLanguage":"en-US","potentialAction":[{"@type":"ReadAction","target":["https:\/\/leregardlibre.com\/societe\/lindecent-enfermement-de-nos-aines\/"]}]},{"@type":"ImageObject","inLanguage":"en-US","@id":"https:\/\/leregardlibre.com\/societe\/lindecent-enfermement-de-nos-aines\/#primaryimage","url":"https:\/\/leregardlibre.com\/wp-content\/uploads\/2020\/11\/Cre\u0301dit-photo-Matej-_-Pexels.jpg","contentUrl":"https:\/\/leregardlibre.com\/wp-content\/uploads\/2020\/11\/Cre\u0301dit-photo-Matej-_-Pexels.jpg","width":1920,"height":1280},{"@type":"BreadcrumbList","@id":"https:\/\/leregardlibre.com\/societe\/lindecent-enfermement-de-nos-aines\/#breadcrumb","itemListElement":[{"@type":"ListItem","position":1,"name":"Accueil","item":"https:\/\/leregardlibre.com\/"},{"@type":"ListItem","position":2,"name":"L\u2019ind\u00e9cent enfermement de nos a\u00een\u00e9s"}]},{"@type":"WebSite","@id":"https:\/\/leregardlibre.com\/#website","url":"https:\/\/leregardlibre.com\/","name":"Le Regard Libre","description":"Switzerland's first monthly debate magazine","publisher":{"@id":"https:\/\/leregardlibre.com\/#organization"},"potentialAction":[{"@type":"SearchAction","target":{"@type":"EntryPoint","urlTemplate":"https:\/\/leregardlibre.com\/?s={search_term_string}"},"query-input":{"@type":"PropertyValueSpecification","valueRequired":true,"valueName":"search_term_string"}}],"inLanguage":"en-US"},{"@type":"Organization","@id":"https:\/\/leregardlibre.com\/#organization","name":"Le Regard Libre","url":"https:\/\/leregardlibre.com\/","logo":{"@type":"ImageObject","inLanguage":"en-US","@id":"https:\/\/leregardlibre.com\/#\/schema\/logo\/image\/","url":"https:\/\/leregardlibre.com\/wp-content\/uploads\/2025\/08\/logo-rl-icone-neg.jpeg","contentUrl":"https:\/\/leregardlibre.com\/wp-content\/uploads\/2025\/08\/logo-rl-icone-neg.jpeg","width":557,"height":556,"caption":"Le Regard Libre"},"image":{"@id":"https:\/\/leregardlibre.com\/#\/schema\/logo\/image\/"},"sameAs":["https:\/\/www.facebook.com\/leregardlibre\/","https:\/\/x.com\/LeRegardLibre","https:\/\/www.linkedin.com\/company\/le-regard-libre","https:\/\/www.instagram.com\/leregardlibre\/","http:\/\/t.me\/leregardlibre","https:\/\/youtube.com\/channel\/UC6HzGPomj1LsUmlz-sJtITQ"],"description":"Le Regard Libre is a Swiss monthly magazine for intellectual and cultural debate. Its editorial team is young, voluntary, liberal and pluralist. The magazine appears online and in print. Its language is French.","email":"redaction@leregardlibre.com","legalName":"Le Regard Libre","foundingDate":"2014-01-01","numberOfEmployees":{"@type":"QuantitativeValue","minValue":"11","maxValue":"50"},"publishingPrinciples":"https:\/\/leregardlibre.com\/a-propos\/notre-manifeste\/","ownershipFundingInfo":"https:\/\/leregardlibre.com\/mentions-legales\/","actionableFeedbackPolicy":"https:\/\/leregardlibre.com\/conditions-generales-de-vente\/"},{"@type":"Person","@id":"https:\/\/leregardlibre.com\/#\/schema\/person\/2ae6ee280e36bc326005fcb10466534b","name":"Giovanni Ryffel","image":{"@type":"ImageObject","inLanguage":"en-US","@id":"https:\/\/secure.gravatar.com\/avatar\/ab52ef4096d639b54fbea2a4ac59cd6c2fd1987097813618882225efe14508d4?s=96&d=identicon&r=g","url":"https:\/\/secure.gravatar.com\/avatar\/ab52ef4096d639b54fbea2a4ac59cd6c2fd1987097813618882225efe14508d4?s=96&d=identicon&r=g","contentUrl":"https:\/\/secure.gravatar.com\/avatar\/ab52ef4096d639b54fbea2a4ac59cd6c2fd1987097813618882225efe14508d4?s=96&d=identicon&r=g","caption":"Giovanni Ryffel"},"sameAs":["https:\/\/leregardlibre.com\/"],"url":"https:\/\/leregardlibre.com\/en\/author\/giovanni-ryffel\/"}]}},"_links":{"self":[{"href":"https:\/\/leregardlibre.com\/en\/wp-json\/wp\/v2\/posts\/37154","targetHints":{"allow":["GET"]}}],"collection":[{"href":"https:\/\/leregardlibre.com\/en\/wp-json\/wp\/v2\/posts"}],"about":[{"href":"https:\/\/leregardlibre.com\/en\/wp-json\/wp\/v2\/types\/post"}],"author":[{"embeddable":true,"href":"https:\/\/leregardlibre.com\/en\/wp-json\/wp\/v2\/users\/339"}],"replies":[{"embeddable":true,"href":"https:\/\/leregardlibre.com\/en\/wp-json\/wp\/v2\/comments?post=37154"}],"version-history":[{"count":1,"href":"https:\/\/leregardlibre.com\/en\/wp-json\/wp\/v2\/posts\/37154\/revisions"}],"predecessor-version":[{"id":511000,"href":"https:\/\/leregardlibre.com\/en\/wp-json\/wp\/v2\/posts\/37154\/revisions\/511000"}],"wp:featuredmedia":[{"embeddable":true,"href":"https:\/\/leregardlibre.com\/en\/wp-json\/wp\/v2\/media\/37157"}],"wp:attachment":[{"href":"https:\/\/leregardlibre.com\/en\/wp-json\/wp\/v2\/media?parent=37154"}],"wp:term":[{"taxonomy":"category","embeddable":true,"href":"https:\/\/leregardlibre.com\/en\/wp-json\/wp\/v2\/categories?post=37154"},{"taxonomy":"post_tag","embeddable":true,"href":"https:\/\/leregardlibre.com\/en\/wp-json\/wp\/v2\/tags?post=37154"}],"curies":[{"name":"wp","href":"https:\/\/api.w.org\/{rel}","templated":true}]}}