{"id":37869,"date":"2021-01-12T09:45:06","date_gmt":"2021-01-12T08:45:06","guid":{"rendered":"https:\/\/leregardlibre.com\/?p=37869"},"modified":"2022-09-25T16:09:28","modified_gmt":"2022-09-25T14:09:28","slug":"lorgie-litteraire-de-max-lobe","status":"publish","type":"post","link":"https:\/\/leregardlibre.com\/en\/literature\/lorgie-litteraire-de-max-lobe\/","title":{"rendered":"Max Lobe's literary orgy"},"content":{"rendered":"<p><em>Tuesday books - <a href=\"https:\/\/leregardlibre.com\/en\/tag\/jonas-follonier\/\">Jonas Follonier<\/a><\/em><\/p>\n\n\n\n<p class=\"has-drop-cap\"><strong>A veritable orgy of words, sexual allusions and a carnival of sounds, colors and shapes, Max Lobe's new novel is a must-read. <em>His Phall'Excellence's Promise<\/em>, just published by Editions Zo\u00e9, is an infernal carnival. But behind this hullabaloo, a thunderous denunciation of totalitarianism is combined with a delight in language and bodies. For once, I invite you to discover this world in the company of Max Lobe himself.<\/strong><\/p>\n\n\n\n<!--more Lire la critique (en libre acc\u00e8s)-->\n\n\n\n<p>Max Lobe's new novel is a health hazard. You come out exhausted, as if after an hour's discussion in a language where you only understand every other word. With <em>His Phall'Excellence's Promise<\/em>, the Cameroonian-born author from Geneva has taken a sort of Rabelaisian gamble: to offer his readers a crazy feast, in a new language. The reference is striking. In fact, as soon as the book is opened, it's already announced by the author: \u00abI was chatting with Rabelais... he asked me to say hello to you\u00bb: as I read this kind dedication, all I wanted to do was to go and have a chat, in my turn, with Rabelais, the author of <em>Pantagruel<\/em> and <em>Gargantua<\/em>.<br><br><strong>Read also | <\/strong><a href=\"https:\/\/leregardlibre.com\/en\/literature\/petit-inventaire-du-registre-grivois-dans-la-litterature-europeenne\/\"><strong>A brief inventory of the bawdy register in European literature<\/strong><\/a><br><br>As Max Lobe opens the door to his apartment, he's all smiles; it has to be said that he loves to talk about his novels - and he loves to talk at all. A bit like his narrator, both talker and glosser, who warns readers from the very first sentence of the novel: \u00abIf you don't agree with the language I'm going to use to tell this story, then just join me here in Elobi, on the terrace of Uncle Godblessyou's bar\u00bb. So here I am, with a drink in hand, talking to Max Lobe about his lovely madness.<\/p>\n\n\n\n\n\n<p>First, I have to tell him the truth: I'm not sure I understood his new book. Let me reassure him. I enjoyed the novel in all its excess, and while I may have missed some of it, I found meanings in it that I appreciated even more. Her text is neither gibberish nor gloubi-boulga. Rather, I read it as a literary orgy that assumes itself as such and abounds in symbols. For example, consider the narrator of <em>His Phall'Excellence's Promise<\/em> as a sex maniac would be wrong - or, let's say, incomplete. The presence of tendentious images in one word out of ten (\u00absa Phall'Excellence\u00bb \u00absa Clith'Alttesse\u00bb, \u00abclitharicot\u00bb, \u00abnom d'un phallanus!\u00bb...), can be a good way to laugh at inclusive writing, where genders (feminine and masculine) become omnipresent.<\/p>\n\n\n\n<blockquote class=\"wp-block-quote is-layout-flow wp-block-quote-is-layout-flow\"><p>\u00abThe blackbirds, the nightingales, the thrushes, some owls there hold my name at the end of their beaks. They cackle that Oooh! I'm sexist-sexuce, that Oooh! I'm misogynist-misogynist. That I'm just a poor \u2019Ah mes chers fr\u00e8\u00e8res\u201c. A phallancouille! But I, Mista AcaDa-Writa, storyteller, have my phallancilles in place, the big-right and the little-left. And that doesn't make me a phallomacho. Du-tout-du-tout. And even if I were? Where would it itch, eh? There? On the phallanus? Or down there, at the clitharicot?<\/p><p>[...]<\/p><p>I'm not afraid of Auntie P\u00e9lagie, or even of her mother-con's Ecriture inclusive machins-trucs-chattes. Du-tout-du-tout. Don't confuse things. Keeping quiet doesn't mean being afraid.\u00bb<\/p><\/blockquote>\n\n\n\n<p>On this subject, Max Lobe develops his point of view. \u00abIt's indeed a possible interpretation. I play with language and its instrumentalization for political ends. Language doesn't <em>makes<\/em> It's not politics, it's just an instrumentalization. If someone says \u2018dear Swiss\u2018, they may not mean it.\u2019 The instrumentalization of language by ideologues with totalitarian tendencies is also a subject present, in the background, in his novel. We follow a resilient population, that of the \u2019Republic of Crevetterie\u00bb, who swallow everything they're told and wait for the Great Day when \u00abHis Phall'Excellence\u00bb and \u00abHis Clith'altesse\u00bb will appear. It's a topical subject. \u00abAnd not just in Africa,\u00bb the author tells me.<\/p>\n\n\n\n<p><strong>Read also<\/strong> | <strong><a href=\"https:\/\/leregardlibre.com\/en\/literature\/far-from-douala-and-you-miss-africa\/\"><em>Far from Douala<\/em>, and you miss Africa<\/a><\/strong><br><br>\u00abWhat interests me most is the way they speak,\u00bb continues the novelist. \u00abAll the characters speak out at some point, saying things that complement, contradict or clash with each other.\u00bb Facing them is an aging regime, with a dictator presented as a baby in a stroller. The words with which the characters express themselves are always the same, the streets and crossroads have very similar names, and the narration itself becomes one gigantic, sumptuous psittacism. And if at first the narrator is the only one in doubt, it's the reader himself who gradually begins to doubt the credibility of this alcoholic storyteller.<\/p>\n\n\n\n\n\n<p>When reading this book, one thinks in particular of <em>Meursault, counter-enquiry <\/em>Kamel Daoud's ingenious way of doubling down on illegitimacy, even in what we are told. But it's literature in general that lends itself wonderfully to this. Max Lobe has found this seam to express his praise not only of doubt, but of emancipation. \u00abDoubt is pure freedom. It's also thought: that's why I talk so much about my characters\u00bb natural hair. If I put on a wig, it's not my thought, it's a thought that comes from somewhere else.\"<\/p>\n\n\n\n<form method=\"post\" action=\"https:\/\/newsletter.infomaniak.com\/external\/submit\" class=\"inf-form\" target=\"_blank\"><input type=\"email\" name=\"email\" style=\"display:none\"><input type=\"hidden\" name=\"key\" value=\"eyJpdiI6IlZXRVJGMlRGQUU2alNqUE81bitIUk5adnNVa0c4MllFTStzOHdHT1FQZ3c9IiwidmFsdWUiOiJIYzhwMUVCK1pTNnlhY3MyMmhuZlhReWJqemEwNk93blMxTjFHc0s2VHZrPSIsIm1hYyI6ImVhYTQ5N2I1M2NiYWE4NzBmNjk2NzgzYjliM2Y5NmYzM2E2ZmU3NGQxNTU1ZDFkMTU1MzY5NTdjYjE3ZTJmNTUifQ==\"><input type=\"hidden\" name=\"webform_id\" value=\"7291\"><style> .inf-main_3000311ca56a1cb93397bc676c0b7fff{ background-color:#f5f5f5; padding:25px 20px; margin:25px auto; } .inf-main_3000311ca56a1cb93397bc676c0b7fff .inf-content { margin-top:13px;} .inf-main_3000311ca56a1cb93397bc676c0b7fff h4, .inf-main_3000311ca56a1cb93397bc676c0b7fff span, .inf-main_3000311ca56a1cb93397bc676c0b7fff label, .inf-main_3000311ca56a1cb93397bc676c0b7fff input, .inf-main_3000311ca56a1cb93397bc676c0b7fff .inf-submit, .inf-main_3000311ca56a1cb93397bc676c0b7fff .inf-success p a { color:#555555; font-size:14px; } .inf-main_3000311ca56a1cb93397bc676c0b7fff h4{ font-size:18px; margin:0px 0px 13px 0px; } .inf-main_3000311ca56a1cb93397bc676c0b7fff h4, .inf-main_3000311ca56a1cb93397bc676c0b7fff label{ font-weight:bold; } .inf-main_3000311ca56a1cb93397bc676c0b7fff .inf-input { margin-bottom:7px; } .inf-main_3000311ca56a1cb93397bc676c0b7fff label { display:block;} .inf-main_3000311ca56a1cb93397bc676c0b7fff input{ height:35px; color:#999999; border: 1px solid #E9E9E9; border:none; padding-left:7px; } .inf-main_3000311ca56a1cb93397bc676c0b7fff .inf-input.inf-error label, .inf-main_3000311ca56a1cb93397bc676c0b7fff .inf-input.inf-error span.inf-message{ color: #cc0033; } .inf-main_3000311ca56a1cb93397bc676c0b7fff .inf-input.inf-error input{ border: 1px solid #cc0033; } .inf-main_3000311ca56a1cb93397bc676c0b7fff .inf-input input { width:100%;} .inf-main_3000311ca56a1cb93397bc676c0b7fff .inf-input.inf-error span.inf-message { display: block; } .inf-main_3000311ca56a1cb93397bc676c0b7fff .inf-submit { text-align:right;} .inf-main_3000311ca56a1cb93397bc676c0b7fff .inf-submit input{ background-color:#777777; color:#ffffff; border:none; font-weight: normal; height:auto; padding:7px; } .inf-main_3000311ca56a1cb93397bc676c0b7fff .inf-submit input.disabled{ opacity: 0.4; } .inf-btn { color: rgb(85, 85, 85); border: medium none; font-weight: normal; height: auto; padding: 7px; display: inline-block; background-color: white; box-shadow: 0px 1px 1px rgba(0, 0, 0, 0.24); border-radius: 2px; line-height: 1em; } .inf-rgpd { margin:25px 0px 15px 0px; color:#555555; } <\/style> <div class=\"inf-main_3000311ca56a1cb93397bc676c0b7fff\"> <h4>NEWSLETTER DU REGARD LIBRE<\/h4> <span>Receive our articles every Sunday.<\/span> <div class=\"inf-success\" style=\"display:none\"> <h4>Your subscription to our weekly newsletter has been successfully registered!<\/h4> <p> <a href=\"#\" class=\"inf-btn\">\u00ab<\/a> <\/p> <\/div> <div class=\"inf-content\"> <div class=\"inf-input inf-input-text\"> <input type=\"text\" name=\"inf[1]\" data-inf-meta=\"1\" data-inf-error=\"Merci de renseigner une adresse email\" required=\"required\" placeholder=\"Email\"> <\/div> <div class=\"inf-submit\"> <input type=\"submit\" name=\"\" value=\"Sign up\"> <\/div> <\/div> <\/div> <\/form>\n\n\n\n<p>But you don't need to know much about the African continent that inspired this novel to appreciate it. All you need is a little curiosity. And, why not, a little madness. Because while we talk a lot about the madness of great authors, and Lobe in particular, we mustn't forget that little bit of madness inside us, which gives us access not only to the unprecedented and the spectacular, but also to that which has been sleeping inside us. <em>His Phall'Excellence's Promise<\/em> is a read whose urgency is not necessarily sanitary, but salutary. So we won't spit on it!<br><br><em><em>Write to the author: <a href=\"mailto:jonas.follonier@leregardlibre.com\">jonas.follonier@leregardlibre.com<\/a><\/em><\/em><br><br>Photo credit: \u00a9 Niels Ackermann \/ Lundi13<\/p>\n\n\n\n<div class=\"wp-block-media-text alignwide is-stacked-on-mobile\" style=\"grid-template-columns:40% auto\"><figure class=\"wp-block-media-text__media\"><img fetchpriority=\"high\" decoding=\"async\" width=\"500\" height=\"739\" src=\"http:\/\/leregardlibre.com\/wp-content\/uploads\/2021\/01\/thumb-large_lapromessedesaphallexcellence.png\" alt=\"\" class=\"wp-image-37877 size-full\" srcset=\"https:\/\/leregardlibre.com\/wp-content\/uploads\/2021\/01\/thumb-large_lapromessedesaphallexcellence.png 500w, https:\/\/leregardlibre.com\/wp-content\/uploads\/2021\/01\/thumb-large_lapromessedesaphallexcellence-203x300.png 203w, https:\/\/leregardlibre.com\/wp-content\/uploads\/2021\/01\/thumb-large_lapromessedesaphallexcellence-101x150.png 101w, https:\/\/leregardlibre.com\/wp-content\/uploads\/2021\/01\/thumb-large_lapromessedesaphallexcellence-300x443.png 300w\" sizes=\"(max-width: 500px) 100vw, 500px\" \/><\/figure><div class=\"wp-block-media-text__content\">\n<p class=\"has-text-align-left\"><strong>Max Lobe <br><em>His Phall'Excellency's Promise<\/em><br>Editions Zo\u00e9<br>2021<br>144 pages<\/strong><\/p>\n\n\n\n<div class=\"wp-block-buttons is-layout-flex wp-block-buttons-is-layout-flex\">\n<div class=\"wp-block-button\"><a class=\"wp-block-button__link\" href=\"https:\/\/www.editionszoe.ch\/livre\/la-promesse-de-sa-phall-excellence\">Order<\/a><\/div>\n<\/div>\n<\/div><\/div>","protected":false},"excerpt":{"rendered":"<p>He publishes \u201cThe Promise of His Phall'Excellence\u201d.\u201d<\/p>","protected":false},"author":138,"featured_media":37873,"comment_status":"open","ping_status":"closed","sticky":false,"template":"","format":"standard","meta":{"_acf_changed":false,"footnotes":""},"categories":[20663],"tags":[61519,54879,528495183,257355,57220,644341262,644344597,468162,98538158,644350401,644358101],"class_list":["post-37869","post","type-post","status-publish","format-standard","has-post-thumbnail","hentry","category-litterature","tag-afrique","tag-critiques-litteraires","tag-ecriture-inclusive","tag-rabelais","tag-geneve","tag-genre","tag-kamel-daoud","tag-langage","tag-max-lobe","tag-orgie","tag-sexe-biologique"],"acf":[],"yoast_head":"<!-- This site is optimized with the Yoast SEO Premium plugin v27.4 (Yoast SEO v27.4) - https:\/\/yoast.com\/product\/yoast-seo-premium-wordpress\/ -->\n<title>L\u2019orgie litt\u00e9raire de Max Lobe<\/title>\n<meta name=\"robots\" content=\"index, follow, max-snippet:-1, max-image-preview:large, max-video-preview:-1\" \/>\n<link rel=\"canonical\" href=\"https:\/\/leregardlibre.com\/en\/literature\/lorgie-litteraire-de-max-lobe\/\" \/>\n<meta property=\"og:locale\" content=\"en_US\" \/>\n<meta property=\"og:type\" content=\"article\" \/>\n<meta property=\"og:title\" content=\"L\u2019orgie litt\u00e9raire de Max Lobe\" \/>\n<meta property=\"og:description\" content=\"Il publie &quot;La Promesse de Sa Phall&#039;Excellence&quot;\" \/>\n<meta property=\"og:url\" content=\"https:\/\/leregardlibre.com\/en\/literature\/lorgie-litteraire-de-max-lobe\/\" \/>\n<meta property=\"og:site_name\" content=\"Le Regard Libre\" \/>\n<meta property=\"article:publisher\" content=\"https:\/\/www.facebook.com\/leregardlibre\/\" \/>\n<meta property=\"article:author\" content=\"https:\/\/www.facebook.com\/jonas.follonier\/\" \/>\n<meta property=\"article:published_time\" content=\"2021-01-12T08:45:06+00:00\" \/>\n<meta property=\"article:modified_time\" content=\"2022-09-25T14:09:28+00:00\" \/>\n<meta property=\"og:image\" content=\"https:\/\/leregardlibre.com\/wp-content\/uploads\/2021\/01\/NAK-0745-scaled.jpg\" \/>\n\t<meta property=\"og:image:width\" content=\"2560\" \/>\n\t<meta property=\"og:image:height\" content=\"1707\" \/>\n\t<meta property=\"og:image:type\" content=\"image\/jpeg\" \/>\n<meta name=\"author\" content=\"Jonas Follonier\" \/>\n<meta name=\"twitter:card\" content=\"summary_large_image\" \/>\n<meta name=\"twitter:creator\" content=\"@LeRegardLibre\" \/>\n<meta name=\"twitter:site\" content=\"@LeRegardLibre\" \/>\n<meta name=\"twitter:label1\" content=\"Written by\" \/>\n\t<meta name=\"twitter:data1\" content=\"Jonas Follonier\" \/>\n\t<meta name=\"twitter:label2\" content=\"Est. reading time\" \/>\n\t<meta name=\"twitter:data2\" content=\"7 minutes\" \/>\n<script type=\"application\/ld+json\" class=\"yoast-schema-graph\">{\"@context\":\"https:\\\/\\\/schema.org\",\"@graph\":[{\"@type\":\"Article\",\"@id\":\"https:\\\/\\\/leregardlibre.com\\\/litterature\\\/lorgie-litteraire-de-max-lobe\\\/#article\",\"isPartOf\":{\"@id\":\"https:\\\/\\\/leregardlibre.com\\\/litterature\\\/lorgie-litteraire-de-max-lobe\\\/\"},\"author\":{\"name\":\"Jonas Follonier\",\"@id\":\"https:\\\/\\\/leregardlibre.com\\\/#\\\/schema\\\/person\\\/bfe5aa794a23be71485d60e2d93ec0d2\"},\"headline\":\"L\u2019orgie litt\u00e9raire de Max Lobe\",\"datePublished\":\"2021-01-12T08:45:06+00:00\",\"dateModified\":\"2022-09-25T14:09:28+00:00\",\"mainEntityOfPage\":{\"@id\":\"https:\\\/\\\/leregardlibre.com\\\/litterature\\\/lorgie-litteraire-de-max-lobe\\\/\"},\"wordCount\":1192,\"commentCount\":0,\"publisher\":{\"@id\":\"https:\\\/\\\/leregardlibre.com\\\/#organization\"},\"image\":{\"@id\":\"https:\\\/\\\/leregardlibre.com\\\/litterature\\\/lorgie-litteraire-de-max-lobe\\\/#primaryimage\"},\"thumbnailUrl\":\"https:\\\/\\\/leregardlibre.com\\\/wp-content\\\/uploads\\\/2021\\\/01\\\/NAK-0745-scaled.jpg\",\"keywords\":[\"Afrique\",\"Critique litt\u00e9raire\",\"Ecriture inclusive\",\"Fran\u00e7ois Rabelais\",\"Gen\u00e8ve\",\"Genre\",\"kamel daoud\",\"langage\",\"max lobe\",\"orgie\",\"Sexe biologique\"],\"articleSection\":[\"Litt\u00e9rature\"],\"inLanguage\":\"en-US\",\"potentialAction\":[{\"@type\":\"CommentAction\",\"name\":\"Comment\",\"target\":[\"https:\\\/\\\/leregardlibre.com\\\/litterature\\\/lorgie-litteraire-de-max-lobe\\\/#respond\"]}]},{\"@type\":\"WebPage\",\"@id\":\"https:\\\/\\\/leregardlibre.com\\\/litterature\\\/lorgie-litteraire-de-max-lobe\\\/\",\"url\":\"https:\\\/\\\/leregardlibre.com\\\/litterature\\\/lorgie-litteraire-de-max-lobe\\\/\",\"name\":\"L\u2019orgie litt\u00e9raire de Max Lobe\",\"isPartOf\":{\"@id\":\"https:\\\/\\\/leregardlibre.com\\\/#website\"},\"primaryImageOfPage\":{\"@id\":\"https:\\\/\\\/leregardlibre.com\\\/litterature\\\/lorgie-litteraire-de-max-lobe\\\/#primaryimage\"},\"image\":{\"@id\":\"https:\\\/\\\/leregardlibre.com\\\/litterature\\\/lorgie-litteraire-de-max-lobe\\\/#primaryimage\"},\"thumbnailUrl\":\"https:\\\/\\\/leregardlibre.com\\\/wp-content\\\/uploads\\\/2021\\\/01\\\/NAK-0745-scaled.jpg\",\"datePublished\":\"2021-01-12T08:45:06+00:00\",\"dateModified\":\"2022-09-25T14:09:28+00:00\",\"breadcrumb\":{\"@id\":\"https:\\\/\\\/leregardlibre.com\\\/litterature\\\/lorgie-litteraire-de-max-lobe\\\/#breadcrumb\"},\"inLanguage\":\"en-US\",\"potentialAction\":[{\"@type\":\"ReadAction\",\"target\":[\"https:\\\/\\\/leregardlibre.com\\\/litterature\\\/lorgie-litteraire-de-max-lobe\\\/\"]}]},{\"@type\":\"ImageObject\",\"inLanguage\":\"en-US\",\"@id\":\"https:\\\/\\\/leregardlibre.com\\\/litterature\\\/lorgie-litteraire-de-max-lobe\\\/#primaryimage\",\"url\":\"https:\\\/\\\/leregardlibre.com\\\/wp-content\\\/uploads\\\/2021\\\/01\\\/NAK-0745-scaled.jpg\",\"contentUrl\":\"https:\\\/\\\/leregardlibre.com\\\/wp-content\\\/uploads\\\/2021\\\/01\\\/NAK-0745-scaled.jpg\",\"width\":2560,\"height\":1707,\"caption\":\"Gen\u00e8ve, Suisse, 6 janvier 2021. L'\u00e9crivain suisso-camerounais Max Lob\u00e9. \u00a9 Niels Ackermann \\\/ Lundi13\"},{\"@type\":\"BreadcrumbList\",\"@id\":\"https:\\\/\\\/leregardlibre.com\\\/litterature\\\/lorgie-litteraire-de-max-lobe\\\/#breadcrumb\",\"itemListElement\":[{\"@type\":\"ListItem\",\"position\":1,\"name\":\"Accueil\",\"item\":\"https:\\\/\\\/leregardlibre.com\\\/\"},{\"@type\":\"ListItem\",\"position\":2,\"name\":\"L\u2019orgie litt\u00e9raire de Max Lobe\"}]},{\"@type\":\"WebSite\",\"@id\":\"https:\\\/\\\/leregardlibre.com\\\/#website\",\"url\":\"https:\\\/\\\/leregardlibre.com\\\/\",\"name\":\"Le Regard Libre\",\"description\":\"Premier mensuel suisse de d\u00e9bat\",\"publisher\":{\"@id\":\"https:\\\/\\\/leregardlibre.com\\\/#organization\"},\"potentialAction\":[{\"@type\":\"SearchAction\",\"target\":{\"@type\":\"EntryPoint\",\"urlTemplate\":\"https:\\\/\\\/leregardlibre.com\\\/?s={search_term_string}\"},\"query-input\":{\"@type\":\"PropertyValueSpecification\",\"valueRequired\":true,\"valueName\":\"search_term_string\"}}],\"inLanguage\":\"en-US\"},{\"@type\":\"Organization\",\"@id\":\"https:\\\/\\\/leregardlibre.com\\\/#organization\",\"name\":\"Le Regard Libre\",\"url\":\"https:\\\/\\\/leregardlibre.com\\\/\",\"logo\":{\"@type\":\"ImageObject\",\"inLanguage\":\"en-US\",\"@id\":\"https:\\\/\\\/leregardlibre.com\\\/#\\\/schema\\\/logo\\\/image\\\/\",\"url\":\"https:\\\/\\\/leregardlibre.com\\\/wp-content\\\/uploads\\\/2025\\\/08\\\/logo-rl-icone-neg.jpeg\",\"contentUrl\":\"https:\\\/\\\/leregardlibre.com\\\/wp-content\\\/uploads\\\/2025\\\/08\\\/logo-rl-icone-neg.jpeg\",\"width\":557,\"height\":556,\"caption\":\"Le Regard Libre\"},\"image\":{\"@id\":\"https:\\\/\\\/leregardlibre.com\\\/#\\\/schema\\\/logo\\\/image\\\/\"},\"sameAs\":[\"https:\\\/\\\/www.facebook.com\\\/leregardlibre\\\/\",\"https:\\\/\\\/x.com\\\/LeRegardLibre\",\"https:\\\/\\\/www.linkedin.com\\\/company\\\/le-regard-libre\",\"https:\\\/\\\/www.instagram.com\\\/leregardlibre\\\/\",\"http:\\\/\\\/t.me\\\/leregardlibre\",\"https:\\\/\\\/youtube.com\\\/channel\\\/UC6HzGPomj1LsUmlz-sJtITQ\"],\"description\":\"Le Regard Libre est un mensuel suisse de d\u00e9bat intellectuel et culturel. Sa r\u00e9daction est jeune, b\u00e9n\u00e9vole, lib\u00e9rale et pluraliste. Le magazine para\u00eet en ligne et sous forme papier. Sa langue est le fran\u00e7ais.\",\"email\":\"redaction@leregardlibre.com\",\"legalName\":\"Le Regard Libre\",\"foundingDate\":\"2014-01-01\",\"numberOfEmployees\":{\"@type\":\"QuantitativeValue\",\"minValue\":\"11\",\"maxValue\":\"50\"},\"publishingPrinciples\":\"https:\\\/\\\/leregardlibre.com\\\/a-propos\\\/notre-manifeste\\\/\",\"ownershipFundingInfo\":\"https:\\\/\\\/leregardlibre.com\\\/mentions-legales\\\/\",\"actionableFeedbackPolicy\":\"https:\\\/\\\/leregardlibre.com\\\/conditions-generales-de-vente\\\/\"},{\"@type\":\"Person\",\"@id\":\"https:\\\/\\\/leregardlibre.com\\\/#\\\/schema\\\/person\\\/bfe5aa794a23be71485d60e2d93ec0d2\",\"name\":\"Jonas Follonier\",\"image\":{\"@type\":\"ImageObject\",\"inLanguage\":\"en-US\",\"@id\":\"https:\\\/\\\/secure.gravatar.com\\\/avatar\\\/602060b40f6a458420c2d140f49b6caea99152ce6704f2c332e5a0c5aad80303?s=96&d=identicon&r=g\",\"url\":\"https:\\\/\\\/secure.gravatar.com\\\/avatar\\\/602060b40f6a458420c2d140f49b6caea99152ce6704f2c332e5a0c5aad80303?s=96&d=identicon&r=g\",\"contentUrl\":\"https:\\\/\\\/secure.gravatar.com\\\/avatar\\\/602060b40f6a458420c2d140f49b6caea99152ce6704f2c332e5a0c5aad80303?s=96&d=identicon&r=g\",\"caption\":\"Jonas Follonier\"},\"description\":\"Correspondant au Palais f\u00e9d\u00e9ral pour \u00abL\u2019Agefi\u00bb, auteur-compositeur-interpr\u00e8te et essayiste, Jonas Follonier est le fondateur et r\u00e9dacteur en chef du \u00abRegard Libre\u00bb.\",\"sameAs\":[\"https:\\\/\\\/www.facebook.com\\\/jonas.follonier\\\/\",\"https:\\\/\\\/www.instagram.com\\\/jonasfollonier\\\/\",\"https:\\\/\\\/www.linkedin.com\\\/in\\\/jonasfollonier\\\/\",\"https:\\\/\\\/fr.wikipedia.org\\\/wiki\\\/Le_Regard_libre\"],\"url\":\"https:\\\/\\\/leregardlibre.com\\\/en\\\/author\\\/jonas-follonier\\\/\"}]}<\/script>\n<!-- \/ Yoast SEO Premium plugin. -->","yoast_head_json":{"title":"Max Lobe's literary orgy","robots":{"index":"index","follow":"follow","max-snippet":"max-snippet:-1","max-image-preview":"max-image-preview:large","max-video-preview":"max-video-preview:-1"},"canonical":"https:\/\/leregardlibre.com\/en\/literature\/lorgie-litteraire-de-max-lobe\/","og_locale":"en_US","og_type":"article","og_title":"L\u2019orgie litt\u00e9raire de Max Lobe","og_description":"Il publie \"La Promesse de Sa Phall'Excellence\"","og_url":"https:\/\/leregardlibre.com\/en\/literature\/lorgie-litteraire-de-max-lobe\/","og_site_name":"Le Regard Libre","article_publisher":"https:\/\/www.facebook.com\/leregardlibre\/","article_author":"https:\/\/www.facebook.com\/jonas.follonier\/","article_published_time":"2021-01-12T08:45:06+00:00","article_modified_time":"2022-09-25T14:09:28+00:00","og_image":[{"width":2560,"height":1707,"url":"https:\/\/leregardlibre.com\/wp-content\/uploads\/2021\/01\/NAK-0745-scaled.jpg","type":"image\/jpeg"}],"author":"Jonas Follonier","twitter_card":"summary_large_image","twitter_creator":"@LeRegardLibre","twitter_site":"@LeRegardLibre","twitter_misc":{"Written by":"Jonas Follonier","Est. reading time":"7 minutes"},"schema":{"@context":"https:\/\/schema.org","@graph":[{"@type":"Article","@id":"https:\/\/leregardlibre.com\/litterature\/lorgie-litteraire-de-max-lobe\/#article","isPartOf":{"@id":"https:\/\/leregardlibre.com\/litterature\/lorgie-litteraire-de-max-lobe\/"},"author":{"name":"Jonas Follonier","@id":"https:\/\/leregardlibre.com\/#\/schema\/person\/bfe5aa794a23be71485d60e2d93ec0d2"},"headline":"L\u2019orgie litt\u00e9raire de Max Lobe","datePublished":"2021-01-12T08:45:06+00:00","dateModified":"2022-09-25T14:09:28+00:00","mainEntityOfPage":{"@id":"https:\/\/leregardlibre.com\/litterature\/lorgie-litteraire-de-max-lobe\/"},"wordCount":1192,"commentCount":0,"publisher":{"@id":"https:\/\/leregardlibre.com\/#organization"},"image":{"@id":"https:\/\/leregardlibre.com\/litterature\/lorgie-litteraire-de-max-lobe\/#primaryimage"},"thumbnailUrl":"https:\/\/leregardlibre.com\/wp-content\/uploads\/2021\/01\/NAK-0745-scaled.jpg","keywords":["Afrique","Critique litt\u00e9raire","Ecriture inclusive","Fran\u00e7ois Rabelais","Gen\u00e8ve","Genre","kamel daoud","langage","max lobe","orgie","Sexe biologique"],"articleSection":["Litt\u00e9rature"],"inLanguage":"en-US","potentialAction":[{"@type":"CommentAction","name":"Comment","target":["https:\/\/leregardlibre.com\/litterature\/lorgie-litteraire-de-max-lobe\/#respond"]}]},{"@type":"WebPage","@id":"https:\/\/leregardlibre.com\/litterature\/lorgie-litteraire-de-max-lobe\/","url":"https:\/\/leregardlibre.com\/litterature\/lorgie-litteraire-de-max-lobe\/","name":"Max Lobe's literary orgy","isPartOf":{"@id":"https:\/\/leregardlibre.com\/#website"},"primaryImageOfPage":{"@id":"https:\/\/leregardlibre.com\/litterature\/lorgie-litteraire-de-max-lobe\/#primaryimage"},"image":{"@id":"https:\/\/leregardlibre.com\/litterature\/lorgie-litteraire-de-max-lobe\/#primaryimage"},"thumbnailUrl":"https:\/\/leregardlibre.com\/wp-content\/uploads\/2021\/01\/NAK-0745-scaled.jpg","datePublished":"2021-01-12T08:45:06+00:00","dateModified":"2022-09-25T14:09:28+00:00","breadcrumb":{"@id":"https:\/\/leregardlibre.com\/litterature\/lorgie-litteraire-de-max-lobe\/#breadcrumb"},"inLanguage":"en-US","potentialAction":[{"@type":"ReadAction","target":["https:\/\/leregardlibre.com\/litterature\/lorgie-litteraire-de-max-lobe\/"]}]},{"@type":"ImageObject","inLanguage":"en-US","@id":"https:\/\/leregardlibre.com\/litterature\/lorgie-litteraire-de-max-lobe\/#primaryimage","url":"https:\/\/leregardlibre.com\/wp-content\/uploads\/2021\/01\/NAK-0745-scaled.jpg","contentUrl":"https:\/\/leregardlibre.com\/wp-content\/uploads\/2021\/01\/NAK-0745-scaled.jpg","width":2560,"height":1707,"caption":"Gen\u00e8ve, Suisse, 6 janvier 2021. L'\u00e9crivain suisso-camerounais Max Lob\u00e9. \u00a9 Niels Ackermann \/ Lundi13"},{"@type":"BreadcrumbList","@id":"https:\/\/leregardlibre.com\/litterature\/lorgie-litteraire-de-max-lobe\/#breadcrumb","itemListElement":[{"@type":"ListItem","position":1,"name":"Accueil","item":"https:\/\/leregardlibre.com\/"},{"@type":"ListItem","position":2,"name":"L\u2019orgie litt\u00e9raire de Max Lobe"}]},{"@type":"WebSite","@id":"https:\/\/leregardlibre.com\/#website","url":"https:\/\/leregardlibre.com\/","name":"Le Regard Libre","description":"Switzerland's first monthly debate magazine","publisher":{"@id":"https:\/\/leregardlibre.com\/#organization"},"potentialAction":[{"@type":"SearchAction","target":{"@type":"EntryPoint","urlTemplate":"https:\/\/leregardlibre.com\/?s={search_term_string}"},"query-input":{"@type":"PropertyValueSpecification","valueRequired":true,"valueName":"search_term_string"}}],"inLanguage":"en-US"},{"@type":"Organization","@id":"https:\/\/leregardlibre.com\/#organization","name":"Le Regard Libre","url":"https:\/\/leregardlibre.com\/","logo":{"@type":"ImageObject","inLanguage":"en-US","@id":"https:\/\/leregardlibre.com\/#\/schema\/logo\/image\/","url":"https:\/\/leregardlibre.com\/wp-content\/uploads\/2025\/08\/logo-rl-icone-neg.jpeg","contentUrl":"https:\/\/leregardlibre.com\/wp-content\/uploads\/2025\/08\/logo-rl-icone-neg.jpeg","width":557,"height":556,"caption":"Le Regard Libre"},"image":{"@id":"https:\/\/leregardlibre.com\/#\/schema\/logo\/image\/"},"sameAs":["https:\/\/www.facebook.com\/leregardlibre\/","https:\/\/x.com\/LeRegardLibre","https:\/\/www.linkedin.com\/company\/le-regard-libre","https:\/\/www.instagram.com\/leregardlibre\/","http:\/\/t.me\/leregardlibre","https:\/\/youtube.com\/channel\/UC6HzGPomj1LsUmlz-sJtITQ"],"description":"Le Regard Libre is a Swiss monthly magazine for intellectual and cultural debate. Its editorial team is young, voluntary, liberal and pluralist. The magazine appears online and in print. Its language is French.","email":"redaction@leregardlibre.com","legalName":"Le Regard Libre","foundingDate":"2014-01-01","numberOfEmployees":{"@type":"QuantitativeValue","minValue":"11","maxValue":"50"},"publishingPrinciples":"https:\/\/leregardlibre.com\/a-propos\/notre-manifeste\/","ownershipFundingInfo":"https:\/\/leregardlibre.com\/mentions-legales\/","actionableFeedbackPolicy":"https:\/\/leregardlibre.com\/conditions-generales-de-vente\/"},{"@type":"Person","@id":"https:\/\/leregardlibre.com\/#\/schema\/person\/bfe5aa794a23be71485d60e2d93ec0d2","name":"Jonas Follonier","image":{"@type":"ImageObject","inLanguage":"en-US","@id":"https:\/\/secure.gravatar.com\/avatar\/602060b40f6a458420c2d140f49b6caea99152ce6704f2c332e5a0c5aad80303?s=96&d=identicon&r=g","url":"https:\/\/secure.gravatar.com\/avatar\/602060b40f6a458420c2d140f49b6caea99152ce6704f2c332e5a0c5aad80303?s=96&d=identicon&r=g","contentUrl":"https:\/\/secure.gravatar.com\/avatar\/602060b40f6a458420c2d140f49b6caea99152ce6704f2c332e5a0c5aad80303?s=96&d=identicon&r=g","caption":"Jonas Follonier"},"description":"Federal Palace correspondent for \u00abL'Agefi\u00bb, singer-songwriter Jonas Follonier is the founder and editor-in-chief of \u00abRegard Libre\u00bb.","sameAs":["https:\/\/www.facebook.com\/jonas.follonier\/","https:\/\/www.instagram.com\/jonasfollonier\/","https:\/\/www.linkedin.com\/in\/jonasfollonier\/","https:\/\/fr.wikipedia.org\/wiki\/Le_Regard_libre"],"url":"https:\/\/leregardlibre.com\/en\/author\/jonas-follonier\/"}]}},"_links":{"self":[{"href":"https:\/\/leregardlibre.com\/en\/wp-json\/wp\/v2\/posts\/37869","targetHints":{"allow":["GET"]}}],"collection":[{"href":"https:\/\/leregardlibre.com\/en\/wp-json\/wp\/v2\/posts"}],"about":[{"href":"https:\/\/leregardlibre.com\/en\/wp-json\/wp\/v2\/types\/post"}],"author":[{"embeddable":true,"href":"https:\/\/leregardlibre.com\/en\/wp-json\/wp\/v2\/users\/138"}],"replies":[{"embeddable":true,"href":"https:\/\/leregardlibre.com\/en\/wp-json\/wp\/v2\/comments?post=37869"}],"version-history":[{"count":1,"href":"https:\/\/leregardlibre.com\/en\/wp-json\/wp\/v2\/posts\/37869\/revisions"}],"predecessor-version":[{"id":511031,"href":"https:\/\/leregardlibre.com\/en\/wp-json\/wp\/v2\/posts\/37869\/revisions\/511031"}],"wp:featuredmedia":[{"embeddable":true,"href":"https:\/\/leregardlibre.com\/en\/wp-json\/wp\/v2\/media\/37873"}],"wp:attachment":[{"href":"https:\/\/leregardlibre.com\/en\/wp-json\/wp\/v2\/media?parent=37869"}],"wp:term":[{"taxonomy":"category","embeddable":true,"href":"https:\/\/leregardlibre.com\/en\/wp-json\/wp\/v2\/categories?post=37869"},{"taxonomy":"post_tag","embeddable":true,"href":"https:\/\/leregardlibre.com\/en\/wp-json\/wp\/v2\/tags?post=37869"}],"curies":[{"name":"wp","href":"https:\/\/api.w.org\/{rel}","templated":true}]}}