{"id":38144,"date":"2021-01-26T13:05:35","date_gmt":"2021-01-26T12:05:35","guid":{"rendered":"https:\/\/leregardlibre.com\/?p=38144"},"modified":"2024-07-17T21:49:40","modified_gmt":"2024-07-17T19:49:40","slug":"martin-eden-contre-les-chimeres-de-lindividualisme","status":"publish","type":"post","link":"https:\/\/leregardlibre.com\/en\/literature\/martin-eden-contre-les-chimeres-de-lindividualisme\/","title":{"rendered":"\u00abMartin Eden\u00bb, against the chimeras of individualism"},"content":{"rendered":"<p class=\"has-drop-cap has-text-align-left\"><strong>L\u2019histoire se d\u00e9roule il y a plus de cent ans aux Etats-Unis. La lutte des classes fait rage et Jack London nous crache au visage la laideur du monde au travers d\u2019une brillante histoire d\u2019amour. <em>Martin Eden<\/em> m\u00e9rite d&#8217;\u00eatre d\u00e9couvert dans sa r\u00e9cente version audio.<\/strong><\/p>\n\n\n\n<!--more-->\n\n\n\n<p class=\"has-text-align-left\">Bats-toi ou cr\u00e8ve. C\u2019est en suivant cette philosophie que Martin Eden, un ouvrier, gal\u00e9rien, marin et blanchisseur, d\u00e9cide de s\u2019instruire. Par amour aussi. Il veut s\u2019\u00e9lever socialement pour plaire \u00e0 une dame: Ruth Morse, une petite bourgeoise qui se r\u00e9v\u00e8le petit \u00e0 petit aussi inint\u00e9ressante que l\u2019ensemble des tristes personnages de son rang.<\/p>\n\n\n\n<p class=\"has-text-align-left\">Tout commence par une rencontre. Un truc vaguement romantique: un marin bourru, maladroit, animal, aux mains calleuses&nbsp;qui tombe amoureux d\u2019une belle petite pucelle \u00abde la haute\u00bb. Elle est niaise, rougissante et a la peau douce. On a donc d\u2019un c\u00f4t\u00e9, Martin Eden, un homme de la classe ouvri\u00e8re et de l\u2019autre, Ruth Morse, une femme de la petite bourgeoisie. Il use de l\u2019argot, elle parle po\u00e9sie. Il habite dans une petite piaule lou\u00e9e chez sa s\u0153ur. Elle loge dans la maison de ses parents enrichis par une rente. Le r\u00e9cit se d\u00e9roule au tournant du XIX<sup>th<\/sup> et du XX<sup>th<\/sup> si\u00e8cle: c\u2019est donc une bonne vieille histoire d\u2019amour impossible et Jack London en joue, pour nous amener \u00e0 ses fins.<\/p>\n\n\n\n<blockquote class=\"wp-block-quote is-layout-flow wp-block-quote-is-layout-flow\">\n<p>Voil\u00e0 ce que [Martin Eden] \u00e9tait: un chien endormi au soleil. Des visions nobles et magnifiques lui apparaissaient, et il ne savait que g\u00e9mir et aboyer vers Ruth. Mais il ne dormirait plus au soleil. Debout, les yeux grands ouverts, il lutterait, travaillerait, souffrirait, en attendant le jour o\u00f9, la langue d\u00e9li\u00e9e et les yeux dessill\u00e9s, il saurait lui faire partager ses richesses c\u00e9r\u00e9brales.<\/p>\n<\/blockquote>\n\n\n\n<p class=\"has-text-align-left\">Pour Martin, tout est paillette et ravissement chez Ruth: sa culture, ses mani\u00e8res, ses raisonnements. Comme il voit bien qu\u2019il n\u2019a rien d\u2019un prince charmant, pour la s\u00e9duire, il d\u00e9cide donc de s\u2019instruire. Il apprend en autodidacte, se rend \u00e0 la biblioth\u00e8que publique, passe ses journ\u00e9es \u00e0 \u00e9tudier, dilapidant son maigre pactole gagn\u00e9 gr\u00e2ce \u00e0 quelques mois en mer. Elle, Ruth, l\u2019aide. Les \u00e9changes lors desquelles elle corrige son langage de charretier sont un d\u00e9lice pour l\u2019oreille: du moins, lorsque l\u2019on aborde le texte, comme je l\u2019ai fait, au travers d\u2019un audio livre.<br><br><strong>Read also | <a href=\"https:\/\/leregardlibre.com\/en\/editorials\/more-than-just-an-essential-commodity\/\">Books, more than an essential commodity<\/a><\/strong><\/p>\n\n\n\n<p class=\"has-text-align-left\">Petit \u00e0 petit, chez Ruth, une autre sensation se d\u00e9voile. Elle se rend bien compte que le mauvais gar\u00e7on la titille; \u00e7a ressemble \u00e0 de l\u2019amour, \u00e0 du d\u00e9sir. Des pens\u00e9es qui la d\u00e9go\u00fbtent un peu. On est bien loin de la lib\u00e9ration sexuelle. Mais cette relation est surtout un peu g\u00eanante, car elle est tr\u00e8s asym\u00e9trique. \u00abIl [Martin Eden] m\u2019amuse, je crois, comme un bull-dog\u00bb: c\u2019est ce qu\u2019elle dit un jour \u00e0 sa m\u00e8re. Voil\u00e0, la jeune d\u00e9licate voit le bourru comme un petit chiot \u00e0 \u00e9duquer. Martin est une \u0153uvre caritative.<\/p>\n\n\n\n<h3 class=\"wp-block-heading\" id=\"h-la-banalite-moutonniere-de-bourgeois\"><strong>La banalit\u00e9 moutonni\u00e8re de bourgeois<\/strong><\/h3>\n\n\n\n<p class=\"has-text-align-left\">Et pourtant, apr\u00e8s quelques mois d\u2019\u00e9tude de la grammaire et de lecture intensive du dictionnaire, Martin Eden \u2013 qui est, \u00e0 plusieurs niveaux, <em>l\u2019alter ego <\/em>de Jack London \u2013 se met \u00e0 \u00e9crire: de la po\u00e9sie, de petits r\u00e9cits, quelques essais philosophico-po\u00e9tiques. Au d\u00e9part, cette d\u00e9marche n\u2019a pas r\u00e9ellement de vis\u00e9es litt\u00e9raires. En r\u00e9alit\u00e9, Martin veut surtout gagner de l\u2019argent. Car l\u2019ouvrier mat\u00e9rialiste et sans le sou se rend bien compte qu\u2019\u00e9crire pour des revues rapporte bien plus que de trimer sur un bateau pendant des mois. Sauf qu\u2019il peine \u00e0 \u00eatre publi\u00e9. Na\u00eet alors en lui une rage aveugle. On peut parler d\u2019acharnement: \u00abTu rosseras bien les \u00e9diteurs, m\u00eame si \u00e7a te prend onze ans. Tu ne peux pas t\u2019arr\u00eater l\u00e0. Il faut continuer. C\u2019est une lutte sans merci.\u00bb<\/p>\n\n\n\n<p class=\"has-text-align-left\">Si les retomb\u00e9es financi\u00e8res sont plut\u00f4t absentes, intellectuellement, il ne tarde pas \u00e0 d\u00e9passer sa ma\u00eetresse. C\u2019est l\u00e0 que le r\u00e9cit se complexifie: Martin Eden commence \u00e0 \u00e9prouver un d\u00e9go\u00fbt total pour cette classe sociale&nbsp;\u00e0 laquelle appartient Ruth: \u00abJe suis frapp\u00e9 de voir que ceux qui ne sont pas compl\u00e8tement nuls sont assommants\u00bb. Les personnages qui d\u00e9filent dans le salon de la famille Morse sont tour \u00e0 tour des perroquets sans id\u00e9es propres. Des r\u00e9publicains dogmatiques. Des musiciens d\u00e9nu\u00e9s de toute sensibilit\u00e9. Ou encore, tout simplement, de petits fonctionnaires rasoir. La valse des adjectifs r\u00e9sonne dans mes \u00e9couteurs d\u2019auditrice, aussi bruyamment que les illusions d\u2019Eden se brisent.<\/p>\n\n\n\n<blockquote class=\"wp-block-quote is-layout-flow wp-block-quote-is-layout-flow\">\n<p>\u00abLe milieu, les sommets auxquels [Martin Eden] avait aspir\u00e9, les gens dont il avait r\u00eav\u00e9 devenir l\u2019\u00e9gal le d\u00e9sappointaient. [\u2026] Il \u00e9tait loin de se douter que les \u00eatres remarquables sont semblables aux grands aigles solitaires qui planent tr\u00e8s haut dans l\u2019azur, au-dessus de la terre et de sa banalit\u00e9 moutonni\u00e8re.&nbsp;\u00bb<\/p>\n<\/blockquote>\n\n\n\n<p class=\"has-text-align-left\">A ce stade, nous sommes alors plus ou moins \u00e0 la moiti\u00e9 du livre. La petite bourgeoisie prend cher sous la plume de Jack London. Et malgr\u00e9 l\u2019amour qui persiste, m\u00eame Ruth se fait largement descendre. Martin est toujours aussi pauvre, voire davantage encore, mais il a allum\u00e9 plusieurs lumi\u00e8res de son intellect: la philosophie et la politique.<\/p>\n\n\n\n<h3 class=\"wp-block-heading\" id=\"h-l-art-comme-une-finalite\"><strong>L\u2019art comme une finalit\u00e9<\/strong><\/h3>\n\n\n\n<p class=\"has-text-align-left\">Vu la profondeur de l\u2019ouvrage, il serait bien dommage de r\u00e9duire ces 400 pages \u00e0 une histoire d\u2019amour. Si la relation qu\u2019entretient Martin avec Ruth le tire ind\u00e9niablement vers le haut, c\u2019est la rencontre avec un autre personnage qui le r\u00e9v\u00e8le totalement: le po\u00e8te Russ Brissenden. A de nombreux \u00e9gards, il semble \u00eatre la voix de la v\u00e9rit\u00e9; ou du moins, la v\u00e9rit\u00e9 que Jack London souhaite nous chuchoter. Brissenden aussi \u00e9prouve de la r\u00e9pulsion pour sa propre caste d\u2019hypocrites, \u00abdes estomacs guid\u00e9s par des pr\u00e9jug\u00e9s intellectuels et artistiques\u00bb.<\/p>\n\n\n\n<form method=\"post\" action=\"https:\/\/newsletter.infomaniak.com\/external\/submit\" class=\"inf-form\" target=\"_blank\"><input type=\"email\" name=\"email\" style=\"display:none\"><input type=\"hidden\" name=\"key\" value=\"eyJpdiI6IlZXRVJGMlRGQUU2alNqUE81bitIUk5adnNVa0c4MllFTStzOHdHT1FQZ3c9IiwidmFsdWUiOiJIYzhwMUVCK1pTNnlhY3MyMmhuZlhReWJqemEwNk93blMxTjFHc0s2VHZrPSIsIm1hYyI6ImVhYTQ5N2I1M2NiYWE4NzBmNjk2NzgzYjliM2Y5NmYzM2E2ZmU3NGQxNTU1ZDFkMTU1MzY5NTdjYjE3ZTJmNTUifQ==\"><input type=\"hidden\" name=\"webform_id\" value=\"7291\"><style> .inf-main_3000311ca56a1cb93397bc676c0b7fff{ background-color:#f5f5f5; padding:25px 20px; margin:25px auto; } .inf-main_3000311ca56a1cb93397bc676c0b7fff .inf-content { margin-top:13px;} .inf-main_3000311ca56a1cb93397bc676c0b7fff h4, .inf-main_3000311ca56a1cb93397bc676c0b7fff span, .inf-main_3000311ca56a1cb93397bc676c0b7fff label, .inf-main_3000311ca56a1cb93397bc676c0b7fff input, .inf-main_3000311ca56a1cb93397bc676c0b7fff .inf-submit, .inf-main_3000311ca56a1cb93397bc676c0b7fff .inf-success p a { color:#555555; font-size:14px; } .inf-main_3000311ca56a1cb93397bc676c0b7fff h4{ font-size:18px; margin:0px 0px 13px 0px; } .inf-main_3000311ca56a1cb93397bc676c0b7fff h4, .inf-main_3000311ca56a1cb93397bc676c0b7fff label{ font-weight:bold; } .inf-main_3000311ca56a1cb93397bc676c0b7fff .inf-input { margin-bottom:7px; } .inf-main_3000311ca56a1cb93397bc676c0b7fff label { display:block;} .inf-main_3000311ca56a1cb93397bc676c0b7fff input{ height:35px; color:#999999; border: 1px solid #E9E9E9; border:none; padding-left:7px; } .inf-main_3000311ca56a1cb93397bc676c0b7fff .inf-input.inf-error label, .inf-main_3000311ca56a1cb93397bc676c0b7fff .inf-input.inf-error span.inf-message{ color: #cc0033; } .inf-main_3000311ca56a1cb93397bc676c0b7fff .inf-input.inf-error input{ border: 1px solid #cc0033; } .inf-main_3000311ca56a1cb93397bc676c0b7fff .inf-input input { width:100%;} .inf-main_3000311ca56a1cb93397bc676c0b7fff .inf-input.inf-error span.inf-message { display: block; } .inf-main_3000311ca56a1cb93397bc676c0b7fff .inf-submit { text-align:right;} .inf-main_3000311ca56a1cb93397bc676c0b7fff .inf-submit input{ background-color:#777777; color:#ffffff; border:none; font-weight: normal; height:auto; padding:7px; } .inf-main_3000311ca56a1cb93397bc676c0b7fff .inf-submit input.disabled{ opacity: 0.4; } .inf-btn { color: rgb(85, 85, 85); border: medium none; font-weight: normal; height: auto; padding: 7px; display: inline-block; background-color: white; box-shadow: 0px 1px 1px rgba(0, 0, 0, 0.24); border-radius: 2px; line-height: 1em; } .inf-rgpd { margin:25px 0px 15px 0px; color:#555555; } <\/style> <div class=\"inf-main_3000311ca56a1cb93397bc676c0b7fff\"> <h4>NEWSLETTER DU REGARD LIBRE<\/h4> <span>Receive our articles every Sunday.<\/span> <div class=\"inf-success\" style=\"display:none\"> <h4>Your subscription to our weekly newsletter has been successfully registered!<\/h4> <p> <a href=\"#\" class=\"inf-btn\">\u00ab<\/a> <\/p> <\/div> <div class=\"inf-content\"> <div class=\"inf-input inf-input-text\"> <input type=\"text\" name=\"inf[1]\" data-inf-meta=\"1\" data-inf-error=\"Merci de renseigner une adresse email\" required=\"required\" placeholder=\"Email\"> <\/div> <div class=\"inf-submit\"> <input type=\"submit\" name=\"\" value=\"Sign up\"> <\/div> <\/div> <\/div> <\/form>\n\n\n\n<p class=\"has-text-align-left\">D\u2019ailleurs, cette classe sociale se nourrit des histoires niaises et superficielles racont\u00e9es sur les pages des magazines dans lesquels Martin essaie pourtant \u00e9perdument d\u2019\u00eatre publi\u00e9. \u00abAimez la beaut\u00e9 pour elle-m\u00eame et laissez les revues tranquilles. [\u2026] Pourquoi rester dans ces cit\u00e9s malsaines et pourries? Vous vous tuez \u00e0 essayer de prostituer la beaut\u00e9, et c\u2019est tout. [\u2026] il ne faut \u00eatre esclave que de la beaut\u00e9\u00bb, conseille un jour le po\u00e8te \u00e0 notre h\u00e9ros. Et cela lui parle. Car si l\u2019\u00e9criture a bien une raison financi\u00e8re, du moins au d\u00e9but, elle devient rapidement aussi un besoin visc\u00e9ral: Martin ne peut plus s\u2019emp\u00eacher d\u2019\u00e9crire certaines histoires: \u00abla joie de cr\u00e9er\u00bb.<\/p>\n\n\n\n<p class=\"has-text-align-left\">L\u2019art est devenu une finalit\u00e9. Elle s\u2019oppose \u00e0 la culture bourgeoise unanime et codifi\u00e9e. \u00abJe ne subordonnerai pas mon go\u00fbt au jugement unanime du public\u00bb, balance-t-il \u00e0 la figure de sa bien-aim\u00e9e lorsqu\u2019elle lui assure qu\u2019il n\u2019est pas capable de comprendre un op\u00e9ra: il manque d\u2019\u00e9ducation en la mati\u00e8re, pr\u00e9tend-elle. Il refuse cette culture qui sert uniquement de liant entre les participants d\u2019une soir\u00e9e mondaine en oubliant le r\u00f4le esth\u00e9tique intrins\u00e8que qu\u2019elle pourrait contenir.<\/p>\n\n\n\n<h3 class=\"wp-block-heading\" id=\"h-se-placer-du-bon-cote-de-la-lutte-sociale\"><strong>Se placer du bon c\u00f4t\u00e9 de la lutte sociale<\/strong><\/h3>\n\n\n\n<p class=\"has-text-align-left\">Pour finir, la politique occupe une place extr\u00eamement importante dans la deuxi\u00e8me moiti\u00e9 du livre. Si Ruth est une conservatrice \u00e0 la morale bien \u00e9tablie, Martin est un radical casseur de codes. De prime abord, on pourrait le consid\u00e9rer comme un bon gauchiste, anarchiste ou socialiste, tout comme Jack London l\u2019\u00e9tait. Et pourtant, ce n\u2019est pas si simple: Martin Eden n\u2019est pas Jack London. Martin Eden serait m\u00eame, par rapport \u00e0 son auteur, un double un peu diabolique qui se place du mauvais c\u00f4t\u00e9 du match social.<\/p>\n\n\n\n<p class=\"has-text-align-left\">Pour notre personnage de fiction, la soci\u00e9t\u00e9 dans son entier est esclave. Esclave de la faiblesse. Les seuls qui ne le sont pas sont \u00ables millionnaires et leurs valets conscients. Ceux-l\u00e0 au moins savent de quel c\u00f4t\u00e9 leur tartine est beurr\u00e9e et pourquoi\u00bb. Le p\u00e8re Morse \u2013 tout comme bon nombre de ses semblables \u2013\u00a0est un\u00a0\u00abvalet inconscient\u00bb. Un homme qui pense d\u00e9tenir le pouvoir et pr\u00f4ne l\u2019\u00e9galit\u00e9 tout en \u00e9tant subordonn\u00e9 \u00e0 ses ma\u00eetres, les capitalistes. En somme, des personnes qui pr\u00f4nent une certaine r\u00e9gulation pour \u00e9touffer leurs propres lacunes.<\/p>\n\n\n\n<p class=\"has-text-align-left\">\u00abPar un ph\u00e9nom\u00e8ne d\u2019autosuggestion, vous vous persuadez que vous croyez au syst\u00e8me des comp\u00e9titions et \u00e0 la supr\u00e9matie du plus fort et en m\u00eame temps, vous [encouragez], tant et plus, toutes les mesures capables de diminuer la puissance du plus fort [sur les plus faibles]\u00bb. La langue de Martin Eden devient de plus en plus acide, pr\u00e9cise et d\u00e9nonciatrice: comme l\u2019impression pour moi d\u2019assister, vibrante, \u00e0 un discours, assise au premier rang d\u2019une assembl\u00e9e politique.<\/p>\n\n\n\n<p class=\"has-text-align-left\">De son c\u00f4t\u00e9, Martin nie totalement le principe d\u2019\u00e9galit\u00e9, c\u2019est en cela qu\u2019il se d\u00e9finit antisocialiste: \u00abje crois que la course est gagn\u00e9e par le plus rapide, que la vie est au plus fort\u00bb. Martin Eden est un individualiste. Il croit en la th\u00e9orie de l\u2019\u00e9volution, que l\u2019on pourrait vulgairement r\u00e9sumer en \u00absoit tu es fort, soit tu te transformes pour survivre, soit tu cr\u00e8ves\u00bb. Martin est l\u2019exemple m\u00eame du <em>self-made man<\/em>, l\u2019incarnation du \u00absi on veut, on peut\u00bb, d\u2019o\u00f9 que l\u2019on vienne. Il ne jure d\u2019ailleurs que par les th\u00e9ories d\u2019Herbert Spencer (proches du darwinisme). <\/p>\n\n\n\n<p class=\"has-text-align-left\">Si Martin Eden et Jack London se ressemblent, partagent une histoire, vivent une fin commune, c\u2019est dans ce rapport \u00e0 l\u2019individu que r\u00e9side la plus grande des diff\u00e9rences. Ce r\u00e9cit de 1909 sonne comme un cri de d\u00e9sespoir: m\u00eame le plus robuste des marins, capable de gravir les \u00e9chelons, de tenir des discours enflamm\u00e9s et m\u00eame d\u2019avoir du succ\u00e8s aux yeux de la soci\u00e9t\u00e9, est en fait esclave de sa faiblesse. Sans la conscience de cette d\u00e9faillance humaine \u2013 et sans trouver une organisation (socialiste, selon Jack London) et collective qui permet de la combler \u2013 tout humain risque de se perdre. C\u2019est bien ce que m\u2019a racont\u00e9 <em>Martin Eden, <\/em>puisque c\u2019est cet individualisme born\u00e9 qui le fera sombrer. Tr\u00e8s profond dans les ab\u00eemes.<\/p>\n\n\n\n<p><em>Write to the author:\u00a0<a href=\"mailto:diana-alice.ramsauer@leregardlibre.com\">diana-alice.ramsauer@leregardlibre.com<\/a><\/em><\/p>\n\n\n\n<div class=\"wp-block-media-text alignwide is-stacked-on-mobile\" style=\"grid-template-columns:24% auto\"><figure class=\"wp-block-media-text__media\"><img fetchpriority=\"high\" decoding=\"async\" width=\"400\" height=\"548\" src=\"http:\/\/leregardlibre.com\/wp-content\/uploads\/2021\/01\/Martin-Eden.jpg\" alt=\"\" class=\"wp-image-38150 size-full\" srcset=\"https:\/\/leregardlibre.com\/wp-content\/uploads\/2021\/01\/Martin-Eden.jpg 400w, https:\/\/leregardlibre.com\/wp-content\/uploads\/2021\/01\/Martin-Eden-219x300.jpg 219w, https:\/\/leregardlibre.com\/wp-content\/uploads\/2021\/01\/Martin-Eden-109x150.jpg 109w, https:\/\/leregardlibre.com\/wp-content\/uploads\/2021\/01\/Martin-Eden-300x411.jpg 300w\" sizes=\"(max-width: 400px) 100vw, 400px\" \/><\/figure><div class=\"wp-block-media-text__content\">\n<p class=\"has-normal-font-size\"><strong>Jack London<br><em>Martin Eden<\/em><br>Texte lu par Denis Podalyd\u00e8s<br>Traduction de Francis Kerline <br>Audiolib Editions<br>2019<\/strong><\/p>\n\n\n\n<div class=\"wp-block-buttons is-layout-flex wp-block-buttons-is-layout-flex\">\n<div class=\"wp-block-button\"><a class=\"wp-block-button__link wp-element-button\" href=\"https:\/\/www.payot.ch\/Detail\/9782367626888\">Commander l&#8217;audio livre<\/a><\/div>\n<\/div>\n<\/div><\/div>","protected":false},"excerpt":{"rendered":"<p>The story takes place over a hundred years ago in the United States. The class struggle rages on, and Jack London spits in our faces the ugliness of the world through a brilliant love story. Martin Eden deserves to be discovered in its recent audio version.<\/p>","protected":false},"author":91,"featured_media":524201,"comment_status":"open","ping_status":"closed","sticky":false,"template":"","format":"standard","meta":{"_acf_changed":false,"footnotes":""},"categories":[20663],"tags":[937151,54879,672179,644339876,5915737,14831],"class_list":["post-38144","post","type-post","status-publish","format-standard","has-post-thumbnail","hentry","category-litterature","tag-bourgeoisie","tag-critiques-litteraires","tag-individualisme","tag-jack-london","tag-litterature-americaine","tag-poesie"],"acf":[],"yoast_head":"<!-- This site is optimized with the Yoast SEO Premium plugin v27.4 (Yoast SEO v27.4) - https:\/\/yoast.com\/product\/yoast-seo-premium-wordpress\/ -->\n<title>\u00abMartin Eden\u00bb, contre les chim\u00e8res de l\u2019individualisme<\/title>\n<meta name=\"description\" content=\"\u00abMartin Eden\u00bb, racontant la laideur du monde sur fond d&#039;une brillante histoire d&#039;amour, m\u00e9rite d&#039;\u00eatre d\u00e9couvert dans sa r\u00e9cente version audio\" \/>\n<meta name=\"robots\" content=\"index, follow, max-snippet:-1, max-image-preview:large, max-video-preview:-1\" \/>\n<link rel=\"canonical\" href=\"https:\/\/leregardlibre.com\/en\/literature\/martin-eden-contre-les-chimeres-de-lindividualisme\/\" \/>\n<meta property=\"og:locale\" content=\"en_US\" \/>\n<meta property=\"og:type\" content=\"article\" \/>\n<meta property=\"og:title\" content=\"\u00abMartin Eden\u00bb, contre les chim\u00e8res de l\u2019individualisme\" \/>\n<meta property=\"og:description\" content=\"\u00abMartin Eden\u00bb, racontant la laideur du monde sur fond d&#039;une brillante histoire d&#039;amour, m\u00e9rite d&#039;\u00eatre d\u00e9couvert dans sa r\u00e9cente version audio\" \/>\n<meta property=\"og:url\" content=\"https:\/\/leregardlibre.com\/en\/literature\/martin-eden-contre-les-chimeres-de-lindividualisme\/\" \/>\n<meta property=\"og:site_name\" content=\"Le Regard Libre\" \/>\n<meta property=\"article:publisher\" content=\"https:\/\/www.facebook.com\/leregardlibre\/\" \/>\n<meta property=\"article:published_time\" content=\"2021-01-26T12:05:35+00:00\" \/>\n<meta property=\"article:modified_time\" content=\"2024-07-17T19:49:40+00:00\" \/>\n<meta property=\"og:image\" content=\"https:\/\/leregardlibre.com\/wp-content\/uploads\/2021\/01\/portrait-photographique-de-jack-london-par-arnold-genthe-via-wikimedia-sous-cc0-1-0-e1721245529477.jpg\" \/>\n\t<meta property=\"og:image:width\" content=\"1920\" \/>\n\t<meta property=\"og:image:height\" content=\"1548\" \/>\n\t<meta property=\"og:image:type\" content=\"image\/jpeg\" \/>\n<meta name=\"author\" content=\"Diana-Alice Ramsauer\" \/>\n<meta name=\"twitter:card\" content=\"summary_large_image\" \/>\n<meta name=\"twitter:creator\" content=\"@LeRegardLibre\" \/>\n<meta name=\"twitter:site\" content=\"@LeRegardLibre\" \/>\n<meta name=\"twitter:label1\" content=\"Written by\" \/>\n\t<meta name=\"twitter:data1\" content=\"Diana-Alice Ramsauer\" \/>\n\t<meta name=\"twitter:label2\" content=\"Est. reading time\" \/>\n\t<meta name=\"twitter:data2\" content=\"9 minutes\" \/>\n<script type=\"application\/ld+json\" class=\"yoast-schema-graph\">{\"@context\":\"https:\\\/\\\/schema.org\",\"@graph\":[{\"@type\":\"Article\",\"@id\":\"https:\\\/\\\/leregardlibre.com\\\/litterature\\\/martin-eden-contre-les-chimeres-de-lindividualisme\\\/#article\",\"isPartOf\":{\"@id\":\"https:\\\/\\\/leregardlibre.com\\\/litterature\\\/martin-eden-contre-les-chimeres-de-lindividualisme\\\/\"},\"author\":{\"name\":\"Diana-Alice Ramsauer\",\"@id\":\"https:\\\/\\\/leregardlibre.com\\\/#\\\/schema\\\/person\\\/62f947f8b160b1f5efe565d6bd5c8f0a\"},\"headline\":\"\u00abMartin Eden\u00bb, contre les chim\u00e8res de l\u2019individualisme\",\"datePublished\":\"2021-01-26T12:05:35+00:00\",\"dateModified\":\"2024-07-17T19:49:40+00:00\",\"mainEntityOfPage\":{\"@id\":\"https:\\\/\\\/leregardlibre.com\\\/litterature\\\/martin-eden-contre-les-chimeres-de-lindividualisme\\\/\"},\"wordCount\":1849,\"commentCount\":0,\"publisher\":{\"@id\":\"https:\\\/\\\/leregardlibre.com\\\/#organization\"},\"image\":{\"@id\":\"https:\\\/\\\/leregardlibre.com\\\/litterature\\\/martin-eden-contre-les-chimeres-de-lindividualisme\\\/#primaryimage\"},\"thumbnailUrl\":\"https:\\\/\\\/leregardlibre.com\\\/wp-content\\\/uploads\\\/2021\\\/01\\\/portrait-photographique-de-jack-london-par-arnold-genthe-via-wikimedia-sous-cc0-1-0-e1721245529477.jpg\",\"keywords\":[\"Bourgeoisie\",\"Critique litt\u00e9raire\",\"Individualisme\",\"Jack London\",\"Litt\u00e9rature am\u00e9ricaine\",\"Po\u00e9sie\"],\"articleSection\":[\"Litt\u00e9rature\"],\"inLanguage\":\"en-US\",\"potentialAction\":[{\"@type\":\"CommentAction\",\"name\":\"Comment\",\"target\":[\"https:\\\/\\\/leregardlibre.com\\\/litterature\\\/martin-eden-contre-les-chimeres-de-lindividualisme\\\/#respond\"]}]},{\"@type\":\"WebPage\",\"@id\":\"https:\\\/\\\/leregardlibre.com\\\/litterature\\\/martin-eden-contre-les-chimeres-de-lindividualisme\\\/\",\"url\":\"https:\\\/\\\/leregardlibre.com\\\/litterature\\\/martin-eden-contre-les-chimeres-de-lindividualisme\\\/\",\"name\":\"\u00abMartin Eden\u00bb, contre les chim\u00e8res de l\u2019individualisme\",\"isPartOf\":{\"@id\":\"https:\\\/\\\/leregardlibre.com\\\/#website\"},\"primaryImageOfPage\":{\"@id\":\"https:\\\/\\\/leregardlibre.com\\\/litterature\\\/martin-eden-contre-les-chimeres-de-lindividualisme\\\/#primaryimage\"},\"image\":{\"@id\":\"https:\\\/\\\/leregardlibre.com\\\/litterature\\\/martin-eden-contre-les-chimeres-de-lindividualisme\\\/#primaryimage\"},\"thumbnailUrl\":\"https:\\\/\\\/leregardlibre.com\\\/wp-content\\\/uploads\\\/2021\\\/01\\\/portrait-photographique-de-jack-london-par-arnold-genthe-via-wikimedia-sous-cc0-1-0-e1721245529477.jpg\",\"datePublished\":\"2021-01-26T12:05:35+00:00\",\"dateModified\":\"2024-07-17T19:49:40+00:00\",\"description\":\"\u00abMartin Eden\u00bb, racontant la laideur du monde sur fond d'une brillante histoire d'amour, m\u00e9rite d'\u00eatre d\u00e9couvert dans sa r\u00e9cente version audio\",\"breadcrumb\":{\"@id\":\"https:\\\/\\\/leregardlibre.com\\\/litterature\\\/martin-eden-contre-les-chimeres-de-lindividualisme\\\/#breadcrumb\"},\"inLanguage\":\"en-US\",\"potentialAction\":[{\"@type\":\"ReadAction\",\"target\":[\"https:\\\/\\\/leregardlibre.com\\\/litterature\\\/martin-eden-contre-les-chimeres-de-lindividualisme\\\/\"]}]},{\"@type\":\"ImageObject\",\"inLanguage\":\"en-US\",\"@id\":\"https:\\\/\\\/leregardlibre.com\\\/litterature\\\/martin-eden-contre-les-chimeres-de-lindividualisme\\\/#primaryimage\",\"url\":\"https:\\\/\\\/leregardlibre.com\\\/wp-content\\\/uploads\\\/2021\\\/01\\\/portrait-photographique-de-jack-london-par-arnold-genthe-via-wikimedia-sous-cc0-1-0-e1721245529477.jpg\",\"contentUrl\":\"https:\\\/\\\/leregardlibre.com\\\/wp-content\\\/uploads\\\/2021\\\/01\\\/portrait-photographique-de-jack-london-par-arnold-genthe-via-wikimedia-sous-cc0-1-0-e1721245529477.jpg\",\"width\":1920,\"height\":1548,\"caption\":\"Portrait photographique de Jack London par Arnold Genthe (via Wikimedia), sous CC0 1.0\"},{\"@type\":\"BreadcrumbList\",\"@id\":\"https:\\\/\\\/leregardlibre.com\\\/litterature\\\/martin-eden-contre-les-chimeres-de-lindividualisme\\\/#breadcrumb\",\"itemListElement\":[{\"@type\":\"ListItem\",\"position\":1,\"name\":\"Accueil\",\"item\":\"https:\\\/\\\/leregardlibre.com\\\/\"},{\"@type\":\"ListItem\",\"position\":2,\"name\":\"\u00abMartin Eden\u00bb, contre les chim\u00e8res de l\u2019individualisme\"}]},{\"@type\":\"WebSite\",\"@id\":\"https:\\\/\\\/leregardlibre.com\\\/#website\",\"url\":\"https:\\\/\\\/leregardlibre.com\\\/\",\"name\":\"Le Regard Libre\",\"description\":\"Premier mensuel suisse de d\u00e9bat\",\"publisher\":{\"@id\":\"https:\\\/\\\/leregardlibre.com\\\/#organization\"},\"potentialAction\":[{\"@type\":\"SearchAction\",\"target\":{\"@type\":\"EntryPoint\",\"urlTemplate\":\"https:\\\/\\\/leregardlibre.com\\\/?s={search_term_string}\"},\"query-input\":{\"@type\":\"PropertyValueSpecification\",\"valueRequired\":true,\"valueName\":\"search_term_string\"}}],\"inLanguage\":\"en-US\"},{\"@type\":\"Organization\",\"@id\":\"https:\\\/\\\/leregardlibre.com\\\/#organization\",\"name\":\"Le Regard Libre\",\"url\":\"https:\\\/\\\/leregardlibre.com\\\/\",\"logo\":{\"@type\":\"ImageObject\",\"inLanguage\":\"en-US\",\"@id\":\"https:\\\/\\\/leregardlibre.com\\\/#\\\/schema\\\/logo\\\/image\\\/\",\"url\":\"https:\\\/\\\/leregardlibre.com\\\/wp-content\\\/uploads\\\/2025\\\/08\\\/logo-rl-icone-neg.jpeg\",\"contentUrl\":\"https:\\\/\\\/leregardlibre.com\\\/wp-content\\\/uploads\\\/2025\\\/08\\\/logo-rl-icone-neg.jpeg\",\"width\":557,\"height\":556,\"caption\":\"Le Regard Libre\"},\"image\":{\"@id\":\"https:\\\/\\\/leregardlibre.com\\\/#\\\/schema\\\/logo\\\/image\\\/\"},\"sameAs\":[\"https:\\\/\\\/www.facebook.com\\\/leregardlibre\\\/\",\"https:\\\/\\\/x.com\\\/LeRegardLibre\",\"https:\\\/\\\/www.linkedin.com\\\/company\\\/le-regard-libre\",\"https:\\\/\\\/www.instagram.com\\\/leregardlibre\\\/\",\"http:\\\/\\\/t.me\\\/leregardlibre\",\"https:\\\/\\\/youtube.com\\\/channel\\\/UC6HzGPomj1LsUmlz-sJtITQ\"],\"description\":\"Le Regard Libre est un mensuel suisse de d\u00e9bat intellectuel et culturel. Sa r\u00e9daction est jeune, b\u00e9n\u00e9vole, lib\u00e9rale et pluraliste. Le magazine para\u00eet en ligne et sous forme papier. Sa langue est le fran\u00e7ais.\",\"email\":\"redaction@leregardlibre.com\",\"legalName\":\"Le Regard Libre\",\"foundingDate\":\"2014-01-01\",\"numberOfEmployees\":{\"@type\":\"QuantitativeValue\",\"minValue\":\"11\",\"maxValue\":\"50\"},\"publishingPrinciples\":\"https:\\\/\\\/leregardlibre.com\\\/a-propos\\\/notre-manifeste\\\/\",\"ownershipFundingInfo\":\"https:\\\/\\\/leregardlibre.com\\\/mentions-legales\\\/\",\"actionableFeedbackPolicy\":\"https:\\\/\\\/leregardlibre.com\\\/conditions-generales-de-vente\\\/\"},{\"@type\":\"Person\",\"@id\":\"https:\\\/\\\/leregardlibre.com\\\/#\\\/schema\\\/person\\\/62f947f8b160b1f5efe565d6bd5c8f0a\",\"name\":\"Diana-Alice Ramsauer\",\"image\":{\"@type\":\"ImageObject\",\"inLanguage\":\"en-US\",\"@id\":\"https:\\\/\\\/secure.gravatar.com\\\/avatar\\\/51862cca29cd5f278db9e227f155b57590a6a82efb3c6a76f90daf5d4959f176?s=96&d=identicon&r=g\",\"url\":\"https:\\\/\\\/secure.gravatar.com\\\/avatar\\\/51862cca29cd5f278db9e227f155b57590a6a82efb3c6a76f90daf5d4959f176?s=96&d=identicon&r=g\",\"contentUrl\":\"https:\\\/\\\/secure.gravatar.com\\\/avatar\\\/51862cca29cd5f278db9e227f155b57590a6a82efb3c6a76f90daf5d4959f176?s=96&d=identicon&r=g\",\"caption\":\"Diana-Alice Ramsauer\"},\"sameAs\":[\"https:\\\/\\\/leregardlibre.com\\\/\",\"https:\\\/\\\/fr.wikipedia.org\\\/wiki\\\/Le_Regard_libre\"],\"url\":\"https:\\\/\\\/leregardlibre.com\\\/en\\\/author\\\/daramsauer\\\/\"}]}<\/script>\n<!-- \/ Yoast SEO Premium plugin. -->","yoast_head_json":{"title":"\u00abMartin Eden\u00bb, against the chimeras of individualism","description":"\u00abMartin Eden\u00bb, racontant la laideur du monde sur fond d'une brillante histoire d'amour, m\u00e9rite d'\u00eatre d\u00e9couvert dans sa r\u00e9cente version audio","robots":{"index":"index","follow":"follow","max-snippet":"max-snippet:-1","max-image-preview":"max-image-preview:large","max-video-preview":"max-video-preview:-1"},"canonical":"https:\/\/leregardlibre.com\/en\/literature\/martin-eden-contre-les-chimeres-de-lindividualisme\/","og_locale":"en_US","og_type":"article","og_title":"\u00abMartin Eden\u00bb, contre les chim\u00e8res de l\u2019individualisme","og_description":"\u00abMartin Eden\u00bb, racontant la laideur du monde sur fond d'une brillante histoire d'amour, m\u00e9rite d'\u00eatre d\u00e9couvert dans sa r\u00e9cente version audio","og_url":"https:\/\/leregardlibre.com\/en\/literature\/martin-eden-contre-les-chimeres-de-lindividualisme\/","og_site_name":"Le Regard Libre","article_publisher":"https:\/\/www.facebook.com\/leregardlibre\/","article_published_time":"2021-01-26T12:05:35+00:00","article_modified_time":"2024-07-17T19:49:40+00:00","og_image":[{"width":1920,"height":1548,"url":"https:\/\/leregardlibre.com\/wp-content\/uploads\/2021\/01\/portrait-photographique-de-jack-london-par-arnold-genthe-via-wikimedia-sous-cc0-1-0-e1721245529477.jpg","type":"image\/jpeg"}],"author":"Diana-Alice Ramsauer","twitter_card":"summary_large_image","twitter_creator":"@LeRegardLibre","twitter_site":"@LeRegardLibre","twitter_misc":{"Written by":"Diana-Alice Ramsauer","Est. reading time":"9 minutes"},"schema":{"@context":"https:\/\/schema.org","@graph":[{"@type":"Article","@id":"https:\/\/leregardlibre.com\/litterature\/martin-eden-contre-les-chimeres-de-lindividualisme\/#article","isPartOf":{"@id":"https:\/\/leregardlibre.com\/litterature\/martin-eden-contre-les-chimeres-de-lindividualisme\/"},"author":{"name":"Diana-Alice Ramsauer","@id":"https:\/\/leregardlibre.com\/#\/schema\/person\/62f947f8b160b1f5efe565d6bd5c8f0a"},"headline":"\u00abMartin Eden\u00bb, contre les chim\u00e8res de l\u2019individualisme","datePublished":"2021-01-26T12:05:35+00:00","dateModified":"2024-07-17T19:49:40+00:00","mainEntityOfPage":{"@id":"https:\/\/leregardlibre.com\/litterature\/martin-eden-contre-les-chimeres-de-lindividualisme\/"},"wordCount":1849,"commentCount":0,"publisher":{"@id":"https:\/\/leregardlibre.com\/#organization"},"image":{"@id":"https:\/\/leregardlibre.com\/litterature\/martin-eden-contre-les-chimeres-de-lindividualisme\/#primaryimage"},"thumbnailUrl":"https:\/\/leregardlibre.com\/wp-content\/uploads\/2021\/01\/portrait-photographique-de-jack-london-par-arnold-genthe-via-wikimedia-sous-cc0-1-0-e1721245529477.jpg","keywords":["Bourgeoisie","Critique litt\u00e9raire","Individualisme","Jack London","Litt\u00e9rature am\u00e9ricaine","Po\u00e9sie"],"articleSection":["Litt\u00e9rature"],"inLanguage":"en-US","potentialAction":[{"@type":"CommentAction","name":"Comment","target":["https:\/\/leregardlibre.com\/litterature\/martin-eden-contre-les-chimeres-de-lindividualisme\/#respond"]}]},{"@type":"WebPage","@id":"https:\/\/leregardlibre.com\/litterature\/martin-eden-contre-les-chimeres-de-lindividualisme\/","url":"https:\/\/leregardlibre.com\/litterature\/martin-eden-contre-les-chimeres-de-lindividualisme\/","name":"\u00abMartin Eden\u00bb, against the chimeras of individualism","isPartOf":{"@id":"https:\/\/leregardlibre.com\/#website"},"primaryImageOfPage":{"@id":"https:\/\/leregardlibre.com\/litterature\/martin-eden-contre-les-chimeres-de-lindividualisme\/#primaryimage"},"image":{"@id":"https:\/\/leregardlibre.com\/litterature\/martin-eden-contre-les-chimeres-de-lindividualisme\/#primaryimage"},"thumbnailUrl":"https:\/\/leregardlibre.com\/wp-content\/uploads\/2021\/01\/portrait-photographique-de-jack-london-par-arnold-genthe-via-wikimedia-sous-cc0-1-0-e1721245529477.jpg","datePublished":"2021-01-26T12:05:35+00:00","dateModified":"2024-07-17T19:49:40+00:00","description":"\u00abMartin Eden\u00bb, racontant la laideur du monde sur fond d'une brillante histoire d'amour, m\u00e9rite d'\u00eatre d\u00e9couvert dans sa r\u00e9cente version audio","breadcrumb":{"@id":"https:\/\/leregardlibre.com\/litterature\/martin-eden-contre-les-chimeres-de-lindividualisme\/#breadcrumb"},"inLanguage":"en-US","potentialAction":[{"@type":"ReadAction","target":["https:\/\/leregardlibre.com\/litterature\/martin-eden-contre-les-chimeres-de-lindividualisme\/"]}]},{"@type":"ImageObject","inLanguage":"en-US","@id":"https:\/\/leregardlibre.com\/litterature\/martin-eden-contre-les-chimeres-de-lindividualisme\/#primaryimage","url":"https:\/\/leregardlibre.com\/wp-content\/uploads\/2021\/01\/portrait-photographique-de-jack-london-par-arnold-genthe-via-wikimedia-sous-cc0-1-0-e1721245529477.jpg","contentUrl":"https:\/\/leregardlibre.com\/wp-content\/uploads\/2021\/01\/portrait-photographique-de-jack-london-par-arnold-genthe-via-wikimedia-sous-cc0-1-0-e1721245529477.jpg","width":1920,"height":1548,"caption":"Portrait photographique de Jack London par Arnold Genthe (via Wikimedia), sous CC0 1.0"},{"@type":"BreadcrumbList","@id":"https:\/\/leregardlibre.com\/litterature\/martin-eden-contre-les-chimeres-de-lindividualisme\/#breadcrumb","itemListElement":[{"@type":"ListItem","position":1,"name":"Accueil","item":"https:\/\/leregardlibre.com\/"},{"@type":"ListItem","position":2,"name":"\u00abMartin Eden\u00bb, contre les chim\u00e8res de l\u2019individualisme"}]},{"@type":"WebSite","@id":"https:\/\/leregardlibre.com\/#website","url":"https:\/\/leregardlibre.com\/","name":"Le Regard Libre","description":"Switzerland's first monthly debate magazine","publisher":{"@id":"https:\/\/leregardlibre.com\/#organization"},"potentialAction":[{"@type":"SearchAction","target":{"@type":"EntryPoint","urlTemplate":"https:\/\/leregardlibre.com\/?s={search_term_string}"},"query-input":{"@type":"PropertyValueSpecification","valueRequired":true,"valueName":"search_term_string"}}],"inLanguage":"en-US"},{"@type":"Organization","@id":"https:\/\/leregardlibre.com\/#organization","name":"Le Regard Libre","url":"https:\/\/leregardlibre.com\/","logo":{"@type":"ImageObject","inLanguage":"en-US","@id":"https:\/\/leregardlibre.com\/#\/schema\/logo\/image\/","url":"https:\/\/leregardlibre.com\/wp-content\/uploads\/2025\/08\/logo-rl-icone-neg.jpeg","contentUrl":"https:\/\/leregardlibre.com\/wp-content\/uploads\/2025\/08\/logo-rl-icone-neg.jpeg","width":557,"height":556,"caption":"Le Regard Libre"},"image":{"@id":"https:\/\/leregardlibre.com\/#\/schema\/logo\/image\/"},"sameAs":["https:\/\/www.facebook.com\/leregardlibre\/","https:\/\/x.com\/LeRegardLibre","https:\/\/www.linkedin.com\/company\/le-regard-libre","https:\/\/www.instagram.com\/leregardlibre\/","http:\/\/t.me\/leregardlibre","https:\/\/youtube.com\/channel\/UC6HzGPomj1LsUmlz-sJtITQ"],"description":"Le Regard Libre is a Swiss monthly magazine for intellectual and cultural debate. Its editorial team is young, voluntary, liberal and pluralist. The magazine appears online and in print. Its language is French.","email":"redaction@leregardlibre.com","legalName":"Le Regard Libre","foundingDate":"2014-01-01","numberOfEmployees":{"@type":"QuantitativeValue","minValue":"11","maxValue":"50"},"publishingPrinciples":"https:\/\/leregardlibre.com\/a-propos\/notre-manifeste\/","ownershipFundingInfo":"https:\/\/leregardlibre.com\/mentions-legales\/","actionableFeedbackPolicy":"https:\/\/leregardlibre.com\/conditions-generales-de-vente\/"},{"@type":"Person","@id":"https:\/\/leregardlibre.com\/#\/schema\/person\/62f947f8b160b1f5efe565d6bd5c8f0a","name":"Diana-Alice Ramsauer","image":{"@type":"ImageObject","inLanguage":"en-US","@id":"https:\/\/secure.gravatar.com\/avatar\/51862cca29cd5f278db9e227f155b57590a6a82efb3c6a76f90daf5d4959f176?s=96&d=identicon&r=g","url":"https:\/\/secure.gravatar.com\/avatar\/51862cca29cd5f278db9e227f155b57590a6a82efb3c6a76f90daf5d4959f176?s=96&d=identicon&r=g","contentUrl":"https:\/\/secure.gravatar.com\/avatar\/51862cca29cd5f278db9e227f155b57590a6a82efb3c6a76f90daf5d4959f176?s=96&d=identicon&r=g","caption":"Diana-Alice Ramsauer"},"sameAs":["https:\/\/leregardlibre.com\/","https:\/\/fr.wikipedia.org\/wiki\/Le_Regard_libre"],"url":"https:\/\/leregardlibre.com\/en\/author\/daramsauer\/"}]}},"_links":{"self":[{"href":"https:\/\/leregardlibre.com\/en\/wp-json\/wp\/v2\/posts\/38144","targetHints":{"allow":["GET"]}}],"collection":[{"href":"https:\/\/leregardlibre.com\/en\/wp-json\/wp\/v2\/posts"}],"about":[{"href":"https:\/\/leregardlibre.com\/en\/wp-json\/wp\/v2\/types\/post"}],"author":[{"embeddable":true,"href":"https:\/\/leregardlibre.com\/en\/wp-json\/wp\/v2\/users\/91"}],"replies":[{"embeddable":true,"href":"https:\/\/leregardlibre.com\/en\/wp-json\/wp\/v2\/comments?post=38144"}],"version-history":[{"count":2,"href":"https:\/\/leregardlibre.com\/en\/wp-json\/wp\/v2\/posts\/38144\/revisions"}],"predecessor-version":[{"id":524205,"href":"https:\/\/leregardlibre.com\/en\/wp-json\/wp\/v2\/posts\/38144\/revisions\/524205"}],"wp:featuredmedia":[{"embeddable":true,"href":"https:\/\/leregardlibre.com\/en\/wp-json\/wp\/v2\/media\/524201"}],"wp:attachment":[{"href":"https:\/\/leregardlibre.com\/en\/wp-json\/wp\/v2\/media?parent=38144"}],"wp:term":[{"taxonomy":"category","embeddable":true,"href":"https:\/\/leregardlibre.com\/en\/wp-json\/wp\/v2\/categories?post=38144"},{"taxonomy":"post_tag","embeddable":true,"href":"https:\/\/leregardlibre.com\/en\/wp-json\/wp\/v2\/tags?post=38144"}],"curies":[{"name":"wp","href":"https:\/\/api.w.org\/{rel}","templated":true}]}}