{"id":38442,"date":"2021-02-11T06:00:00","date_gmt":"2021-02-11T05:00:00","guid":{"rendered":"https:\/\/leregardlibre.com\/?p=38442"},"modified":"2025-12-13T22:44:01","modified_gmt":"2025-12-13T21:44:01","slug":"johan-rochel-the-string-puller-of-the-extreme-center","status":"publish","type":"post","link":"https:\/\/leregardlibre.com\/en\/policy\/switzerland\/johan-rochel-the-string-puller-of-the-extreme-center\/","title":{"rendered":"Johan Rochel, the far-center string-puller"},"content":{"rendered":"<div class='content_excerpt'>\n<p>Le Regard Libre N\u00b0 70 - Diana-Alice Ramsauer<\/p>\n\n\n\n<p>Dossier m\u00e9tapolitique<\/p>\n\n\n\n<p class=\"has-drop-cap\"><strong>He has at least thirteen hats on his head, as many as the stars on his cantonal flag. At the very limited level of French-speaking Switzerland, he represents a (small) public voice. He proposes his way of seeing the world to anyone who will listen: through the Appel Citoyen movement he co-founded, the Foraus think tank he vice-chaired or the ethics laboratory he still co-directs. He also unpacks his values on 19h30 when he is invited to talk about fundamental freedom, on Le Temps when he conducts a questionnaire on sustainability, or on his blog when he analyzes current events while presenting the object of his research. And when you're a philosopher, \u00abthe object of your research\u00bb is vast. And diluted.<\/strong><\/p>\n\n\n\n Read the long-format article (subscribers)\n    <div class='restricted_content_fade'><\/div>\n    <\/div>\n  <style>\n    .content_excerpt{\n      position: relative;\n    }\n    .content_excerpt .restricted_content_fade{\n      position: absolute;\n      bottom: 0;\n      left: 0;\n      right: 0;\n      height: 75px;\n\t  margin-bottom: 0px;\n      background-image: linear-gradient(#ffffff2e, white);\n    }\n\n    .restricted_content{\n      margin-top: 30px;\n      border: solid #dddddd 1px;\n      border-radius: 7px;\n      padding: 30px;\n    }\n    \n    .restricted_content .restricted_content_title{\n      font-size: 22px;\n      font-weight: 600;\n    }\n    .restricted_content .restricted_content_flex_row{\n      display: flex;\n      flex-direction: row;\n    }\n    .restricted_content .restricted_content_image_container{\n      flex: 3;\n    }\n    .restricted_content .restricted_content_flex_column{\n      flex: 4;\n      display: flex;\n      flex-direction: column;\n      margin-left: 40px;\n      justify-content: center;\n    }\n\n\n    .restricted_content_buttons{\n      display: flex;\n      flex-direction: column;\n      width: min-content;\n    }\n    .restricted_content_button{\n      background-color: #f2f2f2;\n      text-transform: uppercase;\n      font-weight: 600;\n      padding: 8px 40px;\n      text-align: center;\n      font-size: 13px;\n      margin-top: 10px;\n      width: max-content;\n      width: 100%;\n      white-space: nowrap;\n    }\n    .restricted_content_button:hover {\n      background-color: #111111;\n      color: white;\n      text-decoration: none !important;\n    }\n\n    .restricted_content_primary_button{\n      background-color: #1F2A68 !important;\n      color: white !important;\n    }\n    .restricted_content_primary_button:hover {\n      background-color: #111111;\n    }\n\n    .restricted_content_text{\n      margin-bottom: 10px;\n      line-height: 1.2;\n      font-weight: 500;\n      font-size: 16px;\n    }\n\n  \n  <\/style>\n  <div class='restricted_content'>\n    <h3 class='restricted_content_title'>This content is reserved for our subscribers.<\/h3>\n    <div class='restricted_content_flex_row'>\n      <div class='restricted_content_image_container'>\n        <img class='restricted_content_image' src='\/wp-content\/uploads\/2025\/08\/abo_physique.png' \/>\n      <\/div>\n      <div class='restricted_content_flex_column'>\n        <div class='restricted_content_text'>If you have an account, please log in. Otherwise, discover our different subscription packages and create an account from CHF 2.50 for the first month.<\/div>\n        <div class='restricted_content_buttons'>\n          <a href='\/en\/subscription\/' class='restricted_content_button restricted_content_primary_button'>See subscriptions<\/a><a href='\/en\/my-account\/?redirect_to=https:\/\/leregardlibre.com\/en\/policy\/switzerland\/johan-rochel-the-string-puller-of-the-extreme-center\/'class='restricted_content_button'>Login<\/a><\/div>\n      <\/div>\n    <\/div>\n  <\/div>","protected":false},"excerpt":{"rendered":"<div class='content_excerpt'>\n<p>Le Regard Libre N\u00b0 70 - Diana-Alice Ramsauer<\/p>\n<p>Dossier m\u00e9tapolitique<\/p>\n<p class=\"has-drop-cap\"><strong>He has at least thirteen hats on his head, as many as the stars on his cantonal flag. At the very limited level of French-speaking Switzerland, he represents a (small) public voice. He proposes his way of seeing the world to anyone who will listen: through the Appel Citoyen movement he co-founded, the Foraus think tank he vice-chaired or the ethics laboratory he still co-directs. He also unpacks his values on 19h30 when he is invited to talk about fundamental freedom, on Le Temps when he conducts a questionnaire on sustainability, or on his blog when he analyzes current events while presenting the object of his research. And when you're a philosopher, \u00abthe object of your research\u00bb is vast. And diluted.<\/strong><\/p>\n<p> Read the long-format article (subscribers)<\/p>\n<div class='restricted_content_fade'><\/div>\n<\/p><\/div>\n<style>\n    .content_excerpt{\n      position: relative;\n    }\n    .content_excerpt .restricted_content_fade{\n      position: absolute;\n      bottom: 0;\n      left: 0;\n      right: 0;\n      height: 75px;\n\t  margin-bottom: 0px;\n      background-image: linear-gradient(#ffffff2e, white);\n    }<\/p>\n<p>    .restricted_content{\n      margin-top: 30px;\n      border: solid #dddddd 1px;\n      border-radius: 7px;\n      padding: 30px;\n    }<\/p>\n<p>    .restricted_content .restricted_content_title{\n      font-size: 22px;\n      font-weight: 600;\n    }\n    .restricted_content .restricted_content_flex_row{\n      display: flex;\n      flex-direction: row;\n    }\n    .restricted_content .restricted_content_image_container{\n      flex: 3;\n    }\n    .restricted_content .restricted_content_flex_column{\n      flex: 4;\n      display: flex;\n      flex-direction: column;\n      margin-left: 40px;\n      justify-content: center;\n    }<\/p>\n<p>    .restricted_content_buttons{\n      display: flex;\n      flex-direction: column;\n      width: min-content;\n    }\n    .restricted_content_button{\n      background-color: #f2f2f2;\n      text-transform: uppercase;\n      font-weight: 600;\n      padding: 8px 40px;\n      text-align: center;\n      font-size: 13px;\n      margin-top: 10px;\n      width: max-content;\n      width: 100%;\n      white-space: nowrap;\n    }\n    .restricted_content_button:hover {\n      background-color: #111111;\n      color: white;\n      text-decoration: none !important;\n    }<\/p>\n<p>    .restricted_content_primary_button{\n      background-color: #1F2A68 !important;\n      color: white !important;\n    }\n    .restricted_content_primary_button:hover {\n      background-color: #111111;\n    }<\/p>\n<p>    .restricted_content_text{\n      margin-bottom: 10px;\n      line-height: 1.2;\n      font-weight: 500;\n      font-size: 16px;\n    }<\/p>\n<\/style>\n<div class='restricted_content'>\n<h3 class='restricted_content_title'>This content is reserved for our subscribers.<\/h3>\n<div class='restricted_content_flex_row'>\n<div class='restricted_content_image_container'>\n        <img class='restricted_content_image' src='\/wp-content\/uploads\/2025\/08\/abo_physique.png' \/>\n      <\/div>\n<div class='restricted_content_flex_column'>\n<div class='restricted_content_text'>If you have an account, please log in. Otherwise, discover our different subscription packages and create an account from CHF 2.50 for the first month.<\/div>\n<div class='restricted_content_buttons'>\n          <a href='\/en\/subscription\/' class='restricted_content_button restricted_content_primary_button'>See subscriptions<\/a><a href='\/en\/my-account\/?redirect_to=https:\/\/leregardlibre.com\/en\/policy\/switzerland\/johan-rochel-the-string-puller-of-the-extreme-center\/'class='restricted_content_button'>Login<\/a><\/div>\n<\/p><\/div>\n<\/p><\/div>\n<\/p><\/div>","protected":false},"author":91,"featured_media":38461,"comment_status":"open","ping_status":"closed","sticky":false,"template":"","format":"standard","meta":{"_acf_changed":false,"footnotes":""},"categories":[644357279],"tags":[644356095,644356113,644355978,582970,74619484,644356099,644356096,644352318,92315162,644356094,644355520,33225,45553,644356098,644356097,37453967,49203],"class_list":["post-38442","post","type-post","status-publish","format-standard","has-post-thumbnail","hentry","category-suisse","tag-appel-citoyen","tag-dossier-metapolitique","tag-durabilite","tag-egalite","tag-emmanuel-macron","tag-ethix","tag-foraus","tag-gramsci","tag-isabelle-moret","tag-johan-rochel","tag-justin-trudeau","tag-liberalisme","tag-liberte","tag-mathias-reynard","tag-metapolitique","tag-philippe-nantermod","tag-solidarite","membership-content","access-restricted"],"acf":[],"yoast_head":"<!-- This site is optimized with the Yoast SEO Premium plugin v27.4 (Yoast SEO v27.4) - https:\/\/yoast.com\/product\/yoast-seo-premium-wordpress\/ -->\n<title>Johan Rochel, le tireur de ficelles de l\u2019extr\u00eame centre<\/title>\n<meta name=\"robots\" content=\"index, follow, max-snippet:-1, max-image-preview:large, max-video-preview:-1\" \/>\n<link rel=\"canonical\" href=\"https:\/\/leregardlibre.com\/en\/policy\/switzerland\/johan-rochel-the-string-puller-of-the-extreme-center\/\" \/>\n<meta property=\"og:locale\" content=\"en_US\" \/>\n<meta property=\"og:type\" content=\"article\" \/>\n<meta property=\"og:title\" content=\"Johan Rochel, le tireur de ficelles de l\u2019extr\u00eame centre\" \/>\n<meta property=\"og:description\" content=\"ARTICLE LONG FORMAT, Diana-Alice Ramsauer | Il a au moins treize casquettes sur la t\u00eate, autant que d\u2019\u00e9toiles \u00e0 son drapeau cantonal. Au niveau tr\u00e8s restreint de la Suisse romande, il repr\u00e9sente une (petite) voix publique. Il propose sa fa\u00e7on de voir le monde \u00e0 qui veut bien l\u2019entendre: au travers du mouvement Appel Citoyen qu\u2019il a cofond\u00e9, du think tank Foraus qu\u2019il a vice-pr\u00e9sid\u00e9 ou bien du laboratoire d\u2019\u00e9thique qu\u2019il co-dirige encore maintenant. Ses valeurs, il les d\u00e9balle \u00e9galement au 19h30 lorsqu\u2019on l\u2019invite pour parler de libert\u00e9 fondamentale, au Temps pour mener un questionnaire sur la durabilit\u00e9 ou sur son blog pour analyser l\u2019actualit\u00e9 tout en pr\u00e9sentant l\u2019objet de ses recherches. Et quand on est philosophe, \u00abl\u2019objet de ses recherches\u00bb, c\u2019est vaste. Et dilu\u00e9.\" \/>\n<meta property=\"og:url\" content=\"https:\/\/leregardlibre.com\/en\/policy\/switzerland\/johan-rochel-the-string-puller-of-the-extreme-center\/\" \/>\n<meta property=\"og:site_name\" content=\"Le Regard Libre\" \/>\n<meta property=\"article:publisher\" content=\"https:\/\/www.facebook.com\/leregardlibre\/\" \/>\n<meta property=\"article:published_time\" content=\"2021-02-11T05:00:00+00:00\" \/>\n<meta property=\"article:modified_time\" content=\"2025-12-13T21:44:01+00:00\" \/>\n<meta property=\"og:image\" content=\"https:\/\/leregardlibre.com\/wp-content\/uploads\/2021\/02\/Johan-Rochel-3916691762-1612980708601-scaled.jpg\" \/>\n\t<meta property=\"og:image:width\" content=\"2499\" \/>\n\t<meta property=\"og:image:height\" content=\"2560\" \/>\n\t<meta property=\"og:image:type\" content=\"image\/jpeg\" \/>\n<meta name=\"author\" content=\"Diana-Alice Ramsauer\" \/>\n<meta name=\"twitter:card\" content=\"summary_large_image\" \/>\n<meta name=\"twitter:creator\" content=\"@LeRegardLibre\" \/>\n<meta name=\"twitter:site\" content=\"@LeRegardLibre\" \/>\n<meta name=\"twitter:label1\" content=\"Written by\" \/>\n\t<meta name=\"twitter:data1\" content=\"Diana-Alice Ramsauer\" \/>\n\t<meta name=\"twitter:label2\" content=\"Est. reading time\" \/>\n\t<meta name=\"twitter:data2\" content=\"10 minutes\" \/>\n<script type=\"application\/ld+json\" class=\"yoast-schema-graph\">{\"@context\":\"https:\\\/\\\/schema.org\",\"@graph\":[{\"@type\":\"Article\",\"@id\":\"https:\\\/\\\/leregardlibre.com\\\/politique\\\/suisse\\\/johan-rochel-le-tireur-de-ficelles-de-lextreme-centre\\\/#article\",\"isPartOf\":{\"@id\":\"https:\\\/\\\/leregardlibre.com\\\/politique\\\/suisse\\\/johan-rochel-le-tireur-de-ficelles-de-lextreme-centre\\\/\"},\"author\":{\"name\":\"Diana-Alice Ramsauer\",\"@id\":\"https:\\\/\\\/leregardlibre.com\\\/#\\\/schema\\\/person\\\/62f947f8b160b1f5efe565d6bd5c8f0a\"},\"headline\":\"Johan Rochel, le tireur de ficelles de l\u2019extr\u00eame centre\",\"datePublished\":\"2021-02-11T05:00:00+00:00\",\"dateModified\":\"2025-12-13T21:44:01+00:00\",\"mainEntityOfPage\":{\"@id\":\"https:\\\/\\\/leregardlibre.com\\\/politique\\\/suisse\\\/johan-rochel-le-tireur-de-ficelles-de-lextreme-centre\\\/\"},\"wordCount\":2111,\"commentCount\":0,\"publisher\":{\"@id\":\"https:\\\/\\\/leregardlibre.com\\\/#organization\"},\"image\":{\"@id\":\"https:\\\/\\\/leregardlibre.com\\\/politique\\\/suisse\\\/johan-rochel-le-tireur-de-ficelles-de-lextreme-centre\\\/#primaryimage\"},\"thumbnailUrl\":\"https:\\\/\\\/leregardlibre.com\\\/wp-content\\\/uploads\\\/2021\\\/02\\\/Johan-Rochel-3916691762-1612980708601-scaled.jpg\",\"keywords\":[\"appel citoyen\",\"Dossier M\u00c9TAPOLITIQUE\",\"Durabilit\u00e9\",\"Egalit\u00e9\",\"Emmanuel Macron\",\"ethix\",\"foraus\",\"gramsci\",\"Isabelle Moret\",\"johan rochel\",\"Justin Trudeau\",\"Lib\u00e9ralisme\",\"Libert\u00e9\",\"mathias reynard\",\"M\u00e9tapolitique\",\"Philippe Nantermod\",\"solidarit\u00e9\"],\"articleSection\":[\"Suisse\"],\"inLanguage\":\"en-US\",\"potentialAction\":[{\"@type\":\"CommentAction\",\"name\":\"Comment\",\"target\":[\"https:\\\/\\\/leregardlibre.com\\\/politique\\\/suisse\\\/johan-rochel-le-tireur-de-ficelles-de-lextreme-centre\\\/#respond\"]}]},{\"@type\":\"WebPage\",\"@id\":\"https:\\\/\\\/leregardlibre.com\\\/politique\\\/suisse\\\/johan-rochel-le-tireur-de-ficelles-de-lextreme-centre\\\/\",\"url\":\"https:\\\/\\\/leregardlibre.com\\\/politique\\\/suisse\\\/johan-rochel-le-tireur-de-ficelles-de-lextreme-centre\\\/\",\"name\":\"Johan Rochel, le tireur de ficelles de l\u2019extr\u00eame centre\",\"isPartOf\":{\"@id\":\"https:\\\/\\\/leregardlibre.com\\\/#website\"},\"primaryImageOfPage\":{\"@id\":\"https:\\\/\\\/leregardlibre.com\\\/politique\\\/suisse\\\/johan-rochel-le-tireur-de-ficelles-de-lextreme-centre\\\/#primaryimage\"},\"image\":{\"@id\":\"https:\\\/\\\/leregardlibre.com\\\/politique\\\/suisse\\\/johan-rochel-le-tireur-de-ficelles-de-lextreme-centre\\\/#primaryimage\"},\"thumbnailUrl\":\"https:\\\/\\\/leregardlibre.com\\\/wp-content\\\/uploads\\\/2021\\\/02\\\/Johan-Rochel-3916691762-1612980708601-scaled.jpg\",\"datePublished\":\"2021-02-11T05:00:00+00:00\",\"dateModified\":\"2025-12-13T21:44:01+00:00\",\"breadcrumb\":{\"@id\":\"https:\\\/\\\/leregardlibre.com\\\/politique\\\/suisse\\\/johan-rochel-le-tireur-de-ficelles-de-lextreme-centre\\\/#breadcrumb\"},\"inLanguage\":\"en-US\",\"potentialAction\":[{\"@type\":\"ReadAction\",\"target\":[\"https:\\\/\\\/leregardlibre.com\\\/politique\\\/suisse\\\/johan-rochel-le-tireur-de-ficelles-de-lextreme-centre\\\/\"]}]},{\"@type\":\"ImageObject\",\"inLanguage\":\"en-US\",\"@id\":\"https:\\\/\\\/leregardlibre.com\\\/politique\\\/suisse\\\/johan-rochel-le-tireur-de-ficelles-de-lextreme-centre\\\/#primaryimage\",\"url\":\"https:\\\/\\\/leregardlibre.com\\\/wp-content\\\/uploads\\\/2021\\\/02\\\/Johan-Rochel-3916691762-1612980708601-scaled.jpg\",\"contentUrl\":\"https:\\\/\\\/leregardlibre.com\\\/wp-content\\\/uploads\\\/2021\\\/02\\\/Johan-Rochel-3916691762-1612980708601-scaled.jpg\",\"width\":2499,\"height\":2560},{\"@type\":\"BreadcrumbList\",\"@id\":\"https:\\\/\\\/leregardlibre.com\\\/politique\\\/suisse\\\/johan-rochel-le-tireur-de-ficelles-de-lextreme-centre\\\/#breadcrumb\",\"itemListElement\":[{\"@type\":\"ListItem\",\"position\":1,\"name\":\"Accueil\",\"item\":\"https:\\\/\\\/leregardlibre.com\\\/\"},{\"@type\":\"ListItem\",\"position\":2,\"name\":\"Johan Rochel, le tireur de ficelles de l\u2019extr\u00eame centre\"}]},{\"@type\":\"WebSite\",\"@id\":\"https:\\\/\\\/leregardlibre.com\\\/#website\",\"url\":\"https:\\\/\\\/leregardlibre.com\\\/\",\"name\":\"Le Regard Libre\",\"description\":\"Premier mensuel suisse de d\u00e9bat\",\"publisher\":{\"@id\":\"https:\\\/\\\/leregardlibre.com\\\/#organization\"},\"potentialAction\":[{\"@type\":\"SearchAction\",\"target\":{\"@type\":\"EntryPoint\",\"urlTemplate\":\"https:\\\/\\\/leregardlibre.com\\\/?s={search_term_string}\"},\"query-input\":{\"@type\":\"PropertyValueSpecification\",\"valueRequired\":true,\"valueName\":\"search_term_string\"}}],\"inLanguage\":\"en-US\"},{\"@type\":\"Organization\",\"@id\":\"https:\\\/\\\/leregardlibre.com\\\/#organization\",\"name\":\"Le Regard Libre\",\"url\":\"https:\\\/\\\/leregardlibre.com\\\/\",\"logo\":{\"@type\":\"ImageObject\",\"inLanguage\":\"en-US\",\"@id\":\"https:\\\/\\\/leregardlibre.com\\\/#\\\/schema\\\/logo\\\/image\\\/\",\"url\":\"https:\\\/\\\/leregardlibre.com\\\/wp-content\\\/uploads\\\/2025\\\/08\\\/logo-rl-icone-neg.jpeg\",\"contentUrl\":\"https:\\\/\\\/leregardlibre.com\\\/wp-content\\\/uploads\\\/2025\\\/08\\\/logo-rl-icone-neg.jpeg\",\"width\":557,\"height\":556,\"caption\":\"Le Regard Libre\"},\"image\":{\"@id\":\"https:\\\/\\\/leregardlibre.com\\\/#\\\/schema\\\/logo\\\/image\\\/\"},\"sameAs\":[\"https:\\\/\\\/www.facebook.com\\\/leregardlibre\\\/\",\"https:\\\/\\\/x.com\\\/LeRegardLibre\",\"https:\\\/\\\/www.linkedin.com\\\/company\\\/le-regard-libre\",\"https:\\\/\\\/www.instagram.com\\\/leregardlibre\\\/\",\"http:\\\/\\\/t.me\\\/leregardlibre\",\"https:\\\/\\\/youtube.com\\\/channel\\\/UC6HzGPomj1LsUmlz-sJtITQ\"],\"description\":\"Le Regard Libre est un mensuel suisse de d\u00e9bat intellectuel et culturel. Sa r\u00e9daction est jeune, b\u00e9n\u00e9vole, lib\u00e9rale et pluraliste. Le magazine para\u00eet en ligne et sous forme papier. Sa langue est le fran\u00e7ais.\",\"email\":\"redaction@leregardlibre.com\",\"legalName\":\"Le Regard Libre\",\"foundingDate\":\"2014-01-01\",\"numberOfEmployees\":{\"@type\":\"QuantitativeValue\",\"minValue\":\"11\",\"maxValue\":\"50\"},\"publishingPrinciples\":\"https:\\\/\\\/leregardlibre.com\\\/a-propos\\\/notre-manifeste\\\/\",\"ownershipFundingInfo\":\"https:\\\/\\\/leregardlibre.com\\\/mentions-legales\\\/\",\"actionableFeedbackPolicy\":\"https:\\\/\\\/leregardlibre.com\\\/conditions-generales-de-vente\\\/\"},{\"@type\":\"Person\",\"@id\":\"https:\\\/\\\/leregardlibre.com\\\/#\\\/schema\\\/person\\\/62f947f8b160b1f5efe565d6bd5c8f0a\",\"name\":\"Diana-Alice Ramsauer\",\"image\":{\"@type\":\"ImageObject\",\"inLanguage\":\"en-US\",\"@id\":\"https:\\\/\\\/secure.gravatar.com\\\/avatar\\\/51862cca29cd5f278db9e227f155b57590a6a82efb3c6a76f90daf5d4959f176?s=96&d=identicon&r=g\",\"url\":\"https:\\\/\\\/secure.gravatar.com\\\/avatar\\\/51862cca29cd5f278db9e227f155b57590a6a82efb3c6a76f90daf5d4959f176?s=96&d=identicon&r=g\",\"contentUrl\":\"https:\\\/\\\/secure.gravatar.com\\\/avatar\\\/51862cca29cd5f278db9e227f155b57590a6a82efb3c6a76f90daf5d4959f176?s=96&d=identicon&r=g\",\"caption\":\"Diana-Alice Ramsauer\"},\"sameAs\":[\"https:\\\/\\\/leregardlibre.com\\\/\",\"https:\\\/\\\/fr.wikipedia.org\\\/wiki\\\/Le_Regard_libre\"],\"url\":\"https:\\\/\\\/leregardlibre.com\\\/en\\\/author\\\/daramsauer\\\/\"}]}<\/script>\n<!-- \/ Yoast SEO Premium plugin. -->","yoast_head_json":{"title":"Johan Rochel, the far-center string-puller","robots":{"index":"index","follow":"follow","max-snippet":"max-snippet:-1","max-image-preview":"max-image-preview:large","max-video-preview":"max-video-preview:-1"},"canonical":"https:\/\/leregardlibre.com\/en\/policy\/switzerland\/johan-rochel-the-string-puller-of-the-extreme-center\/","og_locale":"en_US","og_type":"article","og_title":"Johan Rochel, le tireur de ficelles de l\u2019extr\u00eame centre","og_description":"ARTICLE LONG FORMAT, Diana-Alice Ramsauer | Il a au moins treize casquettes sur la t\u00eate, autant que d\u2019\u00e9toiles \u00e0 son drapeau cantonal. Au niveau tr\u00e8s restreint de la Suisse romande, il repr\u00e9sente une (petite) voix publique. Il propose sa fa\u00e7on de voir le monde \u00e0 qui veut bien l\u2019entendre: au travers du mouvement Appel Citoyen qu\u2019il a cofond\u00e9, du think tank Foraus qu\u2019il a vice-pr\u00e9sid\u00e9 ou bien du laboratoire d\u2019\u00e9thique qu\u2019il co-dirige encore maintenant. Ses valeurs, il les d\u00e9balle \u00e9galement au 19h30 lorsqu\u2019on l\u2019invite pour parler de libert\u00e9 fondamentale, au Temps pour mener un questionnaire sur la durabilit\u00e9 ou sur son blog pour analyser l\u2019actualit\u00e9 tout en pr\u00e9sentant l\u2019objet de ses recherches. Et quand on est philosophe, \u00abl\u2019objet de ses recherches\u00bb, c\u2019est vaste. Et dilu\u00e9.","og_url":"https:\/\/leregardlibre.com\/en\/policy\/switzerland\/johan-rochel-the-string-puller-of-the-extreme-center\/","og_site_name":"Le Regard Libre","article_publisher":"https:\/\/www.facebook.com\/leregardlibre\/","article_published_time":"2021-02-11T05:00:00+00:00","article_modified_time":"2025-12-13T21:44:01+00:00","og_image":[{"width":2499,"height":2560,"url":"https:\/\/leregardlibre.com\/wp-content\/uploads\/2021\/02\/Johan-Rochel-3916691762-1612980708601-scaled.jpg","type":"image\/jpeg"}],"author":"Diana-Alice Ramsauer","twitter_card":"summary_large_image","twitter_creator":"@LeRegardLibre","twitter_site":"@LeRegardLibre","twitter_misc":{"Written by":"Diana-Alice Ramsauer","Est. reading time":"10 minutes"},"schema":{"@context":"https:\/\/schema.org","@graph":[{"@type":"Article","@id":"https:\/\/leregardlibre.com\/politique\/suisse\/johan-rochel-le-tireur-de-ficelles-de-lextreme-centre\/#article","isPartOf":{"@id":"https:\/\/leregardlibre.com\/politique\/suisse\/johan-rochel-le-tireur-de-ficelles-de-lextreme-centre\/"},"author":{"name":"Diana-Alice Ramsauer","@id":"https:\/\/leregardlibre.com\/#\/schema\/person\/62f947f8b160b1f5efe565d6bd5c8f0a"},"headline":"Johan Rochel, le tireur de ficelles de l\u2019extr\u00eame centre","datePublished":"2021-02-11T05:00:00+00:00","dateModified":"2025-12-13T21:44:01+00:00","mainEntityOfPage":{"@id":"https:\/\/leregardlibre.com\/politique\/suisse\/johan-rochel-le-tireur-de-ficelles-de-lextreme-centre\/"},"wordCount":2111,"commentCount":0,"publisher":{"@id":"https:\/\/leregardlibre.com\/#organization"},"image":{"@id":"https:\/\/leregardlibre.com\/politique\/suisse\/johan-rochel-le-tireur-de-ficelles-de-lextreme-centre\/#primaryimage"},"thumbnailUrl":"https:\/\/leregardlibre.com\/wp-content\/uploads\/2021\/02\/Johan-Rochel-3916691762-1612980708601-scaled.jpg","keywords":["appel citoyen","Dossier M\u00c9TAPOLITIQUE","Durabilit\u00e9","Egalit\u00e9","Emmanuel Macron","ethix","foraus","gramsci","Isabelle Moret","johan rochel","Justin Trudeau","Lib\u00e9ralisme","Libert\u00e9","mathias reynard","M\u00e9tapolitique","Philippe Nantermod","solidarit\u00e9"],"articleSection":["Suisse"],"inLanguage":"en-US","potentialAction":[{"@type":"CommentAction","name":"Comment","target":["https:\/\/leregardlibre.com\/politique\/suisse\/johan-rochel-le-tireur-de-ficelles-de-lextreme-centre\/#respond"]}]},{"@type":"WebPage","@id":"https:\/\/leregardlibre.com\/politique\/suisse\/johan-rochel-le-tireur-de-ficelles-de-lextreme-centre\/","url":"https:\/\/leregardlibre.com\/politique\/suisse\/johan-rochel-le-tireur-de-ficelles-de-lextreme-centre\/","name":"Johan Rochel, the far-center string-puller","isPartOf":{"@id":"https:\/\/leregardlibre.com\/#website"},"primaryImageOfPage":{"@id":"https:\/\/leregardlibre.com\/politique\/suisse\/johan-rochel-le-tireur-de-ficelles-de-lextreme-centre\/#primaryimage"},"image":{"@id":"https:\/\/leregardlibre.com\/politique\/suisse\/johan-rochel-le-tireur-de-ficelles-de-lextreme-centre\/#primaryimage"},"thumbnailUrl":"https:\/\/leregardlibre.com\/wp-content\/uploads\/2021\/02\/Johan-Rochel-3916691762-1612980708601-scaled.jpg","datePublished":"2021-02-11T05:00:00+00:00","dateModified":"2025-12-13T21:44:01+00:00","breadcrumb":{"@id":"https:\/\/leregardlibre.com\/politique\/suisse\/johan-rochel-le-tireur-de-ficelles-de-lextreme-centre\/#breadcrumb"},"inLanguage":"en-US","potentialAction":[{"@type":"ReadAction","target":["https:\/\/leregardlibre.com\/politique\/suisse\/johan-rochel-le-tireur-de-ficelles-de-lextreme-centre\/"]}]},{"@type":"ImageObject","inLanguage":"en-US","@id":"https:\/\/leregardlibre.com\/politique\/suisse\/johan-rochel-le-tireur-de-ficelles-de-lextreme-centre\/#primaryimage","url":"https:\/\/leregardlibre.com\/wp-content\/uploads\/2021\/02\/Johan-Rochel-3916691762-1612980708601-scaled.jpg","contentUrl":"https:\/\/leregardlibre.com\/wp-content\/uploads\/2021\/02\/Johan-Rochel-3916691762-1612980708601-scaled.jpg","width":2499,"height":2560},{"@type":"BreadcrumbList","@id":"https:\/\/leregardlibre.com\/politique\/suisse\/johan-rochel-le-tireur-de-ficelles-de-lextreme-centre\/#breadcrumb","itemListElement":[{"@type":"ListItem","position":1,"name":"Accueil","item":"https:\/\/leregardlibre.com\/"},{"@type":"ListItem","position":2,"name":"Johan Rochel, le tireur de ficelles de l\u2019extr\u00eame centre"}]},{"@type":"WebSite","@id":"https:\/\/leregardlibre.com\/#website","url":"https:\/\/leregardlibre.com\/","name":"Le Regard Libre","description":"Switzerland's first monthly debate magazine","publisher":{"@id":"https:\/\/leregardlibre.com\/#organization"},"potentialAction":[{"@type":"SearchAction","target":{"@type":"EntryPoint","urlTemplate":"https:\/\/leregardlibre.com\/?s={search_term_string}"},"query-input":{"@type":"PropertyValueSpecification","valueRequired":true,"valueName":"search_term_string"}}],"inLanguage":"en-US"},{"@type":"Organization","@id":"https:\/\/leregardlibre.com\/#organization","name":"Le Regard Libre","url":"https:\/\/leregardlibre.com\/","logo":{"@type":"ImageObject","inLanguage":"en-US","@id":"https:\/\/leregardlibre.com\/#\/schema\/logo\/image\/","url":"https:\/\/leregardlibre.com\/wp-content\/uploads\/2025\/08\/logo-rl-icone-neg.jpeg","contentUrl":"https:\/\/leregardlibre.com\/wp-content\/uploads\/2025\/08\/logo-rl-icone-neg.jpeg","width":557,"height":556,"caption":"Le Regard Libre"},"image":{"@id":"https:\/\/leregardlibre.com\/#\/schema\/logo\/image\/"},"sameAs":["https:\/\/www.facebook.com\/leregardlibre\/","https:\/\/x.com\/LeRegardLibre","https:\/\/www.linkedin.com\/company\/le-regard-libre","https:\/\/www.instagram.com\/leregardlibre\/","http:\/\/t.me\/leregardlibre","https:\/\/youtube.com\/channel\/UC6HzGPomj1LsUmlz-sJtITQ"],"description":"Le Regard Libre is a Swiss monthly magazine for intellectual and cultural debate. Its editorial team is young, voluntary, liberal and pluralist. The magazine appears online and in print. Its language is French.","email":"redaction@leregardlibre.com","legalName":"Le Regard Libre","foundingDate":"2014-01-01","numberOfEmployees":{"@type":"QuantitativeValue","minValue":"11","maxValue":"50"},"publishingPrinciples":"https:\/\/leregardlibre.com\/a-propos\/notre-manifeste\/","ownershipFundingInfo":"https:\/\/leregardlibre.com\/mentions-legales\/","actionableFeedbackPolicy":"https:\/\/leregardlibre.com\/conditions-generales-de-vente\/"},{"@type":"Person","@id":"https:\/\/leregardlibre.com\/#\/schema\/person\/62f947f8b160b1f5efe565d6bd5c8f0a","name":"Diana-Alice Ramsauer","image":{"@type":"ImageObject","inLanguage":"en-US","@id":"https:\/\/secure.gravatar.com\/avatar\/51862cca29cd5f278db9e227f155b57590a6a82efb3c6a76f90daf5d4959f176?s=96&d=identicon&r=g","url":"https:\/\/secure.gravatar.com\/avatar\/51862cca29cd5f278db9e227f155b57590a6a82efb3c6a76f90daf5d4959f176?s=96&d=identicon&r=g","contentUrl":"https:\/\/secure.gravatar.com\/avatar\/51862cca29cd5f278db9e227f155b57590a6a82efb3c6a76f90daf5d4959f176?s=96&d=identicon&r=g","caption":"Diana-Alice Ramsauer"},"sameAs":["https:\/\/leregardlibre.com\/","https:\/\/fr.wikipedia.org\/wiki\/Le_Regard_libre"],"url":"https:\/\/leregardlibre.com\/en\/author\/daramsauer\/"}]}},"_links":{"self":[{"href":"https:\/\/leregardlibre.com\/en\/wp-json\/wp\/v2\/posts\/38442","targetHints":{"allow":["GET"]}}],"collection":[{"href":"https:\/\/leregardlibre.com\/en\/wp-json\/wp\/v2\/posts"}],"about":[{"href":"https:\/\/leregardlibre.com\/en\/wp-json\/wp\/v2\/types\/post"}],"author":[{"embeddable":true,"href":"https:\/\/leregardlibre.com\/en\/wp-json\/wp\/v2\/users\/91"}],"replies":[{"embeddable":true,"href":"https:\/\/leregardlibre.com\/en\/wp-json\/wp\/v2\/comments?post=38442"}],"version-history":[{"count":1,"href":"https:\/\/leregardlibre.com\/en\/wp-json\/wp\/v2\/posts\/38442\/revisions"}],"predecessor-version":[{"id":511056,"href":"https:\/\/leregardlibre.com\/en\/wp-json\/wp\/v2\/posts\/38442\/revisions\/511056"}],"wp:featuredmedia":[{"embeddable":true,"href":"https:\/\/leregardlibre.com\/en\/wp-json\/wp\/v2\/media\/38461"}],"wp:attachment":[{"href":"https:\/\/leregardlibre.com\/en\/wp-json\/wp\/v2\/media?parent=38442"}],"wp:term":[{"taxonomy":"category","embeddable":true,"href":"https:\/\/leregardlibre.com\/en\/wp-json\/wp\/v2\/categories?post=38442"},{"taxonomy":"post_tag","embeddable":true,"href":"https:\/\/leregardlibre.com\/en\/wp-json\/wp\/v2\/tags?post=38442"}],"curies":[{"name":"wp","href":"https:\/\/api.w.org\/{rel}","templated":true}]}}