{"id":39840,"date":"2021-04-06T18:40:49","date_gmt":"2021-04-06T16:40:49","guid":{"rendered":"https:\/\/leregardlibre.com\/?p=39840"},"modified":"2022-09-04T10:19:02","modified_gmt":"2022-09-04T08:19:02","slug":"hors-cadre-la-carte-postale-rencontre-furtive-avec-lart","status":"publish","type":"post","link":"https:\/\/leregardlibre.com\/en\/visual-arts\/hors-cadre-la-carte-postale-rencontre-furtive-avec-lart\/","title":{"rendered":"The postcard, a furtive encounter with art"},"content":{"rendered":"<div class='content_excerpt'>\n<p>Le Regard Libre N\u00b0 72 - Vinciane Vuilleumier<\/p>\n\n\n\n<p>Hors Cadre\u00ab series, episode 3<\/p>\n\n\n\n<p class=\"has-drop-cap\"><strong><\/strong><strong>We hang it on the wall, stick it in a notebook, slip it into a book, send it to a loved one, keep it preciously in a wooden box with the rest of the collection: the postcard is everywhere. There's nothing quite as vivid a feeling as finding a postcard in a second-hand book that wasn't once ours, and which bears the markings of an exchange or a memory we've missed.<\/strong><\/p>\n\n\n\n Read the long-format article (subscribers)\n    <div class='restricted_content_fade'><\/div>\n    <\/div>\n  <style>\n    .content_excerpt{\n      position: relative;\n    }\n    .content_excerpt .restricted_content_fade{\n      position: absolute;\n      bottom: 0;\n      left: 0;\n      right: 0;\n      height: 75px;\n\t  margin-bottom: 0px;\n      background-image: linear-gradient(#ffffff2e, white);\n    }\n\n    .restricted_content{\n      margin-top: 30px;\n      border: solid #dddddd 1px;\n      border-radius: 7px;\n      padding: 30px;\n    }\n    \n    .restricted_content .restricted_content_title{\n      font-size: 22px;\n      font-weight: 600;\n    }\n    .restricted_content .restricted_content_flex_row{\n      display: flex;\n      flex-direction: row;\n    }\n    .restricted_content .restricted_content_image_container{\n      flex: 3;\n    }\n    .restricted_content .restricted_content_flex_column{\n      flex: 4;\n      display: flex;\n      flex-direction: column;\n      margin-left: 40px;\n      justify-content: center;\n    }\n\n\n    .restricted_content_buttons{\n      display: flex;\n      flex-direction: column;\n      width: min-content;\n    }\n    .restricted_content_button{\n      background-color: #f2f2f2;\n      text-transform: uppercase;\n      font-weight: 600;\n      padding: 8px 40px;\n      text-align: center;\n      font-size: 13px;\n      margin-top: 10px;\n      width: max-content;\n      width: 100%;\n      white-space: nowrap;\n    }\n    .restricted_content_button:hover {\n      background-color: #111111;\n      color: white;\n      text-decoration: none !important;\n    }\n\n    .restricted_content_primary_button{\n      background-color: #1F2A68 !important;\n      color: white !important;\n    }\n    .restricted_content_primary_button:hover {\n      background-color: #111111;\n    }\n\n    .restricted_content_text{\n      margin-bottom: 10px;\n      line-height: 1.2;\n      font-weight: 500;\n      font-size: 16px;\n    }\n\n  \n  <\/style>\n  <div class='restricted_content'>\n    <h3 class='restricted_content_title'>This content is reserved for our subscribers.<\/h3>\n    <div class='restricted_content_flex_row'>\n      <div class='restricted_content_image_container'>\n        <img class='restricted_content_image' src='\/wp-content\/uploads\/2025\/08\/abo_physique.png' \/>\n      <\/div>\n      <div class='restricted_content_flex_column'>\n        <div class='restricted_content_text'>If you have an account, please log in. Otherwise, discover our different subscription packages and create an account from CHF 2.50 for the first month.<\/div>\n        <div class='restricted_content_buttons'>\n          <a href='\/en\/subscription\/' class='restricted_content_button restricted_content_primary_button'>See subscriptions<\/a><a href='\/en\/my-account\/?redirect_to=https:\/\/leregardlibre.com\/en\/visual-arts\/hors-cadre-la-carte-postale-rencontre-furtive-avec-lart\/'class='restricted_content_button'>Login<\/a><\/div>\n      <\/div>\n    <\/div>\n  <\/div>","protected":false},"excerpt":{"rendered":"<div class='content_excerpt'>\n<p>Le Regard Libre N\u00b0 72 - Vinciane Vuilleumier<\/p>\n<p>Hors Cadre\u00ab series, episode 3<\/p>\n<p class=\"has-drop-cap\"><strong><\/strong><strong>We hang it on the wall, stick it in a notebook, slip it into a book, send it to a loved one, keep it preciously in a wooden box with the rest of the collection: the postcard is everywhere. There's nothing quite as vivid a feeling as finding a postcard in a second-hand book that wasn't once ours, and which bears the markings of an exchange or a memory we've missed.<\/strong><\/p>\n<p> Read the long-format article (subscribers)<\/p>\n<div class='restricted_content_fade'><\/div>\n<\/p><\/div>\n<style>\n    .content_excerpt{\n      position: relative;\n    }\n    .content_excerpt .restricted_content_fade{\n      position: absolute;\n      bottom: 0;\n      left: 0;\n      right: 0;\n      height: 75px;\n\t  margin-bottom: 0px;\n      background-image: linear-gradient(#ffffff2e, white);\n    }<\/p>\n<p>    .restricted_content{\n      margin-top: 30px;\n      border: solid #dddddd 1px;\n      border-radius: 7px;\n      padding: 30px;\n    }<\/p>\n<p>    .restricted_content .restricted_content_title{\n      font-size: 22px;\n      font-weight: 600;\n    }\n    .restricted_content .restricted_content_flex_row{\n      display: flex;\n      flex-direction: row;\n    }\n    .restricted_content .restricted_content_image_container{\n      flex: 3;\n    }\n    .restricted_content .restricted_content_flex_column{\n      flex: 4;\n      display: flex;\n      flex-direction: column;\n      margin-left: 40px;\n      justify-content: center;\n    }<\/p>\n<p>    .restricted_content_buttons{\n      display: flex;\n      flex-direction: column;\n      width: min-content;\n    }\n    .restricted_content_button{\n      background-color: #f2f2f2;\n      text-transform: uppercase;\n      font-weight: 600;\n      padding: 8px 40px;\n      text-align: center;\n      font-size: 13px;\n      margin-top: 10px;\n      width: max-content;\n      width: 100%;\n      white-space: nowrap;\n    }\n    .restricted_content_button:hover {\n      background-color: #111111;\n      color: white;\n      text-decoration: none !important;\n    }<\/p>\n<p>    .restricted_content_primary_button{\n      background-color: #1F2A68 !important;\n      color: white !important;\n    }\n    .restricted_content_primary_button:hover {\n      background-color: #111111;\n    }<\/p>\n<p>    .restricted_content_text{\n      margin-bottom: 10px;\n      line-height: 1.2;\n      font-weight: 500;\n      font-size: 16px;\n    }<\/p>\n<\/style>\n<div class='restricted_content'>\n<h3 class='restricted_content_title'>This content is reserved for our subscribers.<\/h3>\n<div class='restricted_content_flex_row'>\n<div class='restricted_content_image_container'>\n        <img class='restricted_content_image' src='\/wp-content\/uploads\/2025\/08\/abo_physique.png' \/>\n      <\/div>\n<div class='restricted_content_flex_column'>\n<div class='restricted_content_text'>If you have an account, please log in. Otherwise, discover our different subscription packages and create an account from CHF 2.50 for the first month.<\/div>\n<div class='restricted_content_buttons'>\n          <a href='\/en\/subscription\/' class='restricted_content_button restricted_content_primary_button'>See subscriptions<\/a><a href='\/en\/my-account\/?redirect_to=https:\/\/leregardlibre.com\/en\/visual-arts\/hors-cadre-la-carte-postale-rencontre-furtive-avec-lart\/'class='restricted_content_button'>Login<\/a><\/div>\n<\/p><\/div>\n<\/p><\/div>\n<\/p><\/div>","protected":false},"author":142,"featured_media":39846,"comment_status":"open","ping_status":"closed","sticky":false,"template":"","format":"standard","meta":{"_acf_changed":false,"footnotes":""},"categories":[85539],"tags":[644356444,644356448,644356325,1206393,644356447],"class_list":["post-39840","post","type-post","status-publish","format-standard","has-post-thumbnail","hentry","category-arts-visuels","tag-carte-postale","tag-courbet","tag-hors-cadre","tag-intimite","tag-les-amants","membership-content","access-restricted"],"acf":[],"yoast_head":"<!-- This site is optimized with the Yoast SEO Premium plugin v27.4 (Yoast SEO v27.4) - https:\/\/yoast.com\/product\/yoast-seo-premium-wordpress\/ -->\n<title>La carte postale, rencontre furtive avec l\u2019art<\/title>\n<meta name=\"robots\" content=\"index, follow, max-snippet:-1, max-image-preview:large, max-video-preview:-1\" \/>\n<link rel=\"canonical\" href=\"https:\/\/leregardlibre.com\/en\/visual-arts\/hors-cadre-la-carte-postale-rencontre-furtive-avec-lart\/\" \/>\n<meta property=\"og:locale\" content=\"en_US\" \/>\n<meta property=\"og:type\" content=\"article\" \/>\n<meta property=\"og:title\" content=\"La carte postale, rencontre furtive avec l\u2019art\" \/>\n<meta property=\"og:description\" content=\"Vinciane Vuilleumier, peintre | On l\u2019accroche au mur, on la colle dans un carnet, on la glisse dans un livre, on l\u2019envoie \u00e0 un proche, on la garde pr\u00e9cieusement dans un coffret en bois avec le reste de la collection: la carte postale est partout. Il n\u2019y a rien de plus vif, comme sentiment, que de retrouver dans un livre de seconde main une carte postale qui ne fut pas la n\u00f4tre et qui porte les signes d\u2019un \u00e9change ou d\u2019un souvenir qui nous \u00e9chappe.\" \/>\n<meta property=\"og:url\" content=\"https:\/\/leregardlibre.com\/en\/visual-arts\/hors-cadre-la-carte-postale-rencontre-furtive-avec-lart\/\" \/>\n<meta property=\"og:site_name\" content=\"Le Regard Libre\" \/>\n<meta property=\"article:publisher\" content=\"https:\/\/www.facebook.com\/leregardlibre\/\" \/>\n<meta property=\"article:published_time\" content=\"2021-04-06T16:40:49+00:00\" \/>\n<meta property=\"article:modified_time\" content=\"2022-09-04T08:19:02+00:00\" \/>\n<meta property=\"og:image\" content=\"https:\/\/leregardlibre.com\/wp-content\/uploads\/2021\/04\/RL_mars_2021-2-2375115031-1617726651150.jpg\" \/>\n\t<meta property=\"og:image:width\" content=\"2194\" \/>\n\t<meta property=\"og:image:height\" content=\"1234\" \/>\n\t<meta property=\"og:image:type\" content=\"image\/jpeg\" \/>\n<meta name=\"author\" content=\"Vinciane Vuilleumier\" \/>\n<meta name=\"twitter:card\" content=\"summary_large_image\" \/>\n<meta name=\"twitter:creator\" content=\"@LeRegardLibre\" \/>\n<meta name=\"twitter:site\" content=\"@LeRegardLibre\" \/>\n<meta name=\"twitter:label1\" content=\"Written by\" \/>\n\t<meta name=\"twitter:data1\" content=\"Vinciane Vuilleumier\" \/>\n\t<meta name=\"twitter:label2\" content=\"Est. reading time\" \/>\n\t<meta name=\"twitter:data2\" content=\"7 minutes\" \/>\n<script type=\"application\/ld+json\" class=\"yoast-schema-graph\">{\"@context\":\"https:\\\/\\\/schema.org\",\"@graph\":[{\"@type\":\"Article\",\"@id\":\"https:\\\/\\\/leregardlibre.com\\\/arts-visuels\\\/hors-cadre-la-carte-postale-rencontre-furtive-avec-lart\\\/#article\",\"isPartOf\":{\"@id\":\"https:\\\/\\\/leregardlibre.com\\\/arts-visuels\\\/hors-cadre-la-carte-postale-rencontre-furtive-avec-lart\\\/\"},\"author\":{\"name\":\"Vinciane Vuilleumier\",\"@id\":\"https:\\\/\\\/leregardlibre.com\\\/#\\\/schema\\\/person\\\/29a68f29afbb83181914477930acc889\"},\"headline\":\"La carte postale, rencontre furtive avec l\u2019art\",\"datePublished\":\"2021-04-06T16:40:49+00:00\",\"dateModified\":\"2022-09-04T08:19:02+00:00\",\"mainEntityOfPage\":{\"@id\":\"https:\\\/\\\/leregardlibre.com\\\/arts-visuels\\\/hors-cadre-la-carte-postale-rencontre-furtive-avec-lart\\\/\"},\"wordCount\":1474,\"commentCount\":0,\"publisher\":{\"@id\":\"https:\\\/\\\/leregardlibre.com\\\/#organization\"},\"image\":{\"@id\":\"https:\\\/\\\/leregardlibre.com\\\/arts-visuels\\\/hors-cadre-la-carte-postale-rencontre-furtive-avec-lart\\\/#primaryimage\"},\"thumbnailUrl\":\"https:\\\/\\\/leregardlibre.com\\\/wp-content\\\/uploads\\\/2021\\\/04\\\/RL_mars_2021-2-2375115031-1617726651150.jpg\",\"keywords\":[\"carte postale\",\"courbet\",\"Hors cadre\",\"intimit\u00e9\",\"les amants\"],\"articleSection\":[\"Arts visuels\"],\"inLanguage\":\"en-US\",\"potentialAction\":[{\"@type\":\"CommentAction\",\"name\":\"Comment\",\"target\":[\"https:\\\/\\\/leregardlibre.com\\\/arts-visuels\\\/hors-cadre-la-carte-postale-rencontre-furtive-avec-lart\\\/#respond\"]}]},{\"@type\":\"WebPage\",\"@id\":\"https:\\\/\\\/leregardlibre.com\\\/arts-visuels\\\/hors-cadre-la-carte-postale-rencontre-furtive-avec-lart\\\/\",\"url\":\"https:\\\/\\\/leregardlibre.com\\\/arts-visuels\\\/hors-cadre-la-carte-postale-rencontre-furtive-avec-lart\\\/\",\"name\":\"La carte postale, rencontre furtive avec l\u2019art\",\"isPartOf\":{\"@id\":\"https:\\\/\\\/leregardlibre.com\\\/#website\"},\"primaryImageOfPage\":{\"@id\":\"https:\\\/\\\/leregardlibre.com\\\/arts-visuels\\\/hors-cadre-la-carte-postale-rencontre-furtive-avec-lart\\\/#primaryimage\"},\"image\":{\"@id\":\"https:\\\/\\\/leregardlibre.com\\\/arts-visuels\\\/hors-cadre-la-carte-postale-rencontre-furtive-avec-lart\\\/#primaryimage\"},\"thumbnailUrl\":\"https:\\\/\\\/leregardlibre.com\\\/wp-content\\\/uploads\\\/2021\\\/04\\\/RL_mars_2021-2-2375115031-1617726651150.jpg\",\"datePublished\":\"2021-04-06T16:40:49+00:00\",\"dateModified\":\"2022-09-04T08:19:02+00:00\",\"breadcrumb\":{\"@id\":\"https:\\\/\\\/leregardlibre.com\\\/arts-visuels\\\/hors-cadre-la-carte-postale-rencontre-furtive-avec-lart\\\/#breadcrumb\"},\"inLanguage\":\"en-US\",\"potentialAction\":[{\"@type\":\"ReadAction\",\"target\":[\"https:\\\/\\\/leregardlibre.com\\\/arts-visuels\\\/hors-cadre-la-carte-postale-rencontre-furtive-avec-lart\\\/\"]}]},{\"@type\":\"ImageObject\",\"inLanguage\":\"en-US\",\"@id\":\"https:\\\/\\\/leregardlibre.com\\\/arts-visuels\\\/hors-cadre-la-carte-postale-rencontre-furtive-avec-lart\\\/#primaryimage\",\"url\":\"https:\\\/\\\/leregardlibre.com\\\/wp-content\\\/uploads\\\/2021\\\/04\\\/RL_mars_2021-2-2375115031-1617726651150.jpg\",\"contentUrl\":\"https:\\\/\\\/leregardlibre.com\\\/wp-content\\\/uploads\\\/2021\\\/04\\\/RL_mars_2021-2-2375115031-1617726651150.jpg\",\"width\":2194,\"height\":1234},{\"@type\":\"BreadcrumbList\",\"@id\":\"https:\\\/\\\/leregardlibre.com\\\/arts-visuels\\\/hors-cadre-la-carte-postale-rencontre-furtive-avec-lart\\\/#breadcrumb\",\"itemListElement\":[{\"@type\":\"ListItem\",\"position\":1,\"name\":\"Accueil\",\"item\":\"https:\\\/\\\/leregardlibre.com\\\/\"},{\"@type\":\"ListItem\",\"position\":2,\"name\":\"La carte postale, rencontre furtive avec l\u2019art\"}]},{\"@type\":\"WebSite\",\"@id\":\"https:\\\/\\\/leregardlibre.com\\\/#website\",\"url\":\"https:\\\/\\\/leregardlibre.com\\\/\",\"name\":\"Le Regard Libre\",\"description\":\"Premier mensuel suisse de d\u00e9bat\",\"publisher\":{\"@id\":\"https:\\\/\\\/leregardlibre.com\\\/#organization\"},\"potentialAction\":[{\"@type\":\"SearchAction\",\"target\":{\"@type\":\"EntryPoint\",\"urlTemplate\":\"https:\\\/\\\/leregardlibre.com\\\/?s={search_term_string}\"},\"query-input\":{\"@type\":\"PropertyValueSpecification\",\"valueRequired\":true,\"valueName\":\"search_term_string\"}}],\"inLanguage\":\"en-US\"},{\"@type\":\"Organization\",\"@id\":\"https:\\\/\\\/leregardlibre.com\\\/#organization\",\"name\":\"Le Regard Libre\",\"url\":\"https:\\\/\\\/leregardlibre.com\\\/\",\"logo\":{\"@type\":\"ImageObject\",\"inLanguage\":\"en-US\",\"@id\":\"https:\\\/\\\/leregardlibre.com\\\/#\\\/schema\\\/logo\\\/image\\\/\",\"url\":\"https:\\\/\\\/leregardlibre.com\\\/wp-content\\\/uploads\\\/2025\\\/08\\\/logo-rl-icone-neg.jpeg\",\"contentUrl\":\"https:\\\/\\\/leregardlibre.com\\\/wp-content\\\/uploads\\\/2025\\\/08\\\/logo-rl-icone-neg.jpeg\",\"width\":557,\"height\":556,\"caption\":\"Le Regard Libre\"},\"image\":{\"@id\":\"https:\\\/\\\/leregardlibre.com\\\/#\\\/schema\\\/logo\\\/image\\\/\"},\"sameAs\":[\"https:\\\/\\\/www.facebook.com\\\/leregardlibre\\\/\",\"https:\\\/\\\/x.com\\\/LeRegardLibre\",\"https:\\\/\\\/www.linkedin.com\\\/company\\\/le-regard-libre\",\"https:\\\/\\\/www.instagram.com\\\/leregardlibre\\\/\",\"http:\\\/\\\/t.me\\\/leregardlibre\",\"https:\\\/\\\/youtube.com\\\/channel\\\/UC6HzGPomj1LsUmlz-sJtITQ\"],\"description\":\"Le Regard Libre est un mensuel suisse de d\u00e9bat intellectuel et culturel. Sa r\u00e9daction est jeune, b\u00e9n\u00e9vole, lib\u00e9rale et pluraliste. Le magazine para\u00eet en ligne et sous forme papier. Sa langue est le fran\u00e7ais.\",\"email\":\"redaction@leregardlibre.com\",\"legalName\":\"Le Regard Libre\",\"foundingDate\":\"2014-01-01\",\"numberOfEmployees\":{\"@type\":\"QuantitativeValue\",\"minValue\":\"11\",\"maxValue\":\"50\"},\"publishingPrinciples\":\"https:\\\/\\\/leregardlibre.com\\\/a-propos\\\/notre-manifeste\\\/\",\"ownershipFundingInfo\":\"https:\\\/\\\/leregardlibre.com\\\/mentions-legales\\\/\",\"actionableFeedbackPolicy\":\"https:\\\/\\\/leregardlibre.com\\\/conditions-generales-de-vente\\\/\"},{\"@type\":\"Person\",\"@id\":\"https:\\\/\\\/leregardlibre.com\\\/#\\\/schema\\\/person\\\/29a68f29afbb83181914477930acc889\",\"name\":\"Vinciane Vuilleumier\",\"image\":{\"@type\":\"ImageObject\",\"inLanguage\":\"en-US\",\"@id\":\"https:\\\/\\\/secure.gravatar.com\\\/avatar\\\/3b459392bd25ba0b1cbd75c54e3ac272292a9451f30c02e1e5254ace55c995e0?s=96&d=identicon&r=g\",\"url\":\"https:\\\/\\\/secure.gravatar.com\\\/avatar\\\/3b459392bd25ba0b1cbd75c54e3ac272292a9451f30c02e1e5254ace55c995e0?s=96&d=identicon&r=g\",\"contentUrl\":\"https:\\\/\\\/secure.gravatar.com\\\/avatar\\\/3b459392bd25ba0b1cbd75c54e3ac272292a9451f30c02e1e5254ace55c995e0?s=96&d=identicon&r=g\",\"caption\":\"Vinciane Vuilleumier\"},\"url\":\"https:\\\/\\\/leregardlibre.com\\\/en\\\/author\\\/vinciane-vuilleumier\\\/\"}]}<\/script>\n<!-- \/ Yoast SEO Premium plugin. -->","yoast_head_json":{"title":"The postcard, a furtive encounter with art","robots":{"index":"index","follow":"follow","max-snippet":"max-snippet:-1","max-image-preview":"max-image-preview:large","max-video-preview":"max-video-preview:-1"},"canonical":"https:\/\/leregardlibre.com\/en\/visual-arts\/hors-cadre-la-carte-postale-rencontre-furtive-avec-lart\/","og_locale":"en_US","og_type":"article","og_title":"La carte postale, rencontre furtive avec l\u2019art","og_description":"Vinciane Vuilleumier, peintre | On l\u2019accroche au mur, on la colle dans un carnet, on la glisse dans un livre, on l\u2019envoie \u00e0 un proche, on la garde pr\u00e9cieusement dans un coffret en bois avec le reste de la collection: la carte postale est partout. Il n\u2019y a rien de plus vif, comme sentiment, que de retrouver dans un livre de seconde main une carte postale qui ne fut pas la n\u00f4tre et qui porte les signes d\u2019un \u00e9change ou d\u2019un souvenir qui nous \u00e9chappe.","og_url":"https:\/\/leregardlibre.com\/en\/visual-arts\/hors-cadre-la-carte-postale-rencontre-furtive-avec-lart\/","og_site_name":"Le Regard Libre","article_publisher":"https:\/\/www.facebook.com\/leregardlibre\/","article_published_time":"2021-04-06T16:40:49+00:00","article_modified_time":"2022-09-04T08:19:02+00:00","og_image":[{"width":2194,"height":1234,"url":"https:\/\/leregardlibre.com\/wp-content\/uploads\/2021\/04\/RL_mars_2021-2-2375115031-1617726651150.jpg","type":"image\/jpeg"}],"author":"Vinciane Vuilleumier","twitter_card":"summary_large_image","twitter_creator":"@LeRegardLibre","twitter_site":"@LeRegardLibre","twitter_misc":{"Written by":"Vinciane Vuilleumier","Est. reading time":"7 minutes"},"schema":{"@context":"https:\/\/schema.org","@graph":[{"@type":"Article","@id":"https:\/\/leregardlibre.com\/arts-visuels\/hors-cadre-la-carte-postale-rencontre-furtive-avec-lart\/#article","isPartOf":{"@id":"https:\/\/leregardlibre.com\/arts-visuels\/hors-cadre-la-carte-postale-rencontre-furtive-avec-lart\/"},"author":{"name":"Vinciane Vuilleumier","@id":"https:\/\/leregardlibre.com\/#\/schema\/person\/29a68f29afbb83181914477930acc889"},"headline":"La carte postale, rencontre furtive avec l\u2019art","datePublished":"2021-04-06T16:40:49+00:00","dateModified":"2022-09-04T08:19:02+00:00","mainEntityOfPage":{"@id":"https:\/\/leregardlibre.com\/arts-visuels\/hors-cadre-la-carte-postale-rencontre-furtive-avec-lart\/"},"wordCount":1474,"commentCount":0,"publisher":{"@id":"https:\/\/leregardlibre.com\/#organization"},"image":{"@id":"https:\/\/leregardlibre.com\/arts-visuels\/hors-cadre-la-carte-postale-rencontre-furtive-avec-lart\/#primaryimage"},"thumbnailUrl":"https:\/\/leregardlibre.com\/wp-content\/uploads\/2021\/04\/RL_mars_2021-2-2375115031-1617726651150.jpg","keywords":["carte postale","courbet","Hors cadre","intimit\u00e9","les amants"],"articleSection":["Arts visuels"],"inLanguage":"en-US","potentialAction":[{"@type":"CommentAction","name":"Comment","target":["https:\/\/leregardlibre.com\/arts-visuels\/hors-cadre-la-carte-postale-rencontre-furtive-avec-lart\/#respond"]}]},{"@type":"WebPage","@id":"https:\/\/leregardlibre.com\/arts-visuels\/hors-cadre-la-carte-postale-rencontre-furtive-avec-lart\/","url":"https:\/\/leregardlibre.com\/arts-visuels\/hors-cadre-la-carte-postale-rencontre-furtive-avec-lart\/","name":"The postcard, a furtive encounter with art","isPartOf":{"@id":"https:\/\/leregardlibre.com\/#website"},"primaryImageOfPage":{"@id":"https:\/\/leregardlibre.com\/arts-visuels\/hors-cadre-la-carte-postale-rencontre-furtive-avec-lart\/#primaryimage"},"image":{"@id":"https:\/\/leregardlibre.com\/arts-visuels\/hors-cadre-la-carte-postale-rencontre-furtive-avec-lart\/#primaryimage"},"thumbnailUrl":"https:\/\/leregardlibre.com\/wp-content\/uploads\/2021\/04\/RL_mars_2021-2-2375115031-1617726651150.jpg","datePublished":"2021-04-06T16:40:49+00:00","dateModified":"2022-09-04T08:19:02+00:00","breadcrumb":{"@id":"https:\/\/leregardlibre.com\/arts-visuels\/hors-cadre-la-carte-postale-rencontre-furtive-avec-lart\/#breadcrumb"},"inLanguage":"en-US","potentialAction":[{"@type":"ReadAction","target":["https:\/\/leregardlibre.com\/arts-visuels\/hors-cadre-la-carte-postale-rencontre-furtive-avec-lart\/"]}]},{"@type":"ImageObject","inLanguage":"en-US","@id":"https:\/\/leregardlibre.com\/arts-visuels\/hors-cadre-la-carte-postale-rencontre-furtive-avec-lart\/#primaryimage","url":"https:\/\/leregardlibre.com\/wp-content\/uploads\/2021\/04\/RL_mars_2021-2-2375115031-1617726651150.jpg","contentUrl":"https:\/\/leregardlibre.com\/wp-content\/uploads\/2021\/04\/RL_mars_2021-2-2375115031-1617726651150.jpg","width":2194,"height":1234},{"@type":"BreadcrumbList","@id":"https:\/\/leregardlibre.com\/arts-visuels\/hors-cadre-la-carte-postale-rencontre-furtive-avec-lart\/#breadcrumb","itemListElement":[{"@type":"ListItem","position":1,"name":"Accueil","item":"https:\/\/leregardlibre.com\/"},{"@type":"ListItem","position":2,"name":"La carte postale, rencontre furtive avec l\u2019art"}]},{"@type":"WebSite","@id":"https:\/\/leregardlibre.com\/#website","url":"https:\/\/leregardlibre.com\/","name":"Le Regard Libre","description":"Switzerland's first monthly debate magazine","publisher":{"@id":"https:\/\/leregardlibre.com\/#organization"},"potentialAction":[{"@type":"SearchAction","target":{"@type":"EntryPoint","urlTemplate":"https:\/\/leregardlibre.com\/?s={search_term_string}"},"query-input":{"@type":"PropertyValueSpecification","valueRequired":true,"valueName":"search_term_string"}}],"inLanguage":"en-US"},{"@type":"Organization","@id":"https:\/\/leregardlibre.com\/#organization","name":"Le Regard Libre","url":"https:\/\/leregardlibre.com\/","logo":{"@type":"ImageObject","inLanguage":"en-US","@id":"https:\/\/leregardlibre.com\/#\/schema\/logo\/image\/","url":"https:\/\/leregardlibre.com\/wp-content\/uploads\/2025\/08\/logo-rl-icone-neg.jpeg","contentUrl":"https:\/\/leregardlibre.com\/wp-content\/uploads\/2025\/08\/logo-rl-icone-neg.jpeg","width":557,"height":556,"caption":"Le Regard Libre"},"image":{"@id":"https:\/\/leregardlibre.com\/#\/schema\/logo\/image\/"},"sameAs":["https:\/\/www.facebook.com\/leregardlibre\/","https:\/\/x.com\/LeRegardLibre","https:\/\/www.linkedin.com\/company\/le-regard-libre","https:\/\/www.instagram.com\/leregardlibre\/","http:\/\/t.me\/leregardlibre","https:\/\/youtube.com\/channel\/UC6HzGPomj1LsUmlz-sJtITQ"],"description":"Le Regard Libre is a Swiss monthly magazine for intellectual and cultural debate. Its editorial team is young, voluntary, liberal and pluralist. The magazine appears online and in print. Its language is French.","email":"redaction@leregardlibre.com","legalName":"Le Regard Libre","foundingDate":"2014-01-01","numberOfEmployees":{"@type":"QuantitativeValue","minValue":"11","maxValue":"50"},"publishingPrinciples":"https:\/\/leregardlibre.com\/a-propos\/notre-manifeste\/","ownershipFundingInfo":"https:\/\/leregardlibre.com\/mentions-legales\/","actionableFeedbackPolicy":"https:\/\/leregardlibre.com\/conditions-generales-de-vente\/"},{"@type":"Person","@id":"https:\/\/leregardlibre.com\/#\/schema\/person\/29a68f29afbb83181914477930acc889","name":"Vinciane Vuilleumier","image":{"@type":"ImageObject","inLanguage":"en-US","@id":"https:\/\/secure.gravatar.com\/avatar\/3b459392bd25ba0b1cbd75c54e3ac272292a9451f30c02e1e5254ace55c995e0?s=96&d=identicon&r=g","url":"https:\/\/secure.gravatar.com\/avatar\/3b459392bd25ba0b1cbd75c54e3ac272292a9451f30c02e1e5254ace55c995e0?s=96&d=identicon&r=g","contentUrl":"https:\/\/secure.gravatar.com\/avatar\/3b459392bd25ba0b1cbd75c54e3ac272292a9451f30c02e1e5254ace55c995e0?s=96&d=identicon&r=g","caption":"Vinciane Vuilleumier"},"url":"https:\/\/leregardlibre.com\/en\/author\/vinciane-vuilleumier\/"}]}},"_links":{"self":[{"href":"https:\/\/leregardlibre.com\/en\/wp-json\/wp\/v2\/posts\/39840","targetHints":{"allow":["GET"]}}],"collection":[{"href":"https:\/\/leregardlibre.com\/en\/wp-json\/wp\/v2\/posts"}],"about":[{"href":"https:\/\/leregardlibre.com\/en\/wp-json\/wp\/v2\/types\/post"}],"author":[{"embeddable":true,"href":"https:\/\/leregardlibre.com\/en\/wp-json\/wp\/v2\/users\/142"}],"replies":[{"embeddable":true,"href":"https:\/\/leregardlibre.com\/en\/wp-json\/wp\/v2\/comments?post=39840"}],"version-history":[{"count":1,"href":"https:\/\/leregardlibre.com\/en\/wp-json\/wp\/v2\/posts\/39840\/revisions"}],"predecessor-version":[{"id":511103,"href":"https:\/\/leregardlibre.com\/en\/wp-json\/wp\/v2\/posts\/39840\/revisions\/511103"}],"wp:featuredmedia":[{"embeddable":true,"href":"https:\/\/leregardlibre.com\/en\/wp-json\/wp\/v2\/media\/39846"}],"wp:attachment":[{"href":"https:\/\/leregardlibre.com\/en\/wp-json\/wp\/v2\/media?parent=39840"}],"wp:term":[{"taxonomy":"category","embeddable":true,"href":"https:\/\/leregardlibre.com\/en\/wp-json\/wp\/v2\/categories?post=39840"},{"taxonomy":"post_tag","embeddable":true,"href":"https:\/\/leregardlibre.com\/en\/wp-json\/wp\/v2\/tags?post=39840"}],"curies":[{"name":"wp","href":"https:\/\/api.w.org\/{rel}","templated":true}]}}