{"id":39978,"date":"2021-04-14T12:00:00","date_gmt":"2021-04-14T10:00:00","guid":{"rendered":"https:\/\/leregardlibre.com\/?p=39978"},"modified":"2025-12-04T22:25:20","modified_gmt":"2025-12-04T21:25:20","slug":"the-tie-the-sacrificed-ideas","status":"publish","type":"post","link":"https:\/\/leregardlibre.com\/en\/cinema\/films\/the-tie-the-sacrificed-ideas\/","title":{"rendered":"\u00abLa Cravate\u00bb: ideas sacrificed"},"content":{"rendered":"<p><em><span data-sheets-value=\"{&quot;1&quot;:2,&quot;2&quot;:&quot;Les mercredis du cin\u00e9ma&quot;}\" data-sheets-userformat=\"{&quot;2&quot;:5037,&quot;3&quot;:{&quot;1&quot;:0},&quot;5&quot;:{&quot;1&quot;:[{&quot;1&quot;:2,&quot;2&quot;:0,&quot;5&quot;:{&quot;1&quot;:2,&quot;2&quot;:0}},{&quot;1&quot;:0,&quot;2&quot;:0,&quot;3&quot;:3},{&quot;1&quot;:1,&quot;2&quot;:0,&quot;4&quot;:1}]},&quot;6&quot;:{&quot;1&quot;:[{&quot;1&quot;:2,&quot;2&quot;:0,&quot;5&quot;:{&quot;1&quot;:2,&quot;2&quot;:0}},{&quot;1&quot;:0,&quot;2&quot;:0,&quot;3&quot;:3},{&quot;1&quot;:1,&quot;2&quot;:0,&quot;4&quot;:1}]},&quot;8&quot;:{&quot;1&quot;:[{&quot;1&quot;:2,&quot;2&quot;:0,&quot;5&quot;:{&quot;1&quot;:2,&quot;2&quot;:0}},{&quot;1&quot;:0,&quot;2&quot;:0,&quot;3&quot;:3},{&quot;1&quot;:1,&quot;2&quot;:0,&quot;4&quot;:1}]},&quot;10&quot;:1,&quot;11&quot;:4,&quot;12&quot;:0,&quot;15&quot;:&quot;arial,sans,sans-serif&quot;}\">Cinema Wednesdays<\/span>- Fanny Agostino<\/em><\/p>\n\n\n\n<p class=\"has-drop-cap\"><strong>Ah, campaign posters. Municipal, federal or presidential, they all have these few features in common: a big smile, a look towards the horizon, a neutral background, a slogan inspired by a semblance of renewal and fine promises. But have you ever wondered about the lives of the little hands that printed, distributed and pasted these posters? Mathias Th\u00e9ry and Etienne Chaillou took a closer look at the inner workings of French political parties. By following the itinerary of a Front National activist before and after the 2017 campaign, this documentary takes us by surprise. It avoids the clich\u00e9s and preconceptions of these tiny lives condemned to live in the shadows of the political game and its privileged circles.\u00a0\u00a0<\/strong><\/p>\n\n\n\n<!--more Lire la suite de la critique (en libre acc\u00e8s)-->\n\n\n\n<figure class=\"wp-block-embed is-type-video is-provider-youtube wp-block-embed-youtube wp-embed-aspect-16-9 wp-has-aspect-ratio\"><div class=\"wp-block-embed__wrapper\">\n<iframe title=\"La Cravate - HD trailer\" width=\"1000\" height=\"563\" src=\"https:\/\/www.youtube.com\/embed\/1ZzQw3VxzFE?feature=oembed\" frameborder=\"0\" allow=\"accelerometer; autoplay; clipboard-write; encrypted-media; gyroscope; picture-in-picture; web-share\" referrerpolicy=\"strict-origin-when-cross-origin\" allowfullscreen><\/iframe>\n<\/div><\/figure>\n\n\n\n<p>From its pitch, you'd have thought it was an indictment documentary on the excesses of the extremes and the dangerousness of the \u00abbleu Marine\u00bb wave. But take a look. Bastien R\u00e9gnier is 20 years old. He comes from Hauts-de-France. He looks like a teddy bear, with a soft, slightly redneck look in his T-shirts emblazoned with the \"Bleu Marine\" logo. <strong>\u00ab<\/strong>Proud to be Picard<strong>\u00bb<\/strong>. Above all, Bastien has strong views on France and its migration policy. These are convictions that he carries into his constituency by joining the ranks of the Front National (now Rassemblement National).<\/p>\n\n\n\n<p>After an unsuccessful education and a troubled school past, he supports himself through his work as the manager of a <em>laser game<\/em>. In his spare time, he can be found canvassing in markets, sticking up campaign posters in the middle of the night, and managing the FN's communications with the regional office manager. In his attic bedroom, a poster of Marine Le Pen. Bastien has everything it takes to be the archetypal French redneck, frustrated and scowling at his failures. The kind of guy who takes his tranquilizer fix from radical rhetoric, the only escape from all his worries.\u00a0<\/p>\n\n\n\n<p>This could have been the directors' caricature. On the contrary, Bastien's portrait is of genuine interest and unbiased vision. Far from pigeonholing the young adult as a brainless fascist, it traces the sinuous path of a shadowy voter with a shattered childhood.<\/p>\n\n\n\n<form method=\"post\" action=\"https:\/\/newsletter.infomaniak.com\/external\/submit\" class=\"inf-form\" target=\"_blank\"><input type=\"email\" name=\"email\" style=\"display:none\"><input type=\"hidden\" name=\"key\" value=\"eyJpdiI6IlZXRVJGMlRGQUU2alNqUE81bitIUk5adnNVa0c4MllFTStzOHdHT1FQZ3c9IiwidmFsdWUiOiJIYzhwMUVCK1pTNnlhY3MyMmhuZlhReWJqemEwNk93blMxTjFHc0s2VHZrPSIsIm1hYyI6ImVhYTQ5N2I1M2NiYWE4NzBmNjk2NzgzYjliM2Y5NmYzM2E2ZmU3NGQxNTU1ZDFkMTU1MzY5NTdjYjE3ZTJmNTUifQ==\"><input type=\"hidden\" name=\"webform_id\" value=\"7291\"><style> .inf-main_3000311ca56a1cb93397bc676c0b7fff{ background-color:#f5f5f5; padding:25px 20px; margin:25px auto; } .inf-main_3000311ca56a1cb93397bc676c0b7fff .inf-content { margin-top:13px;} .inf-main_3000311ca56a1cb93397bc676c0b7fff h4, .inf-main_3000311ca56a1cb93397bc676c0b7fff span, .inf-main_3000311ca56a1cb93397bc676c0b7fff label, .inf-main_3000311ca56a1cb93397bc676c0b7fff input, .inf-main_3000311ca56a1cb93397bc676c0b7fff .inf-submit, .inf-main_3000311ca56a1cb93397bc676c0b7fff .inf-success p a { color:#555555; font-size:14px; } .inf-main_3000311ca56a1cb93397bc676c0b7fff h4{ font-size:18px; margin:0px 0px 13px 0px; } .inf-main_3000311ca56a1cb93397bc676c0b7fff h4, .inf-main_3000311ca56a1cb93397bc676c0b7fff label{ font-weight:bold; } .inf-main_3000311ca56a1cb93397bc676c0b7fff .inf-input { margin-bottom:7px; } .inf-main_3000311ca56a1cb93397bc676c0b7fff label { display:block;} .inf-main_3000311ca56a1cb93397bc676c0b7fff input{ height:35px; color:#999999; border: 1px solid #E9E9E9; border:none; padding-left:7px; } .inf-main_3000311ca56a1cb93397bc676c0b7fff .inf-input.inf-error label, .inf-main_3000311ca56a1cb93397bc676c0b7fff .inf-input.inf-error span.inf-message{ color: #cc0033; } .inf-main_3000311ca56a1cb93397bc676c0b7fff .inf-input.inf-error input{ border: 1px solid #cc0033; } .inf-main_3000311ca56a1cb93397bc676c0b7fff .inf-input input { width:100%;} .inf-main_3000311ca56a1cb93397bc676c0b7fff .inf-input.inf-error span.inf-message { display: block; } .inf-main_3000311ca56a1cb93397bc676c0b7fff .inf-submit { text-align:right;} .inf-main_3000311ca56a1cb93397bc676c0b7fff .inf-submit input{ background-color:#777777; color:#ffffff; border:none; font-weight: normal; height:auto; padding:7px; } .inf-main_3000311ca56a1cb93397bc676c0b7fff .inf-submit input.disabled{ opacity: 0.4; } .inf-btn { color: rgb(85, 85, 85); border: medium none; font-weight: normal; height: auto; padding: 7px; display: inline-block; background-color: white; box-shadow: 0px 1px 1px rgba(0, 0, 0, 0.24); border-radius: 2px; line-height: 1em; } .inf-rgpd { margin:25px 0px 15px 0px; color:#555555; } <\/style> <div class=\"inf-main_3000311ca56a1cb93397bc676c0b7fff\"> <h4>NEWSLETTER DU REGARD LIBRE<\/h4> <span>Receive our articles every Sunday.<\/span> <div class=\"inf-success\" style=\"display:none\"> <h4>Your subscription to our weekly newsletter has been successfully registered!<\/h4> <p> <a href=\"#\" class=\"inf-btn\">\u00ab<\/a> <\/p> <\/div> <div class=\"inf-content\"> <div class=\"inf-input inf-input-text\"> <input type=\"text\" name=\"inf[1]\" data-inf-meta=\"1\" data-inf-error=\"Merci de renseigner une adresse email\" required=\"required\" placeholder=\"Email\"> <\/div> <div class=\"inf-submit\"> <input type=\"submit\" name=\"\" value=\"Sign up\"> <\/div> <\/div> <\/div> <\/form>\n\n\n\n<h3 class=\"wp-block-heading\"><strong>Understanding through distance<\/strong><\/h3>\n\n\n\n<p>The documentary begins with Bastien R\u00e9gnier entering a darkened room. Seated in an armchair, he picks up a small spiral notebook, in which he discovers the script for the documentary he is the subject of. Bastien finds himself confronted with the <em>storytelling<\/em> from <em>La Cravate<\/em> after the various sequences have been shot, and certainly by the time editing has already begun. He reads it out, merging it with the overdubbed voice. Like the spectator, Bastien is in a passive position. As a reader, he is faced with the already-written narrative of his own story. He is a character in a novel. This soundtrack is the connecting point of the documentary. Indeed, all the images are silent, with the exception of noises or snatches of dialogue that are always blurred and almost inaudible. Only the voice of one of the filmmakers guides us, contextualizing and giving meaning to the images.<\/p>\n\n\n\n<p>In this way, we're always distanced from the speeches and dialogues, from raw reality in its immediacy. Mathias Th\u00e9ry and Etienne Chaillou have cleverly opted for distance. We are certainly forced and subjected to this narrative entity, which recounts the facts and re-enacts the dialogues, but the ingenuity of this device avoids the pitfall of sarcasm and prevents us from taking shortcuts to a biased interpretation. It's not a question of being indignant or, on the contrary, approving of Bastien's choices, but of understanding what led him down this path of an ordinary activist. This technique also reflects Bastien's role in his party. Always in the background, behind the cameras or in the back of the community hall. The real-life footage and Bastien's day-to-day situations don't allow us to grasp why his journey is so interesting.\u00a0<\/p>\n\n\n\n\n\n<p>It also highlights the problems associated with a subject that touches on the life of a stranger. Making Bastien R\u00e9gnier's life public also puts him in danger. This staging also allows Bastien to intervene in the final assembly of the documentary: as he reads the script, Bastien has the freedom to intervene to rectify or delete certain passages or terms from the text, to make them more neutral or to re-establish a truth.\u00a0<\/p>\n\n\n\n<h3 class=\"wp-block-heading\"><strong>Existing in the shadows<\/strong><\/h3>\n\n\n\n<p>The two filmmakers also succeeded in following an FN supporter on the campaign trail. All the more so at a time when the Front National was restructuring its party and looking to win over a new segment of the population. While remaining aloof from the political discourse in <em>meeting<\/em>, The camera is present at events that marked the 2017 presidential election, such as Marine Le Pen's visit to the Whirlpool factory in Amiens. This sequence gives a behind-the-scenes look at the visit. <strong>\u00ab<\/strong>surprise<strong>\u00bb<\/strong> of the candidate and all the upstream preparations made by the Lep\u00e9nistes. This was also the case for the launch of the YouTube channel of the party's former number two, Florian Philippot. With his computer and editing skills, Bastien is the instigator of the <em>bad buzz<\/em> provoked by the first video Philippot put online... laughed at for its amateurism even on Yann Barth\u00e8s\u00ab \u00bbQuotidien\" show.<\/p>\n\n\n\n\n\n<p>The second part of the documentary coincides with what must be called a revelation for Bastien. An idealistic activist, he realizes that the values and ideas he thought were common to his party's followers are only secondary to the personal issues at stake. The party's leading figures are betting above all on their careers and their political futures. But this disillusionment does not discourage the man from his ideals.&nbsp;<\/p>\n\n\n\n<p>Without revealing the reason, we also discover the facts that force Bastien to remain in the shadows. Like so many other naive idealists, Bastien's portrait, told in the voice of one of the co-directors, is poignant and transparent. A masterpiece of contemporary realism.<\/p>\n\n\n\n<p><em>Write to the author:&nbsp;<a href=\"mailto:fanny.agostino@leregardlibre.com\">fanny.agostino@leregardlibre.com<\/a><\/em><\/p>\n\n\n\n<div class=\"wp-block-image\"><figure class=\"aligncenter size-large\"><img fetchpriority=\"high\" decoding=\"async\" width=\"1707\" height=\"2560\" src=\"http:\/\/leregardlibre.com\/wp-content\/uploads\/2021\/04\/Affiche_La-Cravate_V1-scaled.jpg\" alt=\"\" class=\"wp-image-39984\" srcset=\"https:\/\/leregardlibre.com\/wp-content\/uploads\/2021\/04\/Affiche_La-Cravate_V1-scaled.jpg 1707w, https:\/\/leregardlibre.com\/wp-content\/uploads\/2021\/04\/Affiche_La-Cravate_V1-scaled-200x300.jpg 200w, https:\/\/leregardlibre.com\/wp-content\/uploads\/2021\/04\/Affiche_La-Cravate_V1-scaled-683x1024.jpg 683w, https:\/\/leregardlibre.com\/wp-content\/uploads\/2021\/04\/Affiche_La-Cravate_V1-scaled-100x150.jpg 100w, https:\/\/leregardlibre.com\/wp-content\/uploads\/2021\/04\/Affiche_La-Cravate_V1-scaled-768x1152.jpg 768w, https:\/\/leregardlibre.com\/wp-content\/uploads\/2021\/04\/Affiche_La-Cravate_V1-scaled-1170x1755.jpg 1170w, https:\/\/leregardlibre.com\/wp-content\/uploads\/2021\/04\/Affiche_La-Cravate_V1-scaled-585x877.jpg 585w, https:\/\/leregardlibre.com\/wp-content\/uploads\/2021\/04\/Affiche_La-Cravate_V1-scaled-300x450.jpg 300w, https:\/\/leregardlibre.com\/wp-content\/uploads\/2021\/04\/Affiche_La-Cravate_V1-scaled-600x900.jpg 600w\" sizes=\"(max-width: 1707px) 100vw, 1707px\" \/><\/figure><\/div>\n\n\n\n<p>Photo credits: \u00a9 Nour Films<\/p>","protected":false},"excerpt":{"rendered":"<p>Ah, campaign posters.<\/p>","protected":false},"author":97,"featured_media":39987,"comment_status":"open","ping_status":"closed","sticky":false,"template":"","format":"standard","meta":{"_acf_changed":false,"footnotes":""},"categories":[644355829],"tags":[644356506,644356505,644356511,644356507,644356509,644356504,80914,644356510,644356512],"class_list":["post-39978","post","type-post","status-publish","format-standard","has-post-thumbnail","hentry","category-films","tag-bastien-regnier","tag-etienne-chaillou","tag-florian-philippot","tag-la-cravate","tag-marine-le-pe","tag-mathias-thery","tag-quotidien","tag-rassemblement-national","tag-yann-barthes"],"acf":[],"yoast_head":"<!-- This site is optimized with the Yoast SEO Premium plugin v27.4 (Yoast SEO v27.4) - https:\/\/yoast.com\/product\/yoast-seo-premium-wordpress\/ -->\n<title>\u00abLa Cravate\u00bb: les id\u00e9es sacrifi\u00e9es<\/title>\n<meta name=\"robots\" content=\"index, follow, max-snippet:-1, max-image-preview:large, max-video-preview:-1\" \/>\n<link rel=\"canonical\" href=\"https:\/\/leregardlibre.com\/en\/cinema\/films\/the-tie-the-sacrificed-ideas\/\" \/>\n<meta property=\"og:locale\" content=\"en_US\" \/>\n<meta property=\"og:type\" content=\"article\" \/>\n<meta property=\"og:title\" content=\"\u00abLa Cravate\u00bb: les id\u00e9es sacrifi\u00e9es\" \/>\n<meta property=\"og:description\" content=\"Ah, les affiches de campagne.\" \/>\n<meta property=\"og:url\" content=\"https:\/\/leregardlibre.com\/en\/cinema\/films\/the-tie-the-sacrificed-ideas\/\" \/>\n<meta property=\"og:site_name\" content=\"Le Regard Libre\" \/>\n<meta property=\"article:publisher\" content=\"https:\/\/www.facebook.com\/leregardlibre\/\" \/>\n<meta property=\"article:published_time\" content=\"2021-04-14T10:00:00+00:00\" \/>\n<meta property=\"article:modified_time\" content=\"2025-12-04T21:25:20+00:00\" \/>\n<meta property=\"og:image\" content=\"https:\/\/leregardlibre.com\/wp-content\/uploads\/2021\/04\/La-Cravate_3-\u00a9-Nour-Films-_-Quark-Productions.jpg\" \/>\n\t<meta property=\"og:image:width\" content=\"2048\" \/>\n\t<meta property=\"og:image:height\" content=\"858\" \/>\n\t<meta property=\"og:image:type\" content=\"image\/jpeg\" \/>\n<meta name=\"author\" content=\"Fanny Agostino\" \/>\n<meta name=\"twitter:card\" content=\"summary_large_image\" \/>\n<meta name=\"twitter:creator\" content=\"@LeRegardLibre\" \/>\n<meta name=\"twitter:site\" content=\"@LeRegardLibre\" \/>\n<meta name=\"twitter:label1\" content=\"Written by\" \/>\n\t<meta name=\"twitter:data1\" content=\"Fanny Agostino\" \/>\n\t<meta name=\"twitter:label2\" content=\"Est. reading time\" \/>\n\t<meta name=\"twitter:data2\" content=\"6 minutes\" \/>\n<script type=\"application\/ld+json\" class=\"yoast-schema-graph\">{\"@context\":\"https:\\\/\\\/schema.org\",\"@graph\":[{\"@type\":\"Article\",\"@id\":\"https:\\\/\\\/leregardlibre.com\\\/cinema\\\/films\\\/la-cravate-les-idees-sacrifiees\\\/#article\",\"isPartOf\":{\"@id\":\"https:\\\/\\\/leregardlibre.com\\\/cinema\\\/films\\\/la-cravate-les-idees-sacrifiees\\\/\"},\"author\":{\"name\":\"Fanny Agostino\",\"@id\":\"https:\\\/\\\/leregardlibre.com\\\/#\\\/schema\\\/person\\\/265ee491807e412149da45979d6eddb7\"},\"headline\":\"\u00abLa Cravate\u00bb: les id\u00e9es sacrifi\u00e9es\",\"datePublished\":\"2021-04-14T10:00:00+00:00\",\"dateModified\":\"2025-12-04T21:25:20+00:00\",\"mainEntityOfPage\":{\"@id\":\"https:\\\/\\\/leregardlibre.com\\\/cinema\\\/films\\\/la-cravate-les-idees-sacrifiees\\\/\"},\"wordCount\":1222,\"commentCount\":0,\"publisher\":{\"@id\":\"https:\\\/\\\/leregardlibre.com\\\/#organization\"},\"image\":{\"@id\":\"https:\\\/\\\/leregardlibre.com\\\/cinema\\\/films\\\/la-cravate-les-idees-sacrifiees\\\/#primaryimage\"},\"thumbnailUrl\":\"https:\\\/\\\/leregardlibre.com\\\/wp-content\\\/uploads\\\/2021\\\/04\\\/La-Cravate_3-\u00a9-Nour-Films-_-Quark-Productions.jpg\",\"keywords\":[\"bastien r\u00e9gnier\",\"etienne chaillou\",\"florian philippot\",\"la cravate\",\"marine le pe\",\"mathias th\u00e9ry\",\"quotidien\",\"Rassemblement national\",\"yann barth\u00e8s\"],\"articleSection\":[\"Films\"],\"inLanguage\":\"en-US\",\"potentialAction\":[{\"@type\":\"CommentAction\",\"name\":\"Comment\",\"target\":[\"https:\\\/\\\/leregardlibre.com\\\/cinema\\\/films\\\/la-cravate-les-idees-sacrifiees\\\/#respond\"]}]},{\"@type\":\"WebPage\",\"@id\":\"https:\\\/\\\/leregardlibre.com\\\/cinema\\\/films\\\/la-cravate-les-idees-sacrifiees\\\/\",\"url\":\"https:\\\/\\\/leregardlibre.com\\\/cinema\\\/films\\\/la-cravate-les-idees-sacrifiees\\\/\",\"name\":\"\u00abLa Cravate\u00bb: les id\u00e9es sacrifi\u00e9es\",\"isPartOf\":{\"@id\":\"https:\\\/\\\/leregardlibre.com\\\/#website\"},\"primaryImageOfPage\":{\"@id\":\"https:\\\/\\\/leregardlibre.com\\\/cinema\\\/films\\\/la-cravate-les-idees-sacrifiees\\\/#primaryimage\"},\"image\":{\"@id\":\"https:\\\/\\\/leregardlibre.com\\\/cinema\\\/films\\\/la-cravate-les-idees-sacrifiees\\\/#primaryimage\"},\"thumbnailUrl\":\"https:\\\/\\\/leregardlibre.com\\\/wp-content\\\/uploads\\\/2021\\\/04\\\/La-Cravate_3-\u00a9-Nour-Films-_-Quark-Productions.jpg\",\"datePublished\":\"2021-04-14T10:00:00+00:00\",\"dateModified\":\"2025-12-04T21:25:20+00:00\",\"breadcrumb\":{\"@id\":\"https:\\\/\\\/leregardlibre.com\\\/cinema\\\/films\\\/la-cravate-les-idees-sacrifiees\\\/#breadcrumb\"},\"inLanguage\":\"en-US\",\"potentialAction\":[{\"@type\":\"ReadAction\",\"target\":[\"https:\\\/\\\/leregardlibre.com\\\/cinema\\\/films\\\/la-cravate-les-idees-sacrifiees\\\/\"]}]},{\"@type\":\"ImageObject\",\"inLanguage\":\"en-US\",\"@id\":\"https:\\\/\\\/leregardlibre.com\\\/cinema\\\/films\\\/la-cravate-les-idees-sacrifiees\\\/#primaryimage\",\"url\":\"https:\\\/\\\/leregardlibre.com\\\/wp-content\\\/uploads\\\/2021\\\/04\\\/La-Cravate_3-\u00a9-Nour-Films-_-Quark-Productions.jpg\",\"contentUrl\":\"https:\\\/\\\/leregardlibre.com\\\/wp-content\\\/uploads\\\/2021\\\/04\\\/La-Cravate_3-\u00a9-Nour-Films-_-Quark-Productions.jpg\",\"width\":2048,\"height\":858},{\"@type\":\"BreadcrumbList\",\"@id\":\"https:\\\/\\\/leregardlibre.com\\\/cinema\\\/films\\\/la-cravate-les-idees-sacrifiees\\\/#breadcrumb\",\"itemListElement\":[{\"@type\":\"ListItem\",\"position\":1,\"name\":\"Accueil\",\"item\":\"https:\\\/\\\/leregardlibre.com\\\/\"},{\"@type\":\"ListItem\",\"position\":2,\"name\":\"\u00abLa Cravate\u00bb: les id\u00e9es sacrifi\u00e9es\"}]},{\"@type\":\"WebSite\",\"@id\":\"https:\\\/\\\/leregardlibre.com\\\/#website\",\"url\":\"https:\\\/\\\/leregardlibre.com\\\/\",\"name\":\"Le Regard Libre\",\"description\":\"Premier mensuel suisse de d\u00e9bat\",\"publisher\":{\"@id\":\"https:\\\/\\\/leregardlibre.com\\\/#organization\"},\"potentialAction\":[{\"@type\":\"SearchAction\",\"target\":{\"@type\":\"EntryPoint\",\"urlTemplate\":\"https:\\\/\\\/leregardlibre.com\\\/?s={search_term_string}\"},\"query-input\":{\"@type\":\"PropertyValueSpecification\",\"valueRequired\":true,\"valueName\":\"search_term_string\"}}],\"inLanguage\":\"en-US\"},{\"@type\":\"Organization\",\"@id\":\"https:\\\/\\\/leregardlibre.com\\\/#organization\",\"name\":\"Le Regard Libre\",\"url\":\"https:\\\/\\\/leregardlibre.com\\\/\",\"logo\":{\"@type\":\"ImageObject\",\"inLanguage\":\"en-US\",\"@id\":\"https:\\\/\\\/leregardlibre.com\\\/#\\\/schema\\\/logo\\\/image\\\/\",\"url\":\"https:\\\/\\\/leregardlibre.com\\\/wp-content\\\/uploads\\\/2025\\\/08\\\/logo-rl-icone-neg.jpeg\",\"contentUrl\":\"https:\\\/\\\/leregardlibre.com\\\/wp-content\\\/uploads\\\/2025\\\/08\\\/logo-rl-icone-neg.jpeg\",\"width\":557,\"height\":556,\"caption\":\"Le Regard Libre\"},\"image\":{\"@id\":\"https:\\\/\\\/leregardlibre.com\\\/#\\\/schema\\\/logo\\\/image\\\/\"},\"sameAs\":[\"https:\\\/\\\/www.facebook.com\\\/leregardlibre\\\/\",\"https:\\\/\\\/x.com\\\/LeRegardLibre\",\"https:\\\/\\\/www.linkedin.com\\\/company\\\/le-regard-libre\",\"https:\\\/\\\/www.instagram.com\\\/leregardlibre\\\/\",\"http:\\\/\\\/t.me\\\/leregardlibre\",\"https:\\\/\\\/youtube.com\\\/channel\\\/UC6HzGPomj1LsUmlz-sJtITQ\"],\"description\":\"Le Regard Libre est un mensuel suisse de d\u00e9bat intellectuel et culturel. Sa r\u00e9daction est jeune, b\u00e9n\u00e9vole, lib\u00e9rale et pluraliste. Le magazine para\u00eet en ligne et sous forme papier. Sa langue est le fran\u00e7ais.\",\"email\":\"redaction@leregardlibre.com\",\"legalName\":\"Le Regard Libre\",\"foundingDate\":\"2014-01-01\",\"numberOfEmployees\":{\"@type\":\"QuantitativeValue\",\"minValue\":\"11\",\"maxValue\":\"50\"},\"publishingPrinciples\":\"https:\\\/\\\/leregardlibre.com\\\/a-propos\\\/notre-manifeste\\\/\",\"ownershipFundingInfo\":\"https:\\\/\\\/leregardlibre.com\\\/mentions-legales\\\/\",\"actionableFeedbackPolicy\":\"https:\\\/\\\/leregardlibre.com\\\/conditions-generales-de-vente\\\/\"},{\"@type\":\"Person\",\"@id\":\"https:\\\/\\\/leregardlibre.com\\\/#\\\/schema\\\/person\\\/265ee491807e412149da45979d6eddb7\",\"name\":\"Fanny Agostino\",\"image\":{\"@type\":\"ImageObject\",\"inLanguage\":\"en-US\",\"@id\":\"https:\\\/\\\/secure.gravatar.com\\\/avatar\\\/90fe5cd43703154fc2838ee01536fccd2dabf0a8102db425fb3ebed37f2919d2?s=96&d=identicon&r=g\",\"url\":\"https:\\\/\\\/secure.gravatar.com\\\/avatar\\\/90fe5cd43703154fc2838ee01536fccd2dabf0a8102db425fb3ebed37f2919d2?s=96&d=identicon&r=g\",\"contentUrl\":\"https:\\\/\\\/secure.gravatar.com\\\/avatar\\\/90fe5cd43703154fc2838ee01536fccd2dabf0a8102db425fb3ebed37f2919d2?s=96&d=identicon&r=g\",\"caption\":\"Fanny Agostino\"},\"description\":\"Enseignante, Fanny Agostino \u00e9crit des critiques de film et des articles touchant \u00e0 l'histoire et \u00e0 la musique pour Le Regard Libre. Elle est aussi co-responsable la rubrique Cin\u00e9ma.\",\"sameAs\":[\"https:\\\/\\\/leregardlibre.com\\\/\",\"https:\\\/\\\/fr.wikipedia.org\\\/wiki\\\/Le_Regard_libre\"],\"url\":\"https:\\\/\\\/leregardlibre.com\\\/en\\\/author\\\/fanny-agostino\\\/\"}]}<\/script>\n<!-- \/ Yoast SEO Premium plugin. -->","yoast_head_json":{"title":"\u00abLa Cravate\u00bb: ideas sacrificed","robots":{"index":"index","follow":"follow","max-snippet":"max-snippet:-1","max-image-preview":"max-image-preview:large","max-video-preview":"max-video-preview:-1"},"canonical":"https:\/\/leregardlibre.com\/en\/cinema\/films\/the-tie-the-sacrificed-ideas\/","og_locale":"en_US","og_type":"article","og_title":"\u00abLa Cravate\u00bb: les id\u00e9es sacrifi\u00e9es","og_description":"Ah, les affiches de campagne.","og_url":"https:\/\/leregardlibre.com\/en\/cinema\/films\/the-tie-the-sacrificed-ideas\/","og_site_name":"Le Regard Libre","article_publisher":"https:\/\/www.facebook.com\/leregardlibre\/","article_published_time":"2021-04-14T10:00:00+00:00","article_modified_time":"2025-12-04T21:25:20+00:00","og_image":[{"width":2048,"height":858,"url":"https:\/\/leregardlibre.com\/wp-content\/uploads\/2021\/04\/La-Cravate_3-\u00a9-Nour-Films-_-Quark-Productions.jpg","type":"image\/jpeg"}],"author":"Fanny Agostino","twitter_card":"summary_large_image","twitter_creator":"@LeRegardLibre","twitter_site":"@LeRegardLibre","twitter_misc":{"Written by":"Fanny Agostino","Est. reading time":"6 minutes"},"schema":{"@context":"https:\/\/schema.org","@graph":[{"@type":"Article","@id":"https:\/\/leregardlibre.com\/cinema\/films\/la-cravate-les-idees-sacrifiees\/#article","isPartOf":{"@id":"https:\/\/leregardlibre.com\/cinema\/films\/la-cravate-les-idees-sacrifiees\/"},"author":{"name":"Fanny Agostino","@id":"https:\/\/leregardlibre.com\/#\/schema\/person\/265ee491807e412149da45979d6eddb7"},"headline":"\u00abLa Cravate\u00bb: les id\u00e9es sacrifi\u00e9es","datePublished":"2021-04-14T10:00:00+00:00","dateModified":"2025-12-04T21:25:20+00:00","mainEntityOfPage":{"@id":"https:\/\/leregardlibre.com\/cinema\/films\/la-cravate-les-idees-sacrifiees\/"},"wordCount":1222,"commentCount":0,"publisher":{"@id":"https:\/\/leregardlibre.com\/#organization"},"image":{"@id":"https:\/\/leregardlibre.com\/cinema\/films\/la-cravate-les-idees-sacrifiees\/#primaryimage"},"thumbnailUrl":"https:\/\/leregardlibre.com\/wp-content\/uploads\/2021\/04\/La-Cravate_3-\u00a9-Nour-Films-_-Quark-Productions.jpg","keywords":["bastien r\u00e9gnier","etienne chaillou","florian philippot","la cravate","marine le pe","mathias th\u00e9ry","quotidien","Rassemblement national","yann barth\u00e8s"],"articleSection":["Films"],"inLanguage":"en-US","potentialAction":[{"@type":"CommentAction","name":"Comment","target":["https:\/\/leregardlibre.com\/cinema\/films\/la-cravate-les-idees-sacrifiees\/#respond"]}]},{"@type":"WebPage","@id":"https:\/\/leregardlibre.com\/cinema\/films\/la-cravate-les-idees-sacrifiees\/","url":"https:\/\/leregardlibre.com\/cinema\/films\/la-cravate-les-idees-sacrifiees\/","name":"\u00abLa Cravate\u00bb: ideas sacrificed","isPartOf":{"@id":"https:\/\/leregardlibre.com\/#website"},"primaryImageOfPage":{"@id":"https:\/\/leregardlibre.com\/cinema\/films\/la-cravate-les-idees-sacrifiees\/#primaryimage"},"image":{"@id":"https:\/\/leregardlibre.com\/cinema\/films\/la-cravate-les-idees-sacrifiees\/#primaryimage"},"thumbnailUrl":"https:\/\/leregardlibre.com\/wp-content\/uploads\/2021\/04\/La-Cravate_3-\u00a9-Nour-Films-_-Quark-Productions.jpg","datePublished":"2021-04-14T10:00:00+00:00","dateModified":"2025-12-04T21:25:20+00:00","breadcrumb":{"@id":"https:\/\/leregardlibre.com\/cinema\/films\/la-cravate-les-idees-sacrifiees\/#breadcrumb"},"inLanguage":"en-US","potentialAction":[{"@type":"ReadAction","target":["https:\/\/leregardlibre.com\/cinema\/films\/la-cravate-les-idees-sacrifiees\/"]}]},{"@type":"ImageObject","inLanguage":"en-US","@id":"https:\/\/leregardlibre.com\/cinema\/films\/la-cravate-les-idees-sacrifiees\/#primaryimage","url":"https:\/\/leregardlibre.com\/wp-content\/uploads\/2021\/04\/La-Cravate_3-\u00a9-Nour-Films-_-Quark-Productions.jpg","contentUrl":"https:\/\/leregardlibre.com\/wp-content\/uploads\/2021\/04\/La-Cravate_3-\u00a9-Nour-Films-_-Quark-Productions.jpg","width":2048,"height":858},{"@type":"BreadcrumbList","@id":"https:\/\/leregardlibre.com\/cinema\/films\/la-cravate-les-idees-sacrifiees\/#breadcrumb","itemListElement":[{"@type":"ListItem","position":1,"name":"Accueil","item":"https:\/\/leregardlibre.com\/"},{"@type":"ListItem","position":2,"name":"\u00abLa Cravate\u00bb: les id\u00e9es sacrifi\u00e9es"}]},{"@type":"WebSite","@id":"https:\/\/leregardlibre.com\/#website","url":"https:\/\/leregardlibre.com\/","name":"Le Regard Libre","description":"Switzerland's first monthly debate magazine","publisher":{"@id":"https:\/\/leregardlibre.com\/#organization"},"potentialAction":[{"@type":"SearchAction","target":{"@type":"EntryPoint","urlTemplate":"https:\/\/leregardlibre.com\/?s={search_term_string}"},"query-input":{"@type":"PropertyValueSpecification","valueRequired":true,"valueName":"search_term_string"}}],"inLanguage":"en-US"},{"@type":"Organization","@id":"https:\/\/leregardlibre.com\/#organization","name":"Le Regard Libre","url":"https:\/\/leregardlibre.com\/","logo":{"@type":"ImageObject","inLanguage":"en-US","@id":"https:\/\/leregardlibre.com\/#\/schema\/logo\/image\/","url":"https:\/\/leregardlibre.com\/wp-content\/uploads\/2025\/08\/logo-rl-icone-neg.jpeg","contentUrl":"https:\/\/leregardlibre.com\/wp-content\/uploads\/2025\/08\/logo-rl-icone-neg.jpeg","width":557,"height":556,"caption":"Le Regard Libre"},"image":{"@id":"https:\/\/leregardlibre.com\/#\/schema\/logo\/image\/"},"sameAs":["https:\/\/www.facebook.com\/leregardlibre\/","https:\/\/x.com\/LeRegardLibre","https:\/\/www.linkedin.com\/company\/le-regard-libre","https:\/\/www.instagram.com\/leregardlibre\/","http:\/\/t.me\/leregardlibre","https:\/\/youtube.com\/channel\/UC6HzGPomj1LsUmlz-sJtITQ"],"description":"Le Regard Libre is a Swiss monthly magazine for intellectual and cultural debate. Its editorial team is young, voluntary, liberal and pluralist. The magazine appears online and in print. Its language is French.","email":"redaction@leregardlibre.com","legalName":"Le Regard Libre","foundingDate":"2014-01-01","numberOfEmployees":{"@type":"QuantitativeValue","minValue":"11","maxValue":"50"},"publishingPrinciples":"https:\/\/leregardlibre.com\/a-propos\/notre-manifeste\/","ownershipFundingInfo":"https:\/\/leregardlibre.com\/mentions-legales\/","actionableFeedbackPolicy":"https:\/\/leregardlibre.com\/conditions-generales-de-vente\/"},{"@type":"Person","@id":"https:\/\/leregardlibre.com\/#\/schema\/person\/265ee491807e412149da45979d6eddb7","name":"Fanny Agostino","image":{"@type":"ImageObject","inLanguage":"en-US","@id":"https:\/\/secure.gravatar.com\/avatar\/90fe5cd43703154fc2838ee01536fccd2dabf0a8102db425fb3ebed37f2919d2?s=96&d=identicon&r=g","url":"https:\/\/secure.gravatar.com\/avatar\/90fe5cd43703154fc2838ee01536fccd2dabf0a8102db425fb3ebed37f2919d2?s=96&d=identicon&r=g","contentUrl":"https:\/\/secure.gravatar.com\/avatar\/90fe5cd43703154fc2838ee01536fccd2dabf0a8102db425fb3ebed37f2919d2?s=96&d=identicon&r=g","caption":"Fanny Agostino"},"description":"A teacher, Fanny Agostino writes film reviews and articles on history and music for Le Regard Libre. She is also co-responsible for the cinema column.","sameAs":["https:\/\/leregardlibre.com\/","https:\/\/fr.wikipedia.org\/wiki\/Le_Regard_libre"],"url":"https:\/\/leregardlibre.com\/en\/author\/fanny-agostino\/"}]}},"_links":{"self":[{"href":"https:\/\/leregardlibre.com\/en\/wp-json\/wp\/v2\/posts\/39978","targetHints":{"allow":["GET"]}}],"collection":[{"href":"https:\/\/leregardlibre.com\/en\/wp-json\/wp\/v2\/posts"}],"about":[{"href":"https:\/\/leregardlibre.com\/en\/wp-json\/wp\/v2\/types\/post"}],"author":[{"embeddable":true,"href":"https:\/\/leregardlibre.com\/en\/wp-json\/wp\/v2\/users\/97"}],"replies":[{"embeddable":true,"href":"https:\/\/leregardlibre.com\/en\/wp-json\/wp\/v2\/comments?post=39978"}],"version-history":[{"count":1,"href":"https:\/\/leregardlibre.com\/en\/wp-json\/wp\/v2\/posts\/39978\/revisions"}],"predecessor-version":[{"id":511110,"href":"https:\/\/leregardlibre.com\/en\/wp-json\/wp\/v2\/posts\/39978\/revisions\/511110"}],"wp:featuredmedia":[{"embeddable":true,"href":"https:\/\/leregardlibre.com\/en\/wp-json\/wp\/v2\/media\/39987"}],"wp:attachment":[{"href":"https:\/\/leregardlibre.com\/en\/wp-json\/wp\/v2\/media?parent=39978"}],"wp:term":[{"taxonomy":"category","embeddable":true,"href":"https:\/\/leregardlibre.com\/en\/wp-json\/wp\/v2\/categories?post=39978"},{"taxonomy":"post_tag","embeddable":true,"href":"https:\/\/leregardlibre.com\/en\/wp-json\/wp\/v2\/tags?post=39978"}],"curies":[{"name":"wp","href":"https:\/\/api.w.org\/{rel}","templated":true}]}}